{"id":336,"date":"2010-03-14T22:27:00","date_gmt":"2010-03-14T22:27:00","guid":{"rendered":"http:\/\/carideal.com\/blog\/?p=336"},"modified":"2020-03-07T16:49:27","modified_gmt":"2020-03-07T15:49:27","slug":"toyota-prius-a-aussi-sa-campagne-de-rappel","status":"publish","type":"post","link":"https:\/\/www.carideal.com\/blog\/2010\/03\/14\/toyota-prius-a-aussi-sa-campagne-de-rappel\/","title":{"rendered":"La Prius a aussi sa campagne de rappel"},"content":{"rendered":"<h1>La Toyota Prius a aussi sa campagne de rappel<\/h1>\n<blockquote><p>La Toyota Prius doit elle faire face \u00e0 des probl\u00e8mes d'ABS et subi une campagne de rappel constructeur.<\/p><\/blockquote>\n<p>Parall\u00e8lement \u00e0 la rectification de la p\u00e9dale d'acc\u00e9l\u00e9rateur, Toyota rappelle sa nouvelle <span style=\"text-decoration: underline;\"><a href=\"http:\/\/www.carideal.com\/blog\/2009\/05\/19\/toyota-prius-2009\/\">Prius<\/a><\/span>, suite \u00e0 des plaintes aux Etats Unis et au Japon, le constructeur doit corriger 270000 mod\u00e8les dans ces deux pays et 52903 en Europe. La raison\u00a0? Eradiquer l'impression d'inconsistance lors d'un freinage faible et constant sur rev\u00e8tement bossel\u00e9 ou glissant et lorsque l'ABS se met en fonction.<br \/>\nAfin de r\u00e9duire le temps de r\u00e9ponse du freinage et la sensibilit\u00e9 de l'ABS au glissement des pneumatiques, la solution passe par le t\u00e9l\u00e9chargement d'un nouveau logiciel dans l'unit\u00e9 de gestion du syst\u00e8me ABS. En france, 7573 clients viennent de recevoir un courrier avec accus\u00e9 de reception les invitant \u00e0 passer par les ateliers du r\u00e9seau. l'intervention dure 40 minutes. Les mod\u00e8les depuis Juin 2009 sont tous concern\u00e9s. Pendant ce temps les <span style=\"text-decoration: underline;\"><a href=\"http:\/\/www.carideal.com\/blog\/2008\/12\/16\/byd-auto-la-premiere-voiture-hybride-rechargeable-a-domicile-arrive-en-chine\/\">ventes de voitures hybrides en Chines<\/a><\/span> se portent bien.<\/p>\n","protected":false},"excerpt":{"rendered":"<p>La Toyota Prius a aussi sa campagne de rappel La Toyota Prius doit elle faire face \u00e0 des probl\u00e8mes d&rsquo;ABS et subi une campagne de rappel constructeur. Parall\u00e8lement \u00e0 la rectification de la p\u00e9dale d&rsquo;acc\u00e9l\u00e9rateur, Toyota rappelle sa nouvelle Prius, suite \u00e0 des plaintes aux Etats Unis et au Japon, le constructeur doit corriger 270000 &#8230; <a title=\"La Prius a aussi sa campagne de rappel\" class=\"read-more\" href=\"https:\/\/www.carideal.com\/blog\/2010\/03\/14\/toyota-prius-a-aussi-sa-campagne-de-rappel\/\" aria-label=\"En savoir plus sur La Prius a aussi sa campagne de rappel\">Lire plus<\/a><\/p>\n","protected":false},"author":1,"featured_media":0,"comment_status":"open","ping_status":"open","sticky":false,"template":"","format":"standard","meta":{"_uag_custom_page_level_css":"","_themeisle_gutenberg_block_has_review":false,"footnotes":""},"categories":[5944,5951,8,5080,6089],"tags":[6084],"class_list":["post-336","post","type-post","status-publish","format-standard","hentry","category-constructeur","category-toyota","category-garage-entretien-automobile","category-technologie-2","category-hybride","tag-rappel-constructeur"],"wppr_data":[],"yoast_head":"<!-- This site is optimized with the Yoast SEO plugin v24.8.1 - https:\/\/yoast.com\/wordpress\/plugins\/seo\/ -->\n<title>La Prius a aussi sa campagne de rappel - Blog auto Carid\u00e9al<\/title>\n<meta name=\"robots\" content=\"index, follow, max-snippet:-1, max-image-preview:large, max-video-preview:-1\" \/>\n<link rel=\"canonical\" href=\"https:\/\/www.carideal.com\/blog\/2010\/03\/14\/toyota-prius-a-aussi-sa-campagne-de-rappel\/\" \/>\n<meta property=\"og:locale\" content=\"fr_FR\" \/>\n<meta property=\"og:type\" content=\"article\" \/>\n<meta property=\"og:title\" content=\"La Prius a aussi sa campagne de rappel - Blog auto Carid\u00e9al\" \/>\n<meta property=\"og:description\" content=\"La Toyota Prius a aussi sa campagne de rappel La Toyota Prius doit elle faire face \u00e0 des probl\u00e8mes d&#039;ABS et subi une campagne de rappel constructeur. Parall\u00e8lement \u00e0 la rectification de la p\u00e9dale d&#039;acc\u00e9l\u00e9rateur, Toyota rappelle sa nouvelle Prius, suite \u00e0 des plaintes aux Etats Unis et au Japon, le constructeur doit corriger 270000 ... Lire plus\" \/>\n<meta property=\"og:url\" content=\"https:\/\/www.carideal.com\/blog\/2010\/03\/14\/toyota-prius-a-aussi-sa-campagne-de-rappel\/\" \/>\n<meta property=\"og:site_name\" content=\"Blog auto Carid\u00e9al\" \/>\n<meta property=\"article:publisher\" content=\"https:\/\/www.facebook.com\/Carideal.mandataire.automobile\" \/>\n<meta property=\"article:author\" content=\"https:\/\/www.facebook.com\/Carideal.mandataire.automobile\/\" \/>\n<meta property=\"article:published_time\" content=\"2010-03-14T22:27:00+00:00\" \/>\n<meta property=\"article:modified_time\" content=\"2020-03-07T15:49:27+00:00\" \/>\n<meta property=\"og:image\" content=\"https:\/\/www.carideal.com\/blog\/wp-content\/uploads\/2016\/03\/logo-carideal-mandataire-automobile.png\" \/>\n\t<meta property=\"og:image:width\" content=\"300\" \/>\n\t<meta property=\"og:image:height\" content=\"300\" \/>\n\t<meta property=\"og:image:type\" content=\"image\/png\" \/>\n<meta name=\"author\" content=\"N.S Carideal\" \/>\n<meta name=\"twitter:card\" content=\"summary_large_image\" \/>\n<meta name=\"twitter:creator\" content=\"@caridealauto\" \/>\n<meta name=\"twitter:site\" content=\"@caridealauto\" \/>\n<meta name=\"twitter:label1\" content=\"\u00c9crit par\" \/>\n\t<meta name=\"twitter:data1\" content=\"N.S Carideal\" \/>\n\t<meta name=\"twitter:label2\" content=\"Dur\u00e9e de lecture estim\u00e9e\" \/>\n\t<meta name=\"twitter:data2\" content=\"1 minute\" \/>\n<script type=\"application\/ld+json\" class=\"yoast-schema-graph\">{\"@context\":\"https:\/\/schema.org\",\"@graph\":[{\"@type\":\"Article\",\"@id\":\"https:\/\/www.carideal.com\/blog\/2010\/03\/14\/toyota-prius-a-aussi-sa-campagne-de-rappel\/#article\",\"isPartOf\":{\"@id\":\"https:\/\/www.carideal.com\/blog\/2010\/03\/14\/toyota-prius-a-aussi-sa-campagne-de-rappel\/\"},\"author\":{\"name\":\"N.S Carideal\",\"@id\":\"https:\/\/www.carideal.com\/blog\/#\/schema\/person\/985c7e757d1042d647f21bfaf8d41ebc\"},\"headline\":\"La Prius a aussi sa campagne de rappel\",\"datePublished\":\"2010-03-14T22:27:00+00:00\",\"dateModified\":\"2020-03-07T15:49:27+00:00\",\"mainEntityOfPage\":{\"@id\":\"https:\/\/www.carideal.com\/blog\/2010\/03\/14\/toyota-prius-a-aussi-sa-campagne-de-rappel\/\"},\"wordCount\":182,\"commentCount\":0,\"publisher\":{\"@id\":\"https:\/\/www.carideal.com\/blog\/#organization\"},\"keywords\":[\"Rappel constructeur\"],\"articleSection\":[\"Actualit\u00e9 Constructeur automobile\",\"Actualit\u00e9 Toyota\",\"Garage automobile r\u00e9vision voiture\",\"Technologie Automobile\",\"Voiture Hybride\"],\"inLanguage\":\"fr-FR\",\"potentialAction\":[{\"@type\":\"CommentAction\",\"name\":\"Comment\",\"target\":[\"https:\/\/www.carideal.com\/blog\/2010\/03\/14\/toyota-prius-a-aussi-sa-campagne-de-rappel\/#respond\"]}]},{\"@type\":\"WebPage\",\"@id\":\"https:\/\/www.carideal.com\/blog\/2010\/03\/14\/toyota-prius-a-aussi-sa-campagne-de-rappel\/\",\"url\":\"https:\/\/www.carideal.com\/blog\/2010\/03\/14\/toyota-prius-a-aussi-sa-campagne-de-rappel\/\",\"name\":\"La Prius a aussi sa campagne de rappel - Blog auto Carid\u00e9al\",\"isPartOf\":{\"@id\":\"https:\/\/www.carideal.com\/blog\/#website\"},\"datePublished\":\"2010-03-14T22:27:00+00:00\",\"dateModified\":\"2020-03-07T15:49:27+00:00\",\"breadcrumb\":{\"@id\":\"https:\/\/www.carideal.com\/blog\/2010\/03\/14\/toyota-prius-a-aussi-sa-campagne-de-rappel\/#breadcrumb\"},\"inLanguage\":\"fr-FR\",\"potentialAction\":[{\"@type\":\"ReadAction\",\"target\":[\"https:\/\/www.carideal.com\/blog\/2010\/03\/14\/toyota-prius-a-aussi-sa-campagne-de-rappel\/\"]}]},{\"@type\":\"BreadcrumbList\",\"@id\":\"https:\/\/www.carideal.com\/blog\/2010\/03\/14\/toyota-prius-a-aussi-sa-campagne-de-rappel\/#breadcrumb\",\"itemListElement\":[{\"@type\":\"ListItem\",\"position\":1,\"name\":\"Blog Carid\u00e9al\",\"item\":\"https:\/\/www.carideal.com\/blog\/\"},{\"@type\":\"ListItem\",\"position\":2,\"name\":\"Garage automobile r\u00e9vision voiture\",\"item\":\"https:\/\/www.carideal.com\/blog\/garage-entretien-automobile\/\"},{\"@type\":\"ListItem\",\"position\":3,\"name\":\"La Prius a aussi sa campagne de rappel\"}]},{\"@type\":\"WebSite\",\"@id\":\"https:\/\/www.carideal.com\/blog\/#website\",\"url\":\"https:\/\/www.carideal.com\/blog\/\",\"name\":\"Blog auto Carid\u00e9al\",\"description\":\"Actualit\u00e9 auto par des passionn\u00e9s\",\"publisher\":{\"@id\":\"https:\/\/www.carideal.com\/blog\/#organization\"},\"potentialAction\":[{\"@type\":\"SearchAction\",\"target\":{\"@type\":\"EntryPoint\",\"urlTemplate\":\"https:\/\/www.carideal.com\/blog\/?s={search_term_string}\"},\"query-input\":{\"@type\":\"PropertyValueSpecification\",\"valueRequired\":true,\"valueName\":\"search_term_string\"}}],\"inLanguage\":\"fr-FR\"},{\"@type\":\"Organization\",\"@id\":\"https:\/\/www.carideal.com\/blog\/#organization\",\"name\":\"Carideal\",\"url\":\"https:\/\/www.carideal.com\/blog\/\",\"logo\":{\"@type\":\"ImageObject\",\"inLanguage\":\"fr-FR\",\"@id\":\"https:\/\/www.carideal.com\/blog\/#\/schema\/logo\/image\/\",\"url\":\"http:\/\/www.carideal.com\/blog\/wp-content\/uploads\/2016\/03\/logo-carideal-mandataire-automobile.png\",\"contentUrl\":\"http:\/\/www.carideal.com\/blog\/wp-content\/uploads\/2016\/03\/logo-carideal-mandataire-automobile.png\",\"width\":300,\"height\":300,\"caption\":\"Carideal\"},\"image\":{\"@id\":\"https:\/\/www.carideal.com\/blog\/#\/schema\/logo\/image\/\"},\"sameAs\":[\"https:\/\/www.facebook.com\/Carideal.mandataire.automobile\",\"https:\/\/x.com\/caridealauto\",\"https:\/\/www.instagram.com\/carideal1\/\",\"https:\/\/www.linkedin.com\/company\/carideal.com\",\"https:\/\/fr.pinterest.com\/schiavonsas\/\",\"https:\/\/www.youtube.com\/user\/caridealsas\"]},{\"@type\":\"Person\",\"@id\":\"https:\/\/www.carideal.com\/blog\/#\/schema\/person\/985c7e757d1042d647f21bfaf8d41ebc\",\"name\":\"N.S Carideal\",\"image\":{\"@type\":\"ImageObject\",\"inLanguage\":\"fr-FR\",\"@id\":\"https:\/\/www.carideal.com\/blog\/#\/schema\/person\/image\/\",\"url\":\"https:\/\/secure.gravatar.com\/avatar\/edb7ccdf1a4e3d14aef967760d354d0e?s=96&r=g\",\"contentUrl\":\"https:\/\/secure.gravatar.com\/avatar\/edb7ccdf1a4e3d14aef967760d354d0e?s=96&r=g\",\"caption\":\"N.S Carideal\"},\"description\":\"Depuis tout petit fan d'automobile. Il est question d'essayer et de comparer toutes ces voitures qui nous ont fait r\u00e9ver, avant que celles-ci ne devient uniquement des voitures de collection.\",\"sameAs\":[\"http:\/\/www.carideal.com\/blog\",\"https:\/\/www.facebook.com\/Carideal.mandataire.automobile\/\",\"https:\/\/www.linkedin.com\/in\/nschiavon\/\",\"https:\/\/www.youtube.com\/user\/caridealsas\/\"],\"url\":\"https:\/\/www.carideal.com\/blog\/author\/admin_carideal\/\"}]}<\/script>\n<!-- \/ Yoast SEO plugin. -->","yoast_head_json":{"title":"La Prius a aussi sa campagne de rappel - Blog auto Carid\u00e9al","robots":{"index":"index","follow":"follow","max-snippet":"max-snippet:-1","max-image-preview":"max-image-preview:large","max-video-preview":"max-video-preview:-1"},"canonical":"https:\/\/www.carideal.com\/blog\/2010\/03\/14\/toyota-prius-a-aussi-sa-campagne-de-rappel\/","og_locale":"fr_FR","og_type":"article","og_title":"La Prius a aussi sa campagne de rappel - Blog auto Carid\u00e9al","og_description":"La Toyota Prius a aussi sa campagne de rappel La Toyota Prius doit elle faire face \u00e0 des probl\u00e8mes d'ABS et subi une campagne de rappel constructeur. Parall\u00e8lement \u00e0 la rectification de la p\u00e9dale d'acc\u00e9l\u00e9rateur, Toyota rappelle sa nouvelle Prius, suite \u00e0 des plaintes aux Etats Unis et au Japon, le constructeur doit corriger 270000 ... Lire plus","og_url":"https:\/\/www.carideal.com\/blog\/2010\/03\/14\/toyota-prius-a-aussi-sa-campagne-de-rappel\/","og_site_name":"Blog auto Carid\u00e9al","article_publisher":"https:\/\/www.facebook.com\/Carideal.mandataire.automobile","article_author":"https:\/\/www.facebook.com\/Carideal.mandataire.automobile\/","article_published_time":"2010-03-14T22:27:00+00:00","article_modified_time":"2020-03-07T15:49:27+00:00","og_image":[{"width":300,"height":300,"url":"https:\/\/www.carideal.com\/blog\/wp-content\/uploads\/2016\/03\/logo-carideal-mandataire-automobile.png","type":"image\/png"}],"author":"N.S Carideal","twitter_card":"summary_large_image","twitter_creator":"@caridealauto","twitter_site":"@caridealauto","twitter_misc":{"\u00c9crit par":"N.S Carideal","Dur\u00e9e de lecture estim\u00e9e":"1 minute"},"schema":{"@context":"https:\/\/schema.org","@graph":[{"@type":"Article","@id":"https:\/\/www.carideal.com\/blog\/2010\/03\/14\/toyota-prius-a-aussi-sa-campagne-de-rappel\/#article","isPartOf":{"@id":"https:\/\/www.carideal.com\/blog\/2010\/03\/14\/toyota-prius-a-aussi-sa-campagne-de-rappel\/"},"author":{"name":"N.S Carideal","@id":"https:\/\/www.carideal.com\/blog\/#\/schema\/person\/985c7e757d1042d647f21bfaf8d41ebc"},"headline":"La Prius a aussi sa campagne de rappel","datePublished":"2010-03-14T22:27:00+00:00","dateModified":"2020-03-07T15:49:27+00:00","mainEntityOfPage":{"@id":"https:\/\/www.carideal.com\/blog\/2010\/03\/14\/toyota-prius-a-aussi-sa-campagne-de-rappel\/"},"wordCount":182,"commentCount":0,"publisher":{"@id":"https:\/\/www.carideal.com\/blog\/#organization"},"keywords":["Rappel constructeur"],"articleSection":["Actualit\u00e9 Constructeur automobile","Actualit\u00e9 Toyota","Garage automobile r\u00e9vision voiture","Technologie Automobile","Voiture Hybride"],"inLanguage":"fr-FR","potentialAction":[{"@type":"CommentAction","name":"Comment","target":["https:\/\/www.carideal.com\/blog\/2010\/03\/14\/toyota-prius-a-aussi-sa-campagne-de-rappel\/#respond"]}]},{"@type":"WebPage","@id":"https:\/\/www.carideal.com\/blog\/2010\/03\/14\/toyota-prius-a-aussi-sa-campagne-de-rappel\/","url":"https:\/\/www.carideal.com\/blog\/2010\/03\/14\/toyota-prius-a-aussi-sa-campagne-de-rappel\/","name":"La Prius a aussi sa campagne de rappel - Blog auto Carid\u00e9al","isPartOf":{"@id":"https:\/\/www.carideal.com\/blog\/#website"},"datePublished":"2010-03-14T22:27:00+00:00","dateModified":"2020-03-07T15:49:27+00:00","breadcrumb":{"@id":"https:\/\/www.carideal.com\/blog\/2010\/03\/14\/toyota-prius-a-aussi-sa-campagne-de-rappel\/#breadcrumb"},"inLanguage":"fr-FR","potentialAction":[{"@type":"ReadAction","target":["https:\/\/www.carideal.com\/blog\/2010\/03\/14\/toyota-prius-a-aussi-sa-campagne-de-rappel\/"]}]},{"@type":"BreadcrumbList","@id":"https:\/\/www.carideal.com\/blog\/2010\/03\/14\/toyota-prius-a-aussi-sa-campagne-de-rappel\/#breadcrumb","itemListElement":[{"@type":"ListItem","position":1,"name":"Blog Carid\u00e9al","item":"https:\/\/www.carideal.com\/blog\/"},{"@type":"ListItem","position":2,"name":"Garage automobile r\u00e9vision voiture","item":"https:\/\/www.carideal.com\/blog\/garage-entretien-automobile\/"},{"@type":"ListItem","position":3,"name":"La Prius a aussi sa campagne de rappel"}]},{"@type":"WebSite","@id":"https:\/\/www.carideal.com\/blog\/#website","url":"https:\/\/www.carideal.com\/blog\/","name":"Blog auto Carid\u00e9al","description":"Actualit\u00e9 auto par des passionn\u00e9s","publisher":{"@id":"https:\/\/www.carideal.com\/blog\/#organization"},"potentialAction":[{"@type":"SearchAction","target":{"@type":"EntryPoint","urlTemplate":"https:\/\/www.carideal.com\/blog\/?s={search_term_string}"},"query-input":{"@type":"PropertyValueSpecification","valueRequired":true,"valueName":"search_term_string"}}],"inLanguage":"fr-FR"},{"@type":"Organization","@id":"https:\/\/www.carideal.com\/blog\/#organization","name":"Carideal","url":"https:\/\/www.carideal.com\/blog\/","logo":{"@type":"ImageObject","inLanguage":"fr-FR","@id":"https:\/\/www.carideal.com\/blog\/#\/schema\/logo\/image\/","url":"http:\/\/www.carideal.com\/blog\/wp-content\/uploads\/2016\/03\/logo-carideal-mandataire-automobile.png","contentUrl":"http:\/\/www.carideal.com\/blog\/wp-content\/uploads\/2016\/03\/logo-carideal-mandataire-automobile.png","width":300,"height":300,"caption":"Carideal"},"image":{"@id":"https:\/\/www.carideal.com\/blog\/#\/schema\/logo\/image\/"},"sameAs":["https:\/\/www.facebook.com\/Carideal.mandataire.automobile","https:\/\/x.com\/caridealauto","https:\/\/www.instagram.com\/carideal1\/","https:\/\/www.linkedin.com\/company\/carideal.com","https:\/\/fr.pinterest.com\/schiavonsas\/","https:\/\/www.youtube.com\/user\/caridealsas"]},{"@type":"Person","@id":"https:\/\/www.carideal.com\/blog\/#\/schema\/person\/985c7e757d1042d647f21bfaf8d41ebc","name":"N.S Carideal","image":{"@type":"ImageObject","inLanguage":"fr-FR","@id":"https:\/\/www.carideal.com\/blog\/#\/schema\/person\/image\/","url":"https:\/\/secure.gravatar.com\/avatar\/edb7ccdf1a4e3d14aef967760d354d0e?s=96&r=g","contentUrl":"https:\/\/secure.gravatar.com\/avatar\/edb7ccdf1a4e3d14aef967760d354d0e?s=96&r=g","caption":"N.S Carideal"},"description":"Depuis tout petit fan d'automobile. Il est question d'essayer et de comparer toutes ces voitures qui nous ont fait r\u00e9ver, avant que celles-ci ne devient uniquement des voitures de collection.","sameAs":["http:\/\/www.carideal.com\/blog","https:\/\/www.facebook.com\/Carideal.mandataire.automobile\/","https:\/\/www.linkedin.com\/in\/nschiavon\/","https:\/\/www.youtube.com\/user\/caridealsas\/"],"url":"https:\/\/www.carideal.com\/blog\/author\/admin_carideal\/"}]}},"uagb_featured_image_src":{"full":false,"thumbnail":false,"medium":false,"medium_large":false,"large":false,"1536x1536":false,"2048x2048":false,"wppr-widget":false},"uagb_author_info":{"display_name":"N.S Carideal","author_link":"https:\/\/www.carideal.com\/blog\/author\/admin_carideal\/"},"uagb_comment_info":0,"uagb_excerpt":"La Toyota Prius a aussi sa campagne de rappel La Toyota Prius doit elle faire face \u00e0 des probl\u00e8mes d'ABS et subi une campagne de rappel constructeur. Parall\u00e8lement \u00e0 la rectification de la p\u00e9dale d'acc\u00e9l\u00e9rateur, Toyota rappelle sa nouvelle Prius, suite \u00e0 des plaintes aux Etats Unis et au Japon, le constructeur doit corriger 270000\u2026","_links":{"self":[{"href":"https:\/\/www.carideal.com\/blog\/wp-json\/wp\/v2\/posts\/336"}],"collection":[{"href":"https:\/\/www.carideal.com\/blog\/wp-json\/wp\/v2\/posts"}],"about":[{"href":"https:\/\/www.carideal.com\/blog\/wp-json\/wp\/v2\/types\/post"}],"author":[{"embeddable":true,"href":"https:\/\/www.carideal.com\/blog\/wp-json\/wp\/v2\/users\/1"}],"replies":[{"embeddable":true,"href":"https:\/\/www.carideal.com\/blog\/wp-json\/wp\/v2\/comments?post=336"}],"version-history":[{"count":0,"href":"https:\/\/www.carideal.com\/blog\/wp-json\/wp\/v2\/posts\/336\/revisions"}],"wp:attachment":[{"href":"https:\/\/www.carideal.com\/blog\/wp-json\/wp\/v2\/media?parent=336"}],"wp:term":[{"taxonomy":"category","embeddable":true,"href":"https:\/\/www.carideal.com\/blog\/wp-json\/wp\/v2\/categories?post=336"},{"taxonomy":"post_tag","embeddable":true,"href":"https:\/\/www.carideal.com\/blog\/wp-json\/wp\/v2\/tags?post=336"}],"curies":[{"name":"wp","href":"https:\/\/api.w.org\/{rel}","templated":true}]}}