{"id":335,"date":"2010-01-23T09:32:00","date_gmt":"2010-01-23T09:32:00","guid":{"rendered":"http:\/\/carideal.com\/blog\/?p=335"},"modified":"2020-02-28T12:51:58","modified_gmt":"2020-02-28T11:51:58","slug":"garage-citroen-schiavon-13-av-de-turin-73000-bassens-chambery","status":"publish","type":"post","link":"https:\/\/www.carideal.com\/blog\/2010\/01\/23\/garage-citroen-schiavon-13-av-de-turin-73000-bassens-chambery\/","title":{"rendered":"Citroen Chambery Bassens Schiavon"},"content":{"rendered":"\n<h2 class=\"wp-block-heading\">Citroen Chamb\u00e9ry : Garage Schiavon \u00e0 Bassens<\/h2>\n\n\n\n<p>Vous \u00eates \u00e0 la recherche d'un garage Citro\u00ebn \u00e0 Chamb\u00e9ry pour l'entretien de votre voiture. Vous venez d'emm\u00e9nager dans le bassin Chamb\u00e9rien et vous ne savez pas o\u00f9 faire la r\u00e9vision de votre Citro\u00ebn ? Ne cherchez pas plus loin faites entretenir votre voiture au garage Citro\u00ebn Schiavon \u00e0 Chambery.<\/p>\n\n\n\n<figure class=\"wp-block-image alignnone wp-image-8723 size-full\"><img loading=\"lazy\" decoding=\"async\" width=\"600\" height=\"399\" src=\"http:\/\/www.carideal.com\/blog\/wp-content\/uploads\/2009\/03\/garage-citroen-schiavon-entretien-revision-chambery-4-e1576686704988.jpg\" alt=\"Garage Citroen Schiavon Bassens Chambery\" class=\"wp-image-8723\"\/><figcaption>Garage Citro\u00ebn Chambery Schiavon \u00e0 Bassens<\/figcaption><\/figure>\n\n\n\n<h2 class=\"wp-block-heading\"><strong>Entretien &amp; r\u00e9vision de votre voiture&nbsp;au garage Citroen<\/strong><\/h2>\n\n\n\n<p>Ce mois-ci <a href=\"http:\/\/www.carideal.com\/blog\/marque-de-voiture-actualites-essais\/citroen\/\">Citro\u00ebn<\/a> a mis en place des promotions sur l'entretien de votre voiture pour votre s\u00e9curit\u00e9 que vous trouverez chez <strong>Citro\u00ebn Chambery. Cela concerne&nbsp;<\/strong>le freinage avec des forfaits sur les plaquettes de freins, Remise -25% sur les <a href=\"http:\/\/www.carideal.com\/blog\/2010\/10\/27\/prix-plaquette-de-frein\/\">forfaits plaquette de frein<\/a>, et jusque fin avril jusque -40% sur certaines r\u00e9f\u00e9rences de <a href=\"http:\/\/www.carideal.com\/blog\/garage-automobile\/pneu\/pneu-michelin\/\">pneus Michelin<\/a>. Prenez connaissance des tests pneu. C'est bient\u00f4t la fin de l'hiver et il faut penser \u00e0 remplacer&nbsp;les <a href=\"http:\/\/www.carideal.com\/blog\/garage-automobile\/pneu\/\">pneus<\/a>, profitez des promotions sur les pneus en cours.<\/p>\n\n\n\n<ul class=\"wp-block-list\"><li><a href=\"http:\/\/www.carideal.com\/blog\/garage-automobile\/forfait-recharge-climatisation\/\">Forfait recharge climatisation<\/a><\/li><\/ul>\n\n\n\n<p>L'entretien de votre Citro\u00ebn doit \u00eatre r\u00e9alis\u00e9 r\u00e9guli\u00e8rement, c'est primordiale \u00e0 plus d'un titre et doit \u00eatre r\u00e9alis\u00e9 par un <a href=\"http:\/\/www.carideal.com\/blog\/garage-automobile\/\">garage automobile<\/a>. Le constructeur connait mieux sa voiture que les r\u00e9seaux de marque concurrente et surtout les enseignes de r\u00e9paration rapide. Le Garage Schiavon Citro\u00ebn Chamb\u00e9ry saura donc vous proposer au mieux l'<a href=\"http:\/\/www.carideal.com\/blog\/2016\/09\/01\/revision-voiture-entretien-revision-auto\/\">entretien<\/a> adapt\u00e9 \u00e0 votre Citro\u00ebn.<\/p>\n\n\n\n<h2 class=\"wp-block-heading\">L'entretien de votre Citro\u00ebn \u00e0 Chamb\u00e9ry<\/h2>\n\n\n\n<div class=\"wp-block-image\"><figure class=\"alignleft\"><img loading=\"lazy\" decoding=\"async\" width=\"297\" height=\"448\" src=\"http:\/\/www.carideal.com\/blog\/wp-content\/uploads\/2010\/01\/garage-schiavon-citroen-bassens-chambery__12__m.jpg\" alt=\"\" class=\"wp-image-20581\" srcset=\"https:\/\/www.carideal.com\/blog\/wp-content\/uploads\/2010\/01\/garage-schiavon-citroen-bassens-chambery__12__m.jpg 297w, https:\/\/www.carideal.com\/blog\/wp-content\/uploads\/2010\/01\/garage-schiavon-citroen-bassens-chambery__12__m-199x300.jpg 199w, https:\/\/www.carideal.com\/blog\/wp-content\/uploads\/2010\/01\/garage-schiavon-citroen-bassens-chambery__12__m-33x50.jpg 33w, https:\/\/www.carideal.com\/blog\/wp-content\/uploads\/2010\/01\/garage-schiavon-citroen-bassens-chambery__12__m-73x110.jpg 73w, https:\/\/www.carideal.com\/blog\/wp-content\/uploads\/2010\/01\/garage-schiavon-citroen-bassens-chambery__12__m-278x420.jpg 278w, https:\/\/www.carideal.com\/blog\/wp-content\/uploads\/2010\/01\/garage-schiavon-citroen-bassens-chambery__12__m-285x430.jpg 285w\" sizes=\"(max-width: 297px) 100vw, 297px\" \/><\/figure><\/div>\n\n\n\n<p>L'entretien de votre voiture d\u00e9pend de sa motorisation et de son utilisation. Les plans d'entretiens Citro\u00ebn ont beaucoup \u00e9volu\u00e9s ces derni\u00e8res ann\u00e9es. Pour les petits rouleurs, ceux qui font au maximum 10 000 kilom\u00e8tres par an ou qui ne font que des petits parcours \u00e0 froid en mode urbain, il faut appliquer le mode s\u00e9v\u00e9ris\u00e9 avec une r\u00e9vision par an, le garage Schiavon \u00e0 Bassens Chamb\u00e9ry saura tr\u00e8s bien vous conseiller.<\/p>\n\n\n\n<p>L'entretien p\u00e9rennise la <a href=\"http:\/\/www.carideal.com\/content\/7-extension-garantie\">garantie<\/a> et la \"sant\u00e9\" de votre voiture. Le garage automobile Schiavon Citro\u00ebn \u00e0 Chamb\u00e9ry sud et Bassens s'occupe de l'entretien de votre Citro\u00ebn depuis 1960, et d\u00e9j\u00e0 \u00e0 l'\u00e9poque sur les DS. Le Garage Schiavon propose toutes les promotions apr\u00e8s-vente et atelier du Constructeur Citro\u00ebn et applique les m\u00e9thodes apr\u00e8s-vente Citro\u00ebn. Le Garage Schiavon Citro\u00ebn Chamb\u00e9ry est certifi\u00e9 Qualit\u00e9 Osmose Citro\u00ebn.<\/p>\n\n\n\n<p>L'entretien bien effectu\u00e9 de votre Citro\u00ebn dans un garage Citro\u00ebn est un gage de s\u00e9rieux pour revendre votre voiture d'occasion au bout de quelques ann\u00e9es. Rien de tel que de pr\u00e9senter un lot de facture d'entretien lors de la <a href=\"http:\/\/www.carideal.com\/blog\/2016\/01\/15\/vendez-votre-voiture\/\">revente de votre voiture<\/a>.<\/p>\n\n\n\n<p><strong>Consultez Le garage Schiavon Citro\u00ebn Chamb\u00e9ry Bassens au 0479330353.<\/strong><\/p>\n\n\n\n<h3 class=\"wp-block-heading\">Garage Citro\u00ebn Schiavon Chambery devenez FAN<\/h3>\n\n\n\n<p>Cela faisait un moment qu'elle \u00e9tait promise cette vid\u00e9o de pr\u00e9sentation de notre garage Citro\u00ebn Schiavon \u00e0 73000 Bassens Chambery. Vid\u00e9o professionnelle qui pr\u00e9sente les services du garage Citro\u00ebn Schiavon. Le Garage Citro\u00ebn Schiavon est une affaire familiale et c'est m\u00eame la plus ancienne du bassin chamb\u00e9rien, puisqu'elle a \u00e9t\u00e9 cr\u00e9e en 1960 par monsieur Armand Schiavon.<\/p>\n\n\n\n<p><strong>Garage Schiavon 13 av de turin 73000 Bassens Chambery Tel 0479330353<\/strong><\/p>\n\n\n\n<h3 class=\"wp-block-heading\">Vid\u00e9o de pr\u00e9sentation du Garage Schiavon Citroen \u00e0 Bassens Chambery<\/h3>\n\n\n\n<figure><iframe loading=\"lazy\" src=\"https:\/\/www.youtube.com\/embed\/dm_l__rQt-M\" width=\"560\" height=\"315\" allowfullscreen=\"allowfullscreen\"><\/iframe><\/figure>\n\n\n\n<figure class=\"wp-block-image alignnone size-full wp-image-20583\"><img loading=\"lazy\" decoding=\"async\" width=\"600\" height=\"450\" src=\"http:\/\/www.carideal.com\/blog\/wp-content\/uploads\/2010\/01\/citroenschiavon-1276087595-e1576687201815.jpg\" alt=\"Garage Citroen Schiavon Bassens Chambery\" class=\"wp-image-20583\"\/><figcaption>Garage Citroen Schiavon Bassens Chambery<\/figcaption><\/figure>\n\n\n\n<p>Le garage Citro\u00ebn Schiavon \u00e0 73000 Bassens Chamb\u00e9ry c'est 50 ans d'exp\u00e9rience. Le Garage Schiavon Citroen Chamb\u00e9ry propose toute la gamme des r\u00e9visions et forfait du constructeur Citroen.<\/p>\n\n\n\n<h2 class=\"wp-block-heading\">Schiavon Garage Citroen&nbsp;Bassens<\/h2>\n\n\n\n<figure class=\"wp-block-image alignnone wp-image-8723 size-full\"><img loading=\"lazy\" decoding=\"async\" width=\"600\" height=\"399\" src=\"http:\/\/www.carideal.com\/blog\/wp-content\/uploads\/2009\/03\/garage-citroen-schiavon-entretien-revision-chambery-4-e1576686704988.jpg\" alt=\"Schiavon Citroen Chamb\u00e9ry\" class=\"wp-image-8723\"\/><figcaption>Schiavon Citroen Chamb\u00e9ry<\/figcaption><\/figure>\n\n\n\n<h2 class=\"wp-block-heading\">L'entretien de votre Citro\u00ebn \u00e0 Chamb\u00e9ry<\/h2>\n\n\n\n<p><strong>Vous souhaitez un devis pour un forfait d'entretien ? Contactez-nous et consultez Le garage Citroen Schiavon \u00e0 Chamb\u00e9ry Bassens au 0479330353.<\/strong><\/p>\n","protected":false},"excerpt":{"rendered":"<p>Citroen Chamb\u00e9ry : Garage Schiavon \u00e0 Bassens Vous \u00eates \u00e0 la recherche d&rsquo;un garage Citro\u00ebn \u00e0 Chamb\u00e9ry pour l&rsquo;entretien de votre voiture. Vous venez d&#8217;emm\u00e9nager dans le bassin Chamb\u00e9rien et vous ne savez pas o\u00f9 faire la r\u00e9vision de votre Citro\u00ebn ? Ne cherchez pas plus loin faites entretenir votre voiture au garage Citro\u00ebn Schiavon &#8230; <a title=\"Citroen Chambery Bassens Schiavon\" class=\"read-more\" href=\"https:\/\/www.carideal.com\/blog\/2010\/01\/23\/garage-citroen-schiavon-13-av-de-turin-73000-bassens-chambery\/\" aria-label=\"En savoir plus sur Citroen Chambery Bassens Schiavon\">Lire plus<\/a><\/p>\n","protected":false},"author":1,"featured_media":11844,"comment_status":"open","ping_status":"open","sticky":false,"template":"","format":"standard","meta":{"_uag_custom_page_level_css":"","_themeisle_gutenberg_block_has_review":false,"footnotes":""},"categories":[8,18],"tags":[],"class_list":["post-335","post","type-post","status-publish","format-standard","has-post-thumbnail","hentry","category-garage-entretien-automobile","category-videos"],"wppr_data":{"cwp_meta_box_check":"No"},"yoast_head":"<!-- This site is optimized with the Yoast SEO plugin v24.8.1 - https:\/\/yoast.com\/wordpress\/plugins\/seo\/ -->\n<title>Citroen Chambery Bassens Schiavon - Blog auto Carid\u00e9al<\/title>\n<meta name=\"description\" content=\"L&#039;entretien p\u00e9r\u00e9nise la garantie et la &quot;sant\u00e9&quot; de votre voiture. Le Garage Citroen Schiavon \u00e0 Chambery s&#039;occupe de l&#039;entretien de votre Citroen depuis 1960\" \/>\n<meta name=\"robots\" content=\"index, follow, max-snippet:-1, max-image-preview:large, max-video-preview:-1\" \/>\n<link rel=\"canonical\" href=\"https:\/\/www.carideal.com\/blog\/2010\/01\/23\/garage-citroen-schiavon-13-av-de-turin-73000-bassens-chambery\/\" \/>\n<meta property=\"og:locale\" content=\"fr_FR\" \/>\n<meta property=\"og:type\" content=\"article\" \/>\n<meta property=\"og:title\" content=\"Citroen Chambery Bassens Schiavon - Blog auto Carid\u00e9al\" \/>\n<meta property=\"og:description\" content=\"L&#039;entretien p\u00e9r\u00e9nise la garantie et la &quot;sant\u00e9&quot; de votre voiture. Le Garage Citroen Schiavon \u00e0 Chambery s&#039;occupe de l&#039;entretien de votre Citroen depuis 1960\" \/>\n<meta property=\"og:url\" content=\"https:\/\/www.carideal.com\/blog\/2010\/01\/23\/garage-citroen-schiavon-13-av-de-turin-73000-bassens-chambery\/\" \/>\n<meta property=\"og:site_name\" content=\"Blog auto Carid\u00e9al\" \/>\n<meta property=\"article:publisher\" content=\"https:\/\/www.facebook.com\/Carideal.mandataire.automobile\" \/>\n<meta property=\"article:author\" content=\"https:\/\/www.facebook.com\/Carideal.mandataire.automobile\/\" \/>\n<meta property=\"article:published_time\" content=\"2010-01-23T09:32:00+00:00\" \/>\n<meta property=\"article:modified_time\" content=\"2020-02-28T11:51:58+00:00\" \/>\n<meta property=\"og:image\" content=\"https:\/\/www.carideal.com\/blog\/wp-content\/uploads\/2016\/09\/garage-citroen-schiavon-73000-chambery-bassens-3-e1576686561612.jpg\" \/>\n\t<meta property=\"og:image:width\" content=\"600\" \/>\n\t<meta property=\"og:image:height\" content=\"398\" \/>\n\t<meta property=\"og:image:type\" content=\"image\/jpeg\" \/>\n<meta name=\"author\" content=\"N.S Carideal\" \/>\n<meta name=\"twitter:card\" content=\"summary_large_image\" \/>\n<meta name=\"twitter:creator\" content=\"@caridealauto\" \/>\n<meta name=\"twitter:site\" content=\"@caridealauto\" \/>\n<meta name=\"twitter:label1\" content=\"\u00c9crit par\" \/>\n\t<meta name=\"twitter:data1\" content=\"N.S Carideal\" \/>\n\t<meta name=\"twitter:label2\" content=\"Dur\u00e9e de lecture estim\u00e9e\" \/>\n\t<meta name=\"twitter:data2\" content=\"3 minutes\" \/>\n<script type=\"application\/ld+json\" class=\"yoast-schema-graph\">{\"@context\":\"https:\/\/schema.org\",\"@graph\":[{\"@type\":\"Article\",\"@id\":\"https:\/\/www.carideal.com\/blog\/2010\/01\/23\/garage-citroen-schiavon-13-av-de-turin-73000-bassens-chambery\/#article\",\"isPartOf\":{\"@id\":\"https:\/\/www.carideal.com\/blog\/2010\/01\/23\/garage-citroen-schiavon-13-av-de-turin-73000-bassens-chambery\/\"},\"author\":{\"name\":\"N.S Carideal\",\"@id\":\"https:\/\/www.carideal.com\/blog\/#\/schema\/person\/985c7e757d1042d647f21bfaf8d41ebc\"},\"headline\":\"Citroen Chambery Bassens Schiavon\",\"datePublished\":\"2010-01-23T09:32:00+00:00\",\"dateModified\":\"2020-02-28T11:51:58+00:00\",\"mainEntityOfPage\":{\"@id\":\"https:\/\/www.carideal.com\/blog\/2010\/01\/23\/garage-citroen-schiavon-13-av-de-turin-73000-bassens-chambery\/\"},\"wordCount\":615,\"commentCount\":0,\"publisher\":{\"@id\":\"https:\/\/www.carideal.com\/blog\/#organization\"},\"image\":{\"@id\":\"https:\/\/www.carideal.com\/blog\/2010\/01\/23\/garage-citroen-schiavon-13-av-de-turin-73000-bassens-chambery\/#primaryimage\"},\"thumbnailUrl\":\"https:\/\/www.carideal.com\/blog\/wp-content\/uploads\/2016\/09\/garage-citroen-schiavon-73000-chambery-bassens-3-e1576686561612.jpg\",\"articleSection\":[\"Garage automobile r\u00e9vision voiture\",\"Vid\u00e9o voiture : vid\u00e9o automobile\"],\"inLanguage\":\"fr-FR\",\"potentialAction\":[{\"@type\":\"CommentAction\",\"name\":\"Comment\",\"target\":[\"https:\/\/www.carideal.com\/blog\/2010\/01\/23\/garage-citroen-schiavon-13-av-de-turin-73000-bassens-chambery\/#respond\"]}]},{\"@type\":\"WebPage\",\"@id\":\"https:\/\/www.carideal.com\/blog\/2010\/01\/23\/garage-citroen-schiavon-13-av-de-turin-73000-bassens-chambery\/\",\"url\":\"https:\/\/www.carideal.com\/blog\/2010\/01\/23\/garage-citroen-schiavon-13-av-de-turin-73000-bassens-chambery\/\",\"name\":\"Citroen Chambery Bassens Schiavon - Blog auto Carid\u00e9al\",\"isPartOf\":{\"@id\":\"https:\/\/www.carideal.com\/blog\/#website\"},\"primaryImageOfPage\":{\"@id\":\"https:\/\/www.carideal.com\/blog\/2010\/01\/23\/garage-citroen-schiavon-13-av-de-turin-73000-bassens-chambery\/#primaryimage\"},\"image\":{\"@id\":\"https:\/\/www.carideal.com\/blog\/2010\/01\/23\/garage-citroen-schiavon-13-av-de-turin-73000-bassens-chambery\/#primaryimage\"},\"thumbnailUrl\":\"https:\/\/www.carideal.com\/blog\/wp-content\/uploads\/2016\/09\/garage-citroen-schiavon-73000-chambery-bassens-3-e1576686561612.jpg\",\"datePublished\":\"2010-01-23T09:32:00+00:00\",\"dateModified\":\"2020-02-28T11:51:58+00:00\",\"description\":\"L'entretien p\u00e9r\u00e9nise la garantie et la \\\"sant\u00e9\\\" de votre voiture. Le Garage Citroen Schiavon \u00e0 Chambery s'occupe de l'entretien de votre Citroen depuis 1960\",\"breadcrumb\":{\"@id\":\"https:\/\/www.carideal.com\/blog\/2010\/01\/23\/garage-citroen-schiavon-13-av-de-turin-73000-bassens-chambery\/#breadcrumb\"},\"inLanguage\":\"fr-FR\",\"potentialAction\":[{\"@type\":\"ReadAction\",\"target\":[\"https:\/\/www.carideal.com\/blog\/2010\/01\/23\/garage-citroen-schiavon-13-av-de-turin-73000-bassens-chambery\/\"]}]},{\"@type\":\"ImageObject\",\"inLanguage\":\"fr-FR\",\"@id\":\"https:\/\/www.carideal.com\/blog\/2010\/01\/23\/garage-citroen-schiavon-13-av-de-turin-73000-bassens-chambery\/#primaryimage\",\"url\":\"https:\/\/www.carideal.com\/blog\/wp-content\/uploads\/2016\/09\/garage-citroen-schiavon-73000-chambery-bassens-3-e1576686561612.jpg\",\"contentUrl\":\"https:\/\/www.carideal.com\/blog\/wp-content\/uploads\/2016\/09\/garage-citroen-schiavon-73000-chambery-bassens-3-e1576686561612.jpg\",\"width\":600,\"height\":398,\"caption\":\"Citroen Chambery Bassens Schiavon\"},{\"@type\":\"BreadcrumbList\",\"@id\":\"https:\/\/www.carideal.com\/blog\/2010\/01\/23\/garage-citroen-schiavon-13-av-de-turin-73000-bassens-chambery\/#breadcrumb\",\"itemListElement\":[{\"@type\":\"ListItem\",\"position\":1,\"name\":\"Blog Carid\u00e9al\",\"item\":\"https:\/\/www.carideal.com\/blog\/\"},{\"@type\":\"ListItem\",\"position\":2,\"name\":\"Garage automobile r\u00e9vision voiture\",\"item\":\"https:\/\/www.carideal.com\/blog\/garage-entretien-automobile\/\"},{\"@type\":\"ListItem\",\"position\":3,\"name\":\"Citroen Chambery Bassens Schiavon\"}]},{\"@type\":\"WebSite\",\"@id\":\"https:\/\/www.carideal.com\/blog\/#website\",\"url\":\"https:\/\/www.carideal.com\/blog\/\",\"name\":\"Blog auto Carid\u00e9al\",\"description\":\"Actualit\u00e9 auto par des passionn\u00e9s\",\"publisher\":{\"@id\":\"https:\/\/www.carideal.com\/blog\/#organization\"},\"potentialAction\":[{\"@type\":\"SearchAction\",\"target\":{\"@type\":\"EntryPoint\",\"urlTemplate\":\"https:\/\/www.carideal.com\/blog\/?s={search_term_string}\"},\"query-input\":{\"@type\":\"PropertyValueSpecification\",\"valueRequired\":true,\"valueName\":\"search_term_string\"}}],\"inLanguage\":\"fr-FR\"},{\"@type\":\"Organization\",\"@id\":\"https:\/\/www.carideal.com\/blog\/#organization\",\"name\":\"Carideal\",\"url\":\"https:\/\/www.carideal.com\/blog\/\",\"logo\":{\"@type\":\"ImageObject\",\"inLanguage\":\"fr-FR\",\"@id\":\"https:\/\/www.carideal.com\/blog\/#\/schema\/logo\/image\/\",\"url\":\"http:\/\/www.carideal.com\/blog\/wp-content\/uploads\/2016\/03\/logo-carideal-mandataire-automobile.png\",\"contentUrl\":\"http:\/\/www.carideal.com\/blog\/wp-content\/uploads\/2016\/03\/logo-carideal-mandataire-automobile.png\",\"width\":300,\"height\":300,\"caption\":\"Carideal\"},\"image\":{\"@id\":\"https:\/\/www.carideal.com\/blog\/#\/schema\/logo\/image\/\"},\"sameAs\":[\"https:\/\/www.facebook.com\/Carideal.mandataire.automobile\",\"https:\/\/x.com\/caridealauto\",\"https:\/\/www.instagram.com\/carideal1\/\",\"https:\/\/www.linkedin.com\/company\/carideal.com\",\"https:\/\/fr.pinterest.com\/schiavonsas\/\",\"https:\/\/www.youtube.com\/user\/caridealsas\"]},{\"@type\":\"Person\",\"@id\":\"https:\/\/www.carideal.com\/blog\/#\/schema\/person\/985c7e757d1042d647f21bfaf8d41ebc\",\"name\":\"N.S Carideal\",\"image\":{\"@type\":\"ImageObject\",\"inLanguage\":\"fr-FR\",\"@id\":\"https:\/\/www.carideal.com\/blog\/#\/schema\/person\/image\/\",\"url\":\"https:\/\/secure.gravatar.com\/avatar\/edb7ccdf1a4e3d14aef967760d354d0e?s=96&r=g\",\"contentUrl\":\"https:\/\/secure.gravatar.com\/avatar\/edb7ccdf1a4e3d14aef967760d354d0e?s=96&r=g\",\"caption\":\"N.S Carideal\"},\"description\":\"Depuis tout petit fan d'automobile. Il est question d'essayer et de comparer toutes ces voitures qui nous ont fait r\u00e9ver, avant que celles-ci ne devient uniquement des voitures de collection.\",\"sameAs\":[\"http:\/\/www.carideal.com\/blog\",\"https:\/\/www.facebook.com\/Carideal.mandataire.automobile\/\",\"https:\/\/www.linkedin.com\/in\/nschiavon\/\",\"https:\/\/www.youtube.com\/user\/caridealsas\/\"],\"url\":\"https:\/\/www.carideal.com\/blog\/author\/admin_carideal\/\"}]}<\/script>\n<!-- \/ Yoast SEO plugin. -->","yoast_head_json":{"title":"Citroen Chambery Bassens Schiavon - Blog auto Carid\u00e9al","description":"L'entretien p\u00e9r\u00e9nise la garantie et la \"sant\u00e9\" de votre voiture. Le Garage Citroen Schiavon \u00e0 Chambery s'occupe de l'entretien de votre Citroen depuis 1960","robots":{"index":"index","follow":"follow","max-snippet":"max-snippet:-1","max-image-preview":"max-image-preview:large","max-video-preview":"max-video-preview:-1"},"canonical":"https:\/\/www.carideal.com\/blog\/2010\/01\/23\/garage-citroen-schiavon-13-av-de-turin-73000-bassens-chambery\/","og_locale":"fr_FR","og_type":"article","og_title":"Citroen Chambery Bassens Schiavon - Blog auto Carid\u00e9al","og_description":"L'entretien p\u00e9r\u00e9nise la garantie et la \"sant\u00e9\" de votre voiture. Le Garage Citroen Schiavon \u00e0 Chambery s'occupe de l'entretien de votre Citroen depuis 1960","og_url":"https:\/\/www.carideal.com\/blog\/2010\/01\/23\/garage-citroen-schiavon-13-av-de-turin-73000-bassens-chambery\/","og_site_name":"Blog auto Carid\u00e9al","article_publisher":"https:\/\/www.facebook.com\/Carideal.mandataire.automobile","article_author":"https:\/\/www.facebook.com\/Carideal.mandataire.automobile\/","article_published_time":"2010-01-23T09:32:00+00:00","article_modified_time":"2020-02-28T11:51:58+00:00","og_image":[{"width":600,"height":398,"url":"https:\/\/www.carideal.com\/blog\/wp-content\/uploads\/2016\/09\/garage-citroen-schiavon-73000-chambery-bassens-3-e1576686561612.jpg","type":"image\/jpeg"}],"author":"N.S Carideal","twitter_card":"summary_large_image","twitter_creator":"@caridealauto","twitter_site":"@caridealauto","twitter_misc":{"\u00c9crit par":"N.S Carideal","Dur\u00e9e de lecture estim\u00e9e":"3 minutes"},"schema":{"@context":"https:\/\/schema.org","@graph":[{"@type":"Article","@id":"https:\/\/www.carideal.com\/blog\/2010\/01\/23\/garage-citroen-schiavon-13-av-de-turin-73000-bassens-chambery\/#article","isPartOf":{"@id":"https:\/\/www.carideal.com\/blog\/2010\/01\/23\/garage-citroen-schiavon-13-av-de-turin-73000-bassens-chambery\/"},"author":{"name":"N.S Carideal","@id":"https:\/\/www.carideal.com\/blog\/#\/schema\/person\/985c7e757d1042d647f21bfaf8d41ebc"},"headline":"Citroen Chambery Bassens Schiavon","datePublished":"2010-01-23T09:32:00+00:00","dateModified":"2020-02-28T11:51:58+00:00","mainEntityOfPage":{"@id":"https:\/\/www.carideal.com\/blog\/2010\/01\/23\/garage-citroen-schiavon-13-av-de-turin-73000-bassens-chambery\/"},"wordCount":615,"commentCount":0,"publisher":{"@id":"https:\/\/www.carideal.com\/blog\/#organization"},"image":{"@id":"https:\/\/www.carideal.com\/blog\/2010\/01\/23\/garage-citroen-schiavon-13-av-de-turin-73000-bassens-chambery\/#primaryimage"},"thumbnailUrl":"https:\/\/www.carideal.com\/blog\/wp-content\/uploads\/2016\/09\/garage-citroen-schiavon-73000-chambery-bassens-3-e1576686561612.jpg","articleSection":["Garage automobile r\u00e9vision voiture","Vid\u00e9o voiture : vid\u00e9o automobile"],"inLanguage":"fr-FR","potentialAction":[{"@type":"CommentAction","name":"Comment","target":["https:\/\/www.carideal.com\/blog\/2010\/01\/23\/garage-citroen-schiavon-13-av-de-turin-73000-bassens-chambery\/#respond"]}]},{"@type":"WebPage","@id":"https:\/\/www.carideal.com\/blog\/2010\/01\/23\/garage-citroen-schiavon-13-av-de-turin-73000-bassens-chambery\/","url":"https:\/\/www.carideal.com\/blog\/2010\/01\/23\/garage-citroen-schiavon-13-av-de-turin-73000-bassens-chambery\/","name":"Citroen Chambery Bassens Schiavon - Blog auto Carid\u00e9al","isPartOf":{"@id":"https:\/\/www.carideal.com\/blog\/#website"},"primaryImageOfPage":{"@id":"https:\/\/www.carideal.com\/blog\/2010\/01\/23\/garage-citroen-schiavon-13-av-de-turin-73000-bassens-chambery\/#primaryimage"},"image":{"@id":"https:\/\/www.carideal.com\/blog\/2010\/01\/23\/garage-citroen-schiavon-13-av-de-turin-73000-bassens-chambery\/#primaryimage"},"thumbnailUrl":"https:\/\/www.carideal.com\/blog\/wp-content\/uploads\/2016\/09\/garage-citroen-schiavon-73000-chambery-bassens-3-e1576686561612.jpg","datePublished":"2010-01-23T09:32:00+00:00","dateModified":"2020-02-28T11:51:58+00:00","description":"L'entretien p\u00e9r\u00e9nise la garantie et la \"sant\u00e9\" de votre voiture. Le Garage Citroen Schiavon \u00e0 Chambery s'occupe de l'entretien de votre Citroen depuis 1960","breadcrumb":{"@id":"https:\/\/www.carideal.com\/blog\/2010\/01\/23\/garage-citroen-schiavon-13-av-de-turin-73000-bassens-chambery\/#breadcrumb"},"inLanguage":"fr-FR","potentialAction":[{"@type":"ReadAction","target":["https:\/\/www.carideal.com\/blog\/2010\/01\/23\/garage-citroen-schiavon-13-av-de-turin-73000-bassens-chambery\/"]}]},{"@type":"ImageObject","inLanguage":"fr-FR","@id":"https:\/\/www.carideal.com\/blog\/2010\/01\/23\/garage-citroen-schiavon-13-av-de-turin-73000-bassens-chambery\/#primaryimage","url":"https:\/\/www.carideal.com\/blog\/wp-content\/uploads\/2016\/09\/garage-citroen-schiavon-73000-chambery-bassens-3-e1576686561612.jpg","contentUrl":"https:\/\/www.carideal.com\/blog\/wp-content\/uploads\/2016\/09\/garage-citroen-schiavon-73000-chambery-bassens-3-e1576686561612.jpg","width":600,"height":398,"caption":"Citroen Chambery Bassens Schiavon"},{"@type":"BreadcrumbList","@id":"https:\/\/www.carideal.com\/blog\/2010\/01\/23\/garage-citroen-schiavon-13-av-de-turin-73000-bassens-chambery\/#breadcrumb","itemListElement":[{"@type":"ListItem","position":1,"name":"Blog Carid\u00e9al","item":"https:\/\/www.carideal.com\/blog\/"},{"@type":"ListItem","position":2,"name":"Garage automobile r\u00e9vision voiture","item":"https:\/\/www.carideal.com\/blog\/garage-entretien-automobile\/"},{"@type":"ListItem","position":3,"name":"Citroen Chambery Bassens Schiavon"}]},{"@type":"WebSite","@id":"https:\/\/www.carideal.com\/blog\/#website","url":"https:\/\/www.carideal.com\/blog\/","name":"Blog auto Carid\u00e9al","description":"Actualit\u00e9 auto par des passionn\u00e9s","publisher":{"@id":"https:\/\/www.carideal.com\/blog\/#organization"},"potentialAction":[{"@type":"SearchAction","target":{"@type":"EntryPoint","urlTemplate":"https:\/\/www.carideal.com\/blog\/?s={search_term_string}"},"query-input":{"@type":"PropertyValueSpecification","valueRequired":true,"valueName":"search_term_string"}}],"inLanguage":"fr-FR"},{"@type":"Organization","@id":"https:\/\/www.carideal.com\/blog\/#organization","name":"Carideal","url":"https:\/\/www.carideal.com\/blog\/","logo":{"@type":"ImageObject","inLanguage":"fr-FR","@id":"https:\/\/www.carideal.com\/blog\/#\/schema\/logo\/image\/","url":"http:\/\/www.carideal.com\/blog\/wp-content\/uploads\/2016\/03\/logo-carideal-mandataire-automobile.png","contentUrl":"http:\/\/www.carideal.com\/blog\/wp-content\/uploads\/2016\/03\/logo-carideal-mandataire-automobile.png","width":300,"height":300,"caption":"Carideal"},"image":{"@id":"https:\/\/www.carideal.com\/blog\/#\/schema\/logo\/image\/"},"sameAs":["https:\/\/www.facebook.com\/Carideal.mandataire.automobile","https:\/\/x.com\/caridealauto","https:\/\/www.instagram.com\/carideal1\/","https:\/\/www.linkedin.com\/company\/carideal.com","https:\/\/fr.pinterest.com\/schiavonsas\/","https:\/\/www.youtube.com\/user\/caridealsas"]},{"@type":"Person","@id":"https:\/\/www.carideal.com\/blog\/#\/schema\/person\/985c7e757d1042d647f21bfaf8d41ebc","name":"N.S Carideal","image":{"@type":"ImageObject","inLanguage":"fr-FR","@id":"https:\/\/www.carideal.com\/blog\/#\/schema\/person\/image\/","url":"https:\/\/secure.gravatar.com\/avatar\/edb7ccdf1a4e3d14aef967760d354d0e?s=96&r=g","contentUrl":"https:\/\/secure.gravatar.com\/avatar\/edb7ccdf1a4e3d14aef967760d354d0e?s=96&r=g","caption":"N.S Carideal"},"description":"Depuis tout petit fan d'automobile. Il est question d'essayer et de comparer toutes ces voitures qui nous ont fait r\u00e9ver, avant que celles-ci ne devient uniquement des voitures de collection.","sameAs":["http:\/\/www.carideal.com\/blog","https:\/\/www.facebook.com\/Carideal.mandataire.automobile\/","https:\/\/www.linkedin.com\/in\/nschiavon\/","https:\/\/www.youtube.com\/user\/caridealsas\/"],"url":"https:\/\/www.carideal.com\/blog\/author\/admin_carideal\/"}]}},"uagb_featured_image_src":{"full":["https:\/\/www.carideal.com\/blog\/wp-content\/uploads\/2016\/09\/garage-citroen-schiavon-73000-chambery-bassens-3-e1576686561612.jpg",600,398,false],"thumbnail":["https:\/\/www.carideal.com\/blog\/wp-content\/uploads\/2016\/09\/garage-citroen-schiavon-73000-chambery-bassens-3-150x150.jpg",150,150,true],"medium":["https:\/\/www.carideal.com\/blog\/wp-content\/uploads\/2016\/09\/garage-citroen-schiavon-73000-chambery-bassens-3-300x199.jpg",300,199,true],"medium_large":["https:\/\/www.carideal.com\/blog\/wp-content\/uploads\/2016\/09\/garage-citroen-schiavon-73000-chambery-bassens-3-768x510.jpg",768,510,true],"large":["https:\/\/www.carideal.com\/blog\/wp-content\/uploads\/2016\/09\/garage-citroen-schiavon-73000-chambery-bassens-3-1024x680.jpg",1024,680,true],"1536x1536":["https:\/\/www.carideal.com\/blog\/wp-content\/uploads\/2016\/09\/garage-citroen-schiavon-73000-chambery-bassens-3-e1576686561612.jpg",600,398,false],"2048x2048":["https:\/\/www.carideal.com\/blog\/wp-content\/uploads\/2016\/09\/garage-citroen-schiavon-73000-chambery-bassens-3-e1576686561612.jpg",600,398,false],"wppr-widget":["https:\/\/www.carideal.com\/blog\/wp-content\/uploads\/2016\/09\/garage-citroen-schiavon-73000-chambery-bassens-3-e1576686561612.jpg",50,33,false]},"uagb_author_info":{"display_name":"N.S Carideal","author_link":"https:\/\/www.carideal.com\/blog\/author\/admin_carideal\/"},"uagb_comment_info":3,"uagb_excerpt":"Citroen Chamb\u00e9ry : Garage Schiavon \u00e0 Bassens Vous \u00eates \u00e0 la recherche d'un garage Citro\u00ebn \u00e0 Chamb\u00e9ry pour l'entretien de votre voiture. Vous venez d'emm\u00e9nager dans le bassin Chamb\u00e9rien et vous ne savez pas o\u00f9 faire la r\u00e9vision de votre Citro\u00ebn ? Ne cherchez pas plus loin faites entretenir votre voiture au garage Citro\u00ebn Schiavon\u2026","_links":{"self":[{"href":"https:\/\/www.carideal.com\/blog\/wp-json\/wp\/v2\/posts\/335"}],"collection":[{"href":"https:\/\/www.carideal.com\/blog\/wp-json\/wp\/v2\/posts"}],"about":[{"href":"https:\/\/www.carideal.com\/blog\/wp-json\/wp\/v2\/types\/post"}],"author":[{"embeddable":true,"href":"https:\/\/www.carideal.com\/blog\/wp-json\/wp\/v2\/users\/1"}],"replies":[{"embeddable":true,"href":"https:\/\/www.carideal.com\/blog\/wp-json\/wp\/v2\/comments?post=335"}],"version-history":[{"count":0,"href":"https:\/\/www.carideal.com\/blog\/wp-json\/wp\/v2\/posts\/335\/revisions"}],"wp:featuredmedia":[{"embeddable":true,"href":"https:\/\/www.carideal.com\/blog\/wp-json\/wp\/v2\/media\/11844"}],"wp:attachment":[{"href":"https:\/\/www.carideal.com\/blog\/wp-json\/wp\/v2\/media?parent=335"}],"wp:term":[{"taxonomy":"category","embeddable":true,"href":"https:\/\/www.carideal.com\/blog\/wp-json\/wp\/v2\/categories?post=335"},{"taxonomy":"post_tag","embeddable":true,"href":"https:\/\/www.carideal.com\/blog\/wp-json\/wp\/v2\/tags?post=335"}],"curies":[{"name":"wp","href":"https:\/\/api.w.org\/{rel}","templated":true}]}}