{"id":323,"date":"2014-07-15T12:32:00","date_gmt":"2014-07-15T12:32:00","guid":{"rendered":"http:\/\/carideal.com\/blog\/?p=323"},"modified":"2020-03-07T16:49:13","modified_gmt":"2020-03-07T15:49:13","slug":"pret-pour-un-essai-du-peugeot-2008-hybrid-air","status":"publish","type":"post","link":"https:\/\/www.carideal.com\/blog\/2014\/07\/15\/pret-pour-un-essai-du-peugeot-2008-hybrid-air\/","title":{"rendered":"Pret pour un essai du Peugeot 2008 Hybrid Air"},"content":{"rendered":"<p><img decoding=\"async\" title=\"Peugeot 2008 Hybrid AIr, juil. 2014\" src=\"\/blog\/public\/.peugeot-2008-hybridair-carideal-mandataire-automobile_m.jpg\" alt=\"Peugeot 2008 Hybrid AIr\" \/><\/p>\n<blockquote><p>Peugeot 2008 Hybrid Air<\/p><\/blockquote>\n<p><strong>Pr\u00eat pour un essai du Peugeot 2008 Hybrid Air ?<\/strong><\/p>\n<p><strong>PSA nous avait pr\u00e9sent\u00e9 son syst\u00e8me r\u00e9volutionnaire le 22 Janvier 2013, mais qu'en est il aujourd'hui\u00a0? Le constructeur fran\u00e7ais va t il trouver un partenaire afin d'industrialiser son syst\u00e8me\u00a0? Et enfin qu'en est il sur la route\u00a0? Mais il ne faut pas croire que PSA a arr\u00eat\u00e9 la recherche bien au contraire.<\/strong><\/p>\n<p>Le concept est tr\u00e8s simple\u00a0: stocker de l'\u00e9nergie sous forme d'azote et la restituer gr\u00e2ce \u00e0 un syst\u00e8me hydraulique, pompe et r\u00e9servoir sont archi connu dans l'industrie et les travaux publique. Donc beaucoup moins cher et lourd que des moteurs \u00e9lectriques et des batteries. Comme sur une Prius \u00e0 la mise sous tension seul un tout petit sifflement est audible et la mise en mouvement ne n\u00e9cessite pas la mise en marche du moteur essence 1.2 VTI de 82 ch. Lorsqu'au bout de 200 m\u00e8tres l'accumulateur de pression est vide l'alterno-d\u00e9marreur met en marche le moteur essence, sans la moindre vibration, (apanage de PSA). La transmission se fait par une boite CVT (variation continue) \u00e0 train \u00e9picyclo\u00efdal \u00e0 d\u00e9rivation de puissance et permet une conduite coul\u00e9e en ville et surtout \u00e9vitera le fameux effet \"moulinette\" ou \"mixeur \" propre aux Toyota Prius \u00e0 plus haut r\u00e9gime.<br \/>\nA chaque lev\u00e9e de pied de l'acc\u00e9l\u00e9rateur le moteur se coupe et la d\u00e9c\u00e9l\u00e9ration recharge tr\u00e8s rapidement et encore plus vite lorsqu'on freine(ce qui prend 10 secondes), ce qui repr\u00e9sente 60 \u00e0 80 % du temps. 95 % de l'\u00e9nergie cin\u00e9tique est r\u00e9cup\u00e9rer dans un tr\u00e8s faible laps de temps ce qui n'est pas le cas d'une voiture hybride \u00e9lectrique. Il peut ainsi restituer d'avantage de puissance pour un maximum de 45 ch du moteur hydraulique. Si les phases de roulage en z\u00e9ro \u00e9mission ne sont pas tr\u00e8s longue, elle sont aussi plus nombreuses ce qui augmente le rendement VS hybride \u00e9lectrique.<\/p>\n<p><strong>PSA annonce un gain de consommation de 45 % en ville et 35 % en cycle mixte soit .... 3 L aux 100 km pour son 2008 ... m\u00eame les journalistes n'en reviennent pas.<\/strong><\/p>\n<p><strong>En Ville le syst\u00e8me Hybrid Air montre sa sup\u00e9riorit\u00e9 avec sa conduite coul\u00e9e et totalement silencieuse<\/strong>.<\/p>\n<p><strong>A chaque trajet le conducteur conna\u00eet la dur\u00e9e de roulage ainsi que celle en mode z\u00e9ro \u00e9mission.<\/strong><br \/>\nRappelons nous qu'en 2020 l'objectif \u00e0 atteindre est de 2 l aux 100 km.<br \/>\nDes solutions techniques d'industrialisation plus abouties sont d\u00e9j\u00e0 pr\u00e9vues, il ne manque plus qu'\u00e0 Mr Tavares d'appuyer sur le bouton vert !<\/p>\n<p><strong>Mode Air :<\/strong> Moteur coup\u00e9 l'\u00e9nergie stock\u00e9e dans l'accumulateur, soit 47 ch est transmise \u00e0 la boite de vitesse via les pompes et le moteur hydraulique puis aux roues. Sur quelques centaines de m\u00e8tres, notamment au d\u00e9marrage, la voiture roule en z\u00e9ro \u00e9mission jusqu'\u00e0 70 km\/h.<\/p>\n<p><strong>Mode Essence :<\/strong> Lorsque l'accumulateur est vide, comme sur route ou autoroute, le 1.2 vti 82 ch assure la traction du v\u00e9hicule. Afin de r\u00e9duire la consommation de 5%, le r\u00e9gime moteur est r\u00e9duit et la multiplication de boite adapt\u00e9e.<\/p>\n<p><strong>Mode Combin\u00e9<\/strong>\u00a0: Les Modes Air et Essence sont activ\u00e9s selon les cas. En Ville, le moteur \u00e0 essence suppl\u00e9e lorsque l'accumulateur est d\u00e9charg\u00e9. En revanche, le mode Air vient en compl\u00e9ment dans les acc\u00e9l\u00e9rations en mode sport afin de d\u00e9velopper une puissance cumul\u00e9e de 102 ch.<\/p>\n<p><strong>Mode r\u00e9cup\u00e9ratif<\/strong>\u00a0: L'int\u00e9r\u00eat de ce syst\u00e8me tient dans sa rapidit\u00e9 et son pouvoir \u00e0 r\u00e9cup\u00e9rer 95 % de l'\u00e9nergie cin\u00e9tique. A la d\u00e9c\u00e9l\u00e9ration et au freinage, elle est stock\u00e9e sous pression dans l'accumulateur par le moteur hydraulique. La r\u00e9cup\u00e9ration est activ\u00e9e dans les trois autres modes. Dans le m\u00eame genre en savoir plus sur le <a href=\"http:\/\/www.carideal.com\/blog\/2014\/05\/19\/le-defi-de-peugeot-avec-la-208-hybrid-fe\/\">Le d\u00e9fi de Peugeot avec la 208 Hybrid FE<\/a><\/p>\n","protected":false},"excerpt":{"rendered":"<p>Peugeot 2008 Hybrid Air Pr\u00eat pour un essai du Peugeot 2008 Hybrid Air ? PSA nous avait pr\u00e9sent\u00e9 son syst\u00e8me r\u00e9volutionnaire le 22 Janvier 2013, mais qu&rsquo;en est il aujourd&rsquo;hui\u00a0? Le constructeur fran\u00e7ais va t il trouver un partenaire afin d&rsquo;industrialiser son syst\u00e8me\u00a0? Et enfin qu&rsquo;en est il sur la route\u00a0? Mais il ne faut &#8230; <a title=\"Pret pour un essai du Peugeot 2008 Hybrid Air\" class=\"read-more\" href=\"https:\/\/www.carideal.com\/blog\/2014\/07\/15\/pret-pour-un-essai-du-peugeot-2008-hybrid-air\/\" aria-label=\"En savoir plus sur Pret pour un essai du Peugeot 2008 Hybrid Air\">Lire plus<\/a><\/p>\n","protected":false},"author":1,"featured_media":0,"comment_status":"closed","ping_status":"open","sticky":false,"template":"","format":"standard","meta":{"_uag_custom_page_level_css":"","_themeisle_gutenberg_block_has_review":false,"footnotes":""},"categories":[6],"tags":[35],"class_list":["post-323","post","type-post","status-publish","format-standard","hentry","category-ecologie","tag-psa"],"wppr_data":[],"yoast_head":"<!-- This site is optimized with the Yoast SEO plugin v24.8.1 - https:\/\/yoast.com\/wordpress\/plugins\/seo\/ -->\n<title>Pret pour un essai du Peugeot 2008 Hybrid Air - Blog auto Carid\u00e9al<\/title>\n<meta name=\"robots\" content=\"index, follow, max-snippet:-1, max-image-preview:large, max-video-preview:-1\" \/>\n<link rel=\"canonical\" href=\"https:\/\/www.carideal.com\/blog\/2014\/07\/15\/pret-pour-un-essai-du-peugeot-2008-hybrid-air\/\" \/>\n<meta property=\"og:locale\" content=\"fr_FR\" \/>\n<meta property=\"og:type\" content=\"article\" \/>\n<meta property=\"og:title\" content=\"Pret pour un essai du Peugeot 2008 Hybrid Air - Blog auto Carid\u00e9al\" \/>\n<meta property=\"og:description\" content=\"Peugeot 2008 Hybrid Air Pr\u00eat pour un essai du Peugeot 2008 Hybrid Air ? PSA nous avait pr\u00e9sent\u00e9 son syst\u00e8me r\u00e9volutionnaire le 22 Janvier 2013, mais qu&#039;en est il aujourd&#039;hui\u00a0? Le constructeur fran\u00e7ais va t il trouver un partenaire afin d&#039;industrialiser son syst\u00e8me\u00a0? Et enfin qu&#039;en est il sur la route\u00a0? Mais il ne faut ... Lire plus\" \/>\n<meta property=\"og:url\" content=\"https:\/\/www.carideal.com\/blog\/2014\/07\/15\/pret-pour-un-essai-du-peugeot-2008-hybrid-air\/\" \/>\n<meta property=\"og:site_name\" content=\"Blog auto Carid\u00e9al\" \/>\n<meta property=\"article:publisher\" content=\"https:\/\/www.facebook.com\/Carideal.mandataire.automobile\" \/>\n<meta property=\"article:author\" content=\"https:\/\/www.facebook.com\/Carideal.mandataire.automobile\/\" \/>\n<meta property=\"article:published_time\" content=\"2014-07-15T12:32:00+00:00\" \/>\n<meta property=\"article:modified_time\" content=\"2020-03-07T15:49:13+00:00\" \/>\n<meta property=\"og:image\" content=\"https:\/\/www.carideal.com\/blog\/wp-content\/uploads\/2016\/03\/logo-carideal-mandataire-automobile.png\" \/>\n\t<meta property=\"og:image:width\" content=\"300\" \/>\n\t<meta property=\"og:image:height\" content=\"300\" \/>\n\t<meta property=\"og:image:type\" content=\"image\/png\" \/>\n<meta name=\"author\" content=\"N.S Carideal\" \/>\n<meta name=\"twitter:card\" content=\"summary_large_image\" \/>\n<meta name=\"twitter:creator\" content=\"@caridealauto\" \/>\n<meta name=\"twitter:site\" content=\"@caridealauto\" \/>\n<meta name=\"twitter:label1\" content=\"\u00c9crit par\" \/>\n\t<meta name=\"twitter:data1\" content=\"N.S Carideal\" \/>\n\t<meta name=\"twitter:label2\" content=\"Dur\u00e9e de lecture estim\u00e9e\" \/>\n\t<meta name=\"twitter:data2\" content=\"3 minutes\" \/>\n<script type=\"application\/ld+json\" class=\"yoast-schema-graph\">{\"@context\":\"https:\/\/schema.org\",\"@graph\":[{\"@type\":\"Article\",\"@id\":\"https:\/\/www.carideal.com\/blog\/2014\/07\/15\/pret-pour-un-essai-du-peugeot-2008-hybrid-air\/#article\",\"isPartOf\":{\"@id\":\"https:\/\/www.carideal.com\/blog\/2014\/07\/15\/pret-pour-un-essai-du-peugeot-2008-hybrid-air\/\"},\"author\":{\"name\":\"N.S Carideal\",\"@id\":\"https:\/\/www.carideal.com\/blog\/#\/schema\/person\/985c7e757d1042d647f21bfaf8d41ebc\"},\"headline\":\"Pret pour un essai du Peugeot 2008 Hybrid Air\",\"datePublished\":\"2014-07-15T12:32:00+00:00\",\"dateModified\":\"2020-03-07T15:49:13+00:00\",\"mainEntityOfPage\":{\"@id\":\"https:\/\/www.carideal.com\/blog\/2014\/07\/15\/pret-pour-un-essai-du-peugeot-2008-hybrid-air\/\"},\"wordCount\":652,\"publisher\":{\"@id\":\"https:\/\/www.carideal.com\/blog\/#organization\"},\"keywords\":[\"PSA\"],\"articleSection\":[\"Ecologie\"],\"inLanguage\":\"fr-FR\"},{\"@type\":\"WebPage\",\"@id\":\"https:\/\/www.carideal.com\/blog\/2014\/07\/15\/pret-pour-un-essai-du-peugeot-2008-hybrid-air\/\",\"url\":\"https:\/\/www.carideal.com\/blog\/2014\/07\/15\/pret-pour-un-essai-du-peugeot-2008-hybrid-air\/\",\"name\":\"Pret pour un essai du Peugeot 2008 Hybrid Air - Blog auto Carid\u00e9al\",\"isPartOf\":{\"@id\":\"https:\/\/www.carideal.com\/blog\/#website\"},\"datePublished\":\"2014-07-15T12:32:00+00:00\",\"dateModified\":\"2020-03-07T15:49:13+00:00\",\"breadcrumb\":{\"@id\":\"https:\/\/www.carideal.com\/blog\/2014\/07\/15\/pret-pour-un-essai-du-peugeot-2008-hybrid-air\/#breadcrumb\"},\"inLanguage\":\"fr-FR\",\"potentialAction\":[{\"@type\":\"ReadAction\",\"target\":[\"https:\/\/www.carideal.com\/blog\/2014\/07\/15\/pret-pour-un-essai-du-peugeot-2008-hybrid-air\/\"]}]},{\"@type\":\"BreadcrumbList\",\"@id\":\"https:\/\/www.carideal.com\/blog\/2014\/07\/15\/pret-pour-un-essai-du-peugeot-2008-hybrid-air\/#breadcrumb\",\"itemListElement\":[{\"@type\":\"ListItem\",\"position\":1,\"name\":\"Blog Carid\u00e9al\",\"item\":\"https:\/\/www.carideal.com\/blog\/\"},{\"@type\":\"ListItem\",\"position\":2,\"name\":\"Ecologie\",\"item\":\"https:\/\/www.carideal.com\/blog\/ecologie\/\"},{\"@type\":\"ListItem\",\"position\":3,\"name\":\"Pret pour un essai du Peugeot 2008 Hybrid Air\"}]},{\"@type\":\"WebSite\",\"@id\":\"https:\/\/www.carideal.com\/blog\/#website\",\"url\":\"https:\/\/www.carideal.com\/blog\/\",\"name\":\"Blog auto Carid\u00e9al\",\"description\":\"Actualit\u00e9 auto par des passionn\u00e9s\",\"publisher\":{\"@id\":\"https:\/\/www.carideal.com\/blog\/#organization\"},\"potentialAction\":[{\"@type\":\"SearchAction\",\"target\":{\"@type\":\"EntryPoint\",\"urlTemplate\":\"https:\/\/www.carideal.com\/blog\/?s={search_term_string}\"},\"query-input\":{\"@type\":\"PropertyValueSpecification\",\"valueRequired\":true,\"valueName\":\"search_term_string\"}}],\"inLanguage\":\"fr-FR\"},{\"@type\":\"Organization\",\"@id\":\"https:\/\/www.carideal.com\/blog\/#organization\",\"name\":\"Carideal\",\"url\":\"https:\/\/www.carideal.com\/blog\/\",\"logo\":{\"@type\":\"ImageObject\",\"inLanguage\":\"fr-FR\",\"@id\":\"https:\/\/www.carideal.com\/blog\/#\/schema\/logo\/image\/\",\"url\":\"http:\/\/www.carideal.com\/blog\/wp-content\/uploads\/2016\/03\/logo-carideal-mandataire-automobile.png\",\"contentUrl\":\"http:\/\/www.carideal.com\/blog\/wp-content\/uploads\/2016\/03\/logo-carideal-mandataire-automobile.png\",\"width\":300,\"height\":300,\"caption\":\"Carideal\"},\"image\":{\"@id\":\"https:\/\/www.carideal.com\/blog\/#\/schema\/logo\/image\/\"},\"sameAs\":[\"https:\/\/www.facebook.com\/Carideal.mandataire.automobile\",\"https:\/\/x.com\/caridealauto\",\"https:\/\/www.instagram.com\/carideal1\/\",\"https:\/\/www.linkedin.com\/company\/carideal.com\",\"https:\/\/fr.pinterest.com\/schiavonsas\/\",\"https:\/\/www.youtube.com\/user\/caridealsas\"]},{\"@type\":\"Person\",\"@id\":\"https:\/\/www.carideal.com\/blog\/#\/schema\/person\/985c7e757d1042d647f21bfaf8d41ebc\",\"name\":\"N.S Carideal\",\"image\":{\"@type\":\"ImageObject\",\"inLanguage\":\"fr-FR\",\"@id\":\"https:\/\/www.carideal.com\/blog\/#\/schema\/person\/image\/\",\"url\":\"https:\/\/secure.gravatar.com\/avatar\/edb7ccdf1a4e3d14aef967760d354d0e?s=96&r=g\",\"contentUrl\":\"https:\/\/secure.gravatar.com\/avatar\/edb7ccdf1a4e3d14aef967760d354d0e?s=96&r=g\",\"caption\":\"N.S Carideal\"},\"description\":\"Depuis tout petit fan d'automobile. Il est question d'essayer et de comparer toutes ces voitures qui nous ont fait r\u00e9ver, avant que celles-ci ne devient uniquement des voitures de collection.\",\"sameAs\":[\"http:\/\/www.carideal.com\/blog\",\"https:\/\/www.facebook.com\/Carideal.mandataire.automobile\/\",\"https:\/\/www.linkedin.com\/in\/nschiavon\/\",\"https:\/\/www.youtube.com\/user\/caridealsas\/\"],\"url\":\"https:\/\/www.carideal.com\/blog\/author\/admin_carideal\/\"}]}<\/script>\n<!-- \/ Yoast SEO plugin. -->","yoast_head_json":{"title":"Pret pour un essai du Peugeot 2008 Hybrid Air - Blog auto Carid\u00e9al","robots":{"index":"index","follow":"follow","max-snippet":"max-snippet:-1","max-image-preview":"max-image-preview:large","max-video-preview":"max-video-preview:-1"},"canonical":"https:\/\/www.carideal.com\/blog\/2014\/07\/15\/pret-pour-un-essai-du-peugeot-2008-hybrid-air\/","og_locale":"fr_FR","og_type":"article","og_title":"Pret pour un essai du Peugeot 2008 Hybrid Air - Blog auto Carid\u00e9al","og_description":"Peugeot 2008 Hybrid Air Pr\u00eat pour un essai du Peugeot 2008 Hybrid Air ? PSA nous avait pr\u00e9sent\u00e9 son syst\u00e8me r\u00e9volutionnaire le 22 Janvier 2013, mais qu'en est il aujourd'hui\u00a0? Le constructeur fran\u00e7ais va t il trouver un partenaire afin d'industrialiser son syst\u00e8me\u00a0? Et enfin qu'en est il sur la route\u00a0? Mais il ne faut ... Lire plus","og_url":"https:\/\/www.carideal.com\/blog\/2014\/07\/15\/pret-pour-un-essai-du-peugeot-2008-hybrid-air\/","og_site_name":"Blog auto Carid\u00e9al","article_publisher":"https:\/\/www.facebook.com\/Carideal.mandataire.automobile","article_author":"https:\/\/www.facebook.com\/Carideal.mandataire.automobile\/","article_published_time":"2014-07-15T12:32:00+00:00","article_modified_time":"2020-03-07T15:49:13+00:00","og_image":[{"width":300,"height":300,"url":"https:\/\/www.carideal.com\/blog\/wp-content\/uploads\/2016\/03\/logo-carideal-mandataire-automobile.png","type":"image\/png"}],"author":"N.S Carideal","twitter_card":"summary_large_image","twitter_creator":"@caridealauto","twitter_site":"@caridealauto","twitter_misc":{"\u00c9crit par":"N.S Carideal","Dur\u00e9e de lecture estim\u00e9e":"3 minutes"},"schema":{"@context":"https:\/\/schema.org","@graph":[{"@type":"Article","@id":"https:\/\/www.carideal.com\/blog\/2014\/07\/15\/pret-pour-un-essai-du-peugeot-2008-hybrid-air\/#article","isPartOf":{"@id":"https:\/\/www.carideal.com\/blog\/2014\/07\/15\/pret-pour-un-essai-du-peugeot-2008-hybrid-air\/"},"author":{"name":"N.S Carideal","@id":"https:\/\/www.carideal.com\/blog\/#\/schema\/person\/985c7e757d1042d647f21bfaf8d41ebc"},"headline":"Pret pour un essai du Peugeot 2008 Hybrid Air","datePublished":"2014-07-15T12:32:00+00:00","dateModified":"2020-03-07T15:49:13+00:00","mainEntityOfPage":{"@id":"https:\/\/www.carideal.com\/blog\/2014\/07\/15\/pret-pour-un-essai-du-peugeot-2008-hybrid-air\/"},"wordCount":652,"publisher":{"@id":"https:\/\/www.carideal.com\/blog\/#organization"},"keywords":["PSA"],"articleSection":["Ecologie"],"inLanguage":"fr-FR"},{"@type":"WebPage","@id":"https:\/\/www.carideal.com\/blog\/2014\/07\/15\/pret-pour-un-essai-du-peugeot-2008-hybrid-air\/","url":"https:\/\/www.carideal.com\/blog\/2014\/07\/15\/pret-pour-un-essai-du-peugeot-2008-hybrid-air\/","name":"Pret pour un essai du Peugeot 2008 Hybrid Air - Blog auto Carid\u00e9al","isPartOf":{"@id":"https:\/\/www.carideal.com\/blog\/#website"},"datePublished":"2014-07-15T12:32:00+00:00","dateModified":"2020-03-07T15:49:13+00:00","breadcrumb":{"@id":"https:\/\/www.carideal.com\/blog\/2014\/07\/15\/pret-pour-un-essai-du-peugeot-2008-hybrid-air\/#breadcrumb"},"inLanguage":"fr-FR","potentialAction":[{"@type":"ReadAction","target":["https:\/\/www.carideal.com\/blog\/2014\/07\/15\/pret-pour-un-essai-du-peugeot-2008-hybrid-air\/"]}]},{"@type":"BreadcrumbList","@id":"https:\/\/www.carideal.com\/blog\/2014\/07\/15\/pret-pour-un-essai-du-peugeot-2008-hybrid-air\/#breadcrumb","itemListElement":[{"@type":"ListItem","position":1,"name":"Blog Carid\u00e9al","item":"https:\/\/www.carideal.com\/blog\/"},{"@type":"ListItem","position":2,"name":"Ecologie","item":"https:\/\/www.carideal.com\/blog\/ecologie\/"},{"@type":"ListItem","position":3,"name":"Pret pour un essai du Peugeot 2008 Hybrid Air"}]},{"@type":"WebSite","@id":"https:\/\/www.carideal.com\/blog\/#website","url":"https:\/\/www.carideal.com\/blog\/","name":"Blog auto Carid\u00e9al","description":"Actualit\u00e9 auto par des passionn\u00e9s","publisher":{"@id":"https:\/\/www.carideal.com\/blog\/#organization"},"potentialAction":[{"@type":"SearchAction","target":{"@type":"EntryPoint","urlTemplate":"https:\/\/www.carideal.com\/blog\/?s={search_term_string}"},"query-input":{"@type":"PropertyValueSpecification","valueRequired":true,"valueName":"search_term_string"}}],"inLanguage":"fr-FR"},{"@type":"Organization","@id":"https:\/\/www.carideal.com\/blog\/#organization","name":"Carideal","url":"https:\/\/www.carideal.com\/blog\/","logo":{"@type":"ImageObject","inLanguage":"fr-FR","@id":"https:\/\/www.carideal.com\/blog\/#\/schema\/logo\/image\/","url":"http:\/\/www.carideal.com\/blog\/wp-content\/uploads\/2016\/03\/logo-carideal-mandataire-automobile.png","contentUrl":"http:\/\/www.carideal.com\/blog\/wp-content\/uploads\/2016\/03\/logo-carideal-mandataire-automobile.png","width":300,"height":300,"caption":"Carideal"},"image":{"@id":"https:\/\/www.carideal.com\/blog\/#\/schema\/logo\/image\/"},"sameAs":["https:\/\/www.facebook.com\/Carideal.mandataire.automobile","https:\/\/x.com\/caridealauto","https:\/\/www.instagram.com\/carideal1\/","https:\/\/www.linkedin.com\/company\/carideal.com","https:\/\/fr.pinterest.com\/schiavonsas\/","https:\/\/www.youtube.com\/user\/caridealsas"]},{"@type":"Person","@id":"https:\/\/www.carideal.com\/blog\/#\/schema\/person\/985c7e757d1042d647f21bfaf8d41ebc","name":"N.S Carideal","image":{"@type":"ImageObject","inLanguage":"fr-FR","@id":"https:\/\/www.carideal.com\/blog\/#\/schema\/person\/image\/","url":"https:\/\/secure.gravatar.com\/avatar\/edb7ccdf1a4e3d14aef967760d354d0e?s=96&r=g","contentUrl":"https:\/\/secure.gravatar.com\/avatar\/edb7ccdf1a4e3d14aef967760d354d0e?s=96&r=g","caption":"N.S Carideal"},"description":"Depuis tout petit fan d'automobile. Il est question d'essayer et de comparer toutes ces voitures qui nous ont fait r\u00e9ver, avant que celles-ci ne devient uniquement des voitures de collection.","sameAs":["http:\/\/www.carideal.com\/blog","https:\/\/www.facebook.com\/Carideal.mandataire.automobile\/","https:\/\/www.linkedin.com\/in\/nschiavon\/","https:\/\/www.youtube.com\/user\/caridealsas\/"],"url":"https:\/\/www.carideal.com\/blog\/author\/admin_carideal\/"}]}},"uagb_featured_image_src":{"full":false,"thumbnail":false,"medium":false,"medium_large":false,"large":false,"1536x1536":false,"2048x2048":false,"wppr-widget":false},"uagb_author_info":{"display_name":"N.S Carideal","author_link":"https:\/\/www.carideal.com\/blog\/author\/admin_carideal\/"},"uagb_comment_info":0,"uagb_excerpt":"Peugeot 2008 Hybrid Air Pr\u00eat pour un essai du Peugeot 2008 Hybrid Air ? PSA nous avait pr\u00e9sent\u00e9 son syst\u00e8me r\u00e9volutionnaire le 22 Janvier 2013, mais qu'en est il aujourd'hui\u00a0? Le constructeur fran\u00e7ais va t il trouver un partenaire afin d'industrialiser son syst\u00e8me\u00a0? Et enfin qu'en est il sur la route\u00a0? Mais il ne faut\u2026","_links":{"self":[{"href":"https:\/\/www.carideal.com\/blog\/wp-json\/wp\/v2\/posts\/323"}],"collection":[{"href":"https:\/\/www.carideal.com\/blog\/wp-json\/wp\/v2\/posts"}],"about":[{"href":"https:\/\/www.carideal.com\/blog\/wp-json\/wp\/v2\/types\/post"}],"author":[{"embeddable":true,"href":"https:\/\/www.carideal.com\/blog\/wp-json\/wp\/v2\/users\/1"}],"replies":[{"embeddable":true,"href":"https:\/\/www.carideal.com\/blog\/wp-json\/wp\/v2\/comments?post=323"}],"version-history":[{"count":0,"href":"https:\/\/www.carideal.com\/blog\/wp-json\/wp\/v2\/posts\/323\/revisions"}],"wp:attachment":[{"href":"https:\/\/www.carideal.com\/blog\/wp-json\/wp\/v2\/media?parent=323"}],"wp:term":[{"taxonomy":"category","embeddable":true,"href":"https:\/\/www.carideal.com\/blog\/wp-json\/wp\/v2\/categories?post=323"},{"taxonomy":"post_tag","embeddable":true,"href":"https:\/\/www.carideal.com\/blog\/wp-json\/wp\/v2\/tags?post=323"}],"curies":[{"name":"wp","href":"https:\/\/api.w.org\/{rel}","templated":true}]}}