{"id":321,"date":"2014-04-26T21:52:00","date_gmt":"2014-04-26T21:52:00","guid":{"rendered":"http:\/\/carideal.com\/blog\/?p=321"},"modified":"2018-10-12T11:36:46","modified_gmt":"2018-10-12T09:36:46","slug":"le-filtre-a-particules-pour-moteur-a-essence-est-pret-et-sera-lance-cette-annee","status":"publish","type":"post","link":"https:\/\/www.carideal.com\/blog\/2014\/04\/26\/le-filtre-a-particules-pour-moteur-a-essence-est-pret-et-sera-lance-cette-annee\/","title":{"rendered":"Le filtre \u00e0 particules pour moteur a essence est pr\u00eat"},"content":{"rendered":"<p>&nbsp;<\/p>\n<h1><strong>Le\u00a0filtre \u00e0 particules pour moteur \u00e0 essence est pr\u00eat et sera lanc\u00e9 cette ann\u00e9e<\/strong><\/h1>\n<p>Faur\u00e9cia l'\u00e9quipementier automobile vient de confirmer qu'il va \u00e9quiper les voitures \u00e0 moteur essence d'un constructeur europ\u00e9en sans vouloir d\u00e9voiler lequel d'un filtre \u00e0 particules FAP.<\/p>\n<p>Bien que certains Bobos ne cesse de r\u00e9p\u00e9ter \u00e0 l'envie que le diesel est le p\u00e8re de toute la pollution automobile et du transport avec ses particules fines, ce qui est un mensonge car les FAP (filtre \u00e0 particules les captes puis les d\u00e9truisent), les moteurs \u00e0 essence \u00e0 injection directe en produisent aussi, car il y a aussi cracking des mol\u00e9cules de carburant, comme pour le gazole, il n'y a pas vaporisation du m\u00e9lange gazeux dans les conduits d'admissions, mais l'essence est directement inject\u00e9e \u00e0 haute pression dans la chambre de combustion. Le fait qu'un \u00e9quipementier mette au point ce FAP essence prouve bien qu'il y a des particules fines \u00e0 capter.<\/p>\n<p>Le <a href=\"http:\/\/www.carideal.com\/blog\/2017\/01\/19\/selon-psa-filtre-a-particules-purification-de-lair\/\">FAP<\/a> est obligatoire depuis 2011 sur les diesels sur certains moteur et sur tous depuis l'ann\u00e9e derni\u00e8re, mais personne ne parlait encore des moteurs \u00e0 essence. Faurecia qui est une filiale de PSA, ne veut pas d\u00e9voiler le constructeur qui implantera son FAP, serait-ce PSA\u00a0? Le pr\u00e9curseur du FAP diesel et actuellement le leader dans ce domaine\u00a0? ou un constructeur allemand qui voudrait asseoir sa technologie \"premium\" ?<br \/>\nSi l'injection directe en permettant un dosage plus fin et une gestion plus fine de la combustion, permet de diminuer la consommation et donc les rejets de CO2, mais ce mode de combustion g\u00e9n\u00e8re des particules fines. Une \u00e9tude a d'ailleurs \u00e9t\u00e9 men\u00e9 par l'institut Transport &amp; Environment qui prouve, en testant 3 voitures essence de 3 constructeurs diff\u00e9rents\u00a0: <strong>certaines voitures \u00e0 essence rejettent 10 fois plus de particules fines que les moteurs diesels<\/strong> qui eux sont de surcro\u00eet filtr\u00e9.<\/p>\n<h3>Preuve que nos technocrates confondent \u00e9cologie et taxe ?<\/h3>\n<p>La future norme EURO6c qui entrera en vigueur en 2017 sera beaucoup plus s\u00e9v\u00e8re, et preuve que les constructeurs et \u00e9quipementier travaillent ensemble pour s'y pr\u00e9parer. Un FAP essence devrait faire augmenter le prix de la voiture de 40 \u00e0 130 \u20ac.<\/p>\n<p>Vous souvenez vous de l'\u00e9pisode fameux des particules et de la pollution \u00e0 Paris en mars 2014 ou tous les m\u00e9dias mettaient en cause la pollution automobile alors\u00a0qu'il <a href=\"http:\/\/www.carideal.com\/blog\/2014\/03\/28\/la-pollution-agricole-en-cause-dans-lepisode-des-particules-fines-de-debut-mars-a-paris\/\">s'agissait de la pollution agricole qui \u00e9tait en cause dans l'\u00e9pisode des particules fines<\/a><\/p>\n<p>source: <a href=\"http:\/\/www.transportenvironment.org\/publications\/particle-emissions-petrol-cars\">http:\/\/www.transportenvironment.org\/publications\/particle-emissions-petrol-cars<\/a> &amp; <a href=\"http:\/\/www.lesechos.fr\/17\/04\/2014\/lesechos.fr\/0203449900016_le-filtre-a-particules-pour-moteurs-essence-sera-lance-des-2014.htm\">lesechos.fr<\/a><\/p>\n","protected":false},"excerpt":{"rendered":"<p>&nbsp; Le\u00a0filtre \u00e0 particules pour moteur \u00e0 essence est pr\u00eat et sera lanc\u00e9 cette ann\u00e9e Faur\u00e9cia l&rsquo;\u00e9quipementier automobile vient de confirmer qu&rsquo;il va \u00e9quiper les voitures \u00e0 moteur essence d&rsquo;un constructeur europ\u00e9en sans vouloir d\u00e9voiler lequel d&rsquo;un filtre \u00e0 particules FAP. Bien que certains Bobos ne cesse de r\u00e9p\u00e9ter \u00e0 l&rsquo;envie que le diesel est &#8230; <a title=\"Le filtre \u00e0 particules pour moteur a essence est pr\u00eat\" class=\"read-more\" href=\"https:\/\/www.carideal.com\/blog\/2014\/04\/26\/le-filtre-a-particules-pour-moteur-a-essence-est-pret-et-sera-lance-cette-annee\/\" aria-label=\"En savoir plus sur Le filtre \u00e0 particules pour moteur a essence est pr\u00eat\">Lire plus<\/a><\/p>\n","protected":false},"author":1,"featured_media":17673,"comment_status":"closed","ping_status":"open","sticky":false,"template":"","format":"standard","meta":{"_uag_custom_page_level_css":"","_themeisle_gutenberg_block_has_review":false,"footnotes":""},"categories":[6,8],"tags":[60,673,243,5127,35],"class_list":["post-321","post","type-post","status-publish","format-standard","has-post-thumbnail","hentry","category-ecologie","category-garage-entretien-automobile","tag-co2","tag-filtre-a-particules","tag-gazole","tag-particule-fine","tag-psa"],"wppr_data":{"cwp_meta_box_check":"No"},"yoast_head":"<!-- This site is optimized with the Yoast SEO plugin v24.8.1 - https:\/\/yoast.com\/wordpress\/plugins\/seo\/ -->\n<title>Le filtre \u00e0 particules pour moteur a essence est pr\u00eat - Blog auto Carid\u00e9al<\/title>\n<meta name=\"robots\" content=\"index, follow, max-snippet:-1, max-image-preview:large, max-video-preview:-1\" \/>\n<link rel=\"canonical\" href=\"https:\/\/www.carideal.com\/blog\/2014\/04\/26\/le-filtre-a-particules-pour-moteur-a-essence-est-pret-et-sera-lance-cette-annee\/\" \/>\n<meta property=\"og:locale\" content=\"fr_FR\" \/>\n<meta property=\"og:type\" content=\"article\" \/>\n<meta property=\"og:title\" content=\"Le filtre \u00e0 particules pour moteur a essence est pr\u00eat - Blog auto Carid\u00e9al\" \/>\n<meta property=\"og:description\" content=\"&nbsp; Le\u00a0filtre \u00e0 particules pour moteur \u00e0 essence est pr\u00eat et sera lanc\u00e9 cette ann\u00e9e Faur\u00e9cia l&#039;\u00e9quipementier automobile vient de confirmer qu&#039;il va \u00e9quiper les voitures \u00e0 moteur essence d&#039;un constructeur europ\u00e9en sans vouloir d\u00e9voiler lequel d&#039;un filtre \u00e0 particules FAP. Bien que certains Bobos ne cesse de r\u00e9p\u00e9ter \u00e0 l&#039;envie que le diesel est ... Lire plus\" \/>\n<meta property=\"og:url\" content=\"https:\/\/www.carideal.com\/blog\/2014\/04\/26\/le-filtre-a-particules-pour-moteur-a-essence-est-pret-et-sera-lance-cette-annee\/\" \/>\n<meta property=\"og:site_name\" content=\"Blog auto Carid\u00e9al\" \/>\n<meta property=\"article:publisher\" content=\"https:\/\/www.facebook.com\/Carideal.mandataire.automobile\" \/>\n<meta property=\"article:author\" content=\"https:\/\/www.facebook.com\/Carideal.mandataire.automobile\/\" \/>\n<meta property=\"article:published_time\" content=\"2014-04-26T21:52:00+00:00\" \/>\n<meta property=\"article:modified_time\" content=\"2018-10-12T09:36:46+00:00\" \/>\n<meta property=\"og:image\" content=\"https:\/\/www.carideal.com\/blog\/wp-content\/uploads\/2014\/04\/filtre-a-particule-moteur-essence-carideal-mandataire-automobile.jpg\" \/>\n\t<meta property=\"og:image:width\" content=\"450\" \/>\n\t<meta property=\"og:image:height\" content=\"338\" \/>\n\t<meta property=\"og:image:type\" content=\"image\/jpeg\" \/>\n<meta name=\"author\" content=\"N.S Carideal\" \/>\n<meta name=\"twitter:card\" content=\"summary_large_image\" \/>\n<meta name=\"twitter:creator\" content=\"@caridealauto\" \/>\n<meta name=\"twitter:site\" content=\"@caridealauto\" \/>\n<meta name=\"twitter:label1\" content=\"\u00c9crit par\" \/>\n\t<meta name=\"twitter:data1\" content=\"N.S Carideal\" \/>\n\t<meta name=\"twitter:label2\" content=\"Dur\u00e9e de lecture estim\u00e9e\" \/>\n\t<meta name=\"twitter:data2\" content=\"2 minutes\" \/>\n<script type=\"application\/ld+json\" class=\"yoast-schema-graph\">{\"@context\":\"https:\/\/schema.org\",\"@graph\":[{\"@type\":\"Article\",\"@id\":\"https:\/\/www.carideal.com\/blog\/2014\/04\/26\/le-filtre-a-particules-pour-moteur-a-essence-est-pret-et-sera-lance-cette-annee\/#article\",\"isPartOf\":{\"@id\":\"https:\/\/www.carideal.com\/blog\/2014\/04\/26\/le-filtre-a-particules-pour-moteur-a-essence-est-pret-et-sera-lance-cette-annee\/\"},\"author\":{\"name\":\"N.S Carideal\",\"@id\":\"https:\/\/www.carideal.com\/blog\/#\/schema\/person\/985c7e757d1042d647f21bfaf8d41ebc\"},\"headline\":\"Le filtre \u00e0 particules pour moteur a essence est pr\u00eat\",\"datePublished\":\"2014-04-26T21:52:00+00:00\",\"dateModified\":\"2018-10-12T09:36:46+00:00\",\"mainEntityOfPage\":{\"@id\":\"https:\/\/www.carideal.com\/blog\/2014\/04\/26\/le-filtre-a-particules-pour-moteur-a-essence-est-pret-et-sera-lance-cette-annee\/\"},\"wordCount\":421,\"publisher\":{\"@id\":\"https:\/\/www.carideal.com\/blog\/#organization\"},\"image\":{\"@id\":\"https:\/\/www.carideal.com\/blog\/2014\/04\/26\/le-filtre-a-particules-pour-moteur-a-essence-est-pret-et-sera-lance-cette-annee\/#primaryimage\"},\"thumbnailUrl\":\"https:\/\/www.carideal.com\/blog\/wp-content\/uploads\/2014\/04\/filtre-a-particule-moteur-essence-carideal-mandataire-automobile.jpg\",\"keywords\":[\"CO2 \u00e9mission de CO2\",\"Filtre \u00e0 particules Diesel essence\",\"Gazole\",\"particule fine\",\"PSA\"],\"articleSection\":[\"Ecologie\",\"Garage automobile r\u00e9vision voiture\"],\"inLanguage\":\"fr-FR\"},{\"@type\":\"WebPage\",\"@id\":\"https:\/\/www.carideal.com\/blog\/2014\/04\/26\/le-filtre-a-particules-pour-moteur-a-essence-est-pret-et-sera-lance-cette-annee\/\",\"url\":\"https:\/\/www.carideal.com\/blog\/2014\/04\/26\/le-filtre-a-particules-pour-moteur-a-essence-est-pret-et-sera-lance-cette-annee\/\",\"name\":\"Le filtre \u00e0 particules pour moteur a essence est pr\u00eat - Blog auto Carid\u00e9al\",\"isPartOf\":{\"@id\":\"https:\/\/www.carideal.com\/blog\/#website\"},\"primaryImageOfPage\":{\"@id\":\"https:\/\/www.carideal.com\/blog\/2014\/04\/26\/le-filtre-a-particules-pour-moteur-a-essence-est-pret-et-sera-lance-cette-annee\/#primaryimage\"},\"image\":{\"@id\":\"https:\/\/www.carideal.com\/blog\/2014\/04\/26\/le-filtre-a-particules-pour-moteur-a-essence-est-pret-et-sera-lance-cette-annee\/#primaryimage\"},\"thumbnailUrl\":\"https:\/\/www.carideal.com\/blog\/wp-content\/uploads\/2014\/04\/filtre-a-particule-moteur-essence-carideal-mandataire-automobile.jpg\",\"datePublished\":\"2014-04-26T21:52:00+00:00\",\"dateModified\":\"2018-10-12T09:36:46+00:00\",\"breadcrumb\":{\"@id\":\"https:\/\/www.carideal.com\/blog\/2014\/04\/26\/le-filtre-a-particules-pour-moteur-a-essence-est-pret-et-sera-lance-cette-annee\/#breadcrumb\"},\"inLanguage\":\"fr-FR\",\"potentialAction\":[{\"@type\":\"ReadAction\",\"target\":[\"https:\/\/www.carideal.com\/blog\/2014\/04\/26\/le-filtre-a-particules-pour-moteur-a-essence-est-pret-et-sera-lance-cette-annee\/\"]}]},{\"@type\":\"ImageObject\",\"inLanguage\":\"fr-FR\",\"@id\":\"https:\/\/www.carideal.com\/blog\/2014\/04\/26\/le-filtre-a-particules-pour-moteur-a-essence-est-pret-et-sera-lance-cette-annee\/#primaryimage\",\"url\":\"https:\/\/www.carideal.com\/blog\/wp-content\/uploads\/2014\/04\/filtre-a-particule-moteur-essence-carideal-mandataire-automobile.jpg\",\"contentUrl\":\"https:\/\/www.carideal.com\/blog\/wp-content\/uploads\/2014\/04\/filtre-a-particule-moteur-essence-carideal-mandataire-automobile.jpg\",\"width\":450,\"height\":338,\"caption\":\"Le filtre \u00e0 particules pour moteur a essence est pr\u00eat\"},{\"@type\":\"BreadcrumbList\",\"@id\":\"https:\/\/www.carideal.com\/blog\/2014\/04\/26\/le-filtre-a-particules-pour-moteur-a-essence-est-pret-et-sera-lance-cette-annee\/#breadcrumb\",\"itemListElement\":[{\"@type\":\"ListItem\",\"position\":1,\"name\":\"Blog Carid\u00e9al\",\"item\":\"https:\/\/www.carideal.com\/blog\/\"},{\"@type\":\"ListItem\",\"position\":2,\"name\":\"Ecologie\",\"item\":\"https:\/\/www.carideal.com\/blog\/ecologie\/\"},{\"@type\":\"ListItem\",\"position\":3,\"name\":\"Le filtre \u00e0 particules pour moteur a essence est pr\u00eat\"}]},{\"@type\":\"WebSite\",\"@id\":\"https:\/\/www.carideal.com\/blog\/#website\",\"url\":\"https:\/\/www.carideal.com\/blog\/\",\"name\":\"Blog auto Carid\u00e9al\",\"description\":\"Actualit\u00e9 auto par des passionn\u00e9s\",\"publisher\":{\"@id\":\"https:\/\/www.carideal.com\/blog\/#organization\"},\"potentialAction\":[{\"@type\":\"SearchAction\",\"target\":{\"@type\":\"EntryPoint\",\"urlTemplate\":\"https:\/\/www.carideal.com\/blog\/?s={search_term_string}\"},\"query-input\":{\"@type\":\"PropertyValueSpecification\",\"valueRequired\":true,\"valueName\":\"search_term_string\"}}],\"inLanguage\":\"fr-FR\"},{\"@type\":\"Organization\",\"@id\":\"https:\/\/www.carideal.com\/blog\/#organization\",\"name\":\"Carideal\",\"url\":\"https:\/\/www.carideal.com\/blog\/\",\"logo\":{\"@type\":\"ImageObject\",\"inLanguage\":\"fr-FR\",\"@id\":\"https:\/\/www.carideal.com\/blog\/#\/schema\/logo\/image\/\",\"url\":\"http:\/\/www.carideal.com\/blog\/wp-content\/uploads\/2016\/03\/logo-carideal-mandataire-automobile.png\",\"contentUrl\":\"http:\/\/www.carideal.com\/blog\/wp-content\/uploads\/2016\/03\/logo-carideal-mandataire-automobile.png\",\"width\":300,\"height\":300,\"caption\":\"Carideal\"},\"image\":{\"@id\":\"https:\/\/www.carideal.com\/blog\/#\/schema\/logo\/image\/\"},\"sameAs\":[\"https:\/\/www.facebook.com\/Carideal.mandataire.automobile\",\"https:\/\/x.com\/caridealauto\",\"https:\/\/www.instagram.com\/carideal1\/\",\"https:\/\/www.linkedin.com\/company\/carideal.com\",\"https:\/\/fr.pinterest.com\/schiavonsas\/\",\"https:\/\/www.youtube.com\/user\/caridealsas\"]},{\"@type\":\"Person\",\"@id\":\"https:\/\/www.carideal.com\/blog\/#\/schema\/person\/985c7e757d1042d647f21bfaf8d41ebc\",\"name\":\"N.S Carideal\",\"image\":{\"@type\":\"ImageObject\",\"inLanguage\":\"fr-FR\",\"@id\":\"https:\/\/www.carideal.com\/blog\/#\/schema\/person\/image\/\",\"url\":\"https:\/\/secure.gravatar.com\/avatar\/edb7ccdf1a4e3d14aef967760d354d0e?s=96&r=g\",\"contentUrl\":\"https:\/\/secure.gravatar.com\/avatar\/edb7ccdf1a4e3d14aef967760d354d0e?s=96&r=g\",\"caption\":\"N.S Carideal\"},\"description\":\"Depuis tout petit fan d'automobile. Il est question d'essayer et de comparer toutes ces voitures qui nous ont fait r\u00e9ver, avant que celles-ci ne devient uniquement des voitures de collection.\",\"sameAs\":[\"http:\/\/www.carideal.com\/blog\",\"https:\/\/www.facebook.com\/Carideal.mandataire.automobile\/\",\"https:\/\/www.linkedin.com\/in\/nschiavon\/\",\"https:\/\/www.youtube.com\/user\/caridealsas\/\"],\"url\":\"https:\/\/www.carideal.com\/blog\/author\/admin_carideal\/\"}]}<\/script>\n<!-- \/ Yoast SEO plugin. -->","yoast_head_json":{"title":"Le filtre \u00e0 particules pour moteur a essence est pr\u00eat - Blog auto Carid\u00e9al","robots":{"index":"index","follow":"follow","max-snippet":"max-snippet:-1","max-image-preview":"max-image-preview:large","max-video-preview":"max-video-preview:-1"},"canonical":"https:\/\/www.carideal.com\/blog\/2014\/04\/26\/le-filtre-a-particules-pour-moteur-a-essence-est-pret-et-sera-lance-cette-annee\/","og_locale":"fr_FR","og_type":"article","og_title":"Le filtre \u00e0 particules pour moteur a essence est pr\u00eat - Blog auto Carid\u00e9al","og_description":"&nbsp; Le\u00a0filtre \u00e0 particules pour moteur \u00e0 essence est pr\u00eat et sera lanc\u00e9 cette ann\u00e9e Faur\u00e9cia l'\u00e9quipementier automobile vient de confirmer qu'il va \u00e9quiper les voitures \u00e0 moteur essence d'un constructeur europ\u00e9en sans vouloir d\u00e9voiler lequel d'un filtre \u00e0 particules FAP. Bien que certains Bobos ne cesse de r\u00e9p\u00e9ter \u00e0 l'envie que le diesel est ... Lire plus","og_url":"https:\/\/www.carideal.com\/blog\/2014\/04\/26\/le-filtre-a-particules-pour-moteur-a-essence-est-pret-et-sera-lance-cette-annee\/","og_site_name":"Blog auto Carid\u00e9al","article_publisher":"https:\/\/www.facebook.com\/Carideal.mandataire.automobile","article_author":"https:\/\/www.facebook.com\/Carideal.mandataire.automobile\/","article_published_time":"2014-04-26T21:52:00+00:00","article_modified_time":"2018-10-12T09:36:46+00:00","og_image":[{"width":450,"height":338,"url":"https:\/\/www.carideal.com\/blog\/wp-content\/uploads\/2014\/04\/filtre-a-particule-moteur-essence-carideal-mandataire-automobile.jpg","type":"image\/jpeg"}],"author":"N.S Carideal","twitter_card":"summary_large_image","twitter_creator":"@caridealauto","twitter_site":"@caridealauto","twitter_misc":{"\u00c9crit par":"N.S Carideal","Dur\u00e9e de lecture estim\u00e9e":"2 minutes"},"schema":{"@context":"https:\/\/schema.org","@graph":[{"@type":"Article","@id":"https:\/\/www.carideal.com\/blog\/2014\/04\/26\/le-filtre-a-particules-pour-moteur-a-essence-est-pret-et-sera-lance-cette-annee\/#article","isPartOf":{"@id":"https:\/\/www.carideal.com\/blog\/2014\/04\/26\/le-filtre-a-particules-pour-moteur-a-essence-est-pret-et-sera-lance-cette-annee\/"},"author":{"name":"N.S Carideal","@id":"https:\/\/www.carideal.com\/blog\/#\/schema\/person\/985c7e757d1042d647f21bfaf8d41ebc"},"headline":"Le filtre \u00e0 particules pour moteur a essence est pr\u00eat","datePublished":"2014-04-26T21:52:00+00:00","dateModified":"2018-10-12T09:36:46+00:00","mainEntityOfPage":{"@id":"https:\/\/www.carideal.com\/blog\/2014\/04\/26\/le-filtre-a-particules-pour-moteur-a-essence-est-pret-et-sera-lance-cette-annee\/"},"wordCount":421,"publisher":{"@id":"https:\/\/www.carideal.com\/blog\/#organization"},"image":{"@id":"https:\/\/www.carideal.com\/blog\/2014\/04\/26\/le-filtre-a-particules-pour-moteur-a-essence-est-pret-et-sera-lance-cette-annee\/#primaryimage"},"thumbnailUrl":"https:\/\/www.carideal.com\/blog\/wp-content\/uploads\/2014\/04\/filtre-a-particule-moteur-essence-carideal-mandataire-automobile.jpg","keywords":["CO2 \u00e9mission de CO2","Filtre \u00e0 particules Diesel essence","Gazole","particule fine","PSA"],"articleSection":["Ecologie","Garage automobile r\u00e9vision voiture"],"inLanguage":"fr-FR"},{"@type":"WebPage","@id":"https:\/\/www.carideal.com\/blog\/2014\/04\/26\/le-filtre-a-particules-pour-moteur-a-essence-est-pret-et-sera-lance-cette-annee\/","url":"https:\/\/www.carideal.com\/blog\/2014\/04\/26\/le-filtre-a-particules-pour-moteur-a-essence-est-pret-et-sera-lance-cette-annee\/","name":"Le filtre \u00e0 particules pour moteur a essence est pr\u00eat - Blog auto Carid\u00e9al","isPartOf":{"@id":"https:\/\/www.carideal.com\/blog\/#website"},"primaryImageOfPage":{"@id":"https:\/\/www.carideal.com\/blog\/2014\/04\/26\/le-filtre-a-particules-pour-moteur-a-essence-est-pret-et-sera-lance-cette-annee\/#primaryimage"},"image":{"@id":"https:\/\/www.carideal.com\/blog\/2014\/04\/26\/le-filtre-a-particules-pour-moteur-a-essence-est-pret-et-sera-lance-cette-annee\/#primaryimage"},"thumbnailUrl":"https:\/\/www.carideal.com\/blog\/wp-content\/uploads\/2014\/04\/filtre-a-particule-moteur-essence-carideal-mandataire-automobile.jpg","datePublished":"2014-04-26T21:52:00+00:00","dateModified":"2018-10-12T09:36:46+00:00","breadcrumb":{"@id":"https:\/\/www.carideal.com\/blog\/2014\/04\/26\/le-filtre-a-particules-pour-moteur-a-essence-est-pret-et-sera-lance-cette-annee\/#breadcrumb"},"inLanguage":"fr-FR","potentialAction":[{"@type":"ReadAction","target":["https:\/\/www.carideal.com\/blog\/2014\/04\/26\/le-filtre-a-particules-pour-moteur-a-essence-est-pret-et-sera-lance-cette-annee\/"]}]},{"@type":"ImageObject","inLanguage":"fr-FR","@id":"https:\/\/www.carideal.com\/blog\/2014\/04\/26\/le-filtre-a-particules-pour-moteur-a-essence-est-pret-et-sera-lance-cette-annee\/#primaryimage","url":"https:\/\/www.carideal.com\/blog\/wp-content\/uploads\/2014\/04\/filtre-a-particule-moteur-essence-carideal-mandataire-automobile.jpg","contentUrl":"https:\/\/www.carideal.com\/blog\/wp-content\/uploads\/2014\/04\/filtre-a-particule-moteur-essence-carideal-mandataire-automobile.jpg","width":450,"height":338,"caption":"Le filtre \u00e0 particules pour moteur a essence est pr\u00eat"},{"@type":"BreadcrumbList","@id":"https:\/\/www.carideal.com\/blog\/2014\/04\/26\/le-filtre-a-particules-pour-moteur-a-essence-est-pret-et-sera-lance-cette-annee\/#breadcrumb","itemListElement":[{"@type":"ListItem","position":1,"name":"Blog Carid\u00e9al","item":"https:\/\/www.carideal.com\/blog\/"},{"@type":"ListItem","position":2,"name":"Ecologie","item":"https:\/\/www.carideal.com\/blog\/ecologie\/"},{"@type":"ListItem","position":3,"name":"Le filtre \u00e0 particules pour moteur a essence est pr\u00eat"}]},{"@type":"WebSite","@id":"https:\/\/www.carideal.com\/blog\/#website","url":"https:\/\/www.carideal.com\/blog\/","name":"Blog auto Carid\u00e9al","description":"Actualit\u00e9 auto par des passionn\u00e9s","publisher":{"@id":"https:\/\/www.carideal.com\/blog\/#organization"},"potentialAction":[{"@type":"SearchAction","target":{"@type":"EntryPoint","urlTemplate":"https:\/\/www.carideal.com\/blog\/?s={search_term_string}"},"query-input":{"@type":"PropertyValueSpecification","valueRequired":true,"valueName":"search_term_string"}}],"inLanguage":"fr-FR"},{"@type":"Organization","@id":"https:\/\/www.carideal.com\/blog\/#organization","name":"Carideal","url":"https:\/\/www.carideal.com\/blog\/","logo":{"@type":"ImageObject","inLanguage":"fr-FR","@id":"https:\/\/www.carideal.com\/blog\/#\/schema\/logo\/image\/","url":"http:\/\/www.carideal.com\/blog\/wp-content\/uploads\/2016\/03\/logo-carideal-mandataire-automobile.png","contentUrl":"http:\/\/www.carideal.com\/blog\/wp-content\/uploads\/2016\/03\/logo-carideal-mandataire-automobile.png","width":300,"height":300,"caption":"Carideal"},"image":{"@id":"https:\/\/www.carideal.com\/blog\/#\/schema\/logo\/image\/"},"sameAs":["https:\/\/www.facebook.com\/Carideal.mandataire.automobile","https:\/\/x.com\/caridealauto","https:\/\/www.instagram.com\/carideal1\/","https:\/\/www.linkedin.com\/company\/carideal.com","https:\/\/fr.pinterest.com\/schiavonsas\/","https:\/\/www.youtube.com\/user\/caridealsas"]},{"@type":"Person","@id":"https:\/\/www.carideal.com\/blog\/#\/schema\/person\/985c7e757d1042d647f21bfaf8d41ebc","name":"N.S Carideal","image":{"@type":"ImageObject","inLanguage":"fr-FR","@id":"https:\/\/www.carideal.com\/blog\/#\/schema\/person\/image\/","url":"https:\/\/secure.gravatar.com\/avatar\/edb7ccdf1a4e3d14aef967760d354d0e?s=96&r=g","contentUrl":"https:\/\/secure.gravatar.com\/avatar\/edb7ccdf1a4e3d14aef967760d354d0e?s=96&r=g","caption":"N.S Carideal"},"description":"Depuis tout petit fan d'automobile. Il est question d'essayer et de comparer toutes ces voitures qui nous ont fait r\u00e9ver, avant que celles-ci ne devient uniquement des voitures de collection.","sameAs":["http:\/\/www.carideal.com\/blog","https:\/\/www.facebook.com\/Carideal.mandataire.automobile\/","https:\/\/www.linkedin.com\/in\/nschiavon\/","https:\/\/www.youtube.com\/user\/caridealsas\/"],"url":"https:\/\/www.carideal.com\/blog\/author\/admin_carideal\/"}]}},"uagb_featured_image_src":{"full":["https:\/\/www.carideal.com\/blog\/wp-content\/uploads\/2014\/04\/filtre-a-particule-moteur-essence-carideal-mandataire-automobile.jpg",450,338,false],"thumbnail":["https:\/\/www.carideal.com\/blog\/wp-content\/uploads\/2014\/04\/filtre-a-particule-moteur-essence-carideal-mandataire-automobile-150x150.jpg",150,150,true],"medium":["https:\/\/www.carideal.com\/blog\/wp-content\/uploads\/2014\/04\/filtre-a-particule-moteur-essence-carideal-mandataire-automobile-300x225.jpg",300,225,true],"medium_large":["https:\/\/www.carideal.com\/blog\/wp-content\/uploads\/2014\/04\/filtre-a-particule-moteur-essence-carideal-mandataire-automobile.jpg",450,338,false],"large":["https:\/\/www.carideal.com\/blog\/wp-content\/uploads\/2014\/04\/filtre-a-particule-moteur-essence-carideal-mandataire-automobile.jpg",450,338,false],"1536x1536":["https:\/\/www.carideal.com\/blog\/wp-content\/uploads\/2014\/04\/filtre-a-particule-moteur-essence-carideal-mandataire-automobile.jpg",450,338,false],"2048x2048":["https:\/\/www.carideal.com\/blog\/wp-content\/uploads\/2014\/04\/filtre-a-particule-moteur-essence-carideal-mandataire-automobile.jpg",450,338,false],"wppr-widget":["https:\/\/www.carideal.com\/blog\/wp-content\/uploads\/2014\/04\/filtre-a-particule-moteur-essence-carideal-mandataire-automobile-50x38.jpg",50,38,true]},"uagb_author_info":{"display_name":"N.S Carideal","author_link":"https:\/\/www.carideal.com\/blog\/author\/admin_carideal\/"},"uagb_comment_info":0,"uagb_excerpt":"&nbsp; Le\u00a0filtre \u00e0 particules pour moteur \u00e0 essence est pr\u00eat et sera lanc\u00e9 cette ann\u00e9e Faur\u00e9cia l'\u00e9quipementier automobile vient de confirmer qu'il va \u00e9quiper les voitures \u00e0 moteur essence d'un constructeur europ\u00e9en sans vouloir d\u00e9voiler lequel d'un filtre \u00e0 particules FAP. Bien que certains Bobos ne cesse de r\u00e9p\u00e9ter \u00e0 l'envie que le diesel est\u2026","_links":{"self":[{"href":"https:\/\/www.carideal.com\/blog\/wp-json\/wp\/v2\/posts\/321"}],"collection":[{"href":"https:\/\/www.carideal.com\/blog\/wp-json\/wp\/v2\/posts"}],"about":[{"href":"https:\/\/www.carideal.com\/blog\/wp-json\/wp\/v2\/types\/post"}],"author":[{"embeddable":true,"href":"https:\/\/www.carideal.com\/blog\/wp-json\/wp\/v2\/users\/1"}],"replies":[{"embeddable":true,"href":"https:\/\/www.carideal.com\/blog\/wp-json\/wp\/v2\/comments?post=321"}],"version-history":[{"count":0,"href":"https:\/\/www.carideal.com\/blog\/wp-json\/wp\/v2\/posts\/321\/revisions"}],"wp:featuredmedia":[{"embeddable":true,"href":"https:\/\/www.carideal.com\/blog\/wp-json\/wp\/v2\/media\/17673"}],"wp:attachment":[{"href":"https:\/\/www.carideal.com\/blog\/wp-json\/wp\/v2\/media?parent=321"}],"wp:term":[{"taxonomy":"category","embeddable":true,"href":"https:\/\/www.carideal.com\/blog\/wp-json\/wp\/v2\/categories?post=321"},{"taxonomy":"post_tag","embeddable":true,"href":"https:\/\/www.carideal.com\/blog\/wp-json\/wp\/v2\/tags?post=321"}],"curies":[{"name":"wp","href":"https:\/\/api.w.org\/{rel}","templated":true}]}}