{"id":318,"date":"2014-03-19T08:32:00","date_gmt":"2014-03-19T08:32:00","guid":{"rendered":"http:\/\/carideal.com\/blog\/?p=318"},"modified":"2023-04-14T16:02:47","modified_gmt":"2023-04-14T14:02:47","slug":"essai-mahindra-reva-deluxe-2009-voiture-electrique","status":"publish","type":"post","link":"https:\/\/www.carideal.com\/blog\/2014\/03\/19\/essai-mahindra-reva-deluxe-2009-voiture-electrique\/","title":{"rendered":"Essai Mahindra Reva Deluxe 2009"},"content":{"rendered":"\n<h1 class=\"wp-block-heading\">Essai Mahindra Reva Deluxe 2009 Voiture \u00e9lectrique<\/h1>\n\n\n\n<p>Essai Mahindra Reva Voiture \u00e9lectrique<\/p>\n\n\n\n<p>Nous avons eu l'opportunit\u00e9 d'essayer une Mahindra Reva Delux de 2009, une des premi\u00e8re <a href=\"http:\/\/www.carideal.com\/blog\/2016\/02\/04\/vente-de-voiture-electrique-en-hausse\/\"><span style=\"text-decoration: underline;\">Voiture \u00e9lectrique<\/span><\/a> vendu dans le monde depuis 2001, et oui pour ceux qui ne le savent pas, ce groupe indien a \u00e9t\u00e9 un des pionniers de la voiture \u00e9lectrique.<br>On constate que la conception est ancienne et la Reva nous fait plus penser \u00e0 une <span style=\"text-decoration: underline;\"><a href=\"http:\/\/www.carideal.com\/blog\/2011\/01\/05\/la-voiture-sans-permis-se-democratise\/\">voiture sans permis<\/a><\/span> de par sa conception et sa fabrication qu'\u00e0 une moderne <a href=\"http:\/\/www.carideal.com\/blog\/2014\/08\/26\/la-renault-zoe-passe-au-220-v\/\"><span style=\"text-decoration: underline;\">Renault Zo\u00e9<\/span><\/a> ou <a href=\"http:\/\/www.carideal.com\/blog\/2014\/02\/05\/essai-bmw-i3-electrique\/\">BMW i3<\/a>.<br>Celle-ci \u00e9tait \u00e9quip\u00e9 comme c'\u00e9tait le cas alors en 2009 de batteries au plomb, donc lourdes avec un faible rendement \u00e9nerg\u00e9tique.<\/p>\n\n\n\n<figure class=\"wp-block-image alignnone\"><img decoding=\"async\" src=\"\/blog\/public\/.Essai-Reva-delux-carideal-mandataire-automobile__2__m.jpg\" alt=\"Essai Reva deluxe voiture \u00e9lectrique\"\/><figcaption class=\"wp-element-caption\">l'int\u00e9rieur de la REVA date un peu...<\/figcaption><\/figure>\n\n\n\n<p><strong>Mais au moins La Mahindra Reva&nbsp;\u00e9tait rechargeable d\u00e8s 2009 sur le secteur, pas besoin d'une borne sp\u00e9cifique pour cette voiture \u00e9lectrique.<\/strong><br>Nous avons eu l'occasion de faire 4 ou 5 km avec elle, dont quelques centaines de m\u00e8tre sur une route en tr\u00e8s l\u00e9g\u00e8re pente.<\/p>\n\n\n\n<p>La voiture est \u00e9quip\u00e9e d'un commutateur rotatif pour s\u00e9lection le mode de traction, R pour marche arri\u00e8re, N pour neutre, F pour marche avant et B pour Boost afin d'atteindre les 80 km\/h promis sinon c'est 50 \u00e0 55 km\/h (compteur...)<\/p>\n\n\n\n<figure class=\"wp-block-image alignnone\"><img decoding=\"async\" src=\"\/blog\/public\/.Essai-Reva-delux-carideal-mandataire-automobile_m.jpg\" alt=\"Essai Reva deluxe voiture \u00e9lectrique\"\/><figcaption class=\"wp-element-caption\">Les places arri\u00e8res de la Mahindra REVA ... symboliques<\/figcaption><\/figure>\n\n\n\n<h2 class=\"wp-block-heading\">La Reva \u00e9lectrique roule tout les jours<\/h2>\n\n\n\n<figure class=\"wp-block-image alignnone\"><img decoding=\"async\" src=\"\/blog\/public\/.Essai-Reva-delux-carideal-mandataire-automobile__5__m.jpg\" alt=\"Essai Reva deluxe voiture \u00e9lectrique\"\/><figcaption class=\"wp-element-caption\">Le tableau de bord de la Mahindra REVA avec son commutateur de traction.<\/figcaption><\/figure>\n\n\n\n<p>Lors du premier kilom\u00e8tre en l\u00e9g\u00e8re pente, on a bien senti que pour tenir les 50 km\/h compteur les batteries au plomb chauffaient \u00e0 l'arri\u00e8re, une l\u00e9g\u00e8re odeur de chaud s'est r\u00e9pandu dans l'habitacle et l'aiguille d'autonomie de la batterie a du perdre 15%.<\/p>\n\n\n\n<p>Sur le plat on plafonne \u00e0 50, 55 km\/h compteur et il faut enclencher le mode Booster pour atteindre les 80 km\/h maxi promis par le constructeur... mais l\u00e0 l'aiguille de la r\u00e9serve des batteries prend une claque \u00e0 chaque acc\u00e9l\u00e9ration, les batteries au plomb ne sont pas faite pour cela elles n'ont pas la capacit\u00e9.<br>Question suspension... y en a-t-il vraiment&nbsp;? Entre les si\u00e8ges avants r\u00e9duit au stricte minimum car fix\u00e9s sur le bac \u00e0 batterie et elles ont a l'impression d'\u00eatre assis dans une diligence.<\/p>\n\n\n\n<p>La voiture a 5 ans, de 2009, un pack batterie \u00e0 1500 \u20ac a d\u00e9j\u00e0 \u00e9t\u00e9 chang\u00e9 et derni\u00e8rement le chargeur int\u00e9gr\u00e9 qui vaut 1200 \u20ac ttc hors pose et qui n'est plus fournis par la marque, il a fallu en d\u00e9goter un d'occasion r\u00e9sultat encore une facture de 825 \u20ac.<br>La voiture a parcouru 27000 km en cinq ans, alors est-ce rentable ?<\/p>\n\n\n\n<p>Sur le march\u00e9 la voiture \u00e9lectrique vit mal \u00e0 cause des <span style=\"text-decoration: underline;\"><a href=\"http:\/\/www.carideal.com\/blog\/2013\/11\/07\/vehicule-electrique-et-borne-de-recharge\/\">bornes de recharge<\/a><\/span>. En France nous avons Heuliez et <a href=\"http:\/\/www.carideal.com\/blog\/2014\/03\/19\/mia-electrique-en-liquidation-judiciaire\/\"><span style=\"text-decoration: underline;\">Mia Electric<\/span><\/a>.<\/p>\n","protected":false},"excerpt":{"rendered":"<p>Essai Mahindra Reva Deluxe 2009 Voiture \u00e9lectrique Essai Mahindra Reva Voiture \u00e9lectrique Nous avons eu l&rsquo;opportunit\u00e9 d&rsquo;essayer une Mahindra Reva Delux de 2009, une des premi\u00e8re Voiture \u00e9lectrique vendu dans le monde depuis 2001, et oui pour ceux qui ne le savent pas, ce groupe indien a \u00e9t\u00e9 un des pionniers de la voiture \u00e9lectrique.On &#8230; <a title=\"Essai Mahindra Reva Deluxe 2009\" class=\"read-more\" href=\"https:\/\/www.carideal.com\/blog\/2014\/03\/19\/essai-mahindra-reva-deluxe-2009-voiture-electrique\/\" aria-label=\"En savoir plus sur Essai Mahindra Reva Deluxe 2009\">Lire plus<\/a><\/p>\n","protected":false},"author":1,"featured_media":13786,"comment_status":"open","ping_status":"open","sticky":false,"template":"","format":"standard","meta":{"_uag_custom_page_level_css":"","_themeisle_gutenberg_block_has_review":false,"footnotes":""},"categories":[6003,6004,5970],"tags":[],"class_list":["post-318","post","type-post","status-publish","format-standard","has-post-thumbnail","hentry","category-mahindra","category-mahindra-essai","category-electrique-technologie-2"],"wppr_data":{"cwp_meta_box_check":"No"},"yoast_head":"<!-- This site is optimized with the Yoast SEO plugin v24.8.1 - https:\/\/yoast.com\/wordpress\/plugins\/seo\/ -->\n<title>Essai Mahindra Reva Deluxe 2009 - Blog auto Carid\u00e9al<\/title>\n<meta name=\"description\" content=\"Mahindra Reva Deluxe 2009 Essai de cette pionni\u00e8re des voitures \u00e9lectriques\u00a0du groupe indien depuis 2001,\u00a0rechargeable par une prise \u00e9lectrique,\" \/>\n<meta name=\"robots\" content=\"index, follow, max-snippet:-1, max-image-preview:large, max-video-preview:-1\" \/>\n<link rel=\"canonical\" href=\"https:\/\/www.carideal.com\/blog\/2014\/03\/19\/essai-mahindra-reva-deluxe-2009-voiture-electrique\/\" \/>\n<meta property=\"og:locale\" content=\"fr_FR\" \/>\n<meta property=\"og:type\" content=\"article\" \/>\n<meta property=\"og:title\" content=\"Essai Mahindra Reva Deluxe 2009 - Blog auto Carid\u00e9al\" \/>\n<meta property=\"og:description\" content=\"Mahindra Reva Deluxe 2009 Essai de cette pionni\u00e8re des voitures \u00e9lectriques\u00a0du groupe indien depuis 2001,\u00a0rechargeable par une prise \u00e9lectrique,\" \/>\n<meta property=\"og:url\" content=\"https:\/\/www.carideal.com\/blog\/2014\/03\/19\/essai-mahindra-reva-deluxe-2009-voiture-electrique\/\" \/>\n<meta property=\"og:site_name\" content=\"Blog auto Carid\u00e9al\" \/>\n<meta property=\"article:publisher\" content=\"https:\/\/www.facebook.com\/Carideal.mandataire.automobile\" \/>\n<meta property=\"article:author\" content=\"https:\/\/www.facebook.com\/Carideal.mandataire.automobile\/\" \/>\n<meta property=\"article:published_time\" content=\"2014-03-19T08:32:00+00:00\" \/>\n<meta property=\"article:modified_time\" content=\"2023-04-14T14:02:47+00:00\" \/>\n<meta property=\"og:image\" content=\"https:\/\/www.carideal.com\/blog\/wp-content\/uploads\/2014\/03\/mahindra-reva-i-2009.jpg\" \/>\n\t<meta property=\"og:image:width\" content=\"800\" \/>\n\t<meta property=\"og:image:height\" content=\"533\" \/>\n\t<meta property=\"og:image:type\" content=\"image\/jpeg\" \/>\n<meta name=\"author\" content=\"N.S Carideal\" \/>\n<meta name=\"twitter:card\" content=\"summary_large_image\" \/>\n<meta name=\"twitter:creator\" content=\"@caridealauto\" \/>\n<meta name=\"twitter:site\" content=\"@caridealauto\" \/>\n<meta name=\"twitter:label1\" content=\"\u00c9crit par\" \/>\n\t<meta name=\"twitter:data1\" content=\"N.S Carideal\" \/>\n\t<meta name=\"twitter:label2\" content=\"Dur\u00e9e de lecture estim\u00e9e\" \/>\n\t<meta name=\"twitter:data2\" content=\"3 minutes\" \/>\n<script type=\"application\/ld+json\" class=\"yoast-schema-graph\">{\"@context\":\"https:\/\/schema.org\",\"@graph\":[{\"@type\":\"Article\",\"@id\":\"https:\/\/www.carideal.com\/blog\/2014\/03\/19\/essai-mahindra-reva-deluxe-2009-voiture-electrique\/#article\",\"isPartOf\":{\"@id\":\"https:\/\/www.carideal.com\/blog\/2014\/03\/19\/essai-mahindra-reva-deluxe-2009-voiture-electrique\/\"},\"author\":{\"name\":\"N.S Carideal\",\"@id\":\"https:\/\/www.carideal.com\/blog\/#\/schema\/person\/985c7e757d1042d647f21bfaf8d41ebc\"},\"headline\":\"Essai Mahindra Reva Deluxe 2009\",\"datePublished\":\"2014-03-19T08:32:00+00:00\",\"dateModified\":\"2023-04-14T14:02:47+00:00\",\"mainEntityOfPage\":{\"@id\":\"https:\/\/www.carideal.com\/blog\/2014\/03\/19\/essai-mahindra-reva-deluxe-2009-voiture-electrique\/\"},\"wordCount\":460,\"commentCount\":0,\"publisher\":{\"@id\":\"https:\/\/www.carideal.com\/blog\/#organization\"},\"image\":{\"@id\":\"https:\/\/www.carideal.com\/blog\/2014\/03\/19\/essai-mahindra-reva-deluxe-2009-voiture-electrique\/#primaryimage\"},\"thumbnailUrl\":\"https:\/\/www.carideal.com\/blog\/wp-content\/uploads\/2014\/03\/mahindra-reva-i-2009.jpg\",\"articleSection\":[\"Actualit\u00e9 Mahindra\",\"Essais Mahindra\",\"Voiture \u00e9lectrique\"],\"inLanguage\":\"fr-FR\",\"potentialAction\":[{\"@type\":\"CommentAction\",\"name\":\"Comment\",\"target\":[\"https:\/\/www.carideal.com\/blog\/2014\/03\/19\/essai-mahindra-reva-deluxe-2009-voiture-electrique\/#respond\"]}]},{\"@type\":\"WebPage\",\"@id\":\"https:\/\/www.carideal.com\/blog\/2014\/03\/19\/essai-mahindra-reva-deluxe-2009-voiture-electrique\/\",\"url\":\"https:\/\/www.carideal.com\/blog\/2014\/03\/19\/essai-mahindra-reva-deluxe-2009-voiture-electrique\/\",\"name\":\"Essai Mahindra Reva Deluxe 2009 - Blog auto Carid\u00e9al\",\"isPartOf\":{\"@id\":\"https:\/\/www.carideal.com\/blog\/#website\"},\"primaryImageOfPage\":{\"@id\":\"https:\/\/www.carideal.com\/blog\/2014\/03\/19\/essai-mahindra-reva-deluxe-2009-voiture-electrique\/#primaryimage\"},\"image\":{\"@id\":\"https:\/\/www.carideal.com\/blog\/2014\/03\/19\/essai-mahindra-reva-deluxe-2009-voiture-electrique\/#primaryimage\"},\"thumbnailUrl\":\"https:\/\/www.carideal.com\/blog\/wp-content\/uploads\/2014\/03\/mahindra-reva-i-2009.jpg\",\"datePublished\":\"2014-03-19T08:32:00+00:00\",\"dateModified\":\"2023-04-14T14:02:47+00:00\",\"description\":\"Mahindra Reva Deluxe 2009 Essai de cette pionni\u00e8re des voitures \u00e9lectriques\u00a0du groupe indien depuis 2001,\u00a0rechargeable par une prise \u00e9lectrique,\",\"breadcrumb\":{\"@id\":\"https:\/\/www.carideal.com\/blog\/2014\/03\/19\/essai-mahindra-reva-deluxe-2009-voiture-electrique\/#breadcrumb\"},\"inLanguage\":\"fr-FR\",\"potentialAction\":[{\"@type\":\"ReadAction\",\"target\":[\"https:\/\/www.carideal.com\/blog\/2014\/03\/19\/essai-mahindra-reva-deluxe-2009-voiture-electrique\/\"]}]},{\"@type\":\"ImageObject\",\"inLanguage\":\"fr-FR\",\"@id\":\"https:\/\/www.carideal.com\/blog\/2014\/03\/19\/essai-mahindra-reva-deluxe-2009-voiture-electrique\/#primaryimage\",\"url\":\"https:\/\/www.carideal.com\/blog\/wp-content\/uploads\/2014\/03\/mahindra-reva-i-2009.jpg\",\"contentUrl\":\"https:\/\/www.carideal.com\/blog\/wp-content\/uploads\/2014\/03\/mahindra-reva-i-2009.jpg\",\"width\":800,\"height\":533,\"caption\":\"Mahindra Reva\"},{\"@type\":\"BreadcrumbList\",\"@id\":\"https:\/\/www.carideal.com\/blog\/2014\/03\/19\/essai-mahindra-reva-deluxe-2009-voiture-electrique\/#breadcrumb\",\"itemListElement\":[{\"@type\":\"ListItem\",\"position\":1,\"name\":\"Blog Carid\u00e9al\",\"item\":\"https:\/\/www.carideal.com\/blog\/\"},{\"@type\":\"ListItem\",\"position\":2,\"name\":\"Technologie Automobile\",\"item\":\"https:\/\/www.carideal.com\/blog\/technologie-2\/\"},{\"@type\":\"ListItem\",\"position\":3,\"name\":\"Voiture \u00e9lectrique\",\"item\":\"https:\/\/www.carideal.com\/blog\/technologie-2\/electrique-technologie-2\/\"},{\"@type\":\"ListItem\",\"position\":4,\"name\":\"Essai Mahindra Reva Deluxe 2009\"}]},{\"@type\":\"WebSite\",\"@id\":\"https:\/\/www.carideal.com\/blog\/#website\",\"url\":\"https:\/\/www.carideal.com\/blog\/\",\"name\":\"Blog auto Carid\u00e9al\",\"description\":\"Actualit\u00e9 auto par des passionn\u00e9s\",\"publisher\":{\"@id\":\"https:\/\/www.carideal.com\/blog\/#organization\"},\"potentialAction\":[{\"@type\":\"SearchAction\",\"target\":{\"@type\":\"EntryPoint\",\"urlTemplate\":\"https:\/\/www.carideal.com\/blog\/?s={search_term_string}\"},\"query-input\":{\"@type\":\"PropertyValueSpecification\",\"valueRequired\":true,\"valueName\":\"search_term_string\"}}],\"inLanguage\":\"fr-FR\"},{\"@type\":\"Organization\",\"@id\":\"https:\/\/www.carideal.com\/blog\/#organization\",\"name\":\"Carideal\",\"url\":\"https:\/\/www.carideal.com\/blog\/\",\"logo\":{\"@type\":\"ImageObject\",\"inLanguage\":\"fr-FR\",\"@id\":\"https:\/\/www.carideal.com\/blog\/#\/schema\/logo\/image\/\",\"url\":\"http:\/\/www.carideal.com\/blog\/wp-content\/uploads\/2016\/03\/logo-carideal-mandataire-automobile.png\",\"contentUrl\":\"http:\/\/www.carideal.com\/blog\/wp-content\/uploads\/2016\/03\/logo-carideal-mandataire-automobile.png\",\"width\":300,\"height\":300,\"caption\":\"Carideal\"},\"image\":{\"@id\":\"https:\/\/www.carideal.com\/blog\/#\/schema\/logo\/image\/\"},\"sameAs\":[\"https:\/\/www.facebook.com\/Carideal.mandataire.automobile\",\"https:\/\/x.com\/caridealauto\",\"https:\/\/www.instagram.com\/carideal1\/\",\"https:\/\/www.linkedin.com\/company\/carideal.com\",\"https:\/\/fr.pinterest.com\/schiavonsas\/\",\"https:\/\/www.youtube.com\/user\/caridealsas\"]},{\"@type\":\"Person\",\"@id\":\"https:\/\/www.carideal.com\/blog\/#\/schema\/person\/985c7e757d1042d647f21bfaf8d41ebc\",\"name\":\"N.S Carideal\",\"image\":{\"@type\":\"ImageObject\",\"inLanguage\":\"fr-FR\",\"@id\":\"https:\/\/www.carideal.com\/blog\/#\/schema\/person\/image\/\",\"url\":\"https:\/\/secure.gravatar.com\/avatar\/edb7ccdf1a4e3d14aef967760d354d0e?s=96&r=g\",\"contentUrl\":\"https:\/\/secure.gravatar.com\/avatar\/edb7ccdf1a4e3d14aef967760d354d0e?s=96&r=g\",\"caption\":\"N.S Carideal\"},\"description\":\"Depuis tout petit fan d'automobile. Il est question d'essayer et de comparer toutes ces voitures qui nous ont fait r\u00e9ver, avant que celles-ci ne devient uniquement des voitures de collection.\",\"sameAs\":[\"http:\/\/www.carideal.com\/blog\",\"https:\/\/www.facebook.com\/Carideal.mandataire.automobile\/\",\"https:\/\/www.linkedin.com\/in\/nschiavon\/\",\"https:\/\/www.youtube.com\/user\/caridealsas\/\"],\"url\":\"https:\/\/www.carideal.com\/blog\/author\/admin_carideal\/\"}]}<\/script>\n<!-- \/ Yoast SEO plugin. -->","yoast_head_json":{"title":"Essai Mahindra Reva Deluxe 2009 - Blog auto Carid\u00e9al","description":"Mahindra Reva Deluxe 2009 Essai de cette pionni\u00e8re des voitures \u00e9lectriques\u00a0du groupe indien depuis 2001,\u00a0rechargeable par une prise \u00e9lectrique,","robots":{"index":"index","follow":"follow","max-snippet":"max-snippet:-1","max-image-preview":"max-image-preview:large","max-video-preview":"max-video-preview:-1"},"canonical":"https:\/\/www.carideal.com\/blog\/2014\/03\/19\/essai-mahindra-reva-deluxe-2009-voiture-electrique\/","og_locale":"fr_FR","og_type":"article","og_title":"Essai Mahindra Reva Deluxe 2009 - Blog auto Carid\u00e9al","og_description":"Mahindra Reva Deluxe 2009 Essai de cette pionni\u00e8re des voitures \u00e9lectriques\u00a0du groupe indien depuis 2001,\u00a0rechargeable par une prise \u00e9lectrique,","og_url":"https:\/\/www.carideal.com\/blog\/2014\/03\/19\/essai-mahindra-reva-deluxe-2009-voiture-electrique\/","og_site_name":"Blog auto Carid\u00e9al","article_publisher":"https:\/\/www.facebook.com\/Carideal.mandataire.automobile","article_author":"https:\/\/www.facebook.com\/Carideal.mandataire.automobile\/","article_published_time":"2014-03-19T08:32:00+00:00","article_modified_time":"2023-04-14T14:02:47+00:00","og_image":[{"width":800,"height":533,"url":"https:\/\/www.carideal.com\/blog\/wp-content\/uploads\/2014\/03\/mahindra-reva-i-2009.jpg","type":"image\/jpeg"}],"author":"N.S Carideal","twitter_card":"summary_large_image","twitter_creator":"@caridealauto","twitter_site":"@caridealauto","twitter_misc":{"\u00c9crit par":"N.S Carideal","Dur\u00e9e de lecture estim\u00e9e":"3 minutes"},"schema":{"@context":"https:\/\/schema.org","@graph":[{"@type":"Article","@id":"https:\/\/www.carideal.com\/blog\/2014\/03\/19\/essai-mahindra-reva-deluxe-2009-voiture-electrique\/#article","isPartOf":{"@id":"https:\/\/www.carideal.com\/blog\/2014\/03\/19\/essai-mahindra-reva-deluxe-2009-voiture-electrique\/"},"author":{"name":"N.S Carideal","@id":"https:\/\/www.carideal.com\/blog\/#\/schema\/person\/985c7e757d1042d647f21bfaf8d41ebc"},"headline":"Essai Mahindra Reva Deluxe 2009","datePublished":"2014-03-19T08:32:00+00:00","dateModified":"2023-04-14T14:02:47+00:00","mainEntityOfPage":{"@id":"https:\/\/www.carideal.com\/blog\/2014\/03\/19\/essai-mahindra-reva-deluxe-2009-voiture-electrique\/"},"wordCount":460,"commentCount":0,"publisher":{"@id":"https:\/\/www.carideal.com\/blog\/#organization"},"image":{"@id":"https:\/\/www.carideal.com\/blog\/2014\/03\/19\/essai-mahindra-reva-deluxe-2009-voiture-electrique\/#primaryimage"},"thumbnailUrl":"https:\/\/www.carideal.com\/blog\/wp-content\/uploads\/2014\/03\/mahindra-reva-i-2009.jpg","articleSection":["Actualit\u00e9 Mahindra","Essais Mahindra","Voiture \u00e9lectrique"],"inLanguage":"fr-FR","potentialAction":[{"@type":"CommentAction","name":"Comment","target":["https:\/\/www.carideal.com\/blog\/2014\/03\/19\/essai-mahindra-reva-deluxe-2009-voiture-electrique\/#respond"]}]},{"@type":"WebPage","@id":"https:\/\/www.carideal.com\/blog\/2014\/03\/19\/essai-mahindra-reva-deluxe-2009-voiture-electrique\/","url":"https:\/\/www.carideal.com\/blog\/2014\/03\/19\/essai-mahindra-reva-deluxe-2009-voiture-electrique\/","name":"Essai Mahindra Reva Deluxe 2009 - Blog auto Carid\u00e9al","isPartOf":{"@id":"https:\/\/www.carideal.com\/blog\/#website"},"primaryImageOfPage":{"@id":"https:\/\/www.carideal.com\/blog\/2014\/03\/19\/essai-mahindra-reva-deluxe-2009-voiture-electrique\/#primaryimage"},"image":{"@id":"https:\/\/www.carideal.com\/blog\/2014\/03\/19\/essai-mahindra-reva-deluxe-2009-voiture-electrique\/#primaryimage"},"thumbnailUrl":"https:\/\/www.carideal.com\/blog\/wp-content\/uploads\/2014\/03\/mahindra-reva-i-2009.jpg","datePublished":"2014-03-19T08:32:00+00:00","dateModified":"2023-04-14T14:02:47+00:00","description":"Mahindra Reva Deluxe 2009 Essai de cette pionni\u00e8re des voitures \u00e9lectriques\u00a0du groupe indien depuis 2001,\u00a0rechargeable par une prise \u00e9lectrique,","breadcrumb":{"@id":"https:\/\/www.carideal.com\/blog\/2014\/03\/19\/essai-mahindra-reva-deluxe-2009-voiture-electrique\/#breadcrumb"},"inLanguage":"fr-FR","potentialAction":[{"@type":"ReadAction","target":["https:\/\/www.carideal.com\/blog\/2014\/03\/19\/essai-mahindra-reva-deluxe-2009-voiture-electrique\/"]}]},{"@type":"ImageObject","inLanguage":"fr-FR","@id":"https:\/\/www.carideal.com\/blog\/2014\/03\/19\/essai-mahindra-reva-deluxe-2009-voiture-electrique\/#primaryimage","url":"https:\/\/www.carideal.com\/blog\/wp-content\/uploads\/2014\/03\/mahindra-reva-i-2009.jpg","contentUrl":"https:\/\/www.carideal.com\/blog\/wp-content\/uploads\/2014\/03\/mahindra-reva-i-2009.jpg","width":800,"height":533,"caption":"Mahindra Reva"},{"@type":"BreadcrumbList","@id":"https:\/\/www.carideal.com\/blog\/2014\/03\/19\/essai-mahindra-reva-deluxe-2009-voiture-electrique\/#breadcrumb","itemListElement":[{"@type":"ListItem","position":1,"name":"Blog Carid\u00e9al","item":"https:\/\/www.carideal.com\/blog\/"},{"@type":"ListItem","position":2,"name":"Technologie Automobile","item":"https:\/\/www.carideal.com\/blog\/technologie-2\/"},{"@type":"ListItem","position":3,"name":"Voiture \u00e9lectrique","item":"https:\/\/www.carideal.com\/blog\/technologie-2\/electrique-technologie-2\/"},{"@type":"ListItem","position":4,"name":"Essai Mahindra Reva Deluxe 2009"}]},{"@type":"WebSite","@id":"https:\/\/www.carideal.com\/blog\/#website","url":"https:\/\/www.carideal.com\/blog\/","name":"Blog auto Carid\u00e9al","description":"Actualit\u00e9 auto par des passionn\u00e9s","publisher":{"@id":"https:\/\/www.carideal.com\/blog\/#organization"},"potentialAction":[{"@type":"SearchAction","target":{"@type":"EntryPoint","urlTemplate":"https:\/\/www.carideal.com\/blog\/?s={search_term_string}"},"query-input":{"@type":"PropertyValueSpecification","valueRequired":true,"valueName":"search_term_string"}}],"inLanguage":"fr-FR"},{"@type":"Organization","@id":"https:\/\/www.carideal.com\/blog\/#organization","name":"Carideal","url":"https:\/\/www.carideal.com\/blog\/","logo":{"@type":"ImageObject","inLanguage":"fr-FR","@id":"https:\/\/www.carideal.com\/blog\/#\/schema\/logo\/image\/","url":"http:\/\/www.carideal.com\/blog\/wp-content\/uploads\/2016\/03\/logo-carideal-mandataire-automobile.png","contentUrl":"http:\/\/www.carideal.com\/blog\/wp-content\/uploads\/2016\/03\/logo-carideal-mandataire-automobile.png","width":300,"height":300,"caption":"Carideal"},"image":{"@id":"https:\/\/www.carideal.com\/blog\/#\/schema\/logo\/image\/"},"sameAs":["https:\/\/www.facebook.com\/Carideal.mandataire.automobile","https:\/\/x.com\/caridealauto","https:\/\/www.instagram.com\/carideal1\/","https:\/\/www.linkedin.com\/company\/carideal.com","https:\/\/fr.pinterest.com\/schiavonsas\/","https:\/\/www.youtube.com\/user\/caridealsas"]},{"@type":"Person","@id":"https:\/\/www.carideal.com\/blog\/#\/schema\/person\/985c7e757d1042d647f21bfaf8d41ebc","name":"N.S Carideal","image":{"@type":"ImageObject","inLanguage":"fr-FR","@id":"https:\/\/www.carideal.com\/blog\/#\/schema\/person\/image\/","url":"https:\/\/secure.gravatar.com\/avatar\/edb7ccdf1a4e3d14aef967760d354d0e?s=96&r=g","contentUrl":"https:\/\/secure.gravatar.com\/avatar\/edb7ccdf1a4e3d14aef967760d354d0e?s=96&r=g","caption":"N.S Carideal"},"description":"Depuis tout petit fan d'automobile. Il est question d'essayer et de comparer toutes ces voitures qui nous ont fait r\u00e9ver, avant que celles-ci ne devient uniquement des voitures de collection.","sameAs":["http:\/\/www.carideal.com\/blog","https:\/\/www.facebook.com\/Carideal.mandataire.automobile\/","https:\/\/www.linkedin.com\/in\/nschiavon\/","https:\/\/www.youtube.com\/user\/caridealsas\/"],"url":"https:\/\/www.carideal.com\/blog\/author\/admin_carideal\/"}]}},"uagb_featured_image_src":{"full":["https:\/\/www.carideal.com\/blog\/wp-content\/uploads\/2014\/03\/mahindra-reva-i-2009.jpg",800,533,false],"thumbnail":["https:\/\/www.carideal.com\/blog\/wp-content\/uploads\/2014\/03\/mahindra-reva-i-2009-150x150.jpg",150,150,true],"medium":["https:\/\/www.carideal.com\/blog\/wp-content\/uploads\/2014\/03\/mahindra-reva-i-2009-300x200.jpg",300,200,true],"medium_large":["https:\/\/www.carideal.com\/blog\/wp-content\/uploads\/2014\/03\/mahindra-reva-i-2009-768x512.jpg",768,512,true],"large":["https:\/\/www.carideal.com\/blog\/wp-content\/uploads\/2014\/03\/mahindra-reva-i-2009.jpg",800,533,false],"1536x1536":["https:\/\/www.carideal.com\/blog\/wp-content\/uploads\/2014\/03\/mahindra-reva-i-2009.jpg",800,533,false],"2048x2048":["https:\/\/www.carideal.com\/blog\/wp-content\/uploads\/2014\/03\/mahindra-reva-i-2009.jpg",800,533,false],"wppr-widget":["https:\/\/www.carideal.com\/blog\/wp-content\/uploads\/2014\/03\/mahindra-reva-i-2009.jpg",50,33,false]},"uagb_author_info":{"display_name":"N.S Carideal","author_link":"https:\/\/www.carideal.com\/blog\/author\/admin_carideal\/"},"uagb_comment_info":0,"uagb_excerpt":"Essai Mahindra Reva Deluxe 2009 Voiture \u00e9lectrique Essai Mahindra Reva Voiture \u00e9lectrique Nous avons eu l'opportunit\u00e9 d'essayer une Mahindra Reva Delux de 2009, une des premi\u00e8re Voiture \u00e9lectrique vendu dans le monde depuis 2001, et oui pour ceux qui ne le savent pas, ce groupe indien a \u00e9t\u00e9 un des pionniers de la voiture \u00e9lectrique.On\u2026","_links":{"self":[{"href":"https:\/\/www.carideal.com\/blog\/wp-json\/wp\/v2\/posts\/318"}],"collection":[{"href":"https:\/\/www.carideal.com\/blog\/wp-json\/wp\/v2\/posts"}],"about":[{"href":"https:\/\/www.carideal.com\/blog\/wp-json\/wp\/v2\/types\/post"}],"author":[{"embeddable":true,"href":"https:\/\/www.carideal.com\/blog\/wp-json\/wp\/v2\/users\/1"}],"replies":[{"embeddable":true,"href":"https:\/\/www.carideal.com\/blog\/wp-json\/wp\/v2\/comments?post=318"}],"version-history":[{"count":0,"href":"https:\/\/www.carideal.com\/blog\/wp-json\/wp\/v2\/posts\/318\/revisions"}],"wp:featuredmedia":[{"embeddable":true,"href":"https:\/\/www.carideal.com\/blog\/wp-json\/wp\/v2\/media\/13786"}],"wp:attachment":[{"href":"https:\/\/www.carideal.com\/blog\/wp-json\/wp\/v2\/media?parent=318"}],"wp:term":[{"taxonomy":"category","embeddable":true,"href":"https:\/\/www.carideal.com\/blog\/wp-json\/wp\/v2\/categories?post=318"},{"taxonomy":"post_tag","embeddable":true,"href":"https:\/\/www.carideal.com\/blog\/wp-json\/wp\/v2\/tags?post=318"}],"curies":[{"name":"wp","href":"https:\/\/api.w.org\/{rel}","templated":true}]}}