{"id":306,"date":"2013-11-24T18:14:00","date_gmt":"2013-11-24T18:14:00","guid":{"rendered":"http:\/\/carideal.com\/blog\/?p=306"},"modified":"2020-03-07T16:46:48","modified_gmt":"2020-03-07T15:46:48","slug":"bmw-i3-petite-nouvelle-electrique","status":"publish","type":"post","link":"https:\/\/www.carideal.com\/blog\/2013\/11\/24\/bmw-i3-petite-nouvelle-electrique\/","title":{"rendered":"BMW i3 2013 petite voiture \u00e9lectrique"},"content":{"rendered":"<figure style=\"width: 438px\" class=\"wp-caption alignnone\"><img loading=\"lazy\" decoding=\"async\" title=\"BMW i3 voiture \u00e9lectrique\" src=\"\/blog\/public\/.bmw-i3-2013-carideal-actualites_m.jpg\" alt=\"BMW i3 voiture \u00e9lectrique\" width=\"448\" height=\"251\" \/><figcaption class=\"wp-caption-text\">BMW i3 voiture \u00e9lectrique<\/figcaption><\/figure>\n<h1><strong>BMW i3 2013 Voiture \u00e9lectrique<\/strong><\/h1>\n<p>La <strong>BMW i3<\/strong> est en vente. R\u00e9volution chez BMW une voiture \u00e9lectrique, mis SUV mis monospace. Son autonomie de 130 km pourra passer \u00e0 300 km gr\u00e2ce \u00e0 un moteur de moto optionnel. <span style=\"text-decoration: underline;\">BMW<\/span> est une entreprise dirig\u00e9e par des ing\u00e9nieurs, et ils l'ont prouv\u00e9 en nous concoctant une BMW i3 qui ne ressemble pas au autres voitures \u00e9lectriques. Et pourquoi ?<\/p>\n<h2>La BMW i3 est diff\u00e9rente des autres voitures \u00e9lectriques<\/h2>\n<p>BMW est une firme d'ing\u00e9nieurs obs\u00e9d\u00e9s par la performance. Les batteries p\u00e8sent lourd sur les performances et l'autonomie, alors BMW construit son i3 tout en alluminium avec une cellule en PRFC, plastique renforc\u00e9 de fibre de carbone, et une carrosserie en plastique. Le r\u00e9sultat : seulement 1195 kg sur la balance alors que le leader du segment la Renault Zoe p\u00e8se 1468 kg pour seulemnt 8 cm de plus.<\/p>\n<p>La construction avantguardiste de la BMW i3 avec sa cellule en PRFC tr\u00e8s rigide lui permet de se passer de pied millieu avec ses portes arri\u00e8res antagonistes. Le moteur \u00e9lectrique sur l'essieu arri\u00e8re et les batteries log\u00e9es sous le plancher lib\u00e8rent de la place. On obtient donc une voiture courte, trapue avec un capot court et sans console centrale.<\/p>\n<h2>Une BMW i3 \u00e9lectrique puissante<\/h2>\n<p>Le moteur \u00e9lectrique permet de disposer instantan\u00e9ment des 250 Nm de couple et dispose de 170 ch. On reste dans la tradition sportive de BMW. Le frein moteur est puissant \u00e0 la d\u00e9c\u00e9l\u00e9ration avec le r\u00e9cup\u00e9rateur d'\u00e9nergie. Le frein moteur est tel, qu'on peut se passer de la p\u00e9dale de frein.<\/p>\n<p>La voiture est courte et b\u00e9n\u00e9ficie d'un rayon de braquage ultra court de 9.86 m qui fait merveille en ville. La route ne lui fait pas peur dans un silence tr\u00e8s bien filtr\u00e9, mais le confort reste dur.<\/p>\n<h2>L'autonomie de la BMW i3<\/h2>\n<p>La BMW i3 \u00e9lectrique propose une <strong>autonomie de 130 km<\/strong> environ en parcours inter-urbain qui peut augmenter \u00e0 160 km en utilisant la fonction EcoPro+. Cette fonction mod\u00e8re les acc\u00e9l\u00e9ration et bride la vitesse maximale de la BMW i3 de 150 \u00e0 90 km\/h seulement.<\/p>\n<h3>Le Range Extender de la BMW i3<\/h3>\n<p>130 km c'est pas mal.... lol pour une voiture \u00e9lectrique. Mais l\u00e0 ou BMW a \u00e9t\u00e9 ing\u00e9nieux, c'est de rassurer le client en lui proposant un syst\u00e8me de prolongateur d'autonomie au cas o\u00f9 la batterie soit vide. Le <strong>Range Extender<\/strong>. Pour 4710 \u20ac vous disposer d'un moteur thermique, bi-cylindres non reli\u00e9 aux roues qui va prendre le relai de la batterie avec une g\u00e9n\u00e9ratrice. L'autonomie passera alors \u00e0 230 km gr\u00e2ce au r\u00e9servoir de carburant de 9l dispos\u00e9 \u00e0 l'avant de la voiture. 4710 \u20ac\u00a0c'est le prix de la tranquilit\u00e9 d'esprit.<\/p>\n<h2>Recharger sa BMW i3<\/h2>\n<p>Il vous faudra 8H pour recharger votre BMW i3 sur une prise de courant classique. Si vous optez pour la Wall Box propos\u00e9 par BMW pour 895 \u20ac, il vous faudra seulement 6H. BMW pr\u00e9voit de proposer d'\u00e9quiper son i3 d'un chargeur rapide qui pertra sur des <span style=\"text-decoration: underline;\"><a href=\"http:\/\/www.carideal.com\/blog\/2013\/11\/07\/vehicule-electrique-et-borne-de-recharge\/\">bornes de recharges \u00e9lectriques<\/a><\/span> sp\u00e9cifiques de r\u00e9cup\u00e9rer 80 % de la charge en seulement 30 min. Mais comme<span style=\"text-decoration: underline;\"><a href=\"http:\/\/www.carideal.com\/blog\/2014\/08\/25\/la-voiture-electrique-patine-faute-d-infrastructures\/\"> il n'y pas de bornes de recharge \u00e9lectrique en France<\/a><\/span>...<\/p>\n<h2>Le Prix de la BMW i3 \u00e9lectrique<\/h2>\n<p>La BMW i3 sera mise en vente dans seulement 33\u00a0concessions BMW ce mois de Novembre 2013 au prix de 28690\u20ac, bonus de 6300\u20ac d\u00e9duit. A ce prix l\u00e0 la liste des options resta encore longue. BMW compte concurrencer les S\u00e9rie 1 et autre Mercedes Classe A servant en deuxi\u00e8me voiture, pour des clients dont le budget est l'ordre de 30 000 \u20ac. BMW ne compte pas concurrencer directement les Nissan Leaf et autre Renault Zo\u00e9.<\/p>\n<p>Comme toujours, BMW propose des offres marketing pouss\u00e9es avec des offres en LOA pour 470 \u20ac par mois pour 3 ans et 30 000 km, tout compris avec l'entretien. En option vous pourrez m\u00eame choisir la mise \u00e0 disposition d'une voiture \u00e0 moteur thermique pour les vacances ou les Week-End.<\/p>\n<h2>Le march\u00e9 de la voiture \u00e9lectrique en France<\/h2>\n<p>Certain avait annonc\u00e9 le boom de la voiture \u00e9lectrique en France pour cette ann\u00e9e ; l'arriv\u00e9e de la <span style=\"text-decoration: underline;\"><a href=\"http:\/\/www.carideal.com\/blog\/2012\/08\/10\/embrouille-autour-de-la-renault-zoe\/\">Renault Zoe \u00e9lectrique<\/a><\/span>, le prix en baisse de 5900 \u20ac de la <span style=\"text-decoration: underline;\"><a href=\"http:\/\/www.carideal.com\/blog\/2011\/04\/15\/nissan-veut-le-top-de-la-distribution-pour-sa-leaf-electrique-en-panne\/\">Nissan Leaf<\/a><\/span>, un <span style=\"text-decoration: underline;\"><a href=\"http:\/\/www.carideal.com\/blog\/2013\/05\/28\/le-bonus-malus-2013-devrait-rapidement-etre-modifie\/\">Bonus de 7000 \u20ac<\/a><\/span> imcompr\u00e9hensible. Bref avec l'arriv\u00e9e de la Bluecar de Bollor\u00e9 en autopartage, ce devait \u00eatre le Boom ! Force de constater que c'est le bide ! Seullement 4000 Zo\u00e9 de vendu en 7 mois et 895 Nissan Leaf contre plus de 50 000 Clio reine du Segment. Pas de miracle, <span style=\"text-decoration: underline;\">o<a href=\"http:\/\/www.carideal.com\/blog\/2013\/01\/15\/manque-de-bornes-de-recharge\/\">n ne peut pas vendre de voiture \u00e9lectrique sans borne de recharge<\/a><\/span>, c'est comme vendre des trains sans rails.<\/p>\n<h2>Synth\u00e8se de la BMW i3 2013 \u00e9lectrique<\/h2>\n<p>Presque 30000 \u20ac pour une voiture de ce segment, pas sur qu'elle rencontre le succ\u00e8s. C'est presque le double du prix de la cat\u00e9gorie, m\u00eame si la technologie est haut de gamme et la ligne plaisante. On appr\u00e9cie le prolongateur d'autonomie Range Extender de la BMW i3.<\/p>\n<h2>Vid\u00e9o BMW i3 \u00e9lectrique<\/h2>\n<p><iframe loading=\"lazy\" src=\"https:\/\/www.youtube.com\/embed\/0adqpdRE8Xs\" width=\"560\" height=\"315\" frameborder=\"0\" allowfullscreen=\"allowfullscreen\"><\/iframe><\/p>\n","protected":false},"excerpt":{"rendered":"<p>BMW i3 2013 Voiture \u00e9lectrique La BMW i3 est en vente. R\u00e9volution chez BMW une voiture \u00e9lectrique, mis SUV mis monospace. Son autonomie de 130 km pourra passer \u00e0 300 km gr\u00e2ce \u00e0 un moteur de moto optionnel. BMW est une entreprise dirig\u00e9e par des ing\u00e9nieurs, et ils l&rsquo;ont prouv\u00e9 en nous concoctant une BMW &#8230; <a title=\"BMW i3 2013 petite voiture \u00e9lectrique\" class=\"read-more\" href=\"https:\/\/www.carideal.com\/blog\/2013\/11\/24\/bmw-i3-petite-nouvelle-electrique\/\" aria-label=\"En savoir plus sur BMW i3 2013 petite voiture \u00e9lectrique\">Lire plus<\/a><\/p>\n","protected":false},"author":1,"featured_media":0,"comment_status":"open","ping_status":"open","sticky":false,"template":"","format":"standard","meta":{"_uag_custom_page_level_css":"","_themeisle_gutenberg_block_has_review":false,"footnotes":""},"categories":[5945,5944,6,5947,5080,18,5970,6089],"tags":[],"class_list":["post-306","post","type-post","status-publish","format-standard","hentry","category-bmw","category-constructeur","category-ecologie","category-essai","category-technologie-2","category-videos","category-electrique-technologie-2","category-hybride"],"wppr_data":[],"yoast_head":"<!-- This site is optimized with the Yoast SEO plugin v24.8.1 - https:\/\/yoast.com\/wordpress\/plugins\/seo\/ -->\n<title>BMW i3 2013 petite voiture \u00e9lectrique - Blog auto Carid\u00e9al<\/title>\n<meta name=\"description\" content=\"La BMW i3 \u00e9lectrique est en vente. R\u00e9volution chez BMW mis SUV mis monospace. L&#039;autonomie de 130 km passe \u00e0 300 km gr\u00e2ce \u00e0 un moteur de moto optionnel\" \/>\n<meta name=\"robots\" content=\"index, follow, max-snippet:-1, max-image-preview:large, max-video-preview:-1\" \/>\n<link rel=\"canonical\" href=\"https:\/\/www.carideal.com\/blog\/2013\/11\/24\/bmw-i3-petite-nouvelle-electrique\/\" \/>\n<meta property=\"og:locale\" content=\"fr_FR\" \/>\n<meta property=\"og:type\" content=\"article\" \/>\n<meta property=\"og:title\" content=\"BMW i3 2013 petite voiture \u00e9lectrique - Blog auto Carid\u00e9al\" \/>\n<meta property=\"og:description\" content=\"La BMW i3 \u00e9lectrique est en vente. R\u00e9volution chez BMW mis SUV mis monospace. L&#039;autonomie de 130 km passe \u00e0 300 km gr\u00e2ce \u00e0 un moteur de moto optionnel\" \/>\n<meta property=\"og:url\" content=\"https:\/\/www.carideal.com\/blog\/2013\/11\/24\/bmw-i3-petite-nouvelle-electrique\/\" \/>\n<meta property=\"og:site_name\" content=\"Blog auto Carid\u00e9al\" \/>\n<meta property=\"article:publisher\" content=\"https:\/\/www.facebook.com\/Carideal.mandataire.automobile\" \/>\n<meta property=\"article:author\" content=\"https:\/\/www.facebook.com\/Carideal.mandataire.automobile\/\" \/>\n<meta property=\"article:published_time\" content=\"2013-11-24T18:14:00+00:00\" \/>\n<meta property=\"article:modified_time\" content=\"2020-03-07T15:46:48+00:00\" \/>\n<meta property=\"og:image\" content=\"https:\/\/www.carideal.com\/blog\/wp-content\/uploads\/2016\/03\/logo-carideal-mandataire-automobile.png\" \/>\n\t<meta property=\"og:image:width\" content=\"300\" \/>\n\t<meta property=\"og:image:height\" content=\"300\" \/>\n\t<meta property=\"og:image:type\" content=\"image\/png\" \/>\n<meta name=\"author\" content=\"N.S Carideal\" \/>\n<meta name=\"twitter:card\" content=\"summary_large_image\" \/>\n<meta name=\"twitter:creator\" content=\"@caridealauto\" \/>\n<meta name=\"twitter:site\" content=\"@caridealauto\" \/>\n<meta name=\"twitter:label1\" content=\"\u00c9crit par\" \/>\n\t<meta name=\"twitter:data1\" content=\"N.S Carideal\" \/>\n\t<meta name=\"twitter:label2\" content=\"Dur\u00e9e de lecture estim\u00e9e\" \/>\n\t<meta name=\"twitter:data2\" content=\"4 minutes\" \/>\n<script type=\"application\/ld+json\" class=\"yoast-schema-graph\">{\"@context\":\"https:\/\/schema.org\",\"@graph\":[{\"@type\":\"Article\",\"@id\":\"https:\/\/www.carideal.com\/blog\/2013\/11\/24\/bmw-i3-petite-nouvelle-electrique\/#article\",\"isPartOf\":{\"@id\":\"https:\/\/www.carideal.com\/blog\/2013\/11\/24\/bmw-i3-petite-nouvelle-electrique\/\"},\"author\":{\"name\":\"N.S Carideal\",\"@id\":\"https:\/\/www.carideal.com\/blog\/#\/schema\/person\/985c7e757d1042d647f21bfaf8d41ebc\"},\"headline\":\"BMW i3 2013 petite voiture \u00e9lectrique\",\"datePublished\":\"2013-11-24T18:14:00+00:00\",\"dateModified\":\"2020-03-07T15:46:48+00:00\",\"mainEntityOfPage\":{\"@id\":\"https:\/\/www.carideal.com\/blog\/2013\/11\/24\/bmw-i3-petite-nouvelle-electrique\/\"},\"wordCount\":839,\"commentCount\":1,\"publisher\":{\"@id\":\"https:\/\/www.carideal.com\/blog\/#organization\"},\"articleSection\":[\"Actualit\u00e9 BMW\",\"Actualit\u00e9 Constructeur automobile\",\"Ecologie\",\"Essais automobile\",\"Technologie Automobile\",\"Vid\u00e9o voiture : vid\u00e9o automobile\",\"Voiture \u00e9lectrique\",\"Voiture Hybride\"],\"inLanguage\":\"fr-FR\",\"potentialAction\":[{\"@type\":\"CommentAction\",\"name\":\"Comment\",\"target\":[\"https:\/\/www.carideal.com\/blog\/2013\/11\/24\/bmw-i3-petite-nouvelle-electrique\/#respond\"]}]},{\"@type\":\"WebPage\",\"@id\":\"https:\/\/www.carideal.com\/blog\/2013\/11\/24\/bmw-i3-petite-nouvelle-electrique\/\",\"url\":\"https:\/\/www.carideal.com\/blog\/2013\/11\/24\/bmw-i3-petite-nouvelle-electrique\/\",\"name\":\"BMW i3 2013 petite voiture \u00e9lectrique - Blog auto Carid\u00e9al\",\"isPartOf\":{\"@id\":\"https:\/\/www.carideal.com\/blog\/#website\"},\"datePublished\":\"2013-11-24T18:14:00+00:00\",\"dateModified\":\"2020-03-07T15:46:48+00:00\",\"description\":\"La BMW i3 \u00e9lectrique est en vente. R\u00e9volution chez BMW mis SUV mis monospace. L'autonomie de 130 km passe \u00e0 300 km gr\u00e2ce \u00e0 un moteur de moto optionnel\",\"breadcrumb\":{\"@id\":\"https:\/\/www.carideal.com\/blog\/2013\/11\/24\/bmw-i3-petite-nouvelle-electrique\/#breadcrumb\"},\"inLanguage\":\"fr-FR\",\"potentialAction\":[{\"@type\":\"ReadAction\",\"target\":[\"https:\/\/www.carideal.com\/blog\/2013\/11\/24\/bmw-i3-petite-nouvelle-electrique\/\"]}]},{\"@type\":\"BreadcrumbList\",\"@id\":\"https:\/\/www.carideal.com\/blog\/2013\/11\/24\/bmw-i3-petite-nouvelle-electrique\/#breadcrumb\",\"itemListElement\":[{\"@type\":\"ListItem\",\"position\":1,\"name\":\"Blog Carid\u00e9al\",\"item\":\"https:\/\/www.carideal.com\/blog\/\"},{\"@type\":\"ListItem\",\"position\":2,\"name\":\"Ecologie\",\"item\":\"https:\/\/www.carideal.com\/blog\/ecologie\/\"},{\"@type\":\"ListItem\",\"position\":3,\"name\":\"BMW i3 2013 petite voiture \u00e9lectrique\"}]},{\"@type\":\"WebSite\",\"@id\":\"https:\/\/www.carideal.com\/blog\/#website\",\"url\":\"https:\/\/www.carideal.com\/blog\/\",\"name\":\"Blog auto Carid\u00e9al\",\"description\":\"Actualit\u00e9 auto par des passionn\u00e9s\",\"publisher\":{\"@id\":\"https:\/\/www.carideal.com\/blog\/#organization\"},\"potentialAction\":[{\"@type\":\"SearchAction\",\"target\":{\"@type\":\"EntryPoint\",\"urlTemplate\":\"https:\/\/www.carideal.com\/blog\/?s={search_term_string}\"},\"query-input\":{\"@type\":\"PropertyValueSpecification\",\"valueRequired\":true,\"valueName\":\"search_term_string\"}}],\"inLanguage\":\"fr-FR\"},{\"@type\":\"Organization\",\"@id\":\"https:\/\/www.carideal.com\/blog\/#organization\",\"name\":\"Carideal\",\"url\":\"https:\/\/www.carideal.com\/blog\/\",\"logo\":{\"@type\":\"ImageObject\",\"inLanguage\":\"fr-FR\",\"@id\":\"https:\/\/www.carideal.com\/blog\/#\/schema\/logo\/image\/\",\"url\":\"http:\/\/www.carideal.com\/blog\/wp-content\/uploads\/2016\/03\/logo-carideal-mandataire-automobile.png\",\"contentUrl\":\"http:\/\/www.carideal.com\/blog\/wp-content\/uploads\/2016\/03\/logo-carideal-mandataire-automobile.png\",\"width\":300,\"height\":300,\"caption\":\"Carideal\"},\"image\":{\"@id\":\"https:\/\/www.carideal.com\/blog\/#\/schema\/logo\/image\/\"},\"sameAs\":[\"https:\/\/www.facebook.com\/Carideal.mandataire.automobile\",\"https:\/\/x.com\/caridealauto\",\"https:\/\/www.instagram.com\/carideal1\/\",\"https:\/\/www.linkedin.com\/company\/carideal.com\",\"https:\/\/fr.pinterest.com\/schiavonsas\/\",\"https:\/\/www.youtube.com\/user\/caridealsas\"]},{\"@type\":\"Person\",\"@id\":\"https:\/\/www.carideal.com\/blog\/#\/schema\/person\/985c7e757d1042d647f21bfaf8d41ebc\",\"name\":\"N.S Carideal\",\"image\":{\"@type\":\"ImageObject\",\"inLanguage\":\"fr-FR\",\"@id\":\"https:\/\/www.carideal.com\/blog\/#\/schema\/person\/image\/\",\"url\":\"https:\/\/secure.gravatar.com\/avatar\/edb7ccdf1a4e3d14aef967760d354d0e?s=96&r=g\",\"contentUrl\":\"https:\/\/secure.gravatar.com\/avatar\/edb7ccdf1a4e3d14aef967760d354d0e?s=96&r=g\",\"caption\":\"N.S Carideal\"},\"description\":\"Depuis tout petit fan d'automobile. Il est question d'essayer et de comparer toutes ces voitures qui nous ont fait r\u00e9ver, avant que celles-ci ne devient uniquement des voitures de collection.\",\"sameAs\":[\"http:\/\/www.carideal.com\/blog\",\"https:\/\/www.facebook.com\/Carideal.mandataire.automobile\/\",\"https:\/\/www.linkedin.com\/in\/nschiavon\/\",\"https:\/\/www.youtube.com\/user\/caridealsas\/\"],\"url\":\"https:\/\/www.carideal.com\/blog\/author\/admin_carideal\/\"}]}<\/script>\n<!-- \/ Yoast SEO plugin. -->","yoast_head_json":{"title":"BMW i3 2013 petite voiture \u00e9lectrique - Blog auto Carid\u00e9al","description":"La BMW i3 \u00e9lectrique est en vente. R\u00e9volution chez BMW mis SUV mis monospace. L'autonomie de 130 km passe \u00e0 300 km gr\u00e2ce \u00e0 un moteur de moto optionnel","robots":{"index":"index","follow":"follow","max-snippet":"max-snippet:-1","max-image-preview":"max-image-preview:large","max-video-preview":"max-video-preview:-1"},"canonical":"https:\/\/www.carideal.com\/blog\/2013\/11\/24\/bmw-i3-petite-nouvelle-electrique\/","og_locale":"fr_FR","og_type":"article","og_title":"BMW i3 2013 petite voiture \u00e9lectrique - Blog auto Carid\u00e9al","og_description":"La BMW i3 \u00e9lectrique est en vente. R\u00e9volution chez BMW mis SUV mis monospace. L'autonomie de 130 km passe \u00e0 300 km gr\u00e2ce \u00e0 un moteur de moto optionnel","og_url":"https:\/\/www.carideal.com\/blog\/2013\/11\/24\/bmw-i3-petite-nouvelle-electrique\/","og_site_name":"Blog auto Carid\u00e9al","article_publisher":"https:\/\/www.facebook.com\/Carideal.mandataire.automobile","article_author":"https:\/\/www.facebook.com\/Carideal.mandataire.automobile\/","article_published_time":"2013-11-24T18:14:00+00:00","article_modified_time":"2020-03-07T15:46:48+00:00","og_image":[{"width":300,"height":300,"url":"https:\/\/www.carideal.com\/blog\/wp-content\/uploads\/2016\/03\/logo-carideal-mandataire-automobile.png","type":"image\/png"}],"author":"N.S Carideal","twitter_card":"summary_large_image","twitter_creator":"@caridealauto","twitter_site":"@caridealauto","twitter_misc":{"\u00c9crit par":"N.S Carideal","Dur\u00e9e de lecture estim\u00e9e":"4 minutes"},"schema":{"@context":"https:\/\/schema.org","@graph":[{"@type":"Article","@id":"https:\/\/www.carideal.com\/blog\/2013\/11\/24\/bmw-i3-petite-nouvelle-electrique\/#article","isPartOf":{"@id":"https:\/\/www.carideal.com\/blog\/2013\/11\/24\/bmw-i3-petite-nouvelle-electrique\/"},"author":{"name":"N.S Carideal","@id":"https:\/\/www.carideal.com\/blog\/#\/schema\/person\/985c7e757d1042d647f21bfaf8d41ebc"},"headline":"BMW i3 2013 petite voiture \u00e9lectrique","datePublished":"2013-11-24T18:14:00+00:00","dateModified":"2020-03-07T15:46:48+00:00","mainEntityOfPage":{"@id":"https:\/\/www.carideal.com\/blog\/2013\/11\/24\/bmw-i3-petite-nouvelle-electrique\/"},"wordCount":839,"commentCount":1,"publisher":{"@id":"https:\/\/www.carideal.com\/blog\/#organization"},"articleSection":["Actualit\u00e9 BMW","Actualit\u00e9 Constructeur automobile","Ecologie","Essais automobile","Technologie Automobile","Vid\u00e9o voiture : vid\u00e9o automobile","Voiture \u00e9lectrique","Voiture Hybride"],"inLanguage":"fr-FR","potentialAction":[{"@type":"CommentAction","name":"Comment","target":["https:\/\/www.carideal.com\/blog\/2013\/11\/24\/bmw-i3-petite-nouvelle-electrique\/#respond"]}]},{"@type":"WebPage","@id":"https:\/\/www.carideal.com\/blog\/2013\/11\/24\/bmw-i3-petite-nouvelle-electrique\/","url":"https:\/\/www.carideal.com\/blog\/2013\/11\/24\/bmw-i3-petite-nouvelle-electrique\/","name":"BMW i3 2013 petite voiture \u00e9lectrique - Blog auto Carid\u00e9al","isPartOf":{"@id":"https:\/\/www.carideal.com\/blog\/#website"},"datePublished":"2013-11-24T18:14:00+00:00","dateModified":"2020-03-07T15:46:48+00:00","description":"La BMW i3 \u00e9lectrique est en vente. R\u00e9volution chez BMW mis SUV mis monospace. L'autonomie de 130 km passe \u00e0 300 km gr\u00e2ce \u00e0 un moteur de moto optionnel","breadcrumb":{"@id":"https:\/\/www.carideal.com\/blog\/2013\/11\/24\/bmw-i3-petite-nouvelle-electrique\/#breadcrumb"},"inLanguage":"fr-FR","potentialAction":[{"@type":"ReadAction","target":["https:\/\/www.carideal.com\/blog\/2013\/11\/24\/bmw-i3-petite-nouvelle-electrique\/"]}]},{"@type":"BreadcrumbList","@id":"https:\/\/www.carideal.com\/blog\/2013\/11\/24\/bmw-i3-petite-nouvelle-electrique\/#breadcrumb","itemListElement":[{"@type":"ListItem","position":1,"name":"Blog Carid\u00e9al","item":"https:\/\/www.carideal.com\/blog\/"},{"@type":"ListItem","position":2,"name":"Ecologie","item":"https:\/\/www.carideal.com\/blog\/ecologie\/"},{"@type":"ListItem","position":3,"name":"BMW i3 2013 petite voiture \u00e9lectrique"}]},{"@type":"WebSite","@id":"https:\/\/www.carideal.com\/blog\/#website","url":"https:\/\/www.carideal.com\/blog\/","name":"Blog auto Carid\u00e9al","description":"Actualit\u00e9 auto par des passionn\u00e9s","publisher":{"@id":"https:\/\/www.carideal.com\/blog\/#organization"},"potentialAction":[{"@type":"SearchAction","target":{"@type":"EntryPoint","urlTemplate":"https:\/\/www.carideal.com\/blog\/?s={search_term_string}"},"query-input":{"@type":"PropertyValueSpecification","valueRequired":true,"valueName":"search_term_string"}}],"inLanguage":"fr-FR"},{"@type":"Organization","@id":"https:\/\/www.carideal.com\/blog\/#organization","name":"Carideal","url":"https:\/\/www.carideal.com\/blog\/","logo":{"@type":"ImageObject","inLanguage":"fr-FR","@id":"https:\/\/www.carideal.com\/blog\/#\/schema\/logo\/image\/","url":"http:\/\/www.carideal.com\/blog\/wp-content\/uploads\/2016\/03\/logo-carideal-mandataire-automobile.png","contentUrl":"http:\/\/www.carideal.com\/blog\/wp-content\/uploads\/2016\/03\/logo-carideal-mandataire-automobile.png","width":300,"height":300,"caption":"Carideal"},"image":{"@id":"https:\/\/www.carideal.com\/blog\/#\/schema\/logo\/image\/"},"sameAs":["https:\/\/www.facebook.com\/Carideal.mandataire.automobile","https:\/\/x.com\/caridealauto","https:\/\/www.instagram.com\/carideal1\/","https:\/\/www.linkedin.com\/company\/carideal.com","https:\/\/fr.pinterest.com\/schiavonsas\/","https:\/\/www.youtube.com\/user\/caridealsas"]},{"@type":"Person","@id":"https:\/\/www.carideal.com\/blog\/#\/schema\/person\/985c7e757d1042d647f21bfaf8d41ebc","name":"N.S Carideal","image":{"@type":"ImageObject","inLanguage":"fr-FR","@id":"https:\/\/www.carideal.com\/blog\/#\/schema\/person\/image\/","url":"https:\/\/secure.gravatar.com\/avatar\/edb7ccdf1a4e3d14aef967760d354d0e?s=96&r=g","contentUrl":"https:\/\/secure.gravatar.com\/avatar\/edb7ccdf1a4e3d14aef967760d354d0e?s=96&r=g","caption":"N.S Carideal"},"description":"Depuis tout petit fan d'automobile. Il est question d'essayer et de comparer toutes ces voitures qui nous ont fait r\u00e9ver, avant que celles-ci ne devient uniquement des voitures de collection.","sameAs":["http:\/\/www.carideal.com\/blog","https:\/\/www.facebook.com\/Carideal.mandataire.automobile\/","https:\/\/www.linkedin.com\/in\/nschiavon\/","https:\/\/www.youtube.com\/user\/caridealsas\/"],"url":"https:\/\/www.carideal.com\/blog\/author\/admin_carideal\/"}]}},"uagb_featured_image_src":{"full":false,"thumbnail":false,"medium":false,"medium_large":false,"large":false,"1536x1536":false,"2048x2048":false,"wppr-widget":false},"uagb_author_info":{"display_name":"N.S Carideal","author_link":"https:\/\/www.carideal.com\/blog\/author\/admin_carideal\/"},"uagb_comment_info":1,"uagb_excerpt":"BMW i3 2013 Voiture \u00e9lectrique La BMW i3 est en vente. R\u00e9volution chez BMW une voiture \u00e9lectrique, mis SUV mis monospace. Son autonomie de 130 km pourra passer \u00e0 300 km gr\u00e2ce \u00e0 un moteur de moto optionnel. BMW est une entreprise dirig\u00e9e par des ing\u00e9nieurs, et ils l'ont prouv\u00e9 en nous concoctant une BMW\u2026","_links":{"self":[{"href":"https:\/\/www.carideal.com\/blog\/wp-json\/wp\/v2\/posts\/306"}],"collection":[{"href":"https:\/\/www.carideal.com\/blog\/wp-json\/wp\/v2\/posts"}],"about":[{"href":"https:\/\/www.carideal.com\/blog\/wp-json\/wp\/v2\/types\/post"}],"author":[{"embeddable":true,"href":"https:\/\/www.carideal.com\/blog\/wp-json\/wp\/v2\/users\/1"}],"replies":[{"embeddable":true,"href":"https:\/\/www.carideal.com\/blog\/wp-json\/wp\/v2\/comments?post=306"}],"version-history":[{"count":0,"href":"https:\/\/www.carideal.com\/blog\/wp-json\/wp\/v2\/posts\/306\/revisions"}],"wp:attachment":[{"href":"https:\/\/www.carideal.com\/blog\/wp-json\/wp\/v2\/media?parent=306"}],"wp:term":[{"taxonomy":"category","embeddable":true,"href":"https:\/\/www.carideal.com\/blog\/wp-json\/wp\/v2\/categories?post=306"},{"taxonomy":"post_tag","embeddable":true,"href":"https:\/\/www.carideal.com\/blog\/wp-json\/wp\/v2\/tags?post=306"}],"curies":[{"name":"wp","href":"https:\/\/api.w.org\/{rel}","templated":true}]}}