{"id":304,"date":"2013-11-07T21:37:00","date_gmt":"2013-11-07T21:37:00","guid":{"rendered":"http:\/\/carideal.com\/blog\/?p=304"},"modified":"2020-03-07T16:49:03","modified_gmt":"2020-03-07T15:49:03","slug":"vehicule-electrique-et-borne-de-recharge","status":"publish","type":"post","link":"https:\/\/www.carideal.com\/blog\/2013\/11\/07\/vehicule-electrique-et-borne-de-recharge\/","title":{"rendered":"Vehicule electrique et borne de recharge"},"content":{"rendered":"<\/p>\n<blockquote>\n<p><a href=\"\/blog\/index.php?tag\/V%C3%A9hicules%20%C3%A9lectriques\">V\u00e9hicules \u00e9lectriques<\/a> et <a href=\"\/blog\/index.php?tag\/bornes%20de%20recharge\">bornes de recharge<\/a><\/p>\n<\/blockquote>\n<p>Les voitures \u00e9lectriques se vendent peu... faute \u00e0 leur prix, elles sont ch\u00e8res, et au manque de bornes de recharge \u00e9lectrique. Le Gouvernement fran\u00e7ais a d\u00e9bloqu\u00e9 50 Millions d'euros pour augmenter le nombre de points de recharge.<br \/>\nCertains \u00e9tat investissent plus que d'autres.<br \/>\nOn peut dire que les clients ne se pressent pas dans les showroom pour commander leur voitures \u00e9lectriques, seulement 5945 v\u00e9hicules \u00e9lectriques vendu en cinq mois de 2013, y-compris les v\u00e9hicules utilitaires.<br \/>\nLe gouvernement avait pr\u00e9vu 25500 pour 2013... on en est loin, sans compter les voitures hybrides rechargeables.<br \/>\nL'\u00e9tat a mis les bouch\u00e9s doubles en un an, le nombre de prise de recharge est pass\u00e9 de 1500 \u00e0 plus de 6643 dans 1944 stations... mais est compris dans ce chiffre les prises d'<a href=\"\/blog\/index.php?tag\/Autolib\">Autolib'<\/a> \u00e0 Paris et celles des concessionnaires <a href=\"\/blog\/index.php?tag\/Renault\">Renault<\/a> qui ont du s'\u00e9quip\u00e9 pour la <a href=\"\/blog\/index.php?tag\/Zo%C3%A9\">Zo\u00e9<\/a>.<br \/>\nSi on ne compte que les prises ind\u00e9pendantes, hors captives Renault, il n'en reste que 1600 et mal r\u00e9partis sur le t\u00e9rritoire.<br \/>\nLa France a un d\u00e9veloppement plus lent que ses voisins alors que son \u00e9lectricit\u00e9 est la moins ch\u00e8re et la plus propre.<br \/>\nMr Arnaud de Montebourd a d\u00e9clar\u00e9 vouloir porter le nombre de prise \u00e0 10 000 environ d'ici \u00e0 la fin de l'ann\u00e9e. Pourtant le pr\u00e9c\u00e9dent gouvernement voulait en implanter 400000 d'ici \u00e0 2020.<\/p>\n<p><strong>Une autre erreur<\/strong>  <br \/>\nLa France s'est isol\u00e9e en <a href=\"\/blog\/index.php?tag\/Europe\">Europe<\/a>, en effet les d\u00e9put\u00e9s ont choisi de rendre obligatoire des <a href=\"\/blog\/index.php?tag\/prises%20%C3%A9lectriques\">prises \u00e9lectriques<\/a> de <a href=\"\/blog\/index.php?tag\/type%203\">type 3<\/a>, c'est \u00e0 dire s\u00e9curis\u00e9es par des trappes \"shutter\" comme pour votre lave-linge par exemple.<br \/>\nTous les autres pays europ\u00e9ens ont choisi des bornes de type 2, sans trappe. Les industriels allemands ont aussi choisis ce standard qui a \u00e9t\u00e9 normalis\u00e9 par Bruxelles.<br \/>\nRenault estime que cette erreur peut limiter le d\u00e9veloppement des voitures \u00e9lectriques. Les <a href=\"\/blog\/index.php?tag\/voitures%20fran%C3%A7aises\">voitures fran\u00e7aises<\/a>, donc ne se rechargent que sur une prise qui n'est utilis\u00e9 nul part ailleurs.<\/p>\n<p>\/ <a href=\"http:\/\/fr.chargemap.com\/\" hreflang=\"fr\">http:\/\/fr.chargemap.com\/<\/a><\/p>\n","protected":false},"excerpt":{"rendered":"<p>V\u00e9hicules \u00e9lectriques et bornes de recharge Les voitures \u00e9lectriques se vendent peu&#8230; faute \u00e0 leur prix, elles sont ch\u00e8res, et au manque de bornes de recharge \u00e9lectrique. Le Gouvernement fran\u00e7ais a d\u00e9bloqu\u00e9 50 Millions d&rsquo;euros pour augmenter le nombre de points de recharge. Certains \u00e9tat investissent plus que d&rsquo;autres. On peut dire que les clients &#8230; <a title=\"Vehicule electrique et borne de recharge\" class=\"read-more\" href=\"https:\/\/www.carideal.com\/blog\/2013\/11\/07\/vehicule-electrique-et-borne-de-recharge\/\" aria-label=\"En savoir plus sur Vehicule electrique et borne de recharge\">Lire plus<\/a><\/p>\n","protected":false},"author":1,"featured_media":0,"comment_status":"open","ping_status":"open","sticky":false,"template":"","format":"standard","meta":{"_uag_custom_page_level_css":"","_themeisle_gutenberg_block_has_review":false,"footnotes":""},"categories":[6],"tags":[839,342],"class_list":["post-304","post","type-post","status-publish","format-standard","hentry","category-ecologie","tag-bornes-de-recharge","tag-europe"],"wppr_data":[],"yoast_head":"<!-- This site is optimized with the Yoast SEO plugin v24.8.1 - https:\/\/yoast.com\/wordpress\/plugins\/seo\/ -->\n<title>Vehicule electrique et borne de recharge - Blog auto Carid\u00e9al<\/title>\n<meta name=\"robots\" content=\"index, follow, max-snippet:-1, max-image-preview:large, max-video-preview:-1\" \/>\n<link rel=\"canonical\" href=\"https:\/\/www.carideal.com\/blog\/2013\/11\/07\/vehicule-electrique-et-borne-de-recharge\/\" \/>\n<meta property=\"og:locale\" content=\"fr_FR\" \/>\n<meta property=\"og:type\" content=\"article\" \/>\n<meta property=\"og:title\" content=\"Vehicule electrique et borne de recharge - Blog auto Carid\u00e9al\" \/>\n<meta property=\"og:description\" content=\"V\u00e9hicules \u00e9lectriques et bornes de recharge Les voitures \u00e9lectriques se vendent peu... faute \u00e0 leur prix, elles sont ch\u00e8res, et au manque de bornes de recharge \u00e9lectrique. Le Gouvernement fran\u00e7ais a d\u00e9bloqu\u00e9 50 Millions d&#039;euros pour augmenter le nombre de points de recharge. Certains \u00e9tat investissent plus que d&#039;autres. On peut dire que les clients ... Lire plus\" \/>\n<meta property=\"og:url\" content=\"https:\/\/www.carideal.com\/blog\/2013\/11\/07\/vehicule-electrique-et-borne-de-recharge\/\" \/>\n<meta property=\"og:site_name\" content=\"Blog auto Carid\u00e9al\" \/>\n<meta property=\"article:publisher\" content=\"https:\/\/www.facebook.com\/Carideal.mandataire.automobile\" \/>\n<meta property=\"article:author\" content=\"https:\/\/www.facebook.com\/Carideal.mandataire.automobile\/\" \/>\n<meta property=\"article:published_time\" content=\"2013-11-07T21:37:00+00:00\" \/>\n<meta property=\"article:modified_time\" content=\"2020-03-07T15:49:03+00:00\" \/>\n<meta property=\"og:image\" content=\"https:\/\/www.carideal.com\/blog\/wp-content\/uploads\/2016\/03\/logo-carideal-mandataire-automobile.png\" \/>\n\t<meta property=\"og:image:width\" content=\"300\" \/>\n\t<meta property=\"og:image:height\" content=\"300\" \/>\n\t<meta property=\"og:image:type\" content=\"image\/png\" \/>\n<meta name=\"author\" content=\"N.S Carideal\" \/>\n<meta name=\"twitter:card\" content=\"summary_large_image\" \/>\n<meta name=\"twitter:creator\" content=\"@caridealauto\" \/>\n<meta name=\"twitter:site\" content=\"@caridealauto\" \/>\n<meta name=\"twitter:label1\" content=\"\u00c9crit par\" \/>\n\t<meta name=\"twitter:data1\" content=\"N.S Carideal\" \/>\n\t<meta name=\"twitter:label2\" content=\"Dur\u00e9e de lecture estim\u00e9e\" \/>\n\t<meta name=\"twitter:data2\" content=\"2 minutes\" \/>\n<script type=\"application\/ld+json\" class=\"yoast-schema-graph\">{\"@context\":\"https:\/\/schema.org\",\"@graph\":[{\"@type\":\"Article\",\"@id\":\"https:\/\/www.carideal.com\/blog\/2013\/11\/07\/vehicule-electrique-et-borne-de-recharge\/#article\",\"isPartOf\":{\"@id\":\"https:\/\/www.carideal.com\/blog\/2013\/11\/07\/vehicule-electrique-et-borne-de-recharge\/\"},\"author\":{\"name\":\"N.S Carideal\",\"@id\":\"https:\/\/www.carideal.com\/blog\/#\/schema\/person\/985c7e757d1042d647f21bfaf8d41ebc\"},\"headline\":\"Vehicule electrique et borne de recharge\",\"datePublished\":\"2013-11-07T21:37:00+00:00\",\"dateModified\":\"2020-03-07T15:49:03+00:00\",\"mainEntityOfPage\":{\"@id\":\"https:\/\/www.carideal.com\/blog\/2013\/11\/07\/vehicule-electrique-et-borne-de-recharge\/\"},\"wordCount\":334,\"commentCount\":0,\"publisher\":{\"@id\":\"https:\/\/www.carideal.com\/blog\/#organization\"},\"keywords\":[\"Bornes de recharge\",\"Europe\"],\"articleSection\":[\"Ecologie\"],\"inLanguage\":\"fr-FR\",\"potentialAction\":[{\"@type\":\"CommentAction\",\"name\":\"Comment\",\"target\":[\"https:\/\/www.carideal.com\/blog\/2013\/11\/07\/vehicule-electrique-et-borne-de-recharge\/#respond\"]}]},{\"@type\":\"WebPage\",\"@id\":\"https:\/\/www.carideal.com\/blog\/2013\/11\/07\/vehicule-electrique-et-borne-de-recharge\/\",\"url\":\"https:\/\/www.carideal.com\/blog\/2013\/11\/07\/vehicule-electrique-et-borne-de-recharge\/\",\"name\":\"Vehicule electrique et borne de recharge - Blog auto Carid\u00e9al\",\"isPartOf\":{\"@id\":\"https:\/\/www.carideal.com\/blog\/#website\"},\"datePublished\":\"2013-11-07T21:37:00+00:00\",\"dateModified\":\"2020-03-07T15:49:03+00:00\",\"breadcrumb\":{\"@id\":\"https:\/\/www.carideal.com\/blog\/2013\/11\/07\/vehicule-electrique-et-borne-de-recharge\/#breadcrumb\"},\"inLanguage\":\"fr-FR\",\"potentialAction\":[{\"@type\":\"ReadAction\",\"target\":[\"https:\/\/www.carideal.com\/blog\/2013\/11\/07\/vehicule-electrique-et-borne-de-recharge\/\"]}]},{\"@type\":\"BreadcrumbList\",\"@id\":\"https:\/\/www.carideal.com\/blog\/2013\/11\/07\/vehicule-electrique-et-borne-de-recharge\/#breadcrumb\",\"itemListElement\":[{\"@type\":\"ListItem\",\"position\":1,\"name\":\"Blog Carid\u00e9al\",\"item\":\"https:\/\/www.carideal.com\/blog\/\"},{\"@type\":\"ListItem\",\"position\":2,\"name\":\"Ecologie\",\"item\":\"https:\/\/www.carideal.com\/blog\/ecologie\/\"},{\"@type\":\"ListItem\",\"position\":3,\"name\":\"Vehicule electrique et borne de recharge\"}]},{\"@type\":\"WebSite\",\"@id\":\"https:\/\/www.carideal.com\/blog\/#website\",\"url\":\"https:\/\/www.carideal.com\/blog\/\",\"name\":\"Blog auto Carid\u00e9al\",\"description\":\"Actualit\u00e9 auto par des passionn\u00e9s\",\"publisher\":{\"@id\":\"https:\/\/www.carideal.com\/blog\/#organization\"},\"potentialAction\":[{\"@type\":\"SearchAction\",\"target\":{\"@type\":\"EntryPoint\",\"urlTemplate\":\"https:\/\/www.carideal.com\/blog\/?s={search_term_string}\"},\"query-input\":{\"@type\":\"PropertyValueSpecification\",\"valueRequired\":true,\"valueName\":\"search_term_string\"}}],\"inLanguage\":\"fr-FR\"},{\"@type\":\"Organization\",\"@id\":\"https:\/\/www.carideal.com\/blog\/#organization\",\"name\":\"Carideal\",\"url\":\"https:\/\/www.carideal.com\/blog\/\",\"logo\":{\"@type\":\"ImageObject\",\"inLanguage\":\"fr-FR\",\"@id\":\"https:\/\/www.carideal.com\/blog\/#\/schema\/logo\/image\/\",\"url\":\"http:\/\/www.carideal.com\/blog\/wp-content\/uploads\/2016\/03\/logo-carideal-mandataire-automobile.png\",\"contentUrl\":\"http:\/\/www.carideal.com\/blog\/wp-content\/uploads\/2016\/03\/logo-carideal-mandataire-automobile.png\",\"width\":300,\"height\":300,\"caption\":\"Carideal\"},\"image\":{\"@id\":\"https:\/\/www.carideal.com\/blog\/#\/schema\/logo\/image\/\"},\"sameAs\":[\"https:\/\/www.facebook.com\/Carideal.mandataire.automobile\",\"https:\/\/x.com\/caridealauto\",\"https:\/\/www.instagram.com\/carideal1\/\",\"https:\/\/www.linkedin.com\/company\/carideal.com\",\"https:\/\/fr.pinterest.com\/schiavonsas\/\",\"https:\/\/www.youtube.com\/user\/caridealsas\"]},{\"@type\":\"Person\",\"@id\":\"https:\/\/www.carideal.com\/blog\/#\/schema\/person\/985c7e757d1042d647f21bfaf8d41ebc\",\"name\":\"N.S Carideal\",\"image\":{\"@type\":\"ImageObject\",\"inLanguage\":\"fr-FR\",\"@id\":\"https:\/\/www.carideal.com\/blog\/#\/schema\/person\/image\/\",\"url\":\"https:\/\/secure.gravatar.com\/avatar\/edb7ccdf1a4e3d14aef967760d354d0e?s=96&r=g\",\"contentUrl\":\"https:\/\/secure.gravatar.com\/avatar\/edb7ccdf1a4e3d14aef967760d354d0e?s=96&r=g\",\"caption\":\"N.S Carideal\"},\"description\":\"Depuis tout petit fan d'automobile. Il est question d'essayer et de comparer toutes ces voitures qui nous ont fait r\u00e9ver, avant que celles-ci ne devient uniquement des voitures de collection.\",\"sameAs\":[\"http:\/\/www.carideal.com\/blog\",\"https:\/\/www.facebook.com\/Carideal.mandataire.automobile\/\",\"https:\/\/www.linkedin.com\/in\/nschiavon\/\",\"https:\/\/www.youtube.com\/user\/caridealsas\/\"],\"url\":\"https:\/\/www.carideal.com\/blog\/author\/admin_carideal\/\"}]}<\/script>\n<!-- \/ Yoast SEO plugin. -->","yoast_head_json":{"title":"Vehicule electrique et borne de recharge - Blog auto Carid\u00e9al","robots":{"index":"index","follow":"follow","max-snippet":"max-snippet:-1","max-image-preview":"max-image-preview:large","max-video-preview":"max-video-preview:-1"},"canonical":"https:\/\/www.carideal.com\/blog\/2013\/11\/07\/vehicule-electrique-et-borne-de-recharge\/","og_locale":"fr_FR","og_type":"article","og_title":"Vehicule electrique et borne de recharge - Blog auto Carid\u00e9al","og_description":"V\u00e9hicules \u00e9lectriques et bornes de recharge Les voitures \u00e9lectriques se vendent peu... faute \u00e0 leur prix, elles sont ch\u00e8res, et au manque de bornes de recharge \u00e9lectrique. Le Gouvernement fran\u00e7ais a d\u00e9bloqu\u00e9 50 Millions d'euros pour augmenter le nombre de points de recharge. Certains \u00e9tat investissent plus que d'autres. On peut dire que les clients ... Lire plus","og_url":"https:\/\/www.carideal.com\/blog\/2013\/11\/07\/vehicule-electrique-et-borne-de-recharge\/","og_site_name":"Blog auto Carid\u00e9al","article_publisher":"https:\/\/www.facebook.com\/Carideal.mandataire.automobile","article_author":"https:\/\/www.facebook.com\/Carideal.mandataire.automobile\/","article_published_time":"2013-11-07T21:37:00+00:00","article_modified_time":"2020-03-07T15:49:03+00:00","og_image":[{"width":300,"height":300,"url":"https:\/\/www.carideal.com\/blog\/wp-content\/uploads\/2016\/03\/logo-carideal-mandataire-automobile.png","type":"image\/png"}],"author":"N.S Carideal","twitter_card":"summary_large_image","twitter_creator":"@caridealauto","twitter_site":"@caridealauto","twitter_misc":{"\u00c9crit par":"N.S Carideal","Dur\u00e9e de lecture estim\u00e9e":"2 minutes"},"schema":{"@context":"https:\/\/schema.org","@graph":[{"@type":"Article","@id":"https:\/\/www.carideal.com\/blog\/2013\/11\/07\/vehicule-electrique-et-borne-de-recharge\/#article","isPartOf":{"@id":"https:\/\/www.carideal.com\/blog\/2013\/11\/07\/vehicule-electrique-et-borne-de-recharge\/"},"author":{"name":"N.S Carideal","@id":"https:\/\/www.carideal.com\/blog\/#\/schema\/person\/985c7e757d1042d647f21bfaf8d41ebc"},"headline":"Vehicule electrique et borne de recharge","datePublished":"2013-11-07T21:37:00+00:00","dateModified":"2020-03-07T15:49:03+00:00","mainEntityOfPage":{"@id":"https:\/\/www.carideal.com\/blog\/2013\/11\/07\/vehicule-electrique-et-borne-de-recharge\/"},"wordCount":334,"commentCount":0,"publisher":{"@id":"https:\/\/www.carideal.com\/blog\/#organization"},"keywords":["Bornes de recharge","Europe"],"articleSection":["Ecologie"],"inLanguage":"fr-FR","potentialAction":[{"@type":"CommentAction","name":"Comment","target":["https:\/\/www.carideal.com\/blog\/2013\/11\/07\/vehicule-electrique-et-borne-de-recharge\/#respond"]}]},{"@type":"WebPage","@id":"https:\/\/www.carideal.com\/blog\/2013\/11\/07\/vehicule-electrique-et-borne-de-recharge\/","url":"https:\/\/www.carideal.com\/blog\/2013\/11\/07\/vehicule-electrique-et-borne-de-recharge\/","name":"Vehicule electrique et borne de recharge - Blog auto Carid\u00e9al","isPartOf":{"@id":"https:\/\/www.carideal.com\/blog\/#website"},"datePublished":"2013-11-07T21:37:00+00:00","dateModified":"2020-03-07T15:49:03+00:00","breadcrumb":{"@id":"https:\/\/www.carideal.com\/blog\/2013\/11\/07\/vehicule-electrique-et-borne-de-recharge\/#breadcrumb"},"inLanguage":"fr-FR","potentialAction":[{"@type":"ReadAction","target":["https:\/\/www.carideal.com\/blog\/2013\/11\/07\/vehicule-electrique-et-borne-de-recharge\/"]}]},{"@type":"BreadcrumbList","@id":"https:\/\/www.carideal.com\/blog\/2013\/11\/07\/vehicule-electrique-et-borne-de-recharge\/#breadcrumb","itemListElement":[{"@type":"ListItem","position":1,"name":"Blog Carid\u00e9al","item":"https:\/\/www.carideal.com\/blog\/"},{"@type":"ListItem","position":2,"name":"Ecologie","item":"https:\/\/www.carideal.com\/blog\/ecologie\/"},{"@type":"ListItem","position":3,"name":"Vehicule electrique et borne de recharge"}]},{"@type":"WebSite","@id":"https:\/\/www.carideal.com\/blog\/#website","url":"https:\/\/www.carideal.com\/blog\/","name":"Blog auto Carid\u00e9al","description":"Actualit\u00e9 auto par des passionn\u00e9s","publisher":{"@id":"https:\/\/www.carideal.com\/blog\/#organization"},"potentialAction":[{"@type":"SearchAction","target":{"@type":"EntryPoint","urlTemplate":"https:\/\/www.carideal.com\/blog\/?s={search_term_string}"},"query-input":{"@type":"PropertyValueSpecification","valueRequired":true,"valueName":"search_term_string"}}],"inLanguage":"fr-FR"},{"@type":"Organization","@id":"https:\/\/www.carideal.com\/blog\/#organization","name":"Carideal","url":"https:\/\/www.carideal.com\/blog\/","logo":{"@type":"ImageObject","inLanguage":"fr-FR","@id":"https:\/\/www.carideal.com\/blog\/#\/schema\/logo\/image\/","url":"http:\/\/www.carideal.com\/blog\/wp-content\/uploads\/2016\/03\/logo-carideal-mandataire-automobile.png","contentUrl":"http:\/\/www.carideal.com\/blog\/wp-content\/uploads\/2016\/03\/logo-carideal-mandataire-automobile.png","width":300,"height":300,"caption":"Carideal"},"image":{"@id":"https:\/\/www.carideal.com\/blog\/#\/schema\/logo\/image\/"},"sameAs":["https:\/\/www.facebook.com\/Carideal.mandataire.automobile","https:\/\/x.com\/caridealauto","https:\/\/www.instagram.com\/carideal1\/","https:\/\/www.linkedin.com\/company\/carideal.com","https:\/\/fr.pinterest.com\/schiavonsas\/","https:\/\/www.youtube.com\/user\/caridealsas"]},{"@type":"Person","@id":"https:\/\/www.carideal.com\/blog\/#\/schema\/person\/985c7e757d1042d647f21bfaf8d41ebc","name":"N.S Carideal","image":{"@type":"ImageObject","inLanguage":"fr-FR","@id":"https:\/\/www.carideal.com\/blog\/#\/schema\/person\/image\/","url":"https:\/\/secure.gravatar.com\/avatar\/edb7ccdf1a4e3d14aef967760d354d0e?s=96&r=g","contentUrl":"https:\/\/secure.gravatar.com\/avatar\/edb7ccdf1a4e3d14aef967760d354d0e?s=96&r=g","caption":"N.S Carideal"},"description":"Depuis tout petit fan d'automobile. Il est question d'essayer et de comparer toutes ces voitures qui nous ont fait r\u00e9ver, avant que celles-ci ne devient uniquement des voitures de collection.","sameAs":["http:\/\/www.carideal.com\/blog","https:\/\/www.facebook.com\/Carideal.mandataire.automobile\/","https:\/\/www.linkedin.com\/in\/nschiavon\/","https:\/\/www.youtube.com\/user\/caridealsas\/"],"url":"https:\/\/www.carideal.com\/blog\/author\/admin_carideal\/"}]}},"uagb_featured_image_src":{"full":false,"thumbnail":false,"medium":false,"medium_large":false,"large":false,"1536x1536":false,"2048x2048":false,"wppr-widget":false},"uagb_author_info":{"display_name":"N.S Carideal","author_link":"https:\/\/www.carideal.com\/blog\/author\/admin_carideal\/"},"uagb_comment_info":0,"uagb_excerpt":"V\u00e9hicules \u00e9lectriques et bornes de recharge Les voitures \u00e9lectriques se vendent peu... faute \u00e0 leur prix, elles sont ch\u00e8res, et au manque de bornes de recharge \u00e9lectrique. Le Gouvernement fran\u00e7ais a d\u00e9bloqu\u00e9 50 Millions d'euros pour augmenter le nombre de points de recharge. Certains \u00e9tat investissent plus que d'autres. On peut dire que les clients\u2026","_links":{"self":[{"href":"https:\/\/www.carideal.com\/blog\/wp-json\/wp\/v2\/posts\/304"}],"collection":[{"href":"https:\/\/www.carideal.com\/blog\/wp-json\/wp\/v2\/posts"}],"about":[{"href":"https:\/\/www.carideal.com\/blog\/wp-json\/wp\/v2\/types\/post"}],"author":[{"embeddable":true,"href":"https:\/\/www.carideal.com\/blog\/wp-json\/wp\/v2\/users\/1"}],"replies":[{"embeddable":true,"href":"https:\/\/www.carideal.com\/blog\/wp-json\/wp\/v2\/comments?post=304"}],"version-history":[{"count":0,"href":"https:\/\/www.carideal.com\/blog\/wp-json\/wp\/v2\/posts\/304\/revisions"}],"wp:attachment":[{"href":"https:\/\/www.carideal.com\/blog\/wp-json\/wp\/v2\/media?parent=304"}],"wp:term":[{"taxonomy":"category","embeddable":true,"href":"https:\/\/www.carideal.com\/blog\/wp-json\/wp\/v2\/categories?post=304"},{"taxonomy":"post_tag","embeddable":true,"href":"https:\/\/www.carideal.com\/blog\/wp-json\/wp\/v2\/tags?post=304"}],"curies":[{"name":"wp","href":"https:\/\/api.w.org\/{rel}","templated":true}]}}