{"id":297,"date":"2013-08-17T15:39:00","date_gmt":"2013-08-17T15:39:00","guid":{"rendered":"http:\/\/carideal.com\/blog\/?p=297"},"modified":"2013-08-17T15:39:00","modified_gmt":"2013-08-17T15:39:00","slug":"bmw-i3-prete-a-la-commercialisation","status":"publish","type":"post","link":"https:\/\/www.carideal.com\/blog\/2013\/08\/17\/bmw-i3-prete-a-la-commercialisation\/","title":{"rendered":"BMW I3 pr\u00eate \u00e0 la commercialisation"},"content":{"rendered":"<p><img decoding=\"async\" src=\"\/blog\/public\/.bmw-i3-carideal-actualites_m.jpg\" alt=\"bmw-i3-carideal-actualites.jpg\" title=\"bmw-i3-carideal-actualites.jpg, ao\u00fbt 2013\" \/><\/p>\n<blockquote>\n<p>Nouvelle <a href=\"\/blog\/index.php?tag\/BMW\">BMW<\/a> <a href=\"\/blog\/index.php?tag\/I3\">I3<\/a> <a href=\"\/blog\/index.php?tag\/100%25%20%C3%A9lectrique\">100% \u00e9lectrique<\/a><\/p>\n<\/blockquote>\n<p>La nouvelle voiture 100% \u00e9lectrique de BMW la I3 est presque pr\u00eate \u00e0 \u00eatre commercialis\u00e9 \u00e0 partir de Novembre. BMW a d\u00e9velopp\u00e9 sa voiture sur un ch\u00e2ssis en aluminium sur lequel repose la coque en carbone. Le moteur \u00e9lectrique de 170 ch ainsi que les batteries sont log\u00e9s dans le Ch\u00e2ssis. Elle proposera une autonomie de 150 km. BMW ne voulant pas renouveler l'erreur de Renault avec sa Zo\u00e9, a \u00e9quip\u00e9 son I3 d'une prise de courant classique pour la recharger.<br \/>\nElle pourra m\u00eame \u00eatre \u00e9quip\u00e9e d'un prolongateur d'autonomie, un moteur thermique bi-cylindre, pour porter l'autonomie \u00e0 300 km.<br \/>\nBMW vient de former 33 revendeurs de I3 qui devront agencer leur showroom, et pr\u00e9voit 60 ateliers form\u00e9s pour le SAV.<br \/>\nLa BMW I3 devrait \u00eatre propos\u00e9e \u00e0 40000 \u20ac batteries comprises qui seront garanties 5 ans.<\/p>\n","protected":false},"excerpt":{"rendered":"<p>Nouvelle BMW I3 100% \u00e9lectrique La nouvelle voiture 100% \u00e9lectrique de BMW la I3 est presque pr\u00eate \u00e0 \u00eatre commercialis\u00e9 \u00e0 partir de Novembre. BMW a d\u00e9velopp\u00e9 sa voiture sur un ch\u00e2ssis en aluminium sur lequel repose la coque en carbone. Le moteur \u00e9lectrique de 170 ch ainsi que les batteries sont log\u00e9s dans le &#8230; <a title=\"BMW I3 pr\u00eate \u00e0 la commercialisation\" class=\"read-more\" href=\"https:\/\/www.carideal.com\/blog\/2013\/08\/17\/bmw-i3-prete-a-la-commercialisation\/\" aria-label=\"En savoir plus sur BMW I3 pr\u00eate \u00e0 la commercialisation\">Lire plus<\/a><\/p>\n","protected":false},"author":1,"featured_media":0,"comment_status":"open","ping_status":"open","sticky":false,"template":"","format":"standard","meta":{"_uag_custom_page_level_css":"","_themeisle_gutenberg_block_has_review":false,"footnotes":""},"categories":[6],"tags":[],"class_list":["post-297","post","type-post","status-publish","format-standard","hentry","category-ecologie"],"wppr_data":[],"yoast_head":"<!-- This site is optimized with the Yoast SEO plugin v24.8.1 - https:\/\/yoast.com\/wordpress\/plugins\/seo\/ -->\n<title>BMW I3 pr\u00eate \u00e0 la commercialisation - Blog auto Carid\u00e9al<\/title>\n<meta name=\"robots\" content=\"index, follow, max-snippet:-1, max-image-preview:large, max-video-preview:-1\" \/>\n<link rel=\"canonical\" href=\"https:\/\/www.carideal.com\/blog\/2013\/08\/17\/bmw-i3-prete-a-la-commercialisation\/\" \/>\n<meta property=\"og:locale\" content=\"fr_FR\" \/>\n<meta property=\"og:type\" content=\"article\" \/>\n<meta property=\"og:title\" content=\"BMW I3 pr\u00eate \u00e0 la commercialisation - Blog auto Carid\u00e9al\" \/>\n<meta property=\"og:description\" content=\"Nouvelle BMW I3 100% \u00e9lectrique La nouvelle voiture 100% \u00e9lectrique de BMW la I3 est presque pr\u00eate \u00e0 \u00eatre commercialis\u00e9 \u00e0 partir de Novembre. BMW a d\u00e9velopp\u00e9 sa voiture sur un ch\u00e2ssis en aluminium sur lequel repose la coque en carbone. Le moteur \u00e9lectrique de 170 ch ainsi que les batteries sont log\u00e9s dans le ... Lire plus\" \/>\n<meta property=\"og:url\" content=\"https:\/\/www.carideal.com\/blog\/2013\/08\/17\/bmw-i3-prete-a-la-commercialisation\/\" \/>\n<meta property=\"og:site_name\" content=\"Blog auto Carid\u00e9al\" \/>\n<meta property=\"article:publisher\" content=\"https:\/\/www.facebook.com\/Carideal.mandataire.automobile\" \/>\n<meta property=\"article:author\" content=\"https:\/\/www.facebook.com\/Carideal.mandataire.automobile\/\" \/>\n<meta property=\"article:published_time\" content=\"2013-08-17T15:39:00+00:00\" \/>\n<meta property=\"og:image\" content=\"https:\/\/www.carideal.com\/blog\/wp-content\/uploads\/2016\/03\/logo-carideal-mandataire-automobile.png\" \/>\n\t<meta property=\"og:image:width\" content=\"300\" \/>\n\t<meta property=\"og:image:height\" content=\"300\" \/>\n\t<meta property=\"og:image:type\" content=\"image\/png\" \/>\n<meta name=\"author\" content=\"N.S Carideal\" \/>\n<meta name=\"twitter:card\" content=\"summary_large_image\" \/>\n<meta name=\"twitter:creator\" content=\"@caridealauto\" \/>\n<meta name=\"twitter:site\" content=\"@caridealauto\" \/>\n<meta name=\"twitter:label1\" content=\"\u00c9crit par\" \/>\n\t<meta name=\"twitter:data1\" content=\"N.S Carideal\" \/>\n\t<meta name=\"twitter:label2\" content=\"Dur\u00e9e de lecture estim\u00e9e\" \/>\n\t<meta name=\"twitter:data2\" content=\"1 minute\" \/>\n<script type=\"application\/ld+json\" class=\"yoast-schema-graph\">{\"@context\":\"https:\/\/schema.org\",\"@graph\":[{\"@type\":\"Article\",\"@id\":\"https:\/\/www.carideal.com\/blog\/2013\/08\/17\/bmw-i3-prete-a-la-commercialisation\/#article\",\"isPartOf\":{\"@id\":\"https:\/\/www.carideal.com\/blog\/2013\/08\/17\/bmw-i3-prete-a-la-commercialisation\/\"},\"author\":{\"name\":\"N.S Carideal\",\"@id\":\"https:\/\/www.carideal.com\/blog\/#\/schema\/person\/985c7e757d1042d647f21bfaf8d41ebc\"},\"headline\":\"BMW I3 pr\u00eate \u00e0 la commercialisation\",\"datePublished\":\"2013-08-17T15:39:00+00:00\",\"mainEntityOfPage\":{\"@id\":\"https:\/\/www.carideal.com\/blog\/2013\/08\/17\/bmw-i3-prete-a-la-commercialisation\/\"},\"wordCount\":143,\"commentCount\":0,\"publisher\":{\"@id\":\"https:\/\/www.carideal.com\/blog\/#organization\"},\"articleSection\":[\"Ecologie\"],\"inLanguage\":\"fr-FR\",\"potentialAction\":[{\"@type\":\"CommentAction\",\"name\":\"Comment\",\"target\":[\"https:\/\/www.carideal.com\/blog\/2013\/08\/17\/bmw-i3-prete-a-la-commercialisation\/#respond\"]}]},{\"@type\":\"WebPage\",\"@id\":\"https:\/\/www.carideal.com\/blog\/2013\/08\/17\/bmw-i3-prete-a-la-commercialisation\/\",\"url\":\"https:\/\/www.carideal.com\/blog\/2013\/08\/17\/bmw-i3-prete-a-la-commercialisation\/\",\"name\":\"BMW I3 pr\u00eate \u00e0 la commercialisation - Blog auto Carid\u00e9al\",\"isPartOf\":{\"@id\":\"https:\/\/www.carideal.com\/blog\/#website\"},\"datePublished\":\"2013-08-17T15:39:00+00:00\",\"breadcrumb\":{\"@id\":\"https:\/\/www.carideal.com\/blog\/2013\/08\/17\/bmw-i3-prete-a-la-commercialisation\/#breadcrumb\"},\"inLanguage\":\"fr-FR\",\"potentialAction\":[{\"@type\":\"ReadAction\",\"target\":[\"https:\/\/www.carideal.com\/blog\/2013\/08\/17\/bmw-i3-prete-a-la-commercialisation\/\"]}]},{\"@type\":\"BreadcrumbList\",\"@id\":\"https:\/\/www.carideal.com\/blog\/2013\/08\/17\/bmw-i3-prete-a-la-commercialisation\/#breadcrumb\",\"itemListElement\":[{\"@type\":\"ListItem\",\"position\":1,\"name\":\"Blog Carid\u00e9al\",\"item\":\"https:\/\/www.carideal.com\/blog\/\"},{\"@type\":\"ListItem\",\"position\":2,\"name\":\"Ecologie\",\"item\":\"https:\/\/www.carideal.com\/blog\/ecologie\/\"},{\"@type\":\"ListItem\",\"position\":3,\"name\":\"BMW I3 pr\u00eate \u00e0 la commercialisation\"}]},{\"@type\":\"WebSite\",\"@id\":\"https:\/\/www.carideal.com\/blog\/#website\",\"url\":\"https:\/\/www.carideal.com\/blog\/\",\"name\":\"Blog auto Carid\u00e9al\",\"description\":\"Actualit\u00e9 auto par des passionn\u00e9s\",\"publisher\":{\"@id\":\"https:\/\/www.carideal.com\/blog\/#organization\"},\"potentialAction\":[{\"@type\":\"SearchAction\",\"target\":{\"@type\":\"EntryPoint\",\"urlTemplate\":\"https:\/\/www.carideal.com\/blog\/?s={search_term_string}\"},\"query-input\":{\"@type\":\"PropertyValueSpecification\",\"valueRequired\":true,\"valueName\":\"search_term_string\"}}],\"inLanguage\":\"fr-FR\"},{\"@type\":\"Organization\",\"@id\":\"https:\/\/www.carideal.com\/blog\/#organization\",\"name\":\"Carideal\",\"url\":\"https:\/\/www.carideal.com\/blog\/\",\"logo\":{\"@type\":\"ImageObject\",\"inLanguage\":\"fr-FR\",\"@id\":\"https:\/\/www.carideal.com\/blog\/#\/schema\/logo\/image\/\",\"url\":\"http:\/\/www.carideal.com\/blog\/wp-content\/uploads\/2016\/03\/logo-carideal-mandataire-automobile.png\",\"contentUrl\":\"http:\/\/www.carideal.com\/blog\/wp-content\/uploads\/2016\/03\/logo-carideal-mandataire-automobile.png\",\"width\":300,\"height\":300,\"caption\":\"Carideal\"},\"image\":{\"@id\":\"https:\/\/www.carideal.com\/blog\/#\/schema\/logo\/image\/\"},\"sameAs\":[\"https:\/\/www.facebook.com\/Carideal.mandataire.automobile\",\"https:\/\/x.com\/caridealauto\",\"https:\/\/www.instagram.com\/carideal1\/\",\"https:\/\/www.linkedin.com\/company\/carideal.com\",\"https:\/\/fr.pinterest.com\/schiavonsas\/\",\"https:\/\/www.youtube.com\/user\/caridealsas\"]},{\"@type\":\"Person\",\"@id\":\"https:\/\/www.carideal.com\/blog\/#\/schema\/person\/985c7e757d1042d647f21bfaf8d41ebc\",\"name\":\"N.S Carideal\",\"image\":{\"@type\":\"ImageObject\",\"inLanguage\":\"fr-FR\",\"@id\":\"https:\/\/www.carideal.com\/blog\/#\/schema\/person\/image\/\",\"url\":\"https:\/\/secure.gravatar.com\/avatar\/edb7ccdf1a4e3d14aef967760d354d0e?s=96&r=g\",\"contentUrl\":\"https:\/\/secure.gravatar.com\/avatar\/edb7ccdf1a4e3d14aef967760d354d0e?s=96&r=g\",\"caption\":\"N.S Carideal\"},\"description\":\"Depuis tout petit fan d'automobile. Il est question d'essayer et de comparer toutes ces voitures qui nous ont fait r\u00e9ver, avant que celles-ci ne devient uniquement des voitures de collection.\",\"sameAs\":[\"http:\/\/www.carideal.com\/blog\",\"https:\/\/www.facebook.com\/Carideal.mandataire.automobile\/\",\"https:\/\/www.linkedin.com\/in\/nschiavon\/\",\"https:\/\/www.youtube.com\/user\/caridealsas\/\"],\"url\":\"https:\/\/www.carideal.com\/blog\/author\/admin_carideal\/\"}]}<\/script>\n<!-- \/ Yoast SEO plugin. -->","yoast_head_json":{"title":"BMW I3 pr\u00eate \u00e0 la commercialisation - Blog auto Carid\u00e9al","robots":{"index":"index","follow":"follow","max-snippet":"max-snippet:-1","max-image-preview":"max-image-preview:large","max-video-preview":"max-video-preview:-1"},"canonical":"https:\/\/www.carideal.com\/blog\/2013\/08\/17\/bmw-i3-prete-a-la-commercialisation\/","og_locale":"fr_FR","og_type":"article","og_title":"BMW I3 pr\u00eate \u00e0 la commercialisation - Blog auto Carid\u00e9al","og_description":"Nouvelle BMW I3 100% \u00e9lectrique La nouvelle voiture 100% \u00e9lectrique de BMW la I3 est presque pr\u00eate \u00e0 \u00eatre commercialis\u00e9 \u00e0 partir de Novembre. BMW a d\u00e9velopp\u00e9 sa voiture sur un ch\u00e2ssis en aluminium sur lequel repose la coque en carbone. Le moteur \u00e9lectrique de 170 ch ainsi que les batteries sont log\u00e9s dans le ... Lire plus","og_url":"https:\/\/www.carideal.com\/blog\/2013\/08\/17\/bmw-i3-prete-a-la-commercialisation\/","og_site_name":"Blog auto Carid\u00e9al","article_publisher":"https:\/\/www.facebook.com\/Carideal.mandataire.automobile","article_author":"https:\/\/www.facebook.com\/Carideal.mandataire.automobile\/","article_published_time":"2013-08-17T15:39:00+00:00","og_image":[{"width":300,"height":300,"url":"https:\/\/www.carideal.com\/blog\/wp-content\/uploads\/2016\/03\/logo-carideal-mandataire-automobile.png","type":"image\/png"}],"author":"N.S Carideal","twitter_card":"summary_large_image","twitter_creator":"@caridealauto","twitter_site":"@caridealauto","twitter_misc":{"\u00c9crit par":"N.S Carideal","Dur\u00e9e de lecture estim\u00e9e":"1 minute"},"schema":{"@context":"https:\/\/schema.org","@graph":[{"@type":"Article","@id":"https:\/\/www.carideal.com\/blog\/2013\/08\/17\/bmw-i3-prete-a-la-commercialisation\/#article","isPartOf":{"@id":"https:\/\/www.carideal.com\/blog\/2013\/08\/17\/bmw-i3-prete-a-la-commercialisation\/"},"author":{"name":"N.S Carideal","@id":"https:\/\/www.carideal.com\/blog\/#\/schema\/person\/985c7e757d1042d647f21bfaf8d41ebc"},"headline":"BMW I3 pr\u00eate \u00e0 la commercialisation","datePublished":"2013-08-17T15:39:00+00:00","mainEntityOfPage":{"@id":"https:\/\/www.carideal.com\/blog\/2013\/08\/17\/bmw-i3-prete-a-la-commercialisation\/"},"wordCount":143,"commentCount":0,"publisher":{"@id":"https:\/\/www.carideal.com\/blog\/#organization"},"articleSection":["Ecologie"],"inLanguage":"fr-FR","potentialAction":[{"@type":"CommentAction","name":"Comment","target":["https:\/\/www.carideal.com\/blog\/2013\/08\/17\/bmw-i3-prete-a-la-commercialisation\/#respond"]}]},{"@type":"WebPage","@id":"https:\/\/www.carideal.com\/blog\/2013\/08\/17\/bmw-i3-prete-a-la-commercialisation\/","url":"https:\/\/www.carideal.com\/blog\/2013\/08\/17\/bmw-i3-prete-a-la-commercialisation\/","name":"BMW I3 pr\u00eate \u00e0 la commercialisation - Blog auto Carid\u00e9al","isPartOf":{"@id":"https:\/\/www.carideal.com\/blog\/#website"},"datePublished":"2013-08-17T15:39:00+00:00","breadcrumb":{"@id":"https:\/\/www.carideal.com\/blog\/2013\/08\/17\/bmw-i3-prete-a-la-commercialisation\/#breadcrumb"},"inLanguage":"fr-FR","potentialAction":[{"@type":"ReadAction","target":["https:\/\/www.carideal.com\/blog\/2013\/08\/17\/bmw-i3-prete-a-la-commercialisation\/"]}]},{"@type":"BreadcrumbList","@id":"https:\/\/www.carideal.com\/blog\/2013\/08\/17\/bmw-i3-prete-a-la-commercialisation\/#breadcrumb","itemListElement":[{"@type":"ListItem","position":1,"name":"Blog Carid\u00e9al","item":"https:\/\/www.carideal.com\/blog\/"},{"@type":"ListItem","position":2,"name":"Ecologie","item":"https:\/\/www.carideal.com\/blog\/ecologie\/"},{"@type":"ListItem","position":3,"name":"BMW I3 pr\u00eate \u00e0 la commercialisation"}]},{"@type":"WebSite","@id":"https:\/\/www.carideal.com\/blog\/#website","url":"https:\/\/www.carideal.com\/blog\/","name":"Blog auto Carid\u00e9al","description":"Actualit\u00e9 auto par des passionn\u00e9s","publisher":{"@id":"https:\/\/www.carideal.com\/blog\/#organization"},"potentialAction":[{"@type":"SearchAction","target":{"@type":"EntryPoint","urlTemplate":"https:\/\/www.carideal.com\/blog\/?s={search_term_string}"},"query-input":{"@type":"PropertyValueSpecification","valueRequired":true,"valueName":"search_term_string"}}],"inLanguage":"fr-FR"},{"@type":"Organization","@id":"https:\/\/www.carideal.com\/blog\/#organization","name":"Carideal","url":"https:\/\/www.carideal.com\/blog\/","logo":{"@type":"ImageObject","inLanguage":"fr-FR","@id":"https:\/\/www.carideal.com\/blog\/#\/schema\/logo\/image\/","url":"http:\/\/www.carideal.com\/blog\/wp-content\/uploads\/2016\/03\/logo-carideal-mandataire-automobile.png","contentUrl":"http:\/\/www.carideal.com\/blog\/wp-content\/uploads\/2016\/03\/logo-carideal-mandataire-automobile.png","width":300,"height":300,"caption":"Carideal"},"image":{"@id":"https:\/\/www.carideal.com\/blog\/#\/schema\/logo\/image\/"},"sameAs":["https:\/\/www.facebook.com\/Carideal.mandataire.automobile","https:\/\/x.com\/caridealauto","https:\/\/www.instagram.com\/carideal1\/","https:\/\/www.linkedin.com\/company\/carideal.com","https:\/\/fr.pinterest.com\/schiavonsas\/","https:\/\/www.youtube.com\/user\/caridealsas"]},{"@type":"Person","@id":"https:\/\/www.carideal.com\/blog\/#\/schema\/person\/985c7e757d1042d647f21bfaf8d41ebc","name":"N.S Carideal","image":{"@type":"ImageObject","inLanguage":"fr-FR","@id":"https:\/\/www.carideal.com\/blog\/#\/schema\/person\/image\/","url":"https:\/\/secure.gravatar.com\/avatar\/edb7ccdf1a4e3d14aef967760d354d0e?s=96&r=g","contentUrl":"https:\/\/secure.gravatar.com\/avatar\/edb7ccdf1a4e3d14aef967760d354d0e?s=96&r=g","caption":"N.S Carideal"},"description":"Depuis tout petit fan d'automobile. Il est question d'essayer et de comparer toutes ces voitures qui nous ont fait r\u00e9ver, avant que celles-ci ne devient uniquement des voitures de collection.","sameAs":["http:\/\/www.carideal.com\/blog","https:\/\/www.facebook.com\/Carideal.mandataire.automobile\/","https:\/\/www.linkedin.com\/in\/nschiavon\/","https:\/\/www.youtube.com\/user\/caridealsas\/"],"url":"https:\/\/www.carideal.com\/blog\/author\/admin_carideal\/"}]}},"uagb_featured_image_src":{"full":false,"thumbnail":false,"medium":false,"medium_large":false,"large":false,"1536x1536":false,"2048x2048":false,"wppr-widget":false},"uagb_author_info":{"display_name":"N.S Carideal","author_link":"https:\/\/www.carideal.com\/blog\/author\/admin_carideal\/"},"uagb_comment_info":0,"uagb_excerpt":"Nouvelle BMW I3 100% \u00e9lectrique La nouvelle voiture 100% \u00e9lectrique de BMW la I3 est presque pr\u00eate \u00e0 \u00eatre commercialis\u00e9 \u00e0 partir de Novembre. BMW a d\u00e9velopp\u00e9 sa voiture sur un ch\u00e2ssis en aluminium sur lequel repose la coque en carbone. Le moteur \u00e9lectrique de 170 ch ainsi que les batteries sont log\u00e9s dans le\u2026","_links":{"self":[{"href":"https:\/\/www.carideal.com\/blog\/wp-json\/wp\/v2\/posts\/297"}],"collection":[{"href":"https:\/\/www.carideal.com\/blog\/wp-json\/wp\/v2\/posts"}],"about":[{"href":"https:\/\/www.carideal.com\/blog\/wp-json\/wp\/v2\/types\/post"}],"author":[{"embeddable":true,"href":"https:\/\/www.carideal.com\/blog\/wp-json\/wp\/v2\/users\/1"}],"replies":[{"embeddable":true,"href":"https:\/\/www.carideal.com\/blog\/wp-json\/wp\/v2\/comments?post=297"}],"version-history":[{"count":0,"href":"https:\/\/www.carideal.com\/blog\/wp-json\/wp\/v2\/posts\/297\/revisions"}],"wp:attachment":[{"href":"https:\/\/www.carideal.com\/blog\/wp-json\/wp\/v2\/media?parent=297"}],"wp:term":[{"taxonomy":"category","embeddable":true,"href":"https:\/\/www.carideal.com\/blog\/wp-json\/wp\/v2\/categories?post=297"},{"taxonomy":"post_tag","embeddable":true,"href":"https:\/\/www.carideal.com\/blog\/wp-json\/wp\/v2\/tags?post=297"}],"curies":[{"name":"wp","href":"https:\/\/api.w.org\/{rel}","templated":true}]}}