{"id":295,"date":"2013-08-14T06:50:00","date_gmt":"2013-08-14T06:50:00","guid":{"rendered":"http:\/\/carideal.com\/blog\/?p=295"},"modified":"2020-03-07T16:47:32","modified_gmt":"2020-03-07T15:47:32","slug":"monaco-eco-luxury-tour","status":"publish","type":"post","link":"https:\/\/www.carideal.com\/blog\/2013\/08\/14\/monaco-eco-luxury-tour\/","title":{"rendered":"Monaco Eco Luxury Tour 2013"},"content":{"rendered":"<h1><strong>Monaco Eco Luxury Tour 2013<\/strong><\/h1>\n<p>L'ouverture officielle de la 7 \u00e8me \u00e9dition d'EVER MONACO sera marqu\u00e9e par un \u00e9v\u00e9nement unique: le MONACO ECO LUXURY TOUR 2013. Le MONACO ECO LUXURY TOUR, un \u00e9v\u00e9nement prestigieux dans une classe qui lui est propre, offrira aux visiteurs la possibilit\u00e9 de d\u00e9couvrir des v\u00e9hicules exceptionnels respectueux de l'environnement: <a href=\"http:\/\/www.carideal.com\/blog\/type-de-vehicule\/protypes\/\" target=\"_blank\" rel=\"noopener noreferrer\">prototypes<\/a>, <a href=\"http:\/\/www.carideal.com\/blog\/type-de-vehicule\/supercar\/\" target=\"_blank\" rel=\"noopener noreferrer\">supercars<\/a> et GT.<\/p>\n<p>Ouverte, sur invitation officielle, \u00e0 des v\u00e9hicules exceptionnels, le MONACO ECO LUXURY TOUR 2013 parcourra les rues du Rocher, marquant le point culminant de la premi\u00e8re journ\u00e9e du spectacle et arrivera au Grimaldi Forum \u00e0 15 h pour la s\u00e9ance pl\u00e9ni\u00e8re d'ouverture Pr\u00e9sid\u00e9 par SAS\u00a0Prince Albert II.<\/p>\n<p>Une Mercedes SLS AMG \u00e9lectrique, une Fisker Karma, Une Honda FCX Clarity \u00e0 pile \u00e0 combustible, un v\u00e9hicule du p\u00f4le performance de Magny-cours, une Exagon Furtive E-GT et une Ventury Volage \u00e9taient pr\u00e9sent\u00e9es \u00e0 Monaco. SAS le Prince Albert II de Monaco a d'ailleurs eu la chance de pouvoir conduire la Mercedes pour se rendre \u00e0 l'ouverture du Monaco Eco Luxury Tour.<\/p>\n Monaco Eco Luxury Tour 2013\n<h2>Une belle Brochette de supercars \u00e9lectriques devant le palais princier<\/h2>\n<h3>Mercedes SLS AMG \u00e9lectrique<\/h3>\n<p>La puissance de 751 chevaux de la <a href=\"http:\/\/www.carideal.com\/blog\/2011\/02\/09\/mercedes-sls-amg-e-cell\/\" target=\"_blank\" rel=\"noopener noreferrer\">Mercedes SLS AMG \u00e9lectrique<\/a> est combin\u00e9e \u00e0 un incroyable couple de 1 000 Nm et promet des performances foudroyante\u00a0: le 0 \u00e0 100 km\/h est annonc\u00e9 en 3,9 secondes\u2026\u00a0La SLS AMG Electric Drive est dot\u00e9e d\u2019une autonomie d\u2019environ 250 km, gr\u00e2ce \u00e0 une batterie au lithium-ion de 60 kWh.<\/p>\n<h3>Fisker Karma<\/h3>\n<p>La Fisker Karma\u00a0est anim\u00e9e par une motorisation hybride rechargeable : un moteur thermique et deux moteurs \u00e9lectriques install\u00e9s dans les roues arri\u00e8re.\u00a0La Fisker Karma d\u00e9livre une puissance cumul\u00e9e de 403 ch pour une consommation de seulement 2,2 l\/100 km !<\/p>\n<h3>Honda FCX Clarity<\/h3>\n<p>La Honda FCX Clarity est une grande berline \u00e0 moteur \u00e9lectrique aliment\u00e9 par une pile \u00e0 combustible.<\/p>\n<h3>Exagon Furtive E-GT<\/h3>\n<p>La Furtive e-GT est une supercar Fran\u00e7aise fa\u00e7on \u00ab Haute couture \u00bb fabriqu\u00e9e \u00e0 Magny Cours et qui a \u00e9t\u00e9 pr\u00e9sent\u00e9e lors du salon de Gen\u00e8ve 2013.<\/p>\n<p>La supet GT est 100 % \u00e9lectrique, et\u00a0embarque 440 kg de batteries. La Furtive e-GT est \u00e9quip\u00e9e de deux moteurs \u00e9lectriques Siemens pour propulser\u00a0les roues\u00a0arri\u00e8re avec une puissance de 402 ch et 516 Nm de couple au d\u00e9marrage. Le Constructeur annonce une autonomie de 310 \u00e0 360 km, mais en utilisation intensive celle-ci peut descendre \u00e0 80 km, et donc dans les conditions les plus d\u00e9favorables. La voiture devrait \u00eatre livrable \u00e0 partir de la fin de l'ann\u00e9e, au prix de\u00a0338 000 \u20ac H.T.<\/p>\n<h3>Ventury Volage<\/h3>\n<p>A ma connaissance la Venturi Volage n'a pas d'\u00e9quivalent au monde : elle porte des innovations qui ont permis de r\u00e9aliser des changements radicaux pour ce qui concerne l'architecture du v\u00e9hicule, son\u00a0style, son\u00a0comportement dynamique hyper innovant. La conception de la voiture a \u00e9t\u00e9 enti\u00e8rement pens\u00e9e. La venturi Volage dispose de 4 roues motrices \u00e0 suspension active, utilisant la technologie \u00ab Michelin Active Wheel \u00bb qui incorpore 2 moteurs \u00e9lectriques par roue (1 pour la suspension et 1 pour la propulsion). La voiture est ainsi \u00e9quip\u00e9e de 8 moteurs \u00e9lectriques pilot\u00e9s en temps r\u00e9el par une \u00e9lectronique de pointe. La Venturi Volage n'a pas d'\u00e9quivalent au monde.<\/p>\n<p>Toutes les informations sur le Monaco Eco Luxury Tour sur <a href=\"http:\/\/www.ever-monaco.com\/\" target=\"_blank\" rel=\"noopener noreferrer\">http:\/\/www.ever-monaco.com\/<\/a><\/p>\n","protected":false},"excerpt":{"rendered":"<p>Monaco Eco Luxury Tour 2013 L&rsquo;ouverture officielle de la 7 \u00e8me \u00e9dition d&rsquo;EVER MONACO sera marqu\u00e9e par un \u00e9v\u00e9nement unique: le MONACO ECO LUXURY TOUR 2013. Le MONACO ECO LUXURY TOUR, un \u00e9v\u00e9nement prestigieux dans une classe qui lui est propre, offrira aux visiteurs la possibilit\u00e9 de d\u00e9couvrir des v\u00e9hicules exceptionnels respectueux de l&rsquo;environnement: prototypes, &#8230; <a title=\"Monaco Eco Luxury Tour 2013\" class=\"read-more\" href=\"https:\/\/www.carideal.com\/blog\/2013\/08\/14\/monaco-eco-luxury-tour\/\" aria-label=\"En savoir plus sur Monaco Eco Luxury Tour 2013\">Lire plus<\/a><\/p>\n","protected":false},"author":1,"featured_media":14613,"comment_status":"open","ping_status":"open","sticky":false,"template":"","format":"standard","meta":{"_uag_custom_page_level_css":"","_themeisle_gutenberg_block_has_review":false,"footnotes":""},"categories":[21,6,5983,5998,6000,5080,5974,5970,6089,6191],"tags":[],"class_list":["post-295","post","type-post","status-publish","format-standard","has-post-thumbnail","hentry","category-actualites-auto","category-ecologie","category-protypes","category-sportive","category-supercar","category-technologie-2","category-type-de-vehicule","category-electrique-technologie-2","category-hybride","category-voiture-hydrogene"],"wppr_data":{"cwp_meta_box_check":"No"},"yoast_head":"<!-- This site is optimized with the Yoast SEO plugin v24.8.1 - https:\/\/yoast.com\/wordpress\/plugins\/seo\/ -->\n<title>Monaco Eco Luxury Tour 2013 - Blog auto Carid\u00e9al<\/title>\n<meta name=\"description\" content=\"L&#039;ouverture officielle de la 7 \u00e8me \u00e9dition d&#039;EVER MONACO sera marqu\u00e9e par un \u00e9v\u00e9nement unique: le MONACO ECO LUXURY TOUR 2013\" \/>\n<meta name=\"robots\" content=\"index, follow, max-snippet:-1, max-image-preview:large, max-video-preview:-1\" \/>\n<link rel=\"canonical\" href=\"https:\/\/www.carideal.com\/blog\/2013\/08\/14\/monaco-eco-luxury-tour\/\" \/>\n<meta property=\"og:locale\" content=\"fr_FR\" \/>\n<meta property=\"og:type\" content=\"article\" \/>\n<meta property=\"og:title\" content=\"Monaco Eco Luxury Tour 2013 - Blog auto Carid\u00e9al\" \/>\n<meta property=\"og:description\" content=\"L&#039;ouverture officielle de la 7 \u00e8me \u00e9dition d&#039;EVER MONACO sera marqu\u00e9e par un \u00e9v\u00e9nement unique: le MONACO ECO LUXURY TOUR 2013\" \/>\n<meta property=\"og:url\" content=\"https:\/\/www.carideal.com\/blog\/2013\/08\/14\/monaco-eco-luxury-tour\/\" \/>\n<meta property=\"og:site_name\" content=\"Blog auto Carid\u00e9al\" \/>\n<meta property=\"article:publisher\" content=\"https:\/\/www.facebook.com\/Carideal.mandataire.automobile\" \/>\n<meta property=\"article:author\" content=\"https:\/\/www.facebook.com\/Carideal.mandataire.automobile\/\" \/>\n<meta property=\"article:published_time\" content=\"2013-08-14T06:50:00+00:00\" \/>\n<meta property=\"article:modified_time\" content=\"2020-03-07T15:47:32+00:00\" \/>\n<meta property=\"og:image\" content=\"https:\/\/www.carideal.com\/blog\/wp-content\/uploads\/2013\/08\/Ever-Monaco-2013-SLS-AMG.jpg\" \/>\n\t<meta property=\"og:image:width\" content=\"620\" \/>\n\t<meta property=\"og:image:height\" content=\"540\" \/>\n\t<meta property=\"og:image:type\" content=\"image\/jpeg\" \/>\n<meta name=\"author\" content=\"N.S Carideal\" \/>\n<meta name=\"twitter:card\" content=\"summary_large_image\" \/>\n<meta name=\"twitter:creator\" content=\"@caridealauto\" \/>\n<meta name=\"twitter:site\" content=\"@caridealauto\" \/>\n<meta name=\"twitter:label1\" content=\"\u00c9crit par\" \/>\n\t<meta name=\"twitter:data1\" content=\"N.S Carideal\" \/>\n\t<meta name=\"twitter:label2\" content=\"Dur\u00e9e de lecture estim\u00e9e\" \/>\n\t<meta name=\"twitter:data2\" content=\"3 minutes\" \/>\n<script type=\"application\/ld+json\" class=\"yoast-schema-graph\">{\"@context\":\"https:\/\/schema.org\",\"@graph\":[{\"@type\":\"Article\",\"@id\":\"https:\/\/www.carideal.com\/blog\/2013\/08\/14\/monaco-eco-luxury-tour\/#article\",\"isPartOf\":{\"@id\":\"https:\/\/www.carideal.com\/blog\/2013\/08\/14\/monaco-eco-luxury-tour\/\"},\"author\":{\"name\":\"N.S Carideal\",\"@id\":\"https:\/\/www.carideal.com\/blog\/#\/schema\/person\/985c7e757d1042d647f21bfaf8d41ebc\"},\"headline\":\"Monaco Eco Luxury Tour 2013\",\"datePublished\":\"2013-08-14T06:50:00+00:00\",\"dateModified\":\"2020-03-07T15:47:32+00:00\",\"mainEntityOfPage\":{\"@id\":\"https:\/\/www.carideal.com\/blog\/2013\/08\/14\/monaco-eco-luxury-tour\/\"},\"wordCount\":552,\"commentCount\":0,\"publisher\":{\"@id\":\"https:\/\/www.carideal.com\/blog\/#organization\"},\"image\":{\"@id\":\"https:\/\/www.carideal.com\/blog\/2013\/08\/14\/monaco-eco-luxury-tour\/#primaryimage\"},\"thumbnailUrl\":\"https:\/\/www.carideal.com\/blog\/wp-content\/uploads\/2013\/08\/Ever-Monaco-2013-SLS-AMG.jpg\",\"articleSection\":[\"Actualit\u00e9 automobile\",\"Ecologie\",\"Prototype voiture\",\"Sportive\",\"Supercar\",\"Technologie Automobile\",\"Type de v\u00e9hicule\",\"Voiture \u00e9lectrique\",\"Voiture Hybride\",\"Voiture hydrogene\"],\"inLanguage\":\"fr-FR\",\"potentialAction\":[{\"@type\":\"CommentAction\",\"name\":\"Comment\",\"target\":[\"https:\/\/www.carideal.com\/blog\/2013\/08\/14\/monaco-eco-luxury-tour\/#respond\"]}]},{\"@type\":\"WebPage\",\"@id\":\"https:\/\/www.carideal.com\/blog\/2013\/08\/14\/monaco-eco-luxury-tour\/\",\"url\":\"https:\/\/www.carideal.com\/blog\/2013\/08\/14\/monaco-eco-luxury-tour\/\",\"name\":\"Monaco Eco Luxury Tour 2013 - Blog auto Carid\u00e9al\",\"isPartOf\":{\"@id\":\"https:\/\/www.carideal.com\/blog\/#website\"},\"primaryImageOfPage\":{\"@id\":\"https:\/\/www.carideal.com\/blog\/2013\/08\/14\/monaco-eco-luxury-tour\/#primaryimage\"},\"image\":{\"@id\":\"https:\/\/www.carideal.com\/blog\/2013\/08\/14\/monaco-eco-luxury-tour\/#primaryimage\"},\"thumbnailUrl\":\"https:\/\/www.carideal.com\/blog\/wp-content\/uploads\/2013\/08\/Ever-Monaco-2013-SLS-AMG.jpg\",\"datePublished\":\"2013-08-14T06:50:00+00:00\",\"dateModified\":\"2020-03-07T15:47:32+00:00\",\"description\":\"L'ouverture officielle de la 7 \u00e8me \u00e9dition d'EVER MONACO sera marqu\u00e9e par un \u00e9v\u00e9nement unique: le MONACO ECO LUXURY TOUR 2013\",\"breadcrumb\":{\"@id\":\"https:\/\/www.carideal.com\/blog\/2013\/08\/14\/monaco-eco-luxury-tour\/#breadcrumb\"},\"inLanguage\":\"fr-FR\",\"potentialAction\":[{\"@type\":\"ReadAction\",\"target\":[\"https:\/\/www.carideal.com\/blog\/2013\/08\/14\/monaco-eco-luxury-tour\/\"]}]},{\"@type\":\"ImageObject\",\"inLanguage\":\"fr-FR\",\"@id\":\"https:\/\/www.carideal.com\/blog\/2013\/08\/14\/monaco-eco-luxury-tour\/#primaryimage\",\"url\":\"https:\/\/www.carideal.com\/blog\/wp-content\/uploads\/2013\/08\/Ever-Monaco-2013-SLS-AMG.jpg\",\"contentUrl\":\"https:\/\/www.carideal.com\/blog\/wp-content\/uploads\/2013\/08\/Ever-Monaco-2013-SLS-AMG.jpg\",\"width\":620,\"height\":540,\"caption\":\"Monaco eco luxury car 2013\"},{\"@type\":\"BreadcrumbList\",\"@id\":\"https:\/\/www.carideal.com\/blog\/2013\/08\/14\/monaco-eco-luxury-tour\/#breadcrumb\",\"itemListElement\":[{\"@type\":\"ListItem\",\"position\":1,\"name\":\"Blog Carid\u00e9al\",\"item\":\"https:\/\/www.carideal.com\/blog\/\"},{\"@type\":\"ListItem\",\"position\":2,\"name\":\"Actualit\u00e9 automobile\",\"item\":\"https:\/\/www.carideal.com\/blog\/actualites-auto\/\"},{\"@type\":\"ListItem\",\"position\":3,\"name\":\"Monaco Eco Luxury Tour 2013\"}]},{\"@type\":\"WebSite\",\"@id\":\"https:\/\/www.carideal.com\/blog\/#website\",\"url\":\"https:\/\/www.carideal.com\/blog\/\",\"name\":\"Blog auto Carid\u00e9al\",\"description\":\"Actualit\u00e9 auto par des passionn\u00e9s\",\"publisher\":{\"@id\":\"https:\/\/www.carideal.com\/blog\/#organization\"},\"potentialAction\":[{\"@type\":\"SearchAction\",\"target\":{\"@type\":\"EntryPoint\",\"urlTemplate\":\"https:\/\/www.carideal.com\/blog\/?s={search_term_string}\"},\"query-input\":{\"@type\":\"PropertyValueSpecification\",\"valueRequired\":true,\"valueName\":\"search_term_string\"}}],\"inLanguage\":\"fr-FR\"},{\"@type\":\"Organization\",\"@id\":\"https:\/\/www.carideal.com\/blog\/#organization\",\"name\":\"Carideal\",\"url\":\"https:\/\/www.carideal.com\/blog\/\",\"logo\":{\"@type\":\"ImageObject\",\"inLanguage\":\"fr-FR\",\"@id\":\"https:\/\/www.carideal.com\/blog\/#\/schema\/logo\/image\/\",\"url\":\"http:\/\/www.carideal.com\/blog\/wp-content\/uploads\/2016\/03\/logo-carideal-mandataire-automobile.png\",\"contentUrl\":\"http:\/\/www.carideal.com\/blog\/wp-content\/uploads\/2016\/03\/logo-carideal-mandataire-automobile.png\",\"width\":300,\"height\":300,\"caption\":\"Carideal\"},\"image\":{\"@id\":\"https:\/\/www.carideal.com\/blog\/#\/schema\/logo\/image\/\"},\"sameAs\":[\"https:\/\/www.facebook.com\/Carideal.mandataire.automobile\",\"https:\/\/x.com\/caridealauto\",\"https:\/\/www.instagram.com\/carideal1\/\",\"https:\/\/www.linkedin.com\/company\/carideal.com\",\"https:\/\/fr.pinterest.com\/schiavonsas\/\",\"https:\/\/www.youtube.com\/user\/caridealsas\"]},{\"@type\":\"Person\",\"@id\":\"https:\/\/www.carideal.com\/blog\/#\/schema\/person\/985c7e757d1042d647f21bfaf8d41ebc\",\"name\":\"N.S Carideal\",\"image\":{\"@type\":\"ImageObject\",\"inLanguage\":\"fr-FR\",\"@id\":\"https:\/\/www.carideal.com\/blog\/#\/schema\/person\/image\/\",\"url\":\"https:\/\/secure.gravatar.com\/avatar\/edb7ccdf1a4e3d14aef967760d354d0e?s=96&r=g\",\"contentUrl\":\"https:\/\/secure.gravatar.com\/avatar\/edb7ccdf1a4e3d14aef967760d354d0e?s=96&r=g\",\"caption\":\"N.S Carideal\"},\"description\":\"Depuis tout petit fan d'automobile. Il est question d'essayer et de comparer toutes ces voitures qui nous ont fait r\u00e9ver, avant que celles-ci ne devient uniquement des voitures de collection.\",\"sameAs\":[\"http:\/\/www.carideal.com\/blog\",\"https:\/\/www.facebook.com\/Carideal.mandataire.automobile\/\",\"https:\/\/www.linkedin.com\/in\/nschiavon\/\",\"https:\/\/www.youtube.com\/user\/caridealsas\/\"],\"url\":\"https:\/\/www.carideal.com\/blog\/author\/admin_carideal\/\"}]}<\/script>\n<!-- \/ Yoast SEO plugin. -->","yoast_head_json":{"title":"Monaco Eco Luxury Tour 2013 - Blog auto Carid\u00e9al","description":"L'ouverture officielle de la 7 \u00e8me \u00e9dition d'EVER MONACO sera marqu\u00e9e par un \u00e9v\u00e9nement unique: le MONACO ECO LUXURY TOUR 2013","robots":{"index":"index","follow":"follow","max-snippet":"max-snippet:-1","max-image-preview":"max-image-preview:large","max-video-preview":"max-video-preview:-1"},"canonical":"https:\/\/www.carideal.com\/blog\/2013\/08\/14\/monaco-eco-luxury-tour\/","og_locale":"fr_FR","og_type":"article","og_title":"Monaco Eco Luxury Tour 2013 - Blog auto Carid\u00e9al","og_description":"L'ouverture officielle de la 7 \u00e8me \u00e9dition d'EVER MONACO sera marqu\u00e9e par un \u00e9v\u00e9nement unique: le MONACO ECO LUXURY TOUR 2013","og_url":"https:\/\/www.carideal.com\/blog\/2013\/08\/14\/monaco-eco-luxury-tour\/","og_site_name":"Blog auto Carid\u00e9al","article_publisher":"https:\/\/www.facebook.com\/Carideal.mandataire.automobile","article_author":"https:\/\/www.facebook.com\/Carideal.mandataire.automobile\/","article_published_time":"2013-08-14T06:50:00+00:00","article_modified_time":"2020-03-07T15:47:32+00:00","og_image":[{"width":620,"height":540,"url":"https:\/\/www.carideal.com\/blog\/wp-content\/uploads\/2013\/08\/Ever-Monaco-2013-SLS-AMG.jpg","type":"image\/jpeg"}],"author":"N.S Carideal","twitter_card":"summary_large_image","twitter_creator":"@caridealauto","twitter_site":"@caridealauto","twitter_misc":{"\u00c9crit par":"N.S Carideal","Dur\u00e9e de lecture estim\u00e9e":"3 minutes"},"schema":{"@context":"https:\/\/schema.org","@graph":[{"@type":"Article","@id":"https:\/\/www.carideal.com\/blog\/2013\/08\/14\/monaco-eco-luxury-tour\/#article","isPartOf":{"@id":"https:\/\/www.carideal.com\/blog\/2013\/08\/14\/monaco-eco-luxury-tour\/"},"author":{"name":"N.S Carideal","@id":"https:\/\/www.carideal.com\/blog\/#\/schema\/person\/985c7e757d1042d647f21bfaf8d41ebc"},"headline":"Monaco Eco Luxury Tour 2013","datePublished":"2013-08-14T06:50:00+00:00","dateModified":"2020-03-07T15:47:32+00:00","mainEntityOfPage":{"@id":"https:\/\/www.carideal.com\/blog\/2013\/08\/14\/monaco-eco-luxury-tour\/"},"wordCount":552,"commentCount":0,"publisher":{"@id":"https:\/\/www.carideal.com\/blog\/#organization"},"image":{"@id":"https:\/\/www.carideal.com\/blog\/2013\/08\/14\/monaco-eco-luxury-tour\/#primaryimage"},"thumbnailUrl":"https:\/\/www.carideal.com\/blog\/wp-content\/uploads\/2013\/08\/Ever-Monaco-2013-SLS-AMG.jpg","articleSection":["Actualit\u00e9 automobile","Ecologie","Prototype voiture","Sportive","Supercar","Technologie Automobile","Type de v\u00e9hicule","Voiture \u00e9lectrique","Voiture Hybride","Voiture hydrogene"],"inLanguage":"fr-FR","potentialAction":[{"@type":"CommentAction","name":"Comment","target":["https:\/\/www.carideal.com\/blog\/2013\/08\/14\/monaco-eco-luxury-tour\/#respond"]}]},{"@type":"WebPage","@id":"https:\/\/www.carideal.com\/blog\/2013\/08\/14\/monaco-eco-luxury-tour\/","url":"https:\/\/www.carideal.com\/blog\/2013\/08\/14\/monaco-eco-luxury-tour\/","name":"Monaco Eco Luxury Tour 2013 - Blog auto Carid\u00e9al","isPartOf":{"@id":"https:\/\/www.carideal.com\/blog\/#website"},"primaryImageOfPage":{"@id":"https:\/\/www.carideal.com\/blog\/2013\/08\/14\/monaco-eco-luxury-tour\/#primaryimage"},"image":{"@id":"https:\/\/www.carideal.com\/blog\/2013\/08\/14\/monaco-eco-luxury-tour\/#primaryimage"},"thumbnailUrl":"https:\/\/www.carideal.com\/blog\/wp-content\/uploads\/2013\/08\/Ever-Monaco-2013-SLS-AMG.jpg","datePublished":"2013-08-14T06:50:00+00:00","dateModified":"2020-03-07T15:47:32+00:00","description":"L'ouverture officielle de la 7 \u00e8me \u00e9dition d'EVER MONACO sera marqu\u00e9e par un \u00e9v\u00e9nement unique: le MONACO ECO LUXURY TOUR 2013","breadcrumb":{"@id":"https:\/\/www.carideal.com\/blog\/2013\/08\/14\/monaco-eco-luxury-tour\/#breadcrumb"},"inLanguage":"fr-FR","potentialAction":[{"@type":"ReadAction","target":["https:\/\/www.carideal.com\/blog\/2013\/08\/14\/monaco-eco-luxury-tour\/"]}]},{"@type":"ImageObject","inLanguage":"fr-FR","@id":"https:\/\/www.carideal.com\/blog\/2013\/08\/14\/monaco-eco-luxury-tour\/#primaryimage","url":"https:\/\/www.carideal.com\/blog\/wp-content\/uploads\/2013\/08\/Ever-Monaco-2013-SLS-AMG.jpg","contentUrl":"https:\/\/www.carideal.com\/blog\/wp-content\/uploads\/2013\/08\/Ever-Monaco-2013-SLS-AMG.jpg","width":620,"height":540,"caption":"Monaco eco luxury car 2013"},{"@type":"BreadcrumbList","@id":"https:\/\/www.carideal.com\/blog\/2013\/08\/14\/monaco-eco-luxury-tour\/#breadcrumb","itemListElement":[{"@type":"ListItem","position":1,"name":"Blog Carid\u00e9al","item":"https:\/\/www.carideal.com\/blog\/"},{"@type":"ListItem","position":2,"name":"Actualit\u00e9 automobile","item":"https:\/\/www.carideal.com\/blog\/actualites-auto\/"},{"@type":"ListItem","position":3,"name":"Monaco Eco Luxury Tour 2013"}]},{"@type":"WebSite","@id":"https:\/\/www.carideal.com\/blog\/#website","url":"https:\/\/www.carideal.com\/blog\/","name":"Blog auto Carid\u00e9al","description":"Actualit\u00e9 auto par des passionn\u00e9s","publisher":{"@id":"https:\/\/www.carideal.com\/blog\/#organization"},"potentialAction":[{"@type":"SearchAction","target":{"@type":"EntryPoint","urlTemplate":"https:\/\/www.carideal.com\/blog\/?s={search_term_string}"},"query-input":{"@type":"PropertyValueSpecification","valueRequired":true,"valueName":"search_term_string"}}],"inLanguage":"fr-FR"},{"@type":"Organization","@id":"https:\/\/www.carideal.com\/blog\/#organization","name":"Carideal","url":"https:\/\/www.carideal.com\/blog\/","logo":{"@type":"ImageObject","inLanguage":"fr-FR","@id":"https:\/\/www.carideal.com\/blog\/#\/schema\/logo\/image\/","url":"http:\/\/www.carideal.com\/blog\/wp-content\/uploads\/2016\/03\/logo-carideal-mandataire-automobile.png","contentUrl":"http:\/\/www.carideal.com\/blog\/wp-content\/uploads\/2016\/03\/logo-carideal-mandataire-automobile.png","width":300,"height":300,"caption":"Carideal"},"image":{"@id":"https:\/\/www.carideal.com\/blog\/#\/schema\/logo\/image\/"},"sameAs":["https:\/\/www.facebook.com\/Carideal.mandataire.automobile","https:\/\/x.com\/caridealauto","https:\/\/www.instagram.com\/carideal1\/","https:\/\/www.linkedin.com\/company\/carideal.com","https:\/\/fr.pinterest.com\/schiavonsas\/","https:\/\/www.youtube.com\/user\/caridealsas"]},{"@type":"Person","@id":"https:\/\/www.carideal.com\/blog\/#\/schema\/person\/985c7e757d1042d647f21bfaf8d41ebc","name":"N.S Carideal","image":{"@type":"ImageObject","inLanguage":"fr-FR","@id":"https:\/\/www.carideal.com\/blog\/#\/schema\/person\/image\/","url":"https:\/\/secure.gravatar.com\/avatar\/edb7ccdf1a4e3d14aef967760d354d0e?s=96&r=g","contentUrl":"https:\/\/secure.gravatar.com\/avatar\/edb7ccdf1a4e3d14aef967760d354d0e?s=96&r=g","caption":"N.S Carideal"},"description":"Depuis tout petit fan d'automobile. Il est question d'essayer et de comparer toutes ces voitures qui nous ont fait r\u00e9ver, avant que celles-ci ne devient uniquement des voitures de collection.","sameAs":["http:\/\/www.carideal.com\/blog","https:\/\/www.facebook.com\/Carideal.mandataire.automobile\/","https:\/\/www.linkedin.com\/in\/nschiavon\/","https:\/\/www.youtube.com\/user\/caridealsas\/"],"url":"https:\/\/www.carideal.com\/blog\/author\/admin_carideal\/"}]}},"uagb_featured_image_src":{"full":["https:\/\/www.carideal.com\/blog\/wp-content\/uploads\/2013\/08\/Ever-Monaco-2013-SLS-AMG.jpg",620,540,false],"thumbnail":["https:\/\/www.carideal.com\/blog\/wp-content\/uploads\/2013\/08\/Ever-Monaco-2013-SLS-AMG-150x150.jpg",150,150,true],"medium":["https:\/\/www.carideal.com\/blog\/wp-content\/uploads\/2013\/08\/Ever-Monaco-2013-SLS-AMG-300x261.jpg",300,261,true],"medium_large":["https:\/\/www.carideal.com\/blog\/wp-content\/uploads\/2013\/08\/Ever-Monaco-2013-SLS-AMG.jpg",620,540,false],"large":["https:\/\/www.carideal.com\/blog\/wp-content\/uploads\/2013\/08\/Ever-Monaco-2013-SLS-AMG.jpg",620,540,false],"1536x1536":["https:\/\/www.carideal.com\/blog\/wp-content\/uploads\/2013\/08\/Ever-Monaco-2013-SLS-AMG.jpg",620,540,false],"2048x2048":["https:\/\/www.carideal.com\/blog\/wp-content\/uploads\/2013\/08\/Ever-Monaco-2013-SLS-AMG.jpg",620,540,false],"wppr-widget":["https:\/\/www.carideal.com\/blog\/wp-content\/uploads\/2013\/08\/Ever-Monaco-2013-SLS-AMG.jpg",50,44,false]},"uagb_author_info":{"display_name":"N.S Carideal","author_link":"https:\/\/www.carideal.com\/blog\/author\/admin_carideal\/"},"uagb_comment_info":0,"uagb_excerpt":"Monaco Eco Luxury Tour 2013 L'ouverture officielle de la 7 \u00e8me \u00e9dition d'EVER MONACO sera marqu\u00e9e par un \u00e9v\u00e9nement unique: le MONACO ECO LUXURY TOUR 2013. Le MONACO ECO LUXURY TOUR, un \u00e9v\u00e9nement prestigieux dans une classe qui lui est propre, offrira aux visiteurs la possibilit\u00e9 de d\u00e9couvrir des v\u00e9hicules exceptionnels respectueux de l'environnement: prototypes,\u2026","_links":{"self":[{"href":"https:\/\/www.carideal.com\/blog\/wp-json\/wp\/v2\/posts\/295"}],"collection":[{"href":"https:\/\/www.carideal.com\/blog\/wp-json\/wp\/v2\/posts"}],"about":[{"href":"https:\/\/www.carideal.com\/blog\/wp-json\/wp\/v2\/types\/post"}],"author":[{"embeddable":true,"href":"https:\/\/www.carideal.com\/blog\/wp-json\/wp\/v2\/users\/1"}],"replies":[{"embeddable":true,"href":"https:\/\/www.carideal.com\/blog\/wp-json\/wp\/v2\/comments?post=295"}],"version-history":[{"count":0,"href":"https:\/\/www.carideal.com\/blog\/wp-json\/wp\/v2\/posts\/295\/revisions"}],"wp:featuredmedia":[{"embeddable":true,"href":"https:\/\/www.carideal.com\/blog\/wp-json\/wp\/v2\/media\/14613"}],"wp:attachment":[{"href":"https:\/\/www.carideal.com\/blog\/wp-json\/wp\/v2\/media?parent=295"}],"wp:term":[{"taxonomy":"category","embeddable":true,"href":"https:\/\/www.carideal.com\/blog\/wp-json\/wp\/v2\/categories?post=295"},{"taxonomy":"post_tag","embeddable":true,"href":"https:\/\/www.carideal.com\/blog\/wp-json\/wp\/v2\/tags?post=295"}],"curies":[{"name":"wp","href":"https:\/\/api.w.org\/{rel}","templated":true}]}}