{"id":293,"date":"2013-07-27T20:43:00","date_gmt":"2013-07-27T20:43:00","guid":{"rendered":"http:\/\/carideal.com\/blog\/?p=293"},"modified":"2019-01-28T18:32:31","modified_gmt":"2019-01-28T17:32:31","slug":"volkswagen-xl1-concept-car-hybride","status":"publish","type":"post","link":"https:\/\/www.carideal.com\/blog\/2013\/07\/27\/volkswagen-xl1-concept-car-hybride\/","title":{"rendered":"Volkswagen XL1 concept car hybride"},"content":{"rendered":"<h2>Volkswagen XL1 concept car<\/h2>\n<p>Chaque exemplaire du <strong>Volkswagen XL1<\/strong> est fabriqu\u00e9 \u00e0 la main \u00e0 l'usine de Osnabr\u00fcck en Allemagne, l'ancienne usine du carrossier <a href=\"http:\/\/www.carideal.com\/blog\/2009\/06\/25\/karmann-ferme-faute-de-commande\/\">Karmann<\/a>, ou sont assembl\u00e9s les <a href=\"http:\/\/www.carideal.com\/blog\/2011\/06\/01\/volkswagen-golf-cabriolet-le-retour\/\">Golf Cabriolet<\/a>, et <a href=\"http:\/\/www.carideal.com\/blog\/2012\/04\/11\/porsche-boxster\/\">Porshe Boxter<\/a>. Le bicylindre de 800 cm3 qui l'\u00e9quipe est extrapol\u00e9 du 1.6 quatre cylindres. Les batteries sont mont\u00e9es juste \u00e0 l'arri\u00e8re du train avant afin d'\u00e9quilibrer les masses.<br \/>\nElle est \u00e9quip\u00e9e d'un moteur \u00e9lectrique de 27 ch, est int\u00e9gr\u00e9 \u00e0 la boite de vitesse DSG \u00e0 double embrayage e-DSG qui \u00e9quipera aussi la Golf Hybrid plug-in en 2014.<\/p>\n<ul>\n<li><a href=\"http:\/\/www.carideal.com\/blog\/2018\/12\/05\/voiture-hybride-rechargeable-peut-elle-amusante\/\">Les meilleures voitures sont elles marrantes \u00e0 conduire<\/a><\/li>\n<\/ul>\n<p>La Volkswagen XL1 est \u00e9quip\u00e9 de pneus extra minces mont\u00e9s sur des jantes en magn\u00e9sium.<br \/>\nIl sera produit en 50 exemplaires dans un premier temps puis <a href=\"http:\/\/www.carideal.com\/blog\/marque-de-voiture-actualites-essais\/volkswagen\/\">Volkswagen<\/a> verra comment aborder la suite. Il sera proposer \u00e0 la vente dans un premier temps vers les 60000 \u20ac.<br \/>\nVolkswagen annonce une consommation de 2.5 L aux 100 km.<br \/>\nVolkswagen annonce une autonomie de 550 km et 50 km en mode tout \u00e9lectrique.<\/p>\n<h2>Volkswagen XL1 Concept car hybride diesel electrique<\/h2>\n<ul>\n<li><a href=\"http:\/\/www.carideal.com\/blog\/2018\/12\/10\/voiture-hybride-ou-electrique\/\">Voitures \u00e9lectriques ou hybrides ?<\/a><\/li>\n<\/ul>\n<p>1 litre de gazole aux 100 km ! 3.89 m de long pour 1.15 m de haut. Le tandem moteur est \u00e9quip\u00e9 d\u2019un bicylindre diesel de 800 cm3 de 48 ch accoupl\u00e9 \u00e0 un moteur \u00e9lectrique de 27 ch. La puissance est transmise aux roues via une boite de vitesse \u00e0 double embrayage DSG \u00e0 7 rapports. Le choix d'une boite de vitesses 7 rappots semble surdimensionn\u00e9 par raport au moteur bicylindre de 800 cm3.<br \/>\nLa vitesse de pointe monte \u00e0 160 km\/h et on passe de 0 \u00e0 100 km\/h en 12.7 sec. Volkswagen annonce une autonomie de 550 km dont 50 km en tout \u00e9lectrique, ce qui reste faible dans l'absolue. Reste maintenant \u00e0 v\u00e9rifier les consommations et autonomie annonc\u00e9es.<\/p>\n","protected":false},"excerpt":{"rendered":"<p>Volkswagen XL1 concept car Chaque exemplaire du Volkswagen XL1 est fabriqu\u00e9 \u00e0 la main \u00e0 l&rsquo;usine de Osnabr\u00fcck en Allemagne, l&rsquo;ancienne usine du carrossier Karmann, ou sont assembl\u00e9s les Golf Cabriolet, et Porshe Boxter. Le bicylindre de 800 cm3 qui l&rsquo;\u00e9quipe est extrapol\u00e9 du 1.6 quatre cylindres. Les batteries sont mont\u00e9es juste \u00e0 l&rsquo;arri\u00e8re du &#8230; <a title=\"Volkswagen XL1 concept car hybride\" class=\"read-more\" href=\"https:\/\/www.carideal.com\/blog\/2013\/07\/27\/volkswagen-xl1-concept-car-hybride\/\" aria-label=\"En savoir plus sur Volkswagen XL1 concept car hybride\">Lire plus<\/a><\/p>\n","protected":false},"author":1,"featured_media":18525,"comment_status":"open","ping_status":"open","sticky":false,"template":"","format":"standard","meta":{"_uag_custom_page_level_css":"","_themeisle_gutenberg_block_has_review":false,"footnotes":""},"categories":[5985,6,6089],"tags":[],"class_list":["post-293","post","type-post","status-publish","format-standard","has-post-thumbnail","hentry","category-volkswagen","category-ecologie","category-hybride"],"wppr_data":{"cwp_meta_box_check":"No"},"yoast_head":"<!-- This site is optimized with the Yoast SEO plugin v24.8.1 - https:\/\/yoast.com\/wordpress\/plugins\/seo\/ -->\n<title>Volkswagen XL1 concept car hybride - Blog auto Carid\u00e9al<\/title>\n<meta name=\"description\" content=\"Volkswagen se met \u00e0 l&#039;hybride diesel avec son concept car XL1. Le constructeur Allemand suit-il PSA sur cette voie ? Attention le prix du Volkswagen XL1 est de 60000 \u20ac\" \/>\n<meta name=\"robots\" content=\"index, follow, max-snippet:-1, max-image-preview:large, max-video-preview:-1\" \/>\n<link rel=\"canonical\" href=\"https:\/\/www.carideal.com\/blog\/2013\/07\/27\/volkswagen-xl1-concept-car-hybride\/\" \/>\n<meta property=\"og:locale\" content=\"fr_FR\" \/>\n<meta property=\"og:type\" content=\"article\" \/>\n<meta property=\"og:title\" content=\"Volkswagen XL1 concept car hybride - Blog auto Carid\u00e9al\" \/>\n<meta property=\"og:description\" content=\"Volkswagen se met \u00e0 l&#039;hybride diesel avec son concept car XL1. Le constructeur Allemand suit-il PSA sur cette voie ? Attention le prix du Volkswagen XL1 est de 60000 \u20ac\" \/>\n<meta property=\"og:url\" content=\"https:\/\/www.carideal.com\/blog\/2013\/07\/27\/volkswagen-xl1-concept-car-hybride\/\" \/>\n<meta property=\"og:site_name\" content=\"Blog auto Carid\u00e9al\" \/>\n<meta property=\"article:publisher\" content=\"https:\/\/www.facebook.com\/Carideal.mandataire.automobile\" \/>\n<meta property=\"article:author\" content=\"https:\/\/www.facebook.com\/Carideal.mandataire.automobile\/\" \/>\n<meta property=\"article:published_time\" content=\"2013-07-27T20:43:00+00:00\" \/>\n<meta property=\"article:modified_time\" content=\"2019-01-28T17:32:31+00:00\" \/>\n<meta property=\"og:image\" content=\"https:\/\/www.carideal.com\/blog\/wp-content\/uploads\/2013\/07\/volkswagen-xl1-concept-car-carideal-mandataire-automobile_m.jpg\" \/>\n\t<meta property=\"og:image:width\" content=\"448\" \/>\n\t<meta property=\"og:image:height\" content=\"298\" \/>\n\t<meta property=\"og:image:type\" content=\"image\/jpeg\" \/>\n<meta name=\"author\" content=\"N.S Carideal\" \/>\n<meta name=\"twitter:card\" content=\"summary_large_image\" \/>\n<meta name=\"twitter:creator\" content=\"@caridealauto\" \/>\n<meta name=\"twitter:site\" content=\"@caridealauto\" \/>\n<meta name=\"twitter:label1\" content=\"\u00c9crit par\" \/>\n\t<meta name=\"twitter:data1\" content=\"N.S Carideal\" \/>\n\t<meta name=\"twitter:label2\" content=\"Dur\u00e9e de lecture estim\u00e9e\" \/>\n\t<meta name=\"twitter:data2\" content=\"1 minute\" \/>\n<script type=\"application\/ld+json\" class=\"yoast-schema-graph\">{\"@context\":\"https:\/\/schema.org\",\"@graph\":[{\"@type\":\"Article\",\"@id\":\"https:\/\/www.carideal.com\/blog\/2013\/07\/27\/volkswagen-xl1-concept-car-hybride\/#article\",\"isPartOf\":{\"@id\":\"https:\/\/www.carideal.com\/blog\/2013\/07\/27\/volkswagen-xl1-concept-car-hybride\/\"},\"author\":{\"name\":\"N.S Carideal\",\"@id\":\"https:\/\/www.carideal.com\/blog\/#\/schema\/person\/985c7e757d1042d647f21bfaf8d41ebc\"},\"headline\":\"Volkswagen XL1 concept car hybride\",\"datePublished\":\"2013-07-27T20:43:00+00:00\",\"dateModified\":\"2019-01-28T17:32:31+00:00\",\"mainEntityOfPage\":{\"@id\":\"https:\/\/www.carideal.com\/blog\/2013\/07\/27\/volkswagen-xl1-concept-car-hybride\/\"},\"wordCount\":281,\"commentCount\":0,\"publisher\":{\"@id\":\"https:\/\/www.carideal.com\/blog\/#organization\"},\"image\":{\"@id\":\"https:\/\/www.carideal.com\/blog\/2013\/07\/27\/volkswagen-xl1-concept-car-hybride\/#primaryimage\"},\"thumbnailUrl\":\"https:\/\/www.carideal.com\/blog\/wp-content\/uploads\/2013\/07\/volkswagen-xl1-concept-car-carideal-mandataire-automobile_m.jpg\",\"articleSection\":[\"Actualit\u00e9 Volkswagen\",\"Ecologie\",\"Voiture Hybride\"],\"inLanguage\":\"fr-FR\",\"potentialAction\":[{\"@type\":\"CommentAction\",\"name\":\"Comment\",\"target\":[\"https:\/\/www.carideal.com\/blog\/2013\/07\/27\/volkswagen-xl1-concept-car-hybride\/#respond\"]}]},{\"@type\":\"WebPage\",\"@id\":\"https:\/\/www.carideal.com\/blog\/2013\/07\/27\/volkswagen-xl1-concept-car-hybride\/\",\"url\":\"https:\/\/www.carideal.com\/blog\/2013\/07\/27\/volkswagen-xl1-concept-car-hybride\/\",\"name\":\"Volkswagen XL1 concept car hybride - Blog auto Carid\u00e9al\",\"isPartOf\":{\"@id\":\"https:\/\/www.carideal.com\/blog\/#website\"},\"primaryImageOfPage\":{\"@id\":\"https:\/\/www.carideal.com\/blog\/2013\/07\/27\/volkswagen-xl1-concept-car-hybride\/#primaryimage\"},\"image\":{\"@id\":\"https:\/\/www.carideal.com\/blog\/2013\/07\/27\/volkswagen-xl1-concept-car-hybride\/#primaryimage\"},\"thumbnailUrl\":\"https:\/\/www.carideal.com\/blog\/wp-content\/uploads\/2013\/07\/volkswagen-xl1-concept-car-carideal-mandataire-automobile_m.jpg\",\"datePublished\":\"2013-07-27T20:43:00+00:00\",\"dateModified\":\"2019-01-28T17:32:31+00:00\",\"description\":\"Volkswagen se met \u00e0 l'hybride diesel avec son concept car XL1. Le constructeur Allemand suit-il PSA sur cette voie ? Attention le prix du Volkswagen XL1 est de 60000 \u20ac\",\"breadcrumb\":{\"@id\":\"https:\/\/www.carideal.com\/blog\/2013\/07\/27\/volkswagen-xl1-concept-car-hybride\/#breadcrumb\"},\"inLanguage\":\"fr-FR\",\"potentialAction\":[{\"@type\":\"ReadAction\",\"target\":[\"https:\/\/www.carideal.com\/blog\/2013\/07\/27\/volkswagen-xl1-concept-car-hybride\/\"]}]},{\"@type\":\"ImageObject\",\"inLanguage\":\"fr-FR\",\"@id\":\"https:\/\/www.carideal.com\/blog\/2013\/07\/27\/volkswagen-xl1-concept-car-hybride\/#primaryimage\",\"url\":\"https:\/\/www.carideal.com\/blog\/wp-content\/uploads\/2013\/07\/volkswagen-xl1-concept-car-carideal-mandataire-automobile_m.jpg\",\"contentUrl\":\"https:\/\/www.carideal.com\/blog\/wp-content\/uploads\/2013\/07\/volkswagen-xl1-concept-car-carideal-mandataire-automobile_m.jpg\",\"width\":448,\"height\":298,\"caption\":\"Volkswagen XL1 concept car hybride\"},{\"@type\":\"BreadcrumbList\",\"@id\":\"https:\/\/www.carideal.com\/blog\/2013\/07\/27\/volkswagen-xl1-concept-car-hybride\/#breadcrumb\",\"itemListElement\":[{\"@type\":\"ListItem\",\"position\":1,\"name\":\"Blog Carid\u00e9al\",\"item\":\"https:\/\/www.carideal.com\/blog\/\"},{\"@type\":\"ListItem\",\"position\":2,\"name\":\"Actualit\u00e9 constructeur automobile\",\"item\":\"https:\/\/www.carideal.com\/blog\/constructeur\/\"},{\"@type\":\"ListItem\",\"position\":3,\"name\":\"Actualit\u00e9 Volkswagen\",\"item\":\"https:\/\/www.carideal.com\/blog\/constructeur\/volkswagen\/\"},{\"@type\":\"ListItem\",\"position\":4,\"name\":\"Volkswagen XL1 concept car hybride\"}]},{\"@type\":\"WebSite\",\"@id\":\"https:\/\/www.carideal.com\/blog\/#website\",\"url\":\"https:\/\/www.carideal.com\/blog\/\",\"name\":\"Blog auto Carid\u00e9al\",\"description\":\"Actualit\u00e9 auto par des passionn\u00e9s\",\"publisher\":{\"@id\":\"https:\/\/www.carideal.com\/blog\/#organization\"},\"potentialAction\":[{\"@type\":\"SearchAction\",\"target\":{\"@type\":\"EntryPoint\",\"urlTemplate\":\"https:\/\/www.carideal.com\/blog\/?s={search_term_string}\"},\"query-input\":{\"@type\":\"PropertyValueSpecification\",\"valueRequired\":true,\"valueName\":\"search_term_string\"}}],\"inLanguage\":\"fr-FR\"},{\"@type\":\"Organization\",\"@id\":\"https:\/\/www.carideal.com\/blog\/#organization\",\"name\":\"Carideal\",\"url\":\"https:\/\/www.carideal.com\/blog\/\",\"logo\":{\"@type\":\"ImageObject\",\"inLanguage\":\"fr-FR\",\"@id\":\"https:\/\/www.carideal.com\/blog\/#\/schema\/logo\/image\/\",\"url\":\"http:\/\/www.carideal.com\/blog\/wp-content\/uploads\/2016\/03\/logo-carideal-mandataire-automobile.png\",\"contentUrl\":\"http:\/\/www.carideal.com\/blog\/wp-content\/uploads\/2016\/03\/logo-carideal-mandataire-automobile.png\",\"width\":300,\"height\":300,\"caption\":\"Carideal\"},\"image\":{\"@id\":\"https:\/\/www.carideal.com\/blog\/#\/schema\/logo\/image\/\"},\"sameAs\":[\"https:\/\/www.facebook.com\/Carideal.mandataire.automobile\",\"https:\/\/x.com\/caridealauto\",\"https:\/\/www.instagram.com\/carideal1\/\",\"https:\/\/www.linkedin.com\/company\/carideal.com\",\"https:\/\/fr.pinterest.com\/schiavonsas\/\",\"https:\/\/www.youtube.com\/user\/caridealsas\"]},{\"@type\":\"Person\",\"@id\":\"https:\/\/www.carideal.com\/blog\/#\/schema\/person\/985c7e757d1042d647f21bfaf8d41ebc\",\"name\":\"N.S Carideal\",\"image\":{\"@type\":\"ImageObject\",\"inLanguage\":\"fr-FR\",\"@id\":\"https:\/\/www.carideal.com\/blog\/#\/schema\/person\/image\/\",\"url\":\"https:\/\/secure.gravatar.com\/avatar\/edb7ccdf1a4e3d14aef967760d354d0e?s=96&r=g\",\"contentUrl\":\"https:\/\/secure.gravatar.com\/avatar\/edb7ccdf1a4e3d14aef967760d354d0e?s=96&r=g\",\"caption\":\"N.S Carideal\"},\"description\":\"Depuis tout petit fan d'automobile. Il est question d'essayer et de comparer toutes ces voitures qui nous ont fait r\u00e9ver, avant que celles-ci ne devient uniquement des voitures de collection.\",\"sameAs\":[\"http:\/\/www.carideal.com\/blog\",\"https:\/\/www.facebook.com\/Carideal.mandataire.automobile\/\",\"https:\/\/www.linkedin.com\/in\/nschiavon\/\",\"https:\/\/www.youtube.com\/user\/caridealsas\/\"],\"url\":\"https:\/\/www.carideal.com\/blog\/author\/admin_carideal\/\"}]}<\/script>\n<!-- \/ Yoast SEO plugin. -->","yoast_head_json":{"title":"Volkswagen XL1 concept car hybride - Blog auto Carid\u00e9al","description":"Volkswagen se met \u00e0 l'hybride diesel avec son concept car XL1. Le constructeur Allemand suit-il PSA sur cette voie ? Attention le prix du Volkswagen XL1 est de 60000 \u20ac","robots":{"index":"index","follow":"follow","max-snippet":"max-snippet:-1","max-image-preview":"max-image-preview:large","max-video-preview":"max-video-preview:-1"},"canonical":"https:\/\/www.carideal.com\/blog\/2013\/07\/27\/volkswagen-xl1-concept-car-hybride\/","og_locale":"fr_FR","og_type":"article","og_title":"Volkswagen XL1 concept car hybride - Blog auto Carid\u00e9al","og_description":"Volkswagen se met \u00e0 l'hybride diesel avec son concept car XL1. Le constructeur Allemand suit-il PSA sur cette voie ? Attention le prix du Volkswagen XL1 est de 60000 \u20ac","og_url":"https:\/\/www.carideal.com\/blog\/2013\/07\/27\/volkswagen-xl1-concept-car-hybride\/","og_site_name":"Blog auto Carid\u00e9al","article_publisher":"https:\/\/www.facebook.com\/Carideal.mandataire.automobile","article_author":"https:\/\/www.facebook.com\/Carideal.mandataire.automobile\/","article_published_time":"2013-07-27T20:43:00+00:00","article_modified_time":"2019-01-28T17:32:31+00:00","og_image":[{"width":448,"height":298,"url":"https:\/\/www.carideal.com\/blog\/wp-content\/uploads\/2013\/07\/volkswagen-xl1-concept-car-carideal-mandataire-automobile_m.jpg","type":"image\/jpeg"}],"author":"N.S Carideal","twitter_card":"summary_large_image","twitter_creator":"@caridealauto","twitter_site":"@caridealauto","twitter_misc":{"\u00c9crit par":"N.S Carideal","Dur\u00e9e de lecture estim\u00e9e":"1 minute"},"schema":{"@context":"https:\/\/schema.org","@graph":[{"@type":"Article","@id":"https:\/\/www.carideal.com\/blog\/2013\/07\/27\/volkswagen-xl1-concept-car-hybride\/#article","isPartOf":{"@id":"https:\/\/www.carideal.com\/blog\/2013\/07\/27\/volkswagen-xl1-concept-car-hybride\/"},"author":{"name":"N.S Carideal","@id":"https:\/\/www.carideal.com\/blog\/#\/schema\/person\/985c7e757d1042d647f21bfaf8d41ebc"},"headline":"Volkswagen XL1 concept car hybride","datePublished":"2013-07-27T20:43:00+00:00","dateModified":"2019-01-28T17:32:31+00:00","mainEntityOfPage":{"@id":"https:\/\/www.carideal.com\/blog\/2013\/07\/27\/volkswagen-xl1-concept-car-hybride\/"},"wordCount":281,"commentCount":0,"publisher":{"@id":"https:\/\/www.carideal.com\/blog\/#organization"},"image":{"@id":"https:\/\/www.carideal.com\/blog\/2013\/07\/27\/volkswagen-xl1-concept-car-hybride\/#primaryimage"},"thumbnailUrl":"https:\/\/www.carideal.com\/blog\/wp-content\/uploads\/2013\/07\/volkswagen-xl1-concept-car-carideal-mandataire-automobile_m.jpg","articleSection":["Actualit\u00e9 Volkswagen","Ecologie","Voiture Hybride"],"inLanguage":"fr-FR","potentialAction":[{"@type":"CommentAction","name":"Comment","target":["https:\/\/www.carideal.com\/blog\/2013\/07\/27\/volkswagen-xl1-concept-car-hybride\/#respond"]}]},{"@type":"WebPage","@id":"https:\/\/www.carideal.com\/blog\/2013\/07\/27\/volkswagen-xl1-concept-car-hybride\/","url":"https:\/\/www.carideal.com\/blog\/2013\/07\/27\/volkswagen-xl1-concept-car-hybride\/","name":"Volkswagen XL1 concept car hybride - Blog auto Carid\u00e9al","isPartOf":{"@id":"https:\/\/www.carideal.com\/blog\/#website"},"primaryImageOfPage":{"@id":"https:\/\/www.carideal.com\/blog\/2013\/07\/27\/volkswagen-xl1-concept-car-hybride\/#primaryimage"},"image":{"@id":"https:\/\/www.carideal.com\/blog\/2013\/07\/27\/volkswagen-xl1-concept-car-hybride\/#primaryimage"},"thumbnailUrl":"https:\/\/www.carideal.com\/blog\/wp-content\/uploads\/2013\/07\/volkswagen-xl1-concept-car-carideal-mandataire-automobile_m.jpg","datePublished":"2013-07-27T20:43:00+00:00","dateModified":"2019-01-28T17:32:31+00:00","description":"Volkswagen se met \u00e0 l'hybride diesel avec son concept car XL1. Le constructeur Allemand suit-il PSA sur cette voie ? Attention le prix du Volkswagen XL1 est de 60000 \u20ac","breadcrumb":{"@id":"https:\/\/www.carideal.com\/blog\/2013\/07\/27\/volkswagen-xl1-concept-car-hybride\/#breadcrumb"},"inLanguage":"fr-FR","potentialAction":[{"@type":"ReadAction","target":["https:\/\/www.carideal.com\/blog\/2013\/07\/27\/volkswagen-xl1-concept-car-hybride\/"]}]},{"@type":"ImageObject","inLanguage":"fr-FR","@id":"https:\/\/www.carideal.com\/blog\/2013\/07\/27\/volkswagen-xl1-concept-car-hybride\/#primaryimage","url":"https:\/\/www.carideal.com\/blog\/wp-content\/uploads\/2013\/07\/volkswagen-xl1-concept-car-carideal-mandataire-automobile_m.jpg","contentUrl":"https:\/\/www.carideal.com\/blog\/wp-content\/uploads\/2013\/07\/volkswagen-xl1-concept-car-carideal-mandataire-automobile_m.jpg","width":448,"height":298,"caption":"Volkswagen XL1 concept car hybride"},{"@type":"BreadcrumbList","@id":"https:\/\/www.carideal.com\/blog\/2013\/07\/27\/volkswagen-xl1-concept-car-hybride\/#breadcrumb","itemListElement":[{"@type":"ListItem","position":1,"name":"Blog Carid\u00e9al","item":"https:\/\/www.carideal.com\/blog\/"},{"@type":"ListItem","position":2,"name":"Actualit\u00e9 constructeur automobile","item":"https:\/\/www.carideal.com\/blog\/constructeur\/"},{"@type":"ListItem","position":3,"name":"Actualit\u00e9 Volkswagen","item":"https:\/\/www.carideal.com\/blog\/constructeur\/volkswagen\/"},{"@type":"ListItem","position":4,"name":"Volkswagen XL1 concept car hybride"}]},{"@type":"WebSite","@id":"https:\/\/www.carideal.com\/blog\/#website","url":"https:\/\/www.carideal.com\/blog\/","name":"Blog auto Carid\u00e9al","description":"Actualit\u00e9 auto par des passionn\u00e9s","publisher":{"@id":"https:\/\/www.carideal.com\/blog\/#organization"},"potentialAction":[{"@type":"SearchAction","target":{"@type":"EntryPoint","urlTemplate":"https:\/\/www.carideal.com\/blog\/?s={search_term_string}"},"query-input":{"@type":"PropertyValueSpecification","valueRequired":true,"valueName":"search_term_string"}}],"inLanguage":"fr-FR"},{"@type":"Organization","@id":"https:\/\/www.carideal.com\/blog\/#organization","name":"Carideal","url":"https:\/\/www.carideal.com\/blog\/","logo":{"@type":"ImageObject","inLanguage":"fr-FR","@id":"https:\/\/www.carideal.com\/blog\/#\/schema\/logo\/image\/","url":"http:\/\/www.carideal.com\/blog\/wp-content\/uploads\/2016\/03\/logo-carideal-mandataire-automobile.png","contentUrl":"http:\/\/www.carideal.com\/blog\/wp-content\/uploads\/2016\/03\/logo-carideal-mandataire-automobile.png","width":300,"height":300,"caption":"Carideal"},"image":{"@id":"https:\/\/www.carideal.com\/blog\/#\/schema\/logo\/image\/"},"sameAs":["https:\/\/www.facebook.com\/Carideal.mandataire.automobile","https:\/\/x.com\/caridealauto","https:\/\/www.instagram.com\/carideal1\/","https:\/\/www.linkedin.com\/company\/carideal.com","https:\/\/fr.pinterest.com\/schiavonsas\/","https:\/\/www.youtube.com\/user\/caridealsas"]},{"@type":"Person","@id":"https:\/\/www.carideal.com\/blog\/#\/schema\/person\/985c7e757d1042d647f21bfaf8d41ebc","name":"N.S Carideal","image":{"@type":"ImageObject","inLanguage":"fr-FR","@id":"https:\/\/www.carideal.com\/blog\/#\/schema\/person\/image\/","url":"https:\/\/secure.gravatar.com\/avatar\/edb7ccdf1a4e3d14aef967760d354d0e?s=96&r=g","contentUrl":"https:\/\/secure.gravatar.com\/avatar\/edb7ccdf1a4e3d14aef967760d354d0e?s=96&r=g","caption":"N.S Carideal"},"description":"Depuis tout petit fan d'automobile. Il est question d'essayer et de comparer toutes ces voitures qui nous ont fait r\u00e9ver, avant que celles-ci ne devient uniquement des voitures de collection.","sameAs":["http:\/\/www.carideal.com\/blog","https:\/\/www.facebook.com\/Carideal.mandataire.automobile\/","https:\/\/www.linkedin.com\/in\/nschiavon\/","https:\/\/www.youtube.com\/user\/caridealsas\/"],"url":"https:\/\/www.carideal.com\/blog\/author\/admin_carideal\/"}]}},"uagb_featured_image_src":{"full":["https:\/\/www.carideal.com\/blog\/wp-content\/uploads\/2013\/07\/volkswagen-xl1-concept-car-carideal-mandataire-automobile_m.jpg",448,298,false],"thumbnail":["https:\/\/www.carideal.com\/blog\/wp-content\/uploads\/2013\/07\/volkswagen-xl1-concept-car-carideal-mandataire-automobile_m-150x150.jpg",150,150,true],"medium":["https:\/\/www.carideal.com\/blog\/wp-content\/uploads\/2013\/07\/volkswagen-xl1-concept-car-carideal-mandataire-automobile_m-300x200.jpg",300,200,true],"medium_large":["https:\/\/www.carideal.com\/blog\/wp-content\/uploads\/2013\/07\/volkswagen-xl1-concept-car-carideal-mandataire-automobile_m.jpg",448,298,false],"large":["https:\/\/www.carideal.com\/blog\/wp-content\/uploads\/2013\/07\/volkswagen-xl1-concept-car-carideal-mandataire-automobile_m.jpg",448,298,false],"1536x1536":["https:\/\/www.carideal.com\/blog\/wp-content\/uploads\/2013\/07\/volkswagen-xl1-concept-car-carideal-mandataire-automobile_m.jpg",448,298,false],"2048x2048":["https:\/\/www.carideal.com\/blog\/wp-content\/uploads\/2013\/07\/volkswagen-xl1-concept-car-carideal-mandataire-automobile_m.jpg",448,298,false],"wppr-widget":["https:\/\/www.carideal.com\/blog\/wp-content\/uploads\/2013\/07\/volkswagen-xl1-concept-car-carideal-mandataire-automobile_m-50x33.jpg",50,33,true]},"uagb_author_info":{"display_name":"N.S Carideal","author_link":"https:\/\/www.carideal.com\/blog\/author\/admin_carideal\/"},"uagb_comment_info":0,"uagb_excerpt":"Volkswagen XL1 concept car Chaque exemplaire du Volkswagen XL1 est fabriqu\u00e9 \u00e0 la main \u00e0 l'usine de Osnabr\u00fcck en Allemagne, l'ancienne usine du carrossier Karmann, ou sont assembl\u00e9s les Golf Cabriolet, et Porshe Boxter. Le bicylindre de 800 cm3 qui l'\u00e9quipe est extrapol\u00e9 du 1.6 quatre cylindres. Les batteries sont mont\u00e9es juste \u00e0 l'arri\u00e8re du\u2026","_links":{"self":[{"href":"https:\/\/www.carideal.com\/blog\/wp-json\/wp\/v2\/posts\/293"}],"collection":[{"href":"https:\/\/www.carideal.com\/blog\/wp-json\/wp\/v2\/posts"}],"about":[{"href":"https:\/\/www.carideal.com\/blog\/wp-json\/wp\/v2\/types\/post"}],"author":[{"embeddable":true,"href":"https:\/\/www.carideal.com\/blog\/wp-json\/wp\/v2\/users\/1"}],"replies":[{"embeddable":true,"href":"https:\/\/www.carideal.com\/blog\/wp-json\/wp\/v2\/comments?post=293"}],"version-history":[{"count":0,"href":"https:\/\/www.carideal.com\/blog\/wp-json\/wp\/v2\/posts\/293\/revisions"}],"wp:featuredmedia":[{"embeddable":true,"href":"https:\/\/www.carideal.com\/blog\/wp-json\/wp\/v2\/media\/18525"}],"wp:attachment":[{"href":"https:\/\/www.carideal.com\/blog\/wp-json\/wp\/v2\/media?parent=293"}],"wp:term":[{"taxonomy":"category","embeddable":true,"href":"https:\/\/www.carideal.com\/blog\/wp-json\/wp\/v2\/categories?post=293"},{"taxonomy":"post_tag","embeddable":true,"href":"https:\/\/www.carideal.com\/blog\/wp-json\/wp\/v2\/tags?post=293"}],"curies":[{"name":"wp","href":"https:\/\/api.w.org\/{rel}","templated":true}]}}