{"id":292,"date":"2013-07-27T12:49:00","date_gmt":"2013-07-27T12:49:00","guid":{"rendered":"http:\/\/carideal.com\/blog\/?p=292"},"modified":"2019-01-28T18:05:34","modified_gmt":"2019-01-28T17:05:34","slug":"quelle-voitures-electriques-en-france","status":"publish","type":"post","link":"https:\/\/www.carideal.com\/blog\/2013\/07\/27\/quelle-voitures-electriques-en-france\/","title":{"rendered":"Quelle voitures \u00e9lectriques en France ?"},"content":{"rendered":"<p><img decoding=\"async\" title=\"bollore-Blue-Car-carideal-mandataire-automobile.jpg, juil. 2013\" src=\"\/blog\/public\/.bollore-Blue-Car-carideal-mandataire-automobile_m.jpg\" alt=\"bollore-Blue-Car-carideal-mandataire-automobile.jpg\" \/><\/p>\n<h2>Bollor\u00e9 Bluecar voiture \u00e9lectrique<\/h2>\n<p><strong>Un petit tour d'horizon des voitures \u00e9lectriques propos\u00e9es sur le march\u00e9 fran\u00e7ais ou en passe de l'\u00eatre :<\/strong><\/p>\n<p>La Renault Zo\u00e9 \u00e9lectrique, dommage qu'elle soit p\u00e9nalis\u00e9e par son chargeur WALL-BOX<br \/>\nLa Mia \u00e9lectrique fabriqu\u00e9e en France<br \/>\nPeugeot Ion et ses cousines Citroen C-ZERO Mitsubishi I-MIEV<\/p>\n<p>La version sport des voitures \u00e9lectriques la <a href=\"http:\/\/www.carideal.com\/blog\/marque-de-voiture-actualites-essais\/tesla\/tesla-model-s\/\">Tesla Model S<\/a><br \/>\nDans quelques semaine Bollor\u00e9 vendra sa Bluecar au grand public<br \/>\nLa Nissan Leaf se voudrait \u00eatre la star du segment<br \/>\nCelle qui s'est tromp\u00e9e sur toute la ligne... la Renault Fluence ZE Renault Fluence ZE<\/p>\n","protected":false},"excerpt":{"rendered":"<p>Bollor\u00e9 Bluecar voiture \u00e9lectrique Un petit tour d&rsquo;horizon des voitures \u00e9lectriques propos\u00e9es sur le march\u00e9 fran\u00e7ais ou en passe de l&rsquo;\u00eatre : La Renault Zo\u00e9 \u00e9lectrique, dommage qu&rsquo;elle soit p\u00e9nalis\u00e9e par son chargeur WALL-BOX La Mia \u00e9lectrique fabriqu\u00e9e en France Peugeot Ion et ses cousines Citroen C-ZERO Mitsubishi I-MIEV La version sport des voitures \u00e9lectriques &#8230; <a title=\"Quelle voitures \u00e9lectriques en France ?\" class=\"read-more\" href=\"https:\/\/www.carideal.com\/blog\/2013\/07\/27\/quelle-voitures-electriques-en-france\/\" aria-label=\"En savoir plus sur Quelle voitures \u00e9lectriques en France ?\">Lire plus<\/a><\/p>\n","protected":false},"author":1,"featured_media":0,"comment_status":"open","ping_status":"open","sticky":false,"template":"","format":"standard","meta":{"_uag_custom_page_level_css":"","_themeisle_gutenberg_block_has_review":false,"footnotes":""},"categories":[6,5970],"tags":[440,462],"class_list":["post-292","post","type-post","status-publish","format-standard","hentry","category-ecologie","category-electrique-technologie-2","tag-bluecar","tag-renault-zoe"],"wppr_data":{"cwp_meta_box_check":"No"},"yoast_head":"<!-- This site is optimized with the Yoast SEO plugin v24.8.1 - https:\/\/yoast.com\/wordpress\/plugins\/seo\/ -->\n<title>Quelle voitures \u00e9lectriques en France ? - Blog auto Carid\u00e9al<\/title>\n<meta name=\"robots\" content=\"noindex, follow\" \/>\n<meta property=\"og:locale\" content=\"fr_FR\" \/>\n<meta property=\"og:type\" content=\"article\" \/>\n<meta property=\"og:title\" content=\"Quelle voitures \u00e9lectriques en France ? - Blog auto Carid\u00e9al\" \/>\n<meta property=\"og:description\" content=\"Bollor\u00e9 Bluecar voiture \u00e9lectrique Un petit tour d&#039;horizon des voitures \u00e9lectriques propos\u00e9es sur le march\u00e9 fran\u00e7ais ou en passe de l&#039;\u00eatre : La Renault Zo\u00e9 \u00e9lectrique, dommage qu&#039;elle soit p\u00e9nalis\u00e9e par son chargeur WALL-BOX La Mia \u00e9lectrique fabriqu\u00e9e en France Peugeot Ion et ses cousines Citroen C-ZERO Mitsubishi I-MIEV La version sport des voitures \u00e9lectriques ... Lire plus\" \/>\n<meta property=\"og:url\" content=\"https:\/\/www.carideal.com\/blog\/2013\/07\/27\/quelle-voitures-electriques-en-france\/\" \/>\n<meta property=\"og:site_name\" content=\"Blog auto Carid\u00e9al\" \/>\n<meta property=\"article:publisher\" content=\"https:\/\/www.facebook.com\/Carideal.mandataire.automobile\" \/>\n<meta property=\"article:author\" content=\"https:\/\/www.facebook.com\/Carideal.mandataire.automobile\/\" \/>\n<meta property=\"article:published_time\" content=\"2013-07-27T12:49:00+00:00\" \/>\n<meta property=\"article:modified_time\" content=\"2019-01-28T17:05:34+00:00\" \/>\n<meta property=\"og:image\" content=\"https:\/\/www.carideal.com\/blog\/wp-content\/uploads\/2016\/03\/logo-carideal-mandataire-automobile.png\" \/>\n\t<meta property=\"og:image:width\" content=\"300\" \/>\n\t<meta property=\"og:image:height\" content=\"300\" \/>\n\t<meta property=\"og:image:type\" content=\"image\/png\" \/>\n<meta name=\"author\" content=\"N.S Carideal\" \/>\n<meta name=\"twitter:card\" content=\"summary_large_image\" \/>\n<meta name=\"twitter:creator\" content=\"@caridealauto\" \/>\n<meta name=\"twitter:site\" content=\"@caridealauto\" \/>\n<meta name=\"twitter:label1\" content=\"\u00c9crit par\" \/>\n\t<meta name=\"twitter:data1\" content=\"N.S Carideal\" \/>\n\t<meta name=\"twitter:label2\" content=\"Dur\u00e9e de lecture estim\u00e9e\" \/>\n\t<meta name=\"twitter:data2\" content=\"1 minute\" \/>\n<script type=\"application\/ld+json\" class=\"yoast-schema-graph\">{\"@context\":\"https:\/\/schema.org\",\"@graph\":[{\"@type\":\"Article\",\"@id\":\"https:\/\/www.carideal.com\/blog\/2013\/07\/27\/quelle-voitures-electriques-en-france\/#article\",\"isPartOf\":{\"@id\":\"https:\/\/www.carideal.com\/blog\/2013\/07\/27\/quelle-voitures-electriques-en-france\/\"},\"author\":{\"name\":\"N.S Carideal\",\"@id\":\"https:\/\/www.carideal.com\/blog\/#\/schema\/person\/985c7e757d1042d647f21bfaf8d41ebc\"},\"headline\":\"Quelle voitures \u00e9lectriques en France ?\",\"datePublished\":\"2013-07-27T12:49:00+00:00\",\"dateModified\":\"2019-01-28T17:05:34+00:00\",\"mainEntityOfPage\":{\"@id\":\"https:\/\/www.carideal.com\/blog\/2013\/07\/27\/quelle-voitures-electriques-en-france\/\"},\"wordCount\":105,\"commentCount\":0,\"publisher\":{\"@id\":\"https:\/\/www.carideal.com\/blog\/#organization\"},\"keywords\":[\"Bluecar\",\"Renault Zoe\"],\"articleSection\":[\"Ecologie\",\"Voiture \u00e9lectrique\"],\"inLanguage\":\"fr-FR\",\"potentialAction\":[{\"@type\":\"CommentAction\",\"name\":\"Comment\",\"target\":[\"https:\/\/www.carideal.com\/blog\/2013\/07\/27\/quelle-voitures-electriques-en-france\/#respond\"]}]},{\"@type\":\"WebPage\",\"@id\":\"https:\/\/www.carideal.com\/blog\/2013\/07\/27\/quelle-voitures-electriques-en-france\/\",\"url\":\"https:\/\/www.carideal.com\/blog\/2013\/07\/27\/quelle-voitures-electriques-en-france\/\",\"name\":\"Quelle voitures \u00e9lectriques en France ? - Blog auto Carid\u00e9al\",\"isPartOf\":{\"@id\":\"https:\/\/www.carideal.com\/blog\/#website\"},\"datePublished\":\"2013-07-27T12:49:00+00:00\",\"dateModified\":\"2019-01-28T17:05:34+00:00\",\"breadcrumb\":{\"@id\":\"https:\/\/www.carideal.com\/blog\/2013\/07\/27\/quelle-voitures-electriques-en-france\/#breadcrumb\"},\"inLanguage\":\"fr-FR\",\"potentialAction\":[{\"@type\":\"ReadAction\",\"target\":[\"https:\/\/www.carideal.com\/blog\/2013\/07\/27\/quelle-voitures-electriques-en-france\/\"]}]},{\"@type\":\"BreadcrumbList\",\"@id\":\"https:\/\/www.carideal.com\/blog\/2013\/07\/27\/quelle-voitures-electriques-en-france\/#breadcrumb\",\"itemListElement\":[{\"@type\":\"ListItem\",\"position\":1,\"name\":\"Blog Carid\u00e9al\",\"item\":\"https:\/\/www.carideal.com\/blog\/\"},{\"@type\":\"ListItem\",\"position\":2,\"name\":\"Technologie Automobile\",\"item\":\"https:\/\/www.carideal.com\/blog\/technologie-2\/\"},{\"@type\":\"ListItem\",\"position\":3,\"name\":\"Voiture \u00e9lectrique\",\"item\":\"https:\/\/www.carideal.com\/blog\/technologie-2\/electrique-technologie-2\/\"},{\"@type\":\"ListItem\",\"position\":4,\"name\":\"Quelle voitures \u00e9lectriques en France ?\"}]},{\"@type\":\"WebSite\",\"@id\":\"https:\/\/www.carideal.com\/blog\/#website\",\"url\":\"https:\/\/www.carideal.com\/blog\/\",\"name\":\"Blog auto Carid\u00e9al\",\"description\":\"Actualit\u00e9 auto par des passionn\u00e9s\",\"publisher\":{\"@id\":\"https:\/\/www.carideal.com\/blog\/#organization\"},\"potentialAction\":[{\"@type\":\"SearchAction\",\"target\":{\"@type\":\"EntryPoint\",\"urlTemplate\":\"https:\/\/www.carideal.com\/blog\/?s={search_term_string}\"},\"query-input\":{\"@type\":\"PropertyValueSpecification\",\"valueRequired\":true,\"valueName\":\"search_term_string\"}}],\"inLanguage\":\"fr-FR\"},{\"@type\":\"Organization\",\"@id\":\"https:\/\/www.carideal.com\/blog\/#organization\",\"name\":\"Carideal\",\"url\":\"https:\/\/www.carideal.com\/blog\/\",\"logo\":{\"@type\":\"ImageObject\",\"inLanguage\":\"fr-FR\",\"@id\":\"https:\/\/www.carideal.com\/blog\/#\/schema\/logo\/image\/\",\"url\":\"http:\/\/www.carideal.com\/blog\/wp-content\/uploads\/2016\/03\/logo-carideal-mandataire-automobile.png\",\"contentUrl\":\"http:\/\/www.carideal.com\/blog\/wp-content\/uploads\/2016\/03\/logo-carideal-mandataire-automobile.png\",\"width\":300,\"height\":300,\"caption\":\"Carideal\"},\"image\":{\"@id\":\"https:\/\/www.carideal.com\/blog\/#\/schema\/logo\/image\/\"},\"sameAs\":[\"https:\/\/www.facebook.com\/Carideal.mandataire.automobile\",\"https:\/\/x.com\/caridealauto\",\"https:\/\/www.instagram.com\/carideal1\/\",\"https:\/\/www.linkedin.com\/company\/carideal.com\",\"https:\/\/fr.pinterest.com\/schiavonsas\/\",\"https:\/\/www.youtube.com\/user\/caridealsas\"]},{\"@type\":\"Person\",\"@id\":\"https:\/\/www.carideal.com\/blog\/#\/schema\/person\/985c7e757d1042d647f21bfaf8d41ebc\",\"name\":\"N.S Carideal\",\"image\":{\"@type\":\"ImageObject\",\"inLanguage\":\"fr-FR\",\"@id\":\"https:\/\/www.carideal.com\/blog\/#\/schema\/person\/image\/\",\"url\":\"https:\/\/secure.gravatar.com\/avatar\/edb7ccdf1a4e3d14aef967760d354d0e?s=96&r=g\",\"contentUrl\":\"https:\/\/secure.gravatar.com\/avatar\/edb7ccdf1a4e3d14aef967760d354d0e?s=96&r=g\",\"caption\":\"N.S Carideal\"},\"description\":\"Depuis tout petit fan d'automobile. Il est question d'essayer et de comparer toutes ces voitures qui nous ont fait r\u00e9ver, avant que celles-ci ne devient uniquement des voitures de collection.\",\"sameAs\":[\"http:\/\/www.carideal.com\/blog\",\"https:\/\/www.facebook.com\/Carideal.mandataire.automobile\/\",\"https:\/\/www.linkedin.com\/in\/nschiavon\/\",\"https:\/\/www.youtube.com\/user\/caridealsas\/\"],\"url\":\"https:\/\/www.carideal.com\/blog\/author\/admin_carideal\/\"}]}<\/script>\n<!-- \/ Yoast SEO plugin. -->","yoast_head_json":{"title":"Quelle voitures \u00e9lectriques en France ? - Blog auto Carid\u00e9al","robots":{"index":"noindex","follow":"follow"},"og_locale":"fr_FR","og_type":"article","og_title":"Quelle voitures \u00e9lectriques en France ? - Blog auto Carid\u00e9al","og_description":"Bollor\u00e9 Bluecar voiture \u00e9lectrique Un petit tour d'horizon des voitures \u00e9lectriques propos\u00e9es sur le march\u00e9 fran\u00e7ais ou en passe de l'\u00eatre : La Renault Zo\u00e9 \u00e9lectrique, dommage qu'elle soit p\u00e9nalis\u00e9e par son chargeur WALL-BOX La Mia \u00e9lectrique fabriqu\u00e9e en France Peugeot Ion et ses cousines Citroen C-ZERO Mitsubishi I-MIEV La version sport des voitures \u00e9lectriques ... Lire plus","og_url":"https:\/\/www.carideal.com\/blog\/2013\/07\/27\/quelle-voitures-electriques-en-france\/","og_site_name":"Blog auto Carid\u00e9al","article_publisher":"https:\/\/www.facebook.com\/Carideal.mandataire.automobile","article_author":"https:\/\/www.facebook.com\/Carideal.mandataire.automobile\/","article_published_time":"2013-07-27T12:49:00+00:00","article_modified_time":"2019-01-28T17:05:34+00:00","og_image":[{"width":300,"height":300,"url":"https:\/\/www.carideal.com\/blog\/wp-content\/uploads\/2016\/03\/logo-carideal-mandataire-automobile.png","type":"image\/png"}],"author":"N.S Carideal","twitter_card":"summary_large_image","twitter_creator":"@caridealauto","twitter_site":"@caridealauto","twitter_misc":{"\u00c9crit par":"N.S Carideal","Dur\u00e9e de lecture estim\u00e9e":"1 minute"},"schema":{"@context":"https:\/\/schema.org","@graph":[{"@type":"Article","@id":"https:\/\/www.carideal.com\/blog\/2013\/07\/27\/quelle-voitures-electriques-en-france\/#article","isPartOf":{"@id":"https:\/\/www.carideal.com\/blog\/2013\/07\/27\/quelle-voitures-electriques-en-france\/"},"author":{"name":"N.S Carideal","@id":"https:\/\/www.carideal.com\/blog\/#\/schema\/person\/985c7e757d1042d647f21bfaf8d41ebc"},"headline":"Quelle voitures \u00e9lectriques en France ?","datePublished":"2013-07-27T12:49:00+00:00","dateModified":"2019-01-28T17:05:34+00:00","mainEntityOfPage":{"@id":"https:\/\/www.carideal.com\/blog\/2013\/07\/27\/quelle-voitures-electriques-en-france\/"},"wordCount":105,"commentCount":0,"publisher":{"@id":"https:\/\/www.carideal.com\/blog\/#organization"},"keywords":["Bluecar","Renault Zoe"],"articleSection":["Ecologie","Voiture \u00e9lectrique"],"inLanguage":"fr-FR","potentialAction":[{"@type":"CommentAction","name":"Comment","target":["https:\/\/www.carideal.com\/blog\/2013\/07\/27\/quelle-voitures-electriques-en-france\/#respond"]}]},{"@type":"WebPage","@id":"https:\/\/www.carideal.com\/blog\/2013\/07\/27\/quelle-voitures-electriques-en-france\/","url":"https:\/\/www.carideal.com\/blog\/2013\/07\/27\/quelle-voitures-electriques-en-france\/","name":"Quelle voitures \u00e9lectriques en France ? - Blog auto Carid\u00e9al","isPartOf":{"@id":"https:\/\/www.carideal.com\/blog\/#website"},"datePublished":"2013-07-27T12:49:00+00:00","dateModified":"2019-01-28T17:05:34+00:00","breadcrumb":{"@id":"https:\/\/www.carideal.com\/blog\/2013\/07\/27\/quelle-voitures-electriques-en-france\/#breadcrumb"},"inLanguage":"fr-FR","potentialAction":[{"@type":"ReadAction","target":["https:\/\/www.carideal.com\/blog\/2013\/07\/27\/quelle-voitures-electriques-en-france\/"]}]},{"@type":"BreadcrumbList","@id":"https:\/\/www.carideal.com\/blog\/2013\/07\/27\/quelle-voitures-electriques-en-france\/#breadcrumb","itemListElement":[{"@type":"ListItem","position":1,"name":"Blog Carid\u00e9al","item":"https:\/\/www.carideal.com\/blog\/"},{"@type":"ListItem","position":2,"name":"Technologie Automobile","item":"https:\/\/www.carideal.com\/blog\/technologie-2\/"},{"@type":"ListItem","position":3,"name":"Voiture \u00e9lectrique","item":"https:\/\/www.carideal.com\/blog\/technologie-2\/electrique-technologie-2\/"},{"@type":"ListItem","position":4,"name":"Quelle voitures \u00e9lectriques en France ?"}]},{"@type":"WebSite","@id":"https:\/\/www.carideal.com\/blog\/#website","url":"https:\/\/www.carideal.com\/blog\/","name":"Blog auto Carid\u00e9al","description":"Actualit\u00e9 auto par des passionn\u00e9s","publisher":{"@id":"https:\/\/www.carideal.com\/blog\/#organization"},"potentialAction":[{"@type":"SearchAction","target":{"@type":"EntryPoint","urlTemplate":"https:\/\/www.carideal.com\/blog\/?s={search_term_string}"},"query-input":{"@type":"PropertyValueSpecification","valueRequired":true,"valueName":"search_term_string"}}],"inLanguage":"fr-FR"},{"@type":"Organization","@id":"https:\/\/www.carideal.com\/blog\/#organization","name":"Carideal","url":"https:\/\/www.carideal.com\/blog\/","logo":{"@type":"ImageObject","inLanguage":"fr-FR","@id":"https:\/\/www.carideal.com\/blog\/#\/schema\/logo\/image\/","url":"http:\/\/www.carideal.com\/blog\/wp-content\/uploads\/2016\/03\/logo-carideal-mandataire-automobile.png","contentUrl":"http:\/\/www.carideal.com\/blog\/wp-content\/uploads\/2016\/03\/logo-carideal-mandataire-automobile.png","width":300,"height":300,"caption":"Carideal"},"image":{"@id":"https:\/\/www.carideal.com\/blog\/#\/schema\/logo\/image\/"},"sameAs":["https:\/\/www.facebook.com\/Carideal.mandataire.automobile","https:\/\/x.com\/caridealauto","https:\/\/www.instagram.com\/carideal1\/","https:\/\/www.linkedin.com\/company\/carideal.com","https:\/\/fr.pinterest.com\/schiavonsas\/","https:\/\/www.youtube.com\/user\/caridealsas"]},{"@type":"Person","@id":"https:\/\/www.carideal.com\/blog\/#\/schema\/person\/985c7e757d1042d647f21bfaf8d41ebc","name":"N.S Carideal","image":{"@type":"ImageObject","inLanguage":"fr-FR","@id":"https:\/\/www.carideal.com\/blog\/#\/schema\/person\/image\/","url":"https:\/\/secure.gravatar.com\/avatar\/edb7ccdf1a4e3d14aef967760d354d0e?s=96&r=g","contentUrl":"https:\/\/secure.gravatar.com\/avatar\/edb7ccdf1a4e3d14aef967760d354d0e?s=96&r=g","caption":"N.S Carideal"},"description":"Depuis tout petit fan d'automobile. Il est question d'essayer et de comparer toutes ces voitures qui nous ont fait r\u00e9ver, avant que celles-ci ne devient uniquement des voitures de collection.","sameAs":["http:\/\/www.carideal.com\/blog","https:\/\/www.facebook.com\/Carideal.mandataire.automobile\/","https:\/\/www.linkedin.com\/in\/nschiavon\/","https:\/\/www.youtube.com\/user\/caridealsas\/"],"url":"https:\/\/www.carideal.com\/blog\/author\/admin_carideal\/"}]}},"uagb_featured_image_src":{"full":false,"thumbnail":false,"medium":false,"medium_large":false,"large":false,"1536x1536":false,"2048x2048":false,"wppr-widget":false},"uagb_author_info":{"display_name":"N.S Carideal","author_link":"https:\/\/www.carideal.com\/blog\/author\/admin_carideal\/"},"uagb_comment_info":0,"uagb_excerpt":"Bollor\u00e9 Bluecar voiture \u00e9lectrique Un petit tour d'horizon des voitures \u00e9lectriques propos\u00e9es sur le march\u00e9 fran\u00e7ais ou en passe de l'\u00eatre : La Renault Zo\u00e9 \u00e9lectrique, dommage qu'elle soit p\u00e9nalis\u00e9e par son chargeur WALL-BOX La Mia \u00e9lectrique fabriqu\u00e9e en France Peugeot Ion et ses cousines Citroen C-ZERO Mitsubishi I-MIEV La version sport des voitures \u00e9lectriques\u2026","_links":{"self":[{"href":"https:\/\/www.carideal.com\/blog\/wp-json\/wp\/v2\/posts\/292"}],"collection":[{"href":"https:\/\/www.carideal.com\/blog\/wp-json\/wp\/v2\/posts"}],"about":[{"href":"https:\/\/www.carideal.com\/blog\/wp-json\/wp\/v2\/types\/post"}],"author":[{"embeddable":true,"href":"https:\/\/www.carideal.com\/blog\/wp-json\/wp\/v2\/users\/1"}],"replies":[{"embeddable":true,"href":"https:\/\/www.carideal.com\/blog\/wp-json\/wp\/v2\/comments?post=292"}],"version-history":[{"count":0,"href":"https:\/\/www.carideal.com\/blog\/wp-json\/wp\/v2\/posts\/292\/revisions"}],"wp:attachment":[{"href":"https:\/\/www.carideal.com\/blog\/wp-json\/wp\/v2\/media?parent=292"}],"wp:term":[{"taxonomy":"category","embeddable":true,"href":"https:\/\/www.carideal.com\/blog\/wp-json\/wp\/v2\/categories?post=292"},{"taxonomy":"post_tag","embeddable":true,"href":"https:\/\/www.carideal.com\/blog\/wp-json\/wp\/v2\/tags?post=292"}],"curies":[{"name":"wp","href":"https:\/\/api.w.org\/{rel}","templated":true}]}}