{"id":291,"date":"2013-07-25T12:02:00","date_gmt":"2013-07-25T12:02:00","guid":{"rendered":"http:\/\/carideal.com\/blog\/?p=291"},"modified":"2019-01-28T18:50:22","modified_gmt":"2019-01-28T17:50:22","slug":"toyota-iroad-concept-car","status":"publish","type":"post","link":"https:\/\/www.carideal.com\/blog\/2013\/07\/25\/toyota-iroad-concept-car\/","title":{"rendered":"Toyota iROAD Concept Car"},"content":{"rendered":"<p><img decoding=\"async\" title=\"TOYOTA-iROAD-concept-car-carideal-blog-automobile-1.jpg, juil. 2013\" src=\"\/blog\/public\/.TOYOTA-iROAD-concept-car-carideal-blog-automobile-1_m.jpg\" alt=\"TOYOTA-iROAD-concept-car-carideal-blog-automobile-1.jpg\" \/><\/p>\n<h2>Toyota iROAD Concept car<\/h2>\n<p>Voil\u00e0 le gros concurrent du <a href=\"http:\/\/www.carideal.com\/blog\/2012\/06\/09\/jai-essaye-la-renault-twizy-electrique\/\">Renault Twizy<\/a>, le Toyota iRoad, sauf qu'il aura 3 roues et non quatre gr\u00e2ce \u00e0 un ing\u00e9nieux syst\u00e8me de balancier g\u00e9r\u00e9 par \u00e9lectronique via un moteur \u00e9lectrique. Le concept car propose 2 places dans un format biplace de 2.35m. Il est mu via deux moteurs \u00e9lectriques log\u00e9s dans les roues avant de 2Kw chacun. <a href=\"http:\/\/www.carideal.com\/blog\/marque-de-voiture-actualites-essais\/toyota\/\">Toyota<\/a> annonce une autonomie de 50 km, va les proposer en autopartage \u00e0 Grenoble en 2014.<br \/>\nA noter que contrairement au Twizzy de Renault l'iROAD est compl\u00e8tement ferm\u00e9 et propose le chauffage.<\/p>\n<p><iframe loading=\"lazy\" src=\"http:\/\/www.dailymotion.com\/embed\/video\/xxzqng\" width=\"480\" height=\"270\" frameborder=\"0\"><\/iframe><br \/>\n<a href=\"http:\/\/www.dailymotion.com\/video\/xxzqng_geneve-2013-toyota-i-road_auto\" target=\"_blank\" rel=\"noopener\">Gen\u00e8ve 2013 : Toyota i-Road<\/a> <i>par <a href=\"http:\/\/www.dailymotion.com\/Cartech\" target=\"_blank\" rel=\"noopener\">Cartech<\/a><\/i><\/p>\n","protected":false},"excerpt":{"rendered":"<p>Toyota iROAD Concept car Voil\u00e0 le gros concurrent du Renault Twizy, le Toyota iRoad, sauf qu&rsquo;il aura 3 roues et non quatre gr\u00e2ce \u00e0 un ing\u00e9nieux syst\u00e8me de balancier g\u00e9r\u00e9 par \u00e9lectronique via un moteur \u00e9lectrique. Le concept car propose 2 places dans un format biplace de 2.35m. Il est mu via deux moteurs \u00e9lectriques &#8230; <a title=\"Toyota iROAD Concept Car\" class=\"read-more\" href=\"https:\/\/www.carideal.com\/blog\/2013\/07\/25\/toyota-iroad-concept-car\/\" aria-label=\"En savoir plus sur Toyota iROAD Concept Car\">Lire plus<\/a><\/p>\n","protected":false},"author":1,"featured_media":0,"comment_status":"open","ping_status":"open","sticky":false,"template":"","format":"standard","meta":{"_uag_custom_page_level_css":"","_themeisle_gutenberg_block_has_review":false,"footnotes":""},"categories":[6],"tags":[],"class_list":["post-291","post","type-post","status-publish","format-standard","hentry","category-ecologie"],"wppr_data":{"cwp_meta_box_check":"No"},"yoast_head":"<!-- This site is optimized with the Yoast SEO plugin v24.8.1 - https:\/\/yoast.com\/wordpress\/plugins\/seo\/ -->\n<title>Toyota iROAD Concept Car - Blog auto Carid\u00e9al<\/title>\n<meta name=\"robots\" content=\"noindex, follow\" \/>\n<meta property=\"og:locale\" content=\"fr_FR\" \/>\n<meta property=\"og:type\" content=\"article\" \/>\n<meta property=\"og:title\" content=\"Toyota iROAD Concept Car - Blog auto Carid\u00e9al\" \/>\n<meta property=\"og:description\" content=\"Toyota iROAD Concept car Voil\u00e0 le gros concurrent du Renault Twizy, le Toyota iRoad, sauf qu&#039;il aura 3 roues et non quatre gr\u00e2ce \u00e0 un ing\u00e9nieux syst\u00e8me de balancier g\u00e9r\u00e9 par \u00e9lectronique via un moteur \u00e9lectrique. Le concept car propose 2 places dans un format biplace de 2.35m. Il est mu via deux moteurs \u00e9lectriques ... Lire plus\" \/>\n<meta property=\"og:url\" content=\"https:\/\/www.carideal.com\/blog\/2013\/07\/25\/toyota-iroad-concept-car\/\" \/>\n<meta property=\"og:site_name\" content=\"Blog auto Carid\u00e9al\" \/>\n<meta property=\"article:publisher\" content=\"https:\/\/www.facebook.com\/Carideal.mandataire.automobile\" \/>\n<meta property=\"article:author\" content=\"https:\/\/www.facebook.com\/Carideal.mandataire.automobile\/\" \/>\n<meta property=\"article:published_time\" content=\"2013-07-25T12:02:00+00:00\" \/>\n<meta property=\"article:modified_time\" content=\"2019-01-28T17:50:22+00:00\" \/>\n<meta property=\"og:image\" content=\"https:\/\/www.carideal.com\/blog\/wp-content\/uploads\/2016\/03\/logo-carideal-mandataire-automobile.png\" \/>\n\t<meta property=\"og:image:width\" content=\"300\" \/>\n\t<meta property=\"og:image:height\" content=\"300\" \/>\n\t<meta property=\"og:image:type\" content=\"image\/png\" \/>\n<meta name=\"author\" content=\"N.S Carideal\" \/>\n<meta name=\"twitter:card\" content=\"summary_large_image\" \/>\n<meta name=\"twitter:creator\" content=\"@caridealauto\" \/>\n<meta name=\"twitter:site\" content=\"@caridealauto\" \/>\n<meta name=\"twitter:label1\" content=\"\u00c9crit par\" \/>\n\t<meta name=\"twitter:data1\" content=\"N.S Carideal\" \/>\n\t<meta name=\"twitter:label2\" content=\"Dur\u00e9e de lecture estim\u00e9e\" \/>\n\t<meta name=\"twitter:data2\" content=\"1 minute\" \/>\n<script type=\"application\/ld+json\" class=\"yoast-schema-graph\">{\"@context\":\"https:\/\/schema.org\",\"@graph\":[{\"@type\":\"Article\",\"@id\":\"https:\/\/www.carideal.com\/blog\/2013\/07\/25\/toyota-iroad-concept-car\/#article\",\"isPartOf\":{\"@id\":\"https:\/\/www.carideal.com\/blog\/2013\/07\/25\/toyota-iroad-concept-car\/\"},\"author\":{\"name\":\"N.S Carideal\",\"@id\":\"https:\/\/www.carideal.com\/blog\/#\/schema\/person\/985c7e757d1042d647f21bfaf8d41ebc\"},\"headline\":\"Toyota iROAD Concept Car\",\"datePublished\":\"2013-07-25T12:02:00+00:00\",\"dateModified\":\"2019-01-28T17:50:22+00:00\",\"mainEntityOfPage\":{\"@id\":\"https:\/\/www.carideal.com\/blog\/2013\/07\/25\/toyota-iroad-concept-car\/\"},\"wordCount\":105,\"commentCount\":0,\"publisher\":{\"@id\":\"https:\/\/www.carideal.com\/blog\/#organization\"},\"articleSection\":[\"Ecologie\"],\"inLanguage\":\"fr-FR\",\"potentialAction\":[{\"@type\":\"CommentAction\",\"name\":\"Comment\",\"target\":[\"https:\/\/www.carideal.com\/blog\/2013\/07\/25\/toyota-iroad-concept-car\/#respond\"]}]},{\"@type\":\"WebPage\",\"@id\":\"https:\/\/www.carideal.com\/blog\/2013\/07\/25\/toyota-iroad-concept-car\/\",\"url\":\"https:\/\/www.carideal.com\/blog\/2013\/07\/25\/toyota-iroad-concept-car\/\",\"name\":\"Toyota iROAD Concept Car - Blog auto Carid\u00e9al\",\"isPartOf\":{\"@id\":\"https:\/\/www.carideal.com\/blog\/#website\"},\"datePublished\":\"2013-07-25T12:02:00+00:00\",\"dateModified\":\"2019-01-28T17:50:22+00:00\",\"breadcrumb\":{\"@id\":\"https:\/\/www.carideal.com\/blog\/2013\/07\/25\/toyota-iroad-concept-car\/#breadcrumb\"},\"inLanguage\":\"fr-FR\",\"potentialAction\":[{\"@type\":\"ReadAction\",\"target\":[\"https:\/\/www.carideal.com\/blog\/2013\/07\/25\/toyota-iroad-concept-car\/\"]}]},{\"@type\":\"BreadcrumbList\",\"@id\":\"https:\/\/www.carideal.com\/blog\/2013\/07\/25\/toyota-iroad-concept-car\/#breadcrumb\",\"itemListElement\":[{\"@type\":\"ListItem\",\"position\":1,\"name\":\"Blog Carid\u00e9al\",\"item\":\"https:\/\/www.carideal.com\/blog\/\"},{\"@type\":\"ListItem\",\"position\":2,\"name\":\"Ecologie\",\"item\":\"https:\/\/www.carideal.com\/blog\/ecologie\/\"},{\"@type\":\"ListItem\",\"position\":3,\"name\":\"Toyota iROAD Concept Car\"}]},{\"@type\":\"WebSite\",\"@id\":\"https:\/\/www.carideal.com\/blog\/#website\",\"url\":\"https:\/\/www.carideal.com\/blog\/\",\"name\":\"Blog auto Carid\u00e9al\",\"description\":\"Actualit\u00e9 auto par des passionn\u00e9s\",\"publisher\":{\"@id\":\"https:\/\/www.carideal.com\/blog\/#organization\"},\"potentialAction\":[{\"@type\":\"SearchAction\",\"target\":{\"@type\":\"EntryPoint\",\"urlTemplate\":\"https:\/\/www.carideal.com\/blog\/?s={search_term_string}\"},\"query-input\":{\"@type\":\"PropertyValueSpecification\",\"valueRequired\":true,\"valueName\":\"search_term_string\"}}],\"inLanguage\":\"fr-FR\"},{\"@type\":\"Organization\",\"@id\":\"https:\/\/www.carideal.com\/blog\/#organization\",\"name\":\"Carideal\",\"url\":\"https:\/\/www.carideal.com\/blog\/\",\"logo\":{\"@type\":\"ImageObject\",\"inLanguage\":\"fr-FR\",\"@id\":\"https:\/\/www.carideal.com\/blog\/#\/schema\/logo\/image\/\",\"url\":\"http:\/\/www.carideal.com\/blog\/wp-content\/uploads\/2016\/03\/logo-carideal-mandataire-automobile.png\",\"contentUrl\":\"http:\/\/www.carideal.com\/blog\/wp-content\/uploads\/2016\/03\/logo-carideal-mandataire-automobile.png\",\"width\":300,\"height\":300,\"caption\":\"Carideal\"},\"image\":{\"@id\":\"https:\/\/www.carideal.com\/blog\/#\/schema\/logo\/image\/\"},\"sameAs\":[\"https:\/\/www.facebook.com\/Carideal.mandataire.automobile\",\"https:\/\/x.com\/caridealauto\",\"https:\/\/www.instagram.com\/carideal1\/\",\"https:\/\/www.linkedin.com\/company\/carideal.com\",\"https:\/\/fr.pinterest.com\/schiavonsas\/\",\"https:\/\/www.youtube.com\/user\/caridealsas\"]},{\"@type\":\"Person\",\"@id\":\"https:\/\/www.carideal.com\/blog\/#\/schema\/person\/985c7e757d1042d647f21bfaf8d41ebc\",\"name\":\"N.S Carideal\",\"image\":{\"@type\":\"ImageObject\",\"inLanguage\":\"fr-FR\",\"@id\":\"https:\/\/www.carideal.com\/blog\/#\/schema\/person\/image\/\",\"url\":\"https:\/\/secure.gravatar.com\/avatar\/edb7ccdf1a4e3d14aef967760d354d0e?s=96&r=g\",\"contentUrl\":\"https:\/\/secure.gravatar.com\/avatar\/edb7ccdf1a4e3d14aef967760d354d0e?s=96&r=g\",\"caption\":\"N.S Carideal\"},\"description\":\"Depuis tout petit fan d'automobile. Il est question d'essayer et de comparer toutes ces voitures qui nous ont fait r\u00e9ver, avant que celles-ci ne devient uniquement des voitures de collection.\",\"sameAs\":[\"http:\/\/www.carideal.com\/blog\",\"https:\/\/www.facebook.com\/Carideal.mandataire.automobile\/\",\"https:\/\/www.linkedin.com\/in\/nschiavon\/\",\"https:\/\/www.youtube.com\/user\/caridealsas\/\"],\"url\":\"https:\/\/www.carideal.com\/blog\/author\/admin_carideal\/\"}]}<\/script>\n<!-- \/ Yoast SEO plugin. -->","yoast_head_json":{"title":"Toyota iROAD Concept Car - Blog auto Carid\u00e9al","robots":{"index":"noindex","follow":"follow"},"og_locale":"fr_FR","og_type":"article","og_title":"Toyota iROAD Concept Car - Blog auto Carid\u00e9al","og_description":"Toyota iROAD Concept car Voil\u00e0 le gros concurrent du Renault Twizy, le Toyota iRoad, sauf qu'il aura 3 roues et non quatre gr\u00e2ce \u00e0 un ing\u00e9nieux syst\u00e8me de balancier g\u00e9r\u00e9 par \u00e9lectronique via un moteur \u00e9lectrique. Le concept car propose 2 places dans un format biplace de 2.35m. Il est mu via deux moteurs \u00e9lectriques ... Lire plus","og_url":"https:\/\/www.carideal.com\/blog\/2013\/07\/25\/toyota-iroad-concept-car\/","og_site_name":"Blog auto Carid\u00e9al","article_publisher":"https:\/\/www.facebook.com\/Carideal.mandataire.automobile","article_author":"https:\/\/www.facebook.com\/Carideal.mandataire.automobile\/","article_published_time":"2013-07-25T12:02:00+00:00","article_modified_time":"2019-01-28T17:50:22+00:00","og_image":[{"width":300,"height":300,"url":"https:\/\/www.carideal.com\/blog\/wp-content\/uploads\/2016\/03\/logo-carideal-mandataire-automobile.png","type":"image\/png"}],"author":"N.S Carideal","twitter_card":"summary_large_image","twitter_creator":"@caridealauto","twitter_site":"@caridealauto","twitter_misc":{"\u00c9crit par":"N.S Carideal","Dur\u00e9e de lecture estim\u00e9e":"1 minute"},"schema":{"@context":"https:\/\/schema.org","@graph":[{"@type":"Article","@id":"https:\/\/www.carideal.com\/blog\/2013\/07\/25\/toyota-iroad-concept-car\/#article","isPartOf":{"@id":"https:\/\/www.carideal.com\/blog\/2013\/07\/25\/toyota-iroad-concept-car\/"},"author":{"name":"N.S Carideal","@id":"https:\/\/www.carideal.com\/blog\/#\/schema\/person\/985c7e757d1042d647f21bfaf8d41ebc"},"headline":"Toyota iROAD Concept Car","datePublished":"2013-07-25T12:02:00+00:00","dateModified":"2019-01-28T17:50:22+00:00","mainEntityOfPage":{"@id":"https:\/\/www.carideal.com\/blog\/2013\/07\/25\/toyota-iroad-concept-car\/"},"wordCount":105,"commentCount":0,"publisher":{"@id":"https:\/\/www.carideal.com\/blog\/#organization"},"articleSection":["Ecologie"],"inLanguage":"fr-FR","potentialAction":[{"@type":"CommentAction","name":"Comment","target":["https:\/\/www.carideal.com\/blog\/2013\/07\/25\/toyota-iroad-concept-car\/#respond"]}]},{"@type":"WebPage","@id":"https:\/\/www.carideal.com\/blog\/2013\/07\/25\/toyota-iroad-concept-car\/","url":"https:\/\/www.carideal.com\/blog\/2013\/07\/25\/toyota-iroad-concept-car\/","name":"Toyota iROAD Concept Car - Blog auto Carid\u00e9al","isPartOf":{"@id":"https:\/\/www.carideal.com\/blog\/#website"},"datePublished":"2013-07-25T12:02:00+00:00","dateModified":"2019-01-28T17:50:22+00:00","breadcrumb":{"@id":"https:\/\/www.carideal.com\/blog\/2013\/07\/25\/toyota-iroad-concept-car\/#breadcrumb"},"inLanguage":"fr-FR","potentialAction":[{"@type":"ReadAction","target":["https:\/\/www.carideal.com\/blog\/2013\/07\/25\/toyota-iroad-concept-car\/"]}]},{"@type":"BreadcrumbList","@id":"https:\/\/www.carideal.com\/blog\/2013\/07\/25\/toyota-iroad-concept-car\/#breadcrumb","itemListElement":[{"@type":"ListItem","position":1,"name":"Blog Carid\u00e9al","item":"https:\/\/www.carideal.com\/blog\/"},{"@type":"ListItem","position":2,"name":"Ecologie","item":"https:\/\/www.carideal.com\/blog\/ecologie\/"},{"@type":"ListItem","position":3,"name":"Toyota iROAD Concept Car"}]},{"@type":"WebSite","@id":"https:\/\/www.carideal.com\/blog\/#website","url":"https:\/\/www.carideal.com\/blog\/","name":"Blog auto Carid\u00e9al","description":"Actualit\u00e9 auto par des passionn\u00e9s","publisher":{"@id":"https:\/\/www.carideal.com\/blog\/#organization"},"potentialAction":[{"@type":"SearchAction","target":{"@type":"EntryPoint","urlTemplate":"https:\/\/www.carideal.com\/blog\/?s={search_term_string}"},"query-input":{"@type":"PropertyValueSpecification","valueRequired":true,"valueName":"search_term_string"}}],"inLanguage":"fr-FR"},{"@type":"Organization","@id":"https:\/\/www.carideal.com\/blog\/#organization","name":"Carideal","url":"https:\/\/www.carideal.com\/blog\/","logo":{"@type":"ImageObject","inLanguage":"fr-FR","@id":"https:\/\/www.carideal.com\/blog\/#\/schema\/logo\/image\/","url":"http:\/\/www.carideal.com\/blog\/wp-content\/uploads\/2016\/03\/logo-carideal-mandataire-automobile.png","contentUrl":"http:\/\/www.carideal.com\/blog\/wp-content\/uploads\/2016\/03\/logo-carideal-mandataire-automobile.png","width":300,"height":300,"caption":"Carideal"},"image":{"@id":"https:\/\/www.carideal.com\/blog\/#\/schema\/logo\/image\/"},"sameAs":["https:\/\/www.facebook.com\/Carideal.mandataire.automobile","https:\/\/x.com\/caridealauto","https:\/\/www.instagram.com\/carideal1\/","https:\/\/www.linkedin.com\/company\/carideal.com","https:\/\/fr.pinterest.com\/schiavonsas\/","https:\/\/www.youtube.com\/user\/caridealsas"]},{"@type":"Person","@id":"https:\/\/www.carideal.com\/blog\/#\/schema\/person\/985c7e757d1042d647f21bfaf8d41ebc","name":"N.S Carideal","image":{"@type":"ImageObject","inLanguage":"fr-FR","@id":"https:\/\/www.carideal.com\/blog\/#\/schema\/person\/image\/","url":"https:\/\/secure.gravatar.com\/avatar\/edb7ccdf1a4e3d14aef967760d354d0e?s=96&r=g","contentUrl":"https:\/\/secure.gravatar.com\/avatar\/edb7ccdf1a4e3d14aef967760d354d0e?s=96&r=g","caption":"N.S Carideal"},"description":"Depuis tout petit fan d'automobile. Il est question d'essayer et de comparer toutes ces voitures qui nous ont fait r\u00e9ver, avant que celles-ci ne devient uniquement des voitures de collection.","sameAs":["http:\/\/www.carideal.com\/blog","https:\/\/www.facebook.com\/Carideal.mandataire.automobile\/","https:\/\/www.linkedin.com\/in\/nschiavon\/","https:\/\/www.youtube.com\/user\/caridealsas\/"],"url":"https:\/\/www.carideal.com\/blog\/author\/admin_carideal\/"}]}},"uagb_featured_image_src":{"full":false,"thumbnail":false,"medium":false,"medium_large":false,"large":false,"1536x1536":false,"2048x2048":false,"wppr-widget":false},"uagb_author_info":{"display_name":"N.S Carideal","author_link":"https:\/\/www.carideal.com\/blog\/author\/admin_carideal\/"},"uagb_comment_info":0,"uagb_excerpt":"Toyota iROAD Concept car Voil\u00e0 le gros concurrent du Renault Twizy, le Toyota iRoad, sauf qu'il aura 3 roues et non quatre gr\u00e2ce \u00e0 un ing\u00e9nieux syst\u00e8me de balancier g\u00e9r\u00e9 par \u00e9lectronique via un moteur \u00e9lectrique. Le concept car propose 2 places dans un format biplace de 2.35m. Il est mu via deux moteurs \u00e9lectriques\u2026","_links":{"self":[{"href":"https:\/\/www.carideal.com\/blog\/wp-json\/wp\/v2\/posts\/291"}],"collection":[{"href":"https:\/\/www.carideal.com\/blog\/wp-json\/wp\/v2\/posts"}],"about":[{"href":"https:\/\/www.carideal.com\/blog\/wp-json\/wp\/v2\/types\/post"}],"author":[{"embeddable":true,"href":"https:\/\/www.carideal.com\/blog\/wp-json\/wp\/v2\/users\/1"}],"replies":[{"embeddable":true,"href":"https:\/\/www.carideal.com\/blog\/wp-json\/wp\/v2\/comments?post=291"}],"version-history":[{"count":0,"href":"https:\/\/www.carideal.com\/blog\/wp-json\/wp\/v2\/posts\/291\/revisions"}],"wp:attachment":[{"href":"https:\/\/www.carideal.com\/blog\/wp-json\/wp\/v2\/media?parent=291"}],"wp:term":[{"taxonomy":"category","embeddable":true,"href":"https:\/\/www.carideal.com\/blog\/wp-json\/wp\/v2\/categories?post=291"},{"taxonomy":"post_tag","embeddable":true,"href":"https:\/\/www.carideal.com\/blog\/wp-json\/wp\/v2\/tags?post=291"}],"curies":[{"name":"wp","href":"https:\/\/api.w.org\/{rel}","templated":true}]}}