{"id":289,"date":"2013-05-26T17:40:00","date_gmt":"2013-05-26T17:40:00","guid":{"rendered":"http:\/\/carideal.com\/blog\/?p=289"},"modified":"2016-06-26T09:58:00","modified_gmt":"2016-06-26T07:58:00","slug":"chevrolet-spark-ev","status":"publish","type":"post","link":"https:\/\/www.carideal.com\/blog\/2013\/05\/26\/chevrolet-spark-ev\/","title":{"rendered":"Chevrolet Spark EV"},"content":{"rendered":"<p><img decoding=\"async\" title=\"Chevrolet-Spark-EV-2014-carideal-blog-automobile.jpg, mai 2013\" src=\"\/blog\/public\/.Chevrolet-Spark-EV-2014-carideal-blog-automobile_m.jpg\" alt=\"Chevrolet-Spark-EV-2014-carideal-blog-automobile.jpg\" \/><\/p>\n<h1><strong>Le Chevrolet Spark Ev voiture \u00e9lectrique<\/strong><\/h1>\n<p>La <strong>Chevrolet Spark EV<\/strong> comme voiture \u00e9lectrqiue sera \u00e9quip\u00e9e d'un \u00e9lectromoteur de 100 kw soit 136 ch qui lui permettra d'acc\u00e9l\u00e9rer sur le 0 \u00e0 100 km\/h en 8.5 sec et elle fait mieux qu'une voiture \u00e0 essence qui propose 15.5 sec pour la version 1.0 de 68 ch et 12.1 sec pour le 1.2 de 82 ch.<br \/>\nCette voiture ne prendra que 20 minutes pour recharcher 80% de sa batterie, mais nous n'avons aucun d\u00e9tails sur l'autonomie. Sa batterie est de type lithium-ion et p\u00e8se 254 kg, ce qui repr\u00e9sente 30% de la masse de la voiture et sera implant\u00e9e sous la banquette arri\u00e8re \u00e0 la place du r\u00e9servoir d'essence. C'est le meilleur compromis pour la r\u00e9partition des masses et la gestion de l'espace utile. Ainsi le volume du coffre reste \u00e0 170 litres.<\/p>\n","protected":false},"excerpt":{"rendered":"<p>Le Chevrolet Spark Ev voiture \u00e9lectrique La Chevrolet Spark EV comme voiture \u00e9lectrqiue sera \u00e9quip\u00e9e d&rsquo;un \u00e9lectromoteur de 100 kw soit 136 ch qui lui permettra d&rsquo;acc\u00e9l\u00e9rer sur le 0 \u00e0 100 km\/h en 8.5 sec et elle fait mieux qu&rsquo;une voiture \u00e0 essence qui propose 15.5 sec pour la version 1.0 de 68 ch &#8230; <a title=\"Chevrolet Spark EV\" class=\"read-more\" href=\"https:\/\/www.carideal.com\/blog\/2013\/05\/26\/chevrolet-spark-ev\/\" aria-label=\"En savoir plus sur Chevrolet Spark EV\">Lire plus<\/a><\/p>\n","protected":false},"author":1,"featured_media":0,"comment_status":"open","ping_status":"open","sticky":false,"template":"","format":"standard","meta":{"_uag_custom_page_level_css":"","_themeisle_gutenberg_block_has_review":false,"footnotes":""},"categories":[6146,5944,6012,6,5080,5974,5970],"tags":[],"class_list":["post-289","post","type-post","status-publish","format-standard","hentry","category-chevrolet","category-constructeur","category-berlines","category-ecologie","category-technologie-2","category-type-de-vehicule","category-electrique-technologie-2"],"wppr_data":[],"yoast_head":"<!-- This site is optimized with the Yoast SEO plugin v24.8.1 - https:\/\/yoast.com\/wordpress\/plugins\/seo\/ -->\n<title>Chevrolet Spark EV - Blog auto Carid\u00e9al<\/title>\n<meta name=\"robots\" content=\"index, follow, max-snippet:-1, max-image-preview:large, max-video-preview:-1\" \/>\n<link rel=\"canonical\" href=\"https:\/\/www.carideal.com\/blog\/2013\/05\/26\/chevrolet-spark-ev\/\" \/>\n<meta property=\"og:locale\" content=\"fr_FR\" \/>\n<meta property=\"og:type\" content=\"article\" \/>\n<meta property=\"og:title\" content=\"Chevrolet Spark EV - Blog auto Carid\u00e9al\" \/>\n<meta property=\"og:description\" content=\"Le Chevrolet Spark Ev voiture \u00e9lectrique La Chevrolet Spark EV comme voiture \u00e9lectrqiue sera \u00e9quip\u00e9e d&#039;un \u00e9lectromoteur de 100 kw soit 136 ch qui lui permettra d&#039;acc\u00e9l\u00e9rer sur le 0 \u00e0 100 km\/h en 8.5 sec et elle fait mieux qu&#039;une voiture \u00e0 essence qui propose 15.5 sec pour la version 1.0 de 68 ch ... Lire plus\" \/>\n<meta property=\"og:url\" content=\"https:\/\/www.carideal.com\/blog\/2013\/05\/26\/chevrolet-spark-ev\/\" \/>\n<meta property=\"og:site_name\" content=\"Blog auto Carid\u00e9al\" \/>\n<meta property=\"article:publisher\" content=\"https:\/\/www.facebook.com\/Carideal.mandataire.automobile\" \/>\n<meta property=\"article:author\" content=\"https:\/\/www.facebook.com\/Carideal.mandataire.automobile\/\" \/>\n<meta property=\"article:published_time\" content=\"2013-05-26T17:40:00+00:00\" \/>\n<meta property=\"article:modified_time\" content=\"2016-06-26T07:58:00+00:00\" \/>\n<meta property=\"og:image\" content=\"https:\/\/www.carideal.com\/blog\/wp-content\/uploads\/2016\/03\/logo-carideal-mandataire-automobile.png\" \/>\n\t<meta property=\"og:image:width\" content=\"300\" \/>\n\t<meta property=\"og:image:height\" content=\"300\" \/>\n\t<meta property=\"og:image:type\" content=\"image\/png\" \/>\n<meta name=\"author\" content=\"N.S Carideal\" \/>\n<meta name=\"twitter:card\" content=\"summary_large_image\" \/>\n<meta name=\"twitter:creator\" content=\"@caridealauto\" \/>\n<meta name=\"twitter:site\" content=\"@caridealauto\" \/>\n<meta name=\"twitter:label1\" content=\"\u00c9crit par\" \/>\n\t<meta name=\"twitter:data1\" content=\"N.S Carideal\" \/>\n\t<meta name=\"twitter:label2\" content=\"Dur\u00e9e de lecture estim\u00e9e\" \/>\n\t<meta name=\"twitter:data2\" content=\"1 minute\" \/>\n<script type=\"application\/ld+json\" class=\"yoast-schema-graph\">{\"@context\":\"https:\/\/schema.org\",\"@graph\":[{\"@type\":\"Article\",\"@id\":\"https:\/\/www.carideal.com\/blog\/2013\/05\/26\/chevrolet-spark-ev\/#article\",\"isPartOf\":{\"@id\":\"https:\/\/www.carideal.com\/blog\/2013\/05\/26\/chevrolet-spark-ev\/\"},\"author\":{\"name\":\"N.S Carideal\",\"@id\":\"https:\/\/www.carideal.com\/blog\/#\/schema\/person\/985c7e757d1042d647f21bfaf8d41ebc\"},\"headline\":\"Chevrolet Spark EV\",\"datePublished\":\"2013-05-26T17:40:00+00:00\",\"dateModified\":\"2016-06-26T07:58:00+00:00\",\"mainEntityOfPage\":{\"@id\":\"https:\/\/www.carideal.com\/blog\/2013\/05\/26\/chevrolet-spark-ev\/\"},\"wordCount\":135,\"commentCount\":0,\"publisher\":{\"@id\":\"https:\/\/www.carideal.com\/blog\/#organization\"},\"articleSection\":[\"Actualit\u00e9 Chevrolet\",\"Actualit\u00e9 Constructeur automobile\",\"Berlines\",\"Ecologie\",\"Technologie Automobile\",\"Type de v\u00e9hicule\",\"Voiture \u00e9lectrique\"],\"inLanguage\":\"fr-FR\",\"potentialAction\":[{\"@type\":\"CommentAction\",\"name\":\"Comment\",\"target\":[\"https:\/\/www.carideal.com\/blog\/2013\/05\/26\/chevrolet-spark-ev\/#respond\"]}]},{\"@type\":\"WebPage\",\"@id\":\"https:\/\/www.carideal.com\/blog\/2013\/05\/26\/chevrolet-spark-ev\/\",\"url\":\"https:\/\/www.carideal.com\/blog\/2013\/05\/26\/chevrolet-spark-ev\/\",\"name\":\"Chevrolet Spark EV - Blog auto Carid\u00e9al\",\"isPartOf\":{\"@id\":\"https:\/\/www.carideal.com\/blog\/#website\"},\"datePublished\":\"2013-05-26T17:40:00+00:00\",\"dateModified\":\"2016-06-26T07:58:00+00:00\",\"breadcrumb\":{\"@id\":\"https:\/\/www.carideal.com\/blog\/2013\/05\/26\/chevrolet-spark-ev\/#breadcrumb\"},\"inLanguage\":\"fr-FR\",\"potentialAction\":[{\"@type\":\"ReadAction\",\"target\":[\"https:\/\/www.carideal.com\/blog\/2013\/05\/26\/chevrolet-spark-ev\/\"]}]},{\"@type\":\"BreadcrumbList\",\"@id\":\"https:\/\/www.carideal.com\/blog\/2013\/05\/26\/chevrolet-spark-ev\/#breadcrumb\",\"itemListElement\":[{\"@type\":\"ListItem\",\"position\":1,\"name\":\"Blog Carid\u00e9al\",\"item\":\"https:\/\/www.carideal.com\/blog\/\"},{\"@type\":\"ListItem\",\"position\":2,\"name\":\"Ecologie\",\"item\":\"https:\/\/www.carideal.com\/blog\/ecologie\/\"},{\"@type\":\"ListItem\",\"position\":3,\"name\":\"Chevrolet Spark EV\"}]},{\"@type\":\"WebSite\",\"@id\":\"https:\/\/www.carideal.com\/blog\/#website\",\"url\":\"https:\/\/www.carideal.com\/blog\/\",\"name\":\"Blog auto Carid\u00e9al\",\"description\":\"Actualit\u00e9 auto par des passionn\u00e9s\",\"publisher\":{\"@id\":\"https:\/\/www.carideal.com\/blog\/#organization\"},\"potentialAction\":[{\"@type\":\"SearchAction\",\"target\":{\"@type\":\"EntryPoint\",\"urlTemplate\":\"https:\/\/www.carideal.com\/blog\/?s={search_term_string}\"},\"query-input\":{\"@type\":\"PropertyValueSpecification\",\"valueRequired\":true,\"valueName\":\"search_term_string\"}}],\"inLanguage\":\"fr-FR\"},{\"@type\":\"Organization\",\"@id\":\"https:\/\/www.carideal.com\/blog\/#organization\",\"name\":\"Carideal\",\"url\":\"https:\/\/www.carideal.com\/blog\/\",\"logo\":{\"@type\":\"ImageObject\",\"inLanguage\":\"fr-FR\",\"@id\":\"https:\/\/www.carideal.com\/blog\/#\/schema\/logo\/image\/\",\"url\":\"http:\/\/www.carideal.com\/blog\/wp-content\/uploads\/2016\/03\/logo-carideal-mandataire-automobile.png\",\"contentUrl\":\"http:\/\/www.carideal.com\/blog\/wp-content\/uploads\/2016\/03\/logo-carideal-mandataire-automobile.png\",\"width\":300,\"height\":300,\"caption\":\"Carideal\"},\"image\":{\"@id\":\"https:\/\/www.carideal.com\/blog\/#\/schema\/logo\/image\/\"},\"sameAs\":[\"https:\/\/www.facebook.com\/Carideal.mandataire.automobile\",\"https:\/\/x.com\/caridealauto\",\"https:\/\/www.instagram.com\/carideal1\/\",\"https:\/\/www.linkedin.com\/company\/carideal.com\",\"https:\/\/fr.pinterest.com\/schiavonsas\/\",\"https:\/\/www.youtube.com\/user\/caridealsas\"]},{\"@type\":\"Person\",\"@id\":\"https:\/\/www.carideal.com\/blog\/#\/schema\/person\/985c7e757d1042d647f21bfaf8d41ebc\",\"name\":\"N.S Carideal\",\"image\":{\"@type\":\"ImageObject\",\"inLanguage\":\"fr-FR\",\"@id\":\"https:\/\/www.carideal.com\/blog\/#\/schema\/person\/image\/\",\"url\":\"https:\/\/secure.gravatar.com\/avatar\/edb7ccdf1a4e3d14aef967760d354d0e?s=96&r=g\",\"contentUrl\":\"https:\/\/secure.gravatar.com\/avatar\/edb7ccdf1a4e3d14aef967760d354d0e?s=96&r=g\",\"caption\":\"N.S Carideal\"},\"description\":\"Depuis tout petit fan d'automobile. Il est question d'essayer et de comparer toutes ces voitures qui nous ont fait r\u00e9ver, avant que celles-ci ne devient uniquement des voitures de collection.\",\"sameAs\":[\"http:\/\/www.carideal.com\/blog\",\"https:\/\/www.facebook.com\/Carideal.mandataire.automobile\/\",\"https:\/\/www.linkedin.com\/in\/nschiavon\/\",\"https:\/\/www.youtube.com\/user\/caridealsas\/\"],\"url\":\"https:\/\/www.carideal.com\/blog\/author\/admin_carideal\/\"}]}<\/script>\n<!-- \/ Yoast SEO plugin. -->","yoast_head_json":{"title":"Chevrolet Spark EV - Blog auto Carid\u00e9al","robots":{"index":"index","follow":"follow","max-snippet":"max-snippet:-1","max-image-preview":"max-image-preview:large","max-video-preview":"max-video-preview:-1"},"canonical":"https:\/\/www.carideal.com\/blog\/2013\/05\/26\/chevrolet-spark-ev\/","og_locale":"fr_FR","og_type":"article","og_title":"Chevrolet Spark EV - Blog auto Carid\u00e9al","og_description":"Le Chevrolet Spark Ev voiture \u00e9lectrique La Chevrolet Spark EV comme voiture \u00e9lectrqiue sera \u00e9quip\u00e9e d'un \u00e9lectromoteur de 100 kw soit 136 ch qui lui permettra d'acc\u00e9l\u00e9rer sur le 0 \u00e0 100 km\/h en 8.5 sec et elle fait mieux qu'une voiture \u00e0 essence qui propose 15.5 sec pour la version 1.0 de 68 ch ... Lire plus","og_url":"https:\/\/www.carideal.com\/blog\/2013\/05\/26\/chevrolet-spark-ev\/","og_site_name":"Blog auto Carid\u00e9al","article_publisher":"https:\/\/www.facebook.com\/Carideal.mandataire.automobile","article_author":"https:\/\/www.facebook.com\/Carideal.mandataire.automobile\/","article_published_time":"2013-05-26T17:40:00+00:00","article_modified_time":"2016-06-26T07:58:00+00:00","og_image":[{"width":300,"height":300,"url":"https:\/\/www.carideal.com\/blog\/wp-content\/uploads\/2016\/03\/logo-carideal-mandataire-automobile.png","type":"image\/png"}],"author":"N.S Carideal","twitter_card":"summary_large_image","twitter_creator":"@caridealauto","twitter_site":"@caridealauto","twitter_misc":{"\u00c9crit par":"N.S Carideal","Dur\u00e9e de lecture estim\u00e9e":"1 minute"},"schema":{"@context":"https:\/\/schema.org","@graph":[{"@type":"Article","@id":"https:\/\/www.carideal.com\/blog\/2013\/05\/26\/chevrolet-spark-ev\/#article","isPartOf":{"@id":"https:\/\/www.carideal.com\/blog\/2013\/05\/26\/chevrolet-spark-ev\/"},"author":{"name":"N.S Carideal","@id":"https:\/\/www.carideal.com\/blog\/#\/schema\/person\/985c7e757d1042d647f21bfaf8d41ebc"},"headline":"Chevrolet Spark EV","datePublished":"2013-05-26T17:40:00+00:00","dateModified":"2016-06-26T07:58:00+00:00","mainEntityOfPage":{"@id":"https:\/\/www.carideal.com\/blog\/2013\/05\/26\/chevrolet-spark-ev\/"},"wordCount":135,"commentCount":0,"publisher":{"@id":"https:\/\/www.carideal.com\/blog\/#organization"},"articleSection":["Actualit\u00e9 Chevrolet","Actualit\u00e9 Constructeur automobile","Berlines","Ecologie","Technologie Automobile","Type de v\u00e9hicule","Voiture \u00e9lectrique"],"inLanguage":"fr-FR","potentialAction":[{"@type":"CommentAction","name":"Comment","target":["https:\/\/www.carideal.com\/blog\/2013\/05\/26\/chevrolet-spark-ev\/#respond"]}]},{"@type":"WebPage","@id":"https:\/\/www.carideal.com\/blog\/2013\/05\/26\/chevrolet-spark-ev\/","url":"https:\/\/www.carideal.com\/blog\/2013\/05\/26\/chevrolet-spark-ev\/","name":"Chevrolet Spark EV - Blog auto Carid\u00e9al","isPartOf":{"@id":"https:\/\/www.carideal.com\/blog\/#website"},"datePublished":"2013-05-26T17:40:00+00:00","dateModified":"2016-06-26T07:58:00+00:00","breadcrumb":{"@id":"https:\/\/www.carideal.com\/blog\/2013\/05\/26\/chevrolet-spark-ev\/#breadcrumb"},"inLanguage":"fr-FR","potentialAction":[{"@type":"ReadAction","target":["https:\/\/www.carideal.com\/blog\/2013\/05\/26\/chevrolet-spark-ev\/"]}]},{"@type":"BreadcrumbList","@id":"https:\/\/www.carideal.com\/blog\/2013\/05\/26\/chevrolet-spark-ev\/#breadcrumb","itemListElement":[{"@type":"ListItem","position":1,"name":"Blog Carid\u00e9al","item":"https:\/\/www.carideal.com\/blog\/"},{"@type":"ListItem","position":2,"name":"Ecologie","item":"https:\/\/www.carideal.com\/blog\/ecologie\/"},{"@type":"ListItem","position":3,"name":"Chevrolet Spark EV"}]},{"@type":"WebSite","@id":"https:\/\/www.carideal.com\/blog\/#website","url":"https:\/\/www.carideal.com\/blog\/","name":"Blog auto Carid\u00e9al","description":"Actualit\u00e9 auto par des passionn\u00e9s","publisher":{"@id":"https:\/\/www.carideal.com\/blog\/#organization"},"potentialAction":[{"@type":"SearchAction","target":{"@type":"EntryPoint","urlTemplate":"https:\/\/www.carideal.com\/blog\/?s={search_term_string}"},"query-input":{"@type":"PropertyValueSpecification","valueRequired":true,"valueName":"search_term_string"}}],"inLanguage":"fr-FR"},{"@type":"Organization","@id":"https:\/\/www.carideal.com\/blog\/#organization","name":"Carideal","url":"https:\/\/www.carideal.com\/blog\/","logo":{"@type":"ImageObject","inLanguage":"fr-FR","@id":"https:\/\/www.carideal.com\/blog\/#\/schema\/logo\/image\/","url":"http:\/\/www.carideal.com\/blog\/wp-content\/uploads\/2016\/03\/logo-carideal-mandataire-automobile.png","contentUrl":"http:\/\/www.carideal.com\/blog\/wp-content\/uploads\/2016\/03\/logo-carideal-mandataire-automobile.png","width":300,"height":300,"caption":"Carideal"},"image":{"@id":"https:\/\/www.carideal.com\/blog\/#\/schema\/logo\/image\/"},"sameAs":["https:\/\/www.facebook.com\/Carideal.mandataire.automobile","https:\/\/x.com\/caridealauto","https:\/\/www.instagram.com\/carideal1\/","https:\/\/www.linkedin.com\/company\/carideal.com","https:\/\/fr.pinterest.com\/schiavonsas\/","https:\/\/www.youtube.com\/user\/caridealsas"]},{"@type":"Person","@id":"https:\/\/www.carideal.com\/blog\/#\/schema\/person\/985c7e757d1042d647f21bfaf8d41ebc","name":"N.S Carideal","image":{"@type":"ImageObject","inLanguage":"fr-FR","@id":"https:\/\/www.carideal.com\/blog\/#\/schema\/person\/image\/","url":"https:\/\/secure.gravatar.com\/avatar\/edb7ccdf1a4e3d14aef967760d354d0e?s=96&r=g","contentUrl":"https:\/\/secure.gravatar.com\/avatar\/edb7ccdf1a4e3d14aef967760d354d0e?s=96&r=g","caption":"N.S Carideal"},"description":"Depuis tout petit fan d'automobile. Il est question d'essayer et de comparer toutes ces voitures qui nous ont fait r\u00e9ver, avant que celles-ci ne devient uniquement des voitures de collection.","sameAs":["http:\/\/www.carideal.com\/blog","https:\/\/www.facebook.com\/Carideal.mandataire.automobile\/","https:\/\/www.linkedin.com\/in\/nschiavon\/","https:\/\/www.youtube.com\/user\/caridealsas\/"],"url":"https:\/\/www.carideal.com\/blog\/author\/admin_carideal\/"}]}},"uagb_featured_image_src":{"full":false,"thumbnail":false,"medium":false,"medium_large":false,"large":false,"1536x1536":false,"2048x2048":false,"wppr-widget":false},"uagb_author_info":{"display_name":"N.S Carideal","author_link":"https:\/\/www.carideal.com\/blog\/author\/admin_carideal\/"},"uagb_comment_info":0,"uagb_excerpt":"Le Chevrolet Spark Ev voiture \u00e9lectrique La Chevrolet Spark EV comme voiture \u00e9lectrqiue sera \u00e9quip\u00e9e d'un \u00e9lectromoteur de 100 kw soit 136 ch qui lui permettra d'acc\u00e9l\u00e9rer sur le 0 \u00e0 100 km\/h en 8.5 sec et elle fait mieux qu'une voiture \u00e0 essence qui propose 15.5 sec pour la version 1.0 de 68 ch\u2026","_links":{"self":[{"href":"https:\/\/www.carideal.com\/blog\/wp-json\/wp\/v2\/posts\/289"}],"collection":[{"href":"https:\/\/www.carideal.com\/blog\/wp-json\/wp\/v2\/posts"}],"about":[{"href":"https:\/\/www.carideal.com\/blog\/wp-json\/wp\/v2\/types\/post"}],"author":[{"embeddable":true,"href":"https:\/\/www.carideal.com\/blog\/wp-json\/wp\/v2\/users\/1"}],"replies":[{"embeddable":true,"href":"https:\/\/www.carideal.com\/blog\/wp-json\/wp\/v2\/comments?post=289"}],"version-history":[{"count":0,"href":"https:\/\/www.carideal.com\/blog\/wp-json\/wp\/v2\/posts\/289\/revisions"}],"wp:attachment":[{"href":"https:\/\/www.carideal.com\/blog\/wp-json\/wp\/v2\/media?parent=289"}],"wp:term":[{"taxonomy":"category","embeddable":true,"href":"https:\/\/www.carideal.com\/blog\/wp-json\/wp\/v2\/categories?post=289"},{"taxonomy":"post_tag","embeddable":true,"href":"https:\/\/www.carideal.com\/blog\/wp-json\/wp\/v2\/tags?post=289"}],"curies":[{"name":"wp","href":"https:\/\/api.w.org\/{rel}","templated":true}]}}