{"id":288,"date":"2013-04-22T14:55:00","date_gmt":"2013-04-22T14:55:00","guid":{"rendered":"http:\/\/carideal.com\/blog\/?p=288"},"modified":"2020-03-07T16:47:29","modified_gmt":"2020-03-07T15:47:29","slug":"le-marche-de-la-voiture-hybride-passe-la-surmultipliee","status":"publish","type":"post","link":"https:\/\/www.carideal.com\/blog\/2013\/04\/22\/le-marche-de-la-voiture-hybride-passe-la-surmultipliee\/","title":{"rendered":"Le march\u00e9 de la voiture hybride passe la surmultipli\u00e9e !"},"content":{"rendered":"<\/p>\n<blockquote>\n<p>La toyota Auris 136 h fait partie des meilleures <a href=\"\/blog\/index.php?tag\/ventes\">ventes<\/a> en <a href=\"\/blog\/index.php?tag\/France\">France<\/a> en <a href=\"\/blog\/index.php?tag\/2012\">2012<\/a><\/p>\n<\/blockquote>\n<p><strong>Le march\u00e9 japonais est loin devant :<\/strong> <strong>Japon :<\/strong> En 2000 il s'est vendu 17042 voitures hybrides au Japon, puis 108189 en 2008 et 690000 en 2012&nbsp;! <strong>Etats unis :<\/strong> En 2000 il s'est vendu 7010 voitures hybrides, puis 313517 en 2008 et 426418 en 2012. <strong>Europe :<\/strong> En 2000 il s'est vendu 433 voitures hybrides, puis 69401 en 2008 et 116874 en 2012 <br \/>\nEn France en 2012 il s'est vendu 28000 voitures hybrides soit deux fois plus qu'en 2011.<\/p>\n<p><strong>Toyota le leader incontestable !<\/strong> <br \/>\nEn 2012, Toyota a vendu  1 083 533 voitures hybrides dans le monde (y compris avec sa filiale Lexus). Pendant ce temps, Honda 40640, GM 34616, Hyundai 31132, Ford 23906, PSA 10000, Daimler 5652, VW 2029, BMW 1008, Nissan 775, soit un total monde de 1235303. <\/p>\n<p>Les analystes pr\u00e9voient que les ventes de voitures hybrides devraient \u00eatre multipli\u00e9es par 18 et celles des <a href=\"\/blog\/index.php?tag\/voitures%20%C3%A9lectriques\">voitures \u00e9lectriques<\/a> par 67.<br \/>\nHonda n'a pu rivaliser avec Toyota car son syt\u00eame hybride est moins performant.<br \/>\nChrysler a m\u00eame d\u00e9j\u00e0 abandonn\u00e9 le combat, tandis que Ford et GM sont \u00e0 la peine. Les constructeurs Allemands haut de gamme ne s'y int\u00e9ressent pas, et PSA essaye d'y trouver des solutions durables et viables \u00e9conomiquement. Renault et Nissan n'y croient pas et ont tout mis\u00e9 sur la voiture \u00e9lectrique.<br \/>\nUn seul march\u00e9 ou les voitures hybrides ou \u00e9lectriques ne bougent pas&nbsp;: la Chine !<\/p>\n","protected":false},"excerpt":{"rendered":"<p>La toyota Auris 136 h fait partie des meilleures ventes en France en 2012 Le march\u00e9 japonais est loin devant : Japon : En 2000 il s&rsquo;est vendu 17042 voitures hybrides au Japon, puis 108189 en 2008 et 690000 en 2012&nbsp;! Etats unis : En 2000 il s&rsquo;est vendu 7010 voitures hybrides, puis 313517 en &#8230; <a title=\"Le march\u00e9 de la voiture hybride passe la surmultipli\u00e9e !\" class=\"read-more\" href=\"https:\/\/www.carideal.com\/blog\/2013\/04\/22\/le-marche-de-la-voiture-hybride-passe-la-surmultipliee\/\" aria-label=\"En savoir plus sur Le march\u00e9 de la voiture hybride passe la surmultipli\u00e9e !\">Lire plus<\/a><\/p>\n","protected":false},"author":1,"featured_media":0,"comment_status":"open","ping_status":"open","sticky":false,"template":"","format":"standard","meta":{"_uag_custom_page_level_css":"","_themeisle_gutenberg_block_has_review":false,"footnotes":""},"categories":[6],"tags":[],"class_list":["post-288","post","type-post","status-publish","format-standard","hentry","category-ecologie"],"wppr_data":[],"yoast_head":"<!-- This site is optimized with the Yoast SEO plugin v24.8.1 - https:\/\/yoast.com\/wordpress\/plugins\/seo\/ -->\n<title>Le march\u00e9 de la voiture hybride passe la surmultipli\u00e9e ! - Blog auto Carid\u00e9al<\/title>\n<meta name=\"robots\" content=\"index, follow, max-snippet:-1, max-image-preview:large, max-video-preview:-1\" \/>\n<link rel=\"canonical\" href=\"https:\/\/www.carideal.com\/blog\/2013\/04\/22\/le-marche-de-la-voiture-hybride-passe-la-surmultipliee\/\" \/>\n<meta property=\"og:locale\" content=\"fr_FR\" \/>\n<meta property=\"og:type\" content=\"article\" \/>\n<meta property=\"og:title\" content=\"Le march\u00e9 de la voiture hybride passe la surmultipli\u00e9e ! - Blog auto Carid\u00e9al\" \/>\n<meta property=\"og:description\" content=\"La toyota Auris 136 h fait partie des meilleures ventes en France en 2012 Le march\u00e9 japonais est loin devant : Japon : En 2000 il s&#039;est vendu 17042 voitures hybrides au Japon, puis 108189 en 2008 et 690000 en 2012&nbsp;! Etats unis : En 2000 il s&#039;est vendu 7010 voitures hybrides, puis 313517 en ... Lire plus\" \/>\n<meta property=\"og:url\" content=\"https:\/\/www.carideal.com\/blog\/2013\/04\/22\/le-marche-de-la-voiture-hybride-passe-la-surmultipliee\/\" \/>\n<meta property=\"og:site_name\" content=\"Blog auto Carid\u00e9al\" \/>\n<meta property=\"article:publisher\" content=\"https:\/\/www.facebook.com\/Carideal.mandataire.automobile\" \/>\n<meta property=\"article:author\" content=\"https:\/\/www.facebook.com\/Carideal.mandataire.automobile\/\" \/>\n<meta property=\"article:published_time\" content=\"2013-04-22T14:55:00+00:00\" \/>\n<meta property=\"article:modified_time\" content=\"2020-03-07T15:47:29+00:00\" \/>\n<meta property=\"og:image\" content=\"https:\/\/www.carideal.com\/blog\/wp-content\/uploads\/2016\/03\/logo-carideal-mandataire-automobile.png\" \/>\n\t<meta property=\"og:image:width\" content=\"300\" \/>\n\t<meta property=\"og:image:height\" content=\"300\" \/>\n\t<meta property=\"og:image:type\" content=\"image\/png\" \/>\n<meta name=\"author\" content=\"N.S Carideal\" \/>\n<meta name=\"twitter:card\" content=\"summary_large_image\" \/>\n<meta name=\"twitter:creator\" content=\"@caridealauto\" \/>\n<meta name=\"twitter:site\" content=\"@caridealauto\" \/>\n<meta name=\"twitter:label1\" content=\"\u00c9crit par\" \/>\n\t<meta name=\"twitter:data1\" content=\"N.S Carideal\" \/>\n\t<meta name=\"twitter:label2\" content=\"Dur\u00e9e de lecture estim\u00e9e\" \/>\n\t<meta name=\"twitter:data2\" content=\"1 minute\" \/>\n<script type=\"application\/ld+json\" class=\"yoast-schema-graph\">{\"@context\":\"https:\/\/schema.org\",\"@graph\":[{\"@type\":\"Article\",\"@id\":\"https:\/\/www.carideal.com\/blog\/2013\/04\/22\/le-marche-de-la-voiture-hybride-passe-la-surmultipliee\/#article\",\"isPartOf\":{\"@id\":\"https:\/\/www.carideal.com\/blog\/2013\/04\/22\/le-marche-de-la-voiture-hybride-passe-la-surmultipliee\/\"},\"author\":{\"name\":\"N.S Carideal\",\"@id\":\"https:\/\/www.carideal.com\/blog\/#\/schema\/person\/985c7e757d1042d647f21bfaf8d41ebc\"},\"headline\":\"Le march\u00e9 de la voiture hybride passe la surmultipli\u00e9e !\",\"datePublished\":\"2013-04-22T14:55:00+00:00\",\"dateModified\":\"2020-03-07T15:47:29+00:00\",\"mainEntityOfPage\":{\"@id\":\"https:\/\/www.carideal.com\/blog\/2013\/04\/22\/le-marche-de-la-voiture-hybride-passe-la-surmultipliee\/\"},\"wordCount\":217,\"commentCount\":0,\"publisher\":{\"@id\":\"https:\/\/www.carideal.com\/blog\/#organization\"},\"articleSection\":[\"Ecologie\"],\"inLanguage\":\"fr-FR\",\"potentialAction\":[{\"@type\":\"CommentAction\",\"name\":\"Comment\",\"target\":[\"https:\/\/www.carideal.com\/blog\/2013\/04\/22\/le-marche-de-la-voiture-hybride-passe-la-surmultipliee\/#respond\"]}]},{\"@type\":\"WebPage\",\"@id\":\"https:\/\/www.carideal.com\/blog\/2013\/04\/22\/le-marche-de-la-voiture-hybride-passe-la-surmultipliee\/\",\"url\":\"https:\/\/www.carideal.com\/blog\/2013\/04\/22\/le-marche-de-la-voiture-hybride-passe-la-surmultipliee\/\",\"name\":\"Le march\u00e9 de la voiture hybride passe la surmultipli\u00e9e ! - Blog auto Carid\u00e9al\",\"isPartOf\":{\"@id\":\"https:\/\/www.carideal.com\/blog\/#website\"},\"datePublished\":\"2013-04-22T14:55:00+00:00\",\"dateModified\":\"2020-03-07T15:47:29+00:00\",\"breadcrumb\":{\"@id\":\"https:\/\/www.carideal.com\/blog\/2013\/04\/22\/le-marche-de-la-voiture-hybride-passe-la-surmultipliee\/#breadcrumb\"},\"inLanguage\":\"fr-FR\",\"potentialAction\":[{\"@type\":\"ReadAction\",\"target\":[\"https:\/\/www.carideal.com\/blog\/2013\/04\/22\/le-marche-de-la-voiture-hybride-passe-la-surmultipliee\/\"]}]},{\"@type\":\"BreadcrumbList\",\"@id\":\"https:\/\/www.carideal.com\/blog\/2013\/04\/22\/le-marche-de-la-voiture-hybride-passe-la-surmultipliee\/#breadcrumb\",\"itemListElement\":[{\"@type\":\"ListItem\",\"position\":1,\"name\":\"Blog Carid\u00e9al\",\"item\":\"https:\/\/www.carideal.com\/blog\/\"},{\"@type\":\"ListItem\",\"position\":2,\"name\":\"Ecologie\",\"item\":\"https:\/\/www.carideal.com\/blog\/ecologie\/\"},{\"@type\":\"ListItem\",\"position\":3,\"name\":\"Le march\u00e9 de la voiture hybride passe la surmultipli\u00e9e !\"}]},{\"@type\":\"WebSite\",\"@id\":\"https:\/\/www.carideal.com\/blog\/#website\",\"url\":\"https:\/\/www.carideal.com\/blog\/\",\"name\":\"Blog auto Carid\u00e9al\",\"description\":\"Actualit\u00e9 auto par des passionn\u00e9s\",\"publisher\":{\"@id\":\"https:\/\/www.carideal.com\/blog\/#organization\"},\"potentialAction\":[{\"@type\":\"SearchAction\",\"target\":{\"@type\":\"EntryPoint\",\"urlTemplate\":\"https:\/\/www.carideal.com\/blog\/?s={search_term_string}\"},\"query-input\":{\"@type\":\"PropertyValueSpecification\",\"valueRequired\":true,\"valueName\":\"search_term_string\"}}],\"inLanguage\":\"fr-FR\"},{\"@type\":\"Organization\",\"@id\":\"https:\/\/www.carideal.com\/blog\/#organization\",\"name\":\"Carideal\",\"url\":\"https:\/\/www.carideal.com\/blog\/\",\"logo\":{\"@type\":\"ImageObject\",\"inLanguage\":\"fr-FR\",\"@id\":\"https:\/\/www.carideal.com\/blog\/#\/schema\/logo\/image\/\",\"url\":\"http:\/\/www.carideal.com\/blog\/wp-content\/uploads\/2016\/03\/logo-carideal-mandataire-automobile.png\",\"contentUrl\":\"http:\/\/www.carideal.com\/blog\/wp-content\/uploads\/2016\/03\/logo-carideal-mandataire-automobile.png\",\"width\":300,\"height\":300,\"caption\":\"Carideal\"},\"image\":{\"@id\":\"https:\/\/www.carideal.com\/blog\/#\/schema\/logo\/image\/\"},\"sameAs\":[\"https:\/\/www.facebook.com\/Carideal.mandataire.automobile\",\"https:\/\/x.com\/caridealauto\",\"https:\/\/www.instagram.com\/carideal1\/\",\"https:\/\/www.linkedin.com\/company\/carideal.com\",\"https:\/\/fr.pinterest.com\/schiavonsas\/\",\"https:\/\/www.youtube.com\/user\/caridealsas\"]},{\"@type\":\"Person\",\"@id\":\"https:\/\/www.carideal.com\/blog\/#\/schema\/person\/985c7e757d1042d647f21bfaf8d41ebc\",\"name\":\"N.S Carideal\",\"image\":{\"@type\":\"ImageObject\",\"inLanguage\":\"fr-FR\",\"@id\":\"https:\/\/www.carideal.com\/blog\/#\/schema\/person\/image\/\",\"url\":\"https:\/\/secure.gravatar.com\/avatar\/edb7ccdf1a4e3d14aef967760d354d0e?s=96&r=g\",\"contentUrl\":\"https:\/\/secure.gravatar.com\/avatar\/edb7ccdf1a4e3d14aef967760d354d0e?s=96&r=g\",\"caption\":\"N.S Carideal\"},\"description\":\"Depuis tout petit fan d'automobile. Il est question d'essayer et de comparer toutes ces voitures qui nous ont fait r\u00e9ver, avant que celles-ci ne devient uniquement des voitures de collection.\",\"sameAs\":[\"http:\/\/www.carideal.com\/blog\",\"https:\/\/www.facebook.com\/Carideal.mandataire.automobile\/\",\"https:\/\/www.linkedin.com\/in\/nschiavon\/\",\"https:\/\/www.youtube.com\/user\/caridealsas\/\"],\"url\":\"https:\/\/www.carideal.com\/blog\/author\/admin_carideal\/\"}]}<\/script>\n<!-- \/ Yoast SEO plugin. -->","yoast_head_json":{"title":"Le march\u00e9 de la voiture hybride passe la surmultipli\u00e9e ! - Blog auto Carid\u00e9al","robots":{"index":"index","follow":"follow","max-snippet":"max-snippet:-1","max-image-preview":"max-image-preview:large","max-video-preview":"max-video-preview:-1"},"canonical":"https:\/\/www.carideal.com\/blog\/2013\/04\/22\/le-marche-de-la-voiture-hybride-passe-la-surmultipliee\/","og_locale":"fr_FR","og_type":"article","og_title":"Le march\u00e9 de la voiture hybride passe la surmultipli\u00e9e ! - Blog auto Carid\u00e9al","og_description":"La toyota Auris 136 h fait partie des meilleures ventes en France en 2012 Le march\u00e9 japonais est loin devant : Japon : En 2000 il s'est vendu 17042 voitures hybrides au Japon, puis 108189 en 2008 et 690000 en 2012&nbsp;! Etats unis : En 2000 il s'est vendu 7010 voitures hybrides, puis 313517 en ... Lire plus","og_url":"https:\/\/www.carideal.com\/blog\/2013\/04\/22\/le-marche-de-la-voiture-hybride-passe-la-surmultipliee\/","og_site_name":"Blog auto Carid\u00e9al","article_publisher":"https:\/\/www.facebook.com\/Carideal.mandataire.automobile","article_author":"https:\/\/www.facebook.com\/Carideal.mandataire.automobile\/","article_published_time":"2013-04-22T14:55:00+00:00","article_modified_time":"2020-03-07T15:47:29+00:00","og_image":[{"width":300,"height":300,"url":"https:\/\/www.carideal.com\/blog\/wp-content\/uploads\/2016\/03\/logo-carideal-mandataire-automobile.png","type":"image\/png"}],"author":"N.S Carideal","twitter_card":"summary_large_image","twitter_creator":"@caridealauto","twitter_site":"@caridealauto","twitter_misc":{"\u00c9crit par":"N.S Carideal","Dur\u00e9e de lecture estim\u00e9e":"1 minute"},"schema":{"@context":"https:\/\/schema.org","@graph":[{"@type":"Article","@id":"https:\/\/www.carideal.com\/blog\/2013\/04\/22\/le-marche-de-la-voiture-hybride-passe-la-surmultipliee\/#article","isPartOf":{"@id":"https:\/\/www.carideal.com\/blog\/2013\/04\/22\/le-marche-de-la-voiture-hybride-passe-la-surmultipliee\/"},"author":{"name":"N.S Carideal","@id":"https:\/\/www.carideal.com\/blog\/#\/schema\/person\/985c7e757d1042d647f21bfaf8d41ebc"},"headline":"Le march\u00e9 de la voiture hybride passe la surmultipli\u00e9e !","datePublished":"2013-04-22T14:55:00+00:00","dateModified":"2020-03-07T15:47:29+00:00","mainEntityOfPage":{"@id":"https:\/\/www.carideal.com\/blog\/2013\/04\/22\/le-marche-de-la-voiture-hybride-passe-la-surmultipliee\/"},"wordCount":217,"commentCount":0,"publisher":{"@id":"https:\/\/www.carideal.com\/blog\/#organization"},"articleSection":["Ecologie"],"inLanguage":"fr-FR","potentialAction":[{"@type":"CommentAction","name":"Comment","target":["https:\/\/www.carideal.com\/blog\/2013\/04\/22\/le-marche-de-la-voiture-hybride-passe-la-surmultipliee\/#respond"]}]},{"@type":"WebPage","@id":"https:\/\/www.carideal.com\/blog\/2013\/04\/22\/le-marche-de-la-voiture-hybride-passe-la-surmultipliee\/","url":"https:\/\/www.carideal.com\/blog\/2013\/04\/22\/le-marche-de-la-voiture-hybride-passe-la-surmultipliee\/","name":"Le march\u00e9 de la voiture hybride passe la surmultipli\u00e9e ! - Blog auto Carid\u00e9al","isPartOf":{"@id":"https:\/\/www.carideal.com\/blog\/#website"},"datePublished":"2013-04-22T14:55:00+00:00","dateModified":"2020-03-07T15:47:29+00:00","breadcrumb":{"@id":"https:\/\/www.carideal.com\/blog\/2013\/04\/22\/le-marche-de-la-voiture-hybride-passe-la-surmultipliee\/#breadcrumb"},"inLanguage":"fr-FR","potentialAction":[{"@type":"ReadAction","target":["https:\/\/www.carideal.com\/blog\/2013\/04\/22\/le-marche-de-la-voiture-hybride-passe-la-surmultipliee\/"]}]},{"@type":"BreadcrumbList","@id":"https:\/\/www.carideal.com\/blog\/2013\/04\/22\/le-marche-de-la-voiture-hybride-passe-la-surmultipliee\/#breadcrumb","itemListElement":[{"@type":"ListItem","position":1,"name":"Blog Carid\u00e9al","item":"https:\/\/www.carideal.com\/blog\/"},{"@type":"ListItem","position":2,"name":"Ecologie","item":"https:\/\/www.carideal.com\/blog\/ecologie\/"},{"@type":"ListItem","position":3,"name":"Le march\u00e9 de la voiture hybride passe la surmultipli\u00e9e !"}]},{"@type":"WebSite","@id":"https:\/\/www.carideal.com\/blog\/#website","url":"https:\/\/www.carideal.com\/blog\/","name":"Blog auto Carid\u00e9al","description":"Actualit\u00e9 auto par des passionn\u00e9s","publisher":{"@id":"https:\/\/www.carideal.com\/blog\/#organization"},"potentialAction":[{"@type":"SearchAction","target":{"@type":"EntryPoint","urlTemplate":"https:\/\/www.carideal.com\/blog\/?s={search_term_string}"},"query-input":{"@type":"PropertyValueSpecification","valueRequired":true,"valueName":"search_term_string"}}],"inLanguage":"fr-FR"},{"@type":"Organization","@id":"https:\/\/www.carideal.com\/blog\/#organization","name":"Carideal","url":"https:\/\/www.carideal.com\/blog\/","logo":{"@type":"ImageObject","inLanguage":"fr-FR","@id":"https:\/\/www.carideal.com\/blog\/#\/schema\/logo\/image\/","url":"http:\/\/www.carideal.com\/blog\/wp-content\/uploads\/2016\/03\/logo-carideal-mandataire-automobile.png","contentUrl":"http:\/\/www.carideal.com\/blog\/wp-content\/uploads\/2016\/03\/logo-carideal-mandataire-automobile.png","width":300,"height":300,"caption":"Carideal"},"image":{"@id":"https:\/\/www.carideal.com\/blog\/#\/schema\/logo\/image\/"},"sameAs":["https:\/\/www.facebook.com\/Carideal.mandataire.automobile","https:\/\/x.com\/caridealauto","https:\/\/www.instagram.com\/carideal1\/","https:\/\/www.linkedin.com\/company\/carideal.com","https:\/\/fr.pinterest.com\/schiavonsas\/","https:\/\/www.youtube.com\/user\/caridealsas"]},{"@type":"Person","@id":"https:\/\/www.carideal.com\/blog\/#\/schema\/person\/985c7e757d1042d647f21bfaf8d41ebc","name":"N.S Carideal","image":{"@type":"ImageObject","inLanguage":"fr-FR","@id":"https:\/\/www.carideal.com\/blog\/#\/schema\/person\/image\/","url":"https:\/\/secure.gravatar.com\/avatar\/edb7ccdf1a4e3d14aef967760d354d0e?s=96&r=g","contentUrl":"https:\/\/secure.gravatar.com\/avatar\/edb7ccdf1a4e3d14aef967760d354d0e?s=96&r=g","caption":"N.S Carideal"},"description":"Depuis tout petit fan d'automobile. Il est question d'essayer et de comparer toutes ces voitures qui nous ont fait r\u00e9ver, avant que celles-ci ne devient uniquement des voitures de collection.","sameAs":["http:\/\/www.carideal.com\/blog","https:\/\/www.facebook.com\/Carideal.mandataire.automobile\/","https:\/\/www.linkedin.com\/in\/nschiavon\/","https:\/\/www.youtube.com\/user\/caridealsas\/"],"url":"https:\/\/www.carideal.com\/blog\/author\/admin_carideal\/"}]}},"uagb_featured_image_src":{"full":false,"thumbnail":false,"medium":false,"medium_large":false,"large":false,"1536x1536":false,"2048x2048":false,"wppr-widget":false},"uagb_author_info":{"display_name":"N.S Carideal","author_link":"https:\/\/www.carideal.com\/blog\/author\/admin_carideal\/"},"uagb_comment_info":0,"uagb_excerpt":"La toyota Auris 136 h fait partie des meilleures ventes en France en 2012 Le march\u00e9 japonais est loin devant : Japon : En 2000 il s'est vendu 17042 voitures hybrides au Japon, puis 108189 en 2008 et 690000 en 2012&nbsp;! Etats unis : En 2000 il s'est vendu 7010 voitures hybrides, puis 313517 en\u2026","_links":{"self":[{"href":"https:\/\/www.carideal.com\/blog\/wp-json\/wp\/v2\/posts\/288"}],"collection":[{"href":"https:\/\/www.carideal.com\/blog\/wp-json\/wp\/v2\/posts"}],"about":[{"href":"https:\/\/www.carideal.com\/blog\/wp-json\/wp\/v2\/types\/post"}],"author":[{"embeddable":true,"href":"https:\/\/www.carideal.com\/blog\/wp-json\/wp\/v2\/users\/1"}],"replies":[{"embeddable":true,"href":"https:\/\/www.carideal.com\/blog\/wp-json\/wp\/v2\/comments?post=288"}],"version-history":[{"count":0,"href":"https:\/\/www.carideal.com\/blog\/wp-json\/wp\/v2\/posts\/288\/revisions"}],"wp:attachment":[{"href":"https:\/\/www.carideal.com\/blog\/wp-json\/wp\/v2\/media?parent=288"}],"wp:term":[{"taxonomy":"category","embeddable":true,"href":"https:\/\/www.carideal.com\/blog\/wp-json\/wp\/v2\/categories?post=288"},{"taxonomy":"post_tag","embeddable":true,"href":"https:\/\/www.carideal.com\/blog\/wp-json\/wp\/v2\/tags?post=288"}],"curies":[{"name":"wp","href":"https:\/\/api.w.org\/{rel}","templated":true}]}}