{"id":287,"date":"2013-04-22T08:38:00","date_gmt":"2013-04-22T08:38:00","guid":{"rendered":"http:\/\/carideal.com\/blog\/?p=287"},"modified":"2020-03-07T16:47:29","modified_gmt":"2020-03-07T15:47:29","slug":"renault-zoe-wall-box-le-chargeur-a-mauvaise-surprise","status":"publish","type":"post","link":"https:\/\/www.carideal.com\/blog\/2013\/04\/22\/renault-zoe-wall-box-le-chargeur-a-mauvaise-surprise\/","title":{"rendered":"Renault Zoe Wall-box le chargeur \u00e0 mauvaise surprise"},"content":{"rendered":"<\/p>\n<blockquote>\n<p>Un moteur \u00e9lectrique 4.08m pour la ville<\/p>\n<\/blockquote>\n<p>Une Renault Zoe \u00e9quip\u00e9e du GPS et de la climatisation co\u00fbte 13700 \u20ac d\u00e9duction faite du <a href=\"\/blog\/index.php?tag\/Bonus\">Bonus<\/a> de l'\u00e9tat de 7000 \u20ac pour les <a href=\"\/blog\/index.php?tag\/voitures%20%C3%A9lectriques\">voitures \u00e9lectriques<\/a>. Un prix qui peut para\u00eetre int\u00e9ressant face \u00e0 la concurrence de la Nissan leaf elle vendu 25999 \u20ac mais aussi plus grande et surtout vendu avec les batteries ce qui n'est pas le cas de la ZOE. La C-ZERO de Citroen revient elle \u00e0 29550 -7000\u20ac de bonus - 5000 \u20ac de prime Citroen donc 17550 \u20ac toujours avec les batteries.<br \/>\nRenault part du principe qu'il ne sert \u00e0 rien de payer les batteries et qu'il vaut mieux r\u00e9duire le prix de 10000 \u20ac en les proposant \u00e0 la location pour 79\u20ac par mois.<br \/>\nReste que la mauvaise nouvelle vient du syst\u00e8me de recharge de la ZOE la Wall-Box: La Renault Zoe a besoin d'un syst\u00e8me de recharge de ses batteries sp\u00e9cifique la Wall-Box qui va co\u00fbter de 849 \u00e0 1500 \u20ac suivant les installations. Cette mauvaise nouvelle va limiter son utilisation, car comment faire pour rendre visite \u00e0 des amis et ne pas pouvoir recharger chez eux pendant le diner&nbsp;? Faire les soldes si la ville est un peu \u00e9loign\u00e9e et qu'on est pas sur de pouvoir recharger pour revenir ?<br \/>\nCar quand on questionne Renault sur son autonomie la r\u00e9ponse est un peu vague&nbsp;: \"150 km par temps ni trop chaud, ni trop froid, trafic fluide et trajet plat\" dans les pires des conditions on arriverait \u00e0 100 km, ce qui par rapport \u00e0 une voiture essence est bien bas.<\/p>\n<p>\/ <a href=\"\/blog\/index.php?post\/2013\/04\/12\/Essai-Vid%C3%A9o-Renault-Zo%C3%A9-voiture-%C3%A9lectrique\">Essai vid\u00e9o Renault ZOE<\/a><\/p>\n","protected":false},"excerpt":{"rendered":"<p>Un moteur \u00e9lectrique 4.08m pour la ville Une Renault Zoe \u00e9quip\u00e9e du GPS et de la climatisation co\u00fbte 13700 \u20ac d\u00e9duction faite du Bonus de l&rsquo;\u00e9tat de 7000 \u20ac pour les voitures \u00e9lectriques. Un prix qui peut para\u00eetre int\u00e9ressant face \u00e0 la concurrence de la Nissan leaf elle vendu 25999 \u20ac mais aussi plus grande &#8230; <a title=\"Renault Zoe Wall-box le chargeur \u00e0 mauvaise surprise\" class=\"read-more\" href=\"https:\/\/www.carideal.com\/blog\/2013\/04\/22\/renault-zoe-wall-box-le-chargeur-a-mauvaise-surprise\/\" aria-label=\"En savoir plus sur Renault Zoe Wall-box le chargeur \u00e0 mauvaise surprise\">Lire plus<\/a><\/p>\n","protected":false},"author":1,"featured_media":0,"comment_status":"open","ping_status":"open","sticky":false,"template":"","format":"standard","meta":{"_uag_custom_page_level_css":"","_themeisle_gutenberg_block_has_review":false,"footnotes":""},"categories":[6],"tags":[462],"class_list":["post-287","post","type-post","status-publish","format-standard","hentry","category-ecologie","tag-renault-zoe"],"wppr_data":[],"yoast_head":"<!-- This site is optimized with the Yoast SEO plugin v24.8.1 - https:\/\/yoast.com\/wordpress\/plugins\/seo\/ -->\n<title>Renault Zoe Wall-box le chargeur \u00e0 mauvaise surprise - Blog auto Carid\u00e9al<\/title>\n<meta name=\"robots\" content=\"index, follow, max-snippet:-1, max-image-preview:large, max-video-preview:-1\" \/>\n<link rel=\"canonical\" href=\"https:\/\/www.carideal.com\/blog\/2013\/04\/22\/renault-zoe-wall-box-le-chargeur-a-mauvaise-surprise\/\" \/>\n<meta property=\"og:locale\" content=\"fr_FR\" \/>\n<meta property=\"og:type\" content=\"article\" \/>\n<meta property=\"og:title\" content=\"Renault Zoe Wall-box le chargeur \u00e0 mauvaise surprise - Blog auto Carid\u00e9al\" \/>\n<meta property=\"og:description\" content=\"Un moteur \u00e9lectrique 4.08m pour la ville Une Renault Zoe \u00e9quip\u00e9e du GPS et de la climatisation co\u00fbte 13700 \u20ac d\u00e9duction faite du Bonus de l&#039;\u00e9tat de 7000 \u20ac pour les voitures \u00e9lectriques. Un prix qui peut para\u00eetre int\u00e9ressant face \u00e0 la concurrence de la Nissan leaf elle vendu 25999 \u20ac mais aussi plus grande ... Lire plus\" \/>\n<meta property=\"og:url\" content=\"https:\/\/www.carideal.com\/blog\/2013\/04\/22\/renault-zoe-wall-box-le-chargeur-a-mauvaise-surprise\/\" \/>\n<meta property=\"og:site_name\" content=\"Blog auto Carid\u00e9al\" \/>\n<meta property=\"article:publisher\" content=\"https:\/\/www.facebook.com\/Carideal.mandataire.automobile\" \/>\n<meta property=\"article:author\" content=\"https:\/\/www.facebook.com\/Carideal.mandataire.automobile\/\" \/>\n<meta property=\"article:published_time\" content=\"2013-04-22T08:38:00+00:00\" \/>\n<meta property=\"article:modified_time\" content=\"2020-03-07T15:47:29+00:00\" \/>\n<meta property=\"og:image\" content=\"https:\/\/www.carideal.com\/blog\/wp-content\/uploads\/2016\/03\/logo-carideal-mandataire-automobile.png\" \/>\n\t<meta property=\"og:image:width\" content=\"300\" \/>\n\t<meta property=\"og:image:height\" content=\"300\" \/>\n\t<meta property=\"og:image:type\" content=\"image\/png\" \/>\n<meta name=\"author\" content=\"N.S Carideal\" \/>\n<meta name=\"twitter:card\" content=\"summary_large_image\" \/>\n<meta name=\"twitter:creator\" content=\"@caridealauto\" \/>\n<meta name=\"twitter:site\" content=\"@caridealauto\" \/>\n<meta name=\"twitter:label1\" content=\"\u00c9crit par\" \/>\n\t<meta name=\"twitter:data1\" content=\"N.S Carideal\" \/>\n\t<meta name=\"twitter:label2\" content=\"Dur\u00e9e de lecture estim\u00e9e\" \/>\n\t<meta name=\"twitter:data2\" content=\"1 minute\" \/>\n<script type=\"application\/ld+json\" class=\"yoast-schema-graph\">{\"@context\":\"https:\/\/schema.org\",\"@graph\":[{\"@type\":\"Article\",\"@id\":\"https:\/\/www.carideal.com\/blog\/2013\/04\/22\/renault-zoe-wall-box-le-chargeur-a-mauvaise-surprise\/#article\",\"isPartOf\":{\"@id\":\"https:\/\/www.carideal.com\/blog\/2013\/04\/22\/renault-zoe-wall-box-le-chargeur-a-mauvaise-surprise\/\"},\"author\":{\"name\":\"N.S Carideal\",\"@id\":\"https:\/\/www.carideal.com\/blog\/#\/schema\/person\/985c7e757d1042d647f21bfaf8d41ebc\"},\"headline\":\"Renault Zoe Wall-box le chargeur \u00e0 mauvaise surprise\",\"datePublished\":\"2013-04-22T08:38:00+00:00\",\"dateModified\":\"2020-03-07T15:47:29+00:00\",\"mainEntityOfPage\":{\"@id\":\"https:\/\/www.carideal.com\/blog\/2013\/04\/22\/renault-zoe-wall-box-le-chargeur-a-mauvaise-surprise\/\"},\"wordCount\":264,\"commentCount\":1,\"publisher\":{\"@id\":\"https:\/\/www.carideal.com\/blog\/#organization\"},\"keywords\":[\"Renault Zoe\"],\"articleSection\":[\"Ecologie\"],\"inLanguage\":\"fr-FR\",\"potentialAction\":[{\"@type\":\"CommentAction\",\"name\":\"Comment\",\"target\":[\"https:\/\/www.carideal.com\/blog\/2013\/04\/22\/renault-zoe-wall-box-le-chargeur-a-mauvaise-surprise\/#respond\"]}]},{\"@type\":\"WebPage\",\"@id\":\"https:\/\/www.carideal.com\/blog\/2013\/04\/22\/renault-zoe-wall-box-le-chargeur-a-mauvaise-surprise\/\",\"url\":\"https:\/\/www.carideal.com\/blog\/2013\/04\/22\/renault-zoe-wall-box-le-chargeur-a-mauvaise-surprise\/\",\"name\":\"Renault Zoe Wall-box le chargeur \u00e0 mauvaise surprise - Blog auto Carid\u00e9al\",\"isPartOf\":{\"@id\":\"https:\/\/www.carideal.com\/blog\/#website\"},\"datePublished\":\"2013-04-22T08:38:00+00:00\",\"dateModified\":\"2020-03-07T15:47:29+00:00\",\"breadcrumb\":{\"@id\":\"https:\/\/www.carideal.com\/blog\/2013\/04\/22\/renault-zoe-wall-box-le-chargeur-a-mauvaise-surprise\/#breadcrumb\"},\"inLanguage\":\"fr-FR\",\"potentialAction\":[{\"@type\":\"ReadAction\",\"target\":[\"https:\/\/www.carideal.com\/blog\/2013\/04\/22\/renault-zoe-wall-box-le-chargeur-a-mauvaise-surprise\/\"]}]},{\"@type\":\"BreadcrumbList\",\"@id\":\"https:\/\/www.carideal.com\/blog\/2013\/04\/22\/renault-zoe-wall-box-le-chargeur-a-mauvaise-surprise\/#breadcrumb\",\"itemListElement\":[{\"@type\":\"ListItem\",\"position\":1,\"name\":\"Blog Carid\u00e9al\",\"item\":\"https:\/\/www.carideal.com\/blog\/\"},{\"@type\":\"ListItem\",\"position\":2,\"name\":\"Ecologie\",\"item\":\"https:\/\/www.carideal.com\/blog\/ecologie\/\"},{\"@type\":\"ListItem\",\"position\":3,\"name\":\"Renault Zoe Wall-box le chargeur \u00e0 mauvaise surprise\"}]},{\"@type\":\"WebSite\",\"@id\":\"https:\/\/www.carideal.com\/blog\/#website\",\"url\":\"https:\/\/www.carideal.com\/blog\/\",\"name\":\"Blog auto Carid\u00e9al\",\"description\":\"Actualit\u00e9 auto par des passionn\u00e9s\",\"publisher\":{\"@id\":\"https:\/\/www.carideal.com\/blog\/#organization\"},\"potentialAction\":[{\"@type\":\"SearchAction\",\"target\":{\"@type\":\"EntryPoint\",\"urlTemplate\":\"https:\/\/www.carideal.com\/blog\/?s={search_term_string}\"},\"query-input\":{\"@type\":\"PropertyValueSpecification\",\"valueRequired\":true,\"valueName\":\"search_term_string\"}}],\"inLanguage\":\"fr-FR\"},{\"@type\":\"Organization\",\"@id\":\"https:\/\/www.carideal.com\/blog\/#organization\",\"name\":\"Carideal\",\"url\":\"https:\/\/www.carideal.com\/blog\/\",\"logo\":{\"@type\":\"ImageObject\",\"inLanguage\":\"fr-FR\",\"@id\":\"https:\/\/www.carideal.com\/blog\/#\/schema\/logo\/image\/\",\"url\":\"http:\/\/www.carideal.com\/blog\/wp-content\/uploads\/2016\/03\/logo-carideal-mandataire-automobile.png\",\"contentUrl\":\"http:\/\/www.carideal.com\/blog\/wp-content\/uploads\/2016\/03\/logo-carideal-mandataire-automobile.png\",\"width\":300,\"height\":300,\"caption\":\"Carideal\"},\"image\":{\"@id\":\"https:\/\/www.carideal.com\/blog\/#\/schema\/logo\/image\/\"},\"sameAs\":[\"https:\/\/www.facebook.com\/Carideal.mandataire.automobile\",\"https:\/\/x.com\/caridealauto\",\"https:\/\/www.instagram.com\/carideal1\/\",\"https:\/\/www.linkedin.com\/company\/carideal.com\",\"https:\/\/fr.pinterest.com\/schiavonsas\/\",\"https:\/\/www.youtube.com\/user\/caridealsas\"]},{\"@type\":\"Person\",\"@id\":\"https:\/\/www.carideal.com\/blog\/#\/schema\/person\/985c7e757d1042d647f21bfaf8d41ebc\",\"name\":\"N.S Carideal\",\"image\":{\"@type\":\"ImageObject\",\"inLanguage\":\"fr-FR\",\"@id\":\"https:\/\/www.carideal.com\/blog\/#\/schema\/person\/image\/\",\"url\":\"https:\/\/secure.gravatar.com\/avatar\/edb7ccdf1a4e3d14aef967760d354d0e?s=96&r=g\",\"contentUrl\":\"https:\/\/secure.gravatar.com\/avatar\/edb7ccdf1a4e3d14aef967760d354d0e?s=96&r=g\",\"caption\":\"N.S Carideal\"},\"description\":\"Depuis tout petit fan d'automobile. Il est question d'essayer et de comparer toutes ces voitures qui nous ont fait r\u00e9ver, avant que celles-ci ne devient uniquement des voitures de collection.\",\"sameAs\":[\"http:\/\/www.carideal.com\/blog\",\"https:\/\/www.facebook.com\/Carideal.mandataire.automobile\/\",\"https:\/\/www.linkedin.com\/in\/nschiavon\/\",\"https:\/\/www.youtube.com\/user\/caridealsas\/\"],\"url\":\"https:\/\/www.carideal.com\/blog\/author\/admin_carideal\/\"}]}<\/script>\n<!-- \/ Yoast SEO plugin. -->","yoast_head_json":{"title":"Renault Zoe Wall-box le chargeur \u00e0 mauvaise surprise - Blog auto Carid\u00e9al","robots":{"index":"index","follow":"follow","max-snippet":"max-snippet:-1","max-image-preview":"max-image-preview:large","max-video-preview":"max-video-preview:-1"},"canonical":"https:\/\/www.carideal.com\/blog\/2013\/04\/22\/renault-zoe-wall-box-le-chargeur-a-mauvaise-surprise\/","og_locale":"fr_FR","og_type":"article","og_title":"Renault Zoe Wall-box le chargeur \u00e0 mauvaise surprise - Blog auto Carid\u00e9al","og_description":"Un moteur \u00e9lectrique 4.08m pour la ville Une Renault Zoe \u00e9quip\u00e9e du GPS et de la climatisation co\u00fbte 13700 \u20ac d\u00e9duction faite du Bonus de l'\u00e9tat de 7000 \u20ac pour les voitures \u00e9lectriques. Un prix qui peut para\u00eetre int\u00e9ressant face \u00e0 la concurrence de la Nissan leaf elle vendu 25999 \u20ac mais aussi plus grande ... Lire plus","og_url":"https:\/\/www.carideal.com\/blog\/2013\/04\/22\/renault-zoe-wall-box-le-chargeur-a-mauvaise-surprise\/","og_site_name":"Blog auto Carid\u00e9al","article_publisher":"https:\/\/www.facebook.com\/Carideal.mandataire.automobile","article_author":"https:\/\/www.facebook.com\/Carideal.mandataire.automobile\/","article_published_time":"2013-04-22T08:38:00+00:00","article_modified_time":"2020-03-07T15:47:29+00:00","og_image":[{"width":300,"height":300,"url":"https:\/\/www.carideal.com\/blog\/wp-content\/uploads\/2016\/03\/logo-carideal-mandataire-automobile.png","type":"image\/png"}],"author":"N.S Carideal","twitter_card":"summary_large_image","twitter_creator":"@caridealauto","twitter_site":"@caridealauto","twitter_misc":{"\u00c9crit par":"N.S Carideal","Dur\u00e9e de lecture estim\u00e9e":"1 minute"},"schema":{"@context":"https:\/\/schema.org","@graph":[{"@type":"Article","@id":"https:\/\/www.carideal.com\/blog\/2013\/04\/22\/renault-zoe-wall-box-le-chargeur-a-mauvaise-surprise\/#article","isPartOf":{"@id":"https:\/\/www.carideal.com\/blog\/2013\/04\/22\/renault-zoe-wall-box-le-chargeur-a-mauvaise-surprise\/"},"author":{"name":"N.S Carideal","@id":"https:\/\/www.carideal.com\/blog\/#\/schema\/person\/985c7e757d1042d647f21bfaf8d41ebc"},"headline":"Renault Zoe Wall-box le chargeur \u00e0 mauvaise surprise","datePublished":"2013-04-22T08:38:00+00:00","dateModified":"2020-03-07T15:47:29+00:00","mainEntityOfPage":{"@id":"https:\/\/www.carideal.com\/blog\/2013\/04\/22\/renault-zoe-wall-box-le-chargeur-a-mauvaise-surprise\/"},"wordCount":264,"commentCount":1,"publisher":{"@id":"https:\/\/www.carideal.com\/blog\/#organization"},"keywords":["Renault Zoe"],"articleSection":["Ecologie"],"inLanguage":"fr-FR","potentialAction":[{"@type":"CommentAction","name":"Comment","target":["https:\/\/www.carideal.com\/blog\/2013\/04\/22\/renault-zoe-wall-box-le-chargeur-a-mauvaise-surprise\/#respond"]}]},{"@type":"WebPage","@id":"https:\/\/www.carideal.com\/blog\/2013\/04\/22\/renault-zoe-wall-box-le-chargeur-a-mauvaise-surprise\/","url":"https:\/\/www.carideal.com\/blog\/2013\/04\/22\/renault-zoe-wall-box-le-chargeur-a-mauvaise-surprise\/","name":"Renault Zoe Wall-box le chargeur \u00e0 mauvaise surprise - Blog auto Carid\u00e9al","isPartOf":{"@id":"https:\/\/www.carideal.com\/blog\/#website"},"datePublished":"2013-04-22T08:38:00+00:00","dateModified":"2020-03-07T15:47:29+00:00","breadcrumb":{"@id":"https:\/\/www.carideal.com\/blog\/2013\/04\/22\/renault-zoe-wall-box-le-chargeur-a-mauvaise-surprise\/#breadcrumb"},"inLanguage":"fr-FR","potentialAction":[{"@type":"ReadAction","target":["https:\/\/www.carideal.com\/blog\/2013\/04\/22\/renault-zoe-wall-box-le-chargeur-a-mauvaise-surprise\/"]}]},{"@type":"BreadcrumbList","@id":"https:\/\/www.carideal.com\/blog\/2013\/04\/22\/renault-zoe-wall-box-le-chargeur-a-mauvaise-surprise\/#breadcrumb","itemListElement":[{"@type":"ListItem","position":1,"name":"Blog Carid\u00e9al","item":"https:\/\/www.carideal.com\/blog\/"},{"@type":"ListItem","position":2,"name":"Ecologie","item":"https:\/\/www.carideal.com\/blog\/ecologie\/"},{"@type":"ListItem","position":3,"name":"Renault Zoe Wall-box le chargeur \u00e0 mauvaise surprise"}]},{"@type":"WebSite","@id":"https:\/\/www.carideal.com\/blog\/#website","url":"https:\/\/www.carideal.com\/blog\/","name":"Blog auto Carid\u00e9al","description":"Actualit\u00e9 auto par des passionn\u00e9s","publisher":{"@id":"https:\/\/www.carideal.com\/blog\/#organization"},"potentialAction":[{"@type":"SearchAction","target":{"@type":"EntryPoint","urlTemplate":"https:\/\/www.carideal.com\/blog\/?s={search_term_string}"},"query-input":{"@type":"PropertyValueSpecification","valueRequired":true,"valueName":"search_term_string"}}],"inLanguage":"fr-FR"},{"@type":"Organization","@id":"https:\/\/www.carideal.com\/blog\/#organization","name":"Carideal","url":"https:\/\/www.carideal.com\/blog\/","logo":{"@type":"ImageObject","inLanguage":"fr-FR","@id":"https:\/\/www.carideal.com\/blog\/#\/schema\/logo\/image\/","url":"http:\/\/www.carideal.com\/blog\/wp-content\/uploads\/2016\/03\/logo-carideal-mandataire-automobile.png","contentUrl":"http:\/\/www.carideal.com\/blog\/wp-content\/uploads\/2016\/03\/logo-carideal-mandataire-automobile.png","width":300,"height":300,"caption":"Carideal"},"image":{"@id":"https:\/\/www.carideal.com\/blog\/#\/schema\/logo\/image\/"},"sameAs":["https:\/\/www.facebook.com\/Carideal.mandataire.automobile","https:\/\/x.com\/caridealauto","https:\/\/www.instagram.com\/carideal1\/","https:\/\/www.linkedin.com\/company\/carideal.com","https:\/\/fr.pinterest.com\/schiavonsas\/","https:\/\/www.youtube.com\/user\/caridealsas"]},{"@type":"Person","@id":"https:\/\/www.carideal.com\/blog\/#\/schema\/person\/985c7e757d1042d647f21bfaf8d41ebc","name":"N.S Carideal","image":{"@type":"ImageObject","inLanguage":"fr-FR","@id":"https:\/\/www.carideal.com\/blog\/#\/schema\/person\/image\/","url":"https:\/\/secure.gravatar.com\/avatar\/edb7ccdf1a4e3d14aef967760d354d0e?s=96&r=g","contentUrl":"https:\/\/secure.gravatar.com\/avatar\/edb7ccdf1a4e3d14aef967760d354d0e?s=96&r=g","caption":"N.S Carideal"},"description":"Depuis tout petit fan d'automobile. Il est question d'essayer et de comparer toutes ces voitures qui nous ont fait r\u00e9ver, avant que celles-ci ne devient uniquement des voitures de collection.","sameAs":["http:\/\/www.carideal.com\/blog","https:\/\/www.facebook.com\/Carideal.mandataire.automobile\/","https:\/\/www.linkedin.com\/in\/nschiavon\/","https:\/\/www.youtube.com\/user\/caridealsas\/"],"url":"https:\/\/www.carideal.com\/blog\/author\/admin_carideal\/"}]}},"uagb_featured_image_src":{"full":false,"thumbnail":false,"medium":false,"medium_large":false,"large":false,"1536x1536":false,"2048x2048":false,"wppr-widget":false},"uagb_author_info":{"display_name":"N.S Carideal","author_link":"https:\/\/www.carideal.com\/blog\/author\/admin_carideal\/"},"uagb_comment_info":1,"uagb_excerpt":"Un moteur \u00e9lectrique 4.08m pour la ville Une Renault Zoe \u00e9quip\u00e9e du GPS et de la climatisation co\u00fbte 13700 \u20ac d\u00e9duction faite du Bonus de l'\u00e9tat de 7000 \u20ac pour les voitures \u00e9lectriques. Un prix qui peut para\u00eetre int\u00e9ressant face \u00e0 la concurrence de la Nissan leaf elle vendu 25999 \u20ac mais aussi plus grande\u2026","_links":{"self":[{"href":"https:\/\/www.carideal.com\/blog\/wp-json\/wp\/v2\/posts\/287"}],"collection":[{"href":"https:\/\/www.carideal.com\/blog\/wp-json\/wp\/v2\/posts"}],"about":[{"href":"https:\/\/www.carideal.com\/blog\/wp-json\/wp\/v2\/types\/post"}],"author":[{"embeddable":true,"href":"https:\/\/www.carideal.com\/blog\/wp-json\/wp\/v2\/users\/1"}],"replies":[{"embeddable":true,"href":"https:\/\/www.carideal.com\/blog\/wp-json\/wp\/v2\/comments?post=287"}],"version-history":[{"count":0,"href":"https:\/\/www.carideal.com\/blog\/wp-json\/wp\/v2\/posts\/287\/revisions"}],"wp:attachment":[{"href":"https:\/\/www.carideal.com\/blog\/wp-json\/wp\/v2\/media?parent=287"}],"wp:term":[{"taxonomy":"category","embeddable":true,"href":"https:\/\/www.carideal.com\/blog\/wp-json\/wp\/v2\/categories?post=287"},{"taxonomy":"post_tag","embeddable":true,"href":"https:\/\/www.carideal.com\/blog\/wp-json\/wp\/v2\/tags?post=287"}],"curies":[{"name":"wp","href":"https:\/\/api.w.org\/{rel}","templated":true}]}}