{"id":28070,"date":"2025-03-08T16:57:21","date_gmt":"2025-03-08T15:57:21","guid":{"rendered":"https:\/\/www.carideal.com\/blog\/?p=28070"},"modified":"2025-03-08T16:57:25","modified_gmt":"2025-03-08T15:57:25","slug":"volkswagen-id-every1-2025-la-nouvelle-citadine-electrique-prete-a-detroner-la-twingo","status":"publish","type":"post","link":"https:\/\/www.carideal.com\/blog\/2025\/03\/08\/volkswagen-id-every1-2025-la-nouvelle-citadine-electrique-prete-a-detroner-la-twingo\/","title":{"rendered":"Volkswagen ID.Every1 2025 : la nouvelle citadine \u00e9lectrique pr\u00eate \u00e0 d\u00e9tr\u00f4ner la Twingo"},"content":{"rendered":"\n<h2 class=\"wp-block-heading\" id=\"h-volkswagen-id-every1-2025-la-nouvelle-citadine-electrique-prete-a-detroner-la-twingo\">Volkswagen ID.Every1 (2025) : la nouvelle citadine \u00e9lectrique pr\u00eate \u00e0 d\u00e9tr\u00f4ner la Twingo<\/h2>\n\n\n\n<p><a href=\"https:\/\/www.carideal.com\/blog\/marque-de-voiture-actualites-essais\/volkswagen\/\">Volkswagen<\/a> continue de renforcer son offensive \u00e9lectrique avec un nouveau concept-car prometteur : l'ID.Every1. Pr\u00e9sent\u00e9 en mars 2025, ce v\u00e9hicule urbain annonce clairement son ambition : s'imposer face \u00e0 des concurrentes de renom comme la <a href=\"https:\/\/www.carideal.com\/blog\/2015\/09\/28\/renault-twingo-edc-lautomatisme-arrive\/\">Renault Twingo<\/a> nouvelle g\u00e9n\u00e9ration et la future Renault 5 \u00e9lectrique. Pr\u00e9vu pour arriver sur le march\u00e9 en 2027, d\u00e9couvrons ensemble les atouts qui pourraient faire de cette mini-citadine un v\u00e9ritable best-seller.<\/p>\n\n\n\n<h2 class=\"wp-block-heading\" id=\"h-volkswagen-id-every1-un-design-seduisant-et-innovant\">Volkswagen ID.Every1 : Un design s\u00e9duisant et innovant<\/h2>\n\n\n\n<p>L\u2019ID.Every1 se distingue imm\u00e9diatement par son apparence audacieuse, m\u00ealant habilement simplicit\u00e9 et modernit\u00e9. Long de 3,88 m\u00e8tres et large de 1,816 m\u00e8tre, ce v\u00e9hicule compact pr\u00e9sente une silhouette dynamique et affirm\u00e9e. Son design, directement inspir\u00e9 des classiques Volkswagen comme la Golf ou la up!, revisite ces ic\u00f4nes avec une touche futuriste.<\/p>\n\n\n\n<p>\u00c0 l'avant, l\u2019ID.Every1 arbore un sourire discret et \u00e9l\u00e9gant. Ses phares LED tr\u00e8s fins et une ligne horizontale distinctive sur le pare-chocs lui conf\u00e8rent une personnalit\u00e9 chaleureuse et accessible. Les passages de roues \u00e9largis, \u00e9quip\u00e9s de jantes de 19 pouces en alliage l\u00e9ger \u00e0 cinq rayons, apportent une touche sportive inattendue sur un mod\u00e8le urbain.<\/p>\n\n\n\n<p>Le v\u00e9ritable point fort esth\u00e9tique r\u00e9side cependant dans le toit flottant (\u00ab Flying Roof Concept \u00bb). Ce toit, abaiss\u00e9 au centre, int\u00e8gre astucieusement un troisi\u00e8me feu stop, tout en am\u00e9liorant l\u2019a\u00e9rodynamisme du v\u00e9hicule. Cette innovation illustre parfaitement la volont\u00e9 de Volkswagen de combiner esth\u00e9tique et fonctionnalit\u00e9.<\/p>\n\n\n\n<h2 class=\"wp-block-heading\" id=\"h-un-interieur-spacieux-modulable-et-eco-responsable\">Un int\u00e9rieur spacieux, modulable et \u00e9co-responsable<\/h2>\n\n\n\n<p>\u00c0 bord de l\u2019ID.Every1, Volkswagen mise sur un int\u00e9rieur minimaliste et spacieux gr\u00e2ce \u00e0 l'utilisation de la nouvelle plateforme modulaire \u00e9lectrique. Ce choix technique maximise l'espace int\u00e9rieur, tout en conservant des dimensions r\u00e9duites adapt\u00e9es aux centres urbains.<\/p>\n\n\n\n<p>Le tableau de bord \u00e9pur\u00e9 est un mod\u00e8le de simplicit\u00e9, avec une ergonomie bien pens\u00e9e facilitant l\u2019acc\u00e8s aux principales commandes. Une console centrale coulissante sert \u00e0 la fois d\u2019accoudoir et d\u2019espace de rangement multifonction, renfor\u00e7ant le confort et l'aspect pratique.<\/p>\n\n\n\n<p>Les si\u00e8ges lounge, con\u00e7us en mat\u00e9riaux recycl\u00e9s provenant notamment de bouteilles PET, t\u00e9moignent de l'engagement \u00e9cologique de Volkswagen. Modulables et rabattables int\u00e9gralement, les si\u00e8ges arri\u00e8re offrent une flexibilit\u00e9 exceptionnelle, permettant un transport optimis\u00e9 pour les besoins quotidiens ou occasionnels.<\/p>\n\n\n\n<h2 class=\"wp-block-heading\" id=\"h-performances-et-autonomie-adaptees-a-l-usage-urbain\">Performances et autonomie adapt\u00e9es \u00e0 l'usage urbain<\/h2>\n\n\n\n<p>L\u2019ID.Every1 ne se contente pas d\u2019un design accrocheur ; elle promet \u00e9galement une motorisation adapt\u00e9e aux d\u00e9placements urbains quotidiens. Volkswagen annonce une autonomie largement suffisante pour les trajets en ville, avec des performances \u00e9quilibr\u00e9es entre dynamisme et \u00e9conomie d\u2019\u00e9nergie.<\/p>\n\n\n\n<p>La plateforme modulaire \u00e9lectrique, d\u00e9j\u00e0 \u00e9prouv\u00e9e sur d'autres mod\u00e8les du constructeur, garantit une conduite fluide et r\u00e9active, particuli\u00e8rement adapt\u00e9e \u00e0 un environnement urbain dense. M\u00eame si les chiffres pr\u00e9cis d\u2019autonomie et de puissance restent encore \u00e0 confirmer, l\u2019objectif clairement affich\u00e9 est de r\u00e9pondre parfaitement aux attentes des citadins modernes.<\/p>\n\n\n\n<h2 class=\"wp-block-heading\" id=\"h-un-tarif-competitif-face-a-la-concurrence\">Un tarif comp\u00e9titif face \u00e0 la concurrence<\/h2>\n\n\n\n<p>Volkswagen positionne clairement l\u2019ID.Every1 comme une citadine \u00e9lectrique abordable. Avec une fourchette de prix estim\u00e9e entre 20 000 et 25 000 euros, la <a href=\"https:\/\/www.carideal.com\/blog\/marque-de-voiture-actualites-essais\/allemande\/\">marque allemande<\/a> veut rivaliser directement avec des mod\u00e8les attendus comme la Renault 5 E-Tech, la Citro\u00ebn \u00eb-C3 ou encore la future Fiat Grande Panda \u00e9lectrique.<\/p>\n\n\n\n<p>Ce tarif attractif repr\u00e9sente un avantage comp\u00e9titif majeur, permettant \u00e0 Volkswagen de se positionner strat\u00e9giquement sur le march\u00e9 europ\u00e9en en pleine expansion des citadines \u00e9lectriques accessibles.<\/p>\n\n\n\n<h2 class=\"wp-block-heading\" id=\"h-une-strategie-claire-seduire-les-citadins-europeens\">Une strat\u00e9gie claire : s\u00e9duire les citadins europ\u00e9ens<\/h2>\n\n\n\n<p>L\u2019ID.Every1 s'inscrit pleinement dans la nouvelle strat\u00e9gie \u00e9lectrique de Volkswagen. Apr\u00e8s avoir lanc\u00e9 l\u2019ID.2all, la marque allemande affirme son ambition d'offrir des v\u00e9hicules \u00e9lectriques \u00e0 la fois accessibles financi\u00e8rement et parfaitement adapt\u00e9s aux besoins des Europ\u00e9ens.<\/p>\n\n\n\n<p>Avec ce nouveau mod\u00e8le, Volkswagen vise directement une client\u00e8le jeune, dynamique, soucieuse de l'environnement mais attentive au prix et au design. En associant innovations techniques, modularit\u00e9 exceptionnelle et design s\u00e9duisant, l\u2019ID.Every1 a toutes les cartes en main pour s'imposer rapidement sur un march\u00e9 o\u00f9 la demande ne cesse de cro\u00eetre.<\/p>\n\n\n\n<figure class=\"wp-block-gallery has-nested-images columns-default is-cropped wp-block-gallery-2 is-layout-flex wp-block-gallery-is-layout-flex\">\n<figure class=\"wp-block-image size-large\"><a href=\"https:\/\/www.carideal.com\/blog\/wp-content\/uploads\/2025\/03\/volkswagen-id-every-1-2025-concept-3.jpg\"><img loading=\"lazy\" decoding=\"async\" width=\"750\" height=\"410\" data-id=\"28072\" src=\"https:\/\/www.carideal.com\/blog\/wp-content\/uploads\/2025\/03\/volkswagen-id-every-1-2025-concept-3.jpg\" alt=\"\" class=\"wp-image-28072\" srcset=\"https:\/\/www.carideal.com\/blog\/wp-content\/uploads\/2025\/03\/volkswagen-id-every-1-2025-concept-3.jpg 750w, https:\/\/www.carideal.com\/blog\/wp-content\/uploads\/2025\/03\/volkswagen-id-every-1-2025-concept-3-300x164.jpg 300w, https:\/\/www.carideal.com\/blog\/wp-content\/uploads\/2025\/03\/volkswagen-id-every-1-2025-concept-3-50x27.jpg 50w\" sizes=\"(max-width: 750px) 100vw, 750px\" \/><\/a><\/figure>\n\n\n\n<figure class=\"wp-block-image size-large\"><a href=\"https:\/\/www.carideal.com\/blog\/wp-content\/uploads\/2025\/03\/volkswagen-id-every-1-2025-concept-2.jpg\"><img loading=\"lazy\" decoding=\"async\" width=\"750\" height=\"410\" data-id=\"28073\" src=\"https:\/\/www.carideal.com\/blog\/wp-content\/uploads\/2025\/03\/volkswagen-id-every-1-2025-concept-2.jpg\" alt=\"\" class=\"wp-image-28073\" srcset=\"https:\/\/www.carideal.com\/blog\/wp-content\/uploads\/2025\/03\/volkswagen-id-every-1-2025-concept-2.jpg 750w, https:\/\/www.carideal.com\/blog\/wp-content\/uploads\/2025\/03\/volkswagen-id-every-1-2025-concept-2-300x164.jpg 300w, https:\/\/www.carideal.com\/blog\/wp-content\/uploads\/2025\/03\/volkswagen-id-every-1-2025-concept-2-50x27.jpg 50w\" sizes=\"(max-width: 750px) 100vw, 750px\" \/><\/a><\/figure>\n<\/figure>\n\n\n\n<h2 class=\"wp-block-heading\" id=\"h-conclusion-id-every1-un-futur-succes-annonce\">Conclusion : ID.Every1, un futur succ\u00e8s annonc\u00e9 ?<\/h2>\n\n\n\n<p>Volkswagen prouve une nouvelle fois son expertise en mati\u00e8re de mobilit\u00e9 \u00e9lectrique urbaine avec l\u2019ID.Every1. Ce concept-car, pr\u00e9vu pour devenir un mod\u00e8le de s\u00e9rie d\u00e8s 2027, s\u00e9duit d\u00e9j\u00e0 par son m\u00e9lange d'innovation, d'accessibilit\u00e9 financi\u00e8re et de design attractif.<\/p>\n\n\n\n<p>Face \u00e0 des concurrentes particuli\u00e8rement ambitieuses, l\u2019ID.Every1 semble d\u00e9j\u00e0 pr\u00eate \u00e0 relever le d\u00e9fi. Rendez-vous est donc pris en 2027 pour d\u00e9couvrir si cette nouvelle citadine \u00e9lectrique r\u00e9ussira \u00e0 d\u00e9tr\u00f4ner la reine actuelle du march\u00e9 : la Renault Twingo \u00e9lectrique.<\/p>\n\n\n\n<p>Source et cr\u00e9dit image Volkswagen<\/p>\n","protected":false},"excerpt":{"rendered":"<p>Volkswagen ID.Every1 (2025) : la nouvelle citadine \u00e9lectrique pr\u00eate \u00e0 d\u00e9tr\u00f4ner la Twingo Volkswagen continue de renforcer son offensive \u00e9lectrique avec un nouveau concept-car prometteur : l&rsquo;ID.Every1. Pr\u00e9sent\u00e9 en mars 2025, ce v\u00e9hicule urbain annonce clairement son ambition : s&rsquo;imposer face \u00e0 des concurrentes de renom comme la Renault Twingo nouvelle g\u00e9n\u00e9ration et la future &#8230; <a title=\"Volkswagen ID.Every1 2025 : la nouvelle citadine \u00e9lectrique pr\u00eate \u00e0 d\u00e9tr\u00f4ner la Twingo\" class=\"read-more\" href=\"https:\/\/www.carideal.com\/blog\/2025\/03\/08\/volkswagen-id-every1-2025-la-nouvelle-citadine-electrique-prete-a-detroner-la-twingo\/\" aria-label=\"En savoir plus sur Volkswagen ID.Every1 2025 : la nouvelle citadine \u00e9lectrique pr\u00eate \u00e0 d\u00e9tr\u00f4ner la Twingo\">Lire plus<\/a><\/p>\n","protected":false},"author":3,"featured_media":28071,"comment_status":"open","ping_status":"open","sticky":false,"template":"","format":"standard","meta":{"_uag_custom_page_level_css":"","_themeisle_gutenberg_block_has_review":false,"footnotes":""},"categories":[5985,5970],"tags":[],"class_list":["post-28070","post","type-post","status-publish","format-standard","has-post-thumbnail","hentry","category-volkswagen","category-electrique-technologie-2"],"wppr_data":{"cwp_meta_box_check":"No"},"yoast_head":"<!-- This site is optimized with the Yoast SEO plugin v24.8.1 - https:\/\/yoast.com\/wordpress\/plugins\/seo\/ -->\n<title>Volkswagen ID.Every1 2025 : la nouvelle citadine \u00e9lectrique pr\u00eate \u00e0 d\u00e9tr\u00f4ner la Twingo - Blog auto Carid\u00e9al<\/title>\n<meta name=\"description\" content=\"l&#039;ID.Every1. Pr\u00e9sent\u00e9 en mars 2025, ce v\u00e9hicule urbain annonce clairement son ambition : s&#039;imposer face \u00e0 des concurrentes de renom comme la Renault Twingo\" \/>\n<meta name=\"robots\" content=\"index, follow, max-snippet:-1, max-image-preview:large, max-video-preview:-1\" \/>\n<link rel=\"canonical\" href=\"https:\/\/www.carideal.com\/blog\/2025\/03\/08\/volkswagen-id-every1-2025-la-nouvelle-citadine-electrique-prete-a-detroner-la-twingo\/\" \/>\n<meta property=\"og:locale\" content=\"fr_FR\" \/>\n<meta property=\"og:type\" content=\"article\" \/>\n<meta property=\"og:title\" content=\"Volkswagen ID.Every1 2025 : la nouvelle citadine \u00e9lectrique pr\u00eate \u00e0 d\u00e9tr\u00f4ner la Twingo - Blog auto Carid\u00e9al\" \/>\n<meta property=\"og:description\" content=\"l&#039;ID.Every1. Pr\u00e9sent\u00e9 en mars 2025, ce v\u00e9hicule urbain annonce clairement son ambition : s&#039;imposer face \u00e0 des concurrentes de renom comme la Renault Twingo\" \/>\n<meta property=\"og:url\" content=\"https:\/\/www.carideal.com\/blog\/2025\/03\/08\/volkswagen-id-every1-2025-la-nouvelle-citadine-electrique-prete-a-detroner-la-twingo\/\" \/>\n<meta property=\"og:site_name\" content=\"Blog auto Carid\u00e9al\" \/>\n<meta property=\"article:publisher\" content=\"https:\/\/www.facebook.com\/Carideal.mandataire.automobile\" \/>\n<meta property=\"article:author\" content=\"https:\/\/www.facebook.com\/nicolas.schiavon.39\" \/>\n<meta property=\"article:published_time\" content=\"2025-03-08T15:57:21+00:00\" \/>\n<meta property=\"article:modified_time\" content=\"2025-03-08T15:57:25+00:00\" \/>\n<meta property=\"og:image\" content=\"https:\/\/www.carideal.com\/blog\/wp-content\/uploads\/2025\/03\/volkswagen-id-every-1-2025-concept-1.jpg\" \/>\n\t<meta property=\"og:image:width\" content=\"1500\" \/>\n\t<meta property=\"og:image:height\" content=\"1001\" \/>\n\t<meta property=\"og:image:type\" content=\"image\/jpeg\" \/>\n<meta name=\"author\" content=\"Nicolas SCHIAVON\" \/>\n<meta name=\"twitter:card\" content=\"summary_large_image\" \/>\n<meta name=\"twitter:creator\" content=\"@caridealauto\" \/>\n<meta name=\"twitter:site\" content=\"@caridealauto\" \/>\n<meta name=\"twitter:label1\" content=\"\u00c9crit par\" \/>\n\t<meta name=\"twitter:data1\" content=\"Nicolas SCHIAVON\" \/>\n\t<meta name=\"twitter:label2\" content=\"Dur\u00e9e de lecture estim\u00e9e\" \/>\n\t<meta name=\"twitter:data2\" content=\"5 minutes\" \/>\n<script type=\"application\/ld+json\" class=\"yoast-schema-graph\">{\"@context\":\"https:\/\/schema.org\",\"@graph\":[{\"@type\":\"Article\",\"@id\":\"https:\/\/www.carideal.com\/blog\/2025\/03\/08\/volkswagen-id-every1-2025-la-nouvelle-citadine-electrique-prete-a-detroner-la-twingo\/#article\",\"isPartOf\":{\"@id\":\"https:\/\/www.carideal.com\/blog\/2025\/03\/08\/volkswagen-id-every1-2025-la-nouvelle-citadine-electrique-prete-a-detroner-la-twingo\/\"},\"author\":{\"name\":\"Nicolas SCHIAVON\",\"@id\":\"https:\/\/www.carideal.com\/blog\/#\/schema\/person\/cd95dc7919660de90d31b366f85be1ec\"},\"headline\":\"Volkswagen ID.Every1 2025 : la nouvelle citadine \u00e9lectrique pr\u00eate \u00e0 d\u00e9tr\u00f4ner la Twingo\",\"datePublished\":\"2025-03-08T15:57:21+00:00\",\"dateModified\":\"2025-03-08T15:57:25+00:00\",\"mainEntityOfPage\":{\"@id\":\"https:\/\/www.carideal.com\/blog\/2025\/03\/08\/volkswagen-id-every1-2025-la-nouvelle-citadine-electrique-prete-a-detroner-la-twingo\/\"},\"wordCount\":832,\"commentCount\":0,\"publisher\":{\"@id\":\"https:\/\/www.carideal.com\/blog\/#organization\"},\"image\":{\"@id\":\"https:\/\/www.carideal.com\/blog\/2025\/03\/08\/volkswagen-id-every1-2025-la-nouvelle-citadine-electrique-prete-a-detroner-la-twingo\/#primaryimage\"},\"thumbnailUrl\":\"https:\/\/www.carideal.com\/blog\/wp-content\/uploads\/2025\/03\/volkswagen-id-every-1-2025-concept-1.jpg\",\"articleSection\":[\"Actualit\u00e9 Volkswagen\",\"Voiture \u00e9lectrique\"],\"inLanguage\":\"fr-FR\",\"potentialAction\":[{\"@type\":\"CommentAction\",\"name\":\"Comment\",\"target\":[\"https:\/\/www.carideal.com\/blog\/2025\/03\/08\/volkswagen-id-every1-2025-la-nouvelle-citadine-electrique-prete-a-detroner-la-twingo\/#respond\"]}]},{\"@type\":\"WebPage\",\"@id\":\"https:\/\/www.carideal.com\/blog\/2025\/03\/08\/volkswagen-id-every1-2025-la-nouvelle-citadine-electrique-prete-a-detroner-la-twingo\/\",\"url\":\"https:\/\/www.carideal.com\/blog\/2025\/03\/08\/volkswagen-id-every1-2025-la-nouvelle-citadine-electrique-prete-a-detroner-la-twingo\/\",\"name\":\"Volkswagen ID.Every1 2025 : la nouvelle citadine \u00e9lectrique pr\u00eate \u00e0 d\u00e9tr\u00f4ner la Twingo - Blog auto Carid\u00e9al\",\"isPartOf\":{\"@id\":\"https:\/\/www.carideal.com\/blog\/#website\"},\"primaryImageOfPage\":{\"@id\":\"https:\/\/www.carideal.com\/blog\/2025\/03\/08\/volkswagen-id-every1-2025-la-nouvelle-citadine-electrique-prete-a-detroner-la-twingo\/#primaryimage\"},\"image\":{\"@id\":\"https:\/\/www.carideal.com\/blog\/2025\/03\/08\/volkswagen-id-every1-2025-la-nouvelle-citadine-electrique-prete-a-detroner-la-twingo\/#primaryimage\"},\"thumbnailUrl\":\"https:\/\/www.carideal.com\/blog\/wp-content\/uploads\/2025\/03\/volkswagen-id-every-1-2025-concept-1.jpg\",\"datePublished\":\"2025-03-08T15:57:21+00:00\",\"dateModified\":\"2025-03-08T15:57:25+00:00\",\"description\":\"l'ID.Every1. Pr\u00e9sent\u00e9 en mars 2025, ce v\u00e9hicule urbain annonce clairement son ambition : s'imposer face \u00e0 des concurrentes de renom comme la Renault Twingo\",\"breadcrumb\":{\"@id\":\"https:\/\/www.carideal.com\/blog\/2025\/03\/08\/volkswagen-id-every1-2025-la-nouvelle-citadine-electrique-prete-a-detroner-la-twingo\/#breadcrumb\"},\"inLanguage\":\"fr-FR\",\"potentialAction\":[{\"@type\":\"ReadAction\",\"target\":[\"https:\/\/www.carideal.com\/blog\/2025\/03\/08\/volkswagen-id-every1-2025-la-nouvelle-citadine-electrique-prete-a-detroner-la-twingo\/\"]}]},{\"@type\":\"ImageObject\",\"inLanguage\":\"fr-FR\",\"@id\":\"https:\/\/www.carideal.com\/blog\/2025\/03\/08\/volkswagen-id-every1-2025-la-nouvelle-citadine-electrique-prete-a-detroner-la-twingo\/#primaryimage\",\"url\":\"https:\/\/www.carideal.com\/blog\/wp-content\/uploads\/2025\/03\/volkswagen-id-every-1-2025-concept-1.jpg\",\"contentUrl\":\"https:\/\/www.carideal.com\/blog\/wp-content\/uploads\/2025\/03\/volkswagen-id-every-1-2025-concept-1.jpg\",\"width\":1500,\"height\":1001,\"caption\":\"Volkswagen ID.Every1 (2025) : la nouvelle citadine \u00e9lectrique pr\u00eate \u00e0 d\u00e9tr\u00f4ner la Twingo\"},{\"@type\":\"BreadcrumbList\",\"@id\":\"https:\/\/www.carideal.com\/blog\/2025\/03\/08\/volkswagen-id-every1-2025-la-nouvelle-citadine-electrique-prete-a-detroner-la-twingo\/#breadcrumb\",\"itemListElement\":[{\"@type\":\"ListItem\",\"position\":1,\"name\":\"Blog Carid\u00e9al\",\"item\":\"https:\/\/www.carideal.com\/blog\/\"},{\"@type\":\"ListItem\",\"position\":2,\"name\":\"Actualit\u00e9 constructeur automobile\",\"item\":\"https:\/\/www.carideal.com\/blog\/constructeur\/\"},{\"@type\":\"ListItem\",\"position\":3,\"name\":\"Actualit\u00e9 Volkswagen\",\"item\":\"https:\/\/www.carideal.com\/blog\/constructeur\/volkswagen\/\"},{\"@type\":\"ListItem\",\"position\":4,\"name\":\"Volkswagen ID.Every1 2025 : la nouvelle citadine \u00e9lectrique pr\u00eate \u00e0 d\u00e9tr\u00f4ner la Twingo\"}]},{\"@type\":\"WebSite\",\"@id\":\"https:\/\/www.carideal.com\/blog\/#website\",\"url\":\"https:\/\/www.carideal.com\/blog\/\",\"name\":\"Blog auto Carid\u00e9al\",\"description\":\"Actualit\u00e9 auto par des passionn\u00e9s\",\"publisher\":{\"@id\":\"https:\/\/www.carideal.com\/blog\/#organization\"},\"potentialAction\":[{\"@type\":\"SearchAction\",\"target\":{\"@type\":\"EntryPoint\",\"urlTemplate\":\"https:\/\/www.carideal.com\/blog\/?s={search_term_string}\"},\"query-input\":{\"@type\":\"PropertyValueSpecification\",\"valueRequired\":true,\"valueName\":\"search_term_string\"}}],\"inLanguage\":\"fr-FR\"},{\"@type\":\"Organization\",\"@id\":\"https:\/\/www.carideal.com\/blog\/#organization\",\"name\":\"Carideal\",\"url\":\"https:\/\/www.carideal.com\/blog\/\",\"logo\":{\"@type\":\"ImageObject\",\"inLanguage\":\"fr-FR\",\"@id\":\"https:\/\/www.carideal.com\/blog\/#\/schema\/logo\/image\/\",\"url\":\"http:\/\/www.carideal.com\/blog\/wp-content\/uploads\/2016\/03\/logo-carideal-mandataire-automobile.png\",\"contentUrl\":\"http:\/\/www.carideal.com\/blog\/wp-content\/uploads\/2016\/03\/logo-carideal-mandataire-automobile.png\",\"width\":300,\"height\":300,\"caption\":\"Carideal\"},\"image\":{\"@id\":\"https:\/\/www.carideal.com\/blog\/#\/schema\/logo\/image\/\"},\"sameAs\":[\"https:\/\/www.facebook.com\/Carideal.mandataire.automobile\",\"https:\/\/x.com\/caridealauto\",\"https:\/\/www.instagram.com\/carideal1\/\",\"https:\/\/www.linkedin.com\/company\/carideal.com\",\"https:\/\/fr.pinterest.com\/schiavonsas\/\",\"https:\/\/www.youtube.com\/user\/caridealsas\"]},{\"@type\":\"Person\",\"@id\":\"https:\/\/www.carideal.com\/blog\/#\/schema\/person\/cd95dc7919660de90d31b366f85be1ec\",\"name\":\"Nicolas SCHIAVON\",\"image\":{\"@type\":\"ImageObject\",\"inLanguage\":\"fr-FR\",\"@id\":\"https:\/\/www.carideal.com\/blog\/#\/schema\/person\/image\/\",\"url\":\"https:\/\/secure.gravatar.com\/avatar\/c17e55009e671d92cc7f5dc837dc418a?s=96&r=g\",\"contentUrl\":\"https:\/\/secure.gravatar.com\/avatar\/c17e55009e671d92cc7f5dc837dc418a?s=96&r=g\",\"caption\":\"Nicolas SCHIAVON\"},\"description\":\"Nicolas Schiavon est tomb\u00e9 tout petit dans la marmite automobile. Ayant eu un garage de marque automobile, mandataire automobile de la premi\u00e8re heure d\u00e8s 1999. Nicolas a cr\u00e9\u00e9 ces premiers sites de vente de voiture et blog automobile d\u00e8s 1994. Carideal est n\u00e9 le 15 d\u00e9cembre 2000 de la volont\u00e9 de vendre des voitures d'occasions en ligne puis des voitures neuves. Il a pu essayer beaucoup de voitures tr\u00e8s diff\u00e9rentes et ayant eu personnellement quelques belles autos, Subaru Impreza, Mitsubishi Lancer Evo 7, Porsche 911, Ferrari Testarrossa, Audi RS3, RS4 et j'en passe...\",\"sameAs\":[\"http:\/\/www.carideal.com\",\"https:\/\/www.facebook.com\/nicolas.schiavon.39\",\"https:\/\/www.instagram.com\/carideal1\/\",\"https:\/\/www.linkedin.com\/in\/nschiavon\/\",\"https:\/\/x.com\/caridealauto\",\"https:\/\/www.youtube.com\/user\/caridealsas\/\"],\"url\":\"https:\/\/www.carideal.com\/blog\/author\/nschiavon\/\"}]}<\/script>\n<!-- \/ Yoast SEO plugin. -->","yoast_head_json":{"title":"Volkswagen ID.Every1 2025 : la nouvelle citadine \u00e9lectrique pr\u00eate \u00e0 d\u00e9tr\u00f4ner la Twingo - Blog auto Carid\u00e9al","description":"l'ID.Every1. Pr\u00e9sent\u00e9 en mars 2025, ce v\u00e9hicule urbain annonce clairement son ambition : s'imposer face \u00e0 des concurrentes de renom comme la Renault Twingo","robots":{"index":"index","follow":"follow","max-snippet":"max-snippet:-1","max-image-preview":"max-image-preview:large","max-video-preview":"max-video-preview:-1"},"canonical":"https:\/\/www.carideal.com\/blog\/2025\/03\/08\/volkswagen-id-every1-2025-la-nouvelle-citadine-electrique-prete-a-detroner-la-twingo\/","og_locale":"fr_FR","og_type":"article","og_title":"Volkswagen ID.Every1 2025 : la nouvelle citadine \u00e9lectrique pr\u00eate \u00e0 d\u00e9tr\u00f4ner la Twingo - Blog auto Carid\u00e9al","og_description":"l'ID.Every1. Pr\u00e9sent\u00e9 en mars 2025, ce v\u00e9hicule urbain annonce clairement son ambition : s'imposer face \u00e0 des concurrentes de renom comme la Renault Twingo","og_url":"https:\/\/www.carideal.com\/blog\/2025\/03\/08\/volkswagen-id-every1-2025-la-nouvelle-citadine-electrique-prete-a-detroner-la-twingo\/","og_site_name":"Blog auto Carid\u00e9al","article_publisher":"https:\/\/www.facebook.com\/Carideal.mandataire.automobile","article_author":"https:\/\/www.facebook.com\/nicolas.schiavon.39","article_published_time":"2025-03-08T15:57:21+00:00","article_modified_time":"2025-03-08T15:57:25+00:00","og_image":[{"width":1500,"height":1001,"url":"https:\/\/www.carideal.com\/blog\/wp-content\/uploads\/2025\/03\/volkswagen-id-every-1-2025-concept-1.jpg","type":"image\/jpeg"}],"author":"Nicolas SCHIAVON","twitter_card":"summary_large_image","twitter_creator":"@caridealauto","twitter_site":"@caridealauto","twitter_misc":{"\u00c9crit par":"Nicolas SCHIAVON","Dur\u00e9e de lecture estim\u00e9e":"5 minutes"},"schema":{"@context":"https:\/\/schema.org","@graph":[{"@type":"Article","@id":"https:\/\/www.carideal.com\/blog\/2025\/03\/08\/volkswagen-id-every1-2025-la-nouvelle-citadine-electrique-prete-a-detroner-la-twingo\/#article","isPartOf":{"@id":"https:\/\/www.carideal.com\/blog\/2025\/03\/08\/volkswagen-id-every1-2025-la-nouvelle-citadine-electrique-prete-a-detroner-la-twingo\/"},"author":{"name":"Nicolas SCHIAVON","@id":"https:\/\/www.carideal.com\/blog\/#\/schema\/person\/cd95dc7919660de90d31b366f85be1ec"},"headline":"Volkswagen ID.Every1 2025 : la nouvelle citadine \u00e9lectrique pr\u00eate \u00e0 d\u00e9tr\u00f4ner la Twingo","datePublished":"2025-03-08T15:57:21+00:00","dateModified":"2025-03-08T15:57:25+00:00","mainEntityOfPage":{"@id":"https:\/\/www.carideal.com\/blog\/2025\/03\/08\/volkswagen-id-every1-2025-la-nouvelle-citadine-electrique-prete-a-detroner-la-twingo\/"},"wordCount":832,"commentCount":0,"publisher":{"@id":"https:\/\/www.carideal.com\/blog\/#organization"},"image":{"@id":"https:\/\/www.carideal.com\/blog\/2025\/03\/08\/volkswagen-id-every1-2025-la-nouvelle-citadine-electrique-prete-a-detroner-la-twingo\/#primaryimage"},"thumbnailUrl":"https:\/\/www.carideal.com\/blog\/wp-content\/uploads\/2025\/03\/volkswagen-id-every-1-2025-concept-1.jpg","articleSection":["Actualit\u00e9 Volkswagen","Voiture \u00e9lectrique"],"inLanguage":"fr-FR","potentialAction":[{"@type":"CommentAction","name":"Comment","target":["https:\/\/www.carideal.com\/blog\/2025\/03\/08\/volkswagen-id-every1-2025-la-nouvelle-citadine-electrique-prete-a-detroner-la-twingo\/#respond"]}]},{"@type":"WebPage","@id":"https:\/\/www.carideal.com\/blog\/2025\/03\/08\/volkswagen-id-every1-2025-la-nouvelle-citadine-electrique-prete-a-detroner-la-twingo\/","url":"https:\/\/www.carideal.com\/blog\/2025\/03\/08\/volkswagen-id-every1-2025-la-nouvelle-citadine-electrique-prete-a-detroner-la-twingo\/","name":"Volkswagen ID.Every1 2025 : la nouvelle citadine \u00e9lectrique pr\u00eate \u00e0 d\u00e9tr\u00f4ner la Twingo - Blog auto Carid\u00e9al","isPartOf":{"@id":"https:\/\/www.carideal.com\/blog\/#website"},"primaryImageOfPage":{"@id":"https:\/\/www.carideal.com\/blog\/2025\/03\/08\/volkswagen-id-every1-2025-la-nouvelle-citadine-electrique-prete-a-detroner-la-twingo\/#primaryimage"},"image":{"@id":"https:\/\/www.carideal.com\/blog\/2025\/03\/08\/volkswagen-id-every1-2025-la-nouvelle-citadine-electrique-prete-a-detroner-la-twingo\/#primaryimage"},"thumbnailUrl":"https:\/\/www.carideal.com\/blog\/wp-content\/uploads\/2025\/03\/volkswagen-id-every-1-2025-concept-1.jpg","datePublished":"2025-03-08T15:57:21+00:00","dateModified":"2025-03-08T15:57:25+00:00","description":"l'ID.Every1. Pr\u00e9sent\u00e9 en mars 2025, ce v\u00e9hicule urbain annonce clairement son ambition : s'imposer face \u00e0 des concurrentes de renom comme la Renault Twingo","breadcrumb":{"@id":"https:\/\/www.carideal.com\/blog\/2025\/03\/08\/volkswagen-id-every1-2025-la-nouvelle-citadine-electrique-prete-a-detroner-la-twingo\/#breadcrumb"},"inLanguage":"fr-FR","potentialAction":[{"@type":"ReadAction","target":["https:\/\/www.carideal.com\/blog\/2025\/03\/08\/volkswagen-id-every1-2025-la-nouvelle-citadine-electrique-prete-a-detroner-la-twingo\/"]}]},{"@type":"ImageObject","inLanguage":"fr-FR","@id":"https:\/\/www.carideal.com\/blog\/2025\/03\/08\/volkswagen-id-every1-2025-la-nouvelle-citadine-electrique-prete-a-detroner-la-twingo\/#primaryimage","url":"https:\/\/www.carideal.com\/blog\/wp-content\/uploads\/2025\/03\/volkswagen-id-every-1-2025-concept-1.jpg","contentUrl":"https:\/\/www.carideal.com\/blog\/wp-content\/uploads\/2025\/03\/volkswagen-id-every-1-2025-concept-1.jpg","width":1500,"height":1001,"caption":"Volkswagen ID.Every1 (2025) : la nouvelle citadine \u00e9lectrique pr\u00eate \u00e0 d\u00e9tr\u00f4ner la Twingo"},{"@type":"BreadcrumbList","@id":"https:\/\/www.carideal.com\/blog\/2025\/03\/08\/volkswagen-id-every1-2025-la-nouvelle-citadine-electrique-prete-a-detroner-la-twingo\/#breadcrumb","itemListElement":[{"@type":"ListItem","position":1,"name":"Blog Carid\u00e9al","item":"https:\/\/www.carideal.com\/blog\/"},{"@type":"ListItem","position":2,"name":"Actualit\u00e9 constructeur automobile","item":"https:\/\/www.carideal.com\/blog\/constructeur\/"},{"@type":"ListItem","position":3,"name":"Actualit\u00e9 Volkswagen","item":"https:\/\/www.carideal.com\/blog\/constructeur\/volkswagen\/"},{"@type":"ListItem","position":4,"name":"Volkswagen ID.Every1 2025 : la nouvelle citadine \u00e9lectrique pr\u00eate \u00e0 d\u00e9tr\u00f4ner la Twingo"}]},{"@type":"WebSite","@id":"https:\/\/www.carideal.com\/blog\/#website","url":"https:\/\/www.carideal.com\/blog\/","name":"Blog auto Carid\u00e9al","description":"Actualit\u00e9 auto par des passionn\u00e9s","publisher":{"@id":"https:\/\/www.carideal.com\/blog\/#organization"},"potentialAction":[{"@type":"SearchAction","target":{"@type":"EntryPoint","urlTemplate":"https:\/\/www.carideal.com\/blog\/?s={search_term_string}"},"query-input":{"@type":"PropertyValueSpecification","valueRequired":true,"valueName":"search_term_string"}}],"inLanguage":"fr-FR"},{"@type":"Organization","@id":"https:\/\/www.carideal.com\/blog\/#organization","name":"Carideal","url":"https:\/\/www.carideal.com\/blog\/","logo":{"@type":"ImageObject","inLanguage":"fr-FR","@id":"https:\/\/www.carideal.com\/blog\/#\/schema\/logo\/image\/","url":"http:\/\/www.carideal.com\/blog\/wp-content\/uploads\/2016\/03\/logo-carideal-mandataire-automobile.png","contentUrl":"http:\/\/www.carideal.com\/blog\/wp-content\/uploads\/2016\/03\/logo-carideal-mandataire-automobile.png","width":300,"height":300,"caption":"Carideal"},"image":{"@id":"https:\/\/www.carideal.com\/blog\/#\/schema\/logo\/image\/"},"sameAs":["https:\/\/www.facebook.com\/Carideal.mandataire.automobile","https:\/\/x.com\/caridealauto","https:\/\/www.instagram.com\/carideal1\/","https:\/\/www.linkedin.com\/company\/carideal.com","https:\/\/fr.pinterest.com\/schiavonsas\/","https:\/\/www.youtube.com\/user\/caridealsas"]},{"@type":"Person","@id":"https:\/\/www.carideal.com\/blog\/#\/schema\/person\/cd95dc7919660de90d31b366f85be1ec","name":"Nicolas SCHIAVON","image":{"@type":"ImageObject","inLanguage":"fr-FR","@id":"https:\/\/www.carideal.com\/blog\/#\/schema\/person\/image\/","url":"https:\/\/secure.gravatar.com\/avatar\/c17e55009e671d92cc7f5dc837dc418a?s=96&r=g","contentUrl":"https:\/\/secure.gravatar.com\/avatar\/c17e55009e671d92cc7f5dc837dc418a?s=96&r=g","caption":"Nicolas SCHIAVON"},"description":"Nicolas Schiavon est tomb\u00e9 tout petit dans la marmite automobile. Ayant eu un garage de marque automobile, mandataire automobile de la premi\u00e8re heure d\u00e8s 1999. Nicolas a cr\u00e9\u00e9 ces premiers sites de vente de voiture et blog automobile d\u00e8s 1994. Carideal est n\u00e9 le 15 d\u00e9cembre 2000 de la volont\u00e9 de vendre des voitures d'occasions en ligne puis des voitures neuves. Il a pu essayer beaucoup de voitures tr\u00e8s diff\u00e9rentes et ayant eu personnellement quelques belles autos, Subaru Impreza, Mitsubishi Lancer Evo 7, Porsche 911, Ferrari Testarrossa, Audi RS3, RS4 et j'en passe...","sameAs":["http:\/\/www.carideal.com","https:\/\/www.facebook.com\/nicolas.schiavon.39","https:\/\/www.instagram.com\/carideal1\/","https:\/\/www.linkedin.com\/in\/nschiavon\/","https:\/\/x.com\/caridealauto","https:\/\/www.youtube.com\/user\/caridealsas\/"],"url":"https:\/\/www.carideal.com\/blog\/author\/nschiavon\/"}]}},"uagb_featured_image_src":{"full":["https:\/\/www.carideal.com\/blog\/wp-content\/uploads\/2025\/03\/volkswagen-id-every-1-2025-concept-1.jpg",1500,1001,false],"thumbnail":["https:\/\/www.carideal.com\/blog\/wp-content\/uploads\/2025\/03\/volkswagen-id-every-1-2025-concept-1-150x150.jpg",150,150,true],"medium":["https:\/\/www.carideal.com\/blog\/wp-content\/uploads\/2025\/03\/volkswagen-id-every-1-2025-concept-1-300x200.jpg",300,200,true],"medium_large":["https:\/\/www.carideal.com\/blog\/wp-content\/uploads\/2025\/03\/volkswagen-id-every-1-2025-concept-1-768x513.jpg",768,513,true],"large":["https:\/\/www.carideal.com\/blog\/wp-content\/uploads\/2025\/03\/volkswagen-id-every-1-2025-concept-1-1024x683.jpg",1024,683,true],"1536x1536":["https:\/\/www.carideal.com\/blog\/wp-content\/uploads\/2025\/03\/volkswagen-id-every-1-2025-concept-1.jpg",1500,1001,false],"2048x2048":["https:\/\/www.carideal.com\/blog\/wp-content\/uploads\/2025\/03\/volkswagen-id-every-1-2025-concept-1.jpg",1500,1001,false],"wppr-widget":["https:\/\/www.carideal.com\/blog\/wp-content\/uploads\/2025\/03\/volkswagen-id-every-1-2025-concept-1-50x33.jpg",50,33,true]},"uagb_author_info":{"display_name":"Nicolas SCHIAVON","author_link":"https:\/\/www.carideal.com\/blog\/author\/nschiavon\/"},"uagb_comment_info":1,"uagb_excerpt":"Volkswagen ID.Every1 (2025) : la nouvelle citadine \u00e9lectrique pr\u00eate \u00e0 d\u00e9tr\u00f4ner la Twingo Volkswagen continue de renforcer son offensive \u00e9lectrique avec un nouveau concept-car prometteur : l'ID.Every1. Pr\u00e9sent\u00e9 en mars 2025, ce v\u00e9hicule urbain annonce clairement son ambition : s'imposer face \u00e0 des concurrentes de renom comme la Renault Twingo nouvelle g\u00e9n\u00e9ration et la future\u2026","_links":{"self":[{"href":"https:\/\/www.carideal.com\/blog\/wp-json\/wp\/v2\/posts\/28070"}],"collection":[{"href":"https:\/\/www.carideal.com\/blog\/wp-json\/wp\/v2\/posts"}],"about":[{"href":"https:\/\/www.carideal.com\/blog\/wp-json\/wp\/v2\/types\/post"}],"author":[{"embeddable":true,"href":"https:\/\/www.carideal.com\/blog\/wp-json\/wp\/v2\/users\/3"}],"replies":[{"embeddable":true,"href":"https:\/\/www.carideal.com\/blog\/wp-json\/wp\/v2\/comments?post=28070"}],"version-history":[{"count":1,"href":"https:\/\/www.carideal.com\/blog\/wp-json\/wp\/v2\/posts\/28070\/revisions"}],"predecessor-version":[{"id":28074,"href":"https:\/\/www.carideal.com\/blog\/wp-json\/wp\/v2\/posts\/28070\/revisions\/28074"}],"wp:featuredmedia":[{"embeddable":true,"href":"https:\/\/www.carideal.com\/blog\/wp-json\/wp\/v2\/media\/28071"}],"wp:attachment":[{"href":"https:\/\/www.carideal.com\/blog\/wp-json\/wp\/v2\/media?parent=28070"}],"wp:term":[{"taxonomy":"category","embeddable":true,"href":"https:\/\/www.carideal.com\/blog\/wp-json\/wp\/v2\/categories?post=28070"},{"taxonomy":"post_tag","embeddable":true,"href":"https:\/\/www.carideal.com\/blog\/wp-json\/wp\/v2\/tags?post=28070"}],"curies":[{"name":"wp","href":"https:\/\/api.w.org\/{rel}","templated":true}]}}