{"id":28057,"date":"2025-03-05T11:53:00","date_gmt":"2025-03-05T10:53:00","guid":{"rendered":"https:\/\/www.carideal.com\/blog\/?p=28057"},"modified":"2025-03-08T18:24:44","modified_gmt":"2025-03-08T17:24:44","slug":"6-tresors-caches-de-citroen-bientot-aux-encheres-ne-ratez-pas-ces-modeles-dexception","status":"publish","type":"post","link":"https:\/\/www.carideal.com\/blog\/2025\/03\/05\/6-tresors-caches-de-citroen-bientot-aux-encheres-ne-ratez-pas-ces-modeles-dexception\/","title":{"rendered":"6 Tr\u00e9sors Cach\u00e9s de Citro\u00ebn Bient\u00f4t aux Ench\u00e8res \u2013 Ne Ratez Pas Ces Mod\u00e8les d&rsquo;Exception !"},"content":{"rendered":"\n<h2 class=\"wp-block-heading\" id=\"h-6-tresors-caches-de-citroen-bientot-aux-encheres-ne-ratez-pas-ces-modeles-d-exception\">6 Tr\u00e9sors Cach\u00e9s de Citro\u00ebn Bient\u00f4t aux Ench\u00e8res \u2013 Ne Ratez Pas Ces Mod\u00e8les d'Exception !<\/h2>\n\n\n\n<p>Le dimanche 16 mars 2025, les amateurs de <a href=\"https:\/\/www.carideal.com\/blog\/2013\/02\/05\/les-anciennes-veulent-continuer-de-rouler\/\">voitures anciennes<\/a> et les passionn\u00e9s de la marque aux chevrons ont rendez-vous \u00e0 l\u2019Espace Champerret, dans le 17e arrondissement de Paris, pour une vente aux ench\u00e8res exceptionnelle organis\u00e9e par la maison Aguttes. Parmi les nombreux lots pr\u00e9sent\u00e9s, 40 <a href=\"https:\/\/www.carideal.com\/blog\/marque-de-voiture-actualites-essais\/citroen\/\">Citro\u00ebn<\/a> d\u2019exception seront mises en vente, dont 6 mod\u00e8les rares qui ne manqueront pas d\u2019attirer les collectionneurs avertis. Voici un tour d\u2019horizon de ces v\u00e9ritables joyaux.<\/p>\n\n\n\n<h3 class=\"wp-block-heading\" id=\"h-citroen-visa-chrono-1000-pistes-1984-une-icone-du-rallye-en-etat-neuf\"><strong>Citro\u00ebn Visa Chrono 1000 Pistes (1984) : Une Ic\u00f4ne du Rallye en \u00c9tat Neuf<\/strong><\/h3>\n\n\n<div class=\"wp-block-image\">\n<figure class=\"aligncenter size-full\"><a href=\"https:\/\/www.carideal.com\/blog\/wp-content\/uploads\/2025\/03\/CITROEN-VISA-1000-PISTES.png\"><img loading=\"lazy\" decoding=\"async\" width=\"554\" height=\"360\" src=\"https:\/\/www.carideal.com\/blog\/wp-content\/uploads\/2025\/03\/CITROEN-VISA-1000-PISTES.png\" alt=\"CITRO\u00cbN VISA 1000 PISTES\" class=\"wp-image-28060\" srcset=\"https:\/\/www.carideal.com\/blog\/wp-content\/uploads\/2025\/03\/CITROEN-VISA-1000-PISTES.png 554w, https:\/\/www.carideal.com\/blog\/wp-content\/uploads\/2025\/03\/CITROEN-VISA-1000-PISTES-300x195.png 300w, https:\/\/www.carideal.com\/blog\/wp-content\/uploads\/2025\/03\/CITROEN-VISA-1000-PISTES-50x32.png 50w\" sizes=\"(max-width: 554px) 100vw, 554px\" \/><\/a><figcaption class=\"wp-element-caption\">CITRO\u00cbN VISA 1000 PISTES<\/figcaption><\/figure><\/div>\n\n\n<p>Malgr\u00e9 son ombre port\u00e9e par la c\u00e9l\u00e8bre Peugeot 205, la <a href=\"https:\/\/www.carideal.com\/blog\/2020\/04\/13\/la-citroen-visa-va-se-demarquer-sur-le-plan-sportif\/\">Citro\u00ebn Visa 1000 Pistes<\/a> a jou\u00e9 un r\u00f4le cl\u00e9 dans l\u2019histoire des sportives fran\u00e7aises. Dot\u00e9e d\u2019une transmission int\u00e9grale avant m\u00eame la Peugeot 205 Turbo 16, elle est \u00e9quip\u00e9e d\u2019un moteur 1 360 cm3 aliment\u00e9 par deux carburateurs double corps Weber, d\u00e9veloppant 112 ch. Son poids plume de 850 kg lui conf\u00e8re une agilit\u00e9 exceptionnelle.<\/p>\n\n\n\n<p>Le mod\u00e8le pr\u00e9sent\u00e9, ayant appartenu \u00e0 seulement deux collectionneurs, affiche un kilom\u00e9trage impressionnamment bas : seulement 193 km au compteur. Une pi\u00e8ce unique estim\u00e9e entre <strong>50 000 et 70 000 \u20ac<\/strong>.<\/p>\n\n\n\n<h3 class=\"wp-block-heading\" id=\"h-citroen-bx-4-tc-1986-un-trophee-de-l-epoque-groupe-b\"><strong>Citro\u00ebn BX 4 TC (1986) : Un Troph\u00e9e de l\u2019\u00c9poque Groupe B<\/strong><\/h3>\n\n\n<div class=\"wp-block-image\">\n<figure class=\"aligncenter size-full\"><a href=\"https:\/\/www.carideal.com\/blog\/wp-content\/uploads\/2025\/03\/CITROEN-BX-4-TC-\u2013-1986.png\"><img loading=\"lazy\" decoding=\"async\" width=\"554\" height=\"360\" src=\"https:\/\/www.carideal.com\/blog\/wp-content\/uploads\/2025\/03\/CITROEN-BX-4-TC-\u2013-1986.png\" alt=\"CITRO\u00cbN BX 4 TC \u2013 1986\" class=\"wp-image-28062\" srcset=\"https:\/\/www.carideal.com\/blog\/wp-content\/uploads\/2025\/03\/CITROEN-BX-4-TC-\u2013-1986.png 554w, https:\/\/www.carideal.com\/blog\/wp-content\/uploads\/2025\/03\/CITROEN-BX-4-TC-\u2013-1986-300x195.png 300w, https:\/\/www.carideal.com\/blog\/wp-content\/uploads\/2025\/03\/CITROEN-BX-4-TC-\u2013-1986-50x32.png 50w\" sizes=\"(max-width: 554px) 100vw, 554px\" \/><\/a><figcaption class=\"wp-element-caption\">CITRO\u00cbN BX 4 TC \u2013 1986<\/figcaption><\/figure><\/div>\n\n\n<p>Dans les ann\u00e9es 1980, la Citro\u00ebn BX cherchait \u00e0 s\u2019imposer comme une r\u00e9f\u00e9rence sportive. Le constructeur d\u00e9cida alors de la faire participer au championnat du monde des rallyes en Groupe B, aux c\u00f4t\u00e9s de la mythique Peugeot 205 Turbo 16. Malheureusement, le projet arriva tardivement en 1986, juste avant l\u2019interdiction de la cat\u00e9gorie.<\/p>\n\n\n\n<p>Parmi les 200 exemplaires pr\u00e9vus, seuls 86 trouv\u00e8rent preneur. L\u2019exemplaire en vente, unique en Suisse, totalise seulement 2 865 km et se trouve dans un \u00e9tat exceptionnel, proche du neuf. Son estimation oscille entre <strong>100 000 et 150 000 \u20ac<\/strong>.<\/p>\n\n\n\n<h3 class=\"wp-block-heading\" id=\"h-citroen-mep-x27-1971-un-petit-bolide-de-competition\"><strong>Citro\u00ebn MEP X27 (1971) : Un Petit Bolide de Comp\u00e9tition<\/strong><\/h3>\n\n\n<div class=\"wp-block-image\">\n<figure class=\"aligncenter size-full\"><a href=\"https:\/\/www.carideal.com\/blog\/wp-content\/uploads\/2025\/03\/CITROEN-MEP-X27-\u2013-1971.png\"><img loading=\"lazy\" decoding=\"async\" width=\"554\" height=\"360\" src=\"https:\/\/www.carideal.com\/blog\/wp-content\/uploads\/2025\/03\/CITROEN-MEP-X27-\u2013-1971.png\" alt=\"CITRO\u00cbN MEP X27 \u2013 1971\" class=\"wp-image-28063\" srcset=\"https:\/\/www.carideal.com\/blog\/wp-content\/uploads\/2025\/03\/CITROEN-MEP-X27-\u2013-1971.png 554w, https:\/\/www.carideal.com\/blog\/wp-content\/uploads\/2025\/03\/CITROEN-MEP-X27-\u2013-1971-300x195.png 300w, https:\/\/www.carideal.com\/blog\/wp-content\/uploads\/2025\/03\/CITROEN-MEP-X27-\u2013-1971-50x32.png 50w\" sizes=\"(max-width: 554px) 100vw, 554px\" \/><\/a><figcaption class=\"wp-element-caption\">CITRO\u00cbN MEP X27 \u2013 1971<\/figcaption><\/figure><\/div>\n\n\n<p>Citro\u00ebn n\u2019a pas seulement produit des voitures de tourisme, mais s\u2019est aussi aventur\u00e9 dans les monoplaces de course. La MEP X27, dot\u00e9e d\u2019un moteur de Citro\u00ebn GS pouss\u00e9 \u00e0 75 ch, affiche un poids plume de 392 kg, ce qui lui permet d\u2019atteindre plus de 200 km\/h !<\/p>\n\n\n\n<p>Le mod\u00e8le pr\u00e9sent\u00e9 est le 22e des 82 exemplaires produits. L\u00e9g\u00e8rement modifi\u00e9 par rapport \u00e0 son \u00e9tat d\u2019origine, il reste une pi\u00e8ce de collection recherch\u00e9e, estim\u00e9e entre <strong>15 000 et 25 000 \u20ac<\/strong>.<\/p>\n\n\n\n<h3 class=\"wp-block-heading\" id=\"h-citroen-m35-prototype-1970-un-experimentale-rarissime\"><strong>Citro\u00ebn M35 Prototype (1970) : Un Exp\u00e9rimentale Rarissime<\/strong><\/h3>\n\n\n<div class=\"wp-block-image\">\n<figure class=\"aligncenter size-full\"><a href=\"https:\/\/www.carideal.com\/blog\/wp-content\/uploads\/2025\/03\/CITROEN-M35-PROTOTYPE-\u2013-1970.png\"><img loading=\"lazy\" decoding=\"async\" width=\"554\" height=\"360\" src=\"https:\/\/www.carideal.com\/blog\/wp-content\/uploads\/2025\/03\/CITROEN-M35-PROTOTYPE-\u2013-1970.png\" alt=\"\" class=\"wp-image-28065\" srcset=\"https:\/\/www.carideal.com\/blog\/wp-content\/uploads\/2025\/03\/CITROEN-M35-PROTOTYPE-\u2013-1970.png 554w, https:\/\/www.carideal.com\/blog\/wp-content\/uploads\/2025\/03\/CITROEN-M35-PROTOTYPE-\u2013-1970-300x195.png 300w, https:\/\/www.carideal.com\/blog\/wp-content\/uploads\/2025\/03\/CITROEN-M35-PROTOTYPE-\u2013-1970-50x32.png 50w\" sizes=\"(max-width: 554px) 100vw, 554px\" \/><\/a><\/figure><\/div>\n\n\n<p>En 1969, Citro\u00ebn d\u00e9cida d\u2019explorer l\u2019avenir avec un moteur rotatif. Le prototype M35, assembl\u00e9 par le carrossier Heuliez, repose sur une base d\u2019AMI 8 et pr\u00e9figure la future GS Birotor. Pr\u00e8s de 500 exemplaires \u00e9taient initialement pr\u00e9vus, mais seulement 261 virent le jour.<\/p>\n\n\n\n<p>L\u2019exemplaire mis aux ench\u00e8res, datant de 1970, n\u2019a parcouru que <strong>23 009 km<\/strong> et est dans son \u00e9tat d\u2019origine. Une v\u00e9ritable raret\u00e9 estim\u00e9e entre <strong>25 000 et 35 000 \u20ac<\/strong>.<\/p>\n\n\n\n<h3 class=\"wp-block-heading\" id=\"h-citroen-cx-2400-gti-mandarine-1978-une-grande-routiere-sportive\"><strong>Citro\u00ebn CX 2400 GTI Mandarine (1978) : Une Grande Routi\u00e8re Sportive<\/strong><\/h3>\n\n\n<div class=\"wp-block-image\">\n<figure class=\"aligncenter size-full\"><a href=\"https:\/\/www.carideal.com\/blog\/wp-content\/uploads\/2025\/03\/CITROEN-CX-2400-GTI-\u2013-1978-1.png\"><img loading=\"lazy\" decoding=\"async\" width=\"554\" height=\"360\" src=\"https:\/\/www.carideal.com\/blog\/wp-content\/uploads\/2025\/03\/CITROEN-CX-2400-GTI-\u2013-1978-1.png\" alt=\"CITRO\u00cbN CX 2400 GTI \u2013 1978\" class=\"wp-image-28064\" srcset=\"https:\/\/www.carideal.com\/blog\/wp-content\/uploads\/2025\/03\/CITROEN-CX-2400-GTI-\u2013-1978-1.png 554w, https:\/\/www.carideal.com\/blog\/wp-content\/uploads\/2025\/03\/CITROEN-CX-2400-GTI-\u2013-1978-1-300x195.png 300w, https:\/\/www.carideal.com\/blog\/wp-content\/uploads\/2025\/03\/CITROEN-CX-2400-GTI-\u2013-1978-1-50x32.png 50w\" sizes=\"(max-width: 554px) 100vw, 554px\" \/><\/a><figcaption class=\"wp-element-caption\">CITRO\u00cbN CX 2400 GTI \u2013 1978<\/figcaption><\/figure><\/div>\n\n\n<p>H\u00e9riti\u00e8re de la DS, la <a href=\"https:\/\/www.carideal.com\/blog\/citroen-cx\/\">Citro\u00ebn CX<\/a> se devait d\u2019avoir une version GTI. Dot\u00e9e d\u2019un moteur 2,4 litres \u00e0 injection de 128 ch, elle offrait un agr\u00e9ment de conduite sup\u00e9rieur aux berlines traditionnelles.<\/p>\n\n\n\n<p>Le mod\u00e8le de 1978 pr\u00e9sent\u00e9 ici affiche <strong>150 000 km<\/strong> et a b\u00e9n\u00e9fici\u00e9 d\u2019une restauration compl\u00e8te entre 2008 et 2010. Initialement grise, elle arbore d\u00e9sormais une teinte \"Mandarine\", couleur embl\u00e9matique de l'\u00e9poque. Elle dispose en outre d\u2019une option rare pour l'\u00e9poque : la climatisation. Son estimation se situe entre <strong>30 000 et 50 000 \u20ac<\/strong>.<\/p>\n\n\n\n<h3 class=\"wp-block-heading\" id=\"h-citroen-2cv-special-canard-vert-1987-une-declinaison-ecologique-et-rarissime\"><strong>Citro\u00ebn 2CV Sp\u00e9cial Canard Vert (1987) : Une D\u00e9clinaison \u00c9cologique et Rarissime<\/strong><\/h3>\n\n\n<div class=\"wp-block-image\">\n<figure class=\"aligncenter size-full\"><a href=\"https:\/\/www.carideal.com\/blog\/wp-content\/uploads\/2025\/03\/CITROEN-2-CV-6-SPECIAL-CANARD-VERT-\u2013-1987.png\"><img loading=\"lazy\" decoding=\"async\" width=\"554\" height=\"360\" src=\"https:\/\/www.carideal.com\/blog\/wp-content\/uploads\/2025\/03\/CITROEN-2-CV-6-SPECIAL-CANARD-VERT-\u2013-1987.png\" alt=\"CITRO\u00cbN 2 CV 6 SPECIAL \u00ab CANARD VERT \u00bb \u2013 1987\" class=\"wp-image-28066\" srcset=\"https:\/\/www.carideal.com\/blog\/wp-content\/uploads\/2025\/03\/CITROEN-2-CV-6-SPECIAL-CANARD-VERT-\u2013-1987.png 554w, https:\/\/www.carideal.com\/blog\/wp-content\/uploads\/2025\/03\/CITROEN-2-CV-6-SPECIAL-CANARD-VERT-\u2013-1987-300x195.png 300w, https:\/\/www.carideal.com\/blog\/wp-content\/uploads\/2025\/03\/CITROEN-2-CV-6-SPECIAL-CANARD-VERT-\u2013-1987-50x32.png 50w\" sizes=\"(max-width: 554px) 100vw, 554px\" \/><\/a><figcaption class=\"wp-element-caption\">CITRO\u00cbN 2 CV 6 SPECIAL \u00ab CANARD VERT \u00bb \u2013 1987<\/figcaption><\/figure><\/div>\n\n\n<p>Produite en seulement <strong>200 exemplaires<\/strong>, cette <a href=\"https:\/\/www.carideal.com\/blog\/2012\/01\/30\/un-moment-d-histoire-les-premieres-citroen-2cv-en-video\/\">Citro\u00ebn 2CV Sp\u00e9cial<\/a> est un mod\u00e8le tr\u00e8s particulier. Sa teinte \"Canard Vert\" lui conf\u00e8re une personnalit\u00e9 unique, et son moteur est adapt\u00e9 aux normes antipollution des march\u00e9s allemand, suisse et su\u00e9dois de l'\u00e9poque. Fonctionnant \u00e0 l\u2019essence sans plomb, elle pr\u00e9figure les solutions \u00e9cologiques avant l\u2019heure.<\/p>\n\n\n\n<p>Le mod\u00e8le en vente, en provenance de Suisse, date de <strong>1987<\/strong> et affiche seulement <strong>30 000 km<\/strong> au compteur. Son \u00e9tat quasi neuf en fait une perle rare, estim\u00e9e entre <strong>15 000 et 25 000 \u20ac<\/strong>.<\/p>\n\n\n\n<h3 class=\"wp-block-heading\" id=\"h-une-vente-exceptionnelle-pour-les-passionnes-de-citroen\"><strong>Une Vente Exceptionnelle pour les Passionn\u00e9s de Citro\u00ebn<\/strong><\/h3>\n\n\n\n<p>Que vous soyez collectionneur, amateur d\u2019anciennes ou simple curieux, cette vente aux ench\u00e8res promet d\u2019\u00eatre un \u00e9v\u00e9nement incontournable. Des mod\u00e8les iconiques aux pi\u00e8ces les plus rares, chacun pourra y d\u00e9couvrir une page de l\u2019histoire de Citro\u00ebn et, pourquoi pas, repartir avec une voiture de collection. Rendez-vous le 16 mars 2025 \u00e0 l\u2019Espace Champerret pour cette opportunit\u00e9 unique d\u2019acqu\u00e9rir un morceau du patrimoine automobile fran\u00e7ais !<\/p>\n","protected":false},"excerpt":{"rendered":"<p>6 Tr\u00e9sors Cach\u00e9s de Citro\u00ebn Bient\u00f4t aux Ench\u00e8res \u2013 Ne Ratez Pas Ces Mod\u00e8les d&rsquo;Exception ! Le dimanche 16 mars 2025, les amateurs de voitures anciennes et les passionn\u00e9s de la marque aux chevrons ont rendez-vous \u00e0 l\u2019Espace Champerret, dans le 17e arrondissement de Paris, pour une vente aux ench\u00e8res exceptionnelle organis\u00e9e par la maison &#8230; <a title=\"6 Tr\u00e9sors Cach\u00e9s de Citro\u00ebn Bient\u00f4t aux Ench\u00e8res \u2013 Ne Ratez Pas Ces Mod\u00e8les d&rsquo;Exception !\" class=\"read-more\" href=\"https:\/\/www.carideal.com\/blog\/2025\/03\/05\/6-tresors-caches-de-citroen-bientot-aux-encheres-ne-ratez-pas-ces-modeles-dexception\/\" aria-label=\"En savoir plus sur 6 Tr\u00e9sors Cach\u00e9s de Citro\u00ebn Bient\u00f4t aux Ench\u00e8res \u2013 Ne Ratez Pas Ces Mod\u00e8les d&rsquo;Exception !\">Lire plus<\/a><\/p>\n","protected":false},"author":3,"featured_media":28068,"comment_status":"open","ping_status":"open","sticky":false,"template":"","format":"standard","meta":{"_uag_custom_page_level_css":"","_themeisle_gutenberg_block_has_review":false,"footnotes":""},"categories":[5],"tags":[6161],"class_list":["post-28057","post","type-post","status-publish","format-standard","has-post-thumbnail","hentry","category-citroen","tag-voiture-de-collection"],"wppr_data":{"cwp_meta_box_check":"No"},"yoast_head":"<!-- This site is optimized with the Yoast SEO plugin v24.8.1 - https:\/\/yoast.com\/wordpress\/plugins\/seo\/ -->\n<title>6 Tr\u00e9sors Cach\u00e9s de Citro\u00ebn Bient\u00f4t aux Ench\u00e8res \u2013 Ne Ratez Pas Ces Mod\u00e8les d&#039;Exception ! - Blog auto Carid\u00e9al<\/title>\n<meta name=\"description\" content=\"6 Tr\u00e9sors Cach\u00e9s de Citro\u00ebn Bient\u00f4t aux Ench\u00e8res \u2013 Ne Ratez Pas Ces Mod\u00e8les d&#039;Exception !\" \/>\n<meta name=\"robots\" content=\"index, follow, max-snippet:-1, max-image-preview:large, max-video-preview:-1\" \/>\n<link rel=\"canonical\" href=\"https:\/\/www.carideal.com\/blog\/2025\/03\/05\/6-tresors-caches-de-citroen-bientot-aux-encheres-ne-ratez-pas-ces-modeles-dexception\/\" \/>\n<meta property=\"og:locale\" content=\"fr_FR\" \/>\n<meta property=\"og:type\" content=\"article\" \/>\n<meta property=\"og:title\" content=\"6 Tr\u00e9sors Cach\u00e9s de Citro\u00ebn Bient\u00f4t aux Ench\u00e8res \u2013 Ne Ratez Pas Ces Mod\u00e8les d&#039;Exception ! - Blog auto Carid\u00e9al\" \/>\n<meta property=\"og:description\" content=\"6 Tr\u00e9sors Cach\u00e9s de Citro\u00ebn Bient\u00f4t aux Ench\u00e8res \u2013 Ne Ratez Pas Ces Mod\u00e8les d&#039;Exception !\" \/>\n<meta property=\"og:url\" content=\"https:\/\/www.carideal.com\/blog\/2025\/03\/05\/6-tresors-caches-de-citroen-bientot-aux-encheres-ne-ratez-pas-ces-modeles-dexception\/\" \/>\n<meta property=\"og:site_name\" content=\"Blog auto Carid\u00e9al\" \/>\n<meta property=\"article:publisher\" content=\"https:\/\/www.facebook.com\/Carideal.mandataire.automobile\" \/>\n<meta property=\"article:author\" content=\"https:\/\/www.facebook.com\/nicolas.schiavon.39\" \/>\n<meta property=\"article:published_time\" content=\"2025-03-05T10:53:00+00:00\" \/>\n<meta property=\"article:modified_time\" content=\"2025-03-08T17:24:44+00:00\" \/>\n<meta property=\"og:image\" content=\"https:\/\/www.carideal.com\/blog\/wp-content\/uploads\/2025\/03\/enchere-CITROEN-DS-21-PALLAS-\u2013-1967.jpg\" \/>\n\t<meta property=\"og:image:width\" content=\"1300\" \/>\n\t<meta property=\"og:image:height\" content=\"730\" \/>\n\t<meta property=\"og:image:type\" content=\"image\/jpeg\" \/>\n<meta name=\"author\" content=\"Nicolas SCHIAVON\" \/>\n<meta name=\"twitter:card\" content=\"summary_large_image\" \/>\n<meta name=\"twitter:creator\" content=\"@caridealauto\" \/>\n<meta name=\"twitter:site\" content=\"@caridealauto\" \/>\n<meta name=\"twitter:label1\" content=\"\u00c9crit par\" \/>\n\t<meta name=\"twitter:data1\" content=\"Nicolas SCHIAVON\" \/>\n\t<meta name=\"twitter:label2\" content=\"Dur\u00e9e de lecture estim\u00e9e\" \/>\n\t<meta name=\"twitter:data2\" content=\"6 minutes\" \/>\n<script type=\"application\/ld+json\" class=\"yoast-schema-graph\">{\"@context\":\"https:\/\/schema.org\",\"@graph\":[{\"@type\":\"Article\",\"@id\":\"https:\/\/www.carideal.com\/blog\/2025\/03\/05\/6-tresors-caches-de-citroen-bientot-aux-encheres-ne-ratez-pas-ces-modeles-dexception\/#article\",\"isPartOf\":{\"@id\":\"https:\/\/www.carideal.com\/blog\/2025\/03\/05\/6-tresors-caches-de-citroen-bientot-aux-encheres-ne-ratez-pas-ces-modeles-dexception\/\"},\"author\":{\"name\":\"Nicolas SCHIAVON\",\"@id\":\"https:\/\/www.carideal.com\/blog\/#\/schema\/person\/cd95dc7919660de90d31b366f85be1ec\"},\"headline\":\"6 Tr\u00e9sors Cach\u00e9s de Citro\u00ebn Bient\u00f4t aux Ench\u00e8res \u2013 Ne Ratez Pas Ces Mod\u00e8les d&rsquo;Exception !\",\"datePublished\":\"2025-03-05T10:53:00+00:00\",\"dateModified\":\"2025-03-08T17:24:44+00:00\",\"mainEntityOfPage\":{\"@id\":\"https:\/\/www.carideal.com\/blog\/2025\/03\/05\/6-tresors-caches-de-citroen-bientot-aux-encheres-ne-ratez-pas-ces-modeles-dexception\/\"},\"wordCount\":823,\"commentCount\":0,\"publisher\":{\"@id\":\"https:\/\/www.carideal.com\/blog\/#organization\"},\"image\":{\"@id\":\"https:\/\/www.carideal.com\/blog\/2025\/03\/05\/6-tresors-caches-de-citroen-bientot-aux-encheres-ne-ratez-pas-ces-modeles-dexception\/#primaryimage\"},\"thumbnailUrl\":\"https:\/\/www.carideal.com\/blog\/wp-content\/uploads\/2025\/03\/enchere-CITROEN-DS-21-PALLAS-\u2013-1967.jpg\",\"keywords\":[\"Voiture de collection\"],\"articleSection\":[\"Actualit\u00e9 Citroen\"],\"inLanguage\":\"fr-FR\",\"potentialAction\":[{\"@type\":\"CommentAction\",\"name\":\"Comment\",\"target\":[\"https:\/\/www.carideal.com\/blog\/2025\/03\/05\/6-tresors-caches-de-citroen-bientot-aux-encheres-ne-ratez-pas-ces-modeles-dexception\/#respond\"]}]},{\"@type\":\"WebPage\",\"@id\":\"https:\/\/www.carideal.com\/blog\/2025\/03\/05\/6-tresors-caches-de-citroen-bientot-aux-encheres-ne-ratez-pas-ces-modeles-dexception\/\",\"url\":\"https:\/\/www.carideal.com\/blog\/2025\/03\/05\/6-tresors-caches-de-citroen-bientot-aux-encheres-ne-ratez-pas-ces-modeles-dexception\/\",\"name\":\"6 Tr\u00e9sors Cach\u00e9s de Citro\u00ebn Bient\u00f4t aux Ench\u00e8res \u2013 Ne Ratez Pas Ces Mod\u00e8les d'Exception ! - Blog auto Carid\u00e9al\",\"isPartOf\":{\"@id\":\"https:\/\/www.carideal.com\/blog\/#website\"},\"primaryImageOfPage\":{\"@id\":\"https:\/\/www.carideal.com\/blog\/2025\/03\/05\/6-tresors-caches-de-citroen-bientot-aux-encheres-ne-ratez-pas-ces-modeles-dexception\/#primaryimage\"},\"image\":{\"@id\":\"https:\/\/www.carideal.com\/blog\/2025\/03\/05\/6-tresors-caches-de-citroen-bientot-aux-encheres-ne-ratez-pas-ces-modeles-dexception\/#primaryimage\"},\"thumbnailUrl\":\"https:\/\/www.carideal.com\/blog\/wp-content\/uploads\/2025\/03\/enchere-CITROEN-DS-21-PALLAS-\u2013-1967.jpg\",\"datePublished\":\"2025-03-05T10:53:00+00:00\",\"dateModified\":\"2025-03-08T17:24:44+00:00\",\"description\":\"6 Tr\u00e9sors Cach\u00e9s de Citro\u00ebn Bient\u00f4t aux Ench\u00e8res \u2013 Ne Ratez Pas Ces Mod\u00e8les d'Exception !\",\"breadcrumb\":{\"@id\":\"https:\/\/www.carideal.com\/blog\/2025\/03\/05\/6-tresors-caches-de-citroen-bientot-aux-encheres-ne-ratez-pas-ces-modeles-dexception\/#breadcrumb\"},\"inLanguage\":\"fr-FR\",\"potentialAction\":[{\"@type\":\"ReadAction\",\"target\":[\"https:\/\/www.carideal.com\/blog\/2025\/03\/05\/6-tresors-caches-de-citroen-bientot-aux-encheres-ne-ratez-pas-ces-modeles-dexception\/\"]}]},{\"@type\":\"ImageObject\",\"inLanguage\":\"fr-FR\",\"@id\":\"https:\/\/www.carideal.com\/blog\/2025\/03\/05\/6-tresors-caches-de-citroen-bientot-aux-encheres-ne-ratez-pas-ces-modeles-dexception\/#primaryimage\",\"url\":\"https:\/\/www.carideal.com\/blog\/wp-content\/uploads\/2025\/03\/enchere-CITROEN-DS-21-PALLAS-\u2013-1967.jpg\",\"contentUrl\":\"https:\/\/www.carideal.com\/blog\/wp-content\/uploads\/2025\/03\/enchere-CITROEN-DS-21-PALLAS-\u2013-1967.jpg\",\"width\":1300,\"height\":730,\"caption\":\"6 Tr\u00e9sors Cach\u00e9s de Citro\u00ebn Bient\u00f4t aux Ench\u00e8res\"},{\"@type\":\"BreadcrumbList\",\"@id\":\"https:\/\/www.carideal.com\/blog\/2025\/03\/05\/6-tresors-caches-de-citroen-bientot-aux-encheres-ne-ratez-pas-ces-modeles-dexception\/#breadcrumb\",\"itemListElement\":[{\"@type\":\"ListItem\",\"position\":1,\"name\":\"Blog Carid\u00e9al\",\"item\":\"https:\/\/www.carideal.com\/blog\/\"},{\"@type\":\"ListItem\",\"position\":2,\"name\":\"Actualit\u00e9 constructeur automobile\",\"item\":\"https:\/\/www.carideal.com\/blog\/constructeur\/\"},{\"@type\":\"ListItem\",\"position\":3,\"name\":\"Actualit\u00e9 Citroen\",\"item\":\"https:\/\/www.carideal.com\/blog\/constructeur\/citroen\/\"},{\"@type\":\"ListItem\",\"position\":4,\"name\":\"6 Tr\u00e9sors Cach\u00e9s de Citro\u00ebn Bient\u00f4t aux Ench\u00e8res \u2013 Ne Ratez Pas Ces Mod\u00e8les d&rsquo;Exception !\"}]},{\"@type\":\"WebSite\",\"@id\":\"https:\/\/www.carideal.com\/blog\/#website\",\"url\":\"https:\/\/www.carideal.com\/blog\/\",\"name\":\"Blog auto Carid\u00e9al\",\"description\":\"Actualit\u00e9 auto par des passionn\u00e9s\",\"publisher\":{\"@id\":\"https:\/\/www.carideal.com\/blog\/#organization\"},\"potentialAction\":[{\"@type\":\"SearchAction\",\"target\":{\"@type\":\"EntryPoint\",\"urlTemplate\":\"https:\/\/www.carideal.com\/blog\/?s={search_term_string}\"},\"query-input\":{\"@type\":\"PropertyValueSpecification\",\"valueRequired\":true,\"valueName\":\"search_term_string\"}}],\"inLanguage\":\"fr-FR\"},{\"@type\":\"Organization\",\"@id\":\"https:\/\/www.carideal.com\/blog\/#organization\",\"name\":\"Carideal\",\"url\":\"https:\/\/www.carideal.com\/blog\/\",\"logo\":{\"@type\":\"ImageObject\",\"inLanguage\":\"fr-FR\",\"@id\":\"https:\/\/www.carideal.com\/blog\/#\/schema\/logo\/image\/\",\"url\":\"http:\/\/www.carideal.com\/blog\/wp-content\/uploads\/2016\/03\/logo-carideal-mandataire-automobile.png\",\"contentUrl\":\"http:\/\/www.carideal.com\/blog\/wp-content\/uploads\/2016\/03\/logo-carideal-mandataire-automobile.png\",\"width\":300,\"height\":300,\"caption\":\"Carideal\"},\"image\":{\"@id\":\"https:\/\/www.carideal.com\/blog\/#\/schema\/logo\/image\/\"},\"sameAs\":[\"https:\/\/www.facebook.com\/Carideal.mandataire.automobile\",\"https:\/\/x.com\/caridealauto\",\"https:\/\/www.instagram.com\/carideal1\/\",\"https:\/\/www.linkedin.com\/company\/carideal.com\",\"https:\/\/fr.pinterest.com\/schiavonsas\/\",\"https:\/\/www.youtube.com\/user\/caridealsas\"]},{\"@type\":\"Person\",\"@id\":\"https:\/\/www.carideal.com\/blog\/#\/schema\/person\/cd95dc7919660de90d31b366f85be1ec\",\"name\":\"Nicolas SCHIAVON\",\"image\":{\"@type\":\"ImageObject\",\"inLanguage\":\"fr-FR\",\"@id\":\"https:\/\/www.carideal.com\/blog\/#\/schema\/person\/image\/\",\"url\":\"https:\/\/secure.gravatar.com\/avatar\/c17e55009e671d92cc7f5dc837dc418a?s=96&r=g\",\"contentUrl\":\"https:\/\/secure.gravatar.com\/avatar\/c17e55009e671d92cc7f5dc837dc418a?s=96&r=g\",\"caption\":\"Nicolas SCHIAVON\"},\"description\":\"Nicolas Schiavon est tomb\u00e9 tout petit dans la marmite automobile. Ayant eu un garage de marque automobile, mandataire automobile de la premi\u00e8re heure d\u00e8s 1999. Nicolas a cr\u00e9\u00e9 ces premiers sites de vente de voiture et blog automobile d\u00e8s 1994. Carideal est n\u00e9 le 15 d\u00e9cembre 2000 de la volont\u00e9 de vendre des voitures d'occasions en ligne puis des voitures neuves. Il a pu essayer beaucoup de voitures tr\u00e8s diff\u00e9rentes et ayant eu personnellement quelques belles autos, Subaru Impreza, Mitsubishi Lancer Evo 7, Porsche 911, Ferrari Testarrossa, Audi RS3, RS4 et j'en passe...\",\"sameAs\":[\"http:\/\/www.carideal.com\",\"https:\/\/www.facebook.com\/nicolas.schiavon.39\",\"https:\/\/www.instagram.com\/carideal1\/\",\"https:\/\/www.linkedin.com\/in\/nschiavon\/\",\"https:\/\/x.com\/caridealauto\",\"https:\/\/www.youtube.com\/user\/caridealsas\/\"],\"url\":\"https:\/\/www.carideal.com\/blog\/author\/nschiavon\/\"}]}<\/script>\n<!-- \/ Yoast SEO plugin. -->","yoast_head_json":{"title":"6 Tr\u00e9sors Cach\u00e9s de Citro\u00ebn Bient\u00f4t aux Ench\u00e8res \u2013 Ne Ratez Pas Ces Mod\u00e8les d'Exception ! - Blog auto Carid\u00e9al","description":"6 Tr\u00e9sors Cach\u00e9s de Citro\u00ebn Bient\u00f4t aux Ench\u00e8res \u2013 Ne Ratez Pas Ces Mod\u00e8les d'Exception !","robots":{"index":"index","follow":"follow","max-snippet":"max-snippet:-1","max-image-preview":"max-image-preview:large","max-video-preview":"max-video-preview:-1"},"canonical":"https:\/\/www.carideal.com\/blog\/2025\/03\/05\/6-tresors-caches-de-citroen-bientot-aux-encheres-ne-ratez-pas-ces-modeles-dexception\/","og_locale":"fr_FR","og_type":"article","og_title":"6 Tr\u00e9sors Cach\u00e9s de Citro\u00ebn Bient\u00f4t aux Ench\u00e8res \u2013 Ne Ratez Pas Ces Mod\u00e8les d'Exception ! - Blog auto Carid\u00e9al","og_description":"6 Tr\u00e9sors Cach\u00e9s de Citro\u00ebn Bient\u00f4t aux Ench\u00e8res \u2013 Ne Ratez Pas Ces Mod\u00e8les d'Exception !","og_url":"https:\/\/www.carideal.com\/blog\/2025\/03\/05\/6-tresors-caches-de-citroen-bientot-aux-encheres-ne-ratez-pas-ces-modeles-dexception\/","og_site_name":"Blog auto Carid\u00e9al","article_publisher":"https:\/\/www.facebook.com\/Carideal.mandataire.automobile","article_author":"https:\/\/www.facebook.com\/nicolas.schiavon.39","article_published_time":"2025-03-05T10:53:00+00:00","article_modified_time":"2025-03-08T17:24:44+00:00","og_image":[{"width":1300,"height":730,"url":"https:\/\/www.carideal.com\/blog\/wp-content\/uploads\/2025\/03\/enchere-CITROEN-DS-21-PALLAS-\u2013-1967.jpg","type":"image\/jpeg"}],"author":"Nicolas SCHIAVON","twitter_card":"summary_large_image","twitter_creator":"@caridealauto","twitter_site":"@caridealauto","twitter_misc":{"\u00c9crit par":"Nicolas SCHIAVON","Dur\u00e9e de lecture estim\u00e9e":"6 minutes"},"schema":{"@context":"https:\/\/schema.org","@graph":[{"@type":"Article","@id":"https:\/\/www.carideal.com\/blog\/2025\/03\/05\/6-tresors-caches-de-citroen-bientot-aux-encheres-ne-ratez-pas-ces-modeles-dexception\/#article","isPartOf":{"@id":"https:\/\/www.carideal.com\/blog\/2025\/03\/05\/6-tresors-caches-de-citroen-bientot-aux-encheres-ne-ratez-pas-ces-modeles-dexception\/"},"author":{"name":"Nicolas SCHIAVON","@id":"https:\/\/www.carideal.com\/blog\/#\/schema\/person\/cd95dc7919660de90d31b366f85be1ec"},"headline":"6 Tr\u00e9sors Cach\u00e9s de Citro\u00ebn Bient\u00f4t aux Ench\u00e8res \u2013 Ne Ratez Pas Ces Mod\u00e8les d&rsquo;Exception !","datePublished":"2025-03-05T10:53:00+00:00","dateModified":"2025-03-08T17:24:44+00:00","mainEntityOfPage":{"@id":"https:\/\/www.carideal.com\/blog\/2025\/03\/05\/6-tresors-caches-de-citroen-bientot-aux-encheres-ne-ratez-pas-ces-modeles-dexception\/"},"wordCount":823,"commentCount":0,"publisher":{"@id":"https:\/\/www.carideal.com\/blog\/#organization"},"image":{"@id":"https:\/\/www.carideal.com\/blog\/2025\/03\/05\/6-tresors-caches-de-citroen-bientot-aux-encheres-ne-ratez-pas-ces-modeles-dexception\/#primaryimage"},"thumbnailUrl":"https:\/\/www.carideal.com\/blog\/wp-content\/uploads\/2025\/03\/enchere-CITROEN-DS-21-PALLAS-\u2013-1967.jpg","keywords":["Voiture de collection"],"articleSection":["Actualit\u00e9 Citroen"],"inLanguage":"fr-FR","potentialAction":[{"@type":"CommentAction","name":"Comment","target":["https:\/\/www.carideal.com\/blog\/2025\/03\/05\/6-tresors-caches-de-citroen-bientot-aux-encheres-ne-ratez-pas-ces-modeles-dexception\/#respond"]}]},{"@type":"WebPage","@id":"https:\/\/www.carideal.com\/blog\/2025\/03\/05\/6-tresors-caches-de-citroen-bientot-aux-encheres-ne-ratez-pas-ces-modeles-dexception\/","url":"https:\/\/www.carideal.com\/blog\/2025\/03\/05\/6-tresors-caches-de-citroen-bientot-aux-encheres-ne-ratez-pas-ces-modeles-dexception\/","name":"6 Tr\u00e9sors Cach\u00e9s de Citro\u00ebn Bient\u00f4t aux Ench\u00e8res \u2013 Ne Ratez Pas Ces Mod\u00e8les d'Exception ! - Blog auto Carid\u00e9al","isPartOf":{"@id":"https:\/\/www.carideal.com\/blog\/#website"},"primaryImageOfPage":{"@id":"https:\/\/www.carideal.com\/blog\/2025\/03\/05\/6-tresors-caches-de-citroen-bientot-aux-encheres-ne-ratez-pas-ces-modeles-dexception\/#primaryimage"},"image":{"@id":"https:\/\/www.carideal.com\/blog\/2025\/03\/05\/6-tresors-caches-de-citroen-bientot-aux-encheres-ne-ratez-pas-ces-modeles-dexception\/#primaryimage"},"thumbnailUrl":"https:\/\/www.carideal.com\/blog\/wp-content\/uploads\/2025\/03\/enchere-CITROEN-DS-21-PALLAS-\u2013-1967.jpg","datePublished":"2025-03-05T10:53:00+00:00","dateModified":"2025-03-08T17:24:44+00:00","description":"6 Tr\u00e9sors Cach\u00e9s de Citro\u00ebn Bient\u00f4t aux Ench\u00e8res \u2013 Ne Ratez Pas Ces Mod\u00e8les d'Exception !","breadcrumb":{"@id":"https:\/\/www.carideal.com\/blog\/2025\/03\/05\/6-tresors-caches-de-citroen-bientot-aux-encheres-ne-ratez-pas-ces-modeles-dexception\/#breadcrumb"},"inLanguage":"fr-FR","potentialAction":[{"@type":"ReadAction","target":["https:\/\/www.carideal.com\/blog\/2025\/03\/05\/6-tresors-caches-de-citroen-bientot-aux-encheres-ne-ratez-pas-ces-modeles-dexception\/"]}]},{"@type":"ImageObject","inLanguage":"fr-FR","@id":"https:\/\/www.carideal.com\/blog\/2025\/03\/05\/6-tresors-caches-de-citroen-bientot-aux-encheres-ne-ratez-pas-ces-modeles-dexception\/#primaryimage","url":"https:\/\/www.carideal.com\/blog\/wp-content\/uploads\/2025\/03\/enchere-CITROEN-DS-21-PALLAS-\u2013-1967.jpg","contentUrl":"https:\/\/www.carideal.com\/blog\/wp-content\/uploads\/2025\/03\/enchere-CITROEN-DS-21-PALLAS-\u2013-1967.jpg","width":1300,"height":730,"caption":"6 Tr\u00e9sors Cach\u00e9s de Citro\u00ebn Bient\u00f4t aux Ench\u00e8res"},{"@type":"BreadcrumbList","@id":"https:\/\/www.carideal.com\/blog\/2025\/03\/05\/6-tresors-caches-de-citroen-bientot-aux-encheres-ne-ratez-pas-ces-modeles-dexception\/#breadcrumb","itemListElement":[{"@type":"ListItem","position":1,"name":"Blog Carid\u00e9al","item":"https:\/\/www.carideal.com\/blog\/"},{"@type":"ListItem","position":2,"name":"Actualit\u00e9 constructeur automobile","item":"https:\/\/www.carideal.com\/blog\/constructeur\/"},{"@type":"ListItem","position":3,"name":"Actualit\u00e9 Citroen","item":"https:\/\/www.carideal.com\/blog\/constructeur\/citroen\/"},{"@type":"ListItem","position":4,"name":"6 Tr\u00e9sors Cach\u00e9s de Citro\u00ebn Bient\u00f4t aux Ench\u00e8res \u2013 Ne Ratez Pas Ces Mod\u00e8les d&rsquo;Exception !"}]},{"@type":"WebSite","@id":"https:\/\/www.carideal.com\/blog\/#website","url":"https:\/\/www.carideal.com\/blog\/","name":"Blog auto Carid\u00e9al","description":"Actualit\u00e9 auto par des passionn\u00e9s","publisher":{"@id":"https:\/\/www.carideal.com\/blog\/#organization"},"potentialAction":[{"@type":"SearchAction","target":{"@type":"EntryPoint","urlTemplate":"https:\/\/www.carideal.com\/blog\/?s={search_term_string}"},"query-input":{"@type":"PropertyValueSpecification","valueRequired":true,"valueName":"search_term_string"}}],"inLanguage":"fr-FR"},{"@type":"Organization","@id":"https:\/\/www.carideal.com\/blog\/#organization","name":"Carideal","url":"https:\/\/www.carideal.com\/blog\/","logo":{"@type":"ImageObject","inLanguage":"fr-FR","@id":"https:\/\/www.carideal.com\/blog\/#\/schema\/logo\/image\/","url":"http:\/\/www.carideal.com\/blog\/wp-content\/uploads\/2016\/03\/logo-carideal-mandataire-automobile.png","contentUrl":"http:\/\/www.carideal.com\/blog\/wp-content\/uploads\/2016\/03\/logo-carideal-mandataire-automobile.png","width":300,"height":300,"caption":"Carideal"},"image":{"@id":"https:\/\/www.carideal.com\/blog\/#\/schema\/logo\/image\/"},"sameAs":["https:\/\/www.facebook.com\/Carideal.mandataire.automobile","https:\/\/x.com\/caridealauto","https:\/\/www.instagram.com\/carideal1\/","https:\/\/www.linkedin.com\/company\/carideal.com","https:\/\/fr.pinterest.com\/schiavonsas\/","https:\/\/www.youtube.com\/user\/caridealsas"]},{"@type":"Person","@id":"https:\/\/www.carideal.com\/blog\/#\/schema\/person\/cd95dc7919660de90d31b366f85be1ec","name":"Nicolas SCHIAVON","image":{"@type":"ImageObject","inLanguage":"fr-FR","@id":"https:\/\/www.carideal.com\/blog\/#\/schema\/person\/image\/","url":"https:\/\/secure.gravatar.com\/avatar\/c17e55009e671d92cc7f5dc837dc418a?s=96&r=g","contentUrl":"https:\/\/secure.gravatar.com\/avatar\/c17e55009e671d92cc7f5dc837dc418a?s=96&r=g","caption":"Nicolas SCHIAVON"},"description":"Nicolas Schiavon est tomb\u00e9 tout petit dans la marmite automobile. Ayant eu un garage de marque automobile, mandataire automobile de la premi\u00e8re heure d\u00e8s 1999. Nicolas a cr\u00e9\u00e9 ces premiers sites de vente de voiture et blog automobile d\u00e8s 1994. Carideal est n\u00e9 le 15 d\u00e9cembre 2000 de la volont\u00e9 de vendre des voitures d'occasions en ligne puis des voitures neuves. Il a pu essayer beaucoup de voitures tr\u00e8s diff\u00e9rentes et ayant eu personnellement quelques belles autos, Subaru Impreza, Mitsubishi Lancer Evo 7, Porsche 911, Ferrari Testarrossa, Audi RS3, RS4 et j'en passe...","sameAs":["http:\/\/www.carideal.com","https:\/\/www.facebook.com\/nicolas.schiavon.39","https:\/\/www.instagram.com\/carideal1\/","https:\/\/www.linkedin.com\/in\/nschiavon\/","https:\/\/x.com\/caridealauto","https:\/\/www.youtube.com\/user\/caridealsas\/"],"url":"https:\/\/www.carideal.com\/blog\/author\/nschiavon\/"}]}},"uagb_featured_image_src":{"full":["https:\/\/www.carideal.com\/blog\/wp-content\/uploads\/2025\/03\/enchere-CITROEN-DS-21-PALLAS-\u2013-1967.jpg",1300,730,false],"thumbnail":["https:\/\/www.carideal.com\/blog\/wp-content\/uploads\/2025\/03\/enchere-CITROEN-DS-21-PALLAS-\u2013-1967-150x150.jpg",150,150,true],"medium":["https:\/\/www.carideal.com\/blog\/wp-content\/uploads\/2025\/03\/enchere-CITROEN-DS-21-PALLAS-\u2013-1967-300x168.jpg",300,168,true],"medium_large":["https:\/\/www.carideal.com\/blog\/wp-content\/uploads\/2025\/03\/enchere-CITROEN-DS-21-PALLAS-\u2013-1967-768x431.jpg",768,431,true],"large":["https:\/\/www.carideal.com\/blog\/wp-content\/uploads\/2025\/03\/enchere-CITROEN-DS-21-PALLAS-\u2013-1967-1024x575.jpg",1024,575,true],"1536x1536":["https:\/\/www.carideal.com\/blog\/wp-content\/uploads\/2025\/03\/enchere-CITROEN-DS-21-PALLAS-\u2013-1967.jpg",1300,730,false],"2048x2048":["https:\/\/www.carideal.com\/blog\/wp-content\/uploads\/2025\/03\/enchere-CITROEN-DS-21-PALLAS-\u2013-1967.jpg",1300,730,false],"wppr-widget":["https:\/\/www.carideal.com\/blog\/wp-content\/uploads\/2025\/03\/enchere-CITROEN-DS-21-PALLAS-\u2013-1967-50x28.jpg",50,28,true]},"uagb_author_info":{"display_name":"Nicolas SCHIAVON","author_link":"https:\/\/www.carideal.com\/blog\/author\/nschiavon\/"},"uagb_comment_info":0,"uagb_excerpt":"6 Tr\u00e9sors Cach\u00e9s de Citro\u00ebn Bient\u00f4t aux Ench\u00e8res \u2013 Ne Ratez Pas Ces Mod\u00e8les d'Exception ! Le dimanche 16 mars 2025, les amateurs de voitures anciennes et les passionn\u00e9s de la marque aux chevrons ont rendez-vous \u00e0 l\u2019Espace Champerret, dans le 17e arrondissement de Paris, pour une vente aux ench\u00e8res exceptionnelle organis\u00e9e par la maison\u2026","_links":{"self":[{"href":"https:\/\/www.carideal.com\/blog\/wp-json\/wp\/v2\/posts\/28057"}],"collection":[{"href":"https:\/\/www.carideal.com\/blog\/wp-json\/wp\/v2\/posts"}],"about":[{"href":"https:\/\/www.carideal.com\/blog\/wp-json\/wp\/v2\/types\/post"}],"author":[{"embeddable":true,"href":"https:\/\/www.carideal.com\/blog\/wp-json\/wp\/v2\/users\/3"}],"replies":[{"embeddable":true,"href":"https:\/\/www.carideal.com\/blog\/wp-json\/wp\/v2\/comments?post=28057"}],"version-history":[{"count":3,"href":"https:\/\/www.carideal.com\/blog\/wp-json\/wp\/v2\/posts\/28057\/revisions"}],"predecessor-version":[{"id":28094,"href":"https:\/\/www.carideal.com\/blog\/wp-json\/wp\/v2\/posts\/28057\/revisions\/28094"}],"wp:featuredmedia":[{"embeddable":true,"href":"https:\/\/www.carideal.com\/blog\/wp-json\/wp\/v2\/media\/28068"}],"wp:attachment":[{"href":"https:\/\/www.carideal.com\/blog\/wp-json\/wp\/v2\/media?parent=28057"}],"wp:term":[{"taxonomy":"category","embeddable":true,"href":"https:\/\/www.carideal.com\/blog\/wp-json\/wp\/v2\/categories?post=28057"},{"taxonomy":"post_tag","embeddable":true,"href":"https:\/\/www.carideal.com\/blog\/wp-json\/wp\/v2\/tags?post=28057"}],"curies":[{"name":"wp","href":"https:\/\/api.w.org\/{rel}","templated":true}]}}