{"id":28051,"date":"2024-12-22T23:39:50","date_gmt":"2024-12-22T22:39:50","guid":{"rendered":"https:\/\/www.carideal.com\/blog\/?p=28051"},"modified":"2024-12-22T23:39:52","modified_gmt":"2024-12-22T22:39:52","slug":"essai-bmw-330e-2024-la-meilleure-voiture-hybride","status":"publish","type":"post","link":"https:\/\/www.carideal.com\/blog\/2024\/12\/22\/essai-bmw-330e-2024-la-meilleure-voiture-hybride\/","title":{"rendered":"Essai BMW 330e 2024 : La meilleure voiture hybridE ?"},"content":{"rendered":"\n<h2 class=\"wp-block-heading\" id=\"h-essai-bmw-330e-2024-la-meilleure-voiture-hybride-rechargeable\">Essai BMW 330e 2024 : La meilleure voiture hybride rechargeable ?<\/h2>\n\n\n\n<p>La <strong>BMW 330e 2024<\/strong>, version restyl\u00e9e de la berline hybride rechargeable, s\u2019impose une fois encore comme une r\u00e9f\u00e9rence dans le domaine des <strong>voitures d\u2019entreprise plug-in hybrid (PHEV)<\/strong>. Avec une autonomie \u00e9lectrique accrue et des performances au sommet, elle se positionne comme un choix incontournable pour les professionnels cherchant \u00e0 allier confort, \u00e9conomies fiscales et plaisir de conduite.<\/p>\n\n\n\n<h3 class=\"wp-block-heading\" id=\"h-une-mise-a-jour-pour-rester-dans-la-course\">Une mise \u00e0 jour pour rester dans la course<\/h3>\n\n\n\n<p>Depuis plus de 40 ans, la <strong>BMW S\u00e9rie 3<\/strong> r\u00e8gne en ma\u00eetre dans le segment des voitures d\u2019entreprise. Toutefois, face \u00e0 la mont\u00e9e en puissance des <strong><a href=\"https:\/\/www.carideal.com\/blog\/2024\/04\/16\/les-meilleures-voitures-electriques-a-acheter-en-2024\/\">v\u00e9hicules \u00e9lectriques<\/a><\/strong> comme la <strong><a href=\"https:\/\/www.carideal.com\/blog\/marque-de-voiture-actualites-essais\/tesla\/tesla-model-3\/\">Tesla Model 3<\/a><\/strong> et la <strong>Polestar 2<\/strong>, ainsi que les concurrentes traditionnelles telles que la <strong>Mercedes Classe C<\/strong> ou l'<strong>Audi A5<\/strong>, BMW n\u2019avait pas d\u2019autre choix que de mettre \u00e0 jour son mod\u00e8le embl\u00e9matique. Cette <strong>BMW S\u00e9rie 3 G20<\/strong>, qui re\u00e7oit un second restylage avant l\u2019arriv\u00e9e de la prochaine g\u00e9n\u00e9ration, b\u00e9n\u00e9ficie de plusieurs am\u00e9liorations notables, notamment sur la <strong>BMW 330e<\/strong>.<\/p>\n\n\n\n<h3 class=\"wp-block-heading\" id=\"h-batterie-amelioree-et-autonomie-etendue\">Batterie am\u00e9lior\u00e9e et autonomie \u00e9tendue<\/h3>\n\n\n\n<p>Le changement le plus significatif concerne la batterie haute tension. D\u2019une capacit\u00e9 port\u00e9e \u00e0 19,5 kWh, elle offre d\u00e9sormais une autonomie \u00e9lectrique officielle de <strong>100 km<\/strong> pour la version M Sport, soit une nette progression par rapport aux 36 miles (58 km) de la version pr\u00e9c\u00e9dente. Cela r\u00e9duit \u00e9galement les <strong>\u00e9missions de CO2 \u00e0 19 g\/km<\/strong>, un atout majeur pour les professionnels soucieux de leur empreinte environnementale. <\/p>\n\n\n\n<p>Cette batterie plus grande n\u2019impacte pas l\u2019espace int\u00e9rieur ni le coffre (375 litres pour la berline et davantage pour la version Touring). Les longs trajets sont facilit\u00e9s par le moteur thermique 2.0 litres turbo, garantissant une consommation mixte impressionnante et jusqu\u2019\u00e0 <strong>7.06 l\/100 km<\/strong> en usage autoroutier.<\/p>\n\n\n\n<h3 class=\"wp-block-heading\" id=\"h-performances-et-plaisir-de-conduite\">Performances et plaisir de conduite<\/h3>\n\n\n\n<p>Dot\u00e9e d\u2019une puissance combin\u00e9e de <strong>288 ch<\/strong> et d\u2019un couple de <strong>420 Nm<\/strong>, la 330e abat le <strong>0 \u00e0 100 km\/h en 5,9 secondes<\/strong>. Ce niveau de performance s\u2019accompagne d\u2019une dynamique de conduite exemplaire, caract\u00e9ristique des <strong>ch\u00e2ssis BMW<\/strong>. Sur routes sinueuses comme sur autoroute, la voiture conserve une stabilit\u00e9 et une pr\u00e9cision rarement \u00e9gal\u00e9es dans ce segment.<\/p>\n\n\n\n<p>Le mode Sport permet d\u2019exploiter pleinement les capacit\u00e9s du moteur hybride, avec une transition presque imperceptible entre les modes \u00e9lectrique et thermique. Quelques l\u00e9gers \u00e0-coups subsistent toutefois lors de fortes acc\u00e9l\u00e9rations, notamment lors de reprises au freinage.<\/p>\n\n\n\n<h3 class=\"wp-block-heading\" id=\"h-design-et-equipements-de-pointe\">Design et \u00e9quipements de pointe<\/h3>\n\n\n\n<p>L\u2019ext\u00e9rieur de la 330e 2024 se distingue par un design affin\u00e9, particuli\u00e8rement dans la finition <strong>M Sport<\/strong>, qui arbore une calandre plus large et des lignes plus agressives. \u00c0 l\u2019int\u00e9rieur, BMW mise sur la qualit\u00e9 avec des mat\u00e9riaux haut de gamme et un syst\u00e8me d\u2019infodivertissement derni\u00e8re g\u00e9n\u00e9ration. La <strong>double dalle incurv\u00e9e<\/strong> \u00e9quip\u00e9e du syst\u00e8me <strong>iDrive OS 8.5<\/strong> combine \u00e9l\u00e9gance et intuitivit\u00e9. Pour les amateurs d\u2019<strong>Apple CarPlay<\/strong> et <strong>Android Auto<\/strong>, le tactile r\u00e9actif remplacera avantageusement le contr\u00f4leur rotatif iDrive.<\/p>\n\n\n\n<p>Les options, comme les packs <strong>Technologie<\/strong> et <strong>Confort<\/strong>, ajoutent des fonctionnalit\u00e9s telles que l\u2019affichage t\u00eate haute, la recharge sans fil ou encore l\u2019acc\u00e8s mains libres au coffre. Ces \u00e9quipements font grimper le prix au-del\u00e0 des <strong>61400 \u20ac<\/strong>, mais restent comp\u00e9titifs face \u00e0 une <strong>Mercedes C 300 e AMG Line<\/strong>.<\/p>\n\n\n\n<h3 class=\"wp-block-heading\" id=\"h-une-solution-ideale-pour-les-professionnels\">Une solution id\u00e9ale pour les professionnels<\/h3>\n\n\n\n<p>Avec cette nouvelle it\u00e9ration, la <strong>BMW 330e<\/strong> s\u2019impose comme un choix incontournable pour les <strong>entreprises<\/strong> et les conducteurs souhaitant une <strong>hybride rechargeable<\/strong> performante, confortable et \u00e9conomiquement avantageuse. Entre son autonomie am\u00e9lior\u00e9e, son design attractif et ses performances de premier ordre, elle incarne l\u2019\u00e9quilibre parfait entre <strong>efficacit\u00e9 \u00e9lectrique<\/strong> et plaisir de conduite thermique.<\/p>\n\n\n<div class=\"wp-block-image\">\n<figure class=\"aligncenter size-large\"><a href=\"https:\/\/www.carideal.com\/blog\/wp-content\/uploads\/2024\/12\/BMW-330e-2024-int.jpg\"><img loading=\"lazy\" decoding=\"async\" width=\"1024\" height=\"683\" src=\"https:\/\/www.carideal.com\/blog\/wp-content\/uploads\/2024\/12\/BMW-330e-2024-int-1024x683.jpg\" alt=\"\" class=\"wp-image-28054\" srcset=\"https:\/\/www.carideal.com\/blog\/wp-content\/uploads\/2024\/12\/BMW-330e-2024-int-1024x683.jpg 1024w, https:\/\/www.carideal.com\/blog\/wp-content\/uploads\/2024\/12\/BMW-330e-2024-int-300x200.jpg 300w, https:\/\/www.carideal.com\/blog\/wp-content\/uploads\/2024\/12\/BMW-330e-2024-int-768x512.jpg 768w, https:\/\/www.carideal.com\/blog\/wp-content\/uploads\/2024\/12\/BMW-330e-2024-int-50x33.jpg 50w, https:\/\/www.carideal.com\/blog\/wp-content\/uploads\/2024\/12\/BMW-330e-2024-int.jpg 1504w\" sizes=\"(max-width: 1024px) 100vw, 1024px\" \/><\/a><\/figure><\/div>\n\n\n<h2 class=\"wp-block-heading\" id=\"h-fiche-technique-bmw-330e-m-sport-2024\"><strong>Fiche technique BMW 330e M Sport 2024 :<\/strong><\/h2>\n\n\n\n<ul class=\"wp-block-list\">\n<li><strong>Prix<\/strong> : 61300 \u20ac<\/li>\n\n\n\n<li><strong>Motorisation<\/strong> : 4 cylindres turbo essence PHEV<\/li>\n\n\n\n<li><strong>Puissance<\/strong> : 288 ch<\/li>\n\n\n\n<li><strong>Autonomie \u00e9lectrique<\/strong> : 100 km<\/li>\n\n\n\n<li><strong>\u00c9missions de CO2<\/strong> : 19 g\/km<\/li>\n\n\n\n<li><strong>0-100 km\/h<\/strong> : 5,9 secondes<\/li>\n\n\n\n<li><strong>Volume de coffre<\/strong> : 375 litres (berline)<\/li>\n<\/ul>\n\n\n\n<p>En conclusion, si vous \u00eates \u00e0 la recherche d\u2019une <strong>berline hybride rechargeable premium<\/strong>, la <strong>BMW 330e 2024<\/strong> est sans conteste l\u2019un des meilleurs choix sur le march\u00e9.<\/p>\n","protected":false},"excerpt":{"rendered":"<p>Essai BMW 330e 2024 : La meilleure voiture hybride rechargeable ? La BMW 330e 2024, version restyl\u00e9e de la berline hybride rechargeable, s\u2019impose une fois encore comme une r\u00e9f\u00e9rence dans le domaine des voitures d\u2019entreprise plug-in hybrid (PHEV). Avec une autonomie \u00e9lectrique accrue et des performances au sommet, elle se positionne comme un choix incontournable &#8230; <a title=\"Essai BMW 330e 2024 : La meilleure voiture hybridE ?\" class=\"read-more\" href=\"https:\/\/www.carideal.com\/blog\/2024\/12\/22\/essai-bmw-330e-2024-la-meilleure-voiture-hybride\/\" aria-label=\"En savoir plus sur Essai BMW 330e 2024 : La meilleure voiture hybridE ?\">Lire plus<\/a><\/p>\n","protected":false},"author":3,"featured_media":28053,"comment_status":"open","ping_status":"open","sticky":false,"template":"","format":"standard","meta":{"_uag_custom_page_level_css":"","_themeisle_gutenberg_block_has_review":false,"footnotes":""},"categories":[6169],"tags":[],"class_list":["post-28051","post","type-post","status-publish","format-standard","has-post-thumbnail","hentry","category-essais-bmw"],"wppr_data":{"cwp_meta_box_check":"No"},"yoast_head":"<!-- This site is optimized with the Yoast SEO plugin v24.8.1 - https:\/\/yoast.com\/wordpress\/plugins\/seo\/ -->\n<title>Essai BMW 330e 2024 : La meilleure voiture hybridE ? - Blog auto Carid\u00e9al<\/title>\n<meta name=\"description\" content=\"La BMW 330e 2024, version restyl\u00e9e de la berline hybride rechargeable, s\u2019impose une fois encore comme une r\u00e9f\u00e9rence dans le domaine des voitures d\u2019entreprise plug-in hybrid (PHEV)\" \/>\n<meta name=\"robots\" content=\"index, follow, max-snippet:-1, max-image-preview:large, max-video-preview:-1\" \/>\n<link rel=\"canonical\" href=\"https:\/\/www.carideal.com\/blog\/2024\/12\/22\/essai-bmw-330e-2024-la-meilleure-voiture-hybride\/\" \/>\n<meta property=\"og:locale\" content=\"fr_FR\" \/>\n<meta property=\"og:type\" content=\"article\" \/>\n<meta property=\"og:title\" content=\"Essai BMW 330e 2024 : La meilleure voiture hybridE ? - Blog auto Carid\u00e9al\" \/>\n<meta property=\"og:description\" content=\"La BMW 330e 2024, version restyl\u00e9e de la berline hybride rechargeable, s\u2019impose une fois encore comme une r\u00e9f\u00e9rence dans le domaine des voitures d\u2019entreprise plug-in hybrid (PHEV)\" \/>\n<meta property=\"og:url\" content=\"https:\/\/www.carideal.com\/blog\/2024\/12\/22\/essai-bmw-330e-2024-la-meilleure-voiture-hybride\/\" \/>\n<meta property=\"og:site_name\" content=\"Blog auto Carid\u00e9al\" \/>\n<meta property=\"article:publisher\" content=\"https:\/\/www.facebook.com\/Carideal.mandataire.automobile\" \/>\n<meta property=\"article:author\" content=\"https:\/\/www.facebook.com\/nicolas.schiavon.39\" \/>\n<meta property=\"article:published_time\" content=\"2024-12-22T22:39:50+00:00\" \/>\n<meta property=\"article:modified_time\" content=\"2024-12-22T22:39:52+00:00\" \/>\n<meta property=\"og:image\" content=\"https:\/\/www.carideal.com\/blog\/wp-content\/uploads\/2024\/12\/BMW-330e-2024.jpg\" \/>\n\t<meta property=\"og:image:width\" content=\"1504\" \/>\n\t<meta property=\"og:image:height\" content=\"808\" \/>\n\t<meta property=\"og:image:type\" content=\"image\/jpeg\" \/>\n<meta name=\"author\" content=\"Nicolas SCHIAVON\" \/>\n<meta name=\"twitter:card\" content=\"summary_large_image\" \/>\n<meta name=\"twitter:creator\" content=\"@caridealauto\" \/>\n<meta name=\"twitter:site\" content=\"@caridealauto\" \/>\n<meta name=\"twitter:label1\" content=\"\u00c9crit par\" \/>\n\t<meta name=\"twitter:data1\" content=\"Nicolas SCHIAVON\" \/>\n\t<meta name=\"twitter:label2\" content=\"Dur\u00e9e de lecture estim\u00e9e\" \/>\n\t<meta name=\"twitter:data2\" content=\"4 minutes\" \/>\n<script type=\"application\/ld+json\" class=\"yoast-schema-graph\">{\"@context\":\"https:\/\/schema.org\",\"@graph\":[{\"@type\":\"Article\",\"@id\":\"https:\/\/www.carideal.com\/blog\/2024\/12\/22\/essai-bmw-330e-2024-la-meilleure-voiture-hybride\/#article\",\"isPartOf\":{\"@id\":\"https:\/\/www.carideal.com\/blog\/2024\/12\/22\/essai-bmw-330e-2024-la-meilleure-voiture-hybride\/\"},\"author\":{\"name\":\"Nicolas SCHIAVON\",\"@id\":\"https:\/\/www.carideal.com\/blog\/#\/schema\/person\/cd95dc7919660de90d31b366f85be1ec\"},\"headline\":\"Essai BMW 330e 2024 : La meilleure voiture hybridE ?\",\"datePublished\":\"2024-12-22T22:39:50+00:00\",\"dateModified\":\"2024-12-22T22:39:52+00:00\",\"mainEntityOfPage\":{\"@id\":\"https:\/\/www.carideal.com\/blog\/2024\/12\/22\/essai-bmw-330e-2024-la-meilleure-voiture-hybride\/\"},\"wordCount\":687,\"commentCount\":0,\"publisher\":{\"@id\":\"https:\/\/www.carideal.com\/blog\/#organization\"},\"image\":{\"@id\":\"https:\/\/www.carideal.com\/blog\/2024\/12\/22\/essai-bmw-330e-2024-la-meilleure-voiture-hybride\/#primaryimage\"},\"thumbnailUrl\":\"https:\/\/www.carideal.com\/blog\/wp-content\/uploads\/2024\/12\/BMW-330e-2024.jpg\",\"articleSection\":[\"Essais BMW\"],\"inLanguage\":\"fr-FR\",\"potentialAction\":[{\"@type\":\"CommentAction\",\"name\":\"Comment\",\"target\":[\"https:\/\/www.carideal.com\/blog\/2024\/12\/22\/essai-bmw-330e-2024-la-meilleure-voiture-hybride\/#respond\"]}]},{\"@type\":\"WebPage\",\"@id\":\"https:\/\/www.carideal.com\/blog\/2024\/12\/22\/essai-bmw-330e-2024-la-meilleure-voiture-hybride\/\",\"url\":\"https:\/\/www.carideal.com\/blog\/2024\/12\/22\/essai-bmw-330e-2024-la-meilleure-voiture-hybride\/\",\"name\":\"Essai BMW 330e 2024 : La meilleure voiture hybridE ? - Blog auto Carid\u00e9al\",\"isPartOf\":{\"@id\":\"https:\/\/www.carideal.com\/blog\/#website\"},\"primaryImageOfPage\":{\"@id\":\"https:\/\/www.carideal.com\/blog\/2024\/12\/22\/essai-bmw-330e-2024-la-meilleure-voiture-hybride\/#primaryimage\"},\"image\":{\"@id\":\"https:\/\/www.carideal.com\/blog\/2024\/12\/22\/essai-bmw-330e-2024-la-meilleure-voiture-hybride\/#primaryimage\"},\"thumbnailUrl\":\"https:\/\/www.carideal.com\/blog\/wp-content\/uploads\/2024\/12\/BMW-330e-2024.jpg\",\"datePublished\":\"2024-12-22T22:39:50+00:00\",\"dateModified\":\"2024-12-22T22:39:52+00:00\",\"description\":\"La BMW 330e 2024, version restyl\u00e9e de la berline hybride rechargeable, s\u2019impose une fois encore comme une r\u00e9f\u00e9rence dans le domaine des voitures d\u2019entreprise plug-in hybrid (PHEV)\",\"breadcrumb\":{\"@id\":\"https:\/\/www.carideal.com\/blog\/2024\/12\/22\/essai-bmw-330e-2024-la-meilleure-voiture-hybride\/#breadcrumb\"},\"inLanguage\":\"fr-FR\",\"potentialAction\":[{\"@type\":\"ReadAction\",\"target\":[\"https:\/\/www.carideal.com\/blog\/2024\/12\/22\/essai-bmw-330e-2024-la-meilleure-voiture-hybride\/\"]}]},{\"@type\":\"ImageObject\",\"inLanguage\":\"fr-FR\",\"@id\":\"https:\/\/www.carideal.com\/blog\/2024\/12\/22\/essai-bmw-330e-2024-la-meilleure-voiture-hybride\/#primaryimage\",\"url\":\"https:\/\/www.carideal.com\/blog\/wp-content\/uploads\/2024\/12\/BMW-330e-2024.jpg\",\"contentUrl\":\"https:\/\/www.carideal.com\/blog\/wp-content\/uploads\/2024\/12\/BMW-330e-2024.jpg\",\"width\":1504,\"height\":808,\"caption\":\"Essai BMW 330e 2024 : La meilleure voiture hybridE\"},{\"@type\":\"BreadcrumbList\",\"@id\":\"https:\/\/www.carideal.com\/blog\/2024\/12\/22\/essai-bmw-330e-2024-la-meilleure-voiture-hybride\/#breadcrumb\",\"itemListElement\":[{\"@type\":\"ListItem\",\"position\":1,\"name\":\"Blog Carid\u00e9al\",\"item\":\"https:\/\/www.carideal.com\/blog\/\"},{\"@type\":\"ListItem\",\"position\":2,\"name\":\"Essais automobile\",\"item\":\"https:\/\/www.carideal.com\/blog\/essai\/\"},{\"@type\":\"ListItem\",\"position\":3,\"name\":\"Essais BMW\",\"item\":\"https:\/\/www.carideal.com\/blog\/essai\/essais-bmw\/\"},{\"@type\":\"ListItem\",\"position\":4,\"name\":\"Essai BMW 330e 2024 : La meilleure voiture hybridE ?\"}]},{\"@type\":\"WebSite\",\"@id\":\"https:\/\/www.carideal.com\/blog\/#website\",\"url\":\"https:\/\/www.carideal.com\/blog\/\",\"name\":\"Blog auto Carid\u00e9al\",\"description\":\"Actualit\u00e9 auto par des passionn\u00e9s\",\"publisher\":{\"@id\":\"https:\/\/www.carideal.com\/blog\/#organization\"},\"potentialAction\":[{\"@type\":\"SearchAction\",\"target\":{\"@type\":\"EntryPoint\",\"urlTemplate\":\"https:\/\/www.carideal.com\/blog\/?s={search_term_string}\"},\"query-input\":{\"@type\":\"PropertyValueSpecification\",\"valueRequired\":true,\"valueName\":\"search_term_string\"}}],\"inLanguage\":\"fr-FR\"},{\"@type\":\"Organization\",\"@id\":\"https:\/\/www.carideal.com\/blog\/#organization\",\"name\":\"Carideal\",\"url\":\"https:\/\/www.carideal.com\/blog\/\",\"logo\":{\"@type\":\"ImageObject\",\"inLanguage\":\"fr-FR\",\"@id\":\"https:\/\/www.carideal.com\/blog\/#\/schema\/logo\/image\/\",\"url\":\"http:\/\/www.carideal.com\/blog\/wp-content\/uploads\/2016\/03\/logo-carideal-mandataire-automobile.png\",\"contentUrl\":\"http:\/\/www.carideal.com\/blog\/wp-content\/uploads\/2016\/03\/logo-carideal-mandataire-automobile.png\",\"width\":300,\"height\":300,\"caption\":\"Carideal\"},\"image\":{\"@id\":\"https:\/\/www.carideal.com\/blog\/#\/schema\/logo\/image\/\"},\"sameAs\":[\"https:\/\/www.facebook.com\/Carideal.mandataire.automobile\",\"https:\/\/x.com\/caridealauto\",\"https:\/\/www.instagram.com\/carideal1\/\",\"https:\/\/www.linkedin.com\/company\/carideal.com\",\"https:\/\/fr.pinterest.com\/schiavonsas\/\",\"https:\/\/www.youtube.com\/user\/caridealsas\"]},{\"@type\":\"Person\",\"@id\":\"https:\/\/www.carideal.com\/blog\/#\/schema\/person\/cd95dc7919660de90d31b366f85be1ec\",\"name\":\"Nicolas SCHIAVON\",\"image\":{\"@type\":\"ImageObject\",\"inLanguage\":\"fr-FR\",\"@id\":\"https:\/\/www.carideal.com\/blog\/#\/schema\/person\/image\/\",\"url\":\"https:\/\/secure.gravatar.com\/avatar\/c17e55009e671d92cc7f5dc837dc418a?s=96&r=g\",\"contentUrl\":\"https:\/\/secure.gravatar.com\/avatar\/c17e55009e671d92cc7f5dc837dc418a?s=96&r=g\",\"caption\":\"Nicolas SCHIAVON\"},\"description\":\"Nicolas Schiavon est tomb\u00e9 tout petit dans la marmite automobile. Ayant eu un garage de marque automobile, mandataire automobile de la premi\u00e8re heure d\u00e8s 1999. Nicolas a cr\u00e9\u00e9 ces premiers sites de vente de voiture et blog automobile d\u00e8s 1994. Carideal est n\u00e9 le 15 d\u00e9cembre 2000 de la volont\u00e9 de vendre des voitures d'occasions en ligne puis des voitures neuves. Il a pu essayer beaucoup de voitures tr\u00e8s diff\u00e9rentes et ayant eu personnellement quelques belles autos, Subaru Impreza, Mitsubishi Lancer Evo 7, Porsche 911, Ferrari Testarrossa, Audi RS3, RS4 et j'en passe...\",\"sameAs\":[\"http:\/\/www.carideal.com\",\"https:\/\/www.facebook.com\/nicolas.schiavon.39\",\"https:\/\/www.instagram.com\/carideal1\/\",\"https:\/\/www.linkedin.com\/in\/nschiavon\/\",\"https:\/\/x.com\/caridealauto\",\"https:\/\/www.youtube.com\/user\/caridealsas\/\"],\"url\":\"https:\/\/www.carideal.com\/blog\/author\/nschiavon\/\"}]}<\/script>\n<!-- \/ Yoast SEO plugin. -->","yoast_head_json":{"title":"Essai BMW 330e 2024 : La meilleure voiture hybridE ? - Blog auto Carid\u00e9al","description":"La BMW 330e 2024, version restyl\u00e9e de la berline hybride rechargeable, s\u2019impose une fois encore comme une r\u00e9f\u00e9rence dans le domaine des voitures d\u2019entreprise plug-in hybrid (PHEV)","robots":{"index":"index","follow":"follow","max-snippet":"max-snippet:-1","max-image-preview":"max-image-preview:large","max-video-preview":"max-video-preview:-1"},"canonical":"https:\/\/www.carideal.com\/blog\/2024\/12\/22\/essai-bmw-330e-2024-la-meilleure-voiture-hybride\/","og_locale":"fr_FR","og_type":"article","og_title":"Essai BMW 330e 2024 : La meilleure voiture hybridE ? - Blog auto Carid\u00e9al","og_description":"La BMW 330e 2024, version restyl\u00e9e de la berline hybride rechargeable, s\u2019impose une fois encore comme une r\u00e9f\u00e9rence dans le domaine des voitures d\u2019entreprise plug-in hybrid (PHEV)","og_url":"https:\/\/www.carideal.com\/blog\/2024\/12\/22\/essai-bmw-330e-2024-la-meilleure-voiture-hybride\/","og_site_name":"Blog auto Carid\u00e9al","article_publisher":"https:\/\/www.facebook.com\/Carideal.mandataire.automobile","article_author":"https:\/\/www.facebook.com\/nicolas.schiavon.39","article_published_time":"2024-12-22T22:39:50+00:00","article_modified_time":"2024-12-22T22:39:52+00:00","og_image":[{"width":1504,"height":808,"url":"https:\/\/www.carideal.com\/blog\/wp-content\/uploads\/2024\/12\/BMW-330e-2024.jpg","type":"image\/jpeg"}],"author":"Nicolas SCHIAVON","twitter_card":"summary_large_image","twitter_creator":"@caridealauto","twitter_site":"@caridealauto","twitter_misc":{"\u00c9crit par":"Nicolas SCHIAVON","Dur\u00e9e de lecture estim\u00e9e":"4 minutes"},"schema":{"@context":"https:\/\/schema.org","@graph":[{"@type":"Article","@id":"https:\/\/www.carideal.com\/blog\/2024\/12\/22\/essai-bmw-330e-2024-la-meilleure-voiture-hybride\/#article","isPartOf":{"@id":"https:\/\/www.carideal.com\/blog\/2024\/12\/22\/essai-bmw-330e-2024-la-meilleure-voiture-hybride\/"},"author":{"name":"Nicolas SCHIAVON","@id":"https:\/\/www.carideal.com\/blog\/#\/schema\/person\/cd95dc7919660de90d31b366f85be1ec"},"headline":"Essai BMW 330e 2024 : La meilleure voiture hybridE ?","datePublished":"2024-12-22T22:39:50+00:00","dateModified":"2024-12-22T22:39:52+00:00","mainEntityOfPage":{"@id":"https:\/\/www.carideal.com\/blog\/2024\/12\/22\/essai-bmw-330e-2024-la-meilleure-voiture-hybride\/"},"wordCount":687,"commentCount":0,"publisher":{"@id":"https:\/\/www.carideal.com\/blog\/#organization"},"image":{"@id":"https:\/\/www.carideal.com\/blog\/2024\/12\/22\/essai-bmw-330e-2024-la-meilleure-voiture-hybride\/#primaryimage"},"thumbnailUrl":"https:\/\/www.carideal.com\/blog\/wp-content\/uploads\/2024\/12\/BMW-330e-2024.jpg","articleSection":["Essais BMW"],"inLanguage":"fr-FR","potentialAction":[{"@type":"CommentAction","name":"Comment","target":["https:\/\/www.carideal.com\/blog\/2024\/12\/22\/essai-bmw-330e-2024-la-meilleure-voiture-hybride\/#respond"]}]},{"@type":"WebPage","@id":"https:\/\/www.carideal.com\/blog\/2024\/12\/22\/essai-bmw-330e-2024-la-meilleure-voiture-hybride\/","url":"https:\/\/www.carideal.com\/blog\/2024\/12\/22\/essai-bmw-330e-2024-la-meilleure-voiture-hybride\/","name":"Essai BMW 330e 2024 : La meilleure voiture hybridE ? - Blog auto Carid\u00e9al","isPartOf":{"@id":"https:\/\/www.carideal.com\/blog\/#website"},"primaryImageOfPage":{"@id":"https:\/\/www.carideal.com\/blog\/2024\/12\/22\/essai-bmw-330e-2024-la-meilleure-voiture-hybride\/#primaryimage"},"image":{"@id":"https:\/\/www.carideal.com\/blog\/2024\/12\/22\/essai-bmw-330e-2024-la-meilleure-voiture-hybride\/#primaryimage"},"thumbnailUrl":"https:\/\/www.carideal.com\/blog\/wp-content\/uploads\/2024\/12\/BMW-330e-2024.jpg","datePublished":"2024-12-22T22:39:50+00:00","dateModified":"2024-12-22T22:39:52+00:00","description":"La BMW 330e 2024, version restyl\u00e9e de la berline hybride rechargeable, s\u2019impose une fois encore comme une r\u00e9f\u00e9rence dans le domaine des voitures d\u2019entreprise plug-in hybrid (PHEV)","breadcrumb":{"@id":"https:\/\/www.carideal.com\/blog\/2024\/12\/22\/essai-bmw-330e-2024-la-meilleure-voiture-hybride\/#breadcrumb"},"inLanguage":"fr-FR","potentialAction":[{"@type":"ReadAction","target":["https:\/\/www.carideal.com\/blog\/2024\/12\/22\/essai-bmw-330e-2024-la-meilleure-voiture-hybride\/"]}]},{"@type":"ImageObject","inLanguage":"fr-FR","@id":"https:\/\/www.carideal.com\/blog\/2024\/12\/22\/essai-bmw-330e-2024-la-meilleure-voiture-hybride\/#primaryimage","url":"https:\/\/www.carideal.com\/blog\/wp-content\/uploads\/2024\/12\/BMW-330e-2024.jpg","contentUrl":"https:\/\/www.carideal.com\/blog\/wp-content\/uploads\/2024\/12\/BMW-330e-2024.jpg","width":1504,"height":808,"caption":"Essai BMW 330e 2024 : La meilleure voiture hybridE"},{"@type":"BreadcrumbList","@id":"https:\/\/www.carideal.com\/blog\/2024\/12\/22\/essai-bmw-330e-2024-la-meilleure-voiture-hybride\/#breadcrumb","itemListElement":[{"@type":"ListItem","position":1,"name":"Blog Carid\u00e9al","item":"https:\/\/www.carideal.com\/blog\/"},{"@type":"ListItem","position":2,"name":"Essais automobile","item":"https:\/\/www.carideal.com\/blog\/essai\/"},{"@type":"ListItem","position":3,"name":"Essais BMW","item":"https:\/\/www.carideal.com\/blog\/essai\/essais-bmw\/"},{"@type":"ListItem","position":4,"name":"Essai BMW 330e 2024 : La meilleure voiture hybridE ?"}]},{"@type":"WebSite","@id":"https:\/\/www.carideal.com\/blog\/#website","url":"https:\/\/www.carideal.com\/blog\/","name":"Blog auto Carid\u00e9al","description":"Actualit\u00e9 auto par des passionn\u00e9s","publisher":{"@id":"https:\/\/www.carideal.com\/blog\/#organization"},"potentialAction":[{"@type":"SearchAction","target":{"@type":"EntryPoint","urlTemplate":"https:\/\/www.carideal.com\/blog\/?s={search_term_string}"},"query-input":{"@type":"PropertyValueSpecification","valueRequired":true,"valueName":"search_term_string"}}],"inLanguage":"fr-FR"},{"@type":"Organization","@id":"https:\/\/www.carideal.com\/blog\/#organization","name":"Carideal","url":"https:\/\/www.carideal.com\/blog\/","logo":{"@type":"ImageObject","inLanguage":"fr-FR","@id":"https:\/\/www.carideal.com\/blog\/#\/schema\/logo\/image\/","url":"http:\/\/www.carideal.com\/blog\/wp-content\/uploads\/2016\/03\/logo-carideal-mandataire-automobile.png","contentUrl":"http:\/\/www.carideal.com\/blog\/wp-content\/uploads\/2016\/03\/logo-carideal-mandataire-automobile.png","width":300,"height":300,"caption":"Carideal"},"image":{"@id":"https:\/\/www.carideal.com\/blog\/#\/schema\/logo\/image\/"},"sameAs":["https:\/\/www.facebook.com\/Carideal.mandataire.automobile","https:\/\/x.com\/caridealauto","https:\/\/www.instagram.com\/carideal1\/","https:\/\/www.linkedin.com\/company\/carideal.com","https:\/\/fr.pinterest.com\/schiavonsas\/","https:\/\/www.youtube.com\/user\/caridealsas"]},{"@type":"Person","@id":"https:\/\/www.carideal.com\/blog\/#\/schema\/person\/cd95dc7919660de90d31b366f85be1ec","name":"Nicolas SCHIAVON","image":{"@type":"ImageObject","inLanguage":"fr-FR","@id":"https:\/\/www.carideal.com\/blog\/#\/schema\/person\/image\/","url":"https:\/\/secure.gravatar.com\/avatar\/c17e55009e671d92cc7f5dc837dc418a?s=96&r=g","contentUrl":"https:\/\/secure.gravatar.com\/avatar\/c17e55009e671d92cc7f5dc837dc418a?s=96&r=g","caption":"Nicolas SCHIAVON"},"description":"Nicolas Schiavon est tomb\u00e9 tout petit dans la marmite automobile. Ayant eu un garage de marque automobile, mandataire automobile de la premi\u00e8re heure d\u00e8s 1999. Nicolas a cr\u00e9\u00e9 ces premiers sites de vente de voiture et blog automobile d\u00e8s 1994. Carideal est n\u00e9 le 15 d\u00e9cembre 2000 de la volont\u00e9 de vendre des voitures d'occasions en ligne puis des voitures neuves. Il a pu essayer beaucoup de voitures tr\u00e8s diff\u00e9rentes et ayant eu personnellement quelques belles autos, Subaru Impreza, Mitsubishi Lancer Evo 7, Porsche 911, Ferrari Testarrossa, Audi RS3, RS4 et j'en passe...","sameAs":["http:\/\/www.carideal.com","https:\/\/www.facebook.com\/nicolas.schiavon.39","https:\/\/www.instagram.com\/carideal1\/","https:\/\/www.linkedin.com\/in\/nschiavon\/","https:\/\/x.com\/caridealauto","https:\/\/www.youtube.com\/user\/caridealsas\/"],"url":"https:\/\/www.carideal.com\/blog\/author\/nschiavon\/"}]}},"uagb_featured_image_src":{"full":["https:\/\/www.carideal.com\/blog\/wp-content\/uploads\/2024\/12\/BMW-330e-2024.jpg",1504,808,false],"thumbnail":["https:\/\/www.carideal.com\/blog\/wp-content\/uploads\/2024\/12\/BMW-330e-2024-150x150.jpg",150,150,true],"medium":["https:\/\/www.carideal.com\/blog\/wp-content\/uploads\/2024\/12\/BMW-330e-2024-300x161.jpg",300,161,true],"medium_large":["https:\/\/www.carideal.com\/blog\/wp-content\/uploads\/2024\/12\/BMW-330e-2024-768x413.jpg",768,413,true],"large":["https:\/\/www.carideal.com\/blog\/wp-content\/uploads\/2024\/12\/BMW-330e-2024-1024x550.jpg",1024,550,true],"1536x1536":["https:\/\/www.carideal.com\/blog\/wp-content\/uploads\/2024\/12\/BMW-330e-2024.jpg",1504,808,false],"2048x2048":["https:\/\/www.carideal.com\/blog\/wp-content\/uploads\/2024\/12\/BMW-330e-2024.jpg",1504,808,false],"wppr-widget":["https:\/\/www.carideal.com\/blog\/wp-content\/uploads\/2024\/12\/BMW-330e-2024-50x27.jpg",50,27,true]},"uagb_author_info":{"display_name":"Nicolas SCHIAVON","author_link":"https:\/\/www.carideal.com\/blog\/author\/nschiavon\/"},"uagb_comment_info":0,"uagb_excerpt":"Essai BMW 330e 2024 : La meilleure voiture hybride rechargeable ? La BMW 330e 2024, version restyl\u00e9e de la berline hybride rechargeable, s\u2019impose une fois encore comme une r\u00e9f\u00e9rence dans le domaine des voitures d\u2019entreprise plug-in hybrid (PHEV). Avec une autonomie \u00e9lectrique accrue et des performances au sommet, elle se positionne comme un choix incontournable\u2026","_links":{"self":[{"href":"https:\/\/www.carideal.com\/blog\/wp-json\/wp\/v2\/posts\/28051"}],"collection":[{"href":"https:\/\/www.carideal.com\/blog\/wp-json\/wp\/v2\/posts"}],"about":[{"href":"https:\/\/www.carideal.com\/blog\/wp-json\/wp\/v2\/types\/post"}],"author":[{"embeddable":true,"href":"https:\/\/www.carideal.com\/blog\/wp-json\/wp\/v2\/users\/3"}],"replies":[{"embeddable":true,"href":"https:\/\/www.carideal.com\/blog\/wp-json\/wp\/v2\/comments?post=28051"}],"version-history":[{"count":2,"href":"https:\/\/www.carideal.com\/blog\/wp-json\/wp\/v2\/posts\/28051\/revisions"}],"predecessor-version":[{"id":28055,"href":"https:\/\/www.carideal.com\/blog\/wp-json\/wp\/v2\/posts\/28051\/revisions\/28055"}],"wp:featuredmedia":[{"embeddable":true,"href":"https:\/\/www.carideal.com\/blog\/wp-json\/wp\/v2\/media\/28053"}],"wp:attachment":[{"href":"https:\/\/www.carideal.com\/blog\/wp-json\/wp\/v2\/media?parent=28051"}],"wp:term":[{"taxonomy":"category","embeddable":true,"href":"https:\/\/www.carideal.com\/blog\/wp-json\/wp\/v2\/categories?post=28051"},{"taxonomy":"post_tag","embeddable":true,"href":"https:\/\/www.carideal.com\/blog\/wp-json\/wp\/v2\/tags?post=28051"}],"curies":[{"name":"wp","href":"https:\/\/api.w.org\/{rel}","templated":true}]}}