{"id":27980,"date":"2024-08-24T18:42:59","date_gmt":"2024-08-24T16:42:59","guid":{"rendered":"https:\/\/www.carideal.com\/blog\/?p=27980"},"modified":"2024-10-02T08:05:28","modified_gmt":"2024-10-02T06:05:28","slug":"meilleurs-suv-pour-tracter-une-caravane-en-2024","status":"publish","type":"post","link":"https:\/\/www.carideal.com\/blog\/2024\/08\/24\/meilleurs-suv-pour-tracter-une-caravane-en-2024\/","title":{"rendered":"Meilleurs SUV pour tracter une caravane en 2024"},"content":{"rendered":"\n<h2 class=\"wp-block-heading\" id=\"h-meilleurs-suv-pour-tracter-une-caravane-en-2024-notre-selection-des-meilleurs-modeles\">Meilleurs SUV pour tracter une caravane en 2024 : Notre s\u00e9lection des meilleurs mod\u00e8les<\/h2>\n\n\n\n<p>Lorsque vous recherchez le meilleur SUV pour tracter une caravane en 2024, il est essentiel de choisir un v\u00e9hicule qui combine puissance, stabilit\u00e9 et confort. Dans cet article, nous vous pr\u00e9sentons une s\u00e9lection des <a href=\"https:\/\/www.carideal.com\/voiture\/suv\/\">meilleurs SUV<\/a> pour cette t\u00e2che, mettant en avant des mod\u00e8les de marques telles que Seat, \u0160koda, Ford, Volkswagen, et bien d'autres. D\u00e9couvrez les caract\u00e9ristiques principales de chaque mod\u00e8le pour faire le choix id\u00e9al pour vos aventures en caravane.<\/p>\n\n\n\n<h3 class=\"wp-block-heading\" id=\"h-pourquoi-choisir-un-suv-pour-tracter-une-caravane\"><strong>Pourquoi choisir un SUV pour tracter une caravane ?<\/strong><\/h3>\n\n\n\n<p>Les SUV, ou v\u00e9hicules utilitaires sport, sont souvent per\u00e7us comme des v\u00e9hicules polyvalents, capables de r\u00e9pondre \u00e0 une multitude de besoins. Cependant, tous les SUV ne sont pas adapt\u00e9s au remorquage d'une caravane. Un bon SUV pour tracter doit offrir non seulement une puissance ad\u00e9quate mais aussi une stabilit\u00e9 sur la route, particuli\u00e8rement lors des longs trajets. De plus, avec l'\u00e9volution des motorisations, les <a href=\"https:\/\/www.carideal.com\/voiture\/suv\/hybrides\/quel-suv-hybride-acheter\/\">mod\u00e8les hybrides<\/a> et \u00e0 essence sont de plus en plus populaires, rempla\u00e7ant progressivement le diesel autrefois favori.<\/p>\n\n\n\n<h3 class=\"wp-block-heading\" id=\"h-nissan-x-trail-e-4orce-tekna-le-champion-du-remorquage-leger\"><strong>Nissan X-Trail e-4orce Tekna : Le champion du remorquage l\u00e9ger<\/strong><\/h3>\n\n\n<div class=\"wp-block-image\">\n<figure class=\"aligncenter size-large\"><a href=\"https:\/\/www.carideal.com\/blog\/wp-content\/uploads\/2024\/08\/Nissan-X-Trail-e-4orce-Tekna.jpeg\"><img loading=\"lazy\" decoding=\"async\" width=\"1024\" height=\"538\" src=\"https:\/\/www.carideal.com\/blog\/wp-content\/uploads\/2024\/08\/Nissan-X-Trail-e-4orce-Tekna-1024x538.jpeg\" alt=\"Nissan X-Trail e-4orce Tekna\" class=\"wp-image-27981\" srcset=\"https:\/\/www.carideal.com\/blog\/wp-content\/uploads\/2024\/08\/Nissan-X-Trail-e-4orce-Tekna-1024x538.jpeg 1024w, https:\/\/www.carideal.com\/blog\/wp-content\/uploads\/2024\/08\/Nissan-X-Trail-e-4orce-Tekna-300x158.jpeg 300w, https:\/\/www.carideal.com\/blog\/wp-content\/uploads\/2024\/08\/Nissan-X-Trail-e-4orce-Tekna-768x403.jpeg 768w, https:\/\/www.carideal.com\/blog\/wp-content\/uploads\/2024\/08\/Nissan-X-Trail-e-4orce-Tekna-50x26.jpeg 50w, https:\/\/www.carideal.com\/blog\/wp-content\/uploads\/2024\/08\/Nissan-X-Trail-e-4orce-Tekna.jpeg 1200w\" sizes=\"(max-width: 1024px) 100vw, 1024px\" \/><\/a><figcaption class=\"wp-element-caption\">Nissan X-Trail e-4orce Tekna<\/figcaption><\/figure><\/div>\n\n\n<p>Le <strong><a href=\"https:\/\/www.carideal.com\/blog\/2015\/09\/10\/nouveau-nissan-x-trail-avec-remise-en-arrivage\/\">Nissan X-Trail<\/a> e-4orce Tekna<\/strong> se distingue comme l'un des meilleurs SUV pour tracter une caravane, notamment gr\u00e2ce \u00e0 sa robustesse et sa praticit\u00e9. Bien que son poids \u00e0 vide de 1880 kg le classe parmi les plus l\u00e9gers des grands SUV, il dispose d'une capacit\u00e9 de remorquage impressionnante de 1800 kg. Ce mod\u00e8le hybride offre une conduite stable et puissante, m\u00eame en conditions difficiles. Cependant, il faut noter que sa consommation de carburant reste \u00e9lev\u00e9e, avec une moyenne de 21,4 mpg.<\/p>\n\n\n\n<h3 class=\"wp-block-heading\" id=\"h-skoda-kodiaq-puissance-et-espace-pour-les-grandes-caravans\"><strong>\u0160koda Kodiaq : Puissance et Espace pour les Grandes Caravans<\/strong><\/h3>\n\n\n\n<p>Le \u0160koda Kodiaq est une excellente option si vous recherchez un SUV capable de tracter des caravanes plus lourdes tout en offrant un confort sup\u00e9rieur. Avec une capacit\u00e9 de remorquage allant jusqu'\u00e0 2 000 kg, ce <a href=\"https:\/\/fr.skoda.be\/offres\/suv-et-crossover\">SUV<\/a> familial est con\u00e7u pour affronter les longs trajets avec une caravane imposante en toute s\u00e9r\u00e9nit\u00e9. <\/p>\n\n\n\n<p>Son moteur 2.0 TDI, disponible en diff\u00e9rentes puissances, garantit une conduite stable et puissante, m\u00eame sur autoroute. En plus de ses performances de remorquage, le Kodiaq se distingue par son habitacle spacieux et modulable, parfait pour les voyages en famille avec beaucoup de bagages.<\/p>\n\n\n\n<h3 class=\"wp-block-heading\" id=\"h-bmw-x3-m40d-puissance-et-luxe-reunis\"><strong>BMW X3 M40d : Puissance et luxe r\u00e9unis<\/strong><\/h3>\n\n\n<div class=\"wp-block-image\">\n<figure class=\"aligncenter size-full\"><a href=\"https:\/\/www.carideal.com\/blog\/wp-content\/uploads\/2024\/08\/bmw-x3-m40d.png\"><img loading=\"lazy\" decoding=\"async\" width=\"400\" height=\"266\" src=\"https:\/\/www.carideal.com\/blog\/wp-content\/uploads\/2024\/08\/bmw-x3-m40d.png\" alt=\"BMW X3 M40d\" class=\"wp-image-27984\" srcset=\"https:\/\/www.carideal.com\/blog\/wp-content\/uploads\/2024\/08\/bmw-x3-m40d.png 400w, https:\/\/www.carideal.com\/blog\/wp-content\/uploads\/2024\/08\/bmw-x3-m40d-300x200.png 300w, https:\/\/www.carideal.com\/blog\/wp-content\/uploads\/2024\/08\/bmw-x3-m40d-50x33.png 50w\" sizes=\"(max-width: 400px) 100vw, 400px\" \/><\/a><figcaption class=\"wp-element-caption\">BMW X3 M40d<\/figcaption><\/figure><\/div>\n\n\n<p>Le <strong>BMW X3 M40d<\/strong> est l'un des SUV les plus puissants de cette liste, avec un moteur diesel d\u00e9veloppant 340 chevaux et un couple impressionnant de 700 Nm. Avec un poids \u00e0 vide de 2080 kg et une capacit\u00e9 de remorquage de 2400 kg, ce v\u00e9hicule est con\u00e7u pour tracter des charges lourdes tout en offrant une exp\u00e9rience de conduite luxueuse. Sa transmission int\u00e9grale assure une traction optimale, m\u00eame dans des conditions difficiles, ce qui en fait un choix de premier ordre pour les caravanes plus grandes.<\/p>\n\n\n\n<h3 class=\"wp-block-heading\" id=\"h-seat-ateca-1-5-tsi-150-xperience-une-option-sportive\"><strong>Seat Ateca 1.5 TSI 150 Xperience : Une option sportive<\/strong><\/h3>\n\n\n\n<p>Le <strong><a href=\"https:\/\/www.carideal.com\/blog\/2016\/02\/14\/le-suv-seat-ateca-en-mars-2016\/\">Seat Ateca<\/a> 1.5 TSI 150 Xperience<\/strong> est un SUV qui allie plaisir de conduite et capacit\u00e9s de remorquage. Avec un moteur \u00e0 essence de 1,5 litre, ce mod\u00e8le offre une excellente stabilit\u00e9 gr\u00e2ce \u00e0 sa suspension ferme, ce qui le rend id\u00e9al pour tracter une caravane en toute s\u00e9curit\u00e9. Bien que la version diesel ait \u00e9t\u00e9 abandonn\u00e9e, la version essence reste une alternative solide, avec une capacit\u00e9 de remorquage de 1800 kg.<\/p>\n\n\n\n<h3 class=\"wp-block-heading\" id=\"h-kia-sportage-1-6t-gdi-hev-awd-gt-line-s-un-compromis-entre-puissance-et-economie\"><strong>Kia Sportage 1.6T-GDi HEV AWD GT-Line S : Un compromis entre puissance et \u00e9conomie<\/strong><\/h3>\n\n\n\n<p>Le <strong>Kia Sportage 1.6T-GDi HEV AWD GT-Line S<\/strong> repr\u00e9sente un excellent compromis pour ceux qui recherchent un SUV capable de tracter efficacement une caravane tout en offrant une consommation de carburant raisonnable. Ce mod\u00e8le hybride, avec une capacit\u00e9 de remorquage de 1650 kg, est dot\u00e9 d'une transmission int\u00e9grale qui assure une traction fiable sur diff\u00e9rents types de terrain. Son int\u00e9rieur spacieux et moderne en fait \u00e9galement un choix confortable pour les longs trajets.<\/p>\n\n\n\n<h3 class=\"wp-block-heading\" id=\"h-volkswagen-tiguan-2-0-tdi-150-4motion-black-edition-une-valeur-sure\"><strong>Volkswagen Tiguan 2.0 TDI 150 4Motion Black Edition : Une valeur s\u00fbre<\/strong><\/h3>\n\n\n<div class=\"wp-block-image\">\n<figure class=\"aligncenter size-large\"><a href=\"https:\/\/www.carideal.com\/blog\/wp-content\/uploads\/2024\/08\/Volkswagen-Tiguan-2.0-TDI-150PS-4Motion-Black-Edition.jpg\"><img loading=\"lazy\" decoding=\"async\" width=\"1024\" height=\"341\" src=\"https:\/\/www.carideal.com\/blog\/wp-content\/uploads\/2024\/08\/Volkswagen-Tiguan-2.0-TDI-150PS-4Motion-Black-Edition-1024x341.jpg\" alt=\"Volkswagen Tiguan 2.0 TDI 150PS 4Motion Black Edition\" class=\"wp-image-27982\" srcset=\"https:\/\/www.carideal.com\/blog\/wp-content\/uploads\/2024\/08\/Volkswagen-Tiguan-2.0-TDI-150PS-4Motion-Black-Edition-1024x341.jpg 1024w, https:\/\/www.carideal.com\/blog\/wp-content\/uploads\/2024\/08\/Volkswagen-Tiguan-2.0-TDI-150PS-4Motion-Black-Edition-300x100.jpg 300w, https:\/\/www.carideal.com\/blog\/wp-content\/uploads\/2024\/08\/Volkswagen-Tiguan-2.0-TDI-150PS-4Motion-Black-Edition-768x256.jpg 768w, https:\/\/www.carideal.com\/blog\/wp-content\/uploads\/2024\/08\/Volkswagen-Tiguan-2.0-TDI-150PS-4Motion-Black-Edition-1536x512.jpg 1536w, https:\/\/www.carideal.com\/blog\/wp-content\/uploads\/2024\/08\/Volkswagen-Tiguan-2.0-TDI-150PS-4Motion-Black-Edition-50x17.jpg 50w, https:\/\/www.carideal.com\/blog\/wp-content\/uploads\/2024\/08\/Volkswagen-Tiguan-2.0-TDI-150PS-4Motion-Black-Edition.jpg 1620w\" sizes=\"(max-width: 1024px) 100vw, 1024px\" \/><\/a><figcaption class=\"wp-element-caption\">Volkswagen Tiguan 2.0 TDI 150PS 4Motion Black Edition<\/figcaption><\/figure><\/div>\n\n\n<p>Le <strong>Volkswagen Tiguan 2.0 TDI 150PS 4Motion Black Edition<\/strong> est un autre choix solide pour tracter une caravane. Avec un poids \u00e0 vide de 1706 kg et une capacit\u00e9 de remorquage de 2200 kg, ce SUV est con\u00e7u pour offrir une conduite stable et s\u00e9curis\u00e9e, m\u00eame sur des routes mouill\u00e9es ou glissantes. La version 4Motion ajoute un surplus de poids et de traction, rendant ce mod\u00e8le particuli\u00e8rement adapt\u00e9 aux conditions m\u00e9t\u00e9orologiques difficiles.<\/p>\n\n\n\n<h3 class=\"wp-block-heading\" id=\"h-volvo-xc40-b4-plus-un-suv-elegant-et-efficace\"><strong>Volvo XC40 B4 Plus : Un SUV \u00e9l\u00e9gant et efficace<\/strong><\/h3>\n\n\n\n<p>Le <strong>Volvo XC40 B4 Plus<\/strong> combine \u00e9l\u00e9gance et performance dans un format compact. Avec un moteur hybride l\u00e9ger de 197 chevaux, ce SUV est capable de tracter jusqu'\u00e0 2100 kg, ce qui le rend adapt\u00e9 pour la plupart des caravanes familiales. Le design int\u00e9rieur minimaliste de Volvo, associ\u00e9 \u00e0 une finition de haute qualit\u00e9, en fait un choix attrayant pour ceux qui recherchent \u00e0 la fois style et fonctionnalit\u00e9.<\/p>\n\n\n\n<h3 class=\"wp-block-heading\" id=\"h-ford-kuga-2-5-fhev-190-st-line-x-edition-l-hybride-performant\"><strong>Ford Kuga 2.5 FHEV 190 ST-Line X Edition : L'hybride performant<\/strong><\/h3>\n\n\n\n<p>Le <strong><a href=\"https:\/\/www.carideal.com\/blog\/marque-de-voiture-actualites-essais\/ford\/kuga\/\">Ford Kuga<\/a> 2.5 FHEV 190 ST-Line X Edition<\/strong> est l'un des meilleurs SUV hybrides pour tracter une caravane. Avec une capacit\u00e9 de remorquage de 1600 kg et une efficacit\u00e9 \u00e9nerg\u00e9tique impressionnante, ce mod\u00e8le se distingue par sa capacit\u00e9 \u00e0 utiliser la propulsion \u00e9lectrique m\u00eame en tractant. Son int\u00e9rieur spacieux et confortable en fait \u00e9galement un bon choix pour les longues vacances en caravane, bien que son espace de chargement puisse \u00eatre l\u00e9g\u00e8rement inf\u00e9rieur \u00e0 celui de certains concurrents.<\/p>\n\n\n\n<h3 class=\"wp-block-heading\" id=\"h-le-choix-du-meilleur-suv-pour-tracter-une-caravane\"><strong>Le choix du meilleur SUV pour tracter une caravane<\/strong><\/h3>\n\n\n\n<p>Le choix du meilleur SUV pour tracter une caravane d\u00e9pend de plusieurs facteurs, notamment la taille et le poids de votre caravane, ainsi que vos pr\u00e9f\u00e9rences en mati\u00e8re de conduite et de confort. Que vous recherchiez un mod\u00e8le compact comme le \u0160koda Kamiq ou un v\u00e9hicule plus puissant comme le BMW X3, cette liste vous offre une vari\u00e9t\u00e9 d'options pour r\u00e9pondre \u00e0 vos besoins. Chacun de ces SUV a \u00e9t\u00e9 s\u00e9lectionn\u00e9 pour ses performances exceptionnelles en mati\u00e8re de remorquage, sa stabilit\u00e9 sur la route, et son confort, vous permettant ainsi de profiter pleinement de vos voyages en caravane.<\/p>\n","protected":false},"excerpt":{"rendered":"<p>Meilleurs SUV pour tracter une caravane en 2024 : Notre s\u00e9lection des meilleurs mod\u00e8les Lorsque vous recherchez le meilleur SUV pour tracter une caravane en 2024, il est essentiel de choisir un v\u00e9hicule qui combine puissance, stabilit\u00e9 et confort. Dans cet article, nous vous pr\u00e9sentons une s\u00e9lection des meilleurs SUV pour cette t\u00e2che, mettant en &#8230; <a title=\"Meilleurs SUV pour tracter une caravane en 2024\" class=\"read-more\" href=\"https:\/\/www.carideal.com\/blog\/2024\/08\/24\/meilleurs-suv-pour-tracter-une-caravane-en-2024\/\" aria-label=\"En savoir plus sur Meilleurs SUV pour tracter une caravane en 2024\">Lire plus<\/a><\/p>\n","protected":false},"author":3,"featured_media":27983,"comment_status":"open","ping_status":"open","sticky":false,"template":"","format":"standard","meta":{"_uag_custom_page_level_css":"","_themeisle_gutenberg_block_has_review":false,"footnotes":""},"categories":[6010],"tags":[],"class_list":["post-27980","post","type-post","status-publish","format-standard","has-post-thumbnail","hentry","category-suv"],"wppr_data":{"cwp_meta_box_check":"No"},"yoast_head":"<!-- This site is optimized with the Yoast SEO plugin v24.8.1 - https:\/\/yoast.com\/wordpress\/plugins\/seo\/ -->\n<title>Meilleurs SUV pour tracter une caravane en 2024 - Blog auto Carid\u00e9al<\/title>\n<meta name=\"description\" content=\"Lorsque vous recherchez le meilleur SUV pour tracter une caravane en 2024, il est essentiel de choisir un v\u00e9hicule qui combine puissance\" \/>\n<meta name=\"robots\" content=\"index, follow, max-snippet:-1, max-image-preview:large, max-video-preview:-1\" \/>\n<link rel=\"canonical\" href=\"https:\/\/www.carideal.com\/blog\/2024\/08\/24\/meilleurs-suv-pour-tracter-une-caravane-en-2024\/\" \/>\n<meta property=\"og:locale\" content=\"fr_FR\" \/>\n<meta property=\"og:type\" content=\"article\" \/>\n<meta property=\"og:title\" content=\"Meilleurs SUV pour tracter une caravane en 2024 - Blog auto Carid\u00e9al\" \/>\n<meta property=\"og:description\" content=\"Lorsque vous recherchez le meilleur SUV pour tracter une caravane en 2024, il est essentiel de choisir un v\u00e9hicule qui combine puissance\" \/>\n<meta property=\"og:url\" content=\"https:\/\/www.carideal.com\/blog\/2024\/08\/24\/meilleurs-suv-pour-tracter-une-caravane-en-2024\/\" \/>\n<meta property=\"og:site_name\" content=\"Blog auto Carid\u00e9al\" \/>\n<meta property=\"article:publisher\" content=\"https:\/\/www.facebook.com\/Carideal.mandataire.automobile\" \/>\n<meta property=\"article:author\" content=\"https:\/\/www.facebook.com\/nicolas.schiavon.39\" \/>\n<meta property=\"article:published_time\" content=\"2024-08-24T16:42:59+00:00\" \/>\n<meta property=\"article:modified_time\" content=\"2024-10-02T06:05:28+00:00\" \/>\n<meta property=\"og:image\" content=\"https:\/\/www.carideal.com\/blog\/wp-content\/uploads\/2024\/08\/Volkswagen-Tiguan-2.0-TDI-150PS-4Motion-Black-Edition-1.jpg\" \/>\n\t<meta property=\"og:image:width\" content=\"1620\" \/>\n\t<meta property=\"og:image:height\" content=\"540\" \/>\n\t<meta property=\"og:image:type\" content=\"image\/jpeg\" \/>\n<meta name=\"author\" content=\"Nicolas SCHIAVON\" \/>\n<meta name=\"twitter:card\" content=\"summary_large_image\" \/>\n<meta name=\"twitter:creator\" content=\"@caridealauto\" \/>\n<meta name=\"twitter:site\" content=\"@caridealauto\" \/>\n<meta name=\"twitter:label1\" content=\"\u00c9crit par\" \/>\n\t<meta name=\"twitter:data1\" content=\"Nicolas SCHIAVON\" \/>\n\t<meta name=\"twitter:label2\" content=\"Dur\u00e9e de lecture estim\u00e9e\" \/>\n\t<meta name=\"twitter:data2\" content=\"6 minutes\" \/>\n<script type=\"application\/ld+json\" class=\"yoast-schema-graph\">{\"@context\":\"https:\/\/schema.org\",\"@graph\":[{\"@type\":\"Article\",\"@id\":\"https:\/\/www.carideal.com\/blog\/2024\/08\/24\/meilleurs-suv-pour-tracter-une-caravane-en-2024\/#article\",\"isPartOf\":{\"@id\":\"https:\/\/www.carideal.com\/blog\/2024\/08\/24\/meilleurs-suv-pour-tracter-une-caravane-en-2024\/\"},\"author\":{\"name\":\"Nicolas SCHIAVON\",\"@id\":\"https:\/\/www.carideal.com\/blog\/#\/schema\/person\/cd95dc7919660de90d31b366f85be1ec\"},\"headline\":\"Meilleurs SUV pour tracter une caravane en 2024\",\"datePublished\":\"2024-08-24T16:42:59+00:00\",\"dateModified\":\"2024-10-02T06:05:28+00:00\",\"mainEntityOfPage\":{\"@id\":\"https:\/\/www.carideal.com\/blog\/2024\/08\/24\/meilleurs-suv-pour-tracter-une-caravane-en-2024\/\"},\"wordCount\":1054,\"commentCount\":0,\"publisher\":{\"@id\":\"https:\/\/www.carideal.com\/blog\/#organization\"},\"image\":{\"@id\":\"https:\/\/www.carideal.com\/blog\/2024\/08\/24\/meilleurs-suv-pour-tracter-une-caravane-en-2024\/#primaryimage\"},\"thumbnailUrl\":\"https:\/\/www.carideal.com\/blog\/wp-content\/uploads\/2024\/08\/Volkswagen-Tiguan-2.0-TDI-150PS-4Motion-Black-Edition-1.jpg\",\"articleSection\":[\"SUV\"],\"inLanguage\":\"fr-FR\",\"potentialAction\":[{\"@type\":\"CommentAction\",\"name\":\"Comment\",\"target\":[\"https:\/\/www.carideal.com\/blog\/2024\/08\/24\/meilleurs-suv-pour-tracter-une-caravane-en-2024\/#respond\"]}]},{\"@type\":\"WebPage\",\"@id\":\"https:\/\/www.carideal.com\/blog\/2024\/08\/24\/meilleurs-suv-pour-tracter-une-caravane-en-2024\/\",\"url\":\"https:\/\/www.carideal.com\/blog\/2024\/08\/24\/meilleurs-suv-pour-tracter-une-caravane-en-2024\/\",\"name\":\"Meilleurs SUV pour tracter une caravane en 2024 - Blog auto Carid\u00e9al\",\"isPartOf\":{\"@id\":\"https:\/\/www.carideal.com\/blog\/#website\"},\"primaryImageOfPage\":{\"@id\":\"https:\/\/www.carideal.com\/blog\/2024\/08\/24\/meilleurs-suv-pour-tracter-une-caravane-en-2024\/#primaryimage\"},\"image\":{\"@id\":\"https:\/\/www.carideal.com\/blog\/2024\/08\/24\/meilleurs-suv-pour-tracter-une-caravane-en-2024\/#primaryimage\"},\"thumbnailUrl\":\"https:\/\/www.carideal.com\/blog\/wp-content\/uploads\/2024\/08\/Volkswagen-Tiguan-2.0-TDI-150PS-4Motion-Black-Edition-1.jpg\",\"datePublished\":\"2024-08-24T16:42:59+00:00\",\"dateModified\":\"2024-10-02T06:05:28+00:00\",\"description\":\"Lorsque vous recherchez le meilleur SUV pour tracter une caravane en 2024, il est essentiel de choisir un v\u00e9hicule qui combine puissance\",\"breadcrumb\":{\"@id\":\"https:\/\/www.carideal.com\/blog\/2024\/08\/24\/meilleurs-suv-pour-tracter-une-caravane-en-2024\/#breadcrumb\"},\"inLanguage\":\"fr-FR\",\"potentialAction\":[{\"@type\":\"ReadAction\",\"target\":[\"https:\/\/www.carideal.com\/blog\/2024\/08\/24\/meilleurs-suv-pour-tracter-une-caravane-en-2024\/\"]}]},{\"@type\":\"ImageObject\",\"inLanguage\":\"fr-FR\",\"@id\":\"https:\/\/www.carideal.com\/blog\/2024\/08\/24\/meilleurs-suv-pour-tracter-une-caravane-en-2024\/#primaryimage\",\"url\":\"https:\/\/www.carideal.com\/blog\/wp-content\/uploads\/2024\/08\/Volkswagen-Tiguan-2.0-TDI-150PS-4Motion-Black-Edition-1.jpg\",\"contentUrl\":\"https:\/\/www.carideal.com\/blog\/wp-content\/uploads\/2024\/08\/Volkswagen-Tiguan-2.0-TDI-150PS-4Motion-Black-Edition-1.jpg\",\"width\":1620,\"height\":540,\"caption\":\"Meilleurs SUV pour tracter une caravane en 2024\"},{\"@type\":\"BreadcrumbList\",\"@id\":\"https:\/\/www.carideal.com\/blog\/2024\/08\/24\/meilleurs-suv-pour-tracter-une-caravane-en-2024\/#breadcrumb\",\"itemListElement\":[{\"@type\":\"ListItem\",\"position\":1,\"name\":\"Blog Carid\u00e9al\",\"item\":\"https:\/\/www.carideal.com\/blog\/\"},{\"@type\":\"ListItem\",\"position\":2,\"name\":\"Type de v\u00e9hicule\",\"item\":\"https:\/\/www.carideal.com\/blog\/type-de-vehicule\/\"},{\"@type\":\"ListItem\",\"position\":3,\"name\":\"SUV\",\"item\":\"https:\/\/www.carideal.com\/blog\/type-de-vehicule\/suv\/\"},{\"@type\":\"ListItem\",\"position\":4,\"name\":\"Meilleurs SUV pour tracter une caravane en 2024\"}]},{\"@type\":\"WebSite\",\"@id\":\"https:\/\/www.carideal.com\/blog\/#website\",\"url\":\"https:\/\/www.carideal.com\/blog\/\",\"name\":\"Blog auto Carid\u00e9al\",\"description\":\"Actualit\u00e9 auto par des passionn\u00e9s\",\"publisher\":{\"@id\":\"https:\/\/www.carideal.com\/blog\/#organization\"},\"potentialAction\":[{\"@type\":\"SearchAction\",\"target\":{\"@type\":\"EntryPoint\",\"urlTemplate\":\"https:\/\/www.carideal.com\/blog\/?s={search_term_string}\"},\"query-input\":{\"@type\":\"PropertyValueSpecification\",\"valueRequired\":true,\"valueName\":\"search_term_string\"}}],\"inLanguage\":\"fr-FR\"},{\"@type\":\"Organization\",\"@id\":\"https:\/\/www.carideal.com\/blog\/#organization\",\"name\":\"Carideal\",\"url\":\"https:\/\/www.carideal.com\/blog\/\",\"logo\":{\"@type\":\"ImageObject\",\"inLanguage\":\"fr-FR\",\"@id\":\"https:\/\/www.carideal.com\/blog\/#\/schema\/logo\/image\/\",\"url\":\"http:\/\/www.carideal.com\/blog\/wp-content\/uploads\/2016\/03\/logo-carideal-mandataire-automobile.png\",\"contentUrl\":\"http:\/\/www.carideal.com\/blog\/wp-content\/uploads\/2016\/03\/logo-carideal-mandataire-automobile.png\",\"width\":300,\"height\":300,\"caption\":\"Carideal\"},\"image\":{\"@id\":\"https:\/\/www.carideal.com\/blog\/#\/schema\/logo\/image\/\"},\"sameAs\":[\"https:\/\/www.facebook.com\/Carideal.mandataire.automobile\",\"https:\/\/x.com\/caridealauto\",\"https:\/\/www.instagram.com\/carideal1\/\",\"https:\/\/www.linkedin.com\/company\/carideal.com\",\"https:\/\/fr.pinterest.com\/schiavonsas\/\",\"https:\/\/www.youtube.com\/user\/caridealsas\"]},{\"@type\":\"Person\",\"@id\":\"https:\/\/www.carideal.com\/blog\/#\/schema\/person\/cd95dc7919660de90d31b366f85be1ec\",\"name\":\"Nicolas SCHIAVON\",\"image\":{\"@type\":\"ImageObject\",\"inLanguage\":\"fr-FR\",\"@id\":\"https:\/\/www.carideal.com\/blog\/#\/schema\/person\/image\/\",\"url\":\"https:\/\/secure.gravatar.com\/avatar\/c17e55009e671d92cc7f5dc837dc418a?s=96&r=g\",\"contentUrl\":\"https:\/\/secure.gravatar.com\/avatar\/c17e55009e671d92cc7f5dc837dc418a?s=96&r=g\",\"caption\":\"Nicolas SCHIAVON\"},\"description\":\"Nicolas Schiavon est tomb\u00e9 tout petit dans la marmite automobile. Ayant eu un garage de marque automobile, mandataire automobile de la premi\u00e8re heure d\u00e8s 1999. Nicolas a cr\u00e9\u00e9 ces premiers sites de vente de voiture et blog automobile d\u00e8s 1994. Carideal est n\u00e9 le 15 d\u00e9cembre 2000 de la volont\u00e9 de vendre des voitures d'occasions en ligne puis des voitures neuves. Il a pu essayer beaucoup de voitures tr\u00e8s diff\u00e9rentes et ayant eu personnellement quelques belles autos, Subaru Impreza, Mitsubishi Lancer Evo 7, Porsche 911, Ferrari Testarrossa, Audi RS3, RS4 et j'en passe...\",\"sameAs\":[\"http:\/\/www.carideal.com\",\"https:\/\/www.facebook.com\/nicolas.schiavon.39\",\"https:\/\/www.instagram.com\/carideal1\/\",\"https:\/\/www.linkedin.com\/in\/nschiavon\/\",\"https:\/\/x.com\/caridealauto\",\"https:\/\/www.youtube.com\/user\/caridealsas\/\"],\"url\":\"https:\/\/www.carideal.com\/blog\/author\/nschiavon\/\"}]}<\/script>\n<!-- \/ Yoast SEO plugin. -->","yoast_head_json":{"title":"Meilleurs SUV pour tracter une caravane en 2024 - Blog auto Carid\u00e9al","description":"Lorsque vous recherchez le meilleur SUV pour tracter une caravane en 2024, il est essentiel de choisir un v\u00e9hicule qui combine puissance","robots":{"index":"index","follow":"follow","max-snippet":"max-snippet:-1","max-image-preview":"max-image-preview:large","max-video-preview":"max-video-preview:-1"},"canonical":"https:\/\/www.carideal.com\/blog\/2024\/08\/24\/meilleurs-suv-pour-tracter-une-caravane-en-2024\/","og_locale":"fr_FR","og_type":"article","og_title":"Meilleurs SUV pour tracter une caravane en 2024 - Blog auto Carid\u00e9al","og_description":"Lorsque vous recherchez le meilleur SUV pour tracter une caravane en 2024, il est essentiel de choisir un v\u00e9hicule qui combine puissance","og_url":"https:\/\/www.carideal.com\/blog\/2024\/08\/24\/meilleurs-suv-pour-tracter-une-caravane-en-2024\/","og_site_name":"Blog auto Carid\u00e9al","article_publisher":"https:\/\/www.facebook.com\/Carideal.mandataire.automobile","article_author":"https:\/\/www.facebook.com\/nicolas.schiavon.39","article_published_time":"2024-08-24T16:42:59+00:00","article_modified_time":"2024-10-02T06:05:28+00:00","og_image":[{"width":1620,"height":540,"url":"https:\/\/www.carideal.com\/blog\/wp-content\/uploads\/2024\/08\/Volkswagen-Tiguan-2.0-TDI-150PS-4Motion-Black-Edition-1.jpg","type":"image\/jpeg"}],"author":"Nicolas SCHIAVON","twitter_card":"summary_large_image","twitter_creator":"@caridealauto","twitter_site":"@caridealauto","twitter_misc":{"\u00c9crit par":"Nicolas SCHIAVON","Dur\u00e9e de lecture estim\u00e9e":"6 minutes"},"schema":{"@context":"https:\/\/schema.org","@graph":[{"@type":"Article","@id":"https:\/\/www.carideal.com\/blog\/2024\/08\/24\/meilleurs-suv-pour-tracter-une-caravane-en-2024\/#article","isPartOf":{"@id":"https:\/\/www.carideal.com\/blog\/2024\/08\/24\/meilleurs-suv-pour-tracter-une-caravane-en-2024\/"},"author":{"name":"Nicolas SCHIAVON","@id":"https:\/\/www.carideal.com\/blog\/#\/schema\/person\/cd95dc7919660de90d31b366f85be1ec"},"headline":"Meilleurs SUV pour tracter une caravane en 2024","datePublished":"2024-08-24T16:42:59+00:00","dateModified":"2024-10-02T06:05:28+00:00","mainEntityOfPage":{"@id":"https:\/\/www.carideal.com\/blog\/2024\/08\/24\/meilleurs-suv-pour-tracter-une-caravane-en-2024\/"},"wordCount":1054,"commentCount":0,"publisher":{"@id":"https:\/\/www.carideal.com\/blog\/#organization"},"image":{"@id":"https:\/\/www.carideal.com\/blog\/2024\/08\/24\/meilleurs-suv-pour-tracter-une-caravane-en-2024\/#primaryimage"},"thumbnailUrl":"https:\/\/www.carideal.com\/blog\/wp-content\/uploads\/2024\/08\/Volkswagen-Tiguan-2.0-TDI-150PS-4Motion-Black-Edition-1.jpg","articleSection":["SUV"],"inLanguage":"fr-FR","potentialAction":[{"@type":"CommentAction","name":"Comment","target":["https:\/\/www.carideal.com\/blog\/2024\/08\/24\/meilleurs-suv-pour-tracter-une-caravane-en-2024\/#respond"]}]},{"@type":"WebPage","@id":"https:\/\/www.carideal.com\/blog\/2024\/08\/24\/meilleurs-suv-pour-tracter-une-caravane-en-2024\/","url":"https:\/\/www.carideal.com\/blog\/2024\/08\/24\/meilleurs-suv-pour-tracter-une-caravane-en-2024\/","name":"Meilleurs SUV pour tracter une caravane en 2024 - Blog auto Carid\u00e9al","isPartOf":{"@id":"https:\/\/www.carideal.com\/blog\/#website"},"primaryImageOfPage":{"@id":"https:\/\/www.carideal.com\/blog\/2024\/08\/24\/meilleurs-suv-pour-tracter-une-caravane-en-2024\/#primaryimage"},"image":{"@id":"https:\/\/www.carideal.com\/blog\/2024\/08\/24\/meilleurs-suv-pour-tracter-une-caravane-en-2024\/#primaryimage"},"thumbnailUrl":"https:\/\/www.carideal.com\/blog\/wp-content\/uploads\/2024\/08\/Volkswagen-Tiguan-2.0-TDI-150PS-4Motion-Black-Edition-1.jpg","datePublished":"2024-08-24T16:42:59+00:00","dateModified":"2024-10-02T06:05:28+00:00","description":"Lorsque vous recherchez le meilleur SUV pour tracter une caravane en 2024, il est essentiel de choisir un v\u00e9hicule qui combine puissance","breadcrumb":{"@id":"https:\/\/www.carideal.com\/blog\/2024\/08\/24\/meilleurs-suv-pour-tracter-une-caravane-en-2024\/#breadcrumb"},"inLanguage":"fr-FR","potentialAction":[{"@type":"ReadAction","target":["https:\/\/www.carideal.com\/blog\/2024\/08\/24\/meilleurs-suv-pour-tracter-une-caravane-en-2024\/"]}]},{"@type":"ImageObject","inLanguage":"fr-FR","@id":"https:\/\/www.carideal.com\/blog\/2024\/08\/24\/meilleurs-suv-pour-tracter-une-caravane-en-2024\/#primaryimage","url":"https:\/\/www.carideal.com\/blog\/wp-content\/uploads\/2024\/08\/Volkswagen-Tiguan-2.0-TDI-150PS-4Motion-Black-Edition-1.jpg","contentUrl":"https:\/\/www.carideal.com\/blog\/wp-content\/uploads\/2024\/08\/Volkswagen-Tiguan-2.0-TDI-150PS-4Motion-Black-Edition-1.jpg","width":1620,"height":540,"caption":"Meilleurs SUV pour tracter une caravane en 2024"},{"@type":"BreadcrumbList","@id":"https:\/\/www.carideal.com\/blog\/2024\/08\/24\/meilleurs-suv-pour-tracter-une-caravane-en-2024\/#breadcrumb","itemListElement":[{"@type":"ListItem","position":1,"name":"Blog Carid\u00e9al","item":"https:\/\/www.carideal.com\/blog\/"},{"@type":"ListItem","position":2,"name":"Type de v\u00e9hicule","item":"https:\/\/www.carideal.com\/blog\/type-de-vehicule\/"},{"@type":"ListItem","position":3,"name":"SUV","item":"https:\/\/www.carideal.com\/blog\/type-de-vehicule\/suv\/"},{"@type":"ListItem","position":4,"name":"Meilleurs SUV pour tracter une caravane en 2024"}]},{"@type":"WebSite","@id":"https:\/\/www.carideal.com\/blog\/#website","url":"https:\/\/www.carideal.com\/blog\/","name":"Blog auto Carid\u00e9al","description":"Actualit\u00e9 auto par des passionn\u00e9s","publisher":{"@id":"https:\/\/www.carideal.com\/blog\/#organization"},"potentialAction":[{"@type":"SearchAction","target":{"@type":"EntryPoint","urlTemplate":"https:\/\/www.carideal.com\/blog\/?s={search_term_string}"},"query-input":{"@type":"PropertyValueSpecification","valueRequired":true,"valueName":"search_term_string"}}],"inLanguage":"fr-FR"},{"@type":"Organization","@id":"https:\/\/www.carideal.com\/blog\/#organization","name":"Carideal","url":"https:\/\/www.carideal.com\/blog\/","logo":{"@type":"ImageObject","inLanguage":"fr-FR","@id":"https:\/\/www.carideal.com\/blog\/#\/schema\/logo\/image\/","url":"http:\/\/www.carideal.com\/blog\/wp-content\/uploads\/2016\/03\/logo-carideal-mandataire-automobile.png","contentUrl":"http:\/\/www.carideal.com\/blog\/wp-content\/uploads\/2016\/03\/logo-carideal-mandataire-automobile.png","width":300,"height":300,"caption":"Carideal"},"image":{"@id":"https:\/\/www.carideal.com\/blog\/#\/schema\/logo\/image\/"},"sameAs":["https:\/\/www.facebook.com\/Carideal.mandataire.automobile","https:\/\/x.com\/caridealauto","https:\/\/www.instagram.com\/carideal1\/","https:\/\/www.linkedin.com\/company\/carideal.com","https:\/\/fr.pinterest.com\/schiavonsas\/","https:\/\/www.youtube.com\/user\/caridealsas"]},{"@type":"Person","@id":"https:\/\/www.carideal.com\/blog\/#\/schema\/person\/cd95dc7919660de90d31b366f85be1ec","name":"Nicolas SCHIAVON","image":{"@type":"ImageObject","inLanguage":"fr-FR","@id":"https:\/\/www.carideal.com\/blog\/#\/schema\/person\/image\/","url":"https:\/\/secure.gravatar.com\/avatar\/c17e55009e671d92cc7f5dc837dc418a?s=96&r=g","contentUrl":"https:\/\/secure.gravatar.com\/avatar\/c17e55009e671d92cc7f5dc837dc418a?s=96&r=g","caption":"Nicolas SCHIAVON"},"description":"Nicolas Schiavon est tomb\u00e9 tout petit dans la marmite automobile. Ayant eu un garage de marque automobile, mandataire automobile de la premi\u00e8re heure d\u00e8s 1999. Nicolas a cr\u00e9\u00e9 ces premiers sites de vente de voiture et blog automobile d\u00e8s 1994. Carideal est n\u00e9 le 15 d\u00e9cembre 2000 de la volont\u00e9 de vendre des voitures d'occasions en ligne puis des voitures neuves. Il a pu essayer beaucoup de voitures tr\u00e8s diff\u00e9rentes et ayant eu personnellement quelques belles autos, Subaru Impreza, Mitsubishi Lancer Evo 7, Porsche 911, Ferrari Testarrossa, Audi RS3, RS4 et j'en passe...","sameAs":["http:\/\/www.carideal.com","https:\/\/www.facebook.com\/nicolas.schiavon.39","https:\/\/www.instagram.com\/carideal1\/","https:\/\/www.linkedin.com\/in\/nschiavon\/","https:\/\/x.com\/caridealauto","https:\/\/www.youtube.com\/user\/caridealsas\/"],"url":"https:\/\/www.carideal.com\/blog\/author\/nschiavon\/"}]}},"uagb_featured_image_src":{"full":["https:\/\/www.carideal.com\/blog\/wp-content\/uploads\/2024\/08\/Volkswagen-Tiguan-2.0-TDI-150PS-4Motion-Black-Edition-1.jpg",1620,540,false],"thumbnail":["https:\/\/www.carideal.com\/blog\/wp-content\/uploads\/2024\/08\/Volkswagen-Tiguan-2.0-TDI-150PS-4Motion-Black-Edition-1-150x150.jpg",150,150,true],"medium":["https:\/\/www.carideal.com\/blog\/wp-content\/uploads\/2024\/08\/Volkswagen-Tiguan-2.0-TDI-150PS-4Motion-Black-Edition-1-300x100.jpg",300,100,true],"medium_large":["https:\/\/www.carideal.com\/blog\/wp-content\/uploads\/2024\/08\/Volkswagen-Tiguan-2.0-TDI-150PS-4Motion-Black-Edition-1-768x256.jpg",768,256,true],"large":["https:\/\/www.carideal.com\/blog\/wp-content\/uploads\/2024\/08\/Volkswagen-Tiguan-2.0-TDI-150PS-4Motion-Black-Edition-1-1024x341.jpg",1024,341,true],"1536x1536":["https:\/\/www.carideal.com\/blog\/wp-content\/uploads\/2024\/08\/Volkswagen-Tiguan-2.0-TDI-150PS-4Motion-Black-Edition-1-1536x512.jpg",1536,512,true],"2048x2048":["https:\/\/www.carideal.com\/blog\/wp-content\/uploads\/2024\/08\/Volkswagen-Tiguan-2.0-TDI-150PS-4Motion-Black-Edition-1.jpg",1620,540,false],"wppr-widget":["https:\/\/www.carideal.com\/blog\/wp-content\/uploads\/2024\/08\/Volkswagen-Tiguan-2.0-TDI-150PS-4Motion-Black-Edition-1-50x17.jpg",50,17,true]},"uagb_author_info":{"display_name":"Nicolas SCHIAVON","author_link":"https:\/\/www.carideal.com\/blog\/author\/nschiavon\/"},"uagb_comment_info":6,"uagb_excerpt":"Meilleurs SUV pour tracter une caravane en 2024 : Notre s\u00e9lection des meilleurs mod\u00e8les Lorsque vous recherchez le meilleur SUV pour tracter une caravane en 2024, il est essentiel de choisir un v\u00e9hicule qui combine puissance, stabilit\u00e9 et confort. Dans cet article, nous vous pr\u00e9sentons une s\u00e9lection des meilleurs SUV pour cette t\u00e2che, mettant en\u2026","_links":{"self":[{"href":"https:\/\/www.carideal.com\/blog\/wp-json\/wp\/v2\/posts\/27980"}],"collection":[{"href":"https:\/\/www.carideal.com\/blog\/wp-json\/wp\/v2\/posts"}],"about":[{"href":"https:\/\/www.carideal.com\/blog\/wp-json\/wp\/v2\/types\/post"}],"author":[{"embeddable":true,"href":"https:\/\/www.carideal.com\/blog\/wp-json\/wp\/v2\/users\/3"}],"replies":[{"embeddable":true,"href":"https:\/\/www.carideal.com\/blog\/wp-json\/wp\/v2\/comments?post=27980"}],"version-history":[{"count":3,"href":"https:\/\/www.carideal.com\/blog\/wp-json\/wp\/v2\/posts\/27980\/revisions"}],"predecessor-version":[{"id":28027,"href":"https:\/\/www.carideal.com\/blog\/wp-json\/wp\/v2\/posts\/27980\/revisions\/28027"}],"wp:featuredmedia":[{"embeddable":true,"href":"https:\/\/www.carideal.com\/blog\/wp-json\/wp\/v2\/media\/27983"}],"wp:attachment":[{"href":"https:\/\/www.carideal.com\/blog\/wp-json\/wp\/v2\/media?parent=27980"}],"wp:term":[{"taxonomy":"category","embeddable":true,"href":"https:\/\/www.carideal.com\/blog\/wp-json\/wp\/v2\/categories?post=27980"},{"taxonomy":"post_tag","embeddable":true,"href":"https:\/\/www.carideal.com\/blog\/wp-json\/wp\/v2\/tags?post=27980"}],"curies":[{"name":"wp","href":"https:\/\/api.w.org\/{rel}","templated":true}]}}