{"id":27853,"date":"2024-03-30T18:51:00","date_gmt":"2024-03-30T17:51:00","guid":{"rendered":"https:\/\/www.carideal.com\/blog\/?p=27853"},"modified":"2024-03-30T18:51:33","modified_gmt":"2024-03-30T17:51:33","slug":"rivian-r2-tout-ce-que-nous-savons-sur-le-nouveau-modele-electrique-en-preparation","status":"publish","type":"post","link":"https:\/\/www.carideal.com\/blog\/2024\/03\/30\/rivian-r2-tout-ce-que-nous-savons-sur-le-nouveau-modele-electrique-en-preparation\/","title":{"rendered":"Rivian R2 &#8211; tout ce que nous savons sur le nouveau mod\u00e8le \u00e9lectrique en pr\u00e9paration"},"content":{"rendered":"\n<h3 class=\"wp-block-heading\" id=\"h-le-nouveau-suv-electrique-rivian-r2-un-challenger-redoutable-pour-le-tesla-model-y\">Le Nouveau SUV \u00c9lectrique Rivian R2 : Un Challenger Redoutable pour le Tesla Model Y<\/h3>\n\n\n\n<h4 class=\"wp-block-heading\" id=\"h-introduction-au-rivian-r2\">Introduction au Rivian R2<\/h4>\n\n\n\n<p>En 2027, le march\u00e9 europ\u00e9en accueillera le <strong>Rivian R2<\/strong>, un nouveau venu dans l'univers des <a href=\"https:\/\/www.carideal.com\/voiture\/suv\/electriques\/\">SUV \u00e9lectriques<\/a> de taille moyenne. Con\u00e7u sur une plateforme enti\u00e8rement nouvelle, le R2 se distingue par son design futuriste et \u00e9pur\u00e9, h\u00e9rit\u00e9 des mod\u00e8les <strong>R1T et R1S de Rivian<\/strong>. Avec une autonomie impressionnante de plus de 544 km, le Rivian R2 s'annonce comme un concurrent s\u00e9rieux au Tesla Model Y.<\/p>\n\n\n\n<h3 class=\"wp-block-heading\" id=\"h-design-et-esthetique\">Design et Esth\u00e9tique<\/h3>\n\n\n\n<p>Contrairement au design arrondi du <a href=\"https:\/\/www.carideal.com\/blog\/marque-de-voiture-actualites-essais\/tesla\/\">Tesla<\/a> Model Y, le Rivian R2 adopte une silhouette plus anguleuse tout en conservant une esth\u00e9tique moderne et attrayante. Le design ext\u00e9rieur est rehauss\u00e9 par les phares embl\u00e9matiques de Rivian, formant un bandeau lumineux reliant les deux unit\u00e9s \u00e0 l'avant et \u00e0 l'arri\u00e8re du v\u00e9hicule. L'int\u00e9rieur, quant \u00e0 lui, se veut \u00e0 la fois accueillant et r\u00e9sistant, avec des mat\u00e9riaux s\u00e9lectionn\u00e9s pour leur durabilit\u00e9 et leur facilit\u00e9 d'entretien.<\/p>\n\n\n\n<h3 class=\"wp-block-heading\" id=\"h-espace-et-confort\">Espace et Confort<\/h3>\n\n\n\n<p>L'accent a \u00e9t\u00e9 mis sur l'espace int\u00e9rieur, en particulier l'espace pour les jambes \u00e0 l'arri\u00e8re, afin d'assurer le confort des passagers lors de longs trajets. Le R2, avec son empattement de 2 935 mm, offre plus d'espace que le Model Y. Le SUV dispose \u00e9galement d'un grand coffre et d'un frunk (coffre additionnel pour les voitures \u00e9lectriques) pour une capacit\u00e9 de stockage suppl\u00e9mentaire.<\/p>\n\n\n\n<h3 class=\"wp-block-heading\" id=\"h-fonctionnalites-innovantes\">Fonctionnalit\u00e9s Innovantes<\/h3>\n\n\n\n<p>Le Rivian R2 int\u00e8gre des fonctionnalit\u00e9s uniques telles qu'une torche dissimul\u00e9e dans la porti\u00e8re du conducteur et la possibilit\u00e9 de baisser enti\u00e8rement les quatre vitres pour une exp\u00e9rience en plein air. Les si\u00e8ges peuvent se rabattre \u00e0 plat pour augmenter l'espace de chargement ou pour des activit\u00e9s de plein air comme le camping.<\/p>\n\n\n\n<h3 class=\"wp-block-heading\" id=\"h-plateforme-et-performances-du-rivian-r2\">Plateforme et Performances du Rivian R2<\/h3>\n\n\n\n<p>Le R2 repose sur une plateforme innovante con\u00e7ue pour optimiser les performances, l'autonomie et l'efficacit\u00e9 des co\u00fbts. Rivian propose deux tailles de batterie, avec la plus grande offrant une autonomie de plus de 544 km. Le R2 sera disponible en trois configurations de moteur \u00e9lectrique, promettant des performances de pointe avec un 0 \u00e0 100 km\/h en moins de 3,2 secondes.<\/p>\n\n\n\n<h3 class=\"wp-block-heading\" id=\"h-mise-a-jour-logicielle-et-capacites-autonomes\">Mise \u00e0 Jour Logicielle et Capacit\u00e9s Autonomes<\/h3>\n\n\n\n<p>Gr\u00e2ce \u00e0 la possibilit\u00e9 de recevoir des mises \u00e0 jour logicielles, le R2 pourra int\u00e9grer de nouvelles fonctionnalit\u00e9s apr\u00e8s son lancement. Avec un ensemble de 11 cam\u00e9ras et cinq radars, le R2 offrira des capacit\u00e9s de conduite autonome am\u00e9lior\u00e9es par rapport aux mod\u00e8les pr\u00e9c\u00e9dents de Rivian.<\/p>\n\n\n\n<h3 class=\"wp-block-heading\" id=\"h-prix-et-disponibilite\">Prix et Disponibilit\u00e9<\/h3>\n\n\n\n<p>Le prix de d\u00e9part du Rivian R2 sera d'environ 45 000 $ aux \u00c9tats-Unis, avec une production pr\u00e9vue pour d\u00e9buter en 2026 et les premi\u00e8res livraisons en France pr\u00e9vues pour 2027.<\/p>\n\n\n\n<p>Le Rivian R2 marque une avanc\u00e9e significative dans le segment des SUV \u00e9lectriques, combinant design, performance, autonomie et fonctionnalit\u00e9s innovantes. Son arriv\u00e9e en Europe repr\u00e9sente une nouvelle \u00e8re pour les v\u00e9hicules \u00e9lectriques, o\u00f9 style, confort et technologie se rencontrent pour offrir une exp\u00e9rience de conduite exceptionnelle.<\/p>\n\n\n\n<div class=\"wp-block-wp-mermaid-block mermaid\">\ngraph LR\nA[Rivian R2] --> B[Design Innovant]\nA --> C[Espace et Confort]\nA --> D[Fonctionnalit\u00e9s Uniques]\nA --> E[Performances \u00c9lev\u00e9es]\nA --> F[Technologies Autonomes]\nA --> G[Prix Comp\u00e9titif]\nB --> H[Phares Embl\u00e9matiques]\nC --> I[Espace Int\u00e9rieur \u00c9tendu]\nD --> J[Fonctionnalit\u00e9s de Plein Air]\nE --> K[Autonomie Impressionnante]\nF --> L[Capacit\u00e9s de Conduite Autonome]\nG --> M[Accessible \u00e0 un Large Public]\n\n<\/div>\n\n\n\n<p>Cette repr\u00e9sentation visuelle illustre comment le Rivian R2 se distingue dans divers domaines cl\u00e9s, positionnant le v\u00e9hicule comme un choix<\/p>\n","protected":false},"excerpt":{"rendered":"<p>Le Nouveau SUV \u00c9lectrique Rivian R2 : Un Challenger Redoutable pour le Tesla Model Y Introduction au Rivian R2 En 2027, le march\u00e9 europ\u00e9en accueillera le Rivian R2, un nouveau venu dans l&rsquo;univers des SUV \u00e9lectriques de taille moyenne. Con\u00e7u sur une plateforme enti\u00e8rement nouvelle, le R2 se distingue par son design futuriste et \u00e9pur\u00e9, &#8230; <a title=\"Rivian R2 &#8211; tout ce que nous savons sur le nouveau mod\u00e8le \u00e9lectrique en pr\u00e9paration\" class=\"read-more\" href=\"https:\/\/www.carideal.com\/blog\/2024\/03\/30\/rivian-r2-tout-ce-que-nous-savons-sur-le-nouveau-modele-electrique-en-preparation\/\" aria-label=\"En savoir plus sur Rivian R2 &#8211; tout ce que nous savons sur le nouveau mod\u00e8le \u00e9lectrique en pr\u00e9paration\">Lire plus<\/a><\/p>\n","protected":false},"author":3,"featured_media":27869,"comment_status":"open","ping_status":"open","sticky":false,"template":"","format":"standard","meta":{"_uag_custom_page_level_css":"","_themeisle_gutenberg_block_has_review":false,"footnotes":""},"categories":[5970],"tags":[9564],"class_list":["post-27853","post","type-post","status-publish","format-standard","has-post-thumbnail","hentry","category-electrique-technologie-2","tag-suv"],"wppr_data":{"cwp_meta_box_check":"No"},"yoast_head":"<!-- This site is optimized with the Yoast SEO plugin v24.8.1 - https:\/\/yoast.com\/wordpress\/plugins\/seo\/ -->\n<title>Rivian R2 - tout ce que nous savons sur le nouveau mod\u00e8le \u00e9lectrique en pr\u00e9paration - Blog auto Carid\u00e9al<\/title>\n<meta name=\"description\" content=\"En 2027, le march\u00e9 europ\u00e9en accueillera le Rivian R2, un nouveau venu dans l&#039;univers des SUV \u00e9lectriques de taille moyenne.\" \/>\n<meta name=\"robots\" content=\"index, follow, max-snippet:-1, max-image-preview:large, max-video-preview:-1\" \/>\n<link rel=\"canonical\" href=\"https:\/\/www.carideal.com\/blog\/2024\/03\/30\/rivian-r2-tout-ce-que-nous-savons-sur-le-nouveau-modele-electrique-en-preparation\/\" \/>\n<meta property=\"og:locale\" content=\"fr_FR\" \/>\n<meta property=\"og:type\" content=\"article\" \/>\n<meta property=\"og:title\" content=\"Rivian R2 - tout ce que nous savons sur le nouveau mod\u00e8le \u00e9lectrique en pr\u00e9paration - Blog auto Carid\u00e9al\" \/>\n<meta property=\"og:description\" content=\"En 2027, le march\u00e9 europ\u00e9en accueillera le Rivian R2, un nouveau venu dans l&#039;univers des SUV \u00e9lectriques de taille moyenne.\" \/>\n<meta property=\"og:url\" content=\"https:\/\/www.carideal.com\/blog\/2024\/03\/30\/rivian-r2-tout-ce-que-nous-savons-sur-le-nouveau-modele-electrique-en-preparation\/\" \/>\n<meta property=\"og:site_name\" content=\"Blog auto Carid\u00e9al\" \/>\n<meta property=\"article:publisher\" content=\"https:\/\/www.facebook.com\/Carideal.mandataire.automobile\" \/>\n<meta property=\"article:author\" content=\"https:\/\/www.facebook.com\/nicolas.schiavon.39\" \/>\n<meta property=\"article:published_time\" content=\"2024-03-30T17:51:00+00:00\" \/>\n<meta property=\"article:modified_time\" content=\"2024-03-30T17:51:33+00:00\" \/>\n<meta property=\"og:image\" content=\"https:\/\/www.carideal.com\/blog\/wp-content\/uploads\/2024\/03\/rivian-R2-suv-electrique.webp\" \/>\n\t<meta property=\"og:image:width\" content=\"1500\" \/>\n\t<meta property=\"og:image:height\" content=\"1000\" \/>\n\t<meta property=\"og:image:type\" content=\"image\/webp\" \/>\n<meta name=\"author\" content=\"Nicolas SCHIAVON\" \/>\n<meta name=\"twitter:card\" content=\"summary_large_image\" \/>\n<meta name=\"twitter:creator\" content=\"@caridealauto\" \/>\n<meta name=\"twitter:site\" content=\"@caridealauto\" \/>\n<meta name=\"twitter:label1\" content=\"\u00c9crit par\" \/>\n\t<meta name=\"twitter:data1\" content=\"Nicolas SCHIAVON\" \/>\n\t<meta name=\"twitter:label2\" content=\"Dur\u00e9e de lecture estim\u00e9e\" \/>\n\t<meta name=\"twitter:data2\" content=\"4 minutes\" \/>\n<script type=\"application\/ld+json\" class=\"yoast-schema-graph\">{\"@context\":\"https:\/\/schema.org\",\"@graph\":[{\"@type\":\"Article\",\"@id\":\"https:\/\/www.carideal.com\/blog\/2024\/03\/30\/rivian-r2-tout-ce-que-nous-savons-sur-le-nouveau-modele-electrique-en-preparation\/#article\",\"isPartOf\":{\"@id\":\"https:\/\/www.carideal.com\/blog\/2024\/03\/30\/rivian-r2-tout-ce-que-nous-savons-sur-le-nouveau-modele-electrique-en-preparation\/\"},\"author\":{\"name\":\"Nicolas SCHIAVON\",\"@id\":\"https:\/\/www.carideal.com\/blog\/#\/schema\/person\/cd95dc7919660de90d31b366f85be1ec\"},\"headline\":\"Rivian R2 &#8211; tout ce que nous savons sur le nouveau mod\u00e8le \u00e9lectrique en pr\u00e9paration\",\"datePublished\":\"2024-03-30T17:51:00+00:00\",\"dateModified\":\"2024-03-30T17:51:33+00:00\",\"mainEntityOfPage\":{\"@id\":\"https:\/\/www.carideal.com\/blog\/2024\/03\/30\/rivian-r2-tout-ce-que-nous-savons-sur-le-nouveau-modele-electrique-en-preparation\/\"},\"wordCount\":633,\"commentCount\":0,\"publisher\":{\"@id\":\"https:\/\/www.carideal.com\/blog\/#organization\"},\"image\":{\"@id\":\"https:\/\/www.carideal.com\/blog\/2024\/03\/30\/rivian-r2-tout-ce-que-nous-savons-sur-le-nouveau-modele-electrique-en-preparation\/#primaryimage\"},\"thumbnailUrl\":\"https:\/\/www.carideal.com\/blog\/wp-content\/uploads\/2024\/03\/rivian-R2-suv-electrique.webp\",\"keywords\":[\"SUV \u00e9lectrique\"],\"articleSection\":[\"Voiture \u00e9lectrique\"],\"inLanguage\":\"fr-FR\",\"potentialAction\":[{\"@type\":\"CommentAction\",\"name\":\"Comment\",\"target\":[\"https:\/\/www.carideal.com\/blog\/2024\/03\/30\/rivian-r2-tout-ce-que-nous-savons-sur-le-nouveau-modele-electrique-en-preparation\/#respond\"]}]},{\"@type\":\"WebPage\",\"@id\":\"https:\/\/www.carideal.com\/blog\/2024\/03\/30\/rivian-r2-tout-ce-que-nous-savons-sur-le-nouveau-modele-electrique-en-preparation\/\",\"url\":\"https:\/\/www.carideal.com\/blog\/2024\/03\/30\/rivian-r2-tout-ce-que-nous-savons-sur-le-nouveau-modele-electrique-en-preparation\/\",\"name\":\"Rivian R2 - tout ce que nous savons sur le nouveau mod\u00e8le \u00e9lectrique en pr\u00e9paration - Blog auto Carid\u00e9al\",\"isPartOf\":{\"@id\":\"https:\/\/www.carideal.com\/blog\/#website\"},\"primaryImageOfPage\":{\"@id\":\"https:\/\/www.carideal.com\/blog\/2024\/03\/30\/rivian-r2-tout-ce-que-nous-savons-sur-le-nouveau-modele-electrique-en-preparation\/#primaryimage\"},\"image\":{\"@id\":\"https:\/\/www.carideal.com\/blog\/2024\/03\/30\/rivian-r2-tout-ce-que-nous-savons-sur-le-nouveau-modele-electrique-en-preparation\/#primaryimage\"},\"thumbnailUrl\":\"https:\/\/www.carideal.com\/blog\/wp-content\/uploads\/2024\/03\/rivian-R2-suv-electrique.webp\",\"datePublished\":\"2024-03-30T17:51:00+00:00\",\"dateModified\":\"2024-03-30T17:51:33+00:00\",\"description\":\"En 2027, le march\u00e9 europ\u00e9en accueillera le Rivian R2, un nouveau venu dans l'univers des SUV \u00e9lectriques de taille moyenne.\",\"breadcrumb\":{\"@id\":\"https:\/\/www.carideal.com\/blog\/2024\/03\/30\/rivian-r2-tout-ce-que-nous-savons-sur-le-nouveau-modele-electrique-en-preparation\/#breadcrumb\"},\"inLanguage\":\"fr-FR\",\"potentialAction\":[{\"@type\":\"ReadAction\",\"target\":[\"https:\/\/www.carideal.com\/blog\/2024\/03\/30\/rivian-r2-tout-ce-que-nous-savons-sur-le-nouveau-modele-electrique-en-preparation\/\"]}]},{\"@type\":\"ImageObject\",\"inLanguage\":\"fr-FR\",\"@id\":\"https:\/\/www.carideal.com\/blog\/2024\/03\/30\/rivian-r2-tout-ce-que-nous-savons-sur-le-nouveau-modele-electrique-en-preparation\/#primaryimage\",\"url\":\"https:\/\/www.carideal.com\/blog\/wp-content\/uploads\/2024\/03\/rivian-R2-suv-electrique.webp\",\"contentUrl\":\"https:\/\/www.carideal.com\/blog\/wp-content\/uploads\/2024\/03\/rivian-R2-suv-electrique.webp\",\"width\":1500,\"height\":1000,\"caption\":\"Rivian R2 SUV \u00e9lectrique\"},{\"@type\":\"BreadcrumbList\",\"@id\":\"https:\/\/www.carideal.com\/blog\/2024\/03\/30\/rivian-r2-tout-ce-que-nous-savons-sur-le-nouveau-modele-electrique-en-preparation\/#breadcrumb\",\"itemListElement\":[{\"@type\":\"ListItem\",\"position\":1,\"name\":\"Blog Carid\u00e9al\",\"item\":\"https:\/\/www.carideal.com\/blog\/\"},{\"@type\":\"ListItem\",\"position\":2,\"name\":\"Technologie Automobile\",\"item\":\"https:\/\/www.carideal.com\/blog\/technologie-2\/\"},{\"@type\":\"ListItem\",\"position\":3,\"name\":\"Voiture \u00e9lectrique\",\"item\":\"https:\/\/www.carideal.com\/blog\/technologie-2\/electrique-technologie-2\/\"},{\"@type\":\"ListItem\",\"position\":4,\"name\":\"Rivian R2 &#8211; tout ce que nous savons sur le nouveau mod\u00e8le \u00e9lectrique en pr\u00e9paration\"}]},{\"@type\":\"WebSite\",\"@id\":\"https:\/\/www.carideal.com\/blog\/#website\",\"url\":\"https:\/\/www.carideal.com\/blog\/\",\"name\":\"Blog auto Carid\u00e9al\",\"description\":\"Actualit\u00e9 auto par des passionn\u00e9s\",\"publisher\":{\"@id\":\"https:\/\/www.carideal.com\/blog\/#organization\"},\"potentialAction\":[{\"@type\":\"SearchAction\",\"target\":{\"@type\":\"EntryPoint\",\"urlTemplate\":\"https:\/\/www.carideal.com\/blog\/?s={search_term_string}\"},\"query-input\":{\"@type\":\"PropertyValueSpecification\",\"valueRequired\":true,\"valueName\":\"search_term_string\"}}],\"inLanguage\":\"fr-FR\"},{\"@type\":\"Organization\",\"@id\":\"https:\/\/www.carideal.com\/blog\/#organization\",\"name\":\"Carideal\",\"url\":\"https:\/\/www.carideal.com\/blog\/\",\"logo\":{\"@type\":\"ImageObject\",\"inLanguage\":\"fr-FR\",\"@id\":\"https:\/\/www.carideal.com\/blog\/#\/schema\/logo\/image\/\",\"url\":\"http:\/\/www.carideal.com\/blog\/wp-content\/uploads\/2016\/03\/logo-carideal-mandataire-automobile.png\",\"contentUrl\":\"http:\/\/www.carideal.com\/blog\/wp-content\/uploads\/2016\/03\/logo-carideal-mandataire-automobile.png\",\"width\":300,\"height\":300,\"caption\":\"Carideal\"},\"image\":{\"@id\":\"https:\/\/www.carideal.com\/blog\/#\/schema\/logo\/image\/\"},\"sameAs\":[\"https:\/\/www.facebook.com\/Carideal.mandataire.automobile\",\"https:\/\/x.com\/caridealauto\",\"https:\/\/www.instagram.com\/carideal1\/\",\"https:\/\/www.linkedin.com\/company\/carideal.com\",\"https:\/\/fr.pinterest.com\/schiavonsas\/\",\"https:\/\/www.youtube.com\/user\/caridealsas\"]},{\"@type\":\"Person\",\"@id\":\"https:\/\/www.carideal.com\/blog\/#\/schema\/person\/cd95dc7919660de90d31b366f85be1ec\",\"name\":\"Nicolas SCHIAVON\",\"image\":{\"@type\":\"ImageObject\",\"inLanguage\":\"fr-FR\",\"@id\":\"https:\/\/www.carideal.com\/blog\/#\/schema\/person\/image\/\",\"url\":\"https:\/\/secure.gravatar.com\/avatar\/c17e55009e671d92cc7f5dc837dc418a?s=96&r=g\",\"contentUrl\":\"https:\/\/secure.gravatar.com\/avatar\/c17e55009e671d92cc7f5dc837dc418a?s=96&r=g\",\"caption\":\"Nicolas SCHIAVON\"},\"description\":\"Nicolas Schiavon est tomb\u00e9 tout petit dans la marmite automobile. Ayant eu un garage de marque automobile, mandataire automobile de la premi\u00e8re heure d\u00e8s 1999. Nicolas a cr\u00e9\u00e9 ces premiers sites de vente de voiture et blog automobile d\u00e8s 1994. Carideal est n\u00e9 le 15 d\u00e9cembre 2000 de la volont\u00e9 de vendre des voitures d'occasions en ligne puis des voitures neuves. Il a pu essayer beaucoup de voitures tr\u00e8s diff\u00e9rentes et ayant eu personnellement quelques belles autos, Subaru Impreza, Mitsubishi Lancer Evo 7, Porsche 911, Ferrari Testarrossa, Audi RS3, RS4 et j'en passe...\",\"sameAs\":[\"http:\/\/www.carideal.com\",\"https:\/\/www.facebook.com\/nicolas.schiavon.39\",\"https:\/\/www.instagram.com\/carideal1\/\",\"https:\/\/www.linkedin.com\/in\/nschiavon\/\",\"https:\/\/x.com\/caridealauto\",\"https:\/\/www.youtube.com\/user\/caridealsas\/\"],\"url\":\"https:\/\/www.carideal.com\/blog\/author\/nschiavon\/\"}]}<\/script>\n<!-- \/ Yoast SEO plugin. -->","yoast_head_json":{"title":"Rivian R2 - tout ce que nous savons sur le nouveau mod\u00e8le \u00e9lectrique en pr\u00e9paration - Blog auto Carid\u00e9al","description":"En 2027, le march\u00e9 europ\u00e9en accueillera le Rivian R2, un nouveau venu dans l'univers des SUV \u00e9lectriques de taille moyenne.","robots":{"index":"index","follow":"follow","max-snippet":"max-snippet:-1","max-image-preview":"max-image-preview:large","max-video-preview":"max-video-preview:-1"},"canonical":"https:\/\/www.carideal.com\/blog\/2024\/03\/30\/rivian-r2-tout-ce-que-nous-savons-sur-le-nouveau-modele-electrique-en-preparation\/","og_locale":"fr_FR","og_type":"article","og_title":"Rivian R2 - tout ce que nous savons sur le nouveau mod\u00e8le \u00e9lectrique en pr\u00e9paration - Blog auto Carid\u00e9al","og_description":"En 2027, le march\u00e9 europ\u00e9en accueillera le Rivian R2, un nouveau venu dans l'univers des SUV \u00e9lectriques de taille moyenne.","og_url":"https:\/\/www.carideal.com\/blog\/2024\/03\/30\/rivian-r2-tout-ce-que-nous-savons-sur-le-nouveau-modele-electrique-en-preparation\/","og_site_name":"Blog auto Carid\u00e9al","article_publisher":"https:\/\/www.facebook.com\/Carideal.mandataire.automobile","article_author":"https:\/\/www.facebook.com\/nicolas.schiavon.39","article_published_time":"2024-03-30T17:51:00+00:00","article_modified_time":"2024-03-30T17:51:33+00:00","og_image":[{"width":1500,"height":1000,"url":"https:\/\/www.carideal.com\/blog\/wp-content\/uploads\/2024\/03\/rivian-R2-suv-electrique.webp","type":"image\/webp"}],"author":"Nicolas SCHIAVON","twitter_card":"summary_large_image","twitter_creator":"@caridealauto","twitter_site":"@caridealauto","twitter_misc":{"\u00c9crit par":"Nicolas SCHIAVON","Dur\u00e9e de lecture estim\u00e9e":"4 minutes"},"schema":{"@context":"https:\/\/schema.org","@graph":[{"@type":"Article","@id":"https:\/\/www.carideal.com\/blog\/2024\/03\/30\/rivian-r2-tout-ce-que-nous-savons-sur-le-nouveau-modele-electrique-en-preparation\/#article","isPartOf":{"@id":"https:\/\/www.carideal.com\/blog\/2024\/03\/30\/rivian-r2-tout-ce-que-nous-savons-sur-le-nouveau-modele-electrique-en-preparation\/"},"author":{"name":"Nicolas SCHIAVON","@id":"https:\/\/www.carideal.com\/blog\/#\/schema\/person\/cd95dc7919660de90d31b366f85be1ec"},"headline":"Rivian R2 &#8211; tout ce que nous savons sur le nouveau mod\u00e8le \u00e9lectrique en pr\u00e9paration","datePublished":"2024-03-30T17:51:00+00:00","dateModified":"2024-03-30T17:51:33+00:00","mainEntityOfPage":{"@id":"https:\/\/www.carideal.com\/blog\/2024\/03\/30\/rivian-r2-tout-ce-que-nous-savons-sur-le-nouveau-modele-electrique-en-preparation\/"},"wordCount":633,"commentCount":0,"publisher":{"@id":"https:\/\/www.carideal.com\/blog\/#organization"},"image":{"@id":"https:\/\/www.carideal.com\/blog\/2024\/03\/30\/rivian-r2-tout-ce-que-nous-savons-sur-le-nouveau-modele-electrique-en-preparation\/#primaryimage"},"thumbnailUrl":"https:\/\/www.carideal.com\/blog\/wp-content\/uploads\/2024\/03\/rivian-R2-suv-electrique.webp","keywords":["SUV \u00e9lectrique"],"articleSection":["Voiture \u00e9lectrique"],"inLanguage":"fr-FR","potentialAction":[{"@type":"CommentAction","name":"Comment","target":["https:\/\/www.carideal.com\/blog\/2024\/03\/30\/rivian-r2-tout-ce-que-nous-savons-sur-le-nouveau-modele-electrique-en-preparation\/#respond"]}]},{"@type":"WebPage","@id":"https:\/\/www.carideal.com\/blog\/2024\/03\/30\/rivian-r2-tout-ce-que-nous-savons-sur-le-nouveau-modele-electrique-en-preparation\/","url":"https:\/\/www.carideal.com\/blog\/2024\/03\/30\/rivian-r2-tout-ce-que-nous-savons-sur-le-nouveau-modele-electrique-en-preparation\/","name":"Rivian R2 - tout ce que nous savons sur le nouveau mod\u00e8le \u00e9lectrique en pr\u00e9paration - Blog auto Carid\u00e9al","isPartOf":{"@id":"https:\/\/www.carideal.com\/blog\/#website"},"primaryImageOfPage":{"@id":"https:\/\/www.carideal.com\/blog\/2024\/03\/30\/rivian-r2-tout-ce-que-nous-savons-sur-le-nouveau-modele-electrique-en-preparation\/#primaryimage"},"image":{"@id":"https:\/\/www.carideal.com\/blog\/2024\/03\/30\/rivian-r2-tout-ce-que-nous-savons-sur-le-nouveau-modele-electrique-en-preparation\/#primaryimage"},"thumbnailUrl":"https:\/\/www.carideal.com\/blog\/wp-content\/uploads\/2024\/03\/rivian-R2-suv-electrique.webp","datePublished":"2024-03-30T17:51:00+00:00","dateModified":"2024-03-30T17:51:33+00:00","description":"En 2027, le march\u00e9 europ\u00e9en accueillera le Rivian R2, un nouveau venu dans l'univers des SUV \u00e9lectriques de taille moyenne.","breadcrumb":{"@id":"https:\/\/www.carideal.com\/blog\/2024\/03\/30\/rivian-r2-tout-ce-que-nous-savons-sur-le-nouveau-modele-electrique-en-preparation\/#breadcrumb"},"inLanguage":"fr-FR","potentialAction":[{"@type":"ReadAction","target":["https:\/\/www.carideal.com\/blog\/2024\/03\/30\/rivian-r2-tout-ce-que-nous-savons-sur-le-nouveau-modele-electrique-en-preparation\/"]}]},{"@type":"ImageObject","inLanguage":"fr-FR","@id":"https:\/\/www.carideal.com\/blog\/2024\/03\/30\/rivian-r2-tout-ce-que-nous-savons-sur-le-nouveau-modele-electrique-en-preparation\/#primaryimage","url":"https:\/\/www.carideal.com\/blog\/wp-content\/uploads\/2024\/03\/rivian-R2-suv-electrique.webp","contentUrl":"https:\/\/www.carideal.com\/blog\/wp-content\/uploads\/2024\/03\/rivian-R2-suv-electrique.webp","width":1500,"height":1000,"caption":"Rivian R2 SUV \u00e9lectrique"},{"@type":"BreadcrumbList","@id":"https:\/\/www.carideal.com\/blog\/2024\/03\/30\/rivian-r2-tout-ce-que-nous-savons-sur-le-nouveau-modele-electrique-en-preparation\/#breadcrumb","itemListElement":[{"@type":"ListItem","position":1,"name":"Blog Carid\u00e9al","item":"https:\/\/www.carideal.com\/blog\/"},{"@type":"ListItem","position":2,"name":"Technologie Automobile","item":"https:\/\/www.carideal.com\/blog\/technologie-2\/"},{"@type":"ListItem","position":3,"name":"Voiture \u00e9lectrique","item":"https:\/\/www.carideal.com\/blog\/technologie-2\/electrique-technologie-2\/"},{"@type":"ListItem","position":4,"name":"Rivian R2 &#8211; tout ce que nous savons sur le nouveau mod\u00e8le \u00e9lectrique en pr\u00e9paration"}]},{"@type":"WebSite","@id":"https:\/\/www.carideal.com\/blog\/#website","url":"https:\/\/www.carideal.com\/blog\/","name":"Blog auto Carid\u00e9al","description":"Actualit\u00e9 auto par des passionn\u00e9s","publisher":{"@id":"https:\/\/www.carideal.com\/blog\/#organization"},"potentialAction":[{"@type":"SearchAction","target":{"@type":"EntryPoint","urlTemplate":"https:\/\/www.carideal.com\/blog\/?s={search_term_string}"},"query-input":{"@type":"PropertyValueSpecification","valueRequired":true,"valueName":"search_term_string"}}],"inLanguage":"fr-FR"},{"@type":"Organization","@id":"https:\/\/www.carideal.com\/blog\/#organization","name":"Carideal","url":"https:\/\/www.carideal.com\/blog\/","logo":{"@type":"ImageObject","inLanguage":"fr-FR","@id":"https:\/\/www.carideal.com\/blog\/#\/schema\/logo\/image\/","url":"http:\/\/www.carideal.com\/blog\/wp-content\/uploads\/2016\/03\/logo-carideal-mandataire-automobile.png","contentUrl":"http:\/\/www.carideal.com\/blog\/wp-content\/uploads\/2016\/03\/logo-carideal-mandataire-automobile.png","width":300,"height":300,"caption":"Carideal"},"image":{"@id":"https:\/\/www.carideal.com\/blog\/#\/schema\/logo\/image\/"},"sameAs":["https:\/\/www.facebook.com\/Carideal.mandataire.automobile","https:\/\/x.com\/caridealauto","https:\/\/www.instagram.com\/carideal1\/","https:\/\/www.linkedin.com\/company\/carideal.com","https:\/\/fr.pinterest.com\/schiavonsas\/","https:\/\/www.youtube.com\/user\/caridealsas"]},{"@type":"Person","@id":"https:\/\/www.carideal.com\/blog\/#\/schema\/person\/cd95dc7919660de90d31b366f85be1ec","name":"Nicolas SCHIAVON","image":{"@type":"ImageObject","inLanguage":"fr-FR","@id":"https:\/\/www.carideal.com\/blog\/#\/schema\/person\/image\/","url":"https:\/\/secure.gravatar.com\/avatar\/c17e55009e671d92cc7f5dc837dc418a?s=96&r=g","contentUrl":"https:\/\/secure.gravatar.com\/avatar\/c17e55009e671d92cc7f5dc837dc418a?s=96&r=g","caption":"Nicolas SCHIAVON"},"description":"Nicolas Schiavon est tomb\u00e9 tout petit dans la marmite automobile. Ayant eu un garage de marque automobile, mandataire automobile de la premi\u00e8re heure d\u00e8s 1999. Nicolas a cr\u00e9\u00e9 ces premiers sites de vente de voiture et blog automobile d\u00e8s 1994. Carideal est n\u00e9 le 15 d\u00e9cembre 2000 de la volont\u00e9 de vendre des voitures d'occasions en ligne puis des voitures neuves. Il a pu essayer beaucoup de voitures tr\u00e8s diff\u00e9rentes et ayant eu personnellement quelques belles autos, Subaru Impreza, Mitsubishi Lancer Evo 7, Porsche 911, Ferrari Testarrossa, Audi RS3, RS4 et j'en passe...","sameAs":["http:\/\/www.carideal.com","https:\/\/www.facebook.com\/nicolas.schiavon.39","https:\/\/www.instagram.com\/carideal1\/","https:\/\/www.linkedin.com\/in\/nschiavon\/","https:\/\/x.com\/caridealauto","https:\/\/www.youtube.com\/user\/caridealsas\/"],"url":"https:\/\/www.carideal.com\/blog\/author\/nschiavon\/"}]}},"uagb_featured_image_src":{"full":["https:\/\/www.carideal.com\/blog\/wp-content\/uploads\/2024\/03\/rivian-R2-suv-electrique.webp",1500,1000,false],"thumbnail":["https:\/\/www.carideal.com\/blog\/wp-content\/uploads\/2024\/03\/rivian-R2-suv-electrique-150x150.webp",150,150,true],"medium":["https:\/\/www.carideal.com\/blog\/wp-content\/uploads\/2024\/03\/rivian-R2-suv-electrique-300x200.webp",300,200,true],"medium_large":["https:\/\/www.carideal.com\/blog\/wp-content\/uploads\/2024\/03\/rivian-R2-suv-electrique-768x512.webp",768,512,true],"large":["https:\/\/www.carideal.com\/blog\/wp-content\/uploads\/2024\/03\/rivian-R2-suv-electrique-1024x683.webp",1024,683,true],"1536x1536":["https:\/\/www.carideal.com\/blog\/wp-content\/uploads\/2024\/03\/rivian-R2-suv-electrique.webp",1500,1000,false],"2048x2048":["https:\/\/www.carideal.com\/blog\/wp-content\/uploads\/2024\/03\/rivian-R2-suv-electrique.webp",1500,1000,false],"wppr-widget":["https:\/\/www.carideal.com\/blog\/wp-content\/uploads\/2024\/03\/rivian-R2-suv-electrique-50x33.webp",50,33,true]},"uagb_author_info":{"display_name":"Nicolas SCHIAVON","author_link":"https:\/\/www.carideal.com\/blog\/author\/nschiavon\/"},"uagb_comment_info":30,"uagb_excerpt":"Le Nouveau SUV \u00c9lectrique Rivian R2 : Un Challenger Redoutable pour le Tesla Model Y Introduction au Rivian R2 En 2027, le march\u00e9 europ\u00e9en accueillera le Rivian R2, un nouveau venu dans l'univers des SUV \u00e9lectriques de taille moyenne. Con\u00e7u sur une plateforme enti\u00e8rement nouvelle, le R2 se distingue par son design futuriste et \u00e9pur\u00e9,\u2026","_links":{"self":[{"href":"https:\/\/www.carideal.com\/blog\/wp-json\/wp\/v2\/posts\/27853"}],"collection":[{"href":"https:\/\/www.carideal.com\/blog\/wp-json\/wp\/v2\/posts"}],"about":[{"href":"https:\/\/www.carideal.com\/blog\/wp-json\/wp\/v2\/types\/post"}],"author":[{"embeddable":true,"href":"https:\/\/www.carideal.com\/blog\/wp-json\/wp\/v2\/users\/3"}],"replies":[{"embeddable":true,"href":"https:\/\/www.carideal.com\/blog\/wp-json\/wp\/v2\/comments?post=27853"}],"version-history":[{"count":0,"href":"https:\/\/www.carideal.com\/blog\/wp-json\/wp\/v2\/posts\/27853\/revisions"}],"wp:featuredmedia":[{"embeddable":true,"href":"https:\/\/www.carideal.com\/blog\/wp-json\/wp\/v2\/media\/27869"}],"wp:attachment":[{"href":"https:\/\/www.carideal.com\/blog\/wp-json\/wp\/v2\/media?parent=27853"}],"wp:term":[{"taxonomy":"category","embeddable":true,"href":"https:\/\/www.carideal.com\/blog\/wp-json\/wp\/v2\/categories?post=27853"},{"taxonomy":"post_tag","embeddable":true,"href":"https:\/\/www.carideal.com\/blog\/wp-json\/wp\/v2\/tags?post=27853"}],"curies":[{"name":"wp","href":"https:\/\/api.w.org\/{rel}","templated":true}]}}