{"id":27849,"date":"2024-04-02T10:57:26","date_gmt":"2024-04-02T08:57:26","guid":{"rendered":"https:\/\/www.carideal.com\/blog\/?p=27849"},"modified":"2025-03-26T10:24:15","modified_gmt":"2025-03-26T09:24:15","slug":"nouvelle-volkswagen-passat-phev-2024","status":"publish","type":"post","link":"https:\/\/www.carideal.com\/blog\/2024\/04\/02\/nouvelle-volkswagen-passat-phev-2024\/","title":{"rendered":"Nouvelle Volkswagen Passat PHEV 2024 : l&#039;estate la plus polyvalente jamais produite par VW"},"content":{"rendered":"\n<h2 class=\"wp-block-heading\" id=\"h-la-nouvelle-volkswagen-passat-phev-2024-un-break-polyvalent-revolutionnaire\">La Nouvelle Volkswagen Passat PHEV 2024 : Un Break Polyvalent R\u00e9volutionnaire<\/h2>\n\n\n\n<p>Dans la lign\u00e9e de la sortie de la <a href=\"https:\/\/www.carideal.com\/blog\/2024\/04\/07\/nouvelle-volkswagen-passat-2024-une-confiance-sage-en-skoda\/\">Passat 2024<\/a>, nous sommes fiers de pr\u00e9senter la <strong>nouvelle Volkswagen Passat PHEV 2024<\/strong>, un v\u00e9hicule qui red\u00e9finit la polyvalence et l'efficacit\u00e9 dans le segment des breaks. Cette <a href=\"https:\/\/www.carideal.com\/blog\/2018\/12\/05\/voiture-hybride-rechargeable-peut-elle-amusante\/\">voiture hybride rechargeable<\/a> est un chef-d'\u0153uvre d'ing\u00e9nierie, combinant une performance impressionnante, une autonomie remarquable et un design raffin\u00e9.<\/p>\n\n\n\n<h3 class=\"wp-block-heading\" id=\"h-performance-et-technologie\">Performance et Technologie<\/h3>\n\n\n\n<h4 class=\"wp-block-heading\" id=\"h-moteur-innovant\">Moteur Innovant<\/h4>\n\n\n\n<p>La Passat PHEV 2024 est \u00e9quip\u00e9e d'un moteur \u00e0 essence 1.5 litres quatre cylindres, rempla\u00e7ant l'ancien mod\u00e8le 1.4 litres. Ce moteur, associ\u00e9 \u00e0 une batterie de 19.7 kWh, offre une puissance de 201 chevaux et un couple de 350 Nm. Une variante plus puissante est \u00e9galement disponible, offrant 268 chevaux et un couple de 400 Nm, permettant une acc\u00e9l\u00e9ration de 0 \u00e0 100 km\/h en seulement 7.4 secondes.<\/p>\n\n\n\n<h4 class=\"wp-block-heading\" id=\"h-autonomie-et-recharge\">Autonomie et Recharge<\/h4>\n\n\n\n<p>En mode \u00e9lectrique, la Passat PHEV peut produire 114 chevaux avec une autonomie impressionnante d'environ 100 km sur une seule charge. Sa capacit\u00e9 de recharge rapide jusqu'\u00e0 50kW permet de recharger de 10 \u00e0 80% en seulement 25 minutes.<\/p>\n\n\n\n<h4 class=\"wp-block-heading\" id=\"h-controle-et-confort\">Contr\u00f4le et Confort<\/h4>\n\n\n\n<p>Le nouveau syst\u00e8me DDC (Dynamic Chassis Control) ajuste la rigidit\u00e9 des amortisseurs sur 15 niveaux, offrant un \u00e9quilibre parfait entre confort et r\u00e9activit\u00e9. Avec un poids de 1,808 kg, la Passat PHEV offre une maniabilit\u00e9 \u00e9tonnante malgr\u00e9 sa taille et sa batterie plus grande.<\/p>\n\n\n\n<h3 class=\"wp-block-heading\" id=\"h-design-et-interieur\">Design et Int\u00e9rieur<\/h3>\n\n\n\n<h4 class=\"wp-block-heading\" id=\"h-un-design-elegant\">Un Design \u00c9l\u00e9gant<\/h4>\n\n\n\n<p>La Passat PHEV 2024 se distingue par son design \u00e9l\u00e9gant et moderne. L'int\u00e9rieur combine simplicit\u00e9 et qualit\u00e9, caract\u00e9ristique de <a href=\"https:\/\/www.carideal.com\/blog\/marque-de-voiture-actualites-essais\/volkswagen\/\">Volkswagen<\/a>, avec des touches de sophistication telles que des poign\u00e9es de porte raffin\u00e9es, des bouches d'a\u00e9ration \u00e9l\u00e9gantes et des boutons physiques en remplacement de panneaux tactiles.<\/p>\n\n\n\n<h4 class=\"wp-block-heading\" id=\"h-espace-et-praticite\">Espace et Praticit\u00e9<\/h4>\n\n\n\n<p>Bien que le mod\u00e8le hybride voie son espace de coffre r\u00e9duit \u00e0 510 litres par rapport au mod\u00e8le hybride l\u00e9ger (690 litres), il offre tout de m\u00eame 27 litres de plus que l'ancien Passat GTE estate, prouvant son efficacit\u00e9 en termes d'espace et de fonctionnalit\u00e9.<\/p>\n\n\n\n<h3 class=\"wp-block-heading\" id=\"h-comparaison-avec-les-concurrents\">Comparaison avec les Concurrents<\/h3>\n\n\n\n<p>La nouvelle Passat PHEV 2024 se d\u00e9marque nettement de ses concurrents, comme la <a href=\"https:\/\/www.carideal.com\/blog\/2024\/12\/22\/essai-bmw-330e-2024-la-meilleure-voiture-hybride\/\">BMW 330e<\/a> Touring et la Mercedes C 300 e Estate, gr\u00e2ce \u00e0 son autonomie sup\u00e9rieure et \u00e0 ses performances am\u00e9lior\u00e9es. Son d\u00e9veloppement en partenariat avec Skoda assure une qualit\u00e9 et une fiabilit\u00e9 in\u00e9gal\u00e9es.<\/p>\n\n\n\n<ul class=\"wp-block-list\">\n<li><a href=\"https:\/\/www.carideal.com\/blog\/2025\/03\/08\/volkswagen-id-every1-2025-la-nouvelle-citadine-electrique-prete-a-detroner-la-twingo\/\">Volkswagen ID.Every1 2025 : la nouvelle citadine \u00e9lectrique pr\u00eate \u00e0 d\u00e9tr\u00f4ner la Twingo<\/a><\/li>\n<\/ul>\n\n\n\n<h3 class=\"wp-block-heading\" id=\"h-prix-et-disponibilite\">Prix et Disponibilit\u00e9<\/h3>\n\n\n\n<p>Le prix estim\u00e9 de la Volkswagen Passat plug-in hybrid est d'environ 55 000\u20ac. Ce v\u00e9hicule r\u00e9volutionnaire sera disponible \u00e0 la vente au troisi\u00e8me trimestre de 2024, repr\u00e9sentant un investissement excellent pour ceux qui cherchent \u00e0 combiner luxe, performance et durabilit\u00e9 environnementale.<\/p>\n\n\n\n<figure class=\"wp-block-embed is-type-video is-provider-youtube wp-block-embed-youtube wp-embed-aspect-16-9 wp-has-aspect-ratio\"><div class=\"wp-block-embed__wrapper\">\n<iframe loading=\"lazy\" title=\"Volkswagen Passat SW (2024). D\u00e9couverte du break, et adieu berline !\" width=\"1200\" height=\"675\" src=\"https:\/\/www.youtube.com\/embed\/v7q8buO03XY?feature=oembed\" frameborder=\"0\" allow=\"accelerometer; autoplay; clipboard-write; encrypted-media; gyroscope; picture-in-picture; web-share\" referrerpolicy=\"strict-origin-when-cross-origin\" allowfullscreen><\/iframe>\n<\/div><\/figure>\n\n\n\n<h3 class=\"wp-block-heading\" id=\"h-conclusion\">Conclusion<\/h3>\n\n\n\n<p>La Volkswagen Passat PHEV 2024 s'impose comme le break le plus polyvalent et le plus avanc\u00e9 technologiquement de Volkswagen \u00e0 ce jour. Avec ses innovations en mati\u00e8re de performance, d'autonomie et de design, elle est destin\u00e9e \u00e0 devenir un leader sur le march\u00e9 des v\u00e9hicules hybrides rechargeables.<\/p>\n\n\n\n<div class=\"wp-block-wp-mermaid-block mermaid\">\n\n\n\ngraph LR\nA[Passat PHEV 2024] --> B[Moteur 1.5L]\nA --> C[Batterie 19.7kWh]\nA --> D[Autonomie 100 km]\nA --> E[Recharge Rapide]\nB --> F[201-268 chevaux]\nC --> G[114 chevaux en mode \u00e9lectrique]\nD --> H[25 min recharge 10-80%]\nE --> I[Dynamic Chassis Control]\n\n\n\n\n<\/div>\n\n\n\n<p>Ce diagramme illustre les composants cl\u00e9s et les caract\u00e9ristiques de la nouvelle Volkswagen Passat PHEV 2024, mettant en lumi\u00e8re son ing\u00e9nierie avanc\u00e9e et ses capacit\u00e9s exceptionnelles.<\/p>\n","protected":false},"excerpt":{"rendered":"<p>La Nouvelle Volkswagen Passat PHEV 2024 : Un Break Polyvalent R\u00e9volutionnaire Dans la lign\u00e9e de la sortie de la Passat 2024, nous sommes fiers de pr\u00e9senter la nouvelle Volkswagen Passat PHEV 2024, un v\u00e9hicule qui red\u00e9finit la polyvalence et l&rsquo;efficacit\u00e9 dans le segment des breaks. Cette voiture hybride rechargeable est un chef-d&rsquo;\u0153uvre d&rsquo;ing\u00e9nierie, combinant une &#8230; <a title=\"Nouvelle Volkswagen Passat PHEV 2024 : l&#039;estate la plus polyvalente jamais produite par VW\" class=\"read-more\" href=\"https:\/\/www.carideal.com\/blog\/2024\/04\/02\/nouvelle-volkswagen-passat-phev-2024\/\" aria-label=\"En savoir plus sur Nouvelle Volkswagen Passat PHEV 2024 : l&#039;estate la plus polyvalente jamais produite par VW\">Lire plus<\/a><\/p>\n","protected":false},"author":3,"featured_media":27875,"comment_status":"open","ping_status":"open","sticky":false,"template":"","format":"standard","meta":{"_uag_custom_page_level_css":"","_themeisle_gutenberg_block_has_review":false,"footnotes":""},"categories":[5985,6089],"tags":[1050],"class_list":["post-27849","post","type-post","status-publish","format-standard","has-post-thumbnail","hentry","category-volkswagen","category-hybride","tag-plug-in-hybrid"],"wppr_data":{"cwp_meta_box_check":"No"},"yoast_head":"<!-- This site is optimized with the Yoast SEO plugin v24.8.1 - https:\/\/yoast.com\/wordpress\/plugins\/seo\/ -->\n<title>Nouvelle Volkswagen Passat PHEV 2024 : l&#039;estate la plus polyvalente jamais produite par VW - Blog auto Carid\u00e9al<\/title>\n<meta name=\"description\" content=\"Nous sommes fiers de pr\u00e9senter la nouvelle Volkswagen Passat PHEV 2024, un v\u00e9hicule qui red\u00e9finit la polyvalence et l&#039;efficacit\u00e9 dans le segment des breaks.\" \/>\n<meta name=\"robots\" content=\"index, follow, max-snippet:-1, max-image-preview:large, max-video-preview:-1\" \/>\n<link rel=\"canonical\" href=\"https:\/\/www.carideal.com\/blog\/2024\/04\/02\/nouvelle-volkswagen-passat-phev-2024\/\" \/>\n<meta property=\"og:locale\" content=\"fr_FR\" \/>\n<meta property=\"og:type\" content=\"article\" \/>\n<meta property=\"og:title\" content=\"Nouvelle Volkswagen Passat PHEV 2024 : l&#039;estate la plus polyvalente jamais produite par VW - Blog auto Carid\u00e9al\" \/>\n<meta property=\"og:description\" content=\"Nous sommes fiers de pr\u00e9senter la nouvelle Volkswagen Passat PHEV 2024, un v\u00e9hicule qui red\u00e9finit la polyvalence et l&#039;efficacit\u00e9 dans le segment des breaks.\" \/>\n<meta property=\"og:url\" content=\"https:\/\/www.carideal.com\/blog\/2024\/04\/02\/nouvelle-volkswagen-passat-phev-2024\/\" \/>\n<meta property=\"og:site_name\" content=\"Blog auto Carid\u00e9al\" \/>\n<meta property=\"article:publisher\" content=\"https:\/\/www.facebook.com\/Carideal.mandataire.automobile\" \/>\n<meta property=\"article:author\" content=\"https:\/\/www.facebook.com\/nicolas.schiavon.39\" \/>\n<meta property=\"article:published_time\" content=\"2024-04-02T08:57:26+00:00\" \/>\n<meta property=\"article:modified_time\" content=\"2025-03-26T09:24:15+00:00\" \/>\n<meta property=\"og:image\" content=\"https:\/\/www.carideal.com\/blog\/wp-content\/uploads\/2024\/03\/passat-phev-2024.jpg\" \/>\n\t<meta property=\"og:image:width\" content=\"1500\" \/>\n\t<meta property=\"og:image:height\" content=\"955\" \/>\n\t<meta property=\"og:image:type\" content=\"image\/jpeg\" \/>\n<meta name=\"author\" content=\"Nicolas SCHIAVON\" \/>\n<meta name=\"twitter:card\" content=\"summary_large_image\" \/>\n<meta name=\"twitter:creator\" content=\"@caridealauto\" \/>\n<meta name=\"twitter:site\" content=\"@caridealauto\" \/>\n<meta name=\"twitter:label1\" content=\"\u00c9crit par\" \/>\n\t<meta name=\"twitter:data1\" content=\"Nicolas SCHIAVON\" \/>\n\t<meta name=\"twitter:label2\" content=\"Dur\u00e9e de lecture estim\u00e9e\" \/>\n\t<meta name=\"twitter:data2\" content=\"3 minutes\" \/>\n<script type=\"application\/ld+json\" class=\"yoast-schema-graph\">{\"@context\":\"https:\/\/schema.org\",\"@graph\":[{\"@type\":\"Article\",\"@id\":\"https:\/\/www.carideal.com\/blog\/2024\/04\/02\/nouvelle-volkswagen-passat-phev-2024\/#article\",\"isPartOf\":{\"@id\":\"https:\/\/www.carideal.com\/blog\/2024\/04\/02\/nouvelle-volkswagen-passat-phev-2024\/\"},\"author\":{\"name\":\"Nicolas SCHIAVON\",\"@id\":\"https:\/\/www.carideal.com\/blog\/#\/schema\/person\/cd95dc7919660de90d31b366f85be1ec\"},\"headline\":\"Nouvelle Volkswagen Passat PHEV 2024 : l&#039;estate la plus polyvalente jamais produite par VW\",\"datePublished\":\"2024-04-02T08:57:26+00:00\",\"dateModified\":\"2025-03-26T09:24:15+00:00\",\"mainEntityOfPage\":{\"@id\":\"https:\/\/www.carideal.com\/blog\/2024\/04\/02\/nouvelle-volkswagen-passat-phev-2024\/\"},\"wordCount\":585,\"commentCount\":0,\"publisher\":{\"@id\":\"https:\/\/www.carideal.com\/blog\/#organization\"},\"image\":{\"@id\":\"https:\/\/www.carideal.com\/blog\/2024\/04\/02\/nouvelle-volkswagen-passat-phev-2024\/#primaryimage\"},\"thumbnailUrl\":\"https:\/\/www.carideal.com\/blog\/wp-content\/uploads\/2024\/03\/passat-phev-2024.jpg\",\"keywords\":[\"Plug IN Hybrid\"],\"articleSection\":[\"Actualit\u00e9 Volkswagen\",\"Voiture Hybride\"],\"inLanguage\":\"fr-FR\",\"potentialAction\":[{\"@type\":\"CommentAction\",\"name\":\"Comment\",\"target\":[\"https:\/\/www.carideal.com\/blog\/2024\/04\/02\/nouvelle-volkswagen-passat-phev-2024\/#respond\"]}]},{\"@type\":\"WebPage\",\"@id\":\"https:\/\/www.carideal.com\/blog\/2024\/04\/02\/nouvelle-volkswagen-passat-phev-2024\/\",\"url\":\"https:\/\/www.carideal.com\/blog\/2024\/04\/02\/nouvelle-volkswagen-passat-phev-2024\/\",\"name\":\"Nouvelle Volkswagen Passat PHEV 2024 : l&#039;estate la plus polyvalente jamais produite par VW - Blog auto Carid\u00e9al\",\"isPartOf\":{\"@id\":\"https:\/\/www.carideal.com\/blog\/#website\"},\"primaryImageOfPage\":{\"@id\":\"https:\/\/www.carideal.com\/blog\/2024\/04\/02\/nouvelle-volkswagen-passat-phev-2024\/#primaryimage\"},\"image\":{\"@id\":\"https:\/\/www.carideal.com\/blog\/2024\/04\/02\/nouvelle-volkswagen-passat-phev-2024\/#primaryimage\"},\"thumbnailUrl\":\"https:\/\/www.carideal.com\/blog\/wp-content\/uploads\/2024\/03\/passat-phev-2024.jpg\",\"datePublished\":\"2024-04-02T08:57:26+00:00\",\"dateModified\":\"2025-03-26T09:24:15+00:00\",\"description\":\"Nous sommes fiers de pr\u00e9senter la nouvelle Volkswagen Passat PHEV 2024, un v\u00e9hicule qui red\u00e9finit la polyvalence et l'efficacit\u00e9 dans le segment des breaks.\",\"breadcrumb\":{\"@id\":\"https:\/\/www.carideal.com\/blog\/2024\/04\/02\/nouvelle-volkswagen-passat-phev-2024\/#breadcrumb\"},\"inLanguage\":\"fr-FR\",\"potentialAction\":[{\"@type\":\"ReadAction\",\"target\":[\"https:\/\/www.carideal.com\/blog\/2024\/04\/02\/nouvelle-volkswagen-passat-phev-2024\/\"]}]},{\"@type\":\"ImageObject\",\"inLanguage\":\"fr-FR\",\"@id\":\"https:\/\/www.carideal.com\/blog\/2024\/04\/02\/nouvelle-volkswagen-passat-phev-2024\/#primaryimage\",\"url\":\"https:\/\/www.carideal.com\/blog\/wp-content\/uploads\/2024\/03\/passat-phev-2024.jpg\",\"contentUrl\":\"https:\/\/www.carideal.com\/blog\/wp-content\/uploads\/2024\/03\/passat-phev-2024.jpg\",\"width\":1500,\"height\":955,\"caption\":\"Nouvelle Volkswagen Passat PHEV 2024\"},{\"@type\":\"BreadcrumbList\",\"@id\":\"https:\/\/www.carideal.com\/blog\/2024\/04\/02\/nouvelle-volkswagen-passat-phev-2024\/#breadcrumb\",\"itemListElement\":[{\"@type\":\"ListItem\",\"position\":1,\"name\":\"Blog Carid\u00e9al\",\"item\":\"https:\/\/www.carideal.com\/blog\/\"},{\"@type\":\"ListItem\",\"position\":2,\"name\":\"Actualit\u00e9 constructeur automobile\",\"item\":\"https:\/\/www.carideal.com\/blog\/constructeur\/\"},{\"@type\":\"ListItem\",\"position\":3,\"name\":\"Actualit\u00e9 Volkswagen\",\"item\":\"https:\/\/www.carideal.com\/blog\/constructeur\/volkswagen\/\"},{\"@type\":\"ListItem\",\"position\":4,\"name\":\"Nouvelle Volkswagen Passat PHEV 2024 : l&#039;estate la plus polyvalente jamais produite par VW\"}]},{\"@type\":\"WebSite\",\"@id\":\"https:\/\/www.carideal.com\/blog\/#website\",\"url\":\"https:\/\/www.carideal.com\/blog\/\",\"name\":\"Blog auto Carid\u00e9al\",\"description\":\"Actualit\u00e9 auto par des passionn\u00e9s\",\"publisher\":{\"@id\":\"https:\/\/www.carideal.com\/blog\/#organization\"},\"potentialAction\":[{\"@type\":\"SearchAction\",\"target\":{\"@type\":\"EntryPoint\",\"urlTemplate\":\"https:\/\/www.carideal.com\/blog\/?s={search_term_string}\"},\"query-input\":{\"@type\":\"PropertyValueSpecification\",\"valueRequired\":true,\"valueName\":\"search_term_string\"}}],\"inLanguage\":\"fr-FR\"},{\"@type\":\"Organization\",\"@id\":\"https:\/\/www.carideal.com\/blog\/#organization\",\"name\":\"Carideal\",\"url\":\"https:\/\/www.carideal.com\/blog\/\",\"logo\":{\"@type\":\"ImageObject\",\"inLanguage\":\"fr-FR\",\"@id\":\"https:\/\/www.carideal.com\/blog\/#\/schema\/logo\/image\/\",\"url\":\"http:\/\/www.carideal.com\/blog\/wp-content\/uploads\/2016\/03\/logo-carideal-mandataire-automobile.png\",\"contentUrl\":\"http:\/\/www.carideal.com\/blog\/wp-content\/uploads\/2016\/03\/logo-carideal-mandataire-automobile.png\",\"width\":300,\"height\":300,\"caption\":\"Carideal\"},\"image\":{\"@id\":\"https:\/\/www.carideal.com\/blog\/#\/schema\/logo\/image\/\"},\"sameAs\":[\"https:\/\/www.facebook.com\/Carideal.mandataire.automobile\",\"https:\/\/x.com\/caridealauto\",\"https:\/\/www.instagram.com\/carideal1\/\",\"https:\/\/www.linkedin.com\/company\/carideal.com\",\"https:\/\/fr.pinterest.com\/schiavonsas\/\",\"https:\/\/www.youtube.com\/user\/caridealsas\"]},{\"@type\":\"Person\",\"@id\":\"https:\/\/www.carideal.com\/blog\/#\/schema\/person\/cd95dc7919660de90d31b366f85be1ec\",\"name\":\"Nicolas SCHIAVON\",\"image\":{\"@type\":\"ImageObject\",\"inLanguage\":\"fr-FR\",\"@id\":\"https:\/\/www.carideal.com\/blog\/#\/schema\/person\/image\/\",\"url\":\"https:\/\/secure.gravatar.com\/avatar\/c17e55009e671d92cc7f5dc837dc418a?s=96&r=g\",\"contentUrl\":\"https:\/\/secure.gravatar.com\/avatar\/c17e55009e671d92cc7f5dc837dc418a?s=96&r=g\",\"caption\":\"Nicolas SCHIAVON\"},\"description\":\"Nicolas Schiavon est tomb\u00e9 tout petit dans la marmite automobile. Ayant eu un garage de marque automobile, mandataire automobile de la premi\u00e8re heure d\u00e8s 1999. Nicolas a cr\u00e9\u00e9 ces premiers sites de vente de voiture et blog automobile d\u00e8s 1994. Carideal est n\u00e9 le 15 d\u00e9cembre 2000 de la volont\u00e9 de vendre des voitures d'occasions en ligne puis des voitures neuves. Il a pu essayer beaucoup de voitures tr\u00e8s diff\u00e9rentes et ayant eu personnellement quelques belles autos, Subaru Impreza, Mitsubishi Lancer Evo 7, Porsche 911, Ferrari Testarrossa, Audi RS3, RS4 et j'en passe...\",\"sameAs\":[\"http:\/\/www.carideal.com\",\"https:\/\/www.facebook.com\/nicolas.schiavon.39\",\"https:\/\/www.instagram.com\/carideal1\/\",\"https:\/\/www.linkedin.com\/in\/nschiavon\/\",\"https:\/\/x.com\/caridealauto\",\"https:\/\/www.youtube.com\/user\/caridealsas\/\"],\"url\":\"https:\/\/www.carideal.com\/blog\/author\/nschiavon\/\"}]}<\/script>\n<!-- \/ Yoast SEO plugin. -->","yoast_head_json":{"title":"Nouvelle Volkswagen Passat PHEV 2024 : l&#039;estate la plus polyvalente jamais produite par VW - Blog auto Carid\u00e9al","description":"Nous sommes fiers de pr\u00e9senter la nouvelle Volkswagen Passat PHEV 2024, un v\u00e9hicule qui red\u00e9finit la polyvalence et l'efficacit\u00e9 dans le segment des breaks.","robots":{"index":"index","follow":"follow","max-snippet":"max-snippet:-1","max-image-preview":"max-image-preview:large","max-video-preview":"max-video-preview:-1"},"canonical":"https:\/\/www.carideal.com\/blog\/2024\/04\/02\/nouvelle-volkswagen-passat-phev-2024\/","og_locale":"fr_FR","og_type":"article","og_title":"Nouvelle Volkswagen Passat PHEV 2024 : l&#039;estate la plus polyvalente jamais produite par VW - Blog auto Carid\u00e9al","og_description":"Nous sommes fiers de pr\u00e9senter la nouvelle Volkswagen Passat PHEV 2024, un v\u00e9hicule qui red\u00e9finit la polyvalence et l'efficacit\u00e9 dans le segment des breaks.","og_url":"https:\/\/www.carideal.com\/blog\/2024\/04\/02\/nouvelle-volkswagen-passat-phev-2024\/","og_site_name":"Blog auto Carid\u00e9al","article_publisher":"https:\/\/www.facebook.com\/Carideal.mandataire.automobile","article_author":"https:\/\/www.facebook.com\/nicolas.schiavon.39","article_published_time":"2024-04-02T08:57:26+00:00","article_modified_time":"2025-03-26T09:24:15+00:00","og_image":[{"width":1500,"height":955,"url":"https:\/\/www.carideal.com\/blog\/wp-content\/uploads\/2024\/03\/passat-phev-2024.jpg","type":"image\/jpeg"}],"author":"Nicolas SCHIAVON","twitter_card":"summary_large_image","twitter_creator":"@caridealauto","twitter_site":"@caridealauto","twitter_misc":{"\u00c9crit par":"Nicolas SCHIAVON","Dur\u00e9e de lecture estim\u00e9e":"3 minutes"},"schema":{"@context":"https:\/\/schema.org","@graph":[{"@type":"Article","@id":"https:\/\/www.carideal.com\/blog\/2024\/04\/02\/nouvelle-volkswagen-passat-phev-2024\/#article","isPartOf":{"@id":"https:\/\/www.carideal.com\/blog\/2024\/04\/02\/nouvelle-volkswagen-passat-phev-2024\/"},"author":{"name":"Nicolas SCHIAVON","@id":"https:\/\/www.carideal.com\/blog\/#\/schema\/person\/cd95dc7919660de90d31b366f85be1ec"},"headline":"Nouvelle Volkswagen Passat PHEV 2024 : l&#039;estate la plus polyvalente jamais produite par VW","datePublished":"2024-04-02T08:57:26+00:00","dateModified":"2025-03-26T09:24:15+00:00","mainEntityOfPage":{"@id":"https:\/\/www.carideal.com\/blog\/2024\/04\/02\/nouvelle-volkswagen-passat-phev-2024\/"},"wordCount":585,"commentCount":0,"publisher":{"@id":"https:\/\/www.carideal.com\/blog\/#organization"},"image":{"@id":"https:\/\/www.carideal.com\/blog\/2024\/04\/02\/nouvelle-volkswagen-passat-phev-2024\/#primaryimage"},"thumbnailUrl":"https:\/\/www.carideal.com\/blog\/wp-content\/uploads\/2024\/03\/passat-phev-2024.jpg","keywords":["Plug IN Hybrid"],"articleSection":["Actualit\u00e9 Volkswagen","Voiture Hybride"],"inLanguage":"fr-FR","potentialAction":[{"@type":"CommentAction","name":"Comment","target":["https:\/\/www.carideal.com\/blog\/2024\/04\/02\/nouvelle-volkswagen-passat-phev-2024\/#respond"]}]},{"@type":"WebPage","@id":"https:\/\/www.carideal.com\/blog\/2024\/04\/02\/nouvelle-volkswagen-passat-phev-2024\/","url":"https:\/\/www.carideal.com\/blog\/2024\/04\/02\/nouvelle-volkswagen-passat-phev-2024\/","name":"Nouvelle Volkswagen Passat PHEV 2024 : l&#039;estate la plus polyvalente jamais produite par VW - Blog auto Carid\u00e9al","isPartOf":{"@id":"https:\/\/www.carideal.com\/blog\/#website"},"primaryImageOfPage":{"@id":"https:\/\/www.carideal.com\/blog\/2024\/04\/02\/nouvelle-volkswagen-passat-phev-2024\/#primaryimage"},"image":{"@id":"https:\/\/www.carideal.com\/blog\/2024\/04\/02\/nouvelle-volkswagen-passat-phev-2024\/#primaryimage"},"thumbnailUrl":"https:\/\/www.carideal.com\/blog\/wp-content\/uploads\/2024\/03\/passat-phev-2024.jpg","datePublished":"2024-04-02T08:57:26+00:00","dateModified":"2025-03-26T09:24:15+00:00","description":"Nous sommes fiers de pr\u00e9senter la nouvelle Volkswagen Passat PHEV 2024, un v\u00e9hicule qui red\u00e9finit la polyvalence et l'efficacit\u00e9 dans le segment des breaks.","breadcrumb":{"@id":"https:\/\/www.carideal.com\/blog\/2024\/04\/02\/nouvelle-volkswagen-passat-phev-2024\/#breadcrumb"},"inLanguage":"fr-FR","potentialAction":[{"@type":"ReadAction","target":["https:\/\/www.carideal.com\/blog\/2024\/04\/02\/nouvelle-volkswagen-passat-phev-2024\/"]}]},{"@type":"ImageObject","inLanguage":"fr-FR","@id":"https:\/\/www.carideal.com\/blog\/2024\/04\/02\/nouvelle-volkswagen-passat-phev-2024\/#primaryimage","url":"https:\/\/www.carideal.com\/blog\/wp-content\/uploads\/2024\/03\/passat-phev-2024.jpg","contentUrl":"https:\/\/www.carideal.com\/blog\/wp-content\/uploads\/2024\/03\/passat-phev-2024.jpg","width":1500,"height":955,"caption":"Nouvelle Volkswagen Passat PHEV 2024"},{"@type":"BreadcrumbList","@id":"https:\/\/www.carideal.com\/blog\/2024\/04\/02\/nouvelle-volkswagen-passat-phev-2024\/#breadcrumb","itemListElement":[{"@type":"ListItem","position":1,"name":"Blog Carid\u00e9al","item":"https:\/\/www.carideal.com\/blog\/"},{"@type":"ListItem","position":2,"name":"Actualit\u00e9 constructeur automobile","item":"https:\/\/www.carideal.com\/blog\/constructeur\/"},{"@type":"ListItem","position":3,"name":"Actualit\u00e9 Volkswagen","item":"https:\/\/www.carideal.com\/blog\/constructeur\/volkswagen\/"},{"@type":"ListItem","position":4,"name":"Nouvelle Volkswagen Passat PHEV 2024 : l&#039;estate la plus polyvalente jamais produite par VW"}]},{"@type":"WebSite","@id":"https:\/\/www.carideal.com\/blog\/#website","url":"https:\/\/www.carideal.com\/blog\/","name":"Blog auto Carid\u00e9al","description":"Actualit\u00e9 auto par des passionn\u00e9s","publisher":{"@id":"https:\/\/www.carideal.com\/blog\/#organization"},"potentialAction":[{"@type":"SearchAction","target":{"@type":"EntryPoint","urlTemplate":"https:\/\/www.carideal.com\/blog\/?s={search_term_string}"},"query-input":{"@type":"PropertyValueSpecification","valueRequired":true,"valueName":"search_term_string"}}],"inLanguage":"fr-FR"},{"@type":"Organization","@id":"https:\/\/www.carideal.com\/blog\/#organization","name":"Carideal","url":"https:\/\/www.carideal.com\/blog\/","logo":{"@type":"ImageObject","inLanguage":"fr-FR","@id":"https:\/\/www.carideal.com\/blog\/#\/schema\/logo\/image\/","url":"http:\/\/www.carideal.com\/blog\/wp-content\/uploads\/2016\/03\/logo-carideal-mandataire-automobile.png","contentUrl":"http:\/\/www.carideal.com\/blog\/wp-content\/uploads\/2016\/03\/logo-carideal-mandataire-automobile.png","width":300,"height":300,"caption":"Carideal"},"image":{"@id":"https:\/\/www.carideal.com\/blog\/#\/schema\/logo\/image\/"},"sameAs":["https:\/\/www.facebook.com\/Carideal.mandataire.automobile","https:\/\/x.com\/caridealauto","https:\/\/www.instagram.com\/carideal1\/","https:\/\/www.linkedin.com\/company\/carideal.com","https:\/\/fr.pinterest.com\/schiavonsas\/","https:\/\/www.youtube.com\/user\/caridealsas"]},{"@type":"Person","@id":"https:\/\/www.carideal.com\/blog\/#\/schema\/person\/cd95dc7919660de90d31b366f85be1ec","name":"Nicolas SCHIAVON","image":{"@type":"ImageObject","inLanguage":"fr-FR","@id":"https:\/\/www.carideal.com\/blog\/#\/schema\/person\/image\/","url":"https:\/\/secure.gravatar.com\/avatar\/c17e55009e671d92cc7f5dc837dc418a?s=96&r=g","contentUrl":"https:\/\/secure.gravatar.com\/avatar\/c17e55009e671d92cc7f5dc837dc418a?s=96&r=g","caption":"Nicolas SCHIAVON"},"description":"Nicolas Schiavon est tomb\u00e9 tout petit dans la marmite automobile. Ayant eu un garage de marque automobile, mandataire automobile de la premi\u00e8re heure d\u00e8s 1999. Nicolas a cr\u00e9\u00e9 ces premiers sites de vente de voiture et blog automobile d\u00e8s 1994. Carideal est n\u00e9 le 15 d\u00e9cembre 2000 de la volont\u00e9 de vendre des voitures d'occasions en ligne puis des voitures neuves. Il a pu essayer beaucoup de voitures tr\u00e8s diff\u00e9rentes et ayant eu personnellement quelques belles autos, Subaru Impreza, Mitsubishi Lancer Evo 7, Porsche 911, Ferrari Testarrossa, Audi RS3, RS4 et j'en passe...","sameAs":["http:\/\/www.carideal.com","https:\/\/www.facebook.com\/nicolas.schiavon.39","https:\/\/www.instagram.com\/carideal1\/","https:\/\/www.linkedin.com\/in\/nschiavon\/","https:\/\/x.com\/caridealauto","https:\/\/www.youtube.com\/user\/caridealsas\/"],"url":"https:\/\/www.carideal.com\/blog\/author\/nschiavon\/"}]}},"uagb_featured_image_src":{"full":["https:\/\/www.carideal.com\/blog\/wp-content\/uploads\/2024\/03\/passat-phev-2024.jpg",1500,955,false],"thumbnail":["https:\/\/www.carideal.com\/blog\/wp-content\/uploads\/2024\/03\/passat-phev-2024-150x150.jpg",150,150,true],"medium":["https:\/\/www.carideal.com\/blog\/wp-content\/uploads\/2024\/03\/passat-phev-2024-300x191.jpg",300,191,true],"medium_large":["https:\/\/www.carideal.com\/blog\/wp-content\/uploads\/2024\/03\/passat-phev-2024-768x489.jpg",768,489,true],"large":["https:\/\/www.carideal.com\/blog\/wp-content\/uploads\/2024\/03\/passat-phev-2024-1024x652.jpg",1024,652,true],"1536x1536":["https:\/\/www.carideal.com\/blog\/wp-content\/uploads\/2024\/03\/passat-phev-2024.jpg",1500,955,false],"2048x2048":["https:\/\/www.carideal.com\/blog\/wp-content\/uploads\/2024\/03\/passat-phev-2024.jpg",1500,955,false],"wppr-widget":["https:\/\/www.carideal.com\/blog\/wp-content\/uploads\/2024\/03\/passat-phev-2024-50x32.jpg",50,32,true]},"uagb_author_info":{"display_name":"Nicolas SCHIAVON","author_link":"https:\/\/www.carideal.com\/blog\/author\/nschiavon\/"},"uagb_comment_info":20,"uagb_excerpt":"La Nouvelle Volkswagen Passat PHEV 2024 : Un Break Polyvalent R\u00e9volutionnaire Dans la lign\u00e9e de la sortie de la Passat 2024, nous sommes fiers de pr\u00e9senter la nouvelle Volkswagen Passat PHEV 2024, un v\u00e9hicule qui red\u00e9finit la polyvalence et l'efficacit\u00e9 dans le segment des breaks. Cette voiture hybride rechargeable est un chef-d'\u0153uvre d'ing\u00e9nierie, combinant une\u2026","_links":{"self":[{"href":"https:\/\/www.carideal.com\/blog\/wp-json\/wp\/v2\/posts\/27849"}],"collection":[{"href":"https:\/\/www.carideal.com\/blog\/wp-json\/wp\/v2\/posts"}],"about":[{"href":"https:\/\/www.carideal.com\/blog\/wp-json\/wp\/v2\/types\/post"}],"author":[{"embeddable":true,"href":"https:\/\/www.carideal.com\/blog\/wp-json\/wp\/v2\/users\/3"}],"replies":[{"embeddable":true,"href":"https:\/\/www.carideal.com\/blog\/wp-json\/wp\/v2\/comments?post=27849"}],"version-history":[{"count":2,"href":"https:\/\/www.carideal.com\/blog\/wp-json\/wp\/v2\/posts\/27849\/revisions"}],"predecessor-version":[{"id":28179,"href":"https:\/\/www.carideal.com\/blog\/wp-json\/wp\/v2\/posts\/27849\/revisions\/28179"}],"wp:featuredmedia":[{"embeddable":true,"href":"https:\/\/www.carideal.com\/blog\/wp-json\/wp\/v2\/media\/27875"}],"wp:attachment":[{"href":"https:\/\/www.carideal.com\/blog\/wp-json\/wp\/v2\/media?parent=27849"}],"wp:term":[{"taxonomy":"category","embeddable":true,"href":"https:\/\/www.carideal.com\/blog\/wp-json\/wp\/v2\/categories?post=27849"},{"taxonomy":"post_tag","embeddable":true,"href":"https:\/\/www.carideal.com\/blog\/wp-json\/wp\/v2\/tags?post=27849"}],"curies":[{"name":"wp","href":"https:\/\/api.w.org\/{rel}","templated":true}]}}