{"id":27841,"date":"2023-09-23T02:16:00","date_gmt":"2023-09-23T00:16:00","guid":{"rendered":"https:\/\/www.carideal.com\/blog\/?p=27841"},"modified":"2024-04-25T11:24:55","modified_gmt":"2024-04-25T09:24:55","slug":"nouvelle-fiat-600e-debarque-en-france-decouvrez-les-photos","status":"publish","type":"post","link":"https:\/\/www.carideal.com\/blog\/2023\/09\/23\/nouvelle-fiat-600e-debarque-en-france-decouvrez-les-photos\/","title":{"rendered":"Nouvelle Fiat 600e d\u00e9barque en France : d\u00e9couvrez les photos"},"content":{"rendered":"\n<h1 class=\"wp-block-heading\" id=\"h-fiat-600e-une-revolution-electrique-dans-le-segment-b\">Fiat 600e : Une R\u00e9volution \u00c9lectrique dans le Segment B<\/h1>\n\n\n\n<h2 class=\"wp-block-heading\" id=\"h-introduction-la-fiat-600e-s-impose-en-france\">Introduction : La Fiat 600e S'impose en France<\/h2>\n\n\n\n<p>En juillet 2023, <a href=\"https:\/\/www.carideal.com\/blog\/marque-de-voiture-actualites-essais\/fiat\/\">Fiat<\/a> a marqu\u00e9 le march\u00e9 automobile avec le <a href=\"https:\/\/www.carideal.com\/blog\/2023\/07\/06\/fiat-600e-le-crossover-electrique-retro-de-fiat-devoile-pour-concurrencer-les-leaders-du-marche\/\">lancement de la Fiat 600e<\/a>, une avanc\u00e9e significative pour l'entreprise dans le segment B. Fabriqu\u00e9e \u00e0 Tychy en Pologne, cette voiture n'est pas seulement un ajout \u00e0 la gamme Fiat ; elle est une d\u00e9claration d'intentions claires pour les march\u00e9s fran\u00e7ais, allemand et italien entre septembre et d\u00e9cembre 2023, avec des perspectives d'expansion europ\u00e9enne l'ann\u00e9e suivante.<\/p>\n\n\n\n<h2 class=\"wp-block-heading\" id=\"h-un-design-pense-pour-la-simplicite-et-l-efficiacite\">Un Design Pens\u00e9 pour la Simplicit\u00e9 et l'Efficiacit\u00e9<\/h2>\n\n\n\n<p>Le choix de Fiat pour la simplicit\u00e9 se manifeste clairement dans la conception de la <a href=\"https:\/\/www.carideal.com\/blog\/marque-de-voiture-actualites-essais\/fiat\/600-e\/\">600e<\/a>. Disponible en deux finitions, La Prima et Red, la voiture propose une <strong>batterie unique de 54 kWh<\/strong>, simplifiant ainsi le processus de s\u00e9lection pour le consommateur. Les prix sont fix\u00e9s <strong>\u00e0 40 900 euros<\/strong> pour la finition La Prima et \u00e0 35 900 euros pour la version Red, avec une option de couleur de carrosserie \u00e0 850 euros, sauf pour les deux teintes gratuites offertes au lancement.<\/p>\n\n\n\n<h3 class=\"wp-block-heading\" id=\"h-caracteristiques-techniques-de-la-fiat-600e\">Caract\u00e9ristiques Techniques de la Fiat 600e<\/h3>\n\n\n\n<p>La Fiat 600e, longue de 4m17, n'offre pas seulement un design attrayant, mais aussi des performances adapt\u00e9es \u00e0 une utilisation urbaine et p\u00e9riurbaine. Avec une autonomie \u00e9lectrique de base de 400 kilom\u00e8tres, qui peut atteindre <strong>jusqu'\u00e0 600 kilom\u00e8tres<\/strong> en milieu urbain, cette voiture est id\u00e9ale pour ceux qui cherchent \u00e0 r\u00e9duire leur empreinte carbone sans compromettre leur mobilit\u00e9. Le v\u00e9hicule est \u00e9galement \u00e9quip\u00e9 d'un syst\u00e8me de <strong>charge rapide de 100 kW<\/strong>, permettant de recharger la batterie de 20 \u00e0 80 % en seulement 27 minutes.<\/p>\n\n\n\n<h3 class=\"wp-block-heading\" id=\"h-confort-et-innovation-a-bord\">Confort et Innovation \u00e0 Bord<\/h3>\n\n\n<div class=\"wp-block-image\">\n<figure class=\"aligncenter size-full\"><a href=\"https:\/\/www.carideal.com\/blog\/wp-content\/uploads\/2024\/04\/interieur-fiat-600e-planche-de-bord.webp\"><img loading=\"lazy\" decoding=\"async\" width=\"840\" height=\"394\" src=\"https:\/\/www.carideal.com\/blog\/wp-content\/uploads\/2024\/04\/interieur-fiat-600e-planche-de-bord.webp\" alt=\"Int\u00e9rieur nouvelle Fiat 600e planche de Bord\" class=\"wp-image-27942\" srcset=\"https:\/\/www.carideal.com\/blog\/wp-content\/uploads\/2024\/04\/interieur-fiat-600e-planche-de-bord.webp 840w, https:\/\/www.carideal.com\/blog\/wp-content\/uploads\/2024\/04\/interieur-fiat-600e-planche-de-bord-300x141.webp 300w, https:\/\/www.carideal.com\/blog\/wp-content\/uploads\/2024\/04\/interieur-fiat-600e-planche-de-bord-768x360.webp 768w, https:\/\/www.carideal.com\/blog\/wp-content\/uploads\/2024\/04\/interieur-fiat-600e-planche-de-bord-50x23.webp 50w\" sizes=\"(max-width: 840px) 100vw, 840px\" \/><\/a><figcaption class=\"wp-element-caption\">Int\u00e9rieur nouvelle Fiat 600e planche de Bord<\/figcaption><\/figure><\/div>\n\n\n<p>Le confort n\u2019est pas en reste avec des si\u00e8ges incluant une fonction massage dorsal pour le conducteur et une sellerie haut de gamme pour la version La Prima. L\u2019habitacle se distingue par sa capacit\u00e9 de personnalisation, offrant jusqu\u2019\u00e0 huit choix de couleurs. Un \u00e9cran tactile de 10,25 pouces au centre du tableau de bord, ainsi que diverses options de rangement, assurent une exp\u00e9rience utilisateur optimale et moderne.<\/p>\n\n\n\n<h2 class=\"wp-block-heading\" id=\"h-l-engagement-de-fiat-vers-l-electrique\">L'Engagement de Fiat Vers l'\u00c9lectrique<\/h2>\n\n\n\n<p>Avec la 600e, Fiat ne propose pas uniquement une voiture ; elle propose une vision. Le passage au <a href=\"https:\/\/www.carideal.com\/blog\/2024\/04\/16\/les-meilleures-voitures-electriques-a-acheter-en-2024\/\">tout \u00e9lectrique<\/a>, pr\u00e9vu pour se d\u00e9ployer progressivement \u00e0 travers l'Europe et au-del\u00e0, t\u00e9moigne de l'engagement de la marque envers la durabilit\u00e9 et l'innovation. L'introduction d'une <a href=\"https:\/\/www.carideal.com\/blog\/2018\/12\/05\/voiture-hybride-rechargeable-peut-elle-amusante\/\">version hybride<\/a> au premier trimestre 2024 est une reconnaissance des besoins vari\u00e9s des march\u00e9s et une flexibilit\u00e9 dans l'approche de Fiat.<\/p>\n\n\n\n<figure class=\"wp-block-embed is-type-video is-provider-youtube wp-block-embed-youtube wp-embed-aspect-16-9 wp-has-aspect-ratio\"><div class=\"wp-block-embed__wrapper\">\n<iframe loading=\"lazy\" title=\"Fiat | 600e\" width=\"1200\" height=\"675\" src=\"https:\/\/www.youtube.com\/embed\/U2p0gq-HeVE?feature=oembed\" frameborder=\"0\" allow=\"accelerometer; autoplay; clipboard-write; encrypted-media; gyroscope; picture-in-picture; web-share\" referrerpolicy=\"strict-origin-when-cross-origin\" allowfullscreen><\/iframe>\n<\/div><\/figure>\n\n\n\n<h3 class=\"wp-block-heading\" id=\"h-strategie-commerciale-et-visions-futures\">Strat\u00e9gie Commerciale et Visions Futures<\/h3>\n\n\n\n<p>Le mod\u00e8le commercial de la Fiat 600e refl\u00e8te une strat\u00e9gie claire ax\u00e9e sur la transparence et l'efficacit\u00e9. En limitant les options initiales et en se concentrant sur un d\u00e9ploiement efficace, Fiat vise \u00e0 optimiser ses investissements tout en r\u00e9pondant rapidement aux demandes du march\u00e9. Cette approche permettra non seulement de satisfaire la demande actuelle mais aussi d'adapter et d'\u00e9largir l'offre en fonction des \u00e9volutions futures du march\u00e9.<\/p>\n\n\n\n<h2 class=\"wp-block-heading\" id=\"h-conclusion-la-fiat-600e-un-choix-strategique-pour-l-avenir\">Conclusion : La Fiat 600e, un Choix Strat\u00e9gique pour l'Avenir<\/h2>\n\n\n\n<p>La Fiat 600e repr\u00e9sente une \u00e9tape cl\u00e9 pour Fiat dans le segment B. Avec ses caract\u00e9ristiques innovantes, son engagement envers l'\u00e9lectrification et une strat\u00e9gie commerciale intelligente, cette voiture est pr\u00eate \u00e0 conqu\u00e9rir non seulement le march\u00e9 europ\u00e9en mais aussi \u00e0 s'adapter aux futurs d\u00e9fis environnementaux et technologiques. Fiat n'offre pas seulement un v\u00e9hicule \u00e9lectrique de plus ; elle propose une solution pens\u00e9e pour l'avenir, accessible d\u00e8s aujourd'hui sur le march\u00e9.<\/p>\n\n\n\n<div class=\"wp-block-wp-mermaid-block mermaid\">\n\nflowchart LR\n    A[Fiat 600e Introduction] --> B[Design et Simplicit\u00e9]\n    B --> C[Caract\u00e9ristiques Techniques]\n    C --> D[Confort et Innovation]\n    D --> E[Strat\u00e9gie Commerciale]\n    E --> F[Conclusion et Perspectives d'Avenir]\n\n\n<\/div>\n\n\n\n<p>Source : <a href=\"https:\/\/www.media.stellantis.com\/fr-fr\/fiat\/press\/new-fiat-600e-fiat-s-electric-comeback-to-the-b-segment\">Stellantis<\/a><\/p>\n","protected":false},"excerpt":{"rendered":"<p>Fiat 600e : Une R\u00e9volution \u00c9lectrique dans le Segment B Introduction : La Fiat 600e S&rsquo;impose en France En juillet 2023, Fiat a marqu\u00e9 le march\u00e9 automobile avec le lancement de la Fiat 600e, une avanc\u00e9e significative pour l&rsquo;entreprise dans le segment B. Fabriqu\u00e9e \u00e0 Tychy en Pologne, cette voiture n&rsquo;est pas seulement un ajout &#8230; <a title=\"Nouvelle Fiat 600e d\u00e9barque en France : d\u00e9couvrez les photos\" class=\"read-more\" href=\"https:\/\/www.carideal.com\/blog\/2023\/09\/23\/nouvelle-fiat-600e-debarque-en-france-decouvrez-les-photos\/\" aria-label=\"En savoir plus sur Nouvelle Fiat 600e d\u00e9barque en France : d\u00e9couvrez les photos\">Lire plus<\/a><\/p>\n","protected":false},"author":3,"featured_media":27941,"comment_status":"open","ping_status":"open","sticky":false,"template":"","format":"standard","meta":{"_uag_custom_page_level_css":"","_themeisle_gutenberg_block_has_review":false,"footnotes":""},"categories":[5980,1],"tags":[],"class_list":["post-27841","post","type-post","status-publish","format-standard","has-post-thumbnail","hentry","category-fiat","category-non-classe"],"wppr_data":{"cwp_meta_box_check":"No"},"yoast_head":"<!-- This site is optimized with the Yoast SEO plugin v24.8.1 - https:\/\/yoast.com\/wordpress\/plugins\/seo\/ -->\n<title>Nouvelle Fiat 600e d\u00e9barque en France : d\u00e9couvrez les photos - Blog auto Carid\u00e9al<\/title>\n<meta name=\"description\" content=\"En juillet 2023, Fiat a marqu\u00e9 le march\u00e9 automobile avec le lancement de la Fiat 600e, une avanc\u00e9e significative pour l&#039;entreprise dans le segment B\" \/>\n<meta name=\"robots\" content=\"index, follow, max-snippet:-1, max-image-preview:large, max-video-preview:-1\" \/>\n<link rel=\"canonical\" href=\"https:\/\/www.carideal.com\/blog\/2023\/09\/23\/nouvelle-fiat-600e-debarque-en-france-decouvrez-les-photos\/\" \/>\n<meta property=\"og:locale\" content=\"fr_FR\" \/>\n<meta property=\"og:type\" content=\"article\" \/>\n<meta property=\"og:title\" content=\"Nouvelle Fiat 600e d\u00e9barque en France : d\u00e9couvrez les photos - Blog auto Carid\u00e9al\" \/>\n<meta property=\"og:description\" content=\"En juillet 2023, Fiat a marqu\u00e9 le march\u00e9 automobile avec le lancement de la Fiat 600e, une avanc\u00e9e significative pour l&#039;entreprise dans le segment B\" \/>\n<meta property=\"og:url\" content=\"https:\/\/www.carideal.com\/blog\/2023\/09\/23\/nouvelle-fiat-600e-debarque-en-france-decouvrez-les-photos\/\" \/>\n<meta property=\"og:site_name\" content=\"Blog auto Carid\u00e9al\" \/>\n<meta property=\"article:publisher\" content=\"https:\/\/www.facebook.com\/Carideal.mandataire.automobile\" \/>\n<meta property=\"article:author\" content=\"https:\/\/www.facebook.com\/nicolas.schiavon.39\" \/>\n<meta property=\"article:published_time\" content=\"2023-09-23T00:16:00+00:00\" \/>\n<meta property=\"article:modified_time\" content=\"2024-04-25T09:24:55+00:00\" \/>\n<meta property=\"og:image\" content=\"https:\/\/www.carideal.com\/blog\/wp-content\/uploads\/2024\/03\/nouvelle-fiat-600e.jpeg\" \/>\n\t<meta property=\"og:image:width\" content=\"1170\" \/>\n\t<meta property=\"og:image:height\" content=\"740\" \/>\n\t<meta property=\"og:image:type\" content=\"image\/jpeg\" \/>\n<meta name=\"author\" content=\"Nicolas SCHIAVON\" \/>\n<meta name=\"twitter:card\" content=\"summary_large_image\" \/>\n<meta name=\"twitter:creator\" content=\"@caridealauto\" \/>\n<meta name=\"twitter:site\" content=\"@caridealauto\" \/>\n<meta name=\"twitter:label1\" content=\"\u00c9crit par\" \/>\n\t<meta name=\"twitter:data1\" content=\"Nicolas SCHIAVON\" \/>\n\t<meta name=\"twitter:label2\" content=\"Dur\u00e9e de lecture estim\u00e9e\" \/>\n\t<meta name=\"twitter:data2\" content=\"4 minutes\" \/>\n<script type=\"application\/ld+json\" class=\"yoast-schema-graph\">{\"@context\":\"https:\/\/schema.org\",\"@graph\":[{\"@type\":\"Article\",\"@id\":\"https:\/\/www.carideal.com\/blog\/2023\/09\/23\/nouvelle-fiat-600e-debarque-en-france-decouvrez-les-photos\/#article\",\"isPartOf\":{\"@id\":\"https:\/\/www.carideal.com\/blog\/2023\/09\/23\/nouvelle-fiat-600e-debarque-en-france-decouvrez-les-photos\/\"},\"author\":{\"name\":\"Nicolas SCHIAVON\",\"@id\":\"https:\/\/www.carideal.com\/blog\/#\/schema\/person\/cd95dc7919660de90d31b366f85be1ec\"},\"headline\":\"Nouvelle Fiat 600e d\u00e9barque en France : d\u00e9couvrez les photos\",\"datePublished\":\"2023-09-23T00:16:00+00:00\",\"dateModified\":\"2024-04-25T09:24:55+00:00\",\"mainEntityOfPage\":{\"@id\":\"https:\/\/www.carideal.com\/blog\/2023\/09\/23\/nouvelle-fiat-600e-debarque-en-france-decouvrez-les-photos\/\"},\"wordCount\":640,\"commentCount\":0,\"publisher\":{\"@id\":\"https:\/\/www.carideal.com\/blog\/#organization\"},\"image\":{\"@id\":\"https:\/\/www.carideal.com\/blog\/2023\/09\/23\/nouvelle-fiat-600e-debarque-en-france-decouvrez-les-photos\/#primaryimage\"},\"thumbnailUrl\":\"https:\/\/www.carideal.com\/blog\/wp-content\/uploads\/2024\/03\/nouvelle-fiat-600e.jpeg\",\"articleSection\":[\"Actualit\u00e9 Fiat\"],\"inLanguage\":\"fr-FR\",\"potentialAction\":[{\"@type\":\"CommentAction\",\"name\":\"Comment\",\"target\":[\"https:\/\/www.carideal.com\/blog\/2023\/09\/23\/nouvelle-fiat-600e-debarque-en-france-decouvrez-les-photos\/#respond\"]}]},{\"@type\":\"WebPage\",\"@id\":\"https:\/\/www.carideal.com\/blog\/2023\/09\/23\/nouvelle-fiat-600e-debarque-en-france-decouvrez-les-photos\/\",\"url\":\"https:\/\/www.carideal.com\/blog\/2023\/09\/23\/nouvelle-fiat-600e-debarque-en-france-decouvrez-les-photos\/\",\"name\":\"Nouvelle Fiat 600e d\u00e9barque en France : d\u00e9couvrez les photos - Blog auto Carid\u00e9al\",\"isPartOf\":{\"@id\":\"https:\/\/www.carideal.com\/blog\/#website\"},\"primaryImageOfPage\":{\"@id\":\"https:\/\/www.carideal.com\/blog\/2023\/09\/23\/nouvelle-fiat-600e-debarque-en-france-decouvrez-les-photos\/#primaryimage\"},\"image\":{\"@id\":\"https:\/\/www.carideal.com\/blog\/2023\/09\/23\/nouvelle-fiat-600e-debarque-en-france-decouvrez-les-photos\/#primaryimage\"},\"thumbnailUrl\":\"https:\/\/www.carideal.com\/blog\/wp-content\/uploads\/2024\/03\/nouvelle-fiat-600e.jpeg\",\"datePublished\":\"2023-09-23T00:16:00+00:00\",\"dateModified\":\"2024-04-25T09:24:55+00:00\",\"description\":\"En juillet 2023, Fiat a marqu\u00e9 le march\u00e9 automobile avec le lancement de la Fiat 600e, une avanc\u00e9e significative pour l'entreprise dans le segment B\",\"breadcrumb\":{\"@id\":\"https:\/\/www.carideal.com\/blog\/2023\/09\/23\/nouvelle-fiat-600e-debarque-en-france-decouvrez-les-photos\/#breadcrumb\"},\"inLanguage\":\"fr-FR\",\"potentialAction\":[{\"@type\":\"ReadAction\",\"target\":[\"https:\/\/www.carideal.com\/blog\/2023\/09\/23\/nouvelle-fiat-600e-debarque-en-france-decouvrez-les-photos\/\"]}]},{\"@type\":\"ImageObject\",\"inLanguage\":\"fr-FR\",\"@id\":\"https:\/\/www.carideal.com\/blog\/2023\/09\/23\/nouvelle-fiat-600e-debarque-en-france-decouvrez-les-photos\/#primaryimage\",\"url\":\"https:\/\/www.carideal.com\/blog\/wp-content\/uploads\/2024\/03\/nouvelle-fiat-600e.jpeg\",\"contentUrl\":\"https:\/\/www.carideal.com\/blog\/wp-content\/uploads\/2024\/03\/nouvelle-fiat-600e.jpeg\",\"width\":1170,\"height\":740,\"caption\":\"Nouvelle Fiat 600e d\u00e9barque en France\"},{\"@type\":\"BreadcrumbList\",\"@id\":\"https:\/\/www.carideal.com\/blog\/2023\/09\/23\/nouvelle-fiat-600e-debarque-en-france-decouvrez-les-photos\/#breadcrumb\",\"itemListElement\":[{\"@type\":\"ListItem\",\"position\":1,\"name\":\"Blog Carid\u00e9al\",\"item\":\"https:\/\/www.carideal.com\/blog\/\"},{\"@type\":\"ListItem\",\"position\":2,\"name\":\"Non class\u00e9\",\"item\":\"https:\/\/www.carideal.com\/blog\/non-classe\/\"},{\"@type\":\"ListItem\",\"position\":3,\"name\":\"Nouvelle Fiat 600e d\u00e9barque en France : d\u00e9couvrez les photos\"}]},{\"@type\":\"WebSite\",\"@id\":\"https:\/\/www.carideal.com\/blog\/#website\",\"url\":\"https:\/\/www.carideal.com\/blog\/\",\"name\":\"Blog auto Carid\u00e9al\",\"description\":\"Actualit\u00e9 auto par des passionn\u00e9s\",\"publisher\":{\"@id\":\"https:\/\/www.carideal.com\/blog\/#organization\"},\"potentialAction\":[{\"@type\":\"SearchAction\",\"target\":{\"@type\":\"EntryPoint\",\"urlTemplate\":\"https:\/\/www.carideal.com\/blog\/?s={search_term_string}\"},\"query-input\":{\"@type\":\"PropertyValueSpecification\",\"valueRequired\":true,\"valueName\":\"search_term_string\"}}],\"inLanguage\":\"fr-FR\"},{\"@type\":\"Organization\",\"@id\":\"https:\/\/www.carideal.com\/blog\/#organization\",\"name\":\"Carideal\",\"url\":\"https:\/\/www.carideal.com\/blog\/\",\"logo\":{\"@type\":\"ImageObject\",\"inLanguage\":\"fr-FR\",\"@id\":\"https:\/\/www.carideal.com\/blog\/#\/schema\/logo\/image\/\",\"url\":\"http:\/\/www.carideal.com\/blog\/wp-content\/uploads\/2016\/03\/logo-carideal-mandataire-automobile.png\",\"contentUrl\":\"http:\/\/www.carideal.com\/blog\/wp-content\/uploads\/2016\/03\/logo-carideal-mandataire-automobile.png\",\"width\":300,\"height\":300,\"caption\":\"Carideal\"},\"image\":{\"@id\":\"https:\/\/www.carideal.com\/blog\/#\/schema\/logo\/image\/\"},\"sameAs\":[\"https:\/\/www.facebook.com\/Carideal.mandataire.automobile\",\"https:\/\/x.com\/caridealauto\",\"https:\/\/www.instagram.com\/carideal1\/\",\"https:\/\/www.linkedin.com\/company\/carideal.com\",\"https:\/\/fr.pinterest.com\/schiavonsas\/\",\"https:\/\/www.youtube.com\/user\/caridealsas\"]},{\"@type\":\"Person\",\"@id\":\"https:\/\/www.carideal.com\/blog\/#\/schema\/person\/cd95dc7919660de90d31b366f85be1ec\",\"name\":\"Nicolas SCHIAVON\",\"image\":{\"@type\":\"ImageObject\",\"inLanguage\":\"fr-FR\",\"@id\":\"https:\/\/www.carideal.com\/blog\/#\/schema\/person\/image\/\",\"url\":\"https:\/\/secure.gravatar.com\/avatar\/c17e55009e671d92cc7f5dc837dc418a?s=96&r=g\",\"contentUrl\":\"https:\/\/secure.gravatar.com\/avatar\/c17e55009e671d92cc7f5dc837dc418a?s=96&r=g\",\"caption\":\"Nicolas SCHIAVON\"},\"description\":\"Nicolas Schiavon est tomb\u00e9 tout petit dans la marmite automobile. Ayant eu un garage de marque automobile, mandataire automobile de la premi\u00e8re heure d\u00e8s 1999. Nicolas a cr\u00e9\u00e9 ces premiers sites de vente de voiture et blog automobile d\u00e8s 1994. Carideal est n\u00e9 le 15 d\u00e9cembre 2000 de la volont\u00e9 de vendre des voitures d'occasions en ligne puis des voitures neuves. Il a pu essayer beaucoup de voitures tr\u00e8s diff\u00e9rentes et ayant eu personnellement quelques belles autos, Subaru Impreza, Mitsubishi Lancer Evo 7, Porsche 911, Ferrari Testarrossa, Audi RS3, RS4 et j'en passe...\",\"sameAs\":[\"http:\/\/www.carideal.com\",\"https:\/\/www.facebook.com\/nicolas.schiavon.39\",\"https:\/\/www.instagram.com\/carideal1\/\",\"https:\/\/www.linkedin.com\/in\/nschiavon\/\",\"https:\/\/x.com\/caridealauto\",\"https:\/\/www.youtube.com\/user\/caridealsas\/\"],\"url\":\"https:\/\/www.carideal.com\/blog\/author\/nschiavon\/\"}]}<\/script>\n<!-- \/ Yoast SEO plugin. -->","yoast_head_json":{"title":"Nouvelle Fiat 600e d\u00e9barque en France : d\u00e9couvrez les photos - Blog auto Carid\u00e9al","description":"En juillet 2023, Fiat a marqu\u00e9 le march\u00e9 automobile avec le lancement de la Fiat 600e, une avanc\u00e9e significative pour l'entreprise dans le segment B","robots":{"index":"index","follow":"follow","max-snippet":"max-snippet:-1","max-image-preview":"max-image-preview:large","max-video-preview":"max-video-preview:-1"},"canonical":"https:\/\/www.carideal.com\/blog\/2023\/09\/23\/nouvelle-fiat-600e-debarque-en-france-decouvrez-les-photos\/","og_locale":"fr_FR","og_type":"article","og_title":"Nouvelle Fiat 600e d\u00e9barque en France : d\u00e9couvrez les photos - Blog auto Carid\u00e9al","og_description":"En juillet 2023, Fiat a marqu\u00e9 le march\u00e9 automobile avec le lancement de la Fiat 600e, une avanc\u00e9e significative pour l'entreprise dans le segment B","og_url":"https:\/\/www.carideal.com\/blog\/2023\/09\/23\/nouvelle-fiat-600e-debarque-en-france-decouvrez-les-photos\/","og_site_name":"Blog auto Carid\u00e9al","article_publisher":"https:\/\/www.facebook.com\/Carideal.mandataire.automobile","article_author":"https:\/\/www.facebook.com\/nicolas.schiavon.39","article_published_time":"2023-09-23T00:16:00+00:00","article_modified_time":"2024-04-25T09:24:55+00:00","og_image":[{"width":1170,"height":740,"url":"https:\/\/www.carideal.com\/blog\/wp-content\/uploads\/2024\/03\/nouvelle-fiat-600e.jpeg","type":"image\/jpeg"}],"author":"Nicolas SCHIAVON","twitter_card":"summary_large_image","twitter_creator":"@caridealauto","twitter_site":"@caridealauto","twitter_misc":{"\u00c9crit par":"Nicolas SCHIAVON","Dur\u00e9e de lecture estim\u00e9e":"4 minutes"},"schema":{"@context":"https:\/\/schema.org","@graph":[{"@type":"Article","@id":"https:\/\/www.carideal.com\/blog\/2023\/09\/23\/nouvelle-fiat-600e-debarque-en-france-decouvrez-les-photos\/#article","isPartOf":{"@id":"https:\/\/www.carideal.com\/blog\/2023\/09\/23\/nouvelle-fiat-600e-debarque-en-france-decouvrez-les-photos\/"},"author":{"name":"Nicolas SCHIAVON","@id":"https:\/\/www.carideal.com\/blog\/#\/schema\/person\/cd95dc7919660de90d31b366f85be1ec"},"headline":"Nouvelle Fiat 600e d\u00e9barque en France : d\u00e9couvrez les photos","datePublished":"2023-09-23T00:16:00+00:00","dateModified":"2024-04-25T09:24:55+00:00","mainEntityOfPage":{"@id":"https:\/\/www.carideal.com\/blog\/2023\/09\/23\/nouvelle-fiat-600e-debarque-en-france-decouvrez-les-photos\/"},"wordCount":640,"commentCount":0,"publisher":{"@id":"https:\/\/www.carideal.com\/blog\/#organization"},"image":{"@id":"https:\/\/www.carideal.com\/blog\/2023\/09\/23\/nouvelle-fiat-600e-debarque-en-france-decouvrez-les-photos\/#primaryimage"},"thumbnailUrl":"https:\/\/www.carideal.com\/blog\/wp-content\/uploads\/2024\/03\/nouvelle-fiat-600e.jpeg","articleSection":["Actualit\u00e9 Fiat"],"inLanguage":"fr-FR","potentialAction":[{"@type":"CommentAction","name":"Comment","target":["https:\/\/www.carideal.com\/blog\/2023\/09\/23\/nouvelle-fiat-600e-debarque-en-france-decouvrez-les-photos\/#respond"]}]},{"@type":"WebPage","@id":"https:\/\/www.carideal.com\/blog\/2023\/09\/23\/nouvelle-fiat-600e-debarque-en-france-decouvrez-les-photos\/","url":"https:\/\/www.carideal.com\/blog\/2023\/09\/23\/nouvelle-fiat-600e-debarque-en-france-decouvrez-les-photos\/","name":"Nouvelle Fiat 600e d\u00e9barque en France : d\u00e9couvrez les photos - Blog auto Carid\u00e9al","isPartOf":{"@id":"https:\/\/www.carideal.com\/blog\/#website"},"primaryImageOfPage":{"@id":"https:\/\/www.carideal.com\/blog\/2023\/09\/23\/nouvelle-fiat-600e-debarque-en-france-decouvrez-les-photos\/#primaryimage"},"image":{"@id":"https:\/\/www.carideal.com\/blog\/2023\/09\/23\/nouvelle-fiat-600e-debarque-en-france-decouvrez-les-photos\/#primaryimage"},"thumbnailUrl":"https:\/\/www.carideal.com\/blog\/wp-content\/uploads\/2024\/03\/nouvelle-fiat-600e.jpeg","datePublished":"2023-09-23T00:16:00+00:00","dateModified":"2024-04-25T09:24:55+00:00","description":"En juillet 2023, Fiat a marqu\u00e9 le march\u00e9 automobile avec le lancement de la Fiat 600e, une avanc\u00e9e significative pour l'entreprise dans le segment B","breadcrumb":{"@id":"https:\/\/www.carideal.com\/blog\/2023\/09\/23\/nouvelle-fiat-600e-debarque-en-france-decouvrez-les-photos\/#breadcrumb"},"inLanguage":"fr-FR","potentialAction":[{"@type":"ReadAction","target":["https:\/\/www.carideal.com\/blog\/2023\/09\/23\/nouvelle-fiat-600e-debarque-en-france-decouvrez-les-photos\/"]}]},{"@type":"ImageObject","inLanguage":"fr-FR","@id":"https:\/\/www.carideal.com\/blog\/2023\/09\/23\/nouvelle-fiat-600e-debarque-en-france-decouvrez-les-photos\/#primaryimage","url":"https:\/\/www.carideal.com\/blog\/wp-content\/uploads\/2024\/03\/nouvelle-fiat-600e.jpeg","contentUrl":"https:\/\/www.carideal.com\/blog\/wp-content\/uploads\/2024\/03\/nouvelle-fiat-600e.jpeg","width":1170,"height":740,"caption":"Nouvelle Fiat 600e d\u00e9barque en France"},{"@type":"BreadcrumbList","@id":"https:\/\/www.carideal.com\/blog\/2023\/09\/23\/nouvelle-fiat-600e-debarque-en-france-decouvrez-les-photos\/#breadcrumb","itemListElement":[{"@type":"ListItem","position":1,"name":"Blog Carid\u00e9al","item":"https:\/\/www.carideal.com\/blog\/"},{"@type":"ListItem","position":2,"name":"Non class\u00e9","item":"https:\/\/www.carideal.com\/blog\/non-classe\/"},{"@type":"ListItem","position":3,"name":"Nouvelle Fiat 600e d\u00e9barque en France : d\u00e9couvrez les photos"}]},{"@type":"WebSite","@id":"https:\/\/www.carideal.com\/blog\/#website","url":"https:\/\/www.carideal.com\/blog\/","name":"Blog auto Carid\u00e9al","description":"Actualit\u00e9 auto par des passionn\u00e9s","publisher":{"@id":"https:\/\/www.carideal.com\/blog\/#organization"},"potentialAction":[{"@type":"SearchAction","target":{"@type":"EntryPoint","urlTemplate":"https:\/\/www.carideal.com\/blog\/?s={search_term_string}"},"query-input":{"@type":"PropertyValueSpecification","valueRequired":true,"valueName":"search_term_string"}}],"inLanguage":"fr-FR"},{"@type":"Organization","@id":"https:\/\/www.carideal.com\/blog\/#organization","name":"Carideal","url":"https:\/\/www.carideal.com\/blog\/","logo":{"@type":"ImageObject","inLanguage":"fr-FR","@id":"https:\/\/www.carideal.com\/blog\/#\/schema\/logo\/image\/","url":"http:\/\/www.carideal.com\/blog\/wp-content\/uploads\/2016\/03\/logo-carideal-mandataire-automobile.png","contentUrl":"http:\/\/www.carideal.com\/blog\/wp-content\/uploads\/2016\/03\/logo-carideal-mandataire-automobile.png","width":300,"height":300,"caption":"Carideal"},"image":{"@id":"https:\/\/www.carideal.com\/blog\/#\/schema\/logo\/image\/"},"sameAs":["https:\/\/www.facebook.com\/Carideal.mandataire.automobile","https:\/\/x.com\/caridealauto","https:\/\/www.instagram.com\/carideal1\/","https:\/\/www.linkedin.com\/company\/carideal.com","https:\/\/fr.pinterest.com\/schiavonsas\/","https:\/\/www.youtube.com\/user\/caridealsas"]},{"@type":"Person","@id":"https:\/\/www.carideal.com\/blog\/#\/schema\/person\/cd95dc7919660de90d31b366f85be1ec","name":"Nicolas SCHIAVON","image":{"@type":"ImageObject","inLanguage":"fr-FR","@id":"https:\/\/www.carideal.com\/blog\/#\/schema\/person\/image\/","url":"https:\/\/secure.gravatar.com\/avatar\/c17e55009e671d92cc7f5dc837dc418a?s=96&r=g","contentUrl":"https:\/\/secure.gravatar.com\/avatar\/c17e55009e671d92cc7f5dc837dc418a?s=96&r=g","caption":"Nicolas SCHIAVON"},"description":"Nicolas Schiavon est tomb\u00e9 tout petit dans la marmite automobile. Ayant eu un garage de marque automobile, mandataire automobile de la premi\u00e8re heure d\u00e8s 1999. Nicolas a cr\u00e9\u00e9 ces premiers sites de vente de voiture et blog automobile d\u00e8s 1994. Carideal est n\u00e9 le 15 d\u00e9cembre 2000 de la volont\u00e9 de vendre des voitures d'occasions en ligne puis des voitures neuves. Il a pu essayer beaucoup de voitures tr\u00e8s diff\u00e9rentes et ayant eu personnellement quelques belles autos, Subaru Impreza, Mitsubishi Lancer Evo 7, Porsche 911, Ferrari Testarrossa, Audi RS3, RS4 et j'en passe...","sameAs":["http:\/\/www.carideal.com","https:\/\/www.facebook.com\/nicolas.schiavon.39","https:\/\/www.instagram.com\/carideal1\/","https:\/\/www.linkedin.com\/in\/nschiavon\/","https:\/\/x.com\/caridealauto","https:\/\/www.youtube.com\/user\/caridealsas\/"],"url":"https:\/\/www.carideal.com\/blog\/author\/nschiavon\/"}]}},"uagb_featured_image_src":{"full":["https:\/\/www.carideal.com\/blog\/wp-content\/uploads\/2024\/03\/nouvelle-fiat-600e.jpeg",1170,740,false],"thumbnail":["https:\/\/www.carideal.com\/blog\/wp-content\/uploads\/2024\/03\/nouvelle-fiat-600e-150x150.jpeg",150,150,true],"medium":["https:\/\/www.carideal.com\/blog\/wp-content\/uploads\/2024\/03\/nouvelle-fiat-600e-300x190.jpeg",300,190,true],"medium_large":["https:\/\/www.carideal.com\/blog\/wp-content\/uploads\/2024\/03\/nouvelle-fiat-600e-768x486.jpeg",768,486,true],"large":["https:\/\/www.carideal.com\/blog\/wp-content\/uploads\/2024\/03\/nouvelle-fiat-600e-1024x648.jpeg",1024,648,true],"1536x1536":["https:\/\/www.carideal.com\/blog\/wp-content\/uploads\/2024\/03\/nouvelle-fiat-600e.jpeg",1170,740,false],"2048x2048":["https:\/\/www.carideal.com\/blog\/wp-content\/uploads\/2024\/03\/nouvelle-fiat-600e.jpeg",1170,740,false],"wppr-widget":["https:\/\/www.carideal.com\/blog\/wp-content\/uploads\/2024\/03\/nouvelle-fiat-600e-50x32.jpeg",50,32,true]},"uagb_author_info":{"display_name":"Nicolas SCHIAVON","author_link":"https:\/\/www.carideal.com\/blog\/author\/nschiavon\/"},"uagb_comment_info":0,"uagb_excerpt":"Fiat 600e : Une R\u00e9volution \u00c9lectrique dans le Segment B Introduction : La Fiat 600e S'impose en France En juillet 2023, Fiat a marqu\u00e9 le march\u00e9 automobile avec le lancement de la Fiat 600e, une avanc\u00e9e significative pour l'entreprise dans le segment B. Fabriqu\u00e9e \u00e0 Tychy en Pologne, cette voiture n'est pas seulement un ajout\u2026","_links":{"self":[{"href":"https:\/\/www.carideal.com\/blog\/wp-json\/wp\/v2\/posts\/27841"}],"collection":[{"href":"https:\/\/www.carideal.com\/blog\/wp-json\/wp\/v2\/posts"}],"about":[{"href":"https:\/\/www.carideal.com\/blog\/wp-json\/wp\/v2\/types\/post"}],"author":[{"embeddable":true,"href":"https:\/\/www.carideal.com\/blog\/wp-json\/wp\/v2\/users\/3"}],"replies":[{"embeddable":true,"href":"https:\/\/www.carideal.com\/blog\/wp-json\/wp\/v2\/comments?post=27841"}],"version-history":[{"count":2,"href":"https:\/\/www.carideal.com\/blog\/wp-json\/wp\/v2\/posts\/27841\/revisions"}],"predecessor-version":[{"id":27960,"href":"https:\/\/www.carideal.com\/blog\/wp-json\/wp\/v2\/posts\/27841\/revisions\/27960"}],"wp:featuredmedia":[{"embeddable":true,"href":"https:\/\/www.carideal.com\/blog\/wp-json\/wp\/v2\/media\/27941"}],"wp:attachment":[{"href":"https:\/\/www.carideal.com\/blog\/wp-json\/wp\/v2\/media?parent=27841"}],"wp:term":[{"taxonomy":"category","embeddable":true,"href":"https:\/\/www.carideal.com\/blog\/wp-json\/wp\/v2\/categories?post=27841"},{"taxonomy":"post_tag","embeddable":true,"href":"https:\/\/www.carideal.com\/blog\/wp-json\/wp\/v2\/tags?post=27841"}],"curies":[{"name":"wp","href":"https:\/\/api.w.org\/{rel}","templated":true}]}}