{"id":27835,"date":"2024-04-16T19:21:06","date_gmt":"2024-04-16T17:21:06","guid":{"rendered":"https:\/\/www.carideal.com\/blog\/?p=27835"},"modified":"2024-04-16T19:29:47","modified_gmt":"2024-04-16T17:29:47","slug":"test-de-la-nouvelle-audi-q4-e-tron-2024-plus-de-puissance-plus-dautonomie-et-une-charge-plus-rapide","status":"publish","type":"post","link":"https:\/\/www.carideal.com\/blog\/2024\/04\/16\/test-de-la-nouvelle-audi-q4-e-tron-2024-plus-de-puissance-plus-dautonomie-et-une-charge-plus-rapide\/","title":{"rendered":"Test de la nouvelle Audi Q4 e-tron 2024 : plus de puissance, plus d&rsquo;autonomie et une charge plus rapide"},"content":{"rendered":"\n<h2 class=\"wp-block-heading\" id=\"h-test-de-la-nouvelle-audi-q4-e-tron-2024-plus-de-puissance-plus-d-autonomie-et-une-charge-plus-rapide\">Test de la nouvelle Audi Q4 e-tron 2024 : plus de puissance, plus d'autonomie et une charge plus rapide<\/h2>\n\n\n\n<p>L'Audi Q4 e-tron 2024 se distingue non seulement par son design, mais surtout par les am\u00e9liorations substantielles apport\u00e9es sous sa carrosserie, affirmant ainsi son statut de <a href=\"https:\/\/www.carideal.com\/voiture\/suv\/electriques\/\">SUV \u00e9lectrique<\/a> de choix dans un march\u00e9 de plus en plus comp\u00e9titif.<\/p>\n\n\n\n<h2 class=\"wp-block-heading\">Am\u00e9liorations techniques et performances accrues<\/h2>\n\n\n\n<h3 class=\"wp-block-heading\">Augmentation de la puissance et de l'efficacit\u00e9<\/h3>\n\n\n\n<p>Le mod\u00e8le Audi Q4 45 e-tron de base, avec propulsion arri\u00e8re, affiche d\u00e9sormais une puissance impressionnante de 282 chevaux, permettant un passage de 0 \u00e0 100 km\/h en seulement 6,7 secondes. Comparativement \u00e0 l'ancienne version de 201 chevaux du e-tron 40, ce gain de puissance est remarquable. Pour ceux d\u00e9sirant encore plus de rapidit\u00e9, la version avec deux moteurs offre la traction int\u00e9grale quattro, r\u00e9duisant le temps d'acc\u00e9l\u00e9ration de 0,1 seconde. Le mod\u00e8le Q4 55 e-tron, exclusivement quattro, produit quant \u00e0 lui 335 chevaux, r\u00e9alisant le 0 \u00e0 100 km\/h en 5,4 secondes.<\/p>\n\n\n\n<h3 class=\"wp-block-heading\">Autonomie et recharge optimis\u00e9es<\/h3>\n\n\n\n<p>Sur le plan de l'autonomie, le Q4 45 e-tron peut parcourir jusqu'\u00e0 530 km avec une seule charge, selon les tests WLTP, tandis que l'ajout du syst\u00e8me quattro r\u00e9duit l\u00e9g\u00e8rement cette distance \u00e0 510 km. Le mod\u00e8le 55 atteint une autonomie de 500 km. En termes de recharge, les am\u00e9liorations sont \u00e9galement significatives, avec une capacit\u00e9 de recharge rapide de 135 kW pour les mod\u00e8les \u00e0 propulsion et de 175 kW pour les versions quattro, permettant une recharge de 20 \u00e0 80 % en environ 28 minutes.<\/p>\n\n\n\n<h2 class=\"wp-block-heading\">Confort et exp\u00e9rience de conduite<\/h2>\n\n\n\n<h3 class=\"wp-block-heading\">Adaptations au confort de conduite<\/h3>\n\n\n\n<p><a href=\"https:\/\/www.carideal.com\/blog\/marque-de-voiture-actualites-essais\/audi\/\">Audi<\/a> a r\u00e9ajust\u00e9 la direction et la suspension dans ces nouveaux mod\u00e8les, ce qui am\u00e9liore consid\u00e9rablement la maniabilit\u00e9 et le confort, surtout \u00e0 basse vitesse o\u00f9 le <a href=\"https:\/\/www.carideal.com\/voiture\/suv\/\">SUV<\/a> absorbe efficacement les irr\u00e9gularit\u00e9s de la route. La conduite \u00e0 grande vitesse est \u00e9galement remarquable, offrant une stabilit\u00e9 et une absorption des chocs sans compromettre le confort.<\/p>\n\n\n\n<h3 class=\"wp-block-heading\">Int\u00e9rieur et \u00e9quipements<\/h3>\n\n\n\n<p>\u00c0 l'int\u00e9rieur, le Q4 e-tron 2024 se dote d'un \u00e9cran central tactile de 11,6 pouces, plus grand que dans les mod\u00e8les pr\u00e9c\u00e9dents. Malgr\u00e9 quelques plastiques durs, l'habitacle reste spacieux et riche, avec des \u00e9quipements de s\u00e9rie tels que des jantes de 19 pouces, des phares LED, un hayon motoris\u00e9, des si\u00e8ges avant chauffants, une cam\u00e9ra de recul et un r\u00e9gulateur de vitesse adaptatif. Le volume de coffre reste comp\u00e9titif avec 520 litres pour le SUV et 535 litres pour la version Sportback.<\/p>\n\n\n<div class=\"wp-block-image\">\n<figure class=\"aligncenter size-large\"><a href=\"https:\/\/www.carideal.com\/blog\/wp-content\/uploads\/2024\/04\/Audi-Q4-e-tron-45-2024-2.webp\"><img loading=\"lazy\" decoding=\"async\" width=\"1024\" height=\"577\" src=\"https:\/\/www.carideal.com\/blog\/wp-content\/uploads\/2024\/04\/Audi-Q4-e-tron-45-2024-2-1024x577.webp\" alt=\"Test de la nouvelle Audi Q4 e-tron 2024 : plus de puissance, plus d'autonomie et une charge plus rapide\" class=\"wp-image-27894\" srcset=\"https:\/\/www.carideal.com\/blog\/wp-content\/uploads\/2024\/04\/Audi-Q4-e-tron-45-2024-2-1024x577.webp 1024w, https:\/\/www.carideal.com\/blog\/wp-content\/uploads\/2024\/04\/Audi-Q4-e-tron-45-2024-2-300x169.webp 300w, https:\/\/www.carideal.com\/blog\/wp-content\/uploads\/2024\/04\/Audi-Q4-e-tron-45-2024-2-768x433.webp 768w, https:\/\/www.carideal.com\/blog\/wp-content\/uploads\/2024\/04\/Audi-Q4-e-tron-45-2024-2-50x28.webp 50w, https:\/\/www.carideal.com\/blog\/wp-content\/uploads\/2024\/04\/Audi-Q4-e-tron-45-2024-2.webp 1260w\" sizes=\"(max-width: 1024px) 100vw, 1024px\" \/><\/a><figcaption class=\"wp-element-caption\">Test de la nouvelle Audi Q4 e-tron 2024 : plus de puissance, plus d'autonomie et une charge plus rapide<\/figcaption><\/figure><\/div>\n\n\n<h2 class=\"wp-block-heading\">Conclusion<\/h2>\n\n\n\n<p>Le nouveau Audi Q4 e-tron est une proposition attrayante pour ceux qui cherchent un SUV \u00e9lectrique qui combine performance, autonomie \u00e9tendue, et une exp\u00e9rience de conduite am\u00e9lior\u00e9e. Avec ses nombreuses am\u00e9liorations techniques, il est destin\u00e9 \u00e0 rester un concurrent de poids dans le segment des SUV \u00e9lectriques de luxe.<\/p>\n\n\n\n<div class=\"wp-block-wp-mermaid-block mermaid\">\ngraph TD;\n    A[Puissance accrue] --> B[Mod\u00e8les e-tron 45 et 55];\n    B --> C[282 \u00e0 335 chevaux];\n    C --> D[Am\u00e9lioration 0 \u00e0 100 km\/h];\n    A --> E[Autonomie maximis\u00e9e];\n    E --> F[530 km en mod\u00e8le 45];\n    E --> G[500 km en mod\u00e8le 55];\n    A --> H[Recharge rapide];\n    H --> I[135 kW \u00e0 175 kW];\n    H --> J[Recharge de 20 \u00e0 80% en 28 mins];\n\n<\/div>\n\n\n\n<p>Cette repr\u00e9sentation illustre comment les am\u00e9liorations techniques de l'Audi Q4 e-tron 2024 contribuent \u00e0 une performance et une efficacit\u00e9 nettement am\u00e9lior\u00e9es, affirmant son statut de leader dans sa cat\u00e9gorie.<\/p>\n\n\n\n<table>\n  <tr>\n    <th>Mod\u00e8le<\/th>\n    <td>Audi Q4 45 e-tron Sport Sportback<\/td>\n  <\/tr>\n  <tr>\n    <th>Prix<\/th>\n    <td>61 400 \u20ac<\/td>\n  <\/tr>\n  <tr>\n    <th>Groupe motopropulseur<\/th>\n    <td>Batterie de 77kWh, moteur \u00e9lectrique<\/td>\n  <\/tr>\n  <tr>\n    <th>Puissance\/Couple<\/th>\n    <td>282ch\/545Nm<\/td>\n  <\/tr>\n  <tr>\n    <th>Transmission<\/th>\n    <td>Automatique mono-vitesse, propulsion arri\u00e8re<\/td>\n  <\/tr>\n  <tr>\n    <th>0-100km\/h<\/th>\n    <td>6,7 secondes<\/td>\n  <\/tr>\n  <tr>\n    <th>Vitesse maximale<\/th>\n    <td>environ 180 km\/h<\/td>\n  <\/tr>\n  <tr>\n    <th>Autonomie<\/th>\n    <td>environ 546 km<\/td>\n  <\/tr>\n  <tr>\n    <th>Chargement<\/th>\n    <td>135kW, 10-80% en 28 mins<\/td>\n  <\/tr>\n  <tr>\n    <th>Dimensions (L\/l\/H)<\/th>\n    <td>4,588\/1,865\/1,632 mm<\/td>\n  <\/tr>\n  <tr>\n    <th>Disponibilit\u00e9<\/th>\n    <td>Maintenant<\/td>\n  <\/tr>\n<\/table>\n\n","protected":false},"excerpt":{"rendered":"<p>Test de la nouvelle Audi Q4 e-tron 2024 : plus de puissance, plus d&rsquo;autonomie et une charge plus rapide L&rsquo;Audi Q4 e-tron 2024 se distingue non seulement par son design, mais surtout par les am\u00e9liorations substantielles apport\u00e9es sous sa carrosserie, affirmant ainsi son statut de SUV \u00e9lectrique de choix dans un march\u00e9 de plus en &#8230; <a title=\"Test de la nouvelle Audi Q4 e-tron 2024 : plus de puissance, plus d&rsquo;autonomie et une charge plus rapide\" class=\"read-more\" href=\"https:\/\/www.carideal.com\/blog\/2024\/04\/16\/test-de-la-nouvelle-audi-q4-e-tron-2024-plus-de-puissance-plus-dautonomie-et-une-charge-plus-rapide\/\" aria-label=\"En savoir plus sur Test de la nouvelle Audi Q4 e-tron 2024 : plus de puissance, plus d&rsquo;autonomie et une charge plus rapide\">Lire plus<\/a><\/p>\n","protected":false},"author":3,"featured_media":27893,"comment_status":"open","ping_status":"open","sticky":false,"template":"","format":"standard","meta":{"_uag_custom_page_level_css":"","_themeisle_gutenberg_block_has_review":false,"footnotes":""},"categories":[6011,5970],"tags":[9564],"class_list":["post-27835","post","type-post","status-publish","format-standard","has-post-thumbnail","hentry","category-audi-essai","category-electrique-technologie-2","tag-suv"],"wppr_data":{"cwp_meta_box_check":"No"},"yoast_head":"<!-- This site is optimized with the Yoast SEO plugin v24.8.1 - https:\/\/yoast.com\/wordpress\/plugins\/seo\/ -->\n<title>Test de la nouvelle Audi Q4 e-tron 2024 : plus de puissance, plus d&#039;autonomie et une charge plus rapide - Blog auto Carid\u00e9al<\/title>\n<meta name=\"description\" content=\"Test de la nouvelle Audi Q4 e-tron 2024 : plus de puissance, plus d&#039;autonomie et une charge plus rapide\" \/>\n<meta name=\"robots\" content=\"index, follow, max-snippet:-1, max-image-preview:large, max-video-preview:-1\" \/>\n<link rel=\"canonical\" href=\"https:\/\/www.carideal.com\/blog\/2024\/04\/16\/test-de-la-nouvelle-audi-q4-e-tron-2024-plus-de-puissance-plus-dautonomie-et-une-charge-plus-rapide\/\" \/>\n<meta property=\"og:locale\" content=\"fr_FR\" \/>\n<meta property=\"og:type\" content=\"article\" \/>\n<meta property=\"og:title\" content=\"Test de la nouvelle Audi Q4 e-tron 2024 : plus de puissance, plus d&#039;autonomie et une charge plus rapide - Blog auto Carid\u00e9al\" \/>\n<meta property=\"og:description\" content=\"Test de la nouvelle Audi Q4 e-tron 2024 : plus de puissance, plus d&#039;autonomie et une charge plus rapide\" \/>\n<meta property=\"og:url\" content=\"https:\/\/www.carideal.com\/blog\/2024\/04\/16\/test-de-la-nouvelle-audi-q4-e-tron-2024-plus-de-puissance-plus-dautonomie-et-une-charge-plus-rapide\/\" \/>\n<meta property=\"og:site_name\" content=\"Blog auto Carid\u00e9al\" \/>\n<meta property=\"article:publisher\" content=\"https:\/\/www.facebook.com\/Carideal.mandataire.automobile\" \/>\n<meta property=\"article:author\" content=\"https:\/\/www.facebook.com\/nicolas.schiavon.39\" \/>\n<meta property=\"article:published_time\" content=\"2024-04-16T17:21:06+00:00\" \/>\n<meta property=\"article:modified_time\" content=\"2024-04-16T17:29:47+00:00\" \/>\n<meta property=\"og:image\" content=\"https:\/\/www.carideal.com\/blog\/wp-content\/uploads\/2024\/04\/Audi-Q4-e-tron-45-2024.webp\" \/>\n\t<meta property=\"og:image:width\" content=\"1260\" \/>\n\t<meta property=\"og:image:height\" content=\"710\" \/>\n\t<meta property=\"og:image:type\" content=\"image\/webp\" \/>\n<meta name=\"author\" content=\"Nicolas SCHIAVON\" \/>\n<meta name=\"twitter:card\" content=\"summary_large_image\" \/>\n<meta name=\"twitter:creator\" content=\"@caridealauto\" \/>\n<meta name=\"twitter:site\" content=\"@caridealauto\" \/>\n<meta name=\"twitter:label1\" content=\"\u00c9crit par\" \/>\n\t<meta name=\"twitter:data1\" content=\"Nicolas SCHIAVON\" \/>\n\t<meta name=\"twitter:label2\" content=\"Dur\u00e9e de lecture estim\u00e9e\" \/>\n\t<meta name=\"twitter:data2\" content=\"4 minutes\" \/>\n<script type=\"application\/ld+json\" class=\"yoast-schema-graph\">{\"@context\":\"https:\/\/schema.org\",\"@graph\":[{\"@type\":\"Article\",\"@id\":\"https:\/\/www.carideal.com\/blog\/2024\/04\/16\/test-de-la-nouvelle-audi-q4-e-tron-2024-plus-de-puissance-plus-dautonomie-et-une-charge-plus-rapide\/#article\",\"isPartOf\":{\"@id\":\"https:\/\/www.carideal.com\/blog\/2024\/04\/16\/test-de-la-nouvelle-audi-q4-e-tron-2024-plus-de-puissance-plus-dautonomie-et-une-charge-plus-rapide\/\"},\"author\":{\"name\":\"Nicolas SCHIAVON\",\"@id\":\"https:\/\/www.carideal.com\/blog\/#\/schema\/person\/cd95dc7919660de90d31b366f85be1ec\"},\"headline\":\"Test de la nouvelle Audi Q4 e-tron 2024 : plus de puissance, plus d&rsquo;autonomie et une charge plus rapide\",\"datePublished\":\"2024-04-16T17:21:06+00:00\",\"dateModified\":\"2024-04-16T17:29:47+00:00\",\"mainEntityOfPage\":{\"@id\":\"https:\/\/www.carideal.com\/blog\/2024\/04\/16\/test-de-la-nouvelle-audi-q4-e-tron-2024-plus-de-puissance-plus-dautonomie-et-une-charge-plus-rapide\/\"},\"wordCount\":629,\"commentCount\":0,\"publisher\":{\"@id\":\"https:\/\/www.carideal.com\/blog\/#organization\"},\"image\":{\"@id\":\"https:\/\/www.carideal.com\/blog\/2024\/04\/16\/test-de-la-nouvelle-audi-q4-e-tron-2024-plus-de-puissance-plus-dautonomie-et-une-charge-plus-rapide\/#primaryimage\"},\"thumbnailUrl\":\"https:\/\/www.carideal.com\/blog\/wp-content\/uploads\/2024\/04\/Audi-Q4-e-tron-45-2024.webp\",\"keywords\":[\"SUV \u00e9lectrique\"],\"articleSection\":[\"Essais Audi\",\"Voiture \u00e9lectrique\"],\"inLanguage\":\"fr-FR\",\"potentialAction\":[{\"@type\":\"CommentAction\",\"name\":\"Comment\",\"target\":[\"https:\/\/www.carideal.com\/blog\/2024\/04\/16\/test-de-la-nouvelle-audi-q4-e-tron-2024-plus-de-puissance-plus-dautonomie-et-une-charge-plus-rapide\/#respond\"]}]},{\"@type\":\"WebPage\",\"@id\":\"https:\/\/www.carideal.com\/blog\/2024\/04\/16\/test-de-la-nouvelle-audi-q4-e-tron-2024-plus-de-puissance-plus-dautonomie-et-une-charge-plus-rapide\/\",\"url\":\"https:\/\/www.carideal.com\/blog\/2024\/04\/16\/test-de-la-nouvelle-audi-q4-e-tron-2024-plus-de-puissance-plus-dautonomie-et-une-charge-plus-rapide\/\",\"name\":\"Test de la nouvelle Audi Q4 e-tron 2024 : plus de puissance, plus d'autonomie et une charge plus rapide - Blog auto Carid\u00e9al\",\"isPartOf\":{\"@id\":\"https:\/\/www.carideal.com\/blog\/#website\"},\"primaryImageOfPage\":{\"@id\":\"https:\/\/www.carideal.com\/blog\/2024\/04\/16\/test-de-la-nouvelle-audi-q4-e-tron-2024-plus-de-puissance-plus-dautonomie-et-une-charge-plus-rapide\/#primaryimage\"},\"image\":{\"@id\":\"https:\/\/www.carideal.com\/blog\/2024\/04\/16\/test-de-la-nouvelle-audi-q4-e-tron-2024-plus-de-puissance-plus-dautonomie-et-une-charge-plus-rapide\/#primaryimage\"},\"thumbnailUrl\":\"https:\/\/www.carideal.com\/blog\/wp-content\/uploads\/2024\/04\/Audi-Q4-e-tron-45-2024.webp\",\"datePublished\":\"2024-04-16T17:21:06+00:00\",\"dateModified\":\"2024-04-16T17:29:47+00:00\",\"description\":\"Test de la nouvelle Audi Q4 e-tron 2024 : plus de puissance, plus d'autonomie et une charge plus rapide\",\"breadcrumb\":{\"@id\":\"https:\/\/www.carideal.com\/blog\/2024\/04\/16\/test-de-la-nouvelle-audi-q4-e-tron-2024-plus-de-puissance-plus-dautonomie-et-une-charge-plus-rapide\/#breadcrumb\"},\"inLanguage\":\"fr-FR\",\"potentialAction\":[{\"@type\":\"ReadAction\",\"target\":[\"https:\/\/www.carideal.com\/blog\/2024\/04\/16\/test-de-la-nouvelle-audi-q4-e-tron-2024-plus-de-puissance-plus-dautonomie-et-une-charge-plus-rapide\/\"]}]},{\"@type\":\"ImageObject\",\"inLanguage\":\"fr-FR\",\"@id\":\"https:\/\/www.carideal.com\/blog\/2024\/04\/16\/test-de-la-nouvelle-audi-q4-e-tron-2024-plus-de-puissance-plus-dautonomie-et-une-charge-plus-rapide\/#primaryimage\",\"url\":\"https:\/\/www.carideal.com\/blog\/wp-content\/uploads\/2024\/04\/Audi-Q4-e-tron-45-2024.webp\",\"contentUrl\":\"https:\/\/www.carideal.com\/blog\/wp-content\/uploads\/2024\/04\/Audi-Q4-e-tron-45-2024.webp\",\"width\":1260,\"height\":710,\"caption\":\"Test de la nouvelle Audi Q4 e-tron 2024 : plus de puissance, plus d'autonomie et une charge plus rapide\"},{\"@type\":\"BreadcrumbList\",\"@id\":\"https:\/\/www.carideal.com\/blog\/2024\/04\/16\/test-de-la-nouvelle-audi-q4-e-tron-2024-plus-de-puissance-plus-dautonomie-et-une-charge-plus-rapide\/#breadcrumb\",\"itemListElement\":[{\"@type\":\"ListItem\",\"position\":1,\"name\":\"Blog Carid\u00e9al\",\"item\":\"https:\/\/www.carideal.com\/blog\/\"},{\"@type\":\"ListItem\",\"position\":2,\"name\":\"Essais automobile\",\"item\":\"https:\/\/www.carideal.com\/blog\/essai\/\"},{\"@type\":\"ListItem\",\"position\":3,\"name\":\"Essais Audi\",\"item\":\"https:\/\/www.carideal.com\/blog\/essai\/audi-essai\/\"},{\"@type\":\"ListItem\",\"position\":4,\"name\":\"Test de la nouvelle Audi Q4 e-tron 2024 : plus de puissance, plus d&rsquo;autonomie et une charge plus rapide\"}]},{\"@type\":\"WebSite\",\"@id\":\"https:\/\/www.carideal.com\/blog\/#website\",\"url\":\"https:\/\/www.carideal.com\/blog\/\",\"name\":\"Blog auto Carid\u00e9al\",\"description\":\"Actualit\u00e9 auto par des passionn\u00e9s\",\"publisher\":{\"@id\":\"https:\/\/www.carideal.com\/blog\/#organization\"},\"potentialAction\":[{\"@type\":\"SearchAction\",\"target\":{\"@type\":\"EntryPoint\",\"urlTemplate\":\"https:\/\/www.carideal.com\/blog\/?s={search_term_string}\"},\"query-input\":{\"@type\":\"PropertyValueSpecification\",\"valueRequired\":true,\"valueName\":\"search_term_string\"}}],\"inLanguage\":\"fr-FR\"},{\"@type\":\"Organization\",\"@id\":\"https:\/\/www.carideal.com\/blog\/#organization\",\"name\":\"Carideal\",\"url\":\"https:\/\/www.carideal.com\/blog\/\",\"logo\":{\"@type\":\"ImageObject\",\"inLanguage\":\"fr-FR\",\"@id\":\"https:\/\/www.carideal.com\/blog\/#\/schema\/logo\/image\/\",\"url\":\"http:\/\/www.carideal.com\/blog\/wp-content\/uploads\/2016\/03\/logo-carideal-mandataire-automobile.png\",\"contentUrl\":\"http:\/\/www.carideal.com\/blog\/wp-content\/uploads\/2016\/03\/logo-carideal-mandataire-automobile.png\",\"width\":300,\"height\":300,\"caption\":\"Carideal\"},\"image\":{\"@id\":\"https:\/\/www.carideal.com\/blog\/#\/schema\/logo\/image\/\"},\"sameAs\":[\"https:\/\/www.facebook.com\/Carideal.mandataire.automobile\",\"https:\/\/x.com\/caridealauto\",\"https:\/\/www.instagram.com\/carideal1\/\",\"https:\/\/www.linkedin.com\/company\/carideal.com\",\"https:\/\/fr.pinterest.com\/schiavonsas\/\",\"https:\/\/www.youtube.com\/user\/caridealsas\"]},{\"@type\":\"Person\",\"@id\":\"https:\/\/www.carideal.com\/blog\/#\/schema\/person\/cd95dc7919660de90d31b366f85be1ec\",\"name\":\"Nicolas SCHIAVON\",\"image\":{\"@type\":\"ImageObject\",\"inLanguage\":\"fr-FR\",\"@id\":\"https:\/\/www.carideal.com\/blog\/#\/schema\/person\/image\/\",\"url\":\"https:\/\/secure.gravatar.com\/avatar\/c17e55009e671d92cc7f5dc837dc418a?s=96&r=g\",\"contentUrl\":\"https:\/\/secure.gravatar.com\/avatar\/c17e55009e671d92cc7f5dc837dc418a?s=96&r=g\",\"caption\":\"Nicolas SCHIAVON\"},\"description\":\"Nicolas Schiavon est tomb\u00e9 tout petit dans la marmite automobile. Ayant eu un garage de marque automobile, mandataire automobile de la premi\u00e8re heure d\u00e8s 1999. Nicolas a cr\u00e9\u00e9 ces premiers sites de vente de voiture et blog automobile d\u00e8s 1994. Carideal est n\u00e9 le 15 d\u00e9cembre 2000 de la volont\u00e9 de vendre des voitures d'occasions en ligne puis des voitures neuves. Il a pu essayer beaucoup de voitures tr\u00e8s diff\u00e9rentes et ayant eu personnellement quelques belles autos, Subaru Impreza, Mitsubishi Lancer Evo 7, Porsche 911, Ferrari Testarrossa, Audi RS3, RS4 et j'en passe...\",\"sameAs\":[\"http:\/\/www.carideal.com\",\"https:\/\/www.facebook.com\/nicolas.schiavon.39\",\"https:\/\/www.instagram.com\/carideal1\/\",\"https:\/\/www.linkedin.com\/in\/nschiavon\/\",\"https:\/\/x.com\/caridealauto\",\"https:\/\/www.youtube.com\/user\/caridealsas\/\"],\"url\":\"https:\/\/www.carideal.com\/blog\/author\/nschiavon\/\"}]}<\/script>\n<!-- \/ Yoast SEO plugin. -->","yoast_head_json":{"title":"Test de la nouvelle Audi Q4 e-tron 2024 : plus de puissance, plus d'autonomie et une charge plus rapide - Blog auto Carid\u00e9al","description":"Test de la nouvelle Audi Q4 e-tron 2024 : plus de puissance, plus d'autonomie et une charge plus rapide","robots":{"index":"index","follow":"follow","max-snippet":"max-snippet:-1","max-image-preview":"max-image-preview:large","max-video-preview":"max-video-preview:-1"},"canonical":"https:\/\/www.carideal.com\/blog\/2024\/04\/16\/test-de-la-nouvelle-audi-q4-e-tron-2024-plus-de-puissance-plus-dautonomie-et-une-charge-plus-rapide\/","og_locale":"fr_FR","og_type":"article","og_title":"Test de la nouvelle Audi Q4 e-tron 2024 : plus de puissance, plus d'autonomie et une charge plus rapide - Blog auto Carid\u00e9al","og_description":"Test de la nouvelle Audi Q4 e-tron 2024 : plus de puissance, plus d'autonomie et une charge plus rapide","og_url":"https:\/\/www.carideal.com\/blog\/2024\/04\/16\/test-de-la-nouvelle-audi-q4-e-tron-2024-plus-de-puissance-plus-dautonomie-et-une-charge-plus-rapide\/","og_site_name":"Blog auto Carid\u00e9al","article_publisher":"https:\/\/www.facebook.com\/Carideal.mandataire.automobile","article_author":"https:\/\/www.facebook.com\/nicolas.schiavon.39","article_published_time":"2024-04-16T17:21:06+00:00","article_modified_time":"2024-04-16T17:29:47+00:00","og_image":[{"width":1260,"height":710,"url":"https:\/\/www.carideal.com\/blog\/wp-content\/uploads\/2024\/04\/Audi-Q4-e-tron-45-2024.webp","type":"image\/webp"}],"author":"Nicolas SCHIAVON","twitter_card":"summary_large_image","twitter_creator":"@caridealauto","twitter_site":"@caridealauto","twitter_misc":{"\u00c9crit par":"Nicolas SCHIAVON","Dur\u00e9e de lecture estim\u00e9e":"4 minutes"},"schema":{"@context":"https:\/\/schema.org","@graph":[{"@type":"Article","@id":"https:\/\/www.carideal.com\/blog\/2024\/04\/16\/test-de-la-nouvelle-audi-q4-e-tron-2024-plus-de-puissance-plus-dautonomie-et-une-charge-plus-rapide\/#article","isPartOf":{"@id":"https:\/\/www.carideal.com\/blog\/2024\/04\/16\/test-de-la-nouvelle-audi-q4-e-tron-2024-plus-de-puissance-plus-dautonomie-et-une-charge-plus-rapide\/"},"author":{"name":"Nicolas SCHIAVON","@id":"https:\/\/www.carideal.com\/blog\/#\/schema\/person\/cd95dc7919660de90d31b366f85be1ec"},"headline":"Test de la nouvelle Audi Q4 e-tron 2024 : plus de puissance, plus d&rsquo;autonomie et une charge plus rapide","datePublished":"2024-04-16T17:21:06+00:00","dateModified":"2024-04-16T17:29:47+00:00","mainEntityOfPage":{"@id":"https:\/\/www.carideal.com\/blog\/2024\/04\/16\/test-de-la-nouvelle-audi-q4-e-tron-2024-plus-de-puissance-plus-dautonomie-et-une-charge-plus-rapide\/"},"wordCount":629,"commentCount":0,"publisher":{"@id":"https:\/\/www.carideal.com\/blog\/#organization"},"image":{"@id":"https:\/\/www.carideal.com\/blog\/2024\/04\/16\/test-de-la-nouvelle-audi-q4-e-tron-2024-plus-de-puissance-plus-dautonomie-et-une-charge-plus-rapide\/#primaryimage"},"thumbnailUrl":"https:\/\/www.carideal.com\/blog\/wp-content\/uploads\/2024\/04\/Audi-Q4-e-tron-45-2024.webp","keywords":["SUV \u00e9lectrique"],"articleSection":["Essais Audi","Voiture \u00e9lectrique"],"inLanguage":"fr-FR","potentialAction":[{"@type":"CommentAction","name":"Comment","target":["https:\/\/www.carideal.com\/blog\/2024\/04\/16\/test-de-la-nouvelle-audi-q4-e-tron-2024-plus-de-puissance-plus-dautonomie-et-une-charge-plus-rapide\/#respond"]}]},{"@type":"WebPage","@id":"https:\/\/www.carideal.com\/blog\/2024\/04\/16\/test-de-la-nouvelle-audi-q4-e-tron-2024-plus-de-puissance-plus-dautonomie-et-une-charge-plus-rapide\/","url":"https:\/\/www.carideal.com\/blog\/2024\/04\/16\/test-de-la-nouvelle-audi-q4-e-tron-2024-plus-de-puissance-plus-dautonomie-et-une-charge-plus-rapide\/","name":"Test de la nouvelle Audi Q4 e-tron 2024 : plus de puissance, plus d'autonomie et une charge plus rapide - Blog auto Carid\u00e9al","isPartOf":{"@id":"https:\/\/www.carideal.com\/blog\/#website"},"primaryImageOfPage":{"@id":"https:\/\/www.carideal.com\/blog\/2024\/04\/16\/test-de-la-nouvelle-audi-q4-e-tron-2024-plus-de-puissance-plus-dautonomie-et-une-charge-plus-rapide\/#primaryimage"},"image":{"@id":"https:\/\/www.carideal.com\/blog\/2024\/04\/16\/test-de-la-nouvelle-audi-q4-e-tron-2024-plus-de-puissance-plus-dautonomie-et-une-charge-plus-rapide\/#primaryimage"},"thumbnailUrl":"https:\/\/www.carideal.com\/blog\/wp-content\/uploads\/2024\/04\/Audi-Q4-e-tron-45-2024.webp","datePublished":"2024-04-16T17:21:06+00:00","dateModified":"2024-04-16T17:29:47+00:00","description":"Test de la nouvelle Audi Q4 e-tron 2024 : plus de puissance, plus d'autonomie et une charge plus rapide","breadcrumb":{"@id":"https:\/\/www.carideal.com\/blog\/2024\/04\/16\/test-de-la-nouvelle-audi-q4-e-tron-2024-plus-de-puissance-plus-dautonomie-et-une-charge-plus-rapide\/#breadcrumb"},"inLanguage":"fr-FR","potentialAction":[{"@type":"ReadAction","target":["https:\/\/www.carideal.com\/blog\/2024\/04\/16\/test-de-la-nouvelle-audi-q4-e-tron-2024-plus-de-puissance-plus-dautonomie-et-une-charge-plus-rapide\/"]}]},{"@type":"ImageObject","inLanguage":"fr-FR","@id":"https:\/\/www.carideal.com\/blog\/2024\/04\/16\/test-de-la-nouvelle-audi-q4-e-tron-2024-plus-de-puissance-plus-dautonomie-et-une-charge-plus-rapide\/#primaryimage","url":"https:\/\/www.carideal.com\/blog\/wp-content\/uploads\/2024\/04\/Audi-Q4-e-tron-45-2024.webp","contentUrl":"https:\/\/www.carideal.com\/blog\/wp-content\/uploads\/2024\/04\/Audi-Q4-e-tron-45-2024.webp","width":1260,"height":710,"caption":"Test de la nouvelle Audi Q4 e-tron 2024 : plus de puissance, plus d'autonomie et une charge plus rapide"},{"@type":"BreadcrumbList","@id":"https:\/\/www.carideal.com\/blog\/2024\/04\/16\/test-de-la-nouvelle-audi-q4-e-tron-2024-plus-de-puissance-plus-dautonomie-et-une-charge-plus-rapide\/#breadcrumb","itemListElement":[{"@type":"ListItem","position":1,"name":"Blog Carid\u00e9al","item":"https:\/\/www.carideal.com\/blog\/"},{"@type":"ListItem","position":2,"name":"Essais automobile","item":"https:\/\/www.carideal.com\/blog\/essai\/"},{"@type":"ListItem","position":3,"name":"Essais Audi","item":"https:\/\/www.carideal.com\/blog\/essai\/audi-essai\/"},{"@type":"ListItem","position":4,"name":"Test de la nouvelle Audi Q4 e-tron 2024 : plus de puissance, plus d&rsquo;autonomie et une charge plus rapide"}]},{"@type":"WebSite","@id":"https:\/\/www.carideal.com\/blog\/#website","url":"https:\/\/www.carideal.com\/blog\/","name":"Blog auto Carid\u00e9al","description":"Actualit\u00e9 auto par des passionn\u00e9s","publisher":{"@id":"https:\/\/www.carideal.com\/blog\/#organization"},"potentialAction":[{"@type":"SearchAction","target":{"@type":"EntryPoint","urlTemplate":"https:\/\/www.carideal.com\/blog\/?s={search_term_string}"},"query-input":{"@type":"PropertyValueSpecification","valueRequired":true,"valueName":"search_term_string"}}],"inLanguage":"fr-FR"},{"@type":"Organization","@id":"https:\/\/www.carideal.com\/blog\/#organization","name":"Carideal","url":"https:\/\/www.carideal.com\/blog\/","logo":{"@type":"ImageObject","inLanguage":"fr-FR","@id":"https:\/\/www.carideal.com\/blog\/#\/schema\/logo\/image\/","url":"http:\/\/www.carideal.com\/blog\/wp-content\/uploads\/2016\/03\/logo-carideal-mandataire-automobile.png","contentUrl":"http:\/\/www.carideal.com\/blog\/wp-content\/uploads\/2016\/03\/logo-carideal-mandataire-automobile.png","width":300,"height":300,"caption":"Carideal"},"image":{"@id":"https:\/\/www.carideal.com\/blog\/#\/schema\/logo\/image\/"},"sameAs":["https:\/\/www.facebook.com\/Carideal.mandataire.automobile","https:\/\/x.com\/caridealauto","https:\/\/www.instagram.com\/carideal1\/","https:\/\/www.linkedin.com\/company\/carideal.com","https:\/\/fr.pinterest.com\/schiavonsas\/","https:\/\/www.youtube.com\/user\/caridealsas"]},{"@type":"Person","@id":"https:\/\/www.carideal.com\/blog\/#\/schema\/person\/cd95dc7919660de90d31b366f85be1ec","name":"Nicolas SCHIAVON","image":{"@type":"ImageObject","inLanguage":"fr-FR","@id":"https:\/\/www.carideal.com\/blog\/#\/schema\/person\/image\/","url":"https:\/\/secure.gravatar.com\/avatar\/c17e55009e671d92cc7f5dc837dc418a?s=96&r=g","contentUrl":"https:\/\/secure.gravatar.com\/avatar\/c17e55009e671d92cc7f5dc837dc418a?s=96&r=g","caption":"Nicolas SCHIAVON"},"description":"Nicolas Schiavon est tomb\u00e9 tout petit dans la marmite automobile. Ayant eu un garage de marque automobile, mandataire automobile de la premi\u00e8re heure d\u00e8s 1999. Nicolas a cr\u00e9\u00e9 ces premiers sites de vente de voiture et blog automobile d\u00e8s 1994. Carideal est n\u00e9 le 15 d\u00e9cembre 2000 de la volont\u00e9 de vendre des voitures d'occasions en ligne puis des voitures neuves. Il a pu essayer beaucoup de voitures tr\u00e8s diff\u00e9rentes et ayant eu personnellement quelques belles autos, Subaru Impreza, Mitsubishi Lancer Evo 7, Porsche 911, Ferrari Testarrossa, Audi RS3, RS4 et j'en passe...","sameAs":["http:\/\/www.carideal.com","https:\/\/www.facebook.com\/nicolas.schiavon.39","https:\/\/www.instagram.com\/carideal1\/","https:\/\/www.linkedin.com\/in\/nschiavon\/","https:\/\/x.com\/caridealauto","https:\/\/www.youtube.com\/user\/caridealsas\/"],"url":"https:\/\/www.carideal.com\/blog\/author\/nschiavon\/"}]}},"uagb_featured_image_src":{"full":["https:\/\/www.carideal.com\/blog\/wp-content\/uploads\/2024\/04\/Audi-Q4-e-tron-45-2024.webp",1260,710,false],"thumbnail":["https:\/\/www.carideal.com\/blog\/wp-content\/uploads\/2024\/04\/Audi-Q4-e-tron-45-2024-150x150.webp",150,150,true],"medium":["https:\/\/www.carideal.com\/blog\/wp-content\/uploads\/2024\/04\/Audi-Q4-e-tron-45-2024-300x169.webp",300,169,true],"medium_large":["https:\/\/www.carideal.com\/blog\/wp-content\/uploads\/2024\/04\/Audi-Q4-e-tron-45-2024-768x433.webp",768,433,true],"large":["https:\/\/www.carideal.com\/blog\/wp-content\/uploads\/2024\/04\/Audi-Q4-e-tron-45-2024-1024x577.webp",1024,577,true],"1536x1536":["https:\/\/www.carideal.com\/blog\/wp-content\/uploads\/2024\/04\/Audi-Q4-e-tron-45-2024.webp",1260,710,false],"2048x2048":["https:\/\/www.carideal.com\/blog\/wp-content\/uploads\/2024\/04\/Audi-Q4-e-tron-45-2024.webp",1260,710,false],"wppr-widget":["https:\/\/www.carideal.com\/blog\/wp-content\/uploads\/2024\/04\/Audi-Q4-e-tron-45-2024-50x28.webp",50,28,true]},"uagb_author_info":{"display_name":"Nicolas SCHIAVON","author_link":"https:\/\/www.carideal.com\/blog\/author\/nschiavon\/"},"uagb_comment_info":6,"uagb_excerpt":"Test de la nouvelle Audi Q4 e-tron 2024 : plus de puissance, plus d'autonomie et une charge plus rapide L'Audi Q4 e-tron 2024 se distingue non seulement par son design, mais surtout par les am\u00e9liorations substantielles apport\u00e9es sous sa carrosserie, affirmant ainsi son statut de SUV \u00e9lectrique de choix dans un march\u00e9 de plus en\u2026","_links":{"self":[{"href":"https:\/\/www.carideal.com\/blog\/wp-json\/wp\/v2\/posts\/27835"}],"collection":[{"href":"https:\/\/www.carideal.com\/blog\/wp-json\/wp\/v2\/posts"}],"about":[{"href":"https:\/\/www.carideal.com\/blog\/wp-json\/wp\/v2\/types\/post"}],"author":[{"embeddable":true,"href":"https:\/\/www.carideal.com\/blog\/wp-json\/wp\/v2\/users\/3"}],"replies":[{"embeddable":true,"href":"https:\/\/www.carideal.com\/blog\/wp-json\/wp\/v2\/comments?post=27835"}],"version-history":[{"count":0,"href":"https:\/\/www.carideal.com\/blog\/wp-json\/wp\/v2\/posts\/27835\/revisions"}],"wp:featuredmedia":[{"embeddable":true,"href":"https:\/\/www.carideal.com\/blog\/wp-json\/wp\/v2\/media\/27893"}],"wp:attachment":[{"href":"https:\/\/www.carideal.com\/blog\/wp-json\/wp\/v2\/media?parent=27835"}],"wp:term":[{"taxonomy":"category","embeddable":true,"href":"https:\/\/www.carideal.com\/blog\/wp-json\/wp\/v2\/categories?post=27835"},{"taxonomy":"post_tag","embeddable":true,"href":"https:\/\/www.carideal.com\/blog\/wp-json\/wp\/v2\/tags?post=27835"}],"curies":[{"name":"wp","href":"https:\/\/api.w.org\/{rel}","templated":true}]}}