{"id":27765,"date":"2024-02-12T10:06:55","date_gmt":"2024-02-12T09:06:55","guid":{"rendered":"https:\/\/www.carideal.com\/blog\/?p=27765"},"modified":"2024-02-12T10:07:56","modified_gmt":"2024-02-12T09:07:56","slug":"essai-de-la-mercedes-cla-2-de-2019-doccasion","status":"publish","type":"post","link":"https:\/\/www.carideal.com\/blog\/2024\/02\/12\/essai-de-la-mercedes-cla-2-de-2019-doccasion\/","title":{"rendered":"Essai de la Mercedes CLA 2 de 2019 d&rsquo;occasion : une berline styl\u00e9e et tr\u00e8s sympathique"},"content":{"rendered":"\n<h1 class=\"wp-block-heading\" id=\"h-guide-complet-pour-l-achat-d-une-mercedes-cla-d-occasion-modele-mk2-depuis-2019\">Guide Complet pour l'Achat d'une Mercedes CLA d'Occasion : Mod\u00e8le Mk2 depuis 2019<\/h1>\n\n\n\n<p>La Mercedes CLA, depuis son lancement en 2019, est devenue un choix incontournable pour les amateurs de <a href=\"https:\/\/www.carideal.com\/blog\/2018\/02\/03\/meilleures-berlines-hayon-2018\/\">berlines compactes<\/a>. Avec son design attrayant et ses performances impressionnantes, elle offre une exp\u00e9rience de conduite unique. Dans ce guide, nous explorerons en d\u00e9tail le mod\u00e8le CLA Mk2, en mettant l'accent sur les caract\u00e9ristiques de la <a href=\"https:\/\/www.carideal.com\/blog\/marque-de-voiture-actualites-essais\/mercedes\/\">Mercedes<\/a>, ses options et aspects \u00e0 consid\u00e9rer lors de l'achat d'une version d'occasion.<\/p>\n\n\n\n<h2 class=\"wp-block-heading\" id=\"h-historique-du-modele\">Historique du Mod\u00e8le<\/h2>\n\n\n\n<h3 class=\"wp-block-heading\" id=\"h-lancement-et-evolution\">Lancement et \u00c9volution<\/h3>\n\n\n\n<p>La Mercedes CLA Mk2 a \u00e9t\u00e9 lanc\u00e9e en juillet 2019, marquant une avanc\u00e9e significative par rapport \u00e0 son pr\u00e9d\u00e9cesseur. Initialement disponible en versions CLA 180 (134 ch) et CLA 200 (161 ch) avec un moteur \u00e0 essence turbo de 1,3 litre, le mod\u00e8le a rapidement \u00e9largi sa gamme. Des versions diesel CLA 220d de 148 ch et 187 ch, ainsi que la CLA Shooting Brake, ont \u00e9t\u00e9 introduites peu apr\u00e8s. La gamme s'est enrichie avec la CLA 35 4Matic de 302 ch et la puissante CLA 45 S 4Matic+ de 415 ch, toutes deux dot\u00e9es d'un moteur quatre cylindres de 1 991 cc.<\/p>\n\n\n\n<h3 class=\"wp-block-heading\" id=\"h-hybride-plug-in-cla-250e\">Hybride Plug-In CLA 250e<\/h3>\n\n\n\n<p>En avril 2020, Mercedes a lanc\u00e9 la CLA 250e <a href=\"https:\/\/www.carideal.com\/blog\/2018\/12\/05\/voiture-hybride-rechargeable-peut-elle-amusante\/\">hybride plug-in<\/a>, combinant un moteur \u00e0 essence de 1,3 litre \u00e0 un moteur \u00e9lectrique de 75 kW, aliment\u00e9 par une batterie de 15,6 kWh. Cette version est particuli\u00e8rement adapt\u00e9e aux trajets urbains ou de courte distance.<\/p>\n\n\n\n<h2 class=\"wp-block-heading\" id=\"h-choix-du-modele\">Choix du Mod\u00e8le<\/h2>\n\n\n\n<h3 class=\"wp-block-heading\" id=\"h-performance-et-utilisation\">Performance et Utilisation<\/h3>\n\n\n\n<p>Les versions essence CLA 180 et CLA 200 offrent des performances raisonnables, tandis que les mod\u00e8les diesel conviennent mieux aux conducteurs parcourant de longues distances. Pour une utilisation moyenne, la CLA 250e hybride plug-in repr\u00e9sente un excellent compromis entre co\u00fbt et \u00e9cologie.<\/p>\n\n\n\n<h3 class=\"wp-block-heading\" id=\"h-finitions-et-equipements\">Finitions et \u00c9quipements<\/h3>\n\n\n\n<p>La finition de base AMG Line comprend des jantes de 18 pouces, des modes de conduite ajustables, des capteurs de stationnement, des si\u00e8ges avant chauffants, et plus encore. Les niveaux AMG Line Premium et Premium Plus ajoutent des \u00e9l\u00e9ments tels que l'entr\u00e9e sans cl\u00e9, un syst\u00e8me audio am\u00e9lior\u00e9, et un toit ouvrant panoramique.<\/p>\n\n\n\n<h2 class=\"wp-block-heading\" id=\"h-alternatives-a-la-mercedes-cla\">Alternatives \u00e0 la Mercedes CLA<\/h2>\n\n\n\n<h3 class=\"wp-block-heading\" id=\"h-concurrents-sur-le-marche\">Concurrents sur le March\u00e9<\/h3>\n\n\n\n<p>Parmi les alternatives, l'<a href=\"https:\/\/www.carideal.com\/blog\/2013\/08\/13\/audi-a3-berline-2\/\">Audi A3 berline<\/a> et la <a href=\"https:\/\/www.carideal.com\/blog\/2019\/10\/17\/nouvelle-bmw-serie-2-gran-coupe-2020-vise-a-renverser-la-mercedes-cla\/\">BMW S\u00e9rie 2 Gran Coup\u00e9<\/a> se distinguent par leur technologie et leurs performances. La Mazda 3 Fastback et la <a href=\"https:\/\/www.carideal.com\/blog\/2012\/03\/22\/hyundai-i30\/\">Hyundai i30 Fastback<\/a> sont \u00e9galement des concurrents, offrant un excellent rapport qualit\u00e9-prix.<\/p>\n\n\n\n<h2 class=\"wp-block-heading\" id=\"h-points-cles-a-verifier\">Points Cl\u00e9s \u00e0 V\u00e9rifier<\/h2>\n\n\n\n<h3 class=\"wp-block-heading\" id=\"h-qualite-de-construction-et-fiabilite\">Qualit\u00e9 de Construction et Fiabilit\u00e9<\/h3>\n\n\n\n<p>Bien que la qualit\u00e9 de construction de la CLA soit g\u00e9n\u00e9ralement impressionnante, certains mod\u00e8les peuvent pr\u00e9senter des grincements au niveau des montants B et des vibrations dans les garnitures des portes avant. Il est donc crucial de v\u00e9rifier ces points lors de l'achat d'une occasion.<\/p>\n\n\n\n<h3 class=\"wp-block-heading\" id=\"h-interieur-et-confort\">Int\u00e9rieur et Confort<\/h3>\n\n\n\n<p>L'int\u00e9rieur de la CLA se distingue par son tableau de bord num\u00e9rique haute technologie et l'utilisation de mat\u00e9riaux haut de gamme. Toutefois, l'espace aux places arri\u00e8re peut \u00eatre limit\u00e9 en raison de la ligne de toit inclin\u00e9e.<\/p>\n\n\n\n<h3 class=\"wp-block-heading\" id=\"h-capacite-de-chargement\">Capacit\u00e9 de Chargement<\/h3>\n\n\n\n<p>La CLA offre un volume de coffre de 505 litres, qui passe \u00e0 1 370 litres une fois les si\u00e8ges arri\u00e8re rabattus. Pour la version hybride CLA 250e, le volume est l\u00e9g\u00e8rement r\u00e9duit en raison de la batterie.<\/p>\n\n\n\n<h2 class=\"wp-block-heading\" id=\"h-couts-d-entretien-et-rappels\">Co\u00fbts d'Entretien et Rappels<\/h2>\n\n\n\n<h3 class=\"wp-block-heading\" id=\"h-entretien-regulier\">Entretien R\u00e9gulier<\/h3>\n\n\n\n<p>Les CLA n\u00e9cessitent un entretien annuel ou tous les 20 000 km. Les co\u00fbts varient selon le mod\u00e8le, avec un entretien mineur autour de 360 \u20ac et un entretien majeur \u00e0 environ 440 \u20ac pour les mod\u00e8les essence.<\/p>\n\n\n\n<h3 class=\"wp-block-heading\" id=\"h-rappels\">Rappels<\/h3>\n\n\n\n<p>Le mod\u00e8le Mk2 de la CLA a fait l'objet de plusieurs rappels depuis son lancement, notamment pour des probl\u00e8mes de turbo, de capteurs de collision, et de syst\u00e8me e-Call. Il est donc important de v\u00e9rifier si toutes les mises \u00e0 jour et r\u00e9parations ont \u00e9t\u00e9 effectu\u00e9es.<\/p>\n\n\n\n<h2 class=\"wp-block-heading\" id=\"h-ce-qu-il-faut-retenir-avant-d-acheter-cette-cla-d-occasion\">Ce qu'il faut retenir avant d'acheter cette CLA d'occasion<\/h2>\n\n\n\n<p>La Mercedes CLA Mk2 est une option s\u00e9duisante pour ceux qui cherchent une berline compacte alliant style, performance et technologie. En tenant compte des diff\u00e9rents aspects abord\u00e9s dans ce guide, vous serez en mesure de choisir le mod\u00e8le d'occasion qui r\u00e9pond le mieux \u00e0 vos besoins et attentes.<\/p>\n\n\n\n<hr class=\"wp-block-separator has-alpha-channel-opacity\"\/>\n\n\n\n<div class=\"wp-block-wp-mermaid-block mermaid\">\ngraph TD\n    A[Mercedes CLA Mk2] --> B[Choix du Mod\u00e8le]\n    B --> C[Essence: CLA 180 &amp; 200]\n    B --> D[Diesel: CLA 220d]\n    B --> E[Hybride Plug-In: CLA 250e]\n    A --> F[Alternatives]\n    F --> G[Audi A3 Berline]\n    F --> H[BMW S\u00e9rie 2 Gran Coup\u00e9]\n    A --> I[Points Cl\u00e9s \u00e0 V\u00e9rifier]\n    I --> J[Qualit\u00e9 de Construction]\n    I --> K[Int\u00e9rieur et Confort]\n    I --> L[Capacit\u00e9 de Chargement]\n    A --> M[Co\u00fbts d'Entretien et Rappels]\n\n<\/div>\n\n\n\n<p>Ce diagramme illustre de mani\u00e8re succincte les principaux points \u00e0 consid\u00e9rer lors de l'achat d'une Mercedes CLA Mk2 d'occasion, aidant ainsi les acheteurs potentiels \u00e0 prendre une d\u00e9cision \u00e9clair\u00e9e.<\/p>\n","protected":false},"excerpt":{"rendered":"<p>Guide Complet pour l&rsquo;Achat d&rsquo;une Mercedes CLA d&rsquo;Occasion : Mod\u00e8le Mk2 depuis 2019 La Mercedes CLA, depuis son lancement en 2019, est devenue un choix incontournable pour les amateurs de berlines compactes. Avec son design attrayant et ses performances impressionnantes, elle offre une exp\u00e9rience de conduite unique. Dans ce guide, nous explorerons en d\u00e9tail le &#8230; <a title=\"Essai de la Mercedes CLA 2 de 2019 d&rsquo;occasion : une berline styl\u00e9e et tr\u00e8s sympathique\" class=\"read-more\" href=\"https:\/\/www.carideal.com\/blog\/2024\/02\/12\/essai-de-la-mercedes-cla-2-de-2019-doccasion\/\" aria-label=\"En savoir plus sur Essai de la Mercedes CLA 2 de 2019 d&rsquo;occasion : une berline styl\u00e9e et tr\u00e8s sympathique\">Lire plus<\/a><\/p>\n","protected":false},"author":3,"featured_media":27767,"comment_status":"open","ping_status":"open","sticky":false,"template":"","format":"standard","meta":{"_uag_custom_page_level_css":"","_themeisle_gutenberg_block_has_review":false,"footnotes":""},"categories":[5947,5996],"tags":[],"class_list":["post-27765","post","type-post","status-publish","format-standard","has-post-thumbnail","hentry","category-essai","category-mercedes-essai"],"wppr_data":{"cwp_meta_box_check":"No"},"yoast_head":"<!-- This site is optimized with the Yoast SEO plugin v24.8.1 - https:\/\/yoast.com\/wordpress\/plugins\/seo\/ -->\n<title>Essai de la Mercedes CLA 2 de 2019 d&#039;occasion : une berline styl\u00e9e et tr\u00e8s sympathique - Blog auto Carid\u00e9al<\/title>\n<meta name=\"description\" content=\"Explorons en d\u00e9tail le mod\u00e8le Mercedes CLA 2, en mettant l&#039;accent sur ses caract\u00e9ristiques, options et aspects \u00e0 consid\u00e9rer lors de l&#039;achat d&#039;une version d&#039;occasion.\" \/>\n<meta name=\"robots\" content=\"index, follow, max-snippet:-1, max-image-preview:large, max-video-preview:-1\" \/>\n<link rel=\"canonical\" href=\"https:\/\/www.carideal.com\/blog\/2024\/02\/12\/essai-de-la-mercedes-cla-2-de-2019-doccasion\/\" \/>\n<meta property=\"og:locale\" content=\"fr_FR\" \/>\n<meta property=\"og:type\" content=\"article\" \/>\n<meta property=\"og:title\" content=\"Essai de la Mercedes CLA 2 de 2019 d&#039;occasion : une berline styl\u00e9e et tr\u00e8s sympathique - Blog auto Carid\u00e9al\" \/>\n<meta property=\"og:description\" content=\"Explorons en d\u00e9tail le mod\u00e8le Mercedes CLA 2, en mettant l&#039;accent sur ses caract\u00e9ristiques, options et aspects \u00e0 consid\u00e9rer lors de l&#039;achat d&#039;une version d&#039;occasion.\" \/>\n<meta property=\"og:url\" content=\"https:\/\/www.carideal.com\/blog\/2024\/02\/12\/essai-de-la-mercedes-cla-2-de-2019-doccasion\/\" \/>\n<meta property=\"og:site_name\" content=\"Blog auto Carid\u00e9al\" \/>\n<meta property=\"article:publisher\" content=\"https:\/\/www.facebook.com\/Carideal.mandataire.automobile\" \/>\n<meta property=\"article:author\" content=\"https:\/\/www.facebook.com\/nicolas.schiavon.39\" \/>\n<meta property=\"article:published_time\" content=\"2024-02-12T09:06:55+00:00\" \/>\n<meta property=\"article:modified_time\" content=\"2024-02-12T09:07:56+00:00\" \/>\n<meta property=\"og:image\" content=\"https:\/\/www.carideal.com\/blog\/wp-content\/uploads\/2024\/02\/essai-Mercedes-CLA-2019.jpeg\" \/>\n\t<meta property=\"og:image:width\" content=\"1500\" \/>\n\t<meta property=\"og:image:height\" content=\"796\" \/>\n\t<meta property=\"og:image:type\" content=\"image\/jpeg\" \/>\n<meta name=\"author\" content=\"Nicolas SCHIAVON\" \/>\n<meta name=\"twitter:card\" content=\"summary_large_image\" \/>\n<meta name=\"twitter:creator\" content=\"@caridealauto\" \/>\n<meta name=\"twitter:site\" content=\"@caridealauto\" \/>\n<meta name=\"twitter:label1\" content=\"\u00c9crit par\" \/>\n\t<meta name=\"twitter:data1\" content=\"Nicolas SCHIAVON\" \/>\n\t<meta name=\"twitter:label2\" content=\"Dur\u00e9e de lecture estim\u00e9e\" \/>\n\t<meta name=\"twitter:data2\" content=\"5 minutes\" \/>\n<script type=\"application\/ld+json\" class=\"yoast-schema-graph\">{\"@context\":\"https:\/\/schema.org\",\"@graph\":[{\"@type\":\"Article\",\"@id\":\"https:\/\/www.carideal.com\/blog\/2024\/02\/12\/essai-de-la-mercedes-cla-2-de-2019-doccasion\/#article\",\"isPartOf\":{\"@id\":\"https:\/\/www.carideal.com\/blog\/2024\/02\/12\/essai-de-la-mercedes-cla-2-de-2019-doccasion\/\"},\"author\":{\"name\":\"Nicolas SCHIAVON\",\"@id\":\"https:\/\/www.carideal.com\/blog\/#\/schema\/person\/cd95dc7919660de90d31b366f85be1ec\"},\"headline\":\"Essai de la Mercedes CLA 2 de 2019 d&rsquo;occasion : une berline styl\u00e9e et tr\u00e8s sympathique\",\"datePublished\":\"2024-02-12T09:06:55+00:00\",\"dateModified\":\"2024-02-12T09:07:56+00:00\",\"mainEntityOfPage\":{\"@id\":\"https:\/\/www.carideal.com\/blog\/2024\/02\/12\/essai-de-la-mercedes-cla-2-de-2019-doccasion\/\"},\"wordCount\":818,\"commentCount\":0,\"publisher\":{\"@id\":\"https:\/\/www.carideal.com\/blog\/#organization\"},\"image\":{\"@id\":\"https:\/\/www.carideal.com\/blog\/2024\/02\/12\/essai-de-la-mercedes-cla-2-de-2019-doccasion\/#primaryimage\"},\"thumbnailUrl\":\"https:\/\/www.carideal.com\/blog\/wp-content\/uploads\/2024\/02\/essai-Mercedes-CLA-2019.jpeg\",\"articleSection\":[\"Essais automobile\",\"Essais Mercedes\"],\"inLanguage\":\"fr-FR\",\"potentialAction\":[{\"@type\":\"CommentAction\",\"name\":\"Comment\",\"target\":[\"https:\/\/www.carideal.com\/blog\/2024\/02\/12\/essai-de-la-mercedes-cla-2-de-2019-doccasion\/#respond\"]}]},{\"@type\":\"WebPage\",\"@id\":\"https:\/\/www.carideal.com\/blog\/2024\/02\/12\/essai-de-la-mercedes-cla-2-de-2019-doccasion\/\",\"url\":\"https:\/\/www.carideal.com\/blog\/2024\/02\/12\/essai-de-la-mercedes-cla-2-de-2019-doccasion\/\",\"name\":\"Essai de la Mercedes CLA 2 de 2019 d'occasion : une berline styl\u00e9e et tr\u00e8s sympathique - Blog auto Carid\u00e9al\",\"isPartOf\":{\"@id\":\"https:\/\/www.carideal.com\/blog\/#website\"},\"primaryImageOfPage\":{\"@id\":\"https:\/\/www.carideal.com\/blog\/2024\/02\/12\/essai-de-la-mercedes-cla-2-de-2019-doccasion\/#primaryimage\"},\"image\":{\"@id\":\"https:\/\/www.carideal.com\/blog\/2024\/02\/12\/essai-de-la-mercedes-cla-2-de-2019-doccasion\/#primaryimage\"},\"thumbnailUrl\":\"https:\/\/www.carideal.com\/blog\/wp-content\/uploads\/2024\/02\/essai-Mercedes-CLA-2019.jpeg\",\"datePublished\":\"2024-02-12T09:06:55+00:00\",\"dateModified\":\"2024-02-12T09:07:56+00:00\",\"description\":\"Explorons en d\u00e9tail le mod\u00e8le Mercedes CLA 2, en mettant l'accent sur ses caract\u00e9ristiques, options et aspects \u00e0 consid\u00e9rer lors de l'achat d'une version d'occasion.\",\"breadcrumb\":{\"@id\":\"https:\/\/www.carideal.com\/blog\/2024\/02\/12\/essai-de-la-mercedes-cla-2-de-2019-doccasion\/#breadcrumb\"},\"inLanguage\":\"fr-FR\",\"potentialAction\":[{\"@type\":\"ReadAction\",\"target\":[\"https:\/\/www.carideal.com\/blog\/2024\/02\/12\/essai-de-la-mercedes-cla-2-de-2019-doccasion\/\"]}]},{\"@type\":\"ImageObject\",\"inLanguage\":\"fr-FR\",\"@id\":\"https:\/\/www.carideal.com\/blog\/2024\/02\/12\/essai-de-la-mercedes-cla-2-de-2019-doccasion\/#primaryimage\",\"url\":\"https:\/\/www.carideal.com\/blog\/wp-content\/uploads\/2024\/02\/essai-Mercedes-CLA-2019.jpeg\",\"contentUrl\":\"https:\/\/www.carideal.com\/blog\/wp-content\/uploads\/2024\/02\/essai-Mercedes-CLA-2019.jpeg\",\"width\":1500,\"height\":796,\"caption\":\"Essai Mercedes CLA 2 de 2019 d'occasion\"},{\"@type\":\"BreadcrumbList\",\"@id\":\"https:\/\/www.carideal.com\/blog\/2024\/02\/12\/essai-de-la-mercedes-cla-2-de-2019-doccasion\/#breadcrumb\",\"itemListElement\":[{\"@type\":\"ListItem\",\"position\":1,\"name\":\"Blog Carid\u00e9al\",\"item\":\"https:\/\/www.carideal.com\/blog\/\"},{\"@type\":\"ListItem\",\"position\":2,\"name\":\"Essais automobile\",\"item\":\"https:\/\/www.carideal.com\/blog\/essai\/\"},{\"@type\":\"ListItem\",\"position\":3,\"name\":\"Essais Mercedes\",\"item\":\"https:\/\/www.carideal.com\/blog\/essai\/mercedes-essai\/\"},{\"@type\":\"ListItem\",\"position\":4,\"name\":\"Essai de la Mercedes CLA 2 de 2019 d&rsquo;occasion : une berline styl\u00e9e et tr\u00e8s sympathique\"}]},{\"@type\":\"WebSite\",\"@id\":\"https:\/\/www.carideal.com\/blog\/#website\",\"url\":\"https:\/\/www.carideal.com\/blog\/\",\"name\":\"Blog auto Carid\u00e9al\",\"description\":\"Actualit\u00e9 auto par des passionn\u00e9s\",\"publisher\":{\"@id\":\"https:\/\/www.carideal.com\/blog\/#organization\"},\"potentialAction\":[{\"@type\":\"SearchAction\",\"target\":{\"@type\":\"EntryPoint\",\"urlTemplate\":\"https:\/\/www.carideal.com\/blog\/?s={search_term_string}\"},\"query-input\":{\"@type\":\"PropertyValueSpecification\",\"valueRequired\":true,\"valueName\":\"search_term_string\"}}],\"inLanguage\":\"fr-FR\"},{\"@type\":\"Organization\",\"@id\":\"https:\/\/www.carideal.com\/blog\/#organization\",\"name\":\"Carideal\",\"url\":\"https:\/\/www.carideal.com\/blog\/\",\"logo\":{\"@type\":\"ImageObject\",\"inLanguage\":\"fr-FR\",\"@id\":\"https:\/\/www.carideal.com\/blog\/#\/schema\/logo\/image\/\",\"url\":\"http:\/\/www.carideal.com\/blog\/wp-content\/uploads\/2016\/03\/logo-carideal-mandataire-automobile.png\",\"contentUrl\":\"http:\/\/www.carideal.com\/blog\/wp-content\/uploads\/2016\/03\/logo-carideal-mandataire-automobile.png\",\"width\":300,\"height\":300,\"caption\":\"Carideal\"},\"image\":{\"@id\":\"https:\/\/www.carideal.com\/blog\/#\/schema\/logo\/image\/\"},\"sameAs\":[\"https:\/\/www.facebook.com\/Carideal.mandataire.automobile\",\"https:\/\/x.com\/caridealauto\",\"https:\/\/www.instagram.com\/carideal1\/\",\"https:\/\/www.linkedin.com\/company\/carideal.com\",\"https:\/\/fr.pinterest.com\/schiavonsas\/\",\"https:\/\/www.youtube.com\/user\/caridealsas\"]},{\"@type\":\"Person\",\"@id\":\"https:\/\/www.carideal.com\/blog\/#\/schema\/person\/cd95dc7919660de90d31b366f85be1ec\",\"name\":\"Nicolas SCHIAVON\",\"image\":{\"@type\":\"ImageObject\",\"inLanguage\":\"fr-FR\",\"@id\":\"https:\/\/www.carideal.com\/blog\/#\/schema\/person\/image\/\",\"url\":\"https:\/\/secure.gravatar.com\/avatar\/c17e55009e671d92cc7f5dc837dc418a?s=96&r=g\",\"contentUrl\":\"https:\/\/secure.gravatar.com\/avatar\/c17e55009e671d92cc7f5dc837dc418a?s=96&r=g\",\"caption\":\"Nicolas SCHIAVON\"},\"description\":\"Nicolas Schiavon est tomb\u00e9 tout petit dans la marmite automobile. Ayant eu un garage de marque automobile, mandataire automobile de la premi\u00e8re heure d\u00e8s 1999. Nicolas a cr\u00e9\u00e9 ces premiers sites de vente de voiture et blog automobile d\u00e8s 1994. Carideal est n\u00e9 le 15 d\u00e9cembre 2000 de la volont\u00e9 de vendre des voitures d'occasions en ligne puis des voitures neuves. Il a pu essayer beaucoup de voitures tr\u00e8s diff\u00e9rentes et ayant eu personnellement quelques belles autos, Subaru Impreza, Mitsubishi Lancer Evo 7, Porsche 911, Ferrari Testarrossa, Audi RS3, RS4 et j'en passe...\",\"sameAs\":[\"http:\/\/www.carideal.com\",\"https:\/\/www.facebook.com\/nicolas.schiavon.39\",\"https:\/\/www.instagram.com\/carideal1\/\",\"https:\/\/www.linkedin.com\/in\/nschiavon\/\",\"https:\/\/x.com\/caridealauto\",\"https:\/\/www.youtube.com\/user\/caridealsas\/\"],\"url\":\"https:\/\/www.carideal.com\/blog\/author\/nschiavon\/\"}]}<\/script>\n<!-- \/ Yoast SEO plugin. -->","yoast_head_json":{"title":"Essai de la Mercedes CLA 2 de 2019 d'occasion : une berline styl\u00e9e et tr\u00e8s sympathique - Blog auto Carid\u00e9al","description":"Explorons en d\u00e9tail le mod\u00e8le Mercedes CLA 2, en mettant l'accent sur ses caract\u00e9ristiques, options et aspects \u00e0 consid\u00e9rer lors de l'achat d'une version d'occasion.","robots":{"index":"index","follow":"follow","max-snippet":"max-snippet:-1","max-image-preview":"max-image-preview:large","max-video-preview":"max-video-preview:-1"},"canonical":"https:\/\/www.carideal.com\/blog\/2024\/02\/12\/essai-de-la-mercedes-cla-2-de-2019-doccasion\/","og_locale":"fr_FR","og_type":"article","og_title":"Essai de la Mercedes CLA 2 de 2019 d'occasion : une berline styl\u00e9e et tr\u00e8s sympathique - Blog auto Carid\u00e9al","og_description":"Explorons en d\u00e9tail le mod\u00e8le Mercedes CLA 2, en mettant l'accent sur ses caract\u00e9ristiques, options et aspects \u00e0 consid\u00e9rer lors de l'achat d'une version d'occasion.","og_url":"https:\/\/www.carideal.com\/blog\/2024\/02\/12\/essai-de-la-mercedes-cla-2-de-2019-doccasion\/","og_site_name":"Blog auto Carid\u00e9al","article_publisher":"https:\/\/www.facebook.com\/Carideal.mandataire.automobile","article_author":"https:\/\/www.facebook.com\/nicolas.schiavon.39","article_published_time":"2024-02-12T09:06:55+00:00","article_modified_time":"2024-02-12T09:07:56+00:00","og_image":[{"width":1500,"height":796,"url":"https:\/\/www.carideal.com\/blog\/wp-content\/uploads\/2024\/02\/essai-Mercedes-CLA-2019.jpeg","type":"image\/jpeg"}],"author":"Nicolas SCHIAVON","twitter_card":"summary_large_image","twitter_creator":"@caridealauto","twitter_site":"@caridealauto","twitter_misc":{"\u00c9crit par":"Nicolas SCHIAVON","Dur\u00e9e de lecture estim\u00e9e":"5 minutes"},"schema":{"@context":"https:\/\/schema.org","@graph":[{"@type":"Article","@id":"https:\/\/www.carideal.com\/blog\/2024\/02\/12\/essai-de-la-mercedes-cla-2-de-2019-doccasion\/#article","isPartOf":{"@id":"https:\/\/www.carideal.com\/blog\/2024\/02\/12\/essai-de-la-mercedes-cla-2-de-2019-doccasion\/"},"author":{"name":"Nicolas SCHIAVON","@id":"https:\/\/www.carideal.com\/blog\/#\/schema\/person\/cd95dc7919660de90d31b366f85be1ec"},"headline":"Essai de la Mercedes CLA 2 de 2019 d&rsquo;occasion : une berline styl\u00e9e et tr\u00e8s sympathique","datePublished":"2024-02-12T09:06:55+00:00","dateModified":"2024-02-12T09:07:56+00:00","mainEntityOfPage":{"@id":"https:\/\/www.carideal.com\/blog\/2024\/02\/12\/essai-de-la-mercedes-cla-2-de-2019-doccasion\/"},"wordCount":818,"commentCount":0,"publisher":{"@id":"https:\/\/www.carideal.com\/blog\/#organization"},"image":{"@id":"https:\/\/www.carideal.com\/blog\/2024\/02\/12\/essai-de-la-mercedes-cla-2-de-2019-doccasion\/#primaryimage"},"thumbnailUrl":"https:\/\/www.carideal.com\/blog\/wp-content\/uploads\/2024\/02\/essai-Mercedes-CLA-2019.jpeg","articleSection":["Essais automobile","Essais Mercedes"],"inLanguage":"fr-FR","potentialAction":[{"@type":"CommentAction","name":"Comment","target":["https:\/\/www.carideal.com\/blog\/2024\/02\/12\/essai-de-la-mercedes-cla-2-de-2019-doccasion\/#respond"]}]},{"@type":"WebPage","@id":"https:\/\/www.carideal.com\/blog\/2024\/02\/12\/essai-de-la-mercedes-cla-2-de-2019-doccasion\/","url":"https:\/\/www.carideal.com\/blog\/2024\/02\/12\/essai-de-la-mercedes-cla-2-de-2019-doccasion\/","name":"Essai de la Mercedes CLA 2 de 2019 d'occasion : une berline styl\u00e9e et tr\u00e8s sympathique - Blog auto Carid\u00e9al","isPartOf":{"@id":"https:\/\/www.carideal.com\/blog\/#website"},"primaryImageOfPage":{"@id":"https:\/\/www.carideal.com\/blog\/2024\/02\/12\/essai-de-la-mercedes-cla-2-de-2019-doccasion\/#primaryimage"},"image":{"@id":"https:\/\/www.carideal.com\/blog\/2024\/02\/12\/essai-de-la-mercedes-cla-2-de-2019-doccasion\/#primaryimage"},"thumbnailUrl":"https:\/\/www.carideal.com\/blog\/wp-content\/uploads\/2024\/02\/essai-Mercedes-CLA-2019.jpeg","datePublished":"2024-02-12T09:06:55+00:00","dateModified":"2024-02-12T09:07:56+00:00","description":"Explorons en d\u00e9tail le mod\u00e8le Mercedes CLA 2, en mettant l'accent sur ses caract\u00e9ristiques, options et aspects \u00e0 consid\u00e9rer lors de l'achat d'une version d'occasion.","breadcrumb":{"@id":"https:\/\/www.carideal.com\/blog\/2024\/02\/12\/essai-de-la-mercedes-cla-2-de-2019-doccasion\/#breadcrumb"},"inLanguage":"fr-FR","potentialAction":[{"@type":"ReadAction","target":["https:\/\/www.carideal.com\/blog\/2024\/02\/12\/essai-de-la-mercedes-cla-2-de-2019-doccasion\/"]}]},{"@type":"ImageObject","inLanguage":"fr-FR","@id":"https:\/\/www.carideal.com\/blog\/2024\/02\/12\/essai-de-la-mercedes-cla-2-de-2019-doccasion\/#primaryimage","url":"https:\/\/www.carideal.com\/blog\/wp-content\/uploads\/2024\/02\/essai-Mercedes-CLA-2019.jpeg","contentUrl":"https:\/\/www.carideal.com\/blog\/wp-content\/uploads\/2024\/02\/essai-Mercedes-CLA-2019.jpeg","width":1500,"height":796,"caption":"Essai Mercedes CLA 2 de 2019 d'occasion"},{"@type":"BreadcrumbList","@id":"https:\/\/www.carideal.com\/blog\/2024\/02\/12\/essai-de-la-mercedes-cla-2-de-2019-doccasion\/#breadcrumb","itemListElement":[{"@type":"ListItem","position":1,"name":"Blog Carid\u00e9al","item":"https:\/\/www.carideal.com\/blog\/"},{"@type":"ListItem","position":2,"name":"Essais automobile","item":"https:\/\/www.carideal.com\/blog\/essai\/"},{"@type":"ListItem","position":3,"name":"Essais Mercedes","item":"https:\/\/www.carideal.com\/blog\/essai\/mercedes-essai\/"},{"@type":"ListItem","position":4,"name":"Essai de la Mercedes CLA 2 de 2019 d&rsquo;occasion : une berline styl\u00e9e et tr\u00e8s sympathique"}]},{"@type":"WebSite","@id":"https:\/\/www.carideal.com\/blog\/#website","url":"https:\/\/www.carideal.com\/blog\/","name":"Blog auto Carid\u00e9al","description":"Actualit\u00e9 auto par des passionn\u00e9s","publisher":{"@id":"https:\/\/www.carideal.com\/blog\/#organization"},"potentialAction":[{"@type":"SearchAction","target":{"@type":"EntryPoint","urlTemplate":"https:\/\/www.carideal.com\/blog\/?s={search_term_string}"},"query-input":{"@type":"PropertyValueSpecification","valueRequired":true,"valueName":"search_term_string"}}],"inLanguage":"fr-FR"},{"@type":"Organization","@id":"https:\/\/www.carideal.com\/blog\/#organization","name":"Carideal","url":"https:\/\/www.carideal.com\/blog\/","logo":{"@type":"ImageObject","inLanguage":"fr-FR","@id":"https:\/\/www.carideal.com\/blog\/#\/schema\/logo\/image\/","url":"http:\/\/www.carideal.com\/blog\/wp-content\/uploads\/2016\/03\/logo-carideal-mandataire-automobile.png","contentUrl":"http:\/\/www.carideal.com\/blog\/wp-content\/uploads\/2016\/03\/logo-carideal-mandataire-automobile.png","width":300,"height":300,"caption":"Carideal"},"image":{"@id":"https:\/\/www.carideal.com\/blog\/#\/schema\/logo\/image\/"},"sameAs":["https:\/\/www.facebook.com\/Carideal.mandataire.automobile","https:\/\/x.com\/caridealauto","https:\/\/www.instagram.com\/carideal1\/","https:\/\/www.linkedin.com\/company\/carideal.com","https:\/\/fr.pinterest.com\/schiavonsas\/","https:\/\/www.youtube.com\/user\/caridealsas"]},{"@type":"Person","@id":"https:\/\/www.carideal.com\/blog\/#\/schema\/person\/cd95dc7919660de90d31b366f85be1ec","name":"Nicolas SCHIAVON","image":{"@type":"ImageObject","inLanguage":"fr-FR","@id":"https:\/\/www.carideal.com\/blog\/#\/schema\/person\/image\/","url":"https:\/\/secure.gravatar.com\/avatar\/c17e55009e671d92cc7f5dc837dc418a?s=96&r=g","contentUrl":"https:\/\/secure.gravatar.com\/avatar\/c17e55009e671d92cc7f5dc837dc418a?s=96&r=g","caption":"Nicolas SCHIAVON"},"description":"Nicolas Schiavon est tomb\u00e9 tout petit dans la marmite automobile. Ayant eu un garage de marque automobile, mandataire automobile de la premi\u00e8re heure d\u00e8s 1999. Nicolas a cr\u00e9\u00e9 ces premiers sites de vente de voiture et blog automobile d\u00e8s 1994. Carideal est n\u00e9 le 15 d\u00e9cembre 2000 de la volont\u00e9 de vendre des voitures d'occasions en ligne puis des voitures neuves. Il a pu essayer beaucoup de voitures tr\u00e8s diff\u00e9rentes et ayant eu personnellement quelques belles autos, Subaru Impreza, Mitsubishi Lancer Evo 7, Porsche 911, Ferrari Testarrossa, Audi RS3, RS4 et j'en passe...","sameAs":["http:\/\/www.carideal.com","https:\/\/www.facebook.com\/nicolas.schiavon.39","https:\/\/www.instagram.com\/carideal1\/","https:\/\/www.linkedin.com\/in\/nschiavon\/","https:\/\/x.com\/caridealauto","https:\/\/www.youtube.com\/user\/caridealsas\/"],"url":"https:\/\/www.carideal.com\/blog\/author\/nschiavon\/"}]}},"uagb_featured_image_src":{"full":["https:\/\/www.carideal.com\/blog\/wp-content\/uploads\/2024\/02\/essai-Mercedes-CLA-2019.jpeg",1500,796,false],"thumbnail":["https:\/\/www.carideal.com\/blog\/wp-content\/uploads\/2024\/02\/essai-Mercedes-CLA-2019-150x150.jpeg",150,150,true],"medium":["https:\/\/www.carideal.com\/blog\/wp-content\/uploads\/2024\/02\/essai-Mercedes-CLA-2019-300x159.jpeg",300,159,true],"medium_large":["https:\/\/www.carideal.com\/blog\/wp-content\/uploads\/2024\/02\/essai-Mercedes-CLA-2019-768x408.jpeg",768,408,true],"large":["https:\/\/www.carideal.com\/blog\/wp-content\/uploads\/2024\/02\/essai-Mercedes-CLA-2019-1024x543.jpeg",1024,543,true],"1536x1536":["https:\/\/www.carideal.com\/blog\/wp-content\/uploads\/2024\/02\/essai-Mercedes-CLA-2019.jpeg",1500,796,false],"2048x2048":["https:\/\/www.carideal.com\/blog\/wp-content\/uploads\/2024\/02\/essai-Mercedes-CLA-2019.jpeg",1500,796,false],"wppr-widget":["https:\/\/www.carideal.com\/blog\/wp-content\/uploads\/2024\/02\/essai-Mercedes-CLA-2019-50x27.jpeg",50,27,true]},"uagb_author_info":{"display_name":"Nicolas SCHIAVON","author_link":"https:\/\/www.carideal.com\/blog\/author\/nschiavon\/"},"uagb_comment_info":0,"uagb_excerpt":"Guide Complet pour l'Achat d'une Mercedes CLA d'Occasion : Mod\u00e8le Mk2 depuis 2019 La Mercedes CLA, depuis son lancement en 2019, est devenue un choix incontournable pour les amateurs de berlines compactes. Avec son design attrayant et ses performances impressionnantes, elle offre une exp\u00e9rience de conduite unique. Dans ce guide, nous explorerons en d\u00e9tail le\u2026","_links":{"self":[{"href":"https:\/\/www.carideal.com\/blog\/wp-json\/wp\/v2\/posts\/27765"}],"collection":[{"href":"https:\/\/www.carideal.com\/blog\/wp-json\/wp\/v2\/posts"}],"about":[{"href":"https:\/\/www.carideal.com\/blog\/wp-json\/wp\/v2\/types\/post"}],"author":[{"embeddable":true,"href":"https:\/\/www.carideal.com\/blog\/wp-json\/wp\/v2\/users\/3"}],"replies":[{"embeddable":true,"href":"https:\/\/www.carideal.com\/blog\/wp-json\/wp\/v2\/comments?post=27765"}],"version-history":[{"count":0,"href":"https:\/\/www.carideal.com\/blog\/wp-json\/wp\/v2\/posts\/27765\/revisions"}],"wp:featuredmedia":[{"embeddable":true,"href":"https:\/\/www.carideal.com\/blog\/wp-json\/wp\/v2\/media\/27767"}],"wp:attachment":[{"href":"https:\/\/www.carideal.com\/blog\/wp-json\/wp\/v2\/media?parent=27765"}],"wp:term":[{"taxonomy":"category","embeddable":true,"href":"https:\/\/www.carideal.com\/blog\/wp-json\/wp\/v2\/categories?post=27765"},{"taxonomy":"post_tag","embeddable":true,"href":"https:\/\/www.carideal.com\/blog\/wp-json\/wp\/v2\/tags?post=27765"}],"curies":[{"name":"wp","href":"https:\/\/api.w.org\/{rel}","templated":true}]}}