{"id":2772,"date":"2014-11-16T10:57:00","date_gmt":"2014-11-16T10:57:00","guid":{"rendered":"http:\/\/carideal.com\/blog\/?p=2772"},"modified":"2014-11-16T10:57:00","modified_gmt":"2014-11-16T10:57:00","slug":"essai-golf-sportsvan-vs-renault-scenic","status":"publish","type":"post","link":"https:\/\/www.carideal.com\/blog\/2014\/11\/16\/essai-golf-sportsvan-vs-renault-scenic\/","title":{"rendered":"Essai Golf Sportsvan VS Renault Scenic"},"content":{"rendered":"<p><img decoding=\"async\" src=\"\/blog\/public\/.golf-sportsvan_comfortline_carideal-mandataire-automobile_m.jpg\" alt=\"Volkswagen Golf Sportsvan Carideal mandataire automobile\" title=\"Volkswagen Golf Sportsvan Carideal mandataire automobile, nov. 2014\" \/><\/p>\n<blockquote>\n<p><a href=\"\/blog\/index.php?tag\/Volkswagen%20Sportsvan\">Volkswagen Sportsvan<\/a><\/p>\n<\/blockquote>\n<p>Plus spacieuse et fut\u00e9e que la Golf dont elle d\u00e9rive, la <a href=\"\/blog\/index.php?tag\/Sportsvan\">Sportsvan<\/a> s'attaque au segment des monospaces compacts avec plus de pertinence que feu la Golf Plus. Pour l'\u00e9talonner, la r\u00e9f\u00e9rence Scenic est de sortie. Qui est le meilleur&nbsp;?<\/p>\n<p>C'est l'histoire d'une <a href=\"\/blog\/index.php?tag\/Golf\">Golf<\/a> qui voulait soi\u00adgner ses vertus familiales. En deve\u00adnant Golf Plus en 2005, elle s'est offert un toit rehauss\u00e9 sans pour autant trouver son identit\u00e9. La faute \u00e0 une trop grande similitude avec sa s\u0153ur, son gabarit trop juste pour les ama\u00adteurs d'espace, et son style sans grand charme. D\u00e9nomm\u00e9e Sportsvan, sa rem\u00adpla\u00e7ante corrige le tir. Elle domine la Golf (+ 13 cm en hauteur) comme sa devan\u00adci\u00e8re, mais s'allonge aussi de 8 cm et repose sur un empat\u00adtement accru de 5 cm au b\u00e9n\u00e9\u00adfice de l'habitabilit\u00e9 arri\u00e8re et du coffre. Ajoutez \u00e0 l'ensem\u00adble une ligne fonci\u00e8rement dif\u00adf\u00e9rente de celle de la Golf clas\u00adsique et vous obtenez une alternative cr\u00e9dible \u00e0 un monospace compact \u00e0 cinq places. R\u00e9f\u00e9rent du genre, le <a href=\"\/blog\/index.php?tag\/Sc%C3%A9nic\">Sc\u00e9nic<\/a> donne ici la r\u00e9plique \u00e0 l'allemande.<\/p>\n<p><strong>\u00c0 conduire<\/strong> \u00c9quip\u00e9es de leur diesel coeur de gamme de 110 ch, nos deux rivales concilient sobri\u00e9t\u00e9 et polyvalence d'utilisation. \u00c9videmment, le manque de punch \u00e0 bas r\u00e9gimes dans les deux cas demande par\u00adfois de solliciter la m\u00e9canique lorsque le v\u00e9hicule est charg\u00e9, mais les prestations demeurent suffi\u00adsantes pour le quotidien. Le <a href=\"\/blog\/index.php?tag\/1.6%20TDI\">1.6 TDI<\/a> de la Golf Sportsvan fait preuve d'un tonus sup\u00e9rieur et d'un effet turbo un peu plus pro\u00adnonc\u00e9. Il appara\u00eet toutefois un peu rugueux et sonore dans ses mont\u00e9es en r\u00e9gime. Bien qu'un peu plus indolent, le 1.5 dCi <a href=\"\/blog\/index.php?tag\/Renault\">Renault<\/a> fait preuve d'une plus grande douceur et d'un meilleur agr\u00e9ment. Et sa bo\u00eete \u00e0 six rap\u00adports (contre cinq \u00e0 la <a href=\"\/blog\/index.php?tag\/Volkswa%C2%ADgen\">Volkswa\u00adgen<\/a>, \u00e0 moins d'opter pour la ver\u2011 sion <a href=\"\/blog\/index.php?tag\/BlueMotion\">BlueMotion<\/a> factur\u00e9e 800\u20ac de plus) lui permet de suivre sa rivale lors des relances. Les deux proposent un syst\u00e8me <a href=\"\/blog\/index.php?tag\/Stopamp%3BStart\">Stop&amp;Start<\/a> plut\u00f4t discret. Difficile de retrouver le dyna\u00admisme de la Golf \u00e0 bord du Sporstvan. Son poids sup\u00e9rieur d'environ 200 kg le rend un peu plus emprunt\u00e9 sur un itin\u00e9raire sinueux. Cela ne l'emp\u00eache pas de rester rigoureux, m\u00eame si ses suspensions souples privil\u00e9gient les vert\u00e8bres des passagers au maintien de caisse. Tant mieux pour le confort&nbsp;! En face, le Sc\u00e9\u00adnic se montre plus enjou\u00e9. Agile et profitant d'une direction r\u00e9us\u00adsie, il devient plus pr\u00e9cis et vire davantage \u00e0 plat sans pour autant p\u00e9naliser le confort en d\u00e9pit de ses suspensions plus fermes. \u00c0 vivre L'ambiance dans la Sportsvan se montre plus lumineuse qu'\u00e0 bord de la Golf gr\u00e2ce aux plus grandes surfaces vitr\u00e9es, et les aspects pratiques (rangements, assise en hauteur) sont emprun\u00adt\u00e9s au monde du <a href=\"\/blog\/index.php?tag\/monospace\">monospace<\/a>. La planche de bord est redessi\u00adn\u00e9e par rapport \u00e0 la Golf, mais l'habitacle reste typiquement Volkswagen&nbsp;: esprit s\u00e9rieux, ergonomie impeccable et qua\u00adlit\u00e9 de fabrication soign\u00e9e. Le poste de conduite reste typ\u00e9 ber\u00adline (compteurs \u00e0 aiguille der\u00adri\u00e8re le volant), alors que le Sc\u00e9\u00adnic propose une atmosph\u00e8re plus conviviale avec l'instru\u00admentation centrale et digitale.<\/p>\n<p><img decoding=\"async\" src=\"\/blog\/public\/.Renault-Scenic_2014-_m.jpg\" alt=\"Renault Scenic 2014 Carideal Mandataire automobile\" title=\"Renault Scenic 2014 Carideal Mandataire automobile, nov. 2014\" \/><\/p>\n<blockquote>\n<p>Renault Sc\u00e9nic 2014<\/p>\n<\/blockquote>\n<p>La vue vers l'avant est aussi plus d\u00e9gag\u00e9e, plus \u00ab&nbsp;panoramique&nbsp;\u00bb que dans la Sportsvan. install\u00e9s sur une banquette cou\u00adlissante en deux parties avec dos\u00adsiers r\u00e9glables en inclinaison, les passagers arri\u00e8re de l'allemande peuvent compter sur une belle hauteur sous pavillon, un espace aux jambes record et une surface vitr\u00e9e encore plus g\u00e9n\u00e9reuse qu'\u00e0 bord du Sc\u00e9nic. En revanche, l'oc\u00adcupant du milieu n'est pas mieux loti que dans une compacte clas\u00adsique. Celui de la Renault dis\u00adpose d'un vrai si\u00e8ge plus accueil\u00adlant, m\u00eame si son \u00e9troitesse par rapport aux deux autres convient surtout \u00e0 un petit gabarit. C\u00f4t\u00e9 coffre, le Sportsvan r\u00e9serve davantage d'espace en configu\u00adration cinq places (500 \u00e0 590 1 contre 470 \u00e0 555). Il appara\u00eet toutefois un peu moins acces\u00adsible que celui de la tricolore \u00e0 cause de sa plus faible largeur et de son seuil un peuplas haut. La banquette se rabat en un tournemain et lib\u00e8re jusqu'\u00e0 1 520 litres de chargement. Pour obtenir le maximum d'espace disponible, le propri\u00e9taire du Sc\u00e9nic doit d\u00e9monter et d\u00e9poser les si\u00e8ges arri\u00e8re. Il pro\u00adfite alors d'une hauteur d'en\u00adtr\u00e9e largement sup\u00e9rieure et d'un volume de 1 870 litres, mais au prix d'une bonne s\u00e9ance de musculation&nbsp;! <strong>\u00c0 acheter<\/strong> Factur\u00e9e 430\u20ac de moins que le Sc\u00e9nic Zen, la Golf Sportsvan Confortline se fait aussi plus g\u00e9n\u00e9reuse en \u00e9quipements. Sa dotation de s\u00e9rie comprend le r\u00e9trovi\u00adseur int\u00e9rieur \u00e9lectrochrome ou le si\u00e8ge passager r\u00e9glable en hauteur quand le Sc\u00e9nic n'a que des feux diurnes \u00e0 LED \u00e0 lui oposerser. La conception plus r\u00e9cente du Volkswagen lui permet en outre d'acc\u00e9der \u00e0 certaines options technologiques comme des phares bix\u00e9non directionels (1 550 \u20ac), ou le pack I Assist II (aide au maintien la voie de circulation, feu route automatiques, aide au stationnement park Assist avec cam\u00e9ra de recul pour 851\u20ac. Enfin, c\u00f4t\u00e9 consommation, le statu quo avec un \u00e9cart insignifiant de 0,2 1 sur la valeur mixte homologu\u00e9e.<\/p>\n<p>__La Golf r\u00e9ussit son passage chez les monospaces compacts avec ce d\u00e9riv\u00e9 Sportsvan pragmatique. Mais le Sc\u00e9nic montre que les ann\u00e9es n'ont pas d'emprise sur son talent. Il r\u00e9ussit partout quand le Sportsvan bute sur des d\u00e9tails plus ou moins aga\u00e7ants&nbsp;: place centrale arri\u00e8re peu exploitable, m\u00e9canique plus sonore, ambiance trop typ\u00e9e berline. Le Sc\u00e9nic garde donc l'avantage, mais l'\u00e9cart se resserre, surtout que, cot\u00e9 tarif, le Volkswagen est mieux plac\u00e9 que le Renault&nbsp;! __<\/p>\n","protected":false},"excerpt":{"rendered":"<p>Volkswagen Sportsvan Plus spacieuse et fut\u00e9e que la Golf dont elle d\u00e9rive, la Sportsvan s&rsquo;attaque au segment des monospaces compacts avec plus de pertinence que feu la Golf Plus. Pour l&rsquo;\u00e9talonner, la r\u00e9f\u00e9rence Scenic est de sortie. Qui est le meilleur&nbsp;? C&rsquo;est l&rsquo;histoire d&rsquo;une Golf qui voulait soi\u00adgner ses vertus familiales. En deve\u00adnant Golf Plus &#8230; <a title=\"Essai Golf Sportsvan VS Renault Scenic\" class=\"read-more\" href=\"https:\/\/www.carideal.com\/blog\/2014\/11\/16\/essai-golf-sportsvan-vs-renault-scenic\/\" aria-label=\"En savoir plus sur Essai Golf Sportsvan VS Renault Scenic\">Lire plus<\/a><\/p>\n","protected":false},"author":1,"featured_media":0,"comment_status":"closed","ping_status":"open","sticky":false,"template":"","format":"standard","meta":{"_uag_custom_page_level_css":"","_themeisle_gutenberg_block_has_review":false,"footnotes":""},"categories":[9],"tags":[],"class_list":["post-2772","post","type-post","status-publish","format-standard","hentry","category-divers"],"wppr_data":[],"yoast_head":"<!-- This site is optimized with the Yoast SEO plugin v24.8.1 - https:\/\/yoast.com\/wordpress\/plugins\/seo\/ -->\n<title>Essai Golf Sportsvan VS Renault Scenic - Blog auto Carid\u00e9al<\/title>\n<meta name=\"robots\" content=\"index, follow, max-snippet:-1, max-image-preview:large, max-video-preview:-1\" \/>\n<link rel=\"canonical\" href=\"https:\/\/www.carideal.com\/blog\/2014\/11\/16\/essai-golf-sportsvan-vs-renault-scenic\/\" \/>\n<meta property=\"og:locale\" content=\"fr_FR\" \/>\n<meta property=\"og:type\" content=\"article\" \/>\n<meta property=\"og:title\" content=\"Essai Golf Sportsvan VS Renault Scenic - Blog auto Carid\u00e9al\" \/>\n<meta property=\"og:description\" content=\"Volkswagen Sportsvan Plus spacieuse et fut\u00e9e que la Golf dont elle d\u00e9rive, la Sportsvan s&#039;attaque au segment des monospaces compacts avec plus de pertinence que feu la Golf Plus. Pour l&#039;\u00e9talonner, la r\u00e9f\u00e9rence Scenic est de sortie. Qui est le meilleur&nbsp;? C&#039;est l&#039;histoire d&#039;une Golf qui voulait soi\u00adgner ses vertus familiales. En deve\u00adnant Golf Plus ... Lire plus\" \/>\n<meta property=\"og:url\" content=\"https:\/\/www.carideal.com\/blog\/2014\/11\/16\/essai-golf-sportsvan-vs-renault-scenic\/\" \/>\n<meta property=\"og:site_name\" content=\"Blog auto Carid\u00e9al\" \/>\n<meta property=\"article:publisher\" content=\"https:\/\/www.facebook.com\/Carideal.mandataire.automobile\" \/>\n<meta property=\"article:author\" content=\"https:\/\/www.facebook.com\/Carideal.mandataire.automobile\/\" \/>\n<meta property=\"article:published_time\" content=\"2014-11-16T10:57:00+00:00\" \/>\n<meta property=\"og:image\" content=\"https:\/\/www.carideal.com\/blog\/wp-content\/uploads\/2016\/03\/logo-carideal-mandataire-automobile.png\" \/>\n\t<meta property=\"og:image:width\" content=\"300\" \/>\n\t<meta property=\"og:image:height\" content=\"300\" \/>\n\t<meta property=\"og:image:type\" content=\"image\/png\" \/>\n<meta name=\"author\" content=\"N.S Carideal\" \/>\n<meta name=\"twitter:card\" content=\"summary_large_image\" \/>\n<meta name=\"twitter:creator\" content=\"@caridealauto\" \/>\n<meta name=\"twitter:site\" content=\"@caridealauto\" \/>\n<meta name=\"twitter:label1\" content=\"\u00c9crit par\" \/>\n\t<meta name=\"twitter:data1\" content=\"N.S Carideal\" \/>\n\t<meta name=\"twitter:label2\" content=\"Dur\u00e9e de lecture estim\u00e9e\" \/>\n\t<meta name=\"twitter:data2\" content=\"5 minutes\" \/>\n<script type=\"application\/ld+json\" class=\"yoast-schema-graph\">{\"@context\":\"https:\/\/schema.org\",\"@graph\":[{\"@type\":\"Article\",\"@id\":\"https:\/\/www.carideal.com\/blog\/2014\/11\/16\/essai-golf-sportsvan-vs-renault-scenic\/#article\",\"isPartOf\":{\"@id\":\"https:\/\/www.carideal.com\/blog\/2014\/11\/16\/essai-golf-sportsvan-vs-renault-scenic\/\"},\"author\":{\"name\":\"N.S Carideal\",\"@id\":\"https:\/\/www.carideal.com\/blog\/#\/schema\/person\/985c7e757d1042d647f21bfaf8d41ebc\"},\"headline\":\"Essai Golf Sportsvan VS Renault Scenic\",\"datePublished\":\"2014-11-16T10:57:00+00:00\",\"mainEntityOfPage\":{\"@id\":\"https:\/\/www.carideal.com\/blog\/2014\/11\/16\/essai-golf-sportsvan-vs-renault-scenic\/\"},\"wordCount\":988,\"publisher\":{\"@id\":\"https:\/\/www.carideal.com\/blog\/#organization\"},\"articleSection\":[\"Divers\"],\"inLanguage\":\"fr-FR\"},{\"@type\":\"WebPage\",\"@id\":\"https:\/\/www.carideal.com\/blog\/2014\/11\/16\/essai-golf-sportsvan-vs-renault-scenic\/\",\"url\":\"https:\/\/www.carideal.com\/blog\/2014\/11\/16\/essai-golf-sportsvan-vs-renault-scenic\/\",\"name\":\"Essai Golf Sportsvan VS Renault Scenic - Blog auto Carid\u00e9al\",\"isPartOf\":{\"@id\":\"https:\/\/www.carideal.com\/blog\/#website\"},\"datePublished\":\"2014-11-16T10:57:00+00:00\",\"breadcrumb\":{\"@id\":\"https:\/\/www.carideal.com\/blog\/2014\/11\/16\/essai-golf-sportsvan-vs-renault-scenic\/#breadcrumb\"},\"inLanguage\":\"fr-FR\",\"potentialAction\":[{\"@type\":\"ReadAction\",\"target\":[\"https:\/\/www.carideal.com\/blog\/2014\/11\/16\/essai-golf-sportsvan-vs-renault-scenic\/\"]}]},{\"@type\":\"BreadcrumbList\",\"@id\":\"https:\/\/www.carideal.com\/blog\/2014\/11\/16\/essai-golf-sportsvan-vs-renault-scenic\/#breadcrumb\",\"itemListElement\":[{\"@type\":\"ListItem\",\"position\":1,\"name\":\"Blog Carid\u00e9al\",\"item\":\"https:\/\/www.carideal.com\/blog\/\"},{\"@type\":\"ListItem\",\"position\":2,\"name\":\"Divers\",\"item\":\"https:\/\/www.carideal.com\/blog\/divers\/\"},{\"@type\":\"ListItem\",\"position\":3,\"name\":\"Essai Golf Sportsvan VS Renault Scenic\"}]},{\"@type\":\"WebSite\",\"@id\":\"https:\/\/www.carideal.com\/blog\/#website\",\"url\":\"https:\/\/www.carideal.com\/blog\/\",\"name\":\"Blog auto Carid\u00e9al\",\"description\":\"Actualit\u00e9 auto par des passionn\u00e9s\",\"publisher\":{\"@id\":\"https:\/\/www.carideal.com\/blog\/#organization\"},\"potentialAction\":[{\"@type\":\"SearchAction\",\"target\":{\"@type\":\"EntryPoint\",\"urlTemplate\":\"https:\/\/www.carideal.com\/blog\/?s={search_term_string}\"},\"query-input\":{\"@type\":\"PropertyValueSpecification\",\"valueRequired\":true,\"valueName\":\"search_term_string\"}}],\"inLanguage\":\"fr-FR\"},{\"@type\":\"Organization\",\"@id\":\"https:\/\/www.carideal.com\/blog\/#organization\",\"name\":\"Carideal\",\"url\":\"https:\/\/www.carideal.com\/blog\/\",\"logo\":{\"@type\":\"ImageObject\",\"inLanguage\":\"fr-FR\",\"@id\":\"https:\/\/www.carideal.com\/blog\/#\/schema\/logo\/image\/\",\"url\":\"http:\/\/www.carideal.com\/blog\/wp-content\/uploads\/2016\/03\/logo-carideal-mandataire-automobile.png\",\"contentUrl\":\"http:\/\/www.carideal.com\/blog\/wp-content\/uploads\/2016\/03\/logo-carideal-mandataire-automobile.png\",\"width\":300,\"height\":300,\"caption\":\"Carideal\"},\"image\":{\"@id\":\"https:\/\/www.carideal.com\/blog\/#\/schema\/logo\/image\/\"},\"sameAs\":[\"https:\/\/www.facebook.com\/Carideal.mandataire.automobile\",\"https:\/\/x.com\/caridealauto\",\"https:\/\/www.instagram.com\/carideal1\/\",\"https:\/\/www.linkedin.com\/company\/carideal.com\",\"https:\/\/fr.pinterest.com\/schiavonsas\/\",\"https:\/\/www.youtube.com\/user\/caridealsas\"]},{\"@type\":\"Person\",\"@id\":\"https:\/\/www.carideal.com\/blog\/#\/schema\/person\/985c7e757d1042d647f21bfaf8d41ebc\",\"name\":\"N.S Carideal\",\"image\":{\"@type\":\"ImageObject\",\"inLanguage\":\"fr-FR\",\"@id\":\"https:\/\/www.carideal.com\/blog\/#\/schema\/person\/image\/\",\"url\":\"https:\/\/secure.gravatar.com\/avatar\/edb7ccdf1a4e3d14aef967760d354d0e?s=96&r=g\",\"contentUrl\":\"https:\/\/secure.gravatar.com\/avatar\/edb7ccdf1a4e3d14aef967760d354d0e?s=96&r=g\",\"caption\":\"N.S Carideal\"},\"description\":\"Depuis tout petit fan d'automobile. Il est question d'essayer et de comparer toutes ces voitures qui nous ont fait r\u00e9ver, avant que celles-ci ne devient uniquement des voitures de collection.\",\"sameAs\":[\"http:\/\/www.carideal.com\/blog\",\"https:\/\/www.facebook.com\/Carideal.mandataire.automobile\/\",\"https:\/\/www.linkedin.com\/in\/nschiavon\/\",\"https:\/\/www.youtube.com\/user\/caridealsas\/\"],\"url\":\"https:\/\/www.carideal.com\/blog\/author\/admin_carideal\/\"}]}<\/script>\n<!-- \/ Yoast SEO plugin. -->","yoast_head_json":{"title":"Essai Golf Sportsvan VS Renault Scenic - Blog auto Carid\u00e9al","robots":{"index":"index","follow":"follow","max-snippet":"max-snippet:-1","max-image-preview":"max-image-preview:large","max-video-preview":"max-video-preview:-1"},"canonical":"https:\/\/www.carideal.com\/blog\/2014\/11\/16\/essai-golf-sportsvan-vs-renault-scenic\/","og_locale":"fr_FR","og_type":"article","og_title":"Essai Golf Sportsvan VS Renault Scenic - Blog auto Carid\u00e9al","og_description":"Volkswagen Sportsvan Plus spacieuse et fut\u00e9e que la Golf dont elle d\u00e9rive, la Sportsvan s'attaque au segment des monospaces compacts avec plus de pertinence que feu la Golf Plus. Pour l'\u00e9talonner, la r\u00e9f\u00e9rence Scenic est de sortie. Qui est le meilleur&nbsp;? C'est l'histoire d'une Golf qui voulait soi\u00adgner ses vertus familiales. En deve\u00adnant Golf Plus ... Lire plus","og_url":"https:\/\/www.carideal.com\/blog\/2014\/11\/16\/essai-golf-sportsvan-vs-renault-scenic\/","og_site_name":"Blog auto Carid\u00e9al","article_publisher":"https:\/\/www.facebook.com\/Carideal.mandataire.automobile","article_author":"https:\/\/www.facebook.com\/Carideal.mandataire.automobile\/","article_published_time":"2014-11-16T10:57:00+00:00","og_image":[{"width":300,"height":300,"url":"https:\/\/www.carideal.com\/blog\/wp-content\/uploads\/2016\/03\/logo-carideal-mandataire-automobile.png","type":"image\/png"}],"author":"N.S Carideal","twitter_card":"summary_large_image","twitter_creator":"@caridealauto","twitter_site":"@caridealauto","twitter_misc":{"\u00c9crit par":"N.S Carideal","Dur\u00e9e de lecture estim\u00e9e":"5 minutes"},"schema":{"@context":"https:\/\/schema.org","@graph":[{"@type":"Article","@id":"https:\/\/www.carideal.com\/blog\/2014\/11\/16\/essai-golf-sportsvan-vs-renault-scenic\/#article","isPartOf":{"@id":"https:\/\/www.carideal.com\/blog\/2014\/11\/16\/essai-golf-sportsvan-vs-renault-scenic\/"},"author":{"name":"N.S Carideal","@id":"https:\/\/www.carideal.com\/blog\/#\/schema\/person\/985c7e757d1042d647f21bfaf8d41ebc"},"headline":"Essai Golf Sportsvan VS Renault Scenic","datePublished":"2014-11-16T10:57:00+00:00","mainEntityOfPage":{"@id":"https:\/\/www.carideal.com\/blog\/2014\/11\/16\/essai-golf-sportsvan-vs-renault-scenic\/"},"wordCount":988,"publisher":{"@id":"https:\/\/www.carideal.com\/blog\/#organization"},"articleSection":["Divers"],"inLanguage":"fr-FR"},{"@type":"WebPage","@id":"https:\/\/www.carideal.com\/blog\/2014\/11\/16\/essai-golf-sportsvan-vs-renault-scenic\/","url":"https:\/\/www.carideal.com\/blog\/2014\/11\/16\/essai-golf-sportsvan-vs-renault-scenic\/","name":"Essai Golf Sportsvan VS Renault Scenic - Blog auto Carid\u00e9al","isPartOf":{"@id":"https:\/\/www.carideal.com\/blog\/#website"},"datePublished":"2014-11-16T10:57:00+00:00","breadcrumb":{"@id":"https:\/\/www.carideal.com\/blog\/2014\/11\/16\/essai-golf-sportsvan-vs-renault-scenic\/#breadcrumb"},"inLanguage":"fr-FR","potentialAction":[{"@type":"ReadAction","target":["https:\/\/www.carideal.com\/blog\/2014\/11\/16\/essai-golf-sportsvan-vs-renault-scenic\/"]}]},{"@type":"BreadcrumbList","@id":"https:\/\/www.carideal.com\/blog\/2014\/11\/16\/essai-golf-sportsvan-vs-renault-scenic\/#breadcrumb","itemListElement":[{"@type":"ListItem","position":1,"name":"Blog Carid\u00e9al","item":"https:\/\/www.carideal.com\/blog\/"},{"@type":"ListItem","position":2,"name":"Divers","item":"https:\/\/www.carideal.com\/blog\/divers\/"},{"@type":"ListItem","position":3,"name":"Essai Golf Sportsvan VS Renault Scenic"}]},{"@type":"WebSite","@id":"https:\/\/www.carideal.com\/blog\/#website","url":"https:\/\/www.carideal.com\/blog\/","name":"Blog auto Carid\u00e9al","description":"Actualit\u00e9 auto par des passionn\u00e9s","publisher":{"@id":"https:\/\/www.carideal.com\/blog\/#organization"},"potentialAction":[{"@type":"SearchAction","target":{"@type":"EntryPoint","urlTemplate":"https:\/\/www.carideal.com\/blog\/?s={search_term_string}"},"query-input":{"@type":"PropertyValueSpecification","valueRequired":true,"valueName":"search_term_string"}}],"inLanguage":"fr-FR"},{"@type":"Organization","@id":"https:\/\/www.carideal.com\/blog\/#organization","name":"Carideal","url":"https:\/\/www.carideal.com\/blog\/","logo":{"@type":"ImageObject","inLanguage":"fr-FR","@id":"https:\/\/www.carideal.com\/blog\/#\/schema\/logo\/image\/","url":"http:\/\/www.carideal.com\/blog\/wp-content\/uploads\/2016\/03\/logo-carideal-mandataire-automobile.png","contentUrl":"http:\/\/www.carideal.com\/blog\/wp-content\/uploads\/2016\/03\/logo-carideal-mandataire-automobile.png","width":300,"height":300,"caption":"Carideal"},"image":{"@id":"https:\/\/www.carideal.com\/blog\/#\/schema\/logo\/image\/"},"sameAs":["https:\/\/www.facebook.com\/Carideal.mandataire.automobile","https:\/\/x.com\/caridealauto","https:\/\/www.instagram.com\/carideal1\/","https:\/\/www.linkedin.com\/company\/carideal.com","https:\/\/fr.pinterest.com\/schiavonsas\/","https:\/\/www.youtube.com\/user\/caridealsas"]},{"@type":"Person","@id":"https:\/\/www.carideal.com\/blog\/#\/schema\/person\/985c7e757d1042d647f21bfaf8d41ebc","name":"N.S Carideal","image":{"@type":"ImageObject","inLanguage":"fr-FR","@id":"https:\/\/www.carideal.com\/blog\/#\/schema\/person\/image\/","url":"https:\/\/secure.gravatar.com\/avatar\/edb7ccdf1a4e3d14aef967760d354d0e?s=96&r=g","contentUrl":"https:\/\/secure.gravatar.com\/avatar\/edb7ccdf1a4e3d14aef967760d354d0e?s=96&r=g","caption":"N.S Carideal"},"description":"Depuis tout petit fan d'automobile. Il est question d'essayer et de comparer toutes ces voitures qui nous ont fait r\u00e9ver, avant que celles-ci ne devient uniquement des voitures de collection.","sameAs":["http:\/\/www.carideal.com\/blog","https:\/\/www.facebook.com\/Carideal.mandataire.automobile\/","https:\/\/www.linkedin.com\/in\/nschiavon\/","https:\/\/www.youtube.com\/user\/caridealsas\/"],"url":"https:\/\/www.carideal.com\/blog\/author\/admin_carideal\/"}]}},"uagb_featured_image_src":{"full":false,"thumbnail":false,"medium":false,"medium_large":false,"large":false,"1536x1536":false,"2048x2048":false,"wppr-widget":false},"uagb_author_info":{"display_name":"N.S Carideal","author_link":"https:\/\/www.carideal.com\/blog\/author\/admin_carideal\/"},"uagb_comment_info":0,"uagb_excerpt":"Volkswagen Sportsvan Plus spacieuse et fut\u00e9e que la Golf dont elle d\u00e9rive, la Sportsvan s'attaque au segment des monospaces compacts avec plus de pertinence que feu la Golf Plus. Pour l'\u00e9talonner, la r\u00e9f\u00e9rence Scenic est de sortie. Qui est le meilleur&nbsp;? C'est l'histoire d'une Golf qui voulait soi\u00adgner ses vertus familiales. En deve\u00adnant Golf Plus\u2026","_links":{"self":[{"href":"https:\/\/www.carideal.com\/blog\/wp-json\/wp\/v2\/posts\/2772"}],"collection":[{"href":"https:\/\/www.carideal.com\/blog\/wp-json\/wp\/v2\/posts"}],"about":[{"href":"https:\/\/www.carideal.com\/blog\/wp-json\/wp\/v2\/types\/post"}],"author":[{"embeddable":true,"href":"https:\/\/www.carideal.com\/blog\/wp-json\/wp\/v2\/users\/1"}],"replies":[{"embeddable":true,"href":"https:\/\/www.carideal.com\/blog\/wp-json\/wp\/v2\/comments?post=2772"}],"version-history":[{"count":0,"href":"https:\/\/www.carideal.com\/blog\/wp-json\/wp\/v2\/posts\/2772\/revisions"}],"wp:attachment":[{"href":"https:\/\/www.carideal.com\/blog\/wp-json\/wp\/v2\/media?parent=2772"}],"wp:term":[{"taxonomy":"category","embeddable":true,"href":"https:\/\/www.carideal.com\/blog\/wp-json\/wp\/v2\/categories?post=2772"},{"taxonomy":"post_tag","embeddable":true,"href":"https:\/\/www.carideal.com\/blog\/wp-json\/wp\/v2\/tags?post=2772"}],"curies":[{"name":"wp","href":"https:\/\/api.w.org\/{rel}","templated":true}]}}