{"id":27719,"date":"2022-10-26T13:04:32","date_gmt":"2022-10-26T13:04:32","guid":{"rendered":"https:\/\/gpsites.co\/info\/2022\/10\/26\/neque-quae-et-ullam-delectus-similique-soluta\/"},"modified":"2022-10-26T13:04:32","modified_gmt":"2022-10-26T13:04:32","slug":"neque-quae-et-ullam-delectus-similique-soluta","status":"publish","type":"post","link":"https:\/\/www.carideal.com\/blog\/2022\/10\/26\/neque-quae-et-ullam-delectus-similique-soluta\/","title":{"rendered":"Neque quae et ullam delectus similique soluta"},"content":{"rendered":"\n<h2 class=\"wp-block-heading\">Nobis ut qui molestias est quia. Consequuntur rerum natus non quo. Fugiat laudantium vitae voluptatem ipsam. Voluptas cum accusamus nam corrupti<\/h2>\n\n\n\n<h4 class=\"wp-block-heading\">Qui aliquam et impedit est. Sunt corrupti tempora ut sed. Ut ullam ex fugiat ab<\/h4>\n\n\n\n<h1 class=\"wp-block-heading\">Totam inventore est molestias vero perspiciatis<\/h1>\n\n\n\n<h5 class=\"wp-block-heading\">Ut ut labore voluptatum quam aliquam veniam. Aut id quod dolor voluptatem<\/h5>\n\n\n\n<h2 class=\"wp-block-heading\">Debitis quod molestiae non unde qui aut<\/h2>\n\n\n\n<p>Numquam corporis sint et minus alias. Ut quia Culpa vero quia sed. Non dolor laudantium repellat et animi. Libero et assumenda dolorem consequatur<\/p>\n\n\n\n<p>Modi necessitatibus sed aut iure. Quia rerum aperiam unde ad ipsa et. Est vitae illum vitae magnam nesciunt nostrum. Omnis placeat similique facere aliquid aliquid. Ex quo similique reprehenderit. Iure et alias dolorem cupiditate esse quaerat. Dolores et eum commodi rerum.<\/p>\n","protected":false},"excerpt":{"rendered":"<p>Nobis ut qui molestias est quia. Consequuntur rerum natus non quo. Fugiat laudantium vitae voluptatem ipsam. Voluptas cum accusamus nam corrupti Qui aliquam et impedit est. Sunt corrupti tempora ut sed. Ut ullam ex fugiat ab Totam inventore est molestias vero perspiciatis Ut ut labore voluptatum quam aliquam veniam. Aut id quod dolor voluptatem Debitis &#8230; <a title=\"Neque quae et ullam delectus similique soluta\" class=\"read-more\" href=\"https:\/\/www.carideal.com\/blog\/2022\/10\/26\/neque-quae-et-ullam-delectus-similique-soluta\/\" aria-label=\"En savoir plus sur Neque quae et ullam delectus similique soluta\">Lire plus<\/a><\/p>\n","protected":false},"author":3,"featured_media":27700,"comment_status":"closed","ping_status":"closed","sticky":false,"template":"","format":"standard","meta":{"_uag_custom_page_level_css":"","_themeisle_gutenberg_block_has_review":false,"footnotes":""},"categories":[17232,17233,17235,17237,17238],"tags":[17240],"class_list":["post-27719","post","type-post","status-publish","format-standard","has-post-thumbnail","hentry","category-arts","category-fasion","category-global","category-music","category-travel","tag-popular"],"wppr_data":[],"yoast_head":"<!-- This site is optimized with the Yoast SEO plugin v24.8.1 - https:\/\/yoast.com\/wordpress\/plugins\/seo\/ -->\n<title>Neque quae et ullam delectus similique soluta - Blog auto Carid\u00e9al<\/title>\n<meta name=\"robots\" content=\"index, follow, max-snippet:-1, max-image-preview:large, max-video-preview:-1\" \/>\n<link rel=\"canonical\" href=\"https:\/\/www.carideal.com\/blog\/2022\/10\/26\/neque-quae-et-ullam-delectus-similique-soluta\/\" \/>\n<meta property=\"og:locale\" content=\"fr_FR\" \/>\n<meta property=\"og:type\" content=\"article\" \/>\n<meta property=\"og:title\" content=\"Neque quae et ullam delectus similique soluta - Blog auto Carid\u00e9al\" \/>\n<meta property=\"og:description\" content=\"Nobis ut qui molestias est quia. Consequuntur rerum natus non quo. Fugiat laudantium vitae voluptatem ipsam. Voluptas cum accusamus nam corrupti Qui aliquam et impedit est. Sunt corrupti tempora ut sed. Ut ullam ex fugiat ab Totam inventore est molestias vero perspiciatis Ut ut labore voluptatum quam aliquam veniam. Aut id quod dolor voluptatem Debitis ... Lire plus\" \/>\n<meta property=\"og:url\" content=\"https:\/\/www.carideal.com\/blog\/2022\/10\/26\/neque-quae-et-ullam-delectus-similique-soluta\/\" \/>\n<meta property=\"og:site_name\" content=\"Blog auto Carid\u00e9al\" \/>\n<meta property=\"article:publisher\" content=\"https:\/\/www.facebook.com\/Carideal.mandataire.automobile\" \/>\n<meta property=\"article:author\" content=\"https:\/\/www.facebook.com\/nicolas.schiavon.39\" \/>\n<meta property=\"article:published_time\" content=\"2022-10-26T13:04:32+00:00\" \/>\n<meta property=\"og:image\" content=\"https:\/\/www.carideal.com\/blog\/wp-content\/uploads\/2022\/10\/44f20a59-2b88-39ab-992a-6fe6b37d1162.jpg\" \/>\n\t<meta property=\"og:image:width\" content=\"1391\" \/>\n\t<meta property=\"og:image:height\" content=\"927\" \/>\n\t<meta property=\"og:image:type\" content=\"image\/jpeg\" \/>\n<meta name=\"author\" content=\"Nicolas SCHIAVON\" \/>\n<meta name=\"twitter:card\" content=\"summary_large_image\" \/>\n<meta name=\"twitter:creator\" content=\"@caridealauto\" \/>\n<meta name=\"twitter:site\" content=\"@caridealauto\" \/>\n<meta name=\"twitter:label1\" content=\"\u00c9crit par\" \/>\n\t<meta name=\"twitter:data1\" content=\"Nicolas SCHIAVON\" \/>\n\t<meta name=\"twitter:label2\" content=\"Dur\u00e9e de lecture estim\u00e9e\" \/>\n\t<meta name=\"twitter:data2\" content=\"1 minute\" \/>\n<script type=\"application\/ld+json\" class=\"yoast-schema-graph\">{\"@context\":\"https:\/\/schema.org\",\"@graph\":[{\"@type\":\"Article\",\"@id\":\"https:\/\/www.carideal.com\/blog\/2022\/10\/26\/neque-quae-et-ullam-delectus-similique-soluta\/#article\",\"isPartOf\":{\"@id\":\"https:\/\/www.carideal.com\/blog\/2022\/10\/26\/neque-quae-et-ullam-delectus-similique-soluta\/\"},\"author\":{\"name\":\"Nicolas SCHIAVON\",\"@id\":\"https:\/\/www.carideal.com\/blog\/#\/schema\/person\/cd95dc7919660de90d31b366f85be1ec\"},\"headline\":\"Neque quae et ullam delectus similique soluta\",\"datePublished\":\"2022-10-26T13:04:32+00:00\",\"mainEntityOfPage\":{\"@id\":\"https:\/\/www.carideal.com\/blog\/2022\/10\/26\/neque-quae-et-ullam-delectus-similique-soluta\/\"},\"wordCount\":132,\"publisher\":{\"@id\":\"https:\/\/www.carideal.com\/blog\/#organization\"},\"image\":{\"@id\":\"https:\/\/www.carideal.com\/blog\/2022\/10\/26\/neque-quae-et-ullam-delectus-similique-soluta\/#primaryimage\"},\"thumbnailUrl\":\"https:\/\/www.carideal.com\/blog\/wp-content\/uploads\/2022\/10\/44f20a59-2b88-39ab-992a-6fe6b37d1162.jpg\",\"keywords\":[\"popular\"],\"articleSection\":[\"Arts\",\"Fasion\",\"Global\",\"Music\",\"Travel\"],\"inLanguage\":\"fr-FR\"},{\"@type\":\"WebPage\",\"@id\":\"https:\/\/www.carideal.com\/blog\/2022\/10\/26\/neque-quae-et-ullam-delectus-similique-soluta\/\",\"url\":\"https:\/\/www.carideal.com\/blog\/2022\/10\/26\/neque-quae-et-ullam-delectus-similique-soluta\/\",\"name\":\"Neque quae et ullam delectus similique soluta - Blog auto Carid\u00e9al\",\"isPartOf\":{\"@id\":\"https:\/\/www.carideal.com\/blog\/#website\"},\"primaryImageOfPage\":{\"@id\":\"https:\/\/www.carideal.com\/blog\/2022\/10\/26\/neque-quae-et-ullam-delectus-similique-soluta\/#primaryimage\"},\"image\":{\"@id\":\"https:\/\/www.carideal.com\/blog\/2022\/10\/26\/neque-quae-et-ullam-delectus-similique-soluta\/#primaryimage\"},\"thumbnailUrl\":\"https:\/\/www.carideal.com\/blog\/wp-content\/uploads\/2022\/10\/44f20a59-2b88-39ab-992a-6fe6b37d1162.jpg\",\"datePublished\":\"2022-10-26T13:04:32+00:00\",\"breadcrumb\":{\"@id\":\"https:\/\/www.carideal.com\/blog\/2022\/10\/26\/neque-quae-et-ullam-delectus-similique-soluta\/#breadcrumb\"},\"inLanguage\":\"fr-FR\",\"potentialAction\":[{\"@type\":\"ReadAction\",\"target\":[\"https:\/\/www.carideal.com\/blog\/2022\/10\/26\/neque-quae-et-ullam-delectus-similique-soluta\/\"]}]},{\"@type\":\"ImageObject\",\"inLanguage\":\"fr-FR\",\"@id\":\"https:\/\/www.carideal.com\/blog\/2022\/10\/26\/neque-quae-et-ullam-delectus-similique-soluta\/#primaryimage\",\"url\":\"https:\/\/www.carideal.com\/blog\/wp-content\/uploads\/2022\/10\/44f20a59-2b88-39ab-992a-6fe6b37d1162.jpg\",\"contentUrl\":\"https:\/\/www.carideal.com\/blog\/wp-content\/uploads\/2022\/10\/44f20a59-2b88-39ab-992a-6fe6b37d1162.jpg\",\"width\":1391,\"height\":927},{\"@type\":\"BreadcrumbList\",\"@id\":\"https:\/\/www.carideal.com\/blog\/2022\/10\/26\/neque-quae-et-ullam-delectus-similique-soluta\/#breadcrumb\",\"itemListElement\":[{\"@type\":\"ListItem\",\"position\":1,\"name\":\"Blog Carid\u00e9al\",\"item\":\"https:\/\/www.carideal.com\/blog\/\"},{\"@type\":\"ListItem\",\"position\":2,\"name\":\"Arts\",\"item\":\"https:\/\/www.carideal.com\/blog\/arts\/\"},{\"@type\":\"ListItem\",\"position\":3,\"name\":\"Neque quae et ullam delectus similique soluta\"}]},{\"@type\":\"WebSite\",\"@id\":\"https:\/\/www.carideal.com\/blog\/#website\",\"url\":\"https:\/\/www.carideal.com\/blog\/\",\"name\":\"Blog auto Carid\u00e9al\",\"description\":\"Actualit\u00e9 auto par des passionn\u00e9s\",\"publisher\":{\"@id\":\"https:\/\/www.carideal.com\/blog\/#organization\"},\"potentialAction\":[{\"@type\":\"SearchAction\",\"target\":{\"@type\":\"EntryPoint\",\"urlTemplate\":\"https:\/\/www.carideal.com\/blog\/?s={search_term_string}\"},\"query-input\":{\"@type\":\"PropertyValueSpecification\",\"valueRequired\":true,\"valueName\":\"search_term_string\"}}],\"inLanguage\":\"fr-FR\"},{\"@type\":\"Organization\",\"@id\":\"https:\/\/www.carideal.com\/blog\/#organization\",\"name\":\"Carideal\",\"url\":\"https:\/\/www.carideal.com\/blog\/\",\"logo\":{\"@type\":\"ImageObject\",\"inLanguage\":\"fr-FR\",\"@id\":\"https:\/\/www.carideal.com\/blog\/#\/schema\/logo\/image\/\",\"url\":\"http:\/\/www.carideal.com\/blog\/wp-content\/uploads\/2016\/03\/logo-carideal-mandataire-automobile.png\",\"contentUrl\":\"http:\/\/www.carideal.com\/blog\/wp-content\/uploads\/2016\/03\/logo-carideal-mandataire-automobile.png\",\"width\":300,\"height\":300,\"caption\":\"Carideal\"},\"image\":{\"@id\":\"https:\/\/www.carideal.com\/blog\/#\/schema\/logo\/image\/\"},\"sameAs\":[\"https:\/\/www.facebook.com\/Carideal.mandataire.automobile\",\"https:\/\/x.com\/caridealauto\",\"https:\/\/www.instagram.com\/carideal1\/\",\"https:\/\/www.linkedin.com\/company\/carideal.com\",\"https:\/\/fr.pinterest.com\/schiavonsas\/\",\"https:\/\/www.youtube.com\/user\/caridealsas\"]},{\"@type\":\"Person\",\"@id\":\"https:\/\/www.carideal.com\/blog\/#\/schema\/person\/cd95dc7919660de90d31b366f85be1ec\",\"name\":\"Nicolas SCHIAVON\",\"image\":{\"@type\":\"ImageObject\",\"inLanguage\":\"fr-FR\",\"@id\":\"https:\/\/www.carideal.com\/blog\/#\/schema\/person\/image\/\",\"url\":\"https:\/\/secure.gravatar.com\/avatar\/c17e55009e671d92cc7f5dc837dc418a?s=96&r=g\",\"contentUrl\":\"https:\/\/secure.gravatar.com\/avatar\/c17e55009e671d92cc7f5dc837dc418a?s=96&r=g\",\"caption\":\"Nicolas SCHIAVON\"},\"description\":\"Nicolas Schiavon est tomb\u00e9 tout petit dans la marmite automobile. Ayant eu un garage de marque automobile, mandataire automobile de la premi\u00e8re heure d\u00e8s 1999. Nicolas a cr\u00e9\u00e9 ces premiers sites de vente de voiture et blog automobile d\u00e8s 1994. Carideal est n\u00e9 le 15 d\u00e9cembre 2000 de la volont\u00e9 de vendre des voitures d'occasions en ligne puis des voitures neuves. Il a pu essayer beaucoup de voitures tr\u00e8s diff\u00e9rentes et ayant eu personnellement quelques belles autos, Subaru Impreza, Mitsubishi Lancer Evo 7, Porsche 911, Ferrari Testarrossa, Audi RS3, RS4 et j'en passe...\",\"sameAs\":[\"http:\/\/www.carideal.com\",\"https:\/\/www.facebook.com\/nicolas.schiavon.39\",\"https:\/\/www.instagram.com\/carideal1\/\",\"https:\/\/www.linkedin.com\/in\/nschiavon\/\",\"https:\/\/x.com\/caridealauto\",\"https:\/\/www.youtube.com\/user\/caridealsas\/\"],\"url\":\"https:\/\/www.carideal.com\/blog\/author\/nschiavon\/\"}]}<\/script>\n<!-- \/ Yoast SEO plugin. -->","yoast_head_json":{"title":"Neque quae et ullam delectus similique soluta - Blog auto Carid\u00e9al","robots":{"index":"index","follow":"follow","max-snippet":"max-snippet:-1","max-image-preview":"max-image-preview:large","max-video-preview":"max-video-preview:-1"},"canonical":"https:\/\/www.carideal.com\/blog\/2022\/10\/26\/neque-quae-et-ullam-delectus-similique-soluta\/","og_locale":"fr_FR","og_type":"article","og_title":"Neque quae et ullam delectus similique soluta - Blog auto Carid\u00e9al","og_description":"Nobis ut qui molestias est quia. Consequuntur rerum natus non quo. Fugiat laudantium vitae voluptatem ipsam. Voluptas cum accusamus nam corrupti Qui aliquam et impedit est. Sunt corrupti tempora ut sed. Ut ullam ex fugiat ab Totam inventore est molestias vero perspiciatis Ut ut labore voluptatum quam aliquam veniam. Aut id quod dolor voluptatem Debitis ... Lire plus","og_url":"https:\/\/www.carideal.com\/blog\/2022\/10\/26\/neque-quae-et-ullam-delectus-similique-soluta\/","og_site_name":"Blog auto Carid\u00e9al","article_publisher":"https:\/\/www.facebook.com\/Carideal.mandataire.automobile","article_author":"https:\/\/www.facebook.com\/nicolas.schiavon.39","article_published_time":"2022-10-26T13:04:32+00:00","og_image":[{"width":1391,"height":927,"url":"https:\/\/www.carideal.com\/blog\/wp-content\/uploads\/2022\/10\/44f20a59-2b88-39ab-992a-6fe6b37d1162.jpg","type":"image\/jpeg"}],"author":"Nicolas SCHIAVON","twitter_card":"summary_large_image","twitter_creator":"@caridealauto","twitter_site":"@caridealauto","twitter_misc":{"\u00c9crit par":"Nicolas SCHIAVON","Dur\u00e9e de lecture estim\u00e9e":"1 minute"},"schema":{"@context":"https:\/\/schema.org","@graph":[{"@type":"Article","@id":"https:\/\/www.carideal.com\/blog\/2022\/10\/26\/neque-quae-et-ullam-delectus-similique-soluta\/#article","isPartOf":{"@id":"https:\/\/www.carideal.com\/blog\/2022\/10\/26\/neque-quae-et-ullam-delectus-similique-soluta\/"},"author":{"name":"Nicolas SCHIAVON","@id":"https:\/\/www.carideal.com\/blog\/#\/schema\/person\/cd95dc7919660de90d31b366f85be1ec"},"headline":"Neque quae et ullam delectus similique soluta","datePublished":"2022-10-26T13:04:32+00:00","mainEntityOfPage":{"@id":"https:\/\/www.carideal.com\/blog\/2022\/10\/26\/neque-quae-et-ullam-delectus-similique-soluta\/"},"wordCount":132,"publisher":{"@id":"https:\/\/www.carideal.com\/blog\/#organization"},"image":{"@id":"https:\/\/www.carideal.com\/blog\/2022\/10\/26\/neque-quae-et-ullam-delectus-similique-soluta\/#primaryimage"},"thumbnailUrl":"https:\/\/www.carideal.com\/blog\/wp-content\/uploads\/2022\/10\/44f20a59-2b88-39ab-992a-6fe6b37d1162.jpg","keywords":["popular"],"articleSection":["Arts","Fasion","Global","Music","Travel"],"inLanguage":"fr-FR"},{"@type":"WebPage","@id":"https:\/\/www.carideal.com\/blog\/2022\/10\/26\/neque-quae-et-ullam-delectus-similique-soluta\/","url":"https:\/\/www.carideal.com\/blog\/2022\/10\/26\/neque-quae-et-ullam-delectus-similique-soluta\/","name":"Neque quae et ullam delectus similique soluta - Blog auto Carid\u00e9al","isPartOf":{"@id":"https:\/\/www.carideal.com\/blog\/#website"},"primaryImageOfPage":{"@id":"https:\/\/www.carideal.com\/blog\/2022\/10\/26\/neque-quae-et-ullam-delectus-similique-soluta\/#primaryimage"},"image":{"@id":"https:\/\/www.carideal.com\/blog\/2022\/10\/26\/neque-quae-et-ullam-delectus-similique-soluta\/#primaryimage"},"thumbnailUrl":"https:\/\/www.carideal.com\/blog\/wp-content\/uploads\/2022\/10\/44f20a59-2b88-39ab-992a-6fe6b37d1162.jpg","datePublished":"2022-10-26T13:04:32+00:00","breadcrumb":{"@id":"https:\/\/www.carideal.com\/blog\/2022\/10\/26\/neque-quae-et-ullam-delectus-similique-soluta\/#breadcrumb"},"inLanguage":"fr-FR","potentialAction":[{"@type":"ReadAction","target":["https:\/\/www.carideal.com\/blog\/2022\/10\/26\/neque-quae-et-ullam-delectus-similique-soluta\/"]}]},{"@type":"ImageObject","inLanguage":"fr-FR","@id":"https:\/\/www.carideal.com\/blog\/2022\/10\/26\/neque-quae-et-ullam-delectus-similique-soluta\/#primaryimage","url":"https:\/\/www.carideal.com\/blog\/wp-content\/uploads\/2022\/10\/44f20a59-2b88-39ab-992a-6fe6b37d1162.jpg","contentUrl":"https:\/\/www.carideal.com\/blog\/wp-content\/uploads\/2022\/10\/44f20a59-2b88-39ab-992a-6fe6b37d1162.jpg","width":1391,"height":927},{"@type":"BreadcrumbList","@id":"https:\/\/www.carideal.com\/blog\/2022\/10\/26\/neque-quae-et-ullam-delectus-similique-soluta\/#breadcrumb","itemListElement":[{"@type":"ListItem","position":1,"name":"Blog Carid\u00e9al","item":"https:\/\/www.carideal.com\/blog\/"},{"@type":"ListItem","position":2,"name":"Arts","item":"https:\/\/www.carideal.com\/blog\/arts\/"},{"@type":"ListItem","position":3,"name":"Neque quae et ullam delectus similique soluta"}]},{"@type":"WebSite","@id":"https:\/\/www.carideal.com\/blog\/#website","url":"https:\/\/www.carideal.com\/blog\/","name":"Blog auto Carid\u00e9al","description":"Actualit\u00e9 auto par des passionn\u00e9s","publisher":{"@id":"https:\/\/www.carideal.com\/blog\/#organization"},"potentialAction":[{"@type":"SearchAction","target":{"@type":"EntryPoint","urlTemplate":"https:\/\/www.carideal.com\/blog\/?s={search_term_string}"},"query-input":{"@type":"PropertyValueSpecification","valueRequired":true,"valueName":"search_term_string"}}],"inLanguage":"fr-FR"},{"@type":"Organization","@id":"https:\/\/www.carideal.com\/blog\/#organization","name":"Carideal","url":"https:\/\/www.carideal.com\/blog\/","logo":{"@type":"ImageObject","inLanguage":"fr-FR","@id":"https:\/\/www.carideal.com\/blog\/#\/schema\/logo\/image\/","url":"http:\/\/www.carideal.com\/blog\/wp-content\/uploads\/2016\/03\/logo-carideal-mandataire-automobile.png","contentUrl":"http:\/\/www.carideal.com\/blog\/wp-content\/uploads\/2016\/03\/logo-carideal-mandataire-automobile.png","width":300,"height":300,"caption":"Carideal"},"image":{"@id":"https:\/\/www.carideal.com\/blog\/#\/schema\/logo\/image\/"},"sameAs":["https:\/\/www.facebook.com\/Carideal.mandataire.automobile","https:\/\/x.com\/caridealauto","https:\/\/www.instagram.com\/carideal1\/","https:\/\/www.linkedin.com\/company\/carideal.com","https:\/\/fr.pinterest.com\/schiavonsas\/","https:\/\/www.youtube.com\/user\/caridealsas"]},{"@type":"Person","@id":"https:\/\/www.carideal.com\/blog\/#\/schema\/person\/cd95dc7919660de90d31b366f85be1ec","name":"Nicolas SCHIAVON","image":{"@type":"ImageObject","inLanguage":"fr-FR","@id":"https:\/\/www.carideal.com\/blog\/#\/schema\/person\/image\/","url":"https:\/\/secure.gravatar.com\/avatar\/c17e55009e671d92cc7f5dc837dc418a?s=96&r=g","contentUrl":"https:\/\/secure.gravatar.com\/avatar\/c17e55009e671d92cc7f5dc837dc418a?s=96&r=g","caption":"Nicolas SCHIAVON"},"description":"Nicolas Schiavon est tomb\u00e9 tout petit dans la marmite automobile. Ayant eu un garage de marque automobile, mandataire automobile de la premi\u00e8re heure d\u00e8s 1999. Nicolas a cr\u00e9\u00e9 ces premiers sites de vente de voiture et blog automobile d\u00e8s 1994. Carideal est n\u00e9 le 15 d\u00e9cembre 2000 de la volont\u00e9 de vendre des voitures d'occasions en ligne puis des voitures neuves. Il a pu essayer beaucoup de voitures tr\u00e8s diff\u00e9rentes et ayant eu personnellement quelques belles autos, Subaru Impreza, Mitsubishi Lancer Evo 7, Porsche 911, Ferrari Testarrossa, Audi RS3, RS4 et j'en passe...","sameAs":["http:\/\/www.carideal.com","https:\/\/www.facebook.com\/nicolas.schiavon.39","https:\/\/www.instagram.com\/carideal1\/","https:\/\/www.linkedin.com\/in\/nschiavon\/","https:\/\/x.com\/caridealauto","https:\/\/www.youtube.com\/user\/caridealsas\/"],"url":"https:\/\/www.carideal.com\/blog\/author\/nschiavon\/"}]}},"uagb_featured_image_src":{"full":["https:\/\/www.carideal.com\/blog\/wp-content\/uploads\/2022\/10\/44f20a59-2b88-39ab-992a-6fe6b37d1162.jpg",1391,927,false],"thumbnail":["https:\/\/www.carideal.com\/blog\/wp-content\/uploads\/2022\/10\/44f20a59-2b88-39ab-992a-6fe6b37d1162-150x150.jpg",150,150,true],"medium":["https:\/\/www.carideal.com\/blog\/wp-content\/uploads\/2022\/10\/44f20a59-2b88-39ab-992a-6fe6b37d1162-300x200.jpg",300,200,true],"medium_large":["https:\/\/www.carideal.com\/blog\/wp-content\/uploads\/2022\/10\/44f20a59-2b88-39ab-992a-6fe6b37d1162-768x512.jpg",768,512,true],"large":["https:\/\/www.carideal.com\/blog\/wp-content\/uploads\/2022\/10\/44f20a59-2b88-39ab-992a-6fe6b37d1162-1024x682.jpg",1024,682,true],"1536x1536":["https:\/\/www.carideal.com\/blog\/wp-content\/uploads\/2022\/10\/44f20a59-2b88-39ab-992a-6fe6b37d1162.jpg",1391,927,false],"2048x2048":["https:\/\/www.carideal.com\/blog\/wp-content\/uploads\/2022\/10\/44f20a59-2b88-39ab-992a-6fe6b37d1162.jpg",1391,927,false],"wppr-widget":["https:\/\/www.carideal.com\/blog\/wp-content\/uploads\/2022\/10\/44f20a59-2b88-39ab-992a-6fe6b37d1162-50x33.jpg",50,33,true]},"uagb_author_info":{"display_name":"Nicolas SCHIAVON","author_link":"https:\/\/www.carideal.com\/blog\/author\/nschiavon\/"},"uagb_comment_info":0,"uagb_excerpt":"Nobis ut qui molestias est quia. Consequuntur rerum natus non quo. Fugiat laudantium vitae voluptatem ipsam. Voluptas cum accusamus nam corrupti Qui aliquam et impedit est. Sunt corrupti tempora ut sed. Ut ullam ex fugiat ab Totam inventore est molestias vero perspiciatis Ut ut labore voluptatum quam aliquam veniam. Aut id quod dolor voluptatem Debitis\u2026","_links":{"self":[{"href":"https:\/\/www.carideal.com\/blog\/wp-json\/wp\/v2\/posts\/27719"}],"collection":[{"href":"https:\/\/www.carideal.com\/blog\/wp-json\/wp\/v2\/posts"}],"about":[{"href":"https:\/\/www.carideal.com\/blog\/wp-json\/wp\/v2\/types\/post"}],"author":[{"embeddable":true,"href":"https:\/\/www.carideal.com\/blog\/wp-json\/wp\/v2\/users\/3"}],"replies":[{"embeddable":true,"href":"https:\/\/www.carideal.com\/blog\/wp-json\/wp\/v2\/comments?post=27719"}],"version-history":[{"count":0,"href":"https:\/\/www.carideal.com\/blog\/wp-json\/wp\/v2\/posts\/27719\/revisions"}],"wp:featuredmedia":[{"embeddable":true,"href":"https:\/\/www.carideal.com\/blog\/wp-json\/wp\/v2\/media\/27700"}],"wp:attachment":[{"href":"https:\/\/www.carideal.com\/blog\/wp-json\/wp\/v2\/media?parent=27719"}],"wp:term":[{"taxonomy":"category","embeddable":true,"href":"https:\/\/www.carideal.com\/blog\/wp-json\/wp\/v2\/categories?post=27719"},{"taxonomy":"post_tag","embeddable":true,"href":"https:\/\/www.carideal.com\/blog\/wp-json\/wp\/v2\/tags?post=27719"}],"curies":[{"name":"wp","href":"https:\/\/api.w.org\/{rel}","templated":true}]}}