{"id":2770,"date":"2014-11-15T11:10:00","date_gmt":"2014-11-15T11:10:00","guid":{"rendered":"http:\/\/carideal.com\/blog\/?p=2770"},"modified":"2020-03-12T08:26:56","modified_gmt":"2020-03-12T07:26:56","slug":"essai-volkswagen-polo-1-4-tdi","status":"publish","type":"post","link":"https:\/\/www.carideal.com\/blog\/2014\/11\/15\/essai-volkswagen-polo-1-4-tdi\/","title":{"rendered":"Essai Volkswagen Polo 1.4 TDI"},"content":{"rendered":" Essai Volkswagen Polo 1.4 TDI le moteur est tr\u00e8s bruyant\n<h1><strong>Essai Volkswagen Polo 1.4 TDI : tr\u00e8s bruyante<\/strong><\/h1>\n<p><strong>Durant cet essai, la Volkswagen Polo 1.4 TDI s'est montr\u00e9e \u00e9conome et tr\u00e8s bruyante<\/strong>. Si le championnat du monde des restylages invisibles existait, la Volkswagen Polo serait championne. La seule \u00e9volution technique notable est son moteur trois cylindres diesel aussi sobre que bruyant. Le restylage de cette <span style=\"text-decoration: underline;\">Polo<\/span> 2014 porte sur des points de d\u00e9tail comme le design int\u00e9rieur des phares ou le bas du bouclier l\u00e9g\u00e8rement redessin\u00e9. Il est tr\u00e8s mince et le plus visible est finalement la peinture bleu EDF LOL qui int\u00e8gre la gamme.<\/p>\n<p><strong>Agr\u00e9ment de conduite en baisse<\/strong> La gamme des moteurs disponibles est compl\u00e8tement revu. En essence, en attendant le <span style=\"text-decoration: underline;\"><a href=\"http:\/\/www.carideal.com\/blog\/2013\/02\/24\/trois-cylindres-a-essence-mieux-que-le-diesel\/\">moteur trois cylindres<\/a><\/span> turbo de 90 ch pr\u00e9vue pour la fin de l'ann\u00e9e, le 90 ch 1.2 TSI remplace l'ancien 1.4. En Diesel, le <span style=\"text-decoration: underline;\"><a href=\"http:\/\/www.carideal.com\/blog\/2013\/01\/05\/downsizing-150-ch-au-litre-pour-ford\/\">dowsizing<\/a><\/span> fait rage aussi. Exit donc le 1.6 TDI de 90 et 105 ch et est plac\u00e9 un nouveau bloc trois cylindres 1.4 TDI. Ce type de moteur jamais r\u00e9ussi aux moteurs diesels et la Polo n'y d\u00e9roge pas malheureusement. Ce 1.4 TDI disponible en TDI 75, TDI 90 et TDI 105 ch est plus bruyant et vibre plus que l'ancien 1.6 TDI qu'il remplace qui lui m\u00eame n'\u00e9tait d\u00e9j\u00e0 pas un mod\u00e8le sur ce plan...<\/p>\n<pre>Trouvez votre <span style=\"text-decoration: underline;\">v\u00e9hicule d'occasion<\/span> sur carideal<\/pre>\n<p>Heureusement, tout va mieux sur route. Trop mou dans les relances \u00e0 bas r\u00e9gime, le moteur manque de vigueur pour se faire plaisir au volant. La solution est d'opter pour la bo\u00eete DSG, qui propose deux rapport suppl\u00e9mentaires 7 au lieu de 5 mais qui se facture 1600 \u20ac de plus et consomme plus avec plus de CO2 \u00e9mis.<\/p>\n<p>La Polo propose des \u00e9quipements qui lui faisait d\u00e9faut, mais le GPS reste une option m\u00eame en Sportline<\/p>\n<p>Le point fort de ce petit diesel est le but recherch\u00e9 \u00e0 la base: sa consommation. Seulement 4,31\/100 km sur la route et, en ville, le d\u00e9bit ne s'\u00e9loigne pas des 5,01\/100 km. Des valeurs comp\u00e9titives qui vont int\u00e9resser ceux qui rou\u00adlent beaucoup. Pour ceux qui roulent peu, il est pr\u00e9f\u00e9rable de choisir le 1.2 TSI, meilleur au quotidien et surtout 2 100\u20ac moins cher. La planche de bord reste la m\u00eame dans ses grandes lignes, mais plus de soin sur la finition avec des inserts chrom\u00e9s, et un assemblages au mm, ce qui permet \u00e0 la Polo de rester leader en terme de qua\u00adlit\u00e9 per\u00e7ue. La pr\u00e9sence du volant et du sys\u00adt\u00e8me multim\u00e9dia de la <span style=\"text-decoration: underline;\">Golf 6<\/span>\u00a0participent \u00e0 la mont\u00e9e en gamme. La Volkswagen Polo pro\u00adpose maintenant des \u00e9quipe\u00adments qui lui faisait d\u00e9faut , comme la cam\u00e9ra de recul, l'allumage automatique des phares et des essuie-glaces ou encore les r\u00e9troviseurs rabattables \u00e9lectri\u00adquement...<\/p>\n<pre>Votre <span style=\"text-decoration: underline;\">voiture neuve pas ch\u00e8re<\/span> sur carideal <span style=\"text-decoration: underline;\"><a href=\"http:\/\/www.carideal.com\/\" target=\"_blank\" rel=\"noopener noreferrer\">mandataire auto<\/a><\/span><\/pre>\n<h2>En r\u00e9sum\u00e9 de cet essai de la Volkswagen Polo 1.4 TDI<\/h2>\n<p>La nouvelle Volkswagen Polo 1.4 TDI monte en gamme, propose enfin des \u00e9quipements que la concurrence a d\u00e9j\u00e0 adopt\u00e9 depuis longtemps et se contente d'un app\u00e9tit d'oiseau. Mais que va dire la client\u00e8le, d\u00e9\u00e7u par se lifting quasi invisible\u00a0? et surtout par ce moteur TDI bruyant sans agr\u00e9ment \u00e0 bas r\u00e9gime et factur\u00e9 au prix fort\u00a0? 20 850 \u20ac en Sportline\u00a0? les avis client sont unanimes sur cette nouvelle version de Polo 1.4 TDI, trop ch\u00e8re et trop bruyante. \u00a0<a href=\"http:\/\/www.carideal.com\/blog\/2012\/05\/21\/volkswagen-polo-blue-gt\/\">Sur le m\u00eame sujet essai de la\u00a0Volkswagen Polo Blue GT<\/a><\/p>\n<h2>Vid\u00e9o essai Volkswagen Polo 1.4 TDI 90 2014<\/h2>\n<p>Regardez l'essai de la Volkswagen Polo 1.4 TDI 90 2014, le journaliste reprend les m\u00eames conclusions que nous, bruyante, moteur faible mais \u00e9conome.<br \/>\n<iframe loading=\"lazy\" src=\"https:\/\/www.youtube.com\/embed\/g4pXQHt9_sw\" width=\"560\" height=\"315\" frameborder=\"0\" allowfullscreen=\"allowfullscreen\"><\/iframe><\/p>\n","protected":false},"excerpt":{"rendered":"<p>Essai Volkswagen Polo 1.4 TDI : tr\u00e8s bruyante Durant cet essai, la Volkswagen Polo 1.4 TDI s&rsquo;est montr\u00e9e \u00e9conome et tr\u00e8s bruyante. Si le championnat du monde des restylages invisibles existait, la Volkswagen Polo serait championne. La seule \u00e9volution technique notable est son moteur trois cylindres diesel aussi sobre que bruyant. Le restylage de cette &#8230; <a title=\"Essai Volkswagen Polo 1.4 TDI\" class=\"read-more\" href=\"https:\/\/www.carideal.com\/blog\/2014\/11\/15\/essai-volkswagen-polo-1-4-tdi\/\" aria-label=\"En savoir plus sur Essai Volkswagen Polo 1.4 TDI\">Lire plus<\/a><\/p>\n","protected":false},"author":1,"featured_media":0,"comment_status":"closed","ping_status":"open","sticky":false,"template":"","format":"standard","meta":{"_uag_custom_page_level_css":"","_themeisle_gutenberg_block_has_review":false,"footnotes":""},"categories":[6012,5989,5974],"tags":[60],"class_list":["post-2770","post","type-post","status-publish","format-standard","hentry","category-berlines","category-volkswagen-essai","category-type-de-vehicule","tag-co2"],"wppr_data":[],"yoast_head":"<!-- This site is optimized with the Yoast SEO plugin v24.8.1 - https:\/\/yoast.com\/wordpress\/plugins\/seo\/ -->\n<title>Essai Volkswagen Polo 1.4 TDI - Blog auto Carid\u00e9al<\/title>\n<meta name=\"description\" content=\"Durant cet essai, la Volkswagen Polo 1.4 TDI s&#039;est montr\u00e9e \u00e9conome et tr\u00e8s bruyante. Si le championnat du monde des restylages invisibles existait,\" \/>\n<meta name=\"robots\" content=\"index, follow, max-snippet:-1, max-image-preview:large, max-video-preview:-1\" \/>\n<link rel=\"canonical\" href=\"https:\/\/www.carideal.com\/blog\/2014\/11\/15\/essai-volkswagen-polo-1-4-tdi\/\" \/>\n<meta property=\"og:locale\" content=\"fr_FR\" \/>\n<meta property=\"og:type\" content=\"article\" \/>\n<meta property=\"og:title\" content=\"Essai Volkswagen Polo 1.4 TDI - Blog auto Carid\u00e9al\" \/>\n<meta property=\"og:description\" content=\"Durant cet essai, la Volkswagen Polo 1.4 TDI s&#039;est montr\u00e9e \u00e9conome et tr\u00e8s bruyante. Si le championnat du monde des restylages invisibles existait,\" \/>\n<meta property=\"og:url\" content=\"https:\/\/www.carideal.com\/blog\/2014\/11\/15\/essai-volkswagen-polo-1-4-tdi\/\" \/>\n<meta property=\"og:site_name\" content=\"Blog auto Carid\u00e9al\" \/>\n<meta property=\"article:publisher\" content=\"https:\/\/www.facebook.com\/Carideal.mandataire.automobile\" \/>\n<meta property=\"article:author\" content=\"https:\/\/www.facebook.com\/Carideal.mandataire.automobile\/\" \/>\n<meta property=\"article:published_time\" content=\"2014-11-15T11:10:00+00:00\" \/>\n<meta property=\"article:modified_time\" content=\"2020-03-12T07:26:56+00:00\" \/>\n<meta property=\"og:image\" content=\"https:\/\/www.carideal.com\/blog\/wp-content\/uploads\/2016\/03\/logo-carideal-mandataire-automobile.png\" \/>\n\t<meta property=\"og:image:width\" content=\"300\" \/>\n\t<meta property=\"og:image:height\" content=\"300\" \/>\n\t<meta property=\"og:image:type\" content=\"image\/png\" \/>\n<meta name=\"author\" content=\"N.S Carideal\" \/>\n<meta name=\"twitter:card\" content=\"summary_large_image\" \/>\n<meta name=\"twitter:creator\" content=\"@caridealauto\" \/>\n<meta name=\"twitter:site\" content=\"@caridealauto\" \/>\n<meta name=\"twitter:label1\" content=\"\u00c9crit par\" \/>\n\t<meta name=\"twitter:data1\" content=\"N.S Carideal\" \/>\n\t<meta name=\"twitter:label2\" content=\"Dur\u00e9e de lecture estim\u00e9e\" \/>\n\t<meta name=\"twitter:data2\" content=\"3 minutes\" \/>\n<script type=\"application\/ld+json\" class=\"yoast-schema-graph\">{\"@context\":\"https:\/\/schema.org\",\"@graph\":[{\"@type\":\"Article\",\"@id\":\"https:\/\/www.carideal.com\/blog\/2014\/11\/15\/essai-volkswagen-polo-1-4-tdi\/#article\",\"isPartOf\":{\"@id\":\"https:\/\/www.carideal.com\/blog\/2014\/11\/15\/essai-volkswagen-polo-1-4-tdi\/\"},\"author\":{\"name\":\"N.S Carideal\",\"@id\":\"https:\/\/www.carideal.com\/blog\/#\/schema\/person\/985c7e757d1042d647f21bfaf8d41ebc\"},\"headline\":\"Essai Volkswagen Polo 1.4 TDI\",\"datePublished\":\"2014-11-15T11:10:00+00:00\",\"dateModified\":\"2020-03-12T07:26:56+00:00\",\"mainEntityOfPage\":{\"@id\":\"https:\/\/www.carideal.com\/blog\/2014\/11\/15\/essai-volkswagen-polo-1-4-tdi\/\"},\"wordCount\":608,\"publisher\":{\"@id\":\"https:\/\/www.carideal.com\/blog\/#organization\"},\"keywords\":[\"CO2 \u00e9mission de CO2\"],\"articleSection\":[\"Berlines\",\"Essais Volkswagen\",\"Type de v\u00e9hicule\"],\"inLanguage\":\"fr-FR\"},{\"@type\":\"WebPage\",\"@id\":\"https:\/\/www.carideal.com\/blog\/2014\/11\/15\/essai-volkswagen-polo-1-4-tdi\/\",\"url\":\"https:\/\/www.carideal.com\/blog\/2014\/11\/15\/essai-volkswagen-polo-1-4-tdi\/\",\"name\":\"Essai Volkswagen Polo 1.4 TDI - Blog auto Carid\u00e9al\",\"isPartOf\":{\"@id\":\"https:\/\/www.carideal.com\/blog\/#website\"},\"datePublished\":\"2014-11-15T11:10:00+00:00\",\"dateModified\":\"2020-03-12T07:26:56+00:00\",\"description\":\"Durant cet essai, la Volkswagen Polo 1.4 TDI s'est montr\u00e9e \u00e9conome et tr\u00e8s bruyante. Si le championnat du monde des restylages invisibles existait,\",\"breadcrumb\":{\"@id\":\"https:\/\/www.carideal.com\/blog\/2014\/11\/15\/essai-volkswagen-polo-1-4-tdi\/#breadcrumb\"},\"inLanguage\":\"fr-FR\",\"potentialAction\":[{\"@type\":\"ReadAction\",\"target\":[\"https:\/\/www.carideal.com\/blog\/2014\/11\/15\/essai-volkswagen-polo-1-4-tdi\/\"]}]},{\"@type\":\"BreadcrumbList\",\"@id\":\"https:\/\/www.carideal.com\/blog\/2014\/11\/15\/essai-volkswagen-polo-1-4-tdi\/#breadcrumb\",\"itemListElement\":[{\"@type\":\"ListItem\",\"position\":1,\"name\":\"Blog Carid\u00e9al\",\"item\":\"https:\/\/www.carideal.com\/blog\/\"},{\"@type\":\"ListItem\",\"position\":2,\"name\":\"Essais automobile\",\"item\":\"https:\/\/www.carideal.com\/blog\/essai\/\"},{\"@type\":\"ListItem\",\"position\":3,\"name\":\"Essais Volkswagen\",\"item\":\"https:\/\/www.carideal.com\/blog\/essai\/volkswagen-essai\/\"},{\"@type\":\"ListItem\",\"position\":4,\"name\":\"Essai Volkswagen Polo 1.4 TDI\"}]},{\"@type\":\"WebSite\",\"@id\":\"https:\/\/www.carideal.com\/blog\/#website\",\"url\":\"https:\/\/www.carideal.com\/blog\/\",\"name\":\"Blog auto Carid\u00e9al\",\"description\":\"Actualit\u00e9 auto par des passionn\u00e9s\",\"publisher\":{\"@id\":\"https:\/\/www.carideal.com\/blog\/#organization\"},\"potentialAction\":[{\"@type\":\"SearchAction\",\"target\":{\"@type\":\"EntryPoint\",\"urlTemplate\":\"https:\/\/www.carideal.com\/blog\/?s={search_term_string}\"},\"query-input\":{\"@type\":\"PropertyValueSpecification\",\"valueRequired\":true,\"valueName\":\"search_term_string\"}}],\"inLanguage\":\"fr-FR\"},{\"@type\":\"Organization\",\"@id\":\"https:\/\/www.carideal.com\/blog\/#organization\",\"name\":\"Carideal\",\"url\":\"https:\/\/www.carideal.com\/blog\/\",\"logo\":{\"@type\":\"ImageObject\",\"inLanguage\":\"fr-FR\",\"@id\":\"https:\/\/www.carideal.com\/blog\/#\/schema\/logo\/image\/\",\"url\":\"http:\/\/www.carideal.com\/blog\/wp-content\/uploads\/2016\/03\/logo-carideal-mandataire-automobile.png\",\"contentUrl\":\"http:\/\/www.carideal.com\/blog\/wp-content\/uploads\/2016\/03\/logo-carideal-mandataire-automobile.png\",\"width\":300,\"height\":300,\"caption\":\"Carideal\"},\"image\":{\"@id\":\"https:\/\/www.carideal.com\/blog\/#\/schema\/logo\/image\/\"},\"sameAs\":[\"https:\/\/www.facebook.com\/Carideal.mandataire.automobile\",\"https:\/\/x.com\/caridealauto\",\"https:\/\/www.instagram.com\/carideal1\/\",\"https:\/\/www.linkedin.com\/company\/carideal.com\",\"https:\/\/fr.pinterest.com\/schiavonsas\/\",\"https:\/\/www.youtube.com\/user\/caridealsas\"]},{\"@type\":\"Person\",\"@id\":\"https:\/\/www.carideal.com\/blog\/#\/schema\/person\/985c7e757d1042d647f21bfaf8d41ebc\",\"name\":\"N.S Carideal\",\"image\":{\"@type\":\"ImageObject\",\"inLanguage\":\"fr-FR\",\"@id\":\"https:\/\/www.carideal.com\/blog\/#\/schema\/person\/image\/\",\"url\":\"https:\/\/secure.gravatar.com\/avatar\/edb7ccdf1a4e3d14aef967760d354d0e?s=96&r=g\",\"contentUrl\":\"https:\/\/secure.gravatar.com\/avatar\/edb7ccdf1a4e3d14aef967760d354d0e?s=96&r=g\",\"caption\":\"N.S Carideal\"},\"description\":\"Depuis tout petit fan d'automobile. Il est question d'essayer et de comparer toutes ces voitures qui nous ont fait r\u00e9ver, avant que celles-ci ne devient uniquement des voitures de collection.\",\"sameAs\":[\"http:\/\/www.carideal.com\/blog\",\"https:\/\/www.facebook.com\/Carideal.mandataire.automobile\/\",\"https:\/\/www.linkedin.com\/in\/nschiavon\/\",\"https:\/\/www.youtube.com\/user\/caridealsas\/\"],\"url\":\"https:\/\/www.carideal.com\/blog\/author\/admin_carideal\/\"}]}<\/script>\n<!-- \/ Yoast SEO plugin. -->","yoast_head_json":{"title":"Essai Volkswagen Polo 1.4 TDI - Blog auto Carid\u00e9al","description":"Durant cet essai, la Volkswagen Polo 1.4 TDI s'est montr\u00e9e \u00e9conome et tr\u00e8s bruyante. Si le championnat du monde des restylages invisibles existait,","robots":{"index":"index","follow":"follow","max-snippet":"max-snippet:-1","max-image-preview":"max-image-preview:large","max-video-preview":"max-video-preview:-1"},"canonical":"https:\/\/www.carideal.com\/blog\/2014\/11\/15\/essai-volkswagen-polo-1-4-tdi\/","og_locale":"fr_FR","og_type":"article","og_title":"Essai Volkswagen Polo 1.4 TDI - Blog auto Carid\u00e9al","og_description":"Durant cet essai, la Volkswagen Polo 1.4 TDI s'est montr\u00e9e \u00e9conome et tr\u00e8s bruyante. Si le championnat du monde des restylages invisibles existait,","og_url":"https:\/\/www.carideal.com\/blog\/2014\/11\/15\/essai-volkswagen-polo-1-4-tdi\/","og_site_name":"Blog auto Carid\u00e9al","article_publisher":"https:\/\/www.facebook.com\/Carideal.mandataire.automobile","article_author":"https:\/\/www.facebook.com\/Carideal.mandataire.automobile\/","article_published_time":"2014-11-15T11:10:00+00:00","article_modified_time":"2020-03-12T07:26:56+00:00","og_image":[{"width":300,"height":300,"url":"https:\/\/www.carideal.com\/blog\/wp-content\/uploads\/2016\/03\/logo-carideal-mandataire-automobile.png","type":"image\/png"}],"author":"N.S Carideal","twitter_card":"summary_large_image","twitter_creator":"@caridealauto","twitter_site":"@caridealauto","twitter_misc":{"\u00c9crit par":"N.S Carideal","Dur\u00e9e de lecture estim\u00e9e":"3 minutes"},"schema":{"@context":"https:\/\/schema.org","@graph":[{"@type":"Article","@id":"https:\/\/www.carideal.com\/blog\/2014\/11\/15\/essai-volkswagen-polo-1-4-tdi\/#article","isPartOf":{"@id":"https:\/\/www.carideal.com\/blog\/2014\/11\/15\/essai-volkswagen-polo-1-4-tdi\/"},"author":{"name":"N.S Carideal","@id":"https:\/\/www.carideal.com\/blog\/#\/schema\/person\/985c7e757d1042d647f21bfaf8d41ebc"},"headline":"Essai Volkswagen Polo 1.4 TDI","datePublished":"2014-11-15T11:10:00+00:00","dateModified":"2020-03-12T07:26:56+00:00","mainEntityOfPage":{"@id":"https:\/\/www.carideal.com\/blog\/2014\/11\/15\/essai-volkswagen-polo-1-4-tdi\/"},"wordCount":608,"publisher":{"@id":"https:\/\/www.carideal.com\/blog\/#organization"},"keywords":["CO2 \u00e9mission de CO2"],"articleSection":["Berlines","Essais Volkswagen","Type de v\u00e9hicule"],"inLanguage":"fr-FR"},{"@type":"WebPage","@id":"https:\/\/www.carideal.com\/blog\/2014\/11\/15\/essai-volkswagen-polo-1-4-tdi\/","url":"https:\/\/www.carideal.com\/blog\/2014\/11\/15\/essai-volkswagen-polo-1-4-tdi\/","name":"Essai Volkswagen Polo 1.4 TDI - Blog auto Carid\u00e9al","isPartOf":{"@id":"https:\/\/www.carideal.com\/blog\/#website"},"datePublished":"2014-11-15T11:10:00+00:00","dateModified":"2020-03-12T07:26:56+00:00","description":"Durant cet essai, la Volkswagen Polo 1.4 TDI s'est montr\u00e9e \u00e9conome et tr\u00e8s bruyante. Si le championnat du monde des restylages invisibles existait,","breadcrumb":{"@id":"https:\/\/www.carideal.com\/blog\/2014\/11\/15\/essai-volkswagen-polo-1-4-tdi\/#breadcrumb"},"inLanguage":"fr-FR","potentialAction":[{"@type":"ReadAction","target":["https:\/\/www.carideal.com\/blog\/2014\/11\/15\/essai-volkswagen-polo-1-4-tdi\/"]}]},{"@type":"BreadcrumbList","@id":"https:\/\/www.carideal.com\/blog\/2014\/11\/15\/essai-volkswagen-polo-1-4-tdi\/#breadcrumb","itemListElement":[{"@type":"ListItem","position":1,"name":"Blog Carid\u00e9al","item":"https:\/\/www.carideal.com\/blog\/"},{"@type":"ListItem","position":2,"name":"Essais automobile","item":"https:\/\/www.carideal.com\/blog\/essai\/"},{"@type":"ListItem","position":3,"name":"Essais Volkswagen","item":"https:\/\/www.carideal.com\/blog\/essai\/volkswagen-essai\/"},{"@type":"ListItem","position":4,"name":"Essai Volkswagen Polo 1.4 TDI"}]},{"@type":"WebSite","@id":"https:\/\/www.carideal.com\/blog\/#website","url":"https:\/\/www.carideal.com\/blog\/","name":"Blog auto Carid\u00e9al","description":"Actualit\u00e9 auto par des passionn\u00e9s","publisher":{"@id":"https:\/\/www.carideal.com\/blog\/#organization"},"potentialAction":[{"@type":"SearchAction","target":{"@type":"EntryPoint","urlTemplate":"https:\/\/www.carideal.com\/blog\/?s={search_term_string}"},"query-input":{"@type":"PropertyValueSpecification","valueRequired":true,"valueName":"search_term_string"}}],"inLanguage":"fr-FR"},{"@type":"Organization","@id":"https:\/\/www.carideal.com\/blog\/#organization","name":"Carideal","url":"https:\/\/www.carideal.com\/blog\/","logo":{"@type":"ImageObject","inLanguage":"fr-FR","@id":"https:\/\/www.carideal.com\/blog\/#\/schema\/logo\/image\/","url":"http:\/\/www.carideal.com\/blog\/wp-content\/uploads\/2016\/03\/logo-carideal-mandataire-automobile.png","contentUrl":"http:\/\/www.carideal.com\/blog\/wp-content\/uploads\/2016\/03\/logo-carideal-mandataire-automobile.png","width":300,"height":300,"caption":"Carideal"},"image":{"@id":"https:\/\/www.carideal.com\/blog\/#\/schema\/logo\/image\/"},"sameAs":["https:\/\/www.facebook.com\/Carideal.mandataire.automobile","https:\/\/x.com\/caridealauto","https:\/\/www.instagram.com\/carideal1\/","https:\/\/www.linkedin.com\/company\/carideal.com","https:\/\/fr.pinterest.com\/schiavonsas\/","https:\/\/www.youtube.com\/user\/caridealsas"]},{"@type":"Person","@id":"https:\/\/www.carideal.com\/blog\/#\/schema\/person\/985c7e757d1042d647f21bfaf8d41ebc","name":"N.S Carideal","image":{"@type":"ImageObject","inLanguage":"fr-FR","@id":"https:\/\/www.carideal.com\/blog\/#\/schema\/person\/image\/","url":"https:\/\/secure.gravatar.com\/avatar\/edb7ccdf1a4e3d14aef967760d354d0e?s=96&r=g","contentUrl":"https:\/\/secure.gravatar.com\/avatar\/edb7ccdf1a4e3d14aef967760d354d0e?s=96&r=g","caption":"N.S Carideal"},"description":"Depuis tout petit fan d'automobile. Il est question d'essayer et de comparer toutes ces voitures qui nous ont fait r\u00e9ver, avant que celles-ci ne devient uniquement des voitures de collection.","sameAs":["http:\/\/www.carideal.com\/blog","https:\/\/www.facebook.com\/Carideal.mandataire.automobile\/","https:\/\/www.linkedin.com\/in\/nschiavon\/","https:\/\/www.youtube.com\/user\/caridealsas\/"],"url":"https:\/\/www.carideal.com\/blog\/author\/admin_carideal\/"}]}},"uagb_featured_image_src":{"full":false,"thumbnail":false,"medium":false,"medium_large":false,"large":false,"1536x1536":false,"2048x2048":false,"wppr-widget":false},"uagb_author_info":{"display_name":"N.S Carideal","author_link":"https:\/\/www.carideal.com\/blog\/author\/admin_carideal\/"},"uagb_comment_info":0,"uagb_excerpt":"Essai Volkswagen Polo 1.4 TDI : tr\u00e8s bruyante Durant cet essai, la Volkswagen Polo 1.4 TDI s'est montr\u00e9e \u00e9conome et tr\u00e8s bruyante. Si le championnat du monde des restylages invisibles existait, la Volkswagen Polo serait championne. La seule \u00e9volution technique notable est son moteur trois cylindres diesel aussi sobre que bruyant. Le restylage de cette\u2026","_links":{"self":[{"href":"https:\/\/www.carideal.com\/blog\/wp-json\/wp\/v2\/posts\/2770"}],"collection":[{"href":"https:\/\/www.carideal.com\/blog\/wp-json\/wp\/v2\/posts"}],"about":[{"href":"https:\/\/www.carideal.com\/blog\/wp-json\/wp\/v2\/types\/post"}],"author":[{"embeddable":true,"href":"https:\/\/www.carideal.com\/blog\/wp-json\/wp\/v2\/users\/1"}],"replies":[{"embeddable":true,"href":"https:\/\/www.carideal.com\/blog\/wp-json\/wp\/v2\/comments?post=2770"}],"version-history":[{"count":0,"href":"https:\/\/www.carideal.com\/blog\/wp-json\/wp\/v2\/posts\/2770\/revisions"}],"wp:attachment":[{"href":"https:\/\/www.carideal.com\/blog\/wp-json\/wp\/v2\/media?parent=2770"}],"wp:term":[{"taxonomy":"category","embeddable":true,"href":"https:\/\/www.carideal.com\/blog\/wp-json\/wp\/v2\/categories?post=2770"},{"taxonomy":"post_tag","embeddable":true,"href":"https:\/\/www.carideal.com\/blog\/wp-json\/wp\/v2\/tags?post=2770"}],"curies":[{"name":"wp","href":"https:\/\/api.w.org\/{rel}","templated":true}]}}