{"id":2768,"date":"2014-11-05T20:04:00","date_gmt":"2014-11-05T20:04:00","guid":{"rendered":"http:\/\/carideal.com\/blog\/?p=2768"},"modified":"2020-03-08T07:35:31","modified_gmt":"2020-03-08T06:35:31","slug":"volvo-xc90-commercialisation-en-fevrier-2015","status":"publish","type":"post","link":"https:\/\/www.carideal.com\/blog\/2014\/11\/05\/volvo-xc90-commercialisation-en-fevrier-2015\/","title":{"rendered":"VOLVO XC90 COMMERCIALISATION EN F\u00c9VRIER 2015"},"content":{"rendered":"<\/p>\n<blockquote>\n<p>Fin du suspens pour la Volvo XC 90 2015<\/p>\n<\/blockquote>\n<p><strong><a href=\"\/blog\/index.php?tag\/VOLVO\">VOLVO<\/a> XC90 COMMERCIALISATION EN F\u00c9VRIER 2015<\/strong><\/p>\n<p>Le premier <a href=\"\/blog\/index.php?tag\/XC90\">XC90<\/a> est n\u00e9 voil\u00e0 douze ans, quand la France et ses parte\u00adnaires d\u00e9couvraient l' euro... leur nouvelle monnaie. C'est dire si, depuis, le paysage automobile a chang\u00e9&nbsp;: explosion des SUV, march\u00e9s chi\u00adnois et russe en pleine expan\u00adsion, et m\u00eame un changement de \u00ab&nbsp;nationalit\u00e9&nbsp;\u00bb pour Volvo pass\u00e9 du giron de Ford \u00e0 celui de <a href=\"\/blog\/index.php?tag\/Geely\">Geely<\/a> d\u00e9but 2010., Loin d'\u00eatre un \u00e9chec, ce rachat a d\u00e9bouch\u00e9 sur une batterie de nouveaux moteurs et mod\u00e8les d\u00e8s 2011, un rapide retour aux b\u00e9n\u00e9fices, et un investissement faramineux de 11 milliards de dollars (recherche et d\u00e9velop\u00adpement, agrandissement d'usine) pour p\u00e9renniser cette croissance. Il prendra toute sa dimension sur ce XC90, pre\u00admier mod\u00e8le 100% con\u00e7u sous pavillon chinois. Pierre angulaire de cet investis\u00adsement, la toute nouvelle plate\u00ad forme modulaire baptis\u00e9e SPA servira aussi aux autres mod\u00e8les de la famille. Outre une r\u00e9duc\u00adtion des co\u00fbts (les futures Volvo se partageront moult \u00e9l\u00e9ments, qui sont in\u00e9dits \u00e0 90 % sur le XC), elle permet d'accueillir des moteurs et technologies plus modernes, comme une version hybride-rechargeable. <strong>QUATRE CYLINDRES<\/strong>... SEULEMENT? Quand l'ancien XC90 culminait, en essence, \u00e0 315 ch en version V8, le nouveau mod\u00e8le atteindra les 400 ch en version \u00ab&nbsp;T8&nbsp;\u00bb 4 cylindres 2.0 alliant turbo et compresseur de 320 ch aux roues avant, plus un moteur \u00e9lectrique de 80 ch aux roues arri\u00e8re. Une version hybride-rechargeable qui permettra, selon la marque, de parcourir 401an en mode 100% \u00e9lectrique et de ne rejeter que 60g de CO2\/km en cycle mixte. Pour des raisons de culture et de co\u00fbt (la simple V60 hybride plug\u00ad in d\u00e9passe d\u00e9j\u00e0 les 60 000 \u20ac...), le public fran\u00e7ais devrait plut\u00f4t s'orienter vers les diesels \u00e0 quatre cylindres D4 (190 ch, 400 Nm, 51 aux 100 km) et 1)5 (225 ch, 470 Nm, 6 D. <br \/>\nBien d\u00e9cid\u00e9 \u00e0 surpasser les constructeurs premium en mati\u00e8re de qualit\u00e9 per\u00e7ue, Volvo promet une ambiance int\u00e9rieure surprenante. Outre les habituels cuir et bois, du cristal est utilis\u00e9 pour le levier de vitesses sur certaines finitions (dont la First Edi\u00adtion factur\u00e9e... 91 800 \u20ac), alors que les commandes de d\u00e9mar\u00adrage et de volume adoptent une finition diamant\u00e9e sur leurs bou\u00adtons. Ces derniers ont d'ailleurs quasiment tous disparu, rem\u00adplac\u00e9s par l'autre principale nou\u00adveaut\u00e9 de l'habitacle&nbsp;; l'\u00e9cran tac\u00adtile. Plac\u00e9 verticalement, il g\u00e8re la navigation, le multim\u00e9dia mais aussi la ventilation (comme sur la Peugeot 308), et permet de col\u00adlaborer \u00e9troitement avec des appareils Apple ou Android. De quoi exploiter facilement le sys\u00adt\u00e8me audio optionnel <a href=\"\/blog\/index.php?tag\/Bowers%20amp%3B%20Wilkins\">Bowers &amp; Wilkins<\/a>, annonc\u00e9 comme l'un des trois meilleurs du monde automobile avec ses 19 haut-par\u00ad leurs et son ampli de 1 400 W... Comme le pr\u00e9c\u00e9dent mod\u00e8le et ses concurrents <a href=\"\/blog\/index.php?tag\/BMW%20X5\">BMW X5<\/a> ou <a href=\"\/blog\/index.php?tag\/Range%20Rover%20Sport\">Range Rover Sport<\/a>, le XC90 pourra accueillir jusqu'\u00e0 sept pas\u00adsagers. En authentique Volvo, il mise sur une dotation s\u00e9curitaire encore plus fournie, avec un radar anticollision \u00e0 rapproche des car\u00adrefours (une cam\u00e9ra \u00e0 l'avant d\u00e9tecte l'arriv\u00e9e d'un v\u00e9hicule depuis la gauche ou la droite) ou un syst\u00e8me de conduite autonome en ville (la voiture suit le v\u00e9hicule qui pr\u00e9c\u00e8de en g\u00e9rant acc\u00e9l\u00e9rateur, frein et direction), en plus des sys\u00adt\u00e8mes habituels de surveillance d'angle mort, maintien dans la voie et lecture des panneaux livr\u00e9s de s\u00e9rie. Un minimum pour une marque qui souhaite, \u00e0 l'horizon 2020, qu'aucun passager ne se tue ou ne soit gravement bless\u00e9 dans l'une de ses voitures.<\/p>\n","protected":false},"excerpt":{"rendered":"<p>Fin du suspens pour la Volvo XC 90 2015 VOLVO XC90 COMMERCIALISATION EN F\u00c9VRIER 2015 Le premier XC90 est n\u00e9 voil\u00e0 douze ans, quand la France et ses parte\u00adnaires d\u00e9couvraient l&rsquo; euro&#8230; leur nouvelle monnaie. C&rsquo;est dire si, depuis, le paysage automobile a chang\u00e9&nbsp;: explosion des SUV, march\u00e9s chi\u00adnois et russe en pleine expan\u00adsion, et &#8230; <a title=\"VOLVO XC90 COMMERCIALISATION EN F\u00c9VRIER 2015\" class=\"read-more\" href=\"https:\/\/www.carideal.com\/blog\/2014\/11\/05\/volvo-xc90-commercialisation-en-fevrier-2015\/\" aria-label=\"En savoir plus sur VOLVO XC90 COMMERCIALISATION EN F\u00c9VRIER 2015\">Lire plus<\/a><\/p>\n","protected":false},"author":1,"featured_media":0,"comment_status":"closed","ping_status":"open","sticky":false,"template":"","format":"standard","meta":{"_uag_custom_page_level_css":"","_themeisle_gutenberg_block_has_review":false,"footnotes":""},"categories":[9],"tags":[250],"class_list":["post-2768","post","type-post","status-publish","format-standard","hentry","category-divers","tag-geely"],"wppr_data":[],"yoast_head":"<!-- This site is optimized with the Yoast SEO plugin v24.8.1 - https:\/\/yoast.com\/wordpress\/plugins\/seo\/ -->\n<title>VOLVO XC90 COMMERCIALISATION EN F\u00c9VRIER 2015 - Blog auto Carid\u00e9al<\/title>\n<meta name=\"robots\" content=\"index, follow, max-snippet:-1, max-image-preview:large, max-video-preview:-1\" \/>\n<link rel=\"canonical\" href=\"https:\/\/www.carideal.com\/blog\/2014\/11\/05\/volvo-xc90-commercialisation-en-fevrier-2015\/\" \/>\n<meta property=\"og:locale\" content=\"fr_FR\" \/>\n<meta property=\"og:type\" content=\"article\" \/>\n<meta property=\"og:title\" content=\"VOLVO XC90 COMMERCIALISATION EN F\u00c9VRIER 2015 - Blog auto Carid\u00e9al\" \/>\n<meta property=\"og:description\" content=\"Fin du suspens pour la Volvo XC 90 2015 VOLVO XC90 COMMERCIALISATION EN F\u00c9VRIER 2015 Le premier XC90 est n\u00e9 voil\u00e0 douze ans, quand la France et ses parte\u00adnaires d\u00e9couvraient l&#039; euro... leur nouvelle monnaie. C&#039;est dire si, depuis, le paysage automobile a chang\u00e9&nbsp;: explosion des SUV, march\u00e9s chi\u00adnois et russe en pleine expan\u00adsion, et ... Lire plus\" \/>\n<meta property=\"og:url\" content=\"https:\/\/www.carideal.com\/blog\/2014\/11\/05\/volvo-xc90-commercialisation-en-fevrier-2015\/\" \/>\n<meta property=\"og:site_name\" content=\"Blog auto Carid\u00e9al\" \/>\n<meta property=\"article:publisher\" content=\"https:\/\/www.facebook.com\/Carideal.mandataire.automobile\" \/>\n<meta property=\"article:author\" content=\"https:\/\/www.facebook.com\/Carideal.mandataire.automobile\/\" \/>\n<meta property=\"article:published_time\" content=\"2014-11-05T20:04:00+00:00\" \/>\n<meta property=\"article:modified_time\" content=\"2020-03-08T06:35:31+00:00\" \/>\n<meta property=\"og:image\" content=\"https:\/\/www.carideal.com\/blog\/wp-content\/uploads\/2016\/03\/logo-carideal-mandataire-automobile.png\" \/>\n\t<meta property=\"og:image:width\" content=\"300\" \/>\n\t<meta property=\"og:image:height\" content=\"300\" \/>\n\t<meta property=\"og:image:type\" content=\"image\/png\" \/>\n<meta name=\"author\" content=\"N.S Carideal\" \/>\n<meta name=\"twitter:card\" content=\"summary_large_image\" \/>\n<meta name=\"twitter:creator\" content=\"@caridealauto\" \/>\n<meta name=\"twitter:site\" content=\"@caridealauto\" \/>\n<meta name=\"twitter:label1\" content=\"\u00c9crit par\" \/>\n\t<meta name=\"twitter:data1\" content=\"N.S Carideal\" \/>\n\t<meta name=\"twitter:label2\" content=\"Dur\u00e9e de lecture estim\u00e9e\" \/>\n\t<meta name=\"twitter:data2\" content=\"3 minutes\" \/>\n<script type=\"application\/ld+json\" class=\"yoast-schema-graph\">{\"@context\":\"https:\/\/schema.org\",\"@graph\":[{\"@type\":\"Article\",\"@id\":\"https:\/\/www.carideal.com\/blog\/2014\/11\/05\/volvo-xc90-commercialisation-en-fevrier-2015\/#article\",\"isPartOf\":{\"@id\":\"https:\/\/www.carideal.com\/blog\/2014\/11\/05\/volvo-xc90-commercialisation-en-fevrier-2015\/\"},\"author\":{\"name\":\"N.S Carideal\",\"@id\":\"https:\/\/www.carideal.com\/blog\/#\/schema\/person\/985c7e757d1042d647f21bfaf8d41ebc\"},\"headline\":\"VOLVO XC90 COMMERCIALISATION EN F\u00c9VRIER 2015\",\"datePublished\":\"2014-11-05T20:04:00+00:00\",\"dateModified\":\"2020-03-08T06:35:31+00:00\",\"mainEntityOfPage\":{\"@id\":\"https:\/\/www.carideal.com\/blog\/2014\/11\/05\/volvo-xc90-commercialisation-en-fevrier-2015\/\"},\"wordCount\":609,\"publisher\":{\"@id\":\"https:\/\/www.carideal.com\/blog\/#organization\"},\"keywords\":[\"Geely\"],\"articleSection\":[\"Divers\"],\"inLanguage\":\"fr-FR\"},{\"@type\":\"WebPage\",\"@id\":\"https:\/\/www.carideal.com\/blog\/2014\/11\/05\/volvo-xc90-commercialisation-en-fevrier-2015\/\",\"url\":\"https:\/\/www.carideal.com\/blog\/2014\/11\/05\/volvo-xc90-commercialisation-en-fevrier-2015\/\",\"name\":\"VOLVO XC90 COMMERCIALISATION EN F\u00c9VRIER 2015 - Blog auto Carid\u00e9al\",\"isPartOf\":{\"@id\":\"https:\/\/www.carideal.com\/blog\/#website\"},\"datePublished\":\"2014-11-05T20:04:00+00:00\",\"dateModified\":\"2020-03-08T06:35:31+00:00\",\"breadcrumb\":{\"@id\":\"https:\/\/www.carideal.com\/blog\/2014\/11\/05\/volvo-xc90-commercialisation-en-fevrier-2015\/#breadcrumb\"},\"inLanguage\":\"fr-FR\",\"potentialAction\":[{\"@type\":\"ReadAction\",\"target\":[\"https:\/\/www.carideal.com\/blog\/2014\/11\/05\/volvo-xc90-commercialisation-en-fevrier-2015\/\"]}]},{\"@type\":\"BreadcrumbList\",\"@id\":\"https:\/\/www.carideal.com\/blog\/2014\/11\/05\/volvo-xc90-commercialisation-en-fevrier-2015\/#breadcrumb\",\"itemListElement\":[{\"@type\":\"ListItem\",\"position\":1,\"name\":\"Blog Carid\u00e9al\",\"item\":\"https:\/\/www.carideal.com\/blog\/\"},{\"@type\":\"ListItem\",\"position\":2,\"name\":\"Divers\",\"item\":\"https:\/\/www.carideal.com\/blog\/divers\/\"},{\"@type\":\"ListItem\",\"position\":3,\"name\":\"VOLVO XC90 COMMERCIALISATION EN F\u00c9VRIER 2015\"}]},{\"@type\":\"WebSite\",\"@id\":\"https:\/\/www.carideal.com\/blog\/#website\",\"url\":\"https:\/\/www.carideal.com\/blog\/\",\"name\":\"Blog auto Carid\u00e9al\",\"description\":\"Actualit\u00e9 auto par des passionn\u00e9s\",\"publisher\":{\"@id\":\"https:\/\/www.carideal.com\/blog\/#organization\"},\"potentialAction\":[{\"@type\":\"SearchAction\",\"target\":{\"@type\":\"EntryPoint\",\"urlTemplate\":\"https:\/\/www.carideal.com\/blog\/?s={search_term_string}\"},\"query-input\":{\"@type\":\"PropertyValueSpecification\",\"valueRequired\":true,\"valueName\":\"search_term_string\"}}],\"inLanguage\":\"fr-FR\"},{\"@type\":\"Organization\",\"@id\":\"https:\/\/www.carideal.com\/blog\/#organization\",\"name\":\"Carideal\",\"url\":\"https:\/\/www.carideal.com\/blog\/\",\"logo\":{\"@type\":\"ImageObject\",\"inLanguage\":\"fr-FR\",\"@id\":\"https:\/\/www.carideal.com\/blog\/#\/schema\/logo\/image\/\",\"url\":\"http:\/\/www.carideal.com\/blog\/wp-content\/uploads\/2016\/03\/logo-carideal-mandataire-automobile.png\",\"contentUrl\":\"http:\/\/www.carideal.com\/blog\/wp-content\/uploads\/2016\/03\/logo-carideal-mandataire-automobile.png\",\"width\":300,\"height\":300,\"caption\":\"Carideal\"},\"image\":{\"@id\":\"https:\/\/www.carideal.com\/blog\/#\/schema\/logo\/image\/\"},\"sameAs\":[\"https:\/\/www.facebook.com\/Carideal.mandataire.automobile\",\"https:\/\/x.com\/caridealauto\",\"https:\/\/www.instagram.com\/carideal1\/\",\"https:\/\/www.linkedin.com\/company\/carideal.com\",\"https:\/\/fr.pinterest.com\/schiavonsas\/\",\"https:\/\/www.youtube.com\/user\/caridealsas\"]},{\"@type\":\"Person\",\"@id\":\"https:\/\/www.carideal.com\/blog\/#\/schema\/person\/985c7e757d1042d647f21bfaf8d41ebc\",\"name\":\"N.S Carideal\",\"image\":{\"@type\":\"ImageObject\",\"inLanguage\":\"fr-FR\",\"@id\":\"https:\/\/www.carideal.com\/blog\/#\/schema\/person\/image\/\",\"url\":\"https:\/\/secure.gravatar.com\/avatar\/edb7ccdf1a4e3d14aef967760d354d0e?s=96&r=g\",\"contentUrl\":\"https:\/\/secure.gravatar.com\/avatar\/edb7ccdf1a4e3d14aef967760d354d0e?s=96&r=g\",\"caption\":\"N.S Carideal\"},\"description\":\"Depuis tout petit fan d'automobile. Il est question d'essayer et de comparer toutes ces voitures qui nous ont fait r\u00e9ver, avant que celles-ci ne devient uniquement des voitures de collection.\",\"sameAs\":[\"http:\/\/www.carideal.com\/blog\",\"https:\/\/www.facebook.com\/Carideal.mandataire.automobile\/\",\"https:\/\/www.linkedin.com\/in\/nschiavon\/\",\"https:\/\/www.youtube.com\/user\/caridealsas\/\"],\"url\":\"https:\/\/www.carideal.com\/blog\/author\/admin_carideal\/\"}]}<\/script>\n<!-- \/ Yoast SEO plugin. -->","yoast_head_json":{"title":"VOLVO XC90 COMMERCIALISATION EN F\u00c9VRIER 2015 - Blog auto Carid\u00e9al","robots":{"index":"index","follow":"follow","max-snippet":"max-snippet:-1","max-image-preview":"max-image-preview:large","max-video-preview":"max-video-preview:-1"},"canonical":"https:\/\/www.carideal.com\/blog\/2014\/11\/05\/volvo-xc90-commercialisation-en-fevrier-2015\/","og_locale":"fr_FR","og_type":"article","og_title":"VOLVO XC90 COMMERCIALISATION EN F\u00c9VRIER 2015 - Blog auto Carid\u00e9al","og_description":"Fin du suspens pour la Volvo XC 90 2015 VOLVO XC90 COMMERCIALISATION EN F\u00c9VRIER 2015 Le premier XC90 est n\u00e9 voil\u00e0 douze ans, quand la France et ses parte\u00adnaires d\u00e9couvraient l' euro... leur nouvelle monnaie. C'est dire si, depuis, le paysage automobile a chang\u00e9&nbsp;: explosion des SUV, march\u00e9s chi\u00adnois et russe en pleine expan\u00adsion, et ... Lire plus","og_url":"https:\/\/www.carideal.com\/blog\/2014\/11\/05\/volvo-xc90-commercialisation-en-fevrier-2015\/","og_site_name":"Blog auto Carid\u00e9al","article_publisher":"https:\/\/www.facebook.com\/Carideal.mandataire.automobile","article_author":"https:\/\/www.facebook.com\/Carideal.mandataire.automobile\/","article_published_time":"2014-11-05T20:04:00+00:00","article_modified_time":"2020-03-08T06:35:31+00:00","og_image":[{"width":300,"height":300,"url":"https:\/\/www.carideal.com\/blog\/wp-content\/uploads\/2016\/03\/logo-carideal-mandataire-automobile.png","type":"image\/png"}],"author":"N.S Carideal","twitter_card":"summary_large_image","twitter_creator":"@caridealauto","twitter_site":"@caridealauto","twitter_misc":{"\u00c9crit par":"N.S Carideal","Dur\u00e9e de lecture estim\u00e9e":"3 minutes"},"schema":{"@context":"https:\/\/schema.org","@graph":[{"@type":"Article","@id":"https:\/\/www.carideal.com\/blog\/2014\/11\/05\/volvo-xc90-commercialisation-en-fevrier-2015\/#article","isPartOf":{"@id":"https:\/\/www.carideal.com\/blog\/2014\/11\/05\/volvo-xc90-commercialisation-en-fevrier-2015\/"},"author":{"name":"N.S Carideal","@id":"https:\/\/www.carideal.com\/blog\/#\/schema\/person\/985c7e757d1042d647f21bfaf8d41ebc"},"headline":"VOLVO XC90 COMMERCIALISATION EN F\u00c9VRIER 2015","datePublished":"2014-11-05T20:04:00+00:00","dateModified":"2020-03-08T06:35:31+00:00","mainEntityOfPage":{"@id":"https:\/\/www.carideal.com\/blog\/2014\/11\/05\/volvo-xc90-commercialisation-en-fevrier-2015\/"},"wordCount":609,"publisher":{"@id":"https:\/\/www.carideal.com\/blog\/#organization"},"keywords":["Geely"],"articleSection":["Divers"],"inLanguage":"fr-FR"},{"@type":"WebPage","@id":"https:\/\/www.carideal.com\/blog\/2014\/11\/05\/volvo-xc90-commercialisation-en-fevrier-2015\/","url":"https:\/\/www.carideal.com\/blog\/2014\/11\/05\/volvo-xc90-commercialisation-en-fevrier-2015\/","name":"VOLVO XC90 COMMERCIALISATION EN F\u00c9VRIER 2015 - Blog auto Carid\u00e9al","isPartOf":{"@id":"https:\/\/www.carideal.com\/blog\/#website"},"datePublished":"2014-11-05T20:04:00+00:00","dateModified":"2020-03-08T06:35:31+00:00","breadcrumb":{"@id":"https:\/\/www.carideal.com\/blog\/2014\/11\/05\/volvo-xc90-commercialisation-en-fevrier-2015\/#breadcrumb"},"inLanguage":"fr-FR","potentialAction":[{"@type":"ReadAction","target":["https:\/\/www.carideal.com\/blog\/2014\/11\/05\/volvo-xc90-commercialisation-en-fevrier-2015\/"]}]},{"@type":"BreadcrumbList","@id":"https:\/\/www.carideal.com\/blog\/2014\/11\/05\/volvo-xc90-commercialisation-en-fevrier-2015\/#breadcrumb","itemListElement":[{"@type":"ListItem","position":1,"name":"Blog Carid\u00e9al","item":"https:\/\/www.carideal.com\/blog\/"},{"@type":"ListItem","position":2,"name":"Divers","item":"https:\/\/www.carideal.com\/blog\/divers\/"},{"@type":"ListItem","position":3,"name":"VOLVO XC90 COMMERCIALISATION EN F\u00c9VRIER 2015"}]},{"@type":"WebSite","@id":"https:\/\/www.carideal.com\/blog\/#website","url":"https:\/\/www.carideal.com\/blog\/","name":"Blog auto Carid\u00e9al","description":"Actualit\u00e9 auto par des passionn\u00e9s","publisher":{"@id":"https:\/\/www.carideal.com\/blog\/#organization"},"potentialAction":[{"@type":"SearchAction","target":{"@type":"EntryPoint","urlTemplate":"https:\/\/www.carideal.com\/blog\/?s={search_term_string}"},"query-input":{"@type":"PropertyValueSpecification","valueRequired":true,"valueName":"search_term_string"}}],"inLanguage":"fr-FR"},{"@type":"Organization","@id":"https:\/\/www.carideal.com\/blog\/#organization","name":"Carideal","url":"https:\/\/www.carideal.com\/blog\/","logo":{"@type":"ImageObject","inLanguage":"fr-FR","@id":"https:\/\/www.carideal.com\/blog\/#\/schema\/logo\/image\/","url":"http:\/\/www.carideal.com\/blog\/wp-content\/uploads\/2016\/03\/logo-carideal-mandataire-automobile.png","contentUrl":"http:\/\/www.carideal.com\/blog\/wp-content\/uploads\/2016\/03\/logo-carideal-mandataire-automobile.png","width":300,"height":300,"caption":"Carideal"},"image":{"@id":"https:\/\/www.carideal.com\/blog\/#\/schema\/logo\/image\/"},"sameAs":["https:\/\/www.facebook.com\/Carideal.mandataire.automobile","https:\/\/x.com\/caridealauto","https:\/\/www.instagram.com\/carideal1\/","https:\/\/www.linkedin.com\/company\/carideal.com","https:\/\/fr.pinterest.com\/schiavonsas\/","https:\/\/www.youtube.com\/user\/caridealsas"]},{"@type":"Person","@id":"https:\/\/www.carideal.com\/blog\/#\/schema\/person\/985c7e757d1042d647f21bfaf8d41ebc","name":"N.S Carideal","image":{"@type":"ImageObject","inLanguage":"fr-FR","@id":"https:\/\/www.carideal.com\/blog\/#\/schema\/person\/image\/","url":"https:\/\/secure.gravatar.com\/avatar\/edb7ccdf1a4e3d14aef967760d354d0e?s=96&r=g","contentUrl":"https:\/\/secure.gravatar.com\/avatar\/edb7ccdf1a4e3d14aef967760d354d0e?s=96&r=g","caption":"N.S Carideal"},"description":"Depuis tout petit fan d'automobile. Il est question d'essayer et de comparer toutes ces voitures qui nous ont fait r\u00e9ver, avant que celles-ci ne devient uniquement des voitures de collection.","sameAs":["http:\/\/www.carideal.com\/blog","https:\/\/www.facebook.com\/Carideal.mandataire.automobile\/","https:\/\/www.linkedin.com\/in\/nschiavon\/","https:\/\/www.youtube.com\/user\/caridealsas\/"],"url":"https:\/\/www.carideal.com\/blog\/author\/admin_carideal\/"}]}},"uagb_featured_image_src":{"full":false,"thumbnail":false,"medium":false,"medium_large":false,"large":false,"1536x1536":false,"2048x2048":false,"wppr-widget":false},"uagb_author_info":{"display_name":"N.S Carideal","author_link":"https:\/\/www.carideal.com\/blog\/author\/admin_carideal\/"},"uagb_comment_info":0,"uagb_excerpt":"Fin du suspens pour la Volvo XC 90 2015 VOLVO XC90 COMMERCIALISATION EN F\u00c9VRIER 2015 Le premier XC90 est n\u00e9 voil\u00e0 douze ans, quand la France et ses parte\u00adnaires d\u00e9couvraient l' euro... leur nouvelle monnaie. C'est dire si, depuis, le paysage automobile a chang\u00e9&nbsp;: explosion des SUV, march\u00e9s chi\u00adnois et russe en pleine expan\u00adsion, et\u2026","_links":{"self":[{"href":"https:\/\/www.carideal.com\/blog\/wp-json\/wp\/v2\/posts\/2768"}],"collection":[{"href":"https:\/\/www.carideal.com\/blog\/wp-json\/wp\/v2\/posts"}],"about":[{"href":"https:\/\/www.carideal.com\/blog\/wp-json\/wp\/v2\/types\/post"}],"author":[{"embeddable":true,"href":"https:\/\/www.carideal.com\/blog\/wp-json\/wp\/v2\/users\/1"}],"replies":[{"embeddable":true,"href":"https:\/\/www.carideal.com\/blog\/wp-json\/wp\/v2\/comments?post=2768"}],"version-history":[{"count":0,"href":"https:\/\/www.carideal.com\/blog\/wp-json\/wp\/v2\/posts\/2768\/revisions"}],"wp:attachment":[{"href":"https:\/\/www.carideal.com\/blog\/wp-json\/wp\/v2\/media?parent=2768"}],"wp:term":[{"taxonomy":"category","embeddable":true,"href":"https:\/\/www.carideal.com\/blog\/wp-json\/wp\/v2\/categories?post=2768"},{"taxonomy":"post_tag","embeddable":true,"href":"https:\/\/www.carideal.com\/blog\/wp-json\/wp\/v2\/tags?post=2768"}],"curies":[{"name":"wp","href":"https:\/\/api.w.org\/{rel}","templated":true}]}}