{"id":27637,"date":"2024-02-11T15:33:28","date_gmt":"2024-02-11T14:33:28","guid":{"rendered":"https:\/\/www.carideal.com\/blog\/?p=27637"},"modified":"2024-02-11T15:33:29","modified_gmt":"2024-02-11T14:33:29","slug":"la-honda-cr-v-1997-2001-un-pionnier-des-suv-compacts","status":"publish","type":"post","link":"https:\/\/www.carideal.com\/blog\/2024\/02\/11\/la-honda-cr-v-1997-2001-un-pionnier-des-suv-compacts\/","title":{"rendered":"Honda CR-V (1997-2001) : Un Pionnier des SUV Compacts"},"content":{"rendered":"\n<h2 class=\"wp-block-heading\" id=\"h-la-honda-cr-v-1997-2001-un-pionnier-des-suv-compacts\">La Honda CR-V (1997-2001) : Un Pionnier des SUV Compacts<\/h2>\n\n\n\n<p>La Honda CR-V Mk1, lanc\u00e9e entre 1997 et 2001, a marqu\u00e9 une r\u00e9volution dans le monde des <a href=\"https:\/\/www.carideal.com\/blog\/2008\/03\/25\/guide-d-achat-des-suv-compact-diesel\/\">SUV compacts<\/a>. Avec son design utilitaire et ses fonctionnalit\u00e9s orient\u00e9es vers la praticit\u00e9, <a href=\"https:\/\/www.carideal.com\/blog\/marque-de-voiture-actualites-essais\/honda\/\">cette Honda<\/a> s'est impos\u00e9e comme un choix incontournable pour ceux qui recherchent un v\u00e9hicule \u00e0 la fois robuste et confortable.<\/p>\n\n\n\n<h2 class=\"wp-block-heading\" id=\"h-conception-innovante\">Conception Innovante<\/h2>\n\n\n\n<p>La Honda CR-V Mk1 se distingue par son design simple et fonctionnel. Inspir\u00e9e des voitures familiales de l'\u00e9poque, comme la Honda Civic, elle a su r\u00e9inventer le style utilitaire dans un contexte plus moderne. Les pare-chocs imposants et non peints dominent son apparence ext\u00e9rieure, lui conf\u00e9rant un aspect robuste et pr\u00eat pour l'aventure.<\/p>\n\n\n\n<h3 class=\"wp-block-heading\" id=\"h-l-interieur-praticite-avant-tout\">L'Int\u00e9rieur : Praticit\u00e9 Avant Tout<\/h3>\n\n\n\n<p>\u00c0 l'int\u00e9rieur, la CR-V Mk1 privil\u00e9gie la fonctionnalit\u00e9. L'habitacle, principalement gris et d\u00e9pourvu de fioritures, refl\u00e8te l'approche minimaliste de la marque. Malgr\u00e9 cette simplicit\u00e9, les commandes sont solides et l'agencement du tableau de bord est clair et facile \u00e0 utiliser. Le rangement entre les si\u00e8ges avant, incluant des porte-gobelets et un plateau, est un exemple ing\u00e9nieux de l'utilisation de l'espace.<\/p>\n\n\n\n<h3 class=\"wp-block-heading\" id=\"h-motorisation-et-performance\">Motorisation et Performance<\/h3>\n\n\n\n<p>Sous le capot, la CR-V de 1997 \u00e0 2001 est \u00e9quip\u00e9e d'un moteur essence 2.0 litres, offrant une puissance de 126 \u00e0 147 ch selon les versions. L\u00e9g\u00e8re pour sa cat\u00e9gorie, avec un poids d'environ 1 500 kg, elle offre des performances de conduite satisfaisantes, avec une acc\u00e9l\u00e9ration de 0 \u00e0 100 km\/h en 10,5 secondes. Le moteur, n\u00e9cessitant un certain r\u00e9gime pour exprimer son potentiel, se distingue par sa sonorit\u00e9 agr\u00e9able.<\/p>\n\n\n\n<h2 class=\"wp-block-heading\" id=\"h-confort-et-comportement-routier\">Confort et Comportement Routier<\/h2>\n\n\n\n<p>La Honda CR-V Mk1 trouve un \u00e9quilibre entre confort et tenue de route. Elle absorbe bien les irr\u00e9gularit\u00e9s de la route tout en restant stable dans les virages. Le point fort r\u00e9side dans la direction, offrant un retour d'information surprenant et un poids id\u00e9al.<\/p>\n\n\n\n<h2 class=\"wp-block-heading\" id=\"h-praticite-et-polyvalence\">Praticit\u00e9 et Polyvalence<\/h2>\n\n\n\n<p>La CR-V Mk1 brille par sa polyvalence. Son coffre, plus grand qu'il n'y para\u00eet, est facilement accessible gr\u00e2ce \u00e0 un hayon divis\u00e9 en deux parties. La capacit\u00e9 de charge utile et la disposition des si\u00e8ges arri\u00e8re, qui peuvent se replier et s'incliner, offrent une grande modularit\u00e9 pour tout type de chargement.<\/p>\n\n\n\n<h3 class=\"wp-block-heading\" id=\"h-un-vehicule-toujours-d-actualite\">Un V\u00e9hicule Toujours D'Actualit\u00e9<\/h3>\n\n\n\n<p>Bien que con\u00e7ue il y a plus de deux d\u00e9cennies, la Honda CR-V Mk1 reste un v\u00e9hicule pertinent pour la vie quotidienne. Sa conception robuste, sa simplicit\u00e9 d'utilisation et son aspect pratique la rendent toujours aussi attrayante aujourd'hui.<\/p>\n\n\n\n<h2 class=\"wp-block-heading\" id=\"h-conclusion\">Conclusion<\/h2>\n\n\n\n<p>La Honda CR-V Mk1 n'est pas seulement un v\u00e9hicule utilitaire ; elle est le symbole d'une \u00e9poque o\u00f9 la praticit\u00e9 et la simplicit\u00e9 \u00e9taient privil\u00e9gi\u00e9es. Elle reste un choix judicieux pour ceux qui cherchent un v\u00e9hicule fiable et polyvalent.<\/p>\n\n\n\n<hr class=\"wp-block-separator has-alpha-channel-opacity\"\/>\n\n\n\n<div class=\"wp-block-wp-mermaid-block mermaid\">\ngraph LR\nA[Conception] --> B[Design Utilitaire]\nA --> C[Int\u00e9rieur Pratique]\nA --> D[Motorisation \u00c9quilibr\u00e9e]\nB --> E[Ext\u00e9rieur Robuste]\nC --> F[Am\u00e9nagement Int\u00e9rieur Minimaliste]\nD --> G[Performance et Economie]\nE --> H[Style et Fonctionnalit\u00e9]\nF --> I[Confort et Ergonomie]\nG --> J[Dynamique de Conduite]\n\n<\/div>\n\n\n\n<p>Ce diagramme illustre l'approche globale de la conception de la Honda CR-V Mk1, mettant en \u00e9vidence les principaux aspects qui font de ce v\u00e9hicule un pionnier dans sa cat\u00e9gorie.<\/p>\n","protected":false},"excerpt":{"rendered":"<p>La Honda CR-V (1997-2001) : Un Pionnier des SUV Compacts La Honda CR-V Mk1, lanc\u00e9e entre 1997 et 2001, a marqu\u00e9 une r\u00e9volution dans le monde des SUV compacts. Avec son design utilitaire et ses fonctionnalit\u00e9s orient\u00e9es vers la praticit\u00e9, cette Honda s&rsquo;est impos\u00e9e comme un choix incontournable pour ceux qui recherchent un v\u00e9hicule \u00e0 &#8230; <a title=\"Honda CR-V (1997-2001) : Un Pionnier des SUV Compacts\" class=\"read-more\" href=\"https:\/\/www.carideal.com\/blog\/2024\/02\/11\/la-honda-cr-v-1997-2001-un-pionnier-des-suv-compacts\/\" aria-label=\"En savoir plus sur Honda CR-V (1997-2001) : Un Pionnier des SUV Compacts\">Lire plus<\/a><\/p>\n","protected":false},"author":1,"featured_media":27676,"comment_status":"open","ping_status":"open","sticky":false,"template":"","format":"standard","meta":{"_uag_custom_page_level_css":"","_themeisle_gutenberg_block_has_review":false,"footnotes":""},"categories":[6192,6010],"tags":[],"class_list":["post-27637","post","type-post","status-publish","format-standard","has-post-thumbnail","hentry","category-essais-honda","category-suv"],"wppr_data":{"cwp_meta_box_check":"No"},"yoast_head":"<!-- This site is optimized with the Yoast SEO plugin v24.8.1 - https:\/\/yoast.com\/wordpress\/plugins\/seo\/ -->\n<title>Honda CR-V (1997-2001) : Un Pionnier des SUV Compacts - Blog auto Carid\u00e9al<\/title>\n<meta name=\"description\" content=\"La Honda CR-V Mk1, lanc\u00e9e entre 1997 et 2001, a marqu\u00e9 une r\u00e9volution dans le monde des SUV compacts.\" \/>\n<meta name=\"robots\" content=\"index, follow, max-snippet:-1, max-image-preview:large, max-video-preview:-1\" \/>\n<link rel=\"canonical\" href=\"https:\/\/www.carideal.com\/blog\/2024\/02\/11\/la-honda-cr-v-1997-2001-un-pionnier-des-suv-compacts\/\" \/>\n<meta property=\"og:locale\" content=\"fr_FR\" \/>\n<meta property=\"og:type\" content=\"article\" \/>\n<meta property=\"og:title\" content=\"Honda CR-V (1997-2001) : Un Pionnier des SUV Compacts - Blog auto Carid\u00e9al\" \/>\n<meta property=\"og:description\" content=\"La Honda CR-V Mk1, lanc\u00e9e entre 1997 et 2001, a marqu\u00e9 une r\u00e9volution dans le monde des SUV compacts.\" \/>\n<meta property=\"og:url\" content=\"https:\/\/www.carideal.com\/blog\/2024\/02\/11\/la-honda-cr-v-1997-2001-un-pionnier-des-suv-compacts\/\" \/>\n<meta property=\"og:site_name\" content=\"Blog auto Carid\u00e9al\" \/>\n<meta property=\"article:publisher\" content=\"https:\/\/www.facebook.com\/Carideal.mandataire.automobile\" \/>\n<meta property=\"article:author\" content=\"https:\/\/www.facebook.com\/Carideal.mandataire.automobile\/\" \/>\n<meta property=\"article:published_time\" content=\"2024-02-11T14:33:28+00:00\" \/>\n<meta property=\"article:modified_time\" content=\"2024-02-11T14:33:29+00:00\" \/>\n<meta property=\"og:image\" content=\"https:\/\/www.carideal.com\/blog\/wp-content\/uploads\/2024\/02\/honda-crv-2000-2.jpg\" \/>\n\t<meta property=\"og:image:width\" content=\"1300\" \/>\n\t<meta property=\"og:image:height\" content=\"593\" \/>\n\t<meta property=\"og:image:type\" content=\"image\/jpeg\" \/>\n<meta name=\"author\" content=\"N.S Carideal\" \/>\n<meta name=\"twitter:card\" content=\"summary_large_image\" \/>\n<meta name=\"twitter:creator\" content=\"@caridealauto\" \/>\n<meta name=\"twitter:site\" content=\"@caridealauto\" \/>\n<meta name=\"twitter:label1\" content=\"\u00c9crit par\" \/>\n\t<meta name=\"twitter:data1\" content=\"N.S Carideal\" \/>\n\t<meta name=\"twitter:label2\" content=\"Dur\u00e9e de lecture estim\u00e9e\" \/>\n\t<meta name=\"twitter:data2\" content=\"3 minutes\" \/>\n<script type=\"application\/ld+json\" class=\"yoast-schema-graph\">{\"@context\":\"https:\/\/schema.org\",\"@graph\":[{\"@type\":\"Article\",\"@id\":\"https:\/\/www.carideal.com\/blog\/2024\/02\/11\/la-honda-cr-v-1997-2001-un-pionnier-des-suv-compacts\/#article\",\"isPartOf\":{\"@id\":\"https:\/\/www.carideal.com\/blog\/2024\/02\/11\/la-honda-cr-v-1997-2001-un-pionnier-des-suv-compacts\/\"},\"author\":{\"name\":\"N.S Carideal\",\"@id\":\"https:\/\/www.carideal.com\/blog\/#\/schema\/person\/985c7e757d1042d647f21bfaf8d41ebc\"},\"headline\":\"Honda CR-V (1997-2001) : Un Pionnier des SUV Compacts\",\"datePublished\":\"2024-02-11T14:33:28+00:00\",\"dateModified\":\"2024-02-11T14:33:29+00:00\",\"mainEntityOfPage\":{\"@id\":\"https:\/\/www.carideal.com\/blog\/2024\/02\/11\/la-honda-cr-v-1997-2001-un-pionnier-des-suv-compacts\/\"},\"wordCount\":559,\"commentCount\":0,\"publisher\":{\"@id\":\"https:\/\/www.carideal.com\/blog\/#organization\"},\"image\":{\"@id\":\"https:\/\/www.carideal.com\/blog\/2024\/02\/11\/la-honda-cr-v-1997-2001-un-pionnier-des-suv-compacts\/#primaryimage\"},\"thumbnailUrl\":\"https:\/\/www.carideal.com\/blog\/wp-content\/uploads\/2024\/02\/honda-crv-2000-2.jpg\",\"articleSection\":[\"Essais Honda\",\"SUV\"],\"inLanguage\":\"fr-FR\",\"potentialAction\":[{\"@type\":\"CommentAction\",\"name\":\"Comment\",\"target\":[\"https:\/\/www.carideal.com\/blog\/2024\/02\/11\/la-honda-cr-v-1997-2001-un-pionnier-des-suv-compacts\/#respond\"]}]},{\"@type\":\"WebPage\",\"@id\":\"https:\/\/www.carideal.com\/blog\/2024\/02\/11\/la-honda-cr-v-1997-2001-un-pionnier-des-suv-compacts\/\",\"url\":\"https:\/\/www.carideal.com\/blog\/2024\/02\/11\/la-honda-cr-v-1997-2001-un-pionnier-des-suv-compacts\/\",\"name\":\"Honda CR-V (1997-2001) : Un Pionnier des SUV Compacts - Blog auto Carid\u00e9al\",\"isPartOf\":{\"@id\":\"https:\/\/www.carideal.com\/blog\/#website\"},\"primaryImageOfPage\":{\"@id\":\"https:\/\/www.carideal.com\/blog\/2024\/02\/11\/la-honda-cr-v-1997-2001-un-pionnier-des-suv-compacts\/#primaryimage\"},\"image\":{\"@id\":\"https:\/\/www.carideal.com\/blog\/2024\/02\/11\/la-honda-cr-v-1997-2001-un-pionnier-des-suv-compacts\/#primaryimage\"},\"thumbnailUrl\":\"https:\/\/www.carideal.com\/blog\/wp-content\/uploads\/2024\/02\/honda-crv-2000-2.jpg\",\"datePublished\":\"2024-02-11T14:33:28+00:00\",\"dateModified\":\"2024-02-11T14:33:29+00:00\",\"description\":\"La Honda CR-V Mk1, lanc\u00e9e entre 1997 et 2001, a marqu\u00e9 une r\u00e9volution dans le monde des SUV compacts.\",\"breadcrumb\":{\"@id\":\"https:\/\/www.carideal.com\/blog\/2024\/02\/11\/la-honda-cr-v-1997-2001-un-pionnier-des-suv-compacts\/#breadcrumb\"},\"inLanguage\":\"fr-FR\",\"potentialAction\":[{\"@type\":\"ReadAction\",\"target\":[\"https:\/\/www.carideal.com\/blog\/2024\/02\/11\/la-honda-cr-v-1997-2001-un-pionnier-des-suv-compacts\/\"]}]},{\"@type\":\"ImageObject\",\"inLanguage\":\"fr-FR\",\"@id\":\"https:\/\/www.carideal.com\/blog\/2024\/02\/11\/la-honda-cr-v-1997-2001-un-pionnier-des-suv-compacts\/#primaryimage\",\"url\":\"https:\/\/www.carideal.com\/blog\/wp-content\/uploads\/2024\/02\/honda-crv-2000-2.jpg\",\"contentUrl\":\"https:\/\/www.carideal.com\/blog\/wp-content\/uploads\/2024\/02\/honda-crv-2000-2.jpg\",\"width\":1300,\"height\":593,\"caption\":\"Honda CR-V (1997-2001) : Un Pionnier des SUV Compacts\"},{\"@type\":\"BreadcrumbList\",\"@id\":\"https:\/\/www.carideal.com\/blog\/2024\/02\/11\/la-honda-cr-v-1997-2001-un-pionnier-des-suv-compacts\/#breadcrumb\",\"itemListElement\":[{\"@type\":\"ListItem\",\"position\":1,\"name\":\"Blog Carid\u00e9al\",\"item\":\"https:\/\/www.carideal.com\/blog\/\"},{\"@type\":\"ListItem\",\"position\":2,\"name\":\"Essais automobile\",\"item\":\"https:\/\/www.carideal.com\/blog\/essai\/\"},{\"@type\":\"ListItem\",\"position\":3,\"name\":\"Essais Honda\",\"item\":\"https:\/\/www.carideal.com\/blog\/essai\/essais-honda\/\"},{\"@type\":\"ListItem\",\"position\":4,\"name\":\"Honda CR-V (1997-2001) : Un Pionnier des SUV Compacts\"}]},{\"@type\":\"WebSite\",\"@id\":\"https:\/\/www.carideal.com\/blog\/#website\",\"url\":\"https:\/\/www.carideal.com\/blog\/\",\"name\":\"Blog auto Carid\u00e9al\",\"description\":\"Actualit\u00e9 auto par des passionn\u00e9s\",\"publisher\":{\"@id\":\"https:\/\/www.carideal.com\/blog\/#organization\"},\"potentialAction\":[{\"@type\":\"SearchAction\",\"target\":{\"@type\":\"EntryPoint\",\"urlTemplate\":\"https:\/\/www.carideal.com\/blog\/?s={search_term_string}\"},\"query-input\":{\"@type\":\"PropertyValueSpecification\",\"valueRequired\":true,\"valueName\":\"search_term_string\"}}],\"inLanguage\":\"fr-FR\"},{\"@type\":\"Organization\",\"@id\":\"https:\/\/www.carideal.com\/blog\/#organization\",\"name\":\"Carideal\",\"url\":\"https:\/\/www.carideal.com\/blog\/\",\"logo\":{\"@type\":\"ImageObject\",\"inLanguage\":\"fr-FR\",\"@id\":\"https:\/\/www.carideal.com\/blog\/#\/schema\/logo\/image\/\",\"url\":\"http:\/\/www.carideal.com\/blog\/wp-content\/uploads\/2016\/03\/logo-carideal-mandataire-automobile.png\",\"contentUrl\":\"http:\/\/www.carideal.com\/blog\/wp-content\/uploads\/2016\/03\/logo-carideal-mandataire-automobile.png\",\"width\":300,\"height\":300,\"caption\":\"Carideal\"},\"image\":{\"@id\":\"https:\/\/www.carideal.com\/blog\/#\/schema\/logo\/image\/\"},\"sameAs\":[\"https:\/\/www.facebook.com\/Carideal.mandataire.automobile\",\"https:\/\/x.com\/caridealauto\",\"https:\/\/www.instagram.com\/carideal1\/\",\"https:\/\/www.linkedin.com\/company\/carideal.com\",\"https:\/\/fr.pinterest.com\/schiavonsas\/\",\"https:\/\/www.youtube.com\/user\/caridealsas\"]},{\"@type\":\"Person\",\"@id\":\"https:\/\/www.carideal.com\/blog\/#\/schema\/person\/985c7e757d1042d647f21bfaf8d41ebc\",\"name\":\"N.S Carideal\",\"image\":{\"@type\":\"ImageObject\",\"inLanguage\":\"fr-FR\",\"@id\":\"https:\/\/www.carideal.com\/blog\/#\/schema\/person\/image\/\",\"url\":\"https:\/\/secure.gravatar.com\/avatar\/edb7ccdf1a4e3d14aef967760d354d0e?s=96&r=g\",\"contentUrl\":\"https:\/\/secure.gravatar.com\/avatar\/edb7ccdf1a4e3d14aef967760d354d0e?s=96&r=g\",\"caption\":\"N.S Carideal\"},\"description\":\"Depuis tout petit fan d'automobile. Il est question d'essayer et de comparer toutes ces voitures qui nous ont fait r\u00e9ver, avant que celles-ci ne devient uniquement des voitures de collection.\",\"sameAs\":[\"http:\/\/www.carideal.com\/blog\",\"https:\/\/www.facebook.com\/Carideal.mandataire.automobile\/\",\"https:\/\/www.linkedin.com\/in\/nschiavon\/\",\"https:\/\/www.youtube.com\/user\/caridealsas\/\"],\"url\":\"https:\/\/www.carideal.com\/blog\/author\/admin_carideal\/\"}]}<\/script>\n<!-- \/ Yoast SEO plugin. -->","yoast_head_json":{"title":"Honda CR-V (1997-2001) : Un Pionnier des SUV Compacts - Blog auto Carid\u00e9al","description":"La Honda CR-V Mk1, lanc\u00e9e entre 1997 et 2001, a marqu\u00e9 une r\u00e9volution dans le monde des SUV compacts.","robots":{"index":"index","follow":"follow","max-snippet":"max-snippet:-1","max-image-preview":"max-image-preview:large","max-video-preview":"max-video-preview:-1"},"canonical":"https:\/\/www.carideal.com\/blog\/2024\/02\/11\/la-honda-cr-v-1997-2001-un-pionnier-des-suv-compacts\/","og_locale":"fr_FR","og_type":"article","og_title":"Honda CR-V (1997-2001) : Un Pionnier des SUV Compacts - Blog auto Carid\u00e9al","og_description":"La Honda CR-V Mk1, lanc\u00e9e entre 1997 et 2001, a marqu\u00e9 une r\u00e9volution dans le monde des SUV compacts.","og_url":"https:\/\/www.carideal.com\/blog\/2024\/02\/11\/la-honda-cr-v-1997-2001-un-pionnier-des-suv-compacts\/","og_site_name":"Blog auto Carid\u00e9al","article_publisher":"https:\/\/www.facebook.com\/Carideal.mandataire.automobile","article_author":"https:\/\/www.facebook.com\/Carideal.mandataire.automobile\/","article_published_time":"2024-02-11T14:33:28+00:00","article_modified_time":"2024-02-11T14:33:29+00:00","og_image":[{"width":1300,"height":593,"url":"https:\/\/www.carideal.com\/blog\/wp-content\/uploads\/2024\/02\/honda-crv-2000-2.jpg","type":"image\/jpeg"}],"author":"N.S Carideal","twitter_card":"summary_large_image","twitter_creator":"@caridealauto","twitter_site":"@caridealauto","twitter_misc":{"\u00c9crit par":"N.S Carideal","Dur\u00e9e de lecture estim\u00e9e":"3 minutes"},"schema":{"@context":"https:\/\/schema.org","@graph":[{"@type":"Article","@id":"https:\/\/www.carideal.com\/blog\/2024\/02\/11\/la-honda-cr-v-1997-2001-un-pionnier-des-suv-compacts\/#article","isPartOf":{"@id":"https:\/\/www.carideal.com\/blog\/2024\/02\/11\/la-honda-cr-v-1997-2001-un-pionnier-des-suv-compacts\/"},"author":{"name":"N.S Carideal","@id":"https:\/\/www.carideal.com\/blog\/#\/schema\/person\/985c7e757d1042d647f21bfaf8d41ebc"},"headline":"Honda CR-V (1997-2001) : Un Pionnier des SUV Compacts","datePublished":"2024-02-11T14:33:28+00:00","dateModified":"2024-02-11T14:33:29+00:00","mainEntityOfPage":{"@id":"https:\/\/www.carideal.com\/blog\/2024\/02\/11\/la-honda-cr-v-1997-2001-un-pionnier-des-suv-compacts\/"},"wordCount":559,"commentCount":0,"publisher":{"@id":"https:\/\/www.carideal.com\/blog\/#organization"},"image":{"@id":"https:\/\/www.carideal.com\/blog\/2024\/02\/11\/la-honda-cr-v-1997-2001-un-pionnier-des-suv-compacts\/#primaryimage"},"thumbnailUrl":"https:\/\/www.carideal.com\/blog\/wp-content\/uploads\/2024\/02\/honda-crv-2000-2.jpg","articleSection":["Essais Honda","SUV"],"inLanguage":"fr-FR","potentialAction":[{"@type":"CommentAction","name":"Comment","target":["https:\/\/www.carideal.com\/blog\/2024\/02\/11\/la-honda-cr-v-1997-2001-un-pionnier-des-suv-compacts\/#respond"]}]},{"@type":"WebPage","@id":"https:\/\/www.carideal.com\/blog\/2024\/02\/11\/la-honda-cr-v-1997-2001-un-pionnier-des-suv-compacts\/","url":"https:\/\/www.carideal.com\/blog\/2024\/02\/11\/la-honda-cr-v-1997-2001-un-pionnier-des-suv-compacts\/","name":"Honda CR-V (1997-2001) : Un Pionnier des SUV Compacts - Blog auto Carid\u00e9al","isPartOf":{"@id":"https:\/\/www.carideal.com\/blog\/#website"},"primaryImageOfPage":{"@id":"https:\/\/www.carideal.com\/blog\/2024\/02\/11\/la-honda-cr-v-1997-2001-un-pionnier-des-suv-compacts\/#primaryimage"},"image":{"@id":"https:\/\/www.carideal.com\/blog\/2024\/02\/11\/la-honda-cr-v-1997-2001-un-pionnier-des-suv-compacts\/#primaryimage"},"thumbnailUrl":"https:\/\/www.carideal.com\/blog\/wp-content\/uploads\/2024\/02\/honda-crv-2000-2.jpg","datePublished":"2024-02-11T14:33:28+00:00","dateModified":"2024-02-11T14:33:29+00:00","description":"La Honda CR-V Mk1, lanc\u00e9e entre 1997 et 2001, a marqu\u00e9 une r\u00e9volution dans le monde des SUV compacts.","breadcrumb":{"@id":"https:\/\/www.carideal.com\/blog\/2024\/02\/11\/la-honda-cr-v-1997-2001-un-pionnier-des-suv-compacts\/#breadcrumb"},"inLanguage":"fr-FR","potentialAction":[{"@type":"ReadAction","target":["https:\/\/www.carideal.com\/blog\/2024\/02\/11\/la-honda-cr-v-1997-2001-un-pionnier-des-suv-compacts\/"]}]},{"@type":"ImageObject","inLanguage":"fr-FR","@id":"https:\/\/www.carideal.com\/blog\/2024\/02\/11\/la-honda-cr-v-1997-2001-un-pionnier-des-suv-compacts\/#primaryimage","url":"https:\/\/www.carideal.com\/blog\/wp-content\/uploads\/2024\/02\/honda-crv-2000-2.jpg","contentUrl":"https:\/\/www.carideal.com\/blog\/wp-content\/uploads\/2024\/02\/honda-crv-2000-2.jpg","width":1300,"height":593,"caption":"Honda CR-V (1997-2001) : Un Pionnier des SUV Compacts"},{"@type":"BreadcrumbList","@id":"https:\/\/www.carideal.com\/blog\/2024\/02\/11\/la-honda-cr-v-1997-2001-un-pionnier-des-suv-compacts\/#breadcrumb","itemListElement":[{"@type":"ListItem","position":1,"name":"Blog Carid\u00e9al","item":"https:\/\/www.carideal.com\/blog\/"},{"@type":"ListItem","position":2,"name":"Essais automobile","item":"https:\/\/www.carideal.com\/blog\/essai\/"},{"@type":"ListItem","position":3,"name":"Essais Honda","item":"https:\/\/www.carideal.com\/blog\/essai\/essais-honda\/"},{"@type":"ListItem","position":4,"name":"Honda CR-V (1997-2001) : Un Pionnier des SUV Compacts"}]},{"@type":"WebSite","@id":"https:\/\/www.carideal.com\/blog\/#website","url":"https:\/\/www.carideal.com\/blog\/","name":"Blog auto Carid\u00e9al","description":"Actualit\u00e9 auto par des passionn\u00e9s","publisher":{"@id":"https:\/\/www.carideal.com\/blog\/#organization"},"potentialAction":[{"@type":"SearchAction","target":{"@type":"EntryPoint","urlTemplate":"https:\/\/www.carideal.com\/blog\/?s={search_term_string}"},"query-input":{"@type":"PropertyValueSpecification","valueRequired":true,"valueName":"search_term_string"}}],"inLanguage":"fr-FR"},{"@type":"Organization","@id":"https:\/\/www.carideal.com\/blog\/#organization","name":"Carideal","url":"https:\/\/www.carideal.com\/blog\/","logo":{"@type":"ImageObject","inLanguage":"fr-FR","@id":"https:\/\/www.carideal.com\/blog\/#\/schema\/logo\/image\/","url":"http:\/\/www.carideal.com\/blog\/wp-content\/uploads\/2016\/03\/logo-carideal-mandataire-automobile.png","contentUrl":"http:\/\/www.carideal.com\/blog\/wp-content\/uploads\/2016\/03\/logo-carideal-mandataire-automobile.png","width":300,"height":300,"caption":"Carideal"},"image":{"@id":"https:\/\/www.carideal.com\/blog\/#\/schema\/logo\/image\/"},"sameAs":["https:\/\/www.facebook.com\/Carideal.mandataire.automobile","https:\/\/x.com\/caridealauto","https:\/\/www.instagram.com\/carideal1\/","https:\/\/www.linkedin.com\/company\/carideal.com","https:\/\/fr.pinterest.com\/schiavonsas\/","https:\/\/www.youtube.com\/user\/caridealsas"]},{"@type":"Person","@id":"https:\/\/www.carideal.com\/blog\/#\/schema\/person\/985c7e757d1042d647f21bfaf8d41ebc","name":"N.S Carideal","image":{"@type":"ImageObject","inLanguage":"fr-FR","@id":"https:\/\/www.carideal.com\/blog\/#\/schema\/person\/image\/","url":"https:\/\/secure.gravatar.com\/avatar\/edb7ccdf1a4e3d14aef967760d354d0e?s=96&r=g","contentUrl":"https:\/\/secure.gravatar.com\/avatar\/edb7ccdf1a4e3d14aef967760d354d0e?s=96&r=g","caption":"N.S Carideal"},"description":"Depuis tout petit fan d'automobile. Il est question d'essayer et de comparer toutes ces voitures qui nous ont fait r\u00e9ver, avant que celles-ci ne devient uniquement des voitures de collection.","sameAs":["http:\/\/www.carideal.com\/blog","https:\/\/www.facebook.com\/Carideal.mandataire.automobile\/","https:\/\/www.linkedin.com\/in\/nschiavon\/","https:\/\/www.youtube.com\/user\/caridealsas\/"],"url":"https:\/\/www.carideal.com\/blog\/author\/admin_carideal\/"}]}},"uagb_featured_image_src":{"full":["https:\/\/www.carideal.com\/blog\/wp-content\/uploads\/2024\/02\/honda-crv-2000-2.jpg",1300,593,false],"thumbnail":["https:\/\/www.carideal.com\/blog\/wp-content\/uploads\/2024\/02\/honda-crv-2000-2-150x150.jpg",150,150,true],"medium":["https:\/\/www.carideal.com\/blog\/wp-content\/uploads\/2024\/02\/honda-crv-2000-2-300x137.jpg",300,137,true],"medium_large":["https:\/\/www.carideal.com\/blog\/wp-content\/uploads\/2024\/02\/honda-crv-2000-2-768x350.jpg",768,350,true],"large":["https:\/\/www.carideal.com\/blog\/wp-content\/uploads\/2024\/02\/honda-crv-2000-2-1024x467.jpg",1024,467,true],"1536x1536":["https:\/\/www.carideal.com\/blog\/wp-content\/uploads\/2024\/02\/honda-crv-2000-2.jpg",1300,593,false],"2048x2048":["https:\/\/www.carideal.com\/blog\/wp-content\/uploads\/2024\/02\/honda-crv-2000-2.jpg",1300,593,false],"wppr-widget":["https:\/\/www.carideal.com\/blog\/wp-content\/uploads\/2024\/02\/honda-crv-2000-2-50x23.jpg",50,23,true]},"uagb_author_info":{"display_name":"N.S Carideal","author_link":"https:\/\/www.carideal.com\/blog\/author\/admin_carideal\/"},"uagb_comment_info":0,"uagb_excerpt":"La Honda CR-V (1997-2001) : Un Pionnier des SUV Compacts La Honda CR-V Mk1, lanc\u00e9e entre 1997 et 2001, a marqu\u00e9 une r\u00e9volution dans le monde des SUV compacts. Avec son design utilitaire et ses fonctionnalit\u00e9s orient\u00e9es vers la praticit\u00e9, cette Honda s'est impos\u00e9e comme un choix incontournable pour ceux qui recherchent un v\u00e9hicule \u00e0\u2026","_links":{"self":[{"href":"https:\/\/www.carideal.com\/blog\/wp-json\/wp\/v2\/posts\/27637"}],"collection":[{"href":"https:\/\/www.carideal.com\/blog\/wp-json\/wp\/v2\/posts"}],"about":[{"href":"https:\/\/www.carideal.com\/blog\/wp-json\/wp\/v2\/types\/post"}],"author":[{"embeddable":true,"href":"https:\/\/www.carideal.com\/blog\/wp-json\/wp\/v2\/users\/1"}],"replies":[{"embeddable":true,"href":"https:\/\/www.carideal.com\/blog\/wp-json\/wp\/v2\/comments?post=27637"}],"version-history":[{"count":0,"href":"https:\/\/www.carideal.com\/blog\/wp-json\/wp\/v2\/posts\/27637\/revisions"}],"wp:featuredmedia":[{"embeddable":true,"href":"https:\/\/www.carideal.com\/blog\/wp-json\/wp\/v2\/media\/27676"}],"wp:attachment":[{"href":"https:\/\/www.carideal.com\/blog\/wp-json\/wp\/v2\/media?parent=27637"}],"wp:term":[{"taxonomy":"category","embeddable":true,"href":"https:\/\/www.carideal.com\/blog\/wp-json\/wp\/v2\/categories?post=27637"},{"taxonomy":"post_tag","embeddable":true,"href":"https:\/\/www.carideal.com\/blog\/wp-json\/wp\/v2\/tags?post=27637"}],"curies":[{"name":"wp","href":"https:\/\/api.w.org\/{rel}","templated":true}]}}