{"id":27635,"date":"2024-02-11T18:25:43","date_gmt":"2024-02-11T17:25:43","guid":{"rendered":"https:\/\/www.carideal.com\/blog\/?p=27635"},"modified":"2024-02-11T18:25:44","modified_gmt":"2024-02-11T17:25:44","slug":"porsche-911-2024-une-revolution-dans-le-monde-des-voitures-sportives","status":"publish","type":"post","link":"https:\/\/www.carideal.com\/blog\/2024\/02\/11\/porsche-911-2024-une-revolution-dans-le-monde-des-voitures-sportives\/","title":{"rendered":"Porsche 911 2024 : Une R\u00e9volution dans le Monde des Voitures Sportives"},"content":{"rendered":"\n<h2 class=\"wp-block-heading\" id=\"h-la-porsche-911-2024-une-revolution-dans-le-monde-des-voitures-sportives\"><br>La Porsche 911 2024 : Une R\u00e9volution dans le Monde des Voitures Sportives<\/h2>\n\n\n\n<p>La <strong>Porsche 911<\/strong>, symbole incontestable de l'excellence dans le monde des voitures sportives, s'appr\u00eate \u00e0 conna\u00eetre une m\u00e9tamorphose majeure avec son mod\u00e8le 2024. Depuis son lancement, la Porsche 911 a toujours \u00e9t\u00e9 synonyme de performance, de style et d'innovation. La g\u00e9n\u00e9ration actuelle de la <a href=\"https:\/\/www.carideal.com\/blog\/marque-de-voiture-actualites-essais\/porsche\/\">Porsche<\/a>, la 992, ne fait pas exception \u00e0 cette r\u00e8gle et s'appr\u00eate \u00e0 \u00e9voluer encore davantage.<\/p>\n\n\n\n<h2 class=\"wp-block-heading\" id=\"h-design-et-esthetique\">Design et Esth\u00e9tique<\/h2>\n\n\n\n<h3 class=\"wp-block-heading\" id=\"h-innovations-exterieures\">Innovations Ext\u00e9rieures<\/h3>\n\n\n\n<p>La Porsche 911 version 2024 promet des modifications esth\u00e9tiques significatives. Selon les derni\u00e8res images espion, la voiture arbore un design raffin\u00e9, notamment au niveau des prises d'air avant, qui semblent plus hautes que sur le mod\u00e8le Turbo actuel. Cela entra\u00eene une r\u00e9organisation des feux indicateurs avant, offrant un look plus moderne et agressif. Les fentes horizontales des grilles sont \u00e9galement moins prononc\u00e9es, soulignant la singularit\u00e9 de ce mod\u00e8le.<\/p>\n\n\n\n<h3 class=\"wp-block-heading\" id=\"h-roues-et-freinage\">Roues et Freinage<\/h3>\n\n\n\n<p>Un \u00e9l\u00e9ment frappant du nouveau design est l'apparition de jantes \u00e0 blocage central d'un design in\u00e9dit, associ\u00e9es \u00e0 de massifs disques de frein. Sur le mod\u00e8le Turbo S actuel, ces disques sont en c\u00e9ramique de carbone, un standard qui pourrait \u00eatre conserv\u00e9 ou m\u00eame am\u00e9lior\u00e9 pour 2024.<\/p>\n\n\n\n<h3 class=\"wp-block-heading\" id=\"h-arriere-du-vehicule\">Arri\u00e8re du V\u00e9hicule<\/h3>\n\n\n\n<p>L'arri\u00e8re conserve la lumi\u00e8re arri\u00e8re embl\u00e9matique sur toute la largeur, ainsi qu'un spoiler arri\u00e8re bas. Malgr\u00e9 le camouflage partiel, les \u00e9chappements quadruples traditionnels restent une caract\u00e9ristique reconnaissable de la 911.<\/p>\n\n\n\n<h2 class=\"wp-block-heading\" id=\"h-performance-et-motorisation\">Performance et Motorisation<\/h2>\n\n\n\n<h3 class=\"wp-block-heading\" id=\"h-moteur-et-puissance\">Moteur et Puissance<\/h3>\n\n\n\n<p>Une nouvelle admission d'air et un syst\u00e8me d'\u00e9chappement r\u00e9vis\u00e9 pourraient permettre une augmentation de la puissance. Pour rappel, lors du pr\u00e9c\u00e9dent facelift, la Carrera S est pass\u00e9e de 395 \u00e0 420 ch et la GTS a \u00e9galement b\u00e9n\u00e9fici\u00e9 d'une augmentation de 20 ch. Une am\u00e9lioration similaire est attendue pour toute la gamme 911 en 2024.<\/p>\n\n\n\n<h3 class=\"wp-block-heading\" id=\"h-hybride-et-electrification\">Hybride et \u00c9lectrification<\/h3>\n\n\n\n<p>Un mod\u00e8le hybride 911 est en test depuis 2021. Bien que peu de d\u00e9tails soient disponibles, il devrait \u00eatre lanc\u00e9 peu apr\u00e8s le facelift de la 911. Il est probable que ce mod\u00e8le \u00e9lectrifi\u00e9 sera bas\u00e9 sur le mod\u00e8le Turbo et pourrait m\u00eame d\u00e9passer les 641 ch du 911 Turbo S actuel, devenant ainsi la 911 la plus puissante disponible.<\/p>\n\n\n\n<h2 class=\"wp-block-heading\" id=\"h-interieur-et-technologie\">Int\u00e9rieur et Technologie<\/h2>\n\n\n\n<h3 class=\"wp-block-heading\" id=\"h-tableau-de-bord-et-infodivertissement\">Tableau de Bord et Infodivertissement<\/h3>\n\n\n\n<p>L'int\u00e9rieur du mod\u00e8le 2024 devrait conserver la disposition de base actuelle, mais avec l'int\u00e9gration du dernier syst\u00e8me d'infodivertissement PCM 6.0 de Porsche, incluant Spotify et Android Auto sans fil. Le tableau de bord, actuellement compos\u00e9 d'un compte-tours analogique flanqu\u00e9 de deux \u00e9crans, pourrait \u00eatre remplac\u00e9 par un \u00e9cran courb\u00e9 affichant des informations sur le mode de conduite, une carte de navigation et un flux du syst\u00e8me de vision nocturne de la voiture.<\/p>\n\n\n\n<h3 class=\"wp-block-heading\" id=\"h-ameliorations-technologiques\">Am\u00e9liorations Technologiques<\/h3>\n\n\n\n<p>On s'attend \u00e9galement \u00e0 ce que la nouvelle 911 b\u00e9n\u00e9ficie d'une suite am\u00e9lior\u00e9e de capteurs pour des technologies d'assistance \u00e0 la conduite plus avanc\u00e9es. Une s\u00e9rie d'am\u00e9liorations du ch\u00e2ssis et de la maniabilit\u00e9 devrait \u00e9galement rendre la 992.2 plus r\u00e9active.<\/p>\n\n\n\n<h2 class=\"wp-block-heading\" id=\"h-conclusion\">Conclusion<\/h2>\n\n\n\n<p>La Porsche 911 2024 s'annonce comme une avanc\u00e9e majeure dans le monde des voitures sportives. Avec son design ext\u00e9rieur revu, ses am\u00e9liorations en termes de performance et d'efficacit\u00e9, ainsi que son int\u00e9rieur technologiquement avanc\u00e9, la 911 continue de d\u00e9finir les standards de son segment. Ce mod\u00e8le promet non seulement de maintenir le prestige de la marque, mais aussi de repousser les limites de ce qui est possible dans une voiture sportive.<\/p>\n\n\n\n<hr class=\"wp-block-separator has-alpha-channel-opacity\"\/>\n\n\n\n<div class=\"wp-block-wp-mermaid-block mermaid\">\ngraph LR\n    A[Design Ext\u00e9rieur] -->|\u00c9volution| B[Prises d'Air et \u00c9clairage]\n    A -->|Roues et Freinage| C[Jantes et Disques de Frein]\n    A -->|Arri\u00e8re du V\u00e9hicule| D[Spoiler et \u00c9chappements]\n    E[Performance] -->|Motorisation| F[Nouvelle Admission d'Air et \u00c9chappement]\n    E -->|Hybride et \u00c9lectrification| G[Mod\u00e8le Turbo Hybride]\n    H[Int\u00e9rieur] -->|Technologie et Confort| I[Syst\u00e8me d'Infodivertissement et Tableau de Bord]\n    H -->|Am\u00e9liorations Technologiques| J[Capteurs et Assistance \u00e0 la Conduite]\n\n<\/div>\n\n\n\n<p>Ce diagramme illustre la relation entre les diff\u00e9rents aspects cl\u00e9s du nouveau mod\u00e8le Porsche 911 2024, d\u00e9montrant l'interconnexion entre le design, la performance et la technologie.<\/p>\n","protected":false},"excerpt":{"rendered":"<p>La Porsche 911 2024 : Une R\u00e9volution dans le Monde des Voitures Sportives La Porsche 911, symbole incontestable de l&rsquo;excellence dans le monde des voitures sportives, s&rsquo;appr\u00eate \u00e0 conna\u00eetre une m\u00e9tamorphose majeure avec son mod\u00e8le 2024. Depuis son lancement, la Porsche 911 a toujours \u00e9t\u00e9 synonyme de performance, de style et d&rsquo;innovation. La g\u00e9n\u00e9ration actuelle &#8230; <a title=\"Porsche 911 2024 : Une R\u00e9volution dans le Monde des Voitures Sportives\" class=\"read-more\" href=\"https:\/\/www.carideal.com\/blog\/2024\/02\/11\/porsche-911-2024-une-revolution-dans-le-monde-des-voitures-sportives\/\" aria-label=\"En savoir plus sur Porsche 911 2024 : Une R\u00e9volution dans le Monde des Voitures Sportives\">Lire plus<\/a><\/p>\n","protected":false},"author":1,"featured_media":27694,"comment_status":"open","ping_status":"open","sticky":false,"template":"","format":"standard","meta":{"_uag_custom_page_level_css":"","_themeisle_gutenberg_block_has_review":false,"footnotes":""},"categories":[6062,5998,5974],"tags":[],"class_list":["post-27635","post","type-post","status-publish","format-standard","has-post-thumbnail","hentry","category-porsche","category-sportive","category-type-de-vehicule"],"wppr_data":{"cwp_meta_box_check":"No"},"yoast_head":"<!-- This site is optimized with the Yoast SEO plugin v24.8.1 - https:\/\/yoast.com\/wordpress\/plugins\/seo\/ -->\n<title>Porsche 911 2024 : Une R\u00e9volution dans le Monde des Voitures Sportives - Blog auto Carid\u00e9al<\/title>\n<meta name=\"description\" content=\"La Porsche 911, symbole incontestable de l&#039;excellence dans le monde des voitures sportives, s&#039;appr\u00eate \u00e0 conna\u00eetre une m\u00e9tamorphose majeure avec son mod\u00e8le 2024\" \/>\n<meta name=\"robots\" content=\"index, follow, max-snippet:-1, max-image-preview:large, max-video-preview:-1\" \/>\n<link rel=\"canonical\" href=\"https:\/\/www.carideal.com\/blog\/2024\/02\/11\/porsche-911-2024-une-revolution-dans-le-monde-des-voitures-sportives\/\" \/>\n<meta property=\"og:locale\" content=\"fr_FR\" \/>\n<meta property=\"og:type\" content=\"article\" \/>\n<meta property=\"og:title\" content=\"Porsche 911 2024 : Une R\u00e9volution dans le Monde des Voitures Sportives - Blog auto Carid\u00e9al\" \/>\n<meta property=\"og:description\" content=\"La Porsche 911, symbole incontestable de l&#039;excellence dans le monde des voitures sportives, s&#039;appr\u00eate \u00e0 conna\u00eetre une m\u00e9tamorphose majeure avec son mod\u00e8le 2024\" \/>\n<meta property=\"og:url\" content=\"https:\/\/www.carideal.com\/blog\/2024\/02\/11\/porsche-911-2024-une-revolution-dans-le-monde-des-voitures-sportives\/\" \/>\n<meta property=\"og:site_name\" content=\"Blog auto Carid\u00e9al\" \/>\n<meta property=\"article:publisher\" content=\"https:\/\/www.facebook.com\/Carideal.mandataire.automobile\" \/>\n<meta property=\"article:author\" content=\"https:\/\/www.facebook.com\/Carideal.mandataire.automobile\/\" \/>\n<meta property=\"article:published_time\" content=\"2024-02-11T17:25:43+00:00\" \/>\n<meta property=\"article:modified_time\" content=\"2024-02-11T17:25:44+00:00\" \/>\n<meta property=\"og:image\" content=\"https:\/\/www.carideal.com\/blog\/wp-content\/uploads\/2024\/02\/Porsche-911-Turbo-Facelift-2024.jpg\" \/>\n\t<meta property=\"og:image:width\" content=\"1260\" \/>\n\t<meta property=\"og:image:height\" content=\"710\" \/>\n\t<meta property=\"og:image:type\" content=\"image\/jpeg\" \/>\n<meta name=\"author\" content=\"N.S Carideal\" \/>\n<meta name=\"twitter:card\" content=\"summary_large_image\" \/>\n<meta name=\"twitter:creator\" content=\"@caridealauto\" \/>\n<meta name=\"twitter:site\" content=\"@caridealauto\" \/>\n<meta name=\"twitter:label1\" content=\"\u00c9crit par\" \/>\n\t<meta name=\"twitter:data1\" content=\"N.S Carideal\" \/>\n\t<meta name=\"twitter:label2\" content=\"Dur\u00e9e de lecture estim\u00e9e\" \/>\n\t<meta name=\"twitter:data2\" content=\"4 minutes\" \/>\n<script type=\"application\/ld+json\" class=\"yoast-schema-graph\">{\"@context\":\"https:\/\/schema.org\",\"@graph\":[{\"@type\":\"Article\",\"@id\":\"https:\/\/www.carideal.com\/blog\/2024\/02\/11\/porsche-911-2024-une-revolution-dans-le-monde-des-voitures-sportives\/#article\",\"isPartOf\":{\"@id\":\"https:\/\/www.carideal.com\/blog\/2024\/02\/11\/porsche-911-2024-une-revolution-dans-le-monde-des-voitures-sportives\/\"},\"author\":{\"name\":\"N.S Carideal\",\"@id\":\"https:\/\/www.carideal.com\/blog\/#\/schema\/person\/985c7e757d1042d647f21bfaf8d41ebc\"},\"headline\":\"Porsche 911 2024 : Une R\u00e9volution dans le Monde des Voitures Sportives\",\"datePublished\":\"2024-02-11T17:25:43+00:00\",\"dateModified\":\"2024-02-11T17:25:44+00:00\",\"mainEntityOfPage\":{\"@id\":\"https:\/\/www.carideal.com\/blog\/2024\/02\/11\/porsche-911-2024-une-revolution-dans-le-monde-des-voitures-sportives\/\"},\"wordCount\":700,\"commentCount\":0,\"publisher\":{\"@id\":\"https:\/\/www.carideal.com\/blog\/#organization\"},\"image\":{\"@id\":\"https:\/\/www.carideal.com\/blog\/2024\/02\/11\/porsche-911-2024-une-revolution-dans-le-monde-des-voitures-sportives\/#primaryimage\"},\"thumbnailUrl\":\"https:\/\/www.carideal.com\/blog\/wp-content\/uploads\/2024\/02\/Porsche-911-Turbo-Facelift-2024.jpg\",\"articleSection\":[\"Actualit\u00e9 Porsche\",\"Sportive\",\"Type de v\u00e9hicule\"],\"inLanguage\":\"fr-FR\",\"potentialAction\":[{\"@type\":\"CommentAction\",\"name\":\"Comment\",\"target\":[\"https:\/\/www.carideal.com\/blog\/2024\/02\/11\/porsche-911-2024-une-revolution-dans-le-monde-des-voitures-sportives\/#respond\"]}]},{\"@type\":\"WebPage\",\"@id\":\"https:\/\/www.carideal.com\/blog\/2024\/02\/11\/porsche-911-2024-une-revolution-dans-le-monde-des-voitures-sportives\/\",\"url\":\"https:\/\/www.carideal.com\/blog\/2024\/02\/11\/porsche-911-2024-une-revolution-dans-le-monde-des-voitures-sportives\/\",\"name\":\"Porsche 911 2024 : Une R\u00e9volution dans le Monde des Voitures Sportives - Blog auto Carid\u00e9al\",\"isPartOf\":{\"@id\":\"https:\/\/www.carideal.com\/blog\/#website\"},\"primaryImageOfPage\":{\"@id\":\"https:\/\/www.carideal.com\/blog\/2024\/02\/11\/porsche-911-2024-une-revolution-dans-le-monde-des-voitures-sportives\/#primaryimage\"},\"image\":{\"@id\":\"https:\/\/www.carideal.com\/blog\/2024\/02\/11\/porsche-911-2024-une-revolution-dans-le-monde-des-voitures-sportives\/#primaryimage\"},\"thumbnailUrl\":\"https:\/\/www.carideal.com\/blog\/wp-content\/uploads\/2024\/02\/Porsche-911-Turbo-Facelift-2024.jpg\",\"datePublished\":\"2024-02-11T17:25:43+00:00\",\"dateModified\":\"2024-02-11T17:25:44+00:00\",\"description\":\"La Porsche 911, symbole incontestable de l'excellence dans le monde des voitures sportives, s'appr\u00eate \u00e0 conna\u00eetre une m\u00e9tamorphose majeure avec son mod\u00e8le 2024\",\"breadcrumb\":{\"@id\":\"https:\/\/www.carideal.com\/blog\/2024\/02\/11\/porsche-911-2024-une-revolution-dans-le-monde-des-voitures-sportives\/#breadcrumb\"},\"inLanguage\":\"fr-FR\",\"potentialAction\":[{\"@type\":\"ReadAction\",\"target\":[\"https:\/\/www.carideal.com\/blog\/2024\/02\/11\/porsche-911-2024-une-revolution-dans-le-monde-des-voitures-sportives\/\"]}]},{\"@type\":\"ImageObject\",\"inLanguage\":\"fr-FR\",\"@id\":\"https:\/\/www.carideal.com\/blog\/2024\/02\/11\/porsche-911-2024-une-revolution-dans-le-monde-des-voitures-sportives\/#primaryimage\",\"url\":\"https:\/\/www.carideal.com\/blog\/wp-content\/uploads\/2024\/02\/Porsche-911-Turbo-Facelift-2024.jpg\",\"contentUrl\":\"https:\/\/www.carideal.com\/blog\/wp-content\/uploads\/2024\/02\/Porsche-911-Turbo-Facelift-2024.jpg\",\"width\":1260,\"height\":710,\"caption\":\"Porsche 911 2024 : Une R\u00e9volution dans le Monde des Voitures Sportives\"},{\"@type\":\"BreadcrumbList\",\"@id\":\"https:\/\/www.carideal.com\/blog\/2024\/02\/11\/porsche-911-2024-une-revolution-dans-le-monde-des-voitures-sportives\/#breadcrumb\",\"itemListElement\":[{\"@type\":\"ListItem\",\"position\":1,\"name\":\"Blog Carid\u00e9al\",\"item\":\"https:\/\/www.carideal.com\/blog\/\"},{\"@type\":\"ListItem\",\"position\":2,\"name\":\"Actualit\u00e9 constructeur automobile\",\"item\":\"https:\/\/www.carideal.com\/blog\/constructeur\/\"},{\"@type\":\"ListItem\",\"position\":3,\"name\":\"Actualit\u00e9 Porsche\",\"item\":\"https:\/\/www.carideal.com\/blog\/constructeur\/porsche\/\"},{\"@type\":\"ListItem\",\"position\":4,\"name\":\"Porsche 911 2024 : Une R\u00e9volution dans le Monde des Voitures Sportives\"}]},{\"@type\":\"WebSite\",\"@id\":\"https:\/\/www.carideal.com\/blog\/#website\",\"url\":\"https:\/\/www.carideal.com\/blog\/\",\"name\":\"Blog auto Carid\u00e9al\",\"description\":\"Actualit\u00e9 auto par des passionn\u00e9s\",\"publisher\":{\"@id\":\"https:\/\/www.carideal.com\/blog\/#organization\"},\"potentialAction\":[{\"@type\":\"SearchAction\",\"target\":{\"@type\":\"EntryPoint\",\"urlTemplate\":\"https:\/\/www.carideal.com\/blog\/?s={search_term_string}\"},\"query-input\":{\"@type\":\"PropertyValueSpecification\",\"valueRequired\":true,\"valueName\":\"search_term_string\"}}],\"inLanguage\":\"fr-FR\"},{\"@type\":\"Organization\",\"@id\":\"https:\/\/www.carideal.com\/blog\/#organization\",\"name\":\"Carideal\",\"url\":\"https:\/\/www.carideal.com\/blog\/\",\"logo\":{\"@type\":\"ImageObject\",\"inLanguage\":\"fr-FR\",\"@id\":\"https:\/\/www.carideal.com\/blog\/#\/schema\/logo\/image\/\",\"url\":\"http:\/\/www.carideal.com\/blog\/wp-content\/uploads\/2016\/03\/logo-carideal-mandataire-automobile.png\",\"contentUrl\":\"http:\/\/www.carideal.com\/blog\/wp-content\/uploads\/2016\/03\/logo-carideal-mandataire-automobile.png\",\"width\":300,\"height\":300,\"caption\":\"Carideal\"},\"image\":{\"@id\":\"https:\/\/www.carideal.com\/blog\/#\/schema\/logo\/image\/\"},\"sameAs\":[\"https:\/\/www.facebook.com\/Carideal.mandataire.automobile\",\"https:\/\/x.com\/caridealauto\",\"https:\/\/www.instagram.com\/carideal1\/\",\"https:\/\/www.linkedin.com\/company\/carideal.com\",\"https:\/\/fr.pinterest.com\/schiavonsas\/\",\"https:\/\/www.youtube.com\/user\/caridealsas\"]},{\"@type\":\"Person\",\"@id\":\"https:\/\/www.carideal.com\/blog\/#\/schema\/person\/985c7e757d1042d647f21bfaf8d41ebc\",\"name\":\"N.S Carideal\",\"image\":{\"@type\":\"ImageObject\",\"inLanguage\":\"fr-FR\",\"@id\":\"https:\/\/www.carideal.com\/blog\/#\/schema\/person\/image\/\",\"url\":\"https:\/\/secure.gravatar.com\/avatar\/edb7ccdf1a4e3d14aef967760d354d0e?s=96&r=g\",\"contentUrl\":\"https:\/\/secure.gravatar.com\/avatar\/edb7ccdf1a4e3d14aef967760d354d0e?s=96&r=g\",\"caption\":\"N.S Carideal\"},\"description\":\"Depuis tout petit fan d'automobile. Il est question d'essayer et de comparer toutes ces voitures qui nous ont fait r\u00e9ver, avant que celles-ci ne devient uniquement des voitures de collection.\",\"sameAs\":[\"http:\/\/www.carideal.com\/blog\",\"https:\/\/www.facebook.com\/Carideal.mandataire.automobile\/\",\"https:\/\/www.linkedin.com\/in\/nschiavon\/\",\"https:\/\/www.youtube.com\/user\/caridealsas\/\"],\"url\":\"https:\/\/www.carideal.com\/blog\/author\/admin_carideal\/\"}]}<\/script>\n<!-- \/ Yoast SEO plugin. -->","yoast_head_json":{"title":"Porsche 911 2024 : Une R\u00e9volution dans le Monde des Voitures Sportives - Blog auto Carid\u00e9al","description":"La Porsche 911, symbole incontestable de l'excellence dans le monde des voitures sportives, s'appr\u00eate \u00e0 conna\u00eetre une m\u00e9tamorphose majeure avec son mod\u00e8le 2024","robots":{"index":"index","follow":"follow","max-snippet":"max-snippet:-1","max-image-preview":"max-image-preview:large","max-video-preview":"max-video-preview:-1"},"canonical":"https:\/\/www.carideal.com\/blog\/2024\/02\/11\/porsche-911-2024-une-revolution-dans-le-monde-des-voitures-sportives\/","og_locale":"fr_FR","og_type":"article","og_title":"Porsche 911 2024 : Une R\u00e9volution dans le Monde des Voitures Sportives - Blog auto Carid\u00e9al","og_description":"La Porsche 911, symbole incontestable de l'excellence dans le monde des voitures sportives, s'appr\u00eate \u00e0 conna\u00eetre une m\u00e9tamorphose majeure avec son mod\u00e8le 2024","og_url":"https:\/\/www.carideal.com\/blog\/2024\/02\/11\/porsche-911-2024-une-revolution-dans-le-monde-des-voitures-sportives\/","og_site_name":"Blog auto Carid\u00e9al","article_publisher":"https:\/\/www.facebook.com\/Carideal.mandataire.automobile","article_author":"https:\/\/www.facebook.com\/Carideal.mandataire.automobile\/","article_published_time":"2024-02-11T17:25:43+00:00","article_modified_time":"2024-02-11T17:25:44+00:00","og_image":[{"width":1260,"height":710,"url":"https:\/\/www.carideal.com\/blog\/wp-content\/uploads\/2024\/02\/Porsche-911-Turbo-Facelift-2024.jpg","type":"image\/jpeg"}],"author":"N.S Carideal","twitter_card":"summary_large_image","twitter_creator":"@caridealauto","twitter_site":"@caridealauto","twitter_misc":{"\u00c9crit par":"N.S Carideal","Dur\u00e9e de lecture estim\u00e9e":"4 minutes"},"schema":{"@context":"https:\/\/schema.org","@graph":[{"@type":"Article","@id":"https:\/\/www.carideal.com\/blog\/2024\/02\/11\/porsche-911-2024-une-revolution-dans-le-monde-des-voitures-sportives\/#article","isPartOf":{"@id":"https:\/\/www.carideal.com\/blog\/2024\/02\/11\/porsche-911-2024-une-revolution-dans-le-monde-des-voitures-sportives\/"},"author":{"name":"N.S Carideal","@id":"https:\/\/www.carideal.com\/blog\/#\/schema\/person\/985c7e757d1042d647f21bfaf8d41ebc"},"headline":"Porsche 911 2024 : Une R\u00e9volution dans le Monde des Voitures Sportives","datePublished":"2024-02-11T17:25:43+00:00","dateModified":"2024-02-11T17:25:44+00:00","mainEntityOfPage":{"@id":"https:\/\/www.carideal.com\/blog\/2024\/02\/11\/porsche-911-2024-une-revolution-dans-le-monde-des-voitures-sportives\/"},"wordCount":700,"commentCount":0,"publisher":{"@id":"https:\/\/www.carideal.com\/blog\/#organization"},"image":{"@id":"https:\/\/www.carideal.com\/blog\/2024\/02\/11\/porsche-911-2024-une-revolution-dans-le-monde-des-voitures-sportives\/#primaryimage"},"thumbnailUrl":"https:\/\/www.carideal.com\/blog\/wp-content\/uploads\/2024\/02\/Porsche-911-Turbo-Facelift-2024.jpg","articleSection":["Actualit\u00e9 Porsche","Sportive","Type de v\u00e9hicule"],"inLanguage":"fr-FR","potentialAction":[{"@type":"CommentAction","name":"Comment","target":["https:\/\/www.carideal.com\/blog\/2024\/02\/11\/porsche-911-2024-une-revolution-dans-le-monde-des-voitures-sportives\/#respond"]}]},{"@type":"WebPage","@id":"https:\/\/www.carideal.com\/blog\/2024\/02\/11\/porsche-911-2024-une-revolution-dans-le-monde-des-voitures-sportives\/","url":"https:\/\/www.carideal.com\/blog\/2024\/02\/11\/porsche-911-2024-une-revolution-dans-le-monde-des-voitures-sportives\/","name":"Porsche 911 2024 : Une R\u00e9volution dans le Monde des Voitures Sportives - Blog auto Carid\u00e9al","isPartOf":{"@id":"https:\/\/www.carideal.com\/blog\/#website"},"primaryImageOfPage":{"@id":"https:\/\/www.carideal.com\/blog\/2024\/02\/11\/porsche-911-2024-une-revolution-dans-le-monde-des-voitures-sportives\/#primaryimage"},"image":{"@id":"https:\/\/www.carideal.com\/blog\/2024\/02\/11\/porsche-911-2024-une-revolution-dans-le-monde-des-voitures-sportives\/#primaryimage"},"thumbnailUrl":"https:\/\/www.carideal.com\/blog\/wp-content\/uploads\/2024\/02\/Porsche-911-Turbo-Facelift-2024.jpg","datePublished":"2024-02-11T17:25:43+00:00","dateModified":"2024-02-11T17:25:44+00:00","description":"La Porsche 911, symbole incontestable de l'excellence dans le monde des voitures sportives, s'appr\u00eate \u00e0 conna\u00eetre une m\u00e9tamorphose majeure avec son mod\u00e8le 2024","breadcrumb":{"@id":"https:\/\/www.carideal.com\/blog\/2024\/02\/11\/porsche-911-2024-une-revolution-dans-le-monde-des-voitures-sportives\/#breadcrumb"},"inLanguage":"fr-FR","potentialAction":[{"@type":"ReadAction","target":["https:\/\/www.carideal.com\/blog\/2024\/02\/11\/porsche-911-2024-une-revolution-dans-le-monde-des-voitures-sportives\/"]}]},{"@type":"ImageObject","inLanguage":"fr-FR","@id":"https:\/\/www.carideal.com\/blog\/2024\/02\/11\/porsche-911-2024-une-revolution-dans-le-monde-des-voitures-sportives\/#primaryimage","url":"https:\/\/www.carideal.com\/blog\/wp-content\/uploads\/2024\/02\/Porsche-911-Turbo-Facelift-2024.jpg","contentUrl":"https:\/\/www.carideal.com\/blog\/wp-content\/uploads\/2024\/02\/Porsche-911-Turbo-Facelift-2024.jpg","width":1260,"height":710,"caption":"Porsche 911 2024 : Une R\u00e9volution dans le Monde des Voitures Sportives"},{"@type":"BreadcrumbList","@id":"https:\/\/www.carideal.com\/blog\/2024\/02\/11\/porsche-911-2024-une-revolution-dans-le-monde-des-voitures-sportives\/#breadcrumb","itemListElement":[{"@type":"ListItem","position":1,"name":"Blog Carid\u00e9al","item":"https:\/\/www.carideal.com\/blog\/"},{"@type":"ListItem","position":2,"name":"Actualit\u00e9 constructeur automobile","item":"https:\/\/www.carideal.com\/blog\/constructeur\/"},{"@type":"ListItem","position":3,"name":"Actualit\u00e9 Porsche","item":"https:\/\/www.carideal.com\/blog\/constructeur\/porsche\/"},{"@type":"ListItem","position":4,"name":"Porsche 911 2024 : Une R\u00e9volution dans le Monde des Voitures Sportives"}]},{"@type":"WebSite","@id":"https:\/\/www.carideal.com\/blog\/#website","url":"https:\/\/www.carideal.com\/blog\/","name":"Blog auto Carid\u00e9al","description":"Actualit\u00e9 auto par des passionn\u00e9s","publisher":{"@id":"https:\/\/www.carideal.com\/blog\/#organization"},"potentialAction":[{"@type":"SearchAction","target":{"@type":"EntryPoint","urlTemplate":"https:\/\/www.carideal.com\/blog\/?s={search_term_string}"},"query-input":{"@type":"PropertyValueSpecification","valueRequired":true,"valueName":"search_term_string"}}],"inLanguage":"fr-FR"},{"@type":"Organization","@id":"https:\/\/www.carideal.com\/blog\/#organization","name":"Carideal","url":"https:\/\/www.carideal.com\/blog\/","logo":{"@type":"ImageObject","inLanguage":"fr-FR","@id":"https:\/\/www.carideal.com\/blog\/#\/schema\/logo\/image\/","url":"http:\/\/www.carideal.com\/blog\/wp-content\/uploads\/2016\/03\/logo-carideal-mandataire-automobile.png","contentUrl":"http:\/\/www.carideal.com\/blog\/wp-content\/uploads\/2016\/03\/logo-carideal-mandataire-automobile.png","width":300,"height":300,"caption":"Carideal"},"image":{"@id":"https:\/\/www.carideal.com\/blog\/#\/schema\/logo\/image\/"},"sameAs":["https:\/\/www.facebook.com\/Carideal.mandataire.automobile","https:\/\/x.com\/caridealauto","https:\/\/www.instagram.com\/carideal1\/","https:\/\/www.linkedin.com\/company\/carideal.com","https:\/\/fr.pinterest.com\/schiavonsas\/","https:\/\/www.youtube.com\/user\/caridealsas"]},{"@type":"Person","@id":"https:\/\/www.carideal.com\/blog\/#\/schema\/person\/985c7e757d1042d647f21bfaf8d41ebc","name":"N.S Carideal","image":{"@type":"ImageObject","inLanguage":"fr-FR","@id":"https:\/\/www.carideal.com\/blog\/#\/schema\/person\/image\/","url":"https:\/\/secure.gravatar.com\/avatar\/edb7ccdf1a4e3d14aef967760d354d0e?s=96&r=g","contentUrl":"https:\/\/secure.gravatar.com\/avatar\/edb7ccdf1a4e3d14aef967760d354d0e?s=96&r=g","caption":"N.S Carideal"},"description":"Depuis tout petit fan d'automobile. Il est question d'essayer et de comparer toutes ces voitures qui nous ont fait r\u00e9ver, avant que celles-ci ne devient uniquement des voitures de collection.","sameAs":["http:\/\/www.carideal.com\/blog","https:\/\/www.facebook.com\/Carideal.mandataire.automobile\/","https:\/\/www.linkedin.com\/in\/nschiavon\/","https:\/\/www.youtube.com\/user\/caridealsas\/"],"url":"https:\/\/www.carideal.com\/blog\/author\/admin_carideal\/"}]}},"uagb_featured_image_src":{"full":["https:\/\/www.carideal.com\/blog\/wp-content\/uploads\/2024\/02\/Porsche-911-Turbo-Facelift-2024.jpg",1260,710,false],"thumbnail":["https:\/\/www.carideal.com\/blog\/wp-content\/uploads\/2024\/02\/Porsche-911-Turbo-Facelift-2024-150x150.jpg",150,150,true],"medium":["https:\/\/www.carideal.com\/blog\/wp-content\/uploads\/2024\/02\/Porsche-911-Turbo-Facelift-2024-300x169.jpg",300,169,true],"medium_large":["https:\/\/www.carideal.com\/blog\/wp-content\/uploads\/2024\/02\/Porsche-911-Turbo-Facelift-2024-768x433.jpg",768,433,true],"large":["https:\/\/www.carideal.com\/blog\/wp-content\/uploads\/2024\/02\/Porsche-911-Turbo-Facelift-2024-1024x577.jpg",1024,577,true],"1536x1536":["https:\/\/www.carideal.com\/blog\/wp-content\/uploads\/2024\/02\/Porsche-911-Turbo-Facelift-2024.jpg",1260,710,false],"2048x2048":["https:\/\/www.carideal.com\/blog\/wp-content\/uploads\/2024\/02\/Porsche-911-Turbo-Facelift-2024.jpg",1260,710,false],"wppr-widget":["https:\/\/www.carideal.com\/blog\/wp-content\/uploads\/2024\/02\/Porsche-911-Turbo-Facelift-2024-50x28.jpg",50,28,true]},"uagb_author_info":{"display_name":"N.S Carideal","author_link":"https:\/\/www.carideal.com\/blog\/author\/admin_carideal\/"},"uagb_comment_info":1,"uagb_excerpt":"La Porsche 911 2024 : Une R\u00e9volution dans le Monde des Voitures Sportives La Porsche 911, symbole incontestable de l'excellence dans le monde des voitures sportives, s'appr\u00eate \u00e0 conna\u00eetre une m\u00e9tamorphose majeure avec son mod\u00e8le 2024. Depuis son lancement, la Porsche 911 a toujours \u00e9t\u00e9 synonyme de performance, de style et d'innovation. La g\u00e9n\u00e9ration actuelle\u2026","_links":{"self":[{"href":"https:\/\/www.carideal.com\/blog\/wp-json\/wp\/v2\/posts\/27635"}],"collection":[{"href":"https:\/\/www.carideal.com\/blog\/wp-json\/wp\/v2\/posts"}],"about":[{"href":"https:\/\/www.carideal.com\/blog\/wp-json\/wp\/v2\/types\/post"}],"author":[{"embeddable":true,"href":"https:\/\/www.carideal.com\/blog\/wp-json\/wp\/v2\/users\/1"}],"replies":[{"embeddable":true,"href":"https:\/\/www.carideal.com\/blog\/wp-json\/wp\/v2\/comments?post=27635"}],"version-history":[{"count":0,"href":"https:\/\/www.carideal.com\/blog\/wp-json\/wp\/v2\/posts\/27635\/revisions"}],"wp:featuredmedia":[{"embeddable":true,"href":"https:\/\/www.carideal.com\/blog\/wp-json\/wp\/v2\/media\/27694"}],"wp:attachment":[{"href":"https:\/\/www.carideal.com\/blog\/wp-json\/wp\/v2\/media?parent=27635"}],"wp:term":[{"taxonomy":"category","embeddable":true,"href":"https:\/\/www.carideal.com\/blog\/wp-json\/wp\/v2\/categories?post=27635"},{"taxonomy":"post_tag","embeddable":true,"href":"https:\/\/www.carideal.com\/blog\/wp-json\/wp\/v2\/tags?post=27635"}],"curies":[{"name":"wp","href":"https:\/\/api.w.org\/{rel}","templated":true}]}}