{"id":27615,"date":"2024-04-16T19:55:58","date_gmt":"2024-04-16T17:55:58","guid":{"rendered":"https:\/\/www.carideal.com\/blog\/?p=27615"},"modified":"2024-04-16T19:55:59","modified_gmt":"2024-04-16T17:55:59","slug":"les-meilleures-voitures-electriques-a-acheter-en-2024","status":"publish","type":"post","link":"https:\/\/www.carideal.com\/blog\/2024\/04\/16\/les-meilleures-voitures-electriques-a-acheter-en-2024\/","title":{"rendered":"Les meilleures voitures \u00e9lectriques \u00e0 acheter en 2024"},"content":{"rendered":"\n<h2 class=\"wp-block-heading\" id=\"h-les-modeles-incontournables-pour-passer-a-l-electrique-en-2024\">Les mod\u00e8les incontournables pour passer \u00e0 l\u2019\u00e9lectrique en 2024<\/h2>\n\n\n\n<p>Les mod\u00e8les essentiels pour passer \u00e0 l'\u00e9lectrique en 2024<\/p>\n\n\n\n<p>Le march\u00e9 des voitures \u00e9lectriques continue de cro\u00eetre, offrant aux consommateurs un choix de plus en plus large. Pour vous aider \u00e0 faire le bon choix, nous avons s\u00e9lectionn\u00e9 les meilleurs mod\u00e8les actuellement disponibles. Nos experts ont pris en compte tous les crit\u00e8res, tels que le prix, les co\u00fbts de maintenance, le design, la praticit\u00e9, la technologie et l'exp\u00e9rience de conduite. Notre top 10 comprend une vari\u00e9t\u00e9 de types de v\u00e9hicules pour satisfaire tous les go\u00fbts. Voici notre s\u00e9lection, en commen\u00e7ant par la dixi\u00e8me position...<\/p>\n\n\n\n<h3 class=\"wp-block-heading\" id=\"h-10-hyundai-ioniq-5\">10. Hyundai Ioniq 5<\/h3>\n\n\n\n<p>Les ambitions de haut niveau de <a href=\"https:\/\/www.carideal.com\/blog\/marque-de-voiture-actualites-essais\/hyundai\/\">Hyundai<\/a> ont \u00e9t\u00e9 r\u00e9alis\u00e9es avec l'arriv\u00e9e de l'Ioniq 5, un mod\u00e8le qui concurrence des concurrents premium tels que l'Audi Q4 e-tron et la <a href=\"https:\/\/www.carideal.com\/blog\/marque-de-voiture-actualites-essais\/tesla\/\">Tesla Model Y<\/a>. L'Ioniq 5 est une voiture impressionnante et performante \u00e0 tous les niveaux, combinant des technologies de pointe pour les voitures \u00e9lectriques et certaines des meilleures performances de batterie et de recharge disponibles sur le march\u00e9.<\/p>\n\n\n\n<h3 class=\"wp-block-heading\" id=\"h-9-bmw-i5\">9. BMW i5<\/h3>\n\n\n\n<p>La premi\u00e8re entr\u00e9e de <a href=\"https:\/\/www.carideal.com\/blog\/marque-de-voiture-actualites-essais\/bmw\/\">BMW<\/a> dans cette liste est la <a href=\"https:\/\/www.carideal.com\/blog\/2024\/01\/23\/bmw-i5-touring-une-revolution-dans-le-monde-des-voitures-electriques\/\">i5<\/a> enti\u00e8rement \u00e9lectrique. Non seulement la i5 offre un confort de conduite exceptionnel, mais elle rivalise \u00e9galement avec sa grande s\u0153ur, la i7, en termes de technologie et de raffinement. Quoi que l'on pense de la i5, on ne peut nier qu'elle poss\u00e8de toutes les qualit\u00e9s d'une excellente voiture de conduite, des mat\u00e9riaux utilis\u00e9s aux performances de conduite.<\/p>\n\n\n\n<h3 class=\"wp-block-heading\" id=\"h-8-tesla-model-y\">8. Tesla Model Y<\/h3>\n\n\n\n<p>La Tesla Model Y est un <a href=\"https:\/\/www.carideal.com\/voiture\/suv\/electriques\/\">SUV \u00e9lectrique<\/a> qui offre une combinaison attrayante de performances, d'autonomie et de technologie. Avec son design \u00e9l\u00e9gant et son habitacle spacieux, la Model Y est un choix populaire pour ceux qui recherchent un v\u00e9hicule \u00e9lectrique polyvalent et performant. De plus, la marque Tesla est synonyme d'innovation et de qualit\u00e9, la rendant un choix s\u00fbr pour les acheteurs soucieux de l'environnement.<\/p>\n\n\n\n<h3 class=\"wp-block-heading\" id=\"h-7-audi-q4-e-tron\">7. Audi Q4 e-tron<\/h3>\n\n\n\n<p>L'<a href=\"https:\/\/www.carideal.com\/blog\/2024\/04\/16\/test-de-la-nouvelle-audi-q4-e-tron-2024-plus-de-puissance-plus-dautonomie-et-une-charge-plus-rapide\/\">Audi Q4 e-tron<\/a> est un SUV \u00e9lectrique compact qui offre un m\u00e9lange parfait de luxe, de performances et d'autonomie. Son design ext\u00e9rieur est \u00e9l\u00e9gant et sportif, tandis que l'int\u00e9rieur est spacieux et confortable. Le Q4 e-tron est \u00e9quip\u00e9 de nombreuses fonctionnalit\u00e9s technologiques avanc\u00e9es, le rendant un choix id\u00e9al pour ceux qui recherchent une voiture \u00e9lectrique de haute gamme.<\/p>\n\n\n\n<h3 class=\"wp-block-heading\" id=\"h-6-nissan-leaf\">6. Nissan Leaf<\/h3>\n\n\n\n<p>La <a href=\"https:\/\/www.carideal.com\/blog\/2013\/04\/03\/voiture-electrique-nouvelle-nissan-leaf-en-video\/\">Nissan Leaf<\/a> est une voiture \u00e9lectrique compacte et \u00e9conomique qui s'est impos\u00e9e sur le march\u00e9. Avec une autonomie respectable et une gamme de fonctionnalit\u00e9s technologiques, la Leaf est un choix populaire pour ceux qui recherchent une voiture \u00e9lectrique pratique et \u00e9conomique. Son design ext\u00e9rieur est moderne et attrayant, tandis que l'int\u00e9rieur offre suffisamment d'espace pour les passagers et les bagages.<\/p>\n\n\n\n<h3 class=\"wp-block-heading\" id=\"h-5-volkswagen-id-4\">5. Volkswagen ID.4<\/h3>\n\n\n\n<p>La Volkswagen ID.4 est un SUV \u00e9lectrique qui offre une combinaison impressionnante de performances, d'autonomie et de technologie. Son design ext\u00e9rieur est \u00e9l\u00e9gant et moderne, tandis que l'int\u00e9rieur est spacieux et confortable. La ID.4 est \u00e9quip\u00e9e de nombreuses fonctionnalit\u00e9s technologiques avanc\u00e9es, la rendant un choix id\u00e9al pour ceux qui recherchent un v\u00e9hicule \u00e9lectrique polyvalent et performant.<\/p>\n\n\n\n<h3 class=\"wp-block-heading\" id=\"h-4-ford-mustang-mach-e\">4. Ford Mustang Mach-E<\/h3>\n\n\n\n<p>La Ford Mustang Mach-E est un SUV \u00e9lectrique qui combine le style iconique de la Mustang avec des performances \u00e9lectriques impressionnantes. Avec une autonomie g\u00e9n\u00e9reuse et une s\u00e9rie de fonctionnalit\u00e9s technologiques avanc\u00e9es, la Mach-E est un choix populaire pour ceux qui recherchent une voiture \u00e9lectrique sportive et performante. Son design ext\u00e9rieur est audacieux et distinctif, tandis que l'int\u00e9rieur offre un espace confortable pour les passagers et les bagages.<\/p>\n\n\n\n<h3 class=\"wp-block-heading\" id=\"h-3-polestar-2\">3. Polestar 2<\/h3>\n\n\n\n<p>La Polestar 2 est une berline \u00e9lectrique de luxe qui offre un m\u00e9lange parfait de performances, d'autonomie et de technologie. Son design ext\u00e9rieur est \u00e9l\u00e9gant et moderne, tandis que l'int\u00e9rieur est spacieux et confortable. La Polestar 2 est \u00e9quip\u00e9e de nombreuses fonctionnalit\u00e9s technologiques avanc\u00e9es, la rendant un choix id\u00e9al pour ceux qui recherchent une voiture \u00e9lectrique de haute gamme et performante.<\/p>\n\n\n\n<h3 class=\"wp-block-heading\" id=\"h-2-tesla-model-3\">2. Tesla Model 3<\/h3>\n\n\n\n<p>La <a href=\"https:\/\/www.carideal.com\/blog\/marque-de-voiture-actualites-essais\/tesla\/tesla-model-3\/\">Tesla Model 3<\/a> est une berline \u00e9lectrique qui a r\u00e9volutionn\u00e9 le march\u00e9 des voitures \u00e9lectriques. Avec une autonomie impressionnante, des performances exceptionnelles et une technologie de pointe, la Model 3 est un choix populaire pour ceux qui recherchent une voiture \u00e9lectrique performante et innovante. Son design ext\u00e9rieur est \u00e9l\u00e9gant et moderne, tandis que l'int\u00e9rieur est spacieux et confortable.<\/p>\n\n\n\n<h3 class=\"wp-block-heading\" id=\"h-1-lucid-air\">1. Lucid Air<\/h3>\n\n\n\n<p>La Lucid Air est une berline \u00e9lectrique de luxe qui offre une combinaison in\u00e9gal\u00e9e de performances, d'autonomie et de technologie. Son design ext\u00e9rieur est \u00e9l\u00e9gant et raffin\u00e9, tandis que l'int\u00e9rieur est spacieux et luxueux. La Lucid Air est \u00e9quip\u00e9e de nombreuses fonctionnalit\u00e9s technologiques avanc\u00e9es, la rendant le choix d\u00e9finitif pour ceux qui recherchent la meilleure voiture \u00e9lectrique disponible en 2024.<\/p>\n\n\n\n<p>En conclusion, le march\u00e9 des voitures \u00e9lectriques offre une vaste gamme de choix pour tous les go\u00fbts et budgets. Que vous recherchiez une voiture compacte et \u00e9conomique ou une berline de luxe performante, il existe un mod\u00e8le \u00e9lectrique adapt\u00e9 \u00e0 vos besoins. N'h\u00e9sitez pas \u00e0 explorer ces options et \u00e0 faire le grand pas vers un avenir plus vert et durable.\"<\/p>\n","protected":false},"excerpt":{"rendered":"<p>Les mod\u00e8les incontournables pour passer \u00e0 l\u2019\u00e9lectrique en 2024 Les mod\u00e8les essentiels pour passer \u00e0 l&rsquo;\u00e9lectrique en 2024 Le march\u00e9 des voitures \u00e9lectriques continue de cro\u00eetre, offrant aux consommateurs un choix de plus en plus large. Pour vous aider \u00e0 faire le bon choix, nous avons s\u00e9lectionn\u00e9 les meilleurs mod\u00e8les actuellement disponibles. Nos experts ont &#8230; <a title=\"Les meilleures voitures \u00e9lectriques \u00e0 acheter en 2024\" class=\"read-more\" href=\"https:\/\/www.carideal.com\/blog\/2024\/04\/16\/les-meilleures-voitures-electriques-a-acheter-en-2024\/\" aria-label=\"En savoir plus sur Les meilleures voitures \u00e9lectriques \u00e0 acheter en 2024\">Lire plus<\/a><\/p>\n","protected":false},"author":1,"featured_media":27897,"comment_status":"open","ping_status":"open","sticky":false,"template":"","format":"standard","meta":{"_uag_custom_page_level_css":"","_themeisle_gutenberg_block_has_review":false,"footnotes":""},"categories":[1,5970],"tags":[],"class_list":["post-27615","post","type-post","status-publish","format-standard","has-post-thumbnail","hentry","category-non-classe","category-electrique-technologie-2"],"wppr_data":{"cwp_meta_box_check":"No"},"yoast_head":"<!-- This site is optimized with the Yoast SEO plugin v24.8.1 - https:\/\/yoast.com\/wordpress\/plugins\/seo\/ -->\n<title>Les meilleures voitures \u00e9lectriques \u00e0 acheter en 2024 - Blog auto Carid\u00e9al<\/title>\n<meta name=\"description\" content=\"Les mod\u00e8les incontournables pour passer \u00e0 l\u2019\u00e9lectrique en 2024. Le march\u00e9 des voitures \u00e9lectriques continue de cro\u00eetre\" \/>\n<meta name=\"robots\" content=\"index, follow, max-snippet:-1, max-image-preview:large, max-video-preview:-1\" \/>\n<link rel=\"canonical\" href=\"https:\/\/www.carideal.com\/blog\/2024\/04\/16\/les-meilleures-voitures-electriques-a-acheter-en-2024\/\" \/>\n<meta property=\"og:locale\" content=\"fr_FR\" \/>\n<meta property=\"og:type\" content=\"article\" \/>\n<meta property=\"og:title\" content=\"Les meilleures voitures \u00e9lectriques \u00e0 acheter en 2024 - Blog auto Carid\u00e9al\" \/>\n<meta property=\"og:description\" content=\"Les mod\u00e8les incontournables pour passer \u00e0 l\u2019\u00e9lectrique en 2024. Le march\u00e9 des voitures \u00e9lectriques continue de cro\u00eetre\" \/>\n<meta property=\"og:url\" content=\"https:\/\/www.carideal.com\/blog\/2024\/04\/16\/les-meilleures-voitures-electriques-a-acheter-en-2024\/\" \/>\n<meta property=\"og:site_name\" content=\"Blog auto Carid\u00e9al\" \/>\n<meta property=\"article:publisher\" content=\"https:\/\/www.facebook.com\/Carideal.mandataire.automobile\" \/>\n<meta property=\"article:author\" content=\"https:\/\/www.facebook.com\/Carideal.mandataire.automobile\/\" \/>\n<meta property=\"article:published_time\" content=\"2024-04-16T17:55:58+00:00\" \/>\n<meta property=\"article:modified_time\" content=\"2024-04-16T17:55:59+00:00\" \/>\n<meta property=\"og:image\" content=\"https:\/\/www.carideal.com\/blog\/wp-content\/uploads\/2024\/01\/2024-lucid-air-pure-rwd.jpg\" \/>\n\t<meta property=\"og:image:width\" content=\"1280\" \/>\n\t<meta property=\"og:image:height\" content=\"720\" \/>\n\t<meta property=\"og:image:type\" content=\"image\/jpeg\" \/>\n<meta name=\"author\" content=\"N.S Carideal\" \/>\n<meta name=\"twitter:card\" content=\"summary_large_image\" \/>\n<meta name=\"twitter:creator\" content=\"@caridealauto\" \/>\n<meta name=\"twitter:site\" content=\"@caridealauto\" \/>\n<meta name=\"twitter:label1\" content=\"\u00c9crit par\" \/>\n\t<meta name=\"twitter:data1\" content=\"N.S Carideal\" \/>\n\t<meta name=\"twitter:label2\" content=\"Dur\u00e9e de lecture estim\u00e9e\" \/>\n\t<meta name=\"twitter:data2\" content=\"5 minutes\" \/>\n<script type=\"application\/ld+json\" class=\"yoast-schema-graph\">{\"@context\":\"https:\/\/schema.org\",\"@graph\":[{\"@type\":\"Article\",\"@id\":\"https:\/\/www.carideal.com\/blog\/2024\/04\/16\/les-meilleures-voitures-electriques-a-acheter-en-2024\/#article\",\"isPartOf\":{\"@id\":\"https:\/\/www.carideal.com\/blog\/2024\/04\/16\/les-meilleures-voitures-electriques-a-acheter-en-2024\/\"},\"author\":{\"name\":\"N.S Carideal\",\"@id\":\"https:\/\/www.carideal.com\/blog\/#\/schema\/person\/985c7e757d1042d647f21bfaf8d41ebc\"},\"headline\":\"Les meilleures voitures \u00e9lectriques \u00e0 acheter en 2024\",\"datePublished\":\"2024-04-16T17:55:58+00:00\",\"dateModified\":\"2024-04-16T17:55:59+00:00\",\"mainEntityOfPage\":{\"@id\":\"https:\/\/www.carideal.com\/blog\/2024\/04\/16\/les-meilleures-voitures-electriques-a-acheter-en-2024\/\"},\"wordCount\":880,\"commentCount\":0,\"publisher\":{\"@id\":\"https:\/\/www.carideal.com\/blog\/#organization\"},\"image\":{\"@id\":\"https:\/\/www.carideal.com\/blog\/2024\/04\/16\/les-meilleures-voitures-electriques-a-acheter-en-2024\/#primaryimage\"},\"thumbnailUrl\":\"https:\/\/www.carideal.com\/blog\/wp-content\/uploads\/2024\/01\/2024-lucid-air-pure-rwd.jpg\",\"articleSection\":{\"1\":\"Voiture \u00e9lectrique\"},\"inLanguage\":\"fr-FR\",\"potentialAction\":[{\"@type\":\"CommentAction\",\"name\":\"Comment\",\"target\":[\"https:\/\/www.carideal.com\/blog\/2024\/04\/16\/les-meilleures-voitures-electriques-a-acheter-en-2024\/#respond\"]}]},{\"@type\":\"WebPage\",\"@id\":\"https:\/\/www.carideal.com\/blog\/2024\/04\/16\/les-meilleures-voitures-electriques-a-acheter-en-2024\/\",\"url\":\"https:\/\/www.carideal.com\/blog\/2024\/04\/16\/les-meilleures-voitures-electriques-a-acheter-en-2024\/\",\"name\":\"Les meilleures voitures \u00e9lectriques \u00e0 acheter en 2024 - Blog auto Carid\u00e9al\",\"isPartOf\":{\"@id\":\"https:\/\/www.carideal.com\/blog\/#website\"},\"primaryImageOfPage\":{\"@id\":\"https:\/\/www.carideal.com\/blog\/2024\/04\/16\/les-meilleures-voitures-electriques-a-acheter-en-2024\/#primaryimage\"},\"image\":{\"@id\":\"https:\/\/www.carideal.com\/blog\/2024\/04\/16\/les-meilleures-voitures-electriques-a-acheter-en-2024\/#primaryimage\"},\"thumbnailUrl\":\"https:\/\/www.carideal.com\/blog\/wp-content\/uploads\/2024\/01\/2024-lucid-air-pure-rwd.jpg\",\"datePublished\":\"2024-04-16T17:55:58+00:00\",\"dateModified\":\"2024-04-16T17:55:59+00:00\",\"description\":\"Les mod\u00e8les incontournables pour passer \u00e0 l\u2019\u00e9lectrique en 2024. Le march\u00e9 des voitures \u00e9lectriques continue de cro\u00eetre\",\"breadcrumb\":{\"@id\":\"https:\/\/www.carideal.com\/blog\/2024\/04\/16\/les-meilleures-voitures-electriques-a-acheter-en-2024\/#breadcrumb\"},\"inLanguage\":\"fr-FR\",\"potentialAction\":[{\"@type\":\"ReadAction\",\"target\":[\"https:\/\/www.carideal.com\/blog\/2024\/04\/16\/les-meilleures-voitures-electriques-a-acheter-en-2024\/\"]}]},{\"@type\":\"ImageObject\",\"inLanguage\":\"fr-FR\",\"@id\":\"https:\/\/www.carideal.com\/blog\/2024\/04\/16\/les-meilleures-voitures-electriques-a-acheter-en-2024\/#primaryimage\",\"url\":\"https:\/\/www.carideal.com\/blog\/wp-content\/uploads\/2024\/01\/2024-lucid-air-pure-rwd.jpg\",\"contentUrl\":\"https:\/\/www.carideal.com\/blog\/wp-content\/uploads\/2024\/01\/2024-lucid-air-pure-rwd.jpg\",\"width\":1280,\"height\":720,\"caption\":\"Les meilleures voitures \u00e9lectriques \u00e0 acheter en 2024\"},{\"@type\":\"BreadcrumbList\",\"@id\":\"https:\/\/www.carideal.com\/blog\/2024\/04\/16\/les-meilleures-voitures-electriques-a-acheter-en-2024\/#breadcrumb\",\"itemListElement\":[{\"@type\":\"ListItem\",\"position\":1,\"name\":\"Blog Carid\u00e9al\",\"item\":\"https:\/\/www.carideal.com\/blog\/\"},{\"@type\":\"ListItem\",\"position\":2,\"name\":\"Non class\u00e9\",\"item\":\"https:\/\/www.carideal.com\/blog\/non-classe\/\"},{\"@type\":\"ListItem\",\"position\":3,\"name\":\"Les meilleures voitures \u00e9lectriques \u00e0 acheter en 2024\"}]},{\"@type\":\"WebSite\",\"@id\":\"https:\/\/www.carideal.com\/blog\/#website\",\"url\":\"https:\/\/www.carideal.com\/blog\/\",\"name\":\"Blog auto Carid\u00e9al\",\"description\":\"Actualit\u00e9 auto par des passionn\u00e9s\",\"publisher\":{\"@id\":\"https:\/\/www.carideal.com\/blog\/#organization\"},\"potentialAction\":[{\"@type\":\"SearchAction\",\"target\":{\"@type\":\"EntryPoint\",\"urlTemplate\":\"https:\/\/www.carideal.com\/blog\/?s={search_term_string}\"},\"query-input\":{\"@type\":\"PropertyValueSpecification\",\"valueRequired\":true,\"valueName\":\"search_term_string\"}}],\"inLanguage\":\"fr-FR\"},{\"@type\":\"Organization\",\"@id\":\"https:\/\/www.carideal.com\/blog\/#organization\",\"name\":\"Carideal\",\"url\":\"https:\/\/www.carideal.com\/blog\/\",\"logo\":{\"@type\":\"ImageObject\",\"inLanguage\":\"fr-FR\",\"@id\":\"https:\/\/www.carideal.com\/blog\/#\/schema\/logo\/image\/\",\"url\":\"http:\/\/www.carideal.com\/blog\/wp-content\/uploads\/2016\/03\/logo-carideal-mandataire-automobile.png\",\"contentUrl\":\"http:\/\/www.carideal.com\/blog\/wp-content\/uploads\/2016\/03\/logo-carideal-mandataire-automobile.png\",\"width\":300,\"height\":300,\"caption\":\"Carideal\"},\"image\":{\"@id\":\"https:\/\/www.carideal.com\/blog\/#\/schema\/logo\/image\/\"},\"sameAs\":[\"https:\/\/www.facebook.com\/Carideal.mandataire.automobile\",\"https:\/\/x.com\/caridealauto\",\"https:\/\/www.instagram.com\/carideal1\/\",\"https:\/\/www.linkedin.com\/company\/carideal.com\",\"https:\/\/fr.pinterest.com\/schiavonsas\/\",\"https:\/\/www.youtube.com\/user\/caridealsas\"]},{\"@type\":\"Person\",\"@id\":\"https:\/\/www.carideal.com\/blog\/#\/schema\/person\/985c7e757d1042d647f21bfaf8d41ebc\",\"name\":\"N.S Carideal\",\"image\":{\"@type\":\"ImageObject\",\"inLanguage\":\"fr-FR\",\"@id\":\"https:\/\/www.carideal.com\/blog\/#\/schema\/person\/image\/\",\"url\":\"https:\/\/secure.gravatar.com\/avatar\/edb7ccdf1a4e3d14aef967760d354d0e?s=96&r=g\",\"contentUrl\":\"https:\/\/secure.gravatar.com\/avatar\/edb7ccdf1a4e3d14aef967760d354d0e?s=96&r=g\",\"caption\":\"N.S Carideal\"},\"description\":\"Depuis tout petit fan d'automobile. Il est question d'essayer et de comparer toutes ces voitures qui nous ont fait r\u00e9ver, avant que celles-ci ne devient uniquement des voitures de collection.\",\"sameAs\":[\"http:\/\/www.carideal.com\/blog\",\"https:\/\/www.facebook.com\/Carideal.mandataire.automobile\/\",\"https:\/\/www.linkedin.com\/in\/nschiavon\/\",\"https:\/\/www.youtube.com\/user\/caridealsas\/\"],\"url\":\"https:\/\/www.carideal.com\/blog\/author\/admin_carideal\/\"}]}<\/script>\n<!-- \/ Yoast SEO plugin. -->","yoast_head_json":{"title":"Les meilleures voitures \u00e9lectriques \u00e0 acheter en 2024 - Blog auto Carid\u00e9al","description":"Les mod\u00e8les incontournables pour passer \u00e0 l\u2019\u00e9lectrique en 2024. Le march\u00e9 des voitures \u00e9lectriques continue de cro\u00eetre","robots":{"index":"index","follow":"follow","max-snippet":"max-snippet:-1","max-image-preview":"max-image-preview:large","max-video-preview":"max-video-preview:-1"},"canonical":"https:\/\/www.carideal.com\/blog\/2024\/04\/16\/les-meilleures-voitures-electriques-a-acheter-en-2024\/","og_locale":"fr_FR","og_type":"article","og_title":"Les meilleures voitures \u00e9lectriques \u00e0 acheter en 2024 - Blog auto Carid\u00e9al","og_description":"Les mod\u00e8les incontournables pour passer \u00e0 l\u2019\u00e9lectrique en 2024. Le march\u00e9 des voitures \u00e9lectriques continue de cro\u00eetre","og_url":"https:\/\/www.carideal.com\/blog\/2024\/04\/16\/les-meilleures-voitures-electriques-a-acheter-en-2024\/","og_site_name":"Blog auto Carid\u00e9al","article_publisher":"https:\/\/www.facebook.com\/Carideal.mandataire.automobile","article_author":"https:\/\/www.facebook.com\/Carideal.mandataire.automobile\/","article_published_time":"2024-04-16T17:55:58+00:00","article_modified_time":"2024-04-16T17:55:59+00:00","og_image":[{"width":1280,"height":720,"url":"https:\/\/www.carideal.com\/blog\/wp-content\/uploads\/2024\/01\/2024-lucid-air-pure-rwd.jpg","type":"image\/jpeg"}],"author":"N.S Carideal","twitter_card":"summary_large_image","twitter_creator":"@caridealauto","twitter_site":"@caridealauto","twitter_misc":{"\u00c9crit par":"N.S Carideal","Dur\u00e9e de lecture estim\u00e9e":"5 minutes"},"schema":{"@context":"https:\/\/schema.org","@graph":[{"@type":"Article","@id":"https:\/\/www.carideal.com\/blog\/2024\/04\/16\/les-meilleures-voitures-electriques-a-acheter-en-2024\/#article","isPartOf":{"@id":"https:\/\/www.carideal.com\/blog\/2024\/04\/16\/les-meilleures-voitures-electriques-a-acheter-en-2024\/"},"author":{"name":"N.S Carideal","@id":"https:\/\/www.carideal.com\/blog\/#\/schema\/person\/985c7e757d1042d647f21bfaf8d41ebc"},"headline":"Les meilleures voitures \u00e9lectriques \u00e0 acheter en 2024","datePublished":"2024-04-16T17:55:58+00:00","dateModified":"2024-04-16T17:55:59+00:00","mainEntityOfPage":{"@id":"https:\/\/www.carideal.com\/blog\/2024\/04\/16\/les-meilleures-voitures-electriques-a-acheter-en-2024\/"},"wordCount":880,"commentCount":0,"publisher":{"@id":"https:\/\/www.carideal.com\/blog\/#organization"},"image":{"@id":"https:\/\/www.carideal.com\/blog\/2024\/04\/16\/les-meilleures-voitures-electriques-a-acheter-en-2024\/#primaryimage"},"thumbnailUrl":"https:\/\/www.carideal.com\/blog\/wp-content\/uploads\/2024\/01\/2024-lucid-air-pure-rwd.jpg","articleSection":{"1":"Voiture \u00e9lectrique"},"inLanguage":"fr-FR","potentialAction":[{"@type":"CommentAction","name":"Comment","target":["https:\/\/www.carideal.com\/blog\/2024\/04\/16\/les-meilleures-voitures-electriques-a-acheter-en-2024\/#respond"]}]},{"@type":"WebPage","@id":"https:\/\/www.carideal.com\/blog\/2024\/04\/16\/les-meilleures-voitures-electriques-a-acheter-en-2024\/","url":"https:\/\/www.carideal.com\/blog\/2024\/04\/16\/les-meilleures-voitures-electriques-a-acheter-en-2024\/","name":"Les meilleures voitures \u00e9lectriques \u00e0 acheter en 2024 - Blog auto Carid\u00e9al","isPartOf":{"@id":"https:\/\/www.carideal.com\/blog\/#website"},"primaryImageOfPage":{"@id":"https:\/\/www.carideal.com\/blog\/2024\/04\/16\/les-meilleures-voitures-electriques-a-acheter-en-2024\/#primaryimage"},"image":{"@id":"https:\/\/www.carideal.com\/blog\/2024\/04\/16\/les-meilleures-voitures-electriques-a-acheter-en-2024\/#primaryimage"},"thumbnailUrl":"https:\/\/www.carideal.com\/blog\/wp-content\/uploads\/2024\/01\/2024-lucid-air-pure-rwd.jpg","datePublished":"2024-04-16T17:55:58+00:00","dateModified":"2024-04-16T17:55:59+00:00","description":"Les mod\u00e8les incontournables pour passer \u00e0 l\u2019\u00e9lectrique en 2024. Le march\u00e9 des voitures \u00e9lectriques continue de cro\u00eetre","breadcrumb":{"@id":"https:\/\/www.carideal.com\/blog\/2024\/04\/16\/les-meilleures-voitures-electriques-a-acheter-en-2024\/#breadcrumb"},"inLanguage":"fr-FR","potentialAction":[{"@type":"ReadAction","target":["https:\/\/www.carideal.com\/blog\/2024\/04\/16\/les-meilleures-voitures-electriques-a-acheter-en-2024\/"]}]},{"@type":"ImageObject","inLanguage":"fr-FR","@id":"https:\/\/www.carideal.com\/blog\/2024\/04\/16\/les-meilleures-voitures-electriques-a-acheter-en-2024\/#primaryimage","url":"https:\/\/www.carideal.com\/blog\/wp-content\/uploads\/2024\/01\/2024-lucid-air-pure-rwd.jpg","contentUrl":"https:\/\/www.carideal.com\/blog\/wp-content\/uploads\/2024\/01\/2024-lucid-air-pure-rwd.jpg","width":1280,"height":720,"caption":"Les meilleures voitures \u00e9lectriques \u00e0 acheter en 2024"},{"@type":"BreadcrumbList","@id":"https:\/\/www.carideal.com\/blog\/2024\/04\/16\/les-meilleures-voitures-electriques-a-acheter-en-2024\/#breadcrumb","itemListElement":[{"@type":"ListItem","position":1,"name":"Blog Carid\u00e9al","item":"https:\/\/www.carideal.com\/blog\/"},{"@type":"ListItem","position":2,"name":"Non class\u00e9","item":"https:\/\/www.carideal.com\/blog\/non-classe\/"},{"@type":"ListItem","position":3,"name":"Les meilleures voitures \u00e9lectriques \u00e0 acheter en 2024"}]},{"@type":"WebSite","@id":"https:\/\/www.carideal.com\/blog\/#website","url":"https:\/\/www.carideal.com\/blog\/","name":"Blog auto Carid\u00e9al","description":"Actualit\u00e9 auto par des passionn\u00e9s","publisher":{"@id":"https:\/\/www.carideal.com\/blog\/#organization"},"potentialAction":[{"@type":"SearchAction","target":{"@type":"EntryPoint","urlTemplate":"https:\/\/www.carideal.com\/blog\/?s={search_term_string}"},"query-input":{"@type":"PropertyValueSpecification","valueRequired":true,"valueName":"search_term_string"}}],"inLanguage":"fr-FR"},{"@type":"Organization","@id":"https:\/\/www.carideal.com\/blog\/#organization","name":"Carideal","url":"https:\/\/www.carideal.com\/blog\/","logo":{"@type":"ImageObject","inLanguage":"fr-FR","@id":"https:\/\/www.carideal.com\/blog\/#\/schema\/logo\/image\/","url":"http:\/\/www.carideal.com\/blog\/wp-content\/uploads\/2016\/03\/logo-carideal-mandataire-automobile.png","contentUrl":"http:\/\/www.carideal.com\/blog\/wp-content\/uploads\/2016\/03\/logo-carideal-mandataire-automobile.png","width":300,"height":300,"caption":"Carideal"},"image":{"@id":"https:\/\/www.carideal.com\/blog\/#\/schema\/logo\/image\/"},"sameAs":["https:\/\/www.facebook.com\/Carideal.mandataire.automobile","https:\/\/x.com\/caridealauto","https:\/\/www.instagram.com\/carideal1\/","https:\/\/www.linkedin.com\/company\/carideal.com","https:\/\/fr.pinterest.com\/schiavonsas\/","https:\/\/www.youtube.com\/user\/caridealsas"]},{"@type":"Person","@id":"https:\/\/www.carideal.com\/blog\/#\/schema\/person\/985c7e757d1042d647f21bfaf8d41ebc","name":"N.S Carideal","image":{"@type":"ImageObject","inLanguage":"fr-FR","@id":"https:\/\/www.carideal.com\/blog\/#\/schema\/person\/image\/","url":"https:\/\/secure.gravatar.com\/avatar\/edb7ccdf1a4e3d14aef967760d354d0e?s=96&r=g","contentUrl":"https:\/\/secure.gravatar.com\/avatar\/edb7ccdf1a4e3d14aef967760d354d0e?s=96&r=g","caption":"N.S Carideal"},"description":"Depuis tout petit fan d'automobile. Il est question d'essayer et de comparer toutes ces voitures qui nous ont fait r\u00e9ver, avant que celles-ci ne devient uniquement des voitures de collection.","sameAs":["http:\/\/www.carideal.com\/blog","https:\/\/www.facebook.com\/Carideal.mandataire.automobile\/","https:\/\/www.linkedin.com\/in\/nschiavon\/","https:\/\/www.youtube.com\/user\/caridealsas\/"],"url":"https:\/\/www.carideal.com\/blog\/author\/admin_carideal\/"}]}},"uagb_featured_image_src":{"full":["https:\/\/www.carideal.com\/blog\/wp-content\/uploads\/2024\/01\/2024-lucid-air-pure-rwd.jpg",1280,720,false],"thumbnail":["https:\/\/www.carideal.com\/blog\/wp-content\/uploads\/2024\/01\/2024-lucid-air-pure-rwd-150x150.jpg",150,150,true],"medium":["https:\/\/www.carideal.com\/blog\/wp-content\/uploads\/2024\/01\/2024-lucid-air-pure-rwd-300x169.jpg",300,169,true],"medium_large":["https:\/\/www.carideal.com\/blog\/wp-content\/uploads\/2024\/01\/2024-lucid-air-pure-rwd-768x432.jpg",768,432,true],"large":["https:\/\/www.carideal.com\/blog\/wp-content\/uploads\/2024\/01\/2024-lucid-air-pure-rwd-1024x576.jpg",1024,576,true],"1536x1536":["https:\/\/www.carideal.com\/blog\/wp-content\/uploads\/2024\/01\/2024-lucid-air-pure-rwd.jpg",1280,720,false],"2048x2048":["https:\/\/www.carideal.com\/blog\/wp-content\/uploads\/2024\/01\/2024-lucid-air-pure-rwd.jpg",1280,720,false],"wppr-widget":["https:\/\/www.carideal.com\/blog\/wp-content\/uploads\/2024\/01\/2024-lucid-air-pure-rwd-50x28.jpg",50,28,true]},"uagb_author_info":{"display_name":"N.S Carideal","author_link":"https:\/\/www.carideal.com\/blog\/author\/admin_carideal\/"},"uagb_comment_info":13,"uagb_excerpt":"Les mod\u00e8les incontournables pour passer \u00e0 l\u2019\u00e9lectrique en 2024 Les mod\u00e8les essentiels pour passer \u00e0 l'\u00e9lectrique en 2024 Le march\u00e9 des voitures \u00e9lectriques continue de cro\u00eetre, offrant aux consommateurs un choix de plus en plus large. Pour vous aider \u00e0 faire le bon choix, nous avons s\u00e9lectionn\u00e9 les meilleurs mod\u00e8les actuellement disponibles. Nos experts ont\u2026","_links":{"self":[{"href":"https:\/\/www.carideal.com\/blog\/wp-json\/wp\/v2\/posts\/27615"}],"collection":[{"href":"https:\/\/www.carideal.com\/blog\/wp-json\/wp\/v2\/posts"}],"about":[{"href":"https:\/\/www.carideal.com\/blog\/wp-json\/wp\/v2\/types\/post"}],"author":[{"embeddable":true,"href":"https:\/\/www.carideal.com\/blog\/wp-json\/wp\/v2\/users\/1"}],"replies":[{"embeddable":true,"href":"https:\/\/www.carideal.com\/blog\/wp-json\/wp\/v2\/comments?post=27615"}],"version-history":[{"count":0,"href":"https:\/\/www.carideal.com\/blog\/wp-json\/wp\/v2\/posts\/27615\/revisions"}],"wp:featuredmedia":[{"embeddable":true,"href":"https:\/\/www.carideal.com\/blog\/wp-json\/wp\/v2\/media\/27897"}],"wp:attachment":[{"href":"https:\/\/www.carideal.com\/blog\/wp-json\/wp\/v2\/media?parent=27615"}],"wp:term":[{"taxonomy":"category","embeddable":true,"href":"https:\/\/www.carideal.com\/blog\/wp-json\/wp\/v2\/categories?post=27615"},{"taxonomy":"post_tag","embeddable":true,"href":"https:\/\/www.carideal.com\/blog\/wp-json\/wp\/v2\/tags?post=27615"}],"curies":[{"name":"wp","href":"https:\/\/api.w.org\/{rel}","templated":true}]}}