{"id":27612,"date":"2024-01-31T12:12:44","date_gmt":"2024-01-31T11:12:44","guid":{"rendered":"https:\/\/www.carideal.com\/blog\/?p=27612"},"modified":"2024-11-22T18:24:05","modified_gmt":"2024-11-22T17:24:05","slug":"la-nouvelle-audi-q5-2024-innovation-et-evolution-dans-le-segment-des-suv","status":"publish","type":"post","link":"https:\/\/www.carideal.com\/blog\/2024\/01\/31\/la-nouvelle-audi-q5-2024-innovation-et-evolution-dans-le-segment-des-suv\/","title":{"rendered":"Nouvelle Audi Q5 2024 : Innovation et \u00c9volution dans le Segment des SUV"},"content":{"rendered":"\n<h2 class=\"wp-block-heading\" id=\"h-la-nouvelle-audi-q5-2024-innovation-et-evolution-dans-le-segment-des-suv\"><br>La Nouvelle Audi Q5 2024 : Innovation et \u00c9volution dans le Segment des SUV<\/h2>\n\n\n\n<h3 class=\"wp-block-heading\" id=\"h-apercu-general-du-nouveau-modele-audi-q5-2024\">Aper\u00e7u G\u00e9n\u00e9ral du Nouveau Mod\u00e8le Audi Q5 2024<\/h3>\n\n\n\n<p>L'Audi Q5, un mod\u00e8le crucial dans la gamme de la c\u00e9l\u00e8bre marque allemande, s'appr\u00eate \u00e0 lancer sa troisi\u00e8me g\u00e9n\u00e9ration. Depuis son lancement en 2017, le Q5 s'est \u00e9tabli comme un acteur majeur sur le march\u00e9 des SUV de luxe. En 2023, il a m\u00eame \u00e9t\u00e9 le mod\u00e8le le plus populaire d'<a href=\"https:\/\/www.carideal.com\/blog\/marque-de-voiture-actualites-essais\/audi\/\">Audi<\/a> au niveau mondial. La concurrence dans ce segment s'est intensifi\u00e9e avec l'arriv\u00e9e de nouveaux mod\u00e8les \u00e9lectriques et de versions mises \u00e0 jour par des concurrents comme <a href=\"https:\/\/www.carideal.com\/blog\/marque-de-voiture-actualites-essais\/bmw\/\">BMW<\/a> et <a href=\"https:\/\/www.carideal.com\/blog\/marque-de-voiture-actualites-essais\/mercedes\/\">Mercedes<\/a>.<\/p>\n\n\n\n<h2 class=\"wp-block-heading\" id=\"h-design-exterieur-evolution-subtile-et-elegante\">Design Ext\u00e9rieur : \u00c9volution Subtile et \u00c9l\u00e9gante<\/h2>\n\n\n\n<p>Les derni\u00e8res images espion du nouveau Q5 r\u00e9v\u00e8lent une \u00e9volution plut\u00f4t qu'une r\u00e9volution en mati\u00e8re de design. On reconna\u00eet ais\u00e9ment les traits caract\u00e9ristiques du Q5, mais avec des changements notables \u00e0 l'avant, notamment des phares plus fins et une grille plus petite. Le profil du v\u00e9hicule sugg\u00e8re une meilleure a\u00e9rodynamique avec un pare-brise plus inclin\u00e9 et une lunette arri\u00e8re l\u00e9g\u00e8rement plus basse. Cependant, le style coup\u00e9-SUV du Q5 Sportback devrait \u00eatre maintenu dans la gamme.<\/p>\n\n\n\n<h2 class=\"wp-block-heading\" id=\"h-plateforme-et-motorisations-vers-une-polyvalence-accrue\">Plateforme et Motorisations : Vers une Polyvalence Accrue<\/h2>\n\n\n\n<p>Le nouveau Q5 2024 devrait conserver la plateforme MLB evo de la g\u00e9n\u00e9ration actuelle, tout en introduisant des am\u00e9liorations significatives. On attend notamment des options de motorisation hybride, avec des unit\u00e9s turbocompress\u00e9es de 2,0 litres int\u00e9grant une technologie micro-hybride. Audi pourrait \u00e9galement augmenter la capacit\u00e9 de la batterie de son syst\u00e8me hybride rechargeable pour offrir une autonomie \u00e9lectrique sup\u00e9rieure \u00e0 celle du mod\u00e8le actuel.<\/p>\n\n\n\n<h2 class=\"wp-block-heading\" id=\"h-interieur-et-technologies-un-bond-en-avant\">Int\u00e9rieur et Technologies : Un Bond en Avant<\/h2>\n\n\n\n<p>L'int\u00e9rieur du Q5 devrait b\u00e9n\u00e9ficier des avanc\u00e9es technologiques d'Audi, notamment un agencement \u00e0 trois \u00e9crans similaire \u00e0 celui du Q6 e-tron. Cela comprendrait un cockpit virtuel de 11,9 pouces, un \u00e9cran tactile central de 14,5 pouces et un \u00e9cran de 10,9 pouces pour le passager. L'affichage t\u00eate haute en r\u00e9alit\u00e9 augment\u00e9e, d\u00e9j\u00e0 pr\u00e9sent sur les nouveaux mod\u00e8les Audi, pourrait \u00e9galement \u00eatre int\u00e9gr\u00e9.<\/p>\n\n\n\n<h2 class=\"wp-block-heading\" id=\"h-positionnement-sur-le-marche-et-prix\">Positionnement sur le March\u00e9 et Prix<\/h2>\n\n\n\n<p>Avec l'introduction de nouvelles technologies et de motorisations am\u00e9lior\u00e9es, le prix du Q5 de troisi\u00e8me g\u00e9n\u00e9ration pourrait d\u00e9buter \u00e0 partir de 57100 \u20ac. Ce positionnement tarifaire le place en concurrence directe avec les SUV de milieu de gamme de <a href=\"https:\/\/www.carideal.com\/blog\/marque-de-voiture-actualites-essais\/bmw\/\">BMW<\/a> et <a href=\"https:\/\/www.carideal.com\/blog\/marque-de-voiture-actualites-essais\/mercedes\/\">Mercedes<\/a>, tout en offrant une alternative \u00e0 ceux qui recherchent une exp\u00e9rience de conduite premium avec des options de motorisation diversifi\u00e9es.<\/p>\n\n\n\n<h2 class=\"wp-block-heading\" id=\"h-conclusion\">Conclusion<\/h2>\n\n\n\n<p>Le nouveau Audi Q5 2024 s'annonce comme une \u00e9volution marquante dans le segment des SUV de luxe. Alliant design \u00e9l\u00e9gant, technologies de pointe et motorisations diversifi\u00e9es, il est pr\u00eat \u00e0 renforcer sa position sur le march\u00e9 et \u00e0 attirer une client\u00e8le exigeante en qu\u00eate de sophistication et de performance.<\/p>\n\n\n\n<div class=\"wp-block-wp-mermaid-block mermaid\">\n\ngraph LR\nA[Design \u00c9l\u00e9gant] --> B[Motorisations Polyvalentes]\nB --> C[Int\u00e9rieur High-Tech]\nC --> D[Positionnement Comp\u00e9titif]\nD --> E[Exp\u00e9rience de Conduite Premium]\n\n\n<\/div>\n\n\n\n<p>Ce diagramme illustre la synergie des diff\u00e9rents aspects du nouveau Audi Q5 2024, contribuant \u00e0 sa position de leader dans le segment des SUV de luxe.<\/p>\n","protected":false},"excerpt":{"rendered":"<p>La Nouvelle Audi Q5 2024 : Innovation et \u00c9volution dans le Segment des SUV Aper\u00e7u G\u00e9n\u00e9ral du Nouveau Mod\u00e8le Audi Q5 2024 L&rsquo;Audi Q5, un mod\u00e8le crucial dans la gamme de la c\u00e9l\u00e8bre marque allemande, s&rsquo;appr\u00eate \u00e0 lancer sa troisi\u00e8me g\u00e9n\u00e9ration. Depuis son lancement en 2017, le Q5 s&rsquo;est \u00e9tabli comme un acteur majeur sur &#8230; <a title=\"Nouvelle Audi Q5 2024 : Innovation et \u00c9volution dans le Segment des SUV\" class=\"read-more\" href=\"https:\/\/www.carideal.com\/blog\/2024\/01\/31\/la-nouvelle-audi-q5-2024-innovation-et-evolution-dans-le-segment-des-suv\/\" aria-label=\"En savoir plus sur Nouvelle Audi Q5 2024 : Innovation et \u00c9volution dans le Segment des SUV\">Lire plus<\/a><\/p>\n","protected":false},"author":1,"featured_media":28029,"comment_status":"open","ping_status":"open","sticky":false,"template":"","format":"standard","meta":{"_uag_custom_page_level_css":"","_themeisle_gutenberg_block_has_review":false,"footnotes":""},"categories":[5978,5970],"tags":[9564],"class_list":["post-27612","post","type-post","status-publish","format-standard","has-post-thumbnail","hentry","category-audi","category-electrique-technologie-2","tag-suv"],"wppr_data":{"cwp_meta_box_check":"No"},"yoast_head":"<!-- This site is optimized with the Yoast SEO plugin v24.8.1 - https:\/\/yoast.com\/wordpress\/plugins\/seo\/ -->\n<title>Nouvelle Audi Q5 2024 : Innovation et \u00c9volution dans le Segment des SUV - Blog auto Carid\u00e9al<\/title>\n<meta name=\"robots\" content=\"index, follow, max-snippet:-1, max-image-preview:large, max-video-preview:-1\" \/>\n<link rel=\"canonical\" href=\"https:\/\/www.carideal.com\/blog\/2024\/01\/31\/la-nouvelle-audi-q5-2024-innovation-et-evolution-dans-le-segment-des-suv\/\" \/>\n<meta property=\"og:locale\" content=\"fr_FR\" \/>\n<meta property=\"og:type\" content=\"article\" \/>\n<meta property=\"og:title\" content=\"Nouvelle Audi Q5 2024 : Innovation et \u00c9volution dans le Segment des SUV - Blog auto Carid\u00e9al\" \/>\n<meta property=\"og:description\" content=\"La Nouvelle Audi Q5 2024 : Innovation et \u00c9volution dans le Segment des SUV Aper\u00e7u G\u00e9n\u00e9ral du Nouveau Mod\u00e8le Audi Q5 2024 L&#039;Audi Q5, un mod\u00e8le crucial dans la gamme de la c\u00e9l\u00e8bre marque allemande, s&#039;appr\u00eate \u00e0 lancer sa troisi\u00e8me g\u00e9n\u00e9ration. Depuis son lancement en 2017, le Q5 s&#039;est \u00e9tabli comme un acteur majeur sur ... Lire plus\" \/>\n<meta property=\"og:url\" content=\"https:\/\/www.carideal.com\/blog\/2024\/01\/31\/la-nouvelle-audi-q5-2024-innovation-et-evolution-dans-le-segment-des-suv\/\" \/>\n<meta property=\"og:site_name\" content=\"Blog auto Carid\u00e9al\" \/>\n<meta property=\"article:publisher\" content=\"https:\/\/www.facebook.com\/Carideal.mandataire.automobile\" \/>\n<meta property=\"article:author\" content=\"https:\/\/www.facebook.com\/Carideal.mandataire.automobile\/\" \/>\n<meta property=\"article:published_time\" content=\"2024-01-31T11:12:44+00:00\" \/>\n<meta property=\"article:modified_time\" content=\"2024-11-22T17:24:05+00:00\" \/>\n<meta property=\"og:image\" content=\"https:\/\/www.carideal.com\/blog\/wp-content\/uploads\/2024\/01\/nouvelle-audi-q5-2024.jpg\" \/>\n\t<meta property=\"og:image:width\" content=\"1920\" \/>\n\t<meta property=\"og:image:height\" content=\"1080\" \/>\n\t<meta property=\"og:image:type\" content=\"image\/jpeg\" \/>\n<meta name=\"author\" content=\"N.S Carideal\" \/>\n<meta name=\"twitter:card\" content=\"summary_large_image\" \/>\n<meta name=\"twitter:creator\" content=\"@caridealauto\" \/>\n<meta name=\"twitter:site\" content=\"@caridealauto\" \/>\n<meta name=\"twitter:label1\" content=\"\u00c9crit par\" \/>\n\t<meta name=\"twitter:data1\" content=\"N.S Carideal\" \/>\n\t<meta name=\"twitter:label2\" content=\"Dur\u00e9e de lecture estim\u00e9e\" \/>\n\t<meta name=\"twitter:data2\" content=\"3 minutes\" \/>\n<script type=\"application\/ld+json\" class=\"yoast-schema-graph\">{\"@context\":\"https:\/\/schema.org\",\"@graph\":[{\"@type\":\"Article\",\"@id\":\"https:\/\/www.carideal.com\/blog\/2024\/01\/31\/la-nouvelle-audi-q5-2024-innovation-et-evolution-dans-le-segment-des-suv\/#article\",\"isPartOf\":{\"@id\":\"https:\/\/www.carideal.com\/blog\/2024\/01\/31\/la-nouvelle-audi-q5-2024-innovation-et-evolution-dans-le-segment-des-suv\/\"},\"author\":{\"name\":\"N.S Carideal\",\"@id\":\"https:\/\/www.carideal.com\/blog\/#\/schema\/person\/985c7e757d1042d647f21bfaf8d41ebc\"},\"headline\":\"Nouvelle Audi Q5 2024 : Innovation et \u00c9volution dans le Segment des SUV\",\"datePublished\":\"2024-01-31T11:12:44+00:00\",\"dateModified\":\"2024-11-22T17:24:05+00:00\",\"mainEntityOfPage\":{\"@id\":\"https:\/\/www.carideal.com\/blog\/2024\/01\/31\/la-nouvelle-audi-q5-2024-innovation-et-evolution-dans-le-segment-des-suv\/\"},\"wordCount\":552,\"commentCount\":0,\"publisher\":{\"@id\":\"https:\/\/www.carideal.com\/blog\/#organization\"},\"image\":{\"@id\":\"https:\/\/www.carideal.com\/blog\/2024\/01\/31\/la-nouvelle-audi-q5-2024-innovation-et-evolution-dans-le-segment-des-suv\/#primaryimage\"},\"thumbnailUrl\":\"https:\/\/www.carideal.com\/blog\/wp-content\/uploads\/2024\/01\/nouvelle-audi-q5-2024.jpg\",\"keywords\":[\"SUV \u00e9lectrique\"],\"articleSection\":[\"Actualit\u00e9 Audi\",\"Voiture \u00e9lectrique\"],\"inLanguage\":\"fr-FR\",\"potentialAction\":[{\"@type\":\"CommentAction\",\"name\":\"Comment\",\"target\":[\"https:\/\/www.carideal.com\/blog\/2024\/01\/31\/la-nouvelle-audi-q5-2024-innovation-et-evolution-dans-le-segment-des-suv\/#respond\"]}]},{\"@type\":\"WebPage\",\"@id\":\"https:\/\/www.carideal.com\/blog\/2024\/01\/31\/la-nouvelle-audi-q5-2024-innovation-et-evolution-dans-le-segment-des-suv\/\",\"url\":\"https:\/\/www.carideal.com\/blog\/2024\/01\/31\/la-nouvelle-audi-q5-2024-innovation-et-evolution-dans-le-segment-des-suv\/\",\"name\":\"Nouvelle Audi Q5 2024 : Innovation et \u00c9volution dans le Segment des SUV - Blog auto Carid\u00e9al\",\"isPartOf\":{\"@id\":\"https:\/\/www.carideal.com\/blog\/#website\"},\"primaryImageOfPage\":{\"@id\":\"https:\/\/www.carideal.com\/blog\/2024\/01\/31\/la-nouvelle-audi-q5-2024-innovation-et-evolution-dans-le-segment-des-suv\/#primaryimage\"},\"image\":{\"@id\":\"https:\/\/www.carideal.com\/blog\/2024\/01\/31\/la-nouvelle-audi-q5-2024-innovation-et-evolution-dans-le-segment-des-suv\/#primaryimage\"},\"thumbnailUrl\":\"https:\/\/www.carideal.com\/blog\/wp-content\/uploads\/2024\/01\/nouvelle-audi-q5-2024.jpg\",\"datePublished\":\"2024-01-31T11:12:44+00:00\",\"dateModified\":\"2024-11-22T17:24:05+00:00\",\"breadcrumb\":{\"@id\":\"https:\/\/www.carideal.com\/blog\/2024\/01\/31\/la-nouvelle-audi-q5-2024-innovation-et-evolution-dans-le-segment-des-suv\/#breadcrumb\"},\"inLanguage\":\"fr-FR\",\"potentialAction\":[{\"@type\":\"ReadAction\",\"target\":[\"https:\/\/www.carideal.com\/blog\/2024\/01\/31\/la-nouvelle-audi-q5-2024-innovation-et-evolution-dans-le-segment-des-suv\/\"]}]},{\"@type\":\"ImageObject\",\"inLanguage\":\"fr-FR\",\"@id\":\"https:\/\/www.carideal.com\/blog\/2024\/01\/31\/la-nouvelle-audi-q5-2024-innovation-et-evolution-dans-le-segment-des-suv\/#primaryimage\",\"url\":\"https:\/\/www.carideal.com\/blog\/wp-content\/uploads\/2024\/01\/nouvelle-audi-q5-2024.jpg\",\"contentUrl\":\"https:\/\/www.carideal.com\/blog\/wp-content\/uploads\/2024\/01\/nouvelle-audi-q5-2024.jpg\",\"width\":1920,\"height\":1080,\"caption\":\"Nouvelle Audi Q5 2024\"},{\"@type\":\"BreadcrumbList\",\"@id\":\"https:\/\/www.carideal.com\/blog\/2024\/01\/31\/la-nouvelle-audi-q5-2024-innovation-et-evolution-dans-le-segment-des-suv\/#breadcrumb\",\"itemListElement\":[{\"@type\":\"ListItem\",\"position\":1,\"name\":\"Blog Carid\u00e9al\",\"item\":\"https:\/\/www.carideal.com\/blog\/\"},{\"@type\":\"ListItem\",\"position\":2,\"name\":\"Actualit\u00e9 constructeur automobile\",\"item\":\"https:\/\/www.carideal.com\/blog\/constructeur\/\"},{\"@type\":\"ListItem\",\"position\":3,\"name\":\"Actualit\u00e9 Audi\",\"item\":\"https:\/\/www.carideal.com\/blog\/constructeur\/audi\/\"},{\"@type\":\"ListItem\",\"position\":4,\"name\":\"Nouvelle Audi Q5 2024 : Innovation et \u00c9volution dans le Segment des SUV\"}]},{\"@type\":\"WebSite\",\"@id\":\"https:\/\/www.carideal.com\/blog\/#website\",\"url\":\"https:\/\/www.carideal.com\/blog\/\",\"name\":\"Blog auto Carid\u00e9al\",\"description\":\"Actualit\u00e9 auto par des passionn\u00e9s\",\"publisher\":{\"@id\":\"https:\/\/www.carideal.com\/blog\/#organization\"},\"potentialAction\":[{\"@type\":\"SearchAction\",\"target\":{\"@type\":\"EntryPoint\",\"urlTemplate\":\"https:\/\/www.carideal.com\/blog\/?s={search_term_string}\"},\"query-input\":{\"@type\":\"PropertyValueSpecification\",\"valueRequired\":true,\"valueName\":\"search_term_string\"}}],\"inLanguage\":\"fr-FR\"},{\"@type\":\"Organization\",\"@id\":\"https:\/\/www.carideal.com\/blog\/#organization\",\"name\":\"Carideal\",\"url\":\"https:\/\/www.carideal.com\/blog\/\",\"logo\":{\"@type\":\"ImageObject\",\"inLanguage\":\"fr-FR\",\"@id\":\"https:\/\/www.carideal.com\/blog\/#\/schema\/logo\/image\/\",\"url\":\"http:\/\/www.carideal.com\/blog\/wp-content\/uploads\/2016\/03\/logo-carideal-mandataire-automobile.png\",\"contentUrl\":\"http:\/\/www.carideal.com\/blog\/wp-content\/uploads\/2016\/03\/logo-carideal-mandataire-automobile.png\",\"width\":300,\"height\":300,\"caption\":\"Carideal\"},\"image\":{\"@id\":\"https:\/\/www.carideal.com\/blog\/#\/schema\/logo\/image\/\"},\"sameAs\":[\"https:\/\/www.facebook.com\/Carideal.mandataire.automobile\",\"https:\/\/x.com\/caridealauto\",\"https:\/\/www.instagram.com\/carideal1\/\",\"https:\/\/www.linkedin.com\/company\/carideal.com\",\"https:\/\/fr.pinterest.com\/schiavonsas\/\",\"https:\/\/www.youtube.com\/user\/caridealsas\"]},{\"@type\":\"Person\",\"@id\":\"https:\/\/www.carideal.com\/blog\/#\/schema\/person\/985c7e757d1042d647f21bfaf8d41ebc\",\"name\":\"N.S Carideal\",\"image\":{\"@type\":\"ImageObject\",\"inLanguage\":\"fr-FR\",\"@id\":\"https:\/\/www.carideal.com\/blog\/#\/schema\/person\/image\/\",\"url\":\"https:\/\/secure.gravatar.com\/avatar\/edb7ccdf1a4e3d14aef967760d354d0e?s=96&r=g\",\"contentUrl\":\"https:\/\/secure.gravatar.com\/avatar\/edb7ccdf1a4e3d14aef967760d354d0e?s=96&r=g\",\"caption\":\"N.S Carideal\"},\"description\":\"Depuis tout petit fan d'automobile. Il est question d'essayer et de comparer toutes ces voitures qui nous ont fait r\u00e9ver, avant que celles-ci ne devient uniquement des voitures de collection.\",\"sameAs\":[\"http:\/\/www.carideal.com\/blog\",\"https:\/\/www.facebook.com\/Carideal.mandataire.automobile\/\",\"https:\/\/www.linkedin.com\/in\/nschiavon\/\",\"https:\/\/www.youtube.com\/user\/caridealsas\/\"],\"url\":\"https:\/\/www.carideal.com\/blog\/author\/admin_carideal\/\"}]}<\/script>\n<!-- \/ Yoast SEO plugin. -->","yoast_head_json":{"title":"Nouvelle Audi Q5 2024 : Innovation et \u00c9volution dans le Segment des SUV - Blog auto Carid\u00e9al","robots":{"index":"index","follow":"follow","max-snippet":"max-snippet:-1","max-image-preview":"max-image-preview:large","max-video-preview":"max-video-preview:-1"},"canonical":"https:\/\/www.carideal.com\/blog\/2024\/01\/31\/la-nouvelle-audi-q5-2024-innovation-et-evolution-dans-le-segment-des-suv\/","og_locale":"fr_FR","og_type":"article","og_title":"Nouvelle Audi Q5 2024 : Innovation et \u00c9volution dans le Segment des SUV - Blog auto Carid\u00e9al","og_description":"La Nouvelle Audi Q5 2024 : Innovation et \u00c9volution dans le Segment des SUV Aper\u00e7u G\u00e9n\u00e9ral du Nouveau Mod\u00e8le Audi Q5 2024 L'Audi Q5, un mod\u00e8le crucial dans la gamme de la c\u00e9l\u00e8bre marque allemande, s'appr\u00eate \u00e0 lancer sa troisi\u00e8me g\u00e9n\u00e9ration. Depuis son lancement en 2017, le Q5 s'est \u00e9tabli comme un acteur majeur sur ... Lire plus","og_url":"https:\/\/www.carideal.com\/blog\/2024\/01\/31\/la-nouvelle-audi-q5-2024-innovation-et-evolution-dans-le-segment-des-suv\/","og_site_name":"Blog auto Carid\u00e9al","article_publisher":"https:\/\/www.facebook.com\/Carideal.mandataire.automobile","article_author":"https:\/\/www.facebook.com\/Carideal.mandataire.automobile\/","article_published_time":"2024-01-31T11:12:44+00:00","article_modified_time":"2024-11-22T17:24:05+00:00","og_image":[{"width":1920,"height":1080,"url":"https:\/\/www.carideal.com\/blog\/wp-content\/uploads\/2024\/01\/nouvelle-audi-q5-2024.jpg","type":"image\/jpeg"}],"author":"N.S Carideal","twitter_card":"summary_large_image","twitter_creator":"@caridealauto","twitter_site":"@caridealauto","twitter_misc":{"\u00c9crit par":"N.S Carideal","Dur\u00e9e de lecture estim\u00e9e":"3 minutes"},"schema":{"@context":"https:\/\/schema.org","@graph":[{"@type":"Article","@id":"https:\/\/www.carideal.com\/blog\/2024\/01\/31\/la-nouvelle-audi-q5-2024-innovation-et-evolution-dans-le-segment-des-suv\/#article","isPartOf":{"@id":"https:\/\/www.carideal.com\/blog\/2024\/01\/31\/la-nouvelle-audi-q5-2024-innovation-et-evolution-dans-le-segment-des-suv\/"},"author":{"name":"N.S Carideal","@id":"https:\/\/www.carideal.com\/blog\/#\/schema\/person\/985c7e757d1042d647f21bfaf8d41ebc"},"headline":"Nouvelle Audi Q5 2024 : Innovation et \u00c9volution dans le Segment des SUV","datePublished":"2024-01-31T11:12:44+00:00","dateModified":"2024-11-22T17:24:05+00:00","mainEntityOfPage":{"@id":"https:\/\/www.carideal.com\/blog\/2024\/01\/31\/la-nouvelle-audi-q5-2024-innovation-et-evolution-dans-le-segment-des-suv\/"},"wordCount":552,"commentCount":0,"publisher":{"@id":"https:\/\/www.carideal.com\/blog\/#organization"},"image":{"@id":"https:\/\/www.carideal.com\/blog\/2024\/01\/31\/la-nouvelle-audi-q5-2024-innovation-et-evolution-dans-le-segment-des-suv\/#primaryimage"},"thumbnailUrl":"https:\/\/www.carideal.com\/blog\/wp-content\/uploads\/2024\/01\/nouvelle-audi-q5-2024.jpg","keywords":["SUV \u00e9lectrique"],"articleSection":["Actualit\u00e9 Audi","Voiture \u00e9lectrique"],"inLanguage":"fr-FR","potentialAction":[{"@type":"CommentAction","name":"Comment","target":["https:\/\/www.carideal.com\/blog\/2024\/01\/31\/la-nouvelle-audi-q5-2024-innovation-et-evolution-dans-le-segment-des-suv\/#respond"]}]},{"@type":"WebPage","@id":"https:\/\/www.carideal.com\/blog\/2024\/01\/31\/la-nouvelle-audi-q5-2024-innovation-et-evolution-dans-le-segment-des-suv\/","url":"https:\/\/www.carideal.com\/blog\/2024\/01\/31\/la-nouvelle-audi-q5-2024-innovation-et-evolution-dans-le-segment-des-suv\/","name":"Nouvelle Audi Q5 2024 : Innovation et \u00c9volution dans le Segment des SUV - Blog auto Carid\u00e9al","isPartOf":{"@id":"https:\/\/www.carideal.com\/blog\/#website"},"primaryImageOfPage":{"@id":"https:\/\/www.carideal.com\/blog\/2024\/01\/31\/la-nouvelle-audi-q5-2024-innovation-et-evolution-dans-le-segment-des-suv\/#primaryimage"},"image":{"@id":"https:\/\/www.carideal.com\/blog\/2024\/01\/31\/la-nouvelle-audi-q5-2024-innovation-et-evolution-dans-le-segment-des-suv\/#primaryimage"},"thumbnailUrl":"https:\/\/www.carideal.com\/blog\/wp-content\/uploads\/2024\/01\/nouvelle-audi-q5-2024.jpg","datePublished":"2024-01-31T11:12:44+00:00","dateModified":"2024-11-22T17:24:05+00:00","breadcrumb":{"@id":"https:\/\/www.carideal.com\/blog\/2024\/01\/31\/la-nouvelle-audi-q5-2024-innovation-et-evolution-dans-le-segment-des-suv\/#breadcrumb"},"inLanguage":"fr-FR","potentialAction":[{"@type":"ReadAction","target":["https:\/\/www.carideal.com\/blog\/2024\/01\/31\/la-nouvelle-audi-q5-2024-innovation-et-evolution-dans-le-segment-des-suv\/"]}]},{"@type":"ImageObject","inLanguage":"fr-FR","@id":"https:\/\/www.carideal.com\/blog\/2024\/01\/31\/la-nouvelle-audi-q5-2024-innovation-et-evolution-dans-le-segment-des-suv\/#primaryimage","url":"https:\/\/www.carideal.com\/blog\/wp-content\/uploads\/2024\/01\/nouvelle-audi-q5-2024.jpg","contentUrl":"https:\/\/www.carideal.com\/blog\/wp-content\/uploads\/2024\/01\/nouvelle-audi-q5-2024.jpg","width":1920,"height":1080,"caption":"Nouvelle Audi Q5 2024"},{"@type":"BreadcrumbList","@id":"https:\/\/www.carideal.com\/blog\/2024\/01\/31\/la-nouvelle-audi-q5-2024-innovation-et-evolution-dans-le-segment-des-suv\/#breadcrumb","itemListElement":[{"@type":"ListItem","position":1,"name":"Blog Carid\u00e9al","item":"https:\/\/www.carideal.com\/blog\/"},{"@type":"ListItem","position":2,"name":"Actualit\u00e9 constructeur automobile","item":"https:\/\/www.carideal.com\/blog\/constructeur\/"},{"@type":"ListItem","position":3,"name":"Actualit\u00e9 Audi","item":"https:\/\/www.carideal.com\/blog\/constructeur\/audi\/"},{"@type":"ListItem","position":4,"name":"Nouvelle Audi Q5 2024 : Innovation et \u00c9volution dans le Segment des SUV"}]},{"@type":"WebSite","@id":"https:\/\/www.carideal.com\/blog\/#website","url":"https:\/\/www.carideal.com\/blog\/","name":"Blog auto Carid\u00e9al","description":"Actualit\u00e9 auto par des passionn\u00e9s","publisher":{"@id":"https:\/\/www.carideal.com\/blog\/#organization"},"potentialAction":[{"@type":"SearchAction","target":{"@type":"EntryPoint","urlTemplate":"https:\/\/www.carideal.com\/blog\/?s={search_term_string}"},"query-input":{"@type":"PropertyValueSpecification","valueRequired":true,"valueName":"search_term_string"}}],"inLanguage":"fr-FR"},{"@type":"Organization","@id":"https:\/\/www.carideal.com\/blog\/#organization","name":"Carideal","url":"https:\/\/www.carideal.com\/blog\/","logo":{"@type":"ImageObject","inLanguage":"fr-FR","@id":"https:\/\/www.carideal.com\/blog\/#\/schema\/logo\/image\/","url":"http:\/\/www.carideal.com\/blog\/wp-content\/uploads\/2016\/03\/logo-carideal-mandataire-automobile.png","contentUrl":"http:\/\/www.carideal.com\/blog\/wp-content\/uploads\/2016\/03\/logo-carideal-mandataire-automobile.png","width":300,"height":300,"caption":"Carideal"},"image":{"@id":"https:\/\/www.carideal.com\/blog\/#\/schema\/logo\/image\/"},"sameAs":["https:\/\/www.facebook.com\/Carideal.mandataire.automobile","https:\/\/x.com\/caridealauto","https:\/\/www.instagram.com\/carideal1\/","https:\/\/www.linkedin.com\/company\/carideal.com","https:\/\/fr.pinterest.com\/schiavonsas\/","https:\/\/www.youtube.com\/user\/caridealsas"]},{"@type":"Person","@id":"https:\/\/www.carideal.com\/blog\/#\/schema\/person\/985c7e757d1042d647f21bfaf8d41ebc","name":"N.S Carideal","image":{"@type":"ImageObject","inLanguage":"fr-FR","@id":"https:\/\/www.carideal.com\/blog\/#\/schema\/person\/image\/","url":"https:\/\/secure.gravatar.com\/avatar\/edb7ccdf1a4e3d14aef967760d354d0e?s=96&r=g","contentUrl":"https:\/\/secure.gravatar.com\/avatar\/edb7ccdf1a4e3d14aef967760d354d0e?s=96&r=g","caption":"N.S Carideal"},"description":"Depuis tout petit fan d'automobile. Il est question d'essayer et de comparer toutes ces voitures qui nous ont fait r\u00e9ver, avant que celles-ci ne devient uniquement des voitures de collection.","sameAs":["http:\/\/www.carideal.com\/blog","https:\/\/www.facebook.com\/Carideal.mandataire.automobile\/","https:\/\/www.linkedin.com\/in\/nschiavon\/","https:\/\/www.youtube.com\/user\/caridealsas\/"],"url":"https:\/\/www.carideal.com\/blog\/author\/admin_carideal\/"}]}},"uagb_featured_image_src":{"full":["https:\/\/www.carideal.com\/blog\/wp-content\/uploads\/2024\/01\/nouvelle-audi-q5-2024.jpg",1920,1080,false],"thumbnail":["https:\/\/www.carideal.com\/blog\/wp-content\/uploads\/2024\/01\/nouvelle-audi-q5-2024-150x150.jpg",150,150,true],"medium":["https:\/\/www.carideal.com\/blog\/wp-content\/uploads\/2024\/01\/nouvelle-audi-q5-2024-300x169.jpg",300,169,true],"medium_large":["https:\/\/www.carideal.com\/blog\/wp-content\/uploads\/2024\/01\/nouvelle-audi-q5-2024-768x432.jpg",768,432,true],"large":["https:\/\/www.carideal.com\/blog\/wp-content\/uploads\/2024\/01\/nouvelle-audi-q5-2024-1024x576.jpg",1024,576,true],"1536x1536":["https:\/\/www.carideal.com\/blog\/wp-content\/uploads\/2024\/01\/nouvelle-audi-q5-2024-1536x864.jpg",1536,864,true],"2048x2048":["https:\/\/www.carideal.com\/blog\/wp-content\/uploads\/2024\/01\/nouvelle-audi-q5-2024.jpg",1920,1080,false],"wppr-widget":["https:\/\/www.carideal.com\/blog\/wp-content\/uploads\/2024\/01\/nouvelle-audi-q5-2024-50x28.jpg",50,28,true]},"uagb_author_info":{"display_name":"N.S Carideal","author_link":"https:\/\/www.carideal.com\/blog\/author\/admin_carideal\/"},"uagb_comment_info":22,"uagb_excerpt":"La Nouvelle Audi Q5 2024 : Innovation et \u00c9volution dans le Segment des SUV Aper\u00e7u G\u00e9n\u00e9ral du Nouveau Mod\u00e8le Audi Q5 2024 L'Audi Q5, un mod\u00e8le crucial dans la gamme de la c\u00e9l\u00e8bre marque allemande, s'appr\u00eate \u00e0 lancer sa troisi\u00e8me g\u00e9n\u00e9ration. Depuis son lancement en 2017, le Q5 s'est \u00e9tabli comme un acteur majeur sur\u2026","_links":{"self":[{"href":"https:\/\/www.carideal.com\/blog\/wp-json\/wp\/v2\/posts\/27612"}],"collection":[{"href":"https:\/\/www.carideal.com\/blog\/wp-json\/wp\/v2\/posts"}],"about":[{"href":"https:\/\/www.carideal.com\/blog\/wp-json\/wp\/v2\/types\/post"}],"author":[{"embeddable":true,"href":"https:\/\/www.carideal.com\/blog\/wp-json\/wp\/v2\/users\/1"}],"replies":[{"embeddable":true,"href":"https:\/\/www.carideal.com\/blog\/wp-json\/wp\/v2\/comments?post=27612"}],"version-history":[{"count":1,"href":"https:\/\/www.carideal.com\/blog\/wp-json\/wp\/v2\/posts\/27612\/revisions"}],"predecessor-version":[{"id":28030,"href":"https:\/\/www.carideal.com\/blog\/wp-json\/wp\/v2\/posts\/27612\/revisions\/28030"}],"wp:featuredmedia":[{"embeddable":true,"href":"https:\/\/www.carideal.com\/blog\/wp-json\/wp\/v2\/media\/28029"}],"wp:attachment":[{"href":"https:\/\/www.carideal.com\/blog\/wp-json\/wp\/v2\/media?parent=27612"}],"wp:term":[{"taxonomy":"category","embeddable":true,"href":"https:\/\/www.carideal.com\/blog\/wp-json\/wp\/v2\/categories?post=27612"},{"taxonomy":"post_tag","embeddable":true,"href":"https:\/\/www.carideal.com\/blog\/wp-json\/wp\/v2\/tags?post=27612"}],"curies":[{"name":"wp","href":"https:\/\/api.w.org\/{rel}","templated":true}]}}