{"id":276,"date":"2013-01-24T12:56:00","date_gmt":"2013-01-24T12:56:00","guid":{"rendered":"http:\/\/carideal.com\/blog\/?p=276"},"modified":"2020-03-07T16:46:48","modified_gmt":"2020-03-07T15:46:48","slug":"voiture-ecolo-la-foire-des-3-cylindres","status":"publish","type":"post","link":"https:\/\/www.carideal.com\/blog\/2013\/01\/24\/voiture-ecolo-la-foire-des-3-cylindres\/","title":{"rendered":"Voiture \u00e9colo la foire des 3 cylindres"},"content":{"rendered":"<figure style=\"width: 438px\" class=\"wp-caption alignnone\"><img loading=\"lazy\" decoding=\"async\" title=\"Voiture \u00e9colo la foire des 3 cylindres\" src=\"\/blog\/public\/.3-cylindres-ford_m.jpg\" alt=\"Voiture \u00e9colo la foire des 3 cylindres\" width=\"448\" height=\"235\" \/><figcaption class=\"wp-caption-text\">Voiture \u00e9colo la foire des moteurs 3 cylindres<\/figcaption><\/figure>\n<h1><strong>Voiture \u00e9colo la foire des moteurs 3 cylindres<\/strong><\/h1>\n<blockquote><p>Moteur Ford 3 cylindres<\/p><\/blockquote>\n<p>Par le pass\u00e9, le moteur 3 cylindres a connu plusieurs p\u00e9riodes de d\u00e9veloppement, li\u00e9es chacune \u00e0 diff\u00e9rentes aspects de sa personnalit\u00e9.<br \/>\nDans les ann\u00e9es 1950, c'est son prix mod\u00e9r\u00e9 qui en a fait la m\u00e9canique de pr\u00e9dilection des petites voitures populaires \u00e0 moteur deux temps.<br \/>\nDans les ann\u00e9es 1970, sa taille r\u00e9duite lui a permis d'\u00e9quiper les micro-citadines produites par les constructeurs japonais.<br \/>\nPuis, c'est la \"chasse au gaspi\" qui l'a remis en selle \u00e0 la fin des ann\u00e9es 1990 avec la <span style=\"text-decoration: underline;\">Smart<\/span>. Aujourd'hui, ce moteur \u00e0 l'architecture tr\u00e8s particuli\u00e8re sort d\u00e9finitivement de l'ombre pour se retrouver en pleine lumi\u00e8re puisqu'il \u00e9quipe la majorit\u00e9 des nouvelles citadines.<br \/>\nLa premi\u00e8re raison de ce retour en force du 3 cylindres, c'est la vogue du downsizing. Une r\u00e9duction de la cylindr\u00e9 pour diminuer la consommation tout en pr\u00e9servant les performances.<br \/>\nLa suppression d'un cylindre permet \u00e9galement, \u00e0 cylindr\u00e9e \u00e9quivalente, de r\u00e9duire les frottements internes de 20% par rapport \u00e0 une architecture 4 cylindres.<\/p>\n<p>PSA a lanc\u00e9 sa propre g\u00e9n\u00e9ration de <span style=\"text-decoration: underline;\"><a href=\"http:\/\/www.carideal.com\/blog\/2012\/01\/12\/un-nouveau-moteur-3-cylindres-pour-psa\/\">moteur 3 cylindres essence PURETECH<\/a><\/span>. La version <span style=\"text-decoration: underline;\"><a href=\"http:\/\/www.carideal.com\/blog\/2015\/06\/18\/les-moteurs-puretech-turbo-de-citroen-peugeot-meilleurs-moteurs-du-monde\/\">Puretech 130 a m\u00eame \u00e9t\u00e9 consacr\u00e9 meilleur moteur du monde dans sa cat\u00e9gorie<\/a><\/span>.<br \/>\nLe \"pouls\" propre du 3 cylindres, associ\u00e9 \u00e0 une phase d'\u00e9chappement plus longue, est deux fois plus puissant que sur 4 cylindres \u00e9quivalent. C'est une sorte de la suralimentation naturelle qui profite au rendement, au b\u00e9n\u00e9fice direct de l'agr\u00e9ment de conduit et des performances.<br \/>\nEnfin, la signature acoustique d'un 3 cylindres est riche en harmonique. Elle se rapproche un peu du timbre d'un 6 cylindres. D'ailleurs, m\u00eame <span style=\"text-decoration: underline;\">BMW<\/span>, ap\u00f4tre du 6 cylindres en ligne, mise beaucoup sur le 3 cylindres.<br \/>\nQuant \u00e0 son niveau de performances, une formule Ford \u00e9quip\u00e9e d'un petit 3 cylindres 1 litre Ecoboost, gonfl\u00e9 \u00e0 250 ch, a r\u00e9ussi \u00e0 boucler un tour du circuit du N\u00fcrburgring en 7'22'', soit plus vite qu'une Ferrari Enzo et son V12 de 660 ch.<\/p>\n<figure style=\"width: 438px\" class=\"wp-caption alignnone\"><img loading=\"lazy\" decoding=\"async\" title=\"Formule Ford \u00e9quip\u00e9e d'un moteur 1 litre Ecoboost 3 cylindres 250 ch\" src=\"\/blog\/public\/.ford-1-0-litre-race-car-_m.jpg\" alt=\"Formule Ford \u00e9quip\u00e9e d'un moteur 1 litre Ecoboost 3 cylindres 250 ch\" width=\"448\" height=\"319\" \/><figcaption class=\"wp-caption-text\">Formule Ford \u00e9quip\u00e9e d'un moteur 1 litre Ecoboost 3 cylindres 250 ch<\/figcaption><\/figure>\n","protected":false},"excerpt":{"rendered":"<p>Voiture \u00e9colo la foire des moteurs 3 cylindres Moteur Ford 3 cylindres Par le pass\u00e9, le moteur 3 cylindres a connu plusieurs p\u00e9riodes de d\u00e9veloppement, li\u00e9es chacune \u00e0 diff\u00e9rentes aspects de sa personnalit\u00e9. Dans les ann\u00e9es 1950, c&rsquo;est son prix mod\u00e9r\u00e9 qui en a fait la m\u00e9canique de pr\u00e9dilection des petites voitures populaires \u00e0 moteur &#8230; <a title=\"Voiture \u00e9colo la foire des 3 cylindres\" class=\"read-more\" href=\"https:\/\/www.carideal.com\/blog\/2013\/01\/24\/voiture-ecolo-la-foire-des-3-cylindres\/\" aria-label=\"En savoir plus sur Voiture \u00e9colo la foire des 3 cylindres\">Lire plus<\/a><\/p>\n","protected":false},"author":1,"featured_media":0,"comment_status":"open","ping_status":"open","sticky":false,"template":"","format":"standard","meta":{"_uag_custom_page_level_css":"","_themeisle_gutenberg_block_has_review":false,"footnotes":""},"categories":[21,5944,6],"tags":[],"class_list":["post-276","post","type-post","status-publish","format-standard","hentry","category-actualites-auto","category-constructeur","category-ecologie"],"wppr_data":[],"yoast_head":"<!-- This site is optimized with the Yoast SEO plugin v24.8.1 - https:\/\/yoast.com\/wordpress\/plugins\/seo\/ -->\n<title>Voiture \u00e9colo la foire des 3 cylindres - Blog auto Carid\u00e9al<\/title>\n<meta name=\"robots\" content=\"index, follow, max-snippet:-1, max-image-preview:large, max-video-preview:-1\" \/>\n<link rel=\"canonical\" href=\"https:\/\/www.carideal.com\/blog\/2013\/01\/24\/voiture-ecolo-la-foire-des-3-cylindres\/\" \/>\n<meta property=\"og:locale\" content=\"fr_FR\" \/>\n<meta property=\"og:type\" content=\"article\" \/>\n<meta property=\"og:title\" content=\"Voiture \u00e9colo la foire des 3 cylindres - Blog auto Carid\u00e9al\" \/>\n<meta property=\"og:description\" content=\"Voiture \u00e9colo la foire des moteurs 3 cylindres Moteur Ford 3 cylindres Par le pass\u00e9, le moteur 3 cylindres a connu plusieurs p\u00e9riodes de d\u00e9veloppement, li\u00e9es chacune \u00e0 diff\u00e9rentes aspects de sa personnalit\u00e9. Dans les ann\u00e9es 1950, c&#039;est son prix mod\u00e9r\u00e9 qui en a fait la m\u00e9canique de pr\u00e9dilection des petites voitures populaires \u00e0 moteur ... Lire plus\" \/>\n<meta property=\"og:url\" content=\"https:\/\/www.carideal.com\/blog\/2013\/01\/24\/voiture-ecolo-la-foire-des-3-cylindres\/\" \/>\n<meta property=\"og:site_name\" content=\"Blog auto Carid\u00e9al\" \/>\n<meta property=\"article:publisher\" content=\"https:\/\/www.facebook.com\/Carideal.mandataire.automobile\" \/>\n<meta property=\"article:author\" content=\"https:\/\/www.facebook.com\/Carideal.mandataire.automobile\/\" \/>\n<meta property=\"article:published_time\" content=\"2013-01-24T12:56:00+00:00\" \/>\n<meta property=\"article:modified_time\" content=\"2020-03-07T15:46:48+00:00\" \/>\n<meta property=\"og:image\" content=\"https:\/\/www.carideal.com\/blog\/wp-content\/uploads\/2016\/03\/logo-carideal-mandataire-automobile.png\" \/>\n\t<meta property=\"og:image:width\" content=\"300\" \/>\n\t<meta property=\"og:image:height\" content=\"300\" \/>\n\t<meta property=\"og:image:type\" content=\"image\/png\" \/>\n<meta name=\"author\" content=\"N.S Carideal\" \/>\n<meta name=\"twitter:card\" content=\"summary_large_image\" \/>\n<meta name=\"twitter:creator\" content=\"@caridealauto\" \/>\n<meta name=\"twitter:site\" content=\"@caridealauto\" \/>\n<meta name=\"twitter:label1\" content=\"\u00c9crit par\" \/>\n\t<meta name=\"twitter:data1\" content=\"N.S Carideal\" \/>\n\t<meta name=\"twitter:label2\" content=\"Dur\u00e9e de lecture estim\u00e9e\" \/>\n\t<meta name=\"twitter:data2\" content=\"2 minutes\" \/>\n<script type=\"application\/ld+json\" class=\"yoast-schema-graph\">{\"@context\":\"https:\/\/schema.org\",\"@graph\":[{\"@type\":\"Article\",\"@id\":\"https:\/\/www.carideal.com\/blog\/2013\/01\/24\/voiture-ecolo-la-foire-des-3-cylindres\/#article\",\"isPartOf\":{\"@id\":\"https:\/\/www.carideal.com\/blog\/2013\/01\/24\/voiture-ecolo-la-foire-des-3-cylindres\/\"},\"author\":{\"name\":\"N.S Carideal\",\"@id\":\"https:\/\/www.carideal.com\/blog\/#\/schema\/person\/985c7e757d1042d647f21bfaf8d41ebc\"},\"headline\":\"Voiture \u00e9colo la foire des 3 cylindres\",\"datePublished\":\"2013-01-24T12:56:00+00:00\",\"dateModified\":\"2020-03-07T15:46:48+00:00\",\"mainEntityOfPage\":{\"@id\":\"https:\/\/www.carideal.com\/blog\/2013\/01\/24\/voiture-ecolo-la-foire-des-3-cylindres\/\"},\"wordCount\":363,\"commentCount\":0,\"publisher\":{\"@id\":\"https:\/\/www.carideal.com\/blog\/#organization\"},\"articleSection\":[\"Actualit\u00e9 automobile\",\"Actualit\u00e9 Constructeur automobile\",\"Ecologie\"],\"inLanguage\":\"fr-FR\",\"potentialAction\":[{\"@type\":\"CommentAction\",\"name\":\"Comment\",\"target\":[\"https:\/\/www.carideal.com\/blog\/2013\/01\/24\/voiture-ecolo-la-foire-des-3-cylindres\/#respond\"]}]},{\"@type\":\"WebPage\",\"@id\":\"https:\/\/www.carideal.com\/blog\/2013\/01\/24\/voiture-ecolo-la-foire-des-3-cylindres\/\",\"url\":\"https:\/\/www.carideal.com\/blog\/2013\/01\/24\/voiture-ecolo-la-foire-des-3-cylindres\/\",\"name\":\"Voiture \u00e9colo la foire des 3 cylindres - Blog auto Carid\u00e9al\",\"isPartOf\":{\"@id\":\"https:\/\/www.carideal.com\/blog\/#website\"},\"datePublished\":\"2013-01-24T12:56:00+00:00\",\"dateModified\":\"2020-03-07T15:46:48+00:00\",\"breadcrumb\":{\"@id\":\"https:\/\/www.carideal.com\/blog\/2013\/01\/24\/voiture-ecolo-la-foire-des-3-cylindres\/#breadcrumb\"},\"inLanguage\":\"fr-FR\",\"potentialAction\":[{\"@type\":\"ReadAction\",\"target\":[\"https:\/\/www.carideal.com\/blog\/2013\/01\/24\/voiture-ecolo-la-foire-des-3-cylindres\/\"]}]},{\"@type\":\"BreadcrumbList\",\"@id\":\"https:\/\/www.carideal.com\/blog\/2013\/01\/24\/voiture-ecolo-la-foire-des-3-cylindres\/#breadcrumb\",\"itemListElement\":[{\"@type\":\"ListItem\",\"position\":1,\"name\":\"Blog Carid\u00e9al\",\"item\":\"https:\/\/www.carideal.com\/blog\/\"},{\"@type\":\"ListItem\",\"position\":2,\"name\":\"Ecologie\",\"item\":\"https:\/\/www.carideal.com\/blog\/ecologie\/\"},{\"@type\":\"ListItem\",\"position\":3,\"name\":\"Voiture \u00e9colo la foire des 3 cylindres\"}]},{\"@type\":\"WebSite\",\"@id\":\"https:\/\/www.carideal.com\/blog\/#website\",\"url\":\"https:\/\/www.carideal.com\/blog\/\",\"name\":\"Blog auto Carid\u00e9al\",\"description\":\"Actualit\u00e9 auto par des passionn\u00e9s\",\"publisher\":{\"@id\":\"https:\/\/www.carideal.com\/blog\/#organization\"},\"potentialAction\":[{\"@type\":\"SearchAction\",\"target\":{\"@type\":\"EntryPoint\",\"urlTemplate\":\"https:\/\/www.carideal.com\/blog\/?s={search_term_string}\"},\"query-input\":{\"@type\":\"PropertyValueSpecification\",\"valueRequired\":true,\"valueName\":\"search_term_string\"}}],\"inLanguage\":\"fr-FR\"},{\"@type\":\"Organization\",\"@id\":\"https:\/\/www.carideal.com\/blog\/#organization\",\"name\":\"Carideal\",\"url\":\"https:\/\/www.carideal.com\/blog\/\",\"logo\":{\"@type\":\"ImageObject\",\"inLanguage\":\"fr-FR\",\"@id\":\"https:\/\/www.carideal.com\/blog\/#\/schema\/logo\/image\/\",\"url\":\"http:\/\/www.carideal.com\/blog\/wp-content\/uploads\/2016\/03\/logo-carideal-mandataire-automobile.png\",\"contentUrl\":\"http:\/\/www.carideal.com\/blog\/wp-content\/uploads\/2016\/03\/logo-carideal-mandataire-automobile.png\",\"width\":300,\"height\":300,\"caption\":\"Carideal\"},\"image\":{\"@id\":\"https:\/\/www.carideal.com\/blog\/#\/schema\/logo\/image\/\"},\"sameAs\":[\"https:\/\/www.facebook.com\/Carideal.mandataire.automobile\",\"https:\/\/x.com\/caridealauto\",\"https:\/\/www.instagram.com\/carideal1\/\",\"https:\/\/www.linkedin.com\/company\/carideal.com\",\"https:\/\/fr.pinterest.com\/schiavonsas\/\",\"https:\/\/www.youtube.com\/user\/caridealsas\"]},{\"@type\":\"Person\",\"@id\":\"https:\/\/www.carideal.com\/blog\/#\/schema\/person\/985c7e757d1042d647f21bfaf8d41ebc\",\"name\":\"N.S Carideal\",\"image\":{\"@type\":\"ImageObject\",\"inLanguage\":\"fr-FR\",\"@id\":\"https:\/\/www.carideal.com\/blog\/#\/schema\/person\/image\/\",\"url\":\"https:\/\/secure.gravatar.com\/avatar\/edb7ccdf1a4e3d14aef967760d354d0e?s=96&r=g\",\"contentUrl\":\"https:\/\/secure.gravatar.com\/avatar\/edb7ccdf1a4e3d14aef967760d354d0e?s=96&r=g\",\"caption\":\"N.S Carideal\"},\"description\":\"Depuis tout petit fan d'automobile. Il est question d'essayer et de comparer toutes ces voitures qui nous ont fait r\u00e9ver, avant que celles-ci ne devient uniquement des voitures de collection.\",\"sameAs\":[\"http:\/\/www.carideal.com\/blog\",\"https:\/\/www.facebook.com\/Carideal.mandataire.automobile\/\",\"https:\/\/www.linkedin.com\/in\/nschiavon\/\",\"https:\/\/www.youtube.com\/user\/caridealsas\/\"],\"url\":\"https:\/\/www.carideal.com\/blog\/author\/admin_carideal\/\"}]}<\/script>\n<!-- \/ Yoast SEO plugin. -->","yoast_head_json":{"title":"Voiture \u00e9colo la foire des 3 cylindres - Blog auto Carid\u00e9al","robots":{"index":"index","follow":"follow","max-snippet":"max-snippet:-1","max-image-preview":"max-image-preview:large","max-video-preview":"max-video-preview:-1"},"canonical":"https:\/\/www.carideal.com\/blog\/2013\/01\/24\/voiture-ecolo-la-foire-des-3-cylindres\/","og_locale":"fr_FR","og_type":"article","og_title":"Voiture \u00e9colo la foire des 3 cylindres - Blog auto Carid\u00e9al","og_description":"Voiture \u00e9colo la foire des moteurs 3 cylindres Moteur Ford 3 cylindres Par le pass\u00e9, le moteur 3 cylindres a connu plusieurs p\u00e9riodes de d\u00e9veloppement, li\u00e9es chacune \u00e0 diff\u00e9rentes aspects de sa personnalit\u00e9. Dans les ann\u00e9es 1950, c'est son prix mod\u00e9r\u00e9 qui en a fait la m\u00e9canique de pr\u00e9dilection des petites voitures populaires \u00e0 moteur ... Lire plus","og_url":"https:\/\/www.carideal.com\/blog\/2013\/01\/24\/voiture-ecolo-la-foire-des-3-cylindres\/","og_site_name":"Blog auto Carid\u00e9al","article_publisher":"https:\/\/www.facebook.com\/Carideal.mandataire.automobile","article_author":"https:\/\/www.facebook.com\/Carideal.mandataire.automobile\/","article_published_time":"2013-01-24T12:56:00+00:00","article_modified_time":"2020-03-07T15:46:48+00:00","og_image":[{"width":300,"height":300,"url":"https:\/\/www.carideal.com\/blog\/wp-content\/uploads\/2016\/03\/logo-carideal-mandataire-automobile.png","type":"image\/png"}],"author":"N.S Carideal","twitter_card":"summary_large_image","twitter_creator":"@caridealauto","twitter_site":"@caridealauto","twitter_misc":{"\u00c9crit par":"N.S Carideal","Dur\u00e9e de lecture estim\u00e9e":"2 minutes"},"schema":{"@context":"https:\/\/schema.org","@graph":[{"@type":"Article","@id":"https:\/\/www.carideal.com\/blog\/2013\/01\/24\/voiture-ecolo-la-foire-des-3-cylindres\/#article","isPartOf":{"@id":"https:\/\/www.carideal.com\/blog\/2013\/01\/24\/voiture-ecolo-la-foire-des-3-cylindres\/"},"author":{"name":"N.S Carideal","@id":"https:\/\/www.carideal.com\/blog\/#\/schema\/person\/985c7e757d1042d647f21bfaf8d41ebc"},"headline":"Voiture \u00e9colo la foire des 3 cylindres","datePublished":"2013-01-24T12:56:00+00:00","dateModified":"2020-03-07T15:46:48+00:00","mainEntityOfPage":{"@id":"https:\/\/www.carideal.com\/blog\/2013\/01\/24\/voiture-ecolo-la-foire-des-3-cylindres\/"},"wordCount":363,"commentCount":0,"publisher":{"@id":"https:\/\/www.carideal.com\/blog\/#organization"},"articleSection":["Actualit\u00e9 automobile","Actualit\u00e9 Constructeur automobile","Ecologie"],"inLanguage":"fr-FR","potentialAction":[{"@type":"CommentAction","name":"Comment","target":["https:\/\/www.carideal.com\/blog\/2013\/01\/24\/voiture-ecolo-la-foire-des-3-cylindres\/#respond"]}]},{"@type":"WebPage","@id":"https:\/\/www.carideal.com\/blog\/2013\/01\/24\/voiture-ecolo-la-foire-des-3-cylindres\/","url":"https:\/\/www.carideal.com\/blog\/2013\/01\/24\/voiture-ecolo-la-foire-des-3-cylindres\/","name":"Voiture \u00e9colo la foire des 3 cylindres - Blog auto Carid\u00e9al","isPartOf":{"@id":"https:\/\/www.carideal.com\/blog\/#website"},"datePublished":"2013-01-24T12:56:00+00:00","dateModified":"2020-03-07T15:46:48+00:00","breadcrumb":{"@id":"https:\/\/www.carideal.com\/blog\/2013\/01\/24\/voiture-ecolo-la-foire-des-3-cylindres\/#breadcrumb"},"inLanguage":"fr-FR","potentialAction":[{"@type":"ReadAction","target":["https:\/\/www.carideal.com\/blog\/2013\/01\/24\/voiture-ecolo-la-foire-des-3-cylindres\/"]}]},{"@type":"BreadcrumbList","@id":"https:\/\/www.carideal.com\/blog\/2013\/01\/24\/voiture-ecolo-la-foire-des-3-cylindres\/#breadcrumb","itemListElement":[{"@type":"ListItem","position":1,"name":"Blog Carid\u00e9al","item":"https:\/\/www.carideal.com\/blog\/"},{"@type":"ListItem","position":2,"name":"Ecologie","item":"https:\/\/www.carideal.com\/blog\/ecologie\/"},{"@type":"ListItem","position":3,"name":"Voiture \u00e9colo la foire des 3 cylindres"}]},{"@type":"WebSite","@id":"https:\/\/www.carideal.com\/blog\/#website","url":"https:\/\/www.carideal.com\/blog\/","name":"Blog auto Carid\u00e9al","description":"Actualit\u00e9 auto par des passionn\u00e9s","publisher":{"@id":"https:\/\/www.carideal.com\/blog\/#organization"},"potentialAction":[{"@type":"SearchAction","target":{"@type":"EntryPoint","urlTemplate":"https:\/\/www.carideal.com\/blog\/?s={search_term_string}"},"query-input":{"@type":"PropertyValueSpecification","valueRequired":true,"valueName":"search_term_string"}}],"inLanguage":"fr-FR"},{"@type":"Organization","@id":"https:\/\/www.carideal.com\/blog\/#organization","name":"Carideal","url":"https:\/\/www.carideal.com\/blog\/","logo":{"@type":"ImageObject","inLanguage":"fr-FR","@id":"https:\/\/www.carideal.com\/blog\/#\/schema\/logo\/image\/","url":"http:\/\/www.carideal.com\/blog\/wp-content\/uploads\/2016\/03\/logo-carideal-mandataire-automobile.png","contentUrl":"http:\/\/www.carideal.com\/blog\/wp-content\/uploads\/2016\/03\/logo-carideal-mandataire-automobile.png","width":300,"height":300,"caption":"Carideal"},"image":{"@id":"https:\/\/www.carideal.com\/blog\/#\/schema\/logo\/image\/"},"sameAs":["https:\/\/www.facebook.com\/Carideal.mandataire.automobile","https:\/\/x.com\/caridealauto","https:\/\/www.instagram.com\/carideal1\/","https:\/\/www.linkedin.com\/company\/carideal.com","https:\/\/fr.pinterest.com\/schiavonsas\/","https:\/\/www.youtube.com\/user\/caridealsas"]},{"@type":"Person","@id":"https:\/\/www.carideal.com\/blog\/#\/schema\/person\/985c7e757d1042d647f21bfaf8d41ebc","name":"N.S Carideal","image":{"@type":"ImageObject","inLanguage":"fr-FR","@id":"https:\/\/www.carideal.com\/blog\/#\/schema\/person\/image\/","url":"https:\/\/secure.gravatar.com\/avatar\/edb7ccdf1a4e3d14aef967760d354d0e?s=96&r=g","contentUrl":"https:\/\/secure.gravatar.com\/avatar\/edb7ccdf1a4e3d14aef967760d354d0e?s=96&r=g","caption":"N.S Carideal"},"description":"Depuis tout petit fan d'automobile. Il est question d'essayer et de comparer toutes ces voitures qui nous ont fait r\u00e9ver, avant que celles-ci ne devient uniquement des voitures de collection.","sameAs":["http:\/\/www.carideal.com\/blog","https:\/\/www.facebook.com\/Carideal.mandataire.automobile\/","https:\/\/www.linkedin.com\/in\/nschiavon\/","https:\/\/www.youtube.com\/user\/caridealsas\/"],"url":"https:\/\/www.carideal.com\/blog\/author\/admin_carideal\/"}]}},"uagb_featured_image_src":{"full":false,"thumbnail":false,"medium":false,"medium_large":false,"large":false,"1536x1536":false,"2048x2048":false,"wppr-widget":false},"uagb_author_info":{"display_name":"N.S Carideal","author_link":"https:\/\/www.carideal.com\/blog\/author\/admin_carideal\/"},"uagb_comment_info":0,"uagb_excerpt":"Voiture \u00e9colo la foire des moteurs 3 cylindres Moteur Ford 3 cylindres Par le pass\u00e9, le moteur 3 cylindres a connu plusieurs p\u00e9riodes de d\u00e9veloppement, li\u00e9es chacune \u00e0 diff\u00e9rentes aspects de sa personnalit\u00e9. Dans les ann\u00e9es 1950, c'est son prix mod\u00e9r\u00e9 qui en a fait la m\u00e9canique de pr\u00e9dilection des petites voitures populaires \u00e0 moteur\u2026","_links":{"self":[{"href":"https:\/\/www.carideal.com\/blog\/wp-json\/wp\/v2\/posts\/276"}],"collection":[{"href":"https:\/\/www.carideal.com\/blog\/wp-json\/wp\/v2\/posts"}],"about":[{"href":"https:\/\/www.carideal.com\/blog\/wp-json\/wp\/v2\/types\/post"}],"author":[{"embeddable":true,"href":"https:\/\/www.carideal.com\/blog\/wp-json\/wp\/v2\/users\/1"}],"replies":[{"embeddable":true,"href":"https:\/\/www.carideal.com\/blog\/wp-json\/wp\/v2\/comments?post=276"}],"version-history":[{"count":0,"href":"https:\/\/www.carideal.com\/blog\/wp-json\/wp\/v2\/posts\/276\/revisions"}],"wp:attachment":[{"href":"https:\/\/www.carideal.com\/blog\/wp-json\/wp\/v2\/media?parent=276"}],"wp:term":[{"taxonomy":"category","embeddable":true,"href":"https:\/\/www.carideal.com\/blog\/wp-json\/wp\/v2\/categories?post=276"},{"taxonomy":"post_tag","embeddable":true,"href":"https:\/\/www.carideal.com\/blog\/wp-json\/wp\/v2\/tags?post=276"}],"curies":[{"name":"wp","href":"https:\/\/api.w.org\/{rel}","templated":true}]}}