{"id":27466,"date":"2024-01-23T09:03:58","date_gmt":"2024-01-23T08:03:58","guid":{"rendered":"https:\/\/www.carideal.com\/blog\/?p=27466"},"modified":"2024-01-23T09:03:59","modified_gmt":"2024-01-23T08:03:59","slug":"bmw-i5-touring-une-revolution-dans-le-monde-des-voitures-electriques","status":"publish","type":"post","link":"https:\/\/www.carideal.com\/blog\/2024\/01\/23\/bmw-i5-touring-une-revolution-dans-le-monde-des-voitures-electriques\/","title":{"rendered":"BMW i5 Touring : Une R\u00e9volution dans le Monde des Voitures \u00c9lectriques"},"content":{"rendered":"\n<h2 class=\"wp-block-heading\">La BMW i5 Touring : Une R\u00e9volution dans le Monde des Voitures \u00c9lectriques<\/h2>\n\n\n\n<h3 class=\"wp-block-heading\">Introduction \u00e0 la BMW i5 Touring<\/h3>\n\n\n\n<p>La BMW i5 Touring repr\u00e9sente un moment charni\u00e8re dans l'histoire de la s\u00e9rie 5 de <a href=\"https:\/\/www.carideal.com\/blog\/marque-de-voiture-actualites-essais\/bmw\/\">BMW<\/a>, vieille de 52 ans. Cette <a href=\"https:\/\/www.carideal.com\/blog\/2020\/02\/27\/meilleures-voitures-electriques-a-acheter-en-2020\/\">version \u00e9lectrique<\/a>, qui sera pr\u00e9sent\u00e9e pour la premi\u00e8re fois en version i5, marque un tournant majeur dans l'\u00e9volution de la marque. Attendue pour le printemps 2024, la i5 Touring promet de r\u00e9volutionner le segment des breaks \u00e9lectriques avec ses performances dignes d'une supercar et son design innovant.<\/p>\n\n\n\n<h3 class=\"wp-block-heading\">Design et Style de la BMW i5 Touring<\/h3>\n\n\n\n<p>La BMW i5 Touring, bien que similaire \u00e0 la version berline jusqu'\u00e0 l'arri\u00e8re, se distingue par ses feux arri\u00e8re exclusifs, apportant une signature visuelle unique. L'avant du v\u00e9hicule arbore une grille ferm\u00e9e, optimisant l'a\u00e9rodynamisme tout en conservant une apparence famili\u00e8re aux mod\u00e8les \u00e0 moteur \u00e0 combustion interne de la s\u00e9rie 5.<\/p>\n\n\n\n<h3 class=\"wp-block-heading\">Performances et Configurations<\/h3>\n\n\n\n<p>La gamme de la i5 Touring devrait refl\u00e9ter celle de la berline, avec une version de base i5 eDrive40 \u00e0 propulsion. Ce mod\u00e8le est \u00e9quip\u00e9 d'un moteur \u00e9lectrique arri\u00e8re de 322 ch et 430 Nm de couple, aliment\u00e9 par une batterie de 81,2 kWh. La version Touring pourrait voir une l\u00e9g\u00e8re augmentation du temps d'acc\u00e9l\u00e9ration de 0 \u00e0 100 km\/h en raison de son poids suppl\u00e9mentaire. De plus, la port\u00e9e de la Touring pourrait \u00eatre l\u00e9g\u00e8rement inf\u00e9rieure \u00e0 celle de la berline, qui est d'environ 582 km.<\/p>\n\n\n\n<h3 class=\"wp-block-heading\">La Variante M60 xDrive<\/h3>\n\n\n\n<p>Le mod\u00e8le le plus performant, la M60 xDrive, devrait arriver au printemps. Offrant des performances comparables \u00e0 celles de la M5, elle dispose d'une motorisation \u00e0 quatre roues motrices avec deux moteurs \u00e9lectriques d\u00e9veloppant 593 ch et 820 Nm de couple. La M60 acc\u00e9l\u00e8re de 0 \u00e0 100 km\/h en seulement 3,8 secondes, avec une vitesse maximale de 228 km\/h.<\/p>\n\n\n\n<h3 class=\"wp-block-heading\">Int\u00e9rieur et Technologie<\/h3>\n\n\n\n<p>L'int\u00e9rieur de la BMW i5 Touring partagera son agencement et sa technologie avec la berline \u00e9lectrique. Les utilisateurs pourront profiter d'un \u00e9cran de 12,3 pouces pour le conducteur et d'un \u00e9cran tactile incurv\u00e9 de 12,3 pouces int\u00e9gr\u00e9 au tableau de bord, \u00e9quip\u00e9 du dernier syst\u00e8me d'infodivertissement iDrive de BMW.<\/p>\n\n\n\n<h3 class=\"wp-block-heading\">Capacit\u00e9 de Chargement<\/h3>\n\n\n\n<p>Bien que la capacit\u00e9 exacte du coffre de la nouvelle BMW i5 Touring n'ait pas encore \u00e9t\u00e9 r\u00e9v\u00e9l\u00e9e, le mod\u00e8le pr\u00e9c\u00e9dent offrait l'un des plus grands coffres de sa cat\u00e9gorie, avec 570 litres. On peut s'attendre \u00e0 une capacit\u00e9 similaire, voire sup\u00e9rieure, pour ce nouveau mod\u00e8le.<\/p>\n\n\n\n<h3 class=\"wp-block-heading\">Conclusion<\/h3>\n\n\n\n<p>La BMW i5 Touring est bien plus qu'une simple \u00e9volution dans la gamme des v\u00e9hicules \u00e9lectriques de BMW ; elle repr\u00e9sente une v\u00e9ritable r\u00e9volution en termes de performances, de style et de fonctionnalit\u00e9s. Avec ses innovations et sa conception avant-gardiste, elle est pr\u00eate \u00e0 red\u00e9finir ce que les conducteurs attendent d'un break \u00e9lectrique.<\/p>\n\n\n\n<div class=\"wp-block-wp-mermaid-block mermaid\">\ngraph LR\nA[BMW i5 Touring] --> B[Design Innovant]\nA --> C[Performances Exceptionnelles]\nB --> D[Feux Arri\u00e8re Uniques]\nB --> E[Grille Optimis\u00e9e pour l'A\u00e9rodynamisme]\nC --> F[Mod\u00e8le de Base i5 eDrive40]\nC --> G[Mod\u00e8le Haute Performance M60 xDrive]\nF --> H[322 ch et 430 Nm de Couple]\nG --> I[593 ch et 820 Nm de Couple]\n\n<\/div>\n\n\n\n<p>Ce diagramme illustre la relation entre les diff\u00e9rents aspects cl\u00e9s de la BMW i5 Touring, mettant en \u00e9vidence son design innovant et ses performances exceptionnelles.<\/p>\n","protected":false},"excerpt":{"rendered":"<p>La BMW i5 Touring : Une R\u00e9volution dans le Monde des Voitures \u00c9lectriques Introduction \u00e0 la BMW i5 Touring La BMW i5 Touring repr\u00e9sente un moment charni\u00e8re dans l&rsquo;histoire de la s\u00e9rie 5 de BMW, vieille de 52 ans. Cette version \u00e9lectrique, qui sera pr\u00e9sent\u00e9e pour la premi\u00e8re fois en version i5, marque un tournant &#8230; <a title=\"BMW i5 Touring : Une R\u00e9volution dans le Monde des Voitures \u00c9lectriques\" class=\"read-more\" href=\"https:\/\/www.carideal.com\/blog\/2024\/01\/23\/bmw-i5-touring-une-revolution-dans-le-monde-des-voitures-electriques\/\" aria-label=\"En savoir plus sur BMW i5 Touring : Une R\u00e9volution dans le Monde des Voitures \u00c9lectriques\">Lire plus<\/a><\/p>\n","protected":false},"author":3,"featured_media":27467,"comment_status":"open","ping_status":"open","sticky":false,"template":"","format":"standard","meta":{"_uag_custom_page_level_css":"","_themeisle_gutenberg_block_has_review":false,"footnotes":""},"categories":[5945,6013,5970],"tags":[6158],"class_list":["post-27466","post","type-post","status-publish","format-standard","has-post-thumbnail","hentry","category-bmw","category-break","category-electrique-technologie-2","tag-voiture-de-luxe"],"wppr_data":{"cwp_meta_box_check":"No"},"yoast_head":"<!-- This site is optimized with the Yoast SEO plugin v24.8.1 - https:\/\/yoast.com\/wordpress\/plugins\/seo\/ -->\n<title>BMW i5 Touring : Une R\u00e9volution dans le Monde des Voitures \u00c9lectriques - Blog auto Carid\u00e9al<\/title>\n<meta name=\"robots\" content=\"index, follow, max-snippet:-1, max-image-preview:large, max-video-preview:-1\" \/>\n<link rel=\"canonical\" href=\"https:\/\/www.carideal.com\/blog\/2024\/01\/23\/bmw-i5-touring-une-revolution-dans-le-monde-des-voitures-electriques\/\" \/>\n<meta property=\"og:locale\" content=\"fr_FR\" \/>\n<meta property=\"og:type\" content=\"article\" \/>\n<meta property=\"og:title\" content=\"BMW i5 Touring : Une R\u00e9volution dans le Monde des Voitures \u00c9lectriques - Blog auto Carid\u00e9al\" \/>\n<meta property=\"og:description\" content=\"La BMW i5 Touring : Une R\u00e9volution dans le Monde des Voitures \u00c9lectriques Introduction \u00e0 la BMW i5 Touring La BMW i5 Touring repr\u00e9sente un moment charni\u00e8re dans l&#039;histoire de la s\u00e9rie 5 de BMW, vieille de 52 ans. Cette version \u00e9lectrique, qui sera pr\u00e9sent\u00e9e pour la premi\u00e8re fois en version i5, marque un tournant ... Lire plus\" \/>\n<meta property=\"og:url\" content=\"https:\/\/www.carideal.com\/blog\/2024\/01\/23\/bmw-i5-touring-une-revolution-dans-le-monde-des-voitures-electriques\/\" \/>\n<meta property=\"og:site_name\" content=\"Blog auto Carid\u00e9al\" \/>\n<meta property=\"article:publisher\" content=\"https:\/\/www.facebook.com\/Carideal.mandataire.automobile\" \/>\n<meta property=\"article:author\" content=\"https:\/\/www.facebook.com\/nicolas.schiavon.39\" \/>\n<meta property=\"article:published_time\" content=\"2024-01-23T08:03:58+00:00\" \/>\n<meta property=\"article:modified_time\" content=\"2024-01-23T08:03:59+00:00\" \/>\n<meta property=\"og:image\" content=\"https:\/\/www.carideal.com\/blog\/wp-content\/uploads\/2024\/01\/bmw-i5-touring-2024.jpg\" \/>\n\t<meta property=\"og:image:width\" content=\"1300\" \/>\n\t<meta property=\"og:image:height\" content=\"704\" \/>\n\t<meta property=\"og:image:type\" content=\"image\/jpeg\" \/>\n<meta name=\"author\" content=\"Nicolas SCHIAVON\" \/>\n<meta name=\"twitter:card\" content=\"summary_large_image\" \/>\n<meta name=\"twitter:creator\" content=\"@caridealauto\" \/>\n<meta name=\"twitter:site\" content=\"@caridealauto\" \/>\n<meta name=\"twitter:label1\" content=\"\u00c9crit par\" \/>\n\t<meta name=\"twitter:data1\" content=\"Nicolas SCHIAVON\" \/>\n\t<meta name=\"twitter:label2\" content=\"Dur\u00e9e de lecture estim\u00e9e\" \/>\n\t<meta name=\"twitter:data2\" content=\"3 minutes\" \/>\n<script type=\"application\/ld+json\" class=\"yoast-schema-graph\">{\"@context\":\"https:\/\/schema.org\",\"@graph\":[{\"@type\":\"Article\",\"@id\":\"https:\/\/www.carideal.com\/blog\/2024\/01\/23\/bmw-i5-touring-une-revolution-dans-le-monde-des-voitures-electriques\/#article\",\"isPartOf\":{\"@id\":\"https:\/\/www.carideal.com\/blog\/2024\/01\/23\/bmw-i5-touring-une-revolution-dans-le-monde-des-voitures-electriques\/\"},\"author\":{\"name\":\"Nicolas SCHIAVON\",\"@id\":\"https:\/\/www.carideal.com\/blog\/#\/schema\/person\/cd95dc7919660de90d31b366f85be1ec\"},\"headline\":\"BMW i5 Touring : Une R\u00e9volution dans le Monde des Voitures \u00c9lectriques\",\"datePublished\":\"2024-01-23T08:03:58+00:00\",\"dateModified\":\"2024-01-23T08:03:59+00:00\",\"mainEntityOfPage\":{\"@id\":\"https:\/\/www.carideal.com\/blog\/2024\/01\/23\/bmw-i5-touring-une-revolution-dans-le-monde-des-voitures-electriques\/\"},\"wordCount\":582,\"commentCount\":0,\"publisher\":{\"@id\":\"https:\/\/www.carideal.com\/blog\/#organization\"},\"image\":{\"@id\":\"https:\/\/www.carideal.com\/blog\/2024\/01\/23\/bmw-i5-touring-une-revolution-dans-le-monde-des-voitures-electriques\/#primaryimage\"},\"thumbnailUrl\":\"https:\/\/www.carideal.com\/blog\/wp-content\/uploads\/2024\/01\/bmw-i5-touring-2024.jpg\",\"keywords\":[\"voiture de luxe\"],\"articleSection\":[\"Actualit\u00e9 BMW\",\"Break\",\"Voiture \u00e9lectrique\"],\"inLanguage\":\"fr-FR\",\"potentialAction\":[{\"@type\":\"CommentAction\",\"name\":\"Comment\",\"target\":[\"https:\/\/www.carideal.com\/blog\/2024\/01\/23\/bmw-i5-touring-une-revolution-dans-le-monde-des-voitures-electriques\/#respond\"]}]},{\"@type\":\"WebPage\",\"@id\":\"https:\/\/www.carideal.com\/blog\/2024\/01\/23\/bmw-i5-touring-une-revolution-dans-le-monde-des-voitures-electriques\/\",\"url\":\"https:\/\/www.carideal.com\/blog\/2024\/01\/23\/bmw-i5-touring-une-revolution-dans-le-monde-des-voitures-electriques\/\",\"name\":\"BMW i5 Touring : Une R\u00e9volution dans le Monde des Voitures \u00c9lectriques - Blog auto Carid\u00e9al\",\"isPartOf\":{\"@id\":\"https:\/\/www.carideal.com\/blog\/#website\"},\"primaryImageOfPage\":{\"@id\":\"https:\/\/www.carideal.com\/blog\/2024\/01\/23\/bmw-i5-touring-une-revolution-dans-le-monde-des-voitures-electriques\/#primaryimage\"},\"image\":{\"@id\":\"https:\/\/www.carideal.com\/blog\/2024\/01\/23\/bmw-i5-touring-une-revolution-dans-le-monde-des-voitures-electriques\/#primaryimage\"},\"thumbnailUrl\":\"https:\/\/www.carideal.com\/blog\/wp-content\/uploads\/2024\/01\/bmw-i5-touring-2024.jpg\",\"datePublished\":\"2024-01-23T08:03:58+00:00\",\"dateModified\":\"2024-01-23T08:03:59+00:00\",\"breadcrumb\":{\"@id\":\"https:\/\/www.carideal.com\/blog\/2024\/01\/23\/bmw-i5-touring-une-revolution-dans-le-monde-des-voitures-electriques\/#breadcrumb\"},\"inLanguage\":\"fr-FR\",\"potentialAction\":[{\"@type\":\"ReadAction\",\"target\":[\"https:\/\/www.carideal.com\/blog\/2024\/01\/23\/bmw-i5-touring-une-revolution-dans-le-monde-des-voitures-electriques\/\"]}]},{\"@type\":\"ImageObject\",\"inLanguage\":\"fr-FR\",\"@id\":\"https:\/\/www.carideal.com\/blog\/2024\/01\/23\/bmw-i5-touring-une-revolution-dans-le-monde-des-voitures-electriques\/#primaryimage\",\"url\":\"https:\/\/www.carideal.com\/blog\/wp-content\/uploads\/2024\/01\/bmw-i5-touring-2024.jpg\",\"contentUrl\":\"https:\/\/www.carideal.com\/blog\/wp-content\/uploads\/2024\/01\/bmw-i5-touring-2024.jpg\",\"width\":1300,\"height\":704,\"caption\":\"BMW i5 Touring : Une R\u00e9volution dans le Monde des Voitures \u00c9lectriques\"},{\"@type\":\"BreadcrumbList\",\"@id\":\"https:\/\/www.carideal.com\/blog\/2024\/01\/23\/bmw-i5-touring-une-revolution-dans-le-monde-des-voitures-electriques\/#breadcrumb\",\"itemListElement\":[{\"@type\":\"ListItem\",\"position\":1,\"name\":\"Blog Carid\u00e9al\",\"item\":\"https:\/\/www.carideal.com\/blog\/\"},{\"@type\":\"ListItem\",\"position\":2,\"name\":\"Actualit\u00e9 constructeur automobile\",\"item\":\"https:\/\/www.carideal.com\/blog\/constructeur\/\"},{\"@type\":\"ListItem\",\"position\":3,\"name\":\"Actualit\u00e9 BMW\",\"item\":\"https:\/\/www.carideal.com\/blog\/constructeur\/bmw\/\"},{\"@type\":\"ListItem\",\"position\":4,\"name\":\"BMW i5 Touring : Une R\u00e9volution dans le Monde des Voitures \u00c9lectriques\"}]},{\"@type\":\"WebSite\",\"@id\":\"https:\/\/www.carideal.com\/blog\/#website\",\"url\":\"https:\/\/www.carideal.com\/blog\/\",\"name\":\"Blog auto Carid\u00e9al\",\"description\":\"Actualit\u00e9 auto par des passionn\u00e9s\",\"publisher\":{\"@id\":\"https:\/\/www.carideal.com\/blog\/#organization\"},\"potentialAction\":[{\"@type\":\"SearchAction\",\"target\":{\"@type\":\"EntryPoint\",\"urlTemplate\":\"https:\/\/www.carideal.com\/blog\/?s={search_term_string}\"},\"query-input\":{\"@type\":\"PropertyValueSpecification\",\"valueRequired\":true,\"valueName\":\"search_term_string\"}}],\"inLanguage\":\"fr-FR\"},{\"@type\":\"Organization\",\"@id\":\"https:\/\/www.carideal.com\/blog\/#organization\",\"name\":\"Carideal\",\"url\":\"https:\/\/www.carideal.com\/blog\/\",\"logo\":{\"@type\":\"ImageObject\",\"inLanguage\":\"fr-FR\",\"@id\":\"https:\/\/www.carideal.com\/blog\/#\/schema\/logo\/image\/\",\"url\":\"http:\/\/www.carideal.com\/blog\/wp-content\/uploads\/2016\/03\/logo-carideal-mandataire-automobile.png\",\"contentUrl\":\"http:\/\/www.carideal.com\/blog\/wp-content\/uploads\/2016\/03\/logo-carideal-mandataire-automobile.png\",\"width\":300,\"height\":300,\"caption\":\"Carideal\"},\"image\":{\"@id\":\"https:\/\/www.carideal.com\/blog\/#\/schema\/logo\/image\/\"},\"sameAs\":[\"https:\/\/www.facebook.com\/Carideal.mandataire.automobile\",\"https:\/\/x.com\/caridealauto\",\"https:\/\/www.instagram.com\/carideal1\/\",\"https:\/\/www.linkedin.com\/company\/carideal.com\",\"https:\/\/fr.pinterest.com\/schiavonsas\/\",\"https:\/\/www.youtube.com\/user\/caridealsas\"]},{\"@type\":\"Person\",\"@id\":\"https:\/\/www.carideal.com\/blog\/#\/schema\/person\/cd95dc7919660de90d31b366f85be1ec\",\"name\":\"Nicolas SCHIAVON\",\"image\":{\"@type\":\"ImageObject\",\"inLanguage\":\"fr-FR\",\"@id\":\"https:\/\/www.carideal.com\/blog\/#\/schema\/person\/image\/\",\"url\":\"https:\/\/secure.gravatar.com\/avatar\/c17e55009e671d92cc7f5dc837dc418a?s=96&r=g\",\"contentUrl\":\"https:\/\/secure.gravatar.com\/avatar\/c17e55009e671d92cc7f5dc837dc418a?s=96&r=g\",\"caption\":\"Nicolas SCHIAVON\"},\"description\":\"Nicolas Schiavon est tomb\u00e9 tout petit dans la marmite automobile. Ayant eu un garage de marque automobile, mandataire automobile de la premi\u00e8re heure d\u00e8s 1999. Nicolas a cr\u00e9\u00e9 ces premiers sites de vente de voiture et blog automobile d\u00e8s 1994. Carideal est n\u00e9 le 15 d\u00e9cembre 2000 de la volont\u00e9 de vendre des voitures d'occasions en ligne puis des voitures neuves. Il a pu essayer beaucoup de voitures tr\u00e8s diff\u00e9rentes et ayant eu personnellement quelques belles autos, Subaru Impreza, Mitsubishi Lancer Evo 7, Porsche 911, Ferrari Testarrossa, Audi RS3, RS4 et j'en passe...\",\"sameAs\":[\"http:\/\/www.carideal.com\",\"https:\/\/www.facebook.com\/nicolas.schiavon.39\",\"https:\/\/www.instagram.com\/carideal1\/\",\"https:\/\/www.linkedin.com\/in\/nschiavon\/\",\"https:\/\/x.com\/caridealauto\",\"https:\/\/www.youtube.com\/user\/caridealsas\/\"],\"url\":\"https:\/\/www.carideal.com\/blog\/author\/nschiavon\/\"}]}<\/script>\n<!-- \/ Yoast SEO plugin. -->","yoast_head_json":{"title":"BMW i5 Touring : Une R\u00e9volution dans le Monde des Voitures \u00c9lectriques - Blog auto Carid\u00e9al","robots":{"index":"index","follow":"follow","max-snippet":"max-snippet:-1","max-image-preview":"max-image-preview:large","max-video-preview":"max-video-preview:-1"},"canonical":"https:\/\/www.carideal.com\/blog\/2024\/01\/23\/bmw-i5-touring-une-revolution-dans-le-monde-des-voitures-electriques\/","og_locale":"fr_FR","og_type":"article","og_title":"BMW i5 Touring : Une R\u00e9volution dans le Monde des Voitures \u00c9lectriques - Blog auto Carid\u00e9al","og_description":"La BMW i5 Touring : Une R\u00e9volution dans le Monde des Voitures \u00c9lectriques Introduction \u00e0 la BMW i5 Touring La BMW i5 Touring repr\u00e9sente un moment charni\u00e8re dans l'histoire de la s\u00e9rie 5 de BMW, vieille de 52 ans. Cette version \u00e9lectrique, qui sera pr\u00e9sent\u00e9e pour la premi\u00e8re fois en version i5, marque un tournant ... Lire plus","og_url":"https:\/\/www.carideal.com\/blog\/2024\/01\/23\/bmw-i5-touring-une-revolution-dans-le-monde-des-voitures-electriques\/","og_site_name":"Blog auto Carid\u00e9al","article_publisher":"https:\/\/www.facebook.com\/Carideal.mandataire.automobile","article_author":"https:\/\/www.facebook.com\/nicolas.schiavon.39","article_published_time":"2024-01-23T08:03:58+00:00","article_modified_time":"2024-01-23T08:03:59+00:00","og_image":[{"width":1300,"height":704,"url":"https:\/\/www.carideal.com\/blog\/wp-content\/uploads\/2024\/01\/bmw-i5-touring-2024.jpg","type":"image\/jpeg"}],"author":"Nicolas SCHIAVON","twitter_card":"summary_large_image","twitter_creator":"@caridealauto","twitter_site":"@caridealauto","twitter_misc":{"\u00c9crit par":"Nicolas SCHIAVON","Dur\u00e9e de lecture estim\u00e9e":"3 minutes"},"schema":{"@context":"https:\/\/schema.org","@graph":[{"@type":"Article","@id":"https:\/\/www.carideal.com\/blog\/2024\/01\/23\/bmw-i5-touring-une-revolution-dans-le-monde-des-voitures-electriques\/#article","isPartOf":{"@id":"https:\/\/www.carideal.com\/blog\/2024\/01\/23\/bmw-i5-touring-une-revolution-dans-le-monde-des-voitures-electriques\/"},"author":{"name":"Nicolas SCHIAVON","@id":"https:\/\/www.carideal.com\/blog\/#\/schema\/person\/cd95dc7919660de90d31b366f85be1ec"},"headline":"BMW i5 Touring : Une R\u00e9volution dans le Monde des Voitures \u00c9lectriques","datePublished":"2024-01-23T08:03:58+00:00","dateModified":"2024-01-23T08:03:59+00:00","mainEntityOfPage":{"@id":"https:\/\/www.carideal.com\/blog\/2024\/01\/23\/bmw-i5-touring-une-revolution-dans-le-monde-des-voitures-electriques\/"},"wordCount":582,"commentCount":0,"publisher":{"@id":"https:\/\/www.carideal.com\/blog\/#organization"},"image":{"@id":"https:\/\/www.carideal.com\/blog\/2024\/01\/23\/bmw-i5-touring-une-revolution-dans-le-monde-des-voitures-electriques\/#primaryimage"},"thumbnailUrl":"https:\/\/www.carideal.com\/blog\/wp-content\/uploads\/2024\/01\/bmw-i5-touring-2024.jpg","keywords":["voiture de luxe"],"articleSection":["Actualit\u00e9 BMW","Break","Voiture \u00e9lectrique"],"inLanguage":"fr-FR","potentialAction":[{"@type":"CommentAction","name":"Comment","target":["https:\/\/www.carideal.com\/blog\/2024\/01\/23\/bmw-i5-touring-une-revolution-dans-le-monde-des-voitures-electriques\/#respond"]}]},{"@type":"WebPage","@id":"https:\/\/www.carideal.com\/blog\/2024\/01\/23\/bmw-i5-touring-une-revolution-dans-le-monde-des-voitures-electriques\/","url":"https:\/\/www.carideal.com\/blog\/2024\/01\/23\/bmw-i5-touring-une-revolution-dans-le-monde-des-voitures-electriques\/","name":"BMW i5 Touring : Une R\u00e9volution dans le Monde des Voitures \u00c9lectriques - Blog auto Carid\u00e9al","isPartOf":{"@id":"https:\/\/www.carideal.com\/blog\/#website"},"primaryImageOfPage":{"@id":"https:\/\/www.carideal.com\/blog\/2024\/01\/23\/bmw-i5-touring-une-revolution-dans-le-monde-des-voitures-electriques\/#primaryimage"},"image":{"@id":"https:\/\/www.carideal.com\/blog\/2024\/01\/23\/bmw-i5-touring-une-revolution-dans-le-monde-des-voitures-electriques\/#primaryimage"},"thumbnailUrl":"https:\/\/www.carideal.com\/blog\/wp-content\/uploads\/2024\/01\/bmw-i5-touring-2024.jpg","datePublished":"2024-01-23T08:03:58+00:00","dateModified":"2024-01-23T08:03:59+00:00","breadcrumb":{"@id":"https:\/\/www.carideal.com\/blog\/2024\/01\/23\/bmw-i5-touring-une-revolution-dans-le-monde-des-voitures-electriques\/#breadcrumb"},"inLanguage":"fr-FR","potentialAction":[{"@type":"ReadAction","target":["https:\/\/www.carideal.com\/blog\/2024\/01\/23\/bmw-i5-touring-une-revolution-dans-le-monde-des-voitures-electriques\/"]}]},{"@type":"ImageObject","inLanguage":"fr-FR","@id":"https:\/\/www.carideal.com\/blog\/2024\/01\/23\/bmw-i5-touring-une-revolution-dans-le-monde-des-voitures-electriques\/#primaryimage","url":"https:\/\/www.carideal.com\/blog\/wp-content\/uploads\/2024\/01\/bmw-i5-touring-2024.jpg","contentUrl":"https:\/\/www.carideal.com\/blog\/wp-content\/uploads\/2024\/01\/bmw-i5-touring-2024.jpg","width":1300,"height":704,"caption":"BMW i5 Touring : Une R\u00e9volution dans le Monde des Voitures \u00c9lectriques"},{"@type":"BreadcrumbList","@id":"https:\/\/www.carideal.com\/blog\/2024\/01\/23\/bmw-i5-touring-une-revolution-dans-le-monde-des-voitures-electriques\/#breadcrumb","itemListElement":[{"@type":"ListItem","position":1,"name":"Blog Carid\u00e9al","item":"https:\/\/www.carideal.com\/blog\/"},{"@type":"ListItem","position":2,"name":"Actualit\u00e9 constructeur automobile","item":"https:\/\/www.carideal.com\/blog\/constructeur\/"},{"@type":"ListItem","position":3,"name":"Actualit\u00e9 BMW","item":"https:\/\/www.carideal.com\/blog\/constructeur\/bmw\/"},{"@type":"ListItem","position":4,"name":"BMW i5 Touring : Une R\u00e9volution dans le Monde des Voitures \u00c9lectriques"}]},{"@type":"WebSite","@id":"https:\/\/www.carideal.com\/blog\/#website","url":"https:\/\/www.carideal.com\/blog\/","name":"Blog auto Carid\u00e9al","description":"Actualit\u00e9 auto par des passionn\u00e9s","publisher":{"@id":"https:\/\/www.carideal.com\/blog\/#organization"},"potentialAction":[{"@type":"SearchAction","target":{"@type":"EntryPoint","urlTemplate":"https:\/\/www.carideal.com\/blog\/?s={search_term_string}"},"query-input":{"@type":"PropertyValueSpecification","valueRequired":true,"valueName":"search_term_string"}}],"inLanguage":"fr-FR"},{"@type":"Organization","@id":"https:\/\/www.carideal.com\/blog\/#organization","name":"Carideal","url":"https:\/\/www.carideal.com\/blog\/","logo":{"@type":"ImageObject","inLanguage":"fr-FR","@id":"https:\/\/www.carideal.com\/blog\/#\/schema\/logo\/image\/","url":"http:\/\/www.carideal.com\/blog\/wp-content\/uploads\/2016\/03\/logo-carideal-mandataire-automobile.png","contentUrl":"http:\/\/www.carideal.com\/blog\/wp-content\/uploads\/2016\/03\/logo-carideal-mandataire-automobile.png","width":300,"height":300,"caption":"Carideal"},"image":{"@id":"https:\/\/www.carideal.com\/blog\/#\/schema\/logo\/image\/"},"sameAs":["https:\/\/www.facebook.com\/Carideal.mandataire.automobile","https:\/\/x.com\/caridealauto","https:\/\/www.instagram.com\/carideal1\/","https:\/\/www.linkedin.com\/company\/carideal.com","https:\/\/fr.pinterest.com\/schiavonsas\/","https:\/\/www.youtube.com\/user\/caridealsas"]},{"@type":"Person","@id":"https:\/\/www.carideal.com\/blog\/#\/schema\/person\/cd95dc7919660de90d31b366f85be1ec","name":"Nicolas SCHIAVON","image":{"@type":"ImageObject","inLanguage":"fr-FR","@id":"https:\/\/www.carideal.com\/blog\/#\/schema\/person\/image\/","url":"https:\/\/secure.gravatar.com\/avatar\/c17e55009e671d92cc7f5dc837dc418a?s=96&r=g","contentUrl":"https:\/\/secure.gravatar.com\/avatar\/c17e55009e671d92cc7f5dc837dc418a?s=96&r=g","caption":"Nicolas SCHIAVON"},"description":"Nicolas Schiavon est tomb\u00e9 tout petit dans la marmite automobile. Ayant eu un garage de marque automobile, mandataire automobile de la premi\u00e8re heure d\u00e8s 1999. Nicolas a cr\u00e9\u00e9 ces premiers sites de vente de voiture et blog automobile d\u00e8s 1994. Carideal est n\u00e9 le 15 d\u00e9cembre 2000 de la volont\u00e9 de vendre des voitures d'occasions en ligne puis des voitures neuves. Il a pu essayer beaucoup de voitures tr\u00e8s diff\u00e9rentes et ayant eu personnellement quelques belles autos, Subaru Impreza, Mitsubishi Lancer Evo 7, Porsche 911, Ferrari Testarrossa, Audi RS3, RS4 et j'en passe...","sameAs":["http:\/\/www.carideal.com","https:\/\/www.facebook.com\/nicolas.schiavon.39","https:\/\/www.instagram.com\/carideal1\/","https:\/\/www.linkedin.com\/in\/nschiavon\/","https:\/\/x.com\/caridealauto","https:\/\/www.youtube.com\/user\/caridealsas\/"],"url":"https:\/\/www.carideal.com\/blog\/author\/nschiavon\/"}]}},"uagb_featured_image_src":{"full":["https:\/\/www.carideal.com\/blog\/wp-content\/uploads\/2024\/01\/bmw-i5-touring-2024.jpg",1300,704,false],"thumbnail":["https:\/\/www.carideal.com\/blog\/wp-content\/uploads\/2024\/01\/bmw-i5-touring-2024-150x150.jpg",150,150,true],"medium":["https:\/\/www.carideal.com\/blog\/wp-content\/uploads\/2024\/01\/bmw-i5-touring-2024-300x162.jpg",300,162,true],"medium_large":["https:\/\/www.carideal.com\/blog\/wp-content\/uploads\/2024\/01\/bmw-i5-touring-2024-768x416.jpg",768,416,true],"large":["https:\/\/www.carideal.com\/blog\/wp-content\/uploads\/2024\/01\/bmw-i5-touring-2024-1024x555.jpg",1024,555,true],"1536x1536":["https:\/\/www.carideal.com\/blog\/wp-content\/uploads\/2024\/01\/bmw-i5-touring-2024.jpg",1300,704,false],"2048x2048":["https:\/\/www.carideal.com\/blog\/wp-content\/uploads\/2024\/01\/bmw-i5-touring-2024.jpg",1300,704,false],"wppr-widget":["https:\/\/www.carideal.com\/blog\/wp-content\/uploads\/2024\/01\/bmw-i5-touring-2024-50x27.jpg",50,27,true]},"uagb_author_info":{"display_name":"Nicolas SCHIAVON","author_link":"https:\/\/www.carideal.com\/blog\/author\/nschiavon\/"},"uagb_comment_info":0,"uagb_excerpt":"La BMW i5 Touring : Une R\u00e9volution dans le Monde des Voitures \u00c9lectriques Introduction \u00e0 la BMW i5 Touring La BMW i5 Touring repr\u00e9sente un moment charni\u00e8re dans l'histoire de la s\u00e9rie 5 de BMW, vieille de 52 ans. Cette version \u00e9lectrique, qui sera pr\u00e9sent\u00e9e pour la premi\u00e8re fois en version i5, marque un tournant\u2026","_links":{"self":[{"href":"https:\/\/www.carideal.com\/blog\/wp-json\/wp\/v2\/posts\/27466"}],"collection":[{"href":"https:\/\/www.carideal.com\/blog\/wp-json\/wp\/v2\/posts"}],"about":[{"href":"https:\/\/www.carideal.com\/blog\/wp-json\/wp\/v2\/types\/post"}],"author":[{"embeddable":true,"href":"https:\/\/www.carideal.com\/blog\/wp-json\/wp\/v2\/users\/3"}],"replies":[{"embeddable":true,"href":"https:\/\/www.carideal.com\/blog\/wp-json\/wp\/v2\/comments?post=27466"}],"version-history":[{"count":0,"href":"https:\/\/www.carideal.com\/blog\/wp-json\/wp\/v2\/posts\/27466\/revisions"}],"wp:featuredmedia":[{"embeddable":true,"href":"https:\/\/www.carideal.com\/blog\/wp-json\/wp\/v2\/media\/27467"}],"wp:attachment":[{"href":"https:\/\/www.carideal.com\/blog\/wp-json\/wp\/v2\/media?parent=27466"}],"wp:term":[{"taxonomy":"category","embeddable":true,"href":"https:\/\/www.carideal.com\/blog\/wp-json\/wp\/v2\/categories?post=27466"},{"taxonomy":"post_tag","embeddable":true,"href":"https:\/\/www.carideal.com\/blog\/wp-json\/wp\/v2\/tags?post=27466"}],"curies":[{"name":"wp","href":"https:\/\/api.w.org\/{rel}","templated":true}]}}