{"id":27,"date":"2012-06-25T08:51:00","date_gmt":"2012-06-25T08:51:00","guid":{"rendered":"http:\/\/carideal.com\/blog\/?p=27"},"modified":"2017-01-26T10:18:44","modified_gmt":"2017-01-26T09:18:44","slug":"jeep-wrangler","status":"publish","type":"post","link":"https:\/\/www.carideal.com\/blog\/2012\/06\/25\/jeep-wrangler\/","title":{"rendered":"Jeep Wrangler"},"content":{"rendered":"<p>&nbsp;<\/p>\n<h1><strong>S\u00e9rie sp\u00e9ciale Mountain Pour le Wrangler de Jeep<\/strong><\/h1>\n<p>Cette version sp\u00e9ciale Mountain fait que la Jeep Wrangler prend de la hauteur. D\u00e9vi\u00e9e de la finition Sport, elle oblige le diesel 2.8 CRD 200 ch et la bo\u00eete \u00e0 6 rapports.Cette version Mountain dispose de trois coloris de carroserie (blanc,noir, vert fonc\u00e9), cette s\u00e9rie est identifiable gr\u00e2ce \u00e0 l'autocollant sur le capot, \u00e0 sa trappe \u00e0 essence et son hard-top noirs, \u00e0 sa calandre, ses marchepieds et ses jantes de 17 pouces de couleurs gris fonc\u00e9. L'habitacle re\u00e7oit une sellerie particuli\u00e8re en tissu avec surpiq\u00fbres grises et logo Mountain cousu sur le dossier, un volant gain\u00e9 de cuir et des tapis de sol en caoutchouc. Cette version de la <a href=\"http:\/\/www.carideal.com\/blog\/marque-de-voiture-actualites-essais\/jeep\/\">Jeep<\/a> n'exclue pas les \u00e9quipements r\u00e9cents: radio CD 6 HP avec connexion Bluetooth, vitres \u00e9lectriques, r\u00e9troviseurs d\u00e9givrant, ouverture des portes et du coffre \u00e0 distance. Commercialis\u00e9e \u00e0 31900 \u20ac( comptez 1800\u20ac de plus pour la version \u00e0 cinq portes Unlimited),la Wrangler Mountain ne sera \u00e9labor\u00e9 qu'\u00e0 140 exemplaires.<\/p>\n","protected":false},"excerpt":{"rendered":"<p>&nbsp; S\u00e9rie sp\u00e9ciale Mountain Pour le Wrangler de Jeep Cette version sp\u00e9ciale Mountain fait que la Jeep Wrangler prend de la hauteur. D\u00e9vi\u00e9e de la finition Sport, elle oblige le diesel 2.8 CRD 200 ch et la bo\u00eete \u00e0 6 rapports.Cette version Mountain dispose de trois coloris de carroserie (blanc,noir, vert fonc\u00e9), cette s\u00e9rie est &#8230; <a title=\"Jeep Wrangler\" class=\"read-more\" href=\"https:\/\/www.carideal.com\/blog\/2012\/06\/25\/jeep-wrangler\/\" aria-label=\"En savoir plus sur Jeep Wrangler\">Lire plus<\/a><\/p>\n","protected":false},"author":1,"featured_media":15007,"comment_status":"open","ping_status":"open","sticky":false,"template":"","format":"standard","meta":{"_uag_custom_page_level_css":"","_themeisle_gutenberg_block_has_review":false,"footnotes":""},"categories":[2,5944,6106],"tags":[],"class_list":["post-27","post","type-post","status-publish","format-standard","has-post-thumbnail","hentry","category-4x4-suv","category-constructeur","category-jeep"],"wppr_data":{"cwp_meta_box_check":"No"},"yoast_head":"<!-- This site is optimized with the Yoast SEO plugin v24.8.1 - https:\/\/yoast.com\/wordpress\/plugins\/seo\/ -->\n<title>Jeep Wrangler - Blog auto Carid\u00e9al<\/title>\n<meta name=\"robots\" content=\"index, follow, max-snippet:-1, max-image-preview:large, max-video-preview:-1\" \/>\n<link rel=\"canonical\" href=\"https:\/\/www.carideal.com\/blog\/2012\/06\/25\/jeep-wrangler\/\" \/>\n<meta property=\"og:locale\" content=\"fr_FR\" \/>\n<meta property=\"og:type\" content=\"article\" \/>\n<meta property=\"og:title\" content=\"Jeep Wrangler - Blog auto Carid\u00e9al\" \/>\n<meta property=\"og:description\" content=\"&nbsp; S\u00e9rie sp\u00e9ciale Mountain Pour le Wrangler de Jeep Cette version sp\u00e9ciale Mountain fait que la Jeep Wrangler prend de la hauteur. D\u00e9vi\u00e9e de la finition Sport, elle oblige le diesel 2.8 CRD 200 ch et la bo\u00eete \u00e0 6 rapports.Cette version Mountain dispose de trois coloris de carroserie (blanc,noir, vert fonc\u00e9), cette s\u00e9rie est ... Lire plus\" \/>\n<meta property=\"og:url\" content=\"https:\/\/www.carideal.com\/blog\/2012\/06\/25\/jeep-wrangler\/\" \/>\n<meta property=\"og:site_name\" content=\"Blog auto Carid\u00e9al\" \/>\n<meta property=\"article:publisher\" content=\"https:\/\/www.facebook.com\/Carideal.mandataire.automobile\" \/>\n<meta property=\"article:author\" content=\"https:\/\/www.facebook.com\/Carideal.mandataire.automobile\/\" \/>\n<meta property=\"article:published_time\" content=\"2012-06-25T08:51:00+00:00\" \/>\n<meta property=\"article:modified_time\" content=\"2017-01-26T09:18:44+00:00\" \/>\n<meta property=\"og:image\" content=\"https:\/\/www.carideal.com\/blog\/wp-content\/uploads\/2012\/06\/jeep-wrangler-serie-limitee-mountain_m.jpg\" \/>\n\t<meta property=\"og:image:width\" content=\"448\" \/>\n\t<meta property=\"og:image:height\" content=\"280\" \/>\n\t<meta property=\"og:image:type\" content=\"image\/jpeg\" \/>\n<meta name=\"author\" content=\"N.S Carideal\" \/>\n<meta name=\"twitter:card\" content=\"summary_large_image\" \/>\n<meta name=\"twitter:creator\" content=\"@caridealauto\" \/>\n<meta name=\"twitter:site\" content=\"@caridealauto\" \/>\n<meta name=\"twitter:label1\" content=\"\u00c9crit par\" \/>\n\t<meta name=\"twitter:data1\" content=\"N.S Carideal\" \/>\n\t<meta name=\"twitter:label2\" content=\"Dur\u00e9e de lecture estim\u00e9e\" \/>\n\t<meta name=\"twitter:data2\" content=\"1 minute\" \/>\n<script type=\"application\/ld+json\" class=\"yoast-schema-graph\">{\"@context\":\"https:\/\/schema.org\",\"@graph\":[{\"@type\":\"Article\",\"@id\":\"https:\/\/www.carideal.com\/blog\/2012\/06\/25\/jeep-wrangler\/#article\",\"isPartOf\":{\"@id\":\"https:\/\/www.carideal.com\/blog\/2012\/06\/25\/jeep-wrangler\/\"},\"author\":{\"name\":\"N.S Carideal\",\"@id\":\"https:\/\/www.carideal.com\/blog\/#\/schema\/person\/985c7e757d1042d647f21bfaf8d41ebc\"},\"headline\":\"Jeep Wrangler\",\"datePublished\":\"2012-06-25T08:51:00+00:00\",\"dateModified\":\"2017-01-26T09:18:44+00:00\",\"mainEntityOfPage\":{\"@id\":\"https:\/\/www.carideal.com\/blog\/2012\/06\/25\/jeep-wrangler\/\"},\"wordCount\":170,\"commentCount\":0,\"publisher\":{\"@id\":\"https:\/\/www.carideal.com\/blog\/#organization\"},\"image\":{\"@id\":\"https:\/\/www.carideal.com\/blog\/2012\/06\/25\/jeep-wrangler\/#primaryimage\"},\"thumbnailUrl\":\"https:\/\/www.carideal.com\/blog\/wp-content\/uploads\/2012\/06\/jeep-wrangler-serie-limitee-mountain_m.jpg\",\"articleSection\":[\"4X4 Actualit\u00e9\",\"Actualit\u00e9 Constructeur automobile\",\"Actualit\u00e9 Jeep\"],\"inLanguage\":\"fr-FR\",\"potentialAction\":[{\"@type\":\"CommentAction\",\"name\":\"Comment\",\"target\":[\"https:\/\/www.carideal.com\/blog\/2012\/06\/25\/jeep-wrangler\/#respond\"]}]},{\"@type\":\"WebPage\",\"@id\":\"https:\/\/www.carideal.com\/blog\/2012\/06\/25\/jeep-wrangler\/\",\"url\":\"https:\/\/www.carideal.com\/blog\/2012\/06\/25\/jeep-wrangler\/\",\"name\":\"Jeep Wrangler - Blog auto Carid\u00e9al\",\"isPartOf\":{\"@id\":\"https:\/\/www.carideal.com\/blog\/#website\"},\"primaryImageOfPage\":{\"@id\":\"https:\/\/www.carideal.com\/blog\/2012\/06\/25\/jeep-wrangler\/#primaryimage\"},\"image\":{\"@id\":\"https:\/\/www.carideal.com\/blog\/2012\/06\/25\/jeep-wrangler\/#primaryimage\"},\"thumbnailUrl\":\"https:\/\/www.carideal.com\/blog\/wp-content\/uploads\/2012\/06\/jeep-wrangler-serie-limitee-mountain_m.jpg\",\"datePublished\":\"2012-06-25T08:51:00+00:00\",\"dateModified\":\"2017-01-26T09:18:44+00:00\",\"breadcrumb\":{\"@id\":\"https:\/\/www.carideal.com\/blog\/2012\/06\/25\/jeep-wrangler\/#breadcrumb\"},\"inLanguage\":\"fr-FR\",\"potentialAction\":[{\"@type\":\"ReadAction\",\"target\":[\"https:\/\/www.carideal.com\/blog\/2012\/06\/25\/jeep-wrangler\/\"]}]},{\"@type\":\"ImageObject\",\"inLanguage\":\"fr-FR\",\"@id\":\"https:\/\/www.carideal.com\/blog\/2012\/06\/25\/jeep-wrangler\/#primaryimage\",\"url\":\"https:\/\/www.carideal.com\/blog\/wp-content\/uploads\/2012\/06\/jeep-wrangler-serie-limitee-mountain_m.jpg\",\"contentUrl\":\"https:\/\/www.carideal.com\/blog\/wp-content\/uploads\/2012\/06\/jeep-wrangler-serie-limitee-mountain_m.jpg\",\"width\":448,\"height\":280,\"caption\":\"Jeep Wrangler s\u00e9rie limit\u00e9e Mountain\"},{\"@type\":\"BreadcrumbList\",\"@id\":\"https:\/\/www.carideal.com\/blog\/2012\/06\/25\/jeep-wrangler\/#breadcrumb\",\"itemListElement\":[{\"@type\":\"ListItem\",\"position\":1,\"name\":\"Blog Carid\u00e9al\",\"item\":\"https:\/\/www.carideal.com\/blog\/\"},{\"@type\":\"ListItem\",\"position\":2,\"name\":\"Actualit\u00e9 constructeur automobile\",\"item\":\"https:\/\/www.carideal.com\/blog\/constructeur\/\"},{\"@type\":\"ListItem\",\"position\":3,\"name\":\"Actualit\u00e9 Jeep\",\"item\":\"https:\/\/www.carideal.com\/blog\/constructeur\/jeep\/\"},{\"@type\":\"ListItem\",\"position\":4,\"name\":\"Jeep Wrangler\"}]},{\"@type\":\"WebSite\",\"@id\":\"https:\/\/www.carideal.com\/blog\/#website\",\"url\":\"https:\/\/www.carideal.com\/blog\/\",\"name\":\"Blog auto Carid\u00e9al\",\"description\":\"Actualit\u00e9 auto par des passionn\u00e9s\",\"publisher\":{\"@id\":\"https:\/\/www.carideal.com\/blog\/#organization\"},\"potentialAction\":[{\"@type\":\"SearchAction\",\"target\":{\"@type\":\"EntryPoint\",\"urlTemplate\":\"https:\/\/www.carideal.com\/blog\/?s={search_term_string}\"},\"query-input\":{\"@type\":\"PropertyValueSpecification\",\"valueRequired\":true,\"valueName\":\"search_term_string\"}}],\"inLanguage\":\"fr-FR\"},{\"@type\":\"Organization\",\"@id\":\"https:\/\/www.carideal.com\/blog\/#organization\",\"name\":\"Carideal\",\"url\":\"https:\/\/www.carideal.com\/blog\/\",\"logo\":{\"@type\":\"ImageObject\",\"inLanguage\":\"fr-FR\",\"@id\":\"https:\/\/www.carideal.com\/blog\/#\/schema\/logo\/image\/\",\"url\":\"http:\/\/www.carideal.com\/blog\/wp-content\/uploads\/2016\/03\/logo-carideal-mandataire-automobile.png\",\"contentUrl\":\"http:\/\/www.carideal.com\/blog\/wp-content\/uploads\/2016\/03\/logo-carideal-mandataire-automobile.png\",\"width\":300,\"height\":300,\"caption\":\"Carideal\"},\"image\":{\"@id\":\"https:\/\/www.carideal.com\/blog\/#\/schema\/logo\/image\/\"},\"sameAs\":[\"https:\/\/www.facebook.com\/Carideal.mandataire.automobile\",\"https:\/\/x.com\/caridealauto\",\"https:\/\/www.instagram.com\/carideal1\/\",\"https:\/\/www.linkedin.com\/company\/carideal.com\",\"https:\/\/fr.pinterest.com\/schiavonsas\/\",\"https:\/\/www.youtube.com\/user\/caridealsas\"]},{\"@type\":\"Person\",\"@id\":\"https:\/\/www.carideal.com\/blog\/#\/schema\/person\/985c7e757d1042d647f21bfaf8d41ebc\",\"name\":\"N.S Carideal\",\"image\":{\"@type\":\"ImageObject\",\"inLanguage\":\"fr-FR\",\"@id\":\"https:\/\/www.carideal.com\/blog\/#\/schema\/person\/image\/\",\"url\":\"https:\/\/secure.gravatar.com\/avatar\/edb7ccdf1a4e3d14aef967760d354d0e?s=96&r=g\",\"contentUrl\":\"https:\/\/secure.gravatar.com\/avatar\/edb7ccdf1a4e3d14aef967760d354d0e?s=96&r=g\",\"caption\":\"N.S Carideal\"},\"description\":\"Depuis tout petit fan d'automobile. Il est question d'essayer et de comparer toutes ces voitures qui nous ont fait r\u00e9ver, avant que celles-ci ne devient uniquement des voitures de collection.\",\"sameAs\":[\"http:\/\/www.carideal.com\/blog\",\"https:\/\/www.facebook.com\/Carideal.mandataire.automobile\/\",\"https:\/\/www.linkedin.com\/in\/nschiavon\/\",\"https:\/\/www.youtube.com\/user\/caridealsas\/\"],\"url\":\"https:\/\/www.carideal.com\/blog\/author\/admin_carideal\/\"}]}<\/script>\n<!-- \/ Yoast SEO plugin. -->","yoast_head_json":{"title":"Jeep Wrangler - Blog auto Carid\u00e9al","robots":{"index":"index","follow":"follow","max-snippet":"max-snippet:-1","max-image-preview":"max-image-preview:large","max-video-preview":"max-video-preview:-1"},"canonical":"https:\/\/www.carideal.com\/blog\/2012\/06\/25\/jeep-wrangler\/","og_locale":"fr_FR","og_type":"article","og_title":"Jeep Wrangler - Blog auto Carid\u00e9al","og_description":"&nbsp; S\u00e9rie sp\u00e9ciale Mountain Pour le Wrangler de Jeep Cette version sp\u00e9ciale Mountain fait que la Jeep Wrangler prend de la hauteur. D\u00e9vi\u00e9e de la finition Sport, elle oblige le diesel 2.8 CRD 200 ch et la bo\u00eete \u00e0 6 rapports.Cette version Mountain dispose de trois coloris de carroserie (blanc,noir, vert fonc\u00e9), cette s\u00e9rie est ... Lire plus","og_url":"https:\/\/www.carideal.com\/blog\/2012\/06\/25\/jeep-wrangler\/","og_site_name":"Blog auto Carid\u00e9al","article_publisher":"https:\/\/www.facebook.com\/Carideal.mandataire.automobile","article_author":"https:\/\/www.facebook.com\/Carideal.mandataire.automobile\/","article_published_time":"2012-06-25T08:51:00+00:00","article_modified_time":"2017-01-26T09:18:44+00:00","og_image":[{"width":448,"height":280,"url":"https:\/\/www.carideal.com\/blog\/wp-content\/uploads\/2012\/06\/jeep-wrangler-serie-limitee-mountain_m.jpg","type":"image\/jpeg"}],"author":"N.S Carideal","twitter_card":"summary_large_image","twitter_creator":"@caridealauto","twitter_site":"@caridealauto","twitter_misc":{"\u00c9crit par":"N.S Carideal","Dur\u00e9e de lecture estim\u00e9e":"1 minute"},"schema":{"@context":"https:\/\/schema.org","@graph":[{"@type":"Article","@id":"https:\/\/www.carideal.com\/blog\/2012\/06\/25\/jeep-wrangler\/#article","isPartOf":{"@id":"https:\/\/www.carideal.com\/blog\/2012\/06\/25\/jeep-wrangler\/"},"author":{"name":"N.S Carideal","@id":"https:\/\/www.carideal.com\/blog\/#\/schema\/person\/985c7e757d1042d647f21bfaf8d41ebc"},"headline":"Jeep Wrangler","datePublished":"2012-06-25T08:51:00+00:00","dateModified":"2017-01-26T09:18:44+00:00","mainEntityOfPage":{"@id":"https:\/\/www.carideal.com\/blog\/2012\/06\/25\/jeep-wrangler\/"},"wordCount":170,"commentCount":0,"publisher":{"@id":"https:\/\/www.carideal.com\/blog\/#organization"},"image":{"@id":"https:\/\/www.carideal.com\/blog\/2012\/06\/25\/jeep-wrangler\/#primaryimage"},"thumbnailUrl":"https:\/\/www.carideal.com\/blog\/wp-content\/uploads\/2012\/06\/jeep-wrangler-serie-limitee-mountain_m.jpg","articleSection":["4X4 Actualit\u00e9","Actualit\u00e9 Constructeur automobile","Actualit\u00e9 Jeep"],"inLanguage":"fr-FR","potentialAction":[{"@type":"CommentAction","name":"Comment","target":["https:\/\/www.carideal.com\/blog\/2012\/06\/25\/jeep-wrangler\/#respond"]}]},{"@type":"WebPage","@id":"https:\/\/www.carideal.com\/blog\/2012\/06\/25\/jeep-wrangler\/","url":"https:\/\/www.carideal.com\/blog\/2012\/06\/25\/jeep-wrangler\/","name":"Jeep Wrangler - Blog auto Carid\u00e9al","isPartOf":{"@id":"https:\/\/www.carideal.com\/blog\/#website"},"primaryImageOfPage":{"@id":"https:\/\/www.carideal.com\/blog\/2012\/06\/25\/jeep-wrangler\/#primaryimage"},"image":{"@id":"https:\/\/www.carideal.com\/blog\/2012\/06\/25\/jeep-wrangler\/#primaryimage"},"thumbnailUrl":"https:\/\/www.carideal.com\/blog\/wp-content\/uploads\/2012\/06\/jeep-wrangler-serie-limitee-mountain_m.jpg","datePublished":"2012-06-25T08:51:00+00:00","dateModified":"2017-01-26T09:18:44+00:00","breadcrumb":{"@id":"https:\/\/www.carideal.com\/blog\/2012\/06\/25\/jeep-wrangler\/#breadcrumb"},"inLanguage":"fr-FR","potentialAction":[{"@type":"ReadAction","target":["https:\/\/www.carideal.com\/blog\/2012\/06\/25\/jeep-wrangler\/"]}]},{"@type":"ImageObject","inLanguage":"fr-FR","@id":"https:\/\/www.carideal.com\/blog\/2012\/06\/25\/jeep-wrangler\/#primaryimage","url":"https:\/\/www.carideal.com\/blog\/wp-content\/uploads\/2012\/06\/jeep-wrangler-serie-limitee-mountain_m.jpg","contentUrl":"https:\/\/www.carideal.com\/blog\/wp-content\/uploads\/2012\/06\/jeep-wrangler-serie-limitee-mountain_m.jpg","width":448,"height":280,"caption":"Jeep Wrangler s\u00e9rie limit\u00e9e Mountain"},{"@type":"BreadcrumbList","@id":"https:\/\/www.carideal.com\/blog\/2012\/06\/25\/jeep-wrangler\/#breadcrumb","itemListElement":[{"@type":"ListItem","position":1,"name":"Blog Carid\u00e9al","item":"https:\/\/www.carideal.com\/blog\/"},{"@type":"ListItem","position":2,"name":"Actualit\u00e9 constructeur automobile","item":"https:\/\/www.carideal.com\/blog\/constructeur\/"},{"@type":"ListItem","position":3,"name":"Actualit\u00e9 Jeep","item":"https:\/\/www.carideal.com\/blog\/constructeur\/jeep\/"},{"@type":"ListItem","position":4,"name":"Jeep Wrangler"}]},{"@type":"WebSite","@id":"https:\/\/www.carideal.com\/blog\/#website","url":"https:\/\/www.carideal.com\/blog\/","name":"Blog auto Carid\u00e9al","description":"Actualit\u00e9 auto par des passionn\u00e9s","publisher":{"@id":"https:\/\/www.carideal.com\/blog\/#organization"},"potentialAction":[{"@type":"SearchAction","target":{"@type":"EntryPoint","urlTemplate":"https:\/\/www.carideal.com\/blog\/?s={search_term_string}"},"query-input":{"@type":"PropertyValueSpecification","valueRequired":true,"valueName":"search_term_string"}}],"inLanguage":"fr-FR"},{"@type":"Organization","@id":"https:\/\/www.carideal.com\/blog\/#organization","name":"Carideal","url":"https:\/\/www.carideal.com\/blog\/","logo":{"@type":"ImageObject","inLanguage":"fr-FR","@id":"https:\/\/www.carideal.com\/blog\/#\/schema\/logo\/image\/","url":"http:\/\/www.carideal.com\/blog\/wp-content\/uploads\/2016\/03\/logo-carideal-mandataire-automobile.png","contentUrl":"http:\/\/www.carideal.com\/blog\/wp-content\/uploads\/2016\/03\/logo-carideal-mandataire-automobile.png","width":300,"height":300,"caption":"Carideal"},"image":{"@id":"https:\/\/www.carideal.com\/blog\/#\/schema\/logo\/image\/"},"sameAs":["https:\/\/www.facebook.com\/Carideal.mandataire.automobile","https:\/\/x.com\/caridealauto","https:\/\/www.instagram.com\/carideal1\/","https:\/\/www.linkedin.com\/company\/carideal.com","https:\/\/fr.pinterest.com\/schiavonsas\/","https:\/\/www.youtube.com\/user\/caridealsas"]},{"@type":"Person","@id":"https:\/\/www.carideal.com\/blog\/#\/schema\/person\/985c7e757d1042d647f21bfaf8d41ebc","name":"N.S Carideal","image":{"@type":"ImageObject","inLanguage":"fr-FR","@id":"https:\/\/www.carideal.com\/blog\/#\/schema\/person\/image\/","url":"https:\/\/secure.gravatar.com\/avatar\/edb7ccdf1a4e3d14aef967760d354d0e?s=96&r=g","contentUrl":"https:\/\/secure.gravatar.com\/avatar\/edb7ccdf1a4e3d14aef967760d354d0e?s=96&r=g","caption":"N.S Carideal"},"description":"Depuis tout petit fan d'automobile. Il est question d'essayer et de comparer toutes ces voitures qui nous ont fait r\u00e9ver, avant que celles-ci ne devient uniquement des voitures de collection.","sameAs":["http:\/\/www.carideal.com\/blog","https:\/\/www.facebook.com\/Carideal.mandataire.automobile\/","https:\/\/www.linkedin.com\/in\/nschiavon\/","https:\/\/www.youtube.com\/user\/caridealsas\/"],"url":"https:\/\/www.carideal.com\/blog\/author\/admin_carideal\/"}]}},"uagb_featured_image_src":{"full":["https:\/\/www.carideal.com\/blog\/wp-content\/uploads\/2012\/06\/jeep-wrangler-serie-limitee-mountain_m.jpg",448,280,false],"thumbnail":["https:\/\/www.carideal.com\/blog\/wp-content\/uploads\/2012\/06\/jeep-wrangler-serie-limitee-mountain_m-150x150.jpg",150,150,true],"medium":["https:\/\/www.carideal.com\/blog\/wp-content\/uploads\/2012\/06\/jeep-wrangler-serie-limitee-mountain_m-300x188.jpg",300,188,true],"medium_large":["https:\/\/www.carideal.com\/blog\/wp-content\/uploads\/2012\/06\/jeep-wrangler-serie-limitee-mountain_m.jpg",448,280,false],"large":["https:\/\/www.carideal.com\/blog\/wp-content\/uploads\/2012\/06\/jeep-wrangler-serie-limitee-mountain_m.jpg",448,280,false],"1536x1536":["https:\/\/www.carideal.com\/blog\/wp-content\/uploads\/2012\/06\/jeep-wrangler-serie-limitee-mountain_m.jpg",448,280,false],"2048x2048":["https:\/\/www.carideal.com\/blog\/wp-content\/uploads\/2012\/06\/jeep-wrangler-serie-limitee-mountain_m.jpg",448,280,false],"wppr-widget":["https:\/\/www.carideal.com\/blog\/wp-content\/uploads\/2012\/06\/jeep-wrangler-serie-limitee-mountain_m.jpg",50,31,false]},"uagb_author_info":{"display_name":"N.S Carideal","author_link":"https:\/\/www.carideal.com\/blog\/author\/admin_carideal\/"},"uagb_comment_info":0,"uagb_excerpt":"&nbsp; S\u00e9rie sp\u00e9ciale Mountain Pour le Wrangler de Jeep Cette version sp\u00e9ciale Mountain fait que la Jeep Wrangler prend de la hauteur. D\u00e9vi\u00e9e de la finition Sport, elle oblige le diesel 2.8 CRD 200 ch et la bo\u00eete \u00e0 6 rapports.Cette version Mountain dispose de trois coloris de carroserie (blanc,noir, vert fonc\u00e9), cette s\u00e9rie est\u2026","_links":{"self":[{"href":"https:\/\/www.carideal.com\/blog\/wp-json\/wp\/v2\/posts\/27"}],"collection":[{"href":"https:\/\/www.carideal.com\/blog\/wp-json\/wp\/v2\/posts"}],"about":[{"href":"https:\/\/www.carideal.com\/blog\/wp-json\/wp\/v2\/types\/post"}],"author":[{"embeddable":true,"href":"https:\/\/www.carideal.com\/blog\/wp-json\/wp\/v2\/users\/1"}],"replies":[{"embeddable":true,"href":"https:\/\/www.carideal.com\/blog\/wp-json\/wp\/v2\/comments?post=27"}],"version-history":[{"count":0,"href":"https:\/\/www.carideal.com\/blog\/wp-json\/wp\/v2\/posts\/27\/revisions"}],"wp:featuredmedia":[{"embeddable":true,"href":"https:\/\/www.carideal.com\/blog\/wp-json\/wp\/v2\/media\/15007"}],"wp:attachment":[{"href":"https:\/\/www.carideal.com\/blog\/wp-json\/wp\/v2\/media?parent=27"}],"wp:term":[{"taxonomy":"category","embeddable":true,"href":"https:\/\/www.carideal.com\/blog\/wp-json\/wp\/v2\/categories?post=27"},{"taxonomy":"post_tag","embeddable":true,"href":"https:\/\/www.carideal.com\/blog\/wp-json\/wp\/v2\/tags?post=27"}],"curies":[{"name":"wp","href":"https:\/\/api.w.org\/{rel}","templated":true}]}}