{"id":26902,"date":"2023-08-20T12:18:13","date_gmt":"2023-08-20T10:18:13","guid":{"rendered":"http:\/\/www.carideal.com\/blog\/?p=26902"},"modified":"2023-08-20T12:18:20","modified_gmt":"2023-08-20T10:18:20","slug":"duel-electrique-hyundai-ioniq-6-vs-bmw-i4-comparaison-et-verdict","status":"publish","type":"post","link":"https:\/\/www.carideal.com\/blog\/2023\/08\/20\/duel-electrique-hyundai-ioniq-6-vs-bmw-i4-comparaison-et-verdict\/","title":{"rendered":"Duel \u00c9lectrique : Hyundai Ioniq 6 vs BMW i4 &#8211; Comparaison et Verdict"},"content":{"rendered":"\n<h2 class=\"wp-block-heading\">Duel \u00c9lectrique : Hyundai Ioniq 6 vs BMW i4 - Comparaison et Verdict<\/h2>\n\n\n\n<p>\ud83d\ude80 \ud83d\ude97 L'affrontement \u00e9lectrique : <strong>Hyundai Ioniq 6 vs BMW i4<\/strong> ! D\u00e9couvrez le duel entre ces deux berlines \u00e9lectriques pour savoir laquelle est la meilleure option pour vous. \ud83e\uddd0<\/p>\n\n\n\n<h2 class=\"wp-block-heading\">Comparatif Hyundai Ioniq 6 vs BMW i4 : Duel \u00e9lectrique de l'ann\u00e9e 2023 entre l'Ioniq 6 \u00e9l\u00e9gante d'Hyundai et la BMW i4<\/h2>\n\n\n\n<p>Dans le monde des <a href=\"http:\/\/www.carideal.com\/blog\/2014\/05\/30\/vehicules-electriques\/\">v\u00e9hicules \u00e9lectriques<\/a>, <a href=\"http:\/\/www.carideal.com\/blog\/marque-de-voiture-actualites-essais\/hyundai\/\">Hyundai<\/a> a fait une entr\u00e9e remarqu\u00e9e avec l'Ioniq 5. Gr\u00e2ce \u00e0 son design et \u00e0 sa technologie de pointe, il s'est m\u00e9rit\u00e9 le titre de Voiture de l'Ann\u00e9e 2021. Aujourd'hui, Hyundai vise \u00e0 r\u00e9it\u00e9rer ce succ\u00e8s avec la toute nouvelle Ioniq 6. Dot\u00e9e du m\u00eame groupe motopropulseur \u00e9lectrique que l'Ioniq 5, l'Ioniq 6 arbore une carrosserie \u00e9l\u00e9gante \u00e0 quatre portes et un prix qui la positionne en tant que mod\u00e8le ex\u00e9cutif. Cela la place en comp\u00e9tition directe avec notre voiture \u00e9lectrique haut de gamme pr\u00e9f\u00e9r\u00e9e actuelle, la <a href=\"http:\/\/www.carideal.com\/blog\/2019\/01\/27\/bmw-i4-photos-prix-caracteristiques-date-sortie\/\">BMW i4<\/a>. Quoi de mieux que de confronter l'Ioniq 6 \u00e0 son concurrent allemand dans notre Test Routier en Conditions R\u00e9elles ?<\/p>\n\n\n\n<h2 class=\"wp-block-heading\">Caract\u00e9ristiques de l'Ioniq 6 Executive et de la BMW i4 eDrive40 M Sport<\/h2>\n\n\n\n<table>\n  <tr>\n    <th><\/th>\n    <th>Hyundai Ioniq 6 Executive<\/th>\n    <th>BMW i4 eDrive40 M Sport<\/th>\n  <\/tr>\n  <tr>\n    <td>Prix<\/td>\n    <td>65 400 \u20ac<\/td>\n    <td>59 390 \u00a3<\/td>\n  <\/tr>\n  <tr>\n    <td>Groupe motopropulseur<\/td>\n    <td>2x moteurs \u00e9lectriques\/batterie lithium-ion 77,4 kWh, 321 ch<\/td>\n    <td>1x moteur \u00e9lectrique\/batterie lithium-ion 83,9 kWh, 335 ch<\/td>\n  <\/tr>\n  <tr>\n    <td>0-100 km\/h<\/td>\n    <td>5,1 secondes<\/td>\n    <td>5,6 secondes<\/td>\n  <\/tr>\n  <tr>\n    <td>Efficacit\u00e9 d'essai<\/td>\n    <td>5.12 km \/ kWh<\/td>\n    <td>5.28 km \/ kWh<\/td>\n  <\/tr>\n  <tr>\n    <td>Autonomie<\/td>\n    <td>515 km<\/td>\n    <td>539 km<\/td>\n  <\/tr>\n  <tr>\n    <td>Malus<\/td>\n    <td>0 \u20ac<\/td>\n    <td>0 \u20ac<\/td>\n  <\/tr>\n<\/table>\n\n\n\n<h2 class=\"wp-block-heading\">Ioniq 6 : Une entr\u00e9e remarqu\u00e9e dans le segment ex\u00e9cutif \u00e9lectrique<\/h2>\n\n\n<div class=\"wp-block-image\">\n<figure class=\"aligncenter size-full\"><a href=\"http:\/\/www.carideal.com\/blog\/wp-content\/uploads\/2023\/08\/hyundai_ioniq_6_executive.jpg\"><img loading=\"lazy\" decoding=\"async\" width=\"1000\" height=\"600\" src=\"http:\/\/www.carideal.com\/blog\/wp-content\/uploads\/2023\/08\/hyundai_ioniq_6_executive.jpg\" alt=\"Hyundai Ioniq Executive\" class=\"wp-image-26928\" srcset=\"https:\/\/www.carideal.com\/blog\/wp-content\/uploads\/2023\/08\/hyundai_ioniq_6_executive.jpg 1000w, https:\/\/www.carideal.com\/blog\/wp-content\/uploads\/2023\/08\/hyundai_ioniq_6_executive-300x180.jpg 300w, https:\/\/www.carideal.com\/blog\/wp-content\/uploads\/2023\/08\/hyundai_ioniq_6_executive-768x461.jpg 768w, https:\/\/www.carideal.com\/blog\/wp-content\/uploads\/2023\/08\/hyundai_ioniq_6_executive-50x30.jpg 50w, https:\/\/www.carideal.com\/blog\/wp-content\/uploads\/2023\/08\/hyundai_ioniq_6_executive-110x66.jpg 110w, https:\/\/www.carideal.com\/blog\/wp-content\/uploads\/2023\/08\/hyundai_ioniq_6_executive-420x252.jpg 420w, https:\/\/www.carideal.com\/blog\/wp-content\/uploads\/2023\/08\/hyundai_ioniq_6_executive-717x430.jpg 717w\" sizes=\"(max-width: 1000px) 100vw, 1000px\" \/><\/a><figcaption class=\"wp-element-caption\">Hyundai Ioniq Executive<\/figcaption><\/figure><\/div>\n\n\n<p>L'Ioniq 6 fait ses premiers pas dans le segment des voitures ex\u00e9cutives \u00e9lectriques, une cat\u00e9gorie o\u00f9 Hyundai n'avait pas eu beaucoup d'impact par le pass\u00e9. Cependant, les aspirations d'Hyundai \u00e0 devenir un acteur de premier plan dans le domaine des v\u00e9hicules \u00e9lectriques haut de gamme l'ont amen\u00e9 \u00e0 croire qu'il pouvait d\u00e9sormais percer dans cette cat\u00e9gorie. Les prix de l'Ioniq 6 sont l\u00e9g\u00e8rement plus \u00e9lev\u00e9s que ceux de l'Ioniq 5, \u00e0 partir de 52 400 \u20ac. Nous avons test\u00e9 ici le mod\u00e8le Executive avec deux moteurs \u00e9lectriques, au prix de 65 400 \u20ac.<\/p>\n\n\n\n<h3 class=\"wp-block-heading\">Design novateur et technologie de pointe<\/h3>\n\n\n\n<p>L'un des points forts de l'Ioniq 6 est sa forme a\u00e9rodynamique. Bien qu'il ait \u00e9t\u00e9 pr\u00e9figur\u00e9 par le concept Prophecy en 2020, la carrosserie allong\u00e9e et \u00e9l\u00e9gante de l'Ioniq 6 ne ressemble en rien \u00e0 celle de l'Ioniq 5. Son coefficient de tra\u00een\u00e9e de 0,21 Cd en fait l'une des voitures les plus a\u00e9rodynamiques sur le march\u00e9 actuel.<\/p>\n\n\n\n<h3 class=\"wp-block-heading\">Performance et Conduite<\/h3>\n\n\n\n<p>La conduite de l'Ioniq 6 privil\u00e9gie le confort. Malgr\u00e9 sa carrosserie basse, la position de conduite est relativement haute, offrant une bonne visibilit\u00e9. La direction l\u00e9g\u00e8re facilite les man\u0153uvres \u00e0 basse vitesse, et le groupe motopropulseur \u00e9lectrique est presque silencieux. La suspension est l\u00e9g\u00e8rement instable, en grande partie \u00e0 cause des jantes de 20 pouces, mais la conduite reste raisonnable \u00e0 faible vitesse. Sur routes sinueuses, la fermet\u00e9 de la suspension se fait sentir, mais la tenue de route est bonne.<\/p>\n\n\n\n<h2 class=\"wp-block-heading\">BMW i4 : Une concurrence solide pour l'Ioniq 6<\/h2>\n\n\n<div class=\"wp-block-image\">\n<figure class=\"aligncenter size-full\"><a href=\"http:\/\/www.carideal.com\/blog\/wp-content\/uploads\/2023\/08\/Bmw-i4-M-sport.jpg\"><img loading=\"lazy\" decoding=\"async\" width=\"800\" height=\"600\" src=\"http:\/\/www.carideal.com\/blog\/wp-content\/uploads\/2023\/08\/Bmw-i4-M-sport.jpg\" alt=\"BMW i4 eDrive40 M Sport\" class=\"wp-image-26929\" srcset=\"https:\/\/www.carideal.com\/blog\/wp-content\/uploads\/2023\/08\/Bmw-i4-M-sport.jpg 800w, https:\/\/www.carideal.com\/blog\/wp-content\/uploads\/2023\/08\/Bmw-i4-M-sport-300x225.jpg 300w, https:\/\/www.carideal.com\/blog\/wp-content\/uploads\/2023\/08\/Bmw-i4-M-sport-768x576.jpg 768w, https:\/\/www.carideal.com\/blog\/wp-content\/uploads\/2023\/08\/Bmw-i4-M-sport-50x38.jpg 50w, https:\/\/www.carideal.com\/blog\/wp-content\/uploads\/2023\/08\/Bmw-i4-M-sport-110x83.jpg 110w, https:\/\/www.carideal.com\/blog\/wp-content\/uploads\/2023\/08\/Bmw-i4-M-sport-420x315.jpg 420w, https:\/\/www.carideal.com\/blog\/wp-content\/uploads\/2023\/08\/Bmw-i4-M-sport-573x430.jpg 573w\" sizes=\"(max-width: 800px) 100vw, 800px\" \/><\/a><figcaption class=\"wp-element-caption\">BMW i4 eDrive40 M Sport<\/figcaption><\/figure><\/div>\n\n\n<p>La <a href=\"http:\/\/www.carideal.com\/blog\/marque-de-voiture-actualites-essais\/bmw\/\">BMW<\/a> i4 a \u00e9t\u00e9 couronn\u00e9e Voiture \u00c9lectrique Premium de l'Ann\u00e9e en Angleterre, ce qui en fait un concurrent s\u00e9rieux pour l'Ioniq 6. Les prix commencent \u00e0 partir de 59 950 \u20ac, soit environ 6400 \u20ac de plus que l'Ioniq, et la version eDrive40 M Sport \u00e0 63 950 \u20ac est environ 2 000 \u20ac moins ch\u00e8re que l'Ioniq 6 Executive.<\/p>\n\n\n\n<h3 class=\"wp-block-heading\">Un confort de conduite exceptionnel<\/h3>\n\n\n\n<p>Malgr\u00e9 son poids suppl\u00e9mentaire d\u00fb \u00e0 la batterie, la BMW i4 offre des performances et une tenue de route \u00e0 la hauteur de la r\u00e9putation de la marque allemande. Les commandes r\u00e9actives sont id\u00e9ales pour une conduite agr\u00e9able au quotidien. Bien que la i4 p\u00e8se environ 500 kg de plus que la BMW S\u00e9rie 4 \u00e0 moteur \u00e0 combustion, elle offre une conduite r\u00e9active et engageante.<\/p>\n\n\n\n<h3 class=\"wp-block-heading\">L'autonomie, un point cl\u00e9<\/h3>\n\n\n\n<p>Bien que les chiffres officiels de l'autonomie diff\u00e8rent l\u00e9g\u00e8rement entre les deux mod\u00e8les, les r\u00e9sultats des tests en conditions r\u00e9elles sont comparables. La BMW i4 affiche une l\u00e9g\u00e8re avance en termes d'efficacit\u00e9 \u00e9nerg\u00e9tique, mais les deux voitures sont de solides concurrentes dans ce domaine.<\/p>\n\n\n\n<h4 class=\"wp-block-heading\">Lectures suppl\u00e9mentaires<\/h4>\n\n\n\n<ul class=\"wp-block-list\">\n<li><a href=\"http:\/\/www.carideal.com\/blog\/2023\/07\/25\/le-futur-des-voitures-electriques-en-2024-et-au-dela-un-apercu-des-futures-stars-de-lautomobile-electrique\/\">Le futur des voitures \u00e9lectriques en 2024 et au-del\u00e0 : Un aper\u00e7u des futures stars de l\u2019automobile \u00e9lectrique<\/a><\/li>\n\n\n\n<li><a href=\"http:\/\/www.carideal.com\/blog\/2021\/12\/17\/meilleures-voitures-de-societe-electriques-2021\/\">Meilleures voitures de soci\u00e9t\u00e9 \u00e9lectriques 2021<\/a><\/li>\n<\/ul>\n\n\n\n<h2 class=\"wp-block-heading\">Le verdict final Hyundai Ioniq 6 vs BMW i4 <\/h2>\n\n\n\n<p>La BMW i4 remporte le duel, offrant une exp\u00e9rience de conduite engageante associ\u00e9e \u00e0 la technologie conviviale et \u00e0 l'autonomie n\u00e9cessaire pour rassurer les conducteurs soucieux de l'autonomie. L'Ioniq 6 ne d\u00e9m\u00e9rite pas, offrant un design \u00e9l\u00e9gant, une technologie de pointe et une liste d'\u00e9quipements standard g\u00e9n\u00e9reuse. Cependant, la combinaison de la performance, du confort et de l'autonomie de la BMW i4 en fait un choix plus solide dans le segment des voitures \u00e9lectriques haut de gamme.<\/p>\n\n\n\n<p>Avantages de la BMW i4 :<\/p>\n\n\n\n<ul class=\"wp-block-list\">\n<li>Exp\u00e9rience de conduite engageante<\/li>\n\n\n\n<li>Technologie conviviale<\/li>\n\n\n\n<li>Autonomie de conduite impressionnante<\/li>\n<\/ul>\n\n\n\n<p><em>Inconv\u00e9nients de la BMW i4 :<\/em><\/p>\n\n\n\n<ul class=\"wp-block-list\">\n<li>Places arri\u00e8re un peu \u00e9troites<\/li>\n\n\n\n<li>Co\u00fbt des options \u00e9lev\u00e9<\/li>\n<\/ul>\n\n\n\n<p><em>Avantages de l'Ioniq 6 :<\/em><\/p>\n\n\n\n<ul class=\"wp-block-list\">\n<li>Design \u00e9l\u00e9gant et distinctif<\/li>\n\n\n\n<li>Technologie de pointe<\/li>\n\n\n\n<li>\u00c9quipements standard g\u00e9n\u00e9reux<\/li>\n<\/ul>\n\n\n\n<p><em>Inconv\u00e9nients de l'Ioniq 6 :<\/em><\/p>\n\n\n\n<ul class=\"wp-block-list\">\n<li>Places arri\u00e8re \u00e0 l'espace limit\u00e9<\/li>\n\n\n\n<li>Coffre de taille modeste<\/li>\n<\/ul>\n\n\n\n<p>Au final, le choix entre la BMW i4 et l'Ioniq 6 d\u00e9pendra des pr\u00e9f\u00e9rences personnelles de l'acheteur et de l'importance qu'il accorde \u00e0 la conduite, \u00e0 la technologie, \u00e0 l'autonomie et \u00e0 la marque.<\/p>\n","protected":false},"excerpt":{"rendered":"<p>Duel \u00c9lectrique : Hyundai Ioniq 6 vs BMW i4 &#8211; Comparaison et Verdict \ud83d\ude80 \ud83d\ude97 L&rsquo;affrontement \u00e9lectrique : Hyundai Ioniq 6 vs BMW i4 ! D\u00e9couvrez le duel entre ces deux berlines \u00e9lectriques pour savoir laquelle est la meilleure option pour vous. \ud83e\uddd0 Comparatif Hyundai Ioniq 6 vs BMW i4 : Duel \u00e9lectrique de l&rsquo;ann\u00e9e &#8230; <a title=\"Duel \u00c9lectrique : Hyundai Ioniq 6 vs BMW i4 &#8211; Comparaison et Verdict\" class=\"read-more\" href=\"https:\/\/www.carideal.com\/blog\/2023\/08\/20\/duel-electrique-hyundai-ioniq-6-vs-bmw-i4-comparaison-et-verdict\/\" aria-label=\"En savoir plus sur Duel \u00c9lectrique : Hyundai Ioniq 6 vs BMW i4 &#8211; Comparaison et Verdict\">Lire plus<\/a><\/p>\n","protected":false},"author":3,"featured_media":26930,"comment_status":"open","ping_status":"open","sticky":false,"template":"","format":"standard","meta":{"_uag_custom_page_level_css":"","_themeisle_gutenberg_block_has_review":false,"footnotes":""},"categories":[9,5947,5970],"tags":[17183],"class_list":["post-26902","post","type-post","status-publish","format-standard","has-post-thumbnail","hentry","category-divers","category-essai","category-electrique-technologie-2","tag-avis-voiture"],"wppr_data":{"cwp_meta_box_check":"No"},"yoast_head":"<!-- This site is optimized with the Yoast SEO plugin v24.8.1 - https:\/\/yoast.com\/wordpress\/plugins\/seo\/ -->\n<title>Duel \u00c9lectrique : Hyundai Ioniq 6 vs BMW i4 - Comparaison et Verdict - Blog auto Carid\u00e9al<\/title>\n<meta name=\"description\" content=\"\ud83d\ude80 \ud83d\ude97 L&#039;affrontement \u00e9lectrique : Hyundai Ioniq 6 vs BMW i4 ! D\u00e9couvrez le duel entre ces deux berlines \u00e9lectriques pour savoir laquelle est la meilleure option pour vous\" \/>\n<meta name=\"robots\" content=\"index, follow, max-snippet:-1, max-image-preview:large, max-video-preview:-1\" \/>\n<link rel=\"canonical\" href=\"https:\/\/www.carideal.com\/blog\/2023\/08\/20\/duel-electrique-hyundai-ioniq-6-vs-bmw-i4-comparaison-et-verdict\/\" \/>\n<meta property=\"og:locale\" content=\"fr_FR\" \/>\n<meta property=\"og:type\" content=\"article\" \/>\n<meta property=\"og:title\" content=\"Duel \u00c9lectrique : Hyundai Ioniq 6 vs BMW i4 - Comparaison et Verdict - Blog auto Carid\u00e9al\" \/>\n<meta property=\"og:description\" content=\"\ud83d\ude80 \ud83d\ude97 L&#039;affrontement \u00e9lectrique : Hyundai Ioniq 6 vs BMW i4 ! D\u00e9couvrez le duel entre ces deux berlines \u00e9lectriques pour savoir laquelle est la meilleure option pour vous\" \/>\n<meta property=\"og:url\" content=\"https:\/\/www.carideal.com\/blog\/2023\/08\/20\/duel-electrique-hyundai-ioniq-6-vs-bmw-i4-comparaison-et-verdict\/\" \/>\n<meta property=\"og:site_name\" content=\"Blog auto Carid\u00e9al\" \/>\n<meta property=\"article:publisher\" content=\"https:\/\/www.facebook.com\/Carideal.mandataire.automobile\" \/>\n<meta property=\"article:author\" content=\"https:\/\/www.facebook.com\/nicolas.schiavon.39\" \/>\n<meta property=\"article:published_time\" content=\"2023-08-20T10:18:13+00:00\" \/>\n<meta property=\"article:modified_time\" content=\"2023-08-20T10:18:20+00:00\" \/>\n<meta property=\"og:image\" content=\"https:\/\/www.carideal.com\/blog\/wp-content\/uploads\/2023\/08\/BMW-i4-40-m-sport.jpg\" \/>\n\t<meta property=\"og:image:width\" content=\"1280\" \/>\n\t<meta property=\"og:image:height\" content=\"854\" \/>\n\t<meta property=\"og:image:type\" content=\"image\/jpeg\" \/>\n<meta name=\"author\" content=\"Nicolas SCHIAVON\" \/>\n<meta name=\"twitter:card\" content=\"summary_large_image\" \/>\n<meta name=\"twitter:creator\" content=\"@caridealauto\" \/>\n<meta name=\"twitter:site\" content=\"@caridealauto\" \/>\n<meta name=\"twitter:label1\" content=\"\u00c9crit par\" \/>\n\t<meta name=\"twitter:data1\" content=\"Nicolas SCHIAVON\" \/>\n\t<meta name=\"twitter:label2\" content=\"Dur\u00e9e de lecture estim\u00e9e\" \/>\n\t<meta name=\"twitter:data2\" content=\"5 minutes\" \/>\n<script type=\"application\/ld+json\" class=\"yoast-schema-graph\">{\"@context\":\"https:\/\/schema.org\",\"@graph\":[{\"@type\":\"Article\",\"@id\":\"https:\/\/www.carideal.com\/blog\/2023\/08\/20\/duel-electrique-hyundai-ioniq-6-vs-bmw-i4-comparaison-et-verdict\/#article\",\"isPartOf\":{\"@id\":\"https:\/\/www.carideal.com\/blog\/2023\/08\/20\/duel-electrique-hyundai-ioniq-6-vs-bmw-i4-comparaison-et-verdict\/\"},\"author\":{\"name\":\"Nicolas SCHIAVON\",\"@id\":\"https:\/\/www.carideal.com\/blog\/#\/schema\/person\/cd95dc7919660de90d31b366f85be1ec\"},\"headline\":\"Duel \u00c9lectrique : Hyundai Ioniq 6 vs BMW i4 &#8211; Comparaison et Verdict\",\"datePublished\":\"2023-08-20T10:18:13+00:00\",\"dateModified\":\"2023-08-20T10:18:20+00:00\",\"mainEntityOfPage\":{\"@id\":\"https:\/\/www.carideal.com\/blog\/2023\/08\/20\/duel-electrique-hyundai-ioniq-6-vs-bmw-i4-comparaison-et-verdict\/\"},\"wordCount\":901,\"commentCount\":0,\"publisher\":{\"@id\":\"https:\/\/www.carideal.com\/blog\/#organization\"},\"image\":{\"@id\":\"https:\/\/www.carideal.com\/blog\/2023\/08\/20\/duel-electrique-hyundai-ioniq-6-vs-bmw-i4-comparaison-et-verdict\/#primaryimage\"},\"thumbnailUrl\":\"https:\/\/www.carideal.com\/blog\/wp-content\/uploads\/2023\/08\/BMW-i4-40-m-sport.jpg\",\"keywords\":[\"Avis voiture - Notes -\"],\"articleSection\":[\"Divers\",\"Essais automobile\",\"Voiture \u00e9lectrique\"],\"inLanguage\":\"fr-FR\",\"potentialAction\":[{\"@type\":\"CommentAction\",\"name\":\"Comment\",\"target\":[\"https:\/\/www.carideal.com\/blog\/2023\/08\/20\/duel-electrique-hyundai-ioniq-6-vs-bmw-i4-comparaison-et-verdict\/#respond\"]}]},{\"@type\":\"WebPage\",\"@id\":\"https:\/\/www.carideal.com\/blog\/2023\/08\/20\/duel-electrique-hyundai-ioniq-6-vs-bmw-i4-comparaison-et-verdict\/\",\"url\":\"https:\/\/www.carideal.com\/blog\/2023\/08\/20\/duel-electrique-hyundai-ioniq-6-vs-bmw-i4-comparaison-et-verdict\/\",\"name\":\"Duel \u00c9lectrique : Hyundai Ioniq 6 vs BMW i4 - Comparaison et Verdict - Blog auto Carid\u00e9al\",\"isPartOf\":{\"@id\":\"https:\/\/www.carideal.com\/blog\/#website\"},\"primaryImageOfPage\":{\"@id\":\"https:\/\/www.carideal.com\/blog\/2023\/08\/20\/duel-electrique-hyundai-ioniq-6-vs-bmw-i4-comparaison-et-verdict\/#primaryimage\"},\"image\":{\"@id\":\"https:\/\/www.carideal.com\/blog\/2023\/08\/20\/duel-electrique-hyundai-ioniq-6-vs-bmw-i4-comparaison-et-verdict\/#primaryimage\"},\"thumbnailUrl\":\"https:\/\/www.carideal.com\/blog\/wp-content\/uploads\/2023\/08\/BMW-i4-40-m-sport.jpg\",\"datePublished\":\"2023-08-20T10:18:13+00:00\",\"dateModified\":\"2023-08-20T10:18:20+00:00\",\"description\":\"\ud83d\ude80 \ud83d\ude97 L'affrontement \u00e9lectrique : Hyundai Ioniq 6 vs BMW i4 ! D\u00e9couvrez le duel entre ces deux berlines \u00e9lectriques pour savoir laquelle est la meilleure option pour vous\",\"breadcrumb\":{\"@id\":\"https:\/\/www.carideal.com\/blog\/2023\/08\/20\/duel-electrique-hyundai-ioniq-6-vs-bmw-i4-comparaison-et-verdict\/#breadcrumb\"},\"inLanguage\":\"fr-FR\",\"potentialAction\":[{\"@type\":\"ReadAction\",\"target\":[\"https:\/\/www.carideal.com\/blog\/2023\/08\/20\/duel-electrique-hyundai-ioniq-6-vs-bmw-i4-comparaison-et-verdict\/\"]}]},{\"@type\":\"ImageObject\",\"inLanguage\":\"fr-FR\",\"@id\":\"https:\/\/www.carideal.com\/blog\/2023\/08\/20\/duel-electrique-hyundai-ioniq-6-vs-bmw-i4-comparaison-et-verdict\/#primaryimage\",\"url\":\"https:\/\/www.carideal.com\/blog\/wp-content\/uploads\/2023\/08\/BMW-i4-40-m-sport.jpg\",\"contentUrl\":\"https:\/\/www.carideal.com\/blog\/wp-content\/uploads\/2023\/08\/BMW-i4-40-m-sport.jpg\",\"width\":1280,\"height\":854,\"caption\":\"Duel \u00c9lectrique : Hyundai Ioniq 6 vs BMW i4 - Comparaison et Verdict\"},{\"@type\":\"BreadcrumbList\",\"@id\":\"https:\/\/www.carideal.com\/blog\/2023\/08\/20\/duel-electrique-hyundai-ioniq-6-vs-bmw-i4-comparaison-et-verdict\/#breadcrumb\",\"itemListElement\":[{\"@type\":\"ListItem\",\"position\":1,\"name\":\"Blog Carid\u00e9al\",\"item\":\"https:\/\/www.carideal.com\/blog\/\"},{\"@type\":\"ListItem\",\"position\":2,\"name\":\"Divers\",\"item\":\"https:\/\/www.carideal.com\/blog\/divers\/\"},{\"@type\":\"ListItem\",\"position\":3,\"name\":\"Duel \u00c9lectrique : Hyundai Ioniq 6 vs BMW i4 &#8211; Comparaison et Verdict\"}]},{\"@type\":\"WebSite\",\"@id\":\"https:\/\/www.carideal.com\/blog\/#website\",\"url\":\"https:\/\/www.carideal.com\/blog\/\",\"name\":\"Blog auto Carid\u00e9al\",\"description\":\"Actualit\u00e9 auto par des passionn\u00e9s\",\"publisher\":{\"@id\":\"https:\/\/www.carideal.com\/blog\/#organization\"},\"potentialAction\":[{\"@type\":\"SearchAction\",\"target\":{\"@type\":\"EntryPoint\",\"urlTemplate\":\"https:\/\/www.carideal.com\/blog\/?s={search_term_string}\"},\"query-input\":{\"@type\":\"PropertyValueSpecification\",\"valueRequired\":true,\"valueName\":\"search_term_string\"}}],\"inLanguage\":\"fr-FR\"},{\"@type\":\"Organization\",\"@id\":\"https:\/\/www.carideal.com\/blog\/#organization\",\"name\":\"Carideal\",\"url\":\"https:\/\/www.carideal.com\/blog\/\",\"logo\":{\"@type\":\"ImageObject\",\"inLanguage\":\"fr-FR\",\"@id\":\"https:\/\/www.carideal.com\/blog\/#\/schema\/logo\/image\/\",\"url\":\"http:\/\/www.carideal.com\/blog\/wp-content\/uploads\/2016\/03\/logo-carideal-mandataire-automobile.png\",\"contentUrl\":\"http:\/\/www.carideal.com\/blog\/wp-content\/uploads\/2016\/03\/logo-carideal-mandataire-automobile.png\",\"width\":300,\"height\":300,\"caption\":\"Carideal\"},\"image\":{\"@id\":\"https:\/\/www.carideal.com\/blog\/#\/schema\/logo\/image\/\"},\"sameAs\":[\"https:\/\/www.facebook.com\/Carideal.mandataire.automobile\",\"https:\/\/x.com\/caridealauto\",\"https:\/\/www.instagram.com\/carideal1\/\",\"https:\/\/www.linkedin.com\/company\/carideal.com\",\"https:\/\/fr.pinterest.com\/schiavonsas\/\",\"https:\/\/www.youtube.com\/user\/caridealsas\"]},{\"@type\":\"Person\",\"@id\":\"https:\/\/www.carideal.com\/blog\/#\/schema\/person\/cd95dc7919660de90d31b366f85be1ec\",\"name\":\"Nicolas SCHIAVON\",\"image\":{\"@type\":\"ImageObject\",\"inLanguage\":\"fr-FR\",\"@id\":\"https:\/\/www.carideal.com\/blog\/#\/schema\/person\/image\/\",\"url\":\"https:\/\/secure.gravatar.com\/avatar\/c17e55009e671d92cc7f5dc837dc418a?s=96&r=g\",\"contentUrl\":\"https:\/\/secure.gravatar.com\/avatar\/c17e55009e671d92cc7f5dc837dc418a?s=96&r=g\",\"caption\":\"Nicolas SCHIAVON\"},\"description\":\"Nicolas Schiavon est tomb\u00e9 tout petit dans la marmite automobile. Ayant eu un garage de marque automobile, mandataire automobile de la premi\u00e8re heure d\u00e8s 1999. Nicolas a cr\u00e9\u00e9 ces premiers sites de vente de voiture et blog automobile d\u00e8s 1994. Carideal est n\u00e9 le 15 d\u00e9cembre 2000 de la volont\u00e9 de vendre des voitures d'occasions en ligne puis des voitures neuves. Il a pu essayer beaucoup de voitures tr\u00e8s diff\u00e9rentes et ayant eu personnellement quelques belles autos, Subaru Impreza, Mitsubishi Lancer Evo 7, Porsche 911, Ferrari Testarrossa, Audi RS3, RS4 et j'en passe...\",\"sameAs\":[\"http:\/\/www.carideal.com\",\"https:\/\/www.facebook.com\/nicolas.schiavon.39\",\"https:\/\/www.instagram.com\/carideal1\/\",\"https:\/\/www.linkedin.com\/in\/nschiavon\/\",\"https:\/\/x.com\/caridealauto\",\"https:\/\/www.youtube.com\/user\/caridealsas\/\"],\"url\":\"https:\/\/www.carideal.com\/blog\/author\/nschiavon\/\"}]}<\/script>\n<!-- \/ Yoast SEO plugin. -->","yoast_head_json":{"title":"Duel \u00c9lectrique : Hyundai Ioniq 6 vs BMW i4 - Comparaison et Verdict - Blog auto Carid\u00e9al","description":"\ud83d\ude80 \ud83d\ude97 L'affrontement \u00e9lectrique : Hyundai Ioniq 6 vs BMW i4 ! D\u00e9couvrez le duel entre ces deux berlines \u00e9lectriques pour savoir laquelle est la meilleure option pour vous","robots":{"index":"index","follow":"follow","max-snippet":"max-snippet:-1","max-image-preview":"max-image-preview:large","max-video-preview":"max-video-preview:-1"},"canonical":"https:\/\/www.carideal.com\/blog\/2023\/08\/20\/duel-electrique-hyundai-ioniq-6-vs-bmw-i4-comparaison-et-verdict\/","og_locale":"fr_FR","og_type":"article","og_title":"Duel \u00c9lectrique : Hyundai Ioniq 6 vs BMW i4 - Comparaison et Verdict - Blog auto Carid\u00e9al","og_description":"\ud83d\ude80 \ud83d\ude97 L'affrontement \u00e9lectrique : Hyundai Ioniq 6 vs BMW i4 ! D\u00e9couvrez le duel entre ces deux berlines \u00e9lectriques pour savoir laquelle est la meilleure option pour vous","og_url":"https:\/\/www.carideal.com\/blog\/2023\/08\/20\/duel-electrique-hyundai-ioniq-6-vs-bmw-i4-comparaison-et-verdict\/","og_site_name":"Blog auto Carid\u00e9al","article_publisher":"https:\/\/www.facebook.com\/Carideal.mandataire.automobile","article_author":"https:\/\/www.facebook.com\/nicolas.schiavon.39","article_published_time":"2023-08-20T10:18:13+00:00","article_modified_time":"2023-08-20T10:18:20+00:00","og_image":[{"width":1280,"height":854,"url":"https:\/\/www.carideal.com\/blog\/wp-content\/uploads\/2023\/08\/BMW-i4-40-m-sport.jpg","type":"image\/jpeg"}],"author":"Nicolas SCHIAVON","twitter_card":"summary_large_image","twitter_creator":"@caridealauto","twitter_site":"@caridealauto","twitter_misc":{"\u00c9crit par":"Nicolas SCHIAVON","Dur\u00e9e de lecture estim\u00e9e":"5 minutes"},"schema":{"@context":"https:\/\/schema.org","@graph":[{"@type":"Article","@id":"https:\/\/www.carideal.com\/blog\/2023\/08\/20\/duel-electrique-hyundai-ioniq-6-vs-bmw-i4-comparaison-et-verdict\/#article","isPartOf":{"@id":"https:\/\/www.carideal.com\/blog\/2023\/08\/20\/duel-electrique-hyundai-ioniq-6-vs-bmw-i4-comparaison-et-verdict\/"},"author":{"name":"Nicolas SCHIAVON","@id":"https:\/\/www.carideal.com\/blog\/#\/schema\/person\/cd95dc7919660de90d31b366f85be1ec"},"headline":"Duel \u00c9lectrique : Hyundai Ioniq 6 vs BMW i4 &#8211; Comparaison et Verdict","datePublished":"2023-08-20T10:18:13+00:00","dateModified":"2023-08-20T10:18:20+00:00","mainEntityOfPage":{"@id":"https:\/\/www.carideal.com\/blog\/2023\/08\/20\/duel-electrique-hyundai-ioniq-6-vs-bmw-i4-comparaison-et-verdict\/"},"wordCount":901,"commentCount":0,"publisher":{"@id":"https:\/\/www.carideal.com\/blog\/#organization"},"image":{"@id":"https:\/\/www.carideal.com\/blog\/2023\/08\/20\/duel-electrique-hyundai-ioniq-6-vs-bmw-i4-comparaison-et-verdict\/#primaryimage"},"thumbnailUrl":"https:\/\/www.carideal.com\/blog\/wp-content\/uploads\/2023\/08\/BMW-i4-40-m-sport.jpg","keywords":["Avis voiture - Notes -"],"articleSection":["Divers","Essais automobile","Voiture \u00e9lectrique"],"inLanguage":"fr-FR","potentialAction":[{"@type":"CommentAction","name":"Comment","target":["https:\/\/www.carideal.com\/blog\/2023\/08\/20\/duel-electrique-hyundai-ioniq-6-vs-bmw-i4-comparaison-et-verdict\/#respond"]}]},{"@type":"WebPage","@id":"https:\/\/www.carideal.com\/blog\/2023\/08\/20\/duel-electrique-hyundai-ioniq-6-vs-bmw-i4-comparaison-et-verdict\/","url":"https:\/\/www.carideal.com\/blog\/2023\/08\/20\/duel-electrique-hyundai-ioniq-6-vs-bmw-i4-comparaison-et-verdict\/","name":"Duel \u00c9lectrique : Hyundai Ioniq 6 vs BMW i4 - Comparaison et Verdict - Blog auto Carid\u00e9al","isPartOf":{"@id":"https:\/\/www.carideal.com\/blog\/#website"},"primaryImageOfPage":{"@id":"https:\/\/www.carideal.com\/blog\/2023\/08\/20\/duel-electrique-hyundai-ioniq-6-vs-bmw-i4-comparaison-et-verdict\/#primaryimage"},"image":{"@id":"https:\/\/www.carideal.com\/blog\/2023\/08\/20\/duel-electrique-hyundai-ioniq-6-vs-bmw-i4-comparaison-et-verdict\/#primaryimage"},"thumbnailUrl":"https:\/\/www.carideal.com\/blog\/wp-content\/uploads\/2023\/08\/BMW-i4-40-m-sport.jpg","datePublished":"2023-08-20T10:18:13+00:00","dateModified":"2023-08-20T10:18:20+00:00","description":"\ud83d\ude80 \ud83d\ude97 L'affrontement \u00e9lectrique : Hyundai Ioniq 6 vs BMW i4 ! D\u00e9couvrez le duel entre ces deux berlines \u00e9lectriques pour savoir laquelle est la meilleure option pour vous","breadcrumb":{"@id":"https:\/\/www.carideal.com\/blog\/2023\/08\/20\/duel-electrique-hyundai-ioniq-6-vs-bmw-i4-comparaison-et-verdict\/#breadcrumb"},"inLanguage":"fr-FR","potentialAction":[{"@type":"ReadAction","target":["https:\/\/www.carideal.com\/blog\/2023\/08\/20\/duel-electrique-hyundai-ioniq-6-vs-bmw-i4-comparaison-et-verdict\/"]}]},{"@type":"ImageObject","inLanguage":"fr-FR","@id":"https:\/\/www.carideal.com\/blog\/2023\/08\/20\/duel-electrique-hyundai-ioniq-6-vs-bmw-i4-comparaison-et-verdict\/#primaryimage","url":"https:\/\/www.carideal.com\/blog\/wp-content\/uploads\/2023\/08\/BMW-i4-40-m-sport.jpg","contentUrl":"https:\/\/www.carideal.com\/blog\/wp-content\/uploads\/2023\/08\/BMW-i4-40-m-sport.jpg","width":1280,"height":854,"caption":"Duel \u00c9lectrique : Hyundai Ioniq 6 vs BMW i4 - Comparaison et Verdict"},{"@type":"BreadcrumbList","@id":"https:\/\/www.carideal.com\/blog\/2023\/08\/20\/duel-electrique-hyundai-ioniq-6-vs-bmw-i4-comparaison-et-verdict\/#breadcrumb","itemListElement":[{"@type":"ListItem","position":1,"name":"Blog Carid\u00e9al","item":"https:\/\/www.carideal.com\/blog\/"},{"@type":"ListItem","position":2,"name":"Divers","item":"https:\/\/www.carideal.com\/blog\/divers\/"},{"@type":"ListItem","position":3,"name":"Duel \u00c9lectrique : Hyundai Ioniq 6 vs BMW i4 &#8211; Comparaison et Verdict"}]},{"@type":"WebSite","@id":"https:\/\/www.carideal.com\/blog\/#website","url":"https:\/\/www.carideal.com\/blog\/","name":"Blog auto Carid\u00e9al","description":"Actualit\u00e9 auto par des passionn\u00e9s","publisher":{"@id":"https:\/\/www.carideal.com\/blog\/#organization"},"potentialAction":[{"@type":"SearchAction","target":{"@type":"EntryPoint","urlTemplate":"https:\/\/www.carideal.com\/blog\/?s={search_term_string}"},"query-input":{"@type":"PropertyValueSpecification","valueRequired":true,"valueName":"search_term_string"}}],"inLanguage":"fr-FR"},{"@type":"Organization","@id":"https:\/\/www.carideal.com\/blog\/#organization","name":"Carideal","url":"https:\/\/www.carideal.com\/blog\/","logo":{"@type":"ImageObject","inLanguage":"fr-FR","@id":"https:\/\/www.carideal.com\/blog\/#\/schema\/logo\/image\/","url":"http:\/\/www.carideal.com\/blog\/wp-content\/uploads\/2016\/03\/logo-carideal-mandataire-automobile.png","contentUrl":"http:\/\/www.carideal.com\/blog\/wp-content\/uploads\/2016\/03\/logo-carideal-mandataire-automobile.png","width":300,"height":300,"caption":"Carideal"},"image":{"@id":"https:\/\/www.carideal.com\/blog\/#\/schema\/logo\/image\/"},"sameAs":["https:\/\/www.facebook.com\/Carideal.mandataire.automobile","https:\/\/x.com\/caridealauto","https:\/\/www.instagram.com\/carideal1\/","https:\/\/www.linkedin.com\/company\/carideal.com","https:\/\/fr.pinterest.com\/schiavonsas\/","https:\/\/www.youtube.com\/user\/caridealsas"]},{"@type":"Person","@id":"https:\/\/www.carideal.com\/blog\/#\/schema\/person\/cd95dc7919660de90d31b366f85be1ec","name":"Nicolas SCHIAVON","image":{"@type":"ImageObject","inLanguage":"fr-FR","@id":"https:\/\/www.carideal.com\/blog\/#\/schema\/person\/image\/","url":"https:\/\/secure.gravatar.com\/avatar\/c17e55009e671d92cc7f5dc837dc418a?s=96&r=g","contentUrl":"https:\/\/secure.gravatar.com\/avatar\/c17e55009e671d92cc7f5dc837dc418a?s=96&r=g","caption":"Nicolas SCHIAVON"},"description":"Nicolas Schiavon est tomb\u00e9 tout petit dans la marmite automobile. Ayant eu un garage de marque automobile, mandataire automobile de la premi\u00e8re heure d\u00e8s 1999. Nicolas a cr\u00e9\u00e9 ces premiers sites de vente de voiture et blog automobile d\u00e8s 1994. Carideal est n\u00e9 le 15 d\u00e9cembre 2000 de la volont\u00e9 de vendre des voitures d'occasions en ligne puis des voitures neuves. Il a pu essayer beaucoup de voitures tr\u00e8s diff\u00e9rentes et ayant eu personnellement quelques belles autos, Subaru Impreza, Mitsubishi Lancer Evo 7, Porsche 911, Ferrari Testarrossa, Audi RS3, RS4 et j'en passe...","sameAs":["http:\/\/www.carideal.com","https:\/\/www.facebook.com\/nicolas.schiavon.39","https:\/\/www.instagram.com\/carideal1\/","https:\/\/www.linkedin.com\/in\/nschiavon\/","https:\/\/x.com\/caridealauto","https:\/\/www.youtube.com\/user\/caridealsas\/"],"url":"https:\/\/www.carideal.com\/blog\/author\/nschiavon\/"}]}},"uagb_featured_image_src":{"full":["https:\/\/www.carideal.com\/blog\/wp-content\/uploads\/2023\/08\/BMW-i4-40-m-sport.jpg",1280,854,false],"thumbnail":["https:\/\/www.carideal.com\/blog\/wp-content\/uploads\/2023\/08\/BMW-i4-40-m-sport-150x150.jpg",150,150,true],"medium":["https:\/\/www.carideal.com\/blog\/wp-content\/uploads\/2023\/08\/BMW-i4-40-m-sport-300x200.jpg",300,200,true],"medium_large":["https:\/\/www.carideal.com\/blog\/wp-content\/uploads\/2023\/08\/BMW-i4-40-m-sport-768x512.jpg",768,512,true],"large":["https:\/\/www.carideal.com\/blog\/wp-content\/uploads\/2023\/08\/BMW-i4-40-m-sport-1024x683.jpg",1024,683,true],"1536x1536":["https:\/\/www.carideal.com\/blog\/wp-content\/uploads\/2023\/08\/BMW-i4-40-m-sport.jpg",1280,854,false],"2048x2048":["https:\/\/www.carideal.com\/blog\/wp-content\/uploads\/2023\/08\/BMW-i4-40-m-sport.jpg",1280,854,false],"wppr-widget":["https:\/\/www.carideal.com\/blog\/wp-content\/uploads\/2023\/08\/BMW-i4-40-m-sport-50x33.jpg",50,33,true]},"uagb_author_info":{"display_name":"Nicolas SCHIAVON","author_link":"https:\/\/www.carideal.com\/blog\/author\/nschiavon\/"},"uagb_comment_info":0,"uagb_excerpt":"Duel \u00c9lectrique : Hyundai Ioniq 6 vs BMW i4 - Comparaison et Verdict \ud83d\ude80 \ud83d\ude97 L'affrontement \u00e9lectrique : Hyundai Ioniq 6 vs BMW i4 ! D\u00e9couvrez le duel entre ces deux berlines \u00e9lectriques pour savoir laquelle est la meilleure option pour vous. \ud83e\uddd0 Comparatif Hyundai Ioniq 6 vs BMW i4 : Duel \u00e9lectrique de l'ann\u00e9e\u2026","_links":{"self":[{"href":"https:\/\/www.carideal.com\/blog\/wp-json\/wp\/v2\/posts\/26902"}],"collection":[{"href":"https:\/\/www.carideal.com\/blog\/wp-json\/wp\/v2\/posts"}],"about":[{"href":"https:\/\/www.carideal.com\/blog\/wp-json\/wp\/v2\/types\/post"}],"author":[{"embeddable":true,"href":"https:\/\/www.carideal.com\/blog\/wp-json\/wp\/v2\/users\/3"}],"replies":[{"embeddable":true,"href":"https:\/\/www.carideal.com\/blog\/wp-json\/wp\/v2\/comments?post=26902"}],"version-history":[{"count":0,"href":"https:\/\/www.carideal.com\/blog\/wp-json\/wp\/v2\/posts\/26902\/revisions"}],"wp:featuredmedia":[{"embeddable":true,"href":"https:\/\/www.carideal.com\/blog\/wp-json\/wp\/v2\/media\/26930"}],"wp:attachment":[{"href":"https:\/\/www.carideal.com\/blog\/wp-json\/wp\/v2\/media?parent=26902"}],"wp:term":[{"taxonomy":"category","embeddable":true,"href":"https:\/\/www.carideal.com\/blog\/wp-json\/wp\/v2\/categories?post=26902"},{"taxonomy":"post_tag","embeddable":true,"href":"https:\/\/www.carideal.com\/blog\/wp-json\/wp\/v2\/tags?post=26902"}],"curies":[{"name":"wp","href":"https:\/\/api.w.org\/{rel}","templated":true}]}}