{"id":26889,"date":"2023-08-19T11:53:07","date_gmt":"2023-08-19T09:53:07","guid":{"rendered":"http:\/\/www.carideal.com\/blog\/?p=26889"},"modified":"2023-08-19T11:53:56","modified_gmt":"2023-08-19T09:53:56","slug":"la-revolution-du-luxe-ecologique-decouvrez-la-bmw-x5-xdrive50e-2023","status":"publish","type":"post","link":"https:\/\/www.carideal.com\/blog\/2023\/08\/19\/la-revolution-du-luxe-ecologique-decouvrez-la-bmw-x5-xdrive50e-2023\/","title":{"rendered":"La r\u00e9volution du luxe \u00e9cologique : D\u00e9couvrez la BMW X5 xDrive50e 2023"},"content":{"rendered":"\n<h2 class=\"wp-block-heading\">La BMW X5 xDrive50e 2023 : L'ultime SUV hybride rechargeable \ud83c\udf3f\ud83d\ude80<\/h2>\n\n\n\n<p>Le nouveau <a href=\"http:\/\/www.carideal.com\/blog\/2013\/11\/24\/bmw-x5-edrive\/\">SUV X5<\/a> de <a href=\"http:\/\/www.carideal.com\/blog\/marque-de-voiture-actualites-essais\/bmw\/\">BMW<\/a> est une \u00e9volution \u00e9l\u00e9gante \ud83c\udf1f<\/p>\n\n\n\n<p>La BMW X5 xDrive50e 2023 marque une \u00e9volution majeure pour ce <a href=\"http:\/\/www.carideal.com\/blog\/2019\/12\/21\/les-meilleurs-suv-a-acheter-maintenant-2019-2020\/\">SUV premium<\/a> d\u00e9j\u00e0 tr\u00e8s appr\u00e9ci\u00e9. Les changements sont subtils mais bien pr\u00e9sents, notamment au niveau de la calandre, des phares et des pare-chocs. Vous remarquerez \u00e9galement les nouveaux feux arri\u00e8re qui donnent \u00e0 ce SUV une allure encore plus moderne et dynamique.<\/p>\n\n\n\n<h3 class=\"wp-block-heading\">Un int\u00e9rieur high-tech \ud83d\udcf1<\/h3>\n\n\n\n<p>\u00c0 l'int\u00e9rieur, vous d\u00e9couvrirez le nouvel \u00e9cran incurv\u00e9 qui int\u00e8gre le tableau de bord et l'\u00e9cran tactile en un seul \u00e9l\u00e9ment, donnant \u00e0 l'habitacle une ambiance tr\u00e8s actuelle. La suppression des boutons sur le tableau de bord renforce ce sentiment de modernit\u00e9. L'ergonomie est ici un atout majeur gr\u00e2ce \u00e0 l'int\u00e9gration des commandes de chauffage et de ventilation directement sur l'\u00e9cran tactile.<\/p>\n\n\n\n<h3 class=\"wp-block-heading\">Confort et espace pour tous \ud83d\udecb\ufe0f<\/h3>\n\n\n\n<p>L'habitabilit\u00e9 \u00e0 bord est toujours impressionnante, avec un espace g\u00e9n\u00e9reux pour les passagers, quelle que soit leur taille. Le coffre est spacieux, offrant 650 litres pour les versions thermiques, et 500 litres pour la version hybride rechargeable. Et pour les grandes familles, sachez qu'une troisi\u00e8me rang\u00e9e de si\u00e8ges est disponible en option.<\/p>\n\n\n\n<h3 class=\"wp-block-heading\">Performances et \u00e9conomie d'\u00e9nergie \u26a1<\/h3>\n\n\n\n<p>La gamme de motorisations est vari\u00e9e, allant du 3.0 L six cylindres diesel aux puissantes versions essence M60i xDrive et X5 M Competition. Mais la v\u00e9ritable star, c'est cette version hybride rechargeable xDrive50e. Avec une puissance combin\u00e9e de 483 ch et un 0 \u00e0 100 km\/h en moins de 5 secondes, elle n'a pas \u00e0 rougir face \u00e0 ses concurrentes. Et avec une autonomie \u00e9lectrique de plus de 100 km, vous pourrez profiter de trajets urbains sans consommer une goutte d'essence \ud83d\ude0a<\/p>\n\n\n<div class=\"wp-block-image\">\n<figure class=\"aligncenter size-large\"><a href=\"http:\/\/www.carideal.com\/blog\/wp-content\/uploads\/2023\/08\/BMW-X5-50e-2023-3.webp\"><img loading=\"lazy\" decoding=\"async\" width=\"1024\" height=\"577\" src=\"http:\/\/www.carideal.com\/blog\/wp-content\/uploads\/2023\/08\/BMW-X5-50e-2023-3-1024x577.webp\" alt=\"Int\u00e9rieur du BMW X5 xDrive50e 2023\" class=\"wp-image-26892\" srcset=\"https:\/\/www.carideal.com\/blog\/wp-content\/uploads\/2023\/08\/BMW-X5-50e-2023-3-1024x577.webp 1024w, https:\/\/www.carideal.com\/blog\/wp-content\/uploads\/2023\/08\/BMW-X5-50e-2023-3-300x169.webp 300w, https:\/\/www.carideal.com\/blog\/wp-content\/uploads\/2023\/08\/BMW-X5-50e-2023-3-768x433.webp 768w, https:\/\/www.carideal.com\/blog\/wp-content\/uploads\/2023\/08\/BMW-X5-50e-2023-3-50x28.webp 50w, https:\/\/www.carideal.com\/blog\/wp-content\/uploads\/2023\/08\/BMW-X5-50e-2023-3-110x62.webp 110w, https:\/\/www.carideal.com\/blog\/wp-content\/uploads\/2023\/08\/BMW-X5-50e-2023-3-420x237.webp 420w, https:\/\/www.carideal.com\/blog\/wp-content\/uploads\/2023\/08\/BMW-X5-50e-2023-3-763x430.webp 763w, https:\/\/www.carideal.com\/blog\/wp-content\/uploads\/2023\/08\/BMW-X5-50e-2023-3.webp 1260w\" sizes=\"(max-width: 1024px) 100vw, 1024px\" \/><\/a><figcaption class=\"wp-element-caption\">Int\u00e9rieur du BMW X5 xDrive50e 2023<\/figcaption><\/figure><\/div>\n\n\n<h3 class=\"wp-block-heading\">Un comportement routier exemplaire \ud83c\udfce\ufe0f<\/h3>\n\n\n\n<p>La conduite de la BMW X5 est tout simplement excellente, avec un confort de suspension et une pr\u00e9cision de direction dignes des meilleures berlines. M\u00eame la version hybride rechargeable, malgr\u00e9 son poids suppl\u00e9mentaire, offre un comportement routier irr\u00e9prochable, rivalisant avec les SUV les plus sportifs du march\u00e9.<\/p>\n\n\n\n<h2 class=\"wp-block-heading\"><strong>Les chiffres cl\u00e9s \ud83d\udd11<\/strong><\/h2>\n\n\n\n<table>\n  <tr>\n    <th>Caract\u00e9ristique<\/th>\n    <th>Donn\u00e9e<\/th>\n  <\/tr>\n  <tr>\n    <td>Mod\u00e8le<\/td>\n    <td>BMW X5 xDrive50e M Sport<\/td>\n  <\/tr>\n  <tr>\n    <td>Prix<\/td>\n    <td>103 350 \u20ac<\/td>\n  <\/tr>\n  <tr>\n    <td>Motorisation<\/td>\n    <td>3,0 L 6 cylindres essence + 1 moteur \u00e9lectrique<\/td>\n  <\/tr>\n  <tr>\n    <td>Puissance<\/td>\n    <td>483 ch<\/td>\n  <\/tr>\n  <tr>\n    <td>Couple<\/td>\n    <td>700 Nm<\/td>\n  <\/tr>\n  <tr>\n    <td>Transmission<\/td>\n    <td>automatique 8 rapports, quatre roues motrices<\/td>\n  <\/tr>\n  <tr>\n    <td>0-100 km\/h<\/td>\n    <td>4,8 secondes<\/td>\n  <\/tr>\n  <tr>\n    <td>Vitesse max<\/td>\n    <td>250 km\/h<\/td>\n  <\/tr>\n  <tr>\n    <td>Consommation mixte<\/td>\n    <td>0.899908 L\/100km<\/td>\n  <\/tr>\n  <tr>\n    <td>\u00c9missions de CO2<\/td>\n    <td>20 g\/km<\/td>\n  <\/tr>\n  <tr>\n    <td>Dimensions (L\/l\/h)<\/td>\n    <td>4 935 \/ 2 218 \/ 1 755 mm<\/td>\n  <\/tr>\n  <tr>\n    <td>Disponible<\/td>\n    <td>d\u00e8s maintenant<\/td>\n  <\/tr>\n<\/table>\n\n\n\n<p>En r\u00e9sum\u00e9, la nouvelle BMW X5 xDrive50e 2023 apporte son lot d'am\u00e9liorations pour rester au sommet dans la cat\u00e9gorie des SUV premium. Confortable, spacieuse, performante et \u00e9co-responsable, elle a tout pour s\u00e9duire les amateurs de belles voitures. Alors, pr\u00eat pour un essai ? \ud83d\ude97\ud83d\udca8<\/p>\n","protected":false},"excerpt":{"rendered":"<p>La BMW X5 xDrive50e 2023 : L&rsquo;ultime SUV hybride rechargeable \ud83c\udf3f\ud83d\ude80 Le nouveau SUV X5 de BMW est une \u00e9volution \u00e9l\u00e9gante \ud83c\udf1f La BMW X5 xDrive50e 2023 marque une \u00e9volution majeure pour ce SUV premium d\u00e9j\u00e0 tr\u00e8s appr\u00e9ci\u00e9. Les changements sont subtils mais bien pr\u00e9sents, notamment au niveau de la calandre, des phares et des &#8230; <a title=\"La r\u00e9volution du luxe \u00e9cologique : D\u00e9couvrez la BMW X5 xDrive50e 2023\" class=\"read-more\" href=\"https:\/\/www.carideal.com\/blog\/2023\/08\/19\/la-revolution-du-luxe-ecologique-decouvrez-la-bmw-x5-xdrive50e-2023\/\" aria-label=\"En savoir plus sur La r\u00e9volution du luxe \u00e9cologique : D\u00e9couvrez la BMW X5 xDrive50e 2023\">Lire plus<\/a><\/p>\n","protected":false},"author":3,"featured_media":26891,"comment_status":"open","ping_status":"open","sticky":false,"template":"","format":"standard","meta":{"_uag_custom_page_level_css":"","_themeisle_gutenberg_block_has_review":false,"footnotes":""},"categories":[6169,6089],"tags":[6236],"class_list":["post-26889","post","type-post","status-publish","format-standard","has-post-thumbnail","hentry","category-essais-bmw","category-hybride","tag-guide-achat-4x4-et-suv"],"wppr_data":{"cwp_meta_box_check":"No"},"yoast_head":"<!-- This site is optimized with the Yoast SEO plugin v24.8.1 - https:\/\/yoast.com\/wordpress\/plugins\/seo\/ -->\n<title>La r\u00e9volution du luxe \u00e9cologique : D\u00e9couvrez la BMW X5 xDrive50e 2023 - Blog auto Carid\u00e9al<\/title>\n<meta name=\"description\" content=\"La BMW X5 xDrive50e 2023 marque une \u00e9volution majeure pour ce SUV premium d\u00e9j\u00e0 tr\u00e8s appr\u00e9ci\u00e9. Les changements sont subtils\" \/>\n<meta name=\"robots\" content=\"index, follow, max-snippet:-1, max-image-preview:large, max-video-preview:-1\" \/>\n<link rel=\"canonical\" href=\"https:\/\/www.carideal.com\/blog\/2023\/08\/19\/la-revolution-du-luxe-ecologique-decouvrez-la-bmw-x5-xdrive50e-2023\/\" \/>\n<meta property=\"og:locale\" content=\"fr_FR\" \/>\n<meta property=\"og:type\" content=\"article\" \/>\n<meta property=\"og:title\" content=\"La r\u00e9volution du luxe \u00e9cologique : D\u00e9couvrez la BMW X5 xDrive50e 2023 - Blog auto Carid\u00e9al\" \/>\n<meta property=\"og:description\" content=\"La BMW X5 xDrive50e 2023 marque une \u00e9volution majeure pour ce SUV premium d\u00e9j\u00e0 tr\u00e8s appr\u00e9ci\u00e9. Les changements sont subtils\" \/>\n<meta property=\"og:url\" content=\"https:\/\/www.carideal.com\/blog\/2023\/08\/19\/la-revolution-du-luxe-ecologique-decouvrez-la-bmw-x5-xdrive50e-2023\/\" \/>\n<meta property=\"og:site_name\" content=\"Blog auto Carid\u00e9al\" \/>\n<meta property=\"article:publisher\" content=\"https:\/\/www.facebook.com\/Carideal.mandataire.automobile\" \/>\n<meta property=\"article:author\" content=\"https:\/\/www.facebook.com\/nicolas.schiavon.39\" \/>\n<meta property=\"article:published_time\" content=\"2023-08-19T09:53:07+00:00\" \/>\n<meta property=\"article:modified_time\" content=\"2023-08-19T09:53:56+00:00\" \/>\n<meta property=\"og:image\" content=\"https:\/\/www.carideal.com\/blog\/wp-content\/uploads\/2023\/08\/BMW-X5-50e-2023.webp\" \/>\n\t<meta property=\"og:image:width\" content=\"1260\" \/>\n\t<meta property=\"og:image:height\" content=\"710\" \/>\n\t<meta property=\"og:image:type\" content=\"image\/webp\" \/>\n<meta name=\"author\" content=\"Nicolas SCHIAVON\" \/>\n<meta name=\"twitter:card\" content=\"summary_large_image\" \/>\n<meta name=\"twitter:creator\" content=\"@caridealauto\" \/>\n<meta name=\"twitter:site\" content=\"@caridealauto\" \/>\n<meta name=\"twitter:label1\" content=\"\u00c9crit par\" \/>\n\t<meta name=\"twitter:data1\" content=\"Nicolas SCHIAVON\" \/>\n\t<meta name=\"twitter:label2\" content=\"Dur\u00e9e de lecture estim\u00e9e\" \/>\n\t<meta name=\"twitter:data2\" content=\"3 minutes\" \/>\n<script type=\"application\/ld+json\" class=\"yoast-schema-graph\">{\"@context\":\"https:\/\/schema.org\",\"@graph\":[{\"@type\":\"Article\",\"@id\":\"https:\/\/www.carideal.com\/blog\/2023\/08\/19\/la-revolution-du-luxe-ecologique-decouvrez-la-bmw-x5-xdrive50e-2023\/#article\",\"isPartOf\":{\"@id\":\"https:\/\/www.carideal.com\/blog\/2023\/08\/19\/la-revolution-du-luxe-ecologique-decouvrez-la-bmw-x5-xdrive50e-2023\/\"},\"author\":{\"name\":\"Nicolas SCHIAVON\",\"@id\":\"https:\/\/www.carideal.com\/blog\/#\/schema\/person\/cd95dc7919660de90d31b366f85be1ec\"},\"headline\":\"La r\u00e9volution du luxe \u00e9cologique : D\u00e9couvrez la BMW X5 xDrive50e 2023\",\"datePublished\":\"2023-08-19T09:53:07+00:00\",\"dateModified\":\"2023-08-19T09:53:56+00:00\",\"mainEntityOfPage\":{\"@id\":\"https:\/\/www.carideal.com\/blog\/2023\/08\/19\/la-revolution-du-luxe-ecologique-decouvrez-la-bmw-x5-xdrive50e-2023\/\"},\"wordCount\":472,\"commentCount\":0,\"publisher\":{\"@id\":\"https:\/\/www.carideal.com\/blog\/#organization\"},\"image\":{\"@id\":\"https:\/\/www.carideal.com\/blog\/2023\/08\/19\/la-revolution-du-luxe-ecologique-decouvrez-la-bmw-x5-xdrive50e-2023\/#primaryimage\"},\"thumbnailUrl\":\"https:\/\/www.carideal.com\/blog\/wp-content\/uploads\/2023\/08\/BMW-X5-50e-2023.webp\",\"keywords\":[\"Guide achat 4x4 et SUV\"],\"articleSection\":[\"Essais BMW\",\"Voiture Hybride\"],\"inLanguage\":\"fr-FR\",\"potentialAction\":[{\"@type\":\"CommentAction\",\"name\":\"Comment\",\"target\":[\"https:\/\/www.carideal.com\/blog\/2023\/08\/19\/la-revolution-du-luxe-ecologique-decouvrez-la-bmw-x5-xdrive50e-2023\/#respond\"]}]},{\"@type\":\"WebPage\",\"@id\":\"https:\/\/www.carideal.com\/blog\/2023\/08\/19\/la-revolution-du-luxe-ecologique-decouvrez-la-bmw-x5-xdrive50e-2023\/\",\"url\":\"https:\/\/www.carideal.com\/blog\/2023\/08\/19\/la-revolution-du-luxe-ecologique-decouvrez-la-bmw-x5-xdrive50e-2023\/\",\"name\":\"La r\u00e9volution du luxe \u00e9cologique : D\u00e9couvrez la BMW X5 xDrive50e 2023 - Blog auto Carid\u00e9al\",\"isPartOf\":{\"@id\":\"https:\/\/www.carideal.com\/blog\/#website\"},\"primaryImageOfPage\":{\"@id\":\"https:\/\/www.carideal.com\/blog\/2023\/08\/19\/la-revolution-du-luxe-ecologique-decouvrez-la-bmw-x5-xdrive50e-2023\/#primaryimage\"},\"image\":{\"@id\":\"https:\/\/www.carideal.com\/blog\/2023\/08\/19\/la-revolution-du-luxe-ecologique-decouvrez-la-bmw-x5-xdrive50e-2023\/#primaryimage\"},\"thumbnailUrl\":\"https:\/\/www.carideal.com\/blog\/wp-content\/uploads\/2023\/08\/BMW-X5-50e-2023.webp\",\"datePublished\":\"2023-08-19T09:53:07+00:00\",\"dateModified\":\"2023-08-19T09:53:56+00:00\",\"description\":\"La BMW X5 xDrive50e 2023 marque une \u00e9volution majeure pour ce SUV premium d\u00e9j\u00e0 tr\u00e8s appr\u00e9ci\u00e9. Les changements sont subtils\",\"breadcrumb\":{\"@id\":\"https:\/\/www.carideal.com\/blog\/2023\/08\/19\/la-revolution-du-luxe-ecologique-decouvrez-la-bmw-x5-xdrive50e-2023\/#breadcrumb\"},\"inLanguage\":\"fr-FR\",\"potentialAction\":[{\"@type\":\"ReadAction\",\"target\":[\"https:\/\/www.carideal.com\/blog\/2023\/08\/19\/la-revolution-du-luxe-ecologique-decouvrez-la-bmw-x5-xdrive50e-2023\/\"]}]},{\"@type\":\"ImageObject\",\"inLanguage\":\"fr-FR\",\"@id\":\"https:\/\/www.carideal.com\/blog\/2023\/08\/19\/la-revolution-du-luxe-ecologique-decouvrez-la-bmw-x5-xdrive50e-2023\/#primaryimage\",\"url\":\"https:\/\/www.carideal.com\/blog\/wp-content\/uploads\/2023\/08\/BMW-X5-50e-2023.webp\",\"contentUrl\":\"https:\/\/www.carideal.com\/blog\/wp-content\/uploads\/2023\/08\/BMW-X5-50e-2023.webp\",\"width\":1260,\"height\":710,\"caption\":\"La r\u00e9volution du luxe \u00e9cologique : D\u00e9couvrez la BMW X5 xDrive50e 2023\"},{\"@type\":\"BreadcrumbList\",\"@id\":\"https:\/\/www.carideal.com\/blog\/2023\/08\/19\/la-revolution-du-luxe-ecologique-decouvrez-la-bmw-x5-xdrive50e-2023\/#breadcrumb\",\"itemListElement\":[{\"@type\":\"ListItem\",\"position\":1,\"name\":\"Blog Carid\u00e9al\",\"item\":\"https:\/\/www.carideal.com\/blog\/\"},{\"@type\":\"ListItem\",\"position\":2,\"name\":\"Essais automobile\",\"item\":\"https:\/\/www.carideal.com\/blog\/essai\/\"},{\"@type\":\"ListItem\",\"position\":3,\"name\":\"Essais BMW\",\"item\":\"https:\/\/www.carideal.com\/blog\/essai\/essais-bmw\/\"},{\"@type\":\"ListItem\",\"position\":4,\"name\":\"La r\u00e9volution du luxe \u00e9cologique : D\u00e9couvrez la BMW X5 xDrive50e 2023\"}]},{\"@type\":\"WebSite\",\"@id\":\"https:\/\/www.carideal.com\/blog\/#website\",\"url\":\"https:\/\/www.carideal.com\/blog\/\",\"name\":\"Blog auto Carid\u00e9al\",\"description\":\"Actualit\u00e9 auto par des passionn\u00e9s\",\"publisher\":{\"@id\":\"https:\/\/www.carideal.com\/blog\/#organization\"},\"potentialAction\":[{\"@type\":\"SearchAction\",\"target\":{\"@type\":\"EntryPoint\",\"urlTemplate\":\"https:\/\/www.carideal.com\/blog\/?s={search_term_string}\"},\"query-input\":{\"@type\":\"PropertyValueSpecification\",\"valueRequired\":true,\"valueName\":\"search_term_string\"}}],\"inLanguage\":\"fr-FR\"},{\"@type\":\"Organization\",\"@id\":\"https:\/\/www.carideal.com\/blog\/#organization\",\"name\":\"Carideal\",\"url\":\"https:\/\/www.carideal.com\/blog\/\",\"logo\":{\"@type\":\"ImageObject\",\"inLanguage\":\"fr-FR\",\"@id\":\"https:\/\/www.carideal.com\/blog\/#\/schema\/logo\/image\/\",\"url\":\"http:\/\/www.carideal.com\/blog\/wp-content\/uploads\/2016\/03\/logo-carideal-mandataire-automobile.png\",\"contentUrl\":\"http:\/\/www.carideal.com\/blog\/wp-content\/uploads\/2016\/03\/logo-carideal-mandataire-automobile.png\",\"width\":300,\"height\":300,\"caption\":\"Carideal\"},\"image\":{\"@id\":\"https:\/\/www.carideal.com\/blog\/#\/schema\/logo\/image\/\"},\"sameAs\":[\"https:\/\/www.facebook.com\/Carideal.mandataire.automobile\",\"https:\/\/x.com\/caridealauto\",\"https:\/\/www.instagram.com\/carideal1\/\",\"https:\/\/www.linkedin.com\/company\/carideal.com\",\"https:\/\/fr.pinterest.com\/schiavonsas\/\",\"https:\/\/www.youtube.com\/user\/caridealsas\"]},{\"@type\":\"Person\",\"@id\":\"https:\/\/www.carideal.com\/blog\/#\/schema\/person\/cd95dc7919660de90d31b366f85be1ec\",\"name\":\"Nicolas SCHIAVON\",\"image\":{\"@type\":\"ImageObject\",\"inLanguage\":\"fr-FR\",\"@id\":\"https:\/\/www.carideal.com\/blog\/#\/schema\/person\/image\/\",\"url\":\"https:\/\/secure.gravatar.com\/avatar\/c17e55009e671d92cc7f5dc837dc418a?s=96&r=g\",\"contentUrl\":\"https:\/\/secure.gravatar.com\/avatar\/c17e55009e671d92cc7f5dc837dc418a?s=96&r=g\",\"caption\":\"Nicolas SCHIAVON\"},\"description\":\"Nicolas Schiavon est tomb\u00e9 tout petit dans la marmite automobile. Ayant eu un garage de marque automobile, mandataire automobile de la premi\u00e8re heure d\u00e8s 1999. Nicolas a cr\u00e9\u00e9 ces premiers sites de vente de voiture et blog automobile d\u00e8s 1994. Carideal est n\u00e9 le 15 d\u00e9cembre 2000 de la volont\u00e9 de vendre des voitures d'occasions en ligne puis des voitures neuves. Il a pu essayer beaucoup de voitures tr\u00e8s diff\u00e9rentes et ayant eu personnellement quelques belles autos, Subaru Impreza, Mitsubishi Lancer Evo 7, Porsche 911, Ferrari Testarrossa, Audi RS3, RS4 et j'en passe...\",\"sameAs\":[\"http:\/\/www.carideal.com\",\"https:\/\/www.facebook.com\/nicolas.schiavon.39\",\"https:\/\/www.instagram.com\/carideal1\/\",\"https:\/\/www.linkedin.com\/in\/nschiavon\/\",\"https:\/\/x.com\/caridealauto\",\"https:\/\/www.youtube.com\/user\/caridealsas\/\"],\"url\":\"https:\/\/www.carideal.com\/blog\/author\/nschiavon\/\"}]}<\/script>\n<!-- \/ Yoast SEO plugin. -->","yoast_head_json":{"title":"La r\u00e9volution du luxe \u00e9cologique : D\u00e9couvrez la BMW X5 xDrive50e 2023 - Blog auto Carid\u00e9al","description":"La BMW X5 xDrive50e 2023 marque une \u00e9volution majeure pour ce SUV premium d\u00e9j\u00e0 tr\u00e8s appr\u00e9ci\u00e9. Les changements sont subtils","robots":{"index":"index","follow":"follow","max-snippet":"max-snippet:-1","max-image-preview":"max-image-preview:large","max-video-preview":"max-video-preview:-1"},"canonical":"https:\/\/www.carideal.com\/blog\/2023\/08\/19\/la-revolution-du-luxe-ecologique-decouvrez-la-bmw-x5-xdrive50e-2023\/","og_locale":"fr_FR","og_type":"article","og_title":"La r\u00e9volution du luxe \u00e9cologique : D\u00e9couvrez la BMW X5 xDrive50e 2023 - Blog auto Carid\u00e9al","og_description":"La BMW X5 xDrive50e 2023 marque une \u00e9volution majeure pour ce SUV premium d\u00e9j\u00e0 tr\u00e8s appr\u00e9ci\u00e9. Les changements sont subtils","og_url":"https:\/\/www.carideal.com\/blog\/2023\/08\/19\/la-revolution-du-luxe-ecologique-decouvrez-la-bmw-x5-xdrive50e-2023\/","og_site_name":"Blog auto Carid\u00e9al","article_publisher":"https:\/\/www.facebook.com\/Carideal.mandataire.automobile","article_author":"https:\/\/www.facebook.com\/nicolas.schiavon.39","article_published_time":"2023-08-19T09:53:07+00:00","article_modified_time":"2023-08-19T09:53:56+00:00","og_image":[{"width":1260,"height":710,"url":"https:\/\/www.carideal.com\/blog\/wp-content\/uploads\/2023\/08\/BMW-X5-50e-2023.webp","type":"image\/webp"}],"author":"Nicolas SCHIAVON","twitter_card":"summary_large_image","twitter_creator":"@caridealauto","twitter_site":"@caridealauto","twitter_misc":{"\u00c9crit par":"Nicolas SCHIAVON","Dur\u00e9e de lecture estim\u00e9e":"3 minutes"},"schema":{"@context":"https:\/\/schema.org","@graph":[{"@type":"Article","@id":"https:\/\/www.carideal.com\/blog\/2023\/08\/19\/la-revolution-du-luxe-ecologique-decouvrez-la-bmw-x5-xdrive50e-2023\/#article","isPartOf":{"@id":"https:\/\/www.carideal.com\/blog\/2023\/08\/19\/la-revolution-du-luxe-ecologique-decouvrez-la-bmw-x5-xdrive50e-2023\/"},"author":{"name":"Nicolas SCHIAVON","@id":"https:\/\/www.carideal.com\/blog\/#\/schema\/person\/cd95dc7919660de90d31b366f85be1ec"},"headline":"La r\u00e9volution du luxe \u00e9cologique : D\u00e9couvrez la BMW X5 xDrive50e 2023","datePublished":"2023-08-19T09:53:07+00:00","dateModified":"2023-08-19T09:53:56+00:00","mainEntityOfPage":{"@id":"https:\/\/www.carideal.com\/blog\/2023\/08\/19\/la-revolution-du-luxe-ecologique-decouvrez-la-bmw-x5-xdrive50e-2023\/"},"wordCount":472,"commentCount":0,"publisher":{"@id":"https:\/\/www.carideal.com\/blog\/#organization"},"image":{"@id":"https:\/\/www.carideal.com\/blog\/2023\/08\/19\/la-revolution-du-luxe-ecologique-decouvrez-la-bmw-x5-xdrive50e-2023\/#primaryimage"},"thumbnailUrl":"https:\/\/www.carideal.com\/blog\/wp-content\/uploads\/2023\/08\/BMW-X5-50e-2023.webp","keywords":["Guide achat 4x4 et SUV"],"articleSection":["Essais BMW","Voiture Hybride"],"inLanguage":"fr-FR","potentialAction":[{"@type":"CommentAction","name":"Comment","target":["https:\/\/www.carideal.com\/blog\/2023\/08\/19\/la-revolution-du-luxe-ecologique-decouvrez-la-bmw-x5-xdrive50e-2023\/#respond"]}]},{"@type":"WebPage","@id":"https:\/\/www.carideal.com\/blog\/2023\/08\/19\/la-revolution-du-luxe-ecologique-decouvrez-la-bmw-x5-xdrive50e-2023\/","url":"https:\/\/www.carideal.com\/blog\/2023\/08\/19\/la-revolution-du-luxe-ecologique-decouvrez-la-bmw-x5-xdrive50e-2023\/","name":"La r\u00e9volution du luxe \u00e9cologique : D\u00e9couvrez la BMW X5 xDrive50e 2023 - Blog auto Carid\u00e9al","isPartOf":{"@id":"https:\/\/www.carideal.com\/blog\/#website"},"primaryImageOfPage":{"@id":"https:\/\/www.carideal.com\/blog\/2023\/08\/19\/la-revolution-du-luxe-ecologique-decouvrez-la-bmw-x5-xdrive50e-2023\/#primaryimage"},"image":{"@id":"https:\/\/www.carideal.com\/blog\/2023\/08\/19\/la-revolution-du-luxe-ecologique-decouvrez-la-bmw-x5-xdrive50e-2023\/#primaryimage"},"thumbnailUrl":"https:\/\/www.carideal.com\/blog\/wp-content\/uploads\/2023\/08\/BMW-X5-50e-2023.webp","datePublished":"2023-08-19T09:53:07+00:00","dateModified":"2023-08-19T09:53:56+00:00","description":"La BMW X5 xDrive50e 2023 marque une \u00e9volution majeure pour ce SUV premium d\u00e9j\u00e0 tr\u00e8s appr\u00e9ci\u00e9. Les changements sont subtils","breadcrumb":{"@id":"https:\/\/www.carideal.com\/blog\/2023\/08\/19\/la-revolution-du-luxe-ecologique-decouvrez-la-bmw-x5-xdrive50e-2023\/#breadcrumb"},"inLanguage":"fr-FR","potentialAction":[{"@type":"ReadAction","target":["https:\/\/www.carideal.com\/blog\/2023\/08\/19\/la-revolution-du-luxe-ecologique-decouvrez-la-bmw-x5-xdrive50e-2023\/"]}]},{"@type":"ImageObject","inLanguage":"fr-FR","@id":"https:\/\/www.carideal.com\/blog\/2023\/08\/19\/la-revolution-du-luxe-ecologique-decouvrez-la-bmw-x5-xdrive50e-2023\/#primaryimage","url":"https:\/\/www.carideal.com\/blog\/wp-content\/uploads\/2023\/08\/BMW-X5-50e-2023.webp","contentUrl":"https:\/\/www.carideal.com\/blog\/wp-content\/uploads\/2023\/08\/BMW-X5-50e-2023.webp","width":1260,"height":710,"caption":"La r\u00e9volution du luxe \u00e9cologique : D\u00e9couvrez la BMW X5 xDrive50e 2023"},{"@type":"BreadcrumbList","@id":"https:\/\/www.carideal.com\/blog\/2023\/08\/19\/la-revolution-du-luxe-ecologique-decouvrez-la-bmw-x5-xdrive50e-2023\/#breadcrumb","itemListElement":[{"@type":"ListItem","position":1,"name":"Blog Carid\u00e9al","item":"https:\/\/www.carideal.com\/blog\/"},{"@type":"ListItem","position":2,"name":"Essais automobile","item":"https:\/\/www.carideal.com\/blog\/essai\/"},{"@type":"ListItem","position":3,"name":"Essais BMW","item":"https:\/\/www.carideal.com\/blog\/essai\/essais-bmw\/"},{"@type":"ListItem","position":4,"name":"La r\u00e9volution du luxe \u00e9cologique : D\u00e9couvrez la BMW X5 xDrive50e 2023"}]},{"@type":"WebSite","@id":"https:\/\/www.carideal.com\/blog\/#website","url":"https:\/\/www.carideal.com\/blog\/","name":"Blog auto Carid\u00e9al","description":"Actualit\u00e9 auto par des passionn\u00e9s","publisher":{"@id":"https:\/\/www.carideal.com\/blog\/#organization"},"potentialAction":[{"@type":"SearchAction","target":{"@type":"EntryPoint","urlTemplate":"https:\/\/www.carideal.com\/blog\/?s={search_term_string}"},"query-input":{"@type":"PropertyValueSpecification","valueRequired":true,"valueName":"search_term_string"}}],"inLanguage":"fr-FR"},{"@type":"Organization","@id":"https:\/\/www.carideal.com\/blog\/#organization","name":"Carideal","url":"https:\/\/www.carideal.com\/blog\/","logo":{"@type":"ImageObject","inLanguage":"fr-FR","@id":"https:\/\/www.carideal.com\/blog\/#\/schema\/logo\/image\/","url":"http:\/\/www.carideal.com\/blog\/wp-content\/uploads\/2016\/03\/logo-carideal-mandataire-automobile.png","contentUrl":"http:\/\/www.carideal.com\/blog\/wp-content\/uploads\/2016\/03\/logo-carideal-mandataire-automobile.png","width":300,"height":300,"caption":"Carideal"},"image":{"@id":"https:\/\/www.carideal.com\/blog\/#\/schema\/logo\/image\/"},"sameAs":["https:\/\/www.facebook.com\/Carideal.mandataire.automobile","https:\/\/x.com\/caridealauto","https:\/\/www.instagram.com\/carideal1\/","https:\/\/www.linkedin.com\/company\/carideal.com","https:\/\/fr.pinterest.com\/schiavonsas\/","https:\/\/www.youtube.com\/user\/caridealsas"]},{"@type":"Person","@id":"https:\/\/www.carideal.com\/blog\/#\/schema\/person\/cd95dc7919660de90d31b366f85be1ec","name":"Nicolas SCHIAVON","image":{"@type":"ImageObject","inLanguage":"fr-FR","@id":"https:\/\/www.carideal.com\/blog\/#\/schema\/person\/image\/","url":"https:\/\/secure.gravatar.com\/avatar\/c17e55009e671d92cc7f5dc837dc418a?s=96&r=g","contentUrl":"https:\/\/secure.gravatar.com\/avatar\/c17e55009e671d92cc7f5dc837dc418a?s=96&r=g","caption":"Nicolas SCHIAVON"},"description":"Nicolas Schiavon est tomb\u00e9 tout petit dans la marmite automobile. Ayant eu un garage de marque automobile, mandataire automobile de la premi\u00e8re heure d\u00e8s 1999. Nicolas a cr\u00e9\u00e9 ces premiers sites de vente de voiture et blog automobile d\u00e8s 1994. Carideal est n\u00e9 le 15 d\u00e9cembre 2000 de la volont\u00e9 de vendre des voitures d'occasions en ligne puis des voitures neuves. Il a pu essayer beaucoup de voitures tr\u00e8s diff\u00e9rentes et ayant eu personnellement quelques belles autos, Subaru Impreza, Mitsubishi Lancer Evo 7, Porsche 911, Ferrari Testarrossa, Audi RS3, RS4 et j'en passe...","sameAs":["http:\/\/www.carideal.com","https:\/\/www.facebook.com\/nicolas.schiavon.39","https:\/\/www.instagram.com\/carideal1\/","https:\/\/www.linkedin.com\/in\/nschiavon\/","https:\/\/x.com\/caridealauto","https:\/\/www.youtube.com\/user\/caridealsas\/"],"url":"https:\/\/www.carideal.com\/blog\/author\/nschiavon\/"}]}},"uagb_featured_image_src":{"full":["https:\/\/www.carideal.com\/blog\/wp-content\/uploads\/2023\/08\/BMW-X5-50e-2023.webp",1260,710,false],"thumbnail":["https:\/\/www.carideal.com\/blog\/wp-content\/uploads\/2023\/08\/BMW-X5-50e-2023-150x150.webp",150,150,true],"medium":["https:\/\/www.carideal.com\/blog\/wp-content\/uploads\/2023\/08\/BMW-X5-50e-2023-300x169.webp",300,169,true],"medium_large":["https:\/\/www.carideal.com\/blog\/wp-content\/uploads\/2023\/08\/BMW-X5-50e-2023-768x433.webp",768,433,true],"large":["https:\/\/www.carideal.com\/blog\/wp-content\/uploads\/2023\/08\/BMW-X5-50e-2023-1024x577.webp",1024,577,true],"1536x1536":["https:\/\/www.carideal.com\/blog\/wp-content\/uploads\/2023\/08\/BMW-X5-50e-2023.webp",1260,710,false],"2048x2048":["https:\/\/www.carideal.com\/blog\/wp-content\/uploads\/2023\/08\/BMW-X5-50e-2023.webp",1260,710,false],"wppr-widget":["https:\/\/www.carideal.com\/blog\/wp-content\/uploads\/2023\/08\/BMW-X5-50e-2023-50x28.webp",50,28,true]},"uagb_author_info":{"display_name":"Nicolas SCHIAVON","author_link":"https:\/\/www.carideal.com\/blog\/author\/nschiavon\/"},"uagb_comment_info":0,"uagb_excerpt":"La BMW X5 xDrive50e 2023 : L'ultime SUV hybride rechargeable \ud83c\udf3f\ud83d\ude80 Le nouveau SUV X5 de BMW est une \u00e9volution \u00e9l\u00e9gante \ud83c\udf1f La BMW X5 xDrive50e 2023 marque une \u00e9volution majeure pour ce SUV premium d\u00e9j\u00e0 tr\u00e8s appr\u00e9ci\u00e9. Les changements sont subtils mais bien pr\u00e9sents, notamment au niveau de la calandre, des phares et des\u2026","_links":{"self":[{"href":"https:\/\/www.carideal.com\/blog\/wp-json\/wp\/v2\/posts\/26889"}],"collection":[{"href":"https:\/\/www.carideal.com\/blog\/wp-json\/wp\/v2\/posts"}],"about":[{"href":"https:\/\/www.carideal.com\/blog\/wp-json\/wp\/v2\/types\/post"}],"author":[{"embeddable":true,"href":"https:\/\/www.carideal.com\/blog\/wp-json\/wp\/v2\/users\/3"}],"replies":[{"embeddable":true,"href":"https:\/\/www.carideal.com\/blog\/wp-json\/wp\/v2\/comments?post=26889"}],"version-history":[{"count":0,"href":"https:\/\/www.carideal.com\/blog\/wp-json\/wp\/v2\/posts\/26889\/revisions"}],"wp:featuredmedia":[{"embeddable":true,"href":"https:\/\/www.carideal.com\/blog\/wp-json\/wp\/v2\/media\/26891"}],"wp:attachment":[{"href":"https:\/\/www.carideal.com\/blog\/wp-json\/wp\/v2\/media?parent=26889"}],"wp:term":[{"taxonomy":"category","embeddable":true,"href":"https:\/\/www.carideal.com\/blog\/wp-json\/wp\/v2\/categories?post=26889"},{"taxonomy":"post_tag","embeddable":true,"href":"https:\/\/www.carideal.com\/blog\/wp-json\/wp\/v2\/tags?post=26889"}],"curies":[{"name":"wp","href":"https:\/\/api.w.org\/{rel}","templated":true}]}}