{"id":26793,"date":"2023-07-06T10:38:38","date_gmt":"2023-07-06T08:38:38","guid":{"rendered":"http:\/\/www.carideal.com\/blog\/?p=26793"},"modified":"2023-07-25T10:40:08","modified_gmt":"2023-07-25T08:40:08","slug":"la-nouvelle-mercedes-cle-est-lancee-pour-changer-les-voitures-de-sport-de-la-classe-c-et-de-la-classe-e","status":"publish","type":"post","link":"https:\/\/www.carideal.com\/blog\/2023\/07\/06\/la-nouvelle-mercedes-cle-est-lancee-pour-changer-les-voitures-de-sport-de-la-classe-c-et-de-la-classe-e\/","title":{"rendered":"La nouvelle Mercedes CLE est lanc\u00e9e pour changer les voitures de sport de la Classe C et de la Classe E"},"content":{"rendered":"\n<h2 class=\"wp-block-heading\">La nouvelle Mercedes CLE est lanc\u00e9e pour changer les voitures de sport de la Classe C et de la Classe E<\/h2>\n\n\n\n<p>La <strong>CLE<\/strong> est un tout nouveau nom dans la gamme <a href=\"http:\/\/www.carideal.com\/blog\/marque-de-voiture-actualites-essais\/mercedes\/\">Mercedes<\/a>, cens\u00e9 offrir les meilleurs \u00e9l\u00e9ments des anciennes Classe C et Classe E \u00e0 deux portes dans un seul plan.<\/p>\n\n\n\n<p>Mercedes se bat sur deux fronts avec sa gamme de versions EQ enti\u00e8rement \u00e9lectriques et ses voitures \u00e0 moteur \u00e0 combustion interne h\u00e9rit\u00e9es du pass\u00e9. La nouvelle Mercedes CLE, qui remplacera les versions \u00e0 deux portes de la <a href=\"http:\/\/www.carideal.com\/blog\/2014\/06\/04\/quelle-mercedes-classe-c-doccasion-choisir\/\">Classe C<\/a> et de la <a href=\"http:\/\/www.carideal.com\/blog\/2013\/03\/27\/mercedes-classe-e\/\">Classe E<\/a>, contribuera \u00e0 r\u00e9duire cette derni\u00e8re gamme.<\/p>\n\n\n\n<p>Un CLE interchangeable sera r\u00e9v\u00e9l\u00e9 dans les mois \u00e0 venir, mais Mercedes a pris la d\u00e9cision de d\u00e9voiler le nouveau mod\u00e8le en tant que coup\u00e9, offrant ainsi un nouvel adversaire \u00e0 la <strong><a href=\"http:\/\/www.carideal.com\/blog\/2014\/05\/26\/la-bmw-serie-4\/\">BMW S\u00e9rie 4<\/a><\/strong> et \u00e0 l'<strong><a href=\"http:\/\/www.carideal.com\/blog\/2012\/05\/04\/nouvelle-audi-a5\/\">Audi A5<\/a><\/strong>. Si l'on se fie aux pr\u00e9c\u00e9dents clich\u00e9s, on peut s'attendre \u00e0 ce que le d\u00e9partement AMG de Mercedes pr\u00e9sente \u00e9galement son mod\u00e8le CLE ax\u00e9 sur les performances dans le courant de l'ann\u00e9e.<\/p>\n\n\n\n<p>Mercedes affirme que le lancement sur le march\u00e9 de la voiture de sport CLE commencera certainement en novembre et que le cabriolet \u00e0 toit escamotable suivra en 2024. Les prix n'ont pas encore \u00e9t\u00e9 annonc\u00e9s, mais nous pr\u00e9voyons que la CLE sera commercialis\u00e9e \u00e0 partir d'environ 50 000 euros.<\/p>\n\n\n\n<h2 class=\"wp-block-heading\">Mercedes CLE : am\u00e9nagement ext\u00e9rieur<\/h2>\n\n\n\n<p>La CLE est con\u00e7ue pour se situer entre la Classe C et la Classe E, Mercedes d\u00e9clarant qu'elle r\u00e9unira les meilleures qualit\u00e9s des deux versions. En termes de dimensions, il est vraiment plus long que la Classe E Coup\u00e9 sortante, mais il a la m\u00eame taille et une assise un peu plus r\u00e9duite pour lui donner un profil plus \u00e9l\u00e9gant.<\/p>\n\n\n\n<p>La face avant de la CLE est plus comparable \u00e0 celle de la Classe C qu'\u00e0 celle de la toute nouvelle Classe E inspir\u00e9e de l'EQE. Les phares \u00e0 LED sont isol\u00e9s, la calandre reprend celle de la Panamerica de Mercedes et le capot est encore plus pro\u00e9minent. Sur les c\u00f4t\u00e9s, on retrouve un design simple avec des lignes \u00e9pur\u00e9es, ainsi qu'\u00e0 l'arri\u00e8re, un style de feux arri\u00e8re similaire \u00e0 celui du nouveau GLC Coup\u00e9. De faux doubles embouts d'\u00e9chappement, un diffuseur et des ou\u00efes d'a\u00e9ration \u00e0 l'arri\u00e8re viennent s'ajouter pour offrir une allure plus sportive.<\/p>\n\n\n\n<h2 class=\"wp-block-heading\">Int\u00e9rieur et innovation<\/h2>\n\n\n\n<p>\u00c0 l'int\u00e9rieur du CLE, vous d\u00e9couvrirez instantan\u00e9ment de nombreux d\u00e9tails d'agencement et des innovations reprises de la Classe C et du GLC. L'\u00e9cran tactile principal de 12,3 pouces et l'\u00e9cran chauffeur de 11,9 pouces sont dot\u00e9s du tout dernier <strong>syst\u00e8me d'information MBUX<\/strong>, qui comprend le tout nouveau syst\u00e8me d'exploitation des routines de Mercedes. Ce syst\u00e8me d\u00e9couvre les habitudes du conducteur et active instantan\u00e9ment la climatisation, modifie les lumi\u00e8res d'ambiance et \u00e9tablit des rep\u00e8res tels que les f\u00eates d'anniversaire ou les appels t\u00e9l\u00e9phoniques en fonction des communications pr\u00e9c\u00e9dentes.<\/p>\n\n\n\n<p>Mercedes a \u00e9galement mis au point un nouveau syst\u00e8me de reconnaissance vocale, apparu pour la premi\u00e8re fois sur la Classe E. Il n'est plus n\u00e9cessaire de dire \"Hey Mercedes\" pour l'alerter. Au lieu de cela, si le chauffeur est seul dans la voiture, il peut lancer la commande vocale lorsqu'un signe de microphone rouge appara\u00eet sur le combin\u00e9 d'affichage du conducteur du v\u00e9hicule.<\/p>\n\n\n\n<p>Des mises \u00e0 jour automatiques seront mises \u00e0 la disposition des propri\u00e9taires de CLE tout au long de sa dur\u00e9e de vie et, sur certains march\u00e9s, le v\u00e9hicule aura certainement la capacit\u00e9 de fournir une connexion internet 5G. L'\u00e9cran principal comprend \u00e9galement de nouvelles applications telles que TikTok, le navigateur Internet Vivaldi et m\u00eame le jeu vid\u00e9o Angry Birds.<\/p>\n\n\n\n<p>Mercedes a \u00e9galement mis en place une multitude d'attributs de s\u00e9curit\u00e9, tels que l'aide \u00e0 la mise au point, l'assistance au freinage \u00e9nergique, le maintien de la trajectoire, l'avertissement de limitation de vitesse ainsi qu'une cam\u00e9ra vid\u00e9o de demi-tour. L'offre \"Advanced Plus\" comprend l'assistance aux zones invisibles et la reconnaissance des panneaux de signalisation.<\/p>\n\n\n\n<p>L'empattement \u00e9tant 8 mm plus court que celui de la Classe E Coup\u00e9, l'int\u00e9rieur du CLE est l\u00e9g\u00e8rement plus petit. L'espace pour les jambes et le d\u00e9gagement \u00e0 l'arri\u00e8re sont nettement inf\u00e9rieurs, et le coffre de 420 litres est inf\u00e9rieur de 5 litres \u00e0 celui de la Classe E deux portes, mais sup\u00e9rieur de 60 litres \u00e0 celui de l'ancienne Classe C Coup\u00e9.<\/p>\n\n\n\n<h2 class=\"wp-block-heading\">Moteurs et efficacit\u00e9<\/h2>\n\n\n\n<p>La CLE repose sur le syst\u00e8me MRA2, qui \u00e9quipe \u00e9galement la Classe C, la Classe E, la Classe S et le GLC. D\u00e8s son lancement, la CLE sera certainement propos\u00e9e avec un moteur diesel et quatre moteurs \u00e0 essence - tous des syst\u00e8mes de 2,0 litres dot\u00e9s de la technologie mild-hybrid et coupl\u00e9s \u00e0 une transmission automatique \u00e0 neuf rapports. Une version crois\u00e9e plug-in viendra certainement compl\u00e9ter la gamme \u00e0 l'avenir.<\/p>\n\n\n\n<p>Le mod\u00e8le d'entr\u00e9e de gamme CLE 220 d est dot\u00e9 d'une puissance de 197 ch et d'un couple de 440 Nm pour un temps de 0 \u00e0 100 km\/h de 7,5 secondes. Le g\u00e9n\u00e9rateur de d\u00e9marrage incorpor\u00e9 n'a pas chang\u00e9 d'un mod\u00e8le \u00e0 l'autre et permet de rouler en vitesse de croisi\u00e8re, avec des pourcentages de boost et de r\u00e9cup\u00e9ration. Avec la <strong>deuxi\u00e8me g\u00e9n\u00e9ration du syst\u00e8me ISG<\/strong>, la puissance est de 23 ch et le couple de 200 Nm.<\/p>\n\n\n\n<figure class=\"wp-block-embed is-type-video is-provider-youtube wp-block-embed-youtube wp-embed-aspect-16-9 wp-has-aspect-ratio\"><div class=\"wp-block-embed__wrapper\">\n<iframe loading=\"lazy\" title=\"New Mercedes CLE revealed: Better than a BMW 4 Series?!\" width=\"1200\" height=\"675\" src=\"https:\/\/www.youtube.com\/embed\/PL9h-gZNI5k?feature=oembed\" frameborder=\"0\" allow=\"accelerometer; autoplay; clipboard-write; encrypted-media; gyroscope; picture-in-picture; web-share\" allowfullscreen><\/iframe>\n<\/div><\/figure>\n\n\n\n<p>La puissance de l'essence commence avec le CLE 200. Il d\u00e9veloppe une puissance de 204 ch et un couple de 320 Nm, ce qui permet de gagner 0,1 seconde sur le 0 \u00e0 100 km\/h du diesel. Mercedes annonce une consommation de 6.41 l\/100km pour la 200 contre 4.7 l\/100km pour la 220 d. La 200 est \u00e9galement propos\u00e9e avec la transmission int\u00e9grale Mercedes 4MATIC, qui ajoute 0,1 seconde au temps de 0 \u00e0 100 km\/h et d\u00e9t\u00e9riore \u00e9galement la consommation de carburant \u00e0 6.71 l\/100 km.<\/p>\n\n\n\n<p>Le CLE 300 4MATIC est dot\u00e9 d'une puissance de 258 ch et d'un couple de 400 Nm. Cela signifie que la vitesse diminue \u00e0 6,2 secondes pour atteindre 100 km par heure et que la vitesse maximale est limit\u00e9e \u00e9lectroniquement \u00e0 250 km par heure. Le CLE 450 est \u00e9galement plus rapide gr\u00e2ce \u00e0 ses 381 ch et 500 Nm de couple, assist\u00e9s par le turbocompresseur \u00e0 double spirale modifi\u00e9. C'est le v\u00e9hicule le plus rapide pour atteindre les 100 km\/h - en 4,4 secondes - jusqu'\u00e0 l'arriv\u00e9e des versions Mercedes-AMG.<\/p>\n\n\n\n<ul class=\"wp-block-list\">\n<li><a href=\"http:\/\/www.carideal.com\/blog\/2023\/07\/25\/le-futur-des-voitures-electriques-en-2024-et-au-dela-un-apercu-des-futures-stars-de-lautomobile-electrique\/\">Voitures \u00e9lectriques du Futur\u00a0: Quel paysage pr\u00e9voir pour 2024 et au-del\u00e0 ?<\/a><\/li>\n<\/ul>\n\n\n\n<p>La direction de l'essieu arri\u00e8re fait partie du pack \"Contr\u00f4le dynamique de la carrosserie\". Elle permet aux roues arri\u00e8re de la CLE de braquer jusqu'\u00e0 2,5 niveaux. Le pack ajoute \u00e9galement un amortissement souple constant. Comme crit\u00e8re, le CLE est r\u00e9duit de 15 mm par rapport \u00e0 la Classe E.<\/p>\n","protected":false},"excerpt":{"rendered":"<p>La nouvelle Mercedes CLE est lanc\u00e9e pour changer les voitures de sport de la Classe C et de la Classe E La CLE est un tout nouveau nom dans la gamme Mercedes, cens\u00e9 offrir les meilleurs \u00e9l\u00e9ments des anciennes Classe C et Classe E \u00e0 deux portes dans un seul plan. Mercedes se bat sur &#8230; <a title=\"La nouvelle Mercedes CLE est lanc\u00e9e pour changer les voitures de sport de la Classe C et de la Classe E\" class=\"read-more\" href=\"https:\/\/www.carideal.com\/blog\/2023\/07\/06\/la-nouvelle-mercedes-cle-est-lancee-pour-changer-les-voitures-de-sport-de-la-classe-c-et-de-la-classe-e\/\" aria-label=\"En savoir plus sur La nouvelle Mercedes CLE est lanc\u00e9e pour changer les voitures de sport de la Classe C et de la Classe E\">Lire plus<\/a><\/p>\n","protected":false},"author":1,"featured_media":26796,"comment_status":"open","ping_status":"open","sticky":false,"template":"","format":"standard","meta":{"_uag_custom_page_level_css":"","_themeisle_gutenberg_block_has_review":false,"footnotes":""},"categories":[5995],"tags":[17229,6679],"class_list":["post-26793","post","type-post","status-publish","format-standard","has-post-thumbnail","hentry","category-mercedes","tag-berline","tag-berline-sportive"],"wppr_data":{"cwp_meta_box_check":"No"},"yoast_head":"<!-- This site is optimized with the Yoast SEO plugin v24.8.1 - https:\/\/yoast.com\/wordpress\/plugins\/seo\/ -->\n<title>La nouvelle Mercedes CLE est lanc\u00e9e pour changer les voitures de sport de la Classe C et de la Classe E - Blog auto Carid\u00e9al<\/title>\n<meta name=\"description\" content=\"La CLE est un tout nouveau nom dans la gamme Mercedes, cens\u00e9 offrir les meilleurs \u00e9l\u00e9ments des anciennes Classe C et Classe E \u00e0 deux portes dans un seul plan.\" \/>\n<meta name=\"robots\" content=\"index, follow, max-snippet:-1, max-image-preview:large, max-video-preview:-1\" \/>\n<link rel=\"canonical\" href=\"https:\/\/www.carideal.com\/blog\/2023\/07\/06\/la-nouvelle-mercedes-cle-est-lancee-pour-changer-les-voitures-de-sport-de-la-classe-c-et-de-la-classe-e\/\" \/>\n<meta property=\"og:locale\" content=\"fr_FR\" \/>\n<meta property=\"og:type\" content=\"article\" \/>\n<meta property=\"og:title\" content=\"La nouvelle Mercedes CLE est lanc\u00e9e pour changer les voitures de sport de la Classe C et de la Classe E - Blog auto Carid\u00e9al\" \/>\n<meta property=\"og:description\" content=\"La CLE est un tout nouveau nom dans la gamme Mercedes, cens\u00e9 offrir les meilleurs \u00e9l\u00e9ments des anciennes Classe C et Classe E \u00e0 deux portes dans un seul plan.\" \/>\n<meta property=\"og:url\" content=\"https:\/\/www.carideal.com\/blog\/2023\/07\/06\/la-nouvelle-mercedes-cle-est-lancee-pour-changer-les-voitures-de-sport-de-la-classe-c-et-de-la-classe-e\/\" \/>\n<meta property=\"og:site_name\" content=\"Blog auto Carid\u00e9al\" \/>\n<meta property=\"article:publisher\" content=\"https:\/\/www.facebook.com\/Carideal.mandataire.automobile\" \/>\n<meta property=\"article:author\" content=\"https:\/\/www.facebook.com\/Carideal.mandataire.automobile\/\" \/>\n<meta property=\"article:published_time\" content=\"2023-07-06T08:38:38+00:00\" \/>\n<meta property=\"article:modified_time\" content=\"2023-07-25T08:40:08+00:00\" \/>\n<meta property=\"og:image\" content=\"https:\/\/www.carideal.com\/blog\/wp-content\/uploads\/2023\/07\/Mercedes-CLE-2023.webp\" \/>\n\t<meta property=\"og:image:width\" content=\"1260\" \/>\n\t<meta property=\"og:image:height\" content=\"710\" \/>\n\t<meta property=\"og:image:type\" content=\"image\/webp\" \/>\n<meta name=\"author\" content=\"N.S Carideal\" \/>\n<meta name=\"twitter:card\" content=\"summary_large_image\" \/>\n<meta name=\"twitter:creator\" content=\"@caridealauto\" \/>\n<meta name=\"twitter:site\" content=\"@caridealauto\" \/>\n<meta name=\"twitter:label1\" content=\"\u00c9crit par\" \/>\n\t<meta name=\"twitter:data1\" content=\"N.S Carideal\" \/>\n\t<meta name=\"twitter:label2\" content=\"Dur\u00e9e de lecture estim\u00e9e\" \/>\n\t<meta name=\"twitter:data2\" content=\"6 minutes\" \/>\n<script type=\"application\/ld+json\" class=\"yoast-schema-graph\">{\"@context\":\"https:\/\/schema.org\",\"@graph\":[{\"@type\":\"Article\",\"@id\":\"https:\/\/www.carideal.com\/blog\/2023\/07\/06\/la-nouvelle-mercedes-cle-est-lancee-pour-changer-les-voitures-de-sport-de-la-classe-c-et-de-la-classe-e\/#article\",\"isPartOf\":{\"@id\":\"https:\/\/www.carideal.com\/blog\/2023\/07\/06\/la-nouvelle-mercedes-cle-est-lancee-pour-changer-les-voitures-de-sport-de-la-classe-c-et-de-la-classe-e\/\"},\"author\":{\"name\":\"N.S Carideal\",\"@id\":\"https:\/\/www.carideal.com\/blog\/#\/schema\/person\/985c7e757d1042d647f21bfaf8d41ebc\"},\"headline\":\"La nouvelle Mercedes CLE est lanc\u00e9e pour changer les voitures de sport de la Classe C et de la Classe E\",\"datePublished\":\"2023-07-06T08:38:38+00:00\",\"dateModified\":\"2023-07-25T08:40:08+00:00\",\"mainEntityOfPage\":{\"@id\":\"https:\/\/www.carideal.com\/blog\/2023\/07\/06\/la-nouvelle-mercedes-cle-est-lancee-pour-changer-les-voitures-de-sport-de-la-classe-c-et-de-la-classe-e\/\"},\"wordCount\":1181,\"commentCount\":0,\"publisher\":{\"@id\":\"https:\/\/www.carideal.com\/blog\/#organization\"},\"image\":{\"@id\":\"https:\/\/www.carideal.com\/blog\/2023\/07\/06\/la-nouvelle-mercedes-cle-est-lancee-pour-changer-les-voitures-de-sport-de-la-classe-c-et-de-la-classe-e\/#primaryimage\"},\"thumbnailUrl\":\"https:\/\/www.carideal.com\/blog\/wp-content\/uploads\/2023\/07\/Mercedes-CLE-2023.webp\",\"keywords\":[\"berline\",\"Berline sportive\"],\"articleSection\":[\"Actualit\u00e9 Mercedes\"],\"inLanguage\":\"fr-FR\",\"potentialAction\":[{\"@type\":\"CommentAction\",\"name\":\"Comment\",\"target\":[\"https:\/\/www.carideal.com\/blog\/2023\/07\/06\/la-nouvelle-mercedes-cle-est-lancee-pour-changer-les-voitures-de-sport-de-la-classe-c-et-de-la-classe-e\/#respond\"]}]},{\"@type\":\"WebPage\",\"@id\":\"https:\/\/www.carideal.com\/blog\/2023\/07\/06\/la-nouvelle-mercedes-cle-est-lancee-pour-changer-les-voitures-de-sport-de-la-classe-c-et-de-la-classe-e\/\",\"url\":\"https:\/\/www.carideal.com\/blog\/2023\/07\/06\/la-nouvelle-mercedes-cle-est-lancee-pour-changer-les-voitures-de-sport-de-la-classe-c-et-de-la-classe-e\/\",\"name\":\"La nouvelle Mercedes CLE est lanc\u00e9e pour changer les voitures de sport de la Classe C et de la Classe E - Blog auto Carid\u00e9al\",\"isPartOf\":{\"@id\":\"https:\/\/www.carideal.com\/blog\/#website\"},\"primaryImageOfPage\":{\"@id\":\"https:\/\/www.carideal.com\/blog\/2023\/07\/06\/la-nouvelle-mercedes-cle-est-lancee-pour-changer-les-voitures-de-sport-de-la-classe-c-et-de-la-classe-e\/#primaryimage\"},\"image\":{\"@id\":\"https:\/\/www.carideal.com\/blog\/2023\/07\/06\/la-nouvelle-mercedes-cle-est-lancee-pour-changer-les-voitures-de-sport-de-la-classe-c-et-de-la-classe-e\/#primaryimage\"},\"thumbnailUrl\":\"https:\/\/www.carideal.com\/blog\/wp-content\/uploads\/2023\/07\/Mercedes-CLE-2023.webp\",\"datePublished\":\"2023-07-06T08:38:38+00:00\",\"dateModified\":\"2023-07-25T08:40:08+00:00\",\"description\":\"La CLE est un tout nouveau nom dans la gamme Mercedes, cens\u00e9 offrir les meilleurs \u00e9l\u00e9ments des anciennes Classe C et Classe E \u00e0 deux portes dans un seul plan.\",\"breadcrumb\":{\"@id\":\"https:\/\/www.carideal.com\/blog\/2023\/07\/06\/la-nouvelle-mercedes-cle-est-lancee-pour-changer-les-voitures-de-sport-de-la-classe-c-et-de-la-classe-e\/#breadcrumb\"},\"inLanguage\":\"fr-FR\",\"potentialAction\":[{\"@type\":\"ReadAction\",\"target\":[\"https:\/\/www.carideal.com\/blog\/2023\/07\/06\/la-nouvelle-mercedes-cle-est-lancee-pour-changer-les-voitures-de-sport-de-la-classe-c-et-de-la-classe-e\/\"]}]},{\"@type\":\"ImageObject\",\"inLanguage\":\"fr-FR\",\"@id\":\"https:\/\/www.carideal.com\/blog\/2023\/07\/06\/la-nouvelle-mercedes-cle-est-lancee-pour-changer-les-voitures-de-sport-de-la-classe-c-et-de-la-classe-e\/#primaryimage\",\"url\":\"https:\/\/www.carideal.com\/blog\/wp-content\/uploads\/2023\/07\/Mercedes-CLE-2023.webp\",\"contentUrl\":\"https:\/\/www.carideal.com\/blog\/wp-content\/uploads\/2023\/07\/Mercedes-CLE-2023.webp\",\"width\":1260,\"height\":710,\"caption\":\"La nouvelle Mercedes CLE est lanc\u00e9e pour changer les voitures de sport de la Classe C et de la Classe E\"},{\"@type\":\"BreadcrumbList\",\"@id\":\"https:\/\/www.carideal.com\/blog\/2023\/07\/06\/la-nouvelle-mercedes-cle-est-lancee-pour-changer-les-voitures-de-sport-de-la-classe-c-et-de-la-classe-e\/#breadcrumb\",\"itemListElement\":[{\"@type\":\"ListItem\",\"position\":1,\"name\":\"Blog Carid\u00e9al\",\"item\":\"https:\/\/www.carideal.com\/blog\/\"},{\"@type\":\"ListItem\",\"position\":2,\"name\":\"Actualit\u00e9 constructeur automobile\",\"item\":\"https:\/\/www.carideal.com\/blog\/constructeur\/\"},{\"@type\":\"ListItem\",\"position\":3,\"name\":\"Actualit\u00e9 Mercedes\",\"item\":\"https:\/\/www.carideal.com\/blog\/constructeur\/mercedes\/\"},{\"@type\":\"ListItem\",\"position\":4,\"name\":\"La nouvelle Mercedes CLE est lanc\u00e9e pour changer les voitures de sport de la Classe C et de la Classe E\"}]},{\"@type\":\"WebSite\",\"@id\":\"https:\/\/www.carideal.com\/blog\/#website\",\"url\":\"https:\/\/www.carideal.com\/blog\/\",\"name\":\"Blog auto Carid\u00e9al\",\"description\":\"Actualit\u00e9 auto par des passionn\u00e9s\",\"publisher\":{\"@id\":\"https:\/\/www.carideal.com\/blog\/#organization\"},\"potentialAction\":[{\"@type\":\"SearchAction\",\"target\":{\"@type\":\"EntryPoint\",\"urlTemplate\":\"https:\/\/www.carideal.com\/blog\/?s={search_term_string}\"},\"query-input\":{\"@type\":\"PropertyValueSpecification\",\"valueRequired\":true,\"valueName\":\"search_term_string\"}}],\"inLanguage\":\"fr-FR\"},{\"@type\":\"Organization\",\"@id\":\"https:\/\/www.carideal.com\/blog\/#organization\",\"name\":\"Carideal\",\"url\":\"https:\/\/www.carideal.com\/blog\/\",\"logo\":{\"@type\":\"ImageObject\",\"inLanguage\":\"fr-FR\",\"@id\":\"https:\/\/www.carideal.com\/blog\/#\/schema\/logo\/image\/\",\"url\":\"http:\/\/www.carideal.com\/blog\/wp-content\/uploads\/2016\/03\/logo-carideal-mandataire-automobile.png\",\"contentUrl\":\"http:\/\/www.carideal.com\/blog\/wp-content\/uploads\/2016\/03\/logo-carideal-mandataire-automobile.png\",\"width\":300,\"height\":300,\"caption\":\"Carideal\"},\"image\":{\"@id\":\"https:\/\/www.carideal.com\/blog\/#\/schema\/logo\/image\/\"},\"sameAs\":[\"https:\/\/www.facebook.com\/Carideal.mandataire.automobile\",\"https:\/\/x.com\/caridealauto\",\"https:\/\/www.instagram.com\/carideal1\/\",\"https:\/\/www.linkedin.com\/company\/carideal.com\",\"https:\/\/fr.pinterest.com\/schiavonsas\/\",\"https:\/\/www.youtube.com\/user\/caridealsas\"]},{\"@type\":\"Person\",\"@id\":\"https:\/\/www.carideal.com\/blog\/#\/schema\/person\/985c7e757d1042d647f21bfaf8d41ebc\",\"name\":\"N.S Carideal\",\"image\":{\"@type\":\"ImageObject\",\"inLanguage\":\"fr-FR\",\"@id\":\"https:\/\/www.carideal.com\/blog\/#\/schema\/person\/image\/\",\"url\":\"https:\/\/secure.gravatar.com\/avatar\/edb7ccdf1a4e3d14aef967760d354d0e?s=96&r=g\",\"contentUrl\":\"https:\/\/secure.gravatar.com\/avatar\/edb7ccdf1a4e3d14aef967760d354d0e?s=96&r=g\",\"caption\":\"N.S Carideal\"},\"description\":\"Depuis tout petit fan d'automobile. Il est question d'essayer et de comparer toutes ces voitures qui nous ont fait r\u00e9ver, avant que celles-ci ne devient uniquement des voitures de collection.\",\"sameAs\":[\"http:\/\/www.carideal.com\/blog\",\"https:\/\/www.facebook.com\/Carideal.mandataire.automobile\/\",\"https:\/\/www.linkedin.com\/in\/nschiavon\/\",\"https:\/\/www.youtube.com\/user\/caridealsas\/\"],\"url\":\"https:\/\/www.carideal.com\/blog\/author\/admin_carideal\/\"}]}<\/script>\n<!-- \/ Yoast SEO plugin. -->","yoast_head_json":{"title":"La nouvelle Mercedes CLE est lanc\u00e9e pour changer les voitures de sport de la Classe C et de la Classe E - Blog auto Carid\u00e9al","description":"La CLE est un tout nouveau nom dans la gamme Mercedes, cens\u00e9 offrir les meilleurs \u00e9l\u00e9ments des anciennes Classe C et Classe E \u00e0 deux portes dans un seul plan.","robots":{"index":"index","follow":"follow","max-snippet":"max-snippet:-1","max-image-preview":"max-image-preview:large","max-video-preview":"max-video-preview:-1"},"canonical":"https:\/\/www.carideal.com\/blog\/2023\/07\/06\/la-nouvelle-mercedes-cle-est-lancee-pour-changer-les-voitures-de-sport-de-la-classe-c-et-de-la-classe-e\/","og_locale":"fr_FR","og_type":"article","og_title":"La nouvelle Mercedes CLE est lanc\u00e9e pour changer les voitures de sport de la Classe C et de la Classe E - Blog auto Carid\u00e9al","og_description":"La CLE est un tout nouveau nom dans la gamme Mercedes, cens\u00e9 offrir les meilleurs \u00e9l\u00e9ments des anciennes Classe C et Classe E \u00e0 deux portes dans un seul plan.","og_url":"https:\/\/www.carideal.com\/blog\/2023\/07\/06\/la-nouvelle-mercedes-cle-est-lancee-pour-changer-les-voitures-de-sport-de-la-classe-c-et-de-la-classe-e\/","og_site_name":"Blog auto Carid\u00e9al","article_publisher":"https:\/\/www.facebook.com\/Carideal.mandataire.automobile","article_author":"https:\/\/www.facebook.com\/Carideal.mandataire.automobile\/","article_published_time":"2023-07-06T08:38:38+00:00","article_modified_time":"2023-07-25T08:40:08+00:00","og_image":[{"width":1260,"height":710,"url":"https:\/\/www.carideal.com\/blog\/wp-content\/uploads\/2023\/07\/Mercedes-CLE-2023.webp","type":"image\/webp"}],"author":"N.S Carideal","twitter_card":"summary_large_image","twitter_creator":"@caridealauto","twitter_site":"@caridealauto","twitter_misc":{"\u00c9crit par":"N.S Carideal","Dur\u00e9e de lecture estim\u00e9e":"6 minutes"},"schema":{"@context":"https:\/\/schema.org","@graph":[{"@type":"Article","@id":"https:\/\/www.carideal.com\/blog\/2023\/07\/06\/la-nouvelle-mercedes-cle-est-lancee-pour-changer-les-voitures-de-sport-de-la-classe-c-et-de-la-classe-e\/#article","isPartOf":{"@id":"https:\/\/www.carideal.com\/blog\/2023\/07\/06\/la-nouvelle-mercedes-cle-est-lancee-pour-changer-les-voitures-de-sport-de-la-classe-c-et-de-la-classe-e\/"},"author":{"name":"N.S Carideal","@id":"https:\/\/www.carideal.com\/blog\/#\/schema\/person\/985c7e757d1042d647f21bfaf8d41ebc"},"headline":"La nouvelle Mercedes CLE est lanc\u00e9e pour changer les voitures de sport de la Classe C et de la Classe E","datePublished":"2023-07-06T08:38:38+00:00","dateModified":"2023-07-25T08:40:08+00:00","mainEntityOfPage":{"@id":"https:\/\/www.carideal.com\/blog\/2023\/07\/06\/la-nouvelle-mercedes-cle-est-lancee-pour-changer-les-voitures-de-sport-de-la-classe-c-et-de-la-classe-e\/"},"wordCount":1181,"commentCount":0,"publisher":{"@id":"https:\/\/www.carideal.com\/blog\/#organization"},"image":{"@id":"https:\/\/www.carideal.com\/blog\/2023\/07\/06\/la-nouvelle-mercedes-cle-est-lancee-pour-changer-les-voitures-de-sport-de-la-classe-c-et-de-la-classe-e\/#primaryimage"},"thumbnailUrl":"https:\/\/www.carideal.com\/blog\/wp-content\/uploads\/2023\/07\/Mercedes-CLE-2023.webp","keywords":["berline","Berline sportive"],"articleSection":["Actualit\u00e9 Mercedes"],"inLanguage":"fr-FR","potentialAction":[{"@type":"CommentAction","name":"Comment","target":["https:\/\/www.carideal.com\/blog\/2023\/07\/06\/la-nouvelle-mercedes-cle-est-lancee-pour-changer-les-voitures-de-sport-de-la-classe-c-et-de-la-classe-e\/#respond"]}]},{"@type":"WebPage","@id":"https:\/\/www.carideal.com\/blog\/2023\/07\/06\/la-nouvelle-mercedes-cle-est-lancee-pour-changer-les-voitures-de-sport-de-la-classe-c-et-de-la-classe-e\/","url":"https:\/\/www.carideal.com\/blog\/2023\/07\/06\/la-nouvelle-mercedes-cle-est-lancee-pour-changer-les-voitures-de-sport-de-la-classe-c-et-de-la-classe-e\/","name":"La nouvelle Mercedes CLE est lanc\u00e9e pour changer les voitures de sport de la Classe C et de la Classe E - Blog auto Carid\u00e9al","isPartOf":{"@id":"https:\/\/www.carideal.com\/blog\/#website"},"primaryImageOfPage":{"@id":"https:\/\/www.carideal.com\/blog\/2023\/07\/06\/la-nouvelle-mercedes-cle-est-lancee-pour-changer-les-voitures-de-sport-de-la-classe-c-et-de-la-classe-e\/#primaryimage"},"image":{"@id":"https:\/\/www.carideal.com\/blog\/2023\/07\/06\/la-nouvelle-mercedes-cle-est-lancee-pour-changer-les-voitures-de-sport-de-la-classe-c-et-de-la-classe-e\/#primaryimage"},"thumbnailUrl":"https:\/\/www.carideal.com\/blog\/wp-content\/uploads\/2023\/07\/Mercedes-CLE-2023.webp","datePublished":"2023-07-06T08:38:38+00:00","dateModified":"2023-07-25T08:40:08+00:00","description":"La CLE est un tout nouveau nom dans la gamme Mercedes, cens\u00e9 offrir les meilleurs \u00e9l\u00e9ments des anciennes Classe C et Classe E \u00e0 deux portes dans un seul plan.","breadcrumb":{"@id":"https:\/\/www.carideal.com\/blog\/2023\/07\/06\/la-nouvelle-mercedes-cle-est-lancee-pour-changer-les-voitures-de-sport-de-la-classe-c-et-de-la-classe-e\/#breadcrumb"},"inLanguage":"fr-FR","potentialAction":[{"@type":"ReadAction","target":["https:\/\/www.carideal.com\/blog\/2023\/07\/06\/la-nouvelle-mercedes-cle-est-lancee-pour-changer-les-voitures-de-sport-de-la-classe-c-et-de-la-classe-e\/"]}]},{"@type":"ImageObject","inLanguage":"fr-FR","@id":"https:\/\/www.carideal.com\/blog\/2023\/07\/06\/la-nouvelle-mercedes-cle-est-lancee-pour-changer-les-voitures-de-sport-de-la-classe-c-et-de-la-classe-e\/#primaryimage","url":"https:\/\/www.carideal.com\/blog\/wp-content\/uploads\/2023\/07\/Mercedes-CLE-2023.webp","contentUrl":"https:\/\/www.carideal.com\/blog\/wp-content\/uploads\/2023\/07\/Mercedes-CLE-2023.webp","width":1260,"height":710,"caption":"La nouvelle Mercedes CLE est lanc\u00e9e pour changer les voitures de sport de la Classe C et de la Classe E"},{"@type":"BreadcrumbList","@id":"https:\/\/www.carideal.com\/blog\/2023\/07\/06\/la-nouvelle-mercedes-cle-est-lancee-pour-changer-les-voitures-de-sport-de-la-classe-c-et-de-la-classe-e\/#breadcrumb","itemListElement":[{"@type":"ListItem","position":1,"name":"Blog Carid\u00e9al","item":"https:\/\/www.carideal.com\/blog\/"},{"@type":"ListItem","position":2,"name":"Actualit\u00e9 constructeur automobile","item":"https:\/\/www.carideal.com\/blog\/constructeur\/"},{"@type":"ListItem","position":3,"name":"Actualit\u00e9 Mercedes","item":"https:\/\/www.carideal.com\/blog\/constructeur\/mercedes\/"},{"@type":"ListItem","position":4,"name":"La nouvelle Mercedes CLE est lanc\u00e9e pour changer les voitures de sport de la Classe C et de la Classe E"}]},{"@type":"WebSite","@id":"https:\/\/www.carideal.com\/blog\/#website","url":"https:\/\/www.carideal.com\/blog\/","name":"Blog auto Carid\u00e9al","description":"Actualit\u00e9 auto par des passionn\u00e9s","publisher":{"@id":"https:\/\/www.carideal.com\/blog\/#organization"},"potentialAction":[{"@type":"SearchAction","target":{"@type":"EntryPoint","urlTemplate":"https:\/\/www.carideal.com\/blog\/?s={search_term_string}"},"query-input":{"@type":"PropertyValueSpecification","valueRequired":true,"valueName":"search_term_string"}}],"inLanguage":"fr-FR"},{"@type":"Organization","@id":"https:\/\/www.carideal.com\/blog\/#organization","name":"Carideal","url":"https:\/\/www.carideal.com\/blog\/","logo":{"@type":"ImageObject","inLanguage":"fr-FR","@id":"https:\/\/www.carideal.com\/blog\/#\/schema\/logo\/image\/","url":"http:\/\/www.carideal.com\/blog\/wp-content\/uploads\/2016\/03\/logo-carideal-mandataire-automobile.png","contentUrl":"http:\/\/www.carideal.com\/blog\/wp-content\/uploads\/2016\/03\/logo-carideal-mandataire-automobile.png","width":300,"height":300,"caption":"Carideal"},"image":{"@id":"https:\/\/www.carideal.com\/blog\/#\/schema\/logo\/image\/"},"sameAs":["https:\/\/www.facebook.com\/Carideal.mandataire.automobile","https:\/\/x.com\/caridealauto","https:\/\/www.instagram.com\/carideal1\/","https:\/\/www.linkedin.com\/company\/carideal.com","https:\/\/fr.pinterest.com\/schiavonsas\/","https:\/\/www.youtube.com\/user\/caridealsas"]},{"@type":"Person","@id":"https:\/\/www.carideal.com\/blog\/#\/schema\/person\/985c7e757d1042d647f21bfaf8d41ebc","name":"N.S Carideal","image":{"@type":"ImageObject","inLanguage":"fr-FR","@id":"https:\/\/www.carideal.com\/blog\/#\/schema\/person\/image\/","url":"https:\/\/secure.gravatar.com\/avatar\/edb7ccdf1a4e3d14aef967760d354d0e?s=96&r=g","contentUrl":"https:\/\/secure.gravatar.com\/avatar\/edb7ccdf1a4e3d14aef967760d354d0e?s=96&r=g","caption":"N.S Carideal"},"description":"Depuis tout petit fan d'automobile. Il est question d'essayer et de comparer toutes ces voitures qui nous ont fait r\u00e9ver, avant que celles-ci ne devient uniquement des voitures de collection.","sameAs":["http:\/\/www.carideal.com\/blog","https:\/\/www.facebook.com\/Carideal.mandataire.automobile\/","https:\/\/www.linkedin.com\/in\/nschiavon\/","https:\/\/www.youtube.com\/user\/caridealsas\/"],"url":"https:\/\/www.carideal.com\/blog\/author\/admin_carideal\/"}]}},"uagb_featured_image_src":{"full":["https:\/\/www.carideal.com\/blog\/wp-content\/uploads\/2023\/07\/Mercedes-CLE-2023.webp",1260,710,false],"thumbnail":["https:\/\/www.carideal.com\/blog\/wp-content\/uploads\/2023\/07\/Mercedes-CLE-2023-150x150.webp",150,150,true],"medium":["https:\/\/www.carideal.com\/blog\/wp-content\/uploads\/2023\/07\/Mercedes-CLE-2023-300x169.webp",300,169,true],"medium_large":["https:\/\/www.carideal.com\/blog\/wp-content\/uploads\/2023\/07\/Mercedes-CLE-2023-768x433.webp",768,433,true],"large":["https:\/\/www.carideal.com\/blog\/wp-content\/uploads\/2023\/07\/Mercedes-CLE-2023-1024x577.webp",1024,577,true],"1536x1536":["https:\/\/www.carideal.com\/blog\/wp-content\/uploads\/2023\/07\/Mercedes-CLE-2023.webp",1260,710,false],"2048x2048":["https:\/\/www.carideal.com\/blog\/wp-content\/uploads\/2023\/07\/Mercedes-CLE-2023.webp",1260,710,false],"wppr-widget":["https:\/\/www.carideal.com\/blog\/wp-content\/uploads\/2023\/07\/Mercedes-CLE-2023-50x28.webp",50,28,true]},"uagb_author_info":{"display_name":"N.S Carideal","author_link":"https:\/\/www.carideal.com\/blog\/author\/admin_carideal\/"},"uagb_comment_info":1,"uagb_excerpt":"La nouvelle Mercedes CLE est lanc\u00e9e pour changer les voitures de sport de la Classe C et de la Classe E La CLE est un tout nouveau nom dans la gamme Mercedes, cens\u00e9 offrir les meilleurs \u00e9l\u00e9ments des anciennes Classe C et Classe E \u00e0 deux portes dans un seul plan. Mercedes se bat sur\u2026","_links":{"self":[{"href":"https:\/\/www.carideal.com\/blog\/wp-json\/wp\/v2\/posts\/26793"}],"collection":[{"href":"https:\/\/www.carideal.com\/blog\/wp-json\/wp\/v2\/posts"}],"about":[{"href":"https:\/\/www.carideal.com\/blog\/wp-json\/wp\/v2\/types\/post"}],"author":[{"embeddable":true,"href":"https:\/\/www.carideal.com\/blog\/wp-json\/wp\/v2\/users\/1"}],"replies":[{"embeddable":true,"href":"https:\/\/www.carideal.com\/blog\/wp-json\/wp\/v2\/comments?post=26793"}],"version-history":[{"count":0,"href":"https:\/\/www.carideal.com\/blog\/wp-json\/wp\/v2\/posts\/26793\/revisions"}],"wp:featuredmedia":[{"embeddable":true,"href":"https:\/\/www.carideal.com\/blog\/wp-json\/wp\/v2\/media\/26796"}],"wp:attachment":[{"href":"https:\/\/www.carideal.com\/blog\/wp-json\/wp\/v2\/media?parent=26793"}],"wp:term":[{"taxonomy":"category","embeddable":true,"href":"https:\/\/www.carideal.com\/blog\/wp-json\/wp\/v2\/categories?post=26793"},{"taxonomy":"post_tag","embeddable":true,"href":"https:\/\/www.carideal.com\/blog\/wp-json\/wp\/v2\/tags?post=26793"}],"curies":[{"name":"wp","href":"https:\/\/api.w.org\/{rel}","templated":true}]}}