{"id":26787,"date":"2023-07-06T10:01:40","date_gmt":"2023-07-06T08:01:40","guid":{"rendered":"http:\/\/www.carideal.com\/blog\/?p=26787"},"modified":"2024-04-25T11:26:22","modified_gmt":"2024-04-25T09:26:22","slug":"fiat-600e-le-crossover-electrique-retro-de-fiat-devoile-pour-concurrencer-les-leaders-du-marche","status":"publish","type":"post","link":"https:\/\/www.carideal.com\/blog\/2023\/07\/06\/fiat-600e-le-crossover-electrique-retro-de-fiat-devoile-pour-concurrencer-les-leaders-du-marche\/","title":{"rendered":"Fiat 600e : Le crossover \u00e9lectrique r\u00e9tro de Fiat d\u00e9voil\u00e9 pour concurrencer les leaders du march\u00e9"},"content":{"rendered":"\n<h2 class=\"wp-block-heading\" id=\"h-fiat-600e-le-crossover-electrique-retro-de-fiat-devoile-pour-concurrencer-les-leaders-du-marche\">Fiat 600e : Le crossover \u00e9lectrique r\u00e9tro de Fiat d\u00e9voil\u00e9 pour concurrencer les leaders du march\u00e9<\/h2>\n\n\n\n<p>Le tout nouveau <a href=\"https:\/\/www.carideal.com\/blog\/marque-de-voiture-actualites-essais\/fiat\/600-e\/\">Fiat 600e<\/a>, d\u00e9voil\u00e9 en tant que grand fr\u00e8re du c\u00e9l\u00e8bre Fiat 500, est un <a href=\"http:\/\/www.carideal.com\/blog\/2023\/06\/29\/%f0%9f%9a%99%f0%9f%94%8c-les-meilleurs-suv-electriques-guide-dachat-%f0%9f%94%8b%f0%9f%8c%bf\/\">SUV \u00e9lectrique<\/a> qui vient agrandir la gamme \u00e9lectrique de Fiat. Bas\u00e9 sur le ch\u00e2ssis du Jeep Avenger, ce <a href=\"http:\/\/www.carideal.com\/blog\/2019\/12\/26\/meilleurs-petits-suv-et-crossovers-en-vente\/\">crossover<\/a> compact au design r\u00e9tro rivalisera avec des mod\u00e8les tels que l'Hyundai Kona et le Kia Niro EV.<\/p>\n\n\n\n<p>L'<a href=\"https:\/\/www.carideal.com\/blog\/2023\/09\/23\/nouvelle-fiat-600e-debarque-en-france-decouvrez-les-photos\/\">arriv\u00e9e du Fiat 600e en France<\/a> est pr\u00e9vue pour l'automne, avec les premi\u00e8res livraisons aux clients qui suivront peu apr\u00e8s. Le prix et la fiche technique compl\u00e8te n'ont pas encore \u00e9t\u00e9 d\u00e9voil\u00e9s, mais on s'attend \u00e0 ce que la gamme d\u00e9marre aux alentours de 38 000 \u20ac, ce qui en fait un concurrent direct des r\u00e9cemment lanc\u00e9s Hyundai Kona, <a href=\"http:\/\/www.carideal.com\/blog\/2016\/02\/13\/kia-niro-2016\/\">Kia Niro EV<\/a> et du mod\u00e8le Stellantis, le Jeep Avenger EV.<\/p>\n\n\n\n<p>Le Fiat 600e repose sur la plateforme e-CMP, d\u00e9j\u00e0 utilis\u00e9e par de nombreux produits \u00e9lectriques Stellantis, ce qui rend sa composition technique assez famili\u00e8re. Il est \u00e9quip\u00e9 d'une batterie de 54 kWh offrant une autonomie annonc\u00e9e d'environ 249 miles, des chiffres similaires \u00e0 ceux de la <a href=\"http:\/\/www.carideal.com\/blog\/2020\/06\/19\/la-nouvelle-citroen-c4-2020-se-transforme-en-crossover-avec-des-options-essence-diesel-et-tout-electrique\/\">Citro\u00ebn e-C4 X<\/a> et de l'Opel Astra Electric, qui utilisent toutes deux la m\u00eame batterie. Il n'y aura qu'une seule option de moteur \u00e9lectrique, un moteur de 154 chevaux entra\u00eenant les roues avant, ce qui permet au v\u00e9hicule d'atteindre les 100 km\/h en neuf secondes.<\/p>\n\n\n\n<p>Selon Fiat, la vitesse de charge maximale devrait atteindre 100 kW, ce qui est suffisant pour obtenir une charge de 80 % en environ une demi-heure. Un chargeur embarqu\u00e9 de 11 kW et un c\u00e2ble pour la recharge \u00e0 domicile sont \u00e9galement inclus.<\/p>\n\n\n\n<p>Le Fiat 600e est environ huit centim\u00e8tres plus long que l'Avenger, avec une longueur de 4,17 m\u00e8tres, et offre une capacit\u00e9 de coffre sup\u00e9rieure de cinq litres par rapport \u00e0 la Jeep, avec 360 litres. L'int\u00e9rieur propose \u00e9galement des compartiments de rangement pratiques, pour un total de 15 litres suppl\u00e9mentaires. Le tableau de bord du 600e ressemble \u00e0 celui de l'Avenger, avec un dessus l\u00e9g\u00e8rement arrondi, mais int\u00e8gre le m\u00eame \u00e9cran num\u00e9rique de sept pouces et un syst\u00e8me d'infodivertissement de 10,25 pouces.<\/p>\n\n\n\n<p>En ce qui concerne le design ext\u00e9rieur, le Fiat 600e pr\u00e9sente de nombreux \u00e9l\u00e9ments caract\u00e9ristiques du Fiat 500, tels que le motif des phares divis\u00e9s, des feux arri\u00e8re similaires, des passages de roue noirs et des jantes en alliage allant jusqu'\u00e0 18 pouces. Fiat annonce que le 600e ne sera pas disponible en gris, suite \u00e0 l'annonce de la soci\u00e9t\u00e9 italienne de ne plus produire de voitures grises.<\/p>\n\n\n\n<p>Selon Fiat, le taux de charge maximal devrait atteindre 100 kW, ce qui permet d'obtenir une charge de 80 % en une demi-heure environ. Un chargeur de batterie embarqu\u00e9 de 11 kW et un c\u00e2ble pour la facturation \u00e0 domicile sont \u00e9galement inclus.<\/p>\n\n\n\n<figure class=\"wp-block-embed is-type-video is-provider-youtube wp-block-embed-youtube wp-embed-aspect-16-9 wp-has-aspect-ratio\"><div class=\"wp-block-embed__wrapper\">\n<iframe loading=\"lazy\" title=\"New Fiat 600e (2024) | Full-electric Crossover | REVEAL\" width=\"1200\" height=\"675\" src=\"https:\/\/www.youtube.com\/embed\/keTpsgOBWKg?feature=oembed\" frameborder=\"0\" allow=\"accelerometer; autoplay; clipboard-write; encrypted-media; gyroscope; picture-in-picture; web-share\" referrerpolicy=\"strict-origin-when-cross-origin\" allowfullscreen><\/iframe>\n<\/div><\/figure>\n\n\n\n<p>La Fiat 600e est plus longue d'environ huit centim\u00e8tres que l'Avenger, soit 4,17 m\u00e8tres, et offre un volume de coffre sup\u00e9rieur de cinq litres \u00e0 celui de la Jeep, soit 360 litres. L'int\u00e9rieur comprend en outre des espaces de rangement pratiques, avec 15 litres suppl\u00e9mentaires. Le tableau de bord de la 600e ressemble \u00e0 celui de l'Avenger, avec un sommet un peu plus arrondi, mais il int\u00e8gre le m\u00eame \u00e9cran \u00e9lectronique de sept pouces et un syst\u00e8me d'information de 10,25 pouces.<\/p>\n\n\n\n<ul class=\"wp-block-list\">\n<li><a href=\"http:\/\/www.carideal.com\/blog\/2023\/07\/25\/le-futur-des-voitures-electriques-en-2024-et-au-dela-un-apercu-des-futures-stars-de-lautomobile-electrique\/\">Voitures \u00e9lectriques du Futur&nbsp;: Quel paysage pr\u00e9voir pour 2024 et au-del\u00e0 ?<\/a><\/li>\n<\/ul>\n\n\n\n<p>En ce qui concerne le design ext\u00e9rieur, la Fiat 600e reprend plusieurs \u00e9l\u00e9ments caract\u00e9ristiques de la Fiat 500, tels que les phares en deux parties, les feux arri\u00e8re similaires, les passages de roue noirs et les jantes en alliage jusqu'\u00e0 18 pouces. Fiat a r\u00e9v\u00e9l\u00e9 que la 600e ne serait pas disponible en gris, suite au choix de la soci\u00e9t\u00e9 italienne d'arr\u00eater la production de voitures grises.<\/p>\n","protected":false},"excerpt":{"rendered":"<p>Fiat 600e : Le crossover \u00e9lectrique r\u00e9tro de Fiat d\u00e9voil\u00e9 pour concurrencer les leaders du march\u00e9 Le tout nouveau Fiat 600e, d\u00e9voil\u00e9 en tant que grand fr\u00e8re du c\u00e9l\u00e8bre Fiat 500, est un SUV \u00e9lectrique qui vient agrandir la gamme \u00e9lectrique de Fiat. Bas\u00e9 sur le ch\u00e2ssis du Jeep Avenger, ce crossover compact au design &#8230; <a title=\"Fiat 600e : Le crossover \u00e9lectrique r\u00e9tro de Fiat d\u00e9voil\u00e9 pour concurrencer les leaders du march\u00e9\" class=\"read-more\" href=\"https:\/\/www.carideal.com\/blog\/2023\/07\/06\/fiat-600e-le-crossover-electrique-retro-de-fiat-devoile-pour-concurrencer-les-leaders-du-marche\/\" aria-label=\"En savoir plus sur Fiat 600e : Le crossover \u00e9lectrique r\u00e9tro de Fiat d\u00e9voil\u00e9 pour concurrencer les leaders du march\u00e9\">Lire plus<\/a><\/p>\n","protected":false},"author":3,"featured_media":26788,"comment_status":"open","ping_status":"open","sticky":false,"template":"","format":"standard","meta":{"_uag_custom_page_level_css":"","_themeisle_gutenberg_block_has_review":false,"footnotes":""},"categories":[5980,5970],"tags":[9564],"class_list":["post-26787","post","type-post","status-publish","format-standard","has-post-thumbnail","hentry","category-fiat","category-electrique-technologie-2","tag-suv"],"wppr_data":{"cwp_meta_box_check":"No"},"yoast_head":"<!-- This site is optimized with the Yoast SEO plugin v24.8.1 - https:\/\/yoast.com\/wordpress\/plugins\/seo\/ -->\n<title>Fiat 600e : Le crossover \u00e9lectrique r\u00e9tro de Fiat d\u00e9voil\u00e9 pour concurrencer les leaders du march\u00e9 - Blog auto Carid\u00e9al<\/title>\n<meta name=\"robots\" content=\"index, follow, max-snippet:-1, max-image-preview:large, max-video-preview:-1\" \/>\n<link rel=\"canonical\" href=\"https:\/\/www.carideal.com\/blog\/2023\/07\/06\/fiat-600e-le-crossover-electrique-retro-de-fiat-devoile-pour-concurrencer-les-leaders-du-marche\/\" \/>\n<meta property=\"og:locale\" content=\"fr_FR\" \/>\n<meta property=\"og:type\" content=\"article\" \/>\n<meta property=\"og:title\" content=\"Fiat 600e : Le crossover \u00e9lectrique r\u00e9tro de Fiat d\u00e9voil\u00e9 pour concurrencer les leaders du march\u00e9 - Blog auto Carid\u00e9al\" \/>\n<meta property=\"og:description\" content=\"Fiat 600e : Le crossover \u00e9lectrique r\u00e9tro de Fiat d\u00e9voil\u00e9 pour concurrencer les leaders du march\u00e9 Le tout nouveau Fiat 600e, d\u00e9voil\u00e9 en tant que grand fr\u00e8re du c\u00e9l\u00e8bre Fiat 500, est un SUV \u00e9lectrique qui vient agrandir la gamme \u00e9lectrique de Fiat. Bas\u00e9 sur le ch\u00e2ssis du Jeep Avenger, ce crossover compact au design ... Lire plus\" \/>\n<meta property=\"og:url\" content=\"https:\/\/www.carideal.com\/blog\/2023\/07\/06\/fiat-600e-le-crossover-electrique-retro-de-fiat-devoile-pour-concurrencer-les-leaders-du-marche\/\" \/>\n<meta property=\"og:site_name\" content=\"Blog auto Carid\u00e9al\" \/>\n<meta property=\"article:publisher\" content=\"https:\/\/www.facebook.com\/Carideal.mandataire.automobile\" \/>\n<meta property=\"article:author\" content=\"https:\/\/www.facebook.com\/nicolas.schiavon.39\" \/>\n<meta property=\"article:published_time\" content=\"2023-07-06T08:01:40+00:00\" \/>\n<meta property=\"article:modified_time\" content=\"2024-04-25T09:26:22+00:00\" \/>\n<meta property=\"og:image\" content=\"https:\/\/www.carideal.com\/blog\/wp-content\/uploads\/2023\/07\/Fiat-600e-2023-scaled.webp\" \/>\n\t<meta property=\"og:image:width\" content=\"1200\" \/>\n\t<meta property=\"og:image:height\" content=\"676\" \/>\n\t<meta property=\"og:image:type\" content=\"image\/webp\" \/>\n<meta name=\"author\" content=\"Nicolas SCHIAVON\" \/>\n<meta name=\"twitter:card\" content=\"summary_large_image\" \/>\n<meta name=\"twitter:creator\" content=\"@caridealauto\" \/>\n<meta name=\"twitter:site\" content=\"@caridealauto\" \/>\n<meta name=\"twitter:label1\" content=\"\u00c9crit par\" \/>\n\t<meta name=\"twitter:data1\" content=\"Nicolas SCHIAVON\" \/>\n\t<meta name=\"twitter:label2\" content=\"Dur\u00e9e de lecture estim\u00e9e\" \/>\n\t<meta name=\"twitter:data2\" content=\"4 minutes\" \/>\n<script type=\"application\/ld+json\" class=\"yoast-schema-graph\">{\"@context\":\"https:\/\/schema.org\",\"@graph\":[{\"@type\":\"Article\",\"@id\":\"https:\/\/www.carideal.com\/blog\/2023\/07\/06\/fiat-600e-le-crossover-electrique-retro-de-fiat-devoile-pour-concurrencer-les-leaders-du-marche\/#article\",\"isPartOf\":{\"@id\":\"https:\/\/www.carideal.com\/blog\/2023\/07\/06\/fiat-600e-le-crossover-electrique-retro-de-fiat-devoile-pour-concurrencer-les-leaders-du-marche\/\"},\"author\":{\"name\":\"Nicolas SCHIAVON\",\"@id\":\"https:\/\/www.carideal.com\/blog\/#\/schema\/person\/cd95dc7919660de90d31b366f85be1ec\"},\"headline\":\"Fiat 600e : Le crossover \u00e9lectrique r\u00e9tro de Fiat d\u00e9voil\u00e9 pour concurrencer les leaders du march\u00e9\",\"datePublished\":\"2023-07-06T08:01:40+00:00\",\"dateModified\":\"2024-04-25T09:26:22+00:00\",\"mainEntityOfPage\":{\"@id\":\"https:\/\/www.carideal.com\/blog\/2023\/07\/06\/fiat-600e-le-crossover-electrique-retro-de-fiat-devoile-pour-concurrencer-les-leaders-du-marche\/\"},\"wordCount\":677,\"commentCount\":0,\"publisher\":{\"@id\":\"https:\/\/www.carideal.com\/blog\/#organization\"},\"image\":{\"@id\":\"https:\/\/www.carideal.com\/blog\/2023\/07\/06\/fiat-600e-le-crossover-electrique-retro-de-fiat-devoile-pour-concurrencer-les-leaders-du-marche\/#primaryimage\"},\"thumbnailUrl\":\"https:\/\/www.carideal.com\/blog\/wp-content\/uploads\/2023\/07\/Fiat-600e-2023-scaled.webp\",\"keywords\":[\"SUV \u00e9lectrique\"],\"articleSection\":[\"Actualit\u00e9 Fiat\",\"Voiture \u00e9lectrique\"],\"inLanguage\":\"fr-FR\",\"potentialAction\":[{\"@type\":\"CommentAction\",\"name\":\"Comment\",\"target\":[\"https:\/\/www.carideal.com\/blog\/2023\/07\/06\/fiat-600e-le-crossover-electrique-retro-de-fiat-devoile-pour-concurrencer-les-leaders-du-marche\/#respond\"]}]},{\"@type\":\"WebPage\",\"@id\":\"https:\/\/www.carideal.com\/blog\/2023\/07\/06\/fiat-600e-le-crossover-electrique-retro-de-fiat-devoile-pour-concurrencer-les-leaders-du-marche\/\",\"url\":\"https:\/\/www.carideal.com\/blog\/2023\/07\/06\/fiat-600e-le-crossover-electrique-retro-de-fiat-devoile-pour-concurrencer-les-leaders-du-marche\/\",\"name\":\"Fiat 600e : Le crossover \u00e9lectrique r\u00e9tro de Fiat d\u00e9voil\u00e9 pour concurrencer les leaders du march\u00e9 - Blog auto Carid\u00e9al\",\"isPartOf\":{\"@id\":\"https:\/\/www.carideal.com\/blog\/#website\"},\"primaryImageOfPage\":{\"@id\":\"https:\/\/www.carideal.com\/blog\/2023\/07\/06\/fiat-600e-le-crossover-electrique-retro-de-fiat-devoile-pour-concurrencer-les-leaders-du-marche\/#primaryimage\"},\"image\":{\"@id\":\"https:\/\/www.carideal.com\/blog\/2023\/07\/06\/fiat-600e-le-crossover-electrique-retro-de-fiat-devoile-pour-concurrencer-les-leaders-du-marche\/#primaryimage\"},\"thumbnailUrl\":\"https:\/\/www.carideal.com\/blog\/wp-content\/uploads\/2023\/07\/Fiat-600e-2023-scaled.webp\",\"datePublished\":\"2023-07-06T08:01:40+00:00\",\"dateModified\":\"2024-04-25T09:26:22+00:00\",\"breadcrumb\":{\"@id\":\"https:\/\/www.carideal.com\/blog\/2023\/07\/06\/fiat-600e-le-crossover-electrique-retro-de-fiat-devoile-pour-concurrencer-les-leaders-du-marche\/#breadcrumb\"},\"inLanguage\":\"fr-FR\",\"potentialAction\":[{\"@type\":\"ReadAction\",\"target\":[\"https:\/\/www.carideal.com\/blog\/2023\/07\/06\/fiat-600e-le-crossover-electrique-retro-de-fiat-devoile-pour-concurrencer-les-leaders-du-marche\/\"]}]},{\"@type\":\"ImageObject\",\"inLanguage\":\"fr-FR\",\"@id\":\"https:\/\/www.carideal.com\/blog\/2023\/07\/06\/fiat-600e-le-crossover-electrique-retro-de-fiat-devoile-pour-concurrencer-les-leaders-du-marche\/#primaryimage\",\"url\":\"https:\/\/www.carideal.com\/blog\/wp-content\/uploads\/2023\/07\/Fiat-600e-2023-scaled.webp\",\"contentUrl\":\"https:\/\/www.carideal.com\/blog\/wp-content\/uploads\/2023\/07\/Fiat-600e-2023-scaled.webp\",\"width\":1200,\"height\":676,\"caption\":\"Fiat 600e : Le crossover \u00e9lectrique r\u00e9tro de Fiat d\u00e9voil\u00e9 pour concurrencer les leaders du march\u00e9\"},{\"@type\":\"BreadcrumbList\",\"@id\":\"https:\/\/www.carideal.com\/blog\/2023\/07\/06\/fiat-600e-le-crossover-electrique-retro-de-fiat-devoile-pour-concurrencer-les-leaders-du-marche\/#breadcrumb\",\"itemListElement\":[{\"@type\":\"ListItem\",\"position\":1,\"name\":\"Blog Carid\u00e9al\",\"item\":\"https:\/\/www.carideal.com\/blog\/\"},{\"@type\":\"ListItem\",\"position\":2,\"name\":\"Actualit\u00e9 constructeur automobile\",\"item\":\"https:\/\/www.carideal.com\/blog\/constructeur\/\"},{\"@type\":\"ListItem\",\"position\":3,\"name\":\"Actualit\u00e9 Fiat\",\"item\":\"https:\/\/www.carideal.com\/blog\/constructeur\/fiat\/\"},{\"@type\":\"ListItem\",\"position\":4,\"name\":\"Fiat 600e : Le crossover \u00e9lectrique r\u00e9tro de Fiat d\u00e9voil\u00e9 pour concurrencer les leaders du march\u00e9\"}]},{\"@type\":\"WebSite\",\"@id\":\"https:\/\/www.carideal.com\/blog\/#website\",\"url\":\"https:\/\/www.carideal.com\/blog\/\",\"name\":\"Blog auto Carid\u00e9al\",\"description\":\"Actualit\u00e9 auto par des passionn\u00e9s\",\"publisher\":{\"@id\":\"https:\/\/www.carideal.com\/blog\/#organization\"},\"potentialAction\":[{\"@type\":\"SearchAction\",\"target\":{\"@type\":\"EntryPoint\",\"urlTemplate\":\"https:\/\/www.carideal.com\/blog\/?s={search_term_string}\"},\"query-input\":{\"@type\":\"PropertyValueSpecification\",\"valueRequired\":true,\"valueName\":\"search_term_string\"}}],\"inLanguage\":\"fr-FR\"},{\"@type\":\"Organization\",\"@id\":\"https:\/\/www.carideal.com\/blog\/#organization\",\"name\":\"Carideal\",\"url\":\"https:\/\/www.carideal.com\/blog\/\",\"logo\":{\"@type\":\"ImageObject\",\"inLanguage\":\"fr-FR\",\"@id\":\"https:\/\/www.carideal.com\/blog\/#\/schema\/logo\/image\/\",\"url\":\"http:\/\/www.carideal.com\/blog\/wp-content\/uploads\/2016\/03\/logo-carideal-mandataire-automobile.png\",\"contentUrl\":\"http:\/\/www.carideal.com\/blog\/wp-content\/uploads\/2016\/03\/logo-carideal-mandataire-automobile.png\",\"width\":300,\"height\":300,\"caption\":\"Carideal\"},\"image\":{\"@id\":\"https:\/\/www.carideal.com\/blog\/#\/schema\/logo\/image\/\"},\"sameAs\":[\"https:\/\/www.facebook.com\/Carideal.mandataire.automobile\",\"https:\/\/x.com\/caridealauto\",\"https:\/\/www.instagram.com\/carideal1\/\",\"https:\/\/www.linkedin.com\/company\/carideal.com\",\"https:\/\/fr.pinterest.com\/schiavonsas\/\",\"https:\/\/www.youtube.com\/user\/caridealsas\"]},{\"@type\":\"Person\",\"@id\":\"https:\/\/www.carideal.com\/blog\/#\/schema\/person\/cd95dc7919660de90d31b366f85be1ec\",\"name\":\"Nicolas SCHIAVON\",\"image\":{\"@type\":\"ImageObject\",\"inLanguage\":\"fr-FR\",\"@id\":\"https:\/\/www.carideal.com\/blog\/#\/schema\/person\/image\/\",\"url\":\"https:\/\/secure.gravatar.com\/avatar\/c17e55009e671d92cc7f5dc837dc418a?s=96&r=g\",\"contentUrl\":\"https:\/\/secure.gravatar.com\/avatar\/c17e55009e671d92cc7f5dc837dc418a?s=96&r=g\",\"caption\":\"Nicolas SCHIAVON\"},\"description\":\"Nicolas Schiavon est tomb\u00e9 tout petit dans la marmite automobile. Ayant eu un garage de marque automobile, mandataire automobile de la premi\u00e8re heure d\u00e8s 1999. Nicolas a cr\u00e9\u00e9 ces premiers sites de vente de voiture et blog automobile d\u00e8s 1994. Carideal est n\u00e9 le 15 d\u00e9cembre 2000 de la volont\u00e9 de vendre des voitures d'occasions en ligne puis des voitures neuves. Il a pu essayer beaucoup de voitures tr\u00e8s diff\u00e9rentes et ayant eu personnellement quelques belles autos, Subaru Impreza, Mitsubishi Lancer Evo 7, Porsche 911, Ferrari Testarrossa, Audi RS3, RS4 et j'en passe...\",\"sameAs\":[\"http:\/\/www.carideal.com\",\"https:\/\/www.facebook.com\/nicolas.schiavon.39\",\"https:\/\/www.instagram.com\/carideal1\/\",\"https:\/\/www.linkedin.com\/in\/nschiavon\/\",\"https:\/\/x.com\/caridealauto\",\"https:\/\/www.youtube.com\/user\/caridealsas\/\"],\"url\":\"https:\/\/www.carideal.com\/blog\/author\/nschiavon\/\"}]}<\/script>\n<!-- \/ Yoast SEO plugin. -->","yoast_head_json":{"title":"Fiat 600e : Le crossover \u00e9lectrique r\u00e9tro de Fiat d\u00e9voil\u00e9 pour concurrencer les leaders du march\u00e9 - Blog auto Carid\u00e9al","robots":{"index":"index","follow":"follow","max-snippet":"max-snippet:-1","max-image-preview":"max-image-preview:large","max-video-preview":"max-video-preview:-1"},"canonical":"https:\/\/www.carideal.com\/blog\/2023\/07\/06\/fiat-600e-le-crossover-electrique-retro-de-fiat-devoile-pour-concurrencer-les-leaders-du-marche\/","og_locale":"fr_FR","og_type":"article","og_title":"Fiat 600e : Le crossover \u00e9lectrique r\u00e9tro de Fiat d\u00e9voil\u00e9 pour concurrencer les leaders du march\u00e9 - Blog auto Carid\u00e9al","og_description":"Fiat 600e : Le crossover \u00e9lectrique r\u00e9tro de Fiat d\u00e9voil\u00e9 pour concurrencer les leaders du march\u00e9 Le tout nouveau Fiat 600e, d\u00e9voil\u00e9 en tant que grand fr\u00e8re du c\u00e9l\u00e8bre Fiat 500, est un SUV \u00e9lectrique qui vient agrandir la gamme \u00e9lectrique de Fiat. Bas\u00e9 sur le ch\u00e2ssis du Jeep Avenger, ce crossover compact au design ... Lire plus","og_url":"https:\/\/www.carideal.com\/blog\/2023\/07\/06\/fiat-600e-le-crossover-electrique-retro-de-fiat-devoile-pour-concurrencer-les-leaders-du-marche\/","og_site_name":"Blog auto Carid\u00e9al","article_publisher":"https:\/\/www.facebook.com\/Carideal.mandataire.automobile","article_author":"https:\/\/www.facebook.com\/nicolas.schiavon.39","article_published_time":"2023-07-06T08:01:40+00:00","article_modified_time":"2024-04-25T09:26:22+00:00","og_image":[{"width":1200,"height":676,"url":"https:\/\/www.carideal.com\/blog\/wp-content\/uploads\/2023\/07\/Fiat-600e-2023-scaled.webp","type":"image\/webp"}],"author":"Nicolas SCHIAVON","twitter_card":"summary_large_image","twitter_creator":"@caridealauto","twitter_site":"@caridealauto","twitter_misc":{"\u00c9crit par":"Nicolas SCHIAVON","Dur\u00e9e de lecture estim\u00e9e":"4 minutes"},"schema":{"@context":"https:\/\/schema.org","@graph":[{"@type":"Article","@id":"https:\/\/www.carideal.com\/blog\/2023\/07\/06\/fiat-600e-le-crossover-electrique-retro-de-fiat-devoile-pour-concurrencer-les-leaders-du-marche\/#article","isPartOf":{"@id":"https:\/\/www.carideal.com\/blog\/2023\/07\/06\/fiat-600e-le-crossover-electrique-retro-de-fiat-devoile-pour-concurrencer-les-leaders-du-marche\/"},"author":{"name":"Nicolas SCHIAVON","@id":"https:\/\/www.carideal.com\/blog\/#\/schema\/person\/cd95dc7919660de90d31b366f85be1ec"},"headline":"Fiat 600e : Le crossover \u00e9lectrique r\u00e9tro de Fiat d\u00e9voil\u00e9 pour concurrencer les leaders du march\u00e9","datePublished":"2023-07-06T08:01:40+00:00","dateModified":"2024-04-25T09:26:22+00:00","mainEntityOfPage":{"@id":"https:\/\/www.carideal.com\/blog\/2023\/07\/06\/fiat-600e-le-crossover-electrique-retro-de-fiat-devoile-pour-concurrencer-les-leaders-du-marche\/"},"wordCount":677,"commentCount":0,"publisher":{"@id":"https:\/\/www.carideal.com\/blog\/#organization"},"image":{"@id":"https:\/\/www.carideal.com\/blog\/2023\/07\/06\/fiat-600e-le-crossover-electrique-retro-de-fiat-devoile-pour-concurrencer-les-leaders-du-marche\/#primaryimage"},"thumbnailUrl":"https:\/\/www.carideal.com\/blog\/wp-content\/uploads\/2023\/07\/Fiat-600e-2023-scaled.webp","keywords":["SUV \u00e9lectrique"],"articleSection":["Actualit\u00e9 Fiat","Voiture \u00e9lectrique"],"inLanguage":"fr-FR","potentialAction":[{"@type":"CommentAction","name":"Comment","target":["https:\/\/www.carideal.com\/blog\/2023\/07\/06\/fiat-600e-le-crossover-electrique-retro-de-fiat-devoile-pour-concurrencer-les-leaders-du-marche\/#respond"]}]},{"@type":"WebPage","@id":"https:\/\/www.carideal.com\/blog\/2023\/07\/06\/fiat-600e-le-crossover-electrique-retro-de-fiat-devoile-pour-concurrencer-les-leaders-du-marche\/","url":"https:\/\/www.carideal.com\/blog\/2023\/07\/06\/fiat-600e-le-crossover-electrique-retro-de-fiat-devoile-pour-concurrencer-les-leaders-du-marche\/","name":"Fiat 600e : Le crossover \u00e9lectrique r\u00e9tro de Fiat d\u00e9voil\u00e9 pour concurrencer les leaders du march\u00e9 - Blog auto Carid\u00e9al","isPartOf":{"@id":"https:\/\/www.carideal.com\/blog\/#website"},"primaryImageOfPage":{"@id":"https:\/\/www.carideal.com\/blog\/2023\/07\/06\/fiat-600e-le-crossover-electrique-retro-de-fiat-devoile-pour-concurrencer-les-leaders-du-marche\/#primaryimage"},"image":{"@id":"https:\/\/www.carideal.com\/blog\/2023\/07\/06\/fiat-600e-le-crossover-electrique-retro-de-fiat-devoile-pour-concurrencer-les-leaders-du-marche\/#primaryimage"},"thumbnailUrl":"https:\/\/www.carideal.com\/blog\/wp-content\/uploads\/2023\/07\/Fiat-600e-2023-scaled.webp","datePublished":"2023-07-06T08:01:40+00:00","dateModified":"2024-04-25T09:26:22+00:00","breadcrumb":{"@id":"https:\/\/www.carideal.com\/blog\/2023\/07\/06\/fiat-600e-le-crossover-electrique-retro-de-fiat-devoile-pour-concurrencer-les-leaders-du-marche\/#breadcrumb"},"inLanguage":"fr-FR","potentialAction":[{"@type":"ReadAction","target":["https:\/\/www.carideal.com\/blog\/2023\/07\/06\/fiat-600e-le-crossover-electrique-retro-de-fiat-devoile-pour-concurrencer-les-leaders-du-marche\/"]}]},{"@type":"ImageObject","inLanguage":"fr-FR","@id":"https:\/\/www.carideal.com\/blog\/2023\/07\/06\/fiat-600e-le-crossover-electrique-retro-de-fiat-devoile-pour-concurrencer-les-leaders-du-marche\/#primaryimage","url":"https:\/\/www.carideal.com\/blog\/wp-content\/uploads\/2023\/07\/Fiat-600e-2023-scaled.webp","contentUrl":"https:\/\/www.carideal.com\/blog\/wp-content\/uploads\/2023\/07\/Fiat-600e-2023-scaled.webp","width":1200,"height":676,"caption":"Fiat 600e : Le crossover \u00e9lectrique r\u00e9tro de Fiat d\u00e9voil\u00e9 pour concurrencer les leaders du march\u00e9"},{"@type":"BreadcrumbList","@id":"https:\/\/www.carideal.com\/blog\/2023\/07\/06\/fiat-600e-le-crossover-electrique-retro-de-fiat-devoile-pour-concurrencer-les-leaders-du-marche\/#breadcrumb","itemListElement":[{"@type":"ListItem","position":1,"name":"Blog Carid\u00e9al","item":"https:\/\/www.carideal.com\/blog\/"},{"@type":"ListItem","position":2,"name":"Actualit\u00e9 constructeur automobile","item":"https:\/\/www.carideal.com\/blog\/constructeur\/"},{"@type":"ListItem","position":3,"name":"Actualit\u00e9 Fiat","item":"https:\/\/www.carideal.com\/blog\/constructeur\/fiat\/"},{"@type":"ListItem","position":4,"name":"Fiat 600e : Le crossover \u00e9lectrique r\u00e9tro de Fiat d\u00e9voil\u00e9 pour concurrencer les leaders du march\u00e9"}]},{"@type":"WebSite","@id":"https:\/\/www.carideal.com\/blog\/#website","url":"https:\/\/www.carideal.com\/blog\/","name":"Blog auto Carid\u00e9al","description":"Actualit\u00e9 auto par des passionn\u00e9s","publisher":{"@id":"https:\/\/www.carideal.com\/blog\/#organization"},"potentialAction":[{"@type":"SearchAction","target":{"@type":"EntryPoint","urlTemplate":"https:\/\/www.carideal.com\/blog\/?s={search_term_string}"},"query-input":{"@type":"PropertyValueSpecification","valueRequired":true,"valueName":"search_term_string"}}],"inLanguage":"fr-FR"},{"@type":"Organization","@id":"https:\/\/www.carideal.com\/blog\/#organization","name":"Carideal","url":"https:\/\/www.carideal.com\/blog\/","logo":{"@type":"ImageObject","inLanguage":"fr-FR","@id":"https:\/\/www.carideal.com\/blog\/#\/schema\/logo\/image\/","url":"http:\/\/www.carideal.com\/blog\/wp-content\/uploads\/2016\/03\/logo-carideal-mandataire-automobile.png","contentUrl":"http:\/\/www.carideal.com\/blog\/wp-content\/uploads\/2016\/03\/logo-carideal-mandataire-automobile.png","width":300,"height":300,"caption":"Carideal"},"image":{"@id":"https:\/\/www.carideal.com\/blog\/#\/schema\/logo\/image\/"},"sameAs":["https:\/\/www.facebook.com\/Carideal.mandataire.automobile","https:\/\/x.com\/caridealauto","https:\/\/www.instagram.com\/carideal1\/","https:\/\/www.linkedin.com\/company\/carideal.com","https:\/\/fr.pinterest.com\/schiavonsas\/","https:\/\/www.youtube.com\/user\/caridealsas"]},{"@type":"Person","@id":"https:\/\/www.carideal.com\/blog\/#\/schema\/person\/cd95dc7919660de90d31b366f85be1ec","name":"Nicolas SCHIAVON","image":{"@type":"ImageObject","inLanguage":"fr-FR","@id":"https:\/\/www.carideal.com\/blog\/#\/schema\/person\/image\/","url":"https:\/\/secure.gravatar.com\/avatar\/c17e55009e671d92cc7f5dc837dc418a?s=96&r=g","contentUrl":"https:\/\/secure.gravatar.com\/avatar\/c17e55009e671d92cc7f5dc837dc418a?s=96&r=g","caption":"Nicolas SCHIAVON"},"description":"Nicolas Schiavon est tomb\u00e9 tout petit dans la marmite automobile. Ayant eu un garage de marque automobile, mandataire automobile de la premi\u00e8re heure d\u00e8s 1999. Nicolas a cr\u00e9\u00e9 ces premiers sites de vente de voiture et blog automobile d\u00e8s 1994. Carideal est n\u00e9 le 15 d\u00e9cembre 2000 de la volont\u00e9 de vendre des voitures d'occasions en ligne puis des voitures neuves. Il a pu essayer beaucoup de voitures tr\u00e8s diff\u00e9rentes et ayant eu personnellement quelques belles autos, Subaru Impreza, Mitsubishi Lancer Evo 7, Porsche 911, Ferrari Testarrossa, Audi RS3, RS4 et j'en passe...","sameAs":["http:\/\/www.carideal.com","https:\/\/www.facebook.com\/nicolas.schiavon.39","https:\/\/www.instagram.com\/carideal1\/","https:\/\/www.linkedin.com\/in\/nschiavon\/","https:\/\/x.com\/caridealauto","https:\/\/www.youtube.com\/user\/caridealsas\/"],"url":"https:\/\/www.carideal.com\/blog\/author\/nschiavon\/"}]}},"uagb_featured_image_src":{"full":["https:\/\/www.carideal.com\/blog\/wp-content\/uploads\/2023\/07\/Fiat-600e-2023-scaled.webp",1200,676,false],"thumbnail":["https:\/\/www.carideal.com\/blog\/wp-content\/uploads\/2023\/07\/Fiat-600e-2023-150x150.webp",150,150,true],"medium":["https:\/\/www.carideal.com\/blog\/wp-content\/uploads\/2023\/07\/Fiat-600e-2023-300x169.webp",300,169,true],"medium_large":["https:\/\/www.carideal.com\/blog\/wp-content\/uploads\/2023\/07\/Fiat-600e-2023-768x433.webp",768,433,true],"large":["https:\/\/www.carideal.com\/blog\/wp-content\/uploads\/2023\/07\/Fiat-600e-2023-1024x577.webp",1024,577,true],"1536x1536":["https:\/\/www.carideal.com\/blog\/wp-content\/uploads\/2023\/07\/Fiat-600e-2023-scaled.webp",1200,676,false],"2048x2048":["https:\/\/www.carideal.com\/blog\/wp-content\/uploads\/2023\/07\/Fiat-600e-2023-scaled.webp",1200,676,false],"wppr-widget":["https:\/\/www.carideal.com\/blog\/wp-content\/uploads\/2023\/07\/Fiat-600e-2023-50x28.webp",50,28,true]},"uagb_author_info":{"display_name":"Nicolas SCHIAVON","author_link":"https:\/\/www.carideal.com\/blog\/author\/nschiavon\/"},"uagb_comment_info":0,"uagb_excerpt":"Fiat 600e : Le crossover \u00e9lectrique r\u00e9tro de Fiat d\u00e9voil\u00e9 pour concurrencer les leaders du march\u00e9 Le tout nouveau Fiat 600e, d\u00e9voil\u00e9 en tant que grand fr\u00e8re du c\u00e9l\u00e8bre Fiat 500, est un SUV \u00e9lectrique qui vient agrandir la gamme \u00e9lectrique de Fiat. Bas\u00e9 sur le ch\u00e2ssis du Jeep Avenger, ce crossover compact au design\u2026","_links":{"self":[{"href":"https:\/\/www.carideal.com\/blog\/wp-json\/wp\/v2\/posts\/26787"}],"collection":[{"href":"https:\/\/www.carideal.com\/blog\/wp-json\/wp\/v2\/posts"}],"about":[{"href":"https:\/\/www.carideal.com\/blog\/wp-json\/wp\/v2\/types\/post"}],"author":[{"embeddable":true,"href":"https:\/\/www.carideal.com\/blog\/wp-json\/wp\/v2\/users\/3"}],"replies":[{"embeddable":true,"href":"https:\/\/www.carideal.com\/blog\/wp-json\/wp\/v2\/comments?post=26787"}],"version-history":[{"count":1,"href":"https:\/\/www.carideal.com\/blog\/wp-json\/wp\/v2\/posts\/26787\/revisions"}],"predecessor-version":[{"id":27962,"href":"https:\/\/www.carideal.com\/blog\/wp-json\/wp\/v2\/posts\/26787\/revisions\/27962"}],"wp:featuredmedia":[{"embeddable":true,"href":"https:\/\/www.carideal.com\/blog\/wp-json\/wp\/v2\/media\/26788"}],"wp:attachment":[{"href":"https:\/\/www.carideal.com\/blog\/wp-json\/wp\/v2\/media?parent=26787"}],"wp:term":[{"taxonomy":"category","embeddable":true,"href":"https:\/\/www.carideal.com\/blog\/wp-json\/wp\/v2\/categories?post=26787"},{"taxonomy":"post_tag","embeddable":true,"href":"https:\/\/www.carideal.com\/blog\/wp-json\/wp\/v2\/tags?post=26787"}],"curies":[{"name":"wp","href":"https:\/\/api.w.org\/{rel}","templated":true}]}}