{"id":26773,"date":"2023-06-29T19:08:51","date_gmt":"2023-06-29T17:08:51","guid":{"rendered":"http:\/\/www.carideal.com\/blog\/?p=26773"},"modified":"2023-08-24T14:19:17","modified_gmt":"2023-08-24T12:19:17","slug":"%f0%9f%9a%99%f0%9f%94%8c-les-meilleurs-suv-electriques-guide-dachat-%f0%9f%94%8b%f0%9f%8c%bf","status":"publish","type":"post","link":"https:\/\/www.carideal.com\/blog\/2023\/06\/29\/%f0%9f%9a%99%f0%9f%94%8c-les-meilleurs-suv-electriques-guide-dachat-%f0%9f%94%8b%f0%9f%8c%bf\/","title":{"rendered":"\ud83d\ude99\ud83d\udd0c Les Meilleurs SUV \u00c9lectriques &#8211; Guide d&rsquo;Achat \ud83d\udd0b\ud83c\udf3f"},"content":{"rendered":"\n<h2 class=\"wp-block-heading\">\ud83d\ude99\ud83d\udd0c Les Meilleurs SUV \u00c9lectriques - Guide d'Achat \ud83d\udd0b\ud83c\udf3f<\/h2>\n\n\n\n<p>De plus en plus de constructeurs automobiles se lancent dans la production de SUV \u00e9lectriques, et cela n'est pas surprenant compte tenu de leur popularit\u00e9 croissante. Les SUV, avec leur hauteur accrue et leurs dimensions g\u00e9n\u00e9reuses, offrent un espace id\u00e9al pour loger les batteries n\u00e9cessaires \u00e0 la propulsion \u00e9lectrique. Mais avec tant de choix sur le march\u00e9, quels sont les meilleurs SUV \u00e9lectriques disponibles ?<\/p>\n\n\n\n<p>Ne vous inqui\u00e9tez pas, Carideal est l\u00e0 pour vous aider. Apr\u00e8s avoir pass\u00e9 en revue tous les SUV \u00e9lectriques du march\u00e9, nous avons dress\u00e9 une liste des 10 meilleurs mod\u00e8les actuellement disponibles en France. Que vous recherchiez un mod\u00e8le \u00e9conomique, une voiture de luxe ou une performance exceptionnelle, nous avons tout pr\u00e9vu.<\/p>\n\n\n\n<h3 class=\"wp-block-heading\">\ud83d\ude80 Tesla Model Y - \u00c0 partir de 49 990 \u20ac<\/h3>\n\n\n\n<p>Si vous souhaitez montrer au monde votre amour pour les v\u00e9hicules \u00e9lectriques dans un SUV compact, la <a href=\"http:\/\/www.carideal.com\/blog\/marque-de-voiture-actualites-essais\/tesla\/\">Tesla<\/a> Model Y est faite pour vous. Rapide, avec une autonomie pouvant atteindre 530 km et un int\u00e9rieur futuriste de haute qualit\u00e9, la Model Y est une r\u00e9f\u00e9rence incontestable.<\/p>\n\n\n\n<h3 class=\"wp-block-heading\">\ud83d\udc8e Jaguar i-Pace - \u00c0 partir de 81 200 \u20ac<\/h3>\n\n\n\n<p>Le premier v\u00e9hicule \u00e9lectrique de Jaguar offre puissance, espace et \u00e9l\u00e9gance. Avec une autonomie allant jusqu'\u00e0 477 km et une acc\u00e9l\u00e9ration de 0 \u00e0 100 km\/h en 4,8 secondes, l'i-Pace est un choix haut de gamme pour les amateurs de SUV \u00e9lectriques.<\/p>\n\n\n\n<h3 class=\"wp-block-heading\">\ud83d\udcb0 Kia EV6 - \u00c0 partir de 47 990 \u20ac<\/h3>\n\n\n\n<p>La Kia EV6 est une alternative \u00e9conomique mais performante \u00e0 l'i-Pace. Avec une excellente autonomie r\u00e9elle, un int\u00e9rieur spacieux et une conduite pr\u00e9cise, la EV6 est un v\u00e9ritable gagnant.<\/p>\n\n\n\n<h3 class=\"wp-block-heading\">\ud83d\udd1d Genesis GV60 - \u00c0 partir de 71 150 $<\/h3>\n\n\n\n<p>La premi\u00e8re voiture \u00e9lectrique de <a href=\"http:\/\/www.carideal.com\/blog\/2015\/11\/13\/hyundai-lance-sa-marque-de-luxe-genesis\/\">Genesis<\/a> impressionne par son design ext\u00e9rieur et son int\u00e9rieur luxueux. Avec une autonomie allant jusqu'\u00e0 513 km et des performances puissantes, la GV60 offre une exp\u00e9rience de conduite exceptionnelle.<\/p>\n\n\n\n<h3 class=\"wp-block-heading\">\ud83c\udf1f Mercedes-Benz EQB - \u00c0 partir de 64 150 \u20ac<\/h3>\n\n\n\n<p>L'<a href=\"http:\/\/www.carideal.com\/blog\/2023\/08\/24\/nouveau-mercedes-eqb-2023-restylage-et-innovations-technologiques-a-lhorizon\/\">EQB<\/a> offre le m\u00e9lange parfait entre espace, style et fonctionnalit\u00e9. Avec une autonomie WLTP de 405 km et des moteurs performants, ce SUV \u00e9lectrique de <a href=\"http:\/\/www.carideal.com\/blog\/marque-de-voiture-actualites-essais\/mercedes\/\">Mercedes-Benz<\/a> est un choix s\u00fbr.<\/p>\n\n\n\n<ul class=\"wp-block-list\">\n<li><a href=\"http:\/\/www.carideal.com\/blog\/2023\/08\/24\/nouveau-mercedes-eqa-2023-autonomie-accrue-et-design-rafraichi-pour-le-suv-electrique-competitif\/\">Nouveau Mercedes EQA 2023 : Autonomie accrue et design rafra\u00eechi pour le SUV \u00e9lectrique comp\u00e9titif<\/a><\/li>\n<\/ul>\n\n\n\n<h3 class=\"wp-block-heading\">\ud83d\udca1 MG ZS EV - \u00c0 partir de 32 990 \u20ac<\/h3>\n\n\n\n<p>Pour ceux qui recherchent une option \u00e9conomique, ne cherchez pas plus loin que la MG ZS EV. Avec une acc\u00e9l\u00e9ration de 0 \u00e0 100 km\/h en 8,2 secondes et une autonomie r\u00e9elle de 437 km, la ZS EV est une v\u00e9ritable affaire.<\/p>\n\n\n\n<h3 class=\"wp-block-heading\">\ud83c\udfde\ufe0f Skoda Enyaq - \u00c0 partir de 48 010 \u20ac<\/h3>\n\n\n\n<p>L'Enyaq offre confort, espace et une autonomie pr\u00e9cise. \u00c9lu voiture de l'ann\u00e9e en 2022, ce SUV \u00e9lectrique de <a href=\"http:\/\/www.carideal.com\/blog\/marque-de-voiture-actualites-essais\/skoda\/\">Skoda<\/a> est un choix polyvalent pour les longs trajets.<\/p>\n\n\n\n<h3 class=\"wp-block-heading\">\ud83d\udd06 BMW iX3 - \u00c0 partir de 69 950 \u20ac<\/h3>\n\n\n\n<p>La BMW iX3 est une machine comp\u00e9tente qui fait le travail. Avec une autonomie de 456 km et un int\u00e9rieur spacieux, l'iX3 est une option solide.<\/p>\n\n\n\n<h3 class=\"wp-block-heading\">\ud83d\ude99 Tesla Model X - \u00c0 partir de 131 990 \u20ac<\/h3>\n\n\n\n<p>Pour ceux qui ont besoin de place pour sept personnes et veulent le luxe sign\u00e9 Tesla, le <a href=\"http:\/\/www.carideal.com\/blog\/marque-de-voiture-actualites-essais\/tesla\/tesla-model-x-actualite-essais\/\">Model X<\/a> est la r\u00e9ponse. Avec ses portes arri\u00e8re astucieuses et son int\u00e9rieur spacieux, le Model X est un choix haut de gamme.<\/p>\n\n\n\n<h3 class=\"wp-block-heading\">\ud83d\udd0c BMW iX - \u00c0 partir de 111 000 \u20ac<\/h3>\n\n\n<div class=\"wp-block-image wp-image-26776 size-full\">\n<figure class=\"aligncenter\"><img loading=\"lazy\" decoding=\"async\" width=\"800\" height=\"450\" src=\"http:\/\/www.carideal.com\/blog\/wp-content\/uploads\/2023\/06\/bmw-ix.jpg\" alt=\"BMW IX\" class=\"wp-image-26776\" srcset=\"https:\/\/www.carideal.com\/blog\/wp-content\/uploads\/2023\/06\/bmw-ix.jpg 800w, https:\/\/www.carideal.com\/blog\/wp-content\/uploads\/2023\/06\/bmw-ix-300x169.jpg 300w, https:\/\/www.carideal.com\/blog\/wp-content\/uploads\/2023\/06\/bmw-ix-768x432.jpg 768w, https:\/\/www.carideal.com\/blog\/wp-content\/uploads\/2023\/06\/bmw-ix-50x28.jpg 50w, https:\/\/www.carideal.com\/blog\/wp-content\/uploads\/2023\/06\/bmw-ix-110x62.jpg 110w, https:\/\/www.carideal.com\/blog\/wp-content\/uploads\/2023\/06\/bmw-ix-420x236.jpg 420w, https:\/\/www.carideal.com\/blog\/wp-content\/uploads\/2023\/06\/bmw-ix-764x430.jpg 764w\" sizes=\"(max-width: 800px) 100vw, 800px\" \/><figcaption class=\"wp-element-caption\">BMW IX<\/figcaption><\/figure><\/div>\n\n\n<p>Cette voiture \u00e9lectrique sur mesure est une v\u00e9ritable d\u00e9claration. Avec des performances impressionnantes et un design unique, l'iX est une r\u00e9f\u00e9rence dans le monde des SUV \u00e9lectriques.<\/p>\n\n\n\n<p>Les SUV \u00e9lectriques offrent un espace g\u00e9n\u00e9reux et des performances impressionnantes, ce qui en fait un choix id\u00e9al pour les familles. Et avec de plus en plus de mod\u00e8les sur le march\u00e9, il n'a jamais \u00e9t\u00e9 aussi facile de trouver celui qui correspond \u00e0 vos besoins.<\/p>\n\n\n\n<ul class=\"wp-block-list\">\n<li><a href=\"http:\/\/www.carideal.com\/blog\/2023\/07\/25\/le-futur-des-voitures-electriques-en-2024-et-au-dela-un-apercu-des-futures-stars-de-lautomobile-electrique\/\">Voitures \u00e9lectriques du Futur&nbsp;: Quel paysage pr\u00e9voir pour 2024 et au-del\u00e0 ?<\/a><\/li>\n<\/ul>\n\n\n\n<p>\ud83c\udf0d Si vous \u00eates pr\u00eat \u00e0 passer \u00e0 l'\u00e9lectrique, les SUV \u00e9lectriques sont un excellent choix. N'oubliez pas de consulter notre guide complet sur les SUV \u00e9lectriques pour en savoir plus. Faites le choix de l'avenir et optez pour un SUV \u00e9lectrique d\u00e8s maintenant !<\/p>\n\n\n\n<p>\ud83d\ude80 #SUV\u00e9lectriques #Mobilit\u00e9Durable #VoitureElectrique<\/p>\n","protected":false},"excerpt":{"rendered":"<p>\ud83d\ude99\ud83d\udd0c Les Meilleurs SUV \u00c9lectriques &#8211; Guide d&rsquo;Achat \ud83d\udd0b\ud83c\udf3f De plus en plus de constructeurs automobiles se lancent dans la production de SUV \u00e9lectriques, et cela n&rsquo;est pas surprenant compte tenu de leur popularit\u00e9 croissante. Les SUV, avec leur hauteur accrue et leurs dimensions g\u00e9n\u00e9reuses, offrent un espace id\u00e9al pour loger les batteries n\u00e9cessaires \u00e0 &#8230; <a title=\"\ud83d\ude99\ud83d\udd0c Les Meilleurs SUV \u00c9lectriques &#8211; Guide d&rsquo;Achat \ud83d\udd0b\ud83c\udf3f\" class=\"read-more\" href=\"https:\/\/www.carideal.com\/blog\/2023\/06\/29\/%f0%9f%9a%99%f0%9f%94%8c-les-meilleurs-suv-electriques-guide-dachat-%f0%9f%94%8b%f0%9f%8c%bf\/\" aria-label=\"En savoir plus sur \ud83d\ude99\ud83d\udd0c Les Meilleurs SUV \u00c9lectriques &#8211; Guide d&rsquo;Achat \ud83d\udd0b\ud83c\udf3f\">Lire plus<\/a><\/p>\n","protected":false},"author":3,"featured_media":26775,"comment_status":"open","ping_status":"open","sticky":false,"template":"","format":"standard","meta":{"_uag_custom_page_level_css":"","_themeisle_gutenberg_block_has_review":false,"footnotes":""},"categories":[6010,5970],"tags":[5813],"class_list":["post-26773","post","type-post","status-publish","format-standard","has-post-thumbnail","hentry","category-suv","category-electrique-technologie-2","tag-meilleur-site"],"wppr_data":{"cwp_meta_box_check":"No"},"yoast_head":"<!-- This site is optimized with the Yoast SEO plugin v24.8.1 - https:\/\/yoast.com\/wordpress\/plugins\/seo\/ -->\n<title>\ud83d\ude99\ud83d\udd0c Les Meilleurs SUV \u00c9lectriques - Guide d&#039;Achat \ud83d\udd0b\ud83c\udf3f - Blog auto Carid\u00e9al<\/title>\n<meta name=\"description\" content=\"Apr\u00e8s avoir pass\u00e9 en revue tous les SUV \u00e9lectriques du march\u00e9, nous avons dress\u00e9 une liste des 10 meilleurs mod\u00e8les actuellement disponibles en France\" \/>\n<meta name=\"robots\" content=\"index, follow, max-snippet:-1, max-image-preview:large, max-video-preview:-1\" \/>\n<link rel=\"canonical\" href=\"https:\/\/www.carideal.com\/blog\/2023\/06\/29\/\ud83d\ude99\ud83d\udd0c-les-meilleurs-suv-electriques-guide-dachat-\ud83d\udd0b\ud83c\udf3f\/\" \/>\n<meta property=\"og:locale\" content=\"fr_FR\" \/>\n<meta property=\"og:type\" content=\"article\" \/>\n<meta property=\"og:title\" content=\"\ud83d\ude99\ud83d\udd0c Les Meilleurs SUV \u00c9lectriques - Guide d&#039;Achat \ud83d\udd0b\ud83c\udf3f - Blog auto Carid\u00e9al\" \/>\n<meta property=\"og:description\" content=\"Apr\u00e8s avoir pass\u00e9 en revue tous les SUV \u00e9lectriques du march\u00e9, nous avons dress\u00e9 une liste des 10 meilleurs mod\u00e8les actuellement disponibles en France\" \/>\n<meta property=\"og:url\" content=\"https:\/\/www.carideal.com\/blog\/2023\/06\/29\/\ud83d\ude99\ud83d\udd0c-les-meilleurs-suv-electriques-guide-dachat-\ud83d\udd0b\ud83c\udf3f\/\" \/>\n<meta property=\"og:site_name\" content=\"Blog auto Carid\u00e9al\" \/>\n<meta property=\"article:publisher\" content=\"https:\/\/www.facebook.com\/Carideal.mandataire.automobile\" \/>\n<meta property=\"article:author\" content=\"https:\/\/www.facebook.com\/nicolas.schiavon.39\" \/>\n<meta property=\"article:published_time\" content=\"2023-06-29T17:08:51+00:00\" \/>\n<meta property=\"article:modified_time\" content=\"2023-08-24T12:19:17+00:00\" \/>\n<meta property=\"og:image\" content=\"https:\/\/www.carideal.com\/blog\/wp-content\/uploads\/2023\/06\/Kia-EV6-GT-2023.jpg\" \/>\n\t<meta property=\"og:image:width\" content=\"1200\" \/>\n\t<meta property=\"og:image:height\" content=\"800\" \/>\n\t<meta property=\"og:image:type\" content=\"image\/jpeg\" \/>\n<meta name=\"author\" content=\"Nicolas SCHIAVON\" \/>\n<meta name=\"twitter:card\" content=\"summary_large_image\" \/>\n<meta name=\"twitter:creator\" content=\"@caridealauto\" \/>\n<meta name=\"twitter:site\" content=\"@caridealauto\" \/>\n<meta name=\"twitter:label1\" content=\"\u00c9crit par\" \/>\n\t<meta name=\"twitter:data1\" content=\"Nicolas SCHIAVON\" \/>\n\t<meta name=\"twitter:label2\" content=\"Dur\u00e9e de lecture estim\u00e9e\" \/>\n\t<meta name=\"twitter:data2\" content=\"4 minutes\" \/>\n<script type=\"application\/ld+json\" class=\"yoast-schema-graph\">{\"@context\":\"https:\/\/schema.org\",\"@graph\":[{\"@type\":\"Article\",\"@id\":\"https:\/\/www.carideal.com\/blog\/2023\/06\/29\/%f0%9f%9a%99%f0%9f%94%8c-les-meilleurs-suv-electriques-guide-dachat-%f0%9f%94%8b%f0%9f%8c%bf\/#article\",\"isPartOf\":{\"@id\":\"https:\/\/www.carideal.com\/blog\/2023\/06\/29\/%f0%9f%9a%99%f0%9f%94%8c-les-meilleurs-suv-electriques-guide-dachat-%f0%9f%94%8b%f0%9f%8c%bf\/\"},\"author\":{\"name\":\"Nicolas SCHIAVON\",\"@id\":\"https:\/\/www.carideal.com\/blog\/#\/schema\/person\/cd95dc7919660de90d31b366f85be1ec\"},\"headline\":\"\ud83d\ude99\ud83d\udd0c Les Meilleurs SUV \u00c9lectriques &#8211; Guide d&rsquo;Achat \ud83d\udd0b\ud83c\udf3f\",\"datePublished\":\"2023-06-29T17:08:51+00:00\",\"dateModified\":\"2023-08-24T12:19:17+00:00\",\"mainEntityOfPage\":{\"@id\":\"https:\/\/www.carideal.com\/blog\/2023\/06\/29\/%f0%9f%9a%99%f0%9f%94%8c-les-meilleurs-suv-electriques-guide-dachat-%f0%9f%94%8b%f0%9f%8c%bf\/\"},\"wordCount\":679,\"commentCount\":0,\"publisher\":{\"@id\":\"https:\/\/www.carideal.com\/blog\/#organization\"},\"image\":{\"@id\":\"https:\/\/www.carideal.com\/blog\/2023\/06\/29\/%f0%9f%9a%99%f0%9f%94%8c-les-meilleurs-suv-electriques-guide-dachat-%f0%9f%94%8b%f0%9f%8c%bf\/#primaryimage\"},\"thumbnailUrl\":\"https:\/\/www.carideal.com\/blog\/wp-content\/uploads\/2023\/06\/Kia-EV6-GT-2023.jpg\",\"keywords\":[\"Meilleur SUV\"],\"articleSection\":[\"SUV\",\"Voiture \u00e9lectrique\"],\"inLanguage\":\"fr-FR\",\"potentialAction\":[{\"@type\":\"CommentAction\",\"name\":\"Comment\",\"target\":[\"https:\/\/www.carideal.com\/blog\/2023\/06\/29\/%f0%9f%9a%99%f0%9f%94%8c-les-meilleurs-suv-electriques-guide-dachat-%f0%9f%94%8b%f0%9f%8c%bf\/#respond\"]}]},{\"@type\":\"WebPage\",\"@id\":\"https:\/\/www.carideal.com\/blog\/2023\/06\/29\/%f0%9f%9a%99%f0%9f%94%8c-les-meilleurs-suv-electriques-guide-dachat-%f0%9f%94%8b%f0%9f%8c%bf\/\",\"url\":\"https:\/\/www.carideal.com\/blog\/2023\/06\/29\/%f0%9f%9a%99%f0%9f%94%8c-les-meilleurs-suv-electriques-guide-dachat-%f0%9f%94%8b%f0%9f%8c%bf\/\",\"name\":\"\ud83d\ude99\ud83d\udd0c Les Meilleurs SUV \u00c9lectriques - Guide d'Achat \ud83d\udd0b\ud83c\udf3f - Blog auto Carid\u00e9al\",\"isPartOf\":{\"@id\":\"https:\/\/www.carideal.com\/blog\/#website\"},\"primaryImageOfPage\":{\"@id\":\"https:\/\/www.carideal.com\/blog\/2023\/06\/29\/%f0%9f%9a%99%f0%9f%94%8c-les-meilleurs-suv-electriques-guide-dachat-%f0%9f%94%8b%f0%9f%8c%bf\/#primaryimage\"},\"image\":{\"@id\":\"https:\/\/www.carideal.com\/blog\/2023\/06\/29\/%f0%9f%9a%99%f0%9f%94%8c-les-meilleurs-suv-electriques-guide-dachat-%f0%9f%94%8b%f0%9f%8c%bf\/#primaryimage\"},\"thumbnailUrl\":\"https:\/\/www.carideal.com\/blog\/wp-content\/uploads\/2023\/06\/Kia-EV6-GT-2023.jpg\",\"datePublished\":\"2023-06-29T17:08:51+00:00\",\"dateModified\":\"2023-08-24T12:19:17+00:00\",\"description\":\"Apr\u00e8s avoir pass\u00e9 en revue tous les SUV \u00e9lectriques du march\u00e9, nous avons dress\u00e9 une liste des 10 meilleurs mod\u00e8les actuellement disponibles en France\",\"breadcrumb\":{\"@id\":\"https:\/\/www.carideal.com\/blog\/2023\/06\/29\/%f0%9f%9a%99%f0%9f%94%8c-les-meilleurs-suv-electriques-guide-dachat-%f0%9f%94%8b%f0%9f%8c%bf\/#breadcrumb\"},\"inLanguage\":\"fr-FR\",\"potentialAction\":[{\"@type\":\"ReadAction\",\"target\":[\"https:\/\/www.carideal.com\/blog\/2023\/06\/29\/%f0%9f%9a%99%f0%9f%94%8c-les-meilleurs-suv-electriques-guide-dachat-%f0%9f%94%8b%f0%9f%8c%bf\/\"]}]},{\"@type\":\"ImageObject\",\"inLanguage\":\"fr-FR\",\"@id\":\"https:\/\/www.carideal.com\/blog\/2023\/06\/29\/%f0%9f%9a%99%f0%9f%94%8c-les-meilleurs-suv-electriques-guide-dachat-%f0%9f%94%8b%f0%9f%8c%bf\/#primaryimage\",\"url\":\"https:\/\/www.carideal.com\/blog\/wp-content\/uploads\/2023\/06\/Kia-EV6-GT-2023.jpg\",\"contentUrl\":\"https:\/\/www.carideal.com\/blog\/wp-content\/uploads\/2023\/06\/Kia-EV6-GT-2023.jpg\",\"width\":1200,\"height\":800,\"caption\":\"Meilleurs SUV \u00e9lectriques\"},{\"@type\":\"BreadcrumbList\",\"@id\":\"https:\/\/www.carideal.com\/blog\/2023\/06\/29\/%f0%9f%9a%99%f0%9f%94%8c-les-meilleurs-suv-electriques-guide-dachat-%f0%9f%94%8b%f0%9f%8c%bf\/#breadcrumb\",\"itemListElement\":[{\"@type\":\"ListItem\",\"position\":1,\"name\":\"Blog Carid\u00e9al\",\"item\":\"https:\/\/www.carideal.com\/blog\/\"},{\"@type\":\"ListItem\",\"position\":2,\"name\":\"Type de v\u00e9hicule\",\"item\":\"https:\/\/www.carideal.com\/blog\/type-de-vehicule\/\"},{\"@type\":\"ListItem\",\"position\":3,\"name\":\"SUV\",\"item\":\"https:\/\/www.carideal.com\/blog\/type-de-vehicule\/suv\/\"},{\"@type\":\"ListItem\",\"position\":4,\"name\":\"\ud83d\ude99\ud83d\udd0c Les Meilleurs SUV \u00c9lectriques &#8211; Guide d&rsquo;Achat \ud83d\udd0b\ud83c\udf3f\"}]},{\"@type\":\"WebSite\",\"@id\":\"https:\/\/www.carideal.com\/blog\/#website\",\"url\":\"https:\/\/www.carideal.com\/blog\/\",\"name\":\"Blog auto Carid\u00e9al\",\"description\":\"Actualit\u00e9 auto par des passionn\u00e9s\",\"publisher\":{\"@id\":\"https:\/\/www.carideal.com\/blog\/#organization\"},\"potentialAction\":[{\"@type\":\"SearchAction\",\"target\":{\"@type\":\"EntryPoint\",\"urlTemplate\":\"https:\/\/www.carideal.com\/blog\/?s={search_term_string}\"},\"query-input\":{\"@type\":\"PropertyValueSpecification\",\"valueRequired\":true,\"valueName\":\"search_term_string\"}}],\"inLanguage\":\"fr-FR\"},{\"@type\":\"Organization\",\"@id\":\"https:\/\/www.carideal.com\/blog\/#organization\",\"name\":\"Carideal\",\"url\":\"https:\/\/www.carideal.com\/blog\/\",\"logo\":{\"@type\":\"ImageObject\",\"inLanguage\":\"fr-FR\",\"@id\":\"https:\/\/www.carideal.com\/blog\/#\/schema\/logo\/image\/\",\"url\":\"http:\/\/www.carideal.com\/blog\/wp-content\/uploads\/2016\/03\/logo-carideal-mandataire-automobile.png\",\"contentUrl\":\"http:\/\/www.carideal.com\/blog\/wp-content\/uploads\/2016\/03\/logo-carideal-mandataire-automobile.png\",\"width\":300,\"height\":300,\"caption\":\"Carideal\"},\"image\":{\"@id\":\"https:\/\/www.carideal.com\/blog\/#\/schema\/logo\/image\/\"},\"sameAs\":[\"https:\/\/www.facebook.com\/Carideal.mandataire.automobile\",\"https:\/\/x.com\/caridealauto\",\"https:\/\/www.instagram.com\/carideal1\/\",\"https:\/\/www.linkedin.com\/company\/carideal.com\",\"https:\/\/fr.pinterest.com\/schiavonsas\/\",\"https:\/\/www.youtube.com\/user\/caridealsas\"]},{\"@type\":\"Person\",\"@id\":\"https:\/\/www.carideal.com\/blog\/#\/schema\/person\/cd95dc7919660de90d31b366f85be1ec\",\"name\":\"Nicolas SCHIAVON\",\"image\":{\"@type\":\"ImageObject\",\"inLanguage\":\"fr-FR\",\"@id\":\"https:\/\/www.carideal.com\/blog\/#\/schema\/person\/image\/\",\"url\":\"https:\/\/secure.gravatar.com\/avatar\/c17e55009e671d92cc7f5dc837dc418a?s=96&r=g\",\"contentUrl\":\"https:\/\/secure.gravatar.com\/avatar\/c17e55009e671d92cc7f5dc837dc418a?s=96&r=g\",\"caption\":\"Nicolas SCHIAVON\"},\"description\":\"Nicolas Schiavon est tomb\u00e9 tout petit dans la marmite automobile. Ayant eu un garage de marque automobile, mandataire automobile de la premi\u00e8re heure d\u00e8s 1999. Nicolas a cr\u00e9\u00e9 ces premiers sites de vente de voiture et blog automobile d\u00e8s 1994. Carideal est n\u00e9 le 15 d\u00e9cembre 2000 de la volont\u00e9 de vendre des voitures d'occasions en ligne puis des voitures neuves. Il a pu essayer beaucoup de voitures tr\u00e8s diff\u00e9rentes et ayant eu personnellement quelques belles autos, Subaru Impreza, Mitsubishi Lancer Evo 7, Porsche 911, Ferrari Testarrossa, Audi RS3, RS4 et j'en passe...\",\"sameAs\":[\"http:\/\/www.carideal.com\",\"https:\/\/www.facebook.com\/nicolas.schiavon.39\",\"https:\/\/www.instagram.com\/carideal1\/\",\"https:\/\/www.linkedin.com\/in\/nschiavon\/\",\"https:\/\/x.com\/caridealauto\",\"https:\/\/www.youtube.com\/user\/caridealsas\/\"],\"url\":\"https:\/\/www.carideal.com\/blog\/author\/nschiavon\/\"}]}<\/script>\n<!-- \/ Yoast SEO plugin. -->","yoast_head_json":{"title":"\ud83d\ude99\ud83d\udd0c Les Meilleurs SUV \u00c9lectriques - Guide d'Achat \ud83d\udd0b\ud83c\udf3f - Blog auto Carid\u00e9al","description":"Apr\u00e8s avoir pass\u00e9 en revue tous les SUV \u00e9lectriques du march\u00e9, nous avons dress\u00e9 une liste des 10 meilleurs mod\u00e8les actuellement disponibles en France","robots":{"index":"index","follow":"follow","max-snippet":"max-snippet:-1","max-image-preview":"max-image-preview:large","max-video-preview":"max-video-preview:-1"},"canonical":"https:\/\/www.carideal.com\/blog\/2023\/06\/29\/\ud83d\ude99\ud83d\udd0c-les-meilleurs-suv-electriques-guide-dachat-\ud83d\udd0b\ud83c\udf3f\/","og_locale":"fr_FR","og_type":"article","og_title":"\ud83d\ude99\ud83d\udd0c Les Meilleurs SUV \u00c9lectriques - Guide d'Achat \ud83d\udd0b\ud83c\udf3f - Blog auto Carid\u00e9al","og_description":"Apr\u00e8s avoir pass\u00e9 en revue tous les SUV \u00e9lectriques du march\u00e9, nous avons dress\u00e9 une liste des 10 meilleurs mod\u00e8les actuellement disponibles en France","og_url":"https:\/\/www.carideal.com\/blog\/2023\/06\/29\/\ud83d\ude99\ud83d\udd0c-les-meilleurs-suv-electriques-guide-dachat-\ud83d\udd0b\ud83c\udf3f\/","og_site_name":"Blog auto Carid\u00e9al","article_publisher":"https:\/\/www.facebook.com\/Carideal.mandataire.automobile","article_author":"https:\/\/www.facebook.com\/nicolas.schiavon.39","article_published_time":"2023-06-29T17:08:51+00:00","article_modified_time":"2023-08-24T12:19:17+00:00","og_image":[{"width":1200,"height":800,"url":"https:\/\/www.carideal.com\/blog\/wp-content\/uploads\/2023\/06\/Kia-EV6-GT-2023.jpg","type":"image\/jpeg"}],"author":"Nicolas SCHIAVON","twitter_card":"summary_large_image","twitter_creator":"@caridealauto","twitter_site":"@caridealauto","twitter_misc":{"\u00c9crit par":"Nicolas SCHIAVON","Dur\u00e9e de lecture estim\u00e9e":"4 minutes"},"schema":{"@context":"https:\/\/schema.org","@graph":[{"@type":"Article","@id":"https:\/\/www.carideal.com\/blog\/2023\/06\/29\/%f0%9f%9a%99%f0%9f%94%8c-les-meilleurs-suv-electriques-guide-dachat-%f0%9f%94%8b%f0%9f%8c%bf\/#article","isPartOf":{"@id":"https:\/\/www.carideal.com\/blog\/2023\/06\/29\/%f0%9f%9a%99%f0%9f%94%8c-les-meilleurs-suv-electriques-guide-dachat-%f0%9f%94%8b%f0%9f%8c%bf\/"},"author":{"name":"Nicolas SCHIAVON","@id":"https:\/\/www.carideal.com\/blog\/#\/schema\/person\/cd95dc7919660de90d31b366f85be1ec"},"headline":"\ud83d\ude99\ud83d\udd0c Les Meilleurs SUV \u00c9lectriques &#8211; Guide d&rsquo;Achat \ud83d\udd0b\ud83c\udf3f","datePublished":"2023-06-29T17:08:51+00:00","dateModified":"2023-08-24T12:19:17+00:00","mainEntityOfPage":{"@id":"https:\/\/www.carideal.com\/blog\/2023\/06\/29\/%f0%9f%9a%99%f0%9f%94%8c-les-meilleurs-suv-electriques-guide-dachat-%f0%9f%94%8b%f0%9f%8c%bf\/"},"wordCount":679,"commentCount":0,"publisher":{"@id":"https:\/\/www.carideal.com\/blog\/#organization"},"image":{"@id":"https:\/\/www.carideal.com\/blog\/2023\/06\/29\/%f0%9f%9a%99%f0%9f%94%8c-les-meilleurs-suv-electriques-guide-dachat-%f0%9f%94%8b%f0%9f%8c%bf\/#primaryimage"},"thumbnailUrl":"https:\/\/www.carideal.com\/blog\/wp-content\/uploads\/2023\/06\/Kia-EV6-GT-2023.jpg","keywords":["Meilleur SUV"],"articleSection":["SUV","Voiture \u00e9lectrique"],"inLanguage":"fr-FR","potentialAction":[{"@type":"CommentAction","name":"Comment","target":["https:\/\/www.carideal.com\/blog\/2023\/06\/29\/%f0%9f%9a%99%f0%9f%94%8c-les-meilleurs-suv-electriques-guide-dachat-%f0%9f%94%8b%f0%9f%8c%bf\/#respond"]}]},{"@type":"WebPage","@id":"https:\/\/www.carideal.com\/blog\/2023\/06\/29\/%f0%9f%9a%99%f0%9f%94%8c-les-meilleurs-suv-electriques-guide-dachat-%f0%9f%94%8b%f0%9f%8c%bf\/","url":"https:\/\/www.carideal.com\/blog\/2023\/06\/29\/%f0%9f%9a%99%f0%9f%94%8c-les-meilleurs-suv-electriques-guide-dachat-%f0%9f%94%8b%f0%9f%8c%bf\/","name":"\ud83d\ude99\ud83d\udd0c Les Meilleurs SUV \u00c9lectriques - Guide d'Achat \ud83d\udd0b\ud83c\udf3f - Blog auto Carid\u00e9al","isPartOf":{"@id":"https:\/\/www.carideal.com\/blog\/#website"},"primaryImageOfPage":{"@id":"https:\/\/www.carideal.com\/blog\/2023\/06\/29\/%f0%9f%9a%99%f0%9f%94%8c-les-meilleurs-suv-electriques-guide-dachat-%f0%9f%94%8b%f0%9f%8c%bf\/#primaryimage"},"image":{"@id":"https:\/\/www.carideal.com\/blog\/2023\/06\/29\/%f0%9f%9a%99%f0%9f%94%8c-les-meilleurs-suv-electriques-guide-dachat-%f0%9f%94%8b%f0%9f%8c%bf\/#primaryimage"},"thumbnailUrl":"https:\/\/www.carideal.com\/blog\/wp-content\/uploads\/2023\/06\/Kia-EV6-GT-2023.jpg","datePublished":"2023-06-29T17:08:51+00:00","dateModified":"2023-08-24T12:19:17+00:00","description":"Apr\u00e8s avoir pass\u00e9 en revue tous les SUV \u00e9lectriques du march\u00e9, nous avons dress\u00e9 une liste des 10 meilleurs mod\u00e8les actuellement disponibles en France","breadcrumb":{"@id":"https:\/\/www.carideal.com\/blog\/2023\/06\/29\/%f0%9f%9a%99%f0%9f%94%8c-les-meilleurs-suv-electriques-guide-dachat-%f0%9f%94%8b%f0%9f%8c%bf\/#breadcrumb"},"inLanguage":"fr-FR","potentialAction":[{"@type":"ReadAction","target":["https:\/\/www.carideal.com\/blog\/2023\/06\/29\/%f0%9f%9a%99%f0%9f%94%8c-les-meilleurs-suv-electriques-guide-dachat-%f0%9f%94%8b%f0%9f%8c%bf\/"]}]},{"@type":"ImageObject","inLanguage":"fr-FR","@id":"https:\/\/www.carideal.com\/blog\/2023\/06\/29\/%f0%9f%9a%99%f0%9f%94%8c-les-meilleurs-suv-electriques-guide-dachat-%f0%9f%94%8b%f0%9f%8c%bf\/#primaryimage","url":"https:\/\/www.carideal.com\/blog\/wp-content\/uploads\/2023\/06\/Kia-EV6-GT-2023.jpg","contentUrl":"https:\/\/www.carideal.com\/blog\/wp-content\/uploads\/2023\/06\/Kia-EV6-GT-2023.jpg","width":1200,"height":800,"caption":"Meilleurs SUV \u00e9lectriques"},{"@type":"BreadcrumbList","@id":"https:\/\/www.carideal.com\/blog\/2023\/06\/29\/%f0%9f%9a%99%f0%9f%94%8c-les-meilleurs-suv-electriques-guide-dachat-%f0%9f%94%8b%f0%9f%8c%bf\/#breadcrumb","itemListElement":[{"@type":"ListItem","position":1,"name":"Blog Carid\u00e9al","item":"https:\/\/www.carideal.com\/blog\/"},{"@type":"ListItem","position":2,"name":"Type de v\u00e9hicule","item":"https:\/\/www.carideal.com\/blog\/type-de-vehicule\/"},{"@type":"ListItem","position":3,"name":"SUV","item":"https:\/\/www.carideal.com\/blog\/type-de-vehicule\/suv\/"},{"@type":"ListItem","position":4,"name":"\ud83d\ude99\ud83d\udd0c Les Meilleurs SUV \u00c9lectriques &#8211; Guide d&rsquo;Achat \ud83d\udd0b\ud83c\udf3f"}]},{"@type":"WebSite","@id":"https:\/\/www.carideal.com\/blog\/#website","url":"https:\/\/www.carideal.com\/blog\/","name":"Blog auto Carid\u00e9al","description":"Actualit\u00e9 auto par des passionn\u00e9s","publisher":{"@id":"https:\/\/www.carideal.com\/blog\/#organization"},"potentialAction":[{"@type":"SearchAction","target":{"@type":"EntryPoint","urlTemplate":"https:\/\/www.carideal.com\/blog\/?s={search_term_string}"},"query-input":{"@type":"PropertyValueSpecification","valueRequired":true,"valueName":"search_term_string"}}],"inLanguage":"fr-FR"},{"@type":"Organization","@id":"https:\/\/www.carideal.com\/blog\/#organization","name":"Carideal","url":"https:\/\/www.carideal.com\/blog\/","logo":{"@type":"ImageObject","inLanguage":"fr-FR","@id":"https:\/\/www.carideal.com\/blog\/#\/schema\/logo\/image\/","url":"http:\/\/www.carideal.com\/blog\/wp-content\/uploads\/2016\/03\/logo-carideal-mandataire-automobile.png","contentUrl":"http:\/\/www.carideal.com\/blog\/wp-content\/uploads\/2016\/03\/logo-carideal-mandataire-automobile.png","width":300,"height":300,"caption":"Carideal"},"image":{"@id":"https:\/\/www.carideal.com\/blog\/#\/schema\/logo\/image\/"},"sameAs":["https:\/\/www.facebook.com\/Carideal.mandataire.automobile","https:\/\/x.com\/caridealauto","https:\/\/www.instagram.com\/carideal1\/","https:\/\/www.linkedin.com\/company\/carideal.com","https:\/\/fr.pinterest.com\/schiavonsas\/","https:\/\/www.youtube.com\/user\/caridealsas"]},{"@type":"Person","@id":"https:\/\/www.carideal.com\/blog\/#\/schema\/person\/cd95dc7919660de90d31b366f85be1ec","name":"Nicolas SCHIAVON","image":{"@type":"ImageObject","inLanguage":"fr-FR","@id":"https:\/\/www.carideal.com\/blog\/#\/schema\/person\/image\/","url":"https:\/\/secure.gravatar.com\/avatar\/c17e55009e671d92cc7f5dc837dc418a?s=96&r=g","contentUrl":"https:\/\/secure.gravatar.com\/avatar\/c17e55009e671d92cc7f5dc837dc418a?s=96&r=g","caption":"Nicolas SCHIAVON"},"description":"Nicolas Schiavon est tomb\u00e9 tout petit dans la marmite automobile. Ayant eu un garage de marque automobile, mandataire automobile de la premi\u00e8re heure d\u00e8s 1999. Nicolas a cr\u00e9\u00e9 ces premiers sites de vente de voiture et blog automobile d\u00e8s 1994. Carideal est n\u00e9 le 15 d\u00e9cembre 2000 de la volont\u00e9 de vendre des voitures d'occasions en ligne puis des voitures neuves. Il a pu essayer beaucoup de voitures tr\u00e8s diff\u00e9rentes et ayant eu personnellement quelques belles autos, Subaru Impreza, Mitsubishi Lancer Evo 7, Porsche 911, Ferrari Testarrossa, Audi RS3, RS4 et j'en passe...","sameAs":["http:\/\/www.carideal.com","https:\/\/www.facebook.com\/nicolas.schiavon.39","https:\/\/www.instagram.com\/carideal1\/","https:\/\/www.linkedin.com\/in\/nschiavon\/","https:\/\/x.com\/caridealauto","https:\/\/www.youtube.com\/user\/caridealsas\/"],"url":"https:\/\/www.carideal.com\/blog\/author\/nschiavon\/"}]}},"uagb_featured_image_src":{"full":["https:\/\/www.carideal.com\/blog\/wp-content\/uploads\/2023\/06\/Kia-EV6-GT-2023.jpg",1200,800,false],"thumbnail":["https:\/\/www.carideal.com\/blog\/wp-content\/uploads\/2023\/06\/Kia-EV6-GT-2023-150x150.jpg",150,150,true],"medium":["https:\/\/www.carideal.com\/blog\/wp-content\/uploads\/2023\/06\/Kia-EV6-GT-2023-300x200.jpg",300,200,true],"medium_large":["https:\/\/www.carideal.com\/blog\/wp-content\/uploads\/2023\/06\/Kia-EV6-GT-2023-768x512.jpg",768,512,true],"large":["https:\/\/www.carideal.com\/blog\/wp-content\/uploads\/2023\/06\/Kia-EV6-GT-2023-1024x683.jpg",1024,683,true],"1536x1536":["https:\/\/www.carideal.com\/blog\/wp-content\/uploads\/2023\/06\/Kia-EV6-GT-2023.jpg",1200,800,false],"2048x2048":["https:\/\/www.carideal.com\/blog\/wp-content\/uploads\/2023\/06\/Kia-EV6-GT-2023.jpg",1200,800,false],"wppr-widget":["https:\/\/www.carideal.com\/blog\/wp-content\/uploads\/2023\/06\/Kia-EV6-GT-2023-50x33.jpg",50,33,true]},"uagb_author_info":{"display_name":"Nicolas SCHIAVON","author_link":"https:\/\/www.carideal.com\/blog\/author\/nschiavon\/"},"uagb_comment_info":0,"uagb_excerpt":"\ud83d\ude99\ud83d\udd0c Les Meilleurs SUV \u00c9lectriques - Guide d'Achat \ud83d\udd0b\ud83c\udf3f De plus en plus de constructeurs automobiles se lancent dans la production de SUV \u00e9lectriques, et cela n'est pas surprenant compte tenu de leur popularit\u00e9 croissante. Les SUV, avec leur hauteur accrue et leurs dimensions g\u00e9n\u00e9reuses, offrent un espace id\u00e9al pour loger les batteries n\u00e9cessaires \u00e0\u2026","_links":{"self":[{"href":"https:\/\/www.carideal.com\/blog\/wp-json\/wp\/v2\/posts\/26773"}],"collection":[{"href":"https:\/\/www.carideal.com\/blog\/wp-json\/wp\/v2\/posts"}],"about":[{"href":"https:\/\/www.carideal.com\/blog\/wp-json\/wp\/v2\/types\/post"}],"author":[{"embeddable":true,"href":"https:\/\/www.carideal.com\/blog\/wp-json\/wp\/v2\/users\/3"}],"replies":[{"embeddable":true,"href":"https:\/\/www.carideal.com\/blog\/wp-json\/wp\/v2\/comments?post=26773"}],"version-history":[{"count":0,"href":"https:\/\/www.carideal.com\/blog\/wp-json\/wp\/v2\/posts\/26773\/revisions"}],"wp:featuredmedia":[{"embeddable":true,"href":"https:\/\/www.carideal.com\/blog\/wp-json\/wp\/v2\/media\/26775"}],"wp:attachment":[{"href":"https:\/\/www.carideal.com\/blog\/wp-json\/wp\/v2\/media?parent=26773"}],"wp:term":[{"taxonomy":"category","embeddable":true,"href":"https:\/\/www.carideal.com\/blog\/wp-json\/wp\/v2\/categories?post=26773"},{"taxonomy":"post_tag","embeddable":true,"href":"https:\/\/www.carideal.com\/blog\/wp-json\/wp\/v2\/tags?post=26773"}],"curies":[{"name":"wp","href":"https:\/\/api.w.org\/{rel}","templated":true}]}}