{"id":26770,"date":"2023-06-27T18:26:45","date_gmt":"2023-06-27T16:26:45","guid":{"rendered":"http:\/\/www.carideal.com\/blog\/?p=26770"},"modified":"2023-08-24T14:19:44","modified_gmt":"2023-08-24T12:19:44","slug":"voitures-electriques-a-sept-places-decouvrez-les-modeles-les-plus-confortables-et-ecologiques","status":"publish","type":"post","link":"https:\/\/www.carideal.com\/blog\/2023\/06\/27\/voitures-electriques-a-sept-places-decouvrez-les-modeles-les-plus-confortables-et-ecologiques\/","title":{"rendered":"Voitures \u00e9lectriques \u00e0 sept places : d\u00e9couvrez les mod\u00e8les les plus confortables et \u00e9cologiques !"},"content":{"rendered":"\n<h2 class=\"wp-block-heading\">Voitures \u00e9lectriques \u00e0 sept places : d\u00e9couvrez les mod\u00e8les les plus confortables et \u00e9cologiques !<\/h2>\n\n\n\n<p>\ud83d\ude97 Voitures \u00e0 sept places et z\u00e9ro \u00e9mission \ud83c\udf3f<\/p>\n\n\n\n<p>\ud83d\udd39 Choix de SUV et d\u2019alternatives \u00e0 la fourgonnette<br>\ud83d\udd39 Vari\u00e9t\u00e9 de marques et de prix propos\u00e9s<\/p>\n\n\n\n<p>Autrefois, trouver une voiture \u00e9lectrique \u00e0 sept places \u00e9tait un v\u00e9ritable d\u00e9fi. Mais aujourd'hui, gr\u00e2ce \u00e0 la demande croissante, \u00e0 l'\u00e9volution de la l\u00e9gislation et aux progr\u00e8s technologiques, il existe une bonne gamme de v\u00e9hicules \u00e9lectriques pouvant accueillir sept passagers.<\/p>\n\n\n\n<p><a href=\"http:\/\/www.carideal.com\/blog\/marque-de-voiture-actualites-essais\/mercedes\/\">Mercedes-Benz<\/a> propose la <a href=\"http:\/\/www.carideal.com\/blog\/2023\/08\/24\/nouveau-mercedes-eqb-2023-restylage-et-innovations-technologiques-a-lhorizon\/\">EQB<\/a>, une version \u00e9lectrique de sa populaire GLB. Avec une batterie de 66,5 kWh, elle offre une autonomie de 420 km, id\u00e9ale pour les trajets quotidiens. Et si vous avez besoin de quelque chose de plus luxueux, <a href=\"http:\/\/www.carideal.com\/blog\/marque-de-voiture-actualites-essais\/tesla\/\">Tesla<\/a> propose la Model X avec une autonomie de 560 km et des portes arri\u00e8re Falcon Wing impressionnantes.<\/p>\n\n\n\n<p>Si vous recherchez une option plus chic, la Mercedes-Benz EQV est une camionnette \u00e9lectrique avec des vitres, offrant un int\u00e9rieur cossu et une autonomie de plus de 320 km. En revanche, si vous avez un budget plus serr\u00e9, le Peugeot e-Rifter est une option abordable avec une autonomie de 270 km.<\/p>\n\n\n\n<p>Et pour ceux qui ont besoin d'espace pour de nombreux passagers, Opel propose le Vivaro e-Combi, avec neuf places disponibles. Enfin, Volkswagen travaille sur l'ID. Buzz, une version \u00e9lectrique de son c\u00e9l\u00e8bre Microbus des ann\u00e9es 1960, offrant une autonomie de 412 km.<\/p>\n\n\n\n<p>L'achat d'un SUV ou d'un van \u00e9lectrique \u00e0 sept places est de plus en plus judicieux pour les familles nombreuses ou les familles moyennes qui ont beaucoup de bagages \u00e0 transporter. Cependant, il est important de prendre en compte les limitations des voitures \u00e9lectriques, comme la n\u00e9cessit\u00e9 de disposer d'un endroit pratique pour la recharge.<\/p>\n\n\n\n<ul class=\"wp-block-list\">\n<li><a href=\"http:\/\/www.carideal.com\/blog\/2023\/07\/25\/le-futur-des-voitures-electriques-en-2024-et-au-dela-un-apercu-des-futures-stars-de-lautomobile-electrique\/\">Voitures \u00e9lectriques du Futur&nbsp;: Quel paysage pr\u00e9voir pour 2024 et au-del\u00e0 ?<\/a><\/li>\n<\/ul>\n\n\n\n<p>Si vous \u00eates pr\u00eat \u00e0 franchir le pas vers l'\u00e9lectrique, assurez-vous que les \u00e9conomies r\u00e9alis\u00e9es sur le carburant, l'entretien et les taxes compensent le prix d'achat plus \u00e9lev\u00e9. Et si vous r\u00e9alisez que vous n'avez pas besoin de sept places, consultez notre liste des meilleures voitures \u00e9lectriques adapt\u00e9es \u00e0 la vie de famille.<\/p>\n\n\n\n<p>\ud83c\udf10 D\u00e9couvrez notre s\u00e9lection de voitures \u00e9lectriques \u00e0 sept places pour une conduite \u00e9cologique et confortable !<\/p>\n\n\n\n<p>\u2728\u2728\u2728<\/p>\n","protected":false},"excerpt":{"rendered":"<p>Voitures \u00e9lectriques \u00e0 sept places : d\u00e9couvrez les mod\u00e8les les plus confortables et \u00e9cologiques ! \ud83d\ude97 Voitures \u00e0 sept places et z\u00e9ro \u00e9mission \ud83c\udf3f \ud83d\udd39 Choix de SUV et d\u2019alternatives \u00e0 la fourgonnette\ud83d\udd39 Vari\u00e9t\u00e9 de marques et de prix propos\u00e9s Autrefois, trouver une voiture \u00e9lectrique \u00e0 sept places \u00e9tait un v\u00e9ritable d\u00e9fi. Mais aujourd&rsquo;hui, gr\u00e2ce &#8230; <a title=\"Voitures \u00e9lectriques \u00e0 sept places : d\u00e9couvrez les mod\u00e8les les plus confortables et \u00e9cologiques !\" class=\"read-more\" href=\"https:\/\/www.carideal.com\/blog\/2023\/06\/27\/voitures-electriques-a-sept-places-decouvrez-les-modeles-les-plus-confortables-et-ecologiques\/\" aria-label=\"En savoir plus sur Voitures \u00e9lectriques \u00e0 sept places : d\u00e9couvrez les mod\u00e8les les plus confortables et \u00e9cologiques !\">Lire plus<\/a><\/p>\n","protected":false},"author":3,"featured_media":26771,"comment_status":"open","ping_status":"open","sticky":false,"template":"","format":"standard","meta":{"_uag_custom_page_level_css":"","_themeisle_gutenberg_block_has_review":false,"footnotes":""},"categories":[5970],"tags":[6184],"class_list":["post-26770","post","type-post","status-publish","format-standard","has-post-thumbnail","hentry","category-electrique-technologie-2","tag-meilleur-voiture"],"wppr_data":{"cwp_meta_box_check":"No"},"yoast_head":"<!-- This site is optimized with the Yoast SEO plugin v24.8.1 - https:\/\/yoast.com\/wordpress\/plugins\/seo\/ -->\n<title>Voitures \u00e9lectriques \u00e0 sept places : d\u00e9couvrez les mod\u00e8les les plus confortables et \u00e9cologiques ! - Blog auto Carid\u00e9al<\/title>\n<meta name=\"robots\" content=\"index, follow, max-snippet:-1, max-image-preview:large, max-video-preview:-1\" \/>\n<link rel=\"canonical\" href=\"https:\/\/www.carideal.com\/blog\/2023\/06\/27\/voitures-electriques-a-sept-places-decouvrez-les-modeles-les-plus-confortables-et-ecologiques\/\" \/>\n<meta property=\"og:locale\" content=\"fr_FR\" \/>\n<meta property=\"og:type\" content=\"article\" \/>\n<meta property=\"og:title\" content=\"Voitures \u00e9lectriques \u00e0 sept places : d\u00e9couvrez les mod\u00e8les les plus confortables et \u00e9cologiques ! - Blog auto Carid\u00e9al\" \/>\n<meta property=\"og:description\" content=\"Voitures \u00e9lectriques \u00e0 sept places : d\u00e9couvrez les mod\u00e8les les plus confortables et \u00e9cologiques ! \ud83d\ude97 Voitures \u00e0 sept places et z\u00e9ro \u00e9mission \ud83c\udf3f \ud83d\udd39 Choix de SUV et d\u2019alternatives \u00e0 la fourgonnette\ud83d\udd39 Vari\u00e9t\u00e9 de marques et de prix propos\u00e9s Autrefois, trouver une voiture \u00e9lectrique \u00e0 sept places \u00e9tait un v\u00e9ritable d\u00e9fi. Mais aujourd&#039;hui, gr\u00e2ce ... Lire plus\" \/>\n<meta property=\"og:url\" content=\"https:\/\/www.carideal.com\/blog\/2023\/06\/27\/voitures-electriques-a-sept-places-decouvrez-les-modeles-les-plus-confortables-et-ecologiques\/\" \/>\n<meta property=\"og:site_name\" content=\"Blog auto Carid\u00e9al\" \/>\n<meta property=\"article:publisher\" content=\"https:\/\/www.facebook.com\/Carideal.mandataire.automobile\" \/>\n<meta property=\"article:author\" content=\"https:\/\/www.facebook.com\/nicolas.schiavon.39\" \/>\n<meta property=\"article:published_time\" content=\"2023-06-27T16:26:45+00:00\" \/>\n<meta property=\"article:modified_time\" content=\"2023-08-24T12:19:44+00:00\" \/>\n<meta property=\"og:image\" content=\"https:\/\/www.carideal.com\/blog\/wp-content\/uploads\/2023\/06\/Meilleures-voitures-electriques-7-places.webp\" \/>\n\t<meta property=\"og:image:width\" content=\"1200\" \/>\n\t<meta property=\"og:image:height\" content=\"393\" \/>\n\t<meta property=\"og:image:type\" content=\"image\/webp\" \/>\n<meta name=\"author\" content=\"Nicolas SCHIAVON\" \/>\n<meta name=\"twitter:card\" content=\"summary_large_image\" \/>\n<meta name=\"twitter:creator\" content=\"@caridealauto\" \/>\n<meta name=\"twitter:site\" content=\"@caridealauto\" \/>\n<meta name=\"twitter:label1\" content=\"\u00c9crit par\" \/>\n\t<meta name=\"twitter:data1\" content=\"Nicolas SCHIAVON\" \/>\n\t<meta name=\"twitter:label2\" content=\"Dur\u00e9e de lecture estim\u00e9e\" \/>\n\t<meta name=\"twitter:data2\" content=\"2 minutes\" \/>\n<script type=\"application\/ld+json\" class=\"yoast-schema-graph\">{\"@context\":\"https:\/\/schema.org\",\"@graph\":[{\"@type\":\"Article\",\"@id\":\"https:\/\/www.carideal.com\/blog\/2023\/06\/27\/voitures-electriques-a-sept-places-decouvrez-les-modeles-les-plus-confortables-et-ecologiques\/#article\",\"isPartOf\":{\"@id\":\"https:\/\/www.carideal.com\/blog\/2023\/06\/27\/voitures-electriques-a-sept-places-decouvrez-les-modeles-les-plus-confortables-et-ecologiques\/\"},\"author\":{\"name\":\"Nicolas SCHIAVON\",\"@id\":\"https:\/\/www.carideal.com\/blog\/#\/schema\/person\/cd95dc7919660de90d31b366f85be1ec\"},\"headline\":\"Voitures \u00e9lectriques \u00e0 sept places : d\u00e9couvrez les mod\u00e8les les plus confortables et \u00e9cologiques !\",\"datePublished\":\"2023-06-27T16:26:45+00:00\",\"dateModified\":\"2023-08-24T12:19:44+00:00\",\"mainEntityOfPage\":{\"@id\":\"https:\/\/www.carideal.com\/blog\/2023\/06\/27\/voitures-electriques-a-sept-places-decouvrez-les-modeles-les-plus-confortables-et-ecologiques\/\"},\"wordCount\":385,\"commentCount\":0,\"publisher\":{\"@id\":\"https:\/\/www.carideal.com\/blog\/#organization\"},\"image\":{\"@id\":\"https:\/\/www.carideal.com\/blog\/2023\/06\/27\/voitures-electriques-a-sept-places-decouvrez-les-modeles-les-plus-confortables-et-ecologiques\/#primaryimage\"},\"thumbnailUrl\":\"https:\/\/www.carideal.com\/blog\/wp-content\/uploads\/2023\/06\/Meilleures-voitures-electriques-7-places.webp\",\"keywords\":[\"Meilleure voiture\"],\"articleSection\":[\"Voiture \u00e9lectrique\"],\"inLanguage\":\"fr-FR\",\"potentialAction\":[{\"@type\":\"CommentAction\",\"name\":\"Comment\",\"target\":[\"https:\/\/www.carideal.com\/blog\/2023\/06\/27\/voitures-electriques-a-sept-places-decouvrez-les-modeles-les-plus-confortables-et-ecologiques\/#respond\"]}]},{\"@type\":\"WebPage\",\"@id\":\"https:\/\/www.carideal.com\/blog\/2023\/06\/27\/voitures-electriques-a-sept-places-decouvrez-les-modeles-les-plus-confortables-et-ecologiques\/\",\"url\":\"https:\/\/www.carideal.com\/blog\/2023\/06\/27\/voitures-electriques-a-sept-places-decouvrez-les-modeles-les-plus-confortables-et-ecologiques\/\",\"name\":\"Voitures \u00e9lectriques \u00e0 sept places : d\u00e9couvrez les mod\u00e8les les plus confortables et \u00e9cologiques ! - Blog auto Carid\u00e9al\",\"isPartOf\":{\"@id\":\"https:\/\/www.carideal.com\/blog\/#website\"},\"primaryImageOfPage\":{\"@id\":\"https:\/\/www.carideal.com\/blog\/2023\/06\/27\/voitures-electriques-a-sept-places-decouvrez-les-modeles-les-plus-confortables-et-ecologiques\/#primaryimage\"},\"image\":{\"@id\":\"https:\/\/www.carideal.com\/blog\/2023\/06\/27\/voitures-electriques-a-sept-places-decouvrez-les-modeles-les-plus-confortables-et-ecologiques\/#primaryimage\"},\"thumbnailUrl\":\"https:\/\/www.carideal.com\/blog\/wp-content\/uploads\/2023\/06\/Meilleures-voitures-electriques-7-places.webp\",\"datePublished\":\"2023-06-27T16:26:45+00:00\",\"dateModified\":\"2023-08-24T12:19:44+00:00\",\"breadcrumb\":{\"@id\":\"https:\/\/www.carideal.com\/blog\/2023\/06\/27\/voitures-electriques-a-sept-places-decouvrez-les-modeles-les-plus-confortables-et-ecologiques\/#breadcrumb\"},\"inLanguage\":\"fr-FR\",\"potentialAction\":[{\"@type\":\"ReadAction\",\"target\":[\"https:\/\/www.carideal.com\/blog\/2023\/06\/27\/voitures-electriques-a-sept-places-decouvrez-les-modeles-les-plus-confortables-et-ecologiques\/\"]}]},{\"@type\":\"ImageObject\",\"inLanguage\":\"fr-FR\",\"@id\":\"https:\/\/www.carideal.com\/blog\/2023\/06\/27\/voitures-electriques-a-sept-places-decouvrez-les-modeles-les-plus-confortables-et-ecologiques\/#primaryimage\",\"url\":\"https:\/\/www.carideal.com\/blog\/wp-content\/uploads\/2023\/06\/Meilleures-voitures-electriques-7-places.webp\",\"contentUrl\":\"https:\/\/www.carideal.com\/blog\/wp-content\/uploads\/2023\/06\/Meilleures-voitures-electriques-7-places.webp\",\"width\":1200,\"height\":393,\"caption\":\"Voitures \u00e9lectriques \u00e0 sept places : d\u00e9couvrez les mod\u00e8les les plus confortables et \u00e9cologiques !\"},{\"@type\":\"BreadcrumbList\",\"@id\":\"https:\/\/www.carideal.com\/blog\/2023\/06\/27\/voitures-electriques-a-sept-places-decouvrez-les-modeles-les-plus-confortables-et-ecologiques\/#breadcrumb\",\"itemListElement\":[{\"@type\":\"ListItem\",\"position\":1,\"name\":\"Blog Carid\u00e9al\",\"item\":\"https:\/\/www.carideal.com\/blog\/\"},{\"@type\":\"ListItem\",\"position\":2,\"name\":\"Technologie Automobile\",\"item\":\"https:\/\/www.carideal.com\/blog\/technologie-2\/\"},{\"@type\":\"ListItem\",\"position\":3,\"name\":\"Voiture \u00e9lectrique\",\"item\":\"https:\/\/www.carideal.com\/blog\/technologie-2\/electrique-technologie-2\/\"},{\"@type\":\"ListItem\",\"position\":4,\"name\":\"Voitures \u00e9lectriques \u00e0 sept places : d\u00e9couvrez les mod\u00e8les les plus confortables et \u00e9cologiques !\"}]},{\"@type\":\"WebSite\",\"@id\":\"https:\/\/www.carideal.com\/blog\/#website\",\"url\":\"https:\/\/www.carideal.com\/blog\/\",\"name\":\"Blog auto Carid\u00e9al\",\"description\":\"Actualit\u00e9 auto par des passionn\u00e9s\",\"publisher\":{\"@id\":\"https:\/\/www.carideal.com\/blog\/#organization\"},\"potentialAction\":[{\"@type\":\"SearchAction\",\"target\":{\"@type\":\"EntryPoint\",\"urlTemplate\":\"https:\/\/www.carideal.com\/blog\/?s={search_term_string}\"},\"query-input\":{\"@type\":\"PropertyValueSpecification\",\"valueRequired\":true,\"valueName\":\"search_term_string\"}}],\"inLanguage\":\"fr-FR\"},{\"@type\":\"Organization\",\"@id\":\"https:\/\/www.carideal.com\/blog\/#organization\",\"name\":\"Carideal\",\"url\":\"https:\/\/www.carideal.com\/blog\/\",\"logo\":{\"@type\":\"ImageObject\",\"inLanguage\":\"fr-FR\",\"@id\":\"https:\/\/www.carideal.com\/blog\/#\/schema\/logo\/image\/\",\"url\":\"http:\/\/www.carideal.com\/blog\/wp-content\/uploads\/2016\/03\/logo-carideal-mandataire-automobile.png\",\"contentUrl\":\"http:\/\/www.carideal.com\/blog\/wp-content\/uploads\/2016\/03\/logo-carideal-mandataire-automobile.png\",\"width\":300,\"height\":300,\"caption\":\"Carideal\"},\"image\":{\"@id\":\"https:\/\/www.carideal.com\/blog\/#\/schema\/logo\/image\/\"},\"sameAs\":[\"https:\/\/www.facebook.com\/Carideal.mandataire.automobile\",\"https:\/\/x.com\/caridealauto\",\"https:\/\/www.instagram.com\/carideal1\/\",\"https:\/\/www.linkedin.com\/company\/carideal.com\",\"https:\/\/fr.pinterest.com\/schiavonsas\/\",\"https:\/\/www.youtube.com\/user\/caridealsas\"]},{\"@type\":\"Person\",\"@id\":\"https:\/\/www.carideal.com\/blog\/#\/schema\/person\/cd95dc7919660de90d31b366f85be1ec\",\"name\":\"Nicolas SCHIAVON\",\"image\":{\"@type\":\"ImageObject\",\"inLanguage\":\"fr-FR\",\"@id\":\"https:\/\/www.carideal.com\/blog\/#\/schema\/person\/image\/\",\"url\":\"https:\/\/secure.gravatar.com\/avatar\/c17e55009e671d92cc7f5dc837dc418a?s=96&r=g\",\"contentUrl\":\"https:\/\/secure.gravatar.com\/avatar\/c17e55009e671d92cc7f5dc837dc418a?s=96&r=g\",\"caption\":\"Nicolas SCHIAVON\"},\"description\":\"Nicolas Schiavon est tomb\u00e9 tout petit dans la marmite automobile. Ayant eu un garage de marque automobile, mandataire automobile de la premi\u00e8re heure d\u00e8s 1999. Nicolas a cr\u00e9\u00e9 ces premiers sites de vente de voiture et blog automobile d\u00e8s 1994. Carideal est n\u00e9 le 15 d\u00e9cembre 2000 de la volont\u00e9 de vendre des voitures d'occasions en ligne puis des voitures neuves. Il a pu essayer beaucoup de voitures tr\u00e8s diff\u00e9rentes et ayant eu personnellement quelques belles autos, Subaru Impreza, Mitsubishi Lancer Evo 7, Porsche 911, Ferrari Testarrossa, Audi RS3, RS4 et j'en passe...\",\"sameAs\":[\"http:\/\/www.carideal.com\",\"https:\/\/www.facebook.com\/nicolas.schiavon.39\",\"https:\/\/www.instagram.com\/carideal1\/\",\"https:\/\/www.linkedin.com\/in\/nschiavon\/\",\"https:\/\/x.com\/caridealauto\",\"https:\/\/www.youtube.com\/user\/caridealsas\/\"],\"url\":\"https:\/\/www.carideal.com\/blog\/author\/nschiavon\/\"}]}<\/script>\n<!-- \/ Yoast SEO plugin. -->","yoast_head_json":{"title":"Voitures \u00e9lectriques \u00e0 sept places : d\u00e9couvrez les mod\u00e8les les plus confortables et \u00e9cologiques ! - Blog auto Carid\u00e9al","robots":{"index":"index","follow":"follow","max-snippet":"max-snippet:-1","max-image-preview":"max-image-preview:large","max-video-preview":"max-video-preview:-1"},"canonical":"https:\/\/www.carideal.com\/blog\/2023\/06\/27\/voitures-electriques-a-sept-places-decouvrez-les-modeles-les-plus-confortables-et-ecologiques\/","og_locale":"fr_FR","og_type":"article","og_title":"Voitures \u00e9lectriques \u00e0 sept places : d\u00e9couvrez les mod\u00e8les les plus confortables et \u00e9cologiques ! - Blog auto Carid\u00e9al","og_description":"Voitures \u00e9lectriques \u00e0 sept places : d\u00e9couvrez les mod\u00e8les les plus confortables et \u00e9cologiques ! \ud83d\ude97 Voitures \u00e0 sept places et z\u00e9ro \u00e9mission \ud83c\udf3f \ud83d\udd39 Choix de SUV et d\u2019alternatives \u00e0 la fourgonnette\ud83d\udd39 Vari\u00e9t\u00e9 de marques et de prix propos\u00e9s Autrefois, trouver une voiture \u00e9lectrique \u00e0 sept places \u00e9tait un v\u00e9ritable d\u00e9fi. Mais aujourd'hui, gr\u00e2ce ... Lire plus","og_url":"https:\/\/www.carideal.com\/blog\/2023\/06\/27\/voitures-electriques-a-sept-places-decouvrez-les-modeles-les-plus-confortables-et-ecologiques\/","og_site_name":"Blog auto Carid\u00e9al","article_publisher":"https:\/\/www.facebook.com\/Carideal.mandataire.automobile","article_author":"https:\/\/www.facebook.com\/nicolas.schiavon.39","article_published_time":"2023-06-27T16:26:45+00:00","article_modified_time":"2023-08-24T12:19:44+00:00","og_image":[{"width":1200,"height":393,"url":"https:\/\/www.carideal.com\/blog\/wp-content\/uploads\/2023\/06\/Meilleures-voitures-electriques-7-places.webp","type":"image\/webp"}],"author":"Nicolas SCHIAVON","twitter_card":"summary_large_image","twitter_creator":"@caridealauto","twitter_site":"@caridealauto","twitter_misc":{"\u00c9crit par":"Nicolas SCHIAVON","Dur\u00e9e de lecture estim\u00e9e":"2 minutes"},"schema":{"@context":"https:\/\/schema.org","@graph":[{"@type":"Article","@id":"https:\/\/www.carideal.com\/blog\/2023\/06\/27\/voitures-electriques-a-sept-places-decouvrez-les-modeles-les-plus-confortables-et-ecologiques\/#article","isPartOf":{"@id":"https:\/\/www.carideal.com\/blog\/2023\/06\/27\/voitures-electriques-a-sept-places-decouvrez-les-modeles-les-plus-confortables-et-ecologiques\/"},"author":{"name":"Nicolas SCHIAVON","@id":"https:\/\/www.carideal.com\/blog\/#\/schema\/person\/cd95dc7919660de90d31b366f85be1ec"},"headline":"Voitures \u00e9lectriques \u00e0 sept places : d\u00e9couvrez les mod\u00e8les les plus confortables et \u00e9cologiques !","datePublished":"2023-06-27T16:26:45+00:00","dateModified":"2023-08-24T12:19:44+00:00","mainEntityOfPage":{"@id":"https:\/\/www.carideal.com\/blog\/2023\/06\/27\/voitures-electriques-a-sept-places-decouvrez-les-modeles-les-plus-confortables-et-ecologiques\/"},"wordCount":385,"commentCount":0,"publisher":{"@id":"https:\/\/www.carideal.com\/blog\/#organization"},"image":{"@id":"https:\/\/www.carideal.com\/blog\/2023\/06\/27\/voitures-electriques-a-sept-places-decouvrez-les-modeles-les-plus-confortables-et-ecologiques\/#primaryimage"},"thumbnailUrl":"https:\/\/www.carideal.com\/blog\/wp-content\/uploads\/2023\/06\/Meilleures-voitures-electriques-7-places.webp","keywords":["Meilleure voiture"],"articleSection":["Voiture \u00e9lectrique"],"inLanguage":"fr-FR","potentialAction":[{"@type":"CommentAction","name":"Comment","target":["https:\/\/www.carideal.com\/blog\/2023\/06\/27\/voitures-electriques-a-sept-places-decouvrez-les-modeles-les-plus-confortables-et-ecologiques\/#respond"]}]},{"@type":"WebPage","@id":"https:\/\/www.carideal.com\/blog\/2023\/06\/27\/voitures-electriques-a-sept-places-decouvrez-les-modeles-les-plus-confortables-et-ecologiques\/","url":"https:\/\/www.carideal.com\/blog\/2023\/06\/27\/voitures-electriques-a-sept-places-decouvrez-les-modeles-les-plus-confortables-et-ecologiques\/","name":"Voitures \u00e9lectriques \u00e0 sept places : d\u00e9couvrez les mod\u00e8les les plus confortables et \u00e9cologiques ! - Blog auto Carid\u00e9al","isPartOf":{"@id":"https:\/\/www.carideal.com\/blog\/#website"},"primaryImageOfPage":{"@id":"https:\/\/www.carideal.com\/blog\/2023\/06\/27\/voitures-electriques-a-sept-places-decouvrez-les-modeles-les-plus-confortables-et-ecologiques\/#primaryimage"},"image":{"@id":"https:\/\/www.carideal.com\/blog\/2023\/06\/27\/voitures-electriques-a-sept-places-decouvrez-les-modeles-les-plus-confortables-et-ecologiques\/#primaryimage"},"thumbnailUrl":"https:\/\/www.carideal.com\/blog\/wp-content\/uploads\/2023\/06\/Meilleures-voitures-electriques-7-places.webp","datePublished":"2023-06-27T16:26:45+00:00","dateModified":"2023-08-24T12:19:44+00:00","breadcrumb":{"@id":"https:\/\/www.carideal.com\/blog\/2023\/06\/27\/voitures-electriques-a-sept-places-decouvrez-les-modeles-les-plus-confortables-et-ecologiques\/#breadcrumb"},"inLanguage":"fr-FR","potentialAction":[{"@type":"ReadAction","target":["https:\/\/www.carideal.com\/blog\/2023\/06\/27\/voitures-electriques-a-sept-places-decouvrez-les-modeles-les-plus-confortables-et-ecologiques\/"]}]},{"@type":"ImageObject","inLanguage":"fr-FR","@id":"https:\/\/www.carideal.com\/blog\/2023\/06\/27\/voitures-electriques-a-sept-places-decouvrez-les-modeles-les-plus-confortables-et-ecologiques\/#primaryimage","url":"https:\/\/www.carideal.com\/blog\/wp-content\/uploads\/2023\/06\/Meilleures-voitures-electriques-7-places.webp","contentUrl":"https:\/\/www.carideal.com\/blog\/wp-content\/uploads\/2023\/06\/Meilleures-voitures-electriques-7-places.webp","width":1200,"height":393,"caption":"Voitures \u00e9lectriques \u00e0 sept places : d\u00e9couvrez les mod\u00e8les les plus confortables et \u00e9cologiques !"},{"@type":"BreadcrumbList","@id":"https:\/\/www.carideal.com\/blog\/2023\/06\/27\/voitures-electriques-a-sept-places-decouvrez-les-modeles-les-plus-confortables-et-ecologiques\/#breadcrumb","itemListElement":[{"@type":"ListItem","position":1,"name":"Blog Carid\u00e9al","item":"https:\/\/www.carideal.com\/blog\/"},{"@type":"ListItem","position":2,"name":"Technologie Automobile","item":"https:\/\/www.carideal.com\/blog\/technologie-2\/"},{"@type":"ListItem","position":3,"name":"Voiture \u00e9lectrique","item":"https:\/\/www.carideal.com\/blog\/technologie-2\/electrique-technologie-2\/"},{"@type":"ListItem","position":4,"name":"Voitures \u00e9lectriques \u00e0 sept places : d\u00e9couvrez les mod\u00e8les les plus confortables et \u00e9cologiques !"}]},{"@type":"WebSite","@id":"https:\/\/www.carideal.com\/blog\/#website","url":"https:\/\/www.carideal.com\/blog\/","name":"Blog auto Carid\u00e9al","description":"Actualit\u00e9 auto par des passionn\u00e9s","publisher":{"@id":"https:\/\/www.carideal.com\/blog\/#organization"},"potentialAction":[{"@type":"SearchAction","target":{"@type":"EntryPoint","urlTemplate":"https:\/\/www.carideal.com\/blog\/?s={search_term_string}"},"query-input":{"@type":"PropertyValueSpecification","valueRequired":true,"valueName":"search_term_string"}}],"inLanguage":"fr-FR"},{"@type":"Organization","@id":"https:\/\/www.carideal.com\/blog\/#organization","name":"Carideal","url":"https:\/\/www.carideal.com\/blog\/","logo":{"@type":"ImageObject","inLanguage":"fr-FR","@id":"https:\/\/www.carideal.com\/blog\/#\/schema\/logo\/image\/","url":"http:\/\/www.carideal.com\/blog\/wp-content\/uploads\/2016\/03\/logo-carideal-mandataire-automobile.png","contentUrl":"http:\/\/www.carideal.com\/blog\/wp-content\/uploads\/2016\/03\/logo-carideal-mandataire-automobile.png","width":300,"height":300,"caption":"Carideal"},"image":{"@id":"https:\/\/www.carideal.com\/blog\/#\/schema\/logo\/image\/"},"sameAs":["https:\/\/www.facebook.com\/Carideal.mandataire.automobile","https:\/\/x.com\/caridealauto","https:\/\/www.instagram.com\/carideal1\/","https:\/\/www.linkedin.com\/company\/carideal.com","https:\/\/fr.pinterest.com\/schiavonsas\/","https:\/\/www.youtube.com\/user\/caridealsas"]},{"@type":"Person","@id":"https:\/\/www.carideal.com\/blog\/#\/schema\/person\/cd95dc7919660de90d31b366f85be1ec","name":"Nicolas SCHIAVON","image":{"@type":"ImageObject","inLanguage":"fr-FR","@id":"https:\/\/www.carideal.com\/blog\/#\/schema\/person\/image\/","url":"https:\/\/secure.gravatar.com\/avatar\/c17e55009e671d92cc7f5dc837dc418a?s=96&r=g","contentUrl":"https:\/\/secure.gravatar.com\/avatar\/c17e55009e671d92cc7f5dc837dc418a?s=96&r=g","caption":"Nicolas SCHIAVON"},"description":"Nicolas Schiavon est tomb\u00e9 tout petit dans la marmite automobile. Ayant eu un garage de marque automobile, mandataire automobile de la premi\u00e8re heure d\u00e8s 1999. Nicolas a cr\u00e9\u00e9 ces premiers sites de vente de voiture et blog automobile d\u00e8s 1994. Carideal est n\u00e9 le 15 d\u00e9cembre 2000 de la volont\u00e9 de vendre des voitures d'occasions en ligne puis des voitures neuves. Il a pu essayer beaucoup de voitures tr\u00e8s diff\u00e9rentes et ayant eu personnellement quelques belles autos, Subaru Impreza, Mitsubishi Lancer Evo 7, Porsche 911, Ferrari Testarrossa, Audi RS3, RS4 et j'en passe...","sameAs":["http:\/\/www.carideal.com","https:\/\/www.facebook.com\/nicolas.schiavon.39","https:\/\/www.instagram.com\/carideal1\/","https:\/\/www.linkedin.com\/in\/nschiavon\/","https:\/\/x.com\/caridealauto","https:\/\/www.youtube.com\/user\/caridealsas\/"],"url":"https:\/\/www.carideal.com\/blog\/author\/nschiavon\/"}]}},"uagb_featured_image_src":{"full":["https:\/\/www.carideal.com\/blog\/wp-content\/uploads\/2023\/06\/Meilleures-voitures-electriques-7-places.webp",1200,393,false],"thumbnail":["https:\/\/www.carideal.com\/blog\/wp-content\/uploads\/2023\/06\/Meilleures-voitures-electriques-7-places-150x150.webp",150,150,true],"medium":["https:\/\/www.carideal.com\/blog\/wp-content\/uploads\/2023\/06\/Meilleures-voitures-electriques-7-places-300x98.webp",300,98,true],"medium_large":["https:\/\/www.carideal.com\/blog\/wp-content\/uploads\/2023\/06\/Meilleures-voitures-electriques-7-places-768x252.webp",768,252,true],"large":["https:\/\/www.carideal.com\/blog\/wp-content\/uploads\/2023\/06\/Meilleures-voitures-electriques-7-places-1024x335.webp",1024,335,true],"1536x1536":["https:\/\/www.carideal.com\/blog\/wp-content\/uploads\/2023\/06\/Meilleures-voitures-electriques-7-places.webp",1200,393,false],"2048x2048":["https:\/\/www.carideal.com\/blog\/wp-content\/uploads\/2023\/06\/Meilleures-voitures-electriques-7-places.webp",1200,393,false],"wppr-widget":["https:\/\/www.carideal.com\/blog\/wp-content\/uploads\/2023\/06\/Meilleures-voitures-electriques-7-places-50x16.webp",50,16,true]},"uagb_author_info":{"display_name":"Nicolas SCHIAVON","author_link":"https:\/\/www.carideal.com\/blog\/author\/nschiavon\/"},"uagb_comment_info":0,"uagb_excerpt":"Voitures \u00e9lectriques \u00e0 sept places : d\u00e9couvrez les mod\u00e8les les plus confortables et \u00e9cologiques ! \ud83d\ude97 Voitures \u00e0 sept places et z\u00e9ro \u00e9mission \ud83c\udf3f \ud83d\udd39 Choix de SUV et d\u2019alternatives \u00e0 la fourgonnette\ud83d\udd39 Vari\u00e9t\u00e9 de marques et de prix propos\u00e9s Autrefois, trouver une voiture \u00e9lectrique \u00e0 sept places \u00e9tait un v\u00e9ritable d\u00e9fi. Mais aujourd'hui, gr\u00e2ce\u2026","_links":{"self":[{"href":"https:\/\/www.carideal.com\/blog\/wp-json\/wp\/v2\/posts\/26770"}],"collection":[{"href":"https:\/\/www.carideal.com\/blog\/wp-json\/wp\/v2\/posts"}],"about":[{"href":"https:\/\/www.carideal.com\/blog\/wp-json\/wp\/v2\/types\/post"}],"author":[{"embeddable":true,"href":"https:\/\/www.carideal.com\/blog\/wp-json\/wp\/v2\/users\/3"}],"replies":[{"embeddable":true,"href":"https:\/\/www.carideal.com\/blog\/wp-json\/wp\/v2\/comments?post=26770"}],"version-history":[{"count":0,"href":"https:\/\/www.carideal.com\/blog\/wp-json\/wp\/v2\/posts\/26770\/revisions"}],"wp:featuredmedia":[{"embeddable":true,"href":"https:\/\/www.carideal.com\/blog\/wp-json\/wp\/v2\/media\/26771"}],"wp:attachment":[{"href":"https:\/\/www.carideal.com\/blog\/wp-json\/wp\/v2\/media?parent=26770"}],"wp:term":[{"taxonomy":"category","embeddable":true,"href":"https:\/\/www.carideal.com\/blog\/wp-json\/wp\/v2\/categories?post=26770"},{"taxonomy":"post_tag","embeddable":true,"href":"https:\/\/www.carideal.com\/blog\/wp-json\/wp\/v2\/tags?post=26770"}],"curies":[{"name":"wp","href":"https:\/\/api.w.org\/{rel}","templated":true}]}}