{"id":26698,"date":"2023-01-20T15:08:31","date_gmt":"2023-01-20T14:08:31","guid":{"rendered":"http:\/\/www.carideal.com\/blog\/?p=26698"},"modified":"2023-07-25T10:36:32","modified_gmt":"2023-07-25T08:36:32","slug":"quels-sont-les-marques-qui-vendent-le-plus-de-voitures-electriques-dans-le-monde-en-2022","status":"publish","type":"post","link":"https:\/\/www.carideal.com\/blog\/2023\/01\/20\/quels-sont-les-marques-qui-vendent-le-plus-de-voitures-electriques-dans-le-monde-en-2022\/","title":{"rendered":"Quels sont les marques qui vendent le plus de voitures \u00e9lectriques dans le monde en 2022 ?"},"content":{"rendered":"\n<h2 class=\"wp-block-heading\">BYD creuse l'\u00e9cart avec Tesla au troisi\u00e8me trimestre 2022 et prend la t\u00eate du march\u00e9 mondial des VE<\/h2>\n\n\n\n<ul class=\"wp-block-list\">\n<li>Trois des cinq marques de voitures \u00e9lectriques les plus vendues au troisi\u00e8me trimestre 2022 sont <a href=\"http:\/\/www.carideal.com\/blog\/2007\/11\/27\/l-industrie-automobile-chinoise\/\">chinoises<\/a>.<\/li>\n\n\n\n<li>Les 10 premiers mod\u00e8les de VE ont repr\u00e9sent\u00e9 plus de 35 % des ventes mondiales de VE.<\/li>\n\n\n\n<li>Les VE ont constitu\u00e9 plus de 15 % des ventes mondiales de v\u00e9hicules de tourisme au troisi\u00e8me trimestre 2022.<\/li>\n<\/ul>\n\n\n\n<p>Les ventes mondiales de v\u00e9hicules \u00e9lectriques* (VE) pour passagers ont augment\u00e9 de 71 % en glissement annuel au T3 2022, selon les derni\u00e8res recherches du Global Passenger Electric Vehicle Model Sales Tracker de <a href=\"https:\/\/report.counterpointresearch.com\/posts\/report_view\/AutomotiveFutures\/3509\">Counterpoint<\/a>. Dans le total des ventes de VE, les voitures \u00e9lectriques \u00e0 batterie (BEV) ont repr\u00e9sent\u00e9 pr\u00e8s de 74 % et les VE hybrides rechargeables (PHEV) le reste. <\/p>\n\n\n\n<p>La Chine est rest\u00e9e le leader du march\u00e9 des ventes de VE, suivie par l'Europe et les \u00c9tats-Unis. Les ventes de VE en Chine ont augment\u00e9 de plus de 100 % en glissement annuel pour d\u00e9passer 1,7 million d'unit\u00e9s, contre seulement 0,88 million d'unit\u00e9s au troisi\u00e8me trimestre 2021. <\/p>\n\n\n\n<p>BYD Auto a continu\u00e9 de dominer le march\u00e9 mondial des VE au cours du trimestre. Le constructeur chinois a \u00e9galement r\u00e9ussi \u00e0 creuser l'\u00e9cart avec Tesla, qui occupe la deuxi\u00e8me place.<\/p>\n\n\n\n<p>Commentant la dynamique du march\u00e9, Soumen Mandal, analyste principal, a d\u00e9clar\u00e9 : \" Les ventes mondiales de VE augmentent \u00e0 mesure que l'approvisionnement en semi-conducteurs se rel\u00e2che et que les mati\u00e8res premi\u00e8res pour les batteries sont plus disponibles. Parmi les pays, la Chine domine \u00e0 elle seule le march\u00e9 mondial des v\u00e9hicules \u00e9lectriques. <\/p>\n\n\n\n<p>Trois des cinq marques de VE les plus vendues sont chinoises. Ces trois marques op\u00e8rent principalement en Chine, ce qui souligne l'\u00e9volution positive du march\u00e9 chinois des VE.\"<\/p>\n\n\n<div class=\"wp-block-image\">\n<figure class=\"aligncenter size-full\"><a href=\"http:\/\/www.carideal.com\/blog\/wp-content\/uploads\/2023\/01\/part-de-marche-5-constructeurs-2022-1.jpg\"><img loading=\"lazy\" decoding=\"async\" width=\"1024\" height=\"725\" src=\"http:\/\/www.carideal.com\/blog\/wp-content\/uploads\/2023\/01\/part-de-marche-5-constructeurs-2022-1.jpg\" alt=\"Part de march\u00e9 des 5 premi\u00e8res marques de VE\" class=\"wp-image-26700\" srcset=\"https:\/\/www.carideal.com\/blog\/wp-content\/uploads\/2023\/01\/part-de-marche-5-constructeurs-2022-1.jpg 1024w, https:\/\/www.carideal.com\/blog\/wp-content\/uploads\/2023\/01\/part-de-marche-5-constructeurs-2022-1-300x212.jpg 300w, https:\/\/www.carideal.com\/blog\/wp-content\/uploads\/2023\/01\/part-de-marche-5-constructeurs-2022-1-768x544.jpg 768w, https:\/\/www.carideal.com\/blog\/wp-content\/uploads\/2023\/01\/part-de-marche-5-constructeurs-2022-1-50x35.jpg 50w, https:\/\/www.carideal.com\/blog\/wp-content\/uploads\/2023\/01\/part-de-marche-5-constructeurs-2022-1-110x78.jpg 110w, https:\/\/www.carideal.com\/blog\/wp-content\/uploads\/2023\/01\/part-de-marche-5-constructeurs-2022-1-420x297.jpg 420w, https:\/\/www.carideal.com\/blog\/wp-content\/uploads\/2023\/01\/part-de-marche-5-constructeurs-2022-1-607x430.jpg 607w\" sizes=\"(max-width: 1024px) 100vw, 1024px\" \/><\/a><figcaption class=\"wp-element-caption\">Part de march\u00e9 des 5 premi\u00e8res marques de VE<\/figcaption><\/figure><\/div>\n\n\n<h3 class=\"wp-block-heading\">R\u00e9sum\u00e9 du march\u00e9<\/h3>\n\n\n\n<p><strong>BYD Auto<\/strong> est rest\u00e9 le leader du march\u00e9 mondial, exp\u00e9diant plus de 537 000 unit\u00e9s de voitures \u00e9lectriques, soit une augmentation de 197 % par rapport \u00e0 l'ann\u00e9e pr\u00e9c\u00e9dente. Ses trois principaux mod\u00e8les - BYD Song, BYD Qin et BYD Han - ont contribu\u00e9 \u00e0 plus de 56 % des ventes de l'entreprise au cours du trimestre.<\/p>\n\n\n\n<p>Les activit\u00e9s de BYD \u00e0 l'\u00e9tranger ont connu un essor rapide ; l'entreprise a vendu pr\u00e8s de 17 000 unit\u00e9s de VE dans diverses r\u00e9gions, notamment en Europe, en Am\u00e9rique latine, en Asie du Sud-Est, au Moyen-Orient et en Afrique, ainsi qu'en Oc\u00e9anie, au troisi\u00e8me trimestre 2022.<\/p>\n\n\n\n<p>Les ventes mondiales de <strong><a href=\"http:\/\/www.carideal.com\/blog\/marque-de-voiture-actualites-essais\/tesla\/\">Tesla<\/a><\/strong> ont augment\u00e9 de 43 % en glissement annuel au troisi\u00e8me trimestre 2022, pour atteindre plus de 343 000 unit\u00e9s. L'entreprise a constat\u00e9 une augmentation de la demande pour ses v\u00e9hicules en Europe ce trimestre. La rampe de production liss\u00e9e dans son usine de Berlin a permis de livrer un nombre record de Model Y en Allemagne ce trimestre. Toutefois, les livraisons n'ont pas \u00e9t\u00e9 \u00e0 la hauteur des attentes en raison de goulots d'\u00e9tranglement logistiques.<\/p>\n\n\n\n<p>Wuling a connu une croissance de 31 % par rapport \u00e0 l'ann\u00e9e pr\u00e9c\u00e9dente et occupe la troisi\u00e8me place sur le march\u00e9 mondial des VE. Le mod\u00e8le Hongguang Mini EV de la marque est rest\u00e9 le leader incontest\u00e9 du march\u00e9 depuis sa sortie au second semestre 2020. Les ventes de mini-voitures \u00e9lectriques en Chine sont \u00e9lev\u00e9es car elles co\u00fbtent moins cher, sont \u00e9ligibles aux subventions et remplissent leur fonction.<\/p>\n\n\n\n<p>Les ventes de VE de <a href=\"http:\/\/www.carideal.com\/blog\/marque-de-voiture-actualites-essais\/volkswagen\/\">Volkswagen<\/a> ont augment\u00e9 de 28 % par rapport \u00e0 l'ann\u00e9e pr\u00e9c\u00e9dente pour se remettre de leur baisse au deuxi\u00e8me trimestre. Les s\u00e9ries ID.4, ID.3 et ID.6 ont \u00e9t\u00e9 les mod\u00e8les Volkswagen les plus vendus au cours du trimestre. L'entreprise a enregistr\u00e9 des r\u00e9sultats impressionnants en Chine, o\u00f9 ses ventes de VE ont augment\u00e9 de 79 % en glissement annuel et de 35 % en glissement trimestriel. Bien que les ventes de la marque en Europe et aux \u00c9tats-Unis aient repris en s\u00e9quentiel, aucune des deux r\u00e9gions n'a enregistr\u00e9 de croissance en glissement annuel.<\/p>\n\n\n\n<p><strong>GAC Motor<\/strong> est devenue la cinqui\u00e8me marque la plus vendue, d\u00e9passant <a href=\"http:\/\/www.carideal.com\/blog\/marque-de-voiture-actualites-essais\/bmw\/\">BMW<\/a> et <a href=\"http:\/\/www.carideal.com\/blog\/marque-de-voiture-actualites-essais\/mercedes\/\">Mercedes-Benz<\/a>. Au cours du troisi\u00e8me trimestre 2022, GAC a vendu plus de 85 000 unit\u00e9s, enregistrant une croissance annuelle de 145 %. GAC a \u00e9t\u00e9 le fer de lance de sa s\u00e9rie Aion, avec l'Aion Y comme mod\u00e8le le plus vendu. La soci\u00e9t\u00e9 op\u00e8re uniquement en Chine.<\/p>\n\n\n\n<p>Les marques chinoises de VE progressent de mani\u00e8re forte et r\u00e9guli\u00e8re. BMW a \u00e9t\u00e9 repouss\u00e9 \u00e0 la sixi\u00e8me place par GAC Motor. D'autres marques comme NIO, Xpeng, Lynk &amp; Co et Geometry ont commenc\u00e9 \u00e0 \u00e9tablir une forte pr\u00e9sence mondiale, alors que les constructeurs europ\u00e9ens traditionnels comme Audi, Volvo, Peugeot et Renault ont du mal \u00e0 suivre la concurrence. Parmi les 25 premi\u00e8res marques de VE au troisi\u00e8me trimestre 2022, 14 \u00e9taient chinoises.<\/p>\n\n\n\n<p>Les 10 premiers mod\u00e8les de VE ont repr\u00e9sent\u00e9 plus de 35 % des ventes mondiales de VE au troisi\u00e8me trimestre 2022. Le mod\u00e8le Y de Tesla est rest\u00e9 le mod\u00e8le de VE le plus vendu. Six des dix mod\u00e8les de VE les plus vendus provenaient de BYD Auto.<\/p>\n\n\n<div class=\"wp-block-image\">\n<figure class=\"aligncenter size-full\"><a href=\"http:\/\/www.carideal.com\/blog\/wp-content\/uploads\/2023\/01\/top-10-voitures-electriques-les-plus-vendues-1.jpg\"><img loading=\"lazy\" decoding=\"async\" width=\"1024\" height=\"700\" src=\"http:\/\/www.carideal.com\/blog\/wp-content\/uploads\/2023\/01\/top-10-voitures-electriques-les-plus-vendues-1.jpg\" alt=\"es 10 mod\u00e8les de VE les plus vendus\" class=\"wp-image-26702\" srcset=\"https:\/\/www.carideal.com\/blog\/wp-content\/uploads\/2023\/01\/top-10-voitures-electriques-les-plus-vendues-1.jpg 1024w, https:\/\/www.carideal.com\/blog\/wp-content\/uploads\/2023\/01\/top-10-voitures-electriques-les-plus-vendues-1-300x205.jpg 300w, https:\/\/www.carideal.com\/blog\/wp-content\/uploads\/2023\/01\/top-10-voitures-electriques-les-plus-vendues-1-768x525.jpg 768w, https:\/\/www.carideal.com\/blog\/wp-content\/uploads\/2023\/01\/top-10-voitures-electriques-les-plus-vendues-1-50x34.jpg 50w, https:\/\/www.carideal.com\/blog\/wp-content\/uploads\/2023\/01\/top-10-voitures-electriques-les-plus-vendues-1-110x75.jpg 110w, https:\/\/www.carideal.com\/blog\/wp-content\/uploads\/2023\/01\/top-10-voitures-electriques-les-plus-vendues-1-420x287.jpg 420w, https:\/\/www.carideal.com\/blog\/wp-content\/uploads\/2023\/01\/top-10-voitures-electriques-les-plus-vendues-1-629x430.jpg 629w\" sizes=\"(max-width: 1024px) 100vw, 1024px\" \/><\/a><figcaption class=\"wp-element-caption\">es 10 mod\u00e8les de VE les plus vendus<\/figcaption><\/figure><\/div>\n\n\n<p>Commentant les perspectives du march\u00e9, Peter Richardson, vice-pr\u00e9sident de la recherche, a d\u00e9clar\u00e9 : \" Les VE repr\u00e9sentent une part croissante des ventes mondiales de v\u00e9hicules de tourisme. Actuellement, les VE repr\u00e9sentent plus de 15 % des ventes mondiales de v\u00e9hicules de tourisme. <\/p>\n\n\n\n<ul class=\"wp-block-list\">\n<li><a href=\"http:\/\/www.carideal.com\/blog\/2023\/07\/25\/le-futur-des-voitures-electriques-en-2024-et-au-dela-un-apercu-des-futures-stars-de-lautomobile-electrique\/\">Voitures \u00e9lectriques du Futur\u00a0: Quel paysage pr\u00e9voir pour 2024 et au-del\u00e0 ?<\/a><\/li>\n<\/ul>\n\n\n\n<p>Les voitures \u00e9lectriques sont en train de devenir le choix pr\u00e9f\u00e9r\u00e9 des premiers acheteurs de voitures dans les r\u00e9gions d\u00e9velopp\u00e9es. Cela encourage \u00e9galement de nouveaux acteurs \u00e0 entrer sur le march\u00e9. En outre, diff\u00e9rentes chimies de batterie n\u00e9cessitant peu ou pas de lithium sont \u00e9galement en cours de d\u00e9veloppement, les nouvelles technologies promettant une efficacit\u00e9 similaire ou sup\u00e9rieure \u00e0 celle des technologies existantes.\"<\/p>\n\n\n\n<figure class=\"wp-block-embed is-type-video is-provider-youtube wp-block-embed-youtube wp-embed-aspect-16-9 wp-has-aspect-ratio\"><div class=\"wp-block-embed__wrapper\">\n<iframe loading=\"lazy\" title=\"Byd Han : la berline chinoise clairement premium - En direct du Mondial de Paris 2022\" width=\"1200\" height=\"675\" src=\"https:\/\/www.youtube.com\/embed\/mWdgFVa5aHo?feature=oembed\" frameborder=\"0\" allow=\"accelerometer; autoplay; clipboard-write; encrypted-media; gyroscope; picture-in-picture; web-share\" allowfullscreen><\/iframe>\n<\/div><\/figure>\n\n\n\n<p>*Les ventes font r\u00e9f\u00e9rence aux chiffres de gros, c'est-\u00e0-dire les livraisons des usines par les marques\/entreprises respectives.<\/p>\n\n\n\n<p>*Pour les VE, nous ne consid\u00e9rons que les BEV et les PHEV. Les VE hybrides et les v\u00e9hicules \u00e0 pile \u00e0 combustible (FCV) ne sont pas inclus dans cette \u00e9tude.<\/p>\n","protected":false},"excerpt":{"rendered":"<p>BYD creuse l&rsquo;\u00e9cart avec Tesla au troisi\u00e8me trimestre 2022 et prend la t\u00eate du march\u00e9 mondial des VE Les ventes mondiales de v\u00e9hicules \u00e9lectriques* (VE) pour passagers ont augment\u00e9 de 71 % en glissement annuel au T3 2022, selon les derni\u00e8res recherches du Global Passenger Electric Vehicle Model Sales Tracker de Counterpoint. Dans le total &#8230; <a title=\"Quels sont les marques qui vendent le plus de voitures \u00e9lectriques dans le monde en 2022 ?\" class=\"read-more\" href=\"https:\/\/www.carideal.com\/blog\/2023\/01\/20\/quels-sont-les-marques-qui-vendent-le-plus-de-voitures-electriques-dans-le-monde-en-2022\/\" aria-label=\"En savoir plus sur Quels sont les marques qui vendent le plus de voitures \u00e9lectriques dans le monde en 2022 ?\">Lire plus<\/a><\/p>\n","protected":false},"author":3,"featured_media":26703,"comment_status":"open","ping_status":"open","sticky":false,"template":"","format":"standard","meta":{"_uag_custom_page_level_css":"","_themeisle_gutenberg_block_has_review":false,"footnotes":""},"categories":[9,5970],"tags":[],"class_list":["post-26698","post","type-post","status-publish","format-standard","has-post-thumbnail","hentry","category-divers","category-electrique-technologie-2"],"wppr_data":{"cwp_meta_box_check":"No"},"yoast_head":"<!-- This site is optimized with the Yoast SEO plugin v24.8.1 - https:\/\/yoast.com\/wordpress\/plugins\/seo\/ -->\n<title>Quels sont les marques qui vendent le plus de voitures \u00e9lectriques dans le monde en 2022 ? - Blog auto Carid\u00e9al<\/title>\n<meta name=\"description\" content=\"Quels sont les marques qui vendent le plus de voitures \u00e9lectriques dans le monde en 2022 ? BYD et Tesla pour la part du lion\" \/>\n<meta name=\"robots\" content=\"index, follow, max-snippet:-1, max-image-preview:large, max-video-preview:-1\" \/>\n<link rel=\"canonical\" href=\"https:\/\/www.carideal.com\/blog\/2023\/01\/20\/quels-sont-les-marques-qui-vendent-le-plus-de-voitures-electriques-dans-le-monde-en-2022\/\" \/>\n<meta property=\"og:locale\" content=\"fr_FR\" \/>\n<meta property=\"og:type\" content=\"article\" \/>\n<meta property=\"og:title\" content=\"Quels sont les marques qui vendent le plus de voitures \u00e9lectriques dans le monde en 2022 ? - Blog auto Carid\u00e9al\" \/>\n<meta property=\"og:description\" content=\"Quels sont les marques qui vendent le plus de voitures \u00e9lectriques dans le monde en 2022 ? BYD et Tesla pour la part du lion\" \/>\n<meta property=\"og:url\" content=\"https:\/\/www.carideal.com\/blog\/2023\/01\/20\/quels-sont-les-marques-qui-vendent-le-plus-de-voitures-electriques-dans-le-monde-en-2022\/\" \/>\n<meta property=\"og:site_name\" content=\"Blog auto Carid\u00e9al\" \/>\n<meta property=\"article:publisher\" content=\"https:\/\/www.facebook.com\/Carideal.mandataire.automobile\" \/>\n<meta property=\"article:author\" content=\"https:\/\/www.facebook.com\/nicolas.schiavon.39\" \/>\n<meta property=\"article:published_time\" content=\"2023-01-20T14:08:31+00:00\" \/>\n<meta property=\"article:modified_time\" content=\"2023-07-25T08:36:32+00:00\" \/>\n<meta property=\"og:image\" content=\"https:\/\/www.carideal.com\/blog\/wp-content\/uploads\/2023\/01\/voitures-electriques-plus-vendues-monde-2.jpg\" \/>\n\t<meta property=\"og:image:width\" content=\"1200\" \/>\n\t<meta property=\"og:image:height\" content=\"500\" \/>\n\t<meta property=\"og:image:type\" content=\"image\/jpeg\" \/>\n<meta name=\"author\" content=\"Nicolas SCHIAVON\" \/>\n<meta name=\"twitter:card\" content=\"summary_large_image\" \/>\n<meta name=\"twitter:creator\" content=\"@caridealauto\" \/>\n<meta name=\"twitter:site\" content=\"@caridealauto\" \/>\n<meta name=\"twitter:label1\" content=\"\u00c9crit par\" \/>\n\t<meta name=\"twitter:data1\" content=\"Nicolas SCHIAVON\" \/>\n\t<meta name=\"twitter:label2\" content=\"Dur\u00e9e de lecture estim\u00e9e\" \/>\n\t<meta name=\"twitter:data2\" content=\"6 minutes\" \/>\n<script type=\"application\/ld+json\" class=\"yoast-schema-graph\">{\"@context\":\"https:\/\/schema.org\",\"@graph\":[{\"@type\":\"Article\",\"@id\":\"https:\/\/www.carideal.com\/blog\/2023\/01\/20\/quels-sont-les-marques-qui-vendent-le-plus-de-voitures-electriques-dans-le-monde-en-2022\/#article\",\"isPartOf\":{\"@id\":\"https:\/\/www.carideal.com\/blog\/2023\/01\/20\/quels-sont-les-marques-qui-vendent-le-plus-de-voitures-electriques-dans-le-monde-en-2022\/\"},\"author\":{\"name\":\"Nicolas SCHIAVON\",\"@id\":\"https:\/\/www.carideal.com\/blog\/#\/schema\/person\/cd95dc7919660de90d31b366f85be1ec\"},\"headline\":\"Quels sont les marques qui vendent le plus de voitures \u00e9lectriques dans le monde en 2022 ?\",\"datePublished\":\"2023-01-20T14:08:31+00:00\",\"dateModified\":\"2023-07-25T08:36:32+00:00\",\"mainEntityOfPage\":{\"@id\":\"https:\/\/www.carideal.com\/blog\/2023\/01\/20\/quels-sont-les-marques-qui-vendent-le-plus-de-voitures-electriques-dans-le-monde-en-2022\/\"},\"wordCount\":1058,\"commentCount\":0,\"publisher\":{\"@id\":\"https:\/\/www.carideal.com\/blog\/#organization\"},\"image\":{\"@id\":\"https:\/\/www.carideal.com\/blog\/2023\/01\/20\/quels-sont-les-marques-qui-vendent-le-plus-de-voitures-electriques-dans-le-monde-en-2022\/#primaryimage\"},\"thumbnailUrl\":\"https:\/\/www.carideal.com\/blog\/wp-content\/uploads\/2023\/01\/voitures-electriques-plus-vendues-monde-2.jpg\",\"articleSection\":[\"Divers\",\"Voiture \u00e9lectrique\"],\"inLanguage\":\"fr-FR\",\"potentialAction\":[{\"@type\":\"CommentAction\",\"name\":\"Comment\",\"target\":[\"https:\/\/www.carideal.com\/blog\/2023\/01\/20\/quels-sont-les-marques-qui-vendent-le-plus-de-voitures-electriques-dans-le-monde-en-2022\/#respond\"]}]},{\"@type\":\"WebPage\",\"@id\":\"https:\/\/www.carideal.com\/blog\/2023\/01\/20\/quels-sont-les-marques-qui-vendent-le-plus-de-voitures-electriques-dans-le-monde-en-2022\/\",\"url\":\"https:\/\/www.carideal.com\/blog\/2023\/01\/20\/quels-sont-les-marques-qui-vendent-le-plus-de-voitures-electriques-dans-le-monde-en-2022\/\",\"name\":\"Quels sont les marques qui vendent le plus de voitures \u00e9lectriques dans le monde en 2022 ? - Blog auto Carid\u00e9al\",\"isPartOf\":{\"@id\":\"https:\/\/www.carideal.com\/blog\/#website\"},\"primaryImageOfPage\":{\"@id\":\"https:\/\/www.carideal.com\/blog\/2023\/01\/20\/quels-sont-les-marques-qui-vendent-le-plus-de-voitures-electriques-dans-le-monde-en-2022\/#primaryimage\"},\"image\":{\"@id\":\"https:\/\/www.carideal.com\/blog\/2023\/01\/20\/quels-sont-les-marques-qui-vendent-le-plus-de-voitures-electriques-dans-le-monde-en-2022\/#primaryimage\"},\"thumbnailUrl\":\"https:\/\/www.carideal.com\/blog\/wp-content\/uploads\/2023\/01\/voitures-electriques-plus-vendues-monde-2.jpg\",\"datePublished\":\"2023-01-20T14:08:31+00:00\",\"dateModified\":\"2023-07-25T08:36:32+00:00\",\"description\":\"Quels sont les marques qui vendent le plus de voitures \u00e9lectriques dans le monde en 2022 ? BYD et Tesla pour la part du lion\",\"breadcrumb\":{\"@id\":\"https:\/\/www.carideal.com\/blog\/2023\/01\/20\/quels-sont-les-marques-qui-vendent-le-plus-de-voitures-electriques-dans-le-monde-en-2022\/#breadcrumb\"},\"inLanguage\":\"fr-FR\",\"potentialAction\":[{\"@type\":\"ReadAction\",\"target\":[\"https:\/\/www.carideal.com\/blog\/2023\/01\/20\/quels-sont-les-marques-qui-vendent-le-plus-de-voitures-electriques-dans-le-monde-en-2022\/\"]}]},{\"@type\":\"ImageObject\",\"inLanguage\":\"fr-FR\",\"@id\":\"https:\/\/www.carideal.com\/blog\/2023\/01\/20\/quels-sont-les-marques-qui-vendent-le-plus-de-voitures-electriques-dans-le-monde-en-2022\/#primaryimage\",\"url\":\"https:\/\/www.carideal.com\/blog\/wp-content\/uploads\/2023\/01\/voitures-electriques-plus-vendues-monde-2.jpg\",\"contentUrl\":\"https:\/\/www.carideal.com\/blog\/wp-content\/uploads\/2023\/01\/voitures-electriques-plus-vendues-monde-2.jpg\",\"width\":1200,\"height\":500,\"caption\":\"Quels sont les marques qui vendent le plus de voitures \u00e9lectriques dans le monde en 2022 ?\"},{\"@type\":\"BreadcrumbList\",\"@id\":\"https:\/\/www.carideal.com\/blog\/2023\/01\/20\/quels-sont-les-marques-qui-vendent-le-plus-de-voitures-electriques-dans-le-monde-en-2022\/#breadcrumb\",\"itemListElement\":[{\"@type\":\"ListItem\",\"position\":1,\"name\":\"Blog Carid\u00e9al\",\"item\":\"https:\/\/www.carideal.com\/blog\/\"},{\"@type\":\"ListItem\",\"position\":2,\"name\":\"Divers\",\"item\":\"https:\/\/www.carideal.com\/blog\/divers\/\"},{\"@type\":\"ListItem\",\"position\":3,\"name\":\"Quels sont les marques qui vendent le plus de voitures \u00e9lectriques dans le monde en 2022 ?\"}]},{\"@type\":\"WebSite\",\"@id\":\"https:\/\/www.carideal.com\/blog\/#website\",\"url\":\"https:\/\/www.carideal.com\/blog\/\",\"name\":\"Blog auto Carid\u00e9al\",\"description\":\"Actualit\u00e9 auto par des passionn\u00e9s\",\"publisher\":{\"@id\":\"https:\/\/www.carideal.com\/blog\/#organization\"},\"potentialAction\":[{\"@type\":\"SearchAction\",\"target\":{\"@type\":\"EntryPoint\",\"urlTemplate\":\"https:\/\/www.carideal.com\/blog\/?s={search_term_string}\"},\"query-input\":{\"@type\":\"PropertyValueSpecification\",\"valueRequired\":true,\"valueName\":\"search_term_string\"}}],\"inLanguage\":\"fr-FR\"},{\"@type\":\"Organization\",\"@id\":\"https:\/\/www.carideal.com\/blog\/#organization\",\"name\":\"Carideal\",\"url\":\"https:\/\/www.carideal.com\/blog\/\",\"logo\":{\"@type\":\"ImageObject\",\"inLanguage\":\"fr-FR\",\"@id\":\"https:\/\/www.carideal.com\/blog\/#\/schema\/logo\/image\/\",\"url\":\"http:\/\/www.carideal.com\/blog\/wp-content\/uploads\/2016\/03\/logo-carideal-mandataire-automobile.png\",\"contentUrl\":\"http:\/\/www.carideal.com\/blog\/wp-content\/uploads\/2016\/03\/logo-carideal-mandataire-automobile.png\",\"width\":300,\"height\":300,\"caption\":\"Carideal\"},\"image\":{\"@id\":\"https:\/\/www.carideal.com\/blog\/#\/schema\/logo\/image\/\"},\"sameAs\":[\"https:\/\/www.facebook.com\/Carideal.mandataire.automobile\",\"https:\/\/x.com\/caridealauto\",\"https:\/\/www.instagram.com\/carideal1\/\",\"https:\/\/www.linkedin.com\/company\/carideal.com\",\"https:\/\/fr.pinterest.com\/schiavonsas\/\",\"https:\/\/www.youtube.com\/user\/caridealsas\"]},{\"@type\":\"Person\",\"@id\":\"https:\/\/www.carideal.com\/blog\/#\/schema\/person\/cd95dc7919660de90d31b366f85be1ec\",\"name\":\"Nicolas SCHIAVON\",\"image\":{\"@type\":\"ImageObject\",\"inLanguage\":\"fr-FR\",\"@id\":\"https:\/\/www.carideal.com\/blog\/#\/schema\/person\/image\/\",\"url\":\"https:\/\/secure.gravatar.com\/avatar\/c17e55009e671d92cc7f5dc837dc418a?s=96&r=g\",\"contentUrl\":\"https:\/\/secure.gravatar.com\/avatar\/c17e55009e671d92cc7f5dc837dc418a?s=96&r=g\",\"caption\":\"Nicolas SCHIAVON\"},\"description\":\"Nicolas Schiavon est tomb\u00e9 tout petit dans la marmite automobile. Ayant eu un garage de marque automobile, mandataire automobile de la premi\u00e8re heure d\u00e8s 1999. Nicolas a cr\u00e9\u00e9 ces premiers sites de vente de voiture et blog automobile d\u00e8s 1994. Carideal est n\u00e9 le 15 d\u00e9cembre 2000 de la volont\u00e9 de vendre des voitures d'occasions en ligne puis des voitures neuves. Il a pu essayer beaucoup de voitures tr\u00e8s diff\u00e9rentes et ayant eu personnellement quelques belles autos, Subaru Impreza, Mitsubishi Lancer Evo 7, Porsche 911, Ferrari Testarrossa, Audi RS3, RS4 et j'en passe...\",\"sameAs\":[\"http:\/\/www.carideal.com\",\"https:\/\/www.facebook.com\/nicolas.schiavon.39\",\"https:\/\/www.instagram.com\/carideal1\/\",\"https:\/\/www.linkedin.com\/in\/nschiavon\/\",\"https:\/\/x.com\/caridealauto\",\"https:\/\/www.youtube.com\/user\/caridealsas\/\"],\"url\":\"https:\/\/www.carideal.com\/blog\/author\/nschiavon\/\"}]}<\/script>\n<!-- \/ Yoast SEO plugin. -->","yoast_head_json":{"title":"Quels sont les marques qui vendent le plus de voitures \u00e9lectriques dans le monde en 2022 ? - Blog auto Carid\u00e9al","description":"Quels sont les marques qui vendent le plus de voitures \u00e9lectriques dans le monde en 2022 ? BYD et Tesla pour la part du lion","robots":{"index":"index","follow":"follow","max-snippet":"max-snippet:-1","max-image-preview":"max-image-preview:large","max-video-preview":"max-video-preview:-1"},"canonical":"https:\/\/www.carideal.com\/blog\/2023\/01\/20\/quels-sont-les-marques-qui-vendent-le-plus-de-voitures-electriques-dans-le-monde-en-2022\/","og_locale":"fr_FR","og_type":"article","og_title":"Quels sont les marques qui vendent le plus de voitures \u00e9lectriques dans le monde en 2022 ? - Blog auto Carid\u00e9al","og_description":"Quels sont les marques qui vendent le plus de voitures \u00e9lectriques dans le monde en 2022 ? BYD et Tesla pour la part du lion","og_url":"https:\/\/www.carideal.com\/blog\/2023\/01\/20\/quels-sont-les-marques-qui-vendent-le-plus-de-voitures-electriques-dans-le-monde-en-2022\/","og_site_name":"Blog auto Carid\u00e9al","article_publisher":"https:\/\/www.facebook.com\/Carideal.mandataire.automobile","article_author":"https:\/\/www.facebook.com\/nicolas.schiavon.39","article_published_time":"2023-01-20T14:08:31+00:00","article_modified_time":"2023-07-25T08:36:32+00:00","og_image":[{"width":1200,"height":500,"url":"https:\/\/www.carideal.com\/blog\/wp-content\/uploads\/2023\/01\/voitures-electriques-plus-vendues-monde-2.jpg","type":"image\/jpeg"}],"author":"Nicolas SCHIAVON","twitter_card":"summary_large_image","twitter_creator":"@caridealauto","twitter_site":"@caridealauto","twitter_misc":{"\u00c9crit par":"Nicolas SCHIAVON","Dur\u00e9e de lecture estim\u00e9e":"6 minutes"},"schema":{"@context":"https:\/\/schema.org","@graph":[{"@type":"Article","@id":"https:\/\/www.carideal.com\/blog\/2023\/01\/20\/quels-sont-les-marques-qui-vendent-le-plus-de-voitures-electriques-dans-le-monde-en-2022\/#article","isPartOf":{"@id":"https:\/\/www.carideal.com\/blog\/2023\/01\/20\/quels-sont-les-marques-qui-vendent-le-plus-de-voitures-electriques-dans-le-monde-en-2022\/"},"author":{"name":"Nicolas SCHIAVON","@id":"https:\/\/www.carideal.com\/blog\/#\/schema\/person\/cd95dc7919660de90d31b366f85be1ec"},"headline":"Quels sont les marques qui vendent le plus de voitures \u00e9lectriques dans le monde en 2022 ?","datePublished":"2023-01-20T14:08:31+00:00","dateModified":"2023-07-25T08:36:32+00:00","mainEntityOfPage":{"@id":"https:\/\/www.carideal.com\/blog\/2023\/01\/20\/quels-sont-les-marques-qui-vendent-le-plus-de-voitures-electriques-dans-le-monde-en-2022\/"},"wordCount":1058,"commentCount":0,"publisher":{"@id":"https:\/\/www.carideal.com\/blog\/#organization"},"image":{"@id":"https:\/\/www.carideal.com\/blog\/2023\/01\/20\/quels-sont-les-marques-qui-vendent-le-plus-de-voitures-electriques-dans-le-monde-en-2022\/#primaryimage"},"thumbnailUrl":"https:\/\/www.carideal.com\/blog\/wp-content\/uploads\/2023\/01\/voitures-electriques-plus-vendues-monde-2.jpg","articleSection":["Divers","Voiture \u00e9lectrique"],"inLanguage":"fr-FR","potentialAction":[{"@type":"CommentAction","name":"Comment","target":["https:\/\/www.carideal.com\/blog\/2023\/01\/20\/quels-sont-les-marques-qui-vendent-le-plus-de-voitures-electriques-dans-le-monde-en-2022\/#respond"]}]},{"@type":"WebPage","@id":"https:\/\/www.carideal.com\/blog\/2023\/01\/20\/quels-sont-les-marques-qui-vendent-le-plus-de-voitures-electriques-dans-le-monde-en-2022\/","url":"https:\/\/www.carideal.com\/blog\/2023\/01\/20\/quels-sont-les-marques-qui-vendent-le-plus-de-voitures-electriques-dans-le-monde-en-2022\/","name":"Quels sont les marques qui vendent le plus de voitures \u00e9lectriques dans le monde en 2022 ? - Blog auto Carid\u00e9al","isPartOf":{"@id":"https:\/\/www.carideal.com\/blog\/#website"},"primaryImageOfPage":{"@id":"https:\/\/www.carideal.com\/blog\/2023\/01\/20\/quels-sont-les-marques-qui-vendent-le-plus-de-voitures-electriques-dans-le-monde-en-2022\/#primaryimage"},"image":{"@id":"https:\/\/www.carideal.com\/blog\/2023\/01\/20\/quels-sont-les-marques-qui-vendent-le-plus-de-voitures-electriques-dans-le-monde-en-2022\/#primaryimage"},"thumbnailUrl":"https:\/\/www.carideal.com\/blog\/wp-content\/uploads\/2023\/01\/voitures-electriques-plus-vendues-monde-2.jpg","datePublished":"2023-01-20T14:08:31+00:00","dateModified":"2023-07-25T08:36:32+00:00","description":"Quels sont les marques qui vendent le plus de voitures \u00e9lectriques dans le monde en 2022 ? BYD et Tesla pour la part du lion","breadcrumb":{"@id":"https:\/\/www.carideal.com\/blog\/2023\/01\/20\/quels-sont-les-marques-qui-vendent-le-plus-de-voitures-electriques-dans-le-monde-en-2022\/#breadcrumb"},"inLanguage":"fr-FR","potentialAction":[{"@type":"ReadAction","target":["https:\/\/www.carideal.com\/blog\/2023\/01\/20\/quels-sont-les-marques-qui-vendent-le-plus-de-voitures-electriques-dans-le-monde-en-2022\/"]}]},{"@type":"ImageObject","inLanguage":"fr-FR","@id":"https:\/\/www.carideal.com\/blog\/2023\/01\/20\/quels-sont-les-marques-qui-vendent-le-plus-de-voitures-electriques-dans-le-monde-en-2022\/#primaryimage","url":"https:\/\/www.carideal.com\/blog\/wp-content\/uploads\/2023\/01\/voitures-electriques-plus-vendues-monde-2.jpg","contentUrl":"https:\/\/www.carideal.com\/blog\/wp-content\/uploads\/2023\/01\/voitures-electriques-plus-vendues-monde-2.jpg","width":1200,"height":500,"caption":"Quels sont les marques qui vendent le plus de voitures \u00e9lectriques dans le monde en 2022 ?"},{"@type":"BreadcrumbList","@id":"https:\/\/www.carideal.com\/blog\/2023\/01\/20\/quels-sont-les-marques-qui-vendent-le-plus-de-voitures-electriques-dans-le-monde-en-2022\/#breadcrumb","itemListElement":[{"@type":"ListItem","position":1,"name":"Blog Carid\u00e9al","item":"https:\/\/www.carideal.com\/blog\/"},{"@type":"ListItem","position":2,"name":"Divers","item":"https:\/\/www.carideal.com\/blog\/divers\/"},{"@type":"ListItem","position":3,"name":"Quels sont les marques qui vendent le plus de voitures \u00e9lectriques dans le monde en 2022 ?"}]},{"@type":"WebSite","@id":"https:\/\/www.carideal.com\/blog\/#website","url":"https:\/\/www.carideal.com\/blog\/","name":"Blog auto Carid\u00e9al","description":"Actualit\u00e9 auto par des passionn\u00e9s","publisher":{"@id":"https:\/\/www.carideal.com\/blog\/#organization"},"potentialAction":[{"@type":"SearchAction","target":{"@type":"EntryPoint","urlTemplate":"https:\/\/www.carideal.com\/blog\/?s={search_term_string}"},"query-input":{"@type":"PropertyValueSpecification","valueRequired":true,"valueName":"search_term_string"}}],"inLanguage":"fr-FR"},{"@type":"Organization","@id":"https:\/\/www.carideal.com\/blog\/#organization","name":"Carideal","url":"https:\/\/www.carideal.com\/blog\/","logo":{"@type":"ImageObject","inLanguage":"fr-FR","@id":"https:\/\/www.carideal.com\/blog\/#\/schema\/logo\/image\/","url":"http:\/\/www.carideal.com\/blog\/wp-content\/uploads\/2016\/03\/logo-carideal-mandataire-automobile.png","contentUrl":"http:\/\/www.carideal.com\/blog\/wp-content\/uploads\/2016\/03\/logo-carideal-mandataire-automobile.png","width":300,"height":300,"caption":"Carideal"},"image":{"@id":"https:\/\/www.carideal.com\/blog\/#\/schema\/logo\/image\/"},"sameAs":["https:\/\/www.facebook.com\/Carideal.mandataire.automobile","https:\/\/x.com\/caridealauto","https:\/\/www.instagram.com\/carideal1\/","https:\/\/www.linkedin.com\/company\/carideal.com","https:\/\/fr.pinterest.com\/schiavonsas\/","https:\/\/www.youtube.com\/user\/caridealsas"]},{"@type":"Person","@id":"https:\/\/www.carideal.com\/blog\/#\/schema\/person\/cd95dc7919660de90d31b366f85be1ec","name":"Nicolas SCHIAVON","image":{"@type":"ImageObject","inLanguage":"fr-FR","@id":"https:\/\/www.carideal.com\/blog\/#\/schema\/person\/image\/","url":"https:\/\/secure.gravatar.com\/avatar\/c17e55009e671d92cc7f5dc837dc418a?s=96&r=g","contentUrl":"https:\/\/secure.gravatar.com\/avatar\/c17e55009e671d92cc7f5dc837dc418a?s=96&r=g","caption":"Nicolas SCHIAVON"},"description":"Nicolas Schiavon est tomb\u00e9 tout petit dans la marmite automobile. Ayant eu un garage de marque automobile, mandataire automobile de la premi\u00e8re heure d\u00e8s 1999. Nicolas a cr\u00e9\u00e9 ces premiers sites de vente de voiture et blog automobile d\u00e8s 1994. Carideal est n\u00e9 le 15 d\u00e9cembre 2000 de la volont\u00e9 de vendre des voitures d'occasions en ligne puis des voitures neuves. Il a pu essayer beaucoup de voitures tr\u00e8s diff\u00e9rentes et ayant eu personnellement quelques belles autos, Subaru Impreza, Mitsubishi Lancer Evo 7, Porsche 911, Ferrari Testarrossa, Audi RS3, RS4 et j'en passe...","sameAs":["http:\/\/www.carideal.com","https:\/\/www.facebook.com\/nicolas.schiavon.39","https:\/\/www.instagram.com\/carideal1\/","https:\/\/www.linkedin.com\/in\/nschiavon\/","https:\/\/x.com\/caridealauto","https:\/\/www.youtube.com\/user\/caridealsas\/"],"url":"https:\/\/www.carideal.com\/blog\/author\/nschiavon\/"}]}},"uagb_featured_image_src":{"full":["https:\/\/www.carideal.com\/blog\/wp-content\/uploads\/2023\/01\/voitures-electriques-plus-vendues-monde-2.jpg",1200,500,false],"thumbnail":["https:\/\/www.carideal.com\/blog\/wp-content\/uploads\/2023\/01\/voitures-electriques-plus-vendues-monde-2-150x150.jpg",150,150,true],"medium":["https:\/\/www.carideal.com\/blog\/wp-content\/uploads\/2023\/01\/voitures-electriques-plus-vendues-monde-2-300x125.jpg",300,125,true],"medium_large":["https:\/\/www.carideal.com\/blog\/wp-content\/uploads\/2023\/01\/voitures-electriques-plus-vendues-monde-2-768x320.jpg",768,320,true],"large":["https:\/\/www.carideal.com\/blog\/wp-content\/uploads\/2023\/01\/voitures-electriques-plus-vendues-monde-2-1024x427.jpg",1024,427,true],"1536x1536":["https:\/\/www.carideal.com\/blog\/wp-content\/uploads\/2023\/01\/voitures-electriques-plus-vendues-monde-2.jpg",1200,500,false],"2048x2048":["https:\/\/www.carideal.com\/blog\/wp-content\/uploads\/2023\/01\/voitures-electriques-plus-vendues-monde-2.jpg",1200,500,false],"wppr-widget":["https:\/\/www.carideal.com\/blog\/wp-content\/uploads\/2023\/01\/voitures-electriques-plus-vendues-monde-2-50x21.jpg",50,21,true]},"uagb_author_info":{"display_name":"Nicolas SCHIAVON","author_link":"https:\/\/www.carideal.com\/blog\/author\/nschiavon\/"},"uagb_comment_info":6,"uagb_excerpt":"BYD creuse l'\u00e9cart avec Tesla au troisi\u00e8me trimestre 2022 et prend la t\u00eate du march\u00e9 mondial des VE Les ventes mondiales de v\u00e9hicules \u00e9lectriques* (VE) pour passagers ont augment\u00e9 de 71 % en glissement annuel au T3 2022, selon les derni\u00e8res recherches du Global Passenger Electric Vehicle Model Sales Tracker de Counterpoint. Dans le total\u2026","_links":{"self":[{"href":"https:\/\/www.carideal.com\/blog\/wp-json\/wp\/v2\/posts\/26698"}],"collection":[{"href":"https:\/\/www.carideal.com\/blog\/wp-json\/wp\/v2\/posts"}],"about":[{"href":"https:\/\/www.carideal.com\/blog\/wp-json\/wp\/v2\/types\/post"}],"author":[{"embeddable":true,"href":"https:\/\/www.carideal.com\/blog\/wp-json\/wp\/v2\/users\/3"}],"replies":[{"embeddable":true,"href":"https:\/\/www.carideal.com\/blog\/wp-json\/wp\/v2\/comments?post=26698"}],"version-history":[{"count":0,"href":"https:\/\/www.carideal.com\/blog\/wp-json\/wp\/v2\/posts\/26698\/revisions"}],"wp:featuredmedia":[{"embeddable":true,"href":"https:\/\/www.carideal.com\/blog\/wp-json\/wp\/v2\/media\/26703"}],"wp:attachment":[{"href":"https:\/\/www.carideal.com\/blog\/wp-json\/wp\/v2\/media?parent=26698"}],"wp:term":[{"taxonomy":"category","embeddable":true,"href":"https:\/\/www.carideal.com\/blog\/wp-json\/wp\/v2\/categories?post=26698"},{"taxonomy":"post_tag","embeddable":true,"href":"https:\/\/www.carideal.com\/blog\/wp-json\/wp\/v2\/tags?post=26698"}],"curies":[{"name":"wp","href":"https:\/\/api.w.org\/{rel}","templated":true}]}}