{"id":26628,"date":"2023-01-11T15:57:36","date_gmt":"2023-01-11T14:57:36","guid":{"rendered":"http:\/\/www.carideal.com\/blog\/?p=26628"},"modified":"2023-07-25T10:36:00","modified_gmt":"2023-07-25T08:36:00","slug":"reseau-electrique-francais-sera-capable-de-gerer-la-demande-supplementaire-en-electricite-des-voitures-electriques","status":"publish","type":"post","link":"https:\/\/www.carideal.com\/blog\/2023\/01\/11\/reseau-electrique-francais-sera-capable-de-gerer-la-demande-supplementaire-en-electricite-des-voitures-electriques\/","title":{"rendered":"Est-ce que le r\u00e9seau \u00e9lectrique fran\u00e7ais sera capable de g\u00e9rer la demande suppl\u00e9mentaire en \u00e9lectricit\u00e9, suite \u00e0 la g\u00e9n\u00e9ralisation des voitures \u00e9lectriques ?"},"content":{"rendered":"\n<h2 class=\"wp-block-heading\">Est-ce que le r\u00e9seau \u00e9lectrique fran\u00e7ais sera capable de g\u00e9rer la demande suppl\u00e9mentaire en \u00e9lectricit\u00e9, suite \u00e0 la g\u00e9n\u00e9ralisation des voitures \u00e9lectriques et l'interdiction des voitures thermiques en 2035 ?<\/h2>\n\n\n\n<p>Il est difficile de pr\u00e9dire avec certitude si le r\u00e9seau \u00e9lectrique fran\u00e7ais sera capable de g\u00e9rer la demande suppl\u00e9mentaire en \u00e9lectricit\u00e9 suite \u00e0 la g\u00e9n\u00e9ralisation des <a href=\"http:\/\/www.carideal.com\/blog\/2014\/05\/30\/vehicules-electriques\/\">v\u00e9hicules \u00e9lectriques<\/a> et l'interdiction des v\u00e9hicules thermiques en 2035. Cela d\u00e9pendra de plusieurs facteurs, tels que l'augmentation de la capacit\u00e9 de production d'\u00e9lectricit\u00e9 renouvelable, l'am\u00e9lioration de l'efficacit\u00e9 \u00e9nerg\u00e9tique, et le d\u00e9veloppement de technologies de stockage d'\u00e9nergie. En outre, pour g\u00e9rer cette augmentation de la demande, le r\u00e9seau \u00e9lectrique pourrait \u00eatre modernis\u00e9 pour \u00eatre plus r\u00e9silient et adaptable. Les investissements et r\u00e9formes n\u00e9cessaires pour atteindre ces objectifs sont \u00e9normes, il faut donc un certain temps pour que ces derniers s'impl\u00e9mentent.<\/p>\n\n\n\n<h3 class=\"wp-block-heading\">Existe-t-il une \u00e9tude \u00e0 ce sujet ?<\/h3>\n\n\n\n<p>Il existe plusieurs \u00e9tudes qui se sont pench\u00e9es sur la question de l'impact de la g\u00e9n\u00e9ralisation des v\u00e9hicules \u00e9lectriques sur le r\u00e9seau \u00e9lectrique. Les \u00e9tudes les plus r\u00e9centes sont g\u00e9n\u00e9ralement bas\u00e9es sur des projections de sc\u00e9narios futurs, qui tiennent compte de facteurs tels que l'\u00e9volution des prix des v\u00e9hicules \u00e9lectriques, les politiques publiques, les tendances de la demande, etc.<\/p>\n\n\n\n<p>Il est important de noter que les r\u00e9sultats des \u00e9tudes varient consid\u00e9rablement en fonction des hypoth\u00e8ses et des mod\u00e8les utilis\u00e9s, il est donc important de consulter plusieurs sources pour avoir une vision compl\u00e8te de la situation.<br>Les instituts de recherche sp\u00e9cialis\u00e9s sur le domaine \u00e9nerg\u00e9tique et les agences gouvernementales sont les plus \u00e0 m\u00eame de fournir des \u00e9tudes \u00e0 jour et fiables, et il est conseill\u00e9 de consulter les diff\u00e9rents rapports de ces organismes pour se faire une id\u00e9e de l'\u00e9volution de la situation.<\/p>\n\n\n\n<p>De nombreux organismes et instituts de recherche ont men\u00e9 des \u00e9tudes sur l'impact de la g\u00e9n\u00e9ralisation des v\u00e9hicules \u00e9lectriques sur le r\u00e9seau \u00e9lectrique. Il y a des \u00e9tudes faites par des instituts de recherche priv\u00e9s, des universit\u00e9s, des organisations internationales, des agences gouvernementales, etc.<\/p>\n\n\n\n<p>Les instituts de recherche sp\u00e9cialis\u00e9s dans le domaine \u00e9nerg\u00e9tique tels que l'Agence internationale de l'\u00e9nergie (AIE) ou l'Agence de l'environnement et de la ma\u00eetrise de l'\u00e9nergie (<a href=\"https:\/\/presse.ademe.fr\/wp-content\/uploads\/2018\/12\/ADEME_%C3%A9tude_mix-electrique.pdf\">ADEME<\/a>) en France , produisent des rapports sur l'\u00e9volution des tendances dans le domaine des v\u00e9hicules \u00e9lectriques et sur les impacts sur le r\u00e9seau \u00e9lectrique.<\/p>\n\n\n\n<p>Les universit\u00e9s et les centres de recherche peuvent aussi produire des \u00e9tudes sp\u00e9cifiques sur les v\u00e9hicules \u00e9lectriques et leurs impacts sur le r\u00e9seau \u00e9lectrique.<\/p>\n\n\n\n<p>Les entreprises de la fili\u00e8re \u00e9nerg\u00e9tique et de l'automobile produisent des \u00e9tudes et des projections sur les tendances de march\u00e9 et les impacts sur leur activit\u00e9.<\/p>\n\n\n\n<ul class=\"wp-block-list\">\n<li><a href=\"http:\/\/www.carideal.com\/blog\/2023\/01\/20\/quels-sont-les-marques-qui-vendent-le-plus-de-voitures-electriques-dans-le-monde-en-2022\/\">Quelles sont les marques qui vendent le plus de voitures \u00e9lectriques dans le monde en 2022\u00a0<\/a><\/li>\n\n\n\n<li><a href=\"http:\/\/www.carideal.com\/blog\/2023\/07\/25\/le-futur-des-voitures-electriques-en-2024-et-au-dela-un-apercu-des-futures-stars-de-lautomobile-electrique\/\">Voitures \u00e9lectriques du Futur\u00a0: Quel paysage pr\u00e9voir pour 2024 et au-del\u00e0 ?<\/a><\/li>\n<\/ul>\n\n\n\n<p>Il est important de noter que les r\u00e9sultats des \u00e9tudes peuvent varier consid\u00e9rablement en fonction des hypoth\u00e8ses et des mod\u00e8les utilis\u00e9s, il est donc conseill\u00e9 de consulter plusieurs sources pour avoir une vision compl\u00e8te de la situation.<\/p>\n","protected":false},"excerpt":{"rendered":"<p>Est-ce que le r\u00e9seau \u00e9lectrique fran\u00e7ais sera capable de g\u00e9rer la demande suppl\u00e9mentaire en \u00e9lectricit\u00e9, suite \u00e0 la g\u00e9n\u00e9ralisation des voitures \u00e9lectriques et l&rsquo;interdiction des voitures thermiques en 2035 ? Il est difficile de pr\u00e9dire avec certitude si le r\u00e9seau \u00e9lectrique fran\u00e7ais sera capable de g\u00e9rer la demande suppl\u00e9mentaire en \u00e9lectricit\u00e9 suite \u00e0 la g\u00e9n\u00e9ralisation &#8230; <a title=\"Est-ce que le r\u00e9seau \u00e9lectrique fran\u00e7ais sera capable de g\u00e9rer la demande suppl\u00e9mentaire en \u00e9lectricit\u00e9, suite \u00e0 la g\u00e9n\u00e9ralisation des voitures \u00e9lectriques ?\" class=\"read-more\" href=\"https:\/\/www.carideal.com\/blog\/2023\/01\/11\/reseau-electrique-francais-sera-capable-de-gerer-la-demande-supplementaire-en-electricite-des-voitures-electriques\/\" aria-label=\"En savoir plus sur Est-ce que le r\u00e9seau \u00e9lectrique fran\u00e7ais sera capable de g\u00e9rer la demande suppl\u00e9mentaire en \u00e9lectricit\u00e9, suite \u00e0 la g\u00e9n\u00e9ralisation des voitures \u00e9lectriques ?\">Lire plus<\/a><\/p>\n","protected":false},"author":3,"featured_media":26629,"comment_status":"open","ping_status":"open","sticky":false,"template":"","format":"standard","meta":{"_uag_custom_page_level_css":"","_themeisle_gutenberg_block_has_review":false,"footnotes":""},"categories":[5970],"tags":[],"class_list":["post-26628","post","type-post","status-publish","format-standard","has-post-thumbnail","hentry","category-electrique-technologie-2"],"wppr_data":{"cwp_meta_box_check":"No"},"yoast_head":"<!-- This site is optimized with the Yoast SEO plugin v24.8.1 - https:\/\/yoast.com\/wordpress\/plugins\/seo\/ -->\n<title>Est-ce que le r\u00e9seau \u00e9lectrique fran\u00e7ais sera capable de g\u00e9rer la demande suppl\u00e9mentaire en \u00e9lectricit\u00e9, suite \u00e0 la g\u00e9n\u00e9ralisation des voitures \u00e9lectriques ? - Blog auto Carid\u00e9al<\/title>\n<meta name=\"description\" content=\"Il est difficile de pr\u00e9dire avec certitude si le r\u00e9seau \u00e9lectrique fran\u00e7ais sera capable de g\u00e9rer la demande suppl\u00e9mentaire en \u00e9lectricit\u00e9 suite \u00e0 la g\u00e9n\u00e9ralisation des v\u00e9hicules \u00e9lectriques\" \/>\n<meta name=\"robots\" content=\"index, follow, max-snippet:-1, max-image-preview:large, max-video-preview:-1\" \/>\n<link rel=\"canonical\" href=\"https:\/\/www.carideal.com\/blog\/2023\/01\/11\/reseau-electrique-francais-sera-capable-de-gerer-la-demande-supplementaire-en-electricite-des-voitures-electriques\/\" \/>\n<meta property=\"og:locale\" content=\"fr_FR\" \/>\n<meta property=\"og:type\" content=\"article\" \/>\n<meta property=\"og:title\" content=\"Est-ce que le r\u00e9seau \u00e9lectrique fran\u00e7ais sera capable de g\u00e9rer la demande suppl\u00e9mentaire en \u00e9lectricit\u00e9, suite \u00e0 la g\u00e9n\u00e9ralisation des voitures \u00e9lectriques ? - Blog auto Carid\u00e9al\" \/>\n<meta property=\"og:description\" content=\"Il est difficile de pr\u00e9dire avec certitude si le r\u00e9seau \u00e9lectrique fran\u00e7ais sera capable de g\u00e9rer la demande suppl\u00e9mentaire en \u00e9lectricit\u00e9 suite \u00e0 la g\u00e9n\u00e9ralisation des v\u00e9hicules \u00e9lectriques\" \/>\n<meta property=\"og:url\" content=\"https:\/\/www.carideal.com\/blog\/2023\/01\/11\/reseau-electrique-francais-sera-capable-de-gerer-la-demande-supplementaire-en-electricite-des-voitures-electriques\/\" \/>\n<meta property=\"og:site_name\" content=\"Blog auto Carid\u00e9al\" \/>\n<meta property=\"article:publisher\" content=\"https:\/\/www.facebook.com\/Carideal.mandataire.automobile\" \/>\n<meta property=\"article:author\" content=\"https:\/\/www.facebook.com\/nicolas.schiavon.39\" \/>\n<meta property=\"article:published_time\" content=\"2023-01-11T14:57:36+00:00\" \/>\n<meta property=\"article:modified_time\" content=\"2023-07-25T08:36:00+00:00\" \/>\n<meta property=\"og:image\" content=\"https:\/\/www.carideal.com\/blog\/wp-content\/uploads\/2023\/01\/voiture-electrique-hybride-scaled.webp\" \/>\n\t<meta property=\"og:image:width\" content=\"1024\" \/>\n\t<meta property=\"og:image:height\" content=\"410\" \/>\n\t<meta property=\"og:image:type\" content=\"image\/webp\" \/>\n<meta name=\"author\" content=\"Nicolas SCHIAVON\" \/>\n<meta name=\"twitter:card\" content=\"summary_large_image\" \/>\n<meta name=\"twitter:creator\" content=\"@caridealauto\" \/>\n<meta name=\"twitter:site\" content=\"@caridealauto\" \/>\n<meta name=\"twitter:label1\" content=\"\u00c9crit par\" \/>\n\t<meta name=\"twitter:data1\" content=\"Nicolas SCHIAVON\" \/>\n\t<meta name=\"twitter:label2\" content=\"Dur\u00e9e de lecture estim\u00e9e\" \/>\n\t<meta name=\"twitter:data2\" content=\"3 minutes\" \/>\n<script type=\"application\/ld+json\" class=\"yoast-schema-graph\">{\"@context\":\"https:\/\/schema.org\",\"@graph\":[{\"@type\":\"Article\",\"@id\":\"https:\/\/www.carideal.com\/blog\/2023\/01\/11\/reseau-electrique-francais-sera-capable-de-gerer-la-demande-supplementaire-en-electricite-des-voitures-electriques\/#article\",\"isPartOf\":{\"@id\":\"https:\/\/www.carideal.com\/blog\/2023\/01\/11\/reseau-electrique-francais-sera-capable-de-gerer-la-demande-supplementaire-en-electricite-des-voitures-electriques\/\"},\"author\":{\"name\":\"Nicolas SCHIAVON\",\"@id\":\"https:\/\/www.carideal.com\/blog\/#\/schema\/person\/cd95dc7919660de90d31b366f85be1ec\"},\"headline\":\"Est-ce que le r\u00e9seau \u00e9lectrique fran\u00e7ais sera capable de g\u00e9rer la demande suppl\u00e9mentaire en \u00e9lectricit\u00e9, suite \u00e0 la g\u00e9n\u00e9ralisation des voitures \u00e9lectriques ?\",\"datePublished\":\"2023-01-11T14:57:36+00:00\",\"dateModified\":\"2023-07-25T08:36:00+00:00\",\"mainEntityOfPage\":{\"@id\":\"https:\/\/www.carideal.com\/blog\/2023\/01\/11\/reseau-electrique-francais-sera-capable-de-gerer-la-demande-supplementaire-en-electricite-des-voitures-electriques\/\"},\"wordCount\":589,\"commentCount\":0,\"publisher\":{\"@id\":\"https:\/\/www.carideal.com\/blog\/#organization\"},\"image\":{\"@id\":\"https:\/\/www.carideal.com\/blog\/2023\/01\/11\/reseau-electrique-francais-sera-capable-de-gerer-la-demande-supplementaire-en-electricite-des-voitures-electriques\/#primaryimage\"},\"thumbnailUrl\":\"https:\/\/www.carideal.com\/blog\/wp-content\/uploads\/2023\/01\/voiture-electrique-hybride-scaled.webp\",\"articleSection\":[\"Voiture \u00e9lectrique\"],\"inLanguage\":\"fr-FR\",\"potentialAction\":[{\"@type\":\"CommentAction\",\"name\":\"Comment\",\"target\":[\"https:\/\/www.carideal.com\/blog\/2023\/01\/11\/reseau-electrique-francais-sera-capable-de-gerer-la-demande-supplementaire-en-electricite-des-voitures-electriques\/#respond\"]}]},{\"@type\":\"WebPage\",\"@id\":\"https:\/\/www.carideal.com\/blog\/2023\/01\/11\/reseau-electrique-francais-sera-capable-de-gerer-la-demande-supplementaire-en-electricite-des-voitures-electriques\/\",\"url\":\"https:\/\/www.carideal.com\/blog\/2023\/01\/11\/reseau-electrique-francais-sera-capable-de-gerer-la-demande-supplementaire-en-electricite-des-voitures-electriques\/\",\"name\":\"Est-ce que le r\u00e9seau \u00e9lectrique fran\u00e7ais sera capable de g\u00e9rer la demande suppl\u00e9mentaire en \u00e9lectricit\u00e9, suite \u00e0 la g\u00e9n\u00e9ralisation des voitures \u00e9lectriques ? - Blog auto Carid\u00e9al\",\"isPartOf\":{\"@id\":\"https:\/\/www.carideal.com\/blog\/#website\"},\"primaryImageOfPage\":{\"@id\":\"https:\/\/www.carideal.com\/blog\/2023\/01\/11\/reseau-electrique-francais-sera-capable-de-gerer-la-demande-supplementaire-en-electricite-des-voitures-electriques\/#primaryimage\"},\"image\":{\"@id\":\"https:\/\/www.carideal.com\/blog\/2023\/01\/11\/reseau-electrique-francais-sera-capable-de-gerer-la-demande-supplementaire-en-electricite-des-voitures-electriques\/#primaryimage\"},\"thumbnailUrl\":\"https:\/\/www.carideal.com\/blog\/wp-content\/uploads\/2023\/01\/voiture-electrique-hybride-scaled.webp\",\"datePublished\":\"2023-01-11T14:57:36+00:00\",\"dateModified\":\"2023-07-25T08:36:00+00:00\",\"description\":\"Il est difficile de pr\u00e9dire avec certitude si le r\u00e9seau \u00e9lectrique fran\u00e7ais sera capable de g\u00e9rer la demande suppl\u00e9mentaire en \u00e9lectricit\u00e9 suite \u00e0 la g\u00e9n\u00e9ralisation des v\u00e9hicules \u00e9lectriques\",\"breadcrumb\":{\"@id\":\"https:\/\/www.carideal.com\/blog\/2023\/01\/11\/reseau-electrique-francais-sera-capable-de-gerer-la-demande-supplementaire-en-electricite-des-voitures-electriques\/#breadcrumb\"},\"inLanguage\":\"fr-FR\",\"potentialAction\":[{\"@type\":\"ReadAction\",\"target\":[\"https:\/\/www.carideal.com\/blog\/2023\/01\/11\/reseau-electrique-francais-sera-capable-de-gerer-la-demande-supplementaire-en-electricite-des-voitures-electriques\/\"]}]},{\"@type\":\"ImageObject\",\"inLanguage\":\"fr-FR\",\"@id\":\"https:\/\/www.carideal.com\/blog\/2023\/01\/11\/reseau-electrique-francais-sera-capable-de-gerer-la-demande-supplementaire-en-electricite-des-voitures-electriques\/#primaryimage\",\"url\":\"https:\/\/www.carideal.com\/blog\/wp-content\/uploads\/2023\/01\/voiture-electrique-hybride-scaled.webp\",\"contentUrl\":\"https:\/\/www.carideal.com\/blog\/wp-content\/uploads\/2023\/01\/voiture-electrique-hybride-scaled.webp\",\"width\":1024,\"height\":410,\"caption\":\"Est-ce que le r\u00e9seau \u00e9lectrique fran\u00e7ais sera capable de g\u00e9rer la demande suppl\u00e9mentaire en \u00e9lectricit\u00e9, suite \u00e0 la g\u00e9n\u00e9ralisation des voitures \u00e9lectriques et l'interdiction des voitures thermiques en 2035 ?\"},{\"@type\":\"BreadcrumbList\",\"@id\":\"https:\/\/www.carideal.com\/blog\/2023\/01\/11\/reseau-electrique-francais-sera-capable-de-gerer-la-demande-supplementaire-en-electricite-des-voitures-electriques\/#breadcrumb\",\"itemListElement\":[{\"@type\":\"ListItem\",\"position\":1,\"name\":\"Blog Carid\u00e9al\",\"item\":\"https:\/\/www.carideal.com\/blog\/\"},{\"@type\":\"ListItem\",\"position\":2,\"name\":\"Technologie Automobile\",\"item\":\"https:\/\/www.carideal.com\/blog\/technologie-2\/\"},{\"@type\":\"ListItem\",\"position\":3,\"name\":\"Voiture \u00e9lectrique\",\"item\":\"https:\/\/www.carideal.com\/blog\/technologie-2\/electrique-technologie-2\/\"},{\"@type\":\"ListItem\",\"position\":4,\"name\":\"Est-ce que le r\u00e9seau \u00e9lectrique fran\u00e7ais sera capable de g\u00e9rer la demande suppl\u00e9mentaire en \u00e9lectricit\u00e9, suite \u00e0 la g\u00e9n\u00e9ralisation des voitures \u00e9lectriques ?\"}]},{\"@type\":\"WebSite\",\"@id\":\"https:\/\/www.carideal.com\/blog\/#website\",\"url\":\"https:\/\/www.carideal.com\/blog\/\",\"name\":\"Blog auto Carid\u00e9al\",\"description\":\"Actualit\u00e9 auto par des passionn\u00e9s\",\"publisher\":{\"@id\":\"https:\/\/www.carideal.com\/blog\/#organization\"},\"potentialAction\":[{\"@type\":\"SearchAction\",\"target\":{\"@type\":\"EntryPoint\",\"urlTemplate\":\"https:\/\/www.carideal.com\/blog\/?s={search_term_string}\"},\"query-input\":{\"@type\":\"PropertyValueSpecification\",\"valueRequired\":true,\"valueName\":\"search_term_string\"}}],\"inLanguage\":\"fr-FR\"},{\"@type\":\"Organization\",\"@id\":\"https:\/\/www.carideal.com\/blog\/#organization\",\"name\":\"Carideal\",\"url\":\"https:\/\/www.carideal.com\/blog\/\",\"logo\":{\"@type\":\"ImageObject\",\"inLanguage\":\"fr-FR\",\"@id\":\"https:\/\/www.carideal.com\/blog\/#\/schema\/logo\/image\/\",\"url\":\"http:\/\/www.carideal.com\/blog\/wp-content\/uploads\/2016\/03\/logo-carideal-mandataire-automobile.png\",\"contentUrl\":\"http:\/\/www.carideal.com\/blog\/wp-content\/uploads\/2016\/03\/logo-carideal-mandataire-automobile.png\",\"width\":300,\"height\":300,\"caption\":\"Carideal\"},\"image\":{\"@id\":\"https:\/\/www.carideal.com\/blog\/#\/schema\/logo\/image\/\"},\"sameAs\":[\"https:\/\/www.facebook.com\/Carideal.mandataire.automobile\",\"https:\/\/x.com\/caridealauto\",\"https:\/\/www.instagram.com\/carideal1\/\",\"https:\/\/www.linkedin.com\/company\/carideal.com\",\"https:\/\/fr.pinterest.com\/schiavonsas\/\",\"https:\/\/www.youtube.com\/user\/caridealsas\"]},{\"@type\":\"Person\",\"@id\":\"https:\/\/www.carideal.com\/blog\/#\/schema\/person\/cd95dc7919660de90d31b366f85be1ec\",\"name\":\"Nicolas SCHIAVON\",\"image\":{\"@type\":\"ImageObject\",\"inLanguage\":\"fr-FR\",\"@id\":\"https:\/\/www.carideal.com\/blog\/#\/schema\/person\/image\/\",\"url\":\"https:\/\/secure.gravatar.com\/avatar\/c17e55009e671d92cc7f5dc837dc418a?s=96&r=g\",\"contentUrl\":\"https:\/\/secure.gravatar.com\/avatar\/c17e55009e671d92cc7f5dc837dc418a?s=96&r=g\",\"caption\":\"Nicolas SCHIAVON\"},\"description\":\"Nicolas Schiavon est tomb\u00e9 tout petit dans la marmite automobile. Ayant eu un garage de marque automobile, mandataire automobile de la premi\u00e8re heure d\u00e8s 1999. Nicolas a cr\u00e9\u00e9 ces premiers sites de vente de voiture et blog automobile d\u00e8s 1994. Carideal est n\u00e9 le 15 d\u00e9cembre 2000 de la volont\u00e9 de vendre des voitures d'occasions en ligne puis des voitures neuves. Il a pu essayer beaucoup de voitures tr\u00e8s diff\u00e9rentes et ayant eu personnellement quelques belles autos, Subaru Impreza, Mitsubishi Lancer Evo 7, Porsche 911, Ferrari Testarrossa, Audi RS3, RS4 et j'en passe...\",\"sameAs\":[\"http:\/\/www.carideal.com\",\"https:\/\/www.facebook.com\/nicolas.schiavon.39\",\"https:\/\/www.instagram.com\/carideal1\/\",\"https:\/\/www.linkedin.com\/in\/nschiavon\/\",\"https:\/\/x.com\/caridealauto\",\"https:\/\/www.youtube.com\/user\/caridealsas\/\"],\"url\":\"https:\/\/www.carideal.com\/blog\/author\/nschiavon\/\"}]}<\/script>\n<!-- \/ Yoast SEO plugin. -->","yoast_head_json":{"title":"Est-ce que le r\u00e9seau \u00e9lectrique fran\u00e7ais sera capable de g\u00e9rer la demande suppl\u00e9mentaire en \u00e9lectricit\u00e9, suite \u00e0 la g\u00e9n\u00e9ralisation des voitures \u00e9lectriques ? - Blog auto Carid\u00e9al","description":"Il est difficile de pr\u00e9dire avec certitude si le r\u00e9seau \u00e9lectrique fran\u00e7ais sera capable de g\u00e9rer la demande suppl\u00e9mentaire en \u00e9lectricit\u00e9 suite \u00e0 la g\u00e9n\u00e9ralisation des v\u00e9hicules \u00e9lectriques","robots":{"index":"index","follow":"follow","max-snippet":"max-snippet:-1","max-image-preview":"max-image-preview:large","max-video-preview":"max-video-preview:-1"},"canonical":"https:\/\/www.carideal.com\/blog\/2023\/01\/11\/reseau-electrique-francais-sera-capable-de-gerer-la-demande-supplementaire-en-electricite-des-voitures-electriques\/","og_locale":"fr_FR","og_type":"article","og_title":"Est-ce que le r\u00e9seau \u00e9lectrique fran\u00e7ais sera capable de g\u00e9rer la demande suppl\u00e9mentaire en \u00e9lectricit\u00e9, suite \u00e0 la g\u00e9n\u00e9ralisation des voitures \u00e9lectriques ? - Blog auto Carid\u00e9al","og_description":"Il est difficile de pr\u00e9dire avec certitude si le r\u00e9seau \u00e9lectrique fran\u00e7ais sera capable de g\u00e9rer la demande suppl\u00e9mentaire en \u00e9lectricit\u00e9 suite \u00e0 la g\u00e9n\u00e9ralisation des v\u00e9hicules \u00e9lectriques","og_url":"https:\/\/www.carideal.com\/blog\/2023\/01\/11\/reseau-electrique-francais-sera-capable-de-gerer-la-demande-supplementaire-en-electricite-des-voitures-electriques\/","og_site_name":"Blog auto Carid\u00e9al","article_publisher":"https:\/\/www.facebook.com\/Carideal.mandataire.automobile","article_author":"https:\/\/www.facebook.com\/nicolas.schiavon.39","article_published_time":"2023-01-11T14:57:36+00:00","article_modified_time":"2023-07-25T08:36:00+00:00","og_image":[{"width":1024,"height":410,"url":"https:\/\/www.carideal.com\/blog\/wp-content\/uploads\/2023\/01\/voiture-electrique-hybride-scaled.webp","type":"image\/webp"}],"author":"Nicolas SCHIAVON","twitter_card":"summary_large_image","twitter_creator":"@caridealauto","twitter_site":"@caridealauto","twitter_misc":{"\u00c9crit par":"Nicolas SCHIAVON","Dur\u00e9e de lecture estim\u00e9e":"3 minutes"},"schema":{"@context":"https:\/\/schema.org","@graph":[{"@type":"Article","@id":"https:\/\/www.carideal.com\/blog\/2023\/01\/11\/reseau-electrique-francais-sera-capable-de-gerer-la-demande-supplementaire-en-electricite-des-voitures-electriques\/#article","isPartOf":{"@id":"https:\/\/www.carideal.com\/blog\/2023\/01\/11\/reseau-electrique-francais-sera-capable-de-gerer-la-demande-supplementaire-en-electricite-des-voitures-electriques\/"},"author":{"name":"Nicolas SCHIAVON","@id":"https:\/\/www.carideal.com\/blog\/#\/schema\/person\/cd95dc7919660de90d31b366f85be1ec"},"headline":"Est-ce que le r\u00e9seau \u00e9lectrique fran\u00e7ais sera capable de g\u00e9rer la demande suppl\u00e9mentaire en \u00e9lectricit\u00e9, suite \u00e0 la g\u00e9n\u00e9ralisation des voitures \u00e9lectriques ?","datePublished":"2023-01-11T14:57:36+00:00","dateModified":"2023-07-25T08:36:00+00:00","mainEntityOfPage":{"@id":"https:\/\/www.carideal.com\/blog\/2023\/01\/11\/reseau-electrique-francais-sera-capable-de-gerer-la-demande-supplementaire-en-electricite-des-voitures-electriques\/"},"wordCount":589,"commentCount":0,"publisher":{"@id":"https:\/\/www.carideal.com\/blog\/#organization"},"image":{"@id":"https:\/\/www.carideal.com\/blog\/2023\/01\/11\/reseau-electrique-francais-sera-capable-de-gerer-la-demande-supplementaire-en-electricite-des-voitures-electriques\/#primaryimage"},"thumbnailUrl":"https:\/\/www.carideal.com\/blog\/wp-content\/uploads\/2023\/01\/voiture-electrique-hybride-scaled.webp","articleSection":["Voiture \u00e9lectrique"],"inLanguage":"fr-FR","potentialAction":[{"@type":"CommentAction","name":"Comment","target":["https:\/\/www.carideal.com\/blog\/2023\/01\/11\/reseau-electrique-francais-sera-capable-de-gerer-la-demande-supplementaire-en-electricite-des-voitures-electriques\/#respond"]}]},{"@type":"WebPage","@id":"https:\/\/www.carideal.com\/blog\/2023\/01\/11\/reseau-electrique-francais-sera-capable-de-gerer-la-demande-supplementaire-en-electricite-des-voitures-electriques\/","url":"https:\/\/www.carideal.com\/blog\/2023\/01\/11\/reseau-electrique-francais-sera-capable-de-gerer-la-demande-supplementaire-en-electricite-des-voitures-electriques\/","name":"Est-ce que le r\u00e9seau \u00e9lectrique fran\u00e7ais sera capable de g\u00e9rer la demande suppl\u00e9mentaire en \u00e9lectricit\u00e9, suite \u00e0 la g\u00e9n\u00e9ralisation des voitures \u00e9lectriques ? - Blog auto Carid\u00e9al","isPartOf":{"@id":"https:\/\/www.carideal.com\/blog\/#website"},"primaryImageOfPage":{"@id":"https:\/\/www.carideal.com\/blog\/2023\/01\/11\/reseau-electrique-francais-sera-capable-de-gerer-la-demande-supplementaire-en-electricite-des-voitures-electriques\/#primaryimage"},"image":{"@id":"https:\/\/www.carideal.com\/blog\/2023\/01\/11\/reseau-electrique-francais-sera-capable-de-gerer-la-demande-supplementaire-en-electricite-des-voitures-electriques\/#primaryimage"},"thumbnailUrl":"https:\/\/www.carideal.com\/blog\/wp-content\/uploads\/2023\/01\/voiture-electrique-hybride-scaled.webp","datePublished":"2023-01-11T14:57:36+00:00","dateModified":"2023-07-25T08:36:00+00:00","description":"Il est difficile de pr\u00e9dire avec certitude si le r\u00e9seau \u00e9lectrique fran\u00e7ais sera capable de g\u00e9rer la demande suppl\u00e9mentaire en \u00e9lectricit\u00e9 suite \u00e0 la g\u00e9n\u00e9ralisation des v\u00e9hicules \u00e9lectriques","breadcrumb":{"@id":"https:\/\/www.carideal.com\/blog\/2023\/01\/11\/reseau-electrique-francais-sera-capable-de-gerer-la-demande-supplementaire-en-electricite-des-voitures-electriques\/#breadcrumb"},"inLanguage":"fr-FR","potentialAction":[{"@type":"ReadAction","target":["https:\/\/www.carideal.com\/blog\/2023\/01\/11\/reseau-electrique-francais-sera-capable-de-gerer-la-demande-supplementaire-en-electricite-des-voitures-electriques\/"]}]},{"@type":"ImageObject","inLanguage":"fr-FR","@id":"https:\/\/www.carideal.com\/blog\/2023\/01\/11\/reseau-electrique-francais-sera-capable-de-gerer-la-demande-supplementaire-en-electricite-des-voitures-electriques\/#primaryimage","url":"https:\/\/www.carideal.com\/blog\/wp-content\/uploads\/2023\/01\/voiture-electrique-hybride-scaled.webp","contentUrl":"https:\/\/www.carideal.com\/blog\/wp-content\/uploads\/2023\/01\/voiture-electrique-hybride-scaled.webp","width":1024,"height":410,"caption":"Est-ce que le r\u00e9seau \u00e9lectrique fran\u00e7ais sera capable de g\u00e9rer la demande suppl\u00e9mentaire en \u00e9lectricit\u00e9, suite \u00e0 la g\u00e9n\u00e9ralisation des voitures \u00e9lectriques et l'interdiction des voitures thermiques en 2035 ?"},{"@type":"BreadcrumbList","@id":"https:\/\/www.carideal.com\/blog\/2023\/01\/11\/reseau-electrique-francais-sera-capable-de-gerer-la-demande-supplementaire-en-electricite-des-voitures-electriques\/#breadcrumb","itemListElement":[{"@type":"ListItem","position":1,"name":"Blog Carid\u00e9al","item":"https:\/\/www.carideal.com\/blog\/"},{"@type":"ListItem","position":2,"name":"Technologie Automobile","item":"https:\/\/www.carideal.com\/blog\/technologie-2\/"},{"@type":"ListItem","position":3,"name":"Voiture \u00e9lectrique","item":"https:\/\/www.carideal.com\/blog\/technologie-2\/electrique-technologie-2\/"},{"@type":"ListItem","position":4,"name":"Est-ce que le r\u00e9seau \u00e9lectrique fran\u00e7ais sera capable de g\u00e9rer la demande suppl\u00e9mentaire en \u00e9lectricit\u00e9, suite \u00e0 la g\u00e9n\u00e9ralisation des voitures \u00e9lectriques ?"}]},{"@type":"WebSite","@id":"https:\/\/www.carideal.com\/blog\/#website","url":"https:\/\/www.carideal.com\/blog\/","name":"Blog auto Carid\u00e9al","description":"Actualit\u00e9 auto par des passionn\u00e9s","publisher":{"@id":"https:\/\/www.carideal.com\/blog\/#organization"},"potentialAction":[{"@type":"SearchAction","target":{"@type":"EntryPoint","urlTemplate":"https:\/\/www.carideal.com\/blog\/?s={search_term_string}"},"query-input":{"@type":"PropertyValueSpecification","valueRequired":true,"valueName":"search_term_string"}}],"inLanguage":"fr-FR"},{"@type":"Organization","@id":"https:\/\/www.carideal.com\/blog\/#organization","name":"Carideal","url":"https:\/\/www.carideal.com\/blog\/","logo":{"@type":"ImageObject","inLanguage":"fr-FR","@id":"https:\/\/www.carideal.com\/blog\/#\/schema\/logo\/image\/","url":"http:\/\/www.carideal.com\/blog\/wp-content\/uploads\/2016\/03\/logo-carideal-mandataire-automobile.png","contentUrl":"http:\/\/www.carideal.com\/blog\/wp-content\/uploads\/2016\/03\/logo-carideal-mandataire-automobile.png","width":300,"height":300,"caption":"Carideal"},"image":{"@id":"https:\/\/www.carideal.com\/blog\/#\/schema\/logo\/image\/"},"sameAs":["https:\/\/www.facebook.com\/Carideal.mandataire.automobile","https:\/\/x.com\/caridealauto","https:\/\/www.instagram.com\/carideal1\/","https:\/\/www.linkedin.com\/company\/carideal.com","https:\/\/fr.pinterest.com\/schiavonsas\/","https:\/\/www.youtube.com\/user\/caridealsas"]},{"@type":"Person","@id":"https:\/\/www.carideal.com\/blog\/#\/schema\/person\/cd95dc7919660de90d31b366f85be1ec","name":"Nicolas SCHIAVON","image":{"@type":"ImageObject","inLanguage":"fr-FR","@id":"https:\/\/www.carideal.com\/blog\/#\/schema\/person\/image\/","url":"https:\/\/secure.gravatar.com\/avatar\/c17e55009e671d92cc7f5dc837dc418a?s=96&r=g","contentUrl":"https:\/\/secure.gravatar.com\/avatar\/c17e55009e671d92cc7f5dc837dc418a?s=96&r=g","caption":"Nicolas SCHIAVON"},"description":"Nicolas Schiavon est tomb\u00e9 tout petit dans la marmite automobile. Ayant eu un garage de marque automobile, mandataire automobile de la premi\u00e8re heure d\u00e8s 1999. Nicolas a cr\u00e9\u00e9 ces premiers sites de vente de voiture et blog automobile d\u00e8s 1994. Carideal est n\u00e9 le 15 d\u00e9cembre 2000 de la volont\u00e9 de vendre des voitures d'occasions en ligne puis des voitures neuves. Il a pu essayer beaucoup de voitures tr\u00e8s diff\u00e9rentes et ayant eu personnellement quelques belles autos, Subaru Impreza, Mitsubishi Lancer Evo 7, Porsche 911, Ferrari Testarrossa, Audi RS3, RS4 et j'en passe...","sameAs":["http:\/\/www.carideal.com","https:\/\/www.facebook.com\/nicolas.schiavon.39","https:\/\/www.instagram.com\/carideal1\/","https:\/\/www.linkedin.com\/in\/nschiavon\/","https:\/\/x.com\/caridealauto","https:\/\/www.youtube.com\/user\/caridealsas\/"],"url":"https:\/\/www.carideal.com\/blog\/author\/nschiavon\/"}]}},"uagb_featured_image_src":{"full":["https:\/\/www.carideal.com\/blog\/wp-content\/uploads\/2023\/01\/voiture-electrique-hybride-scaled.webp",1024,410,false],"thumbnail":["https:\/\/www.carideal.com\/blog\/wp-content\/uploads\/2023\/01\/voiture-electrique-hybride-150x150.webp",150,150,true],"medium":["https:\/\/www.carideal.com\/blog\/wp-content\/uploads\/2023\/01\/voiture-electrique-hybride-300x120.webp",300,120,true],"medium_large":["https:\/\/www.carideal.com\/blog\/wp-content\/uploads\/2023\/01\/voiture-electrique-hybride-768x307.webp",768,307,true],"large":["https:\/\/www.carideal.com\/blog\/wp-content\/uploads\/2023\/01\/voiture-electrique-hybride-1024x410.webp",1024,410,true],"1536x1536":["https:\/\/www.carideal.com\/blog\/wp-content\/uploads\/2023\/01\/voiture-electrique-hybride-scaled.webp",1024,410,false],"2048x2048":["https:\/\/www.carideal.com\/blog\/wp-content\/uploads\/2023\/01\/voiture-electrique-hybride-scaled.webp",1024,410,false],"wppr-widget":["https:\/\/www.carideal.com\/blog\/wp-content\/uploads\/2023\/01\/voiture-electrique-hybride-50x20.webp",50,20,true]},"uagb_author_info":{"display_name":"Nicolas SCHIAVON","author_link":"https:\/\/www.carideal.com\/blog\/author\/nschiavon\/"},"uagb_comment_info":0,"uagb_excerpt":"Est-ce que le r\u00e9seau \u00e9lectrique fran\u00e7ais sera capable de g\u00e9rer la demande suppl\u00e9mentaire en \u00e9lectricit\u00e9, suite \u00e0 la g\u00e9n\u00e9ralisation des voitures \u00e9lectriques et l'interdiction des voitures thermiques en 2035 ? Il est difficile de pr\u00e9dire avec certitude si le r\u00e9seau \u00e9lectrique fran\u00e7ais sera capable de g\u00e9rer la demande suppl\u00e9mentaire en \u00e9lectricit\u00e9 suite \u00e0 la g\u00e9n\u00e9ralisation\u2026","_links":{"self":[{"href":"https:\/\/www.carideal.com\/blog\/wp-json\/wp\/v2\/posts\/26628"}],"collection":[{"href":"https:\/\/www.carideal.com\/blog\/wp-json\/wp\/v2\/posts"}],"about":[{"href":"https:\/\/www.carideal.com\/blog\/wp-json\/wp\/v2\/types\/post"}],"author":[{"embeddable":true,"href":"https:\/\/www.carideal.com\/blog\/wp-json\/wp\/v2\/users\/3"}],"replies":[{"embeddable":true,"href":"https:\/\/www.carideal.com\/blog\/wp-json\/wp\/v2\/comments?post=26628"}],"version-history":[{"count":0,"href":"https:\/\/www.carideal.com\/blog\/wp-json\/wp\/v2\/posts\/26628\/revisions"}],"wp:featuredmedia":[{"embeddable":true,"href":"https:\/\/www.carideal.com\/blog\/wp-json\/wp\/v2\/media\/26629"}],"wp:attachment":[{"href":"https:\/\/www.carideal.com\/blog\/wp-json\/wp\/v2\/media?parent=26628"}],"wp:term":[{"taxonomy":"category","embeddable":true,"href":"https:\/\/www.carideal.com\/blog\/wp-json\/wp\/v2\/categories?post=26628"},{"taxonomy":"post_tag","embeddable":true,"href":"https:\/\/www.carideal.com\/blog\/wp-json\/wp\/v2\/tags?post=26628"}],"curies":[{"name":"wp","href":"https:\/\/api.w.org\/{rel}","templated":true}]}}