{"id":26568,"date":"2021-12-17T19:17:01","date_gmt":"2021-12-17T18:17:01","guid":{"rendered":"http:\/\/www.carideal.com\/blog\/?p=26568"},"modified":"2023-08-20T19:08:15","modified_gmt":"2023-08-20T17:08:15","slug":"meilleures-voitures-de-societe-electriques-2021","status":"publish","type":"post","link":"https:\/\/www.carideal.com\/blog\/2021\/12\/17\/meilleures-voitures-de-societe-electriques-2021\/","title":{"rendered":"Meilleures voitures de soci\u00e9t\u00e9 \u00e9lectriques 2021"},"content":{"rendered":"\n<h2 class=\"wp-block-heading\">Les meilleures voitures de soci\u00e9t\u00e9 \u00e9lectriques 2021<\/h2>\n\n\n\n<p>Avec de faibles \u00e9missions et des taux d'imposition attractifs, une voiture de soci\u00e9t\u00e9 \u00e9lectrique peut repr\u00e9senter de grosses \u00e9conomies.<\/p>\n\n\n\n<p>Les \u00e9missions \u00e9tant plus que jamais au centre des pr\u00e9occupations, les voitures diesel sont de moins en moins appr\u00e9ci\u00e9es comme v\u00e9hicules de soci\u00e9t\u00e9. Le passage \u00e0 l'\u00e9lectrique est d\u00e9sormais une v\u00e9ritable proposition gr\u00e2ce aux \u00e9normes progr\u00e8s de la technologie et \u00e0 l'am\u00e9lioration de l'autonomie des batteries, et ces voitures offrent un certain nombre d'avantages particuliers aux conducteurs de voitures de soci\u00e9t\u00e9.<\/p>\n\n\n\n<ul class=\"wp-block-list\">\n<li><a href=\"http:\/\/www.carideal.com\/blog\/2018\/12\/10\/voiture-hybride-ou-electrique\/\">Voitures hybrides ou \u00e9lectriques ?<\/a><\/li>\n<\/ul>\n\n\n\n<p>Non seulement les voitures enti\u00e8rement \u00e9lectriques \u00e9vitent les frais li\u00e9s aux \u00e9missions, comme la zone \u00e0 faibles \u00e9missions de <a href=\"https:\/\/www.paris.fr\/pages\/la-zone-a-faibles-emissions-zfe-pour-lutter-contre-la-pollution-de-l-air-16799\">Paris<\/a> mais peut \u00eatre aussi bient\u00f4t \u00e0 Lyon, mais elles permettent \u00e9galement de r\u00e9aliser des \u00e9conomies consid\u00e9rables sur les avantages fiscaux pour les entreprises et la taxe sur les v\u00e9hicules de soci\u00e9t\u00e9 (TVS). En plus de ces \u00e9conomies, les co\u00fbts de fonctionnement devraient \u00eatre bien inf\u00e9rieurs \u00e0 ceux d'un v\u00e9hicule \u00e0 carburant traditionnel.<\/p>\n\n\n\n<p>D\u00e9couvrez notre liste des meilleures voitures de soci\u00e9t\u00e9 \u00e9lectriques actuellement disponibles \u00e0 moins que vous ne pr\u00e9f\u00e9riez une <a href=\"http:\/\/www.carideal.com\/blog\/2018\/12\/05\/voiture-hybride-rechargeable-peut-elle-amusante\/\">voiture hybride<\/a> ?<\/p>\n\n\n\n<h2 class=\"wp-block-heading\">Top 10 des meilleures voitures de soci\u00e9t\u00e9 \u00e9lectrique 2021<\/h2>\n\n\n\n<ol class=\"wp-block-list\">\n<li>Tesla Model S<\/li>\n\n\n\n<li>Tesla Model 3<\/li>\n\n\n\n<li>Polestar 2<\/li>\n\n\n\n<li>Skoda Enyaq iV<\/li>\n\n\n\n<li>Hyundai Ioniq 5<\/li>\n\n\n\n<li>Fiat 500<\/li>\n\n\n\n<li>Kia Soul EV<\/li>\n\n\n\n<li>Renault Zoe<\/li>\n<\/ol>\n\n\n\n<h3 class=\"wp-block-heading\">1. Tesla Model S<\/h3>\n\n\n<div class=\"wp-block-image\">\n<figure class=\"aligncenter size-full\"><a href=\"http:\/\/www.carideal.com\/blog\/wp-content\/uploads\/2021\/12\/Tesla-Model-S-2021.jpg\"><img loading=\"lazy\" decoding=\"async\" width=\"600\" height=\"400\" src=\"http:\/\/www.carideal.com\/blog\/wp-content\/uploads\/2021\/12\/Tesla-Model-S-2021.jpg\" alt=\"Tesla Model S 2021 facelift\" class=\"wp-image-26572\" srcset=\"https:\/\/www.carideal.com\/blog\/wp-content\/uploads\/2021\/12\/Tesla-Model-S-2021.jpg 600w, https:\/\/www.carideal.com\/blog\/wp-content\/uploads\/2021\/12\/Tesla-Model-S-2021-300x200.jpg 300w, https:\/\/www.carideal.com\/blog\/wp-content\/uploads\/2021\/12\/Tesla-Model-S-2021-50x33.jpg 50w, https:\/\/www.carideal.com\/blog\/wp-content\/uploads\/2021\/12\/Tesla-Model-S-2021-110x73.jpg 110w, https:\/\/www.carideal.com\/blog\/wp-content\/uploads\/2021\/12\/Tesla-Model-S-2021-420x280.jpg 420w, https:\/\/www.carideal.com\/blog\/wp-content\/uploads\/2021\/12\/Tesla-Model-S-2021-272x182.jpg 272w\" sizes=\"(max-width: 600px) 100vw, 600px\" \/><\/a><figcaption class=\"wp-element-caption\">Tesla Model S 2021 facelift<\/figcaption><\/figure><\/div>\n\n\n<p>La <a href=\"http:\/\/www.carideal.com\/blog\/marque-de-voiture-actualites-essais\/tesla\/tesla-model-s\/\">Tesla Model S<\/a> a \u00e9t\u00e9 l'une des premi\u00e8res voitures \u00e9lectriques grand public \u00e0 \u00eatre commercialis\u00e9e, et bien que de nombreuses rivales soient arriv\u00e9es sur le march\u00e9 depuis son lancement en 2012, elle reste fermement en t\u00eate de cette liste.<\/p>\n\n\n\n<ul class=\"wp-block-list\">\n<li><a href=\"http:\/\/www.carideal.com\/blog\/2020\/03\/02\/voitures-electriques-les-plus-rapides-du-monde\/\">Voitures \u00e9lectriques les plus rapides<\/a><\/li>\n<\/ul>\n\n\n\n<p>Une autonomie annonc\u00e9e de 650 km, un temps de 0 \u00e0 100 km\/h de 3,1 secondes, un style moderne et \u00e9l\u00e9gant et un int\u00e9rieur technologique sont autant de bonnes raisons d'\u00eatre tent\u00e9 par la derni\u00e8re Model S. Le l\u00e9ger inconv\u00e9nient est un prix d'achat \u00e9lev\u00e9 \u00e0 partir de plus de 104 990 \u20ac, mais avec des \u00e9conomies mensuels potentiels sur la TVS et l'amortissement de la voiture tous les mois, sans parler des \u00e9conomies de carburant, vous devriez r\u00e9colter les b\u00e9n\u00e9fices en un rien de temps.<\/p>\n\n\n\n<h3 class=\"wp-block-heading\">2. Tesla Model 3<\/h3>\n\n\n<div class=\"wp-block-image\">\n<figure class=\"aligncenter size-full\"><a href=\"http:\/\/www.carideal.com\/blog\/wp-content\/uploads\/2021\/12\/tesla-model-3-2021.jpg\"><img loading=\"lazy\" decoding=\"async\" width=\"600\" height=\"400\" src=\"http:\/\/www.carideal.com\/blog\/wp-content\/uploads\/2021\/12\/tesla-model-3-2021.jpg\" alt=\"Tesla Model 3 2021\" class=\"wp-image-26573\" srcset=\"https:\/\/www.carideal.com\/blog\/wp-content\/uploads\/2021\/12\/tesla-model-3-2021.jpg 600w, https:\/\/www.carideal.com\/blog\/wp-content\/uploads\/2021\/12\/tesla-model-3-2021-300x200.jpg 300w, https:\/\/www.carideal.com\/blog\/wp-content\/uploads\/2021\/12\/tesla-model-3-2021-50x33.jpg 50w, https:\/\/www.carideal.com\/blog\/wp-content\/uploads\/2021\/12\/tesla-model-3-2021-110x73.jpg 110w, https:\/\/www.carideal.com\/blog\/wp-content\/uploads\/2021\/12\/tesla-model-3-2021-420x280.jpg 420w, https:\/\/www.carideal.com\/blog\/wp-content\/uploads\/2021\/12\/tesla-model-3-2021-272x182.jpg 272w\" sizes=\"(max-width: 600px) 100vw, 600px\" \/><\/a><figcaption class=\"wp-element-caption\">Tesla Model 3 2021<\/figcaption><\/figure><\/div>\n\n\n<p>Si vous pr\u00e9f\u00e9rez des avantages similaires \u00e0 ceux de la Tesla Model S mais dans un ensemble moins encombrant et moins cher, la <a href=\"http:\/\/www.carideal.com\/blog\/marque-de-voiture-actualites-essais\/tesla\/tesla-model-3\/\">Model 3<\/a> est probablement l'alternative la plus \u00e9vidente. Une fois encore, vous \u00e9conomiserez sur la <a href=\"http:\/\/www.carideal.com\/blog\/2015\/10\/12\/les-pick-up-dans-le-collimateur-du-gouvernement\/\">TVS<\/a>, mais cette fois avec un prix d'achat beaucoup plus bas, \u00e0 partir de 43 900 \u20ac. Vous obtiendrez ainsi le mod\u00e8le standard, \u00e0 propulsion arri\u00e8re, avec une autonomie de 488 km.<\/p>\n\n\n\n<p>Avec un suppl\u00e9ment de 12 000 \u20ac, vous obtiendrez le mod\u00e8le 3 longue autonomie, qui offre une autonomie de 614 km, mais gr\u00e2ce au r\u00e9seau de Superchargeurs rapide et en constante expansion de Tesla, le mod\u00e8le standard devrait s'av\u00e9rer plus que suffisant pour la plupart des voyages.<\/p>\n\n\n\n<h3 class=\"wp-block-heading\">3. Polestar 2<\/h3>\n\n\n<div class=\"wp-block-image\">\n<figure class=\"aligncenter size-full\"><a href=\"http:\/\/www.carideal.com\/blog\/wp-content\/uploads\/2021\/12\/Polestar-2-2021.jpg\"><img loading=\"lazy\" decoding=\"async\" width=\"600\" height=\"400\" src=\"http:\/\/www.carideal.com\/blog\/wp-content\/uploads\/2021\/12\/Polestar-2-2021.jpg\" alt=\"Polestar 2 2021\" class=\"wp-image-26574\" srcset=\"https:\/\/www.carideal.com\/blog\/wp-content\/uploads\/2021\/12\/Polestar-2-2021.jpg 600w, https:\/\/www.carideal.com\/blog\/wp-content\/uploads\/2021\/12\/Polestar-2-2021-300x200.jpg 300w, https:\/\/www.carideal.com\/blog\/wp-content\/uploads\/2021\/12\/Polestar-2-2021-50x33.jpg 50w, https:\/\/www.carideal.com\/blog\/wp-content\/uploads\/2021\/12\/Polestar-2-2021-110x73.jpg 110w, https:\/\/www.carideal.com\/blog\/wp-content\/uploads\/2021\/12\/Polestar-2-2021-420x280.jpg 420w, https:\/\/www.carideal.com\/blog\/wp-content\/uploads\/2021\/12\/Polestar-2-2021-272x182.jpg 272w\" sizes=\"(max-width: 600px) 100vw, 600px\" \/><\/a><figcaption class=\"wp-element-caption\">Polestar 2 2021<\/figcaption><\/figure><\/div>\n\n\n<p><a href=\"https:\/\/pibd.inpi.fr\/sites\/default\/files\/2020-09\/M20200157.pdf\">Indisponible en France<\/a> \u00e0 cause d'une similitude de logo avec <a href=\"http:\/\/www.carideal.com\/blog\/marque-de-voiture-actualites-essais\/citroen\/\">Citro\u00ebn<\/a> il n'est m\u00eame possible de se connecter au site internet si vous r\u00e9sidez en France. La Polestar 2 a \u00e9t\u00e9 la premi\u00e8re voiture grand public issue de la marque s\u0153ur de Volvo, et elle a \u00e9tabli un niveau de qualit\u00e9 impressionnant avec une ing\u00e9nierie solide, des niveaux g\u00e9n\u00e9reux de technologie embarqu\u00e9e et, bien s\u00fbr, de nombreux \u00e9quipements de s\u00e9curit\u00e9. Elle est \u00e9galement pratique, avec beaucoup d'espace pour quatre passagers adultes et un coffre de 405 litres avec les si\u00e8ges arri\u00e8re relev\u00e9s.<\/p>\n\n\n\n<ul class=\"wp-block-list\">\n<li><a href=\"http:\/\/www.carideal.com\/blog\/2020\/02\/27\/meilleures-voitures-electriques-a-acheter-en-2020\/\">Meilleur Voitures \u00e9lectriques 2020<\/a><\/li>\n<\/ul>\n\n\n\n<p>La voiture monomoteur \u00e0 longue autonomie est l'option \u00e0 privil\u00e9gier ici car elle offre la plus grande autonomie annonc\u00e9e de la gamme Polestar 2, soit jusqu'\u00e0 540 km. Bien que ce mod\u00e8le exige un surplus de 8 000 \u20ac par rapport \u00e0 la version standard \u00e0 moteur unique, il apporte une am\u00e9lioration notable par rapport \u00e0 l'autonomie annonc\u00e9e de cette voiture, qui n'est que de 440 km. Branchez-la \u00e0 un chargeur rapide et la batterie se chargera de 10 \u00e0 80 % en 32 minutes seulement.<\/p>\n\n\n\n<h3 class=\"wp-block-heading\">4. Skoda Enyaq iV<\/h3>\n\n\n<div class=\"wp-block-image\">\n<figure class=\"aligncenter size-full\"><a href=\"http:\/\/www.carideal.com\/blog\/wp-content\/uploads\/2021\/12\/Skoda_Enyaq_iV_2020.jpg\"><img loading=\"lazy\" decoding=\"async\" width=\"600\" height=\"338\" src=\"http:\/\/www.carideal.com\/blog\/wp-content\/uploads\/2021\/12\/Skoda_Enyaq_iV_2020.jpg\" alt=\"Skoda Enyaq iV\" class=\"wp-image-26578\" srcset=\"https:\/\/www.carideal.com\/blog\/wp-content\/uploads\/2021\/12\/Skoda_Enyaq_iV_2020.jpg 600w, https:\/\/www.carideal.com\/blog\/wp-content\/uploads\/2021\/12\/Skoda_Enyaq_iV_2020-300x169.jpg 300w, https:\/\/www.carideal.com\/blog\/wp-content\/uploads\/2021\/12\/Skoda_Enyaq_iV_2020-50x28.jpg 50w, https:\/\/www.carideal.com\/blog\/wp-content\/uploads\/2021\/12\/Skoda_Enyaq_iV_2020-110x62.jpg 110w, https:\/\/www.carideal.com\/blog\/wp-content\/uploads\/2021\/12\/Skoda_Enyaq_iV_2020-420x237.jpg 420w\" sizes=\"(max-width: 600px) 100vw, 600px\" \/><\/a><figcaption class=\"wp-element-caption\">Skoda Enyaq iV<\/figcaption><\/figure><\/div>\n\n\n<p>Comme vous pouviez vous y attendre de la part de la premi\u00e8re voiture \u00e9lectrique de <a href=\"http:\/\/www.carideal.com\/blog\/marque-de-voiture-actualites-essais\/skoda\/\">Skoda<\/a>, l'Enyaq iV fait un tr\u00e8s bon travail en \u00e9tant une bonne voiture de tous les jours sans \u00eatre aussi voyante que beaucoup de ses rivales. En tant que <a href=\"http:\/\/www.carideal.com\/blog\/2019\/12\/21\/les-meilleurs-suv-a-acheter-maintenant-2019-2020\/\">SUV<\/a> familial, l'Enyaq iV offre beaucoup d'espace pour les passagers et les bagages, ainsi qu'une qualit\u00e9 de construction robuste qui devrait \u00eatre en mesure de faire face \u00e0 tout ce que les occupants, jeunes ou \u00e0 quatre pattes, peuvent lui envoyer.<\/p>\n\n\n\n<h4 class=\"wp-block-heading\">Inscrivez-vous pour recevoir les derni\u00e8res nouvelles et critiques de carideal.<\/h4>\n\n\n\n<p>Restez au courant des derni\u00e8res nouvelles, critiques et autres. <\/p>\n\n\n\n<p>Pour ce qui est des trajets domicile-travail, optez pour le mod\u00e8le de milieu de gamme Enyaq iV 80 et vous disposerez de 530 km d'autonomie, gr\u00e2ce \u00e0 sa batterie plus importante. Bien qu'il ne soit pas aussi bourr\u00e9 de technologies que certains de ses rivaux, l'Enyaq iV reste simple et se concentre sur les caract\u00e9ristiques que vous voudrez vraiment dans le monde r\u00e9el, comme le r\u00e9gulateur de vitesse, l'assistance au maintien dans la voie, les capteurs de lumi\u00e8re et de pluie, et la climatisation \u00e0 deux zones.<\/p>\n\n\n\n<h3 class=\"wp-block-heading\">5. Hyundai Ioniq 5<\/h3>\n\n\n<div class=\"wp-block-image\">\n<figure class=\"aligncenter size-full\"><a href=\"http:\/\/www.carideal.com\/blog\/wp-content\/uploads\/2021\/12\/Hyundai-Ioniq-5.jpg\"><img loading=\"lazy\" decoding=\"async\" width=\"600\" height=\"400\" src=\"http:\/\/www.carideal.com\/blog\/wp-content\/uploads\/2021\/12\/Hyundai-Ioniq-5.jpg\" alt=\"Hyundai Ioniq 5\" class=\"wp-image-26579\" srcset=\"https:\/\/www.carideal.com\/blog\/wp-content\/uploads\/2021\/12\/Hyundai-Ioniq-5.jpg 600w, https:\/\/www.carideal.com\/blog\/wp-content\/uploads\/2021\/12\/Hyundai-Ioniq-5-300x200.jpg 300w, https:\/\/www.carideal.com\/blog\/wp-content\/uploads\/2021\/12\/Hyundai-Ioniq-5-50x33.jpg 50w, https:\/\/www.carideal.com\/blog\/wp-content\/uploads\/2021\/12\/Hyundai-Ioniq-5-110x73.jpg 110w, https:\/\/www.carideal.com\/blog\/wp-content\/uploads\/2021\/12\/Hyundai-Ioniq-5-420x280.jpg 420w, https:\/\/www.carideal.com\/blog\/wp-content\/uploads\/2021\/12\/Hyundai-Ioniq-5-272x182.jpg 272w\" sizes=\"(max-width: 600px) 100vw, 600px\" \/><\/a><figcaption class=\"wp-element-caption\">Hyundai Ioniq 5<\/figcaption><\/figure><\/div>\n\n\n<p>Naturellement, notre voiture de l'ann\u00e9e 2021 constitue un autre excellent choix pour une voiture de soci\u00e9t\u00e9. La <a href=\"http:\/\/www.carideal.com\/blog\/marque-de-voiture-actualites-essais\/hyundai\/\">Hyundai<\/a> Ioniq 5 est l'une des voitures les plus attrayantes du march\u00e9, avec son look futuriste et ses feux de style 8 bits. Mais il n'y a pas que l'apparence, car la Ioniq 5 est aussi une voiture agr\u00e9able \u00e0 vivre.<\/p>\n\n\n\n<ul class=\"wp-block-list\">\n<li><a href=\"http:\/\/www.carideal.com\/blog\/2023\/08\/20\/duel-electrique-hyundai-ioniq-6-vs-bmw-i4-comparaison-et-verdict\/\">Duel \u00c9lectrique : Hyundai Ioniq 6 vs BMW i4 \u2013 Comparaison et Verdict<\/a><\/li>\n<\/ul>\n\n\n\n<p>Une exp\u00e9rience de conduite raffin\u00e9e, un int\u00e9rieur spacieux et confortable, jusqu'\u00e0 480 km d'autonomie et un temps de charge rapide de 18 minutes ne sont que quelques-unes des caract\u00e9ristiques qui font de la Ioniq 5 une voiture tout \u00e0 fait impressionnante. Une garantie de cinq ans, kilom\u00e9trage illimit\u00e9, et une garantie de huit ans sur la batterie rendent l'affaire encore plus int\u00e9ressante.<\/p>\n\n\n\n<h3 class=\"wp-block-heading\">6. Fiat 500<\/h3>\n\n\n<div class=\"wp-block-image\">\n<figure class=\"aligncenter size-full\"><a href=\"http:\/\/www.carideal.com\/blog\/wp-content\/uploads\/2021\/12\/fiat-500-e-2021.jpg\"><img loading=\"lazy\" decoding=\"async\" width=\"600\" height=\"401\" src=\"http:\/\/www.carideal.com\/blog\/wp-content\/uploads\/2021\/12\/fiat-500-e-2021.jpg\" alt=\"Fiat 500 e 2021\" class=\"wp-image-26580\" srcset=\"https:\/\/www.carideal.com\/blog\/wp-content\/uploads\/2021\/12\/fiat-500-e-2021.jpg 600w, https:\/\/www.carideal.com\/blog\/wp-content\/uploads\/2021\/12\/fiat-500-e-2021-300x201.jpg 300w, https:\/\/www.carideal.com\/blog\/wp-content\/uploads\/2021\/12\/fiat-500-e-2021-50x33.jpg 50w, https:\/\/www.carideal.com\/blog\/wp-content\/uploads\/2021\/12\/fiat-500-e-2021-110x74.jpg 110w, https:\/\/www.carideal.com\/blog\/wp-content\/uploads\/2021\/12\/fiat-500-e-2021-420x281.jpg 420w, https:\/\/www.carideal.com\/blog\/wp-content\/uploads\/2021\/12\/fiat-500-e-2021-272x182.jpg 272w\" sizes=\"(max-width: 600px) 100vw, 600px\" \/><\/a><figcaption class=\"wp-element-caption\">Fiat 500 e 2021<\/figcaption><\/figure><\/div>\n\n\n<p>Une chose que toutes les voitures ci-dessus ont en commun est qu'elles sont plut\u00f4t grandes. Mais ne vous inqui\u00e9tez pas, car l'une des meilleures citadines en vente, la <a href=\"http:\/\/www.carideal.com\/blog\/marque-de-voiture-actualites-essais\/fiat\/\">Fiat<\/a> 500, est devenue \u00e9lectrique et constitue une excellente solution pour ceux qui ont besoin d'une voiture plus compacte.<\/p>\n\n\n\n<p>Alors que les prix de la Fiat 500 commencent \u00e0 un peu plus de 24900 \u20ac, nous vous recommandons d'investir un peu plus d'argent dans l'un des plus grands mod\u00e8les de 48 kWh, car cela fait passer l'autonomie de 185 \u00e0 320 km. C'est beaucoup plus que ce que les plus proches rivales de la 500, la Mini Electric et la <a href=\"http:\/\/www.carideal.com\/blog\/marque-de-voiture-actualites-essais\/honda\/\">Honda<\/a> e, peuvent faire. Tout comme la pr\u00e9c\u00e9dente 500 moderne, la personnalisation est essentielle, avec de nombreuses options \u00e0 choisir pour vraiment s'approprier la voiture, et une version convertible est \u00e9galement disponible. Si la nouvelle 500 a l\u00e9g\u00e8rement gagn\u00e9 en taille, elle reste suffisamment compacte et agile pour dominer les rues de la ville et s'y garer facilement.<\/p>\n\n\n\n<h3 class=\"wp-block-heading\">7. Kia Soul EV<\/h3>\n\n\n<div class=\"wp-block-image\">\n<figure class=\"aligncenter size-full\"><a href=\"http:\/\/www.carideal.com\/blog\/wp-content\/uploads\/2021\/12\/Kia-Soul-EV.jpg\"><img loading=\"lazy\" decoding=\"async\" width=\"600\" height=\"338\" src=\"http:\/\/www.carideal.com\/blog\/wp-content\/uploads\/2021\/12\/Kia-Soul-EV.jpg\" alt=\"Kia Soul EV\" class=\"wp-image-26581\" srcset=\"https:\/\/www.carideal.com\/blog\/wp-content\/uploads\/2021\/12\/Kia-Soul-EV.jpg 600w, https:\/\/www.carideal.com\/blog\/wp-content\/uploads\/2021\/12\/Kia-Soul-EV-300x169.jpg 300w, https:\/\/www.carideal.com\/blog\/wp-content\/uploads\/2021\/12\/Kia-Soul-EV-50x28.jpg 50w, https:\/\/www.carideal.com\/blog\/wp-content\/uploads\/2021\/12\/Kia-Soul-EV-110x62.jpg 110w, https:\/\/www.carideal.com\/blog\/wp-content\/uploads\/2021\/12\/Kia-Soul-EV-420x237.jpg 420w\" sizes=\"(max-width: 600px) 100vw, 600px\" \/><\/a><figcaption class=\"wp-element-caption\">Kia Soul EV<\/figcaption><\/figure><\/div>\n\n\n<p>La <a href=\"http:\/\/www.carideal.com\/blog\/marque-de-voiture-actualites-essais\/kia\/\">Kia<\/a> Soul EV partage les m\u00eames fondations que la Kia E-Niro, mais les enveloppe dans un ensemble au style beaucoup plus excentrique. C'est aussi une voiture tr\u00e8s facile \u00e0 conduire, avec une conduite confortable et beaucoup de puissance d\u00e8s les basses vitesses.<\/p>\n\n\n\n<p>La batterie de 64 kWh de la Soul offre une autonomie de 450 km et peut \u00eatre recharg\u00e9e rapidement de 10 \u00e0 80 % en 45 minutes \u00e0 un taux de 77 kW. L'\u00e9quipement est \u00e9galement g\u00e9n\u00e9reux, avec des feux \u00e0 LED, un volant et des si\u00e8ges chauffants, un r\u00e9gulateur de vitesse adaptatif, un syst\u00e8me d'acc\u00e8s sans cl\u00e9, un syst\u00e8me de freinage d'urgence autonome, des feux de route assist\u00e9s et un syst\u00e8me de surveillance des angles morts, le tout de s\u00e9rie. La garantie Kia de 7 ans ou 150 000 km apporte \u00e9galement une tranquillit\u00e9 d'esprit suppl\u00e9mentaire.<\/p>\n\n\n\n<h3 class=\"wp-block-heading\">8. Une Renault Zoe commen voiture de soci\u00e9t\u00e9 \u00e9lectrique<\/h3>\n\n\n<div class=\"wp-block-image\">\n<figure class=\"aligncenter size-full\"><a href=\"http:\/\/www.carideal.com\/blog\/wp-content\/uploads\/2021\/12\/Renault-Zoe.jpg\"><img loading=\"lazy\" decoding=\"async\" width=\"600\" height=\"338\" src=\"http:\/\/www.carideal.com\/blog\/wp-content\/uploads\/2021\/12\/Renault-Zoe.jpg\" alt=\"Renault Zoe\" class=\"wp-image-26583\" srcset=\"https:\/\/www.carideal.com\/blog\/wp-content\/uploads\/2021\/12\/Renault-Zoe.jpg 600w, https:\/\/www.carideal.com\/blog\/wp-content\/uploads\/2021\/12\/Renault-Zoe-300x169.jpg 300w, https:\/\/www.carideal.com\/blog\/wp-content\/uploads\/2021\/12\/Renault-Zoe-50x28.jpg 50w, https:\/\/www.carideal.com\/blog\/wp-content\/uploads\/2021\/12\/Renault-Zoe-110x62.jpg 110w, https:\/\/www.carideal.com\/blog\/wp-content\/uploads\/2021\/12\/Renault-Zoe-420x237.jpg 420w\" sizes=\"(max-width: 600px) 100vw, 600px\" \/><\/a><figcaption class=\"wp-element-caption\">Renault Zoe<\/figcaption><\/figure><\/div>\n\n\n<p>La Renault Zoe a \u00e9t\u00e9 l'une des premi\u00e8res voitures \u00e9lectriques grand public en France et elle reste l'une des meilleures, gr\u00e2ce \u00e0 une mise \u00e0 niveau significative en 2019. Il est vrai que c'est elle que l'on voit le plus sur les route comme voiture d'entreprise.<\/p>\n\n\n\n<p>La derni\u00e8re Zoe dispose d\u00e9sormais d'une autonomie standard de 245 miles, l'une des plus \u00e9lev\u00e9es pour une voiture de cette taille, ce qui la rend parfaitement utilisable sur les longs trajets. <\/p>\n\n\n\n<p>Si vous cherchez \u00e0 r\u00e9duire votre empreinte carbone mais que vous n'\u00eates pas tout \u00e0 fait pr\u00eat \u00e0 passer \u00e0 l'\u00e9lectrique, consultez notre liste des 10 meilleures voitures hybrides \u00e0 acheter.<\/p>\n","protected":false},"excerpt":{"rendered":"<p>Les meilleures voitures de soci\u00e9t\u00e9 \u00e9lectriques 2021 Avec de faibles \u00e9missions et des taux d&rsquo;imposition attractifs, une voiture de soci\u00e9t\u00e9 \u00e9lectrique peut repr\u00e9senter de grosses \u00e9conomies. Les \u00e9missions \u00e9tant plus que jamais au centre des pr\u00e9occupations, les voitures diesel sont de moins en moins appr\u00e9ci\u00e9es comme v\u00e9hicules de soci\u00e9t\u00e9. Le passage \u00e0 l&rsquo;\u00e9lectrique est d\u00e9sormais &#8230; <a title=\"Meilleures voitures de soci\u00e9t\u00e9 \u00e9lectriques 2021\" class=\"read-more\" href=\"https:\/\/www.carideal.com\/blog\/2021\/12\/17\/meilleures-voitures-de-societe-electriques-2021\/\" aria-label=\"En savoir plus sur Meilleures voitures de soci\u00e9t\u00e9 \u00e9lectriques 2021\">Lire plus<\/a><\/p>\n","protected":false},"author":3,"featured_media":26570,"comment_status":"open","ping_status":"open","sticky":false,"template":"","format":"standard","meta":{"_uag_custom_page_level_css":"","_themeisle_gutenberg_block_has_review":false,"footnotes":""},"categories":[5970],"tags":[6184],"class_list":["post-26568","post","type-post","status-publish","format-standard","has-post-thumbnail","hentry","category-electrique-technologie-2","tag-meilleur-voiture"],"wppr_data":{"cwp_meta_box_check":"No"},"yoast_head":"<!-- This site is optimized with the Yoast SEO plugin v24.8.1 - https:\/\/yoast.com\/wordpress\/plugins\/seo\/ -->\n<title>Meilleures voitures de soci\u00e9t\u00e9 \u00e9lectriques 2021 - Blog auto Carid\u00e9al<\/title>\n<meta name=\"description\" content=\"Avec de faibles \u00e9missions et des taux d&#039;imposition attractifs, les meilleures voiture de soci\u00e9t\u00e9 \u00e9lectrique peut repr\u00e9senter de grosses \u00e9conomies.\" \/>\n<meta name=\"robots\" content=\"index, follow, max-snippet:-1, max-image-preview:large, max-video-preview:-1\" \/>\n<link rel=\"canonical\" href=\"https:\/\/www.carideal.com\/blog\/2021\/12\/17\/meilleures-voitures-de-societe-electriques-2021\/\" \/>\n<meta property=\"og:locale\" content=\"fr_FR\" \/>\n<meta property=\"og:type\" content=\"article\" \/>\n<meta property=\"og:title\" content=\"Meilleures voitures de soci\u00e9t\u00e9 \u00e9lectriques 2021 - Blog auto Carid\u00e9al\" \/>\n<meta property=\"og:description\" content=\"Avec de faibles \u00e9missions et des taux d&#039;imposition attractifs, les meilleures voiture de soci\u00e9t\u00e9 \u00e9lectrique peut repr\u00e9senter de grosses \u00e9conomies.\" \/>\n<meta property=\"og:url\" content=\"https:\/\/www.carideal.com\/blog\/2021\/12\/17\/meilleures-voitures-de-societe-electriques-2021\/\" \/>\n<meta property=\"og:site_name\" content=\"Blog auto Carid\u00e9al\" \/>\n<meta property=\"article:publisher\" content=\"https:\/\/www.facebook.com\/Carideal.mandataire.automobile\" \/>\n<meta property=\"article:author\" content=\"https:\/\/www.facebook.com\/nicolas.schiavon.39\" \/>\n<meta property=\"article:published_time\" content=\"2021-12-17T18:17:01+00:00\" \/>\n<meta property=\"article:modified_time\" content=\"2023-08-20T17:08:15+00:00\" \/>\n<meta property=\"og:image\" content=\"https:\/\/www.carideal.com\/blog\/wp-content\/uploads\/2021\/12\/meilleur-voiture-societe-electrique-2021.jpg\" \/>\n\t<meta property=\"og:image:width\" content=\"600\" \/>\n\t<meta property=\"og:image:height\" content=\"314\" \/>\n\t<meta property=\"og:image:type\" content=\"image\/jpeg\" \/>\n<meta name=\"author\" content=\"Nicolas SCHIAVON\" \/>\n<meta name=\"twitter:card\" content=\"summary_large_image\" \/>\n<meta name=\"twitter:creator\" content=\"@caridealauto\" \/>\n<meta name=\"twitter:site\" content=\"@caridealauto\" \/>\n<meta name=\"twitter:label1\" content=\"\u00c9crit par\" \/>\n\t<meta name=\"twitter:data1\" content=\"Nicolas SCHIAVON\" \/>\n\t<meta name=\"twitter:label2\" content=\"Dur\u00e9e de lecture estim\u00e9e\" \/>\n\t<meta name=\"twitter:data2\" content=\"9 minutes\" \/>\n<script type=\"application\/ld+json\" class=\"yoast-schema-graph\">{\"@context\":\"https:\/\/schema.org\",\"@graph\":[{\"@type\":\"Article\",\"@id\":\"https:\/\/www.carideal.com\/blog\/2021\/12\/17\/meilleures-voitures-de-societe-electriques-2021\/#article\",\"isPartOf\":{\"@id\":\"https:\/\/www.carideal.com\/blog\/2021\/12\/17\/meilleures-voitures-de-societe-electriques-2021\/\"},\"author\":{\"name\":\"Nicolas SCHIAVON\",\"@id\":\"https:\/\/www.carideal.com\/blog\/#\/schema\/person\/cd95dc7919660de90d31b366f85be1ec\"},\"headline\":\"Meilleures voitures de soci\u00e9t\u00e9 \u00e9lectriques 2021\",\"datePublished\":\"2021-12-17T18:17:01+00:00\",\"dateModified\":\"2023-08-20T17:08:15+00:00\",\"mainEntityOfPage\":{\"@id\":\"https:\/\/www.carideal.com\/blog\/2021\/12\/17\/meilleures-voitures-de-societe-electriques-2021\/\"},\"wordCount\":1441,\"commentCount\":2,\"publisher\":{\"@id\":\"https:\/\/www.carideal.com\/blog\/#organization\"},\"image\":{\"@id\":\"https:\/\/www.carideal.com\/blog\/2021\/12\/17\/meilleures-voitures-de-societe-electriques-2021\/#primaryimage\"},\"thumbnailUrl\":\"https:\/\/www.carideal.com\/blog\/wp-content\/uploads\/2021\/12\/meilleur-voiture-societe-electrique-2021.jpg\",\"keywords\":[\"Meilleure voiture\"],\"articleSection\":[\"Voiture \u00e9lectrique\"],\"inLanguage\":\"fr-FR\",\"potentialAction\":[{\"@type\":\"CommentAction\",\"name\":\"Comment\",\"target\":[\"https:\/\/www.carideal.com\/blog\/2021\/12\/17\/meilleures-voitures-de-societe-electriques-2021\/#respond\"]}]},{\"@type\":\"WebPage\",\"@id\":\"https:\/\/www.carideal.com\/blog\/2021\/12\/17\/meilleures-voitures-de-societe-electriques-2021\/\",\"url\":\"https:\/\/www.carideal.com\/blog\/2021\/12\/17\/meilleures-voitures-de-societe-electriques-2021\/\",\"name\":\"Meilleures voitures de soci\u00e9t\u00e9 \u00e9lectriques 2021 - Blog auto Carid\u00e9al\",\"isPartOf\":{\"@id\":\"https:\/\/www.carideal.com\/blog\/#website\"},\"primaryImageOfPage\":{\"@id\":\"https:\/\/www.carideal.com\/blog\/2021\/12\/17\/meilleures-voitures-de-societe-electriques-2021\/#primaryimage\"},\"image\":{\"@id\":\"https:\/\/www.carideal.com\/blog\/2021\/12\/17\/meilleures-voitures-de-societe-electriques-2021\/#primaryimage\"},\"thumbnailUrl\":\"https:\/\/www.carideal.com\/blog\/wp-content\/uploads\/2021\/12\/meilleur-voiture-societe-electrique-2021.jpg\",\"datePublished\":\"2021-12-17T18:17:01+00:00\",\"dateModified\":\"2023-08-20T17:08:15+00:00\",\"description\":\"Avec de faibles \u00e9missions et des taux d'imposition attractifs, les meilleures voiture de soci\u00e9t\u00e9 \u00e9lectrique peut repr\u00e9senter de grosses \u00e9conomies.\",\"breadcrumb\":{\"@id\":\"https:\/\/www.carideal.com\/blog\/2021\/12\/17\/meilleures-voitures-de-societe-electriques-2021\/#breadcrumb\"},\"inLanguage\":\"fr-FR\",\"potentialAction\":[{\"@type\":\"ReadAction\",\"target\":[\"https:\/\/www.carideal.com\/blog\/2021\/12\/17\/meilleures-voitures-de-societe-electriques-2021\/\"]}]},{\"@type\":\"ImageObject\",\"inLanguage\":\"fr-FR\",\"@id\":\"https:\/\/www.carideal.com\/blog\/2021\/12\/17\/meilleures-voitures-de-societe-electriques-2021\/#primaryimage\",\"url\":\"https:\/\/www.carideal.com\/blog\/wp-content\/uploads\/2021\/12\/meilleur-voiture-societe-electrique-2021.jpg\",\"contentUrl\":\"https:\/\/www.carideal.com\/blog\/wp-content\/uploads\/2021\/12\/meilleur-voiture-societe-electrique-2021.jpg\",\"width\":600,\"height\":314,\"caption\":\"Meilleures voitures de soci\u00e9t\u00e9 \u00e9lectriques 2021\"},{\"@type\":\"BreadcrumbList\",\"@id\":\"https:\/\/www.carideal.com\/blog\/2021\/12\/17\/meilleures-voitures-de-societe-electriques-2021\/#breadcrumb\",\"itemListElement\":[{\"@type\":\"ListItem\",\"position\":1,\"name\":\"Blog Carid\u00e9al\",\"item\":\"https:\/\/www.carideal.com\/blog\/\"},{\"@type\":\"ListItem\",\"position\":2,\"name\":\"Technologie Automobile\",\"item\":\"https:\/\/www.carideal.com\/blog\/technologie-2\/\"},{\"@type\":\"ListItem\",\"position\":3,\"name\":\"Voiture \u00e9lectrique\",\"item\":\"https:\/\/www.carideal.com\/blog\/technologie-2\/electrique-technologie-2\/\"},{\"@type\":\"ListItem\",\"position\":4,\"name\":\"Meilleures voitures de soci\u00e9t\u00e9 \u00e9lectriques 2021\"}]},{\"@type\":\"WebSite\",\"@id\":\"https:\/\/www.carideal.com\/blog\/#website\",\"url\":\"https:\/\/www.carideal.com\/blog\/\",\"name\":\"Blog auto Carid\u00e9al\",\"description\":\"Actualit\u00e9 auto par des passionn\u00e9s\",\"publisher\":{\"@id\":\"https:\/\/www.carideal.com\/blog\/#organization\"},\"potentialAction\":[{\"@type\":\"SearchAction\",\"target\":{\"@type\":\"EntryPoint\",\"urlTemplate\":\"https:\/\/www.carideal.com\/blog\/?s={search_term_string}\"},\"query-input\":{\"@type\":\"PropertyValueSpecification\",\"valueRequired\":true,\"valueName\":\"search_term_string\"}}],\"inLanguage\":\"fr-FR\"},{\"@type\":\"Organization\",\"@id\":\"https:\/\/www.carideal.com\/blog\/#organization\",\"name\":\"Carideal\",\"url\":\"https:\/\/www.carideal.com\/blog\/\",\"logo\":{\"@type\":\"ImageObject\",\"inLanguage\":\"fr-FR\",\"@id\":\"https:\/\/www.carideal.com\/blog\/#\/schema\/logo\/image\/\",\"url\":\"http:\/\/www.carideal.com\/blog\/wp-content\/uploads\/2016\/03\/logo-carideal-mandataire-automobile.png\",\"contentUrl\":\"http:\/\/www.carideal.com\/blog\/wp-content\/uploads\/2016\/03\/logo-carideal-mandataire-automobile.png\",\"width\":300,\"height\":300,\"caption\":\"Carideal\"},\"image\":{\"@id\":\"https:\/\/www.carideal.com\/blog\/#\/schema\/logo\/image\/\"},\"sameAs\":[\"https:\/\/www.facebook.com\/Carideal.mandataire.automobile\",\"https:\/\/x.com\/caridealauto\",\"https:\/\/www.instagram.com\/carideal1\/\",\"https:\/\/www.linkedin.com\/company\/carideal.com\",\"https:\/\/fr.pinterest.com\/schiavonsas\/\",\"https:\/\/www.youtube.com\/user\/caridealsas\"]},{\"@type\":\"Person\",\"@id\":\"https:\/\/www.carideal.com\/blog\/#\/schema\/person\/cd95dc7919660de90d31b366f85be1ec\",\"name\":\"Nicolas SCHIAVON\",\"image\":{\"@type\":\"ImageObject\",\"inLanguage\":\"fr-FR\",\"@id\":\"https:\/\/www.carideal.com\/blog\/#\/schema\/person\/image\/\",\"url\":\"https:\/\/secure.gravatar.com\/avatar\/c17e55009e671d92cc7f5dc837dc418a?s=96&r=g\",\"contentUrl\":\"https:\/\/secure.gravatar.com\/avatar\/c17e55009e671d92cc7f5dc837dc418a?s=96&r=g\",\"caption\":\"Nicolas SCHIAVON\"},\"description\":\"Nicolas Schiavon est tomb\u00e9 tout petit dans la marmite automobile. Ayant eu un garage de marque automobile, mandataire automobile de la premi\u00e8re heure d\u00e8s 1999. Nicolas a cr\u00e9\u00e9 ces premiers sites de vente de voiture et blog automobile d\u00e8s 1994. Carideal est n\u00e9 le 15 d\u00e9cembre 2000 de la volont\u00e9 de vendre des voitures d'occasions en ligne puis des voitures neuves. Il a pu essayer beaucoup de voitures tr\u00e8s diff\u00e9rentes et ayant eu personnellement quelques belles autos, Subaru Impreza, Mitsubishi Lancer Evo 7, Porsche 911, Ferrari Testarrossa, Audi RS3, RS4 et j'en passe...\",\"sameAs\":[\"http:\/\/www.carideal.com\",\"https:\/\/www.facebook.com\/nicolas.schiavon.39\",\"https:\/\/www.instagram.com\/carideal1\/\",\"https:\/\/www.linkedin.com\/in\/nschiavon\/\",\"https:\/\/x.com\/caridealauto\",\"https:\/\/www.youtube.com\/user\/caridealsas\/\"],\"url\":\"https:\/\/www.carideal.com\/blog\/author\/nschiavon\/\"}]}<\/script>\n<!-- \/ Yoast SEO plugin. -->","yoast_head_json":{"title":"Meilleures voitures de soci\u00e9t\u00e9 \u00e9lectriques 2021 - Blog auto Carid\u00e9al","description":"Avec de faibles \u00e9missions et des taux d'imposition attractifs, les meilleures voiture de soci\u00e9t\u00e9 \u00e9lectrique peut repr\u00e9senter de grosses \u00e9conomies.","robots":{"index":"index","follow":"follow","max-snippet":"max-snippet:-1","max-image-preview":"max-image-preview:large","max-video-preview":"max-video-preview:-1"},"canonical":"https:\/\/www.carideal.com\/blog\/2021\/12\/17\/meilleures-voitures-de-societe-electriques-2021\/","og_locale":"fr_FR","og_type":"article","og_title":"Meilleures voitures de soci\u00e9t\u00e9 \u00e9lectriques 2021 - Blog auto Carid\u00e9al","og_description":"Avec de faibles \u00e9missions et des taux d'imposition attractifs, les meilleures voiture de soci\u00e9t\u00e9 \u00e9lectrique peut repr\u00e9senter de grosses \u00e9conomies.","og_url":"https:\/\/www.carideal.com\/blog\/2021\/12\/17\/meilleures-voitures-de-societe-electriques-2021\/","og_site_name":"Blog auto Carid\u00e9al","article_publisher":"https:\/\/www.facebook.com\/Carideal.mandataire.automobile","article_author":"https:\/\/www.facebook.com\/nicolas.schiavon.39","article_published_time":"2021-12-17T18:17:01+00:00","article_modified_time":"2023-08-20T17:08:15+00:00","og_image":[{"width":600,"height":314,"url":"https:\/\/www.carideal.com\/blog\/wp-content\/uploads\/2021\/12\/meilleur-voiture-societe-electrique-2021.jpg","type":"image\/jpeg"}],"author":"Nicolas SCHIAVON","twitter_card":"summary_large_image","twitter_creator":"@caridealauto","twitter_site":"@caridealauto","twitter_misc":{"\u00c9crit par":"Nicolas SCHIAVON","Dur\u00e9e de lecture estim\u00e9e":"9 minutes"},"schema":{"@context":"https:\/\/schema.org","@graph":[{"@type":"Article","@id":"https:\/\/www.carideal.com\/blog\/2021\/12\/17\/meilleures-voitures-de-societe-electriques-2021\/#article","isPartOf":{"@id":"https:\/\/www.carideal.com\/blog\/2021\/12\/17\/meilleures-voitures-de-societe-electriques-2021\/"},"author":{"name":"Nicolas SCHIAVON","@id":"https:\/\/www.carideal.com\/blog\/#\/schema\/person\/cd95dc7919660de90d31b366f85be1ec"},"headline":"Meilleures voitures de soci\u00e9t\u00e9 \u00e9lectriques 2021","datePublished":"2021-12-17T18:17:01+00:00","dateModified":"2023-08-20T17:08:15+00:00","mainEntityOfPage":{"@id":"https:\/\/www.carideal.com\/blog\/2021\/12\/17\/meilleures-voitures-de-societe-electriques-2021\/"},"wordCount":1441,"commentCount":2,"publisher":{"@id":"https:\/\/www.carideal.com\/blog\/#organization"},"image":{"@id":"https:\/\/www.carideal.com\/blog\/2021\/12\/17\/meilleures-voitures-de-societe-electriques-2021\/#primaryimage"},"thumbnailUrl":"https:\/\/www.carideal.com\/blog\/wp-content\/uploads\/2021\/12\/meilleur-voiture-societe-electrique-2021.jpg","keywords":["Meilleure voiture"],"articleSection":["Voiture \u00e9lectrique"],"inLanguage":"fr-FR","potentialAction":[{"@type":"CommentAction","name":"Comment","target":["https:\/\/www.carideal.com\/blog\/2021\/12\/17\/meilleures-voitures-de-societe-electriques-2021\/#respond"]}]},{"@type":"WebPage","@id":"https:\/\/www.carideal.com\/blog\/2021\/12\/17\/meilleures-voitures-de-societe-electriques-2021\/","url":"https:\/\/www.carideal.com\/blog\/2021\/12\/17\/meilleures-voitures-de-societe-electriques-2021\/","name":"Meilleures voitures de soci\u00e9t\u00e9 \u00e9lectriques 2021 - Blog auto Carid\u00e9al","isPartOf":{"@id":"https:\/\/www.carideal.com\/blog\/#website"},"primaryImageOfPage":{"@id":"https:\/\/www.carideal.com\/blog\/2021\/12\/17\/meilleures-voitures-de-societe-electriques-2021\/#primaryimage"},"image":{"@id":"https:\/\/www.carideal.com\/blog\/2021\/12\/17\/meilleures-voitures-de-societe-electriques-2021\/#primaryimage"},"thumbnailUrl":"https:\/\/www.carideal.com\/blog\/wp-content\/uploads\/2021\/12\/meilleur-voiture-societe-electrique-2021.jpg","datePublished":"2021-12-17T18:17:01+00:00","dateModified":"2023-08-20T17:08:15+00:00","description":"Avec de faibles \u00e9missions et des taux d'imposition attractifs, les meilleures voiture de soci\u00e9t\u00e9 \u00e9lectrique peut repr\u00e9senter de grosses \u00e9conomies.","breadcrumb":{"@id":"https:\/\/www.carideal.com\/blog\/2021\/12\/17\/meilleures-voitures-de-societe-electriques-2021\/#breadcrumb"},"inLanguage":"fr-FR","potentialAction":[{"@type":"ReadAction","target":["https:\/\/www.carideal.com\/blog\/2021\/12\/17\/meilleures-voitures-de-societe-electriques-2021\/"]}]},{"@type":"ImageObject","inLanguage":"fr-FR","@id":"https:\/\/www.carideal.com\/blog\/2021\/12\/17\/meilleures-voitures-de-societe-electriques-2021\/#primaryimage","url":"https:\/\/www.carideal.com\/blog\/wp-content\/uploads\/2021\/12\/meilleur-voiture-societe-electrique-2021.jpg","contentUrl":"https:\/\/www.carideal.com\/blog\/wp-content\/uploads\/2021\/12\/meilleur-voiture-societe-electrique-2021.jpg","width":600,"height":314,"caption":"Meilleures voitures de soci\u00e9t\u00e9 \u00e9lectriques 2021"},{"@type":"BreadcrumbList","@id":"https:\/\/www.carideal.com\/blog\/2021\/12\/17\/meilleures-voitures-de-societe-electriques-2021\/#breadcrumb","itemListElement":[{"@type":"ListItem","position":1,"name":"Blog Carid\u00e9al","item":"https:\/\/www.carideal.com\/blog\/"},{"@type":"ListItem","position":2,"name":"Technologie Automobile","item":"https:\/\/www.carideal.com\/blog\/technologie-2\/"},{"@type":"ListItem","position":3,"name":"Voiture \u00e9lectrique","item":"https:\/\/www.carideal.com\/blog\/technologie-2\/electrique-technologie-2\/"},{"@type":"ListItem","position":4,"name":"Meilleures voitures de soci\u00e9t\u00e9 \u00e9lectriques 2021"}]},{"@type":"WebSite","@id":"https:\/\/www.carideal.com\/blog\/#website","url":"https:\/\/www.carideal.com\/blog\/","name":"Blog auto Carid\u00e9al","description":"Actualit\u00e9 auto par des passionn\u00e9s","publisher":{"@id":"https:\/\/www.carideal.com\/blog\/#organization"},"potentialAction":[{"@type":"SearchAction","target":{"@type":"EntryPoint","urlTemplate":"https:\/\/www.carideal.com\/blog\/?s={search_term_string}"},"query-input":{"@type":"PropertyValueSpecification","valueRequired":true,"valueName":"search_term_string"}}],"inLanguage":"fr-FR"},{"@type":"Organization","@id":"https:\/\/www.carideal.com\/blog\/#organization","name":"Carideal","url":"https:\/\/www.carideal.com\/blog\/","logo":{"@type":"ImageObject","inLanguage":"fr-FR","@id":"https:\/\/www.carideal.com\/blog\/#\/schema\/logo\/image\/","url":"http:\/\/www.carideal.com\/blog\/wp-content\/uploads\/2016\/03\/logo-carideal-mandataire-automobile.png","contentUrl":"http:\/\/www.carideal.com\/blog\/wp-content\/uploads\/2016\/03\/logo-carideal-mandataire-automobile.png","width":300,"height":300,"caption":"Carideal"},"image":{"@id":"https:\/\/www.carideal.com\/blog\/#\/schema\/logo\/image\/"},"sameAs":["https:\/\/www.facebook.com\/Carideal.mandataire.automobile","https:\/\/x.com\/caridealauto","https:\/\/www.instagram.com\/carideal1\/","https:\/\/www.linkedin.com\/company\/carideal.com","https:\/\/fr.pinterest.com\/schiavonsas\/","https:\/\/www.youtube.com\/user\/caridealsas"]},{"@type":"Person","@id":"https:\/\/www.carideal.com\/blog\/#\/schema\/person\/cd95dc7919660de90d31b366f85be1ec","name":"Nicolas SCHIAVON","image":{"@type":"ImageObject","inLanguage":"fr-FR","@id":"https:\/\/www.carideal.com\/blog\/#\/schema\/person\/image\/","url":"https:\/\/secure.gravatar.com\/avatar\/c17e55009e671d92cc7f5dc837dc418a?s=96&r=g","contentUrl":"https:\/\/secure.gravatar.com\/avatar\/c17e55009e671d92cc7f5dc837dc418a?s=96&r=g","caption":"Nicolas SCHIAVON"},"description":"Nicolas Schiavon est tomb\u00e9 tout petit dans la marmite automobile. Ayant eu un garage de marque automobile, mandataire automobile de la premi\u00e8re heure d\u00e8s 1999. Nicolas a cr\u00e9\u00e9 ces premiers sites de vente de voiture et blog automobile d\u00e8s 1994. Carideal est n\u00e9 le 15 d\u00e9cembre 2000 de la volont\u00e9 de vendre des voitures d'occasions en ligne puis des voitures neuves. Il a pu essayer beaucoup de voitures tr\u00e8s diff\u00e9rentes et ayant eu personnellement quelques belles autos, Subaru Impreza, Mitsubishi Lancer Evo 7, Porsche 911, Ferrari Testarrossa, Audi RS3, RS4 et j'en passe...","sameAs":["http:\/\/www.carideal.com","https:\/\/www.facebook.com\/nicolas.schiavon.39","https:\/\/www.instagram.com\/carideal1\/","https:\/\/www.linkedin.com\/in\/nschiavon\/","https:\/\/x.com\/caridealauto","https:\/\/www.youtube.com\/user\/caridealsas\/"],"url":"https:\/\/www.carideal.com\/blog\/author\/nschiavon\/"}]}},"uagb_featured_image_src":{"full":["https:\/\/www.carideal.com\/blog\/wp-content\/uploads\/2021\/12\/meilleur-voiture-societe-electrique-2021.jpg",600,314,false],"thumbnail":["https:\/\/www.carideal.com\/blog\/wp-content\/uploads\/2021\/12\/meilleur-voiture-societe-electrique-2021-150x150.jpg",150,150,true],"medium":["https:\/\/www.carideal.com\/blog\/wp-content\/uploads\/2021\/12\/meilleur-voiture-societe-electrique-2021-300x157.jpg",300,157,true],"medium_large":["https:\/\/www.carideal.com\/blog\/wp-content\/uploads\/2021\/12\/meilleur-voiture-societe-electrique-2021.jpg",600,314,false],"large":["https:\/\/www.carideal.com\/blog\/wp-content\/uploads\/2021\/12\/meilleur-voiture-societe-electrique-2021.jpg",600,314,false],"1536x1536":["https:\/\/www.carideal.com\/blog\/wp-content\/uploads\/2021\/12\/meilleur-voiture-societe-electrique-2021.jpg",600,314,false],"2048x2048":["https:\/\/www.carideal.com\/blog\/wp-content\/uploads\/2021\/12\/meilleur-voiture-societe-electrique-2021.jpg",600,314,false],"wppr-widget":["https:\/\/www.carideal.com\/blog\/wp-content\/uploads\/2021\/12\/meilleur-voiture-societe-electrique-2021-50x26.jpg",50,26,true]},"uagb_author_info":{"display_name":"Nicolas SCHIAVON","author_link":"https:\/\/www.carideal.com\/blog\/author\/nschiavon\/"},"uagb_comment_info":3,"uagb_excerpt":"Les meilleures voitures de soci\u00e9t\u00e9 \u00e9lectriques 2021 Avec de faibles \u00e9missions et des taux d'imposition attractifs, une voiture de soci\u00e9t\u00e9 \u00e9lectrique peut repr\u00e9senter de grosses \u00e9conomies. Les \u00e9missions \u00e9tant plus que jamais au centre des pr\u00e9occupations, les voitures diesel sont de moins en moins appr\u00e9ci\u00e9es comme v\u00e9hicules de soci\u00e9t\u00e9. Le passage \u00e0 l'\u00e9lectrique est d\u00e9sormais\u2026","_links":{"self":[{"href":"https:\/\/www.carideal.com\/blog\/wp-json\/wp\/v2\/posts\/26568"}],"collection":[{"href":"https:\/\/www.carideal.com\/blog\/wp-json\/wp\/v2\/posts"}],"about":[{"href":"https:\/\/www.carideal.com\/blog\/wp-json\/wp\/v2\/types\/post"}],"author":[{"embeddable":true,"href":"https:\/\/www.carideal.com\/blog\/wp-json\/wp\/v2\/users\/3"}],"replies":[{"embeddable":true,"href":"https:\/\/www.carideal.com\/blog\/wp-json\/wp\/v2\/comments?post=26568"}],"version-history":[{"count":0,"href":"https:\/\/www.carideal.com\/blog\/wp-json\/wp\/v2\/posts\/26568\/revisions"}],"wp:featuredmedia":[{"embeddable":true,"href":"https:\/\/www.carideal.com\/blog\/wp-json\/wp\/v2\/media\/26570"}],"wp:attachment":[{"href":"https:\/\/www.carideal.com\/blog\/wp-json\/wp\/v2\/media?parent=26568"}],"wp:term":[{"taxonomy":"category","embeddable":true,"href":"https:\/\/www.carideal.com\/blog\/wp-json\/wp\/v2\/categories?post=26568"},{"taxonomy":"post_tag","embeddable":true,"href":"https:\/\/www.carideal.com\/blog\/wp-json\/wp\/v2\/tags?post=26568"}],"curies":[{"name":"wp","href":"https:\/\/api.w.org\/{rel}","templated":true}]}}