{"id":262,"date":"2012-12-19T15:28:00","date_gmt":"2012-12-19T15:28:00","guid":{"rendered":"http:\/\/carideal.com\/blog\/?p=262"},"modified":"2020-03-07T16:46:22","modified_gmt":"2020-03-07T15:46:22","slug":"les-biocarburants","status":"publish","type":"post","link":"https:\/\/www.carideal.com\/blog\/2012\/12\/19\/les-biocarburants\/","title":{"rendered":"Les biocarburants"},"content":{"rendered":"<\/p>\n<p>Ils sont contents. Les <a href=\"\/blog\/index.php?tag\/constructeurs%20europ%C3%A9ens\">constructeurs europ\u00e9ens<\/a> r\u00e9unis au sein de l'Acea \"se ravis que la Commission europ\u00e9enne ait tenu compte de son point de vu sur <a href=\"\/blog\/index.php?tag\/les%20biocarburants\">les biocarburants<\/a>.\" Il y a un mois,<a href=\"\/blog\/index.php?tag\/Bruxelle\"> Bruxelle<\/a> avait fait savoir que les biocarburants dits de premi\u00e8re g\u00e9n\u00e9ration (directement issus de<a href=\"\/blog\/index.php?tag\/bl%C3%A9\"> bl\u00e9<\/a>, de<a href=\"\/blog\/index.php?tag\/colza\"> colza<\/a>, etc.) ne devraient pas repr\u00e9senter plus de 5 % dans les 10 % d'<a href=\"\/blog\/index.php?tag\/%C3%A9nergies%20renouvelables\">\u00e9nergies renouvelables<\/a> \u00e0 utiliser dans les transports d'ici 2020 baissant ainsi son objectif et r\u00e9pondant aux demandes des constructeurs. Une nouvelles qui arrive apr\u00e8s une valse h\u00e9sitation de plusieurs ann\u00e9es, et qui a suscit\u00e9 la col\u00e8re de la fili\u00e8re biocarburants en France&nbsp;: sous l'impulsion du <a href=\"\/blog\/index.php?tag\/gouvernement%20Villepin\">gouvernement Villepin<\/a> (2006), les producteurs ont en effet investi des milliards d'euros dans des usines de transformation pour finalement obtenir  peu... D'autre part, l'ACEA met le doigt sur un \u00e9pineux probl\u00e8me: la diversit\u00e9 des politiques des Etats  membres et demande une harmonisation du march\u00e9 des carburants au sein  de l'Union europ\u00e9enne. L'Association enjoint les Etats membres de commercialiser<a href=\"\/blog\/index.php?tag\/l%20E10\"> l'E10<\/a> et <a href=\"\/blog\/index.php?tag\/le%20B7\">le B7<\/a>.<a href=\"\/blog\/index.php?tag\/L%20E10\"> L'E10<\/a>, compos\u00e9 \u00e0 <a href=\"\/blog\/index.php?tag\/10%20%25%20d%20%C3%A9thanol\">10 % d'\u00e9thanol<\/a> et \u00e0<a href=\"\/blog\/index.php?tag\/90%20%25%20de%20sans-plomb%2095\"> 90 % de sans-plomb 95<\/a>, repr\u00e9sente aujourd'hui  environ<a href=\"\/blog\/index.php?tag\/25%20%25%20des%20essences\"> 25 % des essences<\/a> vendues en France, loin derri\u00e8re le SP 95 traditionnel. Quant au B7, gazole d\u00e9j\u00e0 vendu en France, il contient<a href=\"\/blog\/index.php?tag\/7%20%25%20de%20biodiesel\"> 7 % de biodiesel<\/a> et <a href=\"\/blog\/index.php?tag\/93%20%25%20de%20gazole%20pur\">93 % de gazole pur<\/a>.<\/p>\n","protected":false},"excerpt":{"rendered":"<p>Ils sont contents. Les constructeurs europ\u00e9ens r\u00e9unis au sein de l&rsquo;Acea \u00ab\u00a0se ravis que la Commission europ\u00e9enne ait tenu compte de son point de vu sur les biocarburants.\u00a0\u00bb Il y a un mois, Bruxelle avait fait savoir que les biocarburants dits de premi\u00e8re g\u00e9n\u00e9ration (directement issus de bl\u00e9, de colza, etc.) ne devraient pas repr\u00e9senter &#8230; <a title=\"Les biocarburants\" class=\"read-more\" href=\"https:\/\/www.carideal.com\/blog\/2012\/12\/19\/les-biocarburants\/\" aria-label=\"En savoir plus sur Les biocarburants\">Lire plus<\/a><\/p>\n","protected":false},"author":1,"featured_media":0,"comment_status":"open","ping_status":"open","sticky":false,"template":"","format":"standard","meta":{"_uag_custom_page_level_css":"","_themeisle_gutenberg_block_has_review":false,"footnotes":""},"categories":[6],"tags":[],"class_list":["post-262","post","type-post","status-publish","format-standard","hentry","category-ecologie"],"wppr_data":[],"yoast_head":"<!-- This site is optimized with the Yoast SEO plugin v24.8.1 - https:\/\/yoast.com\/wordpress\/plugins\/seo\/ -->\n<title>Les biocarburants - Blog auto Carid\u00e9al<\/title>\n<meta name=\"robots\" content=\"index, follow, max-snippet:-1, max-image-preview:large, max-video-preview:-1\" \/>\n<link rel=\"canonical\" href=\"https:\/\/www.carideal.com\/blog\/2012\/12\/19\/les-biocarburants\/\" \/>\n<meta property=\"og:locale\" content=\"fr_FR\" \/>\n<meta property=\"og:type\" content=\"article\" \/>\n<meta property=\"og:title\" content=\"Les biocarburants - Blog auto Carid\u00e9al\" \/>\n<meta property=\"og:description\" content=\"Ils sont contents. Les constructeurs europ\u00e9ens r\u00e9unis au sein de l&#039;Acea &quot;se ravis que la Commission europ\u00e9enne ait tenu compte de son point de vu sur les biocarburants.&quot; Il y a un mois, Bruxelle avait fait savoir que les biocarburants dits de premi\u00e8re g\u00e9n\u00e9ration (directement issus de bl\u00e9, de colza, etc.) ne devraient pas repr\u00e9senter ... Lire plus\" \/>\n<meta property=\"og:url\" content=\"https:\/\/www.carideal.com\/blog\/2012\/12\/19\/les-biocarburants\/\" \/>\n<meta property=\"og:site_name\" content=\"Blog auto Carid\u00e9al\" \/>\n<meta property=\"article:publisher\" content=\"https:\/\/www.facebook.com\/Carideal.mandataire.automobile\" \/>\n<meta property=\"article:author\" content=\"https:\/\/www.facebook.com\/Carideal.mandataire.automobile\/\" \/>\n<meta property=\"article:published_time\" content=\"2012-12-19T15:28:00+00:00\" \/>\n<meta property=\"article:modified_time\" content=\"2020-03-07T15:46:22+00:00\" \/>\n<meta property=\"og:image\" content=\"https:\/\/www.carideal.com\/blog\/wp-content\/uploads\/2016\/03\/logo-carideal-mandataire-automobile.png\" \/>\n\t<meta property=\"og:image:width\" content=\"300\" \/>\n\t<meta property=\"og:image:height\" content=\"300\" \/>\n\t<meta property=\"og:image:type\" content=\"image\/png\" \/>\n<meta name=\"author\" content=\"N.S Carideal\" \/>\n<meta name=\"twitter:card\" content=\"summary_large_image\" \/>\n<meta name=\"twitter:creator\" content=\"@caridealauto\" \/>\n<meta name=\"twitter:site\" content=\"@caridealauto\" \/>\n<meta name=\"twitter:label1\" content=\"\u00c9crit par\" \/>\n\t<meta name=\"twitter:data1\" content=\"N.S Carideal\" \/>\n\t<meta name=\"twitter:label2\" content=\"Dur\u00e9e de lecture estim\u00e9e\" \/>\n\t<meta name=\"twitter:data2\" content=\"1 minute\" \/>\n<script type=\"application\/ld+json\" class=\"yoast-schema-graph\">{\"@context\":\"https:\/\/schema.org\",\"@graph\":[{\"@type\":\"Article\",\"@id\":\"https:\/\/www.carideal.com\/blog\/2012\/12\/19\/les-biocarburants\/#article\",\"isPartOf\":{\"@id\":\"https:\/\/www.carideal.com\/blog\/2012\/12\/19\/les-biocarburants\/\"},\"author\":{\"name\":\"N.S Carideal\",\"@id\":\"https:\/\/www.carideal.com\/blog\/#\/schema\/person\/985c7e757d1042d647f21bfaf8d41ebc\"},\"headline\":\"Les biocarburants\",\"datePublished\":\"2012-12-19T15:28:00+00:00\",\"dateModified\":\"2020-03-07T15:46:22+00:00\",\"mainEntityOfPage\":{\"@id\":\"https:\/\/www.carideal.com\/blog\/2012\/12\/19\/les-biocarburants\/\"},\"wordCount\":221,\"commentCount\":0,\"publisher\":{\"@id\":\"https:\/\/www.carideal.com\/blog\/#organization\"},\"articleSection\":[\"Ecologie\"],\"inLanguage\":\"fr-FR\",\"potentialAction\":[{\"@type\":\"CommentAction\",\"name\":\"Comment\",\"target\":[\"https:\/\/www.carideal.com\/blog\/2012\/12\/19\/les-biocarburants\/#respond\"]}]},{\"@type\":\"WebPage\",\"@id\":\"https:\/\/www.carideal.com\/blog\/2012\/12\/19\/les-biocarburants\/\",\"url\":\"https:\/\/www.carideal.com\/blog\/2012\/12\/19\/les-biocarburants\/\",\"name\":\"Les biocarburants - Blog auto Carid\u00e9al\",\"isPartOf\":{\"@id\":\"https:\/\/www.carideal.com\/blog\/#website\"},\"datePublished\":\"2012-12-19T15:28:00+00:00\",\"dateModified\":\"2020-03-07T15:46:22+00:00\",\"breadcrumb\":{\"@id\":\"https:\/\/www.carideal.com\/blog\/2012\/12\/19\/les-biocarburants\/#breadcrumb\"},\"inLanguage\":\"fr-FR\",\"potentialAction\":[{\"@type\":\"ReadAction\",\"target\":[\"https:\/\/www.carideal.com\/blog\/2012\/12\/19\/les-biocarburants\/\"]}]},{\"@type\":\"BreadcrumbList\",\"@id\":\"https:\/\/www.carideal.com\/blog\/2012\/12\/19\/les-biocarburants\/#breadcrumb\",\"itemListElement\":[{\"@type\":\"ListItem\",\"position\":1,\"name\":\"Blog Carid\u00e9al\",\"item\":\"https:\/\/www.carideal.com\/blog\/\"},{\"@type\":\"ListItem\",\"position\":2,\"name\":\"Ecologie\",\"item\":\"https:\/\/www.carideal.com\/blog\/ecologie\/\"},{\"@type\":\"ListItem\",\"position\":3,\"name\":\"Les biocarburants\"}]},{\"@type\":\"WebSite\",\"@id\":\"https:\/\/www.carideal.com\/blog\/#website\",\"url\":\"https:\/\/www.carideal.com\/blog\/\",\"name\":\"Blog auto Carid\u00e9al\",\"description\":\"Actualit\u00e9 auto par des passionn\u00e9s\",\"publisher\":{\"@id\":\"https:\/\/www.carideal.com\/blog\/#organization\"},\"potentialAction\":[{\"@type\":\"SearchAction\",\"target\":{\"@type\":\"EntryPoint\",\"urlTemplate\":\"https:\/\/www.carideal.com\/blog\/?s={search_term_string}\"},\"query-input\":{\"@type\":\"PropertyValueSpecification\",\"valueRequired\":true,\"valueName\":\"search_term_string\"}}],\"inLanguage\":\"fr-FR\"},{\"@type\":\"Organization\",\"@id\":\"https:\/\/www.carideal.com\/blog\/#organization\",\"name\":\"Carideal\",\"url\":\"https:\/\/www.carideal.com\/blog\/\",\"logo\":{\"@type\":\"ImageObject\",\"inLanguage\":\"fr-FR\",\"@id\":\"https:\/\/www.carideal.com\/blog\/#\/schema\/logo\/image\/\",\"url\":\"http:\/\/www.carideal.com\/blog\/wp-content\/uploads\/2016\/03\/logo-carideal-mandataire-automobile.png\",\"contentUrl\":\"http:\/\/www.carideal.com\/blog\/wp-content\/uploads\/2016\/03\/logo-carideal-mandataire-automobile.png\",\"width\":300,\"height\":300,\"caption\":\"Carideal\"},\"image\":{\"@id\":\"https:\/\/www.carideal.com\/blog\/#\/schema\/logo\/image\/\"},\"sameAs\":[\"https:\/\/www.facebook.com\/Carideal.mandataire.automobile\",\"https:\/\/x.com\/caridealauto\",\"https:\/\/www.instagram.com\/carideal1\/\",\"https:\/\/www.linkedin.com\/company\/carideal.com\",\"https:\/\/fr.pinterest.com\/schiavonsas\/\",\"https:\/\/www.youtube.com\/user\/caridealsas\"]},{\"@type\":\"Person\",\"@id\":\"https:\/\/www.carideal.com\/blog\/#\/schema\/person\/985c7e757d1042d647f21bfaf8d41ebc\",\"name\":\"N.S Carideal\",\"image\":{\"@type\":\"ImageObject\",\"inLanguage\":\"fr-FR\",\"@id\":\"https:\/\/www.carideal.com\/blog\/#\/schema\/person\/image\/\",\"url\":\"https:\/\/secure.gravatar.com\/avatar\/edb7ccdf1a4e3d14aef967760d354d0e?s=96&r=g\",\"contentUrl\":\"https:\/\/secure.gravatar.com\/avatar\/edb7ccdf1a4e3d14aef967760d354d0e?s=96&r=g\",\"caption\":\"N.S Carideal\"},\"description\":\"Depuis tout petit fan d'automobile. Il est question d'essayer et de comparer toutes ces voitures qui nous ont fait r\u00e9ver, avant que celles-ci ne devient uniquement des voitures de collection.\",\"sameAs\":[\"http:\/\/www.carideal.com\/blog\",\"https:\/\/www.facebook.com\/Carideal.mandataire.automobile\/\",\"https:\/\/www.linkedin.com\/in\/nschiavon\/\",\"https:\/\/www.youtube.com\/user\/caridealsas\/\"],\"url\":\"https:\/\/www.carideal.com\/blog\/author\/admin_carideal\/\"}]}<\/script>\n<!-- \/ Yoast SEO plugin. -->","yoast_head_json":{"title":"Les biocarburants - Blog auto Carid\u00e9al","robots":{"index":"index","follow":"follow","max-snippet":"max-snippet:-1","max-image-preview":"max-image-preview:large","max-video-preview":"max-video-preview:-1"},"canonical":"https:\/\/www.carideal.com\/blog\/2012\/12\/19\/les-biocarburants\/","og_locale":"fr_FR","og_type":"article","og_title":"Les biocarburants - Blog auto Carid\u00e9al","og_description":"Ils sont contents. Les constructeurs europ\u00e9ens r\u00e9unis au sein de l'Acea \"se ravis que la Commission europ\u00e9enne ait tenu compte de son point de vu sur les biocarburants.\" Il y a un mois, Bruxelle avait fait savoir que les biocarburants dits de premi\u00e8re g\u00e9n\u00e9ration (directement issus de bl\u00e9, de colza, etc.) ne devraient pas repr\u00e9senter ... Lire plus","og_url":"https:\/\/www.carideal.com\/blog\/2012\/12\/19\/les-biocarburants\/","og_site_name":"Blog auto Carid\u00e9al","article_publisher":"https:\/\/www.facebook.com\/Carideal.mandataire.automobile","article_author":"https:\/\/www.facebook.com\/Carideal.mandataire.automobile\/","article_published_time":"2012-12-19T15:28:00+00:00","article_modified_time":"2020-03-07T15:46:22+00:00","og_image":[{"width":300,"height":300,"url":"https:\/\/www.carideal.com\/blog\/wp-content\/uploads\/2016\/03\/logo-carideal-mandataire-automobile.png","type":"image\/png"}],"author":"N.S Carideal","twitter_card":"summary_large_image","twitter_creator":"@caridealauto","twitter_site":"@caridealauto","twitter_misc":{"\u00c9crit par":"N.S Carideal","Dur\u00e9e de lecture estim\u00e9e":"1 minute"},"schema":{"@context":"https:\/\/schema.org","@graph":[{"@type":"Article","@id":"https:\/\/www.carideal.com\/blog\/2012\/12\/19\/les-biocarburants\/#article","isPartOf":{"@id":"https:\/\/www.carideal.com\/blog\/2012\/12\/19\/les-biocarburants\/"},"author":{"name":"N.S Carideal","@id":"https:\/\/www.carideal.com\/blog\/#\/schema\/person\/985c7e757d1042d647f21bfaf8d41ebc"},"headline":"Les biocarburants","datePublished":"2012-12-19T15:28:00+00:00","dateModified":"2020-03-07T15:46:22+00:00","mainEntityOfPage":{"@id":"https:\/\/www.carideal.com\/blog\/2012\/12\/19\/les-biocarburants\/"},"wordCount":221,"commentCount":0,"publisher":{"@id":"https:\/\/www.carideal.com\/blog\/#organization"},"articleSection":["Ecologie"],"inLanguage":"fr-FR","potentialAction":[{"@type":"CommentAction","name":"Comment","target":["https:\/\/www.carideal.com\/blog\/2012\/12\/19\/les-biocarburants\/#respond"]}]},{"@type":"WebPage","@id":"https:\/\/www.carideal.com\/blog\/2012\/12\/19\/les-biocarburants\/","url":"https:\/\/www.carideal.com\/blog\/2012\/12\/19\/les-biocarburants\/","name":"Les biocarburants - Blog auto Carid\u00e9al","isPartOf":{"@id":"https:\/\/www.carideal.com\/blog\/#website"},"datePublished":"2012-12-19T15:28:00+00:00","dateModified":"2020-03-07T15:46:22+00:00","breadcrumb":{"@id":"https:\/\/www.carideal.com\/blog\/2012\/12\/19\/les-biocarburants\/#breadcrumb"},"inLanguage":"fr-FR","potentialAction":[{"@type":"ReadAction","target":["https:\/\/www.carideal.com\/blog\/2012\/12\/19\/les-biocarburants\/"]}]},{"@type":"BreadcrumbList","@id":"https:\/\/www.carideal.com\/blog\/2012\/12\/19\/les-biocarburants\/#breadcrumb","itemListElement":[{"@type":"ListItem","position":1,"name":"Blog Carid\u00e9al","item":"https:\/\/www.carideal.com\/blog\/"},{"@type":"ListItem","position":2,"name":"Ecologie","item":"https:\/\/www.carideal.com\/blog\/ecologie\/"},{"@type":"ListItem","position":3,"name":"Les biocarburants"}]},{"@type":"WebSite","@id":"https:\/\/www.carideal.com\/blog\/#website","url":"https:\/\/www.carideal.com\/blog\/","name":"Blog auto Carid\u00e9al","description":"Actualit\u00e9 auto par des passionn\u00e9s","publisher":{"@id":"https:\/\/www.carideal.com\/blog\/#organization"},"potentialAction":[{"@type":"SearchAction","target":{"@type":"EntryPoint","urlTemplate":"https:\/\/www.carideal.com\/blog\/?s={search_term_string}"},"query-input":{"@type":"PropertyValueSpecification","valueRequired":true,"valueName":"search_term_string"}}],"inLanguage":"fr-FR"},{"@type":"Organization","@id":"https:\/\/www.carideal.com\/blog\/#organization","name":"Carideal","url":"https:\/\/www.carideal.com\/blog\/","logo":{"@type":"ImageObject","inLanguage":"fr-FR","@id":"https:\/\/www.carideal.com\/blog\/#\/schema\/logo\/image\/","url":"http:\/\/www.carideal.com\/blog\/wp-content\/uploads\/2016\/03\/logo-carideal-mandataire-automobile.png","contentUrl":"http:\/\/www.carideal.com\/blog\/wp-content\/uploads\/2016\/03\/logo-carideal-mandataire-automobile.png","width":300,"height":300,"caption":"Carideal"},"image":{"@id":"https:\/\/www.carideal.com\/blog\/#\/schema\/logo\/image\/"},"sameAs":["https:\/\/www.facebook.com\/Carideal.mandataire.automobile","https:\/\/x.com\/caridealauto","https:\/\/www.instagram.com\/carideal1\/","https:\/\/www.linkedin.com\/company\/carideal.com","https:\/\/fr.pinterest.com\/schiavonsas\/","https:\/\/www.youtube.com\/user\/caridealsas"]},{"@type":"Person","@id":"https:\/\/www.carideal.com\/blog\/#\/schema\/person\/985c7e757d1042d647f21bfaf8d41ebc","name":"N.S Carideal","image":{"@type":"ImageObject","inLanguage":"fr-FR","@id":"https:\/\/www.carideal.com\/blog\/#\/schema\/person\/image\/","url":"https:\/\/secure.gravatar.com\/avatar\/edb7ccdf1a4e3d14aef967760d354d0e?s=96&r=g","contentUrl":"https:\/\/secure.gravatar.com\/avatar\/edb7ccdf1a4e3d14aef967760d354d0e?s=96&r=g","caption":"N.S Carideal"},"description":"Depuis tout petit fan d'automobile. Il est question d'essayer et de comparer toutes ces voitures qui nous ont fait r\u00e9ver, avant que celles-ci ne devient uniquement des voitures de collection.","sameAs":["http:\/\/www.carideal.com\/blog","https:\/\/www.facebook.com\/Carideal.mandataire.automobile\/","https:\/\/www.linkedin.com\/in\/nschiavon\/","https:\/\/www.youtube.com\/user\/caridealsas\/"],"url":"https:\/\/www.carideal.com\/blog\/author\/admin_carideal\/"}]}},"uagb_featured_image_src":{"full":false,"thumbnail":false,"medium":false,"medium_large":false,"large":false,"1536x1536":false,"2048x2048":false,"wppr-widget":false},"uagb_author_info":{"display_name":"N.S Carideal","author_link":"https:\/\/www.carideal.com\/blog\/author\/admin_carideal\/"},"uagb_comment_info":0,"uagb_excerpt":"Ils sont contents. Les constructeurs europ\u00e9ens r\u00e9unis au sein de l'Acea \"se ravis que la Commission europ\u00e9enne ait tenu compte de son point de vu sur les biocarburants.\" Il y a un mois, Bruxelle avait fait savoir que les biocarburants dits de premi\u00e8re g\u00e9n\u00e9ration (directement issus de bl\u00e9, de colza, etc.) ne devraient pas repr\u00e9senter\u2026","_links":{"self":[{"href":"https:\/\/www.carideal.com\/blog\/wp-json\/wp\/v2\/posts\/262"}],"collection":[{"href":"https:\/\/www.carideal.com\/blog\/wp-json\/wp\/v2\/posts"}],"about":[{"href":"https:\/\/www.carideal.com\/blog\/wp-json\/wp\/v2\/types\/post"}],"author":[{"embeddable":true,"href":"https:\/\/www.carideal.com\/blog\/wp-json\/wp\/v2\/users\/1"}],"replies":[{"embeddable":true,"href":"https:\/\/www.carideal.com\/blog\/wp-json\/wp\/v2\/comments?post=262"}],"version-history":[{"count":0,"href":"https:\/\/www.carideal.com\/blog\/wp-json\/wp\/v2\/posts\/262\/revisions"}],"wp:attachment":[{"href":"https:\/\/www.carideal.com\/blog\/wp-json\/wp\/v2\/media?parent=262"}],"wp:term":[{"taxonomy":"category","embeddable":true,"href":"https:\/\/www.carideal.com\/blog\/wp-json\/wp\/v2\/categories?post=262"},{"taxonomy":"post_tag","embeddable":true,"href":"https:\/\/www.carideal.com\/blog\/wp-json\/wp\/v2\/tags?post=262"}],"curies":[{"name":"wp","href":"https:\/\/api.w.org\/{rel}","templated":true}]}}