{"id":256,"date":"2012-12-06T13:59:00","date_gmt":"2012-12-06T13:59:00","guid":{"rendered":"http:\/\/carideal.com\/blog\/?p=256"},"modified":"2020-03-07T16:46:21","modified_gmt":"2020-03-07T15:46:21","slug":"chasse-au-co2","status":"publish","type":"post","link":"https:\/\/www.carideal.com\/blog\/2012\/12\/06\/chasse-au-co2\/","title":{"rendered":"Chasse au CO2"},"content":{"rendered":"<\/p>\n<p>Le parlement europ\u00e9en devrait bient\u00f4t confirmer d\u00e9finitivement les objectifs d'\u00e9missions de<a href=\"\/blog\/index.php?tag\/CO2\"> CO2<\/a> pour 2020&nbsp;: un vrai challenge pour les constructeurs, oblig\u00e9s de plancher tous azimuts sur leurs v\u00e9hicules pour qu'ils satisfassent \u00e0 la l\u00e9gislation sans exploser les co\u00fbt...<\/p>\n<p>1\/ <a href=\"\/blog\/index.php?tag\/Diminuer%20le%20Poids\">Diminuer le Poids<\/a> La Peugeot 208 est moins lourde que la <a href=\"\/blog\/index.php?tag\/Peugeot%20207\">Peugeot 207<\/a> de 110 kg et la rempla\u00e7ante de la <a href=\"\/blog\/index.php?tag\/208\">208<\/a> sera elle aussi moins lourde que la 208 actuelle. Le choix des mat\u00e9riaux est tr\u00e8s important pour le poids de la voiture.<\/p>\n<p>2\/ <a href=\"\/blog\/index.php?tag\/Am%C3%A9liorer%20l%20a%C3%A9rodynamique\">Am\u00e9liorer l'a\u00e9rodynamique<\/a> Les gains possibles concernent en priorit\u00e9 la surface frontale du v\u00e9hicule (SCX). Depuis 2000, les faces ont \u00e9t\u00e9 rehauss\u00e9es et aplaties afin de satisfaire aux normes de s\u00e9curit\u00e9, plus particuli\u00e8rement au choc pi\u00e9ton. La m\u00e9canique  devra \u00eatre le plus compact possible, pour pouvoir redessiner un capots plongeants.<\/p>\n<p>3\/ <a href=\"\/blog\/index.php?tag\/Optimiser%20le%20moteur%20thermique\">Optimiser le moteur thermique<\/a> Combustion parfaite, rapport al\u00e9sage x course scientifiquement dos\u00e9, diminution des frottements m\u00e9caniques, autant de domaines o\u00f9 les moteurs peuvent et doivent s'am\u00e9liorer. La taille des pi\u00e8ces est importante pour r\u00e9duire les frottements internes, l'huile aussi joue un r\u00f4le important dans la chasse aux frottements. De plus faire en sorte que les moteurs chauffent plus vite apr\u00e8s le d\u00e9marrage permet d'\u00e9conomiser du CO2.<\/p>\n<p>4\/ <a href=\"\/blog\/index.php?tag\/Jouer%20l%20hybridation\">Jouer l'hybridation<\/a> Pour satisfaire la normes de 2020 le taux de full hybrides doit \u00eatre d'environ 15 % ce qui permettrait d'atteindre les 95  CO2\/km en moyenne par v\u00e9hicule... Cette technique est ch\u00e8re, mais <a href=\"\/blog\/index.php?tag\/Valeo\">Valeo<\/a> \u00e0 sortie une solution d'hybridation \u00e0 moindre co\u00fbt qui permet \u00e0 tous les constructeurs d'avoir de l'hybride dans leur gamme. Le syst\u00e8me d\u00e9velopp\u00e9e par Valeo se monte \u00e0 la place de l'alternateur du v\u00e9hicule. Une Peugeot 207 a \u00e9t\u00e9 \u00e9quip\u00e9 avec ce syst\u00e8me et lui a permis de passer \u00e0 138 g de CO2 au lieu des 164 g\/km. Soit environ 15 % de gains sachant que le surpoids de la machine \u00e9lectrique est de 20 kg par rapport \u00e0 l'alternateur d'origine.<\/p>\n","protected":false},"excerpt":{"rendered":"<p>Le parlement europ\u00e9en devrait bient\u00f4t confirmer d\u00e9finitivement les objectifs d&rsquo;\u00e9missions de CO2 pour 2020&nbsp;: un vrai challenge pour les constructeurs, oblig\u00e9s de plancher tous azimuts sur leurs v\u00e9hicules pour qu&rsquo;ils satisfassent \u00e0 la l\u00e9gislation sans exploser les co\u00fbt&#8230; 1\/ Diminuer le Poids La Peugeot 208 est moins lourde que la Peugeot 207 de 110 kg &#8230; <a title=\"Chasse au CO2\" class=\"read-more\" href=\"https:\/\/www.carideal.com\/blog\/2012\/12\/06\/chasse-au-co2\/\" aria-label=\"En savoir plus sur Chasse au CO2\">Lire plus<\/a><\/p>\n","protected":false},"author":1,"featured_media":0,"comment_status":"open","ping_status":"open","sticky":false,"template":"","format":"standard","meta":{"_uag_custom_page_level_css":"","_themeisle_gutenberg_block_has_review":false,"footnotes":""},"categories":[6],"tags":[60],"class_list":["post-256","post","type-post","status-publish","format-standard","hentry","category-ecologie","tag-co2"],"wppr_data":[],"yoast_head":"<!-- This site is optimized with the Yoast SEO plugin v24.8.1 - https:\/\/yoast.com\/wordpress\/plugins\/seo\/ -->\n<title>Chasse au CO2 - Blog auto Carid\u00e9al<\/title>\n<meta name=\"robots\" content=\"index, follow, max-snippet:-1, max-image-preview:large, max-video-preview:-1\" \/>\n<link rel=\"canonical\" href=\"https:\/\/www.carideal.com\/blog\/2012\/12\/06\/chasse-au-co2\/\" \/>\n<meta property=\"og:locale\" content=\"fr_FR\" \/>\n<meta property=\"og:type\" content=\"article\" \/>\n<meta property=\"og:title\" content=\"Chasse au CO2 - Blog auto Carid\u00e9al\" \/>\n<meta property=\"og:description\" content=\"Le parlement europ\u00e9en devrait bient\u00f4t confirmer d\u00e9finitivement les objectifs d&#039;\u00e9missions de CO2 pour 2020&nbsp;: un vrai challenge pour les constructeurs, oblig\u00e9s de plancher tous azimuts sur leurs v\u00e9hicules pour qu&#039;ils satisfassent \u00e0 la l\u00e9gislation sans exploser les co\u00fbt... 1\/ Diminuer le Poids La Peugeot 208 est moins lourde que la Peugeot 207 de 110 kg ... Lire plus\" \/>\n<meta property=\"og:url\" content=\"https:\/\/www.carideal.com\/blog\/2012\/12\/06\/chasse-au-co2\/\" \/>\n<meta property=\"og:site_name\" content=\"Blog auto Carid\u00e9al\" \/>\n<meta property=\"article:publisher\" content=\"https:\/\/www.facebook.com\/Carideal.mandataire.automobile\" \/>\n<meta property=\"article:author\" content=\"https:\/\/www.facebook.com\/Carideal.mandataire.automobile\/\" \/>\n<meta property=\"article:published_time\" content=\"2012-12-06T13:59:00+00:00\" \/>\n<meta property=\"article:modified_time\" content=\"2020-03-07T15:46:21+00:00\" \/>\n<meta property=\"og:image\" content=\"https:\/\/www.carideal.com\/blog\/wp-content\/uploads\/2016\/03\/logo-carideal-mandataire-automobile.png\" \/>\n\t<meta property=\"og:image:width\" content=\"300\" \/>\n\t<meta property=\"og:image:height\" content=\"300\" \/>\n\t<meta property=\"og:image:type\" content=\"image\/png\" \/>\n<meta name=\"author\" content=\"N.S Carideal\" \/>\n<meta name=\"twitter:card\" content=\"summary_large_image\" \/>\n<meta name=\"twitter:creator\" content=\"@caridealauto\" \/>\n<meta name=\"twitter:site\" content=\"@caridealauto\" \/>\n<meta name=\"twitter:label1\" content=\"\u00c9crit par\" \/>\n\t<meta name=\"twitter:data1\" content=\"N.S Carideal\" \/>\n\t<meta name=\"twitter:label2\" content=\"Dur\u00e9e de lecture estim\u00e9e\" \/>\n\t<meta name=\"twitter:data2\" content=\"2 minutes\" \/>\n<script type=\"application\/ld+json\" class=\"yoast-schema-graph\">{\"@context\":\"https:\/\/schema.org\",\"@graph\":[{\"@type\":\"Article\",\"@id\":\"https:\/\/www.carideal.com\/blog\/2012\/12\/06\/chasse-au-co2\/#article\",\"isPartOf\":{\"@id\":\"https:\/\/www.carideal.com\/blog\/2012\/12\/06\/chasse-au-co2\/\"},\"author\":{\"name\":\"N.S Carideal\",\"@id\":\"https:\/\/www.carideal.com\/blog\/#\/schema\/person\/985c7e757d1042d647f21bfaf8d41ebc\"},\"headline\":\"Chasse au CO2\",\"datePublished\":\"2012-12-06T13:59:00+00:00\",\"dateModified\":\"2020-03-07T15:46:21+00:00\",\"mainEntityOfPage\":{\"@id\":\"https:\/\/www.carideal.com\/blog\/2012\/12\/06\/chasse-au-co2\/\"},\"wordCount\":332,\"commentCount\":0,\"publisher\":{\"@id\":\"https:\/\/www.carideal.com\/blog\/#organization\"},\"keywords\":[\"CO2 \u00e9mission de CO2\"],\"articleSection\":[\"Ecologie\"],\"inLanguage\":\"fr-FR\",\"potentialAction\":[{\"@type\":\"CommentAction\",\"name\":\"Comment\",\"target\":[\"https:\/\/www.carideal.com\/blog\/2012\/12\/06\/chasse-au-co2\/#respond\"]}]},{\"@type\":\"WebPage\",\"@id\":\"https:\/\/www.carideal.com\/blog\/2012\/12\/06\/chasse-au-co2\/\",\"url\":\"https:\/\/www.carideal.com\/blog\/2012\/12\/06\/chasse-au-co2\/\",\"name\":\"Chasse au CO2 - Blog auto Carid\u00e9al\",\"isPartOf\":{\"@id\":\"https:\/\/www.carideal.com\/blog\/#website\"},\"datePublished\":\"2012-12-06T13:59:00+00:00\",\"dateModified\":\"2020-03-07T15:46:21+00:00\",\"breadcrumb\":{\"@id\":\"https:\/\/www.carideal.com\/blog\/2012\/12\/06\/chasse-au-co2\/#breadcrumb\"},\"inLanguage\":\"fr-FR\",\"potentialAction\":[{\"@type\":\"ReadAction\",\"target\":[\"https:\/\/www.carideal.com\/blog\/2012\/12\/06\/chasse-au-co2\/\"]}]},{\"@type\":\"BreadcrumbList\",\"@id\":\"https:\/\/www.carideal.com\/blog\/2012\/12\/06\/chasse-au-co2\/#breadcrumb\",\"itemListElement\":[{\"@type\":\"ListItem\",\"position\":1,\"name\":\"Blog Carid\u00e9al\",\"item\":\"https:\/\/www.carideal.com\/blog\/\"},{\"@type\":\"ListItem\",\"position\":2,\"name\":\"Ecologie\",\"item\":\"https:\/\/www.carideal.com\/blog\/ecologie\/\"},{\"@type\":\"ListItem\",\"position\":3,\"name\":\"Chasse au CO2\"}]},{\"@type\":\"WebSite\",\"@id\":\"https:\/\/www.carideal.com\/blog\/#website\",\"url\":\"https:\/\/www.carideal.com\/blog\/\",\"name\":\"Blog auto Carid\u00e9al\",\"description\":\"Actualit\u00e9 auto par des passionn\u00e9s\",\"publisher\":{\"@id\":\"https:\/\/www.carideal.com\/blog\/#organization\"},\"potentialAction\":[{\"@type\":\"SearchAction\",\"target\":{\"@type\":\"EntryPoint\",\"urlTemplate\":\"https:\/\/www.carideal.com\/blog\/?s={search_term_string}\"},\"query-input\":{\"@type\":\"PropertyValueSpecification\",\"valueRequired\":true,\"valueName\":\"search_term_string\"}}],\"inLanguage\":\"fr-FR\"},{\"@type\":\"Organization\",\"@id\":\"https:\/\/www.carideal.com\/blog\/#organization\",\"name\":\"Carideal\",\"url\":\"https:\/\/www.carideal.com\/blog\/\",\"logo\":{\"@type\":\"ImageObject\",\"inLanguage\":\"fr-FR\",\"@id\":\"https:\/\/www.carideal.com\/blog\/#\/schema\/logo\/image\/\",\"url\":\"http:\/\/www.carideal.com\/blog\/wp-content\/uploads\/2016\/03\/logo-carideal-mandataire-automobile.png\",\"contentUrl\":\"http:\/\/www.carideal.com\/blog\/wp-content\/uploads\/2016\/03\/logo-carideal-mandataire-automobile.png\",\"width\":300,\"height\":300,\"caption\":\"Carideal\"},\"image\":{\"@id\":\"https:\/\/www.carideal.com\/blog\/#\/schema\/logo\/image\/\"},\"sameAs\":[\"https:\/\/www.facebook.com\/Carideal.mandataire.automobile\",\"https:\/\/x.com\/caridealauto\",\"https:\/\/www.instagram.com\/carideal1\/\",\"https:\/\/www.linkedin.com\/company\/carideal.com\",\"https:\/\/fr.pinterest.com\/schiavonsas\/\",\"https:\/\/www.youtube.com\/user\/caridealsas\"]},{\"@type\":\"Person\",\"@id\":\"https:\/\/www.carideal.com\/blog\/#\/schema\/person\/985c7e757d1042d647f21bfaf8d41ebc\",\"name\":\"N.S Carideal\",\"image\":{\"@type\":\"ImageObject\",\"inLanguage\":\"fr-FR\",\"@id\":\"https:\/\/www.carideal.com\/blog\/#\/schema\/person\/image\/\",\"url\":\"https:\/\/secure.gravatar.com\/avatar\/edb7ccdf1a4e3d14aef967760d354d0e?s=96&r=g\",\"contentUrl\":\"https:\/\/secure.gravatar.com\/avatar\/edb7ccdf1a4e3d14aef967760d354d0e?s=96&r=g\",\"caption\":\"N.S Carideal\"},\"description\":\"Depuis tout petit fan d'automobile. Il est question d'essayer et de comparer toutes ces voitures qui nous ont fait r\u00e9ver, avant que celles-ci ne devient uniquement des voitures de collection.\",\"sameAs\":[\"http:\/\/www.carideal.com\/blog\",\"https:\/\/www.facebook.com\/Carideal.mandataire.automobile\/\",\"https:\/\/www.linkedin.com\/in\/nschiavon\/\",\"https:\/\/www.youtube.com\/user\/caridealsas\/\"],\"url\":\"https:\/\/www.carideal.com\/blog\/author\/admin_carideal\/\"}]}<\/script>\n<!-- \/ Yoast SEO plugin. -->","yoast_head_json":{"title":"Chasse au CO2 - Blog auto Carid\u00e9al","robots":{"index":"index","follow":"follow","max-snippet":"max-snippet:-1","max-image-preview":"max-image-preview:large","max-video-preview":"max-video-preview:-1"},"canonical":"https:\/\/www.carideal.com\/blog\/2012\/12\/06\/chasse-au-co2\/","og_locale":"fr_FR","og_type":"article","og_title":"Chasse au CO2 - Blog auto Carid\u00e9al","og_description":"Le parlement europ\u00e9en devrait bient\u00f4t confirmer d\u00e9finitivement les objectifs d'\u00e9missions de CO2 pour 2020&nbsp;: un vrai challenge pour les constructeurs, oblig\u00e9s de plancher tous azimuts sur leurs v\u00e9hicules pour qu'ils satisfassent \u00e0 la l\u00e9gislation sans exploser les co\u00fbt... 1\/ Diminuer le Poids La Peugeot 208 est moins lourde que la Peugeot 207 de 110 kg ... Lire plus","og_url":"https:\/\/www.carideal.com\/blog\/2012\/12\/06\/chasse-au-co2\/","og_site_name":"Blog auto Carid\u00e9al","article_publisher":"https:\/\/www.facebook.com\/Carideal.mandataire.automobile","article_author":"https:\/\/www.facebook.com\/Carideal.mandataire.automobile\/","article_published_time":"2012-12-06T13:59:00+00:00","article_modified_time":"2020-03-07T15:46:21+00:00","og_image":[{"width":300,"height":300,"url":"https:\/\/www.carideal.com\/blog\/wp-content\/uploads\/2016\/03\/logo-carideal-mandataire-automobile.png","type":"image\/png"}],"author":"N.S Carideal","twitter_card":"summary_large_image","twitter_creator":"@caridealauto","twitter_site":"@caridealauto","twitter_misc":{"\u00c9crit par":"N.S Carideal","Dur\u00e9e de lecture estim\u00e9e":"2 minutes"},"schema":{"@context":"https:\/\/schema.org","@graph":[{"@type":"Article","@id":"https:\/\/www.carideal.com\/blog\/2012\/12\/06\/chasse-au-co2\/#article","isPartOf":{"@id":"https:\/\/www.carideal.com\/blog\/2012\/12\/06\/chasse-au-co2\/"},"author":{"name":"N.S Carideal","@id":"https:\/\/www.carideal.com\/blog\/#\/schema\/person\/985c7e757d1042d647f21bfaf8d41ebc"},"headline":"Chasse au CO2","datePublished":"2012-12-06T13:59:00+00:00","dateModified":"2020-03-07T15:46:21+00:00","mainEntityOfPage":{"@id":"https:\/\/www.carideal.com\/blog\/2012\/12\/06\/chasse-au-co2\/"},"wordCount":332,"commentCount":0,"publisher":{"@id":"https:\/\/www.carideal.com\/blog\/#organization"},"keywords":["CO2 \u00e9mission de CO2"],"articleSection":["Ecologie"],"inLanguage":"fr-FR","potentialAction":[{"@type":"CommentAction","name":"Comment","target":["https:\/\/www.carideal.com\/blog\/2012\/12\/06\/chasse-au-co2\/#respond"]}]},{"@type":"WebPage","@id":"https:\/\/www.carideal.com\/blog\/2012\/12\/06\/chasse-au-co2\/","url":"https:\/\/www.carideal.com\/blog\/2012\/12\/06\/chasse-au-co2\/","name":"Chasse au CO2 - Blog auto Carid\u00e9al","isPartOf":{"@id":"https:\/\/www.carideal.com\/blog\/#website"},"datePublished":"2012-12-06T13:59:00+00:00","dateModified":"2020-03-07T15:46:21+00:00","breadcrumb":{"@id":"https:\/\/www.carideal.com\/blog\/2012\/12\/06\/chasse-au-co2\/#breadcrumb"},"inLanguage":"fr-FR","potentialAction":[{"@type":"ReadAction","target":["https:\/\/www.carideal.com\/blog\/2012\/12\/06\/chasse-au-co2\/"]}]},{"@type":"BreadcrumbList","@id":"https:\/\/www.carideal.com\/blog\/2012\/12\/06\/chasse-au-co2\/#breadcrumb","itemListElement":[{"@type":"ListItem","position":1,"name":"Blog Carid\u00e9al","item":"https:\/\/www.carideal.com\/blog\/"},{"@type":"ListItem","position":2,"name":"Ecologie","item":"https:\/\/www.carideal.com\/blog\/ecologie\/"},{"@type":"ListItem","position":3,"name":"Chasse au CO2"}]},{"@type":"WebSite","@id":"https:\/\/www.carideal.com\/blog\/#website","url":"https:\/\/www.carideal.com\/blog\/","name":"Blog auto Carid\u00e9al","description":"Actualit\u00e9 auto par des passionn\u00e9s","publisher":{"@id":"https:\/\/www.carideal.com\/blog\/#organization"},"potentialAction":[{"@type":"SearchAction","target":{"@type":"EntryPoint","urlTemplate":"https:\/\/www.carideal.com\/blog\/?s={search_term_string}"},"query-input":{"@type":"PropertyValueSpecification","valueRequired":true,"valueName":"search_term_string"}}],"inLanguage":"fr-FR"},{"@type":"Organization","@id":"https:\/\/www.carideal.com\/blog\/#organization","name":"Carideal","url":"https:\/\/www.carideal.com\/blog\/","logo":{"@type":"ImageObject","inLanguage":"fr-FR","@id":"https:\/\/www.carideal.com\/blog\/#\/schema\/logo\/image\/","url":"http:\/\/www.carideal.com\/blog\/wp-content\/uploads\/2016\/03\/logo-carideal-mandataire-automobile.png","contentUrl":"http:\/\/www.carideal.com\/blog\/wp-content\/uploads\/2016\/03\/logo-carideal-mandataire-automobile.png","width":300,"height":300,"caption":"Carideal"},"image":{"@id":"https:\/\/www.carideal.com\/blog\/#\/schema\/logo\/image\/"},"sameAs":["https:\/\/www.facebook.com\/Carideal.mandataire.automobile","https:\/\/x.com\/caridealauto","https:\/\/www.instagram.com\/carideal1\/","https:\/\/www.linkedin.com\/company\/carideal.com","https:\/\/fr.pinterest.com\/schiavonsas\/","https:\/\/www.youtube.com\/user\/caridealsas"]},{"@type":"Person","@id":"https:\/\/www.carideal.com\/blog\/#\/schema\/person\/985c7e757d1042d647f21bfaf8d41ebc","name":"N.S Carideal","image":{"@type":"ImageObject","inLanguage":"fr-FR","@id":"https:\/\/www.carideal.com\/blog\/#\/schema\/person\/image\/","url":"https:\/\/secure.gravatar.com\/avatar\/edb7ccdf1a4e3d14aef967760d354d0e?s=96&r=g","contentUrl":"https:\/\/secure.gravatar.com\/avatar\/edb7ccdf1a4e3d14aef967760d354d0e?s=96&r=g","caption":"N.S Carideal"},"description":"Depuis tout petit fan d'automobile. Il est question d'essayer et de comparer toutes ces voitures qui nous ont fait r\u00e9ver, avant que celles-ci ne devient uniquement des voitures de collection.","sameAs":["http:\/\/www.carideal.com\/blog","https:\/\/www.facebook.com\/Carideal.mandataire.automobile\/","https:\/\/www.linkedin.com\/in\/nschiavon\/","https:\/\/www.youtube.com\/user\/caridealsas\/"],"url":"https:\/\/www.carideal.com\/blog\/author\/admin_carideal\/"}]}},"uagb_featured_image_src":{"full":false,"thumbnail":false,"medium":false,"medium_large":false,"large":false,"1536x1536":false,"2048x2048":false,"wppr-widget":false},"uagb_author_info":{"display_name":"N.S Carideal","author_link":"https:\/\/www.carideal.com\/blog\/author\/admin_carideal\/"},"uagb_comment_info":0,"uagb_excerpt":"Le parlement europ\u00e9en devrait bient\u00f4t confirmer d\u00e9finitivement les objectifs d'\u00e9missions de CO2 pour 2020&nbsp;: un vrai challenge pour les constructeurs, oblig\u00e9s de plancher tous azimuts sur leurs v\u00e9hicules pour qu'ils satisfassent \u00e0 la l\u00e9gislation sans exploser les co\u00fbt... 1\/ Diminuer le Poids La Peugeot 208 est moins lourde que la Peugeot 207 de 110 kg\u2026","_links":{"self":[{"href":"https:\/\/www.carideal.com\/blog\/wp-json\/wp\/v2\/posts\/256"}],"collection":[{"href":"https:\/\/www.carideal.com\/blog\/wp-json\/wp\/v2\/posts"}],"about":[{"href":"https:\/\/www.carideal.com\/blog\/wp-json\/wp\/v2\/types\/post"}],"author":[{"embeddable":true,"href":"https:\/\/www.carideal.com\/blog\/wp-json\/wp\/v2\/users\/1"}],"replies":[{"embeddable":true,"href":"https:\/\/www.carideal.com\/blog\/wp-json\/wp\/v2\/comments?post=256"}],"version-history":[{"count":0,"href":"https:\/\/www.carideal.com\/blog\/wp-json\/wp\/v2\/posts\/256\/revisions"}],"wp:attachment":[{"href":"https:\/\/www.carideal.com\/blog\/wp-json\/wp\/v2\/media?parent=256"}],"wp:term":[{"taxonomy":"category","embeddable":true,"href":"https:\/\/www.carideal.com\/blog\/wp-json\/wp\/v2\/categories?post=256"},{"taxonomy":"post_tag","embeddable":true,"href":"https:\/\/www.carideal.com\/blog\/wp-json\/wp\/v2\/tags?post=256"}],"curies":[{"name":"wp","href":"https:\/\/api.w.org\/{rel}","templated":true}]}}