{"id":255,"date":"2012-12-04T10:58:00","date_gmt":"2012-12-04T10:58:00","guid":{"rendered":"http:\/\/carideal.com\/blog\/?p=255"},"modified":"2022-08-31T15:23:22","modified_gmt":"2022-08-31T13:23:22","slug":"pollution-des-vehicules-toujours-problematique","status":"publish","type":"post","link":"https:\/\/www.carideal.com\/blog\/2012\/12\/04\/pollution-des-vehicules-toujours-problematique\/","title":{"rendered":"Pollution des v\u00e9hicules toujours probl\u00e9matique"},"content":{"rendered":"\n<h1 class=\"wp-block-heading\"><strong>Pollution des v\u00e9hicules toujours probl\u00e9matique<\/strong><\/h1>\n\n\n\n<p>Les voitures polluent bien moins qu'autrefois, c'est un fait: d'apr\u00e8s les donn\u00e9es du bilan de la qualit\u00e9 de l'air en France en 2011 effectu\u00e9 par le ministre de l'Ecologie, la lutte contre les m\u00e9taux lourds, pr\u00e9sents dans l'essence jusqu'au d\u00e9but de l'ann\u00e9es 2000, est gagn\u00e9e. Le taux de plomb dans l'air est quasiment devenu impossible \u00e0 mesurer tant il est faible . De la m\u00eame mani\u00e8re, les taux de benz\u00e8ne sont eux aussi bien en de\u00e7\u00e0 des valeurs l\u00e9gales. Toutefois, deux probl\u00e8mes principales demeurent.<\/p>\n\n\n\n<p>Les particules tout d'abord. Deuxi\u00e8me polluant tr\u00e8s pr\u00e9occupant, les oxydes d'azote, appel\u00e9s aussi NOx. Au sein de cette famille, le dioxyde d'azote (NO2) est le plus surveill\u00e9, car il est le plus dangereux pour la sant\u00e9. Mais dans le d\u00e9tail, si les \u00e9missions sont \" stables\" par rapport \u00e0 2010 sur les points de mesure directement implant\u00e9s \u00e0 proximit\u00e9 du trafic, elles n'en demeurent pas moins largement sup\u00e9rieures \u00e0 ce que tol\u00e8re la loi. De Bastia \u00e0 Paris en passant par Clermont-Ferrand, la liste des villes concern\u00e9s est longue! <\/p>\n\n\n\n<ul class=\"wp-block-list\"><li><a href=\"http:\/\/www.carideal.com\/blog\/2022\/08\/31\/enfin-la-solution-pour-reduire-la-pollution-des-pneus\/\">Enfin une solution pour r\u00e9duire la pollution des pneus<\/a><\/li><\/ul>\n\n\n\n<p>Le bilan fait le lien avec la progression des v\u00e9hicules diesel dans le trafic et ne n\u00e9glige pas de souligner que le r\u00f4le n\u00e9faste du <a href=\"http:\/\/www.carideal.com\/blog\/2017\/01\/19\/selon-psa-filtre-a-particules-purification-de-lair\/\">filtre \u00e0 particules<\/a> non aditiv\u00e9 dans l'\u00e9mission de NO2 a \u00e9t\u00e9 mis en \u00e9vidence \u00e0 Londres comme \u00e0 Paris. Bref, un bilan en demi-teinte, qui ne pourra s'am\u00e9liorer qu'une fois les <a href=\"http:\/\/www.carideal.com\/blog\/2013\/03\/26\/pollution-labandon-du-projet-zapa\/\">Zones d'action prioritaires pour l'air (ZAPA)<\/a> mises en place. pour l'instant, elle sont au point mort.<\/p>\n","protected":false},"excerpt":{"rendered":"<p>Pollution des v\u00e9hicules toujours probl\u00e9matique Les voitures polluent bien moins qu&rsquo;autrefois, c&rsquo;est un fait: d&rsquo;apr\u00e8s les donn\u00e9es du bilan de la qualit\u00e9 de l&rsquo;air en France en 2011 effectu\u00e9 par le ministre de l&rsquo;Ecologie, la lutte contre les m\u00e9taux lourds, pr\u00e9sents dans l&rsquo;essence jusqu&rsquo;au d\u00e9but de l&rsquo;ann\u00e9es 2000, est gagn\u00e9e. Le taux de plomb dans &#8230; <a title=\"Pollution des v\u00e9hicules toujours probl\u00e9matique\" class=\"read-more\" href=\"https:\/\/www.carideal.com\/blog\/2012\/12\/04\/pollution-des-vehicules-toujours-problematique\/\" aria-label=\"En savoir plus sur Pollution des v\u00e9hicules toujours probl\u00e9matique\">Lire plus<\/a><\/p>\n","protected":false},"author":1,"featured_media":14941,"comment_status":"open","ping_status":"open","sticky":false,"template":"","format":"standard","meta":{"_uag_custom_page_level_css":"","_themeisle_gutenberg_block_has_review":false,"footnotes":""},"categories":[6],"tags":[673,4953],"class_list":["post-255","post","type-post","status-publish","format-standard","has-post-thumbnail","hentry","category-ecologie","tag-filtre-a-particules","tag-pollution-de-lair"],"wppr_data":{"cwp_meta_box_check":"No"},"yoast_head":"<!-- This site is optimized with the Yoast SEO plugin v24.8.1 - https:\/\/yoast.com\/wordpress\/plugins\/seo\/ -->\n<title>Pollution des v\u00e9hicules toujours probl\u00e9matique - Blog auto Carid\u00e9al<\/title>\n<meta name=\"robots\" content=\"index, follow, max-snippet:-1, max-image-preview:large, max-video-preview:-1\" \/>\n<link rel=\"canonical\" href=\"https:\/\/www.carideal.com\/blog\/2012\/12\/04\/pollution-des-vehicules-toujours-problematique\/\" \/>\n<meta property=\"og:locale\" content=\"fr_FR\" \/>\n<meta property=\"og:type\" content=\"article\" \/>\n<meta property=\"og:title\" content=\"Pollution des v\u00e9hicules toujours probl\u00e9matique - Blog auto Carid\u00e9al\" \/>\n<meta property=\"og:description\" content=\"Pollution des v\u00e9hicules toujours probl\u00e9matique Les voitures polluent bien moins qu&#039;autrefois, c&#039;est un fait: d&#039;apr\u00e8s les donn\u00e9es du bilan de la qualit\u00e9 de l&#039;air en France en 2011 effectu\u00e9 par le ministre de l&#039;Ecologie, la lutte contre les m\u00e9taux lourds, pr\u00e9sents dans l&#039;essence jusqu&#039;au d\u00e9but de l&#039;ann\u00e9es 2000, est gagn\u00e9e. Le taux de plomb dans ... Lire plus\" \/>\n<meta property=\"og:url\" content=\"https:\/\/www.carideal.com\/blog\/2012\/12\/04\/pollution-des-vehicules-toujours-problematique\/\" \/>\n<meta property=\"og:site_name\" content=\"Blog auto Carid\u00e9al\" \/>\n<meta property=\"article:publisher\" content=\"https:\/\/www.facebook.com\/Carideal.mandataire.automobile\" \/>\n<meta property=\"article:author\" content=\"https:\/\/www.facebook.com\/Carideal.mandataire.automobile\/\" \/>\n<meta property=\"article:published_time\" content=\"2012-12-04T10:58:00+00:00\" \/>\n<meta property=\"article:modified_time\" content=\"2022-08-31T13:23:22+00:00\" \/>\n<meta property=\"og:image\" content=\"https:\/\/www.carideal.com\/blog\/wp-content\/uploads\/2012\/12\/Pollution-des-v\u00e9hicules-toujours-probl\u00e9matique.jpg\" \/>\n\t<meta property=\"og:image:width\" content=\"650\" \/>\n\t<meta property=\"og:image:height\" content=\"450\" \/>\n\t<meta property=\"og:image:type\" content=\"image\/jpeg\" \/>\n<meta name=\"author\" content=\"N.S Carideal\" \/>\n<meta name=\"twitter:card\" content=\"summary_large_image\" \/>\n<meta name=\"twitter:creator\" content=\"@caridealauto\" \/>\n<meta name=\"twitter:site\" content=\"@caridealauto\" \/>\n<meta name=\"twitter:label1\" content=\"\u00c9crit par\" \/>\n\t<meta name=\"twitter:data1\" content=\"N.S Carideal\" \/>\n\t<meta name=\"twitter:label2\" content=\"Dur\u00e9e de lecture estim\u00e9e\" \/>\n\t<meta name=\"twitter:data2\" content=\"2 minutes\" \/>\n<script type=\"application\/ld+json\" class=\"yoast-schema-graph\">{\"@context\":\"https:\/\/schema.org\",\"@graph\":[{\"@type\":\"Article\",\"@id\":\"https:\/\/www.carideal.com\/blog\/2012\/12\/04\/pollution-des-vehicules-toujours-problematique\/#article\",\"isPartOf\":{\"@id\":\"https:\/\/www.carideal.com\/blog\/2012\/12\/04\/pollution-des-vehicules-toujours-problematique\/\"},\"author\":{\"name\":\"N.S Carideal\",\"@id\":\"https:\/\/www.carideal.com\/blog\/#\/schema\/person\/985c7e757d1042d647f21bfaf8d41ebc\"},\"headline\":\"Pollution des v\u00e9hicules toujours probl\u00e9matique\",\"datePublished\":\"2012-12-04T10:58:00+00:00\",\"dateModified\":\"2022-08-31T13:23:22+00:00\",\"mainEntityOfPage\":{\"@id\":\"https:\/\/www.carideal.com\/blog\/2012\/12\/04\/pollution-des-vehicules-toujours-problematique\/\"},\"wordCount\":283,\"commentCount\":0,\"publisher\":{\"@id\":\"https:\/\/www.carideal.com\/blog\/#organization\"},\"image\":{\"@id\":\"https:\/\/www.carideal.com\/blog\/2012\/12\/04\/pollution-des-vehicules-toujours-problematique\/#primaryimage\"},\"thumbnailUrl\":\"https:\/\/www.carideal.com\/blog\/wp-content\/uploads\/2012\/12\/Pollution-des-v\u00e9hicules-toujours-probl\u00e9matique.jpg\",\"keywords\":[\"Filtre \u00e0 particules Diesel essence\",\"Pollution de l\u2019air\"],\"articleSection\":[\"Ecologie\"],\"inLanguage\":\"fr-FR\",\"potentialAction\":[{\"@type\":\"CommentAction\",\"name\":\"Comment\",\"target\":[\"https:\/\/www.carideal.com\/blog\/2012\/12\/04\/pollution-des-vehicules-toujours-problematique\/#respond\"]}]},{\"@type\":\"WebPage\",\"@id\":\"https:\/\/www.carideal.com\/blog\/2012\/12\/04\/pollution-des-vehicules-toujours-problematique\/\",\"url\":\"https:\/\/www.carideal.com\/blog\/2012\/12\/04\/pollution-des-vehicules-toujours-problematique\/\",\"name\":\"Pollution des v\u00e9hicules toujours probl\u00e9matique - Blog auto Carid\u00e9al\",\"isPartOf\":{\"@id\":\"https:\/\/www.carideal.com\/blog\/#website\"},\"primaryImageOfPage\":{\"@id\":\"https:\/\/www.carideal.com\/blog\/2012\/12\/04\/pollution-des-vehicules-toujours-problematique\/#primaryimage\"},\"image\":{\"@id\":\"https:\/\/www.carideal.com\/blog\/2012\/12\/04\/pollution-des-vehicules-toujours-problematique\/#primaryimage\"},\"thumbnailUrl\":\"https:\/\/www.carideal.com\/blog\/wp-content\/uploads\/2012\/12\/Pollution-des-v\u00e9hicules-toujours-probl\u00e9matique.jpg\",\"datePublished\":\"2012-12-04T10:58:00+00:00\",\"dateModified\":\"2022-08-31T13:23:22+00:00\",\"breadcrumb\":{\"@id\":\"https:\/\/www.carideal.com\/blog\/2012\/12\/04\/pollution-des-vehicules-toujours-problematique\/#breadcrumb\"},\"inLanguage\":\"fr-FR\",\"potentialAction\":[{\"@type\":\"ReadAction\",\"target\":[\"https:\/\/www.carideal.com\/blog\/2012\/12\/04\/pollution-des-vehicules-toujours-problematique\/\"]}]},{\"@type\":\"ImageObject\",\"inLanguage\":\"fr-FR\",\"@id\":\"https:\/\/www.carideal.com\/blog\/2012\/12\/04\/pollution-des-vehicules-toujours-problematique\/#primaryimage\",\"url\":\"https:\/\/www.carideal.com\/blog\/wp-content\/uploads\/2012\/12\/Pollution-des-v\u00e9hicules-toujours-probl\u00e9matique.jpg\",\"contentUrl\":\"https:\/\/www.carideal.com\/blog\/wp-content\/uploads\/2012\/12\/Pollution-des-v\u00e9hicules-toujours-probl\u00e9matique.jpg\",\"width\":650,\"height\":450,\"caption\":\"Pollution des v\u00e9hicules toujours probl\u00e9matique\"},{\"@type\":\"BreadcrumbList\",\"@id\":\"https:\/\/www.carideal.com\/blog\/2012\/12\/04\/pollution-des-vehicules-toujours-problematique\/#breadcrumb\",\"itemListElement\":[{\"@type\":\"ListItem\",\"position\":1,\"name\":\"Blog Carid\u00e9al\",\"item\":\"https:\/\/www.carideal.com\/blog\/\"},{\"@type\":\"ListItem\",\"position\":2,\"name\":\"Ecologie\",\"item\":\"https:\/\/www.carideal.com\/blog\/ecologie\/\"},{\"@type\":\"ListItem\",\"position\":3,\"name\":\"Pollution des v\u00e9hicules toujours probl\u00e9matique\"}]},{\"@type\":\"WebSite\",\"@id\":\"https:\/\/www.carideal.com\/blog\/#website\",\"url\":\"https:\/\/www.carideal.com\/blog\/\",\"name\":\"Blog auto Carid\u00e9al\",\"description\":\"Actualit\u00e9 auto par des passionn\u00e9s\",\"publisher\":{\"@id\":\"https:\/\/www.carideal.com\/blog\/#organization\"},\"potentialAction\":[{\"@type\":\"SearchAction\",\"target\":{\"@type\":\"EntryPoint\",\"urlTemplate\":\"https:\/\/www.carideal.com\/blog\/?s={search_term_string}\"},\"query-input\":{\"@type\":\"PropertyValueSpecification\",\"valueRequired\":true,\"valueName\":\"search_term_string\"}}],\"inLanguage\":\"fr-FR\"},{\"@type\":\"Organization\",\"@id\":\"https:\/\/www.carideal.com\/blog\/#organization\",\"name\":\"Carideal\",\"url\":\"https:\/\/www.carideal.com\/blog\/\",\"logo\":{\"@type\":\"ImageObject\",\"inLanguage\":\"fr-FR\",\"@id\":\"https:\/\/www.carideal.com\/blog\/#\/schema\/logo\/image\/\",\"url\":\"http:\/\/www.carideal.com\/blog\/wp-content\/uploads\/2016\/03\/logo-carideal-mandataire-automobile.png\",\"contentUrl\":\"http:\/\/www.carideal.com\/blog\/wp-content\/uploads\/2016\/03\/logo-carideal-mandataire-automobile.png\",\"width\":300,\"height\":300,\"caption\":\"Carideal\"},\"image\":{\"@id\":\"https:\/\/www.carideal.com\/blog\/#\/schema\/logo\/image\/\"},\"sameAs\":[\"https:\/\/www.facebook.com\/Carideal.mandataire.automobile\",\"https:\/\/x.com\/caridealauto\",\"https:\/\/www.instagram.com\/carideal1\/\",\"https:\/\/www.linkedin.com\/company\/carideal.com\",\"https:\/\/fr.pinterest.com\/schiavonsas\/\",\"https:\/\/www.youtube.com\/user\/caridealsas\"]},{\"@type\":\"Person\",\"@id\":\"https:\/\/www.carideal.com\/blog\/#\/schema\/person\/985c7e757d1042d647f21bfaf8d41ebc\",\"name\":\"N.S Carideal\",\"image\":{\"@type\":\"ImageObject\",\"inLanguage\":\"fr-FR\",\"@id\":\"https:\/\/www.carideal.com\/blog\/#\/schema\/person\/image\/\",\"url\":\"https:\/\/secure.gravatar.com\/avatar\/edb7ccdf1a4e3d14aef967760d354d0e?s=96&r=g\",\"contentUrl\":\"https:\/\/secure.gravatar.com\/avatar\/edb7ccdf1a4e3d14aef967760d354d0e?s=96&r=g\",\"caption\":\"N.S Carideal\"},\"description\":\"Depuis tout petit fan d'automobile. Il est question d'essayer et de comparer toutes ces voitures qui nous ont fait r\u00e9ver, avant que celles-ci ne devient uniquement des voitures de collection.\",\"sameAs\":[\"http:\/\/www.carideal.com\/blog\",\"https:\/\/www.facebook.com\/Carideal.mandataire.automobile\/\",\"https:\/\/www.linkedin.com\/in\/nschiavon\/\",\"https:\/\/www.youtube.com\/user\/caridealsas\/\"],\"url\":\"https:\/\/www.carideal.com\/blog\/author\/admin_carideal\/\"}]}<\/script>\n<!-- \/ Yoast SEO plugin. -->","yoast_head_json":{"title":"Pollution des v\u00e9hicules toujours probl\u00e9matique - Blog auto Carid\u00e9al","robots":{"index":"index","follow":"follow","max-snippet":"max-snippet:-1","max-image-preview":"max-image-preview:large","max-video-preview":"max-video-preview:-1"},"canonical":"https:\/\/www.carideal.com\/blog\/2012\/12\/04\/pollution-des-vehicules-toujours-problematique\/","og_locale":"fr_FR","og_type":"article","og_title":"Pollution des v\u00e9hicules toujours probl\u00e9matique - Blog auto Carid\u00e9al","og_description":"Pollution des v\u00e9hicules toujours probl\u00e9matique Les voitures polluent bien moins qu'autrefois, c'est un fait: d'apr\u00e8s les donn\u00e9es du bilan de la qualit\u00e9 de l'air en France en 2011 effectu\u00e9 par le ministre de l'Ecologie, la lutte contre les m\u00e9taux lourds, pr\u00e9sents dans l'essence jusqu'au d\u00e9but de l'ann\u00e9es 2000, est gagn\u00e9e. Le taux de plomb dans ... Lire plus","og_url":"https:\/\/www.carideal.com\/blog\/2012\/12\/04\/pollution-des-vehicules-toujours-problematique\/","og_site_name":"Blog auto Carid\u00e9al","article_publisher":"https:\/\/www.facebook.com\/Carideal.mandataire.automobile","article_author":"https:\/\/www.facebook.com\/Carideal.mandataire.automobile\/","article_published_time":"2012-12-04T10:58:00+00:00","article_modified_time":"2022-08-31T13:23:22+00:00","og_image":[{"width":650,"height":450,"url":"https:\/\/www.carideal.com\/blog\/wp-content\/uploads\/2012\/12\/Pollution-des-v\u00e9hicules-toujours-probl\u00e9matique.jpg","type":"image\/jpeg"}],"author":"N.S Carideal","twitter_card":"summary_large_image","twitter_creator":"@caridealauto","twitter_site":"@caridealauto","twitter_misc":{"\u00c9crit par":"N.S Carideal","Dur\u00e9e de lecture estim\u00e9e":"2 minutes"},"schema":{"@context":"https:\/\/schema.org","@graph":[{"@type":"Article","@id":"https:\/\/www.carideal.com\/blog\/2012\/12\/04\/pollution-des-vehicules-toujours-problematique\/#article","isPartOf":{"@id":"https:\/\/www.carideal.com\/blog\/2012\/12\/04\/pollution-des-vehicules-toujours-problematique\/"},"author":{"name":"N.S Carideal","@id":"https:\/\/www.carideal.com\/blog\/#\/schema\/person\/985c7e757d1042d647f21bfaf8d41ebc"},"headline":"Pollution des v\u00e9hicules toujours probl\u00e9matique","datePublished":"2012-12-04T10:58:00+00:00","dateModified":"2022-08-31T13:23:22+00:00","mainEntityOfPage":{"@id":"https:\/\/www.carideal.com\/blog\/2012\/12\/04\/pollution-des-vehicules-toujours-problematique\/"},"wordCount":283,"commentCount":0,"publisher":{"@id":"https:\/\/www.carideal.com\/blog\/#organization"},"image":{"@id":"https:\/\/www.carideal.com\/blog\/2012\/12\/04\/pollution-des-vehicules-toujours-problematique\/#primaryimage"},"thumbnailUrl":"https:\/\/www.carideal.com\/blog\/wp-content\/uploads\/2012\/12\/Pollution-des-v\u00e9hicules-toujours-probl\u00e9matique.jpg","keywords":["Filtre \u00e0 particules Diesel essence","Pollution de l\u2019air"],"articleSection":["Ecologie"],"inLanguage":"fr-FR","potentialAction":[{"@type":"CommentAction","name":"Comment","target":["https:\/\/www.carideal.com\/blog\/2012\/12\/04\/pollution-des-vehicules-toujours-problematique\/#respond"]}]},{"@type":"WebPage","@id":"https:\/\/www.carideal.com\/blog\/2012\/12\/04\/pollution-des-vehicules-toujours-problematique\/","url":"https:\/\/www.carideal.com\/blog\/2012\/12\/04\/pollution-des-vehicules-toujours-problematique\/","name":"Pollution des v\u00e9hicules toujours probl\u00e9matique - Blog auto Carid\u00e9al","isPartOf":{"@id":"https:\/\/www.carideal.com\/blog\/#website"},"primaryImageOfPage":{"@id":"https:\/\/www.carideal.com\/blog\/2012\/12\/04\/pollution-des-vehicules-toujours-problematique\/#primaryimage"},"image":{"@id":"https:\/\/www.carideal.com\/blog\/2012\/12\/04\/pollution-des-vehicules-toujours-problematique\/#primaryimage"},"thumbnailUrl":"https:\/\/www.carideal.com\/blog\/wp-content\/uploads\/2012\/12\/Pollution-des-v\u00e9hicules-toujours-probl\u00e9matique.jpg","datePublished":"2012-12-04T10:58:00+00:00","dateModified":"2022-08-31T13:23:22+00:00","breadcrumb":{"@id":"https:\/\/www.carideal.com\/blog\/2012\/12\/04\/pollution-des-vehicules-toujours-problematique\/#breadcrumb"},"inLanguage":"fr-FR","potentialAction":[{"@type":"ReadAction","target":["https:\/\/www.carideal.com\/blog\/2012\/12\/04\/pollution-des-vehicules-toujours-problematique\/"]}]},{"@type":"ImageObject","inLanguage":"fr-FR","@id":"https:\/\/www.carideal.com\/blog\/2012\/12\/04\/pollution-des-vehicules-toujours-problematique\/#primaryimage","url":"https:\/\/www.carideal.com\/blog\/wp-content\/uploads\/2012\/12\/Pollution-des-v\u00e9hicules-toujours-probl\u00e9matique.jpg","contentUrl":"https:\/\/www.carideal.com\/blog\/wp-content\/uploads\/2012\/12\/Pollution-des-v\u00e9hicules-toujours-probl\u00e9matique.jpg","width":650,"height":450,"caption":"Pollution des v\u00e9hicules toujours probl\u00e9matique"},{"@type":"BreadcrumbList","@id":"https:\/\/www.carideal.com\/blog\/2012\/12\/04\/pollution-des-vehicules-toujours-problematique\/#breadcrumb","itemListElement":[{"@type":"ListItem","position":1,"name":"Blog Carid\u00e9al","item":"https:\/\/www.carideal.com\/blog\/"},{"@type":"ListItem","position":2,"name":"Ecologie","item":"https:\/\/www.carideal.com\/blog\/ecologie\/"},{"@type":"ListItem","position":3,"name":"Pollution des v\u00e9hicules toujours probl\u00e9matique"}]},{"@type":"WebSite","@id":"https:\/\/www.carideal.com\/blog\/#website","url":"https:\/\/www.carideal.com\/blog\/","name":"Blog auto Carid\u00e9al","description":"Actualit\u00e9 auto par des passionn\u00e9s","publisher":{"@id":"https:\/\/www.carideal.com\/blog\/#organization"},"potentialAction":[{"@type":"SearchAction","target":{"@type":"EntryPoint","urlTemplate":"https:\/\/www.carideal.com\/blog\/?s={search_term_string}"},"query-input":{"@type":"PropertyValueSpecification","valueRequired":true,"valueName":"search_term_string"}}],"inLanguage":"fr-FR"},{"@type":"Organization","@id":"https:\/\/www.carideal.com\/blog\/#organization","name":"Carideal","url":"https:\/\/www.carideal.com\/blog\/","logo":{"@type":"ImageObject","inLanguage":"fr-FR","@id":"https:\/\/www.carideal.com\/blog\/#\/schema\/logo\/image\/","url":"http:\/\/www.carideal.com\/blog\/wp-content\/uploads\/2016\/03\/logo-carideal-mandataire-automobile.png","contentUrl":"http:\/\/www.carideal.com\/blog\/wp-content\/uploads\/2016\/03\/logo-carideal-mandataire-automobile.png","width":300,"height":300,"caption":"Carideal"},"image":{"@id":"https:\/\/www.carideal.com\/blog\/#\/schema\/logo\/image\/"},"sameAs":["https:\/\/www.facebook.com\/Carideal.mandataire.automobile","https:\/\/x.com\/caridealauto","https:\/\/www.instagram.com\/carideal1\/","https:\/\/www.linkedin.com\/company\/carideal.com","https:\/\/fr.pinterest.com\/schiavonsas\/","https:\/\/www.youtube.com\/user\/caridealsas"]},{"@type":"Person","@id":"https:\/\/www.carideal.com\/blog\/#\/schema\/person\/985c7e757d1042d647f21bfaf8d41ebc","name":"N.S Carideal","image":{"@type":"ImageObject","inLanguage":"fr-FR","@id":"https:\/\/www.carideal.com\/blog\/#\/schema\/person\/image\/","url":"https:\/\/secure.gravatar.com\/avatar\/edb7ccdf1a4e3d14aef967760d354d0e?s=96&r=g","contentUrl":"https:\/\/secure.gravatar.com\/avatar\/edb7ccdf1a4e3d14aef967760d354d0e?s=96&r=g","caption":"N.S Carideal"},"description":"Depuis tout petit fan d'automobile. Il est question d'essayer et de comparer toutes ces voitures qui nous ont fait r\u00e9ver, avant que celles-ci ne devient uniquement des voitures de collection.","sameAs":["http:\/\/www.carideal.com\/blog","https:\/\/www.facebook.com\/Carideal.mandataire.automobile\/","https:\/\/www.linkedin.com\/in\/nschiavon\/","https:\/\/www.youtube.com\/user\/caridealsas\/"],"url":"https:\/\/www.carideal.com\/blog\/author\/admin_carideal\/"}]}},"uagb_featured_image_src":{"full":["https:\/\/www.carideal.com\/blog\/wp-content\/uploads\/2012\/12\/Pollution-des-v\u00e9hicules-toujours-probl\u00e9matique.jpg",650,450,false],"thumbnail":["https:\/\/www.carideal.com\/blog\/wp-content\/uploads\/2012\/12\/Pollution-des-v\u00e9hicules-toujours-probl\u00e9matique-150x150.jpg",150,150,true],"medium":["https:\/\/www.carideal.com\/blog\/wp-content\/uploads\/2012\/12\/Pollution-des-v\u00e9hicules-toujours-probl\u00e9matique-300x208.jpg",300,208,true],"medium_large":["https:\/\/www.carideal.com\/blog\/wp-content\/uploads\/2012\/12\/Pollution-des-v\u00e9hicules-toujours-probl\u00e9matique.jpg",650,450,false],"large":["https:\/\/www.carideal.com\/blog\/wp-content\/uploads\/2012\/12\/Pollution-des-v\u00e9hicules-toujours-probl\u00e9matique.jpg",650,450,false],"1536x1536":["https:\/\/www.carideal.com\/blog\/wp-content\/uploads\/2012\/12\/Pollution-des-v\u00e9hicules-toujours-probl\u00e9matique.jpg",650,450,false],"2048x2048":["https:\/\/www.carideal.com\/blog\/wp-content\/uploads\/2012\/12\/Pollution-des-v\u00e9hicules-toujours-probl\u00e9matique.jpg",650,450,false],"wppr-widget":["https:\/\/www.carideal.com\/blog\/wp-content\/uploads\/2012\/12\/Pollution-des-v\u00e9hicules-toujours-probl\u00e9matique.jpg",50,35,false]},"uagb_author_info":{"display_name":"N.S Carideal","author_link":"https:\/\/www.carideal.com\/blog\/author\/admin_carideal\/"},"uagb_comment_info":1,"uagb_excerpt":"Pollution des v\u00e9hicules toujours probl\u00e9matique Les voitures polluent bien moins qu'autrefois, c'est un fait: d'apr\u00e8s les donn\u00e9es du bilan de la qualit\u00e9 de l'air en France en 2011 effectu\u00e9 par le ministre de l'Ecologie, la lutte contre les m\u00e9taux lourds, pr\u00e9sents dans l'essence jusqu'au d\u00e9but de l'ann\u00e9es 2000, est gagn\u00e9e. Le taux de plomb dans\u2026","_links":{"self":[{"href":"https:\/\/www.carideal.com\/blog\/wp-json\/wp\/v2\/posts\/255"}],"collection":[{"href":"https:\/\/www.carideal.com\/blog\/wp-json\/wp\/v2\/posts"}],"about":[{"href":"https:\/\/www.carideal.com\/blog\/wp-json\/wp\/v2\/types\/post"}],"author":[{"embeddable":true,"href":"https:\/\/www.carideal.com\/blog\/wp-json\/wp\/v2\/users\/1"}],"replies":[{"embeddable":true,"href":"https:\/\/www.carideal.com\/blog\/wp-json\/wp\/v2\/comments?post=255"}],"version-history":[{"count":0,"href":"https:\/\/www.carideal.com\/blog\/wp-json\/wp\/v2\/posts\/255\/revisions"}],"wp:featuredmedia":[{"embeddable":true,"href":"https:\/\/www.carideal.com\/blog\/wp-json\/wp\/v2\/media\/14941"}],"wp:attachment":[{"href":"https:\/\/www.carideal.com\/blog\/wp-json\/wp\/v2\/media?parent=255"}],"wp:term":[{"taxonomy":"category","embeddable":true,"href":"https:\/\/www.carideal.com\/blog\/wp-json\/wp\/v2\/categories?post=255"},{"taxonomy":"post_tag","embeddable":true,"href":"https:\/\/www.carideal.com\/blog\/wp-json\/wp\/v2\/tags?post=255"}],"curies":[{"name":"wp","href":"https:\/\/api.w.org\/{rel}","templated":true}]}}