{"id":251,"date":"2012-08-10T14:58:00","date_gmt":"2012-08-10T14:58:00","guid":{"rendered":"http:\/\/carideal.com\/blog\/?p=251"},"modified":"2019-02-07T17:35:36","modified_gmt":"2019-02-07T16:35:36","slug":"des-millions-pour-installer-des-bornes-de-recharge","status":"publish","type":"post","link":"https:\/\/www.carideal.com\/blog\/2012\/08\/10\/des-millions-pour-installer-des-bornes-de-recharge\/","title":{"rendered":"Des Millions pour installer des bornes de recharge."},"content":{"rendered":"<p><img decoding=\"async\" title=\"borne-charge-rapide.jpg, nov. 2012\" src=\"\/blog\/public\/.borne-charge-rapide_m.jpg\" alt=\"borne-charge-rapide.jpg\" \/><\/p>\n<h2>Des Millions pour installer des bornes de recharge pour les voitures \u00e9lectriques<\/h2>\n<p>50 Millions est le nombre exacte d'euro emprunter dans les fonds disponibles du Grand emprunt mis en place sous Nicolas Sarkozy. Cette argent servira \u00e0 aider les douze villes volontaires au d\u00e9veloppement du v\u00e9hicule \u00e9lectrique (Paris, Rouen, Le Havre, Rennes, Angoul\u00eame, Grenoble, Bordeaux, Nice...). Il s'agira d'associer l'ensemble des intervenants (loueurs, stations-services urbaines, EDF, gestionnaires de parking, de copropri\u00e9t\u00e9s, concessionnaire...) sur ce sujet afin d'aider la r\u00e9glementation et le d\u00e9veloppement des bornes. Tous les op\u00e9rateurs sera r\u00e9uni sous un \"commandement unique\".<\/p>\n","protected":false},"excerpt":{"rendered":"<p>Des Millions pour installer des bornes de recharge pour les voitures \u00e9lectriques 50 Millions est le nombre exacte d&rsquo;euro emprunter dans les fonds disponibles du Grand emprunt mis en place sous Nicolas Sarkozy. Cette argent servira \u00e0 aider les douze villes volontaires au d\u00e9veloppement du v\u00e9hicule \u00e9lectrique (Paris, Rouen, Le Havre, Rennes, Angoul\u00eame, Grenoble, Bordeaux, &#8230; <a title=\"Des Millions pour installer des bornes de recharge.\" class=\"read-more\" href=\"https:\/\/www.carideal.com\/blog\/2012\/08\/10\/des-millions-pour-installer-des-bornes-de-recharge\/\" aria-label=\"En savoir plus sur Des Millions pour installer des bornes de recharge.\">Lire plus<\/a><\/p>\n","protected":false},"author":1,"featured_media":0,"comment_status":"open","ping_status":"open","sticky":false,"template":"","format":"standard","meta":{"_uag_custom_page_level_css":"","_themeisle_gutenberg_block_has_review":false,"footnotes":""},"categories":[21,6,10,5970],"tags":[],"class_list":["post-251","post","type-post","status-publish","format-standard","hentry","category-actualites-auto","category-ecologie","category-marche-automobile-voiture-neuve-occasion-4x4-suv","category-electrique-technologie-2"],"wppr_data":{"cwp_meta_box_check":"No"},"yoast_head":"<!-- This site is optimized with the Yoast SEO plugin v24.8.1 - https:\/\/yoast.com\/wordpress\/plugins\/seo\/ -->\n<title>Des Millions pour installer des bornes de recharge. - Blog auto Carid\u00e9al<\/title>\n<meta name=\"robots\" content=\"noindex, follow\" \/>\n<meta property=\"og:locale\" content=\"fr_FR\" \/>\n<meta property=\"og:type\" content=\"article\" \/>\n<meta property=\"og:title\" content=\"Des Millions pour installer des bornes de recharge. - Blog auto Carid\u00e9al\" \/>\n<meta property=\"og:description\" content=\"Des Millions pour installer des bornes de recharge pour les voitures \u00e9lectriques 50 Millions est le nombre exacte d&#039;euro emprunter dans les fonds disponibles du Grand emprunt mis en place sous Nicolas Sarkozy. Cette argent servira \u00e0 aider les douze villes volontaires au d\u00e9veloppement du v\u00e9hicule \u00e9lectrique (Paris, Rouen, Le Havre, Rennes, Angoul\u00eame, Grenoble, Bordeaux, ... Lire plus\" \/>\n<meta property=\"og:url\" content=\"https:\/\/www.carideal.com\/blog\/2012\/08\/10\/des-millions-pour-installer-des-bornes-de-recharge\/\" \/>\n<meta property=\"og:site_name\" content=\"Blog auto Carid\u00e9al\" \/>\n<meta property=\"article:publisher\" content=\"https:\/\/www.facebook.com\/Carideal.mandataire.automobile\" \/>\n<meta property=\"article:author\" content=\"https:\/\/www.facebook.com\/Carideal.mandataire.automobile\/\" \/>\n<meta property=\"article:published_time\" content=\"2012-08-10T14:58:00+00:00\" \/>\n<meta property=\"article:modified_time\" content=\"2019-02-07T16:35:36+00:00\" \/>\n<meta property=\"og:image\" content=\"https:\/\/www.carideal.com\/blog\/wp-content\/uploads\/2016\/03\/logo-carideal-mandataire-automobile.png\" \/>\n\t<meta property=\"og:image:width\" content=\"300\" \/>\n\t<meta property=\"og:image:height\" content=\"300\" \/>\n\t<meta property=\"og:image:type\" content=\"image\/png\" \/>\n<meta name=\"author\" content=\"N.S Carideal\" \/>\n<meta name=\"twitter:card\" content=\"summary_large_image\" \/>\n<meta name=\"twitter:creator\" content=\"@caridealauto\" \/>\n<meta name=\"twitter:site\" content=\"@caridealauto\" \/>\n<meta name=\"twitter:label1\" content=\"\u00c9crit par\" \/>\n\t<meta name=\"twitter:data1\" content=\"N.S Carideal\" \/>\n\t<meta name=\"twitter:label2\" content=\"Dur\u00e9e de lecture estim\u00e9e\" \/>\n\t<meta name=\"twitter:data2\" content=\"1 minute\" \/>\n<script type=\"application\/ld+json\" class=\"yoast-schema-graph\">{\"@context\":\"https:\/\/schema.org\",\"@graph\":[{\"@type\":\"Article\",\"@id\":\"https:\/\/www.carideal.com\/blog\/2012\/08\/10\/des-millions-pour-installer-des-bornes-de-recharge\/#article\",\"isPartOf\":{\"@id\":\"https:\/\/www.carideal.com\/blog\/2012\/08\/10\/des-millions-pour-installer-des-bornes-de-recharge\/\"},\"author\":{\"name\":\"N.S Carideal\",\"@id\":\"https:\/\/www.carideal.com\/blog\/#\/schema\/person\/985c7e757d1042d647f21bfaf8d41ebc\"},\"headline\":\"Des Millions pour installer des bornes de recharge.\",\"datePublished\":\"2012-08-10T14:58:00+00:00\",\"dateModified\":\"2019-02-07T16:35:36+00:00\",\"mainEntityOfPage\":{\"@id\":\"https:\/\/www.carideal.com\/blog\/2012\/08\/10\/des-millions-pour-installer-des-bornes-de-recharge\/\"},\"wordCount\":108,\"commentCount\":0,\"publisher\":{\"@id\":\"https:\/\/www.carideal.com\/blog\/#organization\"},\"articleSection\":[\"Actualit\u00e9 automobile\",\"Ecologie\",\"March\u00e9 automobile\",\"Voiture \u00e9lectrique\"],\"inLanguage\":\"fr-FR\",\"potentialAction\":[{\"@type\":\"CommentAction\",\"name\":\"Comment\",\"target\":[\"https:\/\/www.carideal.com\/blog\/2012\/08\/10\/des-millions-pour-installer-des-bornes-de-recharge\/#respond\"]}]},{\"@type\":\"WebPage\",\"@id\":\"https:\/\/www.carideal.com\/blog\/2012\/08\/10\/des-millions-pour-installer-des-bornes-de-recharge\/\",\"url\":\"https:\/\/www.carideal.com\/blog\/2012\/08\/10\/des-millions-pour-installer-des-bornes-de-recharge\/\",\"name\":\"Des Millions pour installer des bornes de recharge. - Blog auto Carid\u00e9al\",\"isPartOf\":{\"@id\":\"https:\/\/www.carideal.com\/blog\/#website\"},\"datePublished\":\"2012-08-10T14:58:00+00:00\",\"dateModified\":\"2019-02-07T16:35:36+00:00\",\"breadcrumb\":{\"@id\":\"https:\/\/www.carideal.com\/blog\/2012\/08\/10\/des-millions-pour-installer-des-bornes-de-recharge\/#breadcrumb\"},\"inLanguage\":\"fr-FR\",\"potentialAction\":[{\"@type\":\"ReadAction\",\"target\":[\"https:\/\/www.carideal.com\/blog\/2012\/08\/10\/des-millions-pour-installer-des-bornes-de-recharge\/\"]}]},{\"@type\":\"BreadcrumbList\",\"@id\":\"https:\/\/www.carideal.com\/blog\/2012\/08\/10\/des-millions-pour-installer-des-bornes-de-recharge\/#breadcrumb\",\"itemListElement\":[{\"@type\":\"ListItem\",\"position\":1,\"name\":\"Blog Carid\u00e9al\",\"item\":\"https:\/\/www.carideal.com\/blog\/\"},{\"@type\":\"ListItem\",\"position\":2,\"name\":\"March\u00e9 automobile\",\"item\":\"https:\/\/www.carideal.com\/blog\/marche-automobile-voiture-neuve-occasion-4x4-suv\/\"},{\"@type\":\"ListItem\",\"position\":3,\"name\":\"Des Millions pour installer des bornes de recharge.\"}]},{\"@type\":\"WebSite\",\"@id\":\"https:\/\/www.carideal.com\/blog\/#website\",\"url\":\"https:\/\/www.carideal.com\/blog\/\",\"name\":\"Blog auto Carid\u00e9al\",\"description\":\"Actualit\u00e9 auto par des passionn\u00e9s\",\"publisher\":{\"@id\":\"https:\/\/www.carideal.com\/blog\/#organization\"},\"potentialAction\":[{\"@type\":\"SearchAction\",\"target\":{\"@type\":\"EntryPoint\",\"urlTemplate\":\"https:\/\/www.carideal.com\/blog\/?s={search_term_string}\"},\"query-input\":{\"@type\":\"PropertyValueSpecification\",\"valueRequired\":true,\"valueName\":\"search_term_string\"}}],\"inLanguage\":\"fr-FR\"},{\"@type\":\"Organization\",\"@id\":\"https:\/\/www.carideal.com\/blog\/#organization\",\"name\":\"Carideal\",\"url\":\"https:\/\/www.carideal.com\/blog\/\",\"logo\":{\"@type\":\"ImageObject\",\"inLanguage\":\"fr-FR\",\"@id\":\"https:\/\/www.carideal.com\/blog\/#\/schema\/logo\/image\/\",\"url\":\"http:\/\/www.carideal.com\/blog\/wp-content\/uploads\/2016\/03\/logo-carideal-mandataire-automobile.png\",\"contentUrl\":\"http:\/\/www.carideal.com\/blog\/wp-content\/uploads\/2016\/03\/logo-carideal-mandataire-automobile.png\",\"width\":300,\"height\":300,\"caption\":\"Carideal\"},\"image\":{\"@id\":\"https:\/\/www.carideal.com\/blog\/#\/schema\/logo\/image\/\"},\"sameAs\":[\"https:\/\/www.facebook.com\/Carideal.mandataire.automobile\",\"https:\/\/x.com\/caridealauto\",\"https:\/\/www.instagram.com\/carideal1\/\",\"https:\/\/www.linkedin.com\/company\/carideal.com\",\"https:\/\/fr.pinterest.com\/schiavonsas\/\",\"https:\/\/www.youtube.com\/user\/caridealsas\"]},{\"@type\":\"Person\",\"@id\":\"https:\/\/www.carideal.com\/blog\/#\/schema\/person\/985c7e757d1042d647f21bfaf8d41ebc\",\"name\":\"N.S Carideal\",\"image\":{\"@type\":\"ImageObject\",\"inLanguage\":\"fr-FR\",\"@id\":\"https:\/\/www.carideal.com\/blog\/#\/schema\/person\/image\/\",\"url\":\"https:\/\/secure.gravatar.com\/avatar\/edb7ccdf1a4e3d14aef967760d354d0e?s=96&r=g\",\"contentUrl\":\"https:\/\/secure.gravatar.com\/avatar\/edb7ccdf1a4e3d14aef967760d354d0e?s=96&r=g\",\"caption\":\"N.S Carideal\"},\"description\":\"Depuis tout petit fan d'automobile. Il est question d'essayer et de comparer toutes ces voitures qui nous ont fait r\u00e9ver, avant que celles-ci ne devient uniquement des voitures de collection.\",\"sameAs\":[\"http:\/\/www.carideal.com\/blog\",\"https:\/\/www.facebook.com\/Carideal.mandataire.automobile\/\",\"https:\/\/www.linkedin.com\/in\/nschiavon\/\",\"https:\/\/www.youtube.com\/user\/caridealsas\/\"],\"url\":\"https:\/\/www.carideal.com\/blog\/author\/admin_carideal\/\"}]}<\/script>\n<!-- \/ Yoast SEO plugin. -->","yoast_head_json":{"title":"Des Millions pour installer des bornes de recharge. - Blog auto Carid\u00e9al","robots":{"index":"noindex","follow":"follow"},"og_locale":"fr_FR","og_type":"article","og_title":"Des Millions pour installer des bornes de recharge. - Blog auto Carid\u00e9al","og_description":"Des Millions pour installer des bornes de recharge pour les voitures \u00e9lectriques 50 Millions est le nombre exacte d'euro emprunter dans les fonds disponibles du Grand emprunt mis en place sous Nicolas Sarkozy. Cette argent servira \u00e0 aider les douze villes volontaires au d\u00e9veloppement du v\u00e9hicule \u00e9lectrique (Paris, Rouen, Le Havre, Rennes, Angoul\u00eame, Grenoble, Bordeaux, ... Lire plus","og_url":"https:\/\/www.carideal.com\/blog\/2012\/08\/10\/des-millions-pour-installer-des-bornes-de-recharge\/","og_site_name":"Blog auto Carid\u00e9al","article_publisher":"https:\/\/www.facebook.com\/Carideal.mandataire.automobile","article_author":"https:\/\/www.facebook.com\/Carideal.mandataire.automobile\/","article_published_time":"2012-08-10T14:58:00+00:00","article_modified_time":"2019-02-07T16:35:36+00:00","og_image":[{"width":300,"height":300,"url":"https:\/\/www.carideal.com\/blog\/wp-content\/uploads\/2016\/03\/logo-carideal-mandataire-automobile.png","type":"image\/png"}],"author":"N.S Carideal","twitter_card":"summary_large_image","twitter_creator":"@caridealauto","twitter_site":"@caridealauto","twitter_misc":{"\u00c9crit par":"N.S Carideal","Dur\u00e9e de lecture estim\u00e9e":"1 minute"},"schema":{"@context":"https:\/\/schema.org","@graph":[{"@type":"Article","@id":"https:\/\/www.carideal.com\/blog\/2012\/08\/10\/des-millions-pour-installer-des-bornes-de-recharge\/#article","isPartOf":{"@id":"https:\/\/www.carideal.com\/blog\/2012\/08\/10\/des-millions-pour-installer-des-bornes-de-recharge\/"},"author":{"name":"N.S Carideal","@id":"https:\/\/www.carideal.com\/blog\/#\/schema\/person\/985c7e757d1042d647f21bfaf8d41ebc"},"headline":"Des Millions pour installer des bornes de recharge.","datePublished":"2012-08-10T14:58:00+00:00","dateModified":"2019-02-07T16:35:36+00:00","mainEntityOfPage":{"@id":"https:\/\/www.carideal.com\/blog\/2012\/08\/10\/des-millions-pour-installer-des-bornes-de-recharge\/"},"wordCount":108,"commentCount":0,"publisher":{"@id":"https:\/\/www.carideal.com\/blog\/#organization"},"articleSection":["Actualit\u00e9 automobile","Ecologie","March\u00e9 automobile","Voiture \u00e9lectrique"],"inLanguage":"fr-FR","potentialAction":[{"@type":"CommentAction","name":"Comment","target":["https:\/\/www.carideal.com\/blog\/2012\/08\/10\/des-millions-pour-installer-des-bornes-de-recharge\/#respond"]}]},{"@type":"WebPage","@id":"https:\/\/www.carideal.com\/blog\/2012\/08\/10\/des-millions-pour-installer-des-bornes-de-recharge\/","url":"https:\/\/www.carideal.com\/blog\/2012\/08\/10\/des-millions-pour-installer-des-bornes-de-recharge\/","name":"Des Millions pour installer des bornes de recharge. - Blog auto Carid\u00e9al","isPartOf":{"@id":"https:\/\/www.carideal.com\/blog\/#website"},"datePublished":"2012-08-10T14:58:00+00:00","dateModified":"2019-02-07T16:35:36+00:00","breadcrumb":{"@id":"https:\/\/www.carideal.com\/blog\/2012\/08\/10\/des-millions-pour-installer-des-bornes-de-recharge\/#breadcrumb"},"inLanguage":"fr-FR","potentialAction":[{"@type":"ReadAction","target":["https:\/\/www.carideal.com\/blog\/2012\/08\/10\/des-millions-pour-installer-des-bornes-de-recharge\/"]}]},{"@type":"BreadcrumbList","@id":"https:\/\/www.carideal.com\/blog\/2012\/08\/10\/des-millions-pour-installer-des-bornes-de-recharge\/#breadcrumb","itemListElement":[{"@type":"ListItem","position":1,"name":"Blog Carid\u00e9al","item":"https:\/\/www.carideal.com\/blog\/"},{"@type":"ListItem","position":2,"name":"March\u00e9 automobile","item":"https:\/\/www.carideal.com\/blog\/marche-automobile-voiture-neuve-occasion-4x4-suv\/"},{"@type":"ListItem","position":3,"name":"Des Millions pour installer des bornes de recharge."}]},{"@type":"WebSite","@id":"https:\/\/www.carideal.com\/blog\/#website","url":"https:\/\/www.carideal.com\/blog\/","name":"Blog auto Carid\u00e9al","description":"Actualit\u00e9 auto par des passionn\u00e9s","publisher":{"@id":"https:\/\/www.carideal.com\/blog\/#organization"},"potentialAction":[{"@type":"SearchAction","target":{"@type":"EntryPoint","urlTemplate":"https:\/\/www.carideal.com\/blog\/?s={search_term_string}"},"query-input":{"@type":"PropertyValueSpecification","valueRequired":true,"valueName":"search_term_string"}}],"inLanguage":"fr-FR"},{"@type":"Organization","@id":"https:\/\/www.carideal.com\/blog\/#organization","name":"Carideal","url":"https:\/\/www.carideal.com\/blog\/","logo":{"@type":"ImageObject","inLanguage":"fr-FR","@id":"https:\/\/www.carideal.com\/blog\/#\/schema\/logo\/image\/","url":"http:\/\/www.carideal.com\/blog\/wp-content\/uploads\/2016\/03\/logo-carideal-mandataire-automobile.png","contentUrl":"http:\/\/www.carideal.com\/blog\/wp-content\/uploads\/2016\/03\/logo-carideal-mandataire-automobile.png","width":300,"height":300,"caption":"Carideal"},"image":{"@id":"https:\/\/www.carideal.com\/blog\/#\/schema\/logo\/image\/"},"sameAs":["https:\/\/www.facebook.com\/Carideal.mandataire.automobile","https:\/\/x.com\/caridealauto","https:\/\/www.instagram.com\/carideal1\/","https:\/\/www.linkedin.com\/company\/carideal.com","https:\/\/fr.pinterest.com\/schiavonsas\/","https:\/\/www.youtube.com\/user\/caridealsas"]},{"@type":"Person","@id":"https:\/\/www.carideal.com\/blog\/#\/schema\/person\/985c7e757d1042d647f21bfaf8d41ebc","name":"N.S Carideal","image":{"@type":"ImageObject","inLanguage":"fr-FR","@id":"https:\/\/www.carideal.com\/blog\/#\/schema\/person\/image\/","url":"https:\/\/secure.gravatar.com\/avatar\/edb7ccdf1a4e3d14aef967760d354d0e?s=96&r=g","contentUrl":"https:\/\/secure.gravatar.com\/avatar\/edb7ccdf1a4e3d14aef967760d354d0e?s=96&r=g","caption":"N.S Carideal"},"description":"Depuis tout petit fan d'automobile. Il est question d'essayer et de comparer toutes ces voitures qui nous ont fait r\u00e9ver, avant que celles-ci ne devient uniquement des voitures de collection.","sameAs":["http:\/\/www.carideal.com\/blog","https:\/\/www.facebook.com\/Carideal.mandataire.automobile\/","https:\/\/www.linkedin.com\/in\/nschiavon\/","https:\/\/www.youtube.com\/user\/caridealsas\/"],"url":"https:\/\/www.carideal.com\/blog\/author\/admin_carideal\/"}]}},"uagb_featured_image_src":{"full":false,"thumbnail":false,"medium":false,"medium_large":false,"large":false,"1536x1536":false,"2048x2048":false,"wppr-widget":false},"uagb_author_info":{"display_name":"N.S Carideal","author_link":"https:\/\/www.carideal.com\/blog\/author\/admin_carideal\/"},"uagb_comment_info":0,"uagb_excerpt":"Des Millions pour installer des bornes de recharge pour les voitures \u00e9lectriques 50 Millions est le nombre exacte d'euro emprunter dans les fonds disponibles du Grand emprunt mis en place sous Nicolas Sarkozy. Cette argent servira \u00e0 aider les douze villes volontaires au d\u00e9veloppement du v\u00e9hicule \u00e9lectrique (Paris, Rouen, Le Havre, Rennes, Angoul\u00eame, Grenoble, Bordeaux,\u2026","_links":{"self":[{"href":"https:\/\/www.carideal.com\/blog\/wp-json\/wp\/v2\/posts\/251"}],"collection":[{"href":"https:\/\/www.carideal.com\/blog\/wp-json\/wp\/v2\/posts"}],"about":[{"href":"https:\/\/www.carideal.com\/blog\/wp-json\/wp\/v2\/types\/post"}],"author":[{"embeddable":true,"href":"https:\/\/www.carideal.com\/blog\/wp-json\/wp\/v2\/users\/1"}],"replies":[{"embeddable":true,"href":"https:\/\/www.carideal.com\/blog\/wp-json\/wp\/v2\/comments?post=251"}],"version-history":[{"count":0,"href":"https:\/\/www.carideal.com\/blog\/wp-json\/wp\/v2\/posts\/251\/revisions"}],"wp:attachment":[{"href":"https:\/\/www.carideal.com\/blog\/wp-json\/wp\/v2\/media?parent=251"}],"wp:term":[{"taxonomy":"category","embeddable":true,"href":"https:\/\/www.carideal.com\/blog\/wp-json\/wp\/v2\/categories?post=251"},{"taxonomy":"post_tag","embeddable":true,"href":"https:\/\/www.carideal.com\/blog\/wp-json\/wp\/v2\/tags?post=251"}],"curies":[{"name":"wp","href":"https:\/\/api.w.org\/{rel}","templated":true}]}}