{"id":25087,"date":"2020-04-13T16:41:37","date_gmt":"2020-04-13T14:41:37","guid":{"rendered":"http:\/\/www.carideal.com\/blog\/?p=25087"},"modified":"2025-03-08T18:25:57","modified_gmt":"2025-03-08T17:25:57","slug":"la-citroen-visa-va-se-demarquer-sur-le-plan-sportif","status":"publish","type":"post","link":"https:\/\/www.carideal.com\/blog\/2020\/04\/13\/la-citroen-visa-va-se-demarquer-sur-le-plan-sportif\/","title":{"rendered":"La Citro\u00ebn Visa va se d\u00e9marquer sur le plan sportif"},"content":{"rendered":"\n<h2 class=\"wp-block-heading\" id=\"h-les-multiples-formules-de-promotion-mises-en-place-par-guy-verrier-permettront-a-la-visa-de-se-singulariser-sur-le-plan-sportif\">Les multiples formules de promotion mises en place par Guy Verrier permettront \u00e0 la Visa de se singulariser sur le plan sportif<\/h2>\n\n\n\n<p class=\"has-medium-font-size\">Alors que la <a href=\"https:\/\/www.carideal.com\/blog\/citroen-cx\/\">Citro\u00ebn CX<\/a> r\u00e9alise de belles performances sportives, la <strong>Citro\u00ebn Visa<\/strong> pointe son capot au Salon de Paris 1978.<\/p>\n\n\n\n<figure class=\"wp-block-image size-full\"><img loading=\"lazy\" decoding=\"async\" width=\"600\" height=\"400\" src=\"http:\/\/www.carideal.com\/blog\/wp-content\/uploads\/2020\/04\/wambergue-proto-visa-4x4-1.jpg\" alt=\"Philippe Wmbergue s'impose avec un proto Visa 4x4 en cat\u00e9gorie exp\u00e9rimentale du rallye des 1000 pistes 1983. Cette victoire d\u00e9bouchera sur la fabrication d'une Visa 1000 Pistes\" class=\"wp-image-25089\" srcset=\"https:\/\/www.carideal.com\/blog\/wp-content\/uploads\/2020\/04\/wambergue-proto-visa-4x4-1.jpg 600w, https:\/\/www.carideal.com\/blog\/wp-content\/uploads\/2020\/04\/wambergue-proto-visa-4x4-1-300x200.jpg 300w, https:\/\/www.carideal.com\/blog\/wp-content\/uploads\/2020\/04\/wambergue-proto-visa-4x4-1-50x33.jpg 50w, https:\/\/www.carideal.com\/blog\/wp-content\/uploads\/2020\/04\/wambergue-proto-visa-4x4-1-110x73.jpg 110w, https:\/\/www.carideal.com\/blog\/wp-content\/uploads\/2020\/04\/wambergue-proto-visa-4x4-1-420x280.jpg 420w, https:\/\/www.carideal.com\/blog\/wp-content\/uploads\/2020\/04\/wambergue-proto-visa-4x4-1-272x182.jpg 272w\" sizes=\"(max-width: 600px) 100vw, 600px\" \/><figcaption class=\"wp-element-caption\">Philippe Wmbergue s'impose avec un proto Visa 4x4 en cat\u00e9gorie exp\u00e9rimentale du rallye des 1000 pistes 1983. Cette victoire d\u00e9bouchera sur la fabrication d'une Visa 1000 Pistes<\/figcaption><\/figure>\n\n\n\n<p class=\"has-normal-font-size\">Mais elle ne d\u00e9bute sa carri\u00e8re sportive qu'en 1981, tout d'abord par le biais du <strong>Troph\u00e9e Visa<\/strong>, cr\u00e9\u00e9 par Guy Verrier, patron des activit\u00e9s sportives de <a href=\"http:\/\/www.carideal.com\/blog\/marque-de-voiture-actualites-essais\/citroen\/\">Citro\u00ebn<\/a>. La <a href=\"http:\/\/www.carideal.com\/blog\/2020\/04\/10\/la-citroen-cx-va-montrer-tout-son-potentiel-sur-les-pistes-africaines\/\">Citro\u00ebn CX<\/a> a du elle arr\u00eater en courses en 1980.<\/p>\n\n\n\n<p>Son but ? D\u00e9nicher de nouveaux talents. Plus de huit cents dossiers sont \u00e9tudi\u00e9s avant le choix de dix laur\u00e9ats. Ceux-ci, enti\u00e8rement pris en charge par le constructeur, Total et <a href=\"http:\/\/www.carideal.com\/blog\/garage-automobile\/pneu\/pneu-michelin\/\">Michelin<\/a>, sont invit\u00e9s \u00e0 participer au Championnat de France des rallyes sur terre, \u00e0 bord d'une Citro\u00ebn Visa groupe 5.<\/p>\n\n\n\n<p>Le mod\u00e8le, comprenant une m\u00e9canique de 1 194 cm3, d\u00e9veloppe 115 ch pour 658 kg seulement. En fin de saison, le meilleur concurrent se voit offrir un volant dans l'\u00e9quipe officielle de la marque, pour l'ann\u00e9e suivante. <\/p>\n\n\n\n<p>Cette comp\u00e9tition a anim\u00e9 toute la saison sportive et mis en lumi\u00e8re les qualit\u00e9s de la Visa, de plus en plus populaire aupr\u00e8s du public. En 1982, Guy Verrier fait effectuer quelques r\u00e9am\u00e9nagements pour donner plus de punch encore \u00e0 ce qui deviendra une vraie petite bombe. <\/p>\n\n\n\n<p>Pass\u00e9e en groupe B, la voiture dispose d\u00e9sormais d'un moteur de 1 219 cm' d\u00e9veloppant 100 ch, soit moins que le mod\u00e8le pr\u00e9c\u00e9dent. Mais, toujours l\u00e9g\u00e8re (695 kg), elle poss\u00e8de maintenant une bo\u00eete de vitesses \u00e0 cinq rapports, et a gagn\u00e9 en robustesse et fiabilit\u00e9. Surtout, elle peut compter sur un pilote essayeur tr\u00e8s performant, en la personne de <a href=\"http:\/\/www.carideal.com\/blog\/2020\/03\/31\/les-autres-pilotes-qui-ont-fait-citroen\/\">Philippe Wambergue<\/a>.<\/p>\n\n\n\n<figure class=\"wp-block-image size-full\"><img loading=\"lazy\" decoding=\"async\" width=\"600\" height=\"451\" src=\"http:\/\/www.carideal.com\/blog\/wp-content\/uploads\/2020\/04\/visa-trophee-paris-dakar.jpg\" alt=\"La Visa II Troph\u00e9e s'engage sur tous les terrains Ici sur le Paris Dakar 1984\" class=\"wp-image-25090\" srcset=\"https:\/\/www.carideal.com\/blog\/wp-content\/uploads\/2020\/04\/visa-trophee-paris-dakar.jpg 600w, https:\/\/www.carideal.com\/blog\/wp-content\/uploads\/2020\/04\/visa-trophee-paris-dakar-300x226.jpg 300w, https:\/\/www.carideal.com\/blog\/wp-content\/uploads\/2020\/04\/visa-trophee-paris-dakar-50x38.jpg 50w, https:\/\/www.carideal.com\/blog\/wp-content\/uploads\/2020\/04\/visa-trophee-paris-dakar-110x83.jpg 110w, https:\/\/www.carideal.com\/blog\/wp-content\/uploads\/2020\/04\/visa-trophee-paris-dakar-420x316.jpg 420w, https:\/\/www.carideal.com\/blog\/wp-content\/uploads\/2020\/04\/visa-trophee-paris-dakar-572x430.jpg 572w\" sizes=\"(max-width: 600px) 100vw, 600px\" \/><figcaption class=\"wp-element-caption\">La Visa II Troph\u00e9e s'engage sur tous les terrains Ici sur le Paris Dakar 1984<\/figcaption><\/figure>\n\n\n\n<p>En 1982, la Citro\u00ebn Visa Troph\u00e9e est la meilleure du groupe B. En 1983, elle re\u00e7oit le moteur 1 360 cm de la Chrono, transform\u00e9 en 1 440 cm3 par \u00e9volution pour se lancer sur quelques \u00e9preuves du Championnat du monde : Portugal, Acropole et RAC. La m\u00eame ann\u00e9e, Wambergue s'impose dans la cat\u00e9gorie exp\u00e9rimentale du rallye des Mille Pistes, devant la Toyota de Bjeirn Waldegaard. <\/p>\n\n\n\n<p>Un an apr\u00e8s, c'est l'av\u00e8nement de la <strong>Visa 1000 Pistes<\/strong>. Avec ses quatre roues motrices, son moteur \u00e0 quatre cylindres (cylindr\u00e9e de 1 360 cm3) d\u00e9veloppant 112 ch dans sa version de s\u00e9rie (cylindr\u00e9e de 1 434 cm3 et 140 ch pour les mod\u00e8les du groupe B \u00c9volution), elle a les atouts d'une voiture de course moderne, mais \u00e0 un prix raisonnable. De quoi faire r\u00eaver le \u00ab Fangio \u00bb qui sommeille en chaque client potentiel. La Citro\u00ebn Visa participe d'ailleurs encore \u00e0 des \u00e9preuves \u00e0 caract\u00e8re local. Nostalgie, nostalgie\u2026<\/p>\n","protected":false},"excerpt":{"rendered":"<p>Les multiples formules de promotion mises en place par Guy Verrier permettront \u00e0 la Visa de se singulariser sur le plan sportif Alors que la Citro\u00ebn CX r\u00e9alise de belles performances sportives, la Citro\u00ebn Visa pointe son capot au Salon de Paris 1978. Mais elle ne d\u00e9bute sa carri\u00e8re sportive qu&rsquo;en 1981, tout d&rsquo;abord par &#8230; <a title=\"La Citro\u00ebn Visa va se d\u00e9marquer sur le plan sportif\" class=\"read-more\" href=\"https:\/\/www.carideal.com\/blog\/2020\/04\/13\/la-citroen-visa-va-se-demarquer-sur-le-plan-sportif\/\" aria-label=\"En savoir plus sur La Citro\u00ebn Visa va se d\u00e9marquer sur le plan sportif\">Lire plus<\/a><\/p>\n","protected":false},"author":3,"featured_media":25089,"comment_status":"open","ping_status":"open","sticky":false,"template":"","format":"standard","meta":{"_uag_custom_page_level_css":"","_themeisle_gutenberg_block_has_review":false,"footnotes":""},"categories":[16],"tags":[17230],"class_list":["post-25087","post","type-post","status-publish","format-standard","has-post-thumbnail","hentry","category-sport-auto","tag-citroen-rallye-raid"],"wppr_data":{"cwp_meta_box_check":"No"},"yoast_head":"<!-- This site is optimized with the Yoast SEO plugin v24.8.1 - https:\/\/yoast.com\/wordpress\/plugins\/seo\/ -->\n<title>La Citro\u00ebn Visa va se d\u00e9marquer sur le plan sportif - Blog auto Carid\u00e9al<\/title>\n<meta name=\"description\" content=\"Alors que la CX r\u00e9alise de belles performances sportives, la Citro\u00ebn Visa pointe son capot au Salon de Paris 1978. Mais elle ne d\u00e9bute sa carri\u00e8re sportive qu&#039;en 1981, tout d&#039;abord par le biais du Troph\u00e9e Visa, cr\u00e9\u00e9 par Guy Verrier, patron des activit\u00e9s sportives de Citro\u00ebn.\" \/>\n<meta name=\"robots\" content=\"index, follow, max-snippet:-1, max-image-preview:large, max-video-preview:-1\" \/>\n<link rel=\"canonical\" href=\"https:\/\/www.carideal.com\/blog\/2020\/04\/13\/la-citroen-visa-va-se-demarquer-sur-le-plan-sportif\/\" \/>\n<meta property=\"og:locale\" content=\"fr_FR\" \/>\n<meta property=\"og:type\" content=\"article\" \/>\n<meta property=\"og:title\" content=\"La Citro\u00ebn Visa va se d\u00e9marquer sur le plan sportif - Blog auto Carid\u00e9al\" \/>\n<meta property=\"og:description\" content=\"Alors que la CX r\u00e9alise de belles performances sportives, la Citro\u00ebn Visa pointe son capot au Salon de Paris 1978. Mais elle ne d\u00e9bute sa carri\u00e8re sportive qu&#039;en 1981, tout d&#039;abord par le biais du Troph\u00e9e Visa, cr\u00e9\u00e9 par Guy Verrier, patron des activit\u00e9s sportives de Citro\u00ebn.\" \/>\n<meta property=\"og:url\" content=\"https:\/\/www.carideal.com\/blog\/2020\/04\/13\/la-citroen-visa-va-se-demarquer-sur-le-plan-sportif\/\" \/>\n<meta property=\"og:site_name\" content=\"Blog auto Carid\u00e9al\" \/>\n<meta property=\"article:publisher\" content=\"https:\/\/www.facebook.com\/Carideal.mandataire.automobile\" \/>\n<meta property=\"article:author\" content=\"https:\/\/www.facebook.com\/nicolas.schiavon.39\" \/>\n<meta property=\"article:published_time\" content=\"2020-04-13T14:41:37+00:00\" \/>\n<meta property=\"article:modified_time\" content=\"2025-03-08T17:25:57+00:00\" \/>\n<meta property=\"og:image\" content=\"https:\/\/www.carideal.com\/blog\/wp-content\/uploads\/2020\/04\/wambergue-proto-visa-4x4-1.jpg\" \/>\n\t<meta property=\"og:image:width\" content=\"600\" \/>\n\t<meta property=\"og:image:height\" content=\"400\" \/>\n\t<meta property=\"og:image:type\" content=\"image\/jpeg\" \/>\n<meta name=\"author\" content=\"Nicolas SCHIAVON\" \/>\n<meta name=\"twitter:card\" content=\"summary_large_image\" \/>\n<meta name=\"twitter:creator\" content=\"@caridealauto\" \/>\n<meta name=\"twitter:site\" content=\"@caridealauto\" \/>\n<meta name=\"twitter:label1\" content=\"\u00c9crit par\" \/>\n\t<meta name=\"twitter:data1\" content=\"Nicolas SCHIAVON\" \/>\n\t<meta name=\"twitter:label2\" content=\"Dur\u00e9e de lecture estim\u00e9e\" \/>\n\t<meta name=\"twitter:data2\" content=\"4 minutes\" \/>\n<script type=\"application\/ld+json\" class=\"yoast-schema-graph\">{\"@context\":\"https:\/\/schema.org\",\"@graph\":[{\"@type\":\"Article\",\"@id\":\"https:\/\/www.carideal.com\/blog\/2020\/04\/13\/la-citroen-visa-va-se-demarquer-sur-le-plan-sportif\/#article\",\"isPartOf\":{\"@id\":\"https:\/\/www.carideal.com\/blog\/2020\/04\/13\/la-citroen-visa-va-se-demarquer-sur-le-plan-sportif\/\"},\"author\":{\"name\":\"Nicolas SCHIAVON\",\"@id\":\"https:\/\/www.carideal.com\/blog\/#\/schema\/person\/cd95dc7919660de90d31b366f85be1ec\"},\"headline\":\"La Citro\u00ebn Visa va se d\u00e9marquer sur le plan sportif\",\"datePublished\":\"2020-04-13T14:41:37+00:00\",\"dateModified\":\"2025-03-08T17:25:57+00:00\",\"mainEntityOfPage\":{\"@id\":\"https:\/\/www.carideal.com\/blog\/2020\/04\/13\/la-citroen-visa-va-se-demarquer-sur-le-plan-sportif\/\"},\"wordCount\":502,\"commentCount\":1,\"publisher\":{\"@id\":\"https:\/\/www.carideal.com\/blog\/#organization\"},\"image\":{\"@id\":\"https:\/\/www.carideal.com\/blog\/2020\/04\/13\/la-citroen-visa-va-se-demarquer-sur-le-plan-sportif\/#primaryimage\"},\"thumbnailUrl\":\"https:\/\/www.carideal.com\/blog\/wp-content\/uploads\/2020\/04\/wambergue-proto-visa-4x4-1.jpg\",\"keywords\":[\"Citroen Rallye &amp; raid\"],\"articleSection\":[\"Sport Automobile\"],\"inLanguage\":\"fr-FR\",\"potentialAction\":[{\"@type\":\"CommentAction\",\"name\":\"Comment\",\"target\":[\"https:\/\/www.carideal.com\/blog\/2020\/04\/13\/la-citroen-visa-va-se-demarquer-sur-le-plan-sportif\/#respond\"]}]},{\"@type\":\"WebPage\",\"@id\":\"https:\/\/www.carideal.com\/blog\/2020\/04\/13\/la-citroen-visa-va-se-demarquer-sur-le-plan-sportif\/\",\"url\":\"https:\/\/www.carideal.com\/blog\/2020\/04\/13\/la-citroen-visa-va-se-demarquer-sur-le-plan-sportif\/\",\"name\":\"La Citro\u00ebn Visa va se d\u00e9marquer sur le plan sportif - Blog auto Carid\u00e9al\",\"isPartOf\":{\"@id\":\"https:\/\/www.carideal.com\/blog\/#website\"},\"primaryImageOfPage\":{\"@id\":\"https:\/\/www.carideal.com\/blog\/2020\/04\/13\/la-citroen-visa-va-se-demarquer-sur-le-plan-sportif\/#primaryimage\"},\"image\":{\"@id\":\"https:\/\/www.carideal.com\/blog\/2020\/04\/13\/la-citroen-visa-va-se-demarquer-sur-le-plan-sportif\/#primaryimage\"},\"thumbnailUrl\":\"https:\/\/www.carideal.com\/blog\/wp-content\/uploads\/2020\/04\/wambergue-proto-visa-4x4-1.jpg\",\"datePublished\":\"2020-04-13T14:41:37+00:00\",\"dateModified\":\"2025-03-08T17:25:57+00:00\",\"description\":\"Alors que la CX r\u00e9alise de belles performances sportives, la Citro\u00ebn Visa pointe son capot au Salon de Paris 1978. Mais elle ne d\u00e9bute sa carri\u00e8re sportive qu'en 1981, tout d'abord par le biais du Troph\u00e9e Visa, cr\u00e9\u00e9 par Guy Verrier, patron des activit\u00e9s sportives de Citro\u00ebn.\",\"breadcrumb\":{\"@id\":\"https:\/\/www.carideal.com\/blog\/2020\/04\/13\/la-citroen-visa-va-se-demarquer-sur-le-plan-sportif\/#breadcrumb\"},\"inLanguage\":\"fr-FR\",\"potentialAction\":[{\"@type\":\"ReadAction\",\"target\":[\"https:\/\/www.carideal.com\/blog\/2020\/04\/13\/la-citroen-visa-va-se-demarquer-sur-le-plan-sportif\/\"]}]},{\"@type\":\"ImageObject\",\"inLanguage\":\"fr-FR\",\"@id\":\"https:\/\/www.carideal.com\/blog\/2020\/04\/13\/la-citroen-visa-va-se-demarquer-sur-le-plan-sportif\/#primaryimage\",\"url\":\"https:\/\/www.carideal.com\/blog\/wp-content\/uploads\/2020\/04\/wambergue-proto-visa-4x4-1.jpg\",\"contentUrl\":\"https:\/\/www.carideal.com\/blog\/wp-content\/uploads\/2020\/04\/wambergue-proto-visa-4x4-1.jpg\",\"width\":600,\"height\":400,\"caption\":\"Philippe Wmbergue s'impose avec un proto Visa 4x4 en cat\u00e9gorie exp\u00e9rimentale du rallye des 1000 pistes 1983. Cette victoire d\u00e9bouchera sur la fabrication d'une Visa 1000 Pistes\"},{\"@type\":\"BreadcrumbList\",\"@id\":\"https:\/\/www.carideal.com\/blog\/2020\/04\/13\/la-citroen-visa-va-se-demarquer-sur-le-plan-sportif\/#breadcrumb\",\"itemListElement\":[{\"@type\":\"ListItem\",\"position\":1,\"name\":\"Blog Carid\u00e9al\",\"item\":\"https:\/\/www.carideal.com\/blog\/\"},{\"@type\":\"ListItem\",\"position\":2,\"name\":\"Sport Automobile\",\"item\":\"https:\/\/www.carideal.com\/blog\/sport-auto\/\"},{\"@type\":\"ListItem\",\"position\":3,\"name\":\"La Citro\u00ebn Visa va se d\u00e9marquer sur le plan sportif\"}]},{\"@type\":\"WebSite\",\"@id\":\"https:\/\/www.carideal.com\/blog\/#website\",\"url\":\"https:\/\/www.carideal.com\/blog\/\",\"name\":\"Blog auto Carid\u00e9al\",\"description\":\"Actualit\u00e9 auto par des passionn\u00e9s\",\"publisher\":{\"@id\":\"https:\/\/www.carideal.com\/blog\/#organization\"},\"potentialAction\":[{\"@type\":\"SearchAction\",\"target\":{\"@type\":\"EntryPoint\",\"urlTemplate\":\"https:\/\/www.carideal.com\/blog\/?s={search_term_string}\"},\"query-input\":{\"@type\":\"PropertyValueSpecification\",\"valueRequired\":true,\"valueName\":\"search_term_string\"}}],\"inLanguage\":\"fr-FR\"},{\"@type\":\"Organization\",\"@id\":\"https:\/\/www.carideal.com\/blog\/#organization\",\"name\":\"Carideal\",\"url\":\"https:\/\/www.carideal.com\/blog\/\",\"logo\":{\"@type\":\"ImageObject\",\"inLanguage\":\"fr-FR\",\"@id\":\"https:\/\/www.carideal.com\/blog\/#\/schema\/logo\/image\/\",\"url\":\"http:\/\/www.carideal.com\/blog\/wp-content\/uploads\/2016\/03\/logo-carideal-mandataire-automobile.png\",\"contentUrl\":\"http:\/\/www.carideal.com\/blog\/wp-content\/uploads\/2016\/03\/logo-carideal-mandataire-automobile.png\",\"width\":300,\"height\":300,\"caption\":\"Carideal\"},\"image\":{\"@id\":\"https:\/\/www.carideal.com\/blog\/#\/schema\/logo\/image\/\"},\"sameAs\":[\"https:\/\/www.facebook.com\/Carideal.mandataire.automobile\",\"https:\/\/x.com\/caridealauto\",\"https:\/\/www.instagram.com\/carideal1\/\",\"https:\/\/www.linkedin.com\/company\/carideal.com\",\"https:\/\/fr.pinterest.com\/schiavonsas\/\",\"https:\/\/www.youtube.com\/user\/caridealsas\"]},{\"@type\":\"Person\",\"@id\":\"https:\/\/www.carideal.com\/blog\/#\/schema\/person\/cd95dc7919660de90d31b366f85be1ec\",\"name\":\"Nicolas SCHIAVON\",\"image\":{\"@type\":\"ImageObject\",\"inLanguage\":\"fr-FR\",\"@id\":\"https:\/\/www.carideal.com\/blog\/#\/schema\/person\/image\/\",\"url\":\"https:\/\/secure.gravatar.com\/avatar\/c17e55009e671d92cc7f5dc837dc418a?s=96&r=g\",\"contentUrl\":\"https:\/\/secure.gravatar.com\/avatar\/c17e55009e671d92cc7f5dc837dc418a?s=96&r=g\",\"caption\":\"Nicolas SCHIAVON\"},\"description\":\"Nicolas Schiavon est tomb\u00e9 tout petit dans la marmite automobile. Ayant eu un garage de marque automobile, mandataire automobile de la premi\u00e8re heure d\u00e8s 1999. Nicolas a cr\u00e9\u00e9 ces premiers sites de vente de voiture et blog automobile d\u00e8s 1994. Carideal est n\u00e9 le 15 d\u00e9cembre 2000 de la volont\u00e9 de vendre des voitures d'occasions en ligne puis des voitures neuves. Il a pu essayer beaucoup de voitures tr\u00e8s diff\u00e9rentes et ayant eu personnellement quelques belles autos, Subaru Impreza, Mitsubishi Lancer Evo 7, Porsche 911, Ferrari Testarrossa, Audi RS3, RS4 et j'en passe...\",\"sameAs\":[\"http:\/\/www.carideal.com\",\"https:\/\/www.facebook.com\/nicolas.schiavon.39\",\"https:\/\/www.instagram.com\/carideal1\/\",\"https:\/\/www.linkedin.com\/in\/nschiavon\/\",\"https:\/\/x.com\/caridealauto\",\"https:\/\/www.youtube.com\/user\/caridealsas\/\"],\"url\":\"https:\/\/www.carideal.com\/blog\/author\/nschiavon\/\"}]}<\/script>\n<!-- \/ Yoast SEO plugin. -->","yoast_head_json":{"title":"La Citro\u00ebn Visa va se d\u00e9marquer sur le plan sportif - Blog auto Carid\u00e9al","description":"Alors que la CX r\u00e9alise de belles performances sportives, la Citro\u00ebn Visa pointe son capot au Salon de Paris 1978. Mais elle ne d\u00e9bute sa carri\u00e8re sportive qu'en 1981, tout d'abord par le biais du Troph\u00e9e Visa, cr\u00e9\u00e9 par Guy Verrier, patron des activit\u00e9s sportives de Citro\u00ebn.","robots":{"index":"index","follow":"follow","max-snippet":"max-snippet:-1","max-image-preview":"max-image-preview:large","max-video-preview":"max-video-preview:-1"},"canonical":"https:\/\/www.carideal.com\/blog\/2020\/04\/13\/la-citroen-visa-va-se-demarquer-sur-le-plan-sportif\/","og_locale":"fr_FR","og_type":"article","og_title":"La Citro\u00ebn Visa va se d\u00e9marquer sur le plan sportif - Blog auto Carid\u00e9al","og_description":"Alors que la CX r\u00e9alise de belles performances sportives, la Citro\u00ebn Visa pointe son capot au Salon de Paris 1978. Mais elle ne d\u00e9bute sa carri\u00e8re sportive qu'en 1981, tout d'abord par le biais du Troph\u00e9e Visa, cr\u00e9\u00e9 par Guy Verrier, patron des activit\u00e9s sportives de Citro\u00ebn.","og_url":"https:\/\/www.carideal.com\/blog\/2020\/04\/13\/la-citroen-visa-va-se-demarquer-sur-le-plan-sportif\/","og_site_name":"Blog auto Carid\u00e9al","article_publisher":"https:\/\/www.facebook.com\/Carideal.mandataire.automobile","article_author":"https:\/\/www.facebook.com\/nicolas.schiavon.39","article_published_time":"2020-04-13T14:41:37+00:00","article_modified_time":"2025-03-08T17:25:57+00:00","og_image":[{"width":600,"height":400,"url":"https:\/\/www.carideal.com\/blog\/wp-content\/uploads\/2020\/04\/wambergue-proto-visa-4x4-1.jpg","type":"image\/jpeg"}],"author":"Nicolas SCHIAVON","twitter_card":"summary_large_image","twitter_creator":"@caridealauto","twitter_site":"@caridealauto","twitter_misc":{"\u00c9crit par":"Nicolas SCHIAVON","Dur\u00e9e de lecture estim\u00e9e":"4 minutes"},"schema":{"@context":"https:\/\/schema.org","@graph":[{"@type":"Article","@id":"https:\/\/www.carideal.com\/blog\/2020\/04\/13\/la-citroen-visa-va-se-demarquer-sur-le-plan-sportif\/#article","isPartOf":{"@id":"https:\/\/www.carideal.com\/blog\/2020\/04\/13\/la-citroen-visa-va-se-demarquer-sur-le-plan-sportif\/"},"author":{"name":"Nicolas SCHIAVON","@id":"https:\/\/www.carideal.com\/blog\/#\/schema\/person\/cd95dc7919660de90d31b366f85be1ec"},"headline":"La Citro\u00ebn Visa va se d\u00e9marquer sur le plan sportif","datePublished":"2020-04-13T14:41:37+00:00","dateModified":"2025-03-08T17:25:57+00:00","mainEntityOfPage":{"@id":"https:\/\/www.carideal.com\/blog\/2020\/04\/13\/la-citroen-visa-va-se-demarquer-sur-le-plan-sportif\/"},"wordCount":502,"commentCount":1,"publisher":{"@id":"https:\/\/www.carideal.com\/blog\/#organization"},"image":{"@id":"https:\/\/www.carideal.com\/blog\/2020\/04\/13\/la-citroen-visa-va-se-demarquer-sur-le-plan-sportif\/#primaryimage"},"thumbnailUrl":"https:\/\/www.carideal.com\/blog\/wp-content\/uploads\/2020\/04\/wambergue-proto-visa-4x4-1.jpg","keywords":["Citroen Rallye &amp; raid"],"articleSection":["Sport Automobile"],"inLanguage":"fr-FR","potentialAction":[{"@type":"CommentAction","name":"Comment","target":["https:\/\/www.carideal.com\/blog\/2020\/04\/13\/la-citroen-visa-va-se-demarquer-sur-le-plan-sportif\/#respond"]}]},{"@type":"WebPage","@id":"https:\/\/www.carideal.com\/blog\/2020\/04\/13\/la-citroen-visa-va-se-demarquer-sur-le-plan-sportif\/","url":"https:\/\/www.carideal.com\/blog\/2020\/04\/13\/la-citroen-visa-va-se-demarquer-sur-le-plan-sportif\/","name":"La Citro\u00ebn Visa va se d\u00e9marquer sur le plan sportif - Blog auto Carid\u00e9al","isPartOf":{"@id":"https:\/\/www.carideal.com\/blog\/#website"},"primaryImageOfPage":{"@id":"https:\/\/www.carideal.com\/blog\/2020\/04\/13\/la-citroen-visa-va-se-demarquer-sur-le-plan-sportif\/#primaryimage"},"image":{"@id":"https:\/\/www.carideal.com\/blog\/2020\/04\/13\/la-citroen-visa-va-se-demarquer-sur-le-plan-sportif\/#primaryimage"},"thumbnailUrl":"https:\/\/www.carideal.com\/blog\/wp-content\/uploads\/2020\/04\/wambergue-proto-visa-4x4-1.jpg","datePublished":"2020-04-13T14:41:37+00:00","dateModified":"2025-03-08T17:25:57+00:00","description":"Alors que la CX r\u00e9alise de belles performances sportives, la Citro\u00ebn Visa pointe son capot au Salon de Paris 1978. Mais elle ne d\u00e9bute sa carri\u00e8re sportive qu'en 1981, tout d'abord par le biais du Troph\u00e9e Visa, cr\u00e9\u00e9 par Guy Verrier, patron des activit\u00e9s sportives de Citro\u00ebn.","breadcrumb":{"@id":"https:\/\/www.carideal.com\/blog\/2020\/04\/13\/la-citroen-visa-va-se-demarquer-sur-le-plan-sportif\/#breadcrumb"},"inLanguage":"fr-FR","potentialAction":[{"@type":"ReadAction","target":["https:\/\/www.carideal.com\/blog\/2020\/04\/13\/la-citroen-visa-va-se-demarquer-sur-le-plan-sportif\/"]}]},{"@type":"ImageObject","inLanguage":"fr-FR","@id":"https:\/\/www.carideal.com\/blog\/2020\/04\/13\/la-citroen-visa-va-se-demarquer-sur-le-plan-sportif\/#primaryimage","url":"https:\/\/www.carideal.com\/blog\/wp-content\/uploads\/2020\/04\/wambergue-proto-visa-4x4-1.jpg","contentUrl":"https:\/\/www.carideal.com\/blog\/wp-content\/uploads\/2020\/04\/wambergue-proto-visa-4x4-1.jpg","width":600,"height":400,"caption":"Philippe Wmbergue s'impose avec un proto Visa 4x4 en cat\u00e9gorie exp\u00e9rimentale du rallye des 1000 pistes 1983. Cette victoire d\u00e9bouchera sur la fabrication d'une Visa 1000 Pistes"},{"@type":"BreadcrumbList","@id":"https:\/\/www.carideal.com\/blog\/2020\/04\/13\/la-citroen-visa-va-se-demarquer-sur-le-plan-sportif\/#breadcrumb","itemListElement":[{"@type":"ListItem","position":1,"name":"Blog Carid\u00e9al","item":"https:\/\/www.carideal.com\/blog\/"},{"@type":"ListItem","position":2,"name":"Sport Automobile","item":"https:\/\/www.carideal.com\/blog\/sport-auto\/"},{"@type":"ListItem","position":3,"name":"La Citro\u00ebn Visa va se d\u00e9marquer sur le plan sportif"}]},{"@type":"WebSite","@id":"https:\/\/www.carideal.com\/blog\/#website","url":"https:\/\/www.carideal.com\/blog\/","name":"Blog auto Carid\u00e9al","description":"Actualit\u00e9 auto par des passionn\u00e9s","publisher":{"@id":"https:\/\/www.carideal.com\/blog\/#organization"},"potentialAction":[{"@type":"SearchAction","target":{"@type":"EntryPoint","urlTemplate":"https:\/\/www.carideal.com\/blog\/?s={search_term_string}"},"query-input":{"@type":"PropertyValueSpecification","valueRequired":true,"valueName":"search_term_string"}}],"inLanguage":"fr-FR"},{"@type":"Organization","@id":"https:\/\/www.carideal.com\/blog\/#organization","name":"Carideal","url":"https:\/\/www.carideal.com\/blog\/","logo":{"@type":"ImageObject","inLanguage":"fr-FR","@id":"https:\/\/www.carideal.com\/blog\/#\/schema\/logo\/image\/","url":"http:\/\/www.carideal.com\/blog\/wp-content\/uploads\/2016\/03\/logo-carideal-mandataire-automobile.png","contentUrl":"http:\/\/www.carideal.com\/blog\/wp-content\/uploads\/2016\/03\/logo-carideal-mandataire-automobile.png","width":300,"height":300,"caption":"Carideal"},"image":{"@id":"https:\/\/www.carideal.com\/blog\/#\/schema\/logo\/image\/"},"sameAs":["https:\/\/www.facebook.com\/Carideal.mandataire.automobile","https:\/\/x.com\/caridealauto","https:\/\/www.instagram.com\/carideal1\/","https:\/\/www.linkedin.com\/company\/carideal.com","https:\/\/fr.pinterest.com\/schiavonsas\/","https:\/\/www.youtube.com\/user\/caridealsas"]},{"@type":"Person","@id":"https:\/\/www.carideal.com\/blog\/#\/schema\/person\/cd95dc7919660de90d31b366f85be1ec","name":"Nicolas SCHIAVON","image":{"@type":"ImageObject","inLanguage":"fr-FR","@id":"https:\/\/www.carideal.com\/blog\/#\/schema\/person\/image\/","url":"https:\/\/secure.gravatar.com\/avatar\/c17e55009e671d92cc7f5dc837dc418a?s=96&r=g","contentUrl":"https:\/\/secure.gravatar.com\/avatar\/c17e55009e671d92cc7f5dc837dc418a?s=96&r=g","caption":"Nicolas SCHIAVON"},"description":"Nicolas Schiavon est tomb\u00e9 tout petit dans la marmite automobile. Ayant eu un garage de marque automobile, mandataire automobile de la premi\u00e8re heure d\u00e8s 1999. Nicolas a cr\u00e9\u00e9 ces premiers sites de vente de voiture et blog automobile d\u00e8s 1994. Carideal est n\u00e9 le 15 d\u00e9cembre 2000 de la volont\u00e9 de vendre des voitures d'occasions en ligne puis des voitures neuves. Il a pu essayer beaucoup de voitures tr\u00e8s diff\u00e9rentes et ayant eu personnellement quelques belles autos, Subaru Impreza, Mitsubishi Lancer Evo 7, Porsche 911, Ferrari Testarrossa, Audi RS3, RS4 et j'en passe...","sameAs":["http:\/\/www.carideal.com","https:\/\/www.facebook.com\/nicolas.schiavon.39","https:\/\/www.instagram.com\/carideal1\/","https:\/\/www.linkedin.com\/in\/nschiavon\/","https:\/\/x.com\/caridealauto","https:\/\/www.youtube.com\/user\/caridealsas\/"],"url":"https:\/\/www.carideal.com\/blog\/author\/nschiavon\/"}]}},"uagb_featured_image_src":{"full":["https:\/\/www.carideal.com\/blog\/wp-content\/uploads\/2020\/04\/wambergue-proto-visa-4x4-1.jpg",600,400,false],"thumbnail":["https:\/\/www.carideal.com\/blog\/wp-content\/uploads\/2020\/04\/wambergue-proto-visa-4x4-1-150x150.jpg",150,150,true],"medium":["https:\/\/www.carideal.com\/blog\/wp-content\/uploads\/2020\/04\/wambergue-proto-visa-4x4-1-300x200.jpg",300,200,true],"medium_large":["https:\/\/www.carideal.com\/blog\/wp-content\/uploads\/2020\/04\/wambergue-proto-visa-4x4-1.jpg",600,400,false],"large":["https:\/\/www.carideal.com\/blog\/wp-content\/uploads\/2020\/04\/wambergue-proto-visa-4x4-1.jpg",600,400,false],"1536x1536":["https:\/\/www.carideal.com\/blog\/wp-content\/uploads\/2020\/04\/wambergue-proto-visa-4x4-1.jpg",600,400,false],"2048x2048":["https:\/\/www.carideal.com\/blog\/wp-content\/uploads\/2020\/04\/wambergue-proto-visa-4x4-1.jpg",600,400,false],"wppr-widget":["https:\/\/www.carideal.com\/blog\/wp-content\/uploads\/2020\/04\/wambergue-proto-visa-4x4-1-50x33.jpg",50,33,true]},"uagb_author_info":{"display_name":"Nicolas SCHIAVON","author_link":"https:\/\/www.carideal.com\/blog\/author\/nschiavon\/"},"uagb_comment_info":1,"uagb_excerpt":"Les multiples formules de promotion mises en place par Guy Verrier permettront \u00e0 la Visa de se singulariser sur le plan sportif Alors que la Citro\u00ebn CX r\u00e9alise de belles performances sportives, la Citro\u00ebn Visa pointe son capot au Salon de Paris 1978. Mais elle ne d\u00e9bute sa carri\u00e8re sportive qu'en 1981, tout d'abord par\u2026","_links":{"self":[{"href":"https:\/\/www.carideal.com\/blog\/wp-json\/wp\/v2\/posts\/25087"}],"collection":[{"href":"https:\/\/www.carideal.com\/blog\/wp-json\/wp\/v2\/posts"}],"about":[{"href":"https:\/\/www.carideal.com\/blog\/wp-json\/wp\/v2\/types\/post"}],"author":[{"embeddable":true,"href":"https:\/\/www.carideal.com\/blog\/wp-json\/wp\/v2\/users\/3"}],"replies":[{"embeddable":true,"href":"https:\/\/www.carideal.com\/blog\/wp-json\/wp\/v2\/comments?post=25087"}],"version-history":[{"count":1,"href":"https:\/\/www.carideal.com\/blog\/wp-json\/wp\/v2\/posts\/25087\/revisions"}],"predecessor-version":[{"id":28095,"href":"https:\/\/www.carideal.com\/blog\/wp-json\/wp\/v2\/posts\/25087\/revisions\/28095"}],"wp:featuredmedia":[{"embeddable":true,"href":"https:\/\/www.carideal.com\/blog\/wp-json\/wp\/v2\/media\/25089"}],"wp:attachment":[{"href":"https:\/\/www.carideal.com\/blog\/wp-json\/wp\/v2\/media?parent=25087"}],"wp:term":[{"taxonomy":"category","embeddable":true,"href":"https:\/\/www.carideal.com\/blog\/wp-json\/wp\/v2\/categories?post=25087"},{"taxonomy":"post_tag","embeddable":true,"href":"https:\/\/www.carideal.com\/blog\/wp-json\/wp\/v2\/tags?post=25087"}],"curies":[{"name":"wp","href":"https:\/\/api.w.org\/{rel}","templated":true}]}}