{"id":25049,"date":"2020-04-10T17:41:42","date_gmt":"2020-04-10T15:41:42","guid":{"rendered":"http:\/\/www.carideal.com\/blog\/?p=25049"},"modified":"2025-03-08T18:20:03","modified_gmt":"2025-03-08T17:20:03","slug":"la-citroen-cx-va-montrer-tout-son-potentiel-sur-les-pistes-africaines","status":"publish","type":"post","link":"https:\/\/www.carideal.com\/blog\/2020\/04\/10\/la-citroen-cx-va-montrer-tout-son-potentiel-sur-les-pistes-africaines\/","title":{"rendered":"La Citro\u00ebn CX va montrer tout son potentiel sur les pistes africaines"},"content":{"rendered":"\n<h2 class=\"wp-block-heading\" id=\"h-sur-les-pistes-africaines-la-citroen-cx-va-pouvoir-demontrer-tout-son-potentiel-et-s-afficher-comme-une-digne-heritiere-de-la-ds\">Sur les pistes africaines, la Citro\u00ebn CX va pouvoir d\u00e9montrer tout son potentiel et s'afficher comme une digne h\u00e9riti\u00e8re de la DS<\/h2>\n\n\n\n<p class=\"has-medium-font-size\">La DS a eu beau faire son temps, la SM n'a pas remplac\u00e9 son a\u00een\u00e9e dans le c\u0153ur des Fran\u00e7ais. Cette mission revient plut\u00f4t \u00e0 la <strong><a href=\"https:\/\/www.carideal.com\/blog\/citroen-cx\/\">Citro\u00ebn CX<\/a><\/strong>, qui doit donc devenir la digne h\u00e9riti\u00e8re de sa devanci\u00e8re, en mati\u00e8re tant commerciale que sportive.<\/p>\n\n\n\n<figure class=\"wp-block-image size-full\"><img loading=\"lazy\" decoding=\"async\" width=\"580\" height=\"387\" src=\"http:\/\/www.carideal.com\/blog\/wp-content\/uploads\/2020\/04\/citroen-cx-rallye-du-senegal.jpg\" alt=\"La Citro\u00ebn CX va montrer tout son potentiel sur les pistes africaines\" class=\"wp-image-25051\" srcset=\"https:\/\/www.carideal.com\/blog\/wp-content\/uploads\/2020\/04\/citroen-cx-rallye-du-senegal.jpg 580w, https:\/\/www.carideal.com\/blog\/wp-content\/uploads\/2020\/04\/citroen-cx-rallye-du-senegal-300x200.jpg 300w, https:\/\/www.carideal.com\/blog\/wp-content\/uploads\/2020\/04\/citroen-cx-rallye-du-senegal-50x33.jpg 50w, https:\/\/www.carideal.com\/blog\/wp-content\/uploads\/2020\/04\/citroen-cx-rallye-du-senegal-110x73.jpg 110w, https:\/\/www.carideal.com\/blog\/wp-content\/uploads\/2020\/04\/citroen-cx-rallye-du-senegal-420x280.jpg 420w, https:\/\/www.carideal.com\/blog\/wp-content\/uploads\/2020\/04\/citroen-cx-rallye-du-senegal-272x182.jpg 272w\" sizes=\"(max-width: 580px) 100vw, 580px\" \/><figcaption class=\"wp-element-caption\">La Citro\u00ebn CX va montrer tout son potentiel sur les pistes africaines ici au rallye du S\u00e9n\u00e9gal<\/figcaption><\/figure>\n\n\n\n<p>Pour le moteur, le constructeur r\u00e9cup\u00e8re le 2 L de la <a href=\"http:\/\/www.carideal.com\/blog\/2020\/04\/04\/la-ds-simpose-comme-le-modele-mythique-de-citroen\/\">DS<\/a>, positionn\u00e9 en ligne transversale. \u00c9videmment, la suspension hydraulique, qui a fait le succ\u00e8s du haut de gamme de <a href=\"http:\/\/www.carideal.com\/blog\/marque-de-voiture-actualites-essais\/citroen\/\">Citro\u00ebn<\/a>, est conserv\u00e9e ; s'y ajoute la direction assist\u00e9e \u00e0 rappel asservi con\u00e7ue pour la <a href=\"http:\/\/www.carideal.com\/blog\/2020\/04\/08\/citroen-sm-voiture-de-lannee-1972-par-motor-trend\/\">SM<\/a>. <\/p>\n\n\n\n<figure class=\"wp-block-image size-full\"><img loading=\"lazy\" decoding=\"async\" width=\"600\" height=\"394\" src=\"http:\/\/www.carideal.com\/blog\/wp-content\/uploads\/2020\/04\/patrick-lapie-rallye-citroen-cx-1000-pistes-1981.jpg\" alt=\"Patrick Lapie s'impose sur le rallye 1000 pistes 1981 au volant de sa CX d'usine\" class=\"wp-image-25052\" srcset=\"https:\/\/www.carideal.com\/blog\/wp-content\/uploads\/2020\/04\/patrick-lapie-rallye-citroen-cx-1000-pistes-1981.jpg 600w, https:\/\/www.carideal.com\/blog\/wp-content\/uploads\/2020\/04\/patrick-lapie-rallye-citroen-cx-1000-pistes-1981-300x197.jpg 300w, https:\/\/www.carideal.com\/blog\/wp-content\/uploads\/2020\/04\/patrick-lapie-rallye-citroen-cx-1000-pistes-1981-50x33.jpg 50w, https:\/\/www.carideal.com\/blog\/wp-content\/uploads\/2020\/04\/patrick-lapie-rallye-citroen-cx-1000-pistes-1981-110x72.jpg 110w, https:\/\/www.carideal.com\/blog\/wp-content\/uploads\/2020\/04\/patrick-lapie-rallye-citroen-cx-1000-pistes-1981-420x276.jpg 420w\" sizes=\"(max-width: 600px) 100vw, 600px\" \/><figcaption class=\"wp-element-caption\">Patrick Lapie s'impose sur le rallye 1000 pistes 1981 au volant de sa CX d'usine<\/figcaption><\/figure>\n\n\n\n<p>La CX arrive sur le march\u00e9 en 1974, lors de la reprise de Citro\u00ebn par <a href=\"http:\/\/www.carideal.com\/blog\/marque-de-voiture-actualites-essais\/peugeot\/\">Peugeot<\/a> SA. Il s'agit, du m\u00eame coup, du dernier mod\u00e8le \u00e9labor\u00e9 au sein du bureau d'\u00e9tudes cr\u00e9\u00e9 par Pierre Boulanger et Andr\u00e9 Lef\u00e8bvre, p\u00e8res de la <a href=\"http:\/\/www.carideal.com\/blog\/2020\/04\/02\/citroen-2-cv-fera-le-bonheur-de-plusieurs-generations-de-conducteur-aventuriers\/\">2 CV<\/a>. Malgr\u00e9 ses airs de berline familiale, la CX, comme la DS en son temps, se r\u00e9v\u00e8le \u00eatre une redoutable machine de comp\u00e9tition qui d\u00e9montrera tout son potentiel sur les pistes africaines.<\/p>\n\n\n\n<div style=\"height:50px\" aria-hidden=\"true\" class=\"wp-block-spacer\"><\/div>\n\n\n\n<figure class=\"wp-block-image size-full\"><img loading=\"lazy\" decoding=\"async\" width=\"540\" height=\"358\" src=\"http:\/\/www.carideal.com\/blog\/wp-content\/uploads\/2020\/04\/citroen-cx-rallye-du-senegal-1977.jpg\" alt=\"Rallye du S\u00e9n\u00e9gal 1977 la CX fait son Show\" class=\"wp-image-25053\" srcset=\"https:\/\/www.carideal.com\/blog\/wp-content\/uploads\/2020\/04\/citroen-cx-rallye-du-senegal-1977.jpg 540w, https:\/\/www.carideal.com\/blog\/wp-content\/uploads\/2020\/04\/citroen-cx-rallye-du-senegal-1977-300x199.jpg 300w, https:\/\/www.carideal.com\/blog\/wp-content\/uploads\/2020\/04\/citroen-cx-rallye-du-senegal-1977-50x33.jpg 50w, https:\/\/www.carideal.com\/blog\/wp-content\/uploads\/2020\/04\/citroen-cx-rallye-du-senegal-1977-110x73.jpg 110w, https:\/\/www.carideal.com\/blog\/wp-content\/uploads\/2020\/04\/citroen-cx-rallye-du-senegal-1977-420x278.jpg 420w\" sizes=\"(max-width: 540px) 100vw, 540px\" \/><figcaption class=\"wp-element-caption\">Rallye du S\u00e9n\u00e9gal 1977 la CX fait son Show<\/figcaption><\/figure>\n\n\n\n<p>Son point fort ? Une suspension lui permettant de se jouer des voies les plus bossel\u00e9es, synonymes de casse pour ses concurrentes. Son premier engagement sur le rallye du Maroc, en 1976, se solde par une victoire dans sa cat\u00e9gorie et une quatri\u00e8me place au classement g\u00e9n\u00e9ral.<\/p>\n\n\n\n<figure class=\"wp-block-image size-full\"><img loading=\"lazy\" decoding=\"async\" width=\"600\" height=\"450\" src=\"http:\/\/www.carideal.com\/blog\/wp-content\/uploads\/2020\/04\/citroen-cx-1000-pistes-1981.jpg\" alt=\"Citro\u00ebn CX au rallye des 1000 pistes 1981\" class=\"wp-image-25054\" srcset=\"https:\/\/www.carideal.com\/blog\/wp-content\/uploads\/2020\/04\/citroen-cx-1000-pistes-1981.jpg 600w, https:\/\/www.carideal.com\/blog\/wp-content\/uploads\/2020\/04\/citroen-cx-1000-pistes-1981-300x225.jpg 300w, https:\/\/www.carideal.com\/blog\/wp-content\/uploads\/2020\/04\/citroen-cx-1000-pistes-1981-50x38.jpg 50w, https:\/\/www.carideal.com\/blog\/wp-content\/uploads\/2020\/04\/citroen-cx-1000-pistes-1981-110x83.jpg 110w, https:\/\/www.carideal.com\/blog\/wp-content\/uploads\/2020\/04\/citroen-cx-1000-pistes-1981-420x315.jpg 420w, https:\/\/www.carideal.com\/blog\/wp-content\/uploads\/2020\/04\/citroen-cx-1000-pistes-1981-573x430.jpg 573w\" sizes=\"(max-width: 600px) 100vw, 600px\" \/><figcaption class=\"wp-element-caption\">Citro\u00ebn CX au rallye des 1000 pistes 1981<\/figcaption><\/figure>\n\n\n\n<p>Un an plus tard, cinq CX occupent les cinq premi\u00e8res places du rallye du S\u00e9n\u00e9gal. S'ensuivent une s\u00e9rie de succ\u00e8s sur diff\u00e9rentes \u00e9preuves : \u00e0 nouveau le S\u00e9n\u00e9gal en 1978 et 1979, le Maroc en 1980, en cat\u00e9gorie deux roues motrices sur le 5x5 Transafrica 1980 (quatorzi\u00e8me au g\u00e9n\u00e9ral) et sur le Dakar 1981 (seizi\u00e8me au g\u00e9n\u00e9ral), Terre de Provence et Mille Pistes 1981\u2026 <\/p>\n\n\n\n<figure class=\"wp-block-gallery has-nested-images columns-default is-cropped wp-block-gallery-2 is-layout-flex wp-block-gallery-is-layout-flex\">\n<figure class=\"wp-block-image size-large\"><img loading=\"lazy\" decoding=\"async\" width=\"600\" height=\"400\" data-id=\"25056\" src=\"https:\/\/www.carideal.com\/blog\/wp-content\/uploads\/2020\/04\/1981-Dakar-Rallye-Citroen-CX-Ickx.jpg\" alt=\"jacky Ickx et Claude Brasseur au Dakar 1981\" class=\"wp-image-25056\" srcset=\"https:\/\/www.carideal.com\/blog\/wp-content\/uploads\/2020\/04\/1981-Dakar-Rallye-Citroen-CX-Ickx.jpg 600w, https:\/\/www.carideal.com\/blog\/wp-content\/uploads\/2020\/04\/1981-Dakar-Rallye-Citroen-CX-Ickx-300x200.jpg 300w, https:\/\/www.carideal.com\/blog\/wp-content\/uploads\/2020\/04\/1981-Dakar-Rallye-Citroen-CX-Ickx-50x33.jpg 50w, https:\/\/www.carideal.com\/blog\/wp-content\/uploads\/2020\/04\/1981-Dakar-Rallye-Citroen-CX-Ickx-110x73.jpg 110w, https:\/\/www.carideal.com\/blog\/wp-content\/uploads\/2020\/04\/1981-Dakar-Rallye-Citroen-CX-Ickx-420x280.jpg 420w, https:\/\/www.carideal.com\/blog\/wp-content\/uploads\/2020\/04\/1981-Dakar-Rallye-Citroen-CX-Ickx-272x182.jpg 272w\" sizes=\"(max-width: 600px) 100vw, 600px\" \/><figcaption class=\"wp-element-caption\">jacky Ickx et Claude Brasseur au Dakar 1981<\/figcaption><\/figure>\n\n\n\n<figure class=\"wp-block-image size-large\"><img loading=\"lazy\" decoding=\"async\" width=\"600\" height=\"364\" data-id=\"25055\" src=\"https:\/\/www.carideal.com\/blog\/wp-content\/uploads\/2020\/04\/1981-Dakar-Rallye-Citroen-CX-Ickx.-2.jpg\" alt=\"jacky Ickx et Claude Brasseur sur le rallye Paris Dakar 1981\" class=\"wp-image-25055\" srcset=\"https:\/\/www.carideal.com\/blog\/wp-content\/uploads\/2020\/04\/1981-Dakar-Rallye-Citroen-CX-Ickx.-2.jpg 600w, https:\/\/www.carideal.com\/blog\/wp-content\/uploads\/2020\/04\/1981-Dakar-Rallye-Citroen-CX-Ickx.-2-300x182.jpg 300w, https:\/\/www.carideal.com\/blog\/wp-content\/uploads\/2020\/04\/1981-Dakar-Rallye-Citroen-CX-Ickx.-2-50x30.jpg 50w, https:\/\/www.carideal.com\/blog\/wp-content\/uploads\/2020\/04\/1981-Dakar-Rallye-Citroen-CX-Ickx.-2-110x67.jpg 110w, https:\/\/www.carideal.com\/blog\/wp-content\/uploads\/2020\/04\/1981-Dakar-Rallye-Citroen-CX-Ickx.-2-420x255.jpg 420w\" sizes=\"(max-width: 600px) 100vw, 600px\" \/><figcaption class=\"wp-element-caption\">jacky Ickx et Claude Brasseur sur le rallye Paris Dakar 1981<\/figcaption><\/figure>\n<\/figure>\n\n\n\n<p>La CX a donc parfaitement rempli le r\u00f4le qui lui \u00e9tait d\u00e9volu.<\/p>\n","protected":false},"excerpt":{"rendered":"<p>Sur les pistes africaines, la Citro\u00ebn CX va pouvoir d\u00e9montrer tout son potentiel et s&rsquo;afficher comme une digne h\u00e9riti\u00e8re de la DS La DS a eu beau faire son temps, la SM n&rsquo;a pas remplac\u00e9 son a\u00een\u00e9e dans le c\u0153ur des Fran\u00e7ais. Cette mission revient plut\u00f4t \u00e0 la Citro\u00ebn CX, qui doit donc devenir la &#8230; <a title=\"La Citro\u00ebn CX va montrer tout son potentiel sur les pistes africaines\" class=\"read-more\" href=\"https:\/\/www.carideal.com\/blog\/2020\/04\/10\/la-citroen-cx-va-montrer-tout-son-potentiel-sur-les-pistes-africaines\/\" aria-label=\"En savoir plus sur La Citro\u00ebn CX va montrer tout son potentiel sur les pistes africaines\">Lire plus<\/a><\/p>\n","protected":false},"author":3,"featured_media":25051,"comment_status":"open","ping_status":"open","sticky":false,"template":"","format":"standard","meta":{"_uag_custom_page_level_css":"","_themeisle_gutenberg_block_has_review":false,"footnotes":""},"categories":[16],"tags":[17230],"class_list":["post-25049","post","type-post","status-publish","format-standard","has-post-thumbnail","hentry","category-sport-auto","tag-citroen-rallye-raid"],"wppr_data":{"cwp_meta_box_check":"No"},"yoast_head":"<!-- This site is optimized with the Yoast SEO plugin v24.8.1 - https:\/\/yoast.com\/wordpress\/plugins\/seo\/ -->\n<title>La Citro\u00ebn CX va montrer tout son potentiel sur les pistes africaines - Blog auto Carid\u00e9al<\/title>\n<meta name=\"description\" content=\"Sur les pistes africaines, la Citro\u00ebn CX va pouvoir d\u00e9montrer tout son potentiel et s&#039;afficher comme une digne h\u00e9riti\u00e8re de la DS\" \/>\n<meta name=\"robots\" content=\"index, follow, max-snippet:-1, max-image-preview:large, max-video-preview:-1\" \/>\n<link rel=\"canonical\" href=\"https:\/\/www.carideal.com\/blog\/2020\/04\/10\/la-citroen-cx-va-montrer-tout-son-potentiel-sur-les-pistes-africaines\/\" \/>\n<meta property=\"og:locale\" content=\"fr_FR\" \/>\n<meta property=\"og:type\" content=\"article\" \/>\n<meta property=\"og:title\" content=\"La Citro\u00ebn CX va montrer tout son potentiel sur les pistes africaines - Blog auto Carid\u00e9al\" \/>\n<meta property=\"og:description\" content=\"Sur les pistes africaines, la Citro\u00ebn CX va pouvoir d\u00e9montrer tout son potentiel et s&#039;afficher comme une digne h\u00e9riti\u00e8re de la DS\" \/>\n<meta property=\"og:url\" content=\"https:\/\/www.carideal.com\/blog\/2020\/04\/10\/la-citroen-cx-va-montrer-tout-son-potentiel-sur-les-pistes-africaines\/\" \/>\n<meta property=\"og:site_name\" content=\"Blog auto Carid\u00e9al\" \/>\n<meta property=\"article:publisher\" content=\"https:\/\/www.facebook.com\/Carideal.mandataire.automobile\" \/>\n<meta property=\"article:author\" content=\"https:\/\/www.facebook.com\/nicolas.schiavon.39\" \/>\n<meta property=\"article:published_time\" content=\"2020-04-10T15:41:42+00:00\" \/>\n<meta property=\"article:modified_time\" content=\"2025-03-08T17:20:03+00:00\" \/>\n<meta property=\"og:image\" content=\"https:\/\/www.carideal.com\/blog\/wp-content\/uploads\/2020\/04\/citroen-cx-rallye-du-senegal.jpg\" \/>\n\t<meta property=\"og:image:width\" content=\"580\" \/>\n\t<meta property=\"og:image:height\" content=\"387\" \/>\n\t<meta property=\"og:image:type\" content=\"image\/jpeg\" \/>\n<meta name=\"author\" content=\"Nicolas SCHIAVON\" \/>\n<meta name=\"twitter:card\" content=\"summary_large_image\" \/>\n<meta name=\"twitter:creator\" content=\"@caridealauto\" \/>\n<meta name=\"twitter:site\" content=\"@caridealauto\" \/>\n<meta name=\"twitter:label1\" content=\"\u00c9crit par\" \/>\n\t<meta name=\"twitter:data1\" content=\"Nicolas SCHIAVON\" \/>\n\t<meta name=\"twitter:label2\" content=\"Dur\u00e9e de lecture estim\u00e9e\" \/>\n\t<meta name=\"twitter:data2\" content=\"4 minutes\" \/>\n<script type=\"application\/ld+json\" class=\"yoast-schema-graph\">{\"@context\":\"https:\/\/schema.org\",\"@graph\":[{\"@type\":\"Article\",\"@id\":\"https:\/\/www.carideal.com\/blog\/2020\/04\/10\/la-citroen-cx-va-montrer-tout-son-potentiel-sur-les-pistes-africaines\/#article\",\"isPartOf\":{\"@id\":\"https:\/\/www.carideal.com\/blog\/2020\/04\/10\/la-citroen-cx-va-montrer-tout-son-potentiel-sur-les-pistes-africaines\/\"},\"author\":{\"name\":\"Nicolas SCHIAVON\",\"@id\":\"https:\/\/www.carideal.com\/blog\/#\/schema\/person\/cd95dc7919660de90d31b366f85be1ec\"},\"headline\":\"La Citro\u00ebn CX va montrer tout son potentiel sur les pistes africaines\",\"datePublished\":\"2020-04-10T15:41:42+00:00\",\"dateModified\":\"2025-03-08T17:20:03+00:00\",\"mainEntityOfPage\":{\"@id\":\"https:\/\/www.carideal.com\/blog\/2020\/04\/10\/la-citroen-cx-va-montrer-tout-son-potentiel-sur-les-pistes-africaines\/\"},\"wordCount\":426,\"commentCount\":0,\"publisher\":{\"@id\":\"https:\/\/www.carideal.com\/blog\/#organization\"},\"image\":{\"@id\":\"https:\/\/www.carideal.com\/blog\/2020\/04\/10\/la-citroen-cx-va-montrer-tout-son-potentiel-sur-les-pistes-africaines\/#primaryimage\"},\"thumbnailUrl\":\"https:\/\/www.carideal.com\/blog\/wp-content\/uploads\/2020\/04\/citroen-cx-rallye-du-senegal.jpg\",\"keywords\":[\"Citroen Rallye &amp; raid\"],\"articleSection\":[\"Sport Automobile\"],\"inLanguage\":\"fr-FR\",\"potentialAction\":[{\"@type\":\"CommentAction\",\"name\":\"Comment\",\"target\":[\"https:\/\/www.carideal.com\/blog\/2020\/04\/10\/la-citroen-cx-va-montrer-tout-son-potentiel-sur-les-pistes-africaines\/#respond\"]}]},{\"@type\":\"WebPage\",\"@id\":\"https:\/\/www.carideal.com\/blog\/2020\/04\/10\/la-citroen-cx-va-montrer-tout-son-potentiel-sur-les-pistes-africaines\/\",\"url\":\"https:\/\/www.carideal.com\/blog\/2020\/04\/10\/la-citroen-cx-va-montrer-tout-son-potentiel-sur-les-pistes-africaines\/\",\"name\":\"La Citro\u00ebn CX va montrer tout son potentiel sur les pistes africaines - Blog auto Carid\u00e9al\",\"isPartOf\":{\"@id\":\"https:\/\/www.carideal.com\/blog\/#website\"},\"primaryImageOfPage\":{\"@id\":\"https:\/\/www.carideal.com\/blog\/2020\/04\/10\/la-citroen-cx-va-montrer-tout-son-potentiel-sur-les-pistes-africaines\/#primaryimage\"},\"image\":{\"@id\":\"https:\/\/www.carideal.com\/blog\/2020\/04\/10\/la-citroen-cx-va-montrer-tout-son-potentiel-sur-les-pistes-africaines\/#primaryimage\"},\"thumbnailUrl\":\"https:\/\/www.carideal.com\/blog\/wp-content\/uploads\/2020\/04\/citroen-cx-rallye-du-senegal.jpg\",\"datePublished\":\"2020-04-10T15:41:42+00:00\",\"dateModified\":\"2025-03-08T17:20:03+00:00\",\"description\":\"Sur les pistes africaines, la Citro\u00ebn CX va pouvoir d\u00e9montrer tout son potentiel et s'afficher comme une digne h\u00e9riti\u00e8re de la DS\",\"breadcrumb\":{\"@id\":\"https:\/\/www.carideal.com\/blog\/2020\/04\/10\/la-citroen-cx-va-montrer-tout-son-potentiel-sur-les-pistes-africaines\/#breadcrumb\"},\"inLanguage\":\"fr-FR\",\"potentialAction\":[{\"@type\":\"ReadAction\",\"target\":[\"https:\/\/www.carideal.com\/blog\/2020\/04\/10\/la-citroen-cx-va-montrer-tout-son-potentiel-sur-les-pistes-africaines\/\"]}]},{\"@type\":\"ImageObject\",\"inLanguage\":\"fr-FR\",\"@id\":\"https:\/\/www.carideal.com\/blog\/2020\/04\/10\/la-citroen-cx-va-montrer-tout-son-potentiel-sur-les-pistes-africaines\/#primaryimage\",\"url\":\"https:\/\/www.carideal.com\/blog\/wp-content\/uploads\/2020\/04\/citroen-cx-rallye-du-senegal.jpg\",\"contentUrl\":\"https:\/\/www.carideal.com\/blog\/wp-content\/uploads\/2020\/04\/citroen-cx-rallye-du-senegal.jpg\",\"width\":580,\"height\":387,\"caption\":\"La Citro\u00ebn CX va montrer tout son potentiel sur les pistes africaines\"},{\"@type\":\"BreadcrumbList\",\"@id\":\"https:\/\/www.carideal.com\/blog\/2020\/04\/10\/la-citroen-cx-va-montrer-tout-son-potentiel-sur-les-pistes-africaines\/#breadcrumb\",\"itemListElement\":[{\"@type\":\"ListItem\",\"position\":1,\"name\":\"Blog Carid\u00e9al\",\"item\":\"https:\/\/www.carideal.com\/blog\/\"},{\"@type\":\"ListItem\",\"position\":2,\"name\":\"Sport Automobile\",\"item\":\"https:\/\/www.carideal.com\/blog\/sport-auto\/\"},{\"@type\":\"ListItem\",\"position\":3,\"name\":\"La Citro\u00ebn CX va montrer tout son potentiel sur les pistes africaines\"}]},{\"@type\":\"WebSite\",\"@id\":\"https:\/\/www.carideal.com\/blog\/#website\",\"url\":\"https:\/\/www.carideal.com\/blog\/\",\"name\":\"Blog auto Carid\u00e9al\",\"description\":\"Actualit\u00e9 auto par des passionn\u00e9s\",\"publisher\":{\"@id\":\"https:\/\/www.carideal.com\/blog\/#organization\"},\"potentialAction\":[{\"@type\":\"SearchAction\",\"target\":{\"@type\":\"EntryPoint\",\"urlTemplate\":\"https:\/\/www.carideal.com\/blog\/?s={search_term_string}\"},\"query-input\":{\"@type\":\"PropertyValueSpecification\",\"valueRequired\":true,\"valueName\":\"search_term_string\"}}],\"inLanguage\":\"fr-FR\"},{\"@type\":\"Organization\",\"@id\":\"https:\/\/www.carideal.com\/blog\/#organization\",\"name\":\"Carideal\",\"url\":\"https:\/\/www.carideal.com\/blog\/\",\"logo\":{\"@type\":\"ImageObject\",\"inLanguage\":\"fr-FR\",\"@id\":\"https:\/\/www.carideal.com\/blog\/#\/schema\/logo\/image\/\",\"url\":\"http:\/\/www.carideal.com\/blog\/wp-content\/uploads\/2016\/03\/logo-carideal-mandataire-automobile.png\",\"contentUrl\":\"http:\/\/www.carideal.com\/blog\/wp-content\/uploads\/2016\/03\/logo-carideal-mandataire-automobile.png\",\"width\":300,\"height\":300,\"caption\":\"Carideal\"},\"image\":{\"@id\":\"https:\/\/www.carideal.com\/blog\/#\/schema\/logo\/image\/\"},\"sameAs\":[\"https:\/\/www.facebook.com\/Carideal.mandataire.automobile\",\"https:\/\/x.com\/caridealauto\",\"https:\/\/www.instagram.com\/carideal1\/\",\"https:\/\/www.linkedin.com\/company\/carideal.com\",\"https:\/\/fr.pinterest.com\/schiavonsas\/\",\"https:\/\/www.youtube.com\/user\/caridealsas\"]},{\"@type\":\"Person\",\"@id\":\"https:\/\/www.carideal.com\/blog\/#\/schema\/person\/cd95dc7919660de90d31b366f85be1ec\",\"name\":\"Nicolas SCHIAVON\",\"image\":{\"@type\":\"ImageObject\",\"inLanguage\":\"fr-FR\",\"@id\":\"https:\/\/www.carideal.com\/blog\/#\/schema\/person\/image\/\",\"url\":\"https:\/\/secure.gravatar.com\/avatar\/c17e55009e671d92cc7f5dc837dc418a?s=96&r=g\",\"contentUrl\":\"https:\/\/secure.gravatar.com\/avatar\/c17e55009e671d92cc7f5dc837dc418a?s=96&r=g\",\"caption\":\"Nicolas SCHIAVON\"},\"description\":\"Nicolas Schiavon est tomb\u00e9 tout petit dans la marmite automobile. Ayant eu un garage de marque automobile, mandataire automobile de la premi\u00e8re heure d\u00e8s 1999. Nicolas a cr\u00e9\u00e9 ces premiers sites de vente de voiture et blog automobile d\u00e8s 1994. Carideal est n\u00e9 le 15 d\u00e9cembre 2000 de la volont\u00e9 de vendre des voitures d'occasions en ligne puis des voitures neuves. Il a pu essayer beaucoup de voitures tr\u00e8s diff\u00e9rentes et ayant eu personnellement quelques belles autos, Subaru Impreza, Mitsubishi Lancer Evo 7, Porsche 911, Ferrari Testarrossa, Audi RS3, RS4 et j'en passe...\",\"sameAs\":[\"http:\/\/www.carideal.com\",\"https:\/\/www.facebook.com\/nicolas.schiavon.39\",\"https:\/\/www.instagram.com\/carideal1\/\",\"https:\/\/www.linkedin.com\/in\/nschiavon\/\",\"https:\/\/x.com\/caridealauto\",\"https:\/\/www.youtube.com\/user\/caridealsas\/\"],\"url\":\"https:\/\/www.carideal.com\/blog\/author\/nschiavon\/\"}]}<\/script>\n<!-- \/ Yoast SEO plugin. -->","yoast_head_json":{"title":"La Citro\u00ebn CX va montrer tout son potentiel sur les pistes africaines - Blog auto Carid\u00e9al","description":"Sur les pistes africaines, la Citro\u00ebn CX va pouvoir d\u00e9montrer tout son potentiel et s'afficher comme une digne h\u00e9riti\u00e8re de la DS","robots":{"index":"index","follow":"follow","max-snippet":"max-snippet:-1","max-image-preview":"max-image-preview:large","max-video-preview":"max-video-preview:-1"},"canonical":"https:\/\/www.carideal.com\/blog\/2020\/04\/10\/la-citroen-cx-va-montrer-tout-son-potentiel-sur-les-pistes-africaines\/","og_locale":"fr_FR","og_type":"article","og_title":"La Citro\u00ebn CX va montrer tout son potentiel sur les pistes africaines - Blog auto Carid\u00e9al","og_description":"Sur les pistes africaines, la Citro\u00ebn CX va pouvoir d\u00e9montrer tout son potentiel et s'afficher comme une digne h\u00e9riti\u00e8re de la DS","og_url":"https:\/\/www.carideal.com\/blog\/2020\/04\/10\/la-citroen-cx-va-montrer-tout-son-potentiel-sur-les-pistes-africaines\/","og_site_name":"Blog auto Carid\u00e9al","article_publisher":"https:\/\/www.facebook.com\/Carideal.mandataire.automobile","article_author":"https:\/\/www.facebook.com\/nicolas.schiavon.39","article_published_time":"2020-04-10T15:41:42+00:00","article_modified_time":"2025-03-08T17:20:03+00:00","og_image":[{"width":580,"height":387,"url":"https:\/\/www.carideal.com\/blog\/wp-content\/uploads\/2020\/04\/citroen-cx-rallye-du-senegal.jpg","type":"image\/jpeg"}],"author":"Nicolas SCHIAVON","twitter_card":"summary_large_image","twitter_creator":"@caridealauto","twitter_site":"@caridealauto","twitter_misc":{"\u00c9crit par":"Nicolas SCHIAVON","Dur\u00e9e de lecture estim\u00e9e":"4 minutes"},"schema":{"@context":"https:\/\/schema.org","@graph":[{"@type":"Article","@id":"https:\/\/www.carideal.com\/blog\/2020\/04\/10\/la-citroen-cx-va-montrer-tout-son-potentiel-sur-les-pistes-africaines\/#article","isPartOf":{"@id":"https:\/\/www.carideal.com\/blog\/2020\/04\/10\/la-citroen-cx-va-montrer-tout-son-potentiel-sur-les-pistes-africaines\/"},"author":{"name":"Nicolas SCHIAVON","@id":"https:\/\/www.carideal.com\/blog\/#\/schema\/person\/cd95dc7919660de90d31b366f85be1ec"},"headline":"La Citro\u00ebn CX va montrer tout son potentiel sur les pistes africaines","datePublished":"2020-04-10T15:41:42+00:00","dateModified":"2025-03-08T17:20:03+00:00","mainEntityOfPage":{"@id":"https:\/\/www.carideal.com\/blog\/2020\/04\/10\/la-citroen-cx-va-montrer-tout-son-potentiel-sur-les-pistes-africaines\/"},"wordCount":426,"commentCount":0,"publisher":{"@id":"https:\/\/www.carideal.com\/blog\/#organization"},"image":{"@id":"https:\/\/www.carideal.com\/blog\/2020\/04\/10\/la-citroen-cx-va-montrer-tout-son-potentiel-sur-les-pistes-africaines\/#primaryimage"},"thumbnailUrl":"https:\/\/www.carideal.com\/blog\/wp-content\/uploads\/2020\/04\/citroen-cx-rallye-du-senegal.jpg","keywords":["Citroen Rallye &amp; raid"],"articleSection":["Sport Automobile"],"inLanguage":"fr-FR","potentialAction":[{"@type":"CommentAction","name":"Comment","target":["https:\/\/www.carideal.com\/blog\/2020\/04\/10\/la-citroen-cx-va-montrer-tout-son-potentiel-sur-les-pistes-africaines\/#respond"]}]},{"@type":"WebPage","@id":"https:\/\/www.carideal.com\/blog\/2020\/04\/10\/la-citroen-cx-va-montrer-tout-son-potentiel-sur-les-pistes-africaines\/","url":"https:\/\/www.carideal.com\/blog\/2020\/04\/10\/la-citroen-cx-va-montrer-tout-son-potentiel-sur-les-pistes-africaines\/","name":"La Citro\u00ebn CX va montrer tout son potentiel sur les pistes africaines - Blog auto Carid\u00e9al","isPartOf":{"@id":"https:\/\/www.carideal.com\/blog\/#website"},"primaryImageOfPage":{"@id":"https:\/\/www.carideal.com\/blog\/2020\/04\/10\/la-citroen-cx-va-montrer-tout-son-potentiel-sur-les-pistes-africaines\/#primaryimage"},"image":{"@id":"https:\/\/www.carideal.com\/blog\/2020\/04\/10\/la-citroen-cx-va-montrer-tout-son-potentiel-sur-les-pistes-africaines\/#primaryimage"},"thumbnailUrl":"https:\/\/www.carideal.com\/blog\/wp-content\/uploads\/2020\/04\/citroen-cx-rallye-du-senegal.jpg","datePublished":"2020-04-10T15:41:42+00:00","dateModified":"2025-03-08T17:20:03+00:00","description":"Sur les pistes africaines, la Citro\u00ebn CX va pouvoir d\u00e9montrer tout son potentiel et s'afficher comme une digne h\u00e9riti\u00e8re de la DS","breadcrumb":{"@id":"https:\/\/www.carideal.com\/blog\/2020\/04\/10\/la-citroen-cx-va-montrer-tout-son-potentiel-sur-les-pistes-africaines\/#breadcrumb"},"inLanguage":"fr-FR","potentialAction":[{"@type":"ReadAction","target":["https:\/\/www.carideal.com\/blog\/2020\/04\/10\/la-citroen-cx-va-montrer-tout-son-potentiel-sur-les-pistes-africaines\/"]}]},{"@type":"ImageObject","inLanguage":"fr-FR","@id":"https:\/\/www.carideal.com\/blog\/2020\/04\/10\/la-citroen-cx-va-montrer-tout-son-potentiel-sur-les-pistes-africaines\/#primaryimage","url":"https:\/\/www.carideal.com\/blog\/wp-content\/uploads\/2020\/04\/citroen-cx-rallye-du-senegal.jpg","contentUrl":"https:\/\/www.carideal.com\/blog\/wp-content\/uploads\/2020\/04\/citroen-cx-rallye-du-senegal.jpg","width":580,"height":387,"caption":"La Citro\u00ebn CX va montrer tout son potentiel sur les pistes africaines"},{"@type":"BreadcrumbList","@id":"https:\/\/www.carideal.com\/blog\/2020\/04\/10\/la-citroen-cx-va-montrer-tout-son-potentiel-sur-les-pistes-africaines\/#breadcrumb","itemListElement":[{"@type":"ListItem","position":1,"name":"Blog Carid\u00e9al","item":"https:\/\/www.carideal.com\/blog\/"},{"@type":"ListItem","position":2,"name":"Sport Automobile","item":"https:\/\/www.carideal.com\/blog\/sport-auto\/"},{"@type":"ListItem","position":3,"name":"La Citro\u00ebn CX va montrer tout son potentiel sur les pistes africaines"}]},{"@type":"WebSite","@id":"https:\/\/www.carideal.com\/blog\/#website","url":"https:\/\/www.carideal.com\/blog\/","name":"Blog auto Carid\u00e9al","description":"Actualit\u00e9 auto par des passionn\u00e9s","publisher":{"@id":"https:\/\/www.carideal.com\/blog\/#organization"},"potentialAction":[{"@type":"SearchAction","target":{"@type":"EntryPoint","urlTemplate":"https:\/\/www.carideal.com\/blog\/?s={search_term_string}"},"query-input":{"@type":"PropertyValueSpecification","valueRequired":true,"valueName":"search_term_string"}}],"inLanguage":"fr-FR"},{"@type":"Organization","@id":"https:\/\/www.carideal.com\/blog\/#organization","name":"Carideal","url":"https:\/\/www.carideal.com\/blog\/","logo":{"@type":"ImageObject","inLanguage":"fr-FR","@id":"https:\/\/www.carideal.com\/blog\/#\/schema\/logo\/image\/","url":"http:\/\/www.carideal.com\/blog\/wp-content\/uploads\/2016\/03\/logo-carideal-mandataire-automobile.png","contentUrl":"http:\/\/www.carideal.com\/blog\/wp-content\/uploads\/2016\/03\/logo-carideal-mandataire-automobile.png","width":300,"height":300,"caption":"Carideal"},"image":{"@id":"https:\/\/www.carideal.com\/blog\/#\/schema\/logo\/image\/"},"sameAs":["https:\/\/www.facebook.com\/Carideal.mandataire.automobile","https:\/\/x.com\/caridealauto","https:\/\/www.instagram.com\/carideal1\/","https:\/\/www.linkedin.com\/company\/carideal.com","https:\/\/fr.pinterest.com\/schiavonsas\/","https:\/\/www.youtube.com\/user\/caridealsas"]},{"@type":"Person","@id":"https:\/\/www.carideal.com\/blog\/#\/schema\/person\/cd95dc7919660de90d31b366f85be1ec","name":"Nicolas SCHIAVON","image":{"@type":"ImageObject","inLanguage":"fr-FR","@id":"https:\/\/www.carideal.com\/blog\/#\/schema\/person\/image\/","url":"https:\/\/secure.gravatar.com\/avatar\/c17e55009e671d92cc7f5dc837dc418a?s=96&r=g","contentUrl":"https:\/\/secure.gravatar.com\/avatar\/c17e55009e671d92cc7f5dc837dc418a?s=96&r=g","caption":"Nicolas SCHIAVON"},"description":"Nicolas Schiavon est tomb\u00e9 tout petit dans la marmite automobile. Ayant eu un garage de marque automobile, mandataire automobile de la premi\u00e8re heure d\u00e8s 1999. Nicolas a cr\u00e9\u00e9 ces premiers sites de vente de voiture et blog automobile d\u00e8s 1994. Carideal est n\u00e9 le 15 d\u00e9cembre 2000 de la volont\u00e9 de vendre des voitures d'occasions en ligne puis des voitures neuves. Il a pu essayer beaucoup de voitures tr\u00e8s diff\u00e9rentes et ayant eu personnellement quelques belles autos, Subaru Impreza, Mitsubishi Lancer Evo 7, Porsche 911, Ferrari Testarrossa, Audi RS3, RS4 et j'en passe...","sameAs":["http:\/\/www.carideal.com","https:\/\/www.facebook.com\/nicolas.schiavon.39","https:\/\/www.instagram.com\/carideal1\/","https:\/\/www.linkedin.com\/in\/nschiavon\/","https:\/\/x.com\/caridealauto","https:\/\/www.youtube.com\/user\/caridealsas\/"],"url":"https:\/\/www.carideal.com\/blog\/author\/nschiavon\/"}]}},"uagb_featured_image_src":{"full":["https:\/\/www.carideal.com\/blog\/wp-content\/uploads\/2020\/04\/citroen-cx-rallye-du-senegal.jpg",580,387,false],"thumbnail":["https:\/\/www.carideal.com\/blog\/wp-content\/uploads\/2020\/04\/citroen-cx-rallye-du-senegal-150x150.jpg",150,150,true],"medium":["https:\/\/www.carideal.com\/blog\/wp-content\/uploads\/2020\/04\/citroen-cx-rallye-du-senegal-300x200.jpg",300,200,true],"medium_large":["https:\/\/www.carideal.com\/blog\/wp-content\/uploads\/2020\/04\/citroen-cx-rallye-du-senegal.jpg",580,387,false],"large":["https:\/\/www.carideal.com\/blog\/wp-content\/uploads\/2020\/04\/citroen-cx-rallye-du-senegal.jpg",580,387,false],"1536x1536":["https:\/\/www.carideal.com\/blog\/wp-content\/uploads\/2020\/04\/citroen-cx-rallye-du-senegal.jpg",580,387,false],"2048x2048":["https:\/\/www.carideal.com\/blog\/wp-content\/uploads\/2020\/04\/citroen-cx-rallye-du-senegal.jpg",580,387,false],"wppr-widget":["https:\/\/www.carideal.com\/blog\/wp-content\/uploads\/2020\/04\/citroen-cx-rallye-du-senegal-50x33.jpg",50,33,true]},"uagb_author_info":{"display_name":"Nicolas SCHIAVON","author_link":"https:\/\/www.carideal.com\/blog\/author\/nschiavon\/"},"uagb_comment_info":0,"uagb_excerpt":"Sur les pistes africaines, la Citro\u00ebn CX va pouvoir d\u00e9montrer tout son potentiel et s'afficher comme une digne h\u00e9riti\u00e8re de la DS La DS a eu beau faire son temps, la SM n'a pas remplac\u00e9 son a\u00een\u00e9e dans le c\u0153ur des Fran\u00e7ais. Cette mission revient plut\u00f4t \u00e0 la Citro\u00ebn CX, qui doit donc devenir la\u2026","_links":{"self":[{"href":"https:\/\/www.carideal.com\/blog\/wp-json\/wp\/v2\/posts\/25049"}],"collection":[{"href":"https:\/\/www.carideal.com\/blog\/wp-json\/wp\/v2\/posts"}],"about":[{"href":"https:\/\/www.carideal.com\/blog\/wp-json\/wp\/v2\/types\/post"}],"author":[{"embeddable":true,"href":"https:\/\/www.carideal.com\/blog\/wp-json\/wp\/v2\/users\/3"}],"replies":[{"embeddable":true,"href":"https:\/\/www.carideal.com\/blog\/wp-json\/wp\/v2\/comments?post=25049"}],"version-history":[{"count":1,"href":"https:\/\/www.carideal.com\/blog\/wp-json\/wp\/v2\/posts\/25049\/revisions"}],"predecessor-version":[{"id":28091,"href":"https:\/\/www.carideal.com\/blog\/wp-json\/wp\/v2\/posts\/25049\/revisions\/28091"}],"wp:featuredmedia":[{"embeddable":true,"href":"https:\/\/www.carideal.com\/blog\/wp-json\/wp\/v2\/media\/25051"}],"wp:attachment":[{"href":"https:\/\/www.carideal.com\/blog\/wp-json\/wp\/v2\/media?parent=25049"}],"wp:term":[{"taxonomy":"category","embeddable":true,"href":"https:\/\/www.carideal.com\/blog\/wp-json\/wp\/v2\/categories?post=25049"},{"taxonomy":"post_tag","embeddable":true,"href":"https:\/\/www.carideal.com\/blog\/wp-json\/wp\/v2\/tags?post=25049"}],"curies":[{"name":"wp","href":"https:\/\/api.w.org\/{rel}","templated":true}]}}